{"id":3506,"date":"2019-11-19T10:08:57","date_gmt":"2019-11-19T10:08:57","guid":{"rendered":"https:\/\/allasorias.hu\/hirek\/?p=3506"},"modified":"2019-11-19T10:09:33","modified_gmt":"2019-11-19T10:09:33","slug":"jo-hely-budapest-a-ferfiaknak","status":"publish","type":"post","link":"https:\/\/allasorias.hu\/hirek\/jo-hely-budapest-a-ferfiaknak\/","title":{"rendered":"J\u00f3 hely Budapest a f\u00e9rfiaknak"},"content":{"rendered":"<p><strong>Uni\u00f3s \u00f6sszevet\u00e9sben is j\u00f3k az es\u00e9lyei az elhelyezked\u00e9sre a magyar \u00e9s k\u00fcl\u00f6n\u00f6sen a budapesti fiataloknak. A t\u00e9m\u00e1ban az Eurostat k\u00e9sz\u00edtett r\u00f6vid \u00f6ssze\u00e1ll\u00edt\u00e1st, \u00e9s m\u00e1r az uni\u00f3s statisztikai hivatal \u00e1ltal kiemelt n\u00e9h\u00e1ny adatb\u00f3l is az l\u00e1tszik, hogy Eur\u00f3pa teljesen kett\u00e9szakadt a fiatalok foglalkoztatotts\u00e1ga szempontj\u00e1b\u00f3l. <\/strong><\/p>\n<p>Mik\u00f6zben vannak olyan r\u00e9gi\u00f3k, ahol egy-h\u00e1rom \u00e9vvel tanulm\u00e1nyaik befejez\u00e9se ut\u00e1n a fiatalok t\u00f6bb mint 95 sz\u00e1zal\u00e9ka dolgozik, addig egyes t\u00e9rs\u00e9gekben kevesebb mint harmaduk tal\u00e1l csak munk\u00e1t. Legal\u00e1bb k\u00f6z\u00e9pfok\u00fa v\u00e9gzetts\u00e9g\u0171, 20-34 \u00e9v k\u00f6z\u00f6tti fiatalok foglalkoztatotts\u00e1gi ar\u00e1nya, 1-3 \u00e9vvel a tanulm\u00e1nyaik lez\u00e1r\u00e1sa ut\u00e1n (sz\u00e1zal\u00e9k) Ez\u00fattal \u00e9rdekes m\u00f3don nem a kelet-nyugati, hanem sokkal ink\u00e1bb az \u00e9szak-d\u00e9li tengely ment\u00e9n oszthat\u00f3 k\u00e9t r\u00e9szre a kontinens, Magyarorsz\u00e1g pedig szerencs\u00e9re most \u00e9szaki orsz\u00e1gnak sz\u00e1m\u00edt. A legkil\u00e1t\u00e1stalanabb helyzetben a g\u00f6r\u00f6g \u00e9s az olasz fiatalok vannak, n\u00e1luk orsz\u00e1gosan is csak nagyj\u00e1b\u00f3l minden m\u00e1sodik h\u00fasz \u00e9v feletti dolgozik egy-h\u00e1rom \u00e9vvel a tanulm\u00e1nyok lez\u00e1r\u00e1sa ut\u00e1n. R\u00e1ad\u00e1sul az adatokb\u00f3l \u00fagy t\u0171nik, hogy sokat a v\u00e9gzetts\u00e9g sem sz\u00e1m\u00edt: a legal\u00e1bb k\u00f6z\u00e9pfok\u00fa v\u00e9gzetts\u00e9g\u0171ek k\u00f6r\u00e9ben is hasonl\u00f3an nagy a munkan\u00e9lk\u00fclis\u00e9g. \u00d6sszehasonl\u00edt\u00e1sk\u00e9ppen, a magasabb v\u00e9gzetts\u00e9g\u0171ek k\u00f6r\u00e9ben az elhelyezked\u0151k ar\u00e1nya N\u00e9metorsz\u00e1gban 92,1 sz\u00e1zal\u00e9k, Csehorsz\u00e1gban hajsz\u00e1l h\u00edj\u00e1n 90, \u00e9s Magyarorsz\u00e1gon is 87,5. B\u00e1r a kev\u00e9sb\u00e9 iskol\u00e1zottakat is tartalmaz\u00f3 statisztika ezekben az orsz\u00e1gokban alacsonyabb foglalkoztatotts\u00e1got mutat, \u00f6tb\u0151l n\u00e9gy fiatal \u00edgy is mind a h\u00e1rom eml\u00edtett tag\u00e1llamban el tud helyezkedni h\u00e1rom \u00e9ven bel\u00fcl. Mik\u00f6zben G\u00f6r\u00f6gorsz\u00e1gban fixen rossz a helyzet, az olaszokn\u00e1l orsz\u00e1gon bel\u00fcl is van egy \u00e9szak-d\u00e9li t\u00f6r\u00e9s. Ahogy azt n\u00e1luk megszokhattuk, \u00e9szakon sokkal kev\u00e9sb\u00e9 rossz a helyzet, de p\u00e9ld\u00e1ul Szic\u00edli\u00e1ban csak minden negyedik fiatal tal\u00e1l munk\u00e1t, \u00e9s Basilicat\u00e1ban, illetve Calabri\u00e1ban is a k\u00e9tharmaduk munkan\u00e9lk\u00fcli marad az els\u0151 h\u00e1rom \u00e9vben. Ezzel szemben a rekorder r\u00e9gi\u00f3kban t\u00e9nyleg csak az nem dolgozik, aki nem akar. Az abszol\u00fat eur\u00f3pai els\u0151nek sz\u00e1m\u00edt\u00f3 Als\u00f3-Bajororsz\u00e1gban 98,2 sz\u00e1zal\u00e9kos a fiatalok foglalkoztatotts\u00e1ga, de csak egy hajsz\u00e1llal marad el ett\u0151l Csehorsz\u00e1g d\u00e9lnyugati (Ausztri\u00e1val \u00e9s N\u00e9metorsz\u00e1ggal hat\u00e1ros) t\u00e9rs\u00e9ge.<\/p>\n<p>Forr\u00e1s: g7.hu<\/p>\n","protected":false},"excerpt":{"rendered":"<p>Uni\u00f3s \u00f6sszevet\u00e9sben is j\u00f3k az es\u00e9lyei az elhelyezked\u00e9sre a magyar \u00e9s k\u00fcl\u00f6n\u00f6sen a budapesti fiataloknak. A t\u00e9m\u00e1ban az Eurostat k\u00e9sz\u00edtett r\u00f6vid \u00f6ssze\u00e1ll\u00edt\u00e1st, \u00e9s m\u00e1r az uni\u00f3s statisztikai hivatal \u00e1ltal kiemelt n\u00e9h\u00e1ny adatb\u00f3l is az l\u00e1tszik, hogy Eur\u00f3pa teljesen kett\u00e9szakadt a fiatalok foglalkoztatotts\u00e1ga szempontj\u00e1b\u00f3l. Mik\u00f6zben vannak olyan r\u00e9gi\u00f3k, ahol egy-h\u00e1rom \u00e9vvel tanulm\u00e1nyaik befejez\u00e9se ut\u00e1n a fiatalok [&hellip;]<\/p>\n","protected":false},"author":1,"featured_media":3507,"comment_status":"open","ping_status":"open","sticky":false,"template":"","format":"standard","meta":{"_monsterinsights_skip_tracking":false,"footnotes":""},"categories":[1,200],"tags":[],"class_list":["post-3506","post","type-post","status-publish","format-standard","has-post-thumbnail","hentry","category-allaskereses","category-munkaeropiac"],"aioseo_notices":[],"aioseo_head":"\n\t\t<!-- All in One SEO 5.0.0.1 - aioseo.com -->\n\t<meta name=\"description\" content=\"Uni\u00f3s \u00f6sszevet\u00e9sben is j\u00f3k az es\u00e9lyei az elhelyezked\u00e9sre a magyar \u00e9s k\u00fcl\u00f6n\u00f6sen a budapesti fiataloknak. A t\u00e9m\u00e1ban az Eurostat k\u00e9sz\u00edtett r\u00f6vid \u00f6ssze\u00e1ll\u00edt\u00e1st, \u00e9s m\u00e1r az uni\u00f3s statisztikai hivatal \u00e1ltal kiemelt n\u00e9h\u00e1ny adatb\u00f3l is az l\u00e1tszik, hogy Eur\u00f3pa teljesen kett\u00e9szakadt a fiatalok foglalkoztatotts\u00e1ga szempontj\u00e1b\u00f3l. Mik\u00f6zben vannak olyan r\u00e9gi\u00f3k, ahol egy-h\u00e1rom \u00e9vvel tanulm\u00e1nyaik befejez\u00e9se ut\u00e1n a fiatalok\" \/>\n\t<meta name=\"robots\" content=\"max-image-preview:large\" \/>\n\t<meta name=\"author\" content=\"Juh\u00e1sz P\u00e9ter\"\/>\n\t<link rel=\"canonical\" href=\"https:\/\/allasorias.hu\/hirek\/jo-hely-budapest-a-ferfiaknak\/\" \/>\n\t<meta name=\"generator\" content=\"All in One SEO (AIOSEO) 5.0.0.1\" \/>\n\t\t<meta property=\"og:locale\" content=\"hu_HU\" \/>\n\t\t<meta property=\"og:site_name\" content=\"AllasOrias.hu | H\u00edrek-lapszemle | \u00dczleti h\u00edrek az \u00e1ll\u00e1s \u00e9s a munka vil\u00e1g\u00e1b\u00f3l\" \/>\n\t\t<meta property=\"og:type\" content=\"article\" \/>\n\t\t<meta property=\"og:title\" content=\"J\u00f3 hely Budapest a f\u00e9rfiaknak | AllasOrias.hu | H\u00edrek-lapszemle\" \/>\n\t\t<meta property=\"og:description\" content=\"Uni\u00f3s \u00f6sszevet\u00e9sben is j\u00f3k az es\u00e9lyei az elhelyezked\u00e9sre a magyar \u00e9s k\u00fcl\u00f6n\u00f6sen a budapesti fiataloknak. A t\u00e9m\u00e1ban az Eurostat k\u00e9sz\u00edtett r\u00f6vid \u00f6ssze\u00e1ll\u00edt\u00e1st, \u00e9s m\u00e1r az uni\u00f3s statisztikai hivatal \u00e1ltal kiemelt n\u00e9h\u00e1ny adatb\u00f3l is az l\u00e1tszik, hogy Eur\u00f3pa teljesen kett\u00e9szakadt a fiatalok foglalkoztatotts\u00e1ga szempontj\u00e1b\u00f3l. Mik\u00f6zben vannak olyan r\u00e9gi\u00f3k, ahol egy-h\u00e1rom \u00e9vvel tanulm\u00e1nyaik befejez\u00e9se ut\u00e1n a fiatalok\" \/>\n\t\t<meta property=\"og:url\" content=\"https:\/\/allasorias.hu\/hirek\/jo-hely-budapest-a-ferfiaknak\/\" \/>\n\t\t<meta property=\"og:image\" content=\"https:\/\/allasorias.hu\/hirek\/wp-content\/uploads\/2019\/11\/assorted-vehicle-789614.jpg\" \/>\n\t\t<meta property=\"og:image:secure_url\" content=\"https:\/\/allasorias.hu\/hirek\/wp-content\/uploads\/2019\/11\/assorted-vehicle-789614.jpg\" \/>\n\t\t<meta property=\"og:image:width\" content=\"640\" \/>\n\t\t<meta property=\"og:image:height\" content=\"426\" \/>\n\t\t<meta property=\"article:published_time\" content=\"2019-11-19T10:08:57+00:00\" \/>\n\t\t<meta property=\"article:modified_time\" content=\"2019-11-19T10:09:33+00:00\" \/>\n\t\t<meta property=\"article:publisher\" content=\"https:\/\/www.facebook.com\/allasorias\" \/>\n\t\t<meta name=\"twitter:card\" content=\"summary_large_image\" \/>\n\t\t<meta name=\"twitter:title\" content=\"J\u00f3 hely Budapest a f\u00e9rfiaknak | AllasOrias.hu | H\u00edrek-lapszemle\" \/>\n\t\t<meta name=\"twitter:description\" content=\"Uni\u00f3s \u00f6sszevet\u00e9sben is j\u00f3k az es\u00e9lyei az elhelyezked\u00e9sre a magyar \u00e9s k\u00fcl\u00f6n\u00f6sen a budapesti fiataloknak. A t\u00e9m\u00e1ban az Eurostat k\u00e9sz\u00edtett r\u00f6vid \u00f6ssze\u00e1ll\u00edt\u00e1st, \u00e9s m\u00e1r az uni\u00f3s statisztikai hivatal \u00e1ltal kiemelt n\u00e9h\u00e1ny adatb\u00f3l is az l\u00e1tszik, hogy Eur\u00f3pa teljesen kett\u00e9szakadt a fiatalok foglalkoztatotts\u00e1ga szempontj\u00e1b\u00f3l. Mik\u00f6zben vannak olyan r\u00e9gi\u00f3k, ahol egy-h\u00e1rom \u00e9vvel tanulm\u00e1nyaik befejez\u00e9se ut\u00e1n a fiatalok\" \/>\n\t\t<meta name=\"twitter:image\" content=\"https:\/\/allasorias.hu\/hirek\/wp-content\/uploads\/2019\/11\/assorted-vehicle-789614.jpg\" \/>\n\t\t<meta name=\"twitter:label1\" content=\"Written by\" \/>\n\t\t<meta name=\"twitter:data1\" content=\"Juh\u00e1sz P\u00e9ter\" \/>\n\t\t<meta name=\"twitter:label2\" content=\"Est. reading time\" \/>\n\t\t<meta name=\"twitter:data2\" content=\"2 minutes\" \/>\n\t\t<script type=\"application\/ld+json\" class=\"aioseo-schema\">\n\t\t\t{\"@context\":\"https:\\\/\\\/schema.org\",\"@graph\":[{\"@type\":\"Article\",\"@id\":\"https:\\\/\\\/allasorias.hu\\\/hirek\\\/jo-hely-budapest-a-ferfiaknak\\\/#article\",\"name\":\"J\\u00f3 hely Budapest a f\\u00e9rfiaknak | AllasOrias.hu | H\\u00edrek-lapszemle\",\"headline\":\"J\\u00f3 hely Budapest a f\\u00e9rfiaknak\",\"author\":{\"@id\":\"https:\\\/\\\/allasorias.hu\\\/hirek\\\/author\\\/admin-allasorias\\\/#author\"},\"publisher\":{\"@id\":\"https:\\\/\\\/allasorias.hu\\\/hirek\\\/#organization\"},\"image\":{\"@type\":\"ImageObject\",\"url\":\"https:\\\/\\\/allasorias.hu\\\/hirek\\\/wp-content\\\/uploads\\\/2019\\\/11\\\/assorted-vehicle-789614.jpg\",\"width\":640,\"height\":426},\"datePublished\":\"2019-11-19T10:08:57+02:00\",\"dateModified\":\"2019-11-19T10:09:33+02:00\",\"inLanguage\":\"hu-HU\",\"mainEntityOfPage\":{\"@id\":\"https:\\\/\\\/allasorias.hu\\\/hirek\\\/jo-hely-budapest-a-ferfiaknak\\\/#webpage\"},\"isPartOf\":{\"@id\":\"https:\\\/\\\/allasorias.hu\\\/hirek\\\/jo-hely-budapest-a-ferfiaknak\\\/#webpage\"},\"articleSection\":\"\\u00c1ll\\u00e1skeres\\u00e9s, Munkaer\\u0151piac\"},{\"@type\":\"BreadcrumbList\",\"@id\":\"https:\\\/\\\/allasorias.hu\\\/hirek\\\/jo-hely-budapest-a-ferfiaknak\\\/#breadcrumblist\",\"itemListElement\":[{\"@type\":\"ListItem\",\"@id\":\"https:\\\/\\\/allasorias.hu\\\/hirek#listItem\",\"position\":1,\"name\":\"Home\",\"item\":\"https:\\\/\\\/allasorias.hu\\\/hirek\",\"nextItem\":{\"@type\":\"ListItem\",\"@id\":\"https:\\\/\\\/allasorias.hu\\\/hirek\\\/temak\\\/allaskereses\\\/#listItem\",\"name\":\"\\u00c1ll\\u00e1skeres\\u00e9s\"}},{\"@type\":\"ListItem\",\"@id\":\"https:\\\/\\\/allasorias.hu\\\/hirek\\\/temak\\\/allaskereses\\\/#listItem\",\"position\":2,\"name\":\"\\u00c1ll\\u00e1skeres\\u00e9s\",\"item\":\"https:\\\/\\\/allasorias.hu\\\/hirek\\\/temak\\\/allaskereses\\\/\",\"nextItem\":{\"@type\":\"ListItem\",\"@id\":\"https:\\\/\\\/allasorias.hu\\\/hirek\\\/jo-hely-budapest-a-ferfiaknak\\\/#listItem\",\"name\":\"J\\u00f3 hely Budapest a f\\u00e9rfiaknak\"},\"previousItem\":{\"@type\":\"ListItem\",\"@id\":\"https:\\\/\\\/allasorias.hu\\\/hirek#listItem\",\"name\":\"Home\"}},{\"@type\":\"ListItem\",\"@id\":\"https:\\\/\\\/allasorias.hu\\\/hirek\\\/jo-hely-budapest-a-ferfiaknak\\\/#listItem\",\"position\":3,\"name\":\"J\\u00f3 hely Budapest a f\\u00e9rfiaknak\",\"previousItem\":{\"@type\":\"ListItem\",\"@id\":\"https:\\\/\\\/allasorias.hu\\\/hirek\\\/temak\\\/allaskereses\\\/#listItem\",\"name\":\"\\u00c1ll\\u00e1skeres\\u00e9s\"}}]},{\"@type\":\"Organization\",\"@id\":\"https:\\\/\\\/allasorias.hu\\\/hirek\\\/#organization\",\"name\":\"AllasOrias.hu | H\\u00edrek-lapszemle\",\"description\":\"\\u00dczleti h\\u00edrek az \\u00e1ll\\u00e1s \\u00e9s a munka vil\\u00e1g\\u00e1b\\u00f3l\",\"url\":\"https:\\\/\\\/allasorias.hu\\\/hirek\\\/\",\"logo\":{\"@type\":\"ImageObject\",\"url\":\"https:\\\/\\\/allasorias.hu\\\/hirek\\\/wp-content\\\/uploads\\\/2022\\\/10\\\/allasorias_site_facebok_logo.png\",\"@id\":\"https:\\\/\\\/allasorias.hu\\\/hirek\\\/jo-hely-budapest-a-ferfiaknak\\\/#organizationLogo\"},\"image\":{\"@id\":\"https:\\\/\\\/allasorias.hu\\\/hirek\\\/jo-hely-budapest-a-ferfiaknak\\\/#organizationLogo\"},\"sameAs\":[\"https:\\\/\\\/www.facebook.com\\\/allasorias\",\"https:\\\/\\\/www.linkedin.com\\\/company\\\/allasorias\"]},{\"@type\":\"Person\",\"@id\":\"https:\\\/\\\/allasorias.hu\\\/hirek\\\/author\\\/admin-allasorias\\\/#author\",\"url\":\"https:\\\/\\\/allasorias.hu\\\/hirek\\\/author\\\/admin-allasorias\\\/\",\"name\":\"Juh\\u00e1sz P\\u00e9ter\",\"image\":{\"@type\":\"ImageObject\",\"@id\":\"https:\\\/\\\/allasorias.hu\\\/hirek\\\/jo-hely-budapest-a-ferfiaknak\\\/#authorImage\",\"url\":\"https:\\\/\\\/secure.gravatar.com\\\/avatar\\\/36e6bcb83148978b992977cb0f54d22feb0cce8a0a849a9410532bb2623ba4c6?s=96&d=mm&r=g\",\"width\":96,\"height\":96,\"caption\":\"Juh\\u00e1sz P\\u00e9ter\"}},{\"@type\":\"WebPage\",\"@id\":\"https:\\\/\\\/allasorias.hu\\\/hirek\\\/jo-hely-budapest-a-ferfiaknak\\\/#webpage\",\"url\":\"https:\\\/\\\/allasorias.hu\\\/hirek\\\/jo-hely-budapest-a-ferfiaknak\\\/\",\"name\":\"J\\u00f3 hely Budapest a f\\u00e9rfiaknak | AllasOrias.hu | H\\u00edrek-lapszemle\",\"description\":\"Uni\\u00f3s \\u00f6sszevet\\u00e9sben is j\\u00f3k az es\\u00e9lyei az elhelyezked\\u00e9sre a magyar \\u00e9s k\\u00fcl\\u00f6n\\u00f6sen a budapesti fiataloknak. A t\\u00e9m\\u00e1ban az Eurostat k\\u00e9sz\\u00edtett r\\u00f6vid \\u00f6ssze\\u00e1ll\\u00edt\\u00e1st, \\u00e9s m\\u00e1r az uni\\u00f3s statisztikai hivatal \\u00e1ltal kiemelt n\\u00e9h\\u00e1ny adatb\\u00f3l is az l\\u00e1tszik, hogy Eur\\u00f3pa teljesen kett\\u00e9szakadt a fiatalok foglalkoztatotts\\u00e1ga szempontj\\u00e1b\\u00f3l. Mik\\u00f6zben vannak olyan r\\u00e9gi\\u00f3k, ahol egy-h\\u00e1rom \\u00e9vvel tanulm\\u00e1nyaik befejez\\u00e9se ut\\u00e1n a fiatalok\",\"inLanguage\":\"hu-HU\",\"isPartOf\":{\"@id\":\"https:\\\/\\\/allasorias.hu\\\/hirek\\\/#website\"},\"breadcrumb\":{\"@id\":\"https:\\\/\\\/allasorias.hu\\\/hirek\\\/jo-hely-budapest-a-ferfiaknak\\\/#breadcrumblist\"},\"author\":{\"@id\":\"https:\\\/\\\/allasorias.hu\\\/hirek\\\/author\\\/admin-allasorias\\\/#author\"},\"creator\":{\"@id\":\"https:\\\/\\\/allasorias.hu\\\/hirek\\\/author\\\/admin-allasorias\\\/#author\"},\"image\":{\"@type\":\"ImageObject\",\"url\":\"https:\\\/\\\/allasorias.hu\\\/hirek\\\/wp-content\\\/uploads\\\/2019\\\/11\\\/assorted-vehicle-789614.jpg\",\"@id\":\"https:\\\/\\\/allasorias.hu\\\/hirek\\\/jo-hely-budapest-a-ferfiaknak\\\/#mainImage\",\"width\":640,\"height\":426},\"primaryImageOfPage\":{\"@id\":\"https:\\\/\\\/allasorias.hu\\\/hirek\\\/jo-hely-budapest-a-ferfiaknak\\\/#mainImage\"},\"datePublished\":\"2019-11-19T10:08:57+02:00\",\"dateModified\":\"2019-11-19T10:09:33+02:00\"},{\"@type\":\"WebSite\",\"@id\":\"https:\\\/\\\/allasorias.hu\\\/hirek\\\/#website\",\"url\":\"https:\\\/\\\/allasorias.hu\\\/hirek\\\/\",\"name\":\"AllasOrias.hu | H\\u00edrek-lapszemle\",\"description\":\"\\u00dczleti h\\u00edrek az \\u00e1ll\\u00e1s \\u00e9s a munka vil\\u00e1g\\u00e1b\\u00f3l\",\"inLanguage\":\"hu-HU\",\"publisher\":{\"@id\":\"https:\\\/\\\/allasorias.hu\\\/hirek\\\/#organization\"}}]}\n\t\t<\/script>\n\t\t<!-- All in One SEO -->\n\n","aioseo_head_json":{"title":"J\u00f3 hely Budapest a f\u00e9rfiaknak | AllasOrias.hu | H\u00edrek-lapszemle","description":"Uni\u00f3s \u00f6sszevet\u00e9sben is j\u00f3k az es\u00e9lyei az elhelyezked\u00e9sre a magyar \u00e9s k\u00fcl\u00f6n\u00f6sen a budapesti fiataloknak. A t\u00e9m\u00e1ban az Eurostat k\u00e9sz\u00edtett r\u00f6vid \u00f6ssze\u00e1ll\u00edt\u00e1st, \u00e9s m\u00e1r az uni\u00f3s statisztikai hivatal \u00e1ltal kiemelt n\u00e9h\u00e1ny adatb\u00f3l is az l\u00e1tszik, hogy Eur\u00f3pa teljesen kett\u00e9szakadt a fiatalok foglalkoztatotts\u00e1ga szempontj\u00e1b\u00f3l. Mik\u00f6zben vannak olyan r\u00e9gi\u00f3k, ahol egy-h\u00e1rom \u00e9vvel tanulm\u00e1nyaik befejez\u00e9se ut\u00e1n a fiatalok","canonical_url":"https:\/\/allasorias.hu\/hirek\/jo-hely-budapest-a-ferfiaknak\/","robots":"max-image-preview:large","keywords":"","webmasterTools":{"miscellaneous":""},"schema":{"@context":"https:\/\/schema.org","@graph":[{"@type":"Article","@id":"https:\/\/allasorias.hu\/hirek\/jo-hely-budapest-a-ferfiaknak\/#article","name":"J\u00f3 hely Budapest a f\u00e9rfiaknak | AllasOrias.hu | H\u00edrek-lapszemle","headline":"J\u00f3 hely Budapest a f\u00e9rfiaknak","author":{"@id":"https:\/\/allasorias.hu\/hirek\/author\/admin-allasorias\/#author"},"publisher":{"@id":"https:\/\/allasorias.hu\/hirek\/#organization"},"image":{"@type":"ImageObject","url":"https:\/\/allasorias.hu\/hirek\/wp-content\/uploads\/2019\/11\/assorted-vehicle-789614.jpg","width":640,"height":426},"datePublished":"2019-11-19T10:08:57+02:00","dateModified":"2019-11-19T10:09:33+02:00","inLanguage":"hu-HU","mainEntityOfPage":{"@id":"https:\/\/allasorias.hu\/hirek\/jo-hely-budapest-a-ferfiaknak\/#webpage"},"isPartOf":{"@id":"https:\/\/allasorias.hu\/hirek\/jo-hely-budapest-a-ferfiaknak\/#webpage"},"articleSection":"\u00c1ll\u00e1skeres\u00e9s, Munkaer\u0151piac"},{"@type":"BreadcrumbList","@id":"https:\/\/allasorias.hu\/hirek\/jo-hely-budapest-a-ferfiaknak\/#breadcrumblist","itemListElement":[{"@type":"ListItem","@id":"https:\/\/allasorias.hu\/hirek#listItem","position":1,"name":"Home","item":"https:\/\/allasorias.hu\/hirek","nextItem":{"@type":"ListItem","@id":"https:\/\/allasorias.hu\/hirek\/temak\/allaskereses\/#listItem","name":"\u00c1ll\u00e1skeres\u00e9s"}},{"@type":"ListItem","@id":"https:\/\/allasorias.hu\/hirek\/temak\/allaskereses\/#listItem","position":2,"name":"\u00c1ll\u00e1skeres\u00e9s","item":"https:\/\/allasorias.hu\/hirek\/temak\/allaskereses\/","nextItem":{"@type":"ListItem","@id":"https:\/\/allasorias.hu\/hirek\/jo-hely-budapest-a-ferfiaknak\/#listItem","name":"J\u00f3 hely Budapest a f\u00e9rfiaknak"},"previousItem":{"@type":"ListItem","@id":"https:\/\/allasorias.hu\/hirek#listItem","name":"Home"}},{"@type":"ListItem","@id":"https:\/\/allasorias.hu\/hirek\/jo-hely-budapest-a-ferfiaknak\/#listItem","position":3,"name":"J\u00f3 hely Budapest a f\u00e9rfiaknak","previousItem":{"@type":"ListItem","@id":"https:\/\/allasorias.hu\/hirek\/temak\/allaskereses\/#listItem","name":"\u00c1ll\u00e1skeres\u00e9s"}}]},{"@type":"Organization","@id":"https:\/\/allasorias.hu\/hirek\/#organization","name":"AllasOrias.hu | H\u00edrek-lapszemle","description":"\u00dczleti h\u00edrek az \u00e1ll\u00e1s \u00e9s a munka vil\u00e1g\u00e1b\u00f3l","url":"https:\/\/allasorias.hu\/hirek\/","logo":{"@type":"ImageObject","url":"https:\/\/allasorias.hu\/hirek\/wp-content\/uploads\/2022\/10\/allasorias_site_facebok_logo.png","@id":"https:\/\/allasorias.hu\/hirek\/jo-hely-budapest-a-ferfiaknak\/#organizationLogo"},"image":{"@id":"https:\/\/allasorias.hu\/hirek\/jo-hely-budapest-a-ferfiaknak\/#organizationLogo"},"sameAs":["https:\/\/www.facebook.com\/allasorias","https:\/\/www.linkedin.com\/company\/allasorias"]},{"@type":"Person","@id":"https:\/\/allasorias.hu\/hirek\/author\/admin-allasorias\/#author","url":"https:\/\/allasorias.hu\/hirek\/author\/admin-allasorias\/","name":"Juh\u00e1sz P\u00e9ter","image":{"@type":"ImageObject","@id":"https:\/\/allasorias.hu\/hirek\/jo-hely-budapest-a-ferfiaknak\/#authorImage","url":"https:\/\/secure.gravatar.com\/avatar\/36e6bcb83148978b992977cb0f54d22feb0cce8a0a849a9410532bb2623ba4c6?s=96&d=mm&r=g","width":96,"height":96,"caption":"Juh\u00e1sz P\u00e9ter"}},{"@type":"WebPage","@id":"https:\/\/allasorias.hu\/hirek\/jo-hely-budapest-a-ferfiaknak\/#webpage","url":"https:\/\/allasorias.hu\/hirek\/jo-hely-budapest-a-ferfiaknak\/","name":"J\u00f3 hely Budapest a f\u00e9rfiaknak | AllasOrias.hu | H\u00edrek-lapszemle","description":"Uni\u00f3s \u00f6sszevet\u00e9sben is j\u00f3k az es\u00e9lyei az elhelyezked\u00e9sre a magyar \u00e9s k\u00fcl\u00f6n\u00f6sen a budapesti fiataloknak. A t\u00e9m\u00e1ban az Eurostat k\u00e9sz\u00edtett r\u00f6vid \u00f6ssze\u00e1ll\u00edt\u00e1st, \u00e9s m\u00e1r az uni\u00f3s statisztikai hivatal \u00e1ltal kiemelt n\u00e9h\u00e1ny adatb\u00f3l is az l\u00e1tszik, hogy Eur\u00f3pa teljesen kett\u00e9szakadt a fiatalok foglalkoztatotts\u00e1ga szempontj\u00e1b\u00f3l. Mik\u00f6zben vannak olyan r\u00e9gi\u00f3k, ahol egy-h\u00e1rom \u00e9vvel tanulm\u00e1nyaik befejez\u00e9se ut\u00e1n a fiatalok","inLanguage":"hu-HU","isPartOf":{"@id":"https:\/\/allasorias.hu\/hirek\/#website"},"breadcrumb":{"@id":"https:\/\/allasorias.hu\/hirek\/jo-hely-budapest-a-ferfiaknak\/#breadcrumblist"},"author":{"@id":"https:\/\/allasorias.hu\/hirek\/author\/admin-allasorias\/#author"},"creator":{"@id":"https:\/\/allasorias.hu\/hirek\/author\/admin-allasorias\/#author"},"image":{"@type":"ImageObject","url":"https:\/\/allasorias.hu\/hirek\/wp-content\/uploads\/2019\/11\/assorted-vehicle-789614.jpg","@id":"https:\/\/allasorias.hu\/hirek\/jo-hely-budapest-a-ferfiaknak\/#mainImage","width":640,"height":426},"primaryImageOfPage":{"@id":"https:\/\/allasorias.hu\/hirek\/jo-hely-budapest-a-ferfiaknak\/#mainImage"},"datePublished":"2019-11-19T10:08:57+02:00","dateModified":"2019-11-19T10:09:33+02:00"},{"@type":"WebSite","@id":"https:\/\/allasorias.hu\/hirek\/#website","url":"https:\/\/allasorias.hu\/hirek\/","name":"AllasOrias.hu | H\u00edrek-lapszemle","description":"\u00dczleti h\u00edrek az \u00e1ll\u00e1s \u00e9s a munka vil\u00e1g\u00e1b\u00f3l","inLanguage":"hu-HU","publisher":{"@id":"https:\/\/allasorias.hu\/hirek\/#organization"}}]},"og:locale":"hu_HU","og:site_name":"AllasOrias.hu | H\u00edrek-lapszemle | \u00dczleti h\u00edrek az \u00e1ll\u00e1s \u00e9s a munka vil\u00e1g\u00e1b\u00f3l","og:type":"article","og:title":"J\u00f3 hely Budapest a f\u00e9rfiaknak | AllasOrias.hu | H\u00edrek-lapszemle","og:description":"Uni\u00f3s \u00f6sszevet\u00e9sben is j\u00f3k az es\u00e9lyei az elhelyezked\u00e9sre a magyar \u00e9s k\u00fcl\u00f6n\u00f6sen a budapesti fiataloknak. A t\u00e9m\u00e1ban az Eurostat k\u00e9sz\u00edtett r\u00f6vid \u00f6ssze\u00e1ll\u00edt\u00e1st, \u00e9s m\u00e1r az uni\u00f3s statisztikai hivatal \u00e1ltal kiemelt n\u00e9h\u00e1ny adatb\u00f3l is az l\u00e1tszik, hogy Eur\u00f3pa teljesen kett\u00e9szakadt a fiatalok foglalkoztatotts\u00e1ga szempontj\u00e1b\u00f3l. Mik\u00f6zben vannak olyan r\u00e9gi\u00f3k, ahol egy-h\u00e1rom \u00e9vvel tanulm\u00e1nyaik befejez\u00e9se ut\u00e1n a fiatalok","og:url":"https:\/\/allasorias.hu\/hirek\/jo-hely-budapest-a-ferfiaknak\/","og:image":"https:\/\/allasorias.hu\/hirek\/wp-content\/uploads\/2019\/11\/assorted-vehicle-789614.jpg","og:image:secure_url":"https:\/\/allasorias.hu\/hirek\/wp-content\/uploads\/2019\/11\/assorted-vehicle-789614.jpg","og:image:width":640,"og:image:height":426,"article:published_time":"2019-11-19T10:08:57+00:00","article:modified_time":"2019-11-19T10:09:33+00:00","article:publisher":"https:\/\/www.facebook.com\/allasorias","twitter:card":"summary_large_image","twitter:title":"J\u00f3 hely Budapest a f\u00e9rfiaknak | AllasOrias.hu | H\u00edrek-lapszemle","twitter:description":"Uni\u00f3s \u00f6sszevet\u00e9sben is j\u00f3k az es\u00e9lyei az elhelyezked\u00e9sre a magyar \u00e9s k\u00fcl\u00f6n\u00f6sen a budapesti fiataloknak. A t\u00e9m\u00e1ban az Eurostat k\u00e9sz\u00edtett r\u00f6vid \u00f6ssze\u00e1ll\u00edt\u00e1st, \u00e9s m\u00e1r az uni\u00f3s statisztikai hivatal \u00e1ltal kiemelt n\u00e9h\u00e1ny adatb\u00f3l is az l\u00e1tszik, hogy Eur\u00f3pa teljesen kett\u00e9szakadt a fiatalok foglalkoztatotts\u00e1ga szempontj\u00e1b\u00f3l. Mik\u00f6zben vannak olyan r\u00e9gi\u00f3k, ahol egy-h\u00e1rom \u00e9vvel tanulm\u00e1nyaik befejez\u00e9se ut\u00e1n a fiatalok","twitter:image":"https:\/\/allasorias.hu\/hirek\/wp-content\/uploads\/2019\/11\/assorted-vehicle-789614.jpg","twitter:label1":"Written by","twitter:data1":"Juh\u00e1sz P\u00e9ter","twitter:label2":"Est. reading time","twitter:data2":"2 minutes"},"aioseo_meta_data":{"post_id":"3506","title":null,"description":null,"keywords":null,"keyphrases":null,"primary_term":null,"canonical_url":null,"og_title":null,"og_description":null,"og_object_type":"default","og_image_type":"default","og_image_url":null,"og_image_width":null,"og_image_height":null,"og_image_custom_url":null,"og_image_custom_fields":null,"og_video":null,"og_custom_url":null,"og_article_section":null,"og_article_tags":null,"twitter_use_og":false,"twitter_card":"default","twitter_image_type":"default","twitter_image_url":null,"twitter_image_custom_url":null,"twitter_image_custom_fields":null,"twitter_title":null,"twitter_description":null,"schema":{"blockGraphs":[],"customGraphs":[],"default":{"data":{"Article":[],"Course":[],"Dataset":[],"FAQPage":[],"Movie":[],"Person":[],"Product":[],"ProductReview":[],"Car":[],"Recipe":[],"Service":[],"SoftwareApplication":[],"WebPage":[]},"graphName":"","isEnabled":true},"graphs":[],"defaultGraph":"","defaultPostTypeGraph":""},"schema_type":null,"schema_type_options":null,"pillar_content":false,"robots_default":true,"robots_noindex":false,"robots_noarchive":false,"robots_nosnippet":false,"robots_nofollow":false,"robots_noimageindex":false,"robots_noodp":false,"robots_notranslate":false,"robots_max_snippet":null,"robots_max_videopreview":null,"robots_max_imagepreview":"large","priority":null,"frequency":null,"location":null,"local_seo":null,"breadcrumb_settings":null,"limit_modified_date":false,"ai":null,"created":"2021-02-01 22:54:09","updated":"2025-10-02 12:16:03","seo_analyzer_scan_date":null,"focus_keyword":null,"additional_keywords":null,"truseo_locale":null},"aioseo_breadcrumb":"<div class=\"aioseo-breadcrumbs\"><span class=\"aioseo-breadcrumb\">\n\t\t\t<a href=\"https:\/\/allasorias.hu\/hirek\" title=\"Home\">Home<\/a>\n\t\t<\/span><span class=\"aioseo-breadcrumb-separator\">&raquo;<\/span><span class=\"aioseo-breadcrumb\">\n\t\t\t<a href=\"https:\/\/allasorias.hu\/hirek\/temak\/allaskereses\/\" title=\"\u00c1ll\u00e1skeres\u00e9s\">\u00c1ll\u00e1skeres\u00e9s<\/a>\n\t\t<\/span><span class=\"aioseo-breadcrumb-separator\">&raquo;<\/span><span class=\"aioseo-breadcrumb\">\n\t\t\tJ\u00f3 hely Budapest a f\u00e9rfiaknak\n\t\t<\/span><\/div>","aioseo_breadcrumb_json":[{"label":"Home","link":"https:\/\/allasorias.hu\/hirek"},{"label":"\u00c1ll\u00e1skeres\u00e9s","link":"https:\/\/allasorias.hu\/hirek\/temak\/allaskereses\/"},{"label":"J\u00f3 hely Budapest a f\u00e9rfiaknak","link":"https:\/\/allasorias.hu\/hirek\/jo-hely-budapest-a-ferfiaknak\/"}],"_links":{"self":[{"href":"https:\/\/allasorias.hu\/hirek\/wp-json\/wp\/v2\/posts\/3506","targetHints":{"allow":["GET"]}}],"collection":[{"href":"https:\/\/allasorias.hu\/hirek\/wp-json\/wp\/v2\/posts"}],"about":[{"href":"https:\/\/allasorias.hu\/hirek\/wp-json\/wp\/v2\/types\/post"}],"author":[{"embeddable":true,"href":"https:\/\/allasorias.hu\/hirek\/wp-json\/wp\/v2\/users\/1"}],"replies":[{"embeddable":true,"href":"https:\/\/allasorias.hu\/hirek\/wp-json\/wp\/v2\/comments?post=3506"}],"version-history":[{"count":1,"href":"https:\/\/allasorias.hu\/hirek\/wp-json\/wp\/v2\/posts\/3506\/revisions"}],"predecessor-version":[{"id":3508,"href":"https:\/\/allasorias.hu\/hirek\/wp-json\/wp\/v2\/posts\/3506\/revisions\/3508"}],"wp:featuredmedia":[{"embeddable":true,"href":"https:\/\/allasorias.hu\/hirek\/wp-json\/wp\/v2\/media\/3507"}],"wp:attachment":[{"href":"https:\/\/allasorias.hu\/hirek\/wp-json\/wp\/v2\/media?parent=3506"}],"wp:term":[{"taxonomy":"category","embeddable":true,"href":"https:\/\/allasorias.hu\/hirek\/wp-json\/wp\/v2\/categories?post=3506"},{"taxonomy":"post_tag","embeddable":true,"href":"https:\/\/allasorias.hu\/hirek\/wp-json\/wp\/v2\/tags?post=3506"}],"curies":[{"name":"wp","href":"https:\/\/api.w.org\/{rel}","templated":true}]}}