{"id":3504,"date":"2019-11-19T10:05:30","date_gmt":"2019-11-19T10:05:30","guid":{"rendered":"https:\/\/allasorias.hu\/hirek\/?p=3504"},"modified":"2019-11-19T10:09:26","modified_gmt":"2019-11-19T10:09:26","slug":"eredmenyes-az-uj-foglalkoztatasi-program","status":"publish","type":"post","link":"https:\/\/allasorias.hu\/hirek\/eredmenyes-az-uj-foglalkoztatasi-program\/","title":{"rendered":"Eredm\u00e9nyes az \u00faj foglalkoztat\u00e1si program"},"content":{"rendered":"<p><strong>M\u00e1r t\u00f6bb mint 50 ezer \u00e1ll\u00e1skeres\u0151 \u00e9s k\u00f6zfoglalkoztatott helyezkedett el a versenyszf\u00e9r\u00e1ban a Munkaer\u0151piaci reformprogrammal tavaly augusztus \u00f3ta, ez nagyban hozz\u00e1j\u00e1rult a munkan\u00e9lk\u00fclis\u00e9g \u00e9rdemi cs\u00f6kken\u00e9s\u00e9hez &#8211; k\u00f6z\u00f6lte Varga Mih\u00e1ly p\u00e9nz\u00fcgyminiszter. <\/strong><\/p>\n<p>Varga Mih\u00e1ly elmondta, hogy a jelenleg 15 megy\u00e9ben fut\u00f3 projektet 2020 elej\u00e9n kiterjesztik az orsz\u00e1g teljes ter\u00fclet\u00e9re, \u00edgy azt k\u00f6vet\u0151en minden munka\u00fcgyi hivatalban hat\u00e9konyabb\u00e1 v\u00e1lhat az \u00e1ll\u00e1skeres\u0151k k\u00f6zvet\u00edt\u00e9se a v\u00e1llalkoz\u00e1sok fel\u00e9. A korm\u00e1ny c\u00e9lja, hogy mindenkinek, aki k\u00e9pes \u00e9s tud dolgozni, legyen munk\u00e1ja, ezzel \u00f6sszhangban a program f\u0151k\u00e9nt a foglalkoztat\u00e1si szempontb\u00f3l h\u00e1tr\u00e1nyos helyzet\u0171 csoportokat c\u00e9lozza meg &#8211; jelentette ki a miniszter. R\u00e1mutatott arra is, hogy a Munkaer\u0151piaci reformprogram er\u0151s\u00edti az \u00e1llami foglalkoztat\u00e1si hivatalok \u00e9s a v\u00e1llalatok k\u00f6z\u00f6tti kapcsolatot, \u00edgy a helyben tal\u00e1lhat\u00f3, be nem jelentett \u00e1ll\u00e1shelyek felt\u00e1r\u00e1s\u00e1val a v\u00e1llalkoz\u00e1sok gyorsabban juthatnak a fejl\u0151d\u00e9s\u00fckh\u00f6z sz\u00fcks\u00e9ges munkaer\u0151h\u00f6z. A program a j\u00e1r\u00e1si foglalkoztat\u00e1si oszt\u00e1lyok munkam\u00f3dszer\u00e9t teszi hat\u00e9konyabb\u00e1, amellyel a versenyszf\u00e9r\u00e1ba t\u00f6rt\u00e9n\u0151 kik\u00f6zvet\u00edt\u00e9s eredm\u00e9nyesebb\u00e9 v\u00e1lik. A miniszter kifejtette, az \u00e1ll\u00e1skeres\u0151k \u00edgy &#8211; az el\u0151sz\u0171r\u00e9st k\u00f6vet\u0151en -c\u00e9lzottan olyan munk\u00e1ltat\u00f3khoz ker\u00fclhetnek, amelyek nagy val\u00f3sz\u00edn\u0171s\u00e9ggel alkalmazni is tudj\u00e1k \u0151ket a k\u00e9szs\u00e9geik, k\u00e9pess\u00e9geik tudat\u00e1ban. Az inakt\u00edvak, a k\u00f6zfoglalkoztatottak \u00e9s az \u00e1ll\u00e1skeres\u0151k k\u00f6r\u00e9ben ezzel tov\u00e1bb n\u00f6velhet\u0151 a foglalkoztat\u00e1s, amellyel k\u00f6zelebb ker\u00fclhet\u00fcnk a teljes foglalkoztatotts\u00e1ghoz Magyarorsz\u00e1gon. Varga Mih\u00e1ly az el\u00e9rt eredm\u00e9nyekr\u0151l sz\u00f3lva kiemelte: 2010 \u00f3ta mintegy f\u00e9lmilli\u00f3, kor\u00e1bban inakt\u00edv munkav\u00e1llal\u00f3t siker\u00fclt visszavezetni a hazai munkaer\u0151piacra, ennek eredm\u00e9nyek\u00e9nt az aktivit\u00e1si r\u00e1ta k\u00f6zel 73 sz\u00e1zal\u00e9kra emelkedett. Az eddigi tapasztalatok alapj\u00e1n a v\u00e1llalatokhoz kik\u00f6zvet\u00edtettek d\u00f6nt\u0151 t\u00f6bbs\u00e9ge h\u00e1rom h\u00f3nap m\u00falt\u00e1n is munk\u00e1ban \u00e1llt, \u00edgy a program jellemz\u0151en nem \u00e1tmeneti, hanem tart\u00f3s megold\u00e1st jelent a munkaer\u0151-piaci kih\u00edv\u00e1sok kezel\u00e9s\u00e9ben. 2020 elej\u00e9n Budapestre \u00e9s tov\u00e1bbi n\u00e9gy megy\u00e9re, Zal\u00e1ra, Gy\u0151r-Moson-Sopronra, Veszpr\u00e9mre \u00e9s Vasra is kiterjesztik a programot, ezzel az orsz\u00e1g teljes ter\u00fclet\u00e9t lefedik &#8211; tette hozz\u00e1 a miniszter.<\/p>\n<p>Forr\u00e1s: origo.hu<\/p>\n","protected":false},"excerpt":{"rendered":"<p>M\u00e1r t\u00f6bb mint 50 ezer \u00e1ll\u00e1skeres\u0151 \u00e9s k\u00f6zfoglalkoztatott helyezkedett el a versenyszf\u00e9r\u00e1ban a Munkaer\u0151piaci reformprogrammal tavaly augusztus \u00f3ta, ez nagyban hozz\u00e1j\u00e1rult a munkan\u00e9lk\u00fclis\u00e9g \u00e9rdemi cs\u00f6kken\u00e9s\u00e9hez &#8211; k\u00f6z\u00f6lte Varga Mih\u00e1ly p\u00e9nz\u00fcgyminiszter. Varga Mih\u00e1ly elmondta, hogy a jelenleg 15 megy\u00e9ben fut\u00f3 projektet 2020 elej\u00e9n kiterjesztik az orsz\u00e1g teljes ter\u00fclet\u00e9re, \u00edgy azt k\u00f6vet\u0151en minden munka\u00fcgyi hivatalban hat\u00e9konyabb\u00e1 v\u00e1lhat [&hellip;]<\/p>\n","protected":false},"author":1,"featured_media":2516,"comment_status":"open","ping_status":"open","sticky":false,"template":"","format":"standard","meta":{"_monsterinsights_skip_tracking":false,"footnotes":""},"categories":[200],"tags":[],"class_list":["post-3504","post","type-post","status-publish","format-standard","has-post-thumbnail","hentry","category-munkaeropiac"],"aioseo_notices":[],"aioseo_head":"\n\t\t<!-- All in One SEO 5.0.0.1 - aioseo.com -->\n\t<meta name=\"description\" content=\"M\u00e1r t\u00f6bb mint 50 ezer \u00e1ll\u00e1skeres\u0151 \u00e9s k\u00f6zfoglalkoztatott helyezkedett el a versenyszf\u00e9r\u00e1ban a Munkaer\u0151piaci reformprogrammal tavaly augusztus \u00f3ta, ez nagyban hozz\u00e1j\u00e1rult a munkan\u00e9lk\u00fclis\u00e9g \u00e9rdemi cs\u00f6kken\u00e9s\u00e9hez - k\u00f6z\u00f6lte Varga Mih\u00e1ly p\u00e9nz\u00fcgyminiszter. Varga Mih\u00e1ly elmondta, hogy a jelenleg 15 megy\u00e9ben fut\u00f3 projektet 2020 elej\u00e9n kiterjesztik az orsz\u00e1g teljes ter\u00fclet\u00e9re, \u00edgy azt k\u00f6vet\u0151en minden munka\u00fcgyi hivatalban hat\u00e9konyabb\u00e1 v\u00e1lhat\" \/>\n\t<meta name=\"robots\" content=\"max-image-preview:large\" \/>\n\t<meta name=\"author\" content=\"Juh\u00e1sz P\u00e9ter\"\/>\n\t<link rel=\"canonical\" href=\"https:\/\/allasorias.hu\/hirek\/eredmenyes-az-uj-foglalkoztatasi-program\/\" \/>\n\t<meta name=\"generator\" content=\"All in One SEO (AIOSEO) 5.0.0.1\" \/>\n\t\t<meta property=\"og:locale\" content=\"hu_HU\" \/>\n\t\t<meta property=\"og:site_name\" content=\"AllasOrias.hu | H\u00edrek-lapszemle | \u00dczleti h\u00edrek az \u00e1ll\u00e1s \u00e9s a munka vil\u00e1g\u00e1b\u00f3l\" \/>\n\t\t<meta property=\"og:type\" content=\"article\" \/>\n\t\t<meta property=\"og:title\" content=\"Eredm\u00e9nyes az \u00faj foglalkoztat\u00e1si program | AllasOrias.hu | H\u00edrek-lapszemle\" \/>\n\t\t<meta property=\"og:description\" content=\"M\u00e1r t\u00f6bb mint 50 ezer \u00e1ll\u00e1skeres\u0151 \u00e9s k\u00f6zfoglalkoztatott helyezkedett el a versenyszf\u00e9r\u00e1ban a Munkaer\u0151piaci reformprogrammal tavaly augusztus \u00f3ta, ez nagyban hozz\u00e1j\u00e1rult a munkan\u00e9lk\u00fclis\u00e9g \u00e9rdemi cs\u00f6kken\u00e9s\u00e9hez - k\u00f6z\u00f6lte Varga Mih\u00e1ly p\u00e9nz\u00fcgyminiszter. Varga Mih\u00e1ly elmondta, hogy a jelenleg 15 megy\u00e9ben fut\u00f3 projektet 2020 elej\u00e9n kiterjesztik az orsz\u00e1g teljes ter\u00fclet\u00e9re, \u00edgy azt k\u00f6vet\u0151en minden munka\u00fcgyi hivatalban hat\u00e9konyabb\u00e1 v\u00e1lhat\" \/>\n\t\t<meta property=\"og:url\" content=\"https:\/\/allasorias.hu\/hirek\/eredmenyes-az-uj-foglalkoztatasi-program\/\" \/>\n\t\t<meta property=\"og:image\" content=\"https:\/\/allasorias.hu\/hirek\/wp-content\/uploads\/2019\/02\/58ea7941dafb0.jpg\" \/>\n\t\t<meta property=\"og:image:secure_url\" content=\"https:\/\/allasorias.hu\/hirek\/wp-content\/uploads\/2019\/02\/58ea7941dafb0.jpg\" \/>\n\t\t<meta property=\"og:image:width\" content=\"800\" \/>\n\t\t<meta property=\"og:image:height\" content=\"480\" \/>\n\t\t<meta property=\"article:published_time\" content=\"2019-11-19T10:05:30+00:00\" \/>\n\t\t<meta property=\"article:modified_time\" content=\"2019-11-19T10:09:26+00:00\" \/>\n\t\t<meta property=\"article:publisher\" content=\"https:\/\/www.facebook.com\/allasorias\" \/>\n\t\t<meta name=\"twitter:card\" content=\"summary_large_image\" \/>\n\t\t<meta name=\"twitter:title\" content=\"Eredm\u00e9nyes az \u00faj foglalkoztat\u00e1si program | AllasOrias.hu | H\u00edrek-lapszemle\" \/>\n\t\t<meta name=\"twitter:description\" content=\"M\u00e1r t\u00f6bb mint 50 ezer \u00e1ll\u00e1skeres\u0151 \u00e9s k\u00f6zfoglalkoztatott helyezkedett el a versenyszf\u00e9r\u00e1ban a Munkaer\u0151piaci reformprogrammal tavaly augusztus \u00f3ta, ez nagyban hozz\u00e1j\u00e1rult a munkan\u00e9lk\u00fclis\u00e9g \u00e9rdemi cs\u00f6kken\u00e9s\u00e9hez - k\u00f6z\u00f6lte Varga Mih\u00e1ly p\u00e9nz\u00fcgyminiszter. Varga Mih\u00e1ly elmondta, hogy a jelenleg 15 megy\u00e9ben fut\u00f3 projektet 2020 elej\u00e9n kiterjesztik az orsz\u00e1g teljes ter\u00fclet\u00e9re, \u00edgy azt k\u00f6vet\u0151en minden munka\u00fcgyi hivatalban hat\u00e9konyabb\u00e1 v\u00e1lhat\" \/>\n\t\t<meta name=\"twitter:image\" content=\"https:\/\/allasorias.hu\/hirek\/wp-content\/uploads\/2019\/02\/58ea7941dafb0.jpg\" \/>\n\t\t<meta name=\"twitter:label1\" content=\"Written by\" \/>\n\t\t<meta name=\"twitter:data1\" content=\"Juh\u00e1sz P\u00e9ter\" \/>\n\t\t<meta name=\"twitter:label2\" content=\"Est. reading time\" \/>\n\t\t<meta name=\"twitter:data2\" content=\"2 minutes\" \/>\n\t\t<script type=\"application\/ld+json\" class=\"aioseo-schema\">\n\t\t\t{\"@context\":\"https:\\\/\\\/schema.org\",\"@graph\":[{\"@type\":\"Article\",\"@id\":\"https:\\\/\\\/allasorias.hu\\\/hirek\\\/eredmenyes-az-uj-foglalkoztatasi-program\\\/#article\",\"name\":\"Eredm\\u00e9nyes az \\u00faj foglalkoztat\\u00e1si program | AllasOrias.hu | H\\u00edrek-lapszemle\",\"headline\":\"Eredm\\u00e9nyes az \\u00faj foglalkoztat\\u00e1si program\",\"author\":{\"@id\":\"https:\\\/\\\/allasorias.hu\\\/hirek\\\/author\\\/admin-allasorias\\\/#author\"},\"publisher\":{\"@id\":\"https:\\\/\\\/allasorias.hu\\\/hirek\\\/#organization\"},\"image\":{\"@type\":\"ImageObject\",\"url\":\"https:\\\/\\\/allasorias.hu\\\/hirek\\\/wp-content\\\/uploads\\\/2019\\\/02\\\/58ea7941dafb0.jpg\",\"width\":800,\"height\":480},\"datePublished\":\"2019-11-19T10:05:30+02:00\",\"dateModified\":\"2019-11-19T10:09:26+02:00\",\"inLanguage\":\"hu-HU\",\"mainEntityOfPage\":{\"@id\":\"https:\\\/\\\/allasorias.hu\\\/hirek\\\/eredmenyes-az-uj-foglalkoztatasi-program\\\/#webpage\"},\"isPartOf\":{\"@id\":\"https:\\\/\\\/allasorias.hu\\\/hirek\\\/eredmenyes-az-uj-foglalkoztatasi-program\\\/#webpage\"},\"articleSection\":\"Munkaer\\u0151piac\"},{\"@type\":\"BreadcrumbList\",\"@id\":\"https:\\\/\\\/allasorias.hu\\\/hirek\\\/eredmenyes-az-uj-foglalkoztatasi-program\\\/#breadcrumblist\",\"itemListElement\":[{\"@type\":\"ListItem\",\"@id\":\"https:\\\/\\\/allasorias.hu\\\/hirek#listItem\",\"position\":1,\"name\":\"Home\",\"item\":\"https:\\\/\\\/allasorias.hu\\\/hirek\",\"nextItem\":{\"@type\":\"ListItem\",\"@id\":\"https:\\\/\\\/allasorias.hu\\\/hirek\\\/temak\\\/munkaeropiac\\\/#listItem\",\"name\":\"Munkaer\\u0151piac\"}},{\"@type\":\"ListItem\",\"@id\":\"https:\\\/\\\/allasorias.hu\\\/hirek\\\/temak\\\/munkaeropiac\\\/#listItem\",\"position\":2,\"name\":\"Munkaer\\u0151piac\",\"item\":\"https:\\\/\\\/allasorias.hu\\\/hirek\\\/temak\\\/munkaeropiac\\\/\",\"nextItem\":{\"@type\":\"ListItem\",\"@id\":\"https:\\\/\\\/allasorias.hu\\\/hirek\\\/eredmenyes-az-uj-foglalkoztatasi-program\\\/#listItem\",\"name\":\"Eredm\\u00e9nyes az \\u00faj foglalkoztat\\u00e1si program\"},\"previousItem\":{\"@type\":\"ListItem\",\"@id\":\"https:\\\/\\\/allasorias.hu\\\/hirek#listItem\",\"name\":\"Home\"}},{\"@type\":\"ListItem\",\"@id\":\"https:\\\/\\\/allasorias.hu\\\/hirek\\\/eredmenyes-az-uj-foglalkoztatasi-program\\\/#listItem\",\"position\":3,\"name\":\"Eredm\\u00e9nyes az \\u00faj foglalkoztat\\u00e1si program\",\"previousItem\":{\"@type\":\"ListItem\",\"@id\":\"https:\\\/\\\/allasorias.hu\\\/hirek\\\/temak\\\/munkaeropiac\\\/#listItem\",\"name\":\"Munkaer\\u0151piac\"}}]},{\"@type\":\"Organization\",\"@id\":\"https:\\\/\\\/allasorias.hu\\\/hirek\\\/#organization\",\"name\":\"AllasOrias.hu | H\\u00edrek-lapszemle\",\"description\":\"\\u00dczleti h\\u00edrek az \\u00e1ll\\u00e1s \\u00e9s a munka vil\\u00e1g\\u00e1b\\u00f3l\",\"url\":\"https:\\\/\\\/allasorias.hu\\\/hirek\\\/\",\"logo\":{\"@type\":\"ImageObject\",\"url\":\"https:\\\/\\\/allasorias.hu\\\/hirek\\\/wp-content\\\/uploads\\\/2022\\\/10\\\/allasorias_site_facebok_logo.png\",\"@id\":\"https:\\\/\\\/allasorias.hu\\\/hirek\\\/eredmenyes-az-uj-foglalkoztatasi-program\\\/#organizationLogo\"},\"image\":{\"@id\":\"https:\\\/\\\/allasorias.hu\\\/hirek\\\/eredmenyes-az-uj-foglalkoztatasi-program\\\/#organizationLogo\"},\"sameAs\":[\"https:\\\/\\\/www.facebook.com\\\/allasorias\",\"https:\\\/\\\/www.linkedin.com\\\/company\\\/allasorias\"]},{\"@type\":\"Person\",\"@id\":\"https:\\\/\\\/allasorias.hu\\\/hirek\\\/author\\\/admin-allasorias\\\/#author\",\"url\":\"https:\\\/\\\/allasorias.hu\\\/hirek\\\/author\\\/admin-allasorias\\\/\",\"name\":\"Juh\\u00e1sz P\\u00e9ter\",\"image\":{\"@type\":\"ImageObject\",\"@id\":\"https:\\\/\\\/allasorias.hu\\\/hirek\\\/eredmenyes-az-uj-foglalkoztatasi-program\\\/#authorImage\",\"url\":\"https:\\\/\\\/secure.gravatar.com\\\/avatar\\\/36e6bcb83148978b992977cb0f54d22feb0cce8a0a849a9410532bb2623ba4c6?s=96&d=mm&r=g\",\"width\":96,\"height\":96,\"caption\":\"Juh\\u00e1sz P\\u00e9ter\"}},{\"@type\":\"WebPage\",\"@id\":\"https:\\\/\\\/allasorias.hu\\\/hirek\\\/eredmenyes-az-uj-foglalkoztatasi-program\\\/#webpage\",\"url\":\"https:\\\/\\\/allasorias.hu\\\/hirek\\\/eredmenyes-az-uj-foglalkoztatasi-program\\\/\",\"name\":\"Eredm\\u00e9nyes az \\u00faj foglalkoztat\\u00e1si program | AllasOrias.hu | H\\u00edrek-lapszemle\",\"description\":\"M\\u00e1r t\\u00f6bb mint 50 ezer \\u00e1ll\\u00e1skeres\\u0151 \\u00e9s k\\u00f6zfoglalkoztatott helyezkedett el a versenyszf\\u00e9r\\u00e1ban a Munkaer\\u0151piaci reformprogrammal tavaly augusztus \\u00f3ta, ez nagyban hozz\\u00e1j\\u00e1rult a munkan\\u00e9lk\\u00fclis\\u00e9g \\u00e9rdemi cs\\u00f6kken\\u00e9s\\u00e9hez - k\\u00f6z\\u00f6lte Varga Mih\\u00e1ly p\\u00e9nz\\u00fcgyminiszter. Varga Mih\\u00e1ly elmondta, hogy a jelenleg 15 megy\\u00e9ben fut\\u00f3 projektet 2020 elej\\u00e9n kiterjesztik az orsz\\u00e1g teljes ter\\u00fclet\\u00e9re, \\u00edgy azt k\\u00f6vet\\u0151en minden munka\\u00fcgyi hivatalban hat\\u00e9konyabb\\u00e1 v\\u00e1lhat\",\"inLanguage\":\"hu-HU\",\"isPartOf\":{\"@id\":\"https:\\\/\\\/allasorias.hu\\\/hirek\\\/#website\"},\"breadcrumb\":{\"@id\":\"https:\\\/\\\/allasorias.hu\\\/hirek\\\/eredmenyes-az-uj-foglalkoztatasi-program\\\/#breadcrumblist\"},\"author\":{\"@id\":\"https:\\\/\\\/allasorias.hu\\\/hirek\\\/author\\\/admin-allasorias\\\/#author\"},\"creator\":{\"@id\":\"https:\\\/\\\/allasorias.hu\\\/hirek\\\/author\\\/admin-allasorias\\\/#author\"},\"image\":{\"@type\":\"ImageObject\",\"url\":\"https:\\\/\\\/allasorias.hu\\\/hirek\\\/wp-content\\\/uploads\\\/2019\\\/02\\\/58ea7941dafb0.jpg\",\"@id\":\"https:\\\/\\\/allasorias.hu\\\/hirek\\\/eredmenyes-az-uj-foglalkoztatasi-program\\\/#mainImage\",\"width\":800,\"height\":480},\"primaryImageOfPage\":{\"@id\":\"https:\\\/\\\/allasorias.hu\\\/hirek\\\/eredmenyes-az-uj-foglalkoztatasi-program\\\/#mainImage\"},\"datePublished\":\"2019-11-19T10:05:30+02:00\",\"dateModified\":\"2019-11-19T10:09:26+02:00\"},{\"@type\":\"WebSite\",\"@id\":\"https:\\\/\\\/allasorias.hu\\\/hirek\\\/#website\",\"url\":\"https:\\\/\\\/allasorias.hu\\\/hirek\\\/\",\"name\":\"AllasOrias.hu | H\\u00edrek-lapszemle\",\"description\":\"\\u00dczleti h\\u00edrek az \\u00e1ll\\u00e1s \\u00e9s a munka vil\\u00e1g\\u00e1b\\u00f3l\",\"inLanguage\":\"hu-HU\",\"publisher\":{\"@id\":\"https:\\\/\\\/allasorias.hu\\\/hirek\\\/#organization\"}}]}\n\t\t<\/script>\n\t\t<!-- All in One SEO -->\n\n","aioseo_head_json":{"title":"Eredm\u00e9nyes az \u00faj foglalkoztat\u00e1si program | AllasOrias.hu | H\u00edrek-lapszemle","description":"M\u00e1r t\u00f6bb mint 50 ezer \u00e1ll\u00e1skeres\u0151 \u00e9s k\u00f6zfoglalkoztatott helyezkedett el a versenyszf\u00e9r\u00e1ban a Munkaer\u0151piaci reformprogrammal tavaly augusztus \u00f3ta, ez nagyban hozz\u00e1j\u00e1rult a munkan\u00e9lk\u00fclis\u00e9g \u00e9rdemi cs\u00f6kken\u00e9s\u00e9hez - k\u00f6z\u00f6lte Varga Mih\u00e1ly p\u00e9nz\u00fcgyminiszter. Varga Mih\u00e1ly elmondta, hogy a jelenleg 15 megy\u00e9ben fut\u00f3 projektet 2020 elej\u00e9n kiterjesztik az orsz\u00e1g teljes ter\u00fclet\u00e9re, \u00edgy azt k\u00f6vet\u0151en minden munka\u00fcgyi hivatalban hat\u00e9konyabb\u00e1 v\u00e1lhat","canonical_url":"https:\/\/allasorias.hu\/hirek\/eredmenyes-az-uj-foglalkoztatasi-program\/","robots":"max-image-preview:large","keywords":"","webmasterTools":{"miscellaneous":""},"schema":{"@context":"https:\/\/schema.org","@graph":[{"@type":"Article","@id":"https:\/\/allasorias.hu\/hirek\/eredmenyes-az-uj-foglalkoztatasi-program\/#article","name":"Eredm\u00e9nyes az \u00faj foglalkoztat\u00e1si program | AllasOrias.hu | H\u00edrek-lapszemle","headline":"Eredm\u00e9nyes az \u00faj foglalkoztat\u00e1si program","author":{"@id":"https:\/\/allasorias.hu\/hirek\/author\/admin-allasorias\/#author"},"publisher":{"@id":"https:\/\/allasorias.hu\/hirek\/#organization"},"image":{"@type":"ImageObject","url":"https:\/\/allasorias.hu\/hirek\/wp-content\/uploads\/2019\/02\/58ea7941dafb0.jpg","width":800,"height":480},"datePublished":"2019-11-19T10:05:30+02:00","dateModified":"2019-11-19T10:09:26+02:00","inLanguage":"hu-HU","mainEntityOfPage":{"@id":"https:\/\/allasorias.hu\/hirek\/eredmenyes-az-uj-foglalkoztatasi-program\/#webpage"},"isPartOf":{"@id":"https:\/\/allasorias.hu\/hirek\/eredmenyes-az-uj-foglalkoztatasi-program\/#webpage"},"articleSection":"Munkaer\u0151piac"},{"@type":"BreadcrumbList","@id":"https:\/\/allasorias.hu\/hirek\/eredmenyes-az-uj-foglalkoztatasi-program\/#breadcrumblist","itemListElement":[{"@type":"ListItem","@id":"https:\/\/allasorias.hu\/hirek#listItem","position":1,"name":"Home","item":"https:\/\/allasorias.hu\/hirek","nextItem":{"@type":"ListItem","@id":"https:\/\/allasorias.hu\/hirek\/temak\/munkaeropiac\/#listItem","name":"Munkaer\u0151piac"}},{"@type":"ListItem","@id":"https:\/\/allasorias.hu\/hirek\/temak\/munkaeropiac\/#listItem","position":2,"name":"Munkaer\u0151piac","item":"https:\/\/allasorias.hu\/hirek\/temak\/munkaeropiac\/","nextItem":{"@type":"ListItem","@id":"https:\/\/allasorias.hu\/hirek\/eredmenyes-az-uj-foglalkoztatasi-program\/#listItem","name":"Eredm\u00e9nyes az \u00faj foglalkoztat\u00e1si program"},"previousItem":{"@type":"ListItem","@id":"https:\/\/allasorias.hu\/hirek#listItem","name":"Home"}},{"@type":"ListItem","@id":"https:\/\/allasorias.hu\/hirek\/eredmenyes-az-uj-foglalkoztatasi-program\/#listItem","position":3,"name":"Eredm\u00e9nyes az \u00faj foglalkoztat\u00e1si program","previousItem":{"@type":"ListItem","@id":"https:\/\/allasorias.hu\/hirek\/temak\/munkaeropiac\/#listItem","name":"Munkaer\u0151piac"}}]},{"@type":"Organization","@id":"https:\/\/allasorias.hu\/hirek\/#organization","name":"AllasOrias.hu | H\u00edrek-lapszemle","description":"\u00dczleti h\u00edrek az \u00e1ll\u00e1s \u00e9s a munka vil\u00e1g\u00e1b\u00f3l","url":"https:\/\/allasorias.hu\/hirek\/","logo":{"@type":"ImageObject","url":"https:\/\/allasorias.hu\/hirek\/wp-content\/uploads\/2022\/10\/allasorias_site_facebok_logo.png","@id":"https:\/\/allasorias.hu\/hirek\/eredmenyes-az-uj-foglalkoztatasi-program\/#organizationLogo"},"image":{"@id":"https:\/\/allasorias.hu\/hirek\/eredmenyes-az-uj-foglalkoztatasi-program\/#organizationLogo"},"sameAs":["https:\/\/www.facebook.com\/allasorias","https:\/\/www.linkedin.com\/company\/allasorias"]},{"@type":"Person","@id":"https:\/\/allasorias.hu\/hirek\/author\/admin-allasorias\/#author","url":"https:\/\/allasorias.hu\/hirek\/author\/admin-allasorias\/","name":"Juh\u00e1sz P\u00e9ter","image":{"@type":"ImageObject","@id":"https:\/\/allasorias.hu\/hirek\/eredmenyes-az-uj-foglalkoztatasi-program\/#authorImage","url":"https:\/\/secure.gravatar.com\/avatar\/36e6bcb83148978b992977cb0f54d22feb0cce8a0a849a9410532bb2623ba4c6?s=96&d=mm&r=g","width":96,"height":96,"caption":"Juh\u00e1sz P\u00e9ter"}},{"@type":"WebPage","@id":"https:\/\/allasorias.hu\/hirek\/eredmenyes-az-uj-foglalkoztatasi-program\/#webpage","url":"https:\/\/allasorias.hu\/hirek\/eredmenyes-az-uj-foglalkoztatasi-program\/","name":"Eredm\u00e9nyes az \u00faj foglalkoztat\u00e1si program | AllasOrias.hu | H\u00edrek-lapszemle","description":"M\u00e1r t\u00f6bb mint 50 ezer \u00e1ll\u00e1skeres\u0151 \u00e9s k\u00f6zfoglalkoztatott helyezkedett el a versenyszf\u00e9r\u00e1ban a Munkaer\u0151piaci reformprogrammal tavaly augusztus \u00f3ta, ez nagyban hozz\u00e1j\u00e1rult a munkan\u00e9lk\u00fclis\u00e9g \u00e9rdemi cs\u00f6kken\u00e9s\u00e9hez - k\u00f6z\u00f6lte Varga Mih\u00e1ly p\u00e9nz\u00fcgyminiszter. Varga Mih\u00e1ly elmondta, hogy a jelenleg 15 megy\u00e9ben fut\u00f3 projektet 2020 elej\u00e9n kiterjesztik az orsz\u00e1g teljes ter\u00fclet\u00e9re, \u00edgy azt k\u00f6vet\u0151en minden munka\u00fcgyi hivatalban hat\u00e9konyabb\u00e1 v\u00e1lhat","inLanguage":"hu-HU","isPartOf":{"@id":"https:\/\/allasorias.hu\/hirek\/#website"},"breadcrumb":{"@id":"https:\/\/allasorias.hu\/hirek\/eredmenyes-az-uj-foglalkoztatasi-program\/#breadcrumblist"},"author":{"@id":"https:\/\/allasorias.hu\/hirek\/author\/admin-allasorias\/#author"},"creator":{"@id":"https:\/\/allasorias.hu\/hirek\/author\/admin-allasorias\/#author"},"image":{"@type":"ImageObject","url":"https:\/\/allasorias.hu\/hirek\/wp-content\/uploads\/2019\/02\/58ea7941dafb0.jpg","@id":"https:\/\/allasorias.hu\/hirek\/eredmenyes-az-uj-foglalkoztatasi-program\/#mainImage","width":800,"height":480},"primaryImageOfPage":{"@id":"https:\/\/allasorias.hu\/hirek\/eredmenyes-az-uj-foglalkoztatasi-program\/#mainImage"},"datePublished":"2019-11-19T10:05:30+02:00","dateModified":"2019-11-19T10:09:26+02:00"},{"@type":"WebSite","@id":"https:\/\/allasorias.hu\/hirek\/#website","url":"https:\/\/allasorias.hu\/hirek\/","name":"AllasOrias.hu | H\u00edrek-lapszemle","description":"\u00dczleti h\u00edrek az \u00e1ll\u00e1s \u00e9s a munka vil\u00e1g\u00e1b\u00f3l","inLanguage":"hu-HU","publisher":{"@id":"https:\/\/allasorias.hu\/hirek\/#organization"}}]},"og:locale":"hu_HU","og:site_name":"AllasOrias.hu | H\u00edrek-lapszemle | \u00dczleti h\u00edrek az \u00e1ll\u00e1s \u00e9s a munka vil\u00e1g\u00e1b\u00f3l","og:type":"article","og:title":"Eredm\u00e9nyes az \u00faj foglalkoztat\u00e1si program | AllasOrias.hu | H\u00edrek-lapszemle","og:description":"M\u00e1r t\u00f6bb mint 50 ezer \u00e1ll\u00e1skeres\u0151 \u00e9s k\u00f6zfoglalkoztatott helyezkedett el a versenyszf\u00e9r\u00e1ban a Munkaer\u0151piaci reformprogrammal tavaly augusztus \u00f3ta, ez nagyban hozz\u00e1j\u00e1rult a munkan\u00e9lk\u00fclis\u00e9g \u00e9rdemi cs\u00f6kken\u00e9s\u00e9hez - k\u00f6z\u00f6lte Varga Mih\u00e1ly p\u00e9nz\u00fcgyminiszter. Varga Mih\u00e1ly elmondta, hogy a jelenleg 15 megy\u00e9ben fut\u00f3 projektet 2020 elej\u00e9n kiterjesztik az orsz\u00e1g teljes ter\u00fclet\u00e9re, \u00edgy azt k\u00f6vet\u0151en minden munka\u00fcgyi hivatalban hat\u00e9konyabb\u00e1 v\u00e1lhat","og:url":"https:\/\/allasorias.hu\/hirek\/eredmenyes-az-uj-foglalkoztatasi-program\/","og:image":"https:\/\/allasorias.hu\/hirek\/wp-content\/uploads\/2019\/02\/58ea7941dafb0.jpg","og:image:secure_url":"https:\/\/allasorias.hu\/hirek\/wp-content\/uploads\/2019\/02\/58ea7941dafb0.jpg","og:image:width":800,"og:image:height":480,"article:published_time":"2019-11-19T10:05:30+00:00","article:modified_time":"2019-11-19T10:09:26+00:00","article:publisher":"https:\/\/www.facebook.com\/allasorias","twitter:card":"summary_large_image","twitter:title":"Eredm\u00e9nyes az \u00faj foglalkoztat\u00e1si program | AllasOrias.hu | H\u00edrek-lapszemle","twitter:description":"M\u00e1r t\u00f6bb mint 50 ezer \u00e1ll\u00e1skeres\u0151 \u00e9s k\u00f6zfoglalkoztatott helyezkedett el a versenyszf\u00e9r\u00e1ban a Munkaer\u0151piaci reformprogrammal tavaly augusztus \u00f3ta, ez nagyban hozz\u00e1j\u00e1rult a munkan\u00e9lk\u00fclis\u00e9g \u00e9rdemi cs\u00f6kken\u00e9s\u00e9hez - k\u00f6z\u00f6lte Varga Mih\u00e1ly p\u00e9nz\u00fcgyminiszter. Varga Mih\u00e1ly elmondta, hogy a jelenleg 15 megy\u00e9ben fut\u00f3 projektet 2020 elej\u00e9n kiterjesztik az orsz\u00e1g teljes ter\u00fclet\u00e9re, \u00edgy azt k\u00f6vet\u0151en minden munka\u00fcgyi hivatalban hat\u00e9konyabb\u00e1 v\u00e1lhat","twitter:image":"https:\/\/allasorias.hu\/hirek\/wp-content\/uploads\/2019\/02\/58ea7941dafb0.jpg","twitter:label1":"Written by","twitter:data1":"Juh\u00e1sz P\u00e9ter","twitter:label2":"Est. reading time","twitter:data2":"2 minutes"},"aioseo_meta_data":{"post_id":"3504","title":null,"description":null,"keywords":null,"keyphrases":null,"primary_term":null,"canonical_url":null,"og_title":null,"og_description":null,"og_object_type":"default","og_image_type":"default","og_image_url":null,"og_image_width":null,"og_image_height":null,"og_image_custom_url":null,"og_image_custom_fields":null,"og_video":null,"og_custom_url":null,"og_article_section":null,"og_article_tags":null,"twitter_use_og":false,"twitter_card":"default","twitter_image_type":"default","twitter_image_url":null,"twitter_image_custom_url":null,"twitter_image_custom_fields":null,"twitter_title":null,"twitter_description":null,"schema":{"blockGraphs":[],"customGraphs":[],"default":{"data":{"Article":[],"Course":[],"Dataset":[],"FAQPage":[],"Movie":[],"Person":[],"Product":[],"ProductReview":[],"Car":[],"Recipe":[],"Service":[],"SoftwareApplication":[],"WebPage":[]},"graphName":"","isEnabled":true},"graphs":[],"defaultGraph":"","defaultPostTypeGraph":""},"schema_type":null,"schema_type_options":null,"pillar_content":false,"robots_default":true,"robots_noindex":false,"robots_noarchive":false,"robots_nosnippet":false,"robots_nofollow":false,"robots_noimageindex":false,"robots_noodp":false,"robots_notranslate":false,"robots_max_snippet":null,"robots_max_videopreview":null,"robots_max_imagepreview":"large","priority":null,"frequency":null,"location":null,"local_seo":null,"breadcrumb_settings":null,"limit_modified_date":false,"ai":null,"created":"2021-02-01 22:54:09","updated":"2025-10-02 12:16:03","seo_analyzer_scan_date":null,"focus_keyword":null,"additional_keywords":null,"truseo_locale":null},"aioseo_breadcrumb":"<div class=\"aioseo-breadcrumbs\"><span class=\"aioseo-breadcrumb\">\n\t\t\t<a href=\"https:\/\/allasorias.hu\/hirek\" title=\"Home\">Home<\/a>\n\t\t<\/span><span class=\"aioseo-breadcrumb-separator\">&raquo;<\/span><span class=\"aioseo-breadcrumb\">\n\t\t\t<a href=\"https:\/\/allasorias.hu\/hirek\/temak\/munkaeropiac\/\" title=\"Munkaer\u0151piac\">Munkaer\u0151piac<\/a>\n\t\t<\/span><span class=\"aioseo-breadcrumb-separator\">&raquo;<\/span><span class=\"aioseo-breadcrumb\">\n\t\t\tEredm\u00e9nyes az \u00faj foglalkoztat\u00e1si program\n\t\t<\/span><\/div>","aioseo_breadcrumb_json":[{"label":"Home","link":"https:\/\/allasorias.hu\/hirek"},{"label":"Munkaer\u0151piac","link":"https:\/\/allasorias.hu\/hirek\/temak\/munkaeropiac\/"},{"label":"Eredm\u00e9nyes az \u00faj foglalkoztat\u00e1si program","link":"https:\/\/allasorias.hu\/hirek\/eredmenyes-az-uj-foglalkoztatasi-program\/"}],"_links":{"self":[{"href":"https:\/\/allasorias.hu\/hirek\/wp-json\/wp\/v2\/posts\/3504","targetHints":{"allow":["GET"]}}],"collection":[{"href":"https:\/\/allasorias.hu\/hirek\/wp-json\/wp\/v2\/posts"}],"about":[{"href":"https:\/\/allasorias.hu\/hirek\/wp-json\/wp\/v2\/types\/post"}],"author":[{"embeddable":true,"href":"https:\/\/allasorias.hu\/hirek\/wp-json\/wp\/v2\/users\/1"}],"replies":[{"embeddable":true,"href":"https:\/\/allasorias.hu\/hirek\/wp-json\/wp\/v2\/comments?post=3504"}],"version-history":[{"count":1,"href":"https:\/\/allasorias.hu\/hirek\/wp-json\/wp\/v2\/posts\/3504\/revisions"}],"predecessor-version":[{"id":3505,"href":"https:\/\/allasorias.hu\/hirek\/wp-json\/wp\/v2\/posts\/3504\/revisions\/3505"}],"wp:featuredmedia":[{"embeddable":true,"href":"https:\/\/allasorias.hu\/hirek\/wp-json\/wp\/v2\/media\/2516"}],"wp:attachment":[{"href":"https:\/\/allasorias.hu\/hirek\/wp-json\/wp\/v2\/media?parent=3504"}],"wp:term":[{"taxonomy":"category","embeddable":true,"href":"https:\/\/allasorias.hu\/hirek\/wp-json\/wp\/v2\/categories?post=3504"},{"taxonomy":"post_tag","embeddable":true,"href":"https:\/\/allasorias.hu\/hirek\/wp-json\/wp\/v2\/tags?post=3504"}],"curies":[{"name":"wp","href":"https:\/\/api.w.org\/{rel}","templated":true}]}}