{"id":3497,"date":"2019-11-15T08:46:20","date_gmt":"2019-11-15T08:46:20","guid":{"rendered":"https:\/\/allasorias.hu\/hirek\/?p=3497"},"modified":"2019-11-15T08:46:52","modified_gmt":"2019-11-15T08:46:52","slug":"digitalis-jovedelem-johet","status":"publish","type":"post","link":"https:\/\/allasorias.hu\/hirek\/digitalis-jovedelem-johet\/","title":{"rendered":"Digit\u00e1lis j\u00f6vedelem j\u00f6het ?"},"content":{"rendered":"<p><strong>A 16. Orsz\u00e1gos Gazdas\u00e1ginformatikai Konferencia idei el\u0151ad\u00e1sainak jelent\u0151s r\u00e9sze a Fintech \u00e9s mesters\u00e9ges intelligencia t\u00e9mak\u00f6r\u00e9vel foglalkozott. Kutat\u00e1sok szerint j\u00f6v\u0151re az okosv\u00e1rosok sz\u00e1ma vil\u00e1gszerte el\u00e9ri a 600-at, az International Data Corporation (IDC) el\u0151rejelz\u00e9se alapj\u00e1n pedig 2022-re a vil\u00e1g GDP-j\u00e9nek t\u00f6bb mint 60 sz\u00e1zal\u00e9ka digit\u00e1lis j\u00f6vedelem lesz. <\/strong><\/p>\n<p>Mindez azt jelenti, hogy \u00fajra kell tervezni a megl\u00e9v\u0151 \u00fczleti \u00e9s k\u00f6zigazgat\u00e1si modelleket. A Milton Friedman Egyetemen megrendezett szakmai f\u00f3rum r\u00e9sztvev\u0151i magyar \u00e9s nemzetk\u00f6zi (\u00edr \u00e9s jap\u00e1n) szakemberek voltak. \u201eAz egyetem hallgat\u00f3i a diploma megszerz\u00e9se sor\u00e1n olyan k\u00e9szs\u00e9gekre tesznek szert, amelyek seg\u00edts\u00e9g\u00e9vel sikeresen alkalmazkodhatnak a gyorsan v\u00e1ltoz\u00f3 k\u00f6r\u00fclm\u00e9nyekhez, \u00e9s olyan tud\u00e1st kapnak, amely k\u00e9s\u0151bb k\u00f6nnyen fejleszthet\u0151, meg\u00faj\u00edthat\u00f3\u201d \u2013 mondta Dr. Honfi Vid, a Milton Friedman Egyetem M\u00f3dszertani \u00e9s Informatikai Tansz\u00e9k\u00e9nek vezet\u0151je. Hozz\u00e1tette: \u201eKomoly er\u0151fesz\u00edt\u00e9seket tett\u00fcnk a gazdas\u00e1ginformatikus k\u00e9pz\u00e9s\u00fcnk meg\u00faj\u00edt\u00e1s\u00e1ra. Az informatikai biztons\u00e1g \u00e9s az \u00fczleti intelligencia megold\u00e1sok oktat\u00e1sa tekintet\u00e9ben az orsz\u00e1g leggyakorlatiasabb \u00e9s szakmailag is kimagasl\u00f3 k\u00e9pz\u00e9s\u00e9t szeretn\u00e9nk ny\u00fajtani, hiszen ezek ma a szakma legkeresettebb \u00e9s ez\u00e9rt legpiack\u00e9pesebb ter\u00fcletei. \u00dagy gondoljuk, hogy a legjobb szakembereket siker\u00fclt ezen a ter\u00fcleten megnyerni oktat\u00f3knak, \u00edgy biztos\u00edtjuk azt, hogy a t\u0151l\u00fcnk kiker\u00fcl\u0151 szakemberek is a szakm\u00e1juk vezet\u0151i k\u00f6z\u00e9 tartozzanak, \u00e9s val\u00f3ban naprak\u00e9sz ismeretekkel rendelkezzenek\u201d. Az idei konferenci\u00e1n kiemelt \u00e9rdekl\u0151d\u00e9s \u00f6vezete a Fintech \u00e9s mesters\u00e9ges intelligencia t\u00e9mak\u00f6rt. A szakemberek megvitatt\u00e1k, hogy mit\u0151l korszakalkot\u00f3 a blockchain-technol\u00f3gia, \u00e9s ez milyen fejleszt\u00e9si elk\u00e9pzel\u00e9seket tud gener\u00e1lni a minket k\u00f6r\u00fclvev\u0151 vil\u00e1gban, p\u00e9ld\u00e1ul k\u00f6zigazgat\u00e1si \u00e9s telep\u00fcl\u00e9si szinten. Kalocsai Korn\u00e9l, a Blockchain Magyarorsz\u00e1g Egyes\u00fclet eln\u00f6ke el\u0151ad\u00e1s\u00e1ban elmondta, hogy a McKinsey Global \u00e1ltal k\u00e9sz\u00edtett kutat\u00e1s alapj\u00e1n 2025-re a vil\u00e1g GDP-j\u00e9nek 60 sz\u00e1zal\u00e9k\u00e1t a v\u00e1rosok adj\u00e1k, 2020-ra pedig az okos v\u00e1rosok sz\u00e1ma el\u00e9ri a 600-at.<\/p>\n<p>&nbsp;<\/p>\n<p>Forr\u00e1s: uzletem.hu<\/p>\n","protected":false},"excerpt":{"rendered":"<p>A 16. Orsz\u00e1gos Gazdas\u00e1ginformatikai Konferencia idei el\u0151ad\u00e1sainak jelent\u0151s r\u00e9sze a Fintech \u00e9s mesters\u00e9ges intelligencia t\u00e9mak\u00f6r\u00e9vel foglalkozott. Kutat\u00e1sok szerint j\u00f6v\u0151re az okosv\u00e1rosok sz\u00e1ma vil\u00e1gszerte el\u00e9ri a 600-at, az International Data Corporation (IDC) el\u0151rejelz\u00e9se alapj\u00e1n pedig 2022-re a vil\u00e1g GDP-j\u00e9nek t\u00f6bb mint 60 sz\u00e1zal\u00e9ka digit\u00e1lis j\u00f6vedelem lesz. Mindez azt jelenti, hogy \u00fajra kell tervezni a megl\u00e9v\u0151 \u00fczleti [&hellip;]<\/p>\n","protected":false},"author":1,"featured_media":2548,"comment_status":"open","ping_status":"open","sticky":false,"template":"","format":"standard","meta":{"_monsterinsights_skip_tracking":false,"footnotes":""},"categories":[198],"tags":[],"class_list":["post-3497","post","type-post","status-publish","format-standard","has-post-thumbnail","hentry","category-gazdasag"],"aioseo_notices":[],"aioseo_head":"\n\t\t<!-- All in One SEO 5.0.0.1 - aioseo.com -->\n\t<meta name=\"description\" content=\"A 16. Orsz\u00e1gos Gazdas\u00e1ginformatikai Konferencia idei el\u0151ad\u00e1sainak jelent\u0151s r\u00e9sze a Fintech \u00e9s mesters\u00e9ges intelligencia t\u00e9mak\u00f6r\u00e9vel foglalkozott. Kutat\u00e1sok szerint j\u00f6v\u0151re az okosv\u00e1rosok sz\u00e1ma vil\u00e1gszerte el\u00e9ri a 600-at, az International Data Corporation (IDC) el\u0151rejelz\u00e9se alapj\u00e1n pedig 2022-re a vil\u00e1g GDP-j\u00e9nek t\u00f6bb mint 60 sz\u00e1zal\u00e9ka digit\u00e1lis j\u00f6vedelem lesz. Mindez azt jelenti, hogy \u00fajra kell tervezni a megl\u00e9v\u0151 \u00fczleti\" \/>\n\t<meta name=\"robots\" content=\"max-image-preview:large\" \/>\n\t<meta name=\"author\" content=\"Juh\u00e1sz P\u00e9ter\"\/>\n\t<link rel=\"canonical\" href=\"https:\/\/allasorias.hu\/hirek\/digitalis-jovedelem-johet\/\" \/>\n\t<meta name=\"generator\" content=\"All in One SEO (AIOSEO) 5.0.0.1\" \/>\n\t\t<meta property=\"og:locale\" content=\"hu_HU\" \/>\n\t\t<meta property=\"og:site_name\" content=\"AllasOrias.hu | H\u00edrek-lapszemle | \u00dczleti h\u00edrek az \u00e1ll\u00e1s \u00e9s a munka vil\u00e1g\u00e1b\u00f3l\" \/>\n\t\t<meta property=\"og:type\" content=\"article\" \/>\n\t\t<meta property=\"og:title\" content=\"Digit\u00e1lis j\u00f6vedelem j\u00f6het ? | AllasOrias.hu | H\u00edrek-lapszemle\" \/>\n\t\t<meta property=\"og:description\" content=\"A 16. Orsz\u00e1gos Gazdas\u00e1ginformatikai Konferencia idei el\u0151ad\u00e1sainak jelent\u0151s r\u00e9sze a Fintech \u00e9s mesters\u00e9ges intelligencia t\u00e9mak\u00f6r\u00e9vel foglalkozott. Kutat\u00e1sok szerint j\u00f6v\u0151re az okosv\u00e1rosok sz\u00e1ma vil\u00e1gszerte el\u00e9ri a 600-at, az International Data Corporation (IDC) el\u0151rejelz\u00e9se alapj\u00e1n pedig 2022-re a vil\u00e1g GDP-j\u00e9nek t\u00f6bb mint 60 sz\u00e1zal\u00e9ka digit\u00e1lis j\u00f6vedelem lesz. Mindez azt jelenti, hogy \u00fajra kell tervezni a megl\u00e9v\u0151 \u00fczleti\" \/>\n\t\t<meta property=\"og:url\" content=\"https:\/\/allasorias.hu\/hirek\/digitalis-jovedelem-johet\/\" \/>\n\t\t<meta property=\"og:image\" content=\"https:\/\/allasorias.hu\/hirek\/wp-content\/uploads\/2019\/02\/network-3537401_640.jpg\" \/>\n\t\t<meta property=\"og:image:secure_url\" content=\"https:\/\/allasorias.hu\/hirek\/wp-content\/uploads\/2019\/02\/network-3537401_640.jpg\" \/>\n\t\t<meta property=\"og:image:width\" content=\"640\" \/>\n\t\t<meta property=\"og:image:height\" content=\"426\" \/>\n\t\t<meta property=\"article:published_time\" content=\"2019-11-15T08:46:20+00:00\" \/>\n\t\t<meta property=\"article:modified_time\" content=\"2019-11-15T08:46:52+00:00\" \/>\n\t\t<meta property=\"article:publisher\" content=\"https:\/\/www.facebook.com\/allasorias\" \/>\n\t\t<meta name=\"twitter:card\" content=\"summary_large_image\" \/>\n\t\t<meta name=\"twitter:title\" content=\"Digit\u00e1lis j\u00f6vedelem j\u00f6het ? | AllasOrias.hu | H\u00edrek-lapszemle\" \/>\n\t\t<meta name=\"twitter:description\" content=\"A 16. Orsz\u00e1gos Gazdas\u00e1ginformatikai Konferencia idei el\u0151ad\u00e1sainak jelent\u0151s r\u00e9sze a Fintech \u00e9s mesters\u00e9ges intelligencia t\u00e9mak\u00f6r\u00e9vel foglalkozott. Kutat\u00e1sok szerint j\u00f6v\u0151re az okosv\u00e1rosok sz\u00e1ma vil\u00e1gszerte el\u00e9ri a 600-at, az International Data Corporation (IDC) el\u0151rejelz\u00e9se alapj\u00e1n pedig 2022-re a vil\u00e1g GDP-j\u00e9nek t\u00f6bb mint 60 sz\u00e1zal\u00e9ka digit\u00e1lis j\u00f6vedelem lesz. Mindez azt jelenti, hogy \u00fajra kell tervezni a megl\u00e9v\u0151 \u00fczleti\" \/>\n\t\t<meta name=\"twitter:image\" content=\"https:\/\/allasorias.hu\/hirek\/wp-content\/uploads\/2019\/02\/network-3537401_640.jpg\" \/>\n\t\t<meta name=\"twitter:label1\" content=\"Written by\" \/>\n\t\t<meta name=\"twitter:data1\" content=\"Juh\u00e1sz P\u00e9ter\" \/>\n\t\t<meta name=\"twitter:label2\" content=\"Est. reading time\" \/>\n\t\t<meta name=\"twitter:data2\" content=\"2 minutes\" \/>\n\t\t<script type=\"application\/ld+json\" class=\"aioseo-schema\">\n\t\t\t{\"@context\":\"https:\\\/\\\/schema.org\",\"@graph\":[{\"@type\":\"Article\",\"@id\":\"https:\\\/\\\/allasorias.hu\\\/hirek\\\/digitalis-jovedelem-johet\\\/#article\",\"name\":\"Digit\\u00e1lis j\\u00f6vedelem j\\u00f6het ? | AllasOrias.hu | H\\u00edrek-lapszemle\",\"headline\":\"Digit\\u00e1lis j\\u00f6vedelem j\\u00f6het ?\",\"author\":{\"@id\":\"https:\\\/\\\/allasorias.hu\\\/hirek\\\/author\\\/admin-allasorias\\\/#author\"},\"publisher\":{\"@id\":\"https:\\\/\\\/allasorias.hu\\\/hirek\\\/#organization\"},\"image\":{\"@type\":\"ImageObject\",\"url\":\"https:\\\/\\\/allasorias.hu\\\/hirek\\\/wp-content\\\/uploads\\\/2019\\\/02\\\/network-3537401_640.jpg\",\"width\":640,\"height\":426},\"datePublished\":\"2019-11-15T08:46:20+02:00\",\"dateModified\":\"2019-11-15T08:46:52+02:00\",\"inLanguage\":\"hu-HU\",\"mainEntityOfPage\":{\"@id\":\"https:\\\/\\\/allasorias.hu\\\/hirek\\\/digitalis-jovedelem-johet\\\/#webpage\"},\"isPartOf\":{\"@id\":\"https:\\\/\\\/allasorias.hu\\\/hirek\\\/digitalis-jovedelem-johet\\\/#webpage\"},\"articleSection\":\"Gazdas\\u00e1g\"},{\"@type\":\"BreadcrumbList\",\"@id\":\"https:\\\/\\\/allasorias.hu\\\/hirek\\\/digitalis-jovedelem-johet\\\/#breadcrumblist\",\"itemListElement\":[{\"@type\":\"ListItem\",\"@id\":\"https:\\\/\\\/allasorias.hu\\\/hirek#listItem\",\"position\":1,\"name\":\"Home\",\"item\":\"https:\\\/\\\/allasorias.hu\\\/hirek\",\"nextItem\":{\"@type\":\"ListItem\",\"@id\":\"https:\\\/\\\/allasorias.hu\\\/hirek\\\/temak\\\/gazdasag\\\/#listItem\",\"name\":\"Gazdas\\u00e1g\"}},{\"@type\":\"ListItem\",\"@id\":\"https:\\\/\\\/allasorias.hu\\\/hirek\\\/temak\\\/gazdasag\\\/#listItem\",\"position\":2,\"name\":\"Gazdas\\u00e1g\",\"item\":\"https:\\\/\\\/allasorias.hu\\\/hirek\\\/temak\\\/gazdasag\\\/\",\"nextItem\":{\"@type\":\"ListItem\",\"@id\":\"https:\\\/\\\/allasorias.hu\\\/hirek\\\/digitalis-jovedelem-johet\\\/#listItem\",\"name\":\"Digit\\u00e1lis j\\u00f6vedelem j\\u00f6het ?\"},\"previousItem\":{\"@type\":\"ListItem\",\"@id\":\"https:\\\/\\\/allasorias.hu\\\/hirek#listItem\",\"name\":\"Home\"}},{\"@type\":\"ListItem\",\"@id\":\"https:\\\/\\\/allasorias.hu\\\/hirek\\\/digitalis-jovedelem-johet\\\/#listItem\",\"position\":3,\"name\":\"Digit\\u00e1lis j\\u00f6vedelem j\\u00f6het ?\",\"previousItem\":{\"@type\":\"ListItem\",\"@id\":\"https:\\\/\\\/allasorias.hu\\\/hirek\\\/temak\\\/gazdasag\\\/#listItem\",\"name\":\"Gazdas\\u00e1g\"}}]},{\"@type\":\"Organization\",\"@id\":\"https:\\\/\\\/allasorias.hu\\\/hirek\\\/#organization\",\"name\":\"AllasOrias.hu | H\\u00edrek-lapszemle\",\"description\":\"\\u00dczleti h\\u00edrek az \\u00e1ll\\u00e1s \\u00e9s a munka vil\\u00e1g\\u00e1b\\u00f3l\",\"url\":\"https:\\\/\\\/allasorias.hu\\\/hirek\\\/\",\"logo\":{\"@type\":\"ImageObject\",\"url\":\"https:\\\/\\\/allasorias.hu\\\/hirek\\\/wp-content\\\/uploads\\\/2022\\\/10\\\/allasorias_site_facebok_logo.png\",\"@id\":\"https:\\\/\\\/allasorias.hu\\\/hirek\\\/digitalis-jovedelem-johet\\\/#organizationLogo\"},\"image\":{\"@id\":\"https:\\\/\\\/allasorias.hu\\\/hirek\\\/digitalis-jovedelem-johet\\\/#organizationLogo\"},\"sameAs\":[\"https:\\\/\\\/www.facebook.com\\\/allasorias\",\"https:\\\/\\\/www.linkedin.com\\\/company\\\/allasorias\"]},{\"@type\":\"Person\",\"@id\":\"https:\\\/\\\/allasorias.hu\\\/hirek\\\/author\\\/admin-allasorias\\\/#author\",\"url\":\"https:\\\/\\\/allasorias.hu\\\/hirek\\\/author\\\/admin-allasorias\\\/\",\"name\":\"Juh\\u00e1sz P\\u00e9ter\",\"image\":{\"@type\":\"ImageObject\",\"@id\":\"https:\\\/\\\/allasorias.hu\\\/hirek\\\/digitalis-jovedelem-johet\\\/#authorImage\",\"url\":\"https:\\\/\\\/secure.gravatar.com\\\/avatar\\\/36e6bcb83148978b992977cb0f54d22feb0cce8a0a849a9410532bb2623ba4c6?s=96&d=mm&r=g\",\"width\":96,\"height\":96,\"caption\":\"Juh\\u00e1sz P\\u00e9ter\"}},{\"@type\":\"WebPage\",\"@id\":\"https:\\\/\\\/allasorias.hu\\\/hirek\\\/digitalis-jovedelem-johet\\\/#webpage\",\"url\":\"https:\\\/\\\/allasorias.hu\\\/hirek\\\/digitalis-jovedelem-johet\\\/\",\"name\":\"Digit\\u00e1lis j\\u00f6vedelem j\\u00f6het ? | AllasOrias.hu | H\\u00edrek-lapszemle\",\"description\":\"A 16. Orsz\\u00e1gos Gazdas\\u00e1ginformatikai Konferencia idei el\\u0151ad\\u00e1sainak jelent\\u0151s r\\u00e9sze a Fintech \\u00e9s mesters\\u00e9ges intelligencia t\\u00e9mak\\u00f6r\\u00e9vel foglalkozott. Kutat\\u00e1sok szerint j\\u00f6v\\u0151re az okosv\\u00e1rosok sz\\u00e1ma vil\\u00e1gszerte el\\u00e9ri a 600-at, az International Data Corporation (IDC) el\\u0151rejelz\\u00e9se alapj\\u00e1n pedig 2022-re a vil\\u00e1g GDP-j\\u00e9nek t\\u00f6bb mint 60 sz\\u00e1zal\\u00e9ka digit\\u00e1lis j\\u00f6vedelem lesz. Mindez azt jelenti, hogy \\u00fajra kell tervezni a megl\\u00e9v\\u0151 \\u00fczleti\",\"inLanguage\":\"hu-HU\",\"isPartOf\":{\"@id\":\"https:\\\/\\\/allasorias.hu\\\/hirek\\\/#website\"},\"breadcrumb\":{\"@id\":\"https:\\\/\\\/allasorias.hu\\\/hirek\\\/digitalis-jovedelem-johet\\\/#breadcrumblist\"},\"author\":{\"@id\":\"https:\\\/\\\/allasorias.hu\\\/hirek\\\/author\\\/admin-allasorias\\\/#author\"},\"creator\":{\"@id\":\"https:\\\/\\\/allasorias.hu\\\/hirek\\\/author\\\/admin-allasorias\\\/#author\"},\"image\":{\"@type\":\"ImageObject\",\"url\":\"https:\\\/\\\/allasorias.hu\\\/hirek\\\/wp-content\\\/uploads\\\/2019\\\/02\\\/network-3537401_640.jpg\",\"@id\":\"https:\\\/\\\/allasorias.hu\\\/hirek\\\/digitalis-jovedelem-johet\\\/#mainImage\",\"width\":640,\"height\":426},\"primaryImageOfPage\":{\"@id\":\"https:\\\/\\\/allasorias.hu\\\/hirek\\\/digitalis-jovedelem-johet\\\/#mainImage\"},\"datePublished\":\"2019-11-15T08:46:20+02:00\",\"dateModified\":\"2019-11-15T08:46:52+02:00\"},{\"@type\":\"WebSite\",\"@id\":\"https:\\\/\\\/allasorias.hu\\\/hirek\\\/#website\",\"url\":\"https:\\\/\\\/allasorias.hu\\\/hirek\\\/\",\"name\":\"AllasOrias.hu | H\\u00edrek-lapszemle\",\"description\":\"\\u00dczleti h\\u00edrek az \\u00e1ll\\u00e1s \\u00e9s a munka vil\\u00e1g\\u00e1b\\u00f3l\",\"inLanguage\":\"hu-HU\",\"publisher\":{\"@id\":\"https:\\\/\\\/allasorias.hu\\\/hirek\\\/#organization\"}}]}\n\t\t<\/script>\n\t\t<!-- All in One SEO -->\n\n","aioseo_head_json":{"title":"Digit\u00e1lis j\u00f6vedelem j\u00f6het ? | AllasOrias.hu | H\u00edrek-lapszemle","description":"A 16. Orsz\u00e1gos Gazdas\u00e1ginformatikai Konferencia idei el\u0151ad\u00e1sainak jelent\u0151s r\u00e9sze a Fintech \u00e9s mesters\u00e9ges intelligencia t\u00e9mak\u00f6r\u00e9vel foglalkozott. Kutat\u00e1sok szerint j\u00f6v\u0151re az okosv\u00e1rosok sz\u00e1ma vil\u00e1gszerte el\u00e9ri a 600-at, az International Data Corporation (IDC) el\u0151rejelz\u00e9se alapj\u00e1n pedig 2022-re a vil\u00e1g GDP-j\u00e9nek t\u00f6bb mint 60 sz\u00e1zal\u00e9ka digit\u00e1lis j\u00f6vedelem lesz. Mindez azt jelenti, hogy \u00fajra kell tervezni a megl\u00e9v\u0151 \u00fczleti","canonical_url":"https:\/\/allasorias.hu\/hirek\/digitalis-jovedelem-johet\/","robots":"max-image-preview:large","keywords":"","webmasterTools":{"miscellaneous":""},"schema":{"@context":"https:\/\/schema.org","@graph":[{"@type":"Article","@id":"https:\/\/allasorias.hu\/hirek\/digitalis-jovedelem-johet\/#article","name":"Digit\u00e1lis j\u00f6vedelem j\u00f6het ? | AllasOrias.hu | H\u00edrek-lapszemle","headline":"Digit\u00e1lis j\u00f6vedelem j\u00f6het ?","author":{"@id":"https:\/\/allasorias.hu\/hirek\/author\/admin-allasorias\/#author"},"publisher":{"@id":"https:\/\/allasorias.hu\/hirek\/#organization"},"image":{"@type":"ImageObject","url":"https:\/\/allasorias.hu\/hirek\/wp-content\/uploads\/2019\/02\/network-3537401_640.jpg","width":640,"height":426},"datePublished":"2019-11-15T08:46:20+02:00","dateModified":"2019-11-15T08:46:52+02:00","inLanguage":"hu-HU","mainEntityOfPage":{"@id":"https:\/\/allasorias.hu\/hirek\/digitalis-jovedelem-johet\/#webpage"},"isPartOf":{"@id":"https:\/\/allasorias.hu\/hirek\/digitalis-jovedelem-johet\/#webpage"},"articleSection":"Gazdas\u00e1g"},{"@type":"BreadcrumbList","@id":"https:\/\/allasorias.hu\/hirek\/digitalis-jovedelem-johet\/#breadcrumblist","itemListElement":[{"@type":"ListItem","@id":"https:\/\/allasorias.hu\/hirek#listItem","position":1,"name":"Home","item":"https:\/\/allasorias.hu\/hirek","nextItem":{"@type":"ListItem","@id":"https:\/\/allasorias.hu\/hirek\/temak\/gazdasag\/#listItem","name":"Gazdas\u00e1g"}},{"@type":"ListItem","@id":"https:\/\/allasorias.hu\/hirek\/temak\/gazdasag\/#listItem","position":2,"name":"Gazdas\u00e1g","item":"https:\/\/allasorias.hu\/hirek\/temak\/gazdasag\/","nextItem":{"@type":"ListItem","@id":"https:\/\/allasorias.hu\/hirek\/digitalis-jovedelem-johet\/#listItem","name":"Digit\u00e1lis j\u00f6vedelem j\u00f6het ?"},"previousItem":{"@type":"ListItem","@id":"https:\/\/allasorias.hu\/hirek#listItem","name":"Home"}},{"@type":"ListItem","@id":"https:\/\/allasorias.hu\/hirek\/digitalis-jovedelem-johet\/#listItem","position":3,"name":"Digit\u00e1lis j\u00f6vedelem j\u00f6het ?","previousItem":{"@type":"ListItem","@id":"https:\/\/allasorias.hu\/hirek\/temak\/gazdasag\/#listItem","name":"Gazdas\u00e1g"}}]},{"@type":"Organization","@id":"https:\/\/allasorias.hu\/hirek\/#organization","name":"AllasOrias.hu | H\u00edrek-lapszemle","description":"\u00dczleti h\u00edrek az \u00e1ll\u00e1s \u00e9s a munka vil\u00e1g\u00e1b\u00f3l","url":"https:\/\/allasorias.hu\/hirek\/","logo":{"@type":"ImageObject","url":"https:\/\/allasorias.hu\/hirek\/wp-content\/uploads\/2022\/10\/allasorias_site_facebok_logo.png","@id":"https:\/\/allasorias.hu\/hirek\/digitalis-jovedelem-johet\/#organizationLogo"},"image":{"@id":"https:\/\/allasorias.hu\/hirek\/digitalis-jovedelem-johet\/#organizationLogo"},"sameAs":["https:\/\/www.facebook.com\/allasorias","https:\/\/www.linkedin.com\/company\/allasorias"]},{"@type":"Person","@id":"https:\/\/allasorias.hu\/hirek\/author\/admin-allasorias\/#author","url":"https:\/\/allasorias.hu\/hirek\/author\/admin-allasorias\/","name":"Juh\u00e1sz P\u00e9ter","image":{"@type":"ImageObject","@id":"https:\/\/allasorias.hu\/hirek\/digitalis-jovedelem-johet\/#authorImage","url":"https:\/\/secure.gravatar.com\/avatar\/36e6bcb83148978b992977cb0f54d22feb0cce8a0a849a9410532bb2623ba4c6?s=96&d=mm&r=g","width":96,"height":96,"caption":"Juh\u00e1sz P\u00e9ter"}},{"@type":"WebPage","@id":"https:\/\/allasorias.hu\/hirek\/digitalis-jovedelem-johet\/#webpage","url":"https:\/\/allasorias.hu\/hirek\/digitalis-jovedelem-johet\/","name":"Digit\u00e1lis j\u00f6vedelem j\u00f6het ? | AllasOrias.hu | H\u00edrek-lapszemle","description":"A 16. Orsz\u00e1gos Gazdas\u00e1ginformatikai Konferencia idei el\u0151ad\u00e1sainak jelent\u0151s r\u00e9sze a Fintech \u00e9s mesters\u00e9ges intelligencia t\u00e9mak\u00f6r\u00e9vel foglalkozott. Kutat\u00e1sok szerint j\u00f6v\u0151re az okosv\u00e1rosok sz\u00e1ma vil\u00e1gszerte el\u00e9ri a 600-at, az International Data Corporation (IDC) el\u0151rejelz\u00e9se alapj\u00e1n pedig 2022-re a vil\u00e1g GDP-j\u00e9nek t\u00f6bb mint 60 sz\u00e1zal\u00e9ka digit\u00e1lis j\u00f6vedelem lesz. Mindez azt jelenti, hogy \u00fajra kell tervezni a megl\u00e9v\u0151 \u00fczleti","inLanguage":"hu-HU","isPartOf":{"@id":"https:\/\/allasorias.hu\/hirek\/#website"},"breadcrumb":{"@id":"https:\/\/allasorias.hu\/hirek\/digitalis-jovedelem-johet\/#breadcrumblist"},"author":{"@id":"https:\/\/allasorias.hu\/hirek\/author\/admin-allasorias\/#author"},"creator":{"@id":"https:\/\/allasorias.hu\/hirek\/author\/admin-allasorias\/#author"},"image":{"@type":"ImageObject","url":"https:\/\/allasorias.hu\/hirek\/wp-content\/uploads\/2019\/02\/network-3537401_640.jpg","@id":"https:\/\/allasorias.hu\/hirek\/digitalis-jovedelem-johet\/#mainImage","width":640,"height":426},"primaryImageOfPage":{"@id":"https:\/\/allasorias.hu\/hirek\/digitalis-jovedelem-johet\/#mainImage"},"datePublished":"2019-11-15T08:46:20+02:00","dateModified":"2019-11-15T08:46:52+02:00"},{"@type":"WebSite","@id":"https:\/\/allasorias.hu\/hirek\/#website","url":"https:\/\/allasorias.hu\/hirek\/","name":"AllasOrias.hu | H\u00edrek-lapszemle","description":"\u00dczleti h\u00edrek az \u00e1ll\u00e1s \u00e9s a munka vil\u00e1g\u00e1b\u00f3l","inLanguage":"hu-HU","publisher":{"@id":"https:\/\/allasorias.hu\/hirek\/#organization"}}]},"og:locale":"hu_HU","og:site_name":"AllasOrias.hu | H\u00edrek-lapszemle | \u00dczleti h\u00edrek az \u00e1ll\u00e1s \u00e9s a munka vil\u00e1g\u00e1b\u00f3l","og:type":"article","og:title":"Digit\u00e1lis j\u00f6vedelem j\u00f6het ? | AllasOrias.hu | H\u00edrek-lapszemle","og:description":"A 16. Orsz\u00e1gos Gazdas\u00e1ginformatikai Konferencia idei el\u0151ad\u00e1sainak jelent\u0151s r\u00e9sze a Fintech \u00e9s mesters\u00e9ges intelligencia t\u00e9mak\u00f6r\u00e9vel foglalkozott. Kutat\u00e1sok szerint j\u00f6v\u0151re az okosv\u00e1rosok sz\u00e1ma vil\u00e1gszerte el\u00e9ri a 600-at, az International Data Corporation (IDC) el\u0151rejelz\u00e9se alapj\u00e1n pedig 2022-re a vil\u00e1g GDP-j\u00e9nek t\u00f6bb mint 60 sz\u00e1zal\u00e9ka digit\u00e1lis j\u00f6vedelem lesz. Mindez azt jelenti, hogy \u00fajra kell tervezni a megl\u00e9v\u0151 \u00fczleti","og:url":"https:\/\/allasorias.hu\/hirek\/digitalis-jovedelem-johet\/","og:image":"https:\/\/allasorias.hu\/hirek\/wp-content\/uploads\/2019\/02\/network-3537401_640.jpg","og:image:secure_url":"https:\/\/allasorias.hu\/hirek\/wp-content\/uploads\/2019\/02\/network-3537401_640.jpg","og:image:width":640,"og:image:height":426,"article:published_time":"2019-11-15T08:46:20+00:00","article:modified_time":"2019-11-15T08:46:52+00:00","article:publisher":"https:\/\/www.facebook.com\/allasorias","twitter:card":"summary_large_image","twitter:title":"Digit\u00e1lis j\u00f6vedelem j\u00f6het ? | AllasOrias.hu | H\u00edrek-lapszemle","twitter:description":"A 16. Orsz\u00e1gos Gazdas\u00e1ginformatikai Konferencia idei el\u0151ad\u00e1sainak jelent\u0151s r\u00e9sze a Fintech \u00e9s mesters\u00e9ges intelligencia t\u00e9mak\u00f6r\u00e9vel foglalkozott. Kutat\u00e1sok szerint j\u00f6v\u0151re az okosv\u00e1rosok sz\u00e1ma vil\u00e1gszerte el\u00e9ri a 600-at, az International Data Corporation (IDC) el\u0151rejelz\u00e9se alapj\u00e1n pedig 2022-re a vil\u00e1g GDP-j\u00e9nek t\u00f6bb mint 60 sz\u00e1zal\u00e9ka digit\u00e1lis j\u00f6vedelem lesz. Mindez azt jelenti, hogy \u00fajra kell tervezni a megl\u00e9v\u0151 \u00fczleti","twitter:image":"https:\/\/allasorias.hu\/hirek\/wp-content\/uploads\/2019\/02\/network-3537401_640.jpg","twitter:label1":"Written by","twitter:data1":"Juh\u00e1sz P\u00e9ter","twitter:label2":"Est. reading time","twitter:data2":"2 minutes"},"aioseo_meta_data":{"post_id":"3497","title":null,"description":null,"keywords":null,"keyphrases":null,"primary_term":null,"canonical_url":null,"og_title":null,"og_description":null,"og_object_type":"default","og_image_type":"default","og_image_url":null,"og_image_width":null,"og_image_height":null,"og_image_custom_url":null,"og_image_custom_fields":null,"og_video":null,"og_custom_url":null,"og_article_section":null,"og_article_tags":null,"twitter_use_og":false,"twitter_card":"default","twitter_image_type":"default","twitter_image_url":null,"twitter_image_custom_url":null,"twitter_image_custom_fields":null,"twitter_title":null,"twitter_description":null,"schema":{"blockGraphs":[],"customGraphs":[],"default":{"data":{"Article":[],"Course":[],"Dataset":[],"FAQPage":[],"Movie":[],"Person":[],"Product":[],"ProductReview":[],"Car":[],"Recipe":[],"Service":[],"SoftwareApplication":[],"WebPage":[]},"graphName":"","isEnabled":true},"graphs":[]},"schema_type":null,"schema_type_options":null,"pillar_content":false,"robots_default":true,"robots_noindex":false,"robots_noarchive":false,"robots_nosnippet":false,"robots_nofollow":false,"robots_noimageindex":false,"robots_noodp":false,"robots_notranslate":false,"robots_max_snippet":null,"robots_max_videopreview":null,"robots_max_imagepreview":"large","priority":null,"frequency":null,"location":null,"local_seo":null,"breadcrumb_settings":null,"limit_modified_date":false,"ai":null,"created":"2021-02-01 22:56:23","updated":"2025-10-02 12:16:03","seo_analyzer_scan_date":null,"focus_keyword":null,"additional_keywords":null,"truseo_locale":null},"aioseo_breadcrumb":"<div class=\"aioseo-breadcrumbs\"><span class=\"aioseo-breadcrumb\">\n\t\t\t<a href=\"https:\/\/allasorias.hu\/hirek\" title=\"Home\">Home<\/a>\n\t\t<\/span><span class=\"aioseo-breadcrumb-separator\">&raquo;<\/span><span class=\"aioseo-breadcrumb\">\n\t\t\t<a href=\"https:\/\/allasorias.hu\/hirek\/temak\/gazdasag\/\" title=\"Gazdas\u00e1g\">Gazdas\u00e1g<\/a>\n\t\t<\/span><span class=\"aioseo-breadcrumb-separator\">&raquo;<\/span><span class=\"aioseo-breadcrumb\">\n\t\t\tDigit\u00e1lis j\u00f6vedelem j\u00f6het ?\n\t\t<\/span><\/div>","aioseo_breadcrumb_json":[{"label":"Home","link":"https:\/\/allasorias.hu\/hirek"},{"label":"Gazdas\u00e1g","link":"https:\/\/allasorias.hu\/hirek\/temak\/gazdasag\/"},{"label":"Digit\u00e1lis j\u00f6vedelem j\u00f6het ?","link":"https:\/\/allasorias.hu\/hirek\/digitalis-jovedelem-johet\/"}],"_links":{"self":[{"href":"https:\/\/allasorias.hu\/hirek\/wp-json\/wp\/v2\/posts\/3497","targetHints":{"allow":["GET"]}}],"collection":[{"href":"https:\/\/allasorias.hu\/hirek\/wp-json\/wp\/v2\/posts"}],"about":[{"href":"https:\/\/allasorias.hu\/hirek\/wp-json\/wp\/v2\/types\/post"}],"author":[{"embeddable":true,"href":"https:\/\/allasorias.hu\/hirek\/wp-json\/wp\/v2\/users\/1"}],"replies":[{"embeddable":true,"href":"https:\/\/allasorias.hu\/hirek\/wp-json\/wp\/v2\/comments?post=3497"}],"version-history":[{"count":1,"href":"https:\/\/allasorias.hu\/hirek\/wp-json\/wp\/v2\/posts\/3497\/revisions"}],"predecessor-version":[{"id":3498,"href":"https:\/\/allasorias.hu\/hirek\/wp-json\/wp\/v2\/posts\/3497\/revisions\/3498"}],"wp:featuredmedia":[{"embeddable":true,"href":"https:\/\/allasorias.hu\/hirek\/wp-json\/wp\/v2\/media\/2548"}],"wp:attachment":[{"href":"https:\/\/allasorias.hu\/hirek\/wp-json\/wp\/v2\/media?parent=3497"}],"wp:term":[{"taxonomy":"category","embeddable":true,"href":"https:\/\/allasorias.hu\/hirek\/wp-json\/wp\/v2\/categories?post=3497"},{"taxonomy":"post_tag","embeddable":true,"href":"https:\/\/allasorias.hu\/hirek\/wp-json\/wp\/v2\/tags?post=3497"}],"curies":[{"name":"wp","href":"https:\/\/api.w.org\/{rel}","templated":true}]}}