{"id":3490,"date":"2019-11-14T08:37:03","date_gmt":"2019-11-14T08:37:03","guid":{"rendered":"https:\/\/allasorias.hu\/hirek\/?p=3490"},"modified":"2019-11-14T08:40:29","modified_gmt":"2019-11-14T08:40:29","slug":"nagyszuloi-gyed-jogosultsagokkal","status":"publish","type":"post","link":"https:\/\/allasorias.hu\/hirek\/nagyszuloi-gyed-jogosultsagokkal\/","title":{"rendered":"Nagysz\u00fcl\u0151i gyed jogosults\u00e1gokkal"},"content":{"rendered":"<p><strong>Megteremti a korm\u00e1ny a munkav\u00e1llal\u00f3k v\u00e9delm\u00e9t a janu\u00e1rt\u00f3l \u00e9letbe l\u00e9p\u0151 nagysz\u00fcl\u0151i gyedet ig\u00e9nybe vev\u0151knek a munka t\u00f6rv\u00e9nyk\u00f6nyv\u00e9nek m\u00f3dos\u00edt\u00e1s\u00e1val \u2013 k\u00f6z\u00f6lte az Emberi Er\u0151forr\u00e1sok Miniszt\u00e9riuma. A k\u00f6zlem\u00e9ny szerint a miniszt\u00e9rium t\u00f6bb, a csal\u00e1dok v\u00e9delm\u00e9vel \u00f6sszef\u00fcgg\u0151 t\u00f6rv\u00e9ny technikai m\u00f3dos\u00edt\u00e1s\u00e1t terjesztette kedden az Orsz\u00e1ggy\u0171l\u00e9s el\u00e9. <\/strong><\/p>\n<p>A m\u00f3dos\u00edt\u00e1s c\u00e9lja, hogy megteremtse a nagysz\u00fcl\u0151i gyermekgondoz\u00e1si d\u00edj munkajogi pill\u00e9r\u00e9t, \u00e9s kimondja, hogy a gyermekgondoz\u00e1si d\u00edj id\u0151tartam\u00e1ra a nagysz\u00fcl\u0151 fizet\u00e9s n\u00e9lk\u00fcli szabads\u00e1gra jogosult. A javaslat \u00e9rtelm\u00e9ben ezen id\u0151tartam alatt a munkav\u00e1llal\u00f3 felmond\u00e1si v\u00e9delemben is r\u00e9szes\u00fcl, tov\u00e1bb\u00e1 ez az id\u0151szak a szabads\u00e1g \u00e9s a v\u00e9gkiel\u00e9g\u00edt\u00e9sre val\u00f3 jogosults\u00e1g szempontj\u00e1b\u00f3l jogos\u00edt\u00f3 id\u0151nek min\u0151s\u00fcl \u2013 ismertett\u00e9k a r\u00e9szleteket. A k\u00f6zlem\u00e9nyb\u0151l az is kider\u00fclt, hogy a t\u00f6rv\u00e9nycsomag emellett t\u00f6bb, a gyermeket nevel\u0151 magyar csal\u00e1dok helyzet\u00e9nek jav\u00edt\u00e1s\u00e1t \u00e9s a szoci\u00e1lis biztons\u00e1g er\u0151s\u00edt\u00e9s\u00e9t szolg\u00e1l\u00f3 m\u00f3dos\u00edt\u00e1st is tartalmaz, amelyek t\u00f6bbek k\u00f6z\u00f6tt tov\u00e1bb er\u0151s\u00edtik a gyermekek v\u00e9delm\u00e9t. A csal\u00e1dv\u00e9delmi akci\u00f3terv keret\u00e9ben a korm\u00e1ny janu\u00e1rt\u00f3l bevezeti a nagysz\u00fcl\u0151i gyedet, amely lehet\u0151s\u00e9get ad arra, hogy a munkaer\u0151piacon akt\u00edv nagysz\u00fcl\u0151 az unoka k\u00e9t\u00e9ves kor\u00e1ig \u2013 ikrek eset\u00e9n h\u00e1rom\u00e9ves korig \u2013 otthon maradhasson a gyermekkel, ha a gyermek ut\u00e1n m\u00e1s nem kap gyermekgondoz\u00e1st seg\u00edt\u0151 ell\u00e1t\u00e1st. A nagysz\u00fcl\u0151i gyed \u00e1tlagfizet\u00e9s eset\u00e9n 208 ezer forint havi t\u00e1mogat\u00e1st jelent, t\u00f6bb unoka ut\u00e1n t\u00f6bbsz\u00f6r\u00f6sen is ig\u00e9nybe vehet\u0151, \u00e9s a nyugd\u00edj szempontj\u00e1b\u00f3l jogosults\u00e1gi id\u0151nek sz\u00e1m\u00edt \u2013 \u00edrt\u00e1k. Az ig\u00e9nybev\u00e9tel felt\u00e9telei, hogy a sz\u00fcl\u0151k jogosultak legyenek a gyedre, \u00e9s hogy nyilatkozzanak arr\u00f3l, egyet\u00e9rtenek a gyermekgondoz\u00e1si d\u00edj nagysz\u00fcl\u0151 \u00e1ltali ig\u00e9nybev\u00e9tel\u00e9vel. Emellett a nagysz\u00fcl\u0151nek is jogosultnak kell lennie a gyedre, azaz a gyermek sz\u00fclet\u00e9s\u00e9t megel\u0151z\u0151 k\u00e9t \u00e9ven bel\u00fcl 365 napon \u00e1t biztos\u00edtottnak kell lennie. Felt\u00e9tel tov\u00e1bb\u00e1, hogy a gyermeknek a sz\u00fcl\u0151vel kell \u00e9lnie, a nagysz\u00fcl\u0151 azonban napk\u00f6zben vigy\u00e1zhat r\u00e1 a saj\u00e1t lak\u00e1s\u00e1ban. A nagysz\u00fcl\u0151 a gyed mellett pedig csak akkor dolgozhat, ha a munkav\u00e9gz\u00e9s az otthon\u00e1ban t\u00f6rt\u00e9nik \u2013 olvashat\u00f3 a k\u00f6zlem\u00e9nyben.<\/p>\n<p>Forr\u00e1s: magyarnemzet.hu<\/p>\n","protected":false},"excerpt":{"rendered":"<p>Megteremti a korm\u00e1ny a munkav\u00e1llal\u00f3k v\u00e9delm\u00e9t a janu\u00e1rt\u00f3l \u00e9letbe l\u00e9p\u0151 nagysz\u00fcl\u0151i gyedet ig\u00e9nybe vev\u0151knek a munka t\u00f6rv\u00e9nyk\u00f6nyv\u00e9nek m\u00f3dos\u00edt\u00e1s\u00e1val \u2013 k\u00f6z\u00f6lte az Emberi Er\u0151forr\u00e1sok Miniszt\u00e9riuma. A k\u00f6zlem\u00e9ny szerint a miniszt\u00e9rium t\u00f6bb, a csal\u00e1dok v\u00e9delm\u00e9vel \u00f6sszef\u00fcgg\u0151 t\u00f6rv\u00e9ny technikai m\u00f3dos\u00edt\u00e1s\u00e1t terjesztette kedden az Orsz\u00e1ggy\u0171l\u00e9s el\u00e9. A m\u00f3dos\u00edt\u00e1s c\u00e9lja, hogy megteremtse a nagysz\u00fcl\u0151i gyermekgondoz\u00e1si d\u00edj munkajogi pill\u00e9r\u00e9t, \u00e9s kimondja, [&hellip;]<\/p>\n","protected":false},"author":1,"featured_media":2584,"comment_status":"open","ping_status":"open","sticky":false,"template":"","format":"standard","meta":{"_monsterinsights_skip_tracking":false,"footnotes":""},"categories":[198],"tags":[],"class_list":["post-3490","post","type-post","status-publish","format-standard","has-post-thumbnail","hentry","category-gazdasag"],"aioseo_notices":[],"aioseo_head":"\n\t\t<!-- All in One SEO 5.0.0.1 - aioseo.com -->\n\t<meta name=\"description\" content=\"Megteremti a korm\u00e1ny a munkav\u00e1llal\u00f3k v\u00e9delm\u00e9t a janu\u00e1rt\u00f3l \u00e9letbe l\u00e9p\u0151 nagysz\u00fcl\u0151i gyedet ig\u00e9nybe vev\u0151knek a munka t\u00f6rv\u00e9nyk\u00f6nyv\u00e9nek m\u00f3dos\u00edt\u00e1s\u00e1val \u2013 k\u00f6z\u00f6lte az Emberi Er\u0151forr\u00e1sok Miniszt\u00e9riuma. A k\u00f6zlem\u00e9ny szerint a miniszt\u00e9rium t\u00f6bb, a csal\u00e1dok v\u00e9delm\u00e9vel \u00f6sszef\u00fcgg\u0151 t\u00f6rv\u00e9ny technikai m\u00f3dos\u00edt\u00e1s\u00e1t terjesztette kedden az Orsz\u00e1ggy\u0171l\u00e9s el\u00e9. A m\u00f3dos\u00edt\u00e1s c\u00e9lja, hogy megteremtse a nagysz\u00fcl\u0151i gyermekgondoz\u00e1si d\u00edj munkajogi pill\u00e9r\u00e9t, \u00e9s kimondja,\" \/>\n\t<meta name=\"robots\" content=\"max-image-preview:large\" \/>\n\t<meta name=\"author\" content=\"Juh\u00e1sz P\u00e9ter\"\/>\n\t<link rel=\"canonical\" href=\"https:\/\/allasorias.hu\/hirek\/nagyszuloi-gyed-jogosultsagokkal\/\" \/>\n\t<meta name=\"generator\" content=\"All in One SEO (AIOSEO) 5.0.0.1\" \/>\n\t\t<meta property=\"og:locale\" content=\"hu_HU\" \/>\n\t\t<meta property=\"og:site_name\" content=\"AllasOrias.hu | H\u00edrek-lapszemle | \u00dczleti h\u00edrek az \u00e1ll\u00e1s \u00e9s a munka vil\u00e1g\u00e1b\u00f3l\" \/>\n\t\t<meta property=\"og:type\" content=\"article\" \/>\n\t\t<meta property=\"og:title\" content=\"Nagysz\u00fcl\u0151i gyed jogosults\u00e1gokkal | AllasOrias.hu | H\u00edrek-lapszemle\" \/>\n\t\t<meta property=\"og:description\" content=\"Megteremti a korm\u00e1ny a munkav\u00e1llal\u00f3k v\u00e9delm\u00e9t a janu\u00e1rt\u00f3l \u00e9letbe l\u00e9p\u0151 nagysz\u00fcl\u0151i gyedet ig\u00e9nybe vev\u0151knek a munka t\u00f6rv\u00e9nyk\u00f6nyv\u00e9nek m\u00f3dos\u00edt\u00e1s\u00e1val \u2013 k\u00f6z\u00f6lte az Emberi Er\u0151forr\u00e1sok Miniszt\u00e9riuma. A k\u00f6zlem\u00e9ny szerint a miniszt\u00e9rium t\u00f6bb, a csal\u00e1dok v\u00e9delm\u00e9vel \u00f6sszef\u00fcgg\u0151 t\u00f6rv\u00e9ny technikai m\u00f3dos\u00edt\u00e1s\u00e1t terjesztette kedden az Orsz\u00e1ggy\u0171l\u00e9s el\u00e9. A m\u00f3dos\u00edt\u00e1s c\u00e9lja, hogy megteremtse a nagysz\u00fcl\u0151i gyermekgondoz\u00e1si d\u00edj munkajogi pill\u00e9r\u00e9t, \u00e9s kimondja,\" \/>\n\t\t<meta property=\"og:url\" content=\"https:\/\/allasorias.hu\/hirek\/nagyszuloi-gyed-jogosultsagokkal\/\" \/>\n\t\t<meta property=\"og:image\" content=\"https:\/\/allasorias.hu\/hirek\/wp-content\/uploads\/2019\/02\/pexels-photo-302083.jpeg\" \/>\n\t\t<meta property=\"og:image:secure_url\" content=\"https:\/\/allasorias.hu\/hirek\/wp-content\/uploads\/2019\/02\/pexels-photo-302083.jpeg\" \/>\n\t\t<meta property=\"og:image:width\" content=\"640\" \/>\n\t\t<meta property=\"og:image:height\" content=\"426\" \/>\n\t\t<meta property=\"article:published_time\" content=\"2019-11-14T08:37:03+00:00\" \/>\n\t\t<meta property=\"article:modified_time\" content=\"2019-11-14T08:40:29+00:00\" \/>\n\t\t<meta property=\"article:publisher\" content=\"https:\/\/www.facebook.com\/allasorias\" \/>\n\t\t<meta name=\"twitter:card\" content=\"summary_large_image\" \/>\n\t\t<meta name=\"twitter:title\" content=\"Nagysz\u00fcl\u0151i gyed jogosults\u00e1gokkal | AllasOrias.hu | H\u00edrek-lapszemle\" \/>\n\t\t<meta name=\"twitter:description\" content=\"Megteremti a korm\u00e1ny a munkav\u00e1llal\u00f3k v\u00e9delm\u00e9t a janu\u00e1rt\u00f3l \u00e9letbe l\u00e9p\u0151 nagysz\u00fcl\u0151i gyedet ig\u00e9nybe vev\u0151knek a munka t\u00f6rv\u00e9nyk\u00f6nyv\u00e9nek m\u00f3dos\u00edt\u00e1s\u00e1val \u2013 k\u00f6z\u00f6lte az Emberi Er\u0151forr\u00e1sok Miniszt\u00e9riuma. A k\u00f6zlem\u00e9ny szerint a miniszt\u00e9rium t\u00f6bb, a csal\u00e1dok v\u00e9delm\u00e9vel \u00f6sszef\u00fcgg\u0151 t\u00f6rv\u00e9ny technikai m\u00f3dos\u00edt\u00e1s\u00e1t terjesztette kedden az Orsz\u00e1ggy\u0171l\u00e9s el\u00e9. A m\u00f3dos\u00edt\u00e1s c\u00e9lja, hogy megteremtse a nagysz\u00fcl\u0151i gyermekgondoz\u00e1si d\u00edj munkajogi pill\u00e9r\u00e9t, \u00e9s kimondja,\" \/>\n\t\t<meta name=\"twitter:image\" content=\"https:\/\/allasorias.hu\/hirek\/wp-content\/uploads\/2019\/02\/pexels-photo-302083.jpeg\" \/>\n\t\t<meta name=\"twitter:label1\" content=\"Written by\" \/>\n\t\t<meta name=\"twitter:data1\" content=\"Juh\u00e1sz P\u00e9ter\" \/>\n\t\t<meta name=\"twitter:label2\" content=\"Est. reading time\" \/>\n\t\t<meta name=\"twitter:data2\" content=\"2 minutes\" \/>\n\t\t<script type=\"application\/ld+json\" class=\"aioseo-schema\">\n\t\t\t{\"@context\":\"https:\\\/\\\/schema.org\",\"@graph\":[{\"@type\":\"Article\",\"@id\":\"https:\\\/\\\/allasorias.hu\\\/hirek\\\/nagyszuloi-gyed-jogosultsagokkal\\\/#article\",\"name\":\"Nagysz\\u00fcl\\u0151i gyed jogosults\\u00e1gokkal | AllasOrias.hu | H\\u00edrek-lapszemle\",\"headline\":\"Nagysz\\u00fcl\\u0151i gyed jogosults\\u00e1gokkal\",\"author\":{\"@id\":\"https:\\\/\\\/allasorias.hu\\\/hirek\\\/author\\\/admin-allasorias\\\/#author\"},\"publisher\":{\"@id\":\"https:\\\/\\\/allasorias.hu\\\/hirek\\\/#organization\"},\"image\":{\"@type\":\"ImageObject\",\"url\":\"https:\\\/\\\/allasorias.hu\\\/hirek\\\/wp-content\\\/uploads\\\/2019\\\/02\\\/pexels-photo-302083.jpeg\",\"width\":640,\"height\":426},\"datePublished\":\"2019-11-14T08:37:03+02:00\",\"dateModified\":\"2019-11-14T08:40:29+02:00\",\"inLanguage\":\"hu-HU\",\"mainEntityOfPage\":{\"@id\":\"https:\\\/\\\/allasorias.hu\\\/hirek\\\/nagyszuloi-gyed-jogosultsagokkal\\\/#webpage\"},\"isPartOf\":{\"@id\":\"https:\\\/\\\/allasorias.hu\\\/hirek\\\/nagyszuloi-gyed-jogosultsagokkal\\\/#webpage\"},\"articleSection\":\"Gazdas\\u00e1g\"},{\"@type\":\"BreadcrumbList\",\"@id\":\"https:\\\/\\\/allasorias.hu\\\/hirek\\\/nagyszuloi-gyed-jogosultsagokkal\\\/#breadcrumblist\",\"itemListElement\":[{\"@type\":\"ListItem\",\"@id\":\"https:\\\/\\\/allasorias.hu\\\/hirek#listItem\",\"position\":1,\"name\":\"Home\",\"item\":\"https:\\\/\\\/allasorias.hu\\\/hirek\",\"nextItem\":{\"@type\":\"ListItem\",\"@id\":\"https:\\\/\\\/allasorias.hu\\\/hirek\\\/temak\\\/gazdasag\\\/#listItem\",\"name\":\"Gazdas\\u00e1g\"}},{\"@type\":\"ListItem\",\"@id\":\"https:\\\/\\\/allasorias.hu\\\/hirek\\\/temak\\\/gazdasag\\\/#listItem\",\"position\":2,\"name\":\"Gazdas\\u00e1g\",\"item\":\"https:\\\/\\\/allasorias.hu\\\/hirek\\\/temak\\\/gazdasag\\\/\",\"nextItem\":{\"@type\":\"ListItem\",\"@id\":\"https:\\\/\\\/allasorias.hu\\\/hirek\\\/nagyszuloi-gyed-jogosultsagokkal\\\/#listItem\",\"name\":\"Nagysz\\u00fcl\\u0151i gyed jogosults\\u00e1gokkal\"},\"previousItem\":{\"@type\":\"ListItem\",\"@id\":\"https:\\\/\\\/allasorias.hu\\\/hirek#listItem\",\"name\":\"Home\"}},{\"@type\":\"ListItem\",\"@id\":\"https:\\\/\\\/allasorias.hu\\\/hirek\\\/nagyszuloi-gyed-jogosultsagokkal\\\/#listItem\",\"position\":3,\"name\":\"Nagysz\\u00fcl\\u0151i gyed jogosults\\u00e1gokkal\",\"previousItem\":{\"@type\":\"ListItem\",\"@id\":\"https:\\\/\\\/allasorias.hu\\\/hirek\\\/temak\\\/gazdasag\\\/#listItem\",\"name\":\"Gazdas\\u00e1g\"}}]},{\"@type\":\"Organization\",\"@id\":\"https:\\\/\\\/allasorias.hu\\\/hirek\\\/#organization\",\"name\":\"AllasOrias.hu | H\\u00edrek-lapszemle\",\"description\":\"\\u00dczleti h\\u00edrek az \\u00e1ll\\u00e1s \\u00e9s a munka vil\\u00e1g\\u00e1b\\u00f3l\",\"url\":\"https:\\\/\\\/allasorias.hu\\\/hirek\\\/\",\"logo\":{\"@type\":\"ImageObject\",\"url\":\"https:\\\/\\\/allasorias.hu\\\/hirek\\\/wp-content\\\/uploads\\\/2022\\\/10\\\/allasorias_site_facebok_logo.png\",\"@id\":\"https:\\\/\\\/allasorias.hu\\\/hirek\\\/nagyszuloi-gyed-jogosultsagokkal\\\/#organizationLogo\"},\"image\":{\"@id\":\"https:\\\/\\\/allasorias.hu\\\/hirek\\\/nagyszuloi-gyed-jogosultsagokkal\\\/#organizationLogo\"},\"sameAs\":[\"https:\\\/\\\/www.facebook.com\\\/allasorias\",\"https:\\\/\\\/www.linkedin.com\\\/company\\\/allasorias\"]},{\"@type\":\"Person\",\"@id\":\"https:\\\/\\\/allasorias.hu\\\/hirek\\\/author\\\/admin-allasorias\\\/#author\",\"url\":\"https:\\\/\\\/allasorias.hu\\\/hirek\\\/author\\\/admin-allasorias\\\/\",\"name\":\"Juh\\u00e1sz P\\u00e9ter\",\"image\":{\"@type\":\"ImageObject\",\"@id\":\"https:\\\/\\\/allasorias.hu\\\/hirek\\\/nagyszuloi-gyed-jogosultsagokkal\\\/#authorImage\",\"url\":\"https:\\\/\\\/secure.gravatar.com\\\/avatar\\\/36e6bcb83148978b992977cb0f54d22feb0cce8a0a849a9410532bb2623ba4c6?s=96&d=mm&r=g\",\"width\":96,\"height\":96,\"caption\":\"Juh\\u00e1sz P\\u00e9ter\"}},{\"@type\":\"WebPage\",\"@id\":\"https:\\\/\\\/allasorias.hu\\\/hirek\\\/nagyszuloi-gyed-jogosultsagokkal\\\/#webpage\",\"url\":\"https:\\\/\\\/allasorias.hu\\\/hirek\\\/nagyszuloi-gyed-jogosultsagokkal\\\/\",\"name\":\"Nagysz\\u00fcl\\u0151i gyed jogosults\\u00e1gokkal | AllasOrias.hu | H\\u00edrek-lapszemle\",\"description\":\"Megteremti a korm\\u00e1ny a munkav\\u00e1llal\\u00f3k v\\u00e9delm\\u00e9t a janu\\u00e1rt\\u00f3l \\u00e9letbe l\\u00e9p\\u0151 nagysz\\u00fcl\\u0151i gyedet ig\\u00e9nybe vev\\u0151knek a munka t\\u00f6rv\\u00e9nyk\\u00f6nyv\\u00e9nek m\\u00f3dos\\u00edt\\u00e1s\\u00e1val \\u2013 k\\u00f6z\\u00f6lte az Emberi Er\\u0151forr\\u00e1sok Miniszt\\u00e9riuma. A k\\u00f6zlem\\u00e9ny szerint a miniszt\\u00e9rium t\\u00f6bb, a csal\\u00e1dok v\\u00e9delm\\u00e9vel \\u00f6sszef\\u00fcgg\\u0151 t\\u00f6rv\\u00e9ny technikai m\\u00f3dos\\u00edt\\u00e1s\\u00e1t terjesztette kedden az Orsz\\u00e1ggy\\u0171l\\u00e9s el\\u00e9. A m\\u00f3dos\\u00edt\\u00e1s c\\u00e9lja, hogy megteremtse a nagysz\\u00fcl\\u0151i gyermekgondoz\\u00e1si d\\u00edj munkajogi pill\\u00e9r\\u00e9t, \\u00e9s kimondja,\",\"inLanguage\":\"hu-HU\",\"isPartOf\":{\"@id\":\"https:\\\/\\\/allasorias.hu\\\/hirek\\\/#website\"},\"breadcrumb\":{\"@id\":\"https:\\\/\\\/allasorias.hu\\\/hirek\\\/nagyszuloi-gyed-jogosultsagokkal\\\/#breadcrumblist\"},\"author\":{\"@id\":\"https:\\\/\\\/allasorias.hu\\\/hirek\\\/author\\\/admin-allasorias\\\/#author\"},\"creator\":{\"@id\":\"https:\\\/\\\/allasorias.hu\\\/hirek\\\/author\\\/admin-allasorias\\\/#author\"},\"image\":{\"@type\":\"ImageObject\",\"url\":\"https:\\\/\\\/allasorias.hu\\\/hirek\\\/wp-content\\\/uploads\\\/2019\\\/02\\\/pexels-photo-302083.jpeg\",\"@id\":\"https:\\\/\\\/allasorias.hu\\\/hirek\\\/nagyszuloi-gyed-jogosultsagokkal\\\/#mainImage\",\"width\":640,\"height\":426},\"primaryImageOfPage\":{\"@id\":\"https:\\\/\\\/allasorias.hu\\\/hirek\\\/nagyszuloi-gyed-jogosultsagokkal\\\/#mainImage\"},\"datePublished\":\"2019-11-14T08:37:03+02:00\",\"dateModified\":\"2019-11-14T08:40:29+02:00\"},{\"@type\":\"WebSite\",\"@id\":\"https:\\\/\\\/allasorias.hu\\\/hirek\\\/#website\",\"url\":\"https:\\\/\\\/allasorias.hu\\\/hirek\\\/\",\"name\":\"AllasOrias.hu | H\\u00edrek-lapszemle\",\"description\":\"\\u00dczleti h\\u00edrek az \\u00e1ll\\u00e1s \\u00e9s a munka vil\\u00e1g\\u00e1b\\u00f3l\",\"inLanguage\":\"hu-HU\",\"publisher\":{\"@id\":\"https:\\\/\\\/allasorias.hu\\\/hirek\\\/#organization\"}}]}\n\t\t<\/script>\n\t\t<!-- All in One SEO -->\n\n","aioseo_head_json":{"title":"Nagysz\u00fcl\u0151i gyed jogosults\u00e1gokkal | AllasOrias.hu | H\u00edrek-lapszemle","description":"Megteremti a korm\u00e1ny a munkav\u00e1llal\u00f3k v\u00e9delm\u00e9t a janu\u00e1rt\u00f3l \u00e9letbe l\u00e9p\u0151 nagysz\u00fcl\u0151i gyedet ig\u00e9nybe vev\u0151knek a munka t\u00f6rv\u00e9nyk\u00f6nyv\u00e9nek m\u00f3dos\u00edt\u00e1s\u00e1val \u2013 k\u00f6z\u00f6lte az Emberi Er\u0151forr\u00e1sok Miniszt\u00e9riuma. A k\u00f6zlem\u00e9ny szerint a miniszt\u00e9rium t\u00f6bb, a csal\u00e1dok v\u00e9delm\u00e9vel \u00f6sszef\u00fcgg\u0151 t\u00f6rv\u00e9ny technikai m\u00f3dos\u00edt\u00e1s\u00e1t terjesztette kedden az Orsz\u00e1ggy\u0171l\u00e9s el\u00e9. A m\u00f3dos\u00edt\u00e1s c\u00e9lja, hogy megteremtse a nagysz\u00fcl\u0151i gyermekgondoz\u00e1si d\u00edj munkajogi pill\u00e9r\u00e9t, \u00e9s kimondja,","canonical_url":"https:\/\/allasorias.hu\/hirek\/nagyszuloi-gyed-jogosultsagokkal\/","robots":"max-image-preview:large","keywords":"","webmasterTools":{"miscellaneous":""},"schema":{"@context":"https:\/\/schema.org","@graph":[{"@type":"Article","@id":"https:\/\/allasorias.hu\/hirek\/nagyszuloi-gyed-jogosultsagokkal\/#article","name":"Nagysz\u00fcl\u0151i gyed jogosults\u00e1gokkal | AllasOrias.hu | H\u00edrek-lapszemle","headline":"Nagysz\u00fcl\u0151i gyed jogosults\u00e1gokkal","author":{"@id":"https:\/\/allasorias.hu\/hirek\/author\/admin-allasorias\/#author"},"publisher":{"@id":"https:\/\/allasorias.hu\/hirek\/#organization"},"image":{"@type":"ImageObject","url":"https:\/\/allasorias.hu\/hirek\/wp-content\/uploads\/2019\/02\/pexels-photo-302083.jpeg","width":640,"height":426},"datePublished":"2019-11-14T08:37:03+02:00","dateModified":"2019-11-14T08:40:29+02:00","inLanguage":"hu-HU","mainEntityOfPage":{"@id":"https:\/\/allasorias.hu\/hirek\/nagyszuloi-gyed-jogosultsagokkal\/#webpage"},"isPartOf":{"@id":"https:\/\/allasorias.hu\/hirek\/nagyszuloi-gyed-jogosultsagokkal\/#webpage"},"articleSection":"Gazdas\u00e1g"},{"@type":"BreadcrumbList","@id":"https:\/\/allasorias.hu\/hirek\/nagyszuloi-gyed-jogosultsagokkal\/#breadcrumblist","itemListElement":[{"@type":"ListItem","@id":"https:\/\/allasorias.hu\/hirek#listItem","position":1,"name":"Home","item":"https:\/\/allasorias.hu\/hirek","nextItem":{"@type":"ListItem","@id":"https:\/\/allasorias.hu\/hirek\/temak\/gazdasag\/#listItem","name":"Gazdas\u00e1g"}},{"@type":"ListItem","@id":"https:\/\/allasorias.hu\/hirek\/temak\/gazdasag\/#listItem","position":2,"name":"Gazdas\u00e1g","item":"https:\/\/allasorias.hu\/hirek\/temak\/gazdasag\/","nextItem":{"@type":"ListItem","@id":"https:\/\/allasorias.hu\/hirek\/nagyszuloi-gyed-jogosultsagokkal\/#listItem","name":"Nagysz\u00fcl\u0151i gyed jogosults\u00e1gokkal"},"previousItem":{"@type":"ListItem","@id":"https:\/\/allasorias.hu\/hirek#listItem","name":"Home"}},{"@type":"ListItem","@id":"https:\/\/allasorias.hu\/hirek\/nagyszuloi-gyed-jogosultsagokkal\/#listItem","position":3,"name":"Nagysz\u00fcl\u0151i gyed jogosults\u00e1gokkal","previousItem":{"@type":"ListItem","@id":"https:\/\/allasorias.hu\/hirek\/temak\/gazdasag\/#listItem","name":"Gazdas\u00e1g"}}]},{"@type":"Organization","@id":"https:\/\/allasorias.hu\/hirek\/#organization","name":"AllasOrias.hu | H\u00edrek-lapszemle","description":"\u00dczleti h\u00edrek az \u00e1ll\u00e1s \u00e9s a munka vil\u00e1g\u00e1b\u00f3l","url":"https:\/\/allasorias.hu\/hirek\/","logo":{"@type":"ImageObject","url":"https:\/\/allasorias.hu\/hirek\/wp-content\/uploads\/2022\/10\/allasorias_site_facebok_logo.png","@id":"https:\/\/allasorias.hu\/hirek\/nagyszuloi-gyed-jogosultsagokkal\/#organizationLogo"},"image":{"@id":"https:\/\/allasorias.hu\/hirek\/nagyszuloi-gyed-jogosultsagokkal\/#organizationLogo"},"sameAs":["https:\/\/www.facebook.com\/allasorias","https:\/\/www.linkedin.com\/company\/allasorias"]},{"@type":"Person","@id":"https:\/\/allasorias.hu\/hirek\/author\/admin-allasorias\/#author","url":"https:\/\/allasorias.hu\/hirek\/author\/admin-allasorias\/","name":"Juh\u00e1sz P\u00e9ter","image":{"@type":"ImageObject","@id":"https:\/\/allasorias.hu\/hirek\/nagyszuloi-gyed-jogosultsagokkal\/#authorImage","url":"https:\/\/secure.gravatar.com\/avatar\/36e6bcb83148978b992977cb0f54d22feb0cce8a0a849a9410532bb2623ba4c6?s=96&d=mm&r=g","width":96,"height":96,"caption":"Juh\u00e1sz P\u00e9ter"}},{"@type":"WebPage","@id":"https:\/\/allasorias.hu\/hirek\/nagyszuloi-gyed-jogosultsagokkal\/#webpage","url":"https:\/\/allasorias.hu\/hirek\/nagyszuloi-gyed-jogosultsagokkal\/","name":"Nagysz\u00fcl\u0151i gyed jogosults\u00e1gokkal | AllasOrias.hu | H\u00edrek-lapszemle","description":"Megteremti a korm\u00e1ny a munkav\u00e1llal\u00f3k v\u00e9delm\u00e9t a janu\u00e1rt\u00f3l \u00e9letbe l\u00e9p\u0151 nagysz\u00fcl\u0151i gyedet ig\u00e9nybe vev\u0151knek a munka t\u00f6rv\u00e9nyk\u00f6nyv\u00e9nek m\u00f3dos\u00edt\u00e1s\u00e1val \u2013 k\u00f6z\u00f6lte az Emberi Er\u0151forr\u00e1sok Miniszt\u00e9riuma. A k\u00f6zlem\u00e9ny szerint a miniszt\u00e9rium t\u00f6bb, a csal\u00e1dok v\u00e9delm\u00e9vel \u00f6sszef\u00fcgg\u0151 t\u00f6rv\u00e9ny technikai m\u00f3dos\u00edt\u00e1s\u00e1t terjesztette kedden az Orsz\u00e1ggy\u0171l\u00e9s el\u00e9. A m\u00f3dos\u00edt\u00e1s c\u00e9lja, hogy megteremtse a nagysz\u00fcl\u0151i gyermekgondoz\u00e1si d\u00edj munkajogi pill\u00e9r\u00e9t, \u00e9s kimondja,","inLanguage":"hu-HU","isPartOf":{"@id":"https:\/\/allasorias.hu\/hirek\/#website"},"breadcrumb":{"@id":"https:\/\/allasorias.hu\/hirek\/nagyszuloi-gyed-jogosultsagokkal\/#breadcrumblist"},"author":{"@id":"https:\/\/allasorias.hu\/hirek\/author\/admin-allasorias\/#author"},"creator":{"@id":"https:\/\/allasorias.hu\/hirek\/author\/admin-allasorias\/#author"},"image":{"@type":"ImageObject","url":"https:\/\/allasorias.hu\/hirek\/wp-content\/uploads\/2019\/02\/pexels-photo-302083.jpeg","@id":"https:\/\/allasorias.hu\/hirek\/nagyszuloi-gyed-jogosultsagokkal\/#mainImage","width":640,"height":426},"primaryImageOfPage":{"@id":"https:\/\/allasorias.hu\/hirek\/nagyszuloi-gyed-jogosultsagokkal\/#mainImage"},"datePublished":"2019-11-14T08:37:03+02:00","dateModified":"2019-11-14T08:40:29+02:00"},{"@type":"WebSite","@id":"https:\/\/allasorias.hu\/hirek\/#website","url":"https:\/\/allasorias.hu\/hirek\/","name":"AllasOrias.hu | H\u00edrek-lapszemle","description":"\u00dczleti h\u00edrek az \u00e1ll\u00e1s \u00e9s a munka vil\u00e1g\u00e1b\u00f3l","inLanguage":"hu-HU","publisher":{"@id":"https:\/\/allasorias.hu\/hirek\/#organization"}}]},"og:locale":"hu_HU","og:site_name":"AllasOrias.hu | H\u00edrek-lapszemle | \u00dczleti h\u00edrek az \u00e1ll\u00e1s \u00e9s a munka vil\u00e1g\u00e1b\u00f3l","og:type":"article","og:title":"Nagysz\u00fcl\u0151i gyed jogosults\u00e1gokkal | AllasOrias.hu | H\u00edrek-lapszemle","og:description":"Megteremti a korm\u00e1ny a munkav\u00e1llal\u00f3k v\u00e9delm\u00e9t a janu\u00e1rt\u00f3l \u00e9letbe l\u00e9p\u0151 nagysz\u00fcl\u0151i gyedet ig\u00e9nybe vev\u0151knek a munka t\u00f6rv\u00e9nyk\u00f6nyv\u00e9nek m\u00f3dos\u00edt\u00e1s\u00e1val \u2013 k\u00f6z\u00f6lte az Emberi Er\u0151forr\u00e1sok Miniszt\u00e9riuma. A k\u00f6zlem\u00e9ny szerint a miniszt\u00e9rium t\u00f6bb, a csal\u00e1dok v\u00e9delm\u00e9vel \u00f6sszef\u00fcgg\u0151 t\u00f6rv\u00e9ny technikai m\u00f3dos\u00edt\u00e1s\u00e1t terjesztette kedden az Orsz\u00e1ggy\u0171l\u00e9s el\u00e9. A m\u00f3dos\u00edt\u00e1s c\u00e9lja, hogy megteremtse a nagysz\u00fcl\u0151i gyermekgondoz\u00e1si d\u00edj munkajogi pill\u00e9r\u00e9t, \u00e9s kimondja,","og:url":"https:\/\/allasorias.hu\/hirek\/nagyszuloi-gyed-jogosultsagokkal\/","og:image":"https:\/\/allasorias.hu\/hirek\/wp-content\/uploads\/2019\/02\/pexels-photo-302083.jpeg","og:image:secure_url":"https:\/\/allasorias.hu\/hirek\/wp-content\/uploads\/2019\/02\/pexels-photo-302083.jpeg","og:image:width":640,"og:image:height":426,"article:published_time":"2019-11-14T08:37:03+00:00","article:modified_time":"2019-11-14T08:40:29+00:00","article:publisher":"https:\/\/www.facebook.com\/allasorias","twitter:card":"summary_large_image","twitter:title":"Nagysz\u00fcl\u0151i gyed jogosults\u00e1gokkal | AllasOrias.hu | H\u00edrek-lapszemle","twitter:description":"Megteremti a korm\u00e1ny a munkav\u00e1llal\u00f3k v\u00e9delm\u00e9t a janu\u00e1rt\u00f3l \u00e9letbe l\u00e9p\u0151 nagysz\u00fcl\u0151i gyedet ig\u00e9nybe vev\u0151knek a munka t\u00f6rv\u00e9nyk\u00f6nyv\u00e9nek m\u00f3dos\u00edt\u00e1s\u00e1val \u2013 k\u00f6z\u00f6lte az Emberi Er\u0151forr\u00e1sok Miniszt\u00e9riuma. A k\u00f6zlem\u00e9ny szerint a miniszt\u00e9rium t\u00f6bb, a csal\u00e1dok v\u00e9delm\u00e9vel \u00f6sszef\u00fcgg\u0151 t\u00f6rv\u00e9ny technikai m\u00f3dos\u00edt\u00e1s\u00e1t terjesztette kedden az Orsz\u00e1ggy\u0171l\u00e9s el\u00e9. A m\u00f3dos\u00edt\u00e1s c\u00e9lja, hogy megteremtse a nagysz\u00fcl\u0151i gyermekgondoz\u00e1si d\u00edj munkajogi pill\u00e9r\u00e9t, \u00e9s kimondja,","twitter:image":"https:\/\/allasorias.hu\/hirek\/wp-content\/uploads\/2019\/02\/pexels-photo-302083.jpeg","twitter:label1":"Written by","twitter:data1":"Juh\u00e1sz P\u00e9ter","twitter:label2":"Est. reading time","twitter:data2":"2 minutes"},"aioseo_meta_data":{"post_id":"3490","title":null,"description":null,"keywords":null,"keyphrases":null,"primary_term":null,"canonical_url":null,"og_title":null,"og_description":null,"og_object_type":"default","og_image_type":"default","og_image_url":null,"og_image_width":null,"og_image_height":null,"og_image_custom_url":null,"og_image_custom_fields":null,"og_video":null,"og_custom_url":null,"og_article_section":null,"og_article_tags":null,"twitter_use_og":false,"twitter_card":"default","twitter_image_type":"default","twitter_image_url":null,"twitter_image_custom_url":null,"twitter_image_custom_fields":null,"twitter_title":null,"twitter_description":null,"schema":{"blockGraphs":[],"customGraphs":[],"default":{"data":{"Article":[],"Course":[],"Dataset":[],"FAQPage":[],"Movie":[],"Person":[],"Product":[],"ProductReview":[],"Car":[],"Recipe":[],"Service":[],"SoftwareApplication":[],"WebPage":[]},"graphName":"","isEnabled":true},"graphs":[]},"schema_type":null,"schema_type_options":null,"pillar_content":false,"robots_default":true,"robots_noindex":false,"robots_noarchive":false,"robots_nosnippet":false,"robots_nofollow":false,"robots_noimageindex":false,"robots_noodp":false,"robots_notranslate":false,"robots_max_snippet":null,"robots_max_videopreview":null,"robots_max_imagepreview":"large","priority":null,"frequency":null,"location":null,"local_seo":null,"breadcrumb_settings":null,"limit_modified_date":false,"ai":null,"created":"2021-02-01 22:56:23","updated":"2025-10-02 12:16:03","seo_analyzer_scan_date":null,"focus_keyword":null,"additional_keywords":null,"truseo_locale":null},"aioseo_breadcrumb":"<div class=\"aioseo-breadcrumbs\"><span class=\"aioseo-breadcrumb\">\n\t\t\t<a href=\"https:\/\/allasorias.hu\/hirek\" title=\"Home\">Home<\/a>\n\t\t<\/span><span class=\"aioseo-breadcrumb-separator\">&raquo;<\/span><span class=\"aioseo-breadcrumb\">\n\t\t\t<a href=\"https:\/\/allasorias.hu\/hirek\/temak\/gazdasag\/\" title=\"Gazdas\u00e1g\">Gazdas\u00e1g<\/a>\n\t\t<\/span><span class=\"aioseo-breadcrumb-separator\">&raquo;<\/span><span class=\"aioseo-breadcrumb\">\n\t\t\tNagysz\u00fcl\u0151i gyed jogosults\u00e1gokkal\n\t\t<\/span><\/div>","aioseo_breadcrumb_json":[{"label":"Home","link":"https:\/\/allasorias.hu\/hirek"},{"label":"Gazdas\u00e1g","link":"https:\/\/allasorias.hu\/hirek\/temak\/gazdasag\/"},{"label":"Nagysz\u00fcl\u0151i gyed jogosults\u00e1gokkal","link":"https:\/\/allasorias.hu\/hirek\/nagyszuloi-gyed-jogosultsagokkal\/"}],"_links":{"self":[{"href":"https:\/\/allasorias.hu\/hirek\/wp-json\/wp\/v2\/posts\/3490","targetHints":{"allow":["GET"]}}],"collection":[{"href":"https:\/\/allasorias.hu\/hirek\/wp-json\/wp\/v2\/posts"}],"about":[{"href":"https:\/\/allasorias.hu\/hirek\/wp-json\/wp\/v2\/types\/post"}],"author":[{"embeddable":true,"href":"https:\/\/allasorias.hu\/hirek\/wp-json\/wp\/v2\/users\/1"}],"replies":[{"embeddable":true,"href":"https:\/\/allasorias.hu\/hirek\/wp-json\/wp\/v2\/comments?post=3490"}],"version-history":[{"count":1,"href":"https:\/\/allasorias.hu\/hirek\/wp-json\/wp\/v2\/posts\/3490\/revisions"}],"predecessor-version":[{"id":3491,"href":"https:\/\/allasorias.hu\/hirek\/wp-json\/wp\/v2\/posts\/3490\/revisions\/3491"}],"wp:featuredmedia":[{"embeddable":true,"href":"https:\/\/allasorias.hu\/hirek\/wp-json\/wp\/v2\/media\/2584"}],"wp:attachment":[{"href":"https:\/\/allasorias.hu\/hirek\/wp-json\/wp\/v2\/media?parent=3490"}],"wp:term":[{"taxonomy":"category","embeddable":true,"href":"https:\/\/allasorias.hu\/hirek\/wp-json\/wp\/v2\/categories?post=3490"},{"taxonomy":"post_tag","embeddable":true,"href":"https:\/\/allasorias.hu\/hirek\/wp-json\/wp\/v2\/tags?post=3490"}],"curies":[{"name":"wp","href":"https:\/\/api.w.org\/{rel}","templated":true}]}}