{"id":3487,"date":"2019-11-13T08:41:16","date_gmt":"2019-11-13T08:41:16","guid":{"rendered":"https:\/\/allasorias.hu\/hirek\/?p=3487"},"modified":"2019-11-13T08:53:54","modified_gmt":"2019-11-13T08:53:54","slug":"negy-jarulek-is-osszeolvad-jovore","status":"publish","type":"post","link":"https:\/\/allasorias.hu\/hirek\/negy-jarulek-is-osszeolvad-jovore\/","title":{"rendered":"N\u00e9gy j\u00e1rul\u00e9k is \u00f6sszeolvad j\u00f6v\u0151re"},"content":{"rendered":"<p><strong>N\u00e9gy j\u00e1rul\u00e9kfajta olvad a t\u00e1rsadalombiztos\u00edt\u00e1si j\u00e1rul\u00e9kba j\u00f6v\u0151 j\u00falius 1-j\u00e9t\u0151l a P\u00e9nz\u00fcgyminiszt\u00e9rium \u00e1ltal beny\u00fajtott t\u00f6rv\u00e9nyjavaslat szerint; ugyancsak j\u00falius 1-t\u0151l minden dolgoz\u00f3 nyugd\u00edjast megillet a j\u00e1rul\u00e9kmentess\u00e9g; tov\u00e1bb\u00e1 a gyermekes csal\u00e1dok sz\u00e1m\u00e1ra m\u00e9g kedvez\u0151bb\u00e9 v\u00e1lik a gyermekek ut\u00e1n j\u00e1r\u00f3 csal\u00e1di kedvezm\u00e9ny \u2013 k\u00f6z\u00f6lte a P\u00e9nz\u00fcgyminiszt\u00e9rium.<\/strong><\/p>\n<p>A t\u00e1j\u00e9koztat\u00e1s szerint a nyugd\u00edjj\u00e1rul\u00e9k, a term\u00e9szetbeni \u00e9s a p\u00e9nzbeli eg\u00e9szs\u00e9gbiztos\u00edt\u00e1si j\u00e1rul\u00e9k, valamint a munkaer\u0151piaci j\u00e1rul\u00e9k olvad \u00f6ssze, az \u00faj egys\u00e9ges j\u00e1rul\u00e9k, azaz a t\u00e1rsadalombiztos\u00edt\u00e1si j\u00e1rul\u00e9k m\u00e9rt\u00e9ke 18,5 sz\u00e1zal\u00e9k lesz 2020. j\u00falius 1-j\u00e9t\u0151l. Az ad\u00f3rendszer jelent\u0151s egyszer\u0171s\u00edt\u00e9s\u00e9n t\u00fal az egys\u00e9ges j\u00e1rul\u00e9k bevezet\u00e9se biztos\u00edtja p\u00e9ld\u00e1ul azt, hogy az \u0151stermel\u0151k, illetve a megb\u00edz\u00e1si jogviszonyban dolgoz\u00f3k munkaer\u0151piaci ell\u00e1t\u00e1sokra val\u00f3 jogosults\u00e1got is szereznek j\u00falius 1. ut\u00e1n. A jelent\u0151s b\u00fcrokratikus tehercs\u00f6kkent\u00e9s mellett t\u00f6bb ad\u00f3cs\u00f6kkent\u00e9st is hoz az \u00faj, egys\u00e9ges j\u00e1rul\u00e9kt\u00f6rv\u00e9ny. A v\u00e1llalkoz\u00f3k \u00e9vi 7,5 milli\u00e1rd forintot sp\u00f3rolnak azzal, hogy enyh\u00fclnek a minimum-j\u00e1rul\u00e9kalap szab\u00e1lyok. M\u00edg jelenleg az eg\u00e9szs\u00e9gbiztos\u00edt\u00e1si \u00e9s munkaer\u0151piaci j\u00e1rul\u00e9kot legal\u00e1bb a minim\u00e1lb\u00e9r m\u00e1sf\u00e9lszerese ut\u00e1n fizetik meg, addig 2020. j\u00falius 1-t\u0151l a minim\u00e1lb\u00e9r ut\u00e1n. M\u00e9g kedvez\u0151bb\u00e9 v\u00e1lik 2020-t\u00f3l a gyermekek ut\u00e1n j\u00e1r\u00f3 csal\u00e1di kedvezm\u00e9ny. Jelenleg a 1,5 sz\u00e1zal\u00e9kos munkaer\u0151piaci j\u00e1rul\u00e9kb\u00f3l nem lehet levonni a kedvezm\u00e9nyt, de j\u00falius 1. ut\u00e1n m\u00e1r a teljes, 18,5 sz\u00e1zal\u00e9kos m\u00e9rt\u00e9k\u0171 t\u00e1rsadalombiztos\u00edt\u00e1si j\u00e1rul\u00e9k terh\u00e9re \u00e9rv\u00e9nyes\u00edthet\u0151 lesz a csal\u00e1di kedvezm\u00e9ny.A t\u00e1rca k\u00f6zlem\u00e9nye szerint 2020-ban minden id\u0151k legmagasabb \u00f6sszeg\u00e9t, 380 milli\u00e1rd forintot hagy a korm\u00e1ny ad\u00f3kedvezm\u00e9ny r\u00e9v\u00e9n a gyermekes csal\u00e1dokn\u00e1l. Ezt az \u00f6sszeget \u00e9vente tov\u00e1bbi egymilli\u00e1rd forinttal n\u00f6veli a j\u00f6v\u0151re hat\u00e1lyba l\u00e9p\u0151 \u2013 az egys\u00e9ges j\u00e1rul\u00e9kt\u00f6rv\u00e9ny biztos\u00edtotta \u2013 kedvez\u0151 szab\u00e1ly.Az Orsz\u00e1ggy\u0171l\u00e9s a csal\u00e1dv\u00e9delmi akci\u00f3terv keret\u00e9ben m\u00e1r tavasszal elfogadta azt is, hogy 2020. janu\u00e1r 1-t\u0151l szja-mentess\u00e9get kapnak a legal\u00e1bb n\u00e9gygyermekes \u00e9desany\u00e1k. J\u00f6v\u0151re gyakorlatilag minden sz\u00e1ml\u00e1r\u00f3l online adatot kell majd szolg\u00e1ltatni, amely a gazdas\u00e1gfeh\u00e9r\u00edt\u00e9s\u00e9n t\u00fal biztos\u00edtja azt is, hogy a Nemzeti Ad\u00f3- \u00e9s V\u00e1mhivatal (NAV) ak\u00e1r m\u00e1r 2021 tavasz\u00e1t\u00f3l elk\u00e9sz\u00edtse a v\u00e1llalkoz\u00e1sok \u00e1fabevall\u00e1si tervezet\u00e9t. Az ad\u00f3hivatal jelenleg csak a 100 ezer forintos \u00e1fa\u00f6sszeget el\u00e9r\u0151 sz\u00e1ml\u00e1k adatait l\u00e1tja online, 2020. j\u00falius 1-t\u0151l viszont m\u00e1r a belf\u00f6ldi \u00e1faalanyok r\u00e9sz\u00e9re ki\u00e1ll\u00edtott sz\u00e1ml\u00e1kat is, vagyis l\u00e9nyeg\u00e9ben minden v\u00e1llalkoz\u00f3i sz\u00e1ml\u00e1t, 2021. janu\u00e1r 1-t\u0151l pedig a mag\u00e1nszem\u00e9lyek r\u00e9sz\u00e9re ki\u00e1ll\u00edtottakat is. Ha az Orsz\u00e1ggy\u0171l\u00e9s elfogadja a t\u00f6rv\u00e9nyjavaslatot, az ad\u00f3hivatal kock\u00e1zatelemz\u0151i a j\u00f6v\u0151ben gyakorlatilag minden sz\u00e1ml\u00e1t l\u00e1tnak majd, \u00edgy a k\u00f6lts\u00e9gvet\u00e9s tov\u00e1bbi bev\u00e9tel-n\u00f6veked\u00e9ssel, a tisztess\u00e9ges ad\u00f3fizet\u0151k pedig tiszta piaci versennyel sz\u00e1molhatnak.<\/p>\n<p>Forr\u00e1s: propeller.hu<\/p>\n<p>&nbsp;<\/p>\n","protected":false},"excerpt":{"rendered":"<p>N\u00e9gy j\u00e1rul\u00e9kfajta olvad a t\u00e1rsadalombiztos\u00edt\u00e1si j\u00e1rul\u00e9kba j\u00f6v\u0151 j\u00falius 1-j\u00e9t\u0151l a P\u00e9nz\u00fcgyminiszt\u00e9rium \u00e1ltal beny\u00fajtott t\u00f6rv\u00e9nyjavaslat szerint; ugyancsak j\u00falius 1-t\u0151l minden dolgoz\u00f3 nyugd\u00edjast megillet a j\u00e1rul\u00e9kmentess\u00e9g; tov\u00e1bb\u00e1 a gyermekes csal\u00e1dok sz\u00e1m\u00e1ra m\u00e9g kedvez\u0151bb\u00e9 v\u00e1lik a gyermekek ut\u00e1n j\u00e1r\u00f3 csal\u00e1di kedvezm\u00e9ny \u2013 k\u00f6z\u00f6lte a P\u00e9nz\u00fcgyminiszt\u00e9rium. A t\u00e1j\u00e9koztat\u00e1s szerint a nyugd\u00edjj\u00e1rul\u00e9k, a term\u00e9szetbeni \u00e9s a p\u00e9nzbeli eg\u00e9szs\u00e9gbiztos\u00edt\u00e1si j\u00e1rul\u00e9k, valamint [&hellip;]<\/p>\n","protected":false},"author":1,"featured_media":2728,"comment_status":"open","ping_status":"open","sticky":false,"template":"","format":"standard","meta":{"_monsterinsights_skip_tracking":false,"footnotes":""},"categories":[198],"tags":[],"class_list":["post-3487","post","type-post","status-publish","format-standard","has-post-thumbnail","hentry","category-gazdasag"],"aioseo_notices":[],"aioseo_head":"\n\t\t<!-- All in One SEO 5.0.0.1 - aioseo.com -->\n\t<meta name=\"description\" content=\"N\u00e9gy j\u00e1rul\u00e9kfajta olvad a t\u00e1rsadalombiztos\u00edt\u00e1si j\u00e1rul\u00e9kba j\u00f6v\u0151 j\u00falius 1-j\u00e9t\u0151l a P\u00e9nz\u00fcgyminiszt\u00e9rium \u00e1ltal beny\u00fajtott t\u00f6rv\u00e9nyjavaslat szerint; ugyancsak j\u00falius 1-t\u0151l minden dolgoz\u00f3 nyugd\u00edjast megillet a j\u00e1rul\u00e9kmentess\u00e9g; tov\u00e1bb\u00e1 a gyermekes csal\u00e1dok sz\u00e1m\u00e1ra m\u00e9g kedvez\u0151bb\u00e9 v\u00e1lik a gyermekek ut\u00e1n j\u00e1r\u00f3 csal\u00e1di kedvezm\u00e9ny \u2013 k\u00f6z\u00f6lte a P\u00e9nz\u00fcgyminiszt\u00e9rium. A t\u00e1j\u00e9koztat\u00e1s szerint a nyugd\u00edjj\u00e1rul\u00e9k, a term\u00e9szetbeni \u00e9s a p\u00e9nzbeli eg\u00e9szs\u00e9gbiztos\u00edt\u00e1si j\u00e1rul\u00e9k, valamint\" \/>\n\t<meta name=\"robots\" content=\"max-image-preview:large\" \/>\n\t<meta name=\"author\" content=\"Juh\u00e1sz P\u00e9ter\"\/>\n\t<link rel=\"canonical\" href=\"https:\/\/allasorias.hu\/hirek\/negy-jarulek-is-osszeolvad-jovore\/\" \/>\n\t<meta name=\"generator\" content=\"All in One SEO (AIOSEO) 5.0.0.1\" \/>\n\t\t<meta property=\"og:locale\" content=\"hu_HU\" \/>\n\t\t<meta property=\"og:site_name\" content=\"AllasOrias.hu | H\u00edrek-lapszemle | \u00dczleti h\u00edrek az \u00e1ll\u00e1s \u00e9s a munka vil\u00e1g\u00e1b\u00f3l\" \/>\n\t\t<meta property=\"og:type\" content=\"article\" \/>\n\t\t<meta property=\"og:title\" content=\"N\u00e9gy j\u00e1rul\u00e9k is \u00f6sszeolvad j\u00f6v\u0151re | AllasOrias.hu | H\u00edrek-lapszemle\" \/>\n\t\t<meta property=\"og:description\" content=\"N\u00e9gy j\u00e1rul\u00e9kfajta olvad a t\u00e1rsadalombiztos\u00edt\u00e1si j\u00e1rul\u00e9kba j\u00f6v\u0151 j\u00falius 1-j\u00e9t\u0151l a P\u00e9nz\u00fcgyminiszt\u00e9rium \u00e1ltal beny\u00fajtott t\u00f6rv\u00e9nyjavaslat szerint; ugyancsak j\u00falius 1-t\u0151l minden dolgoz\u00f3 nyugd\u00edjast megillet a j\u00e1rul\u00e9kmentess\u00e9g; tov\u00e1bb\u00e1 a gyermekes csal\u00e1dok sz\u00e1m\u00e1ra m\u00e9g kedvez\u0151bb\u00e9 v\u00e1lik a gyermekek ut\u00e1n j\u00e1r\u00f3 csal\u00e1di kedvezm\u00e9ny \u2013 k\u00f6z\u00f6lte a P\u00e9nz\u00fcgyminiszt\u00e9rium. A t\u00e1j\u00e9koztat\u00e1s szerint a nyugd\u00edjj\u00e1rul\u00e9k, a term\u00e9szetbeni \u00e9s a p\u00e9nzbeli eg\u00e9szs\u00e9gbiztos\u00edt\u00e1si j\u00e1rul\u00e9k, valamint\" \/>\n\t\t<meta property=\"og:url\" content=\"https:\/\/allasorias.hu\/hirek\/negy-jarulek-is-osszeolvad-jovore\/\" \/>\n\t\t<meta property=\"og:image\" content=\"https:\/\/allasorias.hu\/hirek\/wp-content\/uploads\/2019\/04\/accounting-analytics-balance-209224.jpg\" \/>\n\t\t<meta property=\"og:image:secure_url\" content=\"https:\/\/allasorias.hu\/hirek\/wp-content\/uploads\/2019\/04\/accounting-analytics-balance-209224.jpg\" \/>\n\t\t<meta property=\"og:image:width\" content=\"640\" \/>\n\t\t<meta property=\"og:image:height\" content=\"426\" \/>\n\t\t<meta property=\"article:published_time\" content=\"2019-11-13T08:41:16+00:00\" \/>\n\t\t<meta property=\"article:modified_time\" content=\"2019-11-13T08:53:54+00:00\" \/>\n\t\t<meta property=\"article:publisher\" content=\"https:\/\/www.facebook.com\/allasorias\" \/>\n\t\t<meta name=\"twitter:card\" content=\"summary_large_image\" \/>\n\t\t<meta name=\"twitter:title\" content=\"N\u00e9gy j\u00e1rul\u00e9k is \u00f6sszeolvad j\u00f6v\u0151re | AllasOrias.hu | H\u00edrek-lapszemle\" \/>\n\t\t<meta name=\"twitter:description\" content=\"N\u00e9gy j\u00e1rul\u00e9kfajta olvad a t\u00e1rsadalombiztos\u00edt\u00e1si j\u00e1rul\u00e9kba j\u00f6v\u0151 j\u00falius 1-j\u00e9t\u0151l a P\u00e9nz\u00fcgyminiszt\u00e9rium \u00e1ltal beny\u00fajtott t\u00f6rv\u00e9nyjavaslat szerint; ugyancsak j\u00falius 1-t\u0151l minden dolgoz\u00f3 nyugd\u00edjast megillet a j\u00e1rul\u00e9kmentess\u00e9g; tov\u00e1bb\u00e1 a gyermekes csal\u00e1dok sz\u00e1m\u00e1ra m\u00e9g kedvez\u0151bb\u00e9 v\u00e1lik a gyermekek ut\u00e1n j\u00e1r\u00f3 csal\u00e1di kedvezm\u00e9ny \u2013 k\u00f6z\u00f6lte a P\u00e9nz\u00fcgyminiszt\u00e9rium. A t\u00e1j\u00e9koztat\u00e1s szerint a nyugd\u00edjj\u00e1rul\u00e9k, a term\u00e9szetbeni \u00e9s a p\u00e9nzbeli eg\u00e9szs\u00e9gbiztos\u00edt\u00e1si j\u00e1rul\u00e9k, valamint\" \/>\n\t\t<meta name=\"twitter:image\" content=\"https:\/\/allasorias.hu\/hirek\/wp-content\/uploads\/2019\/04\/accounting-analytics-balance-209224.jpg\" \/>\n\t\t<meta name=\"twitter:label1\" content=\"Written by\" \/>\n\t\t<meta name=\"twitter:data1\" content=\"Juh\u00e1sz P\u00e9ter\" \/>\n\t\t<meta name=\"twitter:label2\" content=\"Est. reading time\" \/>\n\t\t<meta name=\"twitter:data2\" content=\"3 minutes\" \/>\n\t\t<script type=\"application\/ld+json\" class=\"aioseo-schema\">\n\t\t\t{\"@context\":\"https:\\\/\\\/schema.org\",\"@graph\":[{\"@type\":\"Article\",\"@id\":\"https:\\\/\\\/allasorias.hu\\\/hirek\\\/negy-jarulek-is-osszeolvad-jovore\\\/#article\",\"name\":\"N\\u00e9gy j\\u00e1rul\\u00e9k is \\u00f6sszeolvad j\\u00f6v\\u0151re | AllasOrias.hu | H\\u00edrek-lapszemle\",\"headline\":\"N\\u00e9gy j\\u00e1rul\\u00e9k is \\u00f6sszeolvad j\\u00f6v\\u0151re\",\"author\":{\"@id\":\"https:\\\/\\\/allasorias.hu\\\/hirek\\\/author\\\/admin-allasorias\\\/#author\"},\"publisher\":{\"@id\":\"https:\\\/\\\/allasorias.hu\\\/hirek\\\/#organization\"},\"image\":{\"@type\":\"ImageObject\",\"url\":\"https:\\\/\\\/allasorias.hu\\\/hirek\\\/wp-content\\\/uploads\\\/2019\\\/04\\\/accounting-analytics-balance-209224.jpg\",\"width\":640,\"height\":426},\"datePublished\":\"2019-11-13T08:41:16+02:00\",\"dateModified\":\"2019-11-13T08:53:54+02:00\",\"inLanguage\":\"hu-HU\",\"mainEntityOfPage\":{\"@id\":\"https:\\\/\\\/allasorias.hu\\\/hirek\\\/negy-jarulek-is-osszeolvad-jovore\\\/#webpage\"},\"isPartOf\":{\"@id\":\"https:\\\/\\\/allasorias.hu\\\/hirek\\\/negy-jarulek-is-osszeolvad-jovore\\\/#webpage\"},\"articleSection\":\"Gazdas\\u00e1g\"},{\"@type\":\"BreadcrumbList\",\"@id\":\"https:\\\/\\\/allasorias.hu\\\/hirek\\\/negy-jarulek-is-osszeolvad-jovore\\\/#breadcrumblist\",\"itemListElement\":[{\"@type\":\"ListItem\",\"@id\":\"https:\\\/\\\/allasorias.hu\\\/hirek#listItem\",\"position\":1,\"name\":\"Home\",\"item\":\"https:\\\/\\\/allasorias.hu\\\/hirek\",\"nextItem\":{\"@type\":\"ListItem\",\"@id\":\"https:\\\/\\\/allasorias.hu\\\/hirek\\\/temak\\\/gazdasag\\\/#listItem\",\"name\":\"Gazdas\\u00e1g\"}},{\"@type\":\"ListItem\",\"@id\":\"https:\\\/\\\/allasorias.hu\\\/hirek\\\/temak\\\/gazdasag\\\/#listItem\",\"position\":2,\"name\":\"Gazdas\\u00e1g\",\"item\":\"https:\\\/\\\/allasorias.hu\\\/hirek\\\/temak\\\/gazdasag\\\/\",\"nextItem\":{\"@type\":\"ListItem\",\"@id\":\"https:\\\/\\\/allasorias.hu\\\/hirek\\\/negy-jarulek-is-osszeolvad-jovore\\\/#listItem\",\"name\":\"N\\u00e9gy j\\u00e1rul\\u00e9k is \\u00f6sszeolvad j\\u00f6v\\u0151re\"},\"previousItem\":{\"@type\":\"ListItem\",\"@id\":\"https:\\\/\\\/allasorias.hu\\\/hirek#listItem\",\"name\":\"Home\"}},{\"@type\":\"ListItem\",\"@id\":\"https:\\\/\\\/allasorias.hu\\\/hirek\\\/negy-jarulek-is-osszeolvad-jovore\\\/#listItem\",\"position\":3,\"name\":\"N\\u00e9gy j\\u00e1rul\\u00e9k is \\u00f6sszeolvad j\\u00f6v\\u0151re\",\"previousItem\":{\"@type\":\"ListItem\",\"@id\":\"https:\\\/\\\/allasorias.hu\\\/hirek\\\/temak\\\/gazdasag\\\/#listItem\",\"name\":\"Gazdas\\u00e1g\"}}]},{\"@type\":\"Organization\",\"@id\":\"https:\\\/\\\/allasorias.hu\\\/hirek\\\/#organization\",\"name\":\"AllasOrias.hu | H\\u00edrek-lapszemle\",\"description\":\"\\u00dczleti h\\u00edrek az \\u00e1ll\\u00e1s \\u00e9s a munka vil\\u00e1g\\u00e1b\\u00f3l\",\"url\":\"https:\\\/\\\/allasorias.hu\\\/hirek\\\/\",\"logo\":{\"@type\":\"ImageObject\",\"url\":\"https:\\\/\\\/allasorias.hu\\\/hirek\\\/wp-content\\\/uploads\\\/2022\\\/10\\\/allasorias_site_facebok_logo.png\",\"@id\":\"https:\\\/\\\/allasorias.hu\\\/hirek\\\/negy-jarulek-is-osszeolvad-jovore\\\/#organizationLogo\"},\"image\":{\"@id\":\"https:\\\/\\\/allasorias.hu\\\/hirek\\\/negy-jarulek-is-osszeolvad-jovore\\\/#organizationLogo\"},\"sameAs\":[\"https:\\\/\\\/www.facebook.com\\\/allasorias\",\"https:\\\/\\\/www.linkedin.com\\\/company\\\/allasorias\"]},{\"@type\":\"Person\",\"@id\":\"https:\\\/\\\/allasorias.hu\\\/hirek\\\/author\\\/admin-allasorias\\\/#author\",\"url\":\"https:\\\/\\\/allasorias.hu\\\/hirek\\\/author\\\/admin-allasorias\\\/\",\"name\":\"Juh\\u00e1sz P\\u00e9ter\",\"image\":{\"@type\":\"ImageObject\",\"@id\":\"https:\\\/\\\/allasorias.hu\\\/hirek\\\/negy-jarulek-is-osszeolvad-jovore\\\/#authorImage\",\"url\":\"https:\\\/\\\/secure.gravatar.com\\\/avatar\\\/36e6bcb83148978b992977cb0f54d22feb0cce8a0a849a9410532bb2623ba4c6?s=96&d=mm&r=g\",\"width\":96,\"height\":96,\"caption\":\"Juh\\u00e1sz P\\u00e9ter\"}},{\"@type\":\"WebPage\",\"@id\":\"https:\\\/\\\/allasorias.hu\\\/hirek\\\/negy-jarulek-is-osszeolvad-jovore\\\/#webpage\",\"url\":\"https:\\\/\\\/allasorias.hu\\\/hirek\\\/negy-jarulek-is-osszeolvad-jovore\\\/\",\"name\":\"N\\u00e9gy j\\u00e1rul\\u00e9k is \\u00f6sszeolvad j\\u00f6v\\u0151re | AllasOrias.hu | H\\u00edrek-lapszemle\",\"description\":\"N\\u00e9gy j\\u00e1rul\\u00e9kfajta olvad a t\\u00e1rsadalombiztos\\u00edt\\u00e1si j\\u00e1rul\\u00e9kba j\\u00f6v\\u0151 j\\u00falius 1-j\\u00e9t\\u0151l a P\\u00e9nz\\u00fcgyminiszt\\u00e9rium \\u00e1ltal beny\\u00fajtott t\\u00f6rv\\u00e9nyjavaslat szerint; ugyancsak j\\u00falius 1-t\\u0151l minden dolgoz\\u00f3 nyugd\\u00edjast megillet a j\\u00e1rul\\u00e9kmentess\\u00e9g; tov\\u00e1bb\\u00e1 a gyermekes csal\\u00e1dok sz\\u00e1m\\u00e1ra m\\u00e9g kedvez\\u0151bb\\u00e9 v\\u00e1lik a gyermekek ut\\u00e1n j\\u00e1r\\u00f3 csal\\u00e1di kedvezm\\u00e9ny \\u2013 k\\u00f6z\\u00f6lte a P\\u00e9nz\\u00fcgyminiszt\\u00e9rium. A t\\u00e1j\\u00e9koztat\\u00e1s szerint a nyugd\\u00edjj\\u00e1rul\\u00e9k, a term\\u00e9szetbeni \\u00e9s a p\\u00e9nzbeli eg\\u00e9szs\\u00e9gbiztos\\u00edt\\u00e1si j\\u00e1rul\\u00e9k, valamint\",\"inLanguage\":\"hu-HU\",\"isPartOf\":{\"@id\":\"https:\\\/\\\/allasorias.hu\\\/hirek\\\/#website\"},\"breadcrumb\":{\"@id\":\"https:\\\/\\\/allasorias.hu\\\/hirek\\\/negy-jarulek-is-osszeolvad-jovore\\\/#breadcrumblist\"},\"author\":{\"@id\":\"https:\\\/\\\/allasorias.hu\\\/hirek\\\/author\\\/admin-allasorias\\\/#author\"},\"creator\":{\"@id\":\"https:\\\/\\\/allasorias.hu\\\/hirek\\\/author\\\/admin-allasorias\\\/#author\"},\"image\":{\"@type\":\"ImageObject\",\"url\":\"https:\\\/\\\/allasorias.hu\\\/hirek\\\/wp-content\\\/uploads\\\/2019\\\/04\\\/accounting-analytics-balance-209224.jpg\",\"@id\":\"https:\\\/\\\/allasorias.hu\\\/hirek\\\/negy-jarulek-is-osszeolvad-jovore\\\/#mainImage\",\"width\":640,\"height\":426},\"primaryImageOfPage\":{\"@id\":\"https:\\\/\\\/allasorias.hu\\\/hirek\\\/negy-jarulek-is-osszeolvad-jovore\\\/#mainImage\"},\"datePublished\":\"2019-11-13T08:41:16+02:00\",\"dateModified\":\"2019-11-13T08:53:54+02:00\"},{\"@type\":\"WebSite\",\"@id\":\"https:\\\/\\\/allasorias.hu\\\/hirek\\\/#website\",\"url\":\"https:\\\/\\\/allasorias.hu\\\/hirek\\\/\",\"name\":\"AllasOrias.hu | H\\u00edrek-lapszemle\",\"description\":\"\\u00dczleti h\\u00edrek az \\u00e1ll\\u00e1s \\u00e9s a munka vil\\u00e1g\\u00e1b\\u00f3l\",\"inLanguage\":\"hu-HU\",\"publisher\":{\"@id\":\"https:\\\/\\\/allasorias.hu\\\/hirek\\\/#organization\"}}]}\n\t\t<\/script>\n\t\t<!-- All in One SEO -->\n\n","aioseo_head_json":{"title":"N\u00e9gy j\u00e1rul\u00e9k is \u00f6sszeolvad j\u00f6v\u0151re | AllasOrias.hu | H\u00edrek-lapszemle","description":"N\u00e9gy j\u00e1rul\u00e9kfajta olvad a t\u00e1rsadalombiztos\u00edt\u00e1si j\u00e1rul\u00e9kba j\u00f6v\u0151 j\u00falius 1-j\u00e9t\u0151l a P\u00e9nz\u00fcgyminiszt\u00e9rium \u00e1ltal beny\u00fajtott t\u00f6rv\u00e9nyjavaslat szerint; ugyancsak j\u00falius 1-t\u0151l minden dolgoz\u00f3 nyugd\u00edjast megillet a j\u00e1rul\u00e9kmentess\u00e9g; tov\u00e1bb\u00e1 a gyermekes csal\u00e1dok sz\u00e1m\u00e1ra m\u00e9g kedvez\u0151bb\u00e9 v\u00e1lik a gyermekek ut\u00e1n j\u00e1r\u00f3 csal\u00e1di kedvezm\u00e9ny \u2013 k\u00f6z\u00f6lte a P\u00e9nz\u00fcgyminiszt\u00e9rium. A t\u00e1j\u00e9koztat\u00e1s szerint a nyugd\u00edjj\u00e1rul\u00e9k, a term\u00e9szetbeni \u00e9s a p\u00e9nzbeli eg\u00e9szs\u00e9gbiztos\u00edt\u00e1si j\u00e1rul\u00e9k, valamint","canonical_url":"https:\/\/allasorias.hu\/hirek\/negy-jarulek-is-osszeolvad-jovore\/","robots":"max-image-preview:large","keywords":"","webmasterTools":{"miscellaneous":""},"schema":{"@context":"https:\/\/schema.org","@graph":[{"@type":"Article","@id":"https:\/\/allasorias.hu\/hirek\/negy-jarulek-is-osszeolvad-jovore\/#article","name":"N\u00e9gy j\u00e1rul\u00e9k is \u00f6sszeolvad j\u00f6v\u0151re | AllasOrias.hu | H\u00edrek-lapszemle","headline":"N\u00e9gy j\u00e1rul\u00e9k is \u00f6sszeolvad j\u00f6v\u0151re","author":{"@id":"https:\/\/allasorias.hu\/hirek\/author\/admin-allasorias\/#author"},"publisher":{"@id":"https:\/\/allasorias.hu\/hirek\/#organization"},"image":{"@type":"ImageObject","url":"https:\/\/allasorias.hu\/hirek\/wp-content\/uploads\/2019\/04\/accounting-analytics-balance-209224.jpg","width":640,"height":426},"datePublished":"2019-11-13T08:41:16+02:00","dateModified":"2019-11-13T08:53:54+02:00","inLanguage":"hu-HU","mainEntityOfPage":{"@id":"https:\/\/allasorias.hu\/hirek\/negy-jarulek-is-osszeolvad-jovore\/#webpage"},"isPartOf":{"@id":"https:\/\/allasorias.hu\/hirek\/negy-jarulek-is-osszeolvad-jovore\/#webpage"},"articleSection":"Gazdas\u00e1g"},{"@type":"BreadcrumbList","@id":"https:\/\/allasorias.hu\/hirek\/negy-jarulek-is-osszeolvad-jovore\/#breadcrumblist","itemListElement":[{"@type":"ListItem","@id":"https:\/\/allasorias.hu\/hirek#listItem","position":1,"name":"Home","item":"https:\/\/allasorias.hu\/hirek","nextItem":{"@type":"ListItem","@id":"https:\/\/allasorias.hu\/hirek\/temak\/gazdasag\/#listItem","name":"Gazdas\u00e1g"}},{"@type":"ListItem","@id":"https:\/\/allasorias.hu\/hirek\/temak\/gazdasag\/#listItem","position":2,"name":"Gazdas\u00e1g","item":"https:\/\/allasorias.hu\/hirek\/temak\/gazdasag\/","nextItem":{"@type":"ListItem","@id":"https:\/\/allasorias.hu\/hirek\/negy-jarulek-is-osszeolvad-jovore\/#listItem","name":"N\u00e9gy j\u00e1rul\u00e9k is \u00f6sszeolvad j\u00f6v\u0151re"},"previousItem":{"@type":"ListItem","@id":"https:\/\/allasorias.hu\/hirek#listItem","name":"Home"}},{"@type":"ListItem","@id":"https:\/\/allasorias.hu\/hirek\/negy-jarulek-is-osszeolvad-jovore\/#listItem","position":3,"name":"N\u00e9gy j\u00e1rul\u00e9k is \u00f6sszeolvad j\u00f6v\u0151re","previousItem":{"@type":"ListItem","@id":"https:\/\/allasorias.hu\/hirek\/temak\/gazdasag\/#listItem","name":"Gazdas\u00e1g"}}]},{"@type":"Organization","@id":"https:\/\/allasorias.hu\/hirek\/#organization","name":"AllasOrias.hu | H\u00edrek-lapszemle","description":"\u00dczleti h\u00edrek az \u00e1ll\u00e1s \u00e9s a munka vil\u00e1g\u00e1b\u00f3l","url":"https:\/\/allasorias.hu\/hirek\/","logo":{"@type":"ImageObject","url":"https:\/\/allasorias.hu\/hirek\/wp-content\/uploads\/2022\/10\/allasorias_site_facebok_logo.png","@id":"https:\/\/allasorias.hu\/hirek\/negy-jarulek-is-osszeolvad-jovore\/#organizationLogo"},"image":{"@id":"https:\/\/allasorias.hu\/hirek\/negy-jarulek-is-osszeolvad-jovore\/#organizationLogo"},"sameAs":["https:\/\/www.facebook.com\/allasorias","https:\/\/www.linkedin.com\/company\/allasorias"]},{"@type":"Person","@id":"https:\/\/allasorias.hu\/hirek\/author\/admin-allasorias\/#author","url":"https:\/\/allasorias.hu\/hirek\/author\/admin-allasorias\/","name":"Juh\u00e1sz P\u00e9ter","image":{"@type":"ImageObject","@id":"https:\/\/allasorias.hu\/hirek\/negy-jarulek-is-osszeolvad-jovore\/#authorImage","url":"https:\/\/secure.gravatar.com\/avatar\/36e6bcb83148978b992977cb0f54d22feb0cce8a0a849a9410532bb2623ba4c6?s=96&d=mm&r=g","width":96,"height":96,"caption":"Juh\u00e1sz P\u00e9ter"}},{"@type":"WebPage","@id":"https:\/\/allasorias.hu\/hirek\/negy-jarulek-is-osszeolvad-jovore\/#webpage","url":"https:\/\/allasorias.hu\/hirek\/negy-jarulek-is-osszeolvad-jovore\/","name":"N\u00e9gy j\u00e1rul\u00e9k is \u00f6sszeolvad j\u00f6v\u0151re | AllasOrias.hu | H\u00edrek-lapszemle","description":"N\u00e9gy j\u00e1rul\u00e9kfajta olvad a t\u00e1rsadalombiztos\u00edt\u00e1si j\u00e1rul\u00e9kba j\u00f6v\u0151 j\u00falius 1-j\u00e9t\u0151l a P\u00e9nz\u00fcgyminiszt\u00e9rium \u00e1ltal beny\u00fajtott t\u00f6rv\u00e9nyjavaslat szerint; ugyancsak j\u00falius 1-t\u0151l minden dolgoz\u00f3 nyugd\u00edjast megillet a j\u00e1rul\u00e9kmentess\u00e9g; tov\u00e1bb\u00e1 a gyermekes csal\u00e1dok sz\u00e1m\u00e1ra m\u00e9g kedvez\u0151bb\u00e9 v\u00e1lik a gyermekek ut\u00e1n j\u00e1r\u00f3 csal\u00e1di kedvezm\u00e9ny \u2013 k\u00f6z\u00f6lte a P\u00e9nz\u00fcgyminiszt\u00e9rium. A t\u00e1j\u00e9koztat\u00e1s szerint a nyugd\u00edjj\u00e1rul\u00e9k, a term\u00e9szetbeni \u00e9s a p\u00e9nzbeli eg\u00e9szs\u00e9gbiztos\u00edt\u00e1si j\u00e1rul\u00e9k, valamint","inLanguage":"hu-HU","isPartOf":{"@id":"https:\/\/allasorias.hu\/hirek\/#website"},"breadcrumb":{"@id":"https:\/\/allasorias.hu\/hirek\/negy-jarulek-is-osszeolvad-jovore\/#breadcrumblist"},"author":{"@id":"https:\/\/allasorias.hu\/hirek\/author\/admin-allasorias\/#author"},"creator":{"@id":"https:\/\/allasorias.hu\/hirek\/author\/admin-allasorias\/#author"},"image":{"@type":"ImageObject","url":"https:\/\/allasorias.hu\/hirek\/wp-content\/uploads\/2019\/04\/accounting-analytics-balance-209224.jpg","@id":"https:\/\/allasorias.hu\/hirek\/negy-jarulek-is-osszeolvad-jovore\/#mainImage","width":640,"height":426},"primaryImageOfPage":{"@id":"https:\/\/allasorias.hu\/hirek\/negy-jarulek-is-osszeolvad-jovore\/#mainImage"},"datePublished":"2019-11-13T08:41:16+02:00","dateModified":"2019-11-13T08:53:54+02:00"},{"@type":"WebSite","@id":"https:\/\/allasorias.hu\/hirek\/#website","url":"https:\/\/allasorias.hu\/hirek\/","name":"AllasOrias.hu | H\u00edrek-lapszemle","description":"\u00dczleti h\u00edrek az \u00e1ll\u00e1s \u00e9s a munka vil\u00e1g\u00e1b\u00f3l","inLanguage":"hu-HU","publisher":{"@id":"https:\/\/allasorias.hu\/hirek\/#organization"}}]},"og:locale":"hu_HU","og:site_name":"AllasOrias.hu | H\u00edrek-lapszemle | \u00dczleti h\u00edrek az \u00e1ll\u00e1s \u00e9s a munka vil\u00e1g\u00e1b\u00f3l","og:type":"article","og:title":"N\u00e9gy j\u00e1rul\u00e9k is \u00f6sszeolvad j\u00f6v\u0151re | AllasOrias.hu | H\u00edrek-lapszemle","og:description":"N\u00e9gy j\u00e1rul\u00e9kfajta olvad a t\u00e1rsadalombiztos\u00edt\u00e1si j\u00e1rul\u00e9kba j\u00f6v\u0151 j\u00falius 1-j\u00e9t\u0151l a P\u00e9nz\u00fcgyminiszt\u00e9rium \u00e1ltal beny\u00fajtott t\u00f6rv\u00e9nyjavaslat szerint; ugyancsak j\u00falius 1-t\u0151l minden dolgoz\u00f3 nyugd\u00edjast megillet a j\u00e1rul\u00e9kmentess\u00e9g; tov\u00e1bb\u00e1 a gyermekes csal\u00e1dok sz\u00e1m\u00e1ra m\u00e9g kedvez\u0151bb\u00e9 v\u00e1lik a gyermekek ut\u00e1n j\u00e1r\u00f3 csal\u00e1di kedvezm\u00e9ny \u2013 k\u00f6z\u00f6lte a P\u00e9nz\u00fcgyminiszt\u00e9rium. A t\u00e1j\u00e9koztat\u00e1s szerint a nyugd\u00edjj\u00e1rul\u00e9k, a term\u00e9szetbeni \u00e9s a p\u00e9nzbeli eg\u00e9szs\u00e9gbiztos\u00edt\u00e1si j\u00e1rul\u00e9k, valamint","og:url":"https:\/\/allasorias.hu\/hirek\/negy-jarulek-is-osszeolvad-jovore\/","og:image":"https:\/\/allasorias.hu\/hirek\/wp-content\/uploads\/2019\/04\/accounting-analytics-balance-209224.jpg","og:image:secure_url":"https:\/\/allasorias.hu\/hirek\/wp-content\/uploads\/2019\/04\/accounting-analytics-balance-209224.jpg","og:image:width":640,"og:image:height":426,"article:published_time":"2019-11-13T08:41:16+00:00","article:modified_time":"2019-11-13T08:53:54+00:00","article:publisher":"https:\/\/www.facebook.com\/allasorias","twitter:card":"summary_large_image","twitter:title":"N\u00e9gy j\u00e1rul\u00e9k is \u00f6sszeolvad j\u00f6v\u0151re | AllasOrias.hu | H\u00edrek-lapszemle","twitter:description":"N\u00e9gy j\u00e1rul\u00e9kfajta olvad a t\u00e1rsadalombiztos\u00edt\u00e1si j\u00e1rul\u00e9kba j\u00f6v\u0151 j\u00falius 1-j\u00e9t\u0151l a P\u00e9nz\u00fcgyminiszt\u00e9rium \u00e1ltal beny\u00fajtott t\u00f6rv\u00e9nyjavaslat szerint; ugyancsak j\u00falius 1-t\u0151l minden dolgoz\u00f3 nyugd\u00edjast megillet a j\u00e1rul\u00e9kmentess\u00e9g; tov\u00e1bb\u00e1 a gyermekes csal\u00e1dok sz\u00e1m\u00e1ra m\u00e9g kedvez\u0151bb\u00e9 v\u00e1lik a gyermekek ut\u00e1n j\u00e1r\u00f3 csal\u00e1di kedvezm\u00e9ny \u2013 k\u00f6z\u00f6lte a P\u00e9nz\u00fcgyminiszt\u00e9rium. A t\u00e1j\u00e9koztat\u00e1s szerint a nyugd\u00edjj\u00e1rul\u00e9k, a term\u00e9szetbeni \u00e9s a p\u00e9nzbeli eg\u00e9szs\u00e9gbiztos\u00edt\u00e1si j\u00e1rul\u00e9k, valamint","twitter:image":"https:\/\/allasorias.hu\/hirek\/wp-content\/uploads\/2019\/04\/accounting-analytics-balance-209224.jpg","twitter:label1":"Written by","twitter:data1":"Juh\u00e1sz P\u00e9ter","twitter:label2":"Est. reading time","twitter:data2":"3 minutes"},"aioseo_meta_data":{"post_id":"3487","title":null,"description":null,"keywords":null,"keyphrases":null,"primary_term":null,"canonical_url":null,"og_title":null,"og_description":null,"og_object_type":"default","og_image_type":"default","og_image_url":null,"og_image_width":null,"og_image_height":null,"og_image_custom_url":null,"og_image_custom_fields":null,"og_video":null,"og_custom_url":null,"og_article_section":null,"og_article_tags":null,"twitter_use_og":false,"twitter_card":"default","twitter_image_type":"default","twitter_image_url":null,"twitter_image_custom_url":null,"twitter_image_custom_fields":null,"twitter_title":null,"twitter_description":null,"schema":{"blockGraphs":[],"customGraphs":[],"default":{"data":{"Article":[],"Course":[],"Dataset":[],"FAQPage":[],"Movie":[],"Person":[],"Product":[],"ProductReview":[],"Car":[],"Recipe":[],"Service":[],"SoftwareApplication":[],"WebPage":[]},"graphName":"","isEnabled":true},"graphs":[]},"schema_type":null,"schema_type_options":null,"pillar_content":false,"robots_default":true,"robots_noindex":false,"robots_noarchive":false,"robots_nosnippet":false,"robots_nofollow":false,"robots_noimageindex":false,"robots_noodp":false,"robots_notranslate":false,"robots_max_snippet":null,"robots_max_videopreview":null,"robots_max_imagepreview":"large","priority":null,"frequency":null,"location":null,"local_seo":null,"breadcrumb_settings":null,"limit_modified_date":false,"ai":null,"created":"2021-02-01 22:56:23","updated":"2025-10-02 12:14:25","seo_analyzer_scan_date":null,"focus_keyword":null,"additional_keywords":null,"truseo_locale":null},"aioseo_breadcrumb":"<div class=\"aioseo-breadcrumbs\"><span class=\"aioseo-breadcrumb\">\n\t\t\t<a href=\"https:\/\/allasorias.hu\/hirek\" title=\"Home\">Home<\/a>\n\t\t<\/span><span class=\"aioseo-breadcrumb-separator\">&raquo;<\/span><span class=\"aioseo-breadcrumb\">\n\t\t\t<a href=\"https:\/\/allasorias.hu\/hirek\/temak\/gazdasag\/\" title=\"Gazdas\u00e1g\">Gazdas\u00e1g<\/a>\n\t\t<\/span><span class=\"aioseo-breadcrumb-separator\">&raquo;<\/span><span class=\"aioseo-breadcrumb\">\n\t\t\tN\u00e9gy j\u00e1rul\u00e9k is \u00f6sszeolvad j\u00f6v\u0151re\n\t\t<\/span><\/div>","aioseo_breadcrumb_json":[{"label":"Home","link":"https:\/\/allasorias.hu\/hirek"},{"label":"Gazdas\u00e1g","link":"https:\/\/allasorias.hu\/hirek\/temak\/gazdasag\/"},{"label":"N\u00e9gy j\u00e1rul\u00e9k is \u00f6sszeolvad j\u00f6v\u0151re","link":"https:\/\/allasorias.hu\/hirek\/negy-jarulek-is-osszeolvad-jovore\/"}],"_links":{"self":[{"href":"https:\/\/allasorias.hu\/hirek\/wp-json\/wp\/v2\/posts\/3487","targetHints":{"allow":["GET"]}}],"collection":[{"href":"https:\/\/allasorias.hu\/hirek\/wp-json\/wp\/v2\/posts"}],"about":[{"href":"https:\/\/allasorias.hu\/hirek\/wp-json\/wp\/v2\/types\/post"}],"author":[{"embeddable":true,"href":"https:\/\/allasorias.hu\/hirek\/wp-json\/wp\/v2\/users\/1"}],"replies":[{"embeddable":true,"href":"https:\/\/allasorias.hu\/hirek\/wp-json\/wp\/v2\/comments?post=3487"}],"version-history":[{"count":1,"href":"https:\/\/allasorias.hu\/hirek\/wp-json\/wp\/v2\/posts\/3487\/revisions"}],"predecessor-version":[{"id":3488,"href":"https:\/\/allasorias.hu\/hirek\/wp-json\/wp\/v2\/posts\/3487\/revisions\/3488"}],"wp:featuredmedia":[{"embeddable":true,"href":"https:\/\/allasorias.hu\/hirek\/wp-json\/wp\/v2\/media\/2728"}],"wp:attachment":[{"href":"https:\/\/allasorias.hu\/hirek\/wp-json\/wp\/v2\/media?parent=3487"}],"wp:term":[{"taxonomy":"category","embeddable":true,"href":"https:\/\/allasorias.hu\/hirek\/wp-json\/wp\/v2\/categories?post=3487"},{"taxonomy":"post_tag","embeddable":true,"href":"https:\/\/allasorias.hu\/hirek\/wp-json\/wp\/v2\/tags?post=3487"}],"curies":[{"name":"wp","href":"https:\/\/api.w.org\/{rel}","templated":true}]}}