{"id":3480,"date":"2019-11-12T10:48:45","date_gmt":"2019-11-12T10:48:45","guid":{"rendered":"https:\/\/allasorias.hu\/hirek\/?p=3480"},"modified":"2019-11-13T08:52:20","modified_gmt":"2019-11-13T08:52:20","slug":"mobilisabb-legyen-a-felnottkepzes","status":"publish","type":"post","link":"https:\/\/allasorias.hu\/hirek\/mobilisabb-legyen-a-felnottkepzes\/","title":{"rendered":"Mobilisabb legyen a feln\u0151ttk\u00e9pz\u00e9s"},"content":{"rendered":"<p><strong>Sokkal rugalmasabb kell legyen a hazai feln\u0151ttk\u00e9pz\u00e9s \u00edgy \u00f6sszegezhet\u0151 az ezzel kapcsolatos kutat\u00e1s eredm\u00e9nye. Az Feln\u0151ttk\u00e9pz\u0151k Sz\u00f6vets\u00e9ge a Magyarorsz\u00e1gon m\u0171k\u00f6d\u0151 v\u00e1llalkoz\u00e1sok feln\u0151ttk\u00e9pz\u00e9ssel kapcsolatos ig\u00e9nyeir\u0151l, tov\u00e1bb\u00e1 gyakorlat\u00e1r\u00f3l k\u00e9sz\u00edttetett felm\u00e9r\u00e9st, a Budapesti Kereskedelmi \u00e9s Ipari Kamara pedig a hazai v\u00e1llalkoz\u00e1sok szakk\u00e9pz\u00e9sr\u0151l, munkaer\u0151piaci k\u00edn\u00e1latr\u00f3l kialak\u00edtott v\u00e9lem\u00e9ny\u00e9t elemz\u0151 piackutat\u00e1s friss eredm\u00e9nyeit tette k\u00f6zz\u00e9 a napokban.<\/strong><\/p>\n<p>\u201eA kutat\u00e1sunkb\u00f3l kider\u00fcl, hogy a c\u00e9gek t\u00f6bbs\u00e9ge nem t\u00fal kedvez\u0151en v\u00e9lekedik a jelenlegi feln\u0151ttk\u00e9pz\u00e9si form\u00e1kr\u00f3l, legink\u00e1bb az\u00e9rt, mert k\u00f6zel h\u00e1romnegyed\u00fck nem tartja kell\u0151en rugalmasnak a dolgoz\u00f3ik szakmai \u00e9s egy\u00e9b kompetenci\u00e1inak fejleszt\u00e9s\u00e9hez keretet ad\u00f3 feln\u0151ttk\u00e9pz\u00e9si form\u00e1kat. A v\u00e1laszad\u00f3 c\u00e9gek els\u0151sorban a k\u00e9pz\u00e9sre sz\u00e1nt id\u0151 hossz\u00e1t cs\u00f6kkenten\u00e9k, m\u00e1sodsorban a digit\u00e1lis tanul\u00e1si lehet\u0151s\u00e9gek jobb kihaszn\u00e1l\u00e1s\u00e1ban (e-learning, blended learning sz\u00e9lesebb k\u00f6r\u0171 alkalmaz\u00e1s\u00e1ban) l\u00e1tj\u00e1k a fejleszt\u00e9s lehet\u0151s\u00e9g\u00e9t\u201d\u2013 mondta el dr. Zsuffa \u00c1kos, a Feln\u0151ttk\u00e9pz\u0151k Sz\u00f6vets\u00e9g\u00e9nek eln\u00f6ke \u2013 \u201eUt\u00f3bbi eredm\u00e9nyek \u00f6sszhangban vannak az FVSZ t\u00f6rekv\u00e9seivel, ugyanis \u00fagy gondoljuk, hogy az e-learning egy t\u00e9nyleges \u00e9s j\u00f3l haszn\u00e1lhat\u00f3 met\u00f3dus.\u201d Az FVSZ \u00e9s a BKIK kutat\u00e1s\u00e1b\u00f3l is az der\u00fclt ki, hogy a hazai c\u00e9gek t\u00e1mogatj\u00e1k a munkat\u00e1rsak k\u00e9pz\u00e9s\u00e9t \u00e9s tanul\u00e1s\u00e1t, az erre val\u00f3 hajland\u00f3s\u00e1g a c\u00e9gek m\u00e9ret\u00e9vel egyenes ar\u00e1nyban n\u00f6vekszik. Ezzel szemben a k\u00e9pz\u00e9sbe val\u00f3 becsatlakoz\u00e1s tekintet\u00e9ben a k\u00e9t kutat\u00e1s k\u00f6z\u00f6tt jelent\u0151s k\u00fcl\u00f6nbs\u00e9g tal\u00e1lhat\u00f3. Az FVSZ kutat\u00e1sa \u00fagy tal\u00e1lta, hogy a c\u00e9gek valamivel t\u00f6bb, mint fele r\u00e9szt vesz a k\u00f6z\u00e9piskol\u00e1sok vagy fels\u0151fok\u00fa k\u00e9pz\u00e9sben tanul\u00f3 fiatalok szakmai k\u00e9pz\u00e9s\u00e9ben \u00e9s gyakorlati helyet biztos\u00edtanak sz\u00e1mukra, m\u00edg a BKIK-nak a megk\u00e9rdezettek nagy r\u00e9sze azt v\u00e1laszolta, hogy a c\u00e9gek nem tartj\u00e1k magukat alkalmasnak a k\u00e9pz\u00e9sre, a nagy t\u00f6bbs\u00e9g nem is csatlakozott a lehet\u0151s\u00e9ghez, \u00e9s nem is mutatott r\u00e1 hajland\u00f3s\u00e1got. Az FVSZ kutat\u00e1s\u00e1ban a v\u00e1laszt ad\u00f3k fele \u00fagy defini\u00e1lta mag\u00e1t, hogy k\u00e9pz\u00e9si gyakorlata tudatos, tervezett folyamat. A tudatoss\u00e1gra utal, hogy a c\u00e9gek meghat\u00e1roz\u00f3 r\u00e9sz\u00e9nek k\u00fcls\u0151 k\u00e9pz\u00e9sek eset\u00e9ben k\u00e9pz\u00e9si egy\u00fcttm\u0171k\u00f6d\u00e9se van oktat\u00e1si int\u00e9zm\u00e9nyekkel \u00e9s k\u00e9pz\u00e9si szak\u00e9rt\u0151 szolg\u00e1ltat\u00f3val, akkredit\u00e1lt oktat\u00e1si-k\u00e9pz\u00e9si v\u00e1llalkoz\u00e1ssal, bels\u0151 k\u00e9pz\u00e9sek eset\u00e9ben pedig sz\u00e1mos c\u00e9g rendelkezik saj\u00e1t tananyaggal, vagy ak\u00e1r mentori rendszerrel is, azaz felk\u00e9sz\u00fcltek dolgoz\u00f3ik szakmai \u00e9s nem szakmai kompetenci\u00e1inak fejleszt\u00e9s\u00e9re. Kedvez\u0151 k\u00e9pet mutat, hogy csup\u00e1n a c\u00e9gek hetede v\u00e1laszolta azt, hogy egy\u00e1ltal\u00e1n nem jellemz\u0151 a dolgoz\u00f3k k\u00e9pz\u00e9se vagy a felm\u00e9r\u00e9st megel\u0151z\u0151 h\u00e1rom \u00e9vben nem vettek r\u00e9szt semmilyen k\u00e9pz\u00e9sen sem a v\u00e1llalkoz\u00e1s munkat\u00e1rsai. \u201eAz \u00e1ltalunk vizsg\u00e1lt c\u00e9gek legink\u00e1bb a pontoss\u00e1got, precizit\u00e1st, az \u00f6n\u00e1ll\u00f3 munkav\u00e9gz\u00e9sre val\u00f3 alkalmass\u00e1got, valamint a terhelhet\u0151s\u00e9get v\u00e1rj\u00e1k el dolgoz\u00f3jukt\u00f3l.\u201d Legkev\u00e9sb\u00e9 az idegennyelv\u0171 kommunik\u00e1ci\u00f3ra val\u00f3 k\u00e9pess\u00e9get, valamint az informatikai tud\u00e1s oly m\u00e9rt\u00e9k\u0171 alkalmaz\u00e1s\u00e1t k\u00edv\u00e1nj\u00e1k meg, amely m\u00e1r digit\u00e1lis tartalmak l\u00e9trehoz\u00e1s\u00e1ra teszi k\u00e9pess\u00e9 a munkav\u00e1llal\u00f3t. A kutat\u00e1sban r\u00e9sztvev\u0151 c\u00e9gek t\u00f6bbs\u00e9ge nem tartja kell\u0151en rugalmasnak a feln\u0151ttk\u00e9pz\u00e9s kereteit, form\u00e1it, \u00edgy nem meglep\u0151, hogy \u00fagy v\u00e9lik, hogy els\u0151sorban a feln\u0151ttk\u00e9pz\u00e9s rugalmasabb szab\u00e1lyoz\u00e1sa \u00f6szt\u00f6n\u00f6zn\u00e9 a gazdas\u00e1gi szerepl\u0151ket dolgoz\u00f3ik k\u00e9pz\u00e9s\u00e9re, tov\u00e1bbk\u00e9pz\u00e9s\u00e9re, illetve annak t\u00e1mogat\u00e1s\u00e1ra. A hazai c\u00e9gek v\u00e9lem\u00e9nye \u00f6sszecseng az FVSZ t\u00f6rekv\u00e9seivel, ugyanis a kutat\u00e1sb\u00f3l kider\u00fclt, hogy a sz\u00f6vets\u00e9g mellett \u0151k is kiemelten fontosnak tartj\u00e1k a feln\u0151ttk\u00e9pz\u00e9s \u00f6n\u00e1ll\u00f3 jogszab\u00e1lyi szab\u00e1lyoz\u00e1s\u00e1nak s\u00fcrget\u00e9s\u00e9t.<\/p>\n<p>Forr\u00e1s: hrportal.hu<\/p>\n","protected":false},"excerpt":{"rendered":"<p>Sokkal rugalmasabb kell legyen a hazai feln\u0151ttk\u00e9pz\u00e9s \u00edgy \u00f6sszegezhet\u0151 az ezzel kapcsolatos kutat\u00e1s eredm\u00e9nye. Az Feln\u0151ttk\u00e9pz\u0151k Sz\u00f6vets\u00e9ge a Magyarorsz\u00e1gon m\u0171k\u00f6d\u0151 v\u00e1llalkoz\u00e1sok feln\u0151ttk\u00e9pz\u00e9ssel kapcsolatos ig\u00e9nyeir\u0151l, tov\u00e1bb\u00e1 gyakorlat\u00e1r\u00f3l k\u00e9sz\u00edttetett felm\u00e9r\u00e9st, a Budapesti Kereskedelmi \u00e9s Ipari Kamara pedig a hazai v\u00e1llalkoz\u00e1sok szakk\u00e9pz\u00e9sr\u0151l, munkaer\u0151piaci k\u00edn\u00e1latr\u00f3l kialak\u00edtott v\u00e9lem\u00e9ny\u00e9t elemz\u0151 piackutat\u00e1s friss eredm\u00e9nyeit tette k\u00f6zz\u00e9 a napokban. \u201eA kutat\u00e1sunkb\u00f3l kider\u00fcl, hogy [&hellip;]<\/p>\n","protected":false},"author":1,"featured_media":2614,"comment_status":"open","ping_status":"open","sticky":false,"template":"","format":"standard","meta":{"_monsterinsights_skip_tracking":false,"footnotes":""},"categories":[200],"tags":[],"class_list":["post-3480","post","type-post","status-publish","format-standard","has-post-thumbnail","hentry","category-munkaeropiac"],"aioseo_notices":[],"aioseo_head":"\n\t\t<!-- All in One SEO 5.0.0.1 - aioseo.com -->\n\t<meta name=\"description\" content=\"Sokkal rugalmasabb kell legyen a hazai feln\u0151ttk\u00e9pz\u00e9s \u00edgy \u00f6sszegezhet\u0151 az ezzel kapcsolatos kutat\u00e1s eredm\u00e9nye. Az Feln\u0151ttk\u00e9pz\u0151k Sz\u00f6vets\u00e9ge a Magyarorsz\u00e1gon m\u0171k\u00f6d\u0151 v\u00e1llalkoz\u00e1sok feln\u0151ttk\u00e9pz\u00e9ssel kapcsolatos ig\u00e9nyeir\u0151l, tov\u00e1bb\u00e1 gyakorlat\u00e1r\u00f3l k\u00e9sz\u00edttetett felm\u00e9r\u00e9st, a Budapesti Kereskedelmi \u00e9s Ipari Kamara pedig a hazai v\u00e1llalkoz\u00e1sok szakk\u00e9pz\u00e9sr\u0151l, munkaer\u0151piaci k\u00edn\u00e1latr\u00f3l kialak\u00edtott v\u00e9lem\u00e9ny\u00e9t elemz\u0151 piackutat\u00e1s friss eredm\u00e9nyeit tette k\u00f6zz\u00e9 a napokban. \u201eA kutat\u00e1sunkb\u00f3l kider\u00fcl, hogy\" \/>\n\t<meta name=\"robots\" content=\"max-image-preview:large\" \/>\n\t<meta name=\"author\" content=\"Juh\u00e1sz P\u00e9ter\"\/>\n\t<link rel=\"canonical\" href=\"https:\/\/allasorias.hu\/hirek\/mobilisabb-legyen-a-felnottkepzes\/\" \/>\n\t<meta name=\"generator\" content=\"All in One SEO (AIOSEO) 5.0.0.1\" \/>\n\t\t<meta property=\"og:locale\" content=\"hu_HU\" \/>\n\t\t<meta property=\"og:site_name\" content=\"AllasOrias.hu | H\u00edrek-lapszemle | \u00dczleti h\u00edrek az \u00e1ll\u00e1s \u00e9s a munka vil\u00e1g\u00e1b\u00f3l\" \/>\n\t\t<meta property=\"og:type\" content=\"article\" \/>\n\t\t<meta property=\"og:title\" content=\"Mobilisabb legyen a feln\u0151ttk\u00e9pz\u00e9s | AllasOrias.hu | H\u00edrek-lapszemle\" \/>\n\t\t<meta property=\"og:description\" content=\"Sokkal rugalmasabb kell legyen a hazai feln\u0151ttk\u00e9pz\u00e9s \u00edgy \u00f6sszegezhet\u0151 az ezzel kapcsolatos kutat\u00e1s eredm\u00e9nye. Az Feln\u0151ttk\u00e9pz\u0151k Sz\u00f6vets\u00e9ge a Magyarorsz\u00e1gon m\u0171k\u00f6d\u0151 v\u00e1llalkoz\u00e1sok feln\u0151ttk\u00e9pz\u00e9ssel kapcsolatos ig\u00e9nyeir\u0151l, tov\u00e1bb\u00e1 gyakorlat\u00e1r\u00f3l k\u00e9sz\u00edttetett felm\u00e9r\u00e9st, a Budapesti Kereskedelmi \u00e9s Ipari Kamara pedig a hazai v\u00e1llalkoz\u00e1sok szakk\u00e9pz\u00e9sr\u0151l, munkaer\u0151piaci k\u00edn\u00e1latr\u00f3l kialak\u00edtott v\u00e9lem\u00e9ny\u00e9t elemz\u0151 piackutat\u00e1s friss eredm\u00e9nyeit tette k\u00f6zz\u00e9 a napokban. \u201eA kutat\u00e1sunkb\u00f3l kider\u00fcl, hogy\" \/>\n\t\t<meta property=\"og:url\" content=\"https:\/\/allasorias.hu\/hirek\/mobilisabb-legyen-a-felnottkepzes\/\" \/>\n\t\t<meta property=\"og:image\" content=\"https:\/\/allasorias.hu\/hirek\/wp-content\/uploads\/2019\/03\/pexels-photo-1270951.jpeg\" \/>\n\t\t<meta property=\"og:image:secure_url\" content=\"https:\/\/allasorias.hu\/hirek\/wp-content\/uploads\/2019\/03\/pexels-photo-1270951.jpeg\" \/>\n\t\t<meta property=\"og:image:width\" content=\"640\" \/>\n\t\t<meta property=\"og:image:height\" content=\"497\" \/>\n\t\t<meta property=\"article:published_time\" content=\"2019-11-12T10:48:45+00:00\" \/>\n\t\t<meta property=\"article:modified_time\" content=\"2019-11-13T08:52:20+00:00\" \/>\n\t\t<meta property=\"article:publisher\" content=\"https:\/\/www.facebook.com\/allasorias\" \/>\n\t\t<meta name=\"twitter:card\" content=\"summary_large_image\" \/>\n\t\t<meta name=\"twitter:title\" content=\"Mobilisabb legyen a feln\u0151ttk\u00e9pz\u00e9s | AllasOrias.hu | H\u00edrek-lapszemle\" \/>\n\t\t<meta name=\"twitter:description\" content=\"Sokkal rugalmasabb kell legyen a hazai feln\u0151ttk\u00e9pz\u00e9s \u00edgy \u00f6sszegezhet\u0151 az ezzel kapcsolatos kutat\u00e1s eredm\u00e9nye. Az Feln\u0151ttk\u00e9pz\u0151k Sz\u00f6vets\u00e9ge a Magyarorsz\u00e1gon m\u0171k\u00f6d\u0151 v\u00e1llalkoz\u00e1sok feln\u0151ttk\u00e9pz\u00e9ssel kapcsolatos ig\u00e9nyeir\u0151l, tov\u00e1bb\u00e1 gyakorlat\u00e1r\u00f3l k\u00e9sz\u00edttetett felm\u00e9r\u00e9st, a Budapesti Kereskedelmi \u00e9s Ipari Kamara pedig a hazai v\u00e1llalkoz\u00e1sok szakk\u00e9pz\u00e9sr\u0151l, munkaer\u0151piaci k\u00edn\u00e1latr\u00f3l kialak\u00edtott v\u00e9lem\u00e9ny\u00e9t elemz\u0151 piackutat\u00e1s friss eredm\u00e9nyeit tette k\u00f6zz\u00e9 a napokban. \u201eA kutat\u00e1sunkb\u00f3l kider\u00fcl, hogy\" \/>\n\t\t<meta name=\"twitter:image\" content=\"https:\/\/allasorias.hu\/hirek\/wp-content\/uploads\/2019\/03\/pexels-photo-1270951.jpeg\" \/>\n\t\t<meta name=\"twitter:label1\" content=\"Written by\" \/>\n\t\t<meta name=\"twitter:data1\" content=\"Juh\u00e1sz P\u00e9ter\" \/>\n\t\t<meta name=\"twitter:label2\" content=\"Est. reading time\" \/>\n\t\t<meta name=\"twitter:data2\" content=\"4 minutes\" \/>\n\t\t<script type=\"application\/ld+json\" class=\"aioseo-schema\">\n\t\t\t{\"@context\":\"https:\\\/\\\/schema.org\",\"@graph\":[{\"@type\":\"Article\",\"@id\":\"https:\\\/\\\/allasorias.hu\\\/hirek\\\/mobilisabb-legyen-a-felnottkepzes\\\/#article\",\"name\":\"Mobilisabb legyen a feln\\u0151ttk\\u00e9pz\\u00e9s | AllasOrias.hu | H\\u00edrek-lapszemle\",\"headline\":\"Mobilisabb legyen a feln\\u0151ttk\\u00e9pz\\u00e9s\",\"author\":{\"@id\":\"https:\\\/\\\/allasorias.hu\\\/hirek\\\/author\\\/admin-allasorias\\\/#author\"},\"publisher\":{\"@id\":\"https:\\\/\\\/allasorias.hu\\\/hirek\\\/#organization\"},\"image\":{\"@type\":\"ImageObject\",\"url\":\"https:\\\/\\\/allasorias.hu\\\/hirek\\\/wp-content\\\/uploads\\\/2019\\\/03\\\/pexels-photo-1270951.jpeg\",\"width\":640,\"height\":497},\"datePublished\":\"2019-11-12T10:48:45+02:00\",\"dateModified\":\"2019-11-13T08:52:20+02:00\",\"inLanguage\":\"hu-HU\",\"mainEntityOfPage\":{\"@id\":\"https:\\\/\\\/allasorias.hu\\\/hirek\\\/mobilisabb-legyen-a-felnottkepzes\\\/#webpage\"},\"isPartOf\":{\"@id\":\"https:\\\/\\\/allasorias.hu\\\/hirek\\\/mobilisabb-legyen-a-felnottkepzes\\\/#webpage\"},\"articleSection\":\"Munkaer\\u0151piac\"},{\"@type\":\"BreadcrumbList\",\"@id\":\"https:\\\/\\\/allasorias.hu\\\/hirek\\\/mobilisabb-legyen-a-felnottkepzes\\\/#breadcrumblist\",\"itemListElement\":[{\"@type\":\"ListItem\",\"@id\":\"https:\\\/\\\/allasorias.hu\\\/hirek#listItem\",\"position\":1,\"name\":\"Home\",\"item\":\"https:\\\/\\\/allasorias.hu\\\/hirek\",\"nextItem\":{\"@type\":\"ListItem\",\"@id\":\"https:\\\/\\\/allasorias.hu\\\/hirek\\\/temak\\\/munkaeropiac\\\/#listItem\",\"name\":\"Munkaer\\u0151piac\"}},{\"@type\":\"ListItem\",\"@id\":\"https:\\\/\\\/allasorias.hu\\\/hirek\\\/temak\\\/munkaeropiac\\\/#listItem\",\"position\":2,\"name\":\"Munkaer\\u0151piac\",\"item\":\"https:\\\/\\\/allasorias.hu\\\/hirek\\\/temak\\\/munkaeropiac\\\/\",\"nextItem\":{\"@type\":\"ListItem\",\"@id\":\"https:\\\/\\\/allasorias.hu\\\/hirek\\\/mobilisabb-legyen-a-felnottkepzes\\\/#listItem\",\"name\":\"Mobilisabb legyen a feln\\u0151ttk\\u00e9pz\\u00e9s\"},\"previousItem\":{\"@type\":\"ListItem\",\"@id\":\"https:\\\/\\\/allasorias.hu\\\/hirek#listItem\",\"name\":\"Home\"}},{\"@type\":\"ListItem\",\"@id\":\"https:\\\/\\\/allasorias.hu\\\/hirek\\\/mobilisabb-legyen-a-felnottkepzes\\\/#listItem\",\"position\":3,\"name\":\"Mobilisabb legyen a feln\\u0151ttk\\u00e9pz\\u00e9s\",\"previousItem\":{\"@type\":\"ListItem\",\"@id\":\"https:\\\/\\\/allasorias.hu\\\/hirek\\\/temak\\\/munkaeropiac\\\/#listItem\",\"name\":\"Munkaer\\u0151piac\"}}]},{\"@type\":\"Organization\",\"@id\":\"https:\\\/\\\/allasorias.hu\\\/hirek\\\/#organization\",\"name\":\"AllasOrias.hu | H\\u00edrek-lapszemle\",\"description\":\"\\u00dczleti h\\u00edrek az \\u00e1ll\\u00e1s \\u00e9s a munka vil\\u00e1g\\u00e1b\\u00f3l\",\"url\":\"https:\\\/\\\/allasorias.hu\\\/hirek\\\/\",\"logo\":{\"@type\":\"ImageObject\",\"url\":\"https:\\\/\\\/allasorias.hu\\\/hirek\\\/wp-content\\\/uploads\\\/2022\\\/10\\\/allasorias_site_facebok_logo.png\",\"@id\":\"https:\\\/\\\/allasorias.hu\\\/hirek\\\/mobilisabb-legyen-a-felnottkepzes\\\/#organizationLogo\"},\"image\":{\"@id\":\"https:\\\/\\\/allasorias.hu\\\/hirek\\\/mobilisabb-legyen-a-felnottkepzes\\\/#organizationLogo\"},\"sameAs\":[\"https:\\\/\\\/www.facebook.com\\\/allasorias\",\"https:\\\/\\\/www.linkedin.com\\\/company\\\/allasorias\"]},{\"@type\":\"Person\",\"@id\":\"https:\\\/\\\/allasorias.hu\\\/hirek\\\/author\\\/admin-allasorias\\\/#author\",\"url\":\"https:\\\/\\\/allasorias.hu\\\/hirek\\\/author\\\/admin-allasorias\\\/\",\"name\":\"Juh\\u00e1sz P\\u00e9ter\",\"image\":{\"@type\":\"ImageObject\",\"@id\":\"https:\\\/\\\/allasorias.hu\\\/hirek\\\/mobilisabb-legyen-a-felnottkepzes\\\/#authorImage\",\"url\":\"https:\\\/\\\/secure.gravatar.com\\\/avatar\\\/36e6bcb83148978b992977cb0f54d22feb0cce8a0a849a9410532bb2623ba4c6?s=96&d=mm&r=g\",\"width\":96,\"height\":96,\"caption\":\"Juh\\u00e1sz P\\u00e9ter\"}},{\"@type\":\"WebPage\",\"@id\":\"https:\\\/\\\/allasorias.hu\\\/hirek\\\/mobilisabb-legyen-a-felnottkepzes\\\/#webpage\",\"url\":\"https:\\\/\\\/allasorias.hu\\\/hirek\\\/mobilisabb-legyen-a-felnottkepzes\\\/\",\"name\":\"Mobilisabb legyen a feln\\u0151ttk\\u00e9pz\\u00e9s | AllasOrias.hu | H\\u00edrek-lapszemle\",\"description\":\"Sokkal rugalmasabb kell legyen a hazai feln\\u0151ttk\\u00e9pz\\u00e9s \\u00edgy \\u00f6sszegezhet\\u0151 az ezzel kapcsolatos kutat\\u00e1s eredm\\u00e9nye. Az Feln\\u0151ttk\\u00e9pz\\u0151k Sz\\u00f6vets\\u00e9ge a Magyarorsz\\u00e1gon m\\u0171k\\u00f6d\\u0151 v\\u00e1llalkoz\\u00e1sok feln\\u0151ttk\\u00e9pz\\u00e9ssel kapcsolatos ig\\u00e9nyeir\\u0151l, tov\\u00e1bb\\u00e1 gyakorlat\\u00e1r\\u00f3l k\\u00e9sz\\u00edttetett felm\\u00e9r\\u00e9st, a Budapesti Kereskedelmi \\u00e9s Ipari Kamara pedig a hazai v\\u00e1llalkoz\\u00e1sok szakk\\u00e9pz\\u00e9sr\\u0151l, munkaer\\u0151piaci k\\u00edn\\u00e1latr\\u00f3l kialak\\u00edtott v\\u00e9lem\\u00e9ny\\u00e9t elemz\\u0151 piackutat\\u00e1s friss eredm\\u00e9nyeit tette k\\u00f6zz\\u00e9 a napokban. \\u201eA kutat\\u00e1sunkb\\u00f3l kider\\u00fcl, hogy\",\"inLanguage\":\"hu-HU\",\"isPartOf\":{\"@id\":\"https:\\\/\\\/allasorias.hu\\\/hirek\\\/#website\"},\"breadcrumb\":{\"@id\":\"https:\\\/\\\/allasorias.hu\\\/hirek\\\/mobilisabb-legyen-a-felnottkepzes\\\/#breadcrumblist\"},\"author\":{\"@id\":\"https:\\\/\\\/allasorias.hu\\\/hirek\\\/author\\\/admin-allasorias\\\/#author\"},\"creator\":{\"@id\":\"https:\\\/\\\/allasorias.hu\\\/hirek\\\/author\\\/admin-allasorias\\\/#author\"},\"image\":{\"@type\":\"ImageObject\",\"url\":\"https:\\\/\\\/allasorias.hu\\\/hirek\\\/wp-content\\\/uploads\\\/2019\\\/03\\\/pexels-photo-1270951.jpeg\",\"@id\":\"https:\\\/\\\/allasorias.hu\\\/hirek\\\/mobilisabb-legyen-a-felnottkepzes\\\/#mainImage\",\"width\":640,\"height\":497},\"primaryImageOfPage\":{\"@id\":\"https:\\\/\\\/allasorias.hu\\\/hirek\\\/mobilisabb-legyen-a-felnottkepzes\\\/#mainImage\"},\"datePublished\":\"2019-11-12T10:48:45+02:00\",\"dateModified\":\"2019-11-13T08:52:20+02:00\"},{\"@type\":\"WebSite\",\"@id\":\"https:\\\/\\\/allasorias.hu\\\/hirek\\\/#website\",\"url\":\"https:\\\/\\\/allasorias.hu\\\/hirek\\\/\",\"name\":\"AllasOrias.hu | H\\u00edrek-lapszemle\",\"description\":\"\\u00dczleti h\\u00edrek az \\u00e1ll\\u00e1s \\u00e9s a munka vil\\u00e1g\\u00e1b\\u00f3l\",\"inLanguage\":\"hu-HU\",\"publisher\":{\"@id\":\"https:\\\/\\\/allasorias.hu\\\/hirek\\\/#organization\"}}]}\n\t\t<\/script>\n\t\t<!-- All in One SEO -->\n\n","aioseo_head_json":{"title":"Mobilisabb legyen a feln\u0151ttk\u00e9pz\u00e9s | AllasOrias.hu | H\u00edrek-lapszemle","description":"Sokkal rugalmasabb kell legyen a hazai feln\u0151ttk\u00e9pz\u00e9s \u00edgy \u00f6sszegezhet\u0151 az ezzel kapcsolatos kutat\u00e1s eredm\u00e9nye. Az Feln\u0151ttk\u00e9pz\u0151k Sz\u00f6vets\u00e9ge a Magyarorsz\u00e1gon m\u0171k\u00f6d\u0151 v\u00e1llalkoz\u00e1sok feln\u0151ttk\u00e9pz\u00e9ssel kapcsolatos ig\u00e9nyeir\u0151l, tov\u00e1bb\u00e1 gyakorlat\u00e1r\u00f3l k\u00e9sz\u00edttetett felm\u00e9r\u00e9st, a Budapesti Kereskedelmi \u00e9s Ipari Kamara pedig a hazai v\u00e1llalkoz\u00e1sok szakk\u00e9pz\u00e9sr\u0151l, munkaer\u0151piaci k\u00edn\u00e1latr\u00f3l kialak\u00edtott v\u00e9lem\u00e9ny\u00e9t elemz\u0151 piackutat\u00e1s friss eredm\u00e9nyeit tette k\u00f6zz\u00e9 a napokban. \u201eA kutat\u00e1sunkb\u00f3l kider\u00fcl, hogy","canonical_url":"https:\/\/allasorias.hu\/hirek\/mobilisabb-legyen-a-felnottkepzes\/","robots":"max-image-preview:large","keywords":"","webmasterTools":{"miscellaneous":""},"schema":{"@context":"https:\/\/schema.org","@graph":[{"@type":"Article","@id":"https:\/\/allasorias.hu\/hirek\/mobilisabb-legyen-a-felnottkepzes\/#article","name":"Mobilisabb legyen a feln\u0151ttk\u00e9pz\u00e9s | AllasOrias.hu | H\u00edrek-lapszemle","headline":"Mobilisabb legyen a feln\u0151ttk\u00e9pz\u00e9s","author":{"@id":"https:\/\/allasorias.hu\/hirek\/author\/admin-allasorias\/#author"},"publisher":{"@id":"https:\/\/allasorias.hu\/hirek\/#organization"},"image":{"@type":"ImageObject","url":"https:\/\/allasorias.hu\/hirek\/wp-content\/uploads\/2019\/03\/pexels-photo-1270951.jpeg","width":640,"height":497},"datePublished":"2019-11-12T10:48:45+02:00","dateModified":"2019-11-13T08:52:20+02:00","inLanguage":"hu-HU","mainEntityOfPage":{"@id":"https:\/\/allasorias.hu\/hirek\/mobilisabb-legyen-a-felnottkepzes\/#webpage"},"isPartOf":{"@id":"https:\/\/allasorias.hu\/hirek\/mobilisabb-legyen-a-felnottkepzes\/#webpage"},"articleSection":"Munkaer\u0151piac"},{"@type":"BreadcrumbList","@id":"https:\/\/allasorias.hu\/hirek\/mobilisabb-legyen-a-felnottkepzes\/#breadcrumblist","itemListElement":[{"@type":"ListItem","@id":"https:\/\/allasorias.hu\/hirek#listItem","position":1,"name":"Home","item":"https:\/\/allasorias.hu\/hirek","nextItem":{"@type":"ListItem","@id":"https:\/\/allasorias.hu\/hirek\/temak\/munkaeropiac\/#listItem","name":"Munkaer\u0151piac"}},{"@type":"ListItem","@id":"https:\/\/allasorias.hu\/hirek\/temak\/munkaeropiac\/#listItem","position":2,"name":"Munkaer\u0151piac","item":"https:\/\/allasorias.hu\/hirek\/temak\/munkaeropiac\/","nextItem":{"@type":"ListItem","@id":"https:\/\/allasorias.hu\/hirek\/mobilisabb-legyen-a-felnottkepzes\/#listItem","name":"Mobilisabb legyen a feln\u0151ttk\u00e9pz\u00e9s"},"previousItem":{"@type":"ListItem","@id":"https:\/\/allasorias.hu\/hirek#listItem","name":"Home"}},{"@type":"ListItem","@id":"https:\/\/allasorias.hu\/hirek\/mobilisabb-legyen-a-felnottkepzes\/#listItem","position":3,"name":"Mobilisabb legyen a feln\u0151ttk\u00e9pz\u00e9s","previousItem":{"@type":"ListItem","@id":"https:\/\/allasorias.hu\/hirek\/temak\/munkaeropiac\/#listItem","name":"Munkaer\u0151piac"}}]},{"@type":"Organization","@id":"https:\/\/allasorias.hu\/hirek\/#organization","name":"AllasOrias.hu | H\u00edrek-lapszemle","description":"\u00dczleti h\u00edrek az \u00e1ll\u00e1s \u00e9s a munka vil\u00e1g\u00e1b\u00f3l","url":"https:\/\/allasorias.hu\/hirek\/","logo":{"@type":"ImageObject","url":"https:\/\/allasorias.hu\/hirek\/wp-content\/uploads\/2022\/10\/allasorias_site_facebok_logo.png","@id":"https:\/\/allasorias.hu\/hirek\/mobilisabb-legyen-a-felnottkepzes\/#organizationLogo"},"image":{"@id":"https:\/\/allasorias.hu\/hirek\/mobilisabb-legyen-a-felnottkepzes\/#organizationLogo"},"sameAs":["https:\/\/www.facebook.com\/allasorias","https:\/\/www.linkedin.com\/company\/allasorias"]},{"@type":"Person","@id":"https:\/\/allasorias.hu\/hirek\/author\/admin-allasorias\/#author","url":"https:\/\/allasorias.hu\/hirek\/author\/admin-allasorias\/","name":"Juh\u00e1sz P\u00e9ter","image":{"@type":"ImageObject","@id":"https:\/\/allasorias.hu\/hirek\/mobilisabb-legyen-a-felnottkepzes\/#authorImage","url":"https:\/\/secure.gravatar.com\/avatar\/36e6bcb83148978b992977cb0f54d22feb0cce8a0a849a9410532bb2623ba4c6?s=96&d=mm&r=g","width":96,"height":96,"caption":"Juh\u00e1sz P\u00e9ter"}},{"@type":"WebPage","@id":"https:\/\/allasorias.hu\/hirek\/mobilisabb-legyen-a-felnottkepzes\/#webpage","url":"https:\/\/allasorias.hu\/hirek\/mobilisabb-legyen-a-felnottkepzes\/","name":"Mobilisabb legyen a feln\u0151ttk\u00e9pz\u00e9s | AllasOrias.hu | H\u00edrek-lapszemle","description":"Sokkal rugalmasabb kell legyen a hazai feln\u0151ttk\u00e9pz\u00e9s \u00edgy \u00f6sszegezhet\u0151 az ezzel kapcsolatos kutat\u00e1s eredm\u00e9nye. Az Feln\u0151ttk\u00e9pz\u0151k Sz\u00f6vets\u00e9ge a Magyarorsz\u00e1gon m\u0171k\u00f6d\u0151 v\u00e1llalkoz\u00e1sok feln\u0151ttk\u00e9pz\u00e9ssel kapcsolatos ig\u00e9nyeir\u0151l, tov\u00e1bb\u00e1 gyakorlat\u00e1r\u00f3l k\u00e9sz\u00edttetett felm\u00e9r\u00e9st, a Budapesti Kereskedelmi \u00e9s Ipari Kamara pedig a hazai v\u00e1llalkoz\u00e1sok szakk\u00e9pz\u00e9sr\u0151l, munkaer\u0151piaci k\u00edn\u00e1latr\u00f3l kialak\u00edtott v\u00e9lem\u00e9ny\u00e9t elemz\u0151 piackutat\u00e1s friss eredm\u00e9nyeit tette k\u00f6zz\u00e9 a napokban. \u201eA kutat\u00e1sunkb\u00f3l kider\u00fcl, hogy","inLanguage":"hu-HU","isPartOf":{"@id":"https:\/\/allasorias.hu\/hirek\/#website"},"breadcrumb":{"@id":"https:\/\/allasorias.hu\/hirek\/mobilisabb-legyen-a-felnottkepzes\/#breadcrumblist"},"author":{"@id":"https:\/\/allasorias.hu\/hirek\/author\/admin-allasorias\/#author"},"creator":{"@id":"https:\/\/allasorias.hu\/hirek\/author\/admin-allasorias\/#author"},"image":{"@type":"ImageObject","url":"https:\/\/allasorias.hu\/hirek\/wp-content\/uploads\/2019\/03\/pexels-photo-1270951.jpeg","@id":"https:\/\/allasorias.hu\/hirek\/mobilisabb-legyen-a-felnottkepzes\/#mainImage","width":640,"height":497},"primaryImageOfPage":{"@id":"https:\/\/allasorias.hu\/hirek\/mobilisabb-legyen-a-felnottkepzes\/#mainImage"},"datePublished":"2019-11-12T10:48:45+02:00","dateModified":"2019-11-13T08:52:20+02:00"},{"@type":"WebSite","@id":"https:\/\/allasorias.hu\/hirek\/#website","url":"https:\/\/allasorias.hu\/hirek\/","name":"AllasOrias.hu | H\u00edrek-lapszemle","description":"\u00dczleti h\u00edrek az \u00e1ll\u00e1s \u00e9s a munka vil\u00e1g\u00e1b\u00f3l","inLanguage":"hu-HU","publisher":{"@id":"https:\/\/allasorias.hu\/hirek\/#organization"}}]},"og:locale":"hu_HU","og:site_name":"AllasOrias.hu | H\u00edrek-lapszemle | \u00dczleti h\u00edrek az \u00e1ll\u00e1s \u00e9s a munka vil\u00e1g\u00e1b\u00f3l","og:type":"article","og:title":"Mobilisabb legyen a feln\u0151ttk\u00e9pz\u00e9s | AllasOrias.hu | H\u00edrek-lapszemle","og:description":"Sokkal rugalmasabb kell legyen a hazai feln\u0151ttk\u00e9pz\u00e9s \u00edgy \u00f6sszegezhet\u0151 az ezzel kapcsolatos kutat\u00e1s eredm\u00e9nye. Az Feln\u0151ttk\u00e9pz\u0151k Sz\u00f6vets\u00e9ge a Magyarorsz\u00e1gon m\u0171k\u00f6d\u0151 v\u00e1llalkoz\u00e1sok feln\u0151ttk\u00e9pz\u00e9ssel kapcsolatos ig\u00e9nyeir\u0151l, tov\u00e1bb\u00e1 gyakorlat\u00e1r\u00f3l k\u00e9sz\u00edttetett felm\u00e9r\u00e9st, a Budapesti Kereskedelmi \u00e9s Ipari Kamara pedig a hazai v\u00e1llalkoz\u00e1sok szakk\u00e9pz\u00e9sr\u0151l, munkaer\u0151piaci k\u00edn\u00e1latr\u00f3l kialak\u00edtott v\u00e9lem\u00e9ny\u00e9t elemz\u0151 piackutat\u00e1s friss eredm\u00e9nyeit tette k\u00f6zz\u00e9 a napokban. \u201eA kutat\u00e1sunkb\u00f3l kider\u00fcl, hogy","og:url":"https:\/\/allasorias.hu\/hirek\/mobilisabb-legyen-a-felnottkepzes\/","og:image":"https:\/\/allasorias.hu\/hirek\/wp-content\/uploads\/2019\/03\/pexels-photo-1270951.jpeg","og:image:secure_url":"https:\/\/allasorias.hu\/hirek\/wp-content\/uploads\/2019\/03\/pexels-photo-1270951.jpeg","og:image:width":640,"og:image:height":497,"article:published_time":"2019-11-12T10:48:45+00:00","article:modified_time":"2019-11-13T08:52:20+00:00","article:publisher":"https:\/\/www.facebook.com\/allasorias","twitter:card":"summary_large_image","twitter:title":"Mobilisabb legyen a feln\u0151ttk\u00e9pz\u00e9s | AllasOrias.hu | H\u00edrek-lapszemle","twitter:description":"Sokkal rugalmasabb kell legyen a hazai feln\u0151ttk\u00e9pz\u00e9s \u00edgy \u00f6sszegezhet\u0151 az ezzel kapcsolatos kutat\u00e1s eredm\u00e9nye. Az Feln\u0151ttk\u00e9pz\u0151k Sz\u00f6vets\u00e9ge a Magyarorsz\u00e1gon m\u0171k\u00f6d\u0151 v\u00e1llalkoz\u00e1sok feln\u0151ttk\u00e9pz\u00e9ssel kapcsolatos ig\u00e9nyeir\u0151l, tov\u00e1bb\u00e1 gyakorlat\u00e1r\u00f3l k\u00e9sz\u00edttetett felm\u00e9r\u00e9st, a Budapesti Kereskedelmi \u00e9s Ipari Kamara pedig a hazai v\u00e1llalkoz\u00e1sok szakk\u00e9pz\u00e9sr\u0151l, munkaer\u0151piaci k\u00edn\u00e1latr\u00f3l kialak\u00edtott v\u00e9lem\u00e9ny\u00e9t elemz\u0151 piackutat\u00e1s friss eredm\u00e9nyeit tette k\u00f6zz\u00e9 a napokban. \u201eA kutat\u00e1sunkb\u00f3l kider\u00fcl, hogy","twitter:image":"https:\/\/allasorias.hu\/hirek\/wp-content\/uploads\/2019\/03\/pexels-photo-1270951.jpeg","twitter:label1":"Written by","twitter:data1":"Juh\u00e1sz P\u00e9ter","twitter:label2":"Est. reading time","twitter:data2":"4 minutes"},"aioseo_meta_data":{"post_id":"3480","title":null,"description":null,"keywords":null,"keyphrases":null,"primary_term":null,"canonical_url":null,"og_title":null,"og_description":null,"og_object_type":"default","og_image_type":"default","og_image_url":null,"og_image_width":null,"og_image_height":null,"og_image_custom_url":null,"og_image_custom_fields":null,"og_video":null,"og_custom_url":null,"og_article_section":null,"og_article_tags":null,"twitter_use_og":false,"twitter_card":"default","twitter_image_type":"default","twitter_image_url":null,"twitter_image_custom_url":null,"twitter_image_custom_fields":null,"twitter_title":null,"twitter_description":null,"schema":{"blockGraphs":[],"customGraphs":[],"default":{"data":{"Article":[],"Course":[],"Dataset":[],"FAQPage":[],"Movie":[],"Person":[],"Product":[],"ProductReview":[],"Car":[],"Recipe":[],"Service":[],"SoftwareApplication":[],"WebPage":[]},"graphName":"","isEnabled":true},"graphs":[],"defaultGraph":"","defaultPostTypeGraph":""},"schema_type":null,"schema_type_options":null,"pillar_content":false,"robots_default":true,"robots_noindex":false,"robots_noarchive":false,"robots_nosnippet":false,"robots_nofollow":false,"robots_noimageindex":false,"robots_noodp":false,"robots_notranslate":false,"robots_max_snippet":null,"robots_max_videopreview":null,"robots_max_imagepreview":"large","priority":null,"frequency":null,"location":null,"local_seo":null,"breadcrumb_settings":null,"limit_modified_date":false,"ai":null,"created":"2021-02-01 22:56:23","updated":"2025-10-02 12:14:25","seo_analyzer_scan_date":null,"focus_keyword":null,"additional_keywords":null,"truseo_locale":null},"aioseo_breadcrumb":"<div class=\"aioseo-breadcrumbs\"><span class=\"aioseo-breadcrumb\">\n\t\t\t<a href=\"https:\/\/allasorias.hu\/hirek\" title=\"Home\">Home<\/a>\n\t\t<\/span><span class=\"aioseo-breadcrumb-separator\">&raquo;<\/span><span class=\"aioseo-breadcrumb\">\n\t\t\t<a href=\"https:\/\/allasorias.hu\/hirek\/temak\/munkaeropiac\/\" title=\"Munkaer\u0151piac\">Munkaer\u0151piac<\/a>\n\t\t<\/span><span class=\"aioseo-breadcrumb-separator\">&raquo;<\/span><span class=\"aioseo-breadcrumb\">\n\t\t\tMobilisabb legyen a feln\u0151ttk\u00e9pz\u00e9s\n\t\t<\/span><\/div>","aioseo_breadcrumb_json":[{"label":"Home","link":"https:\/\/allasorias.hu\/hirek"},{"label":"Munkaer\u0151piac","link":"https:\/\/allasorias.hu\/hirek\/temak\/munkaeropiac\/"},{"label":"Mobilisabb legyen a feln\u0151ttk\u00e9pz\u00e9s","link":"https:\/\/allasorias.hu\/hirek\/mobilisabb-legyen-a-felnottkepzes\/"}],"_links":{"self":[{"href":"https:\/\/allasorias.hu\/hirek\/wp-json\/wp\/v2\/posts\/3480","targetHints":{"allow":["GET"]}}],"collection":[{"href":"https:\/\/allasorias.hu\/hirek\/wp-json\/wp\/v2\/posts"}],"about":[{"href":"https:\/\/allasorias.hu\/hirek\/wp-json\/wp\/v2\/types\/post"}],"author":[{"embeddable":true,"href":"https:\/\/allasorias.hu\/hirek\/wp-json\/wp\/v2\/users\/1"}],"replies":[{"embeddable":true,"href":"https:\/\/allasorias.hu\/hirek\/wp-json\/wp\/v2\/comments?post=3480"}],"version-history":[{"count":1,"href":"https:\/\/allasorias.hu\/hirek\/wp-json\/wp\/v2\/posts\/3480\/revisions"}],"predecessor-version":[{"id":3481,"href":"https:\/\/allasorias.hu\/hirek\/wp-json\/wp\/v2\/posts\/3480\/revisions\/3481"}],"wp:featuredmedia":[{"embeddable":true,"href":"https:\/\/allasorias.hu\/hirek\/wp-json\/wp\/v2\/media\/2614"}],"wp:attachment":[{"href":"https:\/\/allasorias.hu\/hirek\/wp-json\/wp\/v2\/media?parent=3480"}],"wp:term":[{"taxonomy":"category","embeddable":true,"href":"https:\/\/allasorias.hu\/hirek\/wp-json\/wp\/v2\/categories?post=3480"},{"taxonomy":"post_tag","embeddable":true,"href":"https:\/\/allasorias.hu\/hirek\/wp-json\/wp\/v2\/tags?post=3480"}],"curies":[{"name":"wp","href":"https:\/\/api.w.org\/{rel}","templated":true}]}}