{"id":3476,"date":"2019-11-11T08:26:12","date_gmt":"2019-11-11T08:26:12","guid":{"rendered":"https:\/\/allasorias.hu\/hirek\/?p=3476"},"modified":"2019-11-11T08:27:01","modified_gmt":"2019-11-11T08:27:01","slug":"magyarorszagon-a-digitalizacio-kiemelt-szerepet-tolt-be-a-gazdasagban","status":"publish","type":"post","link":"https:\/\/allasorias.hu\/hirek\/magyarorszagon-a-digitalizacio-kiemelt-szerepet-tolt-be-a-gazdasagban\/","title":{"rendered":"Magyarorsz\u00e1gon a digitaliz\u00e1ci\u00f3 kiemelt szerepet t\u00f6lt be a gazdas\u00e1gban"},"content":{"rendered":"<p><strong>A magyar munkaer\u0151piacon minden \u00f6t\u00f6dik ember a digit\u00e1lis gazdas\u00e1gnak k\u00f6sz\u00f6nheti a keny\u00e9rkereset\u00e9t, a digitaliz\u00e1ci\u00f3 az elm\u00falt \u00e9vben f\u00e9lmilli\u00f3n\u00e1l is t\u00f6bb munkahelyet hozott l\u00e9tre \u2013 der\u00fcl ki az Informatikai V\u00e1llalkoz\u00e1sok Sz\u00f6vets\u00e9ge \u00e9s a Microsoft Magyarorsz\u00e1g kutat\u00e1s\u00e1b\u00f3l. 2023-ra a magyar gazdas\u00e1g negyed\u00e9t adja a digit\u00e1lis gazdas\u00e1g, amely minden kor\u00e1bbin\u00e1l hat\u00e9konyabb eszk\u00f6zt ad a korm\u00e1nyok kez\u00e9be is ahhoz, hogy a gazdas\u00e1g n\u00f6veked\u00e9s\u00e9t t\u00e1mogass\u00e1k \u00e9s a nemzetgazdas\u00e1got v\u00e1ls\u00e1g\u00e1ll\u00f3bb\u00e1, a kedvez\u0151tlen vil\u00e1ggazdas\u00e1gi fordulatokkal szemben immunisabb\u00e1 tegy\u00e9k &#8211; der\u00fcl ki a kutat\u00e1sb\u00f3l.<\/strong><\/p>\n<p>\u00c9ves szinten n\u00e9gyezer milli\u00e1rd forinttal n\u00f6veln\u00e9 a magyar GDP-t, ha a n\u00f6veked\u00e9s technol\u00f3gia-vez\u00e9relt lenne \u00e9s a digitaliz\u00e1ci\u00f3 mindenhol megt\u00f6rt\u00e9nne. A magyar gazdas\u00e1g digitaliz\u00e1ci\u00f3ja el\u0151r\u00e9bb tart, mint gondoln\u00e1nk: \u00f6tb\u0151l n\u00e9gy adat tekintet\u00e9ben az uni\u00f3s sz\u00ednvonalon vagy a f\u00f6l\u00f6tt teljes\u00edt a magyar IKT-szektor, amely csup\u00e1n egy r\u00e9sz\u00e9t teszi ki a magyar digit\u00e1lis gazdas\u00e1gnak. Amennyiben a magyar korm\u00e1ny technol\u00f3gia-vez\u00e9relt n\u00f6veked\u00e9si strat\u00e9gi\u00e1t val\u00f3s\u00edt meg, vagyis rendszerszint\u0171 digit\u00e1lis fejleszt\u00e9seket hajt v\u00e9gre, a magyar infokommunik\u00e1ci\u00f3s szektor k\u00f6zel 8 sz\u00e1zal\u00e9kponttal nagyobb m\u00e9rt\u00e9kben lenne k\u00e9pes hozz\u00e1j\u00e1rulni a magyar gazdas\u00e1g n\u00f6veked\u00e9s\u00e9hez, mint az organikus, k\u00f6vet\u0151 strat\u00e9gia eset\u00e9n. A digit\u00e1lis \u00e1talakul\u00e1s k\u00f6vetkezt\u00e9ben a p\u00e9nz\u00fcgyi szektort\u00f3l a mez\u0151gazdas\u00e1gig minden ipar\u00e1gba bef\u00e9rk\u0151ztek a digit\u00e1lis megold\u00e1sok, egyre gyakoribb, hogy a hagyom\u00e1nyos ipar\u00e1gakban is digit\u00e1lis fejleszt\u00e9sekre \u00e9p\u00edtenek \u00faj \u00fczleti strat\u00e9gi\u00e1t. A digit\u00e1lis megold\u00e1sok minden ter\u00fcleten a gazdas\u00e1g motorj\u00e1v\u00e1 v\u00e1lnak. A digit\u00e1lis gazdas\u00e1g r\u00e9sze term\u00e9szetesen minden infokommunik\u00e1ci\u00f3s v\u00e1llalkoz\u00e1s, \u00e1m r\u00e9sz\u00e9t k\u00e9pezik olyan v\u00e1llalkoz\u00e1sok is, amelyek profilja nem az infokommunik\u00e1ci\u00f3, hanem \u00e9p\u00edtenek a technol\u00f3gia ny\u00fajtotta megold\u00e1sokra. P\u00e9ld\u00e1ul az okostelefonokon el\u00e9rhet\u0151 taxisok, a szenzorok adataira \u00e9p\u00edt\u0151 prec\u00edzi\u00f3s mez\u0151gazdas\u00e1ggal foglalkoz\u00f3 c\u00e9gek, vagy \u00e9ppen a teljesen automatiz\u00e1lt aut\u00f3gy\u00e1rak valamilyen r\u00e9szben mind-mind r\u00e9szei a digit\u00e1lis gazdas\u00e1gnak. Az infokommunik\u00e1ci\u00f3s szektor munkahelyteremt\u0151 k\u00e9pess\u00e9ge folyamatosan n\u0151: 5 \u00e9v alatt mintegy 7 sz\u00e1zal\u00e9kkal emelkedett a nemzetgazdas\u00e1g eg\u00e9sz\u00e9ben azoknak a sz\u00e1ma, akik az IKT szektor b\u0151v\u00fcl\u00e9s\u00e9nek k\u00f6sz\u00f6nhet\u0151en dolgoznak. Az IKT-feldolgoz\u00f3ipar az aut\u00f3ipar ut\u00e1n a nemzetgazdas\u00e1g m\u00e1sodik legnagyobb export\u0151r\u00e9nek tekinthet\u0151: a teljes \u00e1rukivitel 7,9 sz\u00e1zal\u00e9k\u00e1t adta 2018-ban, ami hasonl\u00f3 teljes\u00edtm\u00e9ny, mint a hazai mez\u0151gazdas\u00e1g \u00e9s \u00e9lelmiszeripar egy\u00fcttv\u00e9ve! Ami a beruh\u00e1z\u00e1sokat illeti: a digit\u00e1lis gazdas\u00e1g a nemzetgazdas\u00e1gi beruh\u00e1z\u00e1sok mintegy 3,5 sz\u00e1zal\u00e9k\u00e1t adta, \u00e9s az 5G h\u00e1l\u00f3zat v\u00e1rhat\u00f3 ki\u00e9p\u00fcl\u00e9s\u00e9vel a 2021-ig tov\u00e1bbi \u00e9rdemi emelked\u00e9s v\u00e1rhat\u00f3.<\/p>\n<p>Forr\u00e1s: szakszervezetek.hu, napi.hu<\/p>\n<p>&nbsp;<\/p>\n","protected":false},"excerpt":{"rendered":"<p>A magyar munkaer\u0151piacon minden \u00f6t\u00f6dik ember a digit\u00e1lis gazdas\u00e1gnak k\u00f6sz\u00f6nheti a keny\u00e9rkereset\u00e9t, a digitaliz\u00e1ci\u00f3 az elm\u00falt \u00e9vben f\u00e9lmilli\u00f3n\u00e1l is t\u00f6bb munkahelyet hozott l\u00e9tre \u2013 der\u00fcl ki az Informatikai V\u00e1llalkoz\u00e1sok Sz\u00f6vets\u00e9ge \u00e9s a Microsoft Magyarorsz\u00e1g kutat\u00e1s\u00e1b\u00f3l. 2023-ra a magyar gazdas\u00e1g negyed\u00e9t adja a digit\u00e1lis gazdas\u00e1g, amely minden kor\u00e1bbin\u00e1l hat\u00e9konyabb eszk\u00f6zt ad a korm\u00e1nyok kez\u00e9be is ahhoz, [&hellip;]<\/p>\n","protected":false},"author":1,"featured_media":3061,"comment_status":"open","ping_status":"open","sticky":false,"template":"","format":"standard","meta":{"_monsterinsights_skip_tracking":false,"_monsterinsights_sitenote_active":false,"_monsterinsights_sitenote_note":"","_monsterinsights_sitenote_category":0,"footnotes":""},"categories":[198,200],"tags":[],"class_list":["post-3476","post","type-post","status-publish","format-standard","has-post-thumbnail","hentry","category-gazdasag","category-munkaeropiac"],"aioseo_notices":[],"_links":{"self":[{"href":"https:\/\/allasorias.hu\/hirek\/wp-json\/wp\/v2\/posts\/3476","targetHints":{"allow":["GET"]}}],"collection":[{"href":"https:\/\/allasorias.hu\/hirek\/wp-json\/wp\/v2\/posts"}],"about":[{"href":"https:\/\/allasorias.hu\/hirek\/wp-json\/wp\/v2\/types\/post"}],"author":[{"embeddable":true,"href":"https:\/\/allasorias.hu\/hirek\/wp-json\/wp\/v2\/users\/1"}],"replies":[{"embeddable":true,"href":"https:\/\/allasorias.hu\/hirek\/wp-json\/wp\/v2\/comments?post=3476"}],"version-history":[{"count":1,"href":"https:\/\/allasorias.hu\/hirek\/wp-json\/wp\/v2\/posts\/3476\/revisions"}],"predecessor-version":[{"id":3477,"href":"https:\/\/allasorias.hu\/hirek\/wp-json\/wp\/v2\/posts\/3476\/revisions\/3477"}],"wp:featuredmedia":[{"embeddable":true,"href":"https:\/\/allasorias.hu\/hirek\/wp-json\/wp\/v2\/media\/3061"}],"wp:attachment":[{"href":"https:\/\/allasorias.hu\/hirek\/wp-json\/wp\/v2\/media?parent=3476"}],"wp:term":[{"taxonomy":"category","embeddable":true,"href":"https:\/\/allasorias.hu\/hirek\/wp-json\/wp\/v2\/categories?post=3476"},{"taxonomy":"post_tag","embeddable":true,"href":"https:\/\/allasorias.hu\/hirek\/wp-json\/wp\/v2\/tags?post=3476"}],"curies":[{"name":"wp","href":"https:\/\/api.w.org\/{rel}","templated":true}]}}