{"id":3469,"date":"2019-11-08T07:41:33","date_gmt":"2019-11-08T07:41:33","guid":{"rendered":"https:\/\/allasorias.hu\/hirek\/?p=3469"},"modified":"2019-11-08T07:44:55","modified_gmt":"2019-11-08T07:44:55","slug":"a-bremai-bosch-egerbe-jon","status":"publish","type":"post","link":"https:\/\/allasorias.hu\/hirek\/a-bremai-bosch-egerbe-jon\/","title":{"rendered":"A br\u00e9mai Bosch Egerbe j\u00f6n"},"content":{"rendered":"<p><strong>A megv\u00e1ltozott piaci felt\u00e9telek miatt a Bosch \u00e1tszervezi korm\u00e1nyoszlop \u00fczlet\u00e1g\u00e1t Eur\u00f3p\u00e1ban, a gy\u00e1rt\u00e1s a j\u00f6v\u0151ben a vend\u00f4me-i (Franciaorsz\u00e1g) \u00e9s az egri telephelyen koncentr\u00e1l\u00f3dik &#8211; k\u00f6z\u00f6lte a Robert Bosch Kft. cs\u00fct\u00f6rt\u00f6k\u00f6n az MTI-vel. A k\u00e9t telephelyen jelenleg is gy\u00e1rtj\u00e1k ezt a term\u00e9ket. A tervek szerint a br\u00e9mai termel\u00e9st le\u00e1ll\u00edtj\u00e1k \u00e9s \u00e1thelyezik Egerbe, emiatt a n\u00e9met \u00fczemben mintegy 240 \u00e1ll\u00e1s fog megsz\u0171nni.<\/strong><\/p>\n<p>A le\u00e9p\u00edt\u00e9s kapcs\u00e1n a Bosch hamarosan egyeztet\u00e9seket kezdem\u00e9nyez a munkav\u00e1llal\u00f3k \u00e9rdekk\u00e9pviselet\u00e9vel &#8211; tett\u00e9k hozz\u00e1. Jelezt\u00e9k: Br\u00e9m\u00e1ban a Bosch Automotive Steering a fejleszt\u00e9sre k\u00edv\u00e1nja helyezni a hangs\u00falyt a j\u00f6v\u0151ben. A jelenlegi \u00e9s j\u00f6v\u0151beli projekteken mintegy 30 tapasztalt szakemberb\u0151l \u00e1ll\u00f3 csapat dolgozik majd. Vend\u00f4me-ban az \u00e1tszervez\u00e9s mintegy 50 munkahely megsz\u0171n\u00e9s\u00e9vel j\u00e1r, els\u0151sorban a fejleszt\u00e9si \u00e9s beszerz\u00e9si ter\u00fcleten. A k\u00f6zlem\u00e9ny kit\u00e9r arra is: t\u00f6bb m\u00e1s ipari v\u00e1llalathoz hasonl\u00f3an a Bosch Automotive Steering is \u00e9rzi a piac visszaes\u00e9s\u00e9t, \u00e9s abb\u00f3l indul ki, hogy a korm\u00e1nyrendszerek ir\u00e1nti kereslet hossz\u00fa t\u00e1von a jelenlegi alacsony szintre \u00e1ll be. Ezen k\u00edv\u00fcl jelent\u0151sen n\u0151tt a verseny- \u00e9s \u00e1rnyom\u00e1s, ami tov\u00e1bbi komoly forgalomcs\u00f6kken\u00e9st hozott ebben az \u00fczleti szegmensben. A Bosch-csoport vil\u00e1gszerte mintegy 410 000 munkat\u00e1rsat foglalkoztat \u00e9s 78,5 milli\u00e1rd eur\u00f3 \u00e1rbev\u00e9telt \u00e9rt el 2018-ban. A c\u00e9gcsoport n\u00e9gy \u00fczleti ter\u00fcleten: a mobilit\u00e1si megold\u00e1sok, az ipari technika, a fogyaszt\u00e1si cikkek, valamint az energia- \u00e9s \u00e9p\u00fclettechnika v\u00e9gzi tev\u00e9kenys\u00e9g\u00e9t. Vezet\u0151 IoT-v\u00e1llalatk\u00e9nt a Bosch innovat\u00edv megold\u00e1sokat k\u00edn\u00e1l az intelligens otthonokhoz, az intelligens v\u00e1rosokhoz, a h\u00e1l\u00f3zatba kapcsolt mobilit\u00e1shoz, \u00e9s a h\u00e1l\u00f3zatba kapcsolt gy\u00e1rt\u00e1shoz. A Bosch-csoport mag\u00e1ban foglalja a Robert Bosch GmbH-t, annak mintegy 60 orsz\u00e1gban m\u0171k\u00f6d\u0151 csaknem 460 le\u00e1nyv\u00e1llalat\u00e1val \u00e9s region\u00e1lis v\u00e1llalataival egy\u00fctt. \u00c9rt\u00e9kes\u00edt\u00e9si \u00e9s szolg\u00e1ltat\u00e1si partnereit is belesz\u00e1m\u00edtva a Bosch glob\u00e1lis gy\u00e1rt\u00e1si \u00e9s \u00e9rt\u00e9kes\u00edt\u00e9si h\u00e1l\u00f3zata a vil\u00e1g szinte minden orsz\u00e1g\u00e1t lefedi. A Bosch 68 700 munkat\u00e1rsat foglalkoztat a kutat\u00e1s \u00e9s fejleszt\u00e9s ter\u00fclet\u00e9n, vil\u00e1gszerte k\u00f6zel 130 telephelyen. A Mobilit\u00e1si Megold\u00e1sok a Bosch-csoport legnagyobb \u00fczlet\u00e1ga, amely 2018-ban 47,6 milli\u00e1rd eur\u00f3val (61 sz\u00e1zal\u00e9kkal) j\u00e1rult hozz\u00e1 a forgalomhoz. Ezzel a technol\u00f3giai v\u00e1llalat a j\u00e1rm\u0171ipar egyik vezet\u0151 besz\u00e1ll\u00edt\u00f3ja.<\/p>\n<p>Forr\u00e1s: ma.hu<\/p>\n","protected":false},"excerpt":{"rendered":"<p>A megv\u00e1ltozott piaci felt\u00e9telek miatt a Bosch \u00e1tszervezi korm\u00e1nyoszlop \u00fczlet\u00e1g\u00e1t Eur\u00f3p\u00e1ban, a gy\u00e1rt\u00e1s a j\u00f6v\u0151ben a vend\u00f4me-i (Franciaorsz\u00e1g) \u00e9s az egri telephelyen koncentr\u00e1l\u00f3dik &#8211; k\u00f6z\u00f6lte a Robert Bosch Kft. cs\u00fct\u00f6rt\u00f6k\u00f6n az MTI-vel. A k\u00e9t telephelyen jelenleg is gy\u00e1rtj\u00e1k ezt a term\u00e9ket. A tervek szerint a br\u00e9mai termel\u00e9st le\u00e1ll\u00edtj\u00e1k \u00e9s \u00e1thelyezik Egerbe, emiatt a n\u00e9met \u00fczemben [&hellip;]<\/p>\n","protected":false},"author":1,"featured_media":3016,"comment_status":"open","ping_status":"open","sticky":false,"template":"","format":"standard","meta":{"_monsterinsights_skip_tracking":false,"footnotes":""},"categories":[198,201],"tags":[],"class_list":["post-3469","post","type-post","status-publish","format-standard","has-post-thumbnail","hentry","category-gazdasag","category-kulfold"],"aioseo_notices":[],"aioseo_head":"\n\t\t<!-- All in One SEO 5.0.0.1 - aioseo.com -->\n\t<meta name=\"description\" content=\"A megv\u00e1ltozott piaci felt\u00e9telek miatt a Bosch \u00e1tszervezi korm\u00e1nyoszlop \u00fczlet\u00e1g\u00e1t Eur\u00f3p\u00e1ban, a gy\u00e1rt\u00e1s a j\u00f6v\u0151ben a vend\u00f4me-i (Franciaorsz\u00e1g) \u00e9s az egri telephelyen koncentr\u00e1l\u00f3dik - k\u00f6z\u00f6lte a Robert Bosch Kft. cs\u00fct\u00f6rt\u00f6k\u00f6n az MTI-vel. A k\u00e9t telephelyen jelenleg is gy\u00e1rtj\u00e1k ezt a term\u00e9ket. A tervek szerint a br\u00e9mai termel\u00e9st le\u00e1ll\u00edtj\u00e1k \u00e9s \u00e1thelyezik Egerbe, emiatt a n\u00e9met \u00fczemben\" \/>\n\t<meta name=\"robots\" content=\"max-image-preview:large\" \/>\n\t<meta name=\"author\" content=\"Juh\u00e1sz P\u00e9ter\"\/>\n\t<link rel=\"canonical\" href=\"https:\/\/allasorias.hu\/hirek\/a-bremai-bosch-egerbe-jon\/\" \/>\n\t<meta name=\"generator\" content=\"All in One SEO (AIOSEO) 5.0.0.1\" \/>\n\t\t<meta property=\"og:locale\" content=\"hu_HU\" \/>\n\t\t<meta property=\"og:site_name\" content=\"AllasOrias.hu | H\u00edrek-lapszemle | \u00dczleti h\u00edrek az \u00e1ll\u00e1s \u00e9s a munka vil\u00e1g\u00e1b\u00f3l\" \/>\n\t\t<meta property=\"og:type\" content=\"article\" \/>\n\t\t<meta property=\"og:title\" content=\"A br\u00e9mai Bosch Egerbe j\u00f6n | AllasOrias.hu | H\u00edrek-lapszemle\" \/>\n\t\t<meta property=\"og:description\" content=\"A megv\u00e1ltozott piaci felt\u00e9telek miatt a Bosch \u00e1tszervezi korm\u00e1nyoszlop \u00fczlet\u00e1g\u00e1t Eur\u00f3p\u00e1ban, a gy\u00e1rt\u00e1s a j\u00f6v\u0151ben a vend\u00f4me-i (Franciaorsz\u00e1g) \u00e9s az egri telephelyen koncentr\u00e1l\u00f3dik - k\u00f6z\u00f6lte a Robert Bosch Kft. cs\u00fct\u00f6rt\u00f6k\u00f6n az MTI-vel. A k\u00e9t telephelyen jelenleg is gy\u00e1rtj\u00e1k ezt a term\u00e9ket. A tervek szerint a br\u00e9mai termel\u00e9st le\u00e1ll\u00edtj\u00e1k \u00e9s \u00e1thelyezik Egerbe, emiatt a n\u00e9met \u00fczemben\" \/>\n\t\t<meta property=\"og:url\" content=\"https:\/\/allasorias.hu\/hirek\/a-bremai-bosch-egerbe-jon\/\" \/>\n\t\t<meta property=\"og:image\" content=\"https:\/\/allasorias.hu\/hirek\/wp-content\/uploads\/2019\/06\/Logo_Bosch_Sicherheitssysteme_GmbH.png\" \/>\n\t\t<meta property=\"og:image:secure_url\" content=\"https:\/\/allasorias.hu\/hirek\/wp-content\/uploads\/2019\/06\/Logo_Bosch_Sicherheitssysteme_GmbH.png\" \/>\n\t\t<meta property=\"og:image:width\" content=\"550\" \/>\n\t\t<meta property=\"og:image:height\" content=\"353\" \/>\n\t\t<meta property=\"article:published_time\" content=\"2019-11-08T07:41:33+00:00\" \/>\n\t\t<meta property=\"article:modified_time\" content=\"2019-11-08T07:44:55+00:00\" \/>\n\t\t<meta property=\"article:publisher\" content=\"https:\/\/www.facebook.com\/allasorias\" \/>\n\t\t<meta name=\"twitter:card\" content=\"summary_large_image\" \/>\n\t\t<meta name=\"twitter:title\" content=\"A br\u00e9mai Bosch Egerbe j\u00f6n | AllasOrias.hu | H\u00edrek-lapszemle\" \/>\n\t\t<meta name=\"twitter:description\" content=\"A megv\u00e1ltozott piaci felt\u00e9telek miatt a Bosch \u00e1tszervezi korm\u00e1nyoszlop \u00fczlet\u00e1g\u00e1t Eur\u00f3p\u00e1ban, a gy\u00e1rt\u00e1s a j\u00f6v\u0151ben a vend\u00f4me-i (Franciaorsz\u00e1g) \u00e9s az egri telephelyen koncentr\u00e1l\u00f3dik - k\u00f6z\u00f6lte a Robert Bosch Kft. cs\u00fct\u00f6rt\u00f6k\u00f6n az MTI-vel. A k\u00e9t telephelyen jelenleg is gy\u00e1rtj\u00e1k ezt a term\u00e9ket. A tervek szerint a br\u00e9mai termel\u00e9st le\u00e1ll\u00edtj\u00e1k \u00e9s \u00e1thelyezik Egerbe, emiatt a n\u00e9met \u00fczemben\" \/>\n\t\t<meta name=\"twitter:image\" content=\"https:\/\/allasorias.hu\/hirek\/wp-content\/uploads\/2019\/06\/Logo_Bosch_Sicherheitssysteme_GmbH.png\" \/>\n\t\t<meta name=\"twitter:label1\" content=\"Written by\" \/>\n\t\t<meta name=\"twitter:data1\" content=\"Juh\u00e1sz P\u00e9ter\" \/>\n\t\t<meta name=\"twitter:label2\" content=\"Est. reading time\" \/>\n\t\t<meta name=\"twitter:data2\" content=\"2 minutes\" \/>\n\t\t<script type=\"application\/ld+json\" class=\"aioseo-schema\">\n\t\t\t{\"@context\":\"https:\\\/\\\/schema.org\",\"@graph\":[{\"@type\":\"Article\",\"@id\":\"https:\\\/\\\/allasorias.hu\\\/hirek\\\/a-bremai-bosch-egerbe-jon\\\/#article\",\"name\":\"A br\\u00e9mai Bosch Egerbe j\\u00f6n | AllasOrias.hu | H\\u00edrek-lapszemle\",\"headline\":\"A br\\u00e9mai Bosch Egerbe j\\u00f6n\",\"author\":{\"@id\":\"https:\\\/\\\/allasorias.hu\\\/hirek\\\/author\\\/admin-allasorias\\\/#author\"},\"publisher\":{\"@id\":\"https:\\\/\\\/allasorias.hu\\\/hirek\\\/#organization\"},\"image\":{\"@type\":\"ImageObject\",\"url\":\"https:\\\/\\\/allasorias.hu\\\/hirek\\\/wp-content\\\/uploads\\\/2019\\\/06\\\/Logo_Bosch_Sicherheitssysteme_GmbH.png\",\"width\":550,\"height\":353},\"datePublished\":\"2019-11-08T07:41:33+02:00\",\"dateModified\":\"2019-11-08T07:44:55+02:00\",\"inLanguage\":\"hu-HU\",\"mainEntityOfPage\":{\"@id\":\"https:\\\/\\\/allasorias.hu\\\/hirek\\\/a-bremai-bosch-egerbe-jon\\\/#webpage\"},\"isPartOf\":{\"@id\":\"https:\\\/\\\/allasorias.hu\\\/hirek\\\/a-bremai-bosch-egerbe-jon\\\/#webpage\"},\"articleSection\":\"Gazdas\\u00e1g, K\\u00fclf\\u00f6ld\"},{\"@type\":\"BreadcrumbList\",\"@id\":\"https:\\\/\\\/allasorias.hu\\\/hirek\\\/a-bremai-bosch-egerbe-jon\\\/#breadcrumblist\",\"itemListElement\":[{\"@type\":\"ListItem\",\"@id\":\"https:\\\/\\\/allasorias.hu\\\/hirek#listItem\",\"position\":1,\"name\":\"Home\",\"item\":\"https:\\\/\\\/allasorias.hu\\\/hirek\",\"nextItem\":{\"@type\":\"ListItem\",\"@id\":\"https:\\\/\\\/allasorias.hu\\\/hirek\\\/temak\\\/gazdasag\\\/#listItem\",\"name\":\"Gazdas\\u00e1g\"}},{\"@type\":\"ListItem\",\"@id\":\"https:\\\/\\\/allasorias.hu\\\/hirek\\\/temak\\\/gazdasag\\\/#listItem\",\"position\":2,\"name\":\"Gazdas\\u00e1g\",\"item\":\"https:\\\/\\\/allasorias.hu\\\/hirek\\\/temak\\\/gazdasag\\\/\",\"nextItem\":{\"@type\":\"ListItem\",\"@id\":\"https:\\\/\\\/allasorias.hu\\\/hirek\\\/a-bremai-bosch-egerbe-jon\\\/#listItem\",\"name\":\"A br\\u00e9mai Bosch Egerbe j\\u00f6n\"},\"previousItem\":{\"@type\":\"ListItem\",\"@id\":\"https:\\\/\\\/allasorias.hu\\\/hirek#listItem\",\"name\":\"Home\"}},{\"@type\":\"ListItem\",\"@id\":\"https:\\\/\\\/allasorias.hu\\\/hirek\\\/a-bremai-bosch-egerbe-jon\\\/#listItem\",\"position\":3,\"name\":\"A br\\u00e9mai Bosch Egerbe j\\u00f6n\",\"previousItem\":{\"@type\":\"ListItem\",\"@id\":\"https:\\\/\\\/allasorias.hu\\\/hirek\\\/temak\\\/gazdasag\\\/#listItem\",\"name\":\"Gazdas\\u00e1g\"}}]},{\"@type\":\"Organization\",\"@id\":\"https:\\\/\\\/allasorias.hu\\\/hirek\\\/#organization\",\"name\":\"AllasOrias.hu | H\\u00edrek-lapszemle\",\"description\":\"\\u00dczleti h\\u00edrek az \\u00e1ll\\u00e1s \\u00e9s a munka vil\\u00e1g\\u00e1b\\u00f3l\",\"url\":\"https:\\\/\\\/allasorias.hu\\\/hirek\\\/\",\"logo\":{\"@type\":\"ImageObject\",\"url\":\"https:\\\/\\\/allasorias.hu\\\/hirek\\\/wp-content\\\/uploads\\\/2022\\\/10\\\/allasorias_site_facebok_logo.png\",\"@id\":\"https:\\\/\\\/allasorias.hu\\\/hirek\\\/a-bremai-bosch-egerbe-jon\\\/#organizationLogo\"},\"image\":{\"@id\":\"https:\\\/\\\/allasorias.hu\\\/hirek\\\/a-bremai-bosch-egerbe-jon\\\/#organizationLogo\"},\"sameAs\":[\"https:\\\/\\\/www.facebook.com\\\/allasorias\",\"https:\\\/\\\/www.linkedin.com\\\/company\\\/allasorias\"]},{\"@type\":\"Person\",\"@id\":\"https:\\\/\\\/allasorias.hu\\\/hirek\\\/author\\\/admin-allasorias\\\/#author\",\"url\":\"https:\\\/\\\/allasorias.hu\\\/hirek\\\/author\\\/admin-allasorias\\\/\",\"name\":\"Juh\\u00e1sz P\\u00e9ter\",\"image\":{\"@type\":\"ImageObject\",\"@id\":\"https:\\\/\\\/allasorias.hu\\\/hirek\\\/a-bremai-bosch-egerbe-jon\\\/#authorImage\",\"url\":\"https:\\\/\\\/secure.gravatar.com\\\/avatar\\\/36e6bcb83148978b992977cb0f54d22feb0cce8a0a849a9410532bb2623ba4c6?s=96&d=mm&r=g\",\"width\":96,\"height\":96,\"caption\":\"Juh\\u00e1sz P\\u00e9ter\"}},{\"@type\":\"WebPage\",\"@id\":\"https:\\\/\\\/allasorias.hu\\\/hirek\\\/a-bremai-bosch-egerbe-jon\\\/#webpage\",\"url\":\"https:\\\/\\\/allasorias.hu\\\/hirek\\\/a-bremai-bosch-egerbe-jon\\\/\",\"name\":\"A br\\u00e9mai Bosch Egerbe j\\u00f6n | AllasOrias.hu | H\\u00edrek-lapszemle\",\"description\":\"A megv\\u00e1ltozott piaci felt\\u00e9telek miatt a Bosch \\u00e1tszervezi korm\\u00e1nyoszlop \\u00fczlet\\u00e1g\\u00e1t Eur\\u00f3p\\u00e1ban, a gy\\u00e1rt\\u00e1s a j\\u00f6v\\u0151ben a vend\\u00f4me-i (Franciaorsz\\u00e1g) \\u00e9s az egri telephelyen koncentr\\u00e1l\\u00f3dik - k\\u00f6z\\u00f6lte a Robert Bosch Kft. cs\\u00fct\\u00f6rt\\u00f6k\\u00f6n az MTI-vel. A k\\u00e9t telephelyen jelenleg is gy\\u00e1rtj\\u00e1k ezt a term\\u00e9ket. A tervek szerint a br\\u00e9mai termel\\u00e9st le\\u00e1ll\\u00edtj\\u00e1k \\u00e9s \\u00e1thelyezik Egerbe, emiatt a n\\u00e9met \\u00fczemben\",\"inLanguage\":\"hu-HU\",\"isPartOf\":{\"@id\":\"https:\\\/\\\/allasorias.hu\\\/hirek\\\/#website\"},\"breadcrumb\":{\"@id\":\"https:\\\/\\\/allasorias.hu\\\/hirek\\\/a-bremai-bosch-egerbe-jon\\\/#breadcrumblist\"},\"author\":{\"@id\":\"https:\\\/\\\/allasorias.hu\\\/hirek\\\/author\\\/admin-allasorias\\\/#author\"},\"creator\":{\"@id\":\"https:\\\/\\\/allasorias.hu\\\/hirek\\\/author\\\/admin-allasorias\\\/#author\"},\"image\":{\"@type\":\"ImageObject\",\"url\":\"https:\\\/\\\/allasorias.hu\\\/hirek\\\/wp-content\\\/uploads\\\/2019\\\/06\\\/Logo_Bosch_Sicherheitssysteme_GmbH.png\",\"@id\":\"https:\\\/\\\/allasorias.hu\\\/hirek\\\/a-bremai-bosch-egerbe-jon\\\/#mainImage\",\"width\":550,\"height\":353},\"primaryImageOfPage\":{\"@id\":\"https:\\\/\\\/allasorias.hu\\\/hirek\\\/a-bremai-bosch-egerbe-jon\\\/#mainImage\"},\"datePublished\":\"2019-11-08T07:41:33+02:00\",\"dateModified\":\"2019-11-08T07:44:55+02:00\"},{\"@type\":\"WebSite\",\"@id\":\"https:\\\/\\\/allasorias.hu\\\/hirek\\\/#website\",\"url\":\"https:\\\/\\\/allasorias.hu\\\/hirek\\\/\",\"name\":\"AllasOrias.hu | H\\u00edrek-lapszemle\",\"description\":\"\\u00dczleti h\\u00edrek az \\u00e1ll\\u00e1s \\u00e9s a munka vil\\u00e1g\\u00e1b\\u00f3l\",\"inLanguage\":\"hu-HU\",\"publisher\":{\"@id\":\"https:\\\/\\\/allasorias.hu\\\/hirek\\\/#organization\"}}]}\n\t\t<\/script>\n\t\t<!-- All in One SEO -->\n\n","aioseo_head_json":{"title":"A br\u00e9mai Bosch Egerbe j\u00f6n | AllasOrias.hu | H\u00edrek-lapszemle","description":"A megv\u00e1ltozott piaci felt\u00e9telek miatt a Bosch \u00e1tszervezi korm\u00e1nyoszlop \u00fczlet\u00e1g\u00e1t Eur\u00f3p\u00e1ban, a gy\u00e1rt\u00e1s a j\u00f6v\u0151ben a vend\u00f4me-i (Franciaorsz\u00e1g) \u00e9s az egri telephelyen koncentr\u00e1l\u00f3dik - k\u00f6z\u00f6lte a Robert Bosch Kft. cs\u00fct\u00f6rt\u00f6k\u00f6n az MTI-vel. A k\u00e9t telephelyen jelenleg is gy\u00e1rtj\u00e1k ezt a term\u00e9ket. A tervek szerint a br\u00e9mai termel\u00e9st le\u00e1ll\u00edtj\u00e1k \u00e9s \u00e1thelyezik Egerbe, emiatt a n\u00e9met \u00fczemben","canonical_url":"https:\/\/allasorias.hu\/hirek\/a-bremai-bosch-egerbe-jon\/","robots":"max-image-preview:large","keywords":"","webmasterTools":{"miscellaneous":""},"schema":{"@context":"https:\/\/schema.org","@graph":[{"@type":"Article","@id":"https:\/\/allasorias.hu\/hirek\/a-bremai-bosch-egerbe-jon\/#article","name":"A br\u00e9mai Bosch Egerbe j\u00f6n | AllasOrias.hu | H\u00edrek-lapszemle","headline":"A br\u00e9mai Bosch Egerbe j\u00f6n","author":{"@id":"https:\/\/allasorias.hu\/hirek\/author\/admin-allasorias\/#author"},"publisher":{"@id":"https:\/\/allasorias.hu\/hirek\/#organization"},"image":{"@type":"ImageObject","url":"https:\/\/allasorias.hu\/hirek\/wp-content\/uploads\/2019\/06\/Logo_Bosch_Sicherheitssysteme_GmbH.png","width":550,"height":353},"datePublished":"2019-11-08T07:41:33+02:00","dateModified":"2019-11-08T07:44:55+02:00","inLanguage":"hu-HU","mainEntityOfPage":{"@id":"https:\/\/allasorias.hu\/hirek\/a-bremai-bosch-egerbe-jon\/#webpage"},"isPartOf":{"@id":"https:\/\/allasorias.hu\/hirek\/a-bremai-bosch-egerbe-jon\/#webpage"},"articleSection":"Gazdas\u00e1g, K\u00fclf\u00f6ld"},{"@type":"BreadcrumbList","@id":"https:\/\/allasorias.hu\/hirek\/a-bremai-bosch-egerbe-jon\/#breadcrumblist","itemListElement":[{"@type":"ListItem","@id":"https:\/\/allasorias.hu\/hirek#listItem","position":1,"name":"Home","item":"https:\/\/allasorias.hu\/hirek","nextItem":{"@type":"ListItem","@id":"https:\/\/allasorias.hu\/hirek\/temak\/gazdasag\/#listItem","name":"Gazdas\u00e1g"}},{"@type":"ListItem","@id":"https:\/\/allasorias.hu\/hirek\/temak\/gazdasag\/#listItem","position":2,"name":"Gazdas\u00e1g","item":"https:\/\/allasorias.hu\/hirek\/temak\/gazdasag\/","nextItem":{"@type":"ListItem","@id":"https:\/\/allasorias.hu\/hirek\/a-bremai-bosch-egerbe-jon\/#listItem","name":"A br\u00e9mai Bosch Egerbe j\u00f6n"},"previousItem":{"@type":"ListItem","@id":"https:\/\/allasorias.hu\/hirek#listItem","name":"Home"}},{"@type":"ListItem","@id":"https:\/\/allasorias.hu\/hirek\/a-bremai-bosch-egerbe-jon\/#listItem","position":3,"name":"A br\u00e9mai Bosch Egerbe j\u00f6n","previousItem":{"@type":"ListItem","@id":"https:\/\/allasorias.hu\/hirek\/temak\/gazdasag\/#listItem","name":"Gazdas\u00e1g"}}]},{"@type":"Organization","@id":"https:\/\/allasorias.hu\/hirek\/#organization","name":"AllasOrias.hu | H\u00edrek-lapszemle","description":"\u00dczleti h\u00edrek az \u00e1ll\u00e1s \u00e9s a munka vil\u00e1g\u00e1b\u00f3l","url":"https:\/\/allasorias.hu\/hirek\/","logo":{"@type":"ImageObject","url":"https:\/\/allasorias.hu\/hirek\/wp-content\/uploads\/2022\/10\/allasorias_site_facebok_logo.png","@id":"https:\/\/allasorias.hu\/hirek\/a-bremai-bosch-egerbe-jon\/#organizationLogo"},"image":{"@id":"https:\/\/allasorias.hu\/hirek\/a-bremai-bosch-egerbe-jon\/#organizationLogo"},"sameAs":["https:\/\/www.facebook.com\/allasorias","https:\/\/www.linkedin.com\/company\/allasorias"]},{"@type":"Person","@id":"https:\/\/allasorias.hu\/hirek\/author\/admin-allasorias\/#author","url":"https:\/\/allasorias.hu\/hirek\/author\/admin-allasorias\/","name":"Juh\u00e1sz P\u00e9ter","image":{"@type":"ImageObject","@id":"https:\/\/allasorias.hu\/hirek\/a-bremai-bosch-egerbe-jon\/#authorImage","url":"https:\/\/secure.gravatar.com\/avatar\/36e6bcb83148978b992977cb0f54d22feb0cce8a0a849a9410532bb2623ba4c6?s=96&d=mm&r=g","width":96,"height":96,"caption":"Juh\u00e1sz P\u00e9ter"}},{"@type":"WebPage","@id":"https:\/\/allasorias.hu\/hirek\/a-bremai-bosch-egerbe-jon\/#webpage","url":"https:\/\/allasorias.hu\/hirek\/a-bremai-bosch-egerbe-jon\/","name":"A br\u00e9mai Bosch Egerbe j\u00f6n | AllasOrias.hu | H\u00edrek-lapszemle","description":"A megv\u00e1ltozott piaci felt\u00e9telek miatt a Bosch \u00e1tszervezi korm\u00e1nyoszlop \u00fczlet\u00e1g\u00e1t Eur\u00f3p\u00e1ban, a gy\u00e1rt\u00e1s a j\u00f6v\u0151ben a vend\u00f4me-i (Franciaorsz\u00e1g) \u00e9s az egri telephelyen koncentr\u00e1l\u00f3dik - k\u00f6z\u00f6lte a Robert Bosch Kft. cs\u00fct\u00f6rt\u00f6k\u00f6n az MTI-vel. A k\u00e9t telephelyen jelenleg is gy\u00e1rtj\u00e1k ezt a term\u00e9ket. A tervek szerint a br\u00e9mai termel\u00e9st le\u00e1ll\u00edtj\u00e1k \u00e9s \u00e1thelyezik Egerbe, emiatt a n\u00e9met \u00fczemben","inLanguage":"hu-HU","isPartOf":{"@id":"https:\/\/allasorias.hu\/hirek\/#website"},"breadcrumb":{"@id":"https:\/\/allasorias.hu\/hirek\/a-bremai-bosch-egerbe-jon\/#breadcrumblist"},"author":{"@id":"https:\/\/allasorias.hu\/hirek\/author\/admin-allasorias\/#author"},"creator":{"@id":"https:\/\/allasorias.hu\/hirek\/author\/admin-allasorias\/#author"},"image":{"@type":"ImageObject","url":"https:\/\/allasorias.hu\/hirek\/wp-content\/uploads\/2019\/06\/Logo_Bosch_Sicherheitssysteme_GmbH.png","@id":"https:\/\/allasorias.hu\/hirek\/a-bremai-bosch-egerbe-jon\/#mainImage","width":550,"height":353},"primaryImageOfPage":{"@id":"https:\/\/allasorias.hu\/hirek\/a-bremai-bosch-egerbe-jon\/#mainImage"},"datePublished":"2019-11-08T07:41:33+02:00","dateModified":"2019-11-08T07:44:55+02:00"},{"@type":"WebSite","@id":"https:\/\/allasorias.hu\/hirek\/#website","url":"https:\/\/allasorias.hu\/hirek\/","name":"AllasOrias.hu | H\u00edrek-lapszemle","description":"\u00dczleti h\u00edrek az \u00e1ll\u00e1s \u00e9s a munka vil\u00e1g\u00e1b\u00f3l","inLanguage":"hu-HU","publisher":{"@id":"https:\/\/allasorias.hu\/hirek\/#organization"}}]},"og:locale":"hu_HU","og:site_name":"AllasOrias.hu | H\u00edrek-lapszemle | \u00dczleti h\u00edrek az \u00e1ll\u00e1s \u00e9s a munka vil\u00e1g\u00e1b\u00f3l","og:type":"article","og:title":"A br\u00e9mai Bosch Egerbe j\u00f6n | AllasOrias.hu | H\u00edrek-lapszemle","og:description":"A megv\u00e1ltozott piaci felt\u00e9telek miatt a Bosch \u00e1tszervezi korm\u00e1nyoszlop \u00fczlet\u00e1g\u00e1t Eur\u00f3p\u00e1ban, a gy\u00e1rt\u00e1s a j\u00f6v\u0151ben a vend\u00f4me-i (Franciaorsz\u00e1g) \u00e9s az egri telephelyen koncentr\u00e1l\u00f3dik - k\u00f6z\u00f6lte a Robert Bosch Kft. cs\u00fct\u00f6rt\u00f6k\u00f6n az MTI-vel. A k\u00e9t telephelyen jelenleg is gy\u00e1rtj\u00e1k ezt a term\u00e9ket. A tervek szerint a br\u00e9mai termel\u00e9st le\u00e1ll\u00edtj\u00e1k \u00e9s \u00e1thelyezik Egerbe, emiatt a n\u00e9met \u00fczemben","og:url":"https:\/\/allasorias.hu\/hirek\/a-bremai-bosch-egerbe-jon\/","og:image":"https:\/\/allasorias.hu\/hirek\/wp-content\/uploads\/2019\/06\/Logo_Bosch_Sicherheitssysteme_GmbH.png","og:image:secure_url":"https:\/\/allasorias.hu\/hirek\/wp-content\/uploads\/2019\/06\/Logo_Bosch_Sicherheitssysteme_GmbH.png","og:image:width":550,"og:image:height":353,"article:published_time":"2019-11-08T07:41:33+00:00","article:modified_time":"2019-11-08T07:44:55+00:00","article:publisher":"https:\/\/www.facebook.com\/allasorias","twitter:card":"summary_large_image","twitter:title":"A br\u00e9mai Bosch Egerbe j\u00f6n | AllasOrias.hu | H\u00edrek-lapszemle","twitter:description":"A megv\u00e1ltozott piaci felt\u00e9telek miatt a Bosch \u00e1tszervezi korm\u00e1nyoszlop \u00fczlet\u00e1g\u00e1t Eur\u00f3p\u00e1ban, a gy\u00e1rt\u00e1s a j\u00f6v\u0151ben a vend\u00f4me-i (Franciaorsz\u00e1g) \u00e9s az egri telephelyen koncentr\u00e1l\u00f3dik - k\u00f6z\u00f6lte a Robert Bosch Kft. cs\u00fct\u00f6rt\u00f6k\u00f6n az MTI-vel. A k\u00e9t telephelyen jelenleg is gy\u00e1rtj\u00e1k ezt a term\u00e9ket. A tervek szerint a br\u00e9mai termel\u00e9st le\u00e1ll\u00edtj\u00e1k \u00e9s \u00e1thelyezik Egerbe, emiatt a n\u00e9met \u00fczemben","twitter:image":"https:\/\/allasorias.hu\/hirek\/wp-content\/uploads\/2019\/06\/Logo_Bosch_Sicherheitssysteme_GmbH.png","twitter:label1":"Written by","twitter:data1":"Juh\u00e1sz P\u00e9ter","twitter:label2":"Est. reading time","twitter:data2":"2 minutes"},"aioseo_meta_data":{"post_id":"3469","title":null,"description":null,"keywords":null,"keyphrases":null,"primary_term":null,"canonical_url":null,"og_title":null,"og_description":null,"og_object_type":"default","og_image_type":"default","og_image_url":null,"og_image_width":null,"og_image_height":null,"og_image_custom_url":null,"og_image_custom_fields":null,"og_video":null,"og_custom_url":null,"og_article_section":null,"og_article_tags":null,"twitter_use_og":false,"twitter_card":"default","twitter_image_type":"default","twitter_image_url":null,"twitter_image_custom_url":null,"twitter_image_custom_fields":null,"twitter_title":null,"twitter_description":null,"schema":{"blockGraphs":[],"customGraphs":[],"default":{"data":{"Article":[],"Course":[],"Dataset":[],"FAQPage":[],"Movie":[],"Person":[],"Product":[],"ProductReview":[],"Car":[],"Recipe":[],"Service":[],"SoftwareApplication":[],"WebPage":[]},"graphName":"","isEnabled":true},"graphs":[]},"schema_type":null,"schema_type_options":null,"pillar_content":false,"robots_default":true,"robots_noindex":false,"robots_noarchive":false,"robots_nosnippet":false,"robots_nofollow":false,"robots_noimageindex":false,"robots_noodp":false,"robots_notranslate":false,"robots_max_snippet":null,"robots_max_videopreview":null,"robots_max_imagepreview":"large","priority":null,"frequency":null,"location":null,"local_seo":null,"breadcrumb_settings":null,"limit_modified_date":false,"ai":null,"created":"2021-02-01 22:56:23","updated":"2025-10-02 12:14:25","seo_analyzer_scan_date":null,"focus_keyword":null,"additional_keywords":null,"truseo_locale":null},"aioseo_breadcrumb":"<div class=\"aioseo-breadcrumbs\"><span class=\"aioseo-breadcrumb\">\n\t\t\t<a href=\"https:\/\/allasorias.hu\/hirek\" title=\"Home\">Home<\/a>\n\t\t<\/span><span class=\"aioseo-breadcrumb-separator\">&raquo;<\/span><span class=\"aioseo-breadcrumb\">\n\t\t\t<a href=\"https:\/\/allasorias.hu\/hirek\/temak\/gazdasag\/\" title=\"Gazdas\u00e1g\">Gazdas\u00e1g<\/a>\n\t\t<\/span><span class=\"aioseo-breadcrumb-separator\">&raquo;<\/span><span class=\"aioseo-breadcrumb\">\n\t\t\tA br\u00e9mai Bosch Egerbe j\u00f6n\n\t\t<\/span><\/div>","aioseo_breadcrumb_json":[{"label":"Home","link":"https:\/\/allasorias.hu\/hirek"},{"label":"Gazdas\u00e1g","link":"https:\/\/allasorias.hu\/hirek\/temak\/gazdasag\/"},{"label":"A br\u00e9mai Bosch Egerbe j\u00f6n","link":"https:\/\/allasorias.hu\/hirek\/a-bremai-bosch-egerbe-jon\/"}],"_links":{"self":[{"href":"https:\/\/allasorias.hu\/hirek\/wp-json\/wp\/v2\/posts\/3469","targetHints":{"allow":["GET"]}}],"collection":[{"href":"https:\/\/allasorias.hu\/hirek\/wp-json\/wp\/v2\/posts"}],"about":[{"href":"https:\/\/allasorias.hu\/hirek\/wp-json\/wp\/v2\/types\/post"}],"author":[{"embeddable":true,"href":"https:\/\/allasorias.hu\/hirek\/wp-json\/wp\/v2\/users\/1"}],"replies":[{"embeddable":true,"href":"https:\/\/allasorias.hu\/hirek\/wp-json\/wp\/v2\/comments?post=3469"}],"version-history":[{"count":1,"href":"https:\/\/allasorias.hu\/hirek\/wp-json\/wp\/v2\/posts\/3469\/revisions"}],"predecessor-version":[{"id":3470,"href":"https:\/\/allasorias.hu\/hirek\/wp-json\/wp\/v2\/posts\/3469\/revisions\/3470"}],"wp:featuredmedia":[{"embeddable":true,"href":"https:\/\/allasorias.hu\/hirek\/wp-json\/wp\/v2\/media\/3016"}],"wp:attachment":[{"href":"https:\/\/allasorias.hu\/hirek\/wp-json\/wp\/v2\/media?parent=3469"}],"wp:term":[{"taxonomy":"category","embeddable":true,"href":"https:\/\/allasorias.hu\/hirek\/wp-json\/wp\/v2\/categories?post=3469"},{"taxonomy":"post_tag","embeddable":true,"href":"https:\/\/allasorias.hu\/hirek\/wp-json\/wp\/v2\/tags?post=3469"}],"curies":[{"name":"wp","href":"https:\/\/api.w.org\/{rel}","templated":true}]}}