{"id":3464,"date":"2019-11-07T13:03:34","date_gmt":"2019-11-07T13:03:34","guid":{"rendered":"https:\/\/allasorias.hu\/hirek\/?p=3464"},"modified":"2019-11-08T07:36:55","modified_gmt":"2019-11-08T07:36:55","slug":"figyelmet-kell-forditani-a-kis-es-kozepvallalkozasokra","status":"publish","type":"post","link":"https:\/\/allasorias.hu\/hirek\/figyelmet-kell-forditani-a-kis-es-kozepvallalkozasokra\/","title":{"rendered":"Figyelmet kell ford\u00edtani a kis-\u00e9s k\u00f6z\u00e9pv\u00e1llalkoz\u00e1sokra"},"content":{"rendered":"<p><strong>T\u00f6bb mint 500 ezer kis- \u00e9s k\u00f6z\u00e9pv\u00e1llalkoz\u00e1s van Magyarorsz\u00e1gon \u2013 ezt Guly\u00e1s J\u00f3zsef, a KKV H\u00e1z vez\u00e9rigazgat\u00f3ja mondta az M1-en. A f\u00e9lmilli\u00f3 kkv jelent\u0151s r\u00e9sze mikro v\u00e1llalkoz\u00e1snak min\u0151s\u00fcl, vagyis \u00f6tn\u00e9l kevesebb munkav\u00e1llal\u00f3val m\u0171k\u00f6dik \u00e9s az \u00f6sszes munkav\u00e1llal\u00f3 mintegy 75 sz\u00e1zal\u00e9ka kkv-ban dolgozik. <\/strong><\/p>\n<p>Guly\u00e1s J\u00f3zsef a szektor versenyk\u00e9pess\u00e9g\u00e9nek jav\u00edt\u00e1s\u00e1t nevezte a legfontosabbnak, hozz\u00e1 tette azonban, hogy ezt a tud\u00e1s hi\u00e1nya rontja. K\u00f6zben Palkovics L\u00e1szl\u00f3 innov\u00e1ci\u00f3s \u00e9s technol\u00f3giai miniszter egy f\u00f3riumon azt mondta, a kkv k\u00f6r\u00e9ben er\u0151s\u00edteni kell az innov\u00e1ci\u00f3t, a kutat\u00e1s-fejleszt\u00e9si tev\u00e9kenys\u00e9get, hogy min\u00e9l nagyobb sz\u00e1mban be tudjanak kapcsol\u00f3dni a multinacion\u00e1lis c\u00e9gek besz\u00e1ll\u00edt\u00f3i h\u00e1l\u00f3zataiba, illetve saj\u00e1t term\u00e9keikkel meg tudjanak jelenni az exportpiacokon. Az innov\u00e1ci\u00f3 fontos szerepet j\u00e1tszik abban is, hogy n\u00f6vekedjen a kis- \u00e9s k\u00f6zepes v\u00e1llalkoz\u00e1sok s\u00falya a GDP el\u0151\u00e1ll\u00edt\u00e1s\u00e1ban. A miniszter kit\u00e9rt arra is, hogy a fels\u0151oktat\u00e1sban r\u00e9szt vev\u0151knek is ismerni\u00fck kell, hogy a gazdas\u00e1g szerepl\u0151i mit ig\u00e9nyelnek a tudom\u00e1ny vil\u00e1g\u00e1t\u00f3l, \u00e9s az alapkutat\u00e1s mellett a tudom\u00e1nyos eredm\u00e9nyek gyakorlati alkalmaz\u00e1s\u00e1t kell el\u0151t\u00e9rbe helyezni\u00fck. A magyar korm\u00e1ny n\u00f6velni k\u00edv\u00e1nja a kutat\u00e1s-fejleszt\u00e9sre sz\u00e1nt \u00f6sszegeket, eddig a GDP 1,53 sz\u00e1zal\u00e9k\u00e1t ford\u00edtotta K+F tev\u00e9kenys\u00e9gre az orsz\u00e1g, ezt m\u00e1r a k\u00f6zelj\u00f6v\u0151ben a GDP 2 sz\u00e1zal\u00e9k\u00e1ra k\u00edv\u00e1nj\u00e1k emelni. Bevonn\u00e1k az egyetemeket. Palkovics L\u00e1szl\u00f3 kiemelte: az egyetemeknek nem lehet izol\u00e1ltan tev\u00e9kenykedni\u00fck, meg kellene ismerni\u00fck a kis- \u00e9s k\u00f6zepes c\u00e9gek tev\u00e9kenys\u00e9g\u00e9t, \u00e9s egy\u00fctt kellene m\u0171k\u00f6dni\u00fck a kkv-kal. \u00cdgy a fels\u0151oktat\u00e1si int\u00e9zm\u00e9nyekben dolgoz\u00f3 kutat\u00f3k a v\u00e1llalkoz\u00e1sokkal egy\u00fctt k\u00e9zzel foghat\u00f3, a gazdas\u00e1g teljes\u00edtm\u00e9ny\u00e9t n\u00f6vel\u0151 eredm\u00e9nyeket \u00e9rhetnek el. Ennek \u00e9rdek\u00e9ben, r\u00e9szben a kkv-k \u00e9s az egyetemek k\u00f6z\u00f6tti egy\u00fcttm\u0171k\u00f6d\u00e9s er\u0151s\u00edt\u00e9s\u00e9re, nyolc \u00fagynevezett tudom\u00e1nyos parkot hoztak l\u00e9tre, k\u00f6z\u00fcl\u00fck hatot vid\u00e9ken, kett\u0151t Budapesten. Palkovics L\u00e1szl\u00f3 \u00fajs\u00e1g\u00edr\u00f3knak besz\u00e9lt a magyar tulajdon\u00fa v\u00e1llalkoz\u00e1sok meger\u0151s\u00edt\u00e9s\u00e9nek fontoss\u00e1g\u00e1r\u00f3l, \u00e9s eml\u00e9keztetett, hogy a korm\u00e1ny elind\u00edtott egy magyar multik elnevez\u00e9s\u0171 programot, amely azt szolg\u00e1lja, hogy a magyar tulajdon\u00fa v\u00e1llalkoz\u00e1sok k\u00fclf\u00f6ld\u00f6n hozzanak l\u00e9tre le\u00e1nyc\u00e9geket.<\/p>\n<p>Forr\u00e1s:piacesprofit.hu<\/p>\n","protected":false},"excerpt":{"rendered":"<p>T\u00f6bb mint 500 ezer kis- \u00e9s k\u00f6z\u00e9pv\u00e1llalkoz\u00e1s van Magyarorsz\u00e1gon \u2013 ezt Guly\u00e1s J\u00f3zsef, a KKV H\u00e1z vez\u00e9rigazgat\u00f3ja mondta az M1-en. A f\u00e9lmilli\u00f3 kkv jelent\u0151s r\u00e9sze mikro v\u00e1llalkoz\u00e1snak min\u0151s\u00fcl, vagyis \u00f6tn\u00e9l kevesebb munkav\u00e1llal\u00f3val m\u0171k\u00f6dik \u00e9s az \u00f6sszes munkav\u00e1llal\u00f3 mintegy 75 sz\u00e1zal\u00e9ka kkv-ban dolgozik. Guly\u00e1s J\u00f3zsef a szektor versenyk\u00e9pess\u00e9g\u00e9nek jav\u00edt\u00e1s\u00e1t nevezte a legfontosabbnak, hozz\u00e1 tette azonban, hogy [&hellip;]<\/p>\n","protected":false},"author":1,"featured_media":2567,"comment_status":"open","ping_status":"open","sticky":false,"template":"","format":"standard","meta":{"_monsterinsights_skip_tracking":false,"footnotes":""},"categories":[198],"tags":[],"class_list":["post-3464","post","type-post","status-publish","format-standard","has-post-thumbnail","hentry","category-gazdasag"],"aioseo_notices":[],"aioseo_head":"\n\t\t<!-- All in One SEO 5.0.0.1 - aioseo.com -->\n\t<meta name=\"description\" content=\"T\u00f6bb mint 500 ezer kis- \u00e9s k\u00f6z\u00e9pv\u00e1llalkoz\u00e1s van Magyarorsz\u00e1gon \u2013 ezt Guly\u00e1s J\u00f3zsef, a KKV H\u00e1z vez\u00e9rigazgat\u00f3ja mondta az M1-en. A f\u00e9lmilli\u00f3 kkv jelent\u0151s r\u00e9sze mikro v\u00e1llalkoz\u00e1snak min\u0151s\u00fcl, vagyis \u00f6tn\u00e9l kevesebb munkav\u00e1llal\u00f3val m\u0171k\u00f6dik \u00e9s az \u00f6sszes munkav\u00e1llal\u00f3 mintegy 75 sz\u00e1zal\u00e9ka kkv-ban dolgozik. Guly\u00e1s J\u00f3zsef a szektor versenyk\u00e9pess\u00e9g\u00e9nek jav\u00edt\u00e1s\u00e1t nevezte a legfontosabbnak, hozz\u00e1 tette azonban, hogy\" \/>\n\t<meta name=\"robots\" content=\"max-image-preview:large\" \/>\n\t<meta name=\"author\" content=\"Juh\u00e1sz P\u00e9ter\"\/>\n\t<link rel=\"canonical\" href=\"https:\/\/allasorias.hu\/hirek\/figyelmet-kell-forditani-a-kis-es-kozepvallalkozasokra\/\" \/>\n\t<meta name=\"generator\" content=\"All in One SEO (AIOSEO) 5.0.0.1\" \/>\n\t\t<meta property=\"og:locale\" content=\"hu_HU\" \/>\n\t\t<meta property=\"og:site_name\" content=\"AllasOrias.hu | H\u00edrek-lapszemle | \u00dczleti h\u00edrek az \u00e1ll\u00e1s \u00e9s a munka vil\u00e1g\u00e1b\u00f3l\" \/>\n\t\t<meta property=\"og:type\" content=\"article\" \/>\n\t\t<meta property=\"og:title\" content=\"Figyelmet kell ford\u00edtani a kis-\u00e9s k\u00f6z\u00e9pv\u00e1llalkoz\u00e1sokra | AllasOrias.hu | H\u00edrek-lapszemle\" \/>\n\t\t<meta property=\"og:description\" content=\"T\u00f6bb mint 500 ezer kis- \u00e9s k\u00f6z\u00e9pv\u00e1llalkoz\u00e1s van Magyarorsz\u00e1gon \u2013 ezt Guly\u00e1s J\u00f3zsef, a KKV H\u00e1z vez\u00e9rigazgat\u00f3ja mondta az M1-en. A f\u00e9lmilli\u00f3 kkv jelent\u0151s r\u00e9sze mikro v\u00e1llalkoz\u00e1snak min\u0151s\u00fcl, vagyis \u00f6tn\u00e9l kevesebb munkav\u00e1llal\u00f3val m\u0171k\u00f6dik \u00e9s az \u00f6sszes munkav\u00e1llal\u00f3 mintegy 75 sz\u00e1zal\u00e9ka kkv-ban dolgozik. Guly\u00e1s J\u00f3zsef a szektor versenyk\u00e9pess\u00e9g\u00e9nek jav\u00edt\u00e1s\u00e1t nevezte a legfontosabbnak, hozz\u00e1 tette azonban, hogy\" \/>\n\t\t<meta property=\"og:url\" content=\"https:\/\/allasorias.hu\/hirek\/figyelmet-kell-forditani-a-kis-es-kozepvallalkozasokra\/\" \/>\n\t\t<meta property=\"og:image\" content=\"https:\/\/allasorias.hu\/hirek\/wp-content\/uploads\/2019\/02\/pexels-photo-1595391.jpeg\" \/>\n\t\t<meta property=\"og:image:secure_url\" content=\"https:\/\/allasorias.hu\/hirek\/wp-content\/uploads\/2019\/02\/pexels-photo-1595391.jpeg\" \/>\n\t\t<meta property=\"og:image:width\" content=\"640\" \/>\n\t\t<meta property=\"og:image:height\" content=\"426\" \/>\n\t\t<meta property=\"article:published_time\" content=\"2019-11-07T13:03:34+00:00\" \/>\n\t\t<meta property=\"article:modified_time\" content=\"2019-11-08T07:36:55+00:00\" \/>\n\t\t<meta property=\"article:publisher\" content=\"https:\/\/www.facebook.com\/allasorias\" \/>\n\t\t<meta name=\"twitter:card\" content=\"summary_large_image\" \/>\n\t\t<meta name=\"twitter:title\" content=\"Figyelmet kell ford\u00edtani a kis-\u00e9s k\u00f6z\u00e9pv\u00e1llalkoz\u00e1sokra | AllasOrias.hu | H\u00edrek-lapszemle\" \/>\n\t\t<meta name=\"twitter:description\" content=\"T\u00f6bb mint 500 ezer kis- \u00e9s k\u00f6z\u00e9pv\u00e1llalkoz\u00e1s van Magyarorsz\u00e1gon \u2013 ezt Guly\u00e1s J\u00f3zsef, a KKV H\u00e1z vez\u00e9rigazgat\u00f3ja mondta az M1-en. A f\u00e9lmilli\u00f3 kkv jelent\u0151s r\u00e9sze mikro v\u00e1llalkoz\u00e1snak min\u0151s\u00fcl, vagyis \u00f6tn\u00e9l kevesebb munkav\u00e1llal\u00f3val m\u0171k\u00f6dik \u00e9s az \u00f6sszes munkav\u00e1llal\u00f3 mintegy 75 sz\u00e1zal\u00e9ka kkv-ban dolgozik. Guly\u00e1s J\u00f3zsef a szektor versenyk\u00e9pess\u00e9g\u00e9nek jav\u00edt\u00e1s\u00e1t nevezte a legfontosabbnak, hozz\u00e1 tette azonban, hogy\" \/>\n\t\t<meta name=\"twitter:image\" content=\"https:\/\/allasorias.hu\/hirek\/wp-content\/uploads\/2019\/02\/pexels-photo-1595391.jpeg\" \/>\n\t\t<meta name=\"twitter:label1\" content=\"Written by\" \/>\n\t\t<meta name=\"twitter:data1\" content=\"Juh\u00e1sz P\u00e9ter\" \/>\n\t\t<meta name=\"twitter:label2\" content=\"Est. reading time\" \/>\n\t\t<meta name=\"twitter:data2\" content=\"2 minutes\" \/>\n\t\t<script type=\"application\/ld+json\" class=\"aioseo-schema\">\n\t\t\t{\"@context\":\"https:\\\/\\\/schema.org\",\"@graph\":[{\"@type\":\"Article\",\"@id\":\"https:\\\/\\\/allasorias.hu\\\/hirek\\\/figyelmet-kell-forditani-a-kis-es-kozepvallalkozasokra\\\/#article\",\"name\":\"Figyelmet kell ford\\u00edtani a kis-\\u00e9s k\\u00f6z\\u00e9pv\\u00e1llalkoz\\u00e1sokra | AllasOrias.hu | H\\u00edrek-lapszemle\",\"headline\":\"Figyelmet kell ford\\u00edtani a kis-\\u00e9s k\\u00f6z\\u00e9pv\\u00e1llalkoz\\u00e1sokra\",\"author\":{\"@id\":\"https:\\\/\\\/allasorias.hu\\\/hirek\\\/author\\\/admin-allasorias\\\/#author\"},\"publisher\":{\"@id\":\"https:\\\/\\\/allasorias.hu\\\/hirek\\\/#organization\"},\"image\":{\"@type\":\"ImageObject\",\"url\":\"https:\\\/\\\/allasorias.hu\\\/hirek\\\/wp-content\\\/uploads\\\/2019\\\/02\\\/pexels-photo-1595391.jpeg\",\"width\":640,\"height\":426},\"datePublished\":\"2019-11-07T13:03:34+02:00\",\"dateModified\":\"2019-11-08T07:36:55+02:00\",\"inLanguage\":\"hu-HU\",\"mainEntityOfPage\":{\"@id\":\"https:\\\/\\\/allasorias.hu\\\/hirek\\\/figyelmet-kell-forditani-a-kis-es-kozepvallalkozasokra\\\/#webpage\"},\"isPartOf\":{\"@id\":\"https:\\\/\\\/allasorias.hu\\\/hirek\\\/figyelmet-kell-forditani-a-kis-es-kozepvallalkozasokra\\\/#webpage\"},\"articleSection\":\"Gazdas\\u00e1g\"},{\"@type\":\"BreadcrumbList\",\"@id\":\"https:\\\/\\\/allasorias.hu\\\/hirek\\\/figyelmet-kell-forditani-a-kis-es-kozepvallalkozasokra\\\/#breadcrumblist\",\"itemListElement\":[{\"@type\":\"ListItem\",\"@id\":\"https:\\\/\\\/allasorias.hu\\\/hirek#listItem\",\"position\":1,\"name\":\"Home\",\"item\":\"https:\\\/\\\/allasorias.hu\\\/hirek\",\"nextItem\":{\"@type\":\"ListItem\",\"@id\":\"https:\\\/\\\/allasorias.hu\\\/hirek\\\/temak\\\/gazdasag\\\/#listItem\",\"name\":\"Gazdas\\u00e1g\"}},{\"@type\":\"ListItem\",\"@id\":\"https:\\\/\\\/allasorias.hu\\\/hirek\\\/temak\\\/gazdasag\\\/#listItem\",\"position\":2,\"name\":\"Gazdas\\u00e1g\",\"item\":\"https:\\\/\\\/allasorias.hu\\\/hirek\\\/temak\\\/gazdasag\\\/\",\"nextItem\":{\"@type\":\"ListItem\",\"@id\":\"https:\\\/\\\/allasorias.hu\\\/hirek\\\/figyelmet-kell-forditani-a-kis-es-kozepvallalkozasokra\\\/#listItem\",\"name\":\"Figyelmet kell ford\\u00edtani a kis-\\u00e9s k\\u00f6z\\u00e9pv\\u00e1llalkoz\\u00e1sokra\"},\"previousItem\":{\"@type\":\"ListItem\",\"@id\":\"https:\\\/\\\/allasorias.hu\\\/hirek#listItem\",\"name\":\"Home\"}},{\"@type\":\"ListItem\",\"@id\":\"https:\\\/\\\/allasorias.hu\\\/hirek\\\/figyelmet-kell-forditani-a-kis-es-kozepvallalkozasokra\\\/#listItem\",\"position\":3,\"name\":\"Figyelmet kell ford\\u00edtani a kis-\\u00e9s k\\u00f6z\\u00e9pv\\u00e1llalkoz\\u00e1sokra\",\"previousItem\":{\"@type\":\"ListItem\",\"@id\":\"https:\\\/\\\/allasorias.hu\\\/hirek\\\/temak\\\/gazdasag\\\/#listItem\",\"name\":\"Gazdas\\u00e1g\"}}]},{\"@type\":\"Organization\",\"@id\":\"https:\\\/\\\/allasorias.hu\\\/hirek\\\/#organization\",\"name\":\"AllasOrias.hu | H\\u00edrek-lapszemle\",\"description\":\"\\u00dczleti h\\u00edrek az \\u00e1ll\\u00e1s \\u00e9s a munka vil\\u00e1g\\u00e1b\\u00f3l\",\"url\":\"https:\\\/\\\/allasorias.hu\\\/hirek\\\/\",\"logo\":{\"@type\":\"ImageObject\",\"url\":\"https:\\\/\\\/allasorias.hu\\\/hirek\\\/wp-content\\\/uploads\\\/2022\\\/10\\\/allasorias_site_facebok_logo.png\",\"@id\":\"https:\\\/\\\/allasorias.hu\\\/hirek\\\/figyelmet-kell-forditani-a-kis-es-kozepvallalkozasokra\\\/#organizationLogo\"},\"image\":{\"@id\":\"https:\\\/\\\/allasorias.hu\\\/hirek\\\/figyelmet-kell-forditani-a-kis-es-kozepvallalkozasokra\\\/#organizationLogo\"},\"sameAs\":[\"https:\\\/\\\/www.facebook.com\\\/allasorias\",\"https:\\\/\\\/www.linkedin.com\\\/company\\\/allasorias\"]},{\"@type\":\"Person\",\"@id\":\"https:\\\/\\\/allasorias.hu\\\/hirek\\\/author\\\/admin-allasorias\\\/#author\",\"url\":\"https:\\\/\\\/allasorias.hu\\\/hirek\\\/author\\\/admin-allasorias\\\/\",\"name\":\"Juh\\u00e1sz P\\u00e9ter\",\"image\":{\"@type\":\"ImageObject\",\"@id\":\"https:\\\/\\\/allasorias.hu\\\/hirek\\\/figyelmet-kell-forditani-a-kis-es-kozepvallalkozasokra\\\/#authorImage\",\"url\":\"https:\\\/\\\/secure.gravatar.com\\\/avatar\\\/36e6bcb83148978b992977cb0f54d22feb0cce8a0a849a9410532bb2623ba4c6?s=96&d=mm&r=g\",\"width\":96,\"height\":96,\"caption\":\"Juh\\u00e1sz P\\u00e9ter\"}},{\"@type\":\"WebPage\",\"@id\":\"https:\\\/\\\/allasorias.hu\\\/hirek\\\/figyelmet-kell-forditani-a-kis-es-kozepvallalkozasokra\\\/#webpage\",\"url\":\"https:\\\/\\\/allasorias.hu\\\/hirek\\\/figyelmet-kell-forditani-a-kis-es-kozepvallalkozasokra\\\/\",\"name\":\"Figyelmet kell ford\\u00edtani a kis-\\u00e9s k\\u00f6z\\u00e9pv\\u00e1llalkoz\\u00e1sokra | AllasOrias.hu | H\\u00edrek-lapszemle\",\"description\":\"T\\u00f6bb mint 500 ezer kis- \\u00e9s k\\u00f6z\\u00e9pv\\u00e1llalkoz\\u00e1s van Magyarorsz\\u00e1gon \\u2013 ezt Guly\\u00e1s J\\u00f3zsef, a KKV H\\u00e1z vez\\u00e9rigazgat\\u00f3ja mondta az M1-en. A f\\u00e9lmilli\\u00f3 kkv jelent\\u0151s r\\u00e9sze mikro v\\u00e1llalkoz\\u00e1snak min\\u0151s\\u00fcl, vagyis \\u00f6tn\\u00e9l kevesebb munkav\\u00e1llal\\u00f3val m\\u0171k\\u00f6dik \\u00e9s az \\u00f6sszes munkav\\u00e1llal\\u00f3 mintegy 75 sz\\u00e1zal\\u00e9ka kkv-ban dolgozik. Guly\\u00e1s J\\u00f3zsef a szektor versenyk\\u00e9pess\\u00e9g\\u00e9nek jav\\u00edt\\u00e1s\\u00e1t nevezte a legfontosabbnak, hozz\\u00e1 tette azonban, hogy\",\"inLanguage\":\"hu-HU\",\"isPartOf\":{\"@id\":\"https:\\\/\\\/allasorias.hu\\\/hirek\\\/#website\"},\"breadcrumb\":{\"@id\":\"https:\\\/\\\/allasorias.hu\\\/hirek\\\/figyelmet-kell-forditani-a-kis-es-kozepvallalkozasokra\\\/#breadcrumblist\"},\"author\":{\"@id\":\"https:\\\/\\\/allasorias.hu\\\/hirek\\\/author\\\/admin-allasorias\\\/#author\"},\"creator\":{\"@id\":\"https:\\\/\\\/allasorias.hu\\\/hirek\\\/author\\\/admin-allasorias\\\/#author\"},\"image\":{\"@type\":\"ImageObject\",\"url\":\"https:\\\/\\\/allasorias.hu\\\/hirek\\\/wp-content\\\/uploads\\\/2019\\\/02\\\/pexels-photo-1595391.jpeg\",\"@id\":\"https:\\\/\\\/allasorias.hu\\\/hirek\\\/figyelmet-kell-forditani-a-kis-es-kozepvallalkozasokra\\\/#mainImage\",\"width\":640,\"height\":426},\"primaryImageOfPage\":{\"@id\":\"https:\\\/\\\/allasorias.hu\\\/hirek\\\/figyelmet-kell-forditani-a-kis-es-kozepvallalkozasokra\\\/#mainImage\"},\"datePublished\":\"2019-11-07T13:03:34+02:00\",\"dateModified\":\"2019-11-08T07:36:55+02:00\"},{\"@type\":\"WebSite\",\"@id\":\"https:\\\/\\\/allasorias.hu\\\/hirek\\\/#website\",\"url\":\"https:\\\/\\\/allasorias.hu\\\/hirek\\\/\",\"name\":\"AllasOrias.hu | H\\u00edrek-lapszemle\",\"description\":\"\\u00dczleti h\\u00edrek az \\u00e1ll\\u00e1s \\u00e9s a munka vil\\u00e1g\\u00e1b\\u00f3l\",\"inLanguage\":\"hu-HU\",\"publisher\":{\"@id\":\"https:\\\/\\\/allasorias.hu\\\/hirek\\\/#organization\"}}]}\n\t\t<\/script>\n\t\t<!-- All in One SEO -->\n\n","aioseo_head_json":{"title":"Figyelmet kell ford\u00edtani a kis-\u00e9s k\u00f6z\u00e9pv\u00e1llalkoz\u00e1sokra | AllasOrias.hu | H\u00edrek-lapszemle","description":"T\u00f6bb mint 500 ezer kis- \u00e9s k\u00f6z\u00e9pv\u00e1llalkoz\u00e1s van Magyarorsz\u00e1gon \u2013 ezt Guly\u00e1s J\u00f3zsef, a KKV H\u00e1z vez\u00e9rigazgat\u00f3ja mondta az M1-en. A f\u00e9lmilli\u00f3 kkv jelent\u0151s r\u00e9sze mikro v\u00e1llalkoz\u00e1snak min\u0151s\u00fcl, vagyis \u00f6tn\u00e9l kevesebb munkav\u00e1llal\u00f3val m\u0171k\u00f6dik \u00e9s az \u00f6sszes munkav\u00e1llal\u00f3 mintegy 75 sz\u00e1zal\u00e9ka kkv-ban dolgozik. Guly\u00e1s J\u00f3zsef a szektor versenyk\u00e9pess\u00e9g\u00e9nek jav\u00edt\u00e1s\u00e1t nevezte a legfontosabbnak, hozz\u00e1 tette azonban, hogy","canonical_url":"https:\/\/allasorias.hu\/hirek\/figyelmet-kell-forditani-a-kis-es-kozepvallalkozasokra\/","robots":"max-image-preview:large","keywords":"","webmasterTools":{"miscellaneous":""},"schema":{"@context":"https:\/\/schema.org","@graph":[{"@type":"Article","@id":"https:\/\/allasorias.hu\/hirek\/figyelmet-kell-forditani-a-kis-es-kozepvallalkozasokra\/#article","name":"Figyelmet kell ford\u00edtani a kis-\u00e9s k\u00f6z\u00e9pv\u00e1llalkoz\u00e1sokra | AllasOrias.hu | H\u00edrek-lapszemle","headline":"Figyelmet kell ford\u00edtani a kis-\u00e9s k\u00f6z\u00e9pv\u00e1llalkoz\u00e1sokra","author":{"@id":"https:\/\/allasorias.hu\/hirek\/author\/admin-allasorias\/#author"},"publisher":{"@id":"https:\/\/allasorias.hu\/hirek\/#organization"},"image":{"@type":"ImageObject","url":"https:\/\/allasorias.hu\/hirek\/wp-content\/uploads\/2019\/02\/pexels-photo-1595391.jpeg","width":640,"height":426},"datePublished":"2019-11-07T13:03:34+02:00","dateModified":"2019-11-08T07:36:55+02:00","inLanguage":"hu-HU","mainEntityOfPage":{"@id":"https:\/\/allasorias.hu\/hirek\/figyelmet-kell-forditani-a-kis-es-kozepvallalkozasokra\/#webpage"},"isPartOf":{"@id":"https:\/\/allasorias.hu\/hirek\/figyelmet-kell-forditani-a-kis-es-kozepvallalkozasokra\/#webpage"},"articleSection":"Gazdas\u00e1g"},{"@type":"BreadcrumbList","@id":"https:\/\/allasorias.hu\/hirek\/figyelmet-kell-forditani-a-kis-es-kozepvallalkozasokra\/#breadcrumblist","itemListElement":[{"@type":"ListItem","@id":"https:\/\/allasorias.hu\/hirek#listItem","position":1,"name":"Home","item":"https:\/\/allasorias.hu\/hirek","nextItem":{"@type":"ListItem","@id":"https:\/\/allasorias.hu\/hirek\/temak\/gazdasag\/#listItem","name":"Gazdas\u00e1g"}},{"@type":"ListItem","@id":"https:\/\/allasorias.hu\/hirek\/temak\/gazdasag\/#listItem","position":2,"name":"Gazdas\u00e1g","item":"https:\/\/allasorias.hu\/hirek\/temak\/gazdasag\/","nextItem":{"@type":"ListItem","@id":"https:\/\/allasorias.hu\/hirek\/figyelmet-kell-forditani-a-kis-es-kozepvallalkozasokra\/#listItem","name":"Figyelmet kell ford\u00edtani a kis-\u00e9s k\u00f6z\u00e9pv\u00e1llalkoz\u00e1sokra"},"previousItem":{"@type":"ListItem","@id":"https:\/\/allasorias.hu\/hirek#listItem","name":"Home"}},{"@type":"ListItem","@id":"https:\/\/allasorias.hu\/hirek\/figyelmet-kell-forditani-a-kis-es-kozepvallalkozasokra\/#listItem","position":3,"name":"Figyelmet kell ford\u00edtani a kis-\u00e9s k\u00f6z\u00e9pv\u00e1llalkoz\u00e1sokra","previousItem":{"@type":"ListItem","@id":"https:\/\/allasorias.hu\/hirek\/temak\/gazdasag\/#listItem","name":"Gazdas\u00e1g"}}]},{"@type":"Organization","@id":"https:\/\/allasorias.hu\/hirek\/#organization","name":"AllasOrias.hu | H\u00edrek-lapszemle","description":"\u00dczleti h\u00edrek az \u00e1ll\u00e1s \u00e9s a munka vil\u00e1g\u00e1b\u00f3l","url":"https:\/\/allasorias.hu\/hirek\/","logo":{"@type":"ImageObject","url":"https:\/\/allasorias.hu\/hirek\/wp-content\/uploads\/2022\/10\/allasorias_site_facebok_logo.png","@id":"https:\/\/allasorias.hu\/hirek\/figyelmet-kell-forditani-a-kis-es-kozepvallalkozasokra\/#organizationLogo"},"image":{"@id":"https:\/\/allasorias.hu\/hirek\/figyelmet-kell-forditani-a-kis-es-kozepvallalkozasokra\/#organizationLogo"},"sameAs":["https:\/\/www.facebook.com\/allasorias","https:\/\/www.linkedin.com\/company\/allasorias"]},{"@type":"Person","@id":"https:\/\/allasorias.hu\/hirek\/author\/admin-allasorias\/#author","url":"https:\/\/allasorias.hu\/hirek\/author\/admin-allasorias\/","name":"Juh\u00e1sz P\u00e9ter","image":{"@type":"ImageObject","@id":"https:\/\/allasorias.hu\/hirek\/figyelmet-kell-forditani-a-kis-es-kozepvallalkozasokra\/#authorImage","url":"https:\/\/secure.gravatar.com\/avatar\/36e6bcb83148978b992977cb0f54d22feb0cce8a0a849a9410532bb2623ba4c6?s=96&d=mm&r=g","width":96,"height":96,"caption":"Juh\u00e1sz P\u00e9ter"}},{"@type":"WebPage","@id":"https:\/\/allasorias.hu\/hirek\/figyelmet-kell-forditani-a-kis-es-kozepvallalkozasokra\/#webpage","url":"https:\/\/allasorias.hu\/hirek\/figyelmet-kell-forditani-a-kis-es-kozepvallalkozasokra\/","name":"Figyelmet kell ford\u00edtani a kis-\u00e9s k\u00f6z\u00e9pv\u00e1llalkoz\u00e1sokra | AllasOrias.hu | H\u00edrek-lapszemle","description":"T\u00f6bb mint 500 ezer kis- \u00e9s k\u00f6z\u00e9pv\u00e1llalkoz\u00e1s van Magyarorsz\u00e1gon \u2013 ezt Guly\u00e1s J\u00f3zsef, a KKV H\u00e1z vez\u00e9rigazgat\u00f3ja mondta az M1-en. A f\u00e9lmilli\u00f3 kkv jelent\u0151s r\u00e9sze mikro v\u00e1llalkoz\u00e1snak min\u0151s\u00fcl, vagyis \u00f6tn\u00e9l kevesebb munkav\u00e1llal\u00f3val m\u0171k\u00f6dik \u00e9s az \u00f6sszes munkav\u00e1llal\u00f3 mintegy 75 sz\u00e1zal\u00e9ka kkv-ban dolgozik. Guly\u00e1s J\u00f3zsef a szektor versenyk\u00e9pess\u00e9g\u00e9nek jav\u00edt\u00e1s\u00e1t nevezte a legfontosabbnak, hozz\u00e1 tette azonban, hogy","inLanguage":"hu-HU","isPartOf":{"@id":"https:\/\/allasorias.hu\/hirek\/#website"},"breadcrumb":{"@id":"https:\/\/allasorias.hu\/hirek\/figyelmet-kell-forditani-a-kis-es-kozepvallalkozasokra\/#breadcrumblist"},"author":{"@id":"https:\/\/allasorias.hu\/hirek\/author\/admin-allasorias\/#author"},"creator":{"@id":"https:\/\/allasorias.hu\/hirek\/author\/admin-allasorias\/#author"},"image":{"@type":"ImageObject","url":"https:\/\/allasorias.hu\/hirek\/wp-content\/uploads\/2019\/02\/pexels-photo-1595391.jpeg","@id":"https:\/\/allasorias.hu\/hirek\/figyelmet-kell-forditani-a-kis-es-kozepvallalkozasokra\/#mainImage","width":640,"height":426},"primaryImageOfPage":{"@id":"https:\/\/allasorias.hu\/hirek\/figyelmet-kell-forditani-a-kis-es-kozepvallalkozasokra\/#mainImage"},"datePublished":"2019-11-07T13:03:34+02:00","dateModified":"2019-11-08T07:36:55+02:00"},{"@type":"WebSite","@id":"https:\/\/allasorias.hu\/hirek\/#website","url":"https:\/\/allasorias.hu\/hirek\/","name":"AllasOrias.hu | H\u00edrek-lapszemle","description":"\u00dczleti h\u00edrek az \u00e1ll\u00e1s \u00e9s a munka vil\u00e1g\u00e1b\u00f3l","inLanguage":"hu-HU","publisher":{"@id":"https:\/\/allasorias.hu\/hirek\/#organization"}}]},"og:locale":"hu_HU","og:site_name":"AllasOrias.hu | H\u00edrek-lapszemle | \u00dczleti h\u00edrek az \u00e1ll\u00e1s \u00e9s a munka vil\u00e1g\u00e1b\u00f3l","og:type":"article","og:title":"Figyelmet kell ford\u00edtani a kis-\u00e9s k\u00f6z\u00e9pv\u00e1llalkoz\u00e1sokra | AllasOrias.hu | H\u00edrek-lapszemle","og:description":"T\u00f6bb mint 500 ezer kis- \u00e9s k\u00f6z\u00e9pv\u00e1llalkoz\u00e1s van Magyarorsz\u00e1gon \u2013 ezt Guly\u00e1s J\u00f3zsef, a KKV H\u00e1z vez\u00e9rigazgat\u00f3ja mondta az M1-en. A f\u00e9lmilli\u00f3 kkv jelent\u0151s r\u00e9sze mikro v\u00e1llalkoz\u00e1snak min\u0151s\u00fcl, vagyis \u00f6tn\u00e9l kevesebb munkav\u00e1llal\u00f3val m\u0171k\u00f6dik \u00e9s az \u00f6sszes munkav\u00e1llal\u00f3 mintegy 75 sz\u00e1zal\u00e9ka kkv-ban dolgozik. Guly\u00e1s J\u00f3zsef a szektor versenyk\u00e9pess\u00e9g\u00e9nek jav\u00edt\u00e1s\u00e1t nevezte a legfontosabbnak, hozz\u00e1 tette azonban, hogy","og:url":"https:\/\/allasorias.hu\/hirek\/figyelmet-kell-forditani-a-kis-es-kozepvallalkozasokra\/","og:image":"https:\/\/allasorias.hu\/hirek\/wp-content\/uploads\/2019\/02\/pexels-photo-1595391.jpeg","og:image:secure_url":"https:\/\/allasorias.hu\/hirek\/wp-content\/uploads\/2019\/02\/pexels-photo-1595391.jpeg","og:image:width":640,"og:image:height":426,"article:published_time":"2019-11-07T13:03:34+00:00","article:modified_time":"2019-11-08T07:36:55+00:00","article:publisher":"https:\/\/www.facebook.com\/allasorias","twitter:card":"summary_large_image","twitter:title":"Figyelmet kell ford\u00edtani a kis-\u00e9s k\u00f6z\u00e9pv\u00e1llalkoz\u00e1sokra | AllasOrias.hu | H\u00edrek-lapszemle","twitter:description":"T\u00f6bb mint 500 ezer kis- \u00e9s k\u00f6z\u00e9pv\u00e1llalkoz\u00e1s van Magyarorsz\u00e1gon \u2013 ezt Guly\u00e1s J\u00f3zsef, a KKV H\u00e1z vez\u00e9rigazgat\u00f3ja mondta az M1-en. A f\u00e9lmilli\u00f3 kkv jelent\u0151s r\u00e9sze mikro v\u00e1llalkoz\u00e1snak min\u0151s\u00fcl, vagyis \u00f6tn\u00e9l kevesebb munkav\u00e1llal\u00f3val m\u0171k\u00f6dik \u00e9s az \u00f6sszes munkav\u00e1llal\u00f3 mintegy 75 sz\u00e1zal\u00e9ka kkv-ban dolgozik. Guly\u00e1s J\u00f3zsef a szektor versenyk\u00e9pess\u00e9g\u00e9nek jav\u00edt\u00e1s\u00e1t nevezte a legfontosabbnak, hozz\u00e1 tette azonban, hogy","twitter:image":"https:\/\/allasorias.hu\/hirek\/wp-content\/uploads\/2019\/02\/pexels-photo-1595391.jpeg","twitter:label1":"Written by","twitter:data1":"Juh\u00e1sz P\u00e9ter","twitter:label2":"Est. reading time","twitter:data2":"2 minutes"},"aioseo_meta_data":{"post_id":"3464","title":null,"description":null,"keywords":null,"keyphrases":null,"primary_term":null,"canonical_url":null,"og_title":null,"og_description":null,"og_object_type":"default","og_image_type":"default","og_image_url":null,"og_image_width":null,"og_image_height":null,"og_image_custom_url":null,"og_image_custom_fields":null,"og_video":null,"og_custom_url":null,"og_article_section":null,"og_article_tags":null,"twitter_use_og":false,"twitter_card":"default","twitter_image_type":"default","twitter_image_url":null,"twitter_image_custom_url":null,"twitter_image_custom_fields":null,"twitter_title":null,"twitter_description":null,"schema":{"blockGraphs":[],"customGraphs":[],"default":{"data":{"Article":[],"Course":[],"Dataset":[],"FAQPage":[],"Movie":[],"Person":[],"Product":[],"ProductReview":[],"Car":[],"Recipe":[],"Service":[],"SoftwareApplication":[],"WebPage":[]},"graphName":"","isEnabled":true},"graphs":[],"defaultGraph":"","defaultPostTypeGraph":""},"schema_type":null,"schema_type_options":null,"pillar_content":false,"robots_default":true,"robots_noindex":false,"robots_noarchive":false,"robots_nosnippet":false,"robots_nofollow":false,"robots_noimageindex":false,"robots_noodp":false,"robots_notranslate":false,"robots_max_snippet":null,"robots_max_videopreview":null,"robots_max_imagepreview":"large","priority":null,"frequency":null,"location":null,"local_seo":null,"breadcrumb_settings":null,"limit_modified_date":false,"ai":null,"created":"2021-02-01 22:56:23","updated":"2025-10-02 12:10:38","seo_analyzer_scan_date":null,"focus_keyword":null,"additional_keywords":null,"truseo_locale":null},"aioseo_breadcrumb":"<div class=\"aioseo-breadcrumbs\"><span class=\"aioseo-breadcrumb\">\n\t\t\t<a href=\"https:\/\/allasorias.hu\/hirek\" title=\"Home\">Home<\/a>\n\t\t<\/span><span class=\"aioseo-breadcrumb-separator\">&raquo;<\/span><span class=\"aioseo-breadcrumb\">\n\t\t\t<a href=\"https:\/\/allasorias.hu\/hirek\/temak\/gazdasag\/\" title=\"Gazdas\u00e1g\">Gazdas\u00e1g<\/a>\n\t\t<\/span><span class=\"aioseo-breadcrumb-separator\">&raquo;<\/span><span class=\"aioseo-breadcrumb\">\n\t\t\tFigyelmet kell ford\u00edtani a kis-\u00e9s k\u00f6z\u00e9pv\u00e1llalkoz\u00e1sokra\n\t\t<\/span><\/div>","aioseo_breadcrumb_json":[{"label":"Home","link":"https:\/\/allasorias.hu\/hirek"},{"label":"Gazdas\u00e1g","link":"https:\/\/allasorias.hu\/hirek\/temak\/gazdasag\/"},{"label":"Figyelmet kell ford\u00edtani a kis-\u00e9s k\u00f6z\u00e9pv\u00e1llalkoz\u00e1sokra","link":"https:\/\/allasorias.hu\/hirek\/figyelmet-kell-forditani-a-kis-es-kozepvallalkozasokra\/"}],"_links":{"self":[{"href":"https:\/\/allasorias.hu\/hirek\/wp-json\/wp\/v2\/posts\/3464","targetHints":{"allow":["GET"]}}],"collection":[{"href":"https:\/\/allasorias.hu\/hirek\/wp-json\/wp\/v2\/posts"}],"about":[{"href":"https:\/\/allasorias.hu\/hirek\/wp-json\/wp\/v2\/types\/post"}],"author":[{"embeddable":true,"href":"https:\/\/allasorias.hu\/hirek\/wp-json\/wp\/v2\/users\/1"}],"replies":[{"embeddable":true,"href":"https:\/\/allasorias.hu\/hirek\/wp-json\/wp\/v2\/comments?post=3464"}],"version-history":[{"count":1,"href":"https:\/\/allasorias.hu\/hirek\/wp-json\/wp\/v2\/posts\/3464\/revisions"}],"predecessor-version":[{"id":3465,"href":"https:\/\/allasorias.hu\/hirek\/wp-json\/wp\/v2\/posts\/3464\/revisions\/3465"}],"wp:featuredmedia":[{"embeddable":true,"href":"https:\/\/allasorias.hu\/hirek\/wp-json\/wp\/v2\/media\/2567"}],"wp:attachment":[{"href":"https:\/\/allasorias.hu\/hirek\/wp-json\/wp\/v2\/media?parent=3464"}],"wp:term":[{"taxonomy":"category","embeddable":true,"href":"https:\/\/allasorias.hu\/hirek\/wp-json\/wp\/v2\/categories?post=3464"},{"taxonomy":"post_tag","embeddable":true,"href":"https:\/\/allasorias.hu\/hirek\/wp-json\/wp\/v2\/tags?post=3464"}],"curies":[{"name":"wp","href":"https:\/\/api.w.org\/{rel}","templated":true}]}}