{"id":3462,"date":"2019-11-06T10:08:20","date_gmt":"2019-11-06T10:08:20","guid":{"rendered":"https:\/\/allasorias.hu\/hirek\/?p=3462"},"modified":"2019-11-06T10:09:36","modified_gmt":"2019-11-06T10:09:36","slug":"meg-mindig-sok-vendegmunkassal-szamolnak-magyarorszagon","status":"publish","type":"post","link":"https:\/\/allasorias.hu\/hirek\/meg-mindig-sok-vendegmunkassal-szamolnak-magyarorszagon\/","title":{"rendered":"M\u00e9g mindig sok vend\u00e9gmunk\u00e1ssal sz\u00e1molnak magyarorsz\u00e1gon"},"content":{"rendered":"<p><strong>H\u00e1romszoros\u00e1ra n\u0151tt a vend\u00e9gmunk\u00e1sok sz\u00e1ma haz\u00e1nkban az elm\u00falt k\u00e9t \u00e9v alatt. F\u0151k\u00e9nt az \u00a0ukr\u00e1n, szerb \u00e9s vietn\u00e1mi vend\u00e9gmunk\u00e1sok\u00e9. Ukrajn\u00e1b\u00f3l j\u00f6n a legt\u00f6bb, szeptember v\u00e9g\u00e9n k\u00f6zel 44 ezren rendelkeztek munkav\u00e1llal\u00e1si enged\u00e9llyel \u2013 \u00edrta a Vil\u00e1ggazdas\u00e1g. Az Orsz\u00e1gos Idegenrend\u00e9szeti F\u0151igazgat\u00f3s\u00e1gnak a lap k\u00e9r\u00e9s\u00e9re k\u00e9sz\u00edtett adatgy\u0171jt\u00e9se szerint 43 881 ukr\u00e1n rendelkezik munkav\u00e1llal\u00e1si c\u00e9l\u00fa tart\u00f3zkod\u00e1si enged\u00e9llyel, az Eur\u00f3pai Uni\u00f3n k\u00edv\u00fcli orsz\u00e1gokb\u00f3l Magyarorsz\u00e1gra \u00e9rkez\u0151 munkav\u00e1llal\u00f3k k\u00f6z\u00f6tt ez a legmagasabb sz\u00e1m. <\/strong><\/p>\n<p>A statisztika szerint a m\u00e1sodik legt\u00f6bb enged\u00e9llyel (6199) a szerbek rendelkeznek, a harmadik legt\u00f6bb dolgoz\u00f3t pedig K\u00edna adja, 2965-\u00f6t. \u00c1zsia legnagyobb orsz\u00e1g\u00e1t szinte alig lemaradva Vietnam (2778 f\u0151vel) k\u00f6veti, de sz\u00e9p sz\u00e1mmal vannak jelen a magyar munkaer\u0151piacon indiai munkav\u00e1llal\u00f3k is (1806). Az OIF janu\u00e1r \u00e9s szeptember k\u00f6z\u00f6tt sz\u00fcletett pozit\u00edv d\u00f6nt\u00e9seit tartalmaz\u00f3 list\u00e1t szint\u00e9n az ukr\u00e1n munkav\u00e1llal\u00f3k vezetik 26 ezern\u00e9l is t\u00f6bb enged\u00e9llyel. A m\u00e1sodik helyen itt is a szerbek \u00e1llnak 3710 j\u00f3v\u00e1hagy\u00e1ssal, a harmadikon a vietn\u00e1miak 1413-mal. Ukrajn\u00e1b\u00f3l j\u00f6n a legt\u00f6bb vend\u00e9gmunk\u00e1s Magyarorsz\u00e1gra. A statisztika alapj\u00e1n a k\u00fcld\u0151 orsz\u00e1gok eset\u00e9ben a kor\u00e1bbi \u00e9vekhez k\u00e9pest nem t\u00f6rt\u00e9nt nagyobb v\u00e1ltoz\u00e1s, a Magyarorsz\u00e1gra \u00e9rkezett munkav\u00e1llal\u00f3k sz\u00e1ma viszont 2017-hez k\u00e9pest drasztikusan n\u0151tt: m\u00edg k\u00e9t \u00e9ve a lista els\u0151 h\u00e1rom k\u00fcld\u0151 orsz\u00e1g\u00e1b\u00f3l \u00f6sszesen 11 464 munkav\u00e1llal\u00f3t regisztr\u00e1ltak harmadik orsz\u00e1gb\u00f3l, addig tavaly m\u00e1r 34 744-et \u2013 der\u00fcl ki a cikkb\u0151l, hozz\u00e1t\u00e9ve, hogy ez a sz\u00e1m az id\u00e9n szeptemberig 31 449-re cs\u00f6kkent.<\/p>\n<p>Forr\u00e1s: propeller.hu<\/p>\n","protected":false},"excerpt":{"rendered":"<p>H\u00e1romszoros\u00e1ra n\u0151tt a vend\u00e9gmunk\u00e1sok sz\u00e1ma haz\u00e1nkban az elm\u00falt k\u00e9t \u00e9v alatt. F\u0151k\u00e9nt az \u00a0ukr\u00e1n, szerb \u00e9s vietn\u00e1mi vend\u00e9gmunk\u00e1sok\u00e9. Ukrajn\u00e1b\u00f3l j\u00f6n a legt\u00f6bb, szeptember v\u00e9g\u00e9n k\u00f6zel 44 ezren rendelkeztek munkav\u00e1llal\u00e1si enged\u00e9llyel \u2013 \u00edrta a Vil\u00e1ggazdas\u00e1g. Az Orsz\u00e1gos Idegenrend\u00e9szeti F\u0151igazgat\u00f3s\u00e1gnak a lap k\u00e9r\u00e9s\u00e9re k\u00e9sz\u00edtett adatgy\u0171jt\u00e9se szerint 43 881 ukr\u00e1n rendelkezik munkav\u00e1llal\u00e1si c\u00e9l\u00fa tart\u00f3zkod\u00e1si enged\u00e9llyel, az Eur\u00f3pai Uni\u00f3n [&hellip;]<\/p>\n","protected":false},"author":1,"featured_media":2735,"comment_status":"open","ping_status":"open","sticky":false,"template":"","format":"standard","meta":{"_monsterinsights_skip_tracking":false,"footnotes":""},"categories":[200],"tags":[],"class_list":["post-3462","post","type-post","status-publish","format-standard","has-post-thumbnail","hentry","category-munkaeropiac"],"aioseo_notices":[],"aioseo_head":"\n\t\t<!-- All in One SEO 5.0.0.1 - aioseo.com -->\n\t<meta name=\"description\" content=\"H\u00e1romszoros\u00e1ra n\u0151tt a vend\u00e9gmunk\u00e1sok sz\u00e1ma haz\u00e1nkban az elm\u00falt k\u00e9t \u00e9v alatt. F\u0151k\u00e9nt az ukr\u00e1n, szerb \u00e9s vietn\u00e1mi vend\u00e9gmunk\u00e1sok\u00e9. Ukrajn\u00e1b\u00f3l j\u00f6n a legt\u00f6bb, szeptember v\u00e9g\u00e9n k\u00f6zel 44 ezren rendelkeztek munkav\u00e1llal\u00e1si enged\u00e9llyel \u2013 \u00edrta a Vil\u00e1ggazdas\u00e1g. Az Orsz\u00e1gos Idegenrend\u00e9szeti F\u0151igazgat\u00f3s\u00e1gnak a lap k\u00e9r\u00e9s\u00e9re k\u00e9sz\u00edtett adatgy\u0171jt\u00e9se szerint 43 881 ukr\u00e1n rendelkezik munkav\u00e1llal\u00e1si c\u00e9l\u00fa tart\u00f3zkod\u00e1si enged\u00e9llyel, az Eur\u00f3pai Uni\u00f3n\" \/>\n\t<meta name=\"robots\" content=\"max-image-preview:large\" \/>\n\t<meta name=\"author\" content=\"Juh\u00e1sz P\u00e9ter\"\/>\n\t<link rel=\"canonical\" href=\"https:\/\/allasorias.hu\/hirek\/meg-mindig-sok-vendegmunkassal-szamolnak-magyarorszagon\/\" \/>\n\t<meta name=\"generator\" content=\"All in One SEO (AIOSEO) 5.0.0.1\" \/>\n\t\t<meta property=\"og:locale\" content=\"hu_HU\" \/>\n\t\t<meta property=\"og:site_name\" content=\"AllasOrias.hu | H\u00edrek-lapszemle | \u00dczleti h\u00edrek az \u00e1ll\u00e1s \u00e9s a munka vil\u00e1g\u00e1b\u00f3l\" \/>\n\t\t<meta property=\"og:type\" content=\"article\" \/>\n\t\t<meta property=\"og:title\" content=\"M\u00e9g mindig sok vend\u00e9gmunk\u00e1ssal sz\u00e1molnak magyarorsz\u00e1gon | AllasOrias.hu | H\u00edrek-lapszemle\" \/>\n\t\t<meta property=\"og:description\" content=\"H\u00e1romszoros\u00e1ra n\u0151tt a vend\u00e9gmunk\u00e1sok sz\u00e1ma haz\u00e1nkban az elm\u00falt k\u00e9t \u00e9v alatt. F\u0151k\u00e9nt az ukr\u00e1n, szerb \u00e9s vietn\u00e1mi vend\u00e9gmunk\u00e1sok\u00e9. Ukrajn\u00e1b\u00f3l j\u00f6n a legt\u00f6bb, szeptember v\u00e9g\u00e9n k\u00f6zel 44 ezren rendelkeztek munkav\u00e1llal\u00e1si enged\u00e9llyel \u2013 \u00edrta a Vil\u00e1ggazdas\u00e1g. Az Orsz\u00e1gos Idegenrend\u00e9szeti F\u0151igazgat\u00f3s\u00e1gnak a lap k\u00e9r\u00e9s\u00e9re k\u00e9sz\u00edtett adatgy\u0171jt\u00e9se szerint 43 881 ukr\u00e1n rendelkezik munkav\u00e1llal\u00e1si c\u00e9l\u00fa tart\u00f3zkod\u00e1si enged\u00e9llyel, az Eur\u00f3pai Uni\u00f3n\" \/>\n\t\t<meta property=\"og:url\" content=\"https:\/\/allasorias.hu\/hirek\/meg-mindig-sok-vendegmunkassal-szamolnak-magyarorszagon\/\" \/>\n\t\t<meta property=\"og:image\" content=\"https:\/\/allasorias.hu\/hirek\/wp-content\/uploads\/2019\/04\/active-adults-bars-583392-1.jpg\" \/>\n\t\t<meta property=\"og:image:secure_url\" content=\"https:\/\/allasorias.hu\/hirek\/wp-content\/uploads\/2019\/04\/active-adults-bars-583392-1.jpg\" \/>\n\t\t<meta property=\"og:image:width\" content=\"1280\" \/>\n\t\t<meta property=\"og:image:height\" content=\"738\" \/>\n\t\t<meta property=\"article:published_time\" content=\"2019-11-06T10:08:20+00:00\" \/>\n\t\t<meta property=\"article:modified_time\" content=\"2019-11-06T10:09:36+00:00\" \/>\n\t\t<meta property=\"article:publisher\" content=\"https:\/\/www.facebook.com\/allasorias\" \/>\n\t\t<meta name=\"twitter:card\" content=\"summary_large_image\" \/>\n\t\t<meta name=\"twitter:title\" content=\"M\u00e9g mindig sok vend\u00e9gmunk\u00e1ssal sz\u00e1molnak magyarorsz\u00e1gon | AllasOrias.hu | H\u00edrek-lapszemle\" \/>\n\t\t<meta name=\"twitter:description\" content=\"H\u00e1romszoros\u00e1ra n\u0151tt a vend\u00e9gmunk\u00e1sok sz\u00e1ma haz\u00e1nkban az elm\u00falt k\u00e9t \u00e9v alatt. F\u0151k\u00e9nt az ukr\u00e1n, szerb \u00e9s vietn\u00e1mi vend\u00e9gmunk\u00e1sok\u00e9. Ukrajn\u00e1b\u00f3l j\u00f6n a legt\u00f6bb, szeptember v\u00e9g\u00e9n k\u00f6zel 44 ezren rendelkeztek munkav\u00e1llal\u00e1si enged\u00e9llyel \u2013 \u00edrta a Vil\u00e1ggazdas\u00e1g. Az Orsz\u00e1gos Idegenrend\u00e9szeti F\u0151igazgat\u00f3s\u00e1gnak a lap k\u00e9r\u00e9s\u00e9re k\u00e9sz\u00edtett adatgy\u0171jt\u00e9se szerint 43 881 ukr\u00e1n rendelkezik munkav\u00e1llal\u00e1si c\u00e9l\u00fa tart\u00f3zkod\u00e1si enged\u00e9llyel, az Eur\u00f3pai Uni\u00f3n\" \/>\n\t\t<meta name=\"twitter:image\" content=\"https:\/\/allasorias.hu\/hirek\/wp-content\/uploads\/2019\/04\/active-adults-bars-583392-1.jpg\" \/>\n\t\t<meta name=\"twitter:label1\" content=\"Written by\" \/>\n\t\t<meta name=\"twitter:data1\" content=\"Juh\u00e1sz P\u00e9ter\" \/>\n\t\t<meta name=\"twitter:label2\" content=\"Est. reading time\" \/>\n\t\t<meta name=\"twitter:data2\" content=\"2 minutes\" \/>\n\t\t<script type=\"application\/ld+json\" class=\"aioseo-schema\">\n\t\t\t{\"@context\":\"https:\\\/\\\/schema.org\",\"@graph\":[{\"@type\":\"Article\",\"@id\":\"https:\\\/\\\/allasorias.hu\\\/hirek\\\/meg-mindig-sok-vendegmunkassal-szamolnak-magyarorszagon\\\/#article\",\"name\":\"M\\u00e9g mindig sok vend\\u00e9gmunk\\u00e1ssal sz\\u00e1molnak magyarorsz\\u00e1gon | AllasOrias.hu | H\\u00edrek-lapszemle\",\"headline\":\"M\\u00e9g mindig sok vend\\u00e9gmunk\\u00e1ssal sz\\u00e1molnak magyarorsz\\u00e1gon\",\"author\":{\"@id\":\"https:\\\/\\\/allasorias.hu\\\/hirek\\\/author\\\/admin-allasorias\\\/#author\"},\"publisher\":{\"@id\":\"https:\\\/\\\/allasorias.hu\\\/hirek\\\/#organization\"},\"image\":{\"@type\":\"ImageObject\",\"url\":\"https:\\\/\\\/allasorias.hu\\\/hirek\\\/wp-content\\\/uploads\\\/2019\\\/04\\\/active-adults-bars-583392-1.jpg\",\"width\":1280,\"height\":738},\"datePublished\":\"2019-11-06T10:08:20+02:00\",\"dateModified\":\"2019-11-06T10:09:36+02:00\",\"inLanguage\":\"hu-HU\",\"mainEntityOfPage\":{\"@id\":\"https:\\\/\\\/allasorias.hu\\\/hirek\\\/meg-mindig-sok-vendegmunkassal-szamolnak-magyarorszagon\\\/#webpage\"},\"isPartOf\":{\"@id\":\"https:\\\/\\\/allasorias.hu\\\/hirek\\\/meg-mindig-sok-vendegmunkassal-szamolnak-magyarorszagon\\\/#webpage\"},\"articleSection\":\"Munkaer\\u0151piac\"},{\"@type\":\"BreadcrumbList\",\"@id\":\"https:\\\/\\\/allasorias.hu\\\/hirek\\\/meg-mindig-sok-vendegmunkassal-szamolnak-magyarorszagon\\\/#breadcrumblist\",\"itemListElement\":[{\"@type\":\"ListItem\",\"@id\":\"https:\\\/\\\/allasorias.hu\\\/hirek#listItem\",\"position\":1,\"name\":\"Home\",\"item\":\"https:\\\/\\\/allasorias.hu\\\/hirek\",\"nextItem\":{\"@type\":\"ListItem\",\"@id\":\"https:\\\/\\\/allasorias.hu\\\/hirek\\\/temak\\\/munkaeropiac\\\/#listItem\",\"name\":\"Munkaer\\u0151piac\"}},{\"@type\":\"ListItem\",\"@id\":\"https:\\\/\\\/allasorias.hu\\\/hirek\\\/temak\\\/munkaeropiac\\\/#listItem\",\"position\":2,\"name\":\"Munkaer\\u0151piac\",\"item\":\"https:\\\/\\\/allasorias.hu\\\/hirek\\\/temak\\\/munkaeropiac\\\/\",\"nextItem\":{\"@type\":\"ListItem\",\"@id\":\"https:\\\/\\\/allasorias.hu\\\/hirek\\\/meg-mindig-sok-vendegmunkassal-szamolnak-magyarorszagon\\\/#listItem\",\"name\":\"M\\u00e9g mindig sok vend\\u00e9gmunk\\u00e1ssal sz\\u00e1molnak magyarorsz\\u00e1gon\"},\"previousItem\":{\"@type\":\"ListItem\",\"@id\":\"https:\\\/\\\/allasorias.hu\\\/hirek#listItem\",\"name\":\"Home\"}},{\"@type\":\"ListItem\",\"@id\":\"https:\\\/\\\/allasorias.hu\\\/hirek\\\/meg-mindig-sok-vendegmunkassal-szamolnak-magyarorszagon\\\/#listItem\",\"position\":3,\"name\":\"M\\u00e9g mindig sok vend\\u00e9gmunk\\u00e1ssal sz\\u00e1molnak magyarorsz\\u00e1gon\",\"previousItem\":{\"@type\":\"ListItem\",\"@id\":\"https:\\\/\\\/allasorias.hu\\\/hirek\\\/temak\\\/munkaeropiac\\\/#listItem\",\"name\":\"Munkaer\\u0151piac\"}}]},{\"@type\":\"Organization\",\"@id\":\"https:\\\/\\\/allasorias.hu\\\/hirek\\\/#organization\",\"name\":\"AllasOrias.hu | H\\u00edrek-lapszemle\",\"description\":\"\\u00dczleti h\\u00edrek az \\u00e1ll\\u00e1s \\u00e9s a munka vil\\u00e1g\\u00e1b\\u00f3l\",\"url\":\"https:\\\/\\\/allasorias.hu\\\/hirek\\\/\",\"logo\":{\"@type\":\"ImageObject\",\"url\":\"https:\\\/\\\/allasorias.hu\\\/hirek\\\/wp-content\\\/uploads\\\/2022\\\/10\\\/allasorias_site_facebok_logo.png\",\"@id\":\"https:\\\/\\\/allasorias.hu\\\/hirek\\\/meg-mindig-sok-vendegmunkassal-szamolnak-magyarorszagon\\\/#organizationLogo\"},\"image\":{\"@id\":\"https:\\\/\\\/allasorias.hu\\\/hirek\\\/meg-mindig-sok-vendegmunkassal-szamolnak-magyarorszagon\\\/#organizationLogo\"},\"sameAs\":[\"https:\\\/\\\/www.facebook.com\\\/allasorias\",\"https:\\\/\\\/www.linkedin.com\\\/company\\\/allasorias\"]},{\"@type\":\"Person\",\"@id\":\"https:\\\/\\\/allasorias.hu\\\/hirek\\\/author\\\/admin-allasorias\\\/#author\",\"url\":\"https:\\\/\\\/allasorias.hu\\\/hirek\\\/author\\\/admin-allasorias\\\/\",\"name\":\"Juh\\u00e1sz P\\u00e9ter\",\"image\":{\"@type\":\"ImageObject\",\"@id\":\"https:\\\/\\\/allasorias.hu\\\/hirek\\\/meg-mindig-sok-vendegmunkassal-szamolnak-magyarorszagon\\\/#authorImage\",\"url\":\"https:\\\/\\\/secure.gravatar.com\\\/avatar\\\/36e6bcb83148978b992977cb0f54d22feb0cce8a0a849a9410532bb2623ba4c6?s=96&d=mm&r=g\",\"width\":96,\"height\":96,\"caption\":\"Juh\\u00e1sz P\\u00e9ter\"}},{\"@type\":\"WebPage\",\"@id\":\"https:\\\/\\\/allasorias.hu\\\/hirek\\\/meg-mindig-sok-vendegmunkassal-szamolnak-magyarorszagon\\\/#webpage\",\"url\":\"https:\\\/\\\/allasorias.hu\\\/hirek\\\/meg-mindig-sok-vendegmunkassal-szamolnak-magyarorszagon\\\/\",\"name\":\"M\\u00e9g mindig sok vend\\u00e9gmunk\\u00e1ssal sz\\u00e1molnak magyarorsz\\u00e1gon | AllasOrias.hu | H\\u00edrek-lapszemle\",\"description\":\"H\\u00e1romszoros\\u00e1ra n\\u0151tt a vend\\u00e9gmunk\\u00e1sok sz\\u00e1ma haz\\u00e1nkban az elm\\u00falt k\\u00e9t \\u00e9v alatt. F\\u0151k\\u00e9nt az ukr\\u00e1n, szerb \\u00e9s vietn\\u00e1mi vend\\u00e9gmunk\\u00e1sok\\u00e9. Ukrajn\\u00e1b\\u00f3l j\\u00f6n a legt\\u00f6bb, szeptember v\\u00e9g\\u00e9n k\\u00f6zel 44 ezren rendelkeztek munkav\\u00e1llal\\u00e1si enged\\u00e9llyel \\u2013 \\u00edrta a Vil\\u00e1ggazdas\\u00e1g. Az Orsz\\u00e1gos Idegenrend\\u00e9szeti F\\u0151igazgat\\u00f3s\\u00e1gnak a lap k\\u00e9r\\u00e9s\\u00e9re k\\u00e9sz\\u00edtett adatgy\\u0171jt\\u00e9se szerint 43 881 ukr\\u00e1n rendelkezik munkav\\u00e1llal\\u00e1si c\\u00e9l\\u00fa tart\\u00f3zkod\\u00e1si enged\\u00e9llyel, az Eur\\u00f3pai Uni\\u00f3n\",\"inLanguage\":\"hu-HU\",\"isPartOf\":{\"@id\":\"https:\\\/\\\/allasorias.hu\\\/hirek\\\/#website\"},\"breadcrumb\":{\"@id\":\"https:\\\/\\\/allasorias.hu\\\/hirek\\\/meg-mindig-sok-vendegmunkassal-szamolnak-magyarorszagon\\\/#breadcrumblist\"},\"author\":{\"@id\":\"https:\\\/\\\/allasorias.hu\\\/hirek\\\/author\\\/admin-allasorias\\\/#author\"},\"creator\":{\"@id\":\"https:\\\/\\\/allasorias.hu\\\/hirek\\\/author\\\/admin-allasorias\\\/#author\"},\"image\":{\"@type\":\"ImageObject\",\"url\":\"https:\\\/\\\/allasorias.hu\\\/hirek\\\/wp-content\\\/uploads\\\/2019\\\/04\\\/active-adults-bars-583392-1.jpg\",\"@id\":\"https:\\\/\\\/allasorias.hu\\\/hirek\\\/meg-mindig-sok-vendegmunkassal-szamolnak-magyarorszagon\\\/#mainImage\",\"width\":1280,\"height\":738},\"primaryImageOfPage\":{\"@id\":\"https:\\\/\\\/allasorias.hu\\\/hirek\\\/meg-mindig-sok-vendegmunkassal-szamolnak-magyarorszagon\\\/#mainImage\"},\"datePublished\":\"2019-11-06T10:08:20+02:00\",\"dateModified\":\"2019-11-06T10:09:36+02:00\"},{\"@type\":\"WebSite\",\"@id\":\"https:\\\/\\\/allasorias.hu\\\/hirek\\\/#website\",\"url\":\"https:\\\/\\\/allasorias.hu\\\/hirek\\\/\",\"name\":\"AllasOrias.hu | H\\u00edrek-lapszemle\",\"description\":\"\\u00dczleti h\\u00edrek az \\u00e1ll\\u00e1s \\u00e9s a munka vil\\u00e1g\\u00e1b\\u00f3l\",\"inLanguage\":\"hu-HU\",\"publisher\":{\"@id\":\"https:\\\/\\\/allasorias.hu\\\/hirek\\\/#organization\"}}]}\n\t\t<\/script>\n\t\t<!-- All in One SEO -->\n\n","aioseo_head_json":{"title":"M\u00e9g mindig sok vend\u00e9gmunk\u00e1ssal sz\u00e1molnak magyarorsz\u00e1gon | AllasOrias.hu | H\u00edrek-lapszemle","description":"H\u00e1romszoros\u00e1ra n\u0151tt a vend\u00e9gmunk\u00e1sok sz\u00e1ma haz\u00e1nkban az elm\u00falt k\u00e9t \u00e9v alatt. F\u0151k\u00e9nt az ukr\u00e1n, szerb \u00e9s vietn\u00e1mi vend\u00e9gmunk\u00e1sok\u00e9. Ukrajn\u00e1b\u00f3l j\u00f6n a legt\u00f6bb, szeptember v\u00e9g\u00e9n k\u00f6zel 44 ezren rendelkeztek munkav\u00e1llal\u00e1si enged\u00e9llyel \u2013 \u00edrta a Vil\u00e1ggazdas\u00e1g. Az Orsz\u00e1gos Idegenrend\u00e9szeti F\u0151igazgat\u00f3s\u00e1gnak a lap k\u00e9r\u00e9s\u00e9re k\u00e9sz\u00edtett adatgy\u0171jt\u00e9se szerint 43 881 ukr\u00e1n rendelkezik munkav\u00e1llal\u00e1si c\u00e9l\u00fa tart\u00f3zkod\u00e1si enged\u00e9llyel, az Eur\u00f3pai Uni\u00f3n","canonical_url":"https:\/\/allasorias.hu\/hirek\/meg-mindig-sok-vendegmunkassal-szamolnak-magyarorszagon\/","robots":"max-image-preview:large","keywords":"","webmasterTools":{"miscellaneous":""},"schema":{"@context":"https:\/\/schema.org","@graph":[{"@type":"Article","@id":"https:\/\/allasorias.hu\/hirek\/meg-mindig-sok-vendegmunkassal-szamolnak-magyarorszagon\/#article","name":"M\u00e9g mindig sok vend\u00e9gmunk\u00e1ssal sz\u00e1molnak magyarorsz\u00e1gon | AllasOrias.hu | H\u00edrek-lapszemle","headline":"M\u00e9g mindig sok vend\u00e9gmunk\u00e1ssal sz\u00e1molnak magyarorsz\u00e1gon","author":{"@id":"https:\/\/allasorias.hu\/hirek\/author\/admin-allasorias\/#author"},"publisher":{"@id":"https:\/\/allasorias.hu\/hirek\/#organization"},"image":{"@type":"ImageObject","url":"https:\/\/allasorias.hu\/hirek\/wp-content\/uploads\/2019\/04\/active-adults-bars-583392-1.jpg","width":1280,"height":738},"datePublished":"2019-11-06T10:08:20+02:00","dateModified":"2019-11-06T10:09:36+02:00","inLanguage":"hu-HU","mainEntityOfPage":{"@id":"https:\/\/allasorias.hu\/hirek\/meg-mindig-sok-vendegmunkassal-szamolnak-magyarorszagon\/#webpage"},"isPartOf":{"@id":"https:\/\/allasorias.hu\/hirek\/meg-mindig-sok-vendegmunkassal-szamolnak-magyarorszagon\/#webpage"},"articleSection":"Munkaer\u0151piac"},{"@type":"BreadcrumbList","@id":"https:\/\/allasorias.hu\/hirek\/meg-mindig-sok-vendegmunkassal-szamolnak-magyarorszagon\/#breadcrumblist","itemListElement":[{"@type":"ListItem","@id":"https:\/\/allasorias.hu\/hirek#listItem","position":1,"name":"Home","item":"https:\/\/allasorias.hu\/hirek","nextItem":{"@type":"ListItem","@id":"https:\/\/allasorias.hu\/hirek\/temak\/munkaeropiac\/#listItem","name":"Munkaer\u0151piac"}},{"@type":"ListItem","@id":"https:\/\/allasorias.hu\/hirek\/temak\/munkaeropiac\/#listItem","position":2,"name":"Munkaer\u0151piac","item":"https:\/\/allasorias.hu\/hirek\/temak\/munkaeropiac\/","nextItem":{"@type":"ListItem","@id":"https:\/\/allasorias.hu\/hirek\/meg-mindig-sok-vendegmunkassal-szamolnak-magyarorszagon\/#listItem","name":"M\u00e9g mindig sok vend\u00e9gmunk\u00e1ssal sz\u00e1molnak magyarorsz\u00e1gon"},"previousItem":{"@type":"ListItem","@id":"https:\/\/allasorias.hu\/hirek#listItem","name":"Home"}},{"@type":"ListItem","@id":"https:\/\/allasorias.hu\/hirek\/meg-mindig-sok-vendegmunkassal-szamolnak-magyarorszagon\/#listItem","position":3,"name":"M\u00e9g mindig sok vend\u00e9gmunk\u00e1ssal sz\u00e1molnak magyarorsz\u00e1gon","previousItem":{"@type":"ListItem","@id":"https:\/\/allasorias.hu\/hirek\/temak\/munkaeropiac\/#listItem","name":"Munkaer\u0151piac"}}]},{"@type":"Organization","@id":"https:\/\/allasorias.hu\/hirek\/#organization","name":"AllasOrias.hu | H\u00edrek-lapszemle","description":"\u00dczleti h\u00edrek az \u00e1ll\u00e1s \u00e9s a munka vil\u00e1g\u00e1b\u00f3l","url":"https:\/\/allasorias.hu\/hirek\/","logo":{"@type":"ImageObject","url":"https:\/\/allasorias.hu\/hirek\/wp-content\/uploads\/2022\/10\/allasorias_site_facebok_logo.png","@id":"https:\/\/allasorias.hu\/hirek\/meg-mindig-sok-vendegmunkassal-szamolnak-magyarorszagon\/#organizationLogo"},"image":{"@id":"https:\/\/allasorias.hu\/hirek\/meg-mindig-sok-vendegmunkassal-szamolnak-magyarorszagon\/#organizationLogo"},"sameAs":["https:\/\/www.facebook.com\/allasorias","https:\/\/www.linkedin.com\/company\/allasorias"]},{"@type":"Person","@id":"https:\/\/allasorias.hu\/hirek\/author\/admin-allasorias\/#author","url":"https:\/\/allasorias.hu\/hirek\/author\/admin-allasorias\/","name":"Juh\u00e1sz P\u00e9ter","image":{"@type":"ImageObject","@id":"https:\/\/allasorias.hu\/hirek\/meg-mindig-sok-vendegmunkassal-szamolnak-magyarorszagon\/#authorImage","url":"https:\/\/secure.gravatar.com\/avatar\/36e6bcb83148978b992977cb0f54d22feb0cce8a0a849a9410532bb2623ba4c6?s=96&d=mm&r=g","width":96,"height":96,"caption":"Juh\u00e1sz P\u00e9ter"}},{"@type":"WebPage","@id":"https:\/\/allasorias.hu\/hirek\/meg-mindig-sok-vendegmunkassal-szamolnak-magyarorszagon\/#webpage","url":"https:\/\/allasorias.hu\/hirek\/meg-mindig-sok-vendegmunkassal-szamolnak-magyarorszagon\/","name":"M\u00e9g mindig sok vend\u00e9gmunk\u00e1ssal sz\u00e1molnak magyarorsz\u00e1gon | AllasOrias.hu | H\u00edrek-lapszemle","description":"H\u00e1romszoros\u00e1ra n\u0151tt a vend\u00e9gmunk\u00e1sok sz\u00e1ma haz\u00e1nkban az elm\u00falt k\u00e9t \u00e9v alatt. F\u0151k\u00e9nt az ukr\u00e1n, szerb \u00e9s vietn\u00e1mi vend\u00e9gmunk\u00e1sok\u00e9. Ukrajn\u00e1b\u00f3l j\u00f6n a legt\u00f6bb, szeptember v\u00e9g\u00e9n k\u00f6zel 44 ezren rendelkeztek munkav\u00e1llal\u00e1si enged\u00e9llyel \u2013 \u00edrta a Vil\u00e1ggazdas\u00e1g. Az Orsz\u00e1gos Idegenrend\u00e9szeti F\u0151igazgat\u00f3s\u00e1gnak a lap k\u00e9r\u00e9s\u00e9re k\u00e9sz\u00edtett adatgy\u0171jt\u00e9se szerint 43 881 ukr\u00e1n rendelkezik munkav\u00e1llal\u00e1si c\u00e9l\u00fa tart\u00f3zkod\u00e1si enged\u00e9llyel, az Eur\u00f3pai Uni\u00f3n","inLanguage":"hu-HU","isPartOf":{"@id":"https:\/\/allasorias.hu\/hirek\/#website"},"breadcrumb":{"@id":"https:\/\/allasorias.hu\/hirek\/meg-mindig-sok-vendegmunkassal-szamolnak-magyarorszagon\/#breadcrumblist"},"author":{"@id":"https:\/\/allasorias.hu\/hirek\/author\/admin-allasorias\/#author"},"creator":{"@id":"https:\/\/allasorias.hu\/hirek\/author\/admin-allasorias\/#author"},"image":{"@type":"ImageObject","url":"https:\/\/allasorias.hu\/hirek\/wp-content\/uploads\/2019\/04\/active-adults-bars-583392-1.jpg","@id":"https:\/\/allasorias.hu\/hirek\/meg-mindig-sok-vendegmunkassal-szamolnak-magyarorszagon\/#mainImage","width":1280,"height":738},"primaryImageOfPage":{"@id":"https:\/\/allasorias.hu\/hirek\/meg-mindig-sok-vendegmunkassal-szamolnak-magyarorszagon\/#mainImage"},"datePublished":"2019-11-06T10:08:20+02:00","dateModified":"2019-11-06T10:09:36+02:00"},{"@type":"WebSite","@id":"https:\/\/allasorias.hu\/hirek\/#website","url":"https:\/\/allasorias.hu\/hirek\/","name":"AllasOrias.hu | H\u00edrek-lapszemle","description":"\u00dczleti h\u00edrek az \u00e1ll\u00e1s \u00e9s a munka vil\u00e1g\u00e1b\u00f3l","inLanguage":"hu-HU","publisher":{"@id":"https:\/\/allasorias.hu\/hirek\/#organization"}}]},"og:locale":"hu_HU","og:site_name":"AllasOrias.hu | H\u00edrek-lapszemle | \u00dczleti h\u00edrek az \u00e1ll\u00e1s \u00e9s a munka vil\u00e1g\u00e1b\u00f3l","og:type":"article","og:title":"M\u00e9g mindig sok vend\u00e9gmunk\u00e1ssal sz\u00e1molnak magyarorsz\u00e1gon | AllasOrias.hu | H\u00edrek-lapszemle","og:description":"H\u00e1romszoros\u00e1ra n\u0151tt a vend\u00e9gmunk\u00e1sok sz\u00e1ma haz\u00e1nkban az elm\u00falt k\u00e9t \u00e9v alatt. F\u0151k\u00e9nt az ukr\u00e1n, szerb \u00e9s vietn\u00e1mi vend\u00e9gmunk\u00e1sok\u00e9. Ukrajn\u00e1b\u00f3l j\u00f6n a legt\u00f6bb, szeptember v\u00e9g\u00e9n k\u00f6zel 44 ezren rendelkeztek munkav\u00e1llal\u00e1si enged\u00e9llyel \u2013 \u00edrta a Vil\u00e1ggazdas\u00e1g. Az Orsz\u00e1gos Idegenrend\u00e9szeti F\u0151igazgat\u00f3s\u00e1gnak a lap k\u00e9r\u00e9s\u00e9re k\u00e9sz\u00edtett adatgy\u0171jt\u00e9se szerint 43 881 ukr\u00e1n rendelkezik munkav\u00e1llal\u00e1si c\u00e9l\u00fa tart\u00f3zkod\u00e1si enged\u00e9llyel, az Eur\u00f3pai Uni\u00f3n","og:url":"https:\/\/allasorias.hu\/hirek\/meg-mindig-sok-vendegmunkassal-szamolnak-magyarorszagon\/","og:image":"https:\/\/allasorias.hu\/hirek\/wp-content\/uploads\/2019\/04\/active-adults-bars-583392-1.jpg","og:image:secure_url":"https:\/\/allasorias.hu\/hirek\/wp-content\/uploads\/2019\/04\/active-adults-bars-583392-1.jpg","og:image:width":1280,"og:image:height":738,"article:published_time":"2019-11-06T10:08:20+00:00","article:modified_time":"2019-11-06T10:09:36+00:00","article:publisher":"https:\/\/www.facebook.com\/allasorias","twitter:card":"summary_large_image","twitter:title":"M\u00e9g mindig sok vend\u00e9gmunk\u00e1ssal sz\u00e1molnak magyarorsz\u00e1gon | AllasOrias.hu | H\u00edrek-lapszemle","twitter:description":"H\u00e1romszoros\u00e1ra n\u0151tt a vend\u00e9gmunk\u00e1sok sz\u00e1ma haz\u00e1nkban az elm\u00falt k\u00e9t \u00e9v alatt. F\u0151k\u00e9nt az ukr\u00e1n, szerb \u00e9s vietn\u00e1mi vend\u00e9gmunk\u00e1sok\u00e9. Ukrajn\u00e1b\u00f3l j\u00f6n a legt\u00f6bb, szeptember v\u00e9g\u00e9n k\u00f6zel 44 ezren rendelkeztek munkav\u00e1llal\u00e1si enged\u00e9llyel \u2013 \u00edrta a Vil\u00e1ggazdas\u00e1g. Az Orsz\u00e1gos Idegenrend\u00e9szeti F\u0151igazgat\u00f3s\u00e1gnak a lap k\u00e9r\u00e9s\u00e9re k\u00e9sz\u00edtett adatgy\u0171jt\u00e9se szerint 43 881 ukr\u00e1n rendelkezik munkav\u00e1llal\u00e1si c\u00e9l\u00fa tart\u00f3zkod\u00e1si enged\u00e9llyel, az Eur\u00f3pai Uni\u00f3n","twitter:image":"https:\/\/allasorias.hu\/hirek\/wp-content\/uploads\/2019\/04\/active-adults-bars-583392-1.jpg","twitter:label1":"Written by","twitter:data1":"Juh\u00e1sz P\u00e9ter","twitter:label2":"Est. reading time","twitter:data2":"2 minutes"},"aioseo_meta_data":{"post_id":"3462","title":null,"description":null,"keywords":null,"keyphrases":null,"primary_term":null,"canonical_url":null,"og_title":null,"og_description":null,"og_object_type":"default","og_image_type":"default","og_image_url":null,"og_image_width":null,"og_image_height":null,"og_image_custom_url":null,"og_image_custom_fields":null,"og_video":null,"og_custom_url":null,"og_article_section":null,"og_article_tags":null,"twitter_use_og":false,"twitter_card":"default","twitter_image_type":"default","twitter_image_url":null,"twitter_image_custom_url":null,"twitter_image_custom_fields":null,"twitter_title":null,"twitter_description":null,"schema":{"blockGraphs":[],"customGraphs":[],"default":{"data":{"Article":[],"Course":[],"Dataset":[],"FAQPage":[],"Movie":[],"Person":[],"Product":[],"ProductReview":[],"Car":[],"Recipe":[],"Service":[],"SoftwareApplication":[],"WebPage":[]},"graphName":"","isEnabled":true},"graphs":[],"defaultGraph":"","defaultPostTypeGraph":""},"schema_type":null,"schema_type_options":null,"pillar_content":false,"robots_default":true,"robots_noindex":false,"robots_noarchive":false,"robots_nosnippet":false,"robots_nofollow":false,"robots_noimageindex":false,"robots_noodp":false,"robots_notranslate":false,"robots_max_snippet":null,"robots_max_videopreview":null,"robots_max_imagepreview":"large","priority":null,"frequency":null,"location":null,"local_seo":null,"breadcrumb_settings":null,"limit_modified_date":false,"ai":null,"created":"2021-02-01 22:56:23","updated":"2025-10-02 12:10:38","seo_analyzer_scan_date":null,"focus_keyword":null,"additional_keywords":null,"truseo_locale":null},"aioseo_breadcrumb":"<div class=\"aioseo-breadcrumbs\"><span class=\"aioseo-breadcrumb\">\n\t\t\t<a href=\"https:\/\/allasorias.hu\/hirek\" title=\"Home\">Home<\/a>\n\t\t<\/span><span class=\"aioseo-breadcrumb-separator\">&raquo;<\/span><span class=\"aioseo-breadcrumb\">\n\t\t\t<a href=\"https:\/\/allasorias.hu\/hirek\/temak\/munkaeropiac\/\" title=\"Munkaer\u0151piac\">Munkaer\u0151piac<\/a>\n\t\t<\/span><span class=\"aioseo-breadcrumb-separator\">&raquo;<\/span><span class=\"aioseo-breadcrumb\">\n\t\t\tM\u00e9g mindig sok vend\u00e9gmunk\u00e1ssal sz\u00e1molnak magyarorsz\u00e1gon\n\t\t<\/span><\/div>","aioseo_breadcrumb_json":[{"label":"Home","link":"https:\/\/allasorias.hu\/hirek"},{"label":"Munkaer\u0151piac","link":"https:\/\/allasorias.hu\/hirek\/temak\/munkaeropiac\/"},{"label":"M\u00e9g mindig sok vend\u00e9gmunk\u00e1ssal sz\u00e1molnak magyarorsz\u00e1gon","link":"https:\/\/allasorias.hu\/hirek\/meg-mindig-sok-vendegmunkassal-szamolnak-magyarorszagon\/"}],"_links":{"self":[{"href":"https:\/\/allasorias.hu\/hirek\/wp-json\/wp\/v2\/posts\/3462","targetHints":{"allow":["GET"]}}],"collection":[{"href":"https:\/\/allasorias.hu\/hirek\/wp-json\/wp\/v2\/posts"}],"about":[{"href":"https:\/\/allasorias.hu\/hirek\/wp-json\/wp\/v2\/types\/post"}],"author":[{"embeddable":true,"href":"https:\/\/allasorias.hu\/hirek\/wp-json\/wp\/v2\/users\/1"}],"replies":[{"embeddable":true,"href":"https:\/\/allasorias.hu\/hirek\/wp-json\/wp\/v2\/comments?post=3462"}],"version-history":[{"count":1,"href":"https:\/\/allasorias.hu\/hirek\/wp-json\/wp\/v2\/posts\/3462\/revisions"}],"predecessor-version":[{"id":3463,"href":"https:\/\/allasorias.hu\/hirek\/wp-json\/wp\/v2\/posts\/3462\/revisions\/3463"}],"wp:featuredmedia":[{"embeddable":true,"href":"https:\/\/allasorias.hu\/hirek\/wp-json\/wp\/v2\/media\/2735"}],"wp:attachment":[{"href":"https:\/\/allasorias.hu\/hirek\/wp-json\/wp\/v2\/media?parent=3462"}],"wp:term":[{"taxonomy":"category","embeddable":true,"href":"https:\/\/allasorias.hu\/hirek\/wp-json\/wp\/v2\/categories?post=3462"},{"taxonomy":"post_tag","embeddable":true,"href":"https:\/\/allasorias.hu\/hirek\/wp-json\/wp\/v2\/tags?post=3462"}],"curies":[{"name":"wp","href":"https:\/\/api.w.org\/{rel}","templated":true}]}}