{"id":3460,"date":"2019-11-06T10:05:21","date_gmt":"2019-11-06T10:05:21","guid":{"rendered":"https:\/\/allasorias.hu\/hirek\/?p=3460"},"modified":"2019-11-06T10:09:29","modified_gmt":"2019-11-06T10:09:29","slug":"tobb-millios-fizetesek-is-elofordulnak","status":"publish","type":"post","link":"https:\/\/allasorias.hu\/hirek\/tobb-millios-fizetesek-is-elofordulnak\/","title":{"rendered":"T\u00f6bb milli\u00f3s fizet\u00e9sek is el\u0151fordulnak"},"content":{"rendered":"<p><strong>A j\u00f6v\u0151ben egyre ink\u00e1bb harcolnak majd a c\u00e9gek a j\u00f3 munkaer\u0151\u00e9rt. A helyzetet s\u00falyosb\u00edtj\u00e1k a kedvez\u0151tlen demogr\u00e1fiai tendenci\u00e1k. A k\u00f6vetkez\u0151 3 \u00e9vben p\u00e9ld\u00e1ul 150 ezer f\u0151vel t\u00f6bben mennek majd nyugd\u00edjba, mint ah\u00e1nyan munk\u00e1ba \u00e1llnak. A j\u00f6v\u0151ben is folytat\u00f3dhat a l\u00e1tv\u00e1nyos b\u00e9remelked\u00e9s.<\/strong><\/p>\n<p>Egy kereskedelmi vagy p\u00e9nz\u00fcgyi igazgat\u00f3 p\u00e9ld\u00e1ul m\u00e1r 2-2,5 milli\u00f3 forintos brutt\u00f3 fizet\u00e9ssel t\u00e9r haza. A hazai munkaer\u0151piaci helyzetr\u0151l Baja S\u00e1ndor a Randstad Hungary \u00fcgyvezet\u0151 igazgat\u00f3ja szerint az egy\u00e9rtelm\u0171en l\u00e1that\u00f3, hogy Magyarorsz\u00e1gon n\u0151nek a b\u00e9rek. A dinamikus gazdas\u00e1gi b\u0151v\u00fcl\u00e9s \u00e9s a munkaer\u0151hi\u00e1ny mellett a b\u00e9remelked\u00e9st az is t\u00e1mogatja, hogy a korm\u00e1ny j\u00faliust\u00f3l 2 sz\u00e1zal\u00e9kponttal m\u00e9rs\u00e9kelte a munk\u00e1ltat\u00f3i j\u00e1rul\u00e9kokat. Ezt a t\u00f6bbletet a v\u00e1llalatok nagy r\u00e9sze ugyan id\u00e9n m\u00e9g nem adta oda a munkav\u00e1llal\u00f3knak, de a j\u00f6v\u0151 \u00e9vi b\u00e9remel\u00e9sekbe fokozatosan be\u00e9p\u00fclhet. Az als\u00f3bb kateg\u00f3ri\u00e1kban \u2013 k\u00fcl\u00f6n\u00f6s tekintettel a k\u00e9kgall\u00e9ros, fizikai munkav\u00e1llal\u00f3kra \u2013 id\u00e9n 10 \u00e9s 20 sz\u00e1zal\u00e9k k\u00f6z\u00f6tti a b\u00e9remelked\u00e9st l\u00e1tunk. A fels\u0151bb kateg\u00f3ri\u00e1kban a menedzseri fizet\u00e9sek ugyanakkor legfeljebb 5 sz\u00e1zal\u00e9kkal n\u0151nek. A p\u00e1lyakezd\u0151k \u00e9s az \u00e9rtelmis\u00e9gi poz\u00edci\u00f3k eset\u00e9ben pedig 5 \u00e9s 10 sz\u00e1zal\u00e9k k\u00f6z\u00f6tti b\u00e9remelked\u00e9s tapasztalhat\u00f3 orsz\u00e1gos szinten, de hatalmas elt\u00e9r\u00e9sek vannak Budapest \u00e9s az egyes r\u00e9gi\u00f3k k\u00f6z\u00f6tt. Az IT-szektorban a folyamatos szakember-k\u00e9pz\u00e9sek ellen\u00e9re tov\u00e1bbra is \u00e1tlag felett n\u0151nek a fizet\u00e9sek. A m\u00e9rn\u00f6ki poz\u00edci\u00f3k tekintet\u00e9ben szint\u00e9n az \u00e1tlagot meghalad\u00f3 volt a b\u00e9remelked\u00e9s. Jelenleg nagy k\u00e9rd\u00e9s, hogy a n\u00e9met aut\u00f3ipar sz\u0171k\u00fcl\u00e9se mennyire veti vissza a feldolgoz\u00f3ipari szegmenst. Nagy visszaes\u00e9sre azonban nem sz\u00e1m\u00edtunk a m\u00e9rn\u00f6ki ter\u00fcleten, ugyanis tov\u00e1bbra is hatalmas a hi\u00e1ny a m\u00e9rn\u00f6ki v\u00e9gzetts\u00e9ggel rendelkez\u0151kb\u0151l. A pedag\u00f3gusok tekintet\u00e9ben is \u00e9rz\u0151dik a munkaer\u0151hi\u00e1ny. Eset\u00fckben a helyzetet s\u00falyosb\u00edtja, hogy jellemz\u0151en m\u00e9g mindig garant\u00e1lt b\u00e9rminimum k\u00f6zel\u00e9ben, 190 000 forint\u00e9rt pr\u00f3b\u00e1lnak az iskol\u00e1k tan\u00e1rokat felvenni \u00e9s alkalmazni. El\u0151re tekintve, az elk\u00f6vetkezend\u0151 \u00e9vekben folytat\u00f3dnia kell a dinamikus b\u00e9remelked\u00e9snek, mivel egyre kevesebb ember l\u00e9p be a piacra, azaz a c\u00e9gek harcolni fognak a dolgoz\u00f3k\u00e9rt. Forr\u00e1s: novekedes.hu<\/p>\n","protected":false},"excerpt":{"rendered":"<p>A j\u00f6v\u0151ben egyre ink\u00e1bb harcolnak majd a c\u00e9gek a j\u00f3 munkaer\u0151\u00e9rt. A helyzetet s\u00falyosb\u00edtj\u00e1k a kedvez\u0151tlen demogr\u00e1fiai tendenci\u00e1k. A k\u00f6vetkez\u0151 3 \u00e9vben p\u00e9ld\u00e1ul 150 ezer f\u0151vel t\u00f6bben mennek majd nyugd\u00edjba, mint ah\u00e1nyan munk\u00e1ba \u00e1llnak. A j\u00f6v\u0151ben is folytat\u00f3dhat a l\u00e1tv\u00e1nyos b\u00e9remelked\u00e9s. Egy kereskedelmi vagy p\u00e9nz\u00fcgyi igazgat\u00f3 p\u00e9ld\u00e1ul m\u00e1r 2-2,5 milli\u00f3 forintos brutt\u00f3 fizet\u00e9ssel t\u00e9r haza. [&hellip;]<\/p>\n","protected":false},"author":1,"featured_media":1995,"comment_status":"open","ping_status":"open","sticky":false,"template":"","format":"standard","meta":{"_monsterinsights_skip_tracking":false,"footnotes":""},"categories":[198,200],"tags":[],"class_list":["post-3460","post","type-post","status-publish","format-standard","has-post-thumbnail","hentry","category-gazdasag","category-munkaeropiac"],"aioseo_notices":[],"aioseo_head":"\n\t\t<!-- All in One SEO 5.0.0.1 - aioseo.com -->\n\t<meta name=\"description\" content=\"A j\u00f6v\u0151ben egyre ink\u00e1bb harcolnak majd a c\u00e9gek a j\u00f3 munkaer\u0151\u00e9rt. A helyzetet s\u00falyosb\u00edtj\u00e1k a kedvez\u0151tlen demogr\u00e1fiai tendenci\u00e1k. A k\u00f6vetkez\u0151 3 \u00e9vben p\u00e9ld\u00e1ul 150 ezer f\u0151vel t\u00f6bben mennek majd nyugd\u00edjba, mint ah\u00e1nyan munk\u00e1ba \u00e1llnak. A j\u00f6v\u0151ben is folytat\u00f3dhat a l\u00e1tv\u00e1nyos b\u00e9remelked\u00e9s. Egy kereskedelmi vagy p\u00e9nz\u00fcgyi igazgat\u00f3 p\u00e9ld\u00e1ul m\u00e1r 2-2,5 milli\u00f3 forintos brutt\u00f3 fizet\u00e9ssel t\u00e9r haza.\" \/>\n\t<meta name=\"robots\" content=\"max-image-preview:large\" \/>\n\t<meta name=\"author\" content=\"Juh\u00e1sz P\u00e9ter\"\/>\n\t<link rel=\"canonical\" href=\"https:\/\/allasorias.hu\/hirek\/tobb-millios-fizetesek-is-elofordulnak\/\" \/>\n\t<meta name=\"generator\" content=\"All in One SEO (AIOSEO) 5.0.0.1\" \/>\n\t\t<meta property=\"og:locale\" content=\"hu_HU\" \/>\n\t\t<meta property=\"og:site_name\" content=\"AllasOrias.hu | H\u00edrek-lapszemle | \u00dczleti h\u00edrek az \u00e1ll\u00e1s \u00e9s a munka vil\u00e1g\u00e1b\u00f3l\" \/>\n\t\t<meta property=\"og:type\" content=\"article\" \/>\n\t\t<meta property=\"og:title\" content=\"T\u00f6bb milli\u00f3s fizet\u00e9sek is el\u0151fordulnak | AllasOrias.hu | H\u00edrek-lapszemle\" \/>\n\t\t<meta property=\"og:description\" content=\"A j\u00f6v\u0151ben egyre ink\u00e1bb harcolnak majd a c\u00e9gek a j\u00f3 munkaer\u0151\u00e9rt. A helyzetet s\u00falyosb\u00edtj\u00e1k a kedvez\u0151tlen demogr\u00e1fiai tendenci\u00e1k. A k\u00f6vetkez\u0151 3 \u00e9vben p\u00e9ld\u00e1ul 150 ezer f\u0151vel t\u00f6bben mennek majd nyugd\u00edjba, mint ah\u00e1nyan munk\u00e1ba \u00e1llnak. A j\u00f6v\u0151ben is folytat\u00f3dhat a l\u00e1tv\u00e1nyos b\u00e9remelked\u00e9s. Egy kereskedelmi vagy p\u00e9nz\u00fcgyi igazgat\u00f3 p\u00e9ld\u00e1ul m\u00e1r 2-2,5 milli\u00f3 forintos brutt\u00f3 fizet\u00e9ssel t\u00e9r haza.\" \/>\n\t\t<meta property=\"og:url\" content=\"https:\/\/allasorias.hu\/hirek\/tobb-millios-fizetesek-is-elofordulnak\/\" \/>\n\t\t<meta property=\"og:image\" content=\"https:\/\/allasorias.hu\/hirek\/wp-content\/uploads\/2018\/10\/15014436215161_67153252_db.jpg\" \/>\n\t\t<meta property=\"og:image:secure_url\" content=\"https:\/\/allasorias.hu\/hirek\/wp-content\/uploads\/2018\/10\/15014436215161_67153252_db.jpg\" \/>\n\t\t<meta property=\"og:image:width\" content=\"640\" \/>\n\t\t<meta property=\"og:image:height\" content=\"368\" \/>\n\t\t<meta property=\"article:published_time\" content=\"2019-11-06T10:05:21+00:00\" \/>\n\t\t<meta property=\"article:modified_time\" content=\"2019-11-06T10:09:29+00:00\" \/>\n\t\t<meta property=\"article:publisher\" content=\"https:\/\/www.facebook.com\/allasorias\" \/>\n\t\t<meta name=\"twitter:card\" content=\"summary_large_image\" \/>\n\t\t<meta name=\"twitter:title\" content=\"T\u00f6bb milli\u00f3s fizet\u00e9sek is el\u0151fordulnak | AllasOrias.hu | H\u00edrek-lapszemle\" \/>\n\t\t<meta name=\"twitter:description\" content=\"A j\u00f6v\u0151ben egyre ink\u00e1bb harcolnak majd a c\u00e9gek a j\u00f3 munkaer\u0151\u00e9rt. A helyzetet s\u00falyosb\u00edtj\u00e1k a kedvez\u0151tlen demogr\u00e1fiai tendenci\u00e1k. A k\u00f6vetkez\u0151 3 \u00e9vben p\u00e9ld\u00e1ul 150 ezer f\u0151vel t\u00f6bben mennek majd nyugd\u00edjba, mint ah\u00e1nyan munk\u00e1ba \u00e1llnak. A j\u00f6v\u0151ben is folytat\u00f3dhat a l\u00e1tv\u00e1nyos b\u00e9remelked\u00e9s. Egy kereskedelmi vagy p\u00e9nz\u00fcgyi igazgat\u00f3 p\u00e9ld\u00e1ul m\u00e1r 2-2,5 milli\u00f3 forintos brutt\u00f3 fizet\u00e9ssel t\u00e9r haza.\" \/>\n\t\t<meta name=\"twitter:image\" content=\"https:\/\/allasorias.hu\/hirek\/wp-content\/uploads\/2018\/10\/15014436215161_67153252_db.jpg\" \/>\n\t\t<meta name=\"twitter:label1\" content=\"Written by\" \/>\n\t\t<meta name=\"twitter:data1\" content=\"Juh\u00e1sz P\u00e9ter\" \/>\n\t\t<meta name=\"twitter:label2\" content=\"Est. reading time\" \/>\n\t\t<meta name=\"twitter:data2\" content=\"2 minutes\" \/>\n\t\t<script type=\"application\/ld+json\" class=\"aioseo-schema\">\n\t\t\t{\"@context\":\"https:\\\/\\\/schema.org\",\"@graph\":[{\"@type\":\"Article\",\"@id\":\"https:\\\/\\\/allasorias.hu\\\/hirek\\\/tobb-millios-fizetesek-is-elofordulnak\\\/#article\",\"name\":\"T\\u00f6bb milli\\u00f3s fizet\\u00e9sek is el\\u0151fordulnak | AllasOrias.hu | H\\u00edrek-lapszemle\",\"headline\":\"T\\u00f6bb milli\\u00f3s fizet\\u00e9sek is el\\u0151fordulnak\",\"author\":{\"@id\":\"https:\\\/\\\/allasorias.hu\\\/hirek\\\/author\\\/admin-allasorias\\\/#author\"},\"publisher\":{\"@id\":\"https:\\\/\\\/allasorias.hu\\\/hirek\\\/#organization\"},\"image\":{\"@type\":\"ImageObject\",\"url\":\"https:\\\/\\\/allasorias.hu\\\/hirek\\\/wp-content\\\/uploads\\\/2018\\\/10\\\/15014436215161_67153252_db.jpg\",\"width\":640,\"height\":368},\"datePublished\":\"2019-11-06T10:05:21+02:00\",\"dateModified\":\"2019-11-06T10:09:29+02:00\",\"inLanguage\":\"hu-HU\",\"mainEntityOfPage\":{\"@id\":\"https:\\\/\\\/allasorias.hu\\\/hirek\\\/tobb-millios-fizetesek-is-elofordulnak\\\/#webpage\"},\"isPartOf\":{\"@id\":\"https:\\\/\\\/allasorias.hu\\\/hirek\\\/tobb-millios-fizetesek-is-elofordulnak\\\/#webpage\"},\"articleSection\":\"Gazdas\\u00e1g, Munkaer\\u0151piac\"},{\"@type\":\"BreadcrumbList\",\"@id\":\"https:\\\/\\\/allasorias.hu\\\/hirek\\\/tobb-millios-fizetesek-is-elofordulnak\\\/#breadcrumblist\",\"itemListElement\":[{\"@type\":\"ListItem\",\"@id\":\"https:\\\/\\\/allasorias.hu\\\/hirek#listItem\",\"position\":1,\"name\":\"Home\",\"item\":\"https:\\\/\\\/allasorias.hu\\\/hirek\",\"nextItem\":{\"@type\":\"ListItem\",\"@id\":\"https:\\\/\\\/allasorias.hu\\\/hirek\\\/temak\\\/gazdasag\\\/#listItem\",\"name\":\"Gazdas\\u00e1g\"}},{\"@type\":\"ListItem\",\"@id\":\"https:\\\/\\\/allasorias.hu\\\/hirek\\\/temak\\\/gazdasag\\\/#listItem\",\"position\":2,\"name\":\"Gazdas\\u00e1g\",\"item\":\"https:\\\/\\\/allasorias.hu\\\/hirek\\\/temak\\\/gazdasag\\\/\",\"nextItem\":{\"@type\":\"ListItem\",\"@id\":\"https:\\\/\\\/allasorias.hu\\\/hirek\\\/tobb-millios-fizetesek-is-elofordulnak\\\/#listItem\",\"name\":\"T\\u00f6bb milli\\u00f3s fizet\\u00e9sek is el\\u0151fordulnak\"},\"previousItem\":{\"@type\":\"ListItem\",\"@id\":\"https:\\\/\\\/allasorias.hu\\\/hirek#listItem\",\"name\":\"Home\"}},{\"@type\":\"ListItem\",\"@id\":\"https:\\\/\\\/allasorias.hu\\\/hirek\\\/tobb-millios-fizetesek-is-elofordulnak\\\/#listItem\",\"position\":3,\"name\":\"T\\u00f6bb milli\\u00f3s fizet\\u00e9sek is el\\u0151fordulnak\",\"previousItem\":{\"@type\":\"ListItem\",\"@id\":\"https:\\\/\\\/allasorias.hu\\\/hirek\\\/temak\\\/gazdasag\\\/#listItem\",\"name\":\"Gazdas\\u00e1g\"}}]},{\"@type\":\"Organization\",\"@id\":\"https:\\\/\\\/allasorias.hu\\\/hirek\\\/#organization\",\"name\":\"AllasOrias.hu | H\\u00edrek-lapszemle\",\"description\":\"\\u00dczleti h\\u00edrek az \\u00e1ll\\u00e1s \\u00e9s a munka vil\\u00e1g\\u00e1b\\u00f3l\",\"url\":\"https:\\\/\\\/allasorias.hu\\\/hirek\\\/\",\"logo\":{\"@type\":\"ImageObject\",\"url\":\"https:\\\/\\\/allasorias.hu\\\/hirek\\\/wp-content\\\/uploads\\\/2022\\\/10\\\/allasorias_site_facebok_logo.png\",\"@id\":\"https:\\\/\\\/allasorias.hu\\\/hirek\\\/tobb-millios-fizetesek-is-elofordulnak\\\/#organizationLogo\"},\"image\":{\"@id\":\"https:\\\/\\\/allasorias.hu\\\/hirek\\\/tobb-millios-fizetesek-is-elofordulnak\\\/#organizationLogo\"},\"sameAs\":[\"https:\\\/\\\/www.facebook.com\\\/allasorias\",\"https:\\\/\\\/www.linkedin.com\\\/company\\\/allasorias\"]},{\"@type\":\"Person\",\"@id\":\"https:\\\/\\\/allasorias.hu\\\/hirek\\\/author\\\/admin-allasorias\\\/#author\",\"url\":\"https:\\\/\\\/allasorias.hu\\\/hirek\\\/author\\\/admin-allasorias\\\/\",\"name\":\"Juh\\u00e1sz P\\u00e9ter\",\"image\":{\"@type\":\"ImageObject\",\"@id\":\"https:\\\/\\\/allasorias.hu\\\/hirek\\\/tobb-millios-fizetesek-is-elofordulnak\\\/#authorImage\",\"url\":\"https:\\\/\\\/secure.gravatar.com\\\/avatar\\\/36e6bcb83148978b992977cb0f54d22feb0cce8a0a849a9410532bb2623ba4c6?s=96&d=mm&r=g\",\"width\":96,\"height\":96,\"caption\":\"Juh\\u00e1sz P\\u00e9ter\"}},{\"@type\":\"WebPage\",\"@id\":\"https:\\\/\\\/allasorias.hu\\\/hirek\\\/tobb-millios-fizetesek-is-elofordulnak\\\/#webpage\",\"url\":\"https:\\\/\\\/allasorias.hu\\\/hirek\\\/tobb-millios-fizetesek-is-elofordulnak\\\/\",\"name\":\"T\\u00f6bb milli\\u00f3s fizet\\u00e9sek is el\\u0151fordulnak | AllasOrias.hu | H\\u00edrek-lapszemle\",\"description\":\"A j\\u00f6v\\u0151ben egyre ink\\u00e1bb harcolnak majd a c\\u00e9gek a j\\u00f3 munkaer\\u0151\\u00e9rt. A helyzetet s\\u00falyosb\\u00edtj\\u00e1k a kedvez\\u0151tlen demogr\\u00e1fiai tendenci\\u00e1k. A k\\u00f6vetkez\\u0151 3 \\u00e9vben p\\u00e9ld\\u00e1ul 150 ezer f\\u0151vel t\\u00f6bben mennek majd nyugd\\u00edjba, mint ah\\u00e1nyan munk\\u00e1ba \\u00e1llnak. A j\\u00f6v\\u0151ben is folytat\\u00f3dhat a l\\u00e1tv\\u00e1nyos b\\u00e9remelked\\u00e9s. Egy kereskedelmi vagy p\\u00e9nz\\u00fcgyi igazgat\\u00f3 p\\u00e9ld\\u00e1ul m\\u00e1r 2-2,5 milli\\u00f3 forintos brutt\\u00f3 fizet\\u00e9ssel t\\u00e9r haza.\",\"inLanguage\":\"hu-HU\",\"isPartOf\":{\"@id\":\"https:\\\/\\\/allasorias.hu\\\/hirek\\\/#website\"},\"breadcrumb\":{\"@id\":\"https:\\\/\\\/allasorias.hu\\\/hirek\\\/tobb-millios-fizetesek-is-elofordulnak\\\/#breadcrumblist\"},\"author\":{\"@id\":\"https:\\\/\\\/allasorias.hu\\\/hirek\\\/author\\\/admin-allasorias\\\/#author\"},\"creator\":{\"@id\":\"https:\\\/\\\/allasorias.hu\\\/hirek\\\/author\\\/admin-allasorias\\\/#author\"},\"image\":{\"@type\":\"ImageObject\",\"url\":\"https:\\\/\\\/allasorias.hu\\\/hirek\\\/wp-content\\\/uploads\\\/2018\\\/10\\\/15014436215161_67153252_db.jpg\",\"@id\":\"https:\\\/\\\/allasorias.hu\\\/hirek\\\/tobb-millios-fizetesek-is-elofordulnak\\\/#mainImage\",\"width\":640,\"height\":368},\"primaryImageOfPage\":{\"@id\":\"https:\\\/\\\/allasorias.hu\\\/hirek\\\/tobb-millios-fizetesek-is-elofordulnak\\\/#mainImage\"},\"datePublished\":\"2019-11-06T10:05:21+02:00\",\"dateModified\":\"2019-11-06T10:09:29+02:00\"},{\"@type\":\"WebSite\",\"@id\":\"https:\\\/\\\/allasorias.hu\\\/hirek\\\/#website\",\"url\":\"https:\\\/\\\/allasorias.hu\\\/hirek\\\/\",\"name\":\"AllasOrias.hu | H\\u00edrek-lapszemle\",\"description\":\"\\u00dczleti h\\u00edrek az \\u00e1ll\\u00e1s \\u00e9s a munka vil\\u00e1g\\u00e1b\\u00f3l\",\"inLanguage\":\"hu-HU\",\"publisher\":{\"@id\":\"https:\\\/\\\/allasorias.hu\\\/hirek\\\/#organization\"}}]}\n\t\t<\/script>\n\t\t<!-- All in One SEO -->\n\n","aioseo_head_json":{"title":"T\u00f6bb milli\u00f3s fizet\u00e9sek is el\u0151fordulnak | AllasOrias.hu | H\u00edrek-lapszemle","description":"A j\u00f6v\u0151ben egyre ink\u00e1bb harcolnak majd a c\u00e9gek a j\u00f3 munkaer\u0151\u00e9rt. A helyzetet s\u00falyosb\u00edtj\u00e1k a kedvez\u0151tlen demogr\u00e1fiai tendenci\u00e1k. A k\u00f6vetkez\u0151 3 \u00e9vben p\u00e9ld\u00e1ul 150 ezer f\u0151vel t\u00f6bben mennek majd nyugd\u00edjba, mint ah\u00e1nyan munk\u00e1ba \u00e1llnak. A j\u00f6v\u0151ben is folytat\u00f3dhat a l\u00e1tv\u00e1nyos b\u00e9remelked\u00e9s. Egy kereskedelmi vagy p\u00e9nz\u00fcgyi igazgat\u00f3 p\u00e9ld\u00e1ul m\u00e1r 2-2,5 milli\u00f3 forintos brutt\u00f3 fizet\u00e9ssel t\u00e9r haza.","canonical_url":"https:\/\/allasorias.hu\/hirek\/tobb-millios-fizetesek-is-elofordulnak\/","robots":"max-image-preview:large","keywords":"","webmasterTools":{"miscellaneous":""},"schema":{"@context":"https:\/\/schema.org","@graph":[{"@type":"Article","@id":"https:\/\/allasorias.hu\/hirek\/tobb-millios-fizetesek-is-elofordulnak\/#article","name":"T\u00f6bb milli\u00f3s fizet\u00e9sek is el\u0151fordulnak | AllasOrias.hu | H\u00edrek-lapszemle","headline":"T\u00f6bb milli\u00f3s fizet\u00e9sek is el\u0151fordulnak","author":{"@id":"https:\/\/allasorias.hu\/hirek\/author\/admin-allasorias\/#author"},"publisher":{"@id":"https:\/\/allasorias.hu\/hirek\/#organization"},"image":{"@type":"ImageObject","url":"https:\/\/allasorias.hu\/hirek\/wp-content\/uploads\/2018\/10\/15014436215161_67153252_db.jpg","width":640,"height":368},"datePublished":"2019-11-06T10:05:21+02:00","dateModified":"2019-11-06T10:09:29+02:00","inLanguage":"hu-HU","mainEntityOfPage":{"@id":"https:\/\/allasorias.hu\/hirek\/tobb-millios-fizetesek-is-elofordulnak\/#webpage"},"isPartOf":{"@id":"https:\/\/allasorias.hu\/hirek\/tobb-millios-fizetesek-is-elofordulnak\/#webpage"},"articleSection":"Gazdas\u00e1g, Munkaer\u0151piac"},{"@type":"BreadcrumbList","@id":"https:\/\/allasorias.hu\/hirek\/tobb-millios-fizetesek-is-elofordulnak\/#breadcrumblist","itemListElement":[{"@type":"ListItem","@id":"https:\/\/allasorias.hu\/hirek#listItem","position":1,"name":"Home","item":"https:\/\/allasorias.hu\/hirek","nextItem":{"@type":"ListItem","@id":"https:\/\/allasorias.hu\/hirek\/temak\/gazdasag\/#listItem","name":"Gazdas\u00e1g"}},{"@type":"ListItem","@id":"https:\/\/allasorias.hu\/hirek\/temak\/gazdasag\/#listItem","position":2,"name":"Gazdas\u00e1g","item":"https:\/\/allasorias.hu\/hirek\/temak\/gazdasag\/","nextItem":{"@type":"ListItem","@id":"https:\/\/allasorias.hu\/hirek\/tobb-millios-fizetesek-is-elofordulnak\/#listItem","name":"T\u00f6bb milli\u00f3s fizet\u00e9sek is el\u0151fordulnak"},"previousItem":{"@type":"ListItem","@id":"https:\/\/allasorias.hu\/hirek#listItem","name":"Home"}},{"@type":"ListItem","@id":"https:\/\/allasorias.hu\/hirek\/tobb-millios-fizetesek-is-elofordulnak\/#listItem","position":3,"name":"T\u00f6bb milli\u00f3s fizet\u00e9sek is el\u0151fordulnak","previousItem":{"@type":"ListItem","@id":"https:\/\/allasorias.hu\/hirek\/temak\/gazdasag\/#listItem","name":"Gazdas\u00e1g"}}]},{"@type":"Organization","@id":"https:\/\/allasorias.hu\/hirek\/#organization","name":"AllasOrias.hu | H\u00edrek-lapszemle","description":"\u00dczleti h\u00edrek az \u00e1ll\u00e1s \u00e9s a munka vil\u00e1g\u00e1b\u00f3l","url":"https:\/\/allasorias.hu\/hirek\/","logo":{"@type":"ImageObject","url":"https:\/\/allasorias.hu\/hirek\/wp-content\/uploads\/2022\/10\/allasorias_site_facebok_logo.png","@id":"https:\/\/allasorias.hu\/hirek\/tobb-millios-fizetesek-is-elofordulnak\/#organizationLogo"},"image":{"@id":"https:\/\/allasorias.hu\/hirek\/tobb-millios-fizetesek-is-elofordulnak\/#organizationLogo"},"sameAs":["https:\/\/www.facebook.com\/allasorias","https:\/\/www.linkedin.com\/company\/allasorias"]},{"@type":"Person","@id":"https:\/\/allasorias.hu\/hirek\/author\/admin-allasorias\/#author","url":"https:\/\/allasorias.hu\/hirek\/author\/admin-allasorias\/","name":"Juh\u00e1sz P\u00e9ter","image":{"@type":"ImageObject","@id":"https:\/\/allasorias.hu\/hirek\/tobb-millios-fizetesek-is-elofordulnak\/#authorImage","url":"https:\/\/secure.gravatar.com\/avatar\/36e6bcb83148978b992977cb0f54d22feb0cce8a0a849a9410532bb2623ba4c6?s=96&d=mm&r=g","width":96,"height":96,"caption":"Juh\u00e1sz P\u00e9ter"}},{"@type":"WebPage","@id":"https:\/\/allasorias.hu\/hirek\/tobb-millios-fizetesek-is-elofordulnak\/#webpage","url":"https:\/\/allasorias.hu\/hirek\/tobb-millios-fizetesek-is-elofordulnak\/","name":"T\u00f6bb milli\u00f3s fizet\u00e9sek is el\u0151fordulnak | AllasOrias.hu | H\u00edrek-lapszemle","description":"A j\u00f6v\u0151ben egyre ink\u00e1bb harcolnak majd a c\u00e9gek a j\u00f3 munkaer\u0151\u00e9rt. A helyzetet s\u00falyosb\u00edtj\u00e1k a kedvez\u0151tlen demogr\u00e1fiai tendenci\u00e1k. A k\u00f6vetkez\u0151 3 \u00e9vben p\u00e9ld\u00e1ul 150 ezer f\u0151vel t\u00f6bben mennek majd nyugd\u00edjba, mint ah\u00e1nyan munk\u00e1ba \u00e1llnak. A j\u00f6v\u0151ben is folytat\u00f3dhat a l\u00e1tv\u00e1nyos b\u00e9remelked\u00e9s. Egy kereskedelmi vagy p\u00e9nz\u00fcgyi igazgat\u00f3 p\u00e9ld\u00e1ul m\u00e1r 2-2,5 milli\u00f3 forintos brutt\u00f3 fizet\u00e9ssel t\u00e9r haza.","inLanguage":"hu-HU","isPartOf":{"@id":"https:\/\/allasorias.hu\/hirek\/#website"},"breadcrumb":{"@id":"https:\/\/allasorias.hu\/hirek\/tobb-millios-fizetesek-is-elofordulnak\/#breadcrumblist"},"author":{"@id":"https:\/\/allasorias.hu\/hirek\/author\/admin-allasorias\/#author"},"creator":{"@id":"https:\/\/allasorias.hu\/hirek\/author\/admin-allasorias\/#author"},"image":{"@type":"ImageObject","url":"https:\/\/allasorias.hu\/hirek\/wp-content\/uploads\/2018\/10\/15014436215161_67153252_db.jpg","@id":"https:\/\/allasorias.hu\/hirek\/tobb-millios-fizetesek-is-elofordulnak\/#mainImage","width":640,"height":368},"primaryImageOfPage":{"@id":"https:\/\/allasorias.hu\/hirek\/tobb-millios-fizetesek-is-elofordulnak\/#mainImage"},"datePublished":"2019-11-06T10:05:21+02:00","dateModified":"2019-11-06T10:09:29+02:00"},{"@type":"WebSite","@id":"https:\/\/allasorias.hu\/hirek\/#website","url":"https:\/\/allasorias.hu\/hirek\/","name":"AllasOrias.hu | H\u00edrek-lapszemle","description":"\u00dczleti h\u00edrek az \u00e1ll\u00e1s \u00e9s a munka vil\u00e1g\u00e1b\u00f3l","inLanguage":"hu-HU","publisher":{"@id":"https:\/\/allasorias.hu\/hirek\/#organization"}}]},"og:locale":"hu_HU","og:site_name":"AllasOrias.hu | H\u00edrek-lapszemle | \u00dczleti h\u00edrek az \u00e1ll\u00e1s \u00e9s a munka vil\u00e1g\u00e1b\u00f3l","og:type":"article","og:title":"T\u00f6bb milli\u00f3s fizet\u00e9sek is el\u0151fordulnak | AllasOrias.hu | H\u00edrek-lapszemle","og:description":"A j\u00f6v\u0151ben egyre ink\u00e1bb harcolnak majd a c\u00e9gek a j\u00f3 munkaer\u0151\u00e9rt. A helyzetet s\u00falyosb\u00edtj\u00e1k a kedvez\u0151tlen demogr\u00e1fiai tendenci\u00e1k. A k\u00f6vetkez\u0151 3 \u00e9vben p\u00e9ld\u00e1ul 150 ezer f\u0151vel t\u00f6bben mennek majd nyugd\u00edjba, mint ah\u00e1nyan munk\u00e1ba \u00e1llnak. A j\u00f6v\u0151ben is folytat\u00f3dhat a l\u00e1tv\u00e1nyos b\u00e9remelked\u00e9s. Egy kereskedelmi vagy p\u00e9nz\u00fcgyi igazgat\u00f3 p\u00e9ld\u00e1ul m\u00e1r 2-2,5 milli\u00f3 forintos brutt\u00f3 fizet\u00e9ssel t\u00e9r haza.","og:url":"https:\/\/allasorias.hu\/hirek\/tobb-millios-fizetesek-is-elofordulnak\/","og:image":"https:\/\/allasorias.hu\/hirek\/wp-content\/uploads\/2018\/10\/15014436215161_67153252_db.jpg","og:image:secure_url":"https:\/\/allasorias.hu\/hirek\/wp-content\/uploads\/2018\/10\/15014436215161_67153252_db.jpg","og:image:width":640,"og:image:height":368,"article:published_time":"2019-11-06T10:05:21+00:00","article:modified_time":"2019-11-06T10:09:29+00:00","article:publisher":"https:\/\/www.facebook.com\/allasorias","twitter:card":"summary_large_image","twitter:title":"T\u00f6bb milli\u00f3s fizet\u00e9sek is el\u0151fordulnak | AllasOrias.hu | H\u00edrek-lapszemle","twitter:description":"A j\u00f6v\u0151ben egyre ink\u00e1bb harcolnak majd a c\u00e9gek a j\u00f3 munkaer\u0151\u00e9rt. A helyzetet s\u00falyosb\u00edtj\u00e1k a kedvez\u0151tlen demogr\u00e1fiai tendenci\u00e1k. A k\u00f6vetkez\u0151 3 \u00e9vben p\u00e9ld\u00e1ul 150 ezer f\u0151vel t\u00f6bben mennek majd nyugd\u00edjba, mint ah\u00e1nyan munk\u00e1ba \u00e1llnak. A j\u00f6v\u0151ben is folytat\u00f3dhat a l\u00e1tv\u00e1nyos b\u00e9remelked\u00e9s. Egy kereskedelmi vagy p\u00e9nz\u00fcgyi igazgat\u00f3 p\u00e9ld\u00e1ul m\u00e1r 2-2,5 milli\u00f3 forintos brutt\u00f3 fizet\u00e9ssel t\u00e9r haza.","twitter:image":"https:\/\/allasorias.hu\/hirek\/wp-content\/uploads\/2018\/10\/15014436215161_67153252_db.jpg","twitter:label1":"Written by","twitter:data1":"Juh\u00e1sz P\u00e9ter","twitter:label2":"Est. reading time","twitter:data2":"2 minutes"},"aioseo_meta_data":{"post_id":"3460","title":null,"description":null,"keywords":null,"keyphrases":null,"primary_term":null,"canonical_url":null,"og_title":null,"og_description":null,"og_object_type":"default","og_image_type":"default","og_image_url":null,"og_image_width":null,"og_image_height":null,"og_image_custom_url":null,"og_image_custom_fields":null,"og_video":null,"og_custom_url":null,"og_article_section":null,"og_article_tags":null,"twitter_use_og":false,"twitter_card":"default","twitter_image_type":"default","twitter_image_url":null,"twitter_image_custom_url":null,"twitter_image_custom_fields":null,"twitter_title":null,"twitter_description":null,"schema":{"blockGraphs":[],"customGraphs":[],"default":{"data":{"Article":[],"Course":[],"Dataset":[],"FAQPage":[],"Movie":[],"Person":[],"Product":[],"ProductReview":[],"Car":[],"Recipe":[],"Service":[],"SoftwareApplication":[],"WebPage":[]},"graphName":"","isEnabled":true},"graphs":[],"defaultGraph":"","defaultPostTypeGraph":""},"schema_type":null,"schema_type_options":null,"pillar_content":false,"robots_default":true,"robots_noindex":false,"robots_noarchive":false,"robots_nosnippet":false,"robots_nofollow":false,"robots_noimageindex":false,"robots_noodp":false,"robots_notranslate":false,"robots_max_snippet":null,"robots_max_videopreview":null,"robots_max_imagepreview":"large","priority":null,"frequency":null,"location":null,"local_seo":null,"breadcrumb_settings":null,"limit_modified_date":false,"ai":null,"created":"2021-02-01 22:56:23","updated":"2025-10-02 12:10:38","seo_analyzer_scan_date":null,"focus_keyword":null,"additional_keywords":null,"truseo_locale":null},"aioseo_breadcrumb":"<div class=\"aioseo-breadcrumbs\"><span class=\"aioseo-breadcrumb\">\n\t\t\t<a href=\"https:\/\/allasorias.hu\/hirek\" title=\"Home\">Home<\/a>\n\t\t<\/span><span class=\"aioseo-breadcrumb-separator\">&raquo;<\/span><span class=\"aioseo-breadcrumb\">\n\t\t\t<a href=\"https:\/\/allasorias.hu\/hirek\/temak\/gazdasag\/\" title=\"Gazdas\u00e1g\">Gazdas\u00e1g<\/a>\n\t\t<\/span><span class=\"aioseo-breadcrumb-separator\">&raquo;<\/span><span class=\"aioseo-breadcrumb\">\n\t\t\tT\u00f6bb milli\u00f3s fizet\u00e9sek is el\u0151fordulnak\n\t\t<\/span><\/div>","aioseo_breadcrumb_json":[{"label":"Home","link":"https:\/\/allasorias.hu\/hirek"},{"label":"Gazdas\u00e1g","link":"https:\/\/allasorias.hu\/hirek\/temak\/gazdasag\/"},{"label":"T\u00f6bb milli\u00f3s fizet\u00e9sek is el\u0151fordulnak","link":"https:\/\/allasorias.hu\/hirek\/tobb-millios-fizetesek-is-elofordulnak\/"}],"_links":{"self":[{"href":"https:\/\/allasorias.hu\/hirek\/wp-json\/wp\/v2\/posts\/3460","targetHints":{"allow":["GET"]}}],"collection":[{"href":"https:\/\/allasorias.hu\/hirek\/wp-json\/wp\/v2\/posts"}],"about":[{"href":"https:\/\/allasorias.hu\/hirek\/wp-json\/wp\/v2\/types\/post"}],"author":[{"embeddable":true,"href":"https:\/\/allasorias.hu\/hirek\/wp-json\/wp\/v2\/users\/1"}],"replies":[{"embeddable":true,"href":"https:\/\/allasorias.hu\/hirek\/wp-json\/wp\/v2\/comments?post=3460"}],"version-history":[{"count":1,"href":"https:\/\/allasorias.hu\/hirek\/wp-json\/wp\/v2\/posts\/3460\/revisions"}],"predecessor-version":[{"id":3461,"href":"https:\/\/allasorias.hu\/hirek\/wp-json\/wp\/v2\/posts\/3460\/revisions\/3461"}],"wp:featuredmedia":[{"embeddable":true,"href":"https:\/\/allasorias.hu\/hirek\/wp-json\/wp\/v2\/media\/1995"}],"wp:attachment":[{"href":"https:\/\/allasorias.hu\/hirek\/wp-json\/wp\/v2\/media?parent=3460"}],"wp:term":[{"taxonomy":"category","embeddable":true,"href":"https:\/\/allasorias.hu\/hirek\/wp-json\/wp\/v2\/categories?post=3460"},{"taxonomy":"post_tag","embeddable":true,"href":"https:\/\/allasorias.hu\/hirek\/wp-json\/wp\/v2\/tags?post=3460"}],"curies":[{"name":"wp","href":"https:\/\/api.w.org\/{rel}","templated":true}]}}