{"id":3456,"date":"2019-11-05T09:40:15","date_gmt":"2019-11-05T09:40:15","guid":{"rendered":"https:\/\/allasorias.hu\/hirek\/?p=3456"},"modified":"2019-11-05T10:22:01","modified_gmt":"2019-11-05T10:22:01","slug":"a-digitalizacio-a-kulcs-a-jovo-munkahelyehez","status":"publish","type":"post","link":"https:\/\/allasorias.hu\/hirek\/a-digitalizacio-a-kulcs-a-jovo-munkahelyehez\/","title":{"rendered":"A digitaliz\u00e1ci\u00f3 a kulcs a j\u00f6v\u0151 munkahely\u00e9hez"},"content":{"rendered":"<p><strong>Az \u00fczleti \u00e9s a HR strat\u00e9gia megval\u00f3s\u00edt\u00e1s\u00e1ban is egyre nagyobb szerepet j\u00e1tszanak a technol\u00f3giai megold\u00e1sok, a j\u00f6v\u0151 munkahely\u00e9nek kulcsa a digitaliz\u00e1ci\u00f3. Temesv\u00e1ri Zsolt, \u00a0a glob\u00e1lis ICT tan\u00e1csad\u00f3 \u00e9s rendszerintegr\u00e1tor hazai vezet\u0151je a \u00a0Getronics Magyarorsz\u00e1g kereskedelmi igazgat\u00f3ja elmondta: nyilv\u00e1nval\u00f3, hogy a digitaliz\u00e1ci\u00f3 a munkafolyamatokra jelent\u0151s hat\u00e1st gyakorol, \u00e9s ez a munkahelyi IT technol\u00f3gi\u00e1kra is igaz. A tehets\u00e9ges munkaer\u0151 megtart\u00e1sa ma m\u00e1r att\u00f3l is f\u00fcgg, milyen technol\u00f3gia \u00e1ll rendelkez\u00e9s\u00fcnkre. <\/strong><\/p>\n<p>M\u00edg az elm\u00falt \u00e9vtizedekben a munkaer\u0151nek kellett alkalmazkodnia az \u00faj technol\u00f3gi\u00e1hoz, ami a v\u00e1llalati IT ig\u00e9nyeket szolg\u00e1lta ki, ma a v\u00e1llalatoknak kell a technol\u00f3gi\u00e1val a munkaer\u0151 ig\u00e9nyeit k\u00f6vetni, igazodni hozz\u00e1. A Getronics progn\u00f3zisa szerint n\u00e9h\u00e1ny \u00e9ven bel\u00fcl a glob\u00e1lis munkaer\u0151 50 sz\u00e1zal\u00e9k\u00e1t az Y gener\u00e1ci\u00f3 tagjai adj\u00e1k majd; az adatok 40 sz\u00e1zal\u00e9ka felh\u0151 alap\u00fa lesz; az IoT pedig t\u00f6bb, mint 20 milli\u00e1rd eszk\u00f6zt kapcsol majd \u00f6ssze. A Getronics glob\u00e1lis ICT integr\u00e1tork\u00e9nt r\u00e1l\u00e1t\u00e1ssal rendelkezik a nemzetk\u00f6zi folyamatokra, \u00e9s elemz\u00e9seink szerint a j\u00f6v\u0151 munkahely\u00e9nek egyik legjellemz\u0151bb tulajdons\u00e1ga az lesz, s\u0151t r\u00e9szben m\u00e1r ma is az, hogy a munkav\u00e9gz\u00e9s nincs t\u00f6bb\u00e9 helyhez k\u00f6tve, hanem a munkahely gyakorlatilag b\u00e1rhol lehet, ahol \u00e9ppen tart\u00f3zkodunk. A v\u00e1llalatok versenyk\u00e9pess\u00e9g\u00e9nek egyik kulcsa teh\u00e1t a munkat\u00e1rsak mobilit\u00e1s\u00e1t biztos\u00edt\u00f3 technol\u00f3gi\u00e1k alkalmaz\u00e1sa. A j\u00f6v\u0151 munkahely\u00e9vel szemben t\u00e1masztott m\u00e1sik fontos elv\u00e1r\u00e1s a munkahelyi technol\u00f3gi\u00e1k \u00e1ltal k\u00edn\u00e1lt min\u0151s\u00e9gi felhaszn\u00e1l\u00f3i \u00e9lm\u00e9ny. A mai gener\u00e1ci\u00f3k mindennapi fogyaszt\u00f3k\u00e9nt m\u00e1r hozz\u00e1szoktak a digit\u00e1lis felhaszn\u00e1l\u00f3i \u00e9lm\u00e9ny magas szintj\u00e9hez, az egyszer\u0171, intuit\u00edv \u00e9s szem\u00e9lyre szabhat\u00f3 technol\u00f3gi\u00e1khoz. Ezt v\u00e1rj\u00e1k el nemcsak fogyaszt\u00f3k\u00e9nt, de dolgoz\u00f3k\u00e9nt is. Sok esetben a mukaer\u0151vonz\u00e1s \u00e9s -megtart\u00e1s ma m\u00e1r azon m\u00falik, hogy a v\u00e1llalatok \u00e1ltal alkalmazott technol\u00f3gi\u00e1k k\u00e9pesek-e az elv\u00e1rt felhaszn\u00e1l\u00f3i \u00e9lm\u00e9nyt ny\u00fajtani a dolgoz\u00f3k sz\u00e1m\u00e1ra. Igen, \u00e9s ennek tov\u00e1bbi \u00f6sszetev\u0151i is vannak, amin a technol\u00f3gia jav\u00edtani k\u00e9pes.<\/p>\n<p>Forr\u00e1s: privatbankar.hu<\/p>\n<p>&nbsp;<\/p>\n","protected":false},"excerpt":{"rendered":"<p>Az \u00fczleti \u00e9s a HR strat\u00e9gia megval\u00f3s\u00edt\u00e1s\u00e1ban is egyre nagyobb szerepet j\u00e1tszanak a technol\u00f3giai megold\u00e1sok, a j\u00f6v\u0151 munkahely\u00e9nek kulcsa a digitaliz\u00e1ci\u00f3. Temesv\u00e1ri Zsolt, \u00a0a glob\u00e1lis ICT tan\u00e1csad\u00f3 \u00e9s rendszerintegr\u00e1tor hazai vezet\u0151je a \u00a0Getronics Magyarorsz\u00e1g kereskedelmi igazgat\u00f3ja elmondta: nyilv\u00e1nval\u00f3, hogy a digitaliz\u00e1ci\u00f3 a munkafolyamatokra jelent\u0151s hat\u00e1st gyakorol, \u00e9s ez a munkahelyi IT technol\u00f3gi\u00e1kra is igaz. A [&hellip;]<\/p>\n","protected":false},"author":1,"featured_media":3457,"comment_status":"open","ping_status":"open","sticky":false,"template":"","format":"standard","meta":{"_monsterinsights_skip_tracking":false,"footnotes":""},"categories":[200],"tags":[],"class_list":["post-3456","post","type-post","status-publish","format-standard","has-post-thumbnail","hentry","category-munkaeropiac"],"aioseo_notices":[],"aioseo_head":"\n\t\t<!-- All in One SEO 5.0.0.1 - aioseo.com -->\n\t<meta name=\"description\" content=\"Az \u00fczleti \u00e9s a HR strat\u00e9gia megval\u00f3s\u00edt\u00e1s\u00e1ban is egyre nagyobb szerepet j\u00e1tszanak a technol\u00f3giai megold\u00e1sok, a j\u00f6v\u0151 munkahely\u00e9nek kulcsa a digitaliz\u00e1ci\u00f3. Temesv\u00e1ri Zsolt, a glob\u00e1lis ICT tan\u00e1csad\u00f3 \u00e9s rendszerintegr\u00e1tor hazai vezet\u0151je a Getronics Magyarorsz\u00e1g kereskedelmi igazgat\u00f3ja elmondta: nyilv\u00e1nval\u00f3, hogy a digitaliz\u00e1ci\u00f3 a munkafolyamatokra jelent\u0151s hat\u00e1st gyakorol, \u00e9s ez a munkahelyi IT technol\u00f3gi\u00e1kra is igaz. A\" \/>\n\t<meta name=\"robots\" content=\"max-image-preview:large\" \/>\n\t<meta name=\"author\" content=\"Juh\u00e1sz P\u00e9ter\"\/>\n\t<link rel=\"canonical\" href=\"https:\/\/allasorias.hu\/hirek\/a-digitalizacio-a-kulcs-a-jovo-munkahelyehez\/\" \/>\n\t<meta name=\"generator\" content=\"All in One SEO (AIOSEO) 5.0.0.1\" \/>\n\t\t<meta property=\"og:locale\" content=\"hu_HU\" \/>\n\t\t<meta property=\"og:site_name\" content=\"AllasOrias.hu | H\u00edrek-lapszemle | \u00dczleti h\u00edrek az \u00e1ll\u00e1s \u00e9s a munka vil\u00e1g\u00e1b\u00f3l\" \/>\n\t\t<meta property=\"og:type\" content=\"article\" \/>\n\t\t<meta property=\"og:title\" content=\"A digitaliz\u00e1ci\u00f3 a kulcs a j\u00f6v\u0151 munkahely\u00e9hez | AllasOrias.hu | H\u00edrek-lapszemle\" \/>\n\t\t<meta property=\"og:description\" content=\"Az \u00fczleti \u00e9s a HR strat\u00e9gia megval\u00f3s\u00edt\u00e1s\u00e1ban is egyre nagyobb szerepet j\u00e1tszanak a technol\u00f3giai megold\u00e1sok, a j\u00f6v\u0151 munkahely\u00e9nek kulcsa a digitaliz\u00e1ci\u00f3. Temesv\u00e1ri Zsolt, a glob\u00e1lis ICT tan\u00e1csad\u00f3 \u00e9s rendszerintegr\u00e1tor hazai vezet\u0151je a Getronics Magyarorsz\u00e1g kereskedelmi igazgat\u00f3ja elmondta: nyilv\u00e1nval\u00f3, hogy a digitaliz\u00e1ci\u00f3 a munkafolyamatokra jelent\u0151s hat\u00e1st gyakorol, \u00e9s ez a munkahelyi IT technol\u00f3gi\u00e1kra is igaz. A\" \/>\n\t\t<meta property=\"og:url\" content=\"https:\/\/allasorias.hu\/hirek\/a-digitalizacio-a-kulcs-a-jovo-munkahelyehez\/\" \/>\n\t\t<meta property=\"og:image\" content=\"https:\/\/allasorias.hu\/hirek\/wp-content\/uploads\/2019\/11\/monitor-1307227_640.jpg\" \/>\n\t\t<meta property=\"og:image:secure_url\" content=\"https:\/\/allasorias.hu\/hirek\/wp-content\/uploads\/2019\/11\/monitor-1307227_640.jpg\" \/>\n\t\t<meta property=\"og:image:width\" content=\"640\" \/>\n\t\t<meta property=\"og:image:height\" content=\"451\" \/>\n\t\t<meta property=\"article:published_time\" content=\"2019-11-05T09:40:15+00:00\" \/>\n\t\t<meta property=\"article:modified_time\" content=\"2019-11-05T10:22:01+00:00\" \/>\n\t\t<meta property=\"article:publisher\" content=\"https:\/\/www.facebook.com\/allasorias\" \/>\n\t\t<meta name=\"twitter:card\" content=\"summary_large_image\" \/>\n\t\t<meta name=\"twitter:title\" content=\"A digitaliz\u00e1ci\u00f3 a kulcs a j\u00f6v\u0151 munkahely\u00e9hez | AllasOrias.hu | H\u00edrek-lapszemle\" \/>\n\t\t<meta name=\"twitter:description\" content=\"Az \u00fczleti \u00e9s a HR strat\u00e9gia megval\u00f3s\u00edt\u00e1s\u00e1ban is egyre nagyobb szerepet j\u00e1tszanak a technol\u00f3giai megold\u00e1sok, a j\u00f6v\u0151 munkahely\u00e9nek kulcsa a digitaliz\u00e1ci\u00f3. Temesv\u00e1ri Zsolt, a glob\u00e1lis ICT tan\u00e1csad\u00f3 \u00e9s rendszerintegr\u00e1tor hazai vezet\u0151je a Getronics Magyarorsz\u00e1g kereskedelmi igazgat\u00f3ja elmondta: nyilv\u00e1nval\u00f3, hogy a digitaliz\u00e1ci\u00f3 a munkafolyamatokra jelent\u0151s hat\u00e1st gyakorol, \u00e9s ez a munkahelyi IT technol\u00f3gi\u00e1kra is igaz. A\" \/>\n\t\t<meta name=\"twitter:image\" content=\"https:\/\/allasorias.hu\/hirek\/wp-content\/uploads\/2019\/11\/monitor-1307227_640.jpg\" \/>\n\t\t<meta name=\"twitter:label1\" content=\"Written by\" \/>\n\t\t<meta name=\"twitter:data1\" content=\"Juh\u00e1sz P\u00e9ter\" \/>\n\t\t<meta name=\"twitter:label2\" content=\"Est. reading time\" \/>\n\t\t<meta name=\"twitter:data2\" content=\"2 minutes\" \/>\n\t\t<script type=\"application\/ld+json\" class=\"aioseo-schema\">\n\t\t\t{\"@context\":\"https:\\\/\\\/schema.org\",\"@graph\":[{\"@type\":\"Article\",\"@id\":\"https:\\\/\\\/allasorias.hu\\\/hirek\\\/a-digitalizacio-a-kulcs-a-jovo-munkahelyehez\\\/#article\",\"name\":\"A digitaliz\\u00e1ci\\u00f3 a kulcs a j\\u00f6v\\u0151 munkahely\\u00e9hez | AllasOrias.hu | H\\u00edrek-lapszemle\",\"headline\":\"A digitaliz\\u00e1ci\\u00f3 a kulcs a j\\u00f6v\\u0151 munkahely\\u00e9hez\",\"author\":{\"@id\":\"https:\\\/\\\/allasorias.hu\\\/hirek\\\/author\\\/admin-allasorias\\\/#author\"},\"publisher\":{\"@id\":\"https:\\\/\\\/allasorias.hu\\\/hirek\\\/#organization\"},\"image\":{\"@type\":\"ImageObject\",\"url\":\"https:\\\/\\\/allasorias.hu\\\/hirek\\\/wp-content\\\/uploads\\\/2019\\\/11\\\/monitor-1307227_640.jpg\",\"width\":640,\"height\":451},\"datePublished\":\"2019-11-05T09:40:15+02:00\",\"dateModified\":\"2019-11-05T10:22:01+02:00\",\"inLanguage\":\"hu-HU\",\"mainEntityOfPage\":{\"@id\":\"https:\\\/\\\/allasorias.hu\\\/hirek\\\/a-digitalizacio-a-kulcs-a-jovo-munkahelyehez\\\/#webpage\"},\"isPartOf\":{\"@id\":\"https:\\\/\\\/allasorias.hu\\\/hirek\\\/a-digitalizacio-a-kulcs-a-jovo-munkahelyehez\\\/#webpage\"},\"articleSection\":\"Munkaer\\u0151piac\"},{\"@type\":\"BreadcrumbList\",\"@id\":\"https:\\\/\\\/allasorias.hu\\\/hirek\\\/a-digitalizacio-a-kulcs-a-jovo-munkahelyehez\\\/#breadcrumblist\",\"itemListElement\":[{\"@type\":\"ListItem\",\"@id\":\"https:\\\/\\\/allasorias.hu\\\/hirek#listItem\",\"position\":1,\"name\":\"Home\",\"item\":\"https:\\\/\\\/allasorias.hu\\\/hirek\",\"nextItem\":{\"@type\":\"ListItem\",\"@id\":\"https:\\\/\\\/allasorias.hu\\\/hirek\\\/temak\\\/munkaeropiac\\\/#listItem\",\"name\":\"Munkaer\\u0151piac\"}},{\"@type\":\"ListItem\",\"@id\":\"https:\\\/\\\/allasorias.hu\\\/hirek\\\/temak\\\/munkaeropiac\\\/#listItem\",\"position\":2,\"name\":\"Munkaer\\u0151piac\",\"item\":\"https:\\\/\\\/allasorias.hu\\\/hirek\\\/temak\\\/munkaeropiac\\\/\",\"nextItem\":{\"@type\":\"ListItem\",\"@id\":\"https:\\\/\\\/allasorias.hu\\\/hirek\\\/a-digitalizacio-a-kulcs-a-jovo-munkahelyehez\\\/#listItem\",\"name\":\"A digitaliz\\u00e1ci\\u00f3 a kulcs a j\\u00f6v\\u0151 munkahely\\u00e9hez\"},\"previousItem\":{\"@type\":\"ListItem\",\"@id\":\"https:\\\/\\\/allasorias.hu\\\/hirek#listItem\",\"name\":\"Home\"}},{\"@type\":\"ListItem\",\"@id\":\"https:\\\/\\\/allasorias.hu\\\/hirek\\\/a-digitalizacio-a-kulcs-a-jovo-munkahelyehez\\\/#listItem\",\"position\":3,\"name\":\"A digitaliz\\u00e1ci\\u00f3 a kulcs a j\\u00f6v\\u0151 munkahely\\u00e9hez\",\"previousItem\":{\"@type\":\"ListItem\",\"@id\":\"https:\\\/\\\/allasorias.hu\\\/hirek\\\/temak\\\/munkaeropiac\\\/#listItem\",\"name\":\"Munkaer\\u0151piac\"}}]},{\"@type\":\"Organization\",\"@id\":\"https:\\\/\\\/allasorias.hu\\\/hirek\\\/#organization\",\"name\":\"AllasOrias.hu | H\\u00edrek-lapszemle\",\"description\":\"\\u00dczleti h\\u00edrek az \\u00e1ll\\u00e1s \\u00e9s a munka vil\\u00e1g\\u00e1b\\u00f3l\",\"url\":\"https:\\\/\\\/allasorias.hu\\\/hirek\\\/\",\"logo\":{\"@type\":\"ImageObject\",\"url\":\"https:\\\/\\\/allasorias.hu\\\/hirek\\\/wp-content\\\/uploads\\\/2022\\\/10\\\/allasorias_site_facebok_logo.png\",\"@id\":\"https:\\\/\\\/allasorias.hu\\\/hirek\\\/a-digitalizacio-a-kulcs-a-jovo-munkahelyehez\\\/#organizationLogo\"},\"image\":{\"@id\":\"https:\\\/\\\/allasorias.hu\\\/hirek\\\/a-digitalizacio-a-kulcs-a-jovo-munkahelyehez\\\/#organizationLogo\"},\"sameAs\":[\"https:\\\/\\\/www.facebook.com\\\/allasorias\",\"https:\\\/\\\/www.linkedin.com\\\/company\\\/allasorias\"]},{\"@type\":\"Person\",\"@id\":\"https:\\\/\\\/allasorias.hu\\\/hirek\\\/author\\\/admin-allasorias\\\/#author\",\"url\":\"https:\\\/\\\/allasorias.hu\\\/hirek\\\/author\\\/admin-allasorias\\\/\",\"name\":\"Juh\\u00e1sz P\\u00e9ter\",\"image\":{\"@type\":\"ImageObject\",\"@id\":\"https:\\\/\\\/allasorias.hu\\\/hirek\\\/a-digitalizacio-a-kulcs-a-jovo-munkahelyehez\\\/#authorImage\",\"url\":\"https:\\\/\\\/secure.gravatar.com\\\/avatar\\\/36e6bcb83148978b992977cb0f54d22feb0cce8a0a849a9410532bb2623ba4c6?s=96&d=mm&r=g\",\"width\":96,\"height\":96,\"caption\":\"Juh\\u00e1sz P\\u00e9ter\"}},{\"@type\":\"WebPage\",\"@id\":\"https:\\\/\\\/allasorias.hu\\\/hirek\\\/a-digitalizacio-a-kulcs-a-jovo-munkahelyehez\\\/#webpage\",\"url\":\"https:\\\/\\\/allasorias.hu\\\/hirek\\\/a-digitalizacio-a-kulcs-a-jovo-munkahelyehez\\\/\",\"name\":\"A digitaliz\\u00e1ci\\u00f3 a kulcs a j\\u00f6v\\u0151 munkahely\\u00e9hez | AllasOrias.hu | H\\u00edrek-lapszemle\",\"description\":\"Az \\u00fczleti \\u00e9s a HR strat\\u00e9gia megval\\u00f3s\\u00edt\\u00e1s\\u00e1ban is egyre nagyobb szerepet j\\u00e1tszanak a technol\\u00f3giai megold\\u00e1sok, a j\\u00f6v\\u0151 munkahely\\u00e9nek kulcsa a digitaliz\\u00e1ci\\u00f3. Temesv\\u00e1ri Zsolt, a glob\\u00e1lis ICT tan\\u00e1csad\\u00f3 \\u00e9s rendszerintegr\\u00e1tor hazai vezet\\u0151je a Getronics Magyarorsz\\u00e1g kereskedelmi igazgat\\u00f3ja elmondta: nyilv\\u00e1nval\\u00f3, hogy a digitaliz\\u00e1ci\\u00f3 a munkafolyamatokra jelent\\u0151s hat\\u00e1st gyakorol, \\u00e9s ez a munkahelyi IT technol\\u00f3gi\\u00e1kra is igaz. A\",\"inLanguage\":\"hu-HU\",\"isPartOf\":{\"@id\":\"https:\\\/\\\/allasorias.hu\\\/hirek\\\/#website\"},\"breadcrumb\":{\"@id\":\"https:\\\/\\\/allasorias.hu\\\/hirek\\\/a-digitalizacio-a-kulcs-a-jovo-munkahelyehez\\\/#breadcrumblist\"},\"author\":{\"@id\":\"https:\\\/\\\/allasorias.hu\\\/hirek\\\/author\\\/admin-allasorias\\\/#author\"},\"creator\":{\"@id\":\"https:\\\/\\\/allasorias.hu\\\/hirek\\\/author\\\/admin-allasorias\\\/#author\"},\"image\":{\"@type\":\"ImageObject\",\"url\":\"https:\\\/\\\/allasorias.hu\\\/hirek\\\/wp-content\\\/uploads\\\/2019\\\/11\\\/monitor-1307227_640.jpg\",\"@id\":\"https:\\\/\\\/allasorias.hu\\\/hirek\\\/a-digitalizacio-a-kulcs-a-jovo-munkahelyehez\\\/#mainImage\",\"width\":640,\"height\":451},\"primaryImageOfPage\":{\"@id\":\"https:\\\/\\\/allasorias.hu\\\/hirek\\\/a-digitalizacio-a-kulcs-a-jovo-munkahelyehez\\\/#mainImage\"},\"datePublished\":\"2019-11-05T09:40:15+02:00\",\"dateModified\":\"2019-11-05T10:22:01+02:00\"},{\"@type\":\"WebSite\",\"@id\":\"https:\\\/\\\/allasorias.hu\\\/hirek\\\/#website\",\"url\":\"https:\\\/\\\/allasorias.hu\\\/hirek\\\/\",\"name\":\"AllasOrias.hu | H\\u00edrek-lapszemle\",\"description\":\"\\u00dczleti h\\u00edrek az \\u00e1ll\\u00e1s \\u00e9s a munka vil\\u00e1g\\u00e1b\\u00f3l\",\"inLanguage\":\"hu-HU\",\"publisher\":{\"@id\":\"https:\\\/\\\/allasorias.hu\\\/hirek\\\/#organization\"}}]}\n\t\t<\/script>\n\t\t<!-- All in One SEO -->\n\n","aioseo_head_json":{"title":"A digitaliz\u00e1ci\u00f3 a kulcs a j\u00f6v\u0151 munkahely\u00e9hez | AllasOrias.hu | H\u00edrek-lapszemle","description":"Az \u00fczleti \u00e9s a HR strat\u00e9gia megval\u00f3s\u00edt\u00e1s\u00e1ban is egyre nagyobb szerepet j\u00e1tszanak a technol\u00f3giai megold\u00e1sok, a j\u00f6v\u0151 munkahely\u00e9nek kulcsa a digitaliz\u00e1ci\u00f3. Temesv\u00e1ri Zsolt, a glob\u00e1lis ICT tan\u00e1csad\u00f3 \u00e9s rendszerintegr\u00e1tor hazai vezet\u0151je a Getronics Magyarorsz\u00e1g kereskedelmi igazgat\u00f3ja elmondta: nyilv\u00e1nval\u00f3, hogy a digitaliz\u00e1ci\u00f3 a munkafolyamatokra jelent\u0151s hat\u00e1st gyakorol, \u00e9s ez a munkahelyi IT technol\u00f3gi\u00e1kra is igaz. A","canonical_url":"https:\/\/allasorias.hu\/hirek\/a-digitalizacio-a-kulcs-a-jovo-munkahelyehez\/","robots":"max-image-preview:large","keywords":"","webmasterTools":{"miscellaneous":""},"schema":{"@context":"https:\/\/schema.org","@graph":[{"@type":"Article","@id":"https:\/\/allasorias.hu\/hirek\/a-digitalizacio-a-kulcs-a-jovo-munkahelyehez\/#article","name":"A digitaliz\u00e1ci\u00f3 a kulcs a j\u00f6v\u0151 munkahely\u00e9hez | AllasOrias.hu | H\u00edrek-lapszemle","headline":"A digitaliz\u00e1ci\u00f3 a kulcs a j\u00f6v\u0151 munkahely\u00e9hez","author":{"@id":"https:\/\/allasorias.hu\/hirek\/author\/admin-allasorias\/#author"},"publisher":{"@id":"https:\/\/allasorias.hu\/hirek\/#organization"},"image":{"@type":"ImageObject","url":"https:\/\/allasorias.hu\/hirek\/wp-content\/uploads\/2019\/11\/monitor-1307227_640.jpg","width":640,"height":451},"datePublished":"2019-11-05T09:40:15+02:00","dateModified":"2019-11-05T10:22:01+02:00","inLanguage":"hu-HU","mainEntityOfPage":{"@id":"https:\/\/allasorias.hu\/hirek\/a-digitalizacio-a-kulcs-a-jovo-munkahelyehez\/#webpage"},"isPartOf":{"@id":"https:\/\/allasorias.hu\/hirek\/a-digitalizacio-a-kulcs-a-jovo-munkahelyehez\/#webpage"},"articleSection":"Munkaer\u0151piac"},{"@type":"BreadcrumbList","@id":"https:\/\/allasorias.hu\/hirek\/a-digitalizacio-a-kulcs-a-jovo-munkahelyehez\/#breadcrumblist","itemListElement":[{"@type":"ListItem","@id":"https:\/\/allasorias.hu\/hirek#listItem","position":1,"name":"Home","item":"https:\/\/allasorias.hu\/hirek","nextItem":{"@type":"ListItem","@id":"https:\/\/allasorias.hu\/hirek\/temak\/munkaeropiac\/#listItem","name":"Munkaer\u0151piac"}},{"@type":"ListItem","@id":"https:\/\/allasorias.hu\/hirek\/temak\/munkaeropiac\/#listItem","position":2,"name":"Munkaer\u0151piac","item":"https:\/\/allasorias.hu\/hirek\/temak\/munkaeropiac\/","nextItem":{"@type":"ListItem","@id":"https:\/\/allasorias.hu\/hirek\/a-digitalizacio-a-kulcs-a-jovo-munkahelyehez\/#listItem","name":"A digitaliz\u00e1ci\u00f3 a kulcs a j\u00f6v\u0151 munkahely\u00e9hez"},"previousItem":{"@type":"ListItem","@id":"https:\/\/allasorias.hu\/hirek#listItem","name":"Home"}},{"@type":"ListItem","@id":"https:\/\/allasorias.hu\/hirek\/a-digitalizacio-a-kulcs-a-jovo-munkahelyehez\/#listItem","position":3,"name":"A digitaliz\u00e1ci\u00f3 a kulcs a j\u00f6v\u0151 munkahely\u00e9hez","previousItem":{"@type":"ListItem","@id":"https:\/\/allasorias.hu\/hirek\/temak\/munkaeropiac\/#listItem","name":"Munkaer\u0151piac"}}]},{"@type":"Organization","@id":"https:\/\/allasorias.hu\/hirek\/#organization","name":"AllasOrias.hu | H\u00edrek-lapszemle","description":"\u00dczleti h\u00edrek az \u00e1ll\u00e1s \u00e9s a munka vil\u00e1g\u00e1b\u00f3l","url":"https:\/\/allasorias.hu\/hirek\/","logo":{"@type":"ImageObject","url":"https:\/\/allasorias.hu\/hirek\/wp-content\/uploads\/2022\/10\/allasorias_site_facebok_logo.png","@id":"https:\/\/allasorias.hu\/hirek\/a-digitalizacio-a-kulcs-a-jovo-munkahelyehez\/#organizationLogo"},"image":{"@id":"https:\/\/allasorias.hu\/hirek\/a-digitalizacio-a-kulcs-a-jovo-munkahelyehez\/#organizationLogo"},"sameAs":["https:\/\/www.facebook.com\/allasorias","https:\/\/www.linkedin.com\/company\/allasorias"]},{"@type":"Person","@id":"https:\/\/allasorias.hu\/hirek\/author\/admin-allasorias\/#author","url":"https:\/\/allasorias.hu\/hirek\/author\/admin-allasorias\/","name":"Juh\u00e1sz P\u00e9ter","image":{"@type":"ImageObject","@id":"https:\/\/allasorias.hu\/hirek\/a-digitalizacio-a-kulcs-a-jovo-munkahelyehez\/#authorImage","url":"https:\/\/secure.gravatar.com\/avatar\/36e6bcb83148978b992977cb0f54d22feb0cce8a0a849a9410532bb2623ba4c6?s=96&d=mm&r=g","width":96,"height":96,"caption":"Juh\u00e1sz P\u00e9ter"}},{"@type":"WebPage","@id":"https:\/\/allasorias.hu\/hirek\/a-digitalizacio-a-kulcs-a-jovo-munkahelyehez\/#webpage","url":"https:\/\/allasorias.hu\/hirek\/a-digitalizacio-a-kulcs-a-jovo-munkahelyehez\/","name":"A digitaliz\u00e1ci\u00f3 a kulcs a j\u00f6v\u0151 munkahely\u00e9hez | AllasOrias.hu | H\u00edrek-lapszemle","description":"Az \u00fczleti \u00e9s a HR strat\u00e9gia megval\u00f3s\u00edt\u00e1s\u00e1ban is egyre nagyobb szerepet j\u00e1tszanak a technol\u00f3giai megold\u00e1sok, a j\u00f6v\u0151 munkahely\u00e9nek kulcsa a digitaliz\u00e1ci\u00f3. Temesv\u00e1ri Zsolt, a glob\u00e1lis ICT tan\u00e1csad\u00f3 \u00e9s rendszerintegr\u00e1tor hazai vezet\u0151je a Getronics Magyarorsz\u00e1g kereskedelmi igazgat\u00f3ja elmondta: nyilv\u00e1nval\u00f3, hogy a digitaliz\u00e1ci\u00f3 a munkafolyamatokra jelent\u0151s hat\u00e1st gyakorol, \u00e9s ez a munkahelyi IT technol\u00f3gi\u00e1kra is igaz. A","inLanguage":"hu-HU","isPartOf":{"@id":"https:\/\/allasorias.hu\/hirek\/#website"},"breadcrumb":{"@id":"https:\/\/allasorias.hu\/hirek\/a-digitalizacio-a-kulcs-a-jovo-munkahelyehez\/#breadcrumblist"},"author":{"@id":"https:\/\/allasorias.hu\/hirek\/author\/admin-allasorias\/#author"},"creator":{"@id":"https:\/\/allasorias.hu\/hirek\/author\/admin-allasorias\/#author"},"image":{"@type":"ImageObject","url":"https:\/\/allasorias.hu\/hirek\/wp-content\/uploads\/2019\/11\/monitor-1307227_640.jpg","@id":"https:\/\/allasorias.hu\/hirek\/a-digitalizacio-a-kulcs-a-jovo-munkahelyehez\/#mainImage","width":640,"height":451},"primaryImageOfPage":{"@id":"https:\/\/allasorias.hu\/hirek\/a-digitalizacio-a-kulcs-a-jovo-munkahelyehez\/#mainImage"},"datePublished":"2019-11-05T09:40:15+02:00","dateModified":"2019-11-05T10:22:01+02:00"},{"@type":"WebSite","@id":"https:\/\/allasorias.hu\/hirek\/#website","url":"https:\/\/allasorias.hu\/hirek\/","name":"AllasOrias.hu | H\u00edrek-lapszemle","description":"\u00dczleti h\u00edrek az \u00e1ll\u00e1s \u00e9s a munka vil\u00e1g\u00e1b\u00f3l","inLanguage":"hu-HU","publisher":{"@id":"https:\/\/allasorias.hu\/hirek\/#organization"}}]},"og:locale":"hu_HU","og:site_name":"AllasOrias.hu | H\u00edrek-lapszemle | \u00dczleti h\u00edrek az \u00e1ll\u00e1s \u00e9s a munka vil\u00e1g\u00e1b\u00f3l","og:type":"article","og:title":"A digitaliz\u00e1ci\u00f3 a kulcs a j\u00f6v\u0151 munkahely\u00e9hez | AllasOrias.hu | H\u00edrek-lapszemle","og:description":"Az \u00fczleti \u00e9s a HR strat\u00e9gia megval\u00f3s\u00edt\u00e1s\u00e1ban is egyre nagyobb szerepet j\u00e1tszanak a technol\u00f3giai megold\u00e1sok, a j\u00f6v\u0151 munkahely\u00e9nek kulcsa a digitaliz\u00e1ci\u00f3. Temesv\u00e1ri Zsolt, a glob\u00e1lis ICT tan\u00e1csad\u00f3 \u00e9s rendszerintegr\u00e1tor hazai vezet\u0151je a Getronics Magyarorsz\u00e1g kereskedelmi igazgat\u00f3ja elmondta: nyilv\u00e1nval\u00f3, hogy a digitaliz\u00e1ci\u00f3 a munkafolyamatokra jelent\u0151s hat\u00e1st gyakorol, \u00e9s ez a munkahelyi IT technol\u00f3gi\u00e1kra is igaz. A","og:url":"https:\/\/allasorias.hu\/hirek\/a-digitalizacio-a-kulcs-a-jovo-munkahelyehez\/","og:image":"https:\/\/allasorias.hu\/hirek\/wp-content\/uploads\/2019\/11\/monitor-1307227_640.jpg","og:image:secure_url":"https:\/\/allasorias.hu\/hirek\/wp-content\/uploads\/2019\/11\/monitor-1307227_640.jpg","og:image:width":640,"og:image:height":451,"article:published_time":"2019-11-05T09:40:15+00:00","article:modified_time":"2019-11-05T10:22:01+00:00","article:publisher":"https:\/\/www.facebook.com\/allasorias","twitter:card":"summary_large_image","twitter:title":"A digitaliz\u00e1ci\u00f3 a kulcs a j\u00f6v\u0151 munkahely\u00e9hez | AllasOrias.hu | H\u00edrek-lapszemle","twitter:description":"Az \u00fczleti \u00e9s a HR strat\u00e9gia megval\u00f3s\u00edt\u00e1s\u00e1ban is egyre nagyobb szerepet j\u00e1tszanak a technol\u00f3giai megold\u00e1sok, a j\u00f6v\u0151 munkahely\u00e9nek kulcsa a digitaliz\u00e1ci\u00f3. Temesv\u00e1ri Zsolt, a glob\u00e1lis ICT tan\u00e1csad\u00f3 \u00e9s rendszerintegr\u00e1tor hazai vezet\u0151je a Getronics Magyarorsz\u00e1g kereskedelmi igazgat\u00f3ja elmondta: nyilv\u00e1nval\u00f3, hogy a digitaliz\u00e1ci\u00f3 a munkafolyamatokra jelent\u0151s hat\u00e1st gyakorol, \u00e9s ez a munkahelyi IT technol\u00f3gi\u00e1kra is igaz. A","twitter:image":"https:\/\/allasorias.hu\/hirek\/wp-content\/uploads\/2019\/11\/monitor-1307227_640.jpg","twitter:label1":"Written by","twitter:data1":"Juh\u00e1sz P\u00e9ter","twitter:label2":"Est. reading time","twitter:data2":"2 minutes"},"aioseo_meta_data":{"post_id":"3456","title":null,"description":null,"keywords":null,"keyphrases":null,"primary_term":null,"canonical_url":null,"og_title":null,"og_description":null,"og_object_type":"default","og_image_type":"default","og_image_url":null,"og_image_width":null,"og_image_height":null,"og_image_custom_url":null,"og_image_custom_fields":null,"og_video":null,"og_custom_url":null,"og_article_section":null,"og_article_tags":null,"twitter_use_og":false,"twitter_card":"default","twitter_image_type":"default","twitter_image_url":null,"twitter_image_custom_url":null,"twitter_image_custom_fields":null,"twitter_title":null,"twitter_description":null,"schema":{"blockGraphs":[],"customGraphs":[],"default":{"data":{"Article":[],"Course":[],"Dataset":[],"FAQPage":[],"Movie":[],"Person":[],"Product":[],"ProductReview":[],"Car":[],"Recipe":[],"Service":[],"SoftwareApplication":[],"WebPage":[]},"graphName":"","isEnabled":true},"graphs":[],"defaultGraph":"","defaultPostTypeGraph":""},"schema_type":null,"schema_type_options":null,"pillar_content":false,"robots_default":true,"robots_noindex":false,"robots_noarchive":false,"robots_nosnippet":false,"robots_nofollow":false,"robots_noimageindex":false,"robots_noodp":false,"robots_notranslate":false,"robots_max_snippet":null,"robots_max_videopreview":null,"robots_max_imagepreview":"large","priority":null,"frequency":null,"location":null,"local_seo":null,"breadcrumb_settings":null,"limit_modified_date":false,"ai":null,"created":"2021-02-01 22:56:23","updated":"2025-10-02 12:10:38","seo_analyzer_scan_date":null,"focus_keyword":null,"additional_keywords":null,"truseo_locale":null},"aioseo_breadcrumb":"<div class=\"aioseo-breadcrumbs\"><span class=\"aioseo-breadcrumb\">\n\t\t\t<a href=\"https:\/\/allasorias.hu\/hirek\" title=\"Home\">Home<\/a>\n\t\t<\/span><span class=\"aioseo-breadcrumb-separator\">&raquo;<\/span><span class=\"aioseo-breadcrumb\">\n\t\t\t<a href=\"https:\/\/allasorias.hu\/hirek\/temak\/munkaeropiac\/\" title=\"Munkaer\u0151piac\">Munkaer\u0151piac<\/a>\n\t\t<\/span><span class=\"aioseo-breadcrumb-separator\">&raquo;<\/span><span class=\"aioseo-breadcrumb\">\n\t\t\tA digitaliz\u00e1ci\u00f3 a kulcs a j\u00f6v\u0151 munkahely\u00e9hez\n\t\t<\/span><\/div>","aioseo_breadcrumb_json":[{"label":"Home","link":"https:\/\/allasorias.hu\/hirek"},{"label":"Munkaer\u0151piac","link":"https:\/\/allasorias.hu\/hirek\/temak\/munkaeropiac\/"},{"label":"A digitaliz\u00e1ci\u00f3 a kulcs a j\u00f6v\u0151 munkahely\u00e9hez","link":"https:\/\/allasorias.hu\/hirek\/a-digitalizacio-a-kulcs-a-jovo-munkahelyehez\/"}],"_links":{"self":[{"href":"https:\/\/allasorias.hu\/hirek\/wp-json\/wp\/v2\/posts\/3456","targetHints":{"allow":["GET"]}}],"collection":[{"href":"https:\/\/allasorias.hu\/hirek\/wp-json\/wp\/v2\/posts"}],"about":[{"href":"https:\/\/allasorias.hu\/hirek\/wp-json\/wp\/v2\/types\/post"}],"author":[{"embeddable":true,"href":"https:\/\/allasorias.hu\/hirek\/wp-json\/wp\/v2\/users\/1"}],"replies":[{"embeddable":true,"href":"https:\/\/allasorias.hu\/hirek\/wp-json\/wp\/v2\/comments?post=3456"}],"version-history":[{"count":1,"href":"https:\/\/allasorias.hu\/hirek\/wp-json\/wp\/v2\/posts\/3456\/revisions"}],"predecessor-version":[{"id":3458,"href":"https:\/\/allasorias.hu\/hirek\/wp-json\/wp\/v2\/posts\/3456\/revisions\/3458"}],"wp:featuredmedia":[{"embeddable":true,"href":"https:\/\/allasorias.hu\/hirek\/wp-json\/wp\/v2\/media\/3457"}],"wp:attachment":[{"href":"https:\/\/allasorias.hu\/hirek\/wp-json\/wp\/v2\/media?parent=3456"}],"wp:term":[{"taxonomy":"category","embeddable":true,"href":"https:\/\/allasorias.hu\/hirek\/wp-json\/wp\/v2\/categories?post=3456"},{"taxonomy":"post_tag","embeddable":true,"href":"https:\/\/allasorias.hu\/hirek\/wp-json\/wp\/v2\/tags?post=3456"}],"curies":[{"name":"wp","href":"https:\/\/api.w.org\/{rel}","templated":true}]}}