{"id":3450,"date":"2019-11-04T07:55:43","date_gmt":"2019-11-04T07:55:43","guid":{"rendered":"https:\/\/allasorias.hu\/hirek\/?p=3450"},"modified":"2019-11-05T10:20:57","modified_gmt":"2019-11-05T10:20:57","slug":"dolgozni-az-elet-vegeig","status":"publish","type":"post","link":"https:\/\/allasorias.hu\/hirek\/dolgozni-az-elet-vegeig\/","title":{"rendered":"Dolgozni az \u00e9let v\u00e9g\u00e9ig"},"content":{"rendered":"<p><strong>Az 55-64 \u00e9ves kor\u00a0 szakemberek szerint az id\u0151sebb koroszt\u00e1ly m\u00e9g sok mindenre k\u00e9pes a munka vil\u00e1g\u00e1ban, sok a tartal\u00e9k e koroszt\u00e1ly foglalkoztat\u00e1s\u00e1ban, \u00a0\u0151ket k\u00e9pz\u00e9sekkel, tov\u00e1bbk\u00e9pz\u00e9sekkel lehetne jobban bevonni a munkaer\u0151piacra &#8211; mondta Csath Magdolna k\u00f6zgazd\u00e1sz, egyetemi tan\u00e1r az M1 m\u0171sor\u00e1ban.<\/strong><\/p>\n<p>A K\u00f6zponti Statisztikai Hivatal augusztusi adatai szerint ebben a korcsoportban 57 sz\u00e1zal\u00e9k a foglalkoztatotts\u00e1g, Csath Magdolna szerint azonban a tov\u00e1bbk\u00e9pz\u00e9sekkel n\u00f6velni lehetne a foglalkoztatotts\u00e1gi mutat\u00f3t, mivel ebb\u0151l a koroszt\u00e1lyb\u00f3l mind\u00f6ssze 2,6 sz\u00e1zal\u00e9k vett r\u00e9szt k\u00e9pz\u00e9seken. Az \u00faj szakk\u00e9pz\u00e9si rendszerrel kapcsolatban kifejtette, nem csak arra van sz\u00fcks\u00e9g, amely a jelen ig\u00e9nyeit fedi le, a j\u00f6v\u0151re is gondolni kell. R\u00e1mutatott: az alacsonyabb hozz\u00e1adott \u00e9rt\u00e9k\u0171 munk\u00e1t v\u00e9gz\u0151k feladatait el\u0151bb-ut\u00f3bb robotok v\u00e1ltj\u00e1k ki, az \u00e9rintetteket pedig fel kell k\u00e9sz\u00edteni a v\u00e1ltoz\u00e1sra, \u00e1t kell \u0151ket k\u00e9pezni.<\/p>\n<p>Forr\u00e1s: penzcentrum.hu<\/p>\n","protected":false},"excerpt":{"rendered":"<p>Az 55-64 \u00e9ves kor\u00a0 szakemberek szerint az id\u0151sebb koroszt\u00e1ly m\u00e9g sok mindenre k\u00e9pes a munka vil\u00e1g\u00e1ban, sok a tartal\u00e9k e koroszt\u00e1ly foglalkoztat\u00e1s\u00e1ban, \u00a0\u0151ket k\u00e9pz\u00e9sekkel, tov\u00e1bbk\u00e9pz\u00e9sekkel lehetne jobban bevonni a munkaer\u0151piacra &#8211; mondta Csath Magdolna k\u00f6zgazd\u00e1sz, egyetemi tan\u00e1r az M1 m\u0171sor\u00e1ban. A K\u00f6zponti Statisztikai Hivatal augusztusi adatai szerint ebben a korcsoportban 57 sz\u00e1zal\u00e9k a foglalkoztatotts\u00e1g, Csath [&hellip;]<\/p>\n","protected":false},"author":1,"featured_media":2856,"comment_status":"open","ping_status":"open","sticky":false,"template":"","format":"standard","meta":{"_monsterinsights_skip_tracking":false,"footnotes":""},"categories":[1,200],"tags":[],"class_list":["post-3450","post","type-post","status-publish","format-standard","has-post-thumbnail","hentry","category-allaskereses","category-munkaeropiac"],"aioseo_notices":[],"aioseo_head":"\n\t\t<!-- All in One SEO 5.0.0.1 - aioseo.com -->\n\t<meta name=\"description\" content=\"Az 55-64 \u00e9ves kor szakemberek szerint az id\u0151sebb koroszt\u00e1ly m\u00e9g sok mindenre k\u00e9pes a munka vil\u00e1g\u00e1ban, sok a tartal\u00e9k e koroszt\u00e1ly foglalkoztat\u00e1s\u00e1ban, \u0151ket k\u00e9pz\u00e9sekkel, tov\u00e1bbk\u00e9pz\u00e9sekkel lehetne jobban bevonni a munkaer\u0151piacra - mondta Csath Magdolna k\u00f6zgazd\u00e1sz, egyetemi tan\u00e1r az M1 m\u0171sor\u00e1ban. A K\u00f6zponti Statisztikai Hivatal augusztusi adatai szerint ebben a korcsoportban 57 sz\u00e1zal\u00e9k a foglalkoztatotts\u00e1g, Csath\" \/>\n\t<meta name=\"robots\" content=\"max-image-preview:large\" \/>\n\t<meta name=\"author\" content=\"Juh\u00e1sz P\u00e9ter\"\/>\n\t<link rel=\"canonical\" href=\"https:\/\/allasorias.hu\/hirek\/dolgozni-az-elet-vegeig\/\" \/>\n\t<meta name=\"generator\" content=\"All in One SEO (AIOSEO) 5.0.0.1\" \/>\n\t\t<meta property=\"og:locale\" content=\"hu_HU\" \/>\n\t\t<meta property=\"og:site_name\" content=\"AllasOrias.hu | H\u00edrek-lapszemle | \u00dczleti h\u00edrek az \u00e1ll\u00e1s \u00e9s a munka vil\u00e1g\u00e1b\u00f3l\" \/>\n\t\t<meta property=\"og:type\" content=\"article\" \/>\n\t\t<meta property=\"og:title\" content=\"Dolgozni az \u00e9let v\u00e9g\u00e9ig | AllasOrias.hu | H\u00edrek-lapszemle\" \/>\n\t\t<meta property=\"og:description\" content=\"Az 55-64 \u00e9ves kor szakemberek szerint az id\u0151sebb koroszt\u00e1ly m\u00e9g sok mindenre k\u00e9pes a munka vil\u00e1g\u00e1ban, sok a tartal\u00e9k e koroszt\u00e1ly foglalkoztat\u00e1s\u00e1ban, \u0151ket k\u00e9pz\u00e9sekkel, tov\u00e1bbk\u00e9pz\u00e9sekkel lehetne jobban bevonni a munkaer\u0151piacra - mondta Csath Magdolna k\u00f6zgazd\u00e1sz, egyetemi tan\u00e1r az M1 m\u0171sor\u00e1ban. A K\u00f6zponti Statisztikai Hivatal augusztusi adatai szerint ebben a korcsoportban 57 sz\u00e1zal\u00e9k a foglalkoztatotts\u00e1g, Csath\" \/>\n\t\t<meta property=\"og:url\" content=\"https:\/\/allasorias.hu\/hirek\/dolgozni-az-elet-vegeig\/\" \/>\n\t\t<meta property=\"og:image\" content=\"https:\/\/allasorias.hu\/hirek\/wp-content\/uploads\/2019\/05\/adult-blur-daytime-834863.jpg\" \/>\n\t\t<meta property=\"og:image:secure_url\" content=\"https:\/\/allasorias.hu\/hirek\/wp-content\/uploads\/2019\/05\/adult-blur-daytime-834863.jpg\" \/>\n\t\t<meta property=\"og:image:width\" content=\"640\" \/>\n\t\t<meta property=\"og:image:height\" content=\"426\" \/>\n\t\t<meta property=\"article:published_time\" content=\"2019-11-04T07:55:43+00:00\" \/>\n\t\t<meta property=\"article:modified_time\" content=\"2019-11-05T10:20:57+00:00\" \/>\n\t\t<meta property=\"article:publisher\" content=\"https:\/\/www.facebook.com\/allasorias\" \/>\n\t\t<meta name=\"twitter:card\" content=\"summary_large_image\" \/>\n\t\t<meta name=\"twitter:title\" content=\"Dolgozni az \u00e9let v\u00e9g\u00e9ig | AllasOrias.hu | H\u00edrek-lapszemle\" \/>\n\t\t<meta name=\"twitter:description\" content=\"Az 55-64 \u00e9ves kor szakemberek szerint az id\u0151sebb koroszt\u00e1ly m\u00e9g sok mindenre k\u00e9pes a munka vil\u00e1g\u00e1ban, sok a tartal\u00e9k e koroszt\u00e1ly foglalkoztat\u00e1s\u00e1ban, \u0151ket k\u00e9pz\u00e9sekkel, tov\u00e1bbk\u00e9pz\u00e9sekkel lehetne jobban bevonni a munkaer\u0151piacra - mondta Csath Magdolna k\u00f6zgazd\u00e1sz, egyetemi tan\u00e1r az M1 m\u0171sor\u00e1ban. A K\u00f6zponti Statisztikai Hivatal augusztusi adatai szerint ebben a korcsoportban 57 sz\u00e1zal\u00e9k a foglalkoztatotts\u00e1g, Csath\" \/>\n\t\t<meta name=\"twitter:image\" content=\"https:\/\/allasorias.hu\/hirek\/wp-content\/uploads\/2019\/05\/adult-blur-daytime-834863.jpg\" \/>\n\t\t<meta name=\"twitter:label1\" content=\"Written by\" \/>\n\t\t<meta name=\"twitter:data1\" content=\"Juh\u00e1sz P\u00e9ter\" \/>\n\t\t<meta name=\"twitter:label2\" content=\"Est. reading time\" \/>\n\t\t<meta name=\"twitter:data2\" content=\"1 minute\" \/>\n\t\t<script type=\"application\/ld+json\" class=\"aioseo-schema\">\n\t\t\t{\"@context\":\"https:\\\/\\\/schema.org\",\"@graph\":[{\"@type\":\"Article\",\"@id\":\"https:\\\/\\\/allasorias.hu\\\/hirek\\\/dolgozni-az-elet-vegeig\\\/#article\",\"name\":\"Dolgozni az \\u00e9let v\\u00e9g\\u00e9ig | AllasOrias.hu | H\\u00edrek-lapszemle\",\"headline\":\"Dolgozni az \\u00e9let v\\u00e9g\\u00e9ig\",\"author\":{\"@id\":\"https:\\\/\\\/allasorias.hu\\\/hirek\\\/author\\\/admin-allasorias\\\/#author\"},\"publisher\":{\"@id\":\"https:\\\/\\\/allasorias.hu\\\/hirek\\\/#organization\"},\"image\":{\"@type\":\"ImageObject\",\"url\":\"https:\\\/\\\/allasorias.hu\\\/hirek\\\/wp-content\\\/uploads\\\/2019\\\/05\\\/adult-blur-daytime-834863.jpg\",\"width\":640,\"height\":426},\"datePublished\":\"2019-11-04T07:55:43+02:00\",\"dateModified\":\"2019-11-05T10:20:57+02:00\",\"inLanguage\":\"hu-HU\",\"mainEntityOfPage\":{\"@id\":\"https:\\\/\\\/allasorias.hu\\\/hirek\\\/dolgozni-az-elet-vegeig\\\/#webpage\"},\"isPartOf\":{\"@id\":\"https:\\\/\\\/allasorias.hu\\\/hirek\\\/dolgozni-az-elet-vegeig\\\/#webpage\"},\"articleSection\":\"\\u00c1ll\\u00e1skeres\\u00e9s, Munkaer\\u0151piac\"},{\"@type\":\"BreadcrumbList\",\"@id\":\"https:\\\/\\\/allasorias.hu\\\/hirek\\\/dolgozni-az-elet-vegeig\\\/#breadcrumblist\",\"itemListElement\":[{\"@type\":\"ListItem\",\"@id\":\"https:\\\/\\\/allasorias.hu\\\/hirek#listItem\",\"position\":1,\"name\":\"Home\",\"item\":\"https:\\\/\\\/allasorias.hu\\\/hirek\",\"nextItem\":{\"@type\":\"ListItem\",\"@id\":\"https:\\\/\\\/allasorias.hu\\\/hirek\\\/temak\\\/allaskereses\\\/#listItem\",\"name\":\"\\u00c1ll\\u00e1skeres\\u00e9s\"}},{\"@type\":\"ListItem\",\"@id\":\"https:\\\/\\\/allasorias.hu\\\/hirek\\\/temak\\\/allaskereses\\\/#listItem\",\"position\":2,\"name\":\"\\u00c1ll\\u00e1skeres\\u00e9s\",\"item\":\"https:\\\/\\\/allasorias.hu\\\/hirek\\\/temak\\\/allaskereses\\\/\",\"nextItem\":{\"@type\":\"ListItem\",\"@id\":\"https:\\\/\\\/allasorias.hu\\\/hirek\\\/dolgozni-az-elet-vegeig\\\/#listItem\",\"name\":\"Dolgozni az \\u00e9let v\\u00e9g\\u00e9ig\"},\"previousItem\":{\"@type\":\"ListItem\",\"@id\":\"https:\\\/\\\/allasorias.hu\\\/hirek#listItem\",\"name\":\"Home\"}},{\"@type\":\"ListItem\",\"@id\":\"https:\\\/\\\/allasorias.hu\\\/hirek\\\/dolgozni-az-elet-vegeig\\\/#listItem\",\"position\":3,\"name\":\"Dolgozni az \\u00e9let v\\u00e9g\\u00e9ig\",\"previousItem\":{\"@type\":\"ListItem\",\"@id\":\"https:\\\/\\\/allasorias.hu\\\/hirek\\\/temak\\\/allaskereses\\\/#listItem\",\"name\":\"\\u00c1ll\\u00e1skeres\\u00e9s\"}}]},{\"@type\":\"Organization\",\"@id\":\"https:\\\/\\\/allasorias.hu\\\/hirek\\\/#organization\",\"name\":\"AllasOrias.hu | H\\u00edrek-lapszemle\",\"description\":\"\\u00dczleti h\\u00edrek az \\u00e1ll\\u00e1s \\u00e9s a munka vil\\u00e1g\\u00e1b\\u00f3l\",\"url\":\"https:\\\/\\\/allasorias.hu\\\/hirek\\\/\",\"logo\":{\"@type\":\"ImageObject\",\"url\":\"https:\\\/\\\/allasorias.hu\\\/hirek\\\/wp-content\\\/uploads\\\/2022\\\/10\\\/allasorias_site_facebok_logo.png\",\"@id\":\"https:\\\/\\\/allasorias.hu\\\/hirek\\\/dolgozni-az-elet-vegeig\\\/#organizationLogo\"},\"image\":{\"@id\":\"https:\\\/\\\/allasorias.hu\\\/hirek\\\/dolgozni-az-elet-vegeig\\\/#organizationLogo\"},\"sameAs\":[\"https:\\\/\\\/www.facebook.com\\\/allasorias\",\"https:\\\/\\\/www.linkedin.com\\\/company\\\/allasorias\"]},{\"@type\":\"Person\",\"@id\":\"https:\\\/\\\/allasorias.hu\\\/hirek\\\/author\\\/admin-allasorias\\\/#author\",\"url\":\"https:\\\/\\\/allasorias.hu\\\/hirek\\\/author\\\/admin-allasorias\\\/\",\"name\":\"Juh\\u00e1sz P\\u00e9ter\",\"image\":{\"@type\":\"ImageObject\",\"@id\":\"https:\\\/\\\/allasorias.hu\\\/hirek\\\/dolgozni-az-elet-vegeig\\\/#authorImage\",\"url\":\"https:\\\/\\\/secure.gravatar.com\\\/avatar\\\/36e6bcb83148978b992977cb0f54d22feb0cce8a0a849a9410532bb2623ba4c6?s=96&d=mm&r=g\",\"width\":96,\"height\":96,\"caption\":\"Juh\\u00e1sz P\\u00e9ter\"}},{\"@type\":\"WebPage\",\"@id\":\"https:\\\/\\\/allasorias.hu\\\/hirek\\\/dolgozni-az-elet-vegeig\\\/#webpage\",\"url\":\"https:\\\/\\\/allasorias.hu\\\/hirek\\\/dolgozni-az-elet-vegeig\\\/\",\"name\":\"Dolgozni az \\u00e9let v\\u00e9g\\u00e9ig | AllasOrias.hu | H\\u00edrek-lapszemle\",\"description\":\"Az 55-64 \\u00e9ves kor szakemberek szerint az id\\u0151sebb koroszt\\u00e1ly m\\u00e9g sok mindenre k\\u00e9pes a munka vil\\u00e1g\\u00e1ban, sok a tartal\\u00e9k e koroszt\\u00e1ly foglalkoztat\\u00e1s\\u00e1ban, \\u0151ket k\\u00e9pz\\u00e9sekkel, tov\\u00e1bbk\\u00e9pz\\u00e9sekkel lehetne jobban bevonni a munkaer\\u0151piacra - mondta Csath Magdolna k\\u00f6zgazd\\u00e1sz, egyetemi tan\\u00e1r az M1 m\\u0171sor\\u00e1ban. A K\\u00f6zponti Statisztikai Hivatal augusztusi adatai szerint ebben a korcsoportban 57 sz\\u00e1zal\\u00e9k a foglalkoztatotts\\u00e1g, Csath\",\"inLanguage\":\"hu-HU\",\"isPartOf\":{\"@id\":\"https:\\\/\\\/allasorias.hu\\\/hirek\\\/#website\"},\"breadcrumb\":{\"@id\":\"https:\\\/\\\/allasorias.hu\\\/hirek\\\/dolgozni-az-elet-vegeig\\\/#breadcrumblist\"},\"author\":{\"@id\":\"https:\\\/\\\/allasorias.hu\\\/hirek\\\/author\\\/admin-allasorias\\\/#author\"},\"creator\":{\"@id\":\"https:\\\/\\\/allasorias.hu\\\/hirek\\\/author\\\/admin-allasorias\\\/#author\"},\"image\":{\"@type\":\"ImageObject\",\"url\":\"https:\\\/\\\/allasorias.hu\\\/hirek\\\/wp-content\\\/uploads\\\/2019\\\/05\\\/adult-blur-daytime-834863.jpg\",\"@id\":\"https:\\\/\\\/allasorias.hu\\\/hirek\\\/dolgozni-az-elet-vegeig\\\/#mainImage\",\"width\":640,\"height\":426},\"primaryImageOfPage\":{\"@id\":\"https:\\\/\\\/allasorias.hu\\\/hirek\\\/dolgozni-az-elet-vegeig\\\/#mainImage\"},\"datePublished\":\"2019-11-04T07:55:43+02:00\",\"dateModified\":\"2019-11-05T10:20:57+02:00\"},{\"@type\":\"WebSite\",\"@id\":\"https:\\\/\\\/allasorias.hu\\\/hirek\\\/#website\",\"url\":\"https:\\\/\\\/allasorias.hu\\\/hirek\\\/\",\"name\":\"AllasOrias.hu | H\\u00edrek-lapszemle\",\"description\":\"\\u00dczleti h\\u00edrek az \\u00e1ll\\u00e1s \\u00e9s a munka vil\\u00e1g\\u00e1b\\u00f3l\",\"inLanguage\":\"hu-HU\",\"publisher\":{\"@id\":\"https:\\\/\\\/allasorias.hu\\\/hirek\\\/#organization\"}}]}\n\t\t<\/script>\n\t\t<!-- All in One SEO -->\n\n","aioseo_head_json":{"title":"Dolgozni az \u00e9let v\u00e9g\u00e9ig | AllasOrias.hu | H\u00edrek-lapszemle","description":"Az 55-64 \u00e9ves kor szakemberek szerint az id\u0151sebb koroszt\u00e1ly m\u00e9g sok mindenre k\u00e9pes a munka vil\u00e1g\u00e1ban, sok a tartal\u00e9k e koroszt\u00e1ly foglalkoztat\u00e1s\u00e1ban, \u0151ket k\u00e9pz\u00e9sekkel, tov\u00e1bbk\u00e9pz\u00e9sekkel lehetne jobban bevonni a munkaer\u0151piacra - mondta Csath Magdolna k\u00f6zgazd\u00e1sz, egyetemi tan\u00e1r az M1 m\u0171sor\u00e1ban. A K\u00f6zponti Statisztikai Hivatal augusztusi adatai szerint ebben a korcsoportban 57 sz\u00e1zal\u00e9k a foglalkoztatotts\u00e1g, Csath","canonical_url":"https:\/\/allasorias.hu\/hirek\/dolgozni-az-elet-vegeig\/","robots":"max-image-preview:large","keywords":"","webmasterTools":{"miscellaneous":""},"schema":{"@context":"https:\/\/schema.org","@graph":[{"@type":"Article","@id":"https:\/\/allasorias.hu\/hirek\/dolgozni-az-elet-vegeig\/#article","name":"Dolgozni az \u00e9let v\u00e9g\u00e9ig | AllasOrias.hu | H\u00edrek-lapszemle","headline":"Dolgozni az \u00e9let v\u00e9g\u00e9ig","author":{"@id":"https:\/\/allasorias.hu\/hirek\/author\/admin-allasorias\/#author"},"publisher":{"@id":"https:\/\/allasorias.hu\/hirek\/#organization"},"image":{"@type":"ImageObject","url":"https:\/\/allasorias.hu\/hirek\/wp-content\/uploads\/2019\/05\/adult-blur-daytime-834863.jpg","width":640,"height":426},"datePublished":"2019-11-04T07:55:43+02:00","dateModified":"2019-11-05T10:20:57+02:00","inLanguage":"hu-HU","mainEntityOfPage":{"@id":"https:\/\/allasorias.hu\/hirek\/dolgozni-az-elet-vegeig\/#webpage"},"isPartOf":{"@id":"https:\/\/allasorias.hu\/hirek\/dolgozni-az-elet-vegeig\/#webpage"},"articleSection":"\u00c1ll\u00e1skeres\u00e9s, Munkaer\u0151piac"},{"@type":"BreadcrumbList","@id":"https:\/\/allasorias.hu\/hirek\/dolgozni-az-elet-vegeig\/#breadcrumblist","itemListElement":[{"@type":"ListItem","@id":"https:\/\/allasorias.hu\/hirek#listItem","position":1,"name":"Home","item":"https:\/\/allasorias.hu\/hirek","nextItem":{"@type":"ListItem","@id":"https:\/\/allasorias.hu\/hirek\/temak\/allaskereses\/#listItem","name":"\u00c1ll\u00e1skeres\u00e9s"}},{"@type":"ListItem","@id":"https:\/\/allasorias.hu\/hirek\/temak\/allaskereses\/#listItem","position":2,"name":"\u00c1ll\u00e1skeres\u00e9s","item":"https:\/\/allasorias.hu\/hirek\/temak\/allaskereses\/","nextItem":{"@type":"ListItem","@id":"https:\/\/allasorias.hu\/hirek\/dolgozni-az-elet-vegeig\/#listItem","name":"Dolgozni az \u00e9let v\u00e9g\u00e9ig"},"previousItem":{"@type":"ListItem","@id":"https:\/\/allasorias.hu\/hirek#listItem","name":"Home"}},{"@type":"ListItem","@id":"https:\/\/allasorias.hu\/hirek\/dolgozni-az-elet-vegeig\/#listItem","position":3,"name":"Dolgozni az \u00e9let v\u00e9g\u00e9ig","previousItem":{"@type":"ListItem","@id":"https:\/\/allasorias.hu\/hirek\/temak\/allaskereses\/#listItem","name":"\u00c1ll\u00e1skeres\u00e9s"}}]},{"@type":"Organization","@id":"https:\/\/allasorias.hu\/hirek\/#organization","name":"AllasOrias.hu | H\u00edrek-lapszemle","description":"\u00dczleti h\u00edrek az \u00e1ll\u00e1s \u00e9s a munka vil\u00e1g\u00e1b\u00f3l","url":"https:\/\/allasorias.hu\/hirek\/","logo":{"@type":"ImageObject","url":"https:\/\/allasorias.hu\/hirek\/wp-content\/uploads\/2022\/10\/allasorias_site_facebok_logo.png","@id":"https:\/\/allasorias.hu\/hirek\/dolgozni-az-elet-vegeig\/#organizationLogo"},"image":{"@id":"https:\/\/allasorias.hu\/hirek\/dolgozni-az-elet-vegeig\/#organizationLogo"},"sameAs":["https:\/\/www.facebook.com\/allasorias","https:\/\/www.linkedin.com\/company\/allasorias"]},{"@type":"Person","@id":"https:\/\/allasorias.hu\/hirek\/author\/admin-allasorias\/#author","url":"https:\/\/allasorias.hu\/hirek\/author\/admin-allasorias\/","name":"Juh\u00e1sz P\u00e9ter","image":{"@type":"ImageObject","@id":"https:\/\/allasorias.hu\/hirek\/dolgozni-az-elet-vegeig\/#authorImage","url":"https:\/\/secure.gravatar.com\/avatar\/36e6bcb83148978b992977cb0f54d22feb0cce8a0a849a9410532bb2623ba4c6?s=96&d=mm&r=g","width":96,"height":96,"caption":"Juh\u00e1sz P\u00e9ter"}},{"@type":"WebPage","@id":"https:\/\/allasorias.hu\/hirek\/dolgozni-az-elet-vegeig\/#webpage","url":"https:\/\/allasorias.hu\/hirek\/dolgozni-az-elet-vegeig\/","name":"Dolgozni az \u00e9let v\u00e9g\u00e9ig | AllasOrias.hu | H\u00edrek-lapszemle","description":"Az 55-64 \u00e9ves kor szakemberek szerint az id\u0151sebb koroszt\u00e1ly m\u00e9g sok mindenre k\u00e9pes a munka vil\u00e1g\u00e1ban, sok a tartal\u00e9k e koroszt\u00e1ly foglalkoztat\u00e1s\u00e1ban, \u0151ket k\u00e9pz\u00e9sekkel, tov\u00e1bbk\u00e9pz\u00e9sekkel lehetne jobban bevonni a munkaer\u0151piacra - mondta Csath Magdolna k\u00f6zgazd\u00e1sz, egyetemi tan\u00e1r az M1 m\u0171sor\u00e1ban. A K\u00f6zponti Statisztikai Hivatal augusztusi adatai szerint ebben a korcsoportban 57 sz\u00e1zal\u00e9k a foglalkoztatotts\u00e1g, Csath","inLanguage":"hu-HU","isPartOf":{"@id":"https:\/\/allasorias.hu\/hirek\/#website"},"breadcrumb":{"@id":"https:\/\/allasorias.hu\/hirek\/dolgozni-az-elet-vegeig\/#breadcrumblist"},"author":{"@id":"https:\/\/allasorias.hu\/hirek\/author\/admin-allasorias\/#author"},"creator":{"@id":"https:\/\/allasorias.hu\/hirek\/author\/admin-allasorias\/#author"},"image":{"@type":"ImageObject","url":"https:\/\/allasorias.hu\/hirek\/wp-content\/uploads\/2019\/05\/adult-blur-daytime-834863.jpg","@id":"https:\/\/allasorias.hu\/hirek\/dolgozni-az-elet-vegeig\/#mainImage","width":640,"height":426},"primaryImageOfPage":{"@id":"https:\/\/allasorias.hu\/hirek\/dolgozni-az-elet-vegeig\/#mainImage"},"datePublished":"2019-11-04T07:55:43+02:00","dateModified":"2019-11-05T10:20:57+02:00"},{"@type":"WebSite","@id":"https:\/\/allasorias.hu\/hirek\/#website","url":"https:\/\/allasorias.hu\/hirek\/","name":"AllasOrias.hu | H\u00edrek-lapszemle","description":"\u00dczleti h\u00edrek az \u00e1ll\u00e1s \u00e9s a munka vil\u00e1g\u00e1b\u00f3l","inLanguage":"hu-HU","publisher":{"@id":"https:\/\/allasorias.hu\/hirek\/#organization"}}]},"og:locale":"hu_HU","og:site_name":"AllasOrias.hu | H\u00edrek-lapszemle | \u00dczleti h\u00edrek az \u00e1ll\u00e1s \u00e9s a munka vil\u00e1g\u00e1b\u00f3l","og:type":"article","og:title":"Dolgozni az \u00e9let v\u00e9g\u00e9ig | AllasOrias.hu | H\u00edrek-lapszemle","og:description":"Az 55-64 \u00e9ves kor szakemberek szerint az id\u0151sebb koroszt\u00e1ly m\u00e9g sok mindenre k\u00e9pes a munka vil\u00e1g\u00e1ban, sok a tartal\u00e9k e koroszt\u00e1ly foglalkoztat\u00e1s\u00e1ban, \u0151ket k\u00e9pz\u00e9sekkel, tov\u00e1bbk\u00e9pz\u00e9sekkel lehetne jobban bevonni a munkaer\u0151piacra - mondta Csath Magdolna k\u00f6zgazd\u00e1sz, egyetemi tan\u00e1r az M1 m\u0171sor\u00e1ban. A K\u00f6zponti Statisztikai Hivatal augusztusi adatai szerint ebben a korcsoportban 57 sz\u00e1zal\u00e9k a foglalkoztatotts\u00e1g, Csath","og:url":"https:\/\/allasorias.hu\/hirek\/dolgozni-az-elet-vegeig\/","og:image":"https:\/\/allasorias.hu\/hirek\/wp-content\/uploads\/2019\/05\/adult-blur-daytime-834863.jpg","og:image:secure_url":"https:\/\/allasorias.hu\/hirek\/wp-content\/uploads\/2019\/05\/adult-blur-daytime-834863.jpg","og:image:width":640,"og:image:height":426,"article:published_time":"2019-11-04T07:55:43+00:00","article:modified_time":"2019-11-05T10:20:57+00:00","article:publisher":"https:\/\/www.facebook.com\/allasorias","twitter:card":"summary_large_image","twitter:title":"Dolgozni az \u00e9let v\u00e9g\u00e9ig | AllasOrias.hu | H\u00edrek-lapszemle","twitter:description":"Az 55-64 \u00e9ves kor szakemberek szerint az id\u0151sebb koroszt\u00e1ly m\u00e9g sok mindenre k\u00e9pes a munka vil\u00e1g\u00e1ban, sok a tartal\u00e9k e koroszt\u00e1ly foglalkoztat\u00e1s\u00e1ban, \u0151ket k\u00e9pz\u00e9sekkel, tov\u00e1bbk\u00e9pz\u00e9sekkel lehetne jobban bevonni a munkaer\u0151piacra - mondta Csath Magdolna k\u00f6zgazd\u00e1sz, egyetemi tan\u00e1r az M1 m\u0171sor\u00e1ban. A K\u00f6zponti Statisztikai Hivatal augusztusi adatai szerint ebben a korcsoportban 57 sz\u00e1zal\u00e9k a foglalkoztatotts\u00e1g, Csath","twitter:image":"https:\/\/allasorias.hu\/hirek\/wp-content\/uploads\/2019\/05\/adult-blur-daytime-834863.jpg","twitter:label1":"Written by","twitter:data1":"Juh\u00e1sz P\u00e9ter","twitter:label2":"Est. reading time","twitter:data2":"1 minute"},"aioseo_meta_data":{"post_id":"3450","title":null,"description":null,"keywords":null,"keyphrases":null,"primary_term":null,"canonical_url":null,"og_title":null,"og_description":null,"og_object_type":"default","og_image_type":"default","og_image_url":null,"og_image_width":null,"og_image_height":null,"og_image_custom_url":null,"og_image_custom_fields":null,"og_video":null,"og_custom_url":null,"og_article_section":null,"og_article_tags":null,"twitter_use_og":false,"twitter_card":"default","twitter_image_type":"default","twitter_image_url":null,"twitter_image_custom_url":null,"twitter_image_custom_fields":null,"twitter_title":null,"twitter_description":null,"schema":{"blockGraphs":[],"customGraphs":[],"default":{"data":{"Article":[],"Course":[],"Dataset":[],"FAQPage":[],"Movie":[],"Person":[],"Product":[],"ProductReview":[],"Car":[],"Recipe":[],"Service":[],"SoftwareApplication":[],"WebPage":[]},"graphName":"","isEnabled":true},"graphs":[],"defaultGraph":"","defaultPostTypeGraph":""},"schema_type":null,"schema_type_options":null,"pillar_content":false,"robots_default":true,"robots_noindex":false,"robots_noarchive":false,"robots_nosnippet":false,"robots_nofollow":false,"robots_noimageindex":false,"robots_noodp":false,"robots_notranslate":false,"robots_max_snippet":null,"robots_max_videopreview":null,"robots_max_imagepreview":"large","priority":null,"frequency":null,"location":null,"local_seo":null,"breadcrumb_settings":null,"limit_modified_date":false,"ai":null,"created":"2021-02-01 22:56:23","updated":"2025-10-02 12:10:38","seo_analyzer_scan_date":null,"focus_keyword":null,"additional_keywords":null,"truseo_locale":null},"aioseo_breadcrumb":"<div class=\"aioseo-breadcrumbs\"><span class=\"aioseo-breadcrumb\">\n\t\t\t<a href=\"https:\/\/allasorias.hu\/hirek\" title=\"Home\">Home<\/a>\n\t\t<\/span><span class=\"aioseo-breadcrumb-separator\">&raquo;<\/span><span class=\"aioseo-breadcrumb\">\n\t\t\t<a href=\"https:\/\/allasorias.hu\/hirek\/temak\/allaskereses\/\" title=\"\u00c1ll\u00e1skeres\u00e9s\">\u00c1ll\u00e1skeres\u00e9s<\/a>\n\t\t<\/span><span class=\"aioseo-breadcrumb-separator\">&raquo;<\/span><span class=\"aioseo-breadcrumb\">\n\t\t\tDolgozni az \u00e9let v\u00e9g\u00e9ig\n\t\t<\/span><\/div>","aioseo_breadcrumb_json":[{"label":"Home","link":"https:\/\/allasorias.hu\/hirek"},{"label":"\u00c1ll\u00e1skeres\u00e9s","link":"https:\/\/allasorias.hu\/hirek\/temak\/allaskereses\/"},{"label":"Dolgozni az \u00e9let v\u00e9g\u00e9ig","link":"https:\/\/allasorias.hu\/hirek\/dolgozni-az-elet-vegeig\/"}],"_links":{"self":[{"href":"https:\/\/allasorias.hu\/hirek\/wp-json\/wp\/v2\/posts\/3450","targetHints":{"allow":["GET"]}}],"collection":[{"href":"https:\/\/allasorias.hu\/hirek\/wp-json\/wp\/v2\/posts"}],"about":[{"href":"https:\/\/allasorias.hu\/hirek\/wp-json\/wp\/v2\/types\/post"}],"author":[{"embeddable":true,"href":"https:\/\/allasorias.hu\/hirek\/wp-json\/wp\/v2\/users\/1"}],"replies":[{"embeddable":true,"href":"https:\/\/allasorias.hu\/hirek\/wp-json\/wp\/v2\/comments?post=3450"}],"version-history":[{"count":1,"href":"https:\/\/allasorias.hu\/hirek\/wp-json\/wp\/v2\/posts\/3450\/revisions"}],"predecessor-version":[{"id":3451,"href":"https:\/\/allasorias.hu\/hirek\/wp-json\/wp\/v2\/posts\/3450\/revisions\/3451"}],"wp:featuredmedia":[{"embeddable":true,"href":"https:\/\/allasorias.hu\/hirek\/wp-json\/wp\/v2\/media\/2856"}],"wp:attachment":[{"href":"https:\/\/allasorias.hu\/hirek\/wp-json\/wp\/v2\/media?parent=3450"}],"wp:term":[{"taxonomy":"category","embeddable":true,"href":"https:\/\/allasorias.hu\/hirek\/wp-json\/wp\/v2\/categories?post=3450"},{"taxonomy":"post_tag","embeddable":true,"href":"https:\/\/allasorias.hu\/hirek\/wp-json\/wp\/v2\/tags?post=3450"}],"curies":[{"name":"wp","href":"https:\/\/api.w.org\/{rel}","templated":true}]}}