{"id":3432,"date":"2019-10-29T10:03:02","date_gmt":"2019-10-29T10:03:02","guid":{"rendered":"https:\/\/allasorias.hu\/hirek\/?p=3432"},"modified":"2019-10-30T08:28:05","modified_gmt":"2019-10-30T08:28:05","slug":"csucson-a-foglalkoztatottsag-magyarorszagon","status":"publish","type":"post","link":"https:\/\/allasorias.hu\/hirek\/csucson-a-foglalkoztatottsag-magyarorszagon\/","title":{"rendered":"Cs\u00facson a foglalkoztatotts\u00e1g Magyarorsz\u00e1gon"},"content":{"rendered":"<p><strong>A j\u00falius-szeptemberi id\u0151szakban, azaz a harmadik negyed\u00e9vben, 4 milli\u00f3 521 ezer volt a foglalkoztatottak \u00e1tlagos l\u00e9tsz\u00e1ma, 34 ezerrel t\u00f6bb, mint egy \u00e9vvel kor\u00e1bban. A 15-64 \u00e9vesek foglalkoztat\u00e1si r\u00e1t\u00e1ja 0,7 sz\u00e1zal\u00e9kponttal 70,3 sz\u00e1zal\u00e9kra emelkedett &#8211; jelentette kedden a K\u00f6zponti Statisztikai Hivatal.<\/strong><\/p>\n<p>A 15-24 \u00e9ves fiatalok k\u00f6z\u00f6tt 0,5 sz\u00e1zal\u00e9kponttal, 29,2 sz\u00e1zal\u00e9kosra cs\u00f6kkent a foglalkoztat\u00e1si r\u00e1ta. A legjobb munkav\u00e1llal\u00e1si kor\u00fa 25-54 \u00e9ves n\u00e9pess\u00e9gben a foglalkoztatottak sz\u00e1ma 28 ezerrel n\u0151tt, foglalkoztat\u00e1si r\u00e1t\u00e1juk 0,3 sz\u00e1zal\u00e9kponttal magasabb, 84,4 sz\u00e1zal\u00e9k volt. A 55-64 \u00e9ves koroszt\u00e1lyban a foglalkoztat\u00e1si r\u00e1ta 2,0 sz\u00e1zal\u00e9kponttal, 56,9 sz\u00e1zal\u00e9kra emelkedett. A j\u00falius-szeptemberi id\u0151szakban a munkan\u00e9lk\u00fcliek \u00e1tlagos l\u00e9tsz\u00e1ma 163 ezer, a munkan\u00e9lk\u00fclis\u00e9gi r\u00e1ta 3,5 sz\u00e1zal\u00e9k volt. A 15-24 \u00e9vesek munkan\u00e9lk\u00fclis\u00e9gi r\u00e1t\u00e1ja 11,4 sz\u00e1zal\u00e9k volt, az \u00e1ll\u00e1stalanok csaknem negyede ebb\u0151l a korcsoportb\u00f3l ker\u00fclt ki. A 25-54 \u00e9ves legjobb munkav\u00e1llal\u00e1si kor\u00faak munkan\u00e9lk\u00fclis\u00e9gi r\u00e1t\u00e1ja 0,4 sz\u00e1zal\u00e9kponttal, 3,0 sz\u00e1zal\u00e9kra, az 55-74 \u00e9vesek\u00e9 0,5 sz\u00e1zal\u00e9kponttal, 2,2 sz\u00e1zal\u00e9kra cs\u00f6kkent. A munkan\u00e9lk\u00fclis\u00e9g \u00e1tlagos id\u0151tartama 12,4 h\u00f3nap volt, a munkan\u00e9lk\u00fcliek 34,1 sz\u00e1zal\u00e9ka legal\u00e1bb egy \u00e9ve keresett \u00e1ll\u00e1st, vagyis tart\u00f3san munkan\u00e9lk\u00fclinek sz\u00e1m\u00edtott &#8211; tette hozz\u00e1 a KSH.<\/p>\n<p>Forr\u00e1s: privatbankar.hu<\/p>\n","protected":false},"excerpt":{"rendered":"<p>A j\u00falius-szeptemberi id\u0151szakban, azaz a harmadik negyed\u00e9vben, 4 milli\u00f3 521 ezer volt a foglalkoztatottak \u00e1tlagos l\u00e9tsz\u00e1ma, 34 ezerrel t\u00f6bb, mint egy \u00e9vvel kor\u00e1bban. A 15-64 \u00e9vesek foglalkoztat\u00e1si r\u00e1t\u00e1ja 0,7 sz\u00e1zal\u00e9kponttal 70,3 sz\u00e1zal\u00e9kra emelkedett &#8211; jelentette kedden a K\u00f6zponti Statisztikai Hivatal. A 15-24 \u00e9ves fiatalok k\u00f6z\u00f6tt 0,5 sz\u00e1zal\u00e9kponttal, 29,2 sz\u00e1zal\u00e9kosra cs\u00f6kkent a foglalkoztat\u00e1si r\u00e1ta. A legjobb [&hellip;]<\/p>\n","protected":false},"author":1,"featured_media":2435,"comment_status":"open","ping_status":"open","sticky":false,"template":"","format":"standard","meta":{"_monsterinsights_skip_tracking":false,"footnotes":""},"categories":[198,200],"tags":[],"class_list":["post-3432","post","type-post","status-publish","format-standard","has-post-thumbnail","hentry","category-gazdasag","category-munkaeropiac"],"aioseo_notices":[],"aioseo_head":"\n\t\t<!-- All in One SEO 5.0.0.1 - aioseo.com -->\n\t<meta name=\"description\" content=\"A j\u00falius-szeptemberi id\u0151szakban, azaz a harmadik negyed\u00e9vben, 4 milli\u00f3 521 ezer volt a foglalkoztatottak \u00e1tlagos l\u00e9tsz\u00e1ma, 34 ezerrel t\u00f6bb, mint egy \u00e9vvel kor\u00e1bban. A 15-64 \u00e9vesek foglalkoztat\u00e1si r\u00e1t\u00e1ja 0,7 sz\u00e1zal\u00e9kponttal 70,3 sz\u00e1zal\u00e9kra emelkedett - jelentette kedden a K\u00f6zponti Statisztikai Hivatal. A 15-24 \u00e9ves fiatalok k\u00f6z\u00f6tt 0,5 sz\u00e1zal\u00e9kponttal, 29,2 sz\u00e1zal\u00e9kosra cs\u00f6kkent a foglalkoztat\u00e1si r\u00e1ta. A legjobb\" \/>\n\t<meta name=\"robots\" content=\"max-image-preview:large\" \/>\n\t<meta name=\"author\" content=\"Juh\u00e1sz P\u00e9ter\"\/>\n\t<link rel=\"canonical\" href=\"https:\/\/allasorias.hu\/hirek\/csucson-a-foglalkoztatottsag-magyarorszagon\/\" \/>\n\t<meta name=\"generator\" content=\"All in One SEO (AIOSEO) 5.0.0.1\" \/>\n\t\t<meta property=\"og:locale\" content=\"hu_HU\" \/>\n\t\t<meta property=\"og:site_name\" content=\"AllasOrias.hu | H\u00edrek-lapszemle | \u00dczleti h\u00edrek az \u00e1ll\u00e1s \u00e9s a munka vil\u00e1g\u00e1b\u00f3l\" \/>\n\t\t<meta property=\"og:type\" content=\"article\" \/>\n\t\t<meta property=\"og:title\" content=\"Cs\u00facson a foglalkoztatotts\u00e1g Magyarorsz\u00e1gon | AllasOrias.hu | H\u00edrek-lapszemle\" \/>\n\t\t<meta property=\"og:description\" content=\"A j\u00falius-szeptemberi id\u0151szakban, azaz a harmadik negyed\u00e9vben, 4 milli\u00f3 521 ezer volt a foglalkoztatottak \u00e1tlagos l\u00e9tsz\u00e1ma, 34 ezerrel t\u00f6bb, mint egy \u00e9vvel kor\u00e1bban. A 15-64 \u00e9vesek foglalkoztat\u00e1si r\u00e1t\u00e1ja 0,7 sz\u00e1zal\u00e9kponttal 70,3 sz\u00e1zal\u00e9kra emelkedett - jelentette kedden a K\u00f6zponti Statisztikai Hivatal. A 15-24 \u00e9ves fiatalok k\u00f6z\u00f6tt 0,5 sz\u00e1zal\u00e9kponttal, 29,2 sz\u00e1zal\u00e9kosra cs\u00f6kkent a foglalkoztat\u00e1si r\u00e1ta. A legjobb\" \/>\n\t\t<meta property=\"og:url\" content=\"https:\/\/allasorias.hu\/hirek\/csucson-a-foglalkoztatottsag-magyarorszagon\/\" \/>\n\t\t<meta property=\"og:image\" content=\"https:\/\/allasorias.hu\/hirek\/wp-content\/uploads\/2019\/01\/novekedes_freedigitalphotos_pakorn.jpg\" \/>\n\t\t<meta property=\"og:image:secure_url\" content=\"https:\/\/allasorias.hu\/hirek\/wp-content\/uploads\/2019\/01\/novekedes_freedigitalphotos_pakorn.jpg\" \/>\n\t\t<meta property=\"og:image:width\" content=\"512\" \/>\n\t\t<meta property=\"og:image:height\" content=\"384\" \/>\n\t\t<meta property=\"article:published_time\" content=\"2019-10-29T10:03:02+00:00\" \/>\n\t\t<meta property=\"article:modified_time\" content=\"2019-10-30T08:28:05+00:00\" \/>\n\t\t<meta property=\"article:publisher\" content=\"https:\/\/www.facebook.com\/allasorias\" \/>\n\t\t<meta name=\"twitter:card\" content=\"summary_large_image\" \/>\n\t\t<meta name=\"twitter:title\" content=\"Cs\u00facson a foglalkoztatotts\u00e1g Magyarorsz\u00e1gon | AllasOrias.hu | H\u00edrek-lapszemle\" \/>\n\t\t<meta name=\"twitter:description\" content=\"A j\u00falius-szeptemberi id\u0151szakban, azaz a harmadik negyed\u00e9vben, 4 milli\u00f3 521 ezer volt a foglalkoztatottak \u00e1tlagos l\u00e9tsz\u00e1ma, 34 ezerrel t\u00f6bb, mint egy \u00e9vvel kor\u00e1bban. A 15-64 \u00e9vesek foglalkoztat\u00e1si r\u00e1t\u00e1ja 0,7 sz\u00e1zal\u00e9kponttal 70,3 sz\u00e1zal\u00e9kra emelkedett - jelentette kedden a K\u00f6zponti Statisztikai Hivatal. A 15-24 \u00e9ves fiatalok k\u00f6z\u00f6tt 0,5 sz\u00e1zal\u00e9kponttal, 29,2 sz\u00e1zal\u00e9kosra cs\u00f6kkent a foglalkoztat\u00e1si r\u00e1ta. A legjobb\" \/>\n\t\t<meta name=\"twitter:image\" content=\"https:\/\/allasorias.hu\/hirek\/wp-content\/uploads\/2019\/01\/novekedes_freedigitalphotos_pakorn.jpg\" \/>\n\t\t<meta name=\"twitter:label1\" content=\"Written by\" \/>\n\t\t<meta name=\"twitter:data1\" content=\"Juh\u00e1sz P\u00e9ter\" \/>\n\t\t<meta name=\"twitter:label2\" content=\"Est. reading time\" \/>\n\t\t<meta name=\"twitter:data2\" content=\"1 minute\" \/>\n\t\t<script type=\"application\/ld+json\" class=\"aioseo-schema\">\n\t\t\t{\"@context\":\"https:\\\/\\\/schema.org\",\"@graph\":[{\"@type\":\"Article\",\"@id\":\"https:\\\/\\\/allasorias.hu\\\/hirek\\\/csucson-a-foglalkoztatottsag-magyarorszagon\\\/#article\",\"name\":\"Cs\\u00facson a foglalkoztatotts\\u00e1g Magyarorsz\\u00e1gon | AllasOrias.hu | H\\u00edrek-lapszemle\",\"headline\":\"Cs\\u00facson a foglalkoztatotts\\u00e1g Magyarorsz\\u00e1gon\",\"author\":{\"@id\":\"https:\\\/\\\/allasorias.hu\\\/hirek\\\/author\\\/admin-allasorias\\\/#author\"},\"publisher\":{\"@id\":\"https:\\\/\\\/allasorias.hu\\\/hirek\\\/#organization\"},\"image\":{\"@type\":\"ImageObject\",\"url\":\"https:\\\/\\\/allasorias.hu\\\/hirek\\\/wp-content\\\/uploads\\\/2019\\\/01\\\/novekedes_freedigitalphotos_pakorn.jpg\",\"width\":512,\"height\":384},\"datePublished\":\"2019-10-29T10:03:02+02:00\",\"dateModified\":\"2019-10-30T08:28:05+02:00\",\"inLanguage\":\"hu-HU\",\"mainEntityOfPage\":{\"@id\":\"https:\\\/\\\/allasorias.hu\\\/hirek\\\/csucson-a-foglalkoztatottsag-magyarorszagon\\\/#webpage\"},\"isPartOf\":{\"@id\":\"https:\\\/\\\/allasorias.hu\\\/hirek\\\/csucson-a-foglalkoztatottsag-magyarorszagon\\\/#webpage\"},\"articleSection\":\"Gazdas\\u00e1g, Munkaer\\u0151piac\"},{\"@type\":\"BreadcrumbList\",\"@id\":\"https:\\\/\\\/allasorias.hu\\\/hirek\\\/csucson-a-foglalkoztatottsag-magyarorszagon\\\/#breadcrumblist\",\"itemListElement\":[{\"@type\":\"ListItem\",\"@id\":\"https:\\\/\\\/allasorias.hu\\\/hirek#listItem\",\"position\":1,\"name\":\"Home\",\"item\":\"https:\\\/\\\/allasorias.hu\\\/hirek\",\"nextItem\":{\"@type\":\"ListItem\",\"@id\":\"https:\\\/\\\/allasorias.hu\\\/hirek\\\/temak\\\/gazdasag\\\/#listItem\",\"name\":\"Gazdas\\u00e1g\"}},{\"@type\":\"ListItem\",\"@id\":\"https:\\\/\\\/allasorias.hu\\\/hirek\\\/temak\\\/gazdasag\\\/#listItem\",\"position\":2,\"name\":\"Gazdas\\u00e1g\",\"item\":\"https:\\\/\\\/allasorias.hu\\\/hirek\\\/temak\\\/gazdasag\\\/\",\"nextItem\":{\"@type\":\"ListItem\",\"@id\":\"https:\\\/\\\/allasorias.hu\\\/hirek\\\/csucson-a-foglalkoztatottsag-magyarorszagon\\\/#listItem\",\"name\":\"Cs\\u00facson a foglalkoztatotts\\u00e1g Magyarorsz\\u00e1gon\"},\"previousItem\":{\"@type\":\"ListItem\",\"@id\":\"https:\\\/\\\/allasorias.hu\\\/hirek#listItem\",\"name\":\"Home\"}},{\"@type\":\"ListItem\",\"@id\":\"https:\\\/\\\/allasorias.hu\\\/hirek\\\/csucson-a-foglalkoztatottsag-magyarorszagon\\\/#listItem\",\"position\":3,\"name\":\"Cs\\u00facson a foglalkoztatotts\\u00e1g Magyarorsz\\u00e1gon\",\"previousItem\":{\"@type\":\"ListItem\",\"@id\":\"https:\\\/\\\/allasorias.hu\\\/hirek\\\/temak\\\/gazdasag\\\/#listItem\",\"name\":\"Gazdas\\u00e1g\"}}]},{\"@type\":\"Organization\",\"@id\":\"https:\\\/\\\/allasorias.hu\\\/hirek\\\/#organization\",\"name\":\"AllasOrias.hu | H\\u00edrek-lapszemle\",\"description\":\"\\u00dczleti h\\u00edrek az \\u00e1ll\\u00e1s \\u00e9s a munka vil\\u00e1g\\u00e1b\\u00f3l\",\"url\":\"https:\\\/\\\/allasorias.hu\\\/hirek\\\/\",\"logo\":{\"@type\":\"ImageObject\",\"url\":\"https:\\\/\\\/allasorias.hu\\\/hirek\\\/wp-content\\\/uploads\\\/2022\\\/10\\\/allasorias_site_facebok_logo.png\",\"@id\":\"https:\\\/\\\/allasorias.hu\\\/hirek\\\/csucson-a-foglalkoztatottsag-magyarorszagon\\\/#organizationLogo\"},\"image\":{\"@id\":\"https:\\\/\\\/allasorias.hu\\\/hirek\\\/csucson-a-foglalkoztatottsag-magyarorszagon\\\/#organizationLogo\"},\"sameAs\":[\"https:\\\/\\\/www.facebook.com\\\/allasorias\",\"https:\\\/\\\/www.linkedin.com\\\/company\\\/allasorias\"]},{\"@type\":\"Person\",\"@id\":\"https:\\\/\\\/allasorias.hu\\\/hirek\\\/author\\\/admin-allasorias\\\/#author\",\"url\":\"https:\\\/\\\/allasorias.hu\\\/hirek\\\/author\\\/admin-allasorias\\\/\",\"name\":\"Juh\\u00e1sz P\\u00e9ter\",\"image\":{\"@type\":\"ImageObject\",\"@id\":\"https:\\\/\\\/allasorias.hu\\\/hirek\\\/csucson-a-foglalkoztatottsag-magyarorszagon\\\/#authorImage\",\"url\":\"https:\\\/\\\/secure.gravatar.com\\\/avatar\\\/36e6bcb83148978b992977cb0f54d22feb0cce8a0a849a9410532bb2623ba4c6?s=96&d=mm&r=g\",\"width\":96,\"height\":96,\"caption\":\"Juh\\u00e1sz P\\u00e9ter\"}},{\"@type\":\"WebPage\",\"@id\":\"https:\\\/\\\/allasorias.hu\\\/hirek\\\/csucson-a-foglalkoztatottsag-magyarorszagon\\\/#webpage\",\"url\":\"https:\\\/\\\/allasorias.hu\\\/hirek\\\/csucson-a-foglalkoztatottsag-magyarorszagon\\\/\",\"name\":\"Cs\\u00facson a foglalkoztatotts\\u00e1g Magyarorsz\\u00e1gon | AllasOrias.hu | H\\u00edrek-lapszemle\",\"description\":\"A j\\u00falius-szeptemberi id\\u0151szakban, azaz a harmadik negyed\\u00e9vben, 4 milli\\u00f3 521 ezer volt a foglalkoztatottak \\u00e1tlagos l\\u00e9tsz\\u00e1ma, 34 ezerrel t\\u00f6bb, mint egy \\u00e9vvel kor\\u00e1bban. A 15-64 \\u00e9vesek foglalkoztat\\u00e1si r\\u00e1t\\u00e1ja 0,7 sz\\u00e1zal\\u00e9kponttal 70,3 sz\\u00e1zal\\u00e9kra emelkedett - jelentette kedden a K\\u00f6zponti Statisztikai Hivatal. A 15-24 \\u00e9ves fiatalok k\\u00f6z\\u00f6tt 0,5 sz\\u00e1zal\\u00e9kponttal, 29,2 sz\\u00e1zal\\u00e9kosra cs\\u00f6kkent a foglalkoztat\\u00e1si r\\u00e1ta. A legjobb\",\"inLanguage\":\"hu-HU\",\"isPartOf\":{\"@id\":\"https:\\\/\\\/allasorias.hu\\\/hirek\\\/#website\"},\"breadcrumb\":{\"@id\":\"https:\\\/\\\/allasorias.hu\\\/hirek\\\/csucson-a-foglalkoztatottsag-magyarorszagon\\\/#breadcrumblist\"},\"author\":{\"@id\":\"https:\\\/\\\/allasorias.hu\\\/hirek\\\/author\\\/admin-allasorias\\\/#author\"},\"creator\":{\"@id\":\"https:\\\/\\\/allasorias.hu\\\/hirek\\\/author\\\/admin-allasorias\\\/#author\"},\"image\":{\"@type\":\"ImageObject\",\"url\":\"https:\\\/\\\/allasorias.hu\\\/hirek\\\/wp-content\\\/uploads\\\/2019\\\/01\\\/novekedes_freedigitalphotos_pakorn.jpg\",\"@id\":\"https:\\\/\\\/allasorias.hu\\\/hirek\\\/csucson-a-foglalkoztatottsag-magyarorszagon\\\/#mainImage\",\"width\":512,\"height\":384},\"primaryImageOfPage\":{\"@id\":\"https:\\\/\\\/allasorias.hu\\\/hirek\\\/csucson-a-foglalkoztatottsag-magyarorszagon\\\/#mainImage\"},\"datePublished\":\"2019-10-29T10:03:02+02:00\",\"dateModified\":\"2019-10-30T08:28:05+02:00\"},{\"@type\":\"WebSite\",\"@id\":\"https:\\\/\\\/allasorias.hu\\\/hirek\\\/#website\",\"url\":\"https:\\\/\\\/allasorias.hu\\\/hirek\\\/\",\"name\":\"AllasOrias.hu | H\\u00edrek-lapszemle\",\"description\":\"\\u00dczleti h\\u00edrek az \\u00e1ll\\u00e1s \\u00e9s a munka vil\\u00e1g\\u00e1b\\u00f3l\",\"inLanguage\":\"hu-HU\",\"publisher\":{\"@id\":\"https:\\\/\\\/allasorias.hu\\\/hirek\\\/#organization\"}}]}\n\t\t<\/script>\n\t\t<!-- All in One SEO -->\n\n","aioseo_head_json":{"title":"Cs\u00facson a foglalkoztatotts\u00e1g Magyarorsz\u00e1gon | AllasOrias.hu | H\u00edrek-lapszemle","description":"A j\u00falius-szeptemberi id\u0151szakban, azaz a harmadik negyed\u00e9vben, 4 milli\u00f3 521 ezer volt a foglalkoztatottak \u00e1tlagos l\u00e9tsz\u00e1ma, 34 ezerrel t\u00f6bb, mint egy \u00e9vvel kor\u00e1bban. A 15-64 \u00e9vesek foglalkoztat\u00e1si r\u00e1t\u00e1ja 0,7 sz\u00e1zal\u00e9kponttal 70,3 sz\u00e1zal\u00e9kra emelkedett - jelentette kedden a K\u00f6zponti Statisztikai Hivatal. A 15-24 \u00e9ves fiatalok k\u00f6z\u00f6tt 0,5 sz\u00e1zal\u00e9kponttal, 29,2 sz\u00e1zal\u00e9kosra cs\u00f6kkent a foglalkoztat\u00e1si r\u00e1ta. A legjobb","canonical_url":"https:\/\/allasorias.hu\/hirek\/csucson-a-foglalkoztatottsag-magyarorszagon\/","robots":"max-image-preview:large","keywords":"","webmasterTools":{"miscellaneous":""},"schema":{"@context":"https:\/\/schema.org","@graph":[{"@type":"Article","@id":"https:\/\/allasorias.hu\/hirek\/csucson-a-foglalkoztatottsag-magyarorszagon\/#article","name":"Cs\u00facson a foglalkoztatotts\u00e1g Magyarorsz\u00e1gon | AllasOrias.hu | H\u00edrek-lapszemle","headline":"Cs\u00facson a foglalkoztatotts\u00e1g Magyarorsz\u00e1gon","author":{"@id":"https:\/\/allasorias.hu\/hirek\/author\/admin-allasorias\/#author"},"publisher":{"@id":"https:\/\/allasorias.hu\/hirek\/#organization"},"image":{"@type":"ImageObject","url":"https:\/\/allasorias.hu\/hirek\/wp-content\/uploads\/2019\/01\/novekedes_freedigitalphotos_pakorn.jpg","width":512,"height":384},"datePublished":"2019-10-29T10:03:02+02:00","dateModified":"2019-10-30T08:28:05+02:00","inLanguage":"hu-HU","mainEntityOfPage":{"@id":"https:\/\/allasorias.hu\/hirek\/csucson-a-foglalkoztatottsag-magyarorszagon\/#webpage"},"isPartOf":{"@id":"https:\/\/allasorias.hu\/hirek\/csucson-a-foglalkoztatottsag-magyarorszagon\/#webpage"},"articleSection":"Gazdas\u00e1g, Munkaer\u0151piac"},{"@type":"BreadcrumbList","@id":"https:\/\/allasorias.hu\/hirek\/csucson-a-foglalkoztatottsag-magyarorszagon\/#breadcrumblist","itemListElement":[{"@type":"ListItem","@id":"https:\/\/allasorias.hu\/hirek#listItem","position":1,"name":"Home","item":"https:\/\/allasorias.hu\/hirek","nextItem":{"@type":"ListItem","@id":"https:\/\/allasorias.hu\/hirek\/temak\/gazdasag\/#listItem","name":"Gazdas\u00e1g"}},{"@type":"ListItem","@id":"https:\/\/allasorias.hu\/hirek\/temak\/gazdasag\/#listItem","position":2,"name":"Gazdas\u00e1g","item":"https:\/\/allasorias.hu\/hirek\/temak\/gazdasag\/","nextItem":{"@type":"ListItem","@id":"https:\/\/allasorias.hu\/hirek\/csucson-a-foglalkoztatottsag-magyarorszagon\/#listItem","name":"Cs\u00facson a foglalkoztatotts\u00e1g Magyarorsz\u00e1gon"},"previousItem":{"@type":"ListItem","@id":"https:\/\/allasorias.hu\/hirek#listItem","name":"Home"}},{"@type":"ListItem","@id":"https:\/\/allasorias.hu\/hirek\/csucson-a-foglalkoztatottsag-magyarorszagon\/#listItem","position":3,"name":"Cs\u00facson a foglalkoztatotts\u00e1g Magyarorsz\u00e1gon","previousItem":{"@type":"ListItem","@id":"https:\/\/allasorias.hu\/hirek\/temak\/gazdasag\/#listItem","name":"Gazdas\u00e1g"}}]},{"@type":"Organization","@id":"https:\/\/allasorias.hu\/hirek\/#organization","name":"AllasOrias.hu | H\u00edrek-lapszemle","description":"\u00dczleti h\u00edrek az \u00e1ll\u00e1s \u00e9s a munka vil\u00e1g\u00e1b\u00f3l","url":"https:\/\/allasorias.hu\/hirek\/","logo":{"@type":"ImageObject","url":"https:\/\/allasorias.hu\/hirek\/wp-content\/uploads\/2022\/10\/allasorias_site_facebok_logo.png","@id":"https:\/\/allasorias.hu\/hirek\/csucson-a-foglalkoztatottsag-magyarorszagon\/#organizationLogo"},"image":{"@id":"https:\/\/allasorias.hu\/hirek\/csucson-a-foglalkoztatottsag-magyarorszagon\/#organizationLogo"},"sameAs":["https:\/\/www.facebook.com\/allasorias","https:\/\/www.linkedin.com\/company\/allasorias"]},{"@type":"Person","@id":"https:\/\/allasorias.hu\/hirek\/author\/admin-allasorias\/#author","url":"https:\/\/allasorias.hu\/hirek\/author\/admin-allasorias\/","name":"Juh\u00e1sz P\u00e9ter","image":{"@type":"ImageObject","@id":"https:\/\/allasorias.hu\/hirek\/csucson-a-foglalkoztatottsag-magyarorszagon\/#authorImage","url":"https:\/\/secure.gravatar.com\/avatar\/36e6bcb83148978b992977cb0f54d22feb0cce8a0a849a9410532bb2623ba4c6?s=96&d=mm&r=g","width":96,"height":96,"caption":"Juh\u00e1sz P\u00e9ter"}},{"@type":"WebPage","@id":"https:\/\/allasorias.hu\/hirek\/csucson-a-foglalkoztatottsag-magyarorszagon\/#webpage","url":"https:\/\/allasorias.hu\/hirek\/csucson-a-foglalkoztatottsag-magyarorszagon\/","name":"Cs\u00facson a foglalkoztatotts\u00e1g Magyarorsz\u00e1gon | AllasOrias.hu | H\u00edrek-lapszemle","description":"A j\u00falius-szeptemberi id\u0151szakban, azaz a harmadik negyed\u00e9vben, 4 milli\u00f3 521 ezer volt a foglalkoztatottak \u00e1tlagos l\u00e9tsz\u00e1ma, 34 ezerrel t\u00f6bb, mint egy \u00e9vvel kor\u00e1bban. A 15-64 \u00e9vesek foglalkoztat\u00e1si r\u00e1t\u00e1ja 0,7 sz\u00e1zal\u00e9kponttal 70,3 sz\u00e1zal\u00e9kra emelkedett - jelentette kedden a K\u00f6zponti Statisztikai Hivatal. A 15-24 \u00e9ves fiatalok k\u00f6z\u00f6tt 0,5 sz\u00e1zal\u00e9kponttal, 29,2 sz\u00e1zal\u00e9kosra cs\u00f6kkent a foglalkoztat\u00e1si r\u00e1ta. A legjobb","inLanguage":"hu-HU","isPartOf":{"@id":"https:\/\/allasorias.hu\/hirek\/#website"},"breadcrumb":{"@id":"https:\/\/allasorias.hu\/hirek\/csucson-a-foglalkoztatottsag-magyarorszagon\/#breadcrumblist"},"author":{"@id":"https:\/\/allasorias.hu\/hirek\/author\/admin-allasorias\/#author"},"creator":{"@id":"https:\/\/allasorias.hu\/hirek\/author\/admin-allasorias\/#author"},"image":{"@type":"ImageObject","url":"https:\/\/allasorias.hu\/hirek\/wp-content\/uploads\/2019\/01\/novekedes_freedigitalphotos_pakorn.jpg","@id":"https:\/\/allasorias.hu\/hirek\/csucson-a-foglalkoztatottsag-magyarorszagon\/#mainImage","width":512,"height":384},"primaryImageOfPage":{"@id":"https:\/\/allasorias.hu\/hirek\/csucson-a-foglalkoztatottsag-magyarorszagon\/#mainImage"},"datePublished":"2019-10-29T10:03:02+02:00","dateModified":"2019-10-30T08:28:05+02:00"},{"@type":"WebSite","@id":"https:\/\/allasorias.hu\/hirek\/#website","url":"https:\/\/allasorias.hu\/hirek\/","name":"AllasOrias.hu | H\u00edrek-lapszemle","description":"\u00dczleti h\u00edrek az \u00e1ll\u00e1s \u00e9s a munka vil\u00e1g\u00e1b\u00f3l","inLanguage":"hu-HU","publisher":{"@id":"https:\/\/allasorias.hu\/hirek\/#organization"}}]},"og:locale":"hu_HU","og:site_name":"AllasOrias.hu | H\u00edrek-lapszemle | \u00dczleti h\u00edrek az \u00e1ll\u00e1s \u00e9s a munka vil\u00e1g\u00e1b\u00f3l","og:type":"article","og:title":"Cs\u00facson a foglalkoztatotts\u00e1g Magyarorsz\u00e1gon | AllasOrias.hu | H\u00edrek-lapszemle","og:description":"A j\u00falius-szeptemberi id\u0151szakban, azaz a harmadik negyed\u00e9vben, 4 milli\u00f3 521 ezer volt a foglalkoztatottak \u00e1tlagos l\u00e9tsz\u00e1ma, 34 ezerrel t\u00f6bb, mint egy \u00e9vvel kor\u00e1bban. A 15-64 \u00e9vesek foglalkoztat\u00e1si r\u00e1t\u00e1ja 0,7 sz\u00e1zal\u00e9kponttal 70,3 sz\u00e1zal\u00e9kra emelkedett - jelentette kedden a K\u00f6zponti Statisztikai Hivatal. A 15-24 \u00e9ves fiatalok k\u00f6z\u00f6tt 0,5 sz\u00e1zal\u00e9kponttal, 29,2 sz\u00e1zal\u00e9kosra cs\u00f6kkent a foglalkoztat\u00e1si r\u00e1ta. A legjobb","og:url":"https:\/\/allasorias.hu\/hirek\/csucson-a-foglalkoztatottsag-magyarorszagon\/","og:image":"https:\/\/allasorias.hu\/hirek\/wp-content\/uploads\/2019\/01\/novekedes_freedigitalphotos_pakorn.jpg","og:image:secure_url":"https:\/\/allasorias.hu\/hirek\/wp-content\/uploads\/2019\/01\/novekedes_freedigitalphotos_pakorn.jpg","og:image:width":512,"og:image:height":384,"article:published_time":"2019-10-29T10:03:02+00:00","article:modified_time":"2019-10-30T08:28:05+00:00","article:publisher":"https:\/\/www.facebook.com\/allasorias","twitter:card":"summary_large_image","twitter:title":"Cs\u00facson a foglalkoztatotts\u00e1g Magyarorsz\u00e1gon | AllasOrias.hu | H\u00edrek-lapszemle","twitter:description":"A j\u00falius-szeptemberi id\u0151szakban, azaz a harmadik negyed\u00e9vben, 4 milli\u00f3 521 ezer volt a foglalkoztatottak \u00e1tlagos l\u00e9tsz\u00e1ma, 34 ezerrel t\u00f6bb, mint egy \u00e9vvel kor\u00e1bban. A 15-64 \u00e9vesek foglalkoztat\u00e1si r\u00e1t\u00e1ja 0,7 sz\u00e1zal\u00e9kponttal 70,3 sz\u00e1zal\u00e9kra emelkedett - jelentette kedden a K\u00f6zponti Statisztikai Hivatal. A 15-24 \u00e9ves fiatalok k\u00f6z\u00f6tt 0,5 sz\u00e1zal\u00e9kponttal, 29,2 sz\u00e1zal\u00e9kosra cs\u00f6kkent a foglalkoztat\u00e1si r\u00e1ta. A legjobb","twitter:image":"https:\/\/allasorias.hu\/hirek\/wp-content\/uploads\/2019\/01\/novekedes_freedigitalphotos_pakorn.jpg","twitter:label1":"Written by","twitter:data1":"Juh\u00e1sz P\u00e9ter","twitter:label2":"Est. reading time","twitter:data2":"1 minute"},"aioseo_meta_data":{"post_id":"3432","title":null,"description":null,"keywords":null,"keyphrases":null,"primary_term":null,"canonical_url":null,"og_title":null,"og_description":null,"og_object_type":"default","og_image_type":"default","og_image_url":null,"og_image_width":null,"og_image_height":null,"og_image_custom_url":null,"og_image_custom_fields":null,"og_video":null,"og_custom_url":null,"og_article_section":null,"og_article_tags":null,"twitter_use_og":false,"twitter_card":"default","twitter_image_type":"default","twitter_image_url":null,"twitter_image_custom_url":null,"twitter_image_custom_fields":null,"twitter_title":null,"twitter_description":null,"schema":{"blockGraphs":[],"customGraphs":[],"default":{"data":{"Article":[],"Course":[],"Dataset":[],"FAQPage":[],"Movie":[],"Person":[],"Product":[],"ProductReview":[],"Car":[],"Recipe":[],"Service":[],"SoftwareApplication":[],"WebPage":[]},"graphName":"","isEnabled":true},"graphs":[]},"schema_type":null,"schema_type_options":null,"pillar_content":false,"robots_default":true,"robots_noindex":false,"robots_noarchive":false,"robots_nosnippet":false,"robots_nofollow":false,"robots_noimageindex":false,"robots_noodp":false,"robots_notranslate":false,"robots_max_snippet":null,"robots_max_videopreview":null,"robots_max_imagepreview":"large","priority":null,"frequency":null,"location":null,"local_seo":null,"breadcrumb_settings":null,"limit_modified_date":false,"ai":null,"created":"2021-02-01 22:56:23","updated":"2025-10-02 12:06:36","seo_analyzer_scan_date":null,"focus_keyword":null,"additional_keywords":null,"truseo_locale":null},"aioseo_breadcrumb":"<div class=\"aioseo-breadcrumbs\"><span class=\"aioseo-breadcrumb\">\n\t\t\t<a href=\"https:\/\/allasorias.hu\/hirek\" title=\"Home\">Home<\/a>\n\t\t<\/span><span class=\"aioseo-breadcrumb-separator\">&raquo;<\/span><span class=\"aioseo-breadcrumb\">\n\t\t\t<a href=\"https:\/\/allasorias.hu\/hirek\/temak\/gazdasag\/\" title=\"Gazdas\u00e1g\">Gazdas\u00e1g<\/a>\n\t\t<\/span><span class=\"aioseo-breadcrumb-separator\">&raquo;<\/span><span class=\"aioseo-breadcrumb\">\n\t\t\tCs\u00facson a foglalkoztatotts\u00e1g Magyarorsz\u00e1gon\n\t\t<\/span><\/div>","aioseo_breadcrumb_json":[{"label":"Home","link":"https:\/\/allasorias.hu\/hirek"},{"label":"Gazdas\u00e1g","link":"https:\/\/allasorias.hu\/hirek\/temak\/gazdasag\/"},{"label":"Cs\u00facson a foglalkoztatotts\u00e1g Magyarorsz\u00e1gon","link":"https:\/\/allasorias.hu\/hirek\/csucson-a-foglalkoztatottsag-magyarorszagon\/"}],"_links":{"self":[{"href":"https:\/\/allasorias.hu\/hirek\/wp-json\/wp\/v2\/posts\/3432","targetHints":{"allow":["GET"]}}],"collection":[{"href":"https:\/\/allasorias.hu\/hirek\/wp-json\/wp\/v2\/posts"}],"about":[{"href":"https:\/\/allasorias.hu\/hirek\/wp-json\/wp\/v2\/types\/post"}],"author":[{"embeddable":true,"href":"https:\/\/allasorias.hu\/hirek\/wp-json\/wp\/v2\/users\/1"}],"replies":[{"embeddable":true,"href":"https:\/\/allasorias.hu\/hirek\/wp-json\/wp\/v2\/comments?post=3432"}],"version-history":[{"count":1,"href":"https:\/\/allasorias.hu\/hirek\/wp-json\/wp\/v2\/posts\/3432\/revisions"}],"predecessor-version":[{"id":3433,"href":"https:\/\/allasorias.hu\/hirek\/wp-json\/wp\/v2\/posts\/3432\/revisions\/3433"}],"wp:featuredmedia":[{"embeddable":true,"href":"https:\/\/allasorias.hu\/hirek\/wp-json\/wp\/v2\/media\/2435"}],"wp:attachment":[{"href":"https:\/\/allasorias.hu\/hirek\/wp-json\/wp\/v2\/media?parent=3432"}],"wp:term":[{"taxonomy":"category","embeddable":true,"href":"https:\/\/allasorias.hu\/hirek\/wp-json\/wp\/v2\/categories?post=3432"},{"taxonomy":"post_tag","embeddable":true,"href":"https:\/\/allasorias.hu\/hirek\/wp-json\/wp\/v2\/tags?post=3432"}],"curies":[{"name":"wp","href":"https:\/\/api.w.org\/{rel}","templated":true}]}}