{"id":3419,"date":"2019-10-24T08:09:10","date_gmt":"2019-10-24T08:09:10","guid":{"rendered":"https:\/\/allasorias.hu\/hirek\/?p=3419"},"modified":"2019-10-24T08:09:52","modified_gmt":"2019-10-24T08:09:52","slug":"szukseg-van-a-tartalek-munkaerore","status":"publish","type":"post","link":"https:\/\/allasorias.hu\/hirek\/szukseg-van-a-tartalek-munkaerore\/","title":{"rendered":"Sz\u00fcks\u00e9g van a tartal\u00e9k munkaer\u0151re"},"content":{"rendered":"<p><strong>A munkaer\u0151 tartal\u00e9k aktiviz\u00e1l\u00e1s\u00e1nak fontoss\u00e1g\u00e1r\u00f3l besz\u00e9lt a P\u00e9nz\u00fcgyminiszt\u00e9rium foglalkoztat\u00e1spolitik\u00e1\u00e9rt \u00e9s v\u00e1llalati kapcsolatok\u00e9rt felel\u0151s \u00e1llamtitk\u00e1ra a g\u00f6d\u00f6ll\u0151i foglalkoztat\u00e1spolitikai konferenci\u00e1n. Bod\u00f3 S\u00e1ndor kifejtette: az \u00e1ll\u00e1skeres\u0151k\u00f6n k\u00edv\u00fcl a munkaer\u0151-tartal\u00e9k r\u00e9sz\u00e9t k\u00e9pezik a kisgyermeket nevel\u0151 sz\u00fcl\u0151k, akik gyermek\u00fcket b\u00f6lcs\u0151d\u00e9be j\u00e1rathatj\u00e1k, \u00e9s azok, akik r\u00e9szmunkaid\u0151s foglalkoztat\u00e1st tudn\u00e1nak v\u00e1llalni, ha nagyobb lenne a k\u00edn\u00e1lat.<\/strong><\/p>\n<p>Jelent\u0151s a sz\u00e1muk azoknak is, akik nem jelennek meg \u00e1ll\u00e1skeres\u0151k\u00e9nt a munka\u00fcgyi rendszerben. Az \u0151 bevon\u00e1sukra is eszk\u00f6z\u00f6ket kellene tal\u00e1lni \u2013 f\u0171zte hozz\u00e1 Bod\u00f3 S\u00e1ndor, hangs\u00falyozva, hogy a versenyszf\u00e9r\u00e1ban t\u00f6bb munkav\u00e1llal\u00f3ra van sz\u00fcks\u00e9g, mint amennyi \u00e1ll\u00e1s n\u00e9lk\u00fcli, foglalkoztathat\u00f3 ember van Magyarorsz\u00e1gon. Az \u00e1llamtitk\u00e1r a Pest Megyei Korm\u00e1nyhivatal \u00e1ltal szervezett konferenci\u00e1n arr\u00f3l is besz\u00e9lt, hogy a versenyszf\u00e9r\u00e1ban k\u00fcl\u00f6n\u00f6sen fesz\u00edt\u0151 a c\u00e9gek \u00e1ltal keresett, adott k\u00e9pzetts\u00e9g\u0171 munkav\u00e1llal\u00f3k hi\u00e1nya, igaz, a c\u00e9gek ezt r\u00e9szben ellens\u00falyozz\u00e1k saj\u00e1t k\u00e9pz\u00e9ssel, ha alkalmas jelentkez\u0151ket tal\u00e1lnak. Karak\u00f3 L\u00e1szl\u00f3 miniszteri biztos kiemelte: a munkaer\u0151-tartal\u00e9k 54 sz\u00e1zal\u00e9ka 6 megy\u00e9ben tal\u00e1lhat\u00f3: Borsod-Aba\u00faj-Zempl\u00e9n, Hajd\u00fa-Bihar, Szabolcs-Szatm\u00e1r-Bereg, N\u00f3gr\u00e1d, Somogy, Baranya megye. Aktiviz\u00e1l\u00e1sukat szolg\u00e1lja a munker\u0151piaci reformprogram is, amely azok munk\u00e1hoz jut\u00e1s\u00e1t seg\u00edti a munka\u00fcgyi szervezetek \u00e9s a munkaad\u00f3k hat\u00e9konyabb egy\u00fcttm\u0171k\u00f6d\u00e9s\u00e9vel, akiket kevesebb k\u00e9pz\u00e9ssel, hat\u00e9kony munkaszervez\u00e9ssel ki lehet helyezni a munkaer\u0151piacra.<\/p>\n<p>&nbsp;<\/p>\n<p>Forr\u00e1s: MTI\/PM, kamaraonline.hu<\/p>\n","protected":false},"excerpt":{"rendered":"<p>A munkaer\u0151 tartal\u00e9k aktiviz\u00e1l\u00e1s\u00e1nak fontoss\u00e1g\u00e1r\u00f3l besz\u00e9lt a P\u00e9nz\u00fcgyminiszt\u00e9rium foglalkoztat\u00e1spolitik\u00e1\u00e9rt \u00e9s v\u00e1llalati kapcsolatok\u00e9rt felel\u0151s \u00e1llamtitk\u00e1ra a g\u00f6d\u00f6ll\u0151i foglalkoztat\u00e1spolitikai konferenci\u00e1n. Bod\u00f3 S\u00e1ndor kifejtette: az \u00e1ll\u00e1skeres\u0151k\u00f6n k\u00edv\u00fcl a munkaer\u0151-tartal\u00e9k r\u00e9sz\u00e9t k\u00e9pezik a kisgyermeket nevel\u0151 sz\u00fcl\u0151k, akik gyermek\u00fcket b\u00f6lcs\u0151d\u00e9be j\u00e1rathatj\u00e1k, \u00e9s azok, akik r\u00e9szmunkaid\u0151s foglalkoztat\u00e1st tudn\u00e1nak v\u00e1llalni, ha nagyobb lenne a k\u00edn\u00e1lat. Jelent\u0151s a sz\u00e1muk azoknak is, akik nem [&hellip;]<\/p>\n","protected":false},"author":1,"featured_media":2248,"comment_status":"open","ping_status":"open","sticky":false,"template":"","format":"standard","meta":{"_monsterinsights_skip_tracking":false,"footnotes":""},"categories":[1,200],"tags":[],"class_list":["post-3419","post","type-post","status-publish","format-standard","has-post-thumbnail","hentry","category-allaskereses","category-munkaeropiac"],"aioseo_notices":[],"aioseo_head":"\n\t\t<!-- All in One SEO 5.0.0.1 - aioseo.com -->\n\t<meta name=\"description\" content=\"A munkaer\u0151 tartal\u00e9k aktiviz\u00e1l\u00e1s\u00e1nak fontoss\u00e1g\u00e1r\u00f3l besz\u00e9lt a P\u00e9nz\u00fcgyminiszt\u00e9rium foglalkoztat\u00e1spolitik\u00e1\u00e9rt \u00e9s v\u00e1llalati kapcsolatok\u00e9rt felel\u0151s \u00e1llamtitk\u00e1ra a g\u00f6d\u00f6ll\u0151i foglalkoztat\u00e1spolitikai konferenci\u00e1n. Bod\u00f3 S\u00e1ndor kifejtette: az \u00e1ll\u00e1skeres\u0151k\u00f6n k\u00edv\u00fcl a munkaer\u0151-tartal\u00e9k r\u00e9sz\u00e9t k\u00e9pezik a kisgyermeket nevel\u0151 sz\u00fcl\u0151k, akik gyermek\u00fcket b\u00f6lcs\u0151d\u00e9be j\u00e1rathatj\u00e1k, \u00e9s azok, akik r\u00e9szmunkaid\u0151s foglalkoztat\u00e1st tudn\u00e1nak v\u00e1llalni, ha nagyobb lenne a k\u00edn\u00e1lat. Jelent\u0151s a sz\u00e1muk azoknak is, akik nem\" \/>\n\t<meta name=\"robots\" content=\"max-image-preview:large\" \/>\n\t<meta name=\"author\" content=\"Juh\u00e1sz P\u00e9ter\"\/>\n\t<link rel=\"canonical\" href=\"https:\/\/allasorias.hu\/hirek\/szukseg-van-a-tartalek-munkaerore\/\" \/>\n\t<meta name=\"generator\" content=\"All in One SEO (AIOSEO) 5.0.0.1\" \/>\n\t\t<meta property=\"og:locale\" content=\"hu_HU\" \/>\n\t\t<meta property=\"og:site_name\" content=\"AllasOrias.hu | H\u00edrek-lapszemle | \u00dczleti h\u00edrek az \u00e1ll\u00e1s \u00e9s a munka vil\u00e1g\u00e1b\u00f3l\" \/>\n\t\t<meta property=\"og:type\" content=\"article\" \/>\n\t\t<meta property=\"og:title\" content=\"Sz\u00fcks\u00e9g van a tartal\u00e9k munkaer\u0151re | AllasOrias.hu | H\u00edrek-lapszemle\" \/>\n\t\t<meta property=\"og:description\" content=\"A munkaer\u0151 tartal\u00e9k aktiviz\u00e1l\u00e1s\u00e1nak fontoss\u00e1g\u00e1r\u00f3l besz\u00e9lt a P\u00e9nz\u00fcgyminiszt\u00e9rium foglalkoztat\u00e1spolitik\u00e1\u00e9rt \u00e9s v\u00e1llalati kapcsolatok\u00e9rt felel\u0151s \u00e1llamtitk\u00e1ra a g\u00f6d\u00f6ll\u0151i foglalkoztat\u00e1spolitikai konferenci\u00e1n. Bod\u00f3 S\u00e1ndor kifejtette: az \u00e1ll\u00e1skeres\u0151k\u00f6n k\u00edv\u00fcl a munkaer\u0151-tartal\u00e9k r\u00e9sz\u00e9t k\u00e9pezik a kisgyermeket nevel\u0151 sz\u00fcl\u0151k, akik gyermek\u00fcket b\u00f6lcs\u0151d\u00e9be j\u00e1rathatj\u00e1k, \u00e9s azok, akik r\u00e9szmunkaid\u0151s foglalkoztat\u00e1st tudn\u00e1nak v\u00e1llalni, ha nagyobb lenne a k\u00edn\u00e1lat. Jelent\u0151s a sz\u00e1muk azoknak is, akik nem\" \/>\n\t\t<meta property=\"og:url\" content=\"https:\/\/allasorias.hu\/hirek\/szukseg-van-a-tartalek-munkaerore\/\" \/>\n\t\t<meta property=\"og:image\" content=\"https:\/\/allasorias.hu\/hirek\/wp-content\/uploads\/2018\/11\/lead_560w-1.jpg\" \/>\n\t\t<meta property=\"og:image:secure_url\" content=\"https:\/\/allasorias.hu\/hirek\/wp-content\/uploads\/2018\/11\/lead_560w-1.jpg\" \/>\n\t\t<meta property=\"og:image:width\" content=\"560\" \/>\n\t\t<meta property=\"og:image:height\" content=\"420\" \/>\n\t\t<meta property=\"article:published_time\" content=\"2019-10-24T08:09:10+00:00\" \/>\n\t\t<meta property=\"article:modified_time\" content=\"2019-10-24T08:09:52+00:00\" \/>\n\t\t<meta property=\"article:publisher\" content=\"https:\/\/www.facebook.com\/allasorias\" \/>\n\t\t<meta name=\"twitter:card\" content=\"summary_large_image\" \/>\n\t\t<meta name=\"twitter:title\" content=\"Sz\u00fcks\u00e9g van a tartal\u00e9k munkaer\u0151re | AllasOrias.hu | H\u00edrek-lapszemle\" \/>\n\t\t<meta name=\"twitter:description\" content=\"A munkaer\u0151 tartal\u00e9k aktiviz\u00e1l\u00e1s\u00e1nak fontoss\u00e1g\u00e1r\u00f3l besz\u00e9lt a P\u00e9nz\u00fcgyminiszt\u00e9rium foglalkoztat\u00e1spolitik\u00e1\u00e9rt \u00e9s v\u00e1llalati kapcsolatok\u00e9rt felel\u0151s \u00e1llamtitk\u00e1ra a g\u00f6d\u00f6ll\u0151i foglalkoztat\u00e1spolitikai konferenci\u00e1n. Bod\u00f3 S\u00e1ndor kifejtette: az \u00e1ll\u00e1skeres\u0151k\u00f6n k\u00edv\u00fcl a munkaer\u0151-tartal\u00e9k r\u00e9sz\u00e9t k\u00e9pezik a kisgyermeket nevel\u0151 sz\u00fcl\u0151k, akik gyermek\u00fcket b\u00f6lcs\u0151d\u00e9be j\u00e1rathatj\u00e1k, \u00e9s azok, akik r\u00e9szmunkaid\u0151s foglalkoztat\u00e1st tudn\u00e1nak v\u00e1llalni, ha nagyobb lenne a k\u00edn\u00e1lat. Jelent\u0151s a sz\u00e1muk azoknak is, akik nem\" \/>\n\t\t<meta name=\"twitter:image\" content=\"https:\/\/allasorias.hu\/hirek\/wp-content\/uploads\/2018\/11\/lead_560w-1.jpg\" \/>\n\t\t<meta name=\"twitter:label1\" content=\"Written by\" \/>\n\t\t<meta name=\"twitter:data1\" content=\"Juh\u00e1sz P\u00e9ter\" \/>\n\t\t<meta name=\"twitter:label2\" content=\"Est. reading time\" \/>\n\t\t<meta name=\"twitter:data2\" content=\"2 minutes\" \/>\n\t\t<script type=\"application\/ld+json\" class=\"aioseo-schema\">\n\t\t\t{\"@context\":\"https:\\\/\\\/schema.org\",\"@graph\":[{\"@type\":\"Article\",\"@id\":\"https:\\\/\\\/allasorias.hu\\\/hirek\\\/szukseg-van-a-tartalek-munkaerore\\\/#article\",\"name\":\"Sz\\u00fcks\\u00e9g van a tartal\\u00e9k munkaer\\u0151re | AllasOrias.hu | H\\u00edrek-lapszemle\",\"headline\":\"Sz\\u00fcks\\u00e9g van a tartal\\u00e9k munkaer\\u0151re\",\"author\":{\"@id\":\"https:\\\/\\\/allasorias.hu\\\/hirek\\\/author\\\/admin-allasorias\\\/#author\"},\"publisher\":{\"@id\":\"https:\\\/\\\/allasorias.hu\\\/hirek\\\/#organization\"},\"image\":{\"@type\":\"ImageObject\",\"url\":\"https:\\\/\\\/allasorias.hu\\\/hirek\\\/wp-content\\\/uploads\\\/2018\\\/11\\\/lead_560w-1.jpg\",\"width\":560,\"height\":420},\"datePublished\":\"2019-10-24T08:09:10+02:00\",\"dateModified\":\"2019-10-24T08:09:52+02:00\",\"inLanguage\":\"hu-HU\",\"mainEntityOfPage\":{\"@id\":\"https:\\\/\\\/allasorias.hu\\\/hirek\\\/szukseg-van-a-tartalek-munkaerore\\\/#webpage\"},\"isPartOf\":{\"@id\":\"https:\\\/\\\/allasorias.hu\\\/hirek\\\/szukseg-van-a-tartalek-munkaerore\\\/#webpage\"},\"articleSection\":\"\\u00c1ll\\u00e1skeres\\u00e9s, Munkaer\\u0151piac\"},{\"@type\":\"BreadcrumbList\",\"@id\":\"https:\\\/\\\/allasorias.hu\\\/hirek\\\/szukseg-van-a-tartalek-munkaerore\\\/#breadcrumblist\",\"itemListElement\":[{\"@type\":\"ListItem\",\"@id\":\"https:\\\/\\\/allasorias.hu\\\/hirek#listItem\",\"position\":1,\"name\":\"Home\",\"item\":\"https:\\\/\\\/allasorias.hu\\\/hirek\",\"nextItem\":{\"@type\":\"ListItem\",\"@id\":\"https:\\\/\\\/allasorias.hu\\\/hirek\\\/temak\\\/allaskereses\\\/#listItem\",\"name\":\"\\u00c1ll\\u00e1skeres\\u00e9s\"}},{\"@type\":\"ListItem\",\"@id\":\"https:\\\/\\\/allasorias.hu\\\/hirek\\\/temak\\\/allaskereses\\\/#listItem\",\"position\":2,\"name\":\"\\u00c1ll\\u00e1skeres\\u00e9s\",\"item\":\"https:\\\/\\\/allasorias.hu\\\/hirek\\\/temak\\\/allaskereses\\\/\",\"nextItem\":{\"@type\":\"ListItem\",\"@id\":\"https:\\\/\\\/allasorias.hu\\\/hirek\\\/szukseg-van-a-tartalek-munkaerore\\\/#listItem\",\"name\":\"Sz\\u00fcks\\u00e9g van a tartal\\u00e9k munkaer\\u0151re\"},\"previousItem\":{\"@type\":\"ListItem\",\"@id\":\"https:\\\/\\\/allasorias.hu\\\/hirek#listItem\",\"name\":\"Home\"}},{\"@type\":\"ListItem\",\"@id\":\"https:\\\/\\\/allasorias.hu\\\/hirek\\\/szukseg-van-a-tartalek-munkaerore\\\/#listItem\",\"position\":3,\"name\":\"Sz\\u00fcks\\u00e9g van a tartal\\u00e9k munkaer\\u0151re\",\"previousItem\":{\"@type\":\"ListItem\",\"@id\":\"https:\\\/\\\/allasorias.hu\\\/hirek\\\/temak\\\/allaskereses\\\/#listItem\",\"name\":\"\\u00c1ll\\u00e1skeres\\u00e9s\"}}]},{\"@type\":\"Organization\",\"@id\":\"https:\\\/\\\/allasorias.hu\\\/hirek\\\/#organization\",\"name\":\"AllasOrias.hu | H\\u00edrek-lapszemle\",\"description\":\"\\u00dczleti h\\u00edrek az \\u00e1ll\\u00e1s \\u00e9s a munka vil\\u00e1g\\u00e1b\\u00f3l\",\"url\":\"https:\\\/\\\/allasorias.hu\\\/hirek\\\/\",\"logo\":{\"@type\":\"ImageObject\",\"url\":\"https:\\\/\\\/allasorias.hu\\\/hirek\\\/wp-content\\\/uploads\\\/2022\\\/10\\\/allasorias_site_facebok_logo.png\",\"@id\":\"https:\\\/\\\/allasorias.hu\\\/hirek\\\/szukseg-van-a-tartalek-munkaerore\\\/#organizationLogo\"},\"image\":{\"@id\":\"https:\\\/\\\/allasorias.hu\\\/hirek\\\/szukseg-van-a-tartalek-munkaerore\\\/#organizationLogo\"},\"sameAs\":[\"https:\\\/\\\/www.facebook.com\\\/allasorias\",\"https:\\\/\\\/www.linkedin.com\\\/company\\\/allasorias\"]},{\"@type\":\"Person\",\"@id\":\"https:\\\/\\\/allasorias.hu\\\/hirek\\\/author\\\/admin-allasorias\\\/#author\",\"url\":\"https:\\\/\\\/allasorias.hu\\\/hirek\\\/author\\\/admin-allasorias\\\/\",\"name\":\"Juh\\u00e1sz P\\u00e9ter\",\"image\":{\"@type\":\"ImageObject\",\"@id\":\"https:\\\/\\\/allasorias.hu\\\/hirek\\\/szukseg-van-a-tartalek-munkaerore\\\/#authorImage\",\"url\":\"https:\\\/\\\/secure.gravatar.com\\\/avatar\\\/36e6bcb83148978b992977cb0f54d22feb0cce8a0a849a9410532bb2623ba4c6?s=96&d=mm&r=g\",\"width\":96,\"height\":96,\"caption\":\"Juh\\u00e1sz P\\u00e9ter\"}},{\"@type\":\"WebPage\",\"@id\":\"https:\\\/\\\/allasorias.hu\\\/hirek\\\/szukseg-van-a-tartalek-munkaerore\\\/#webpage\",\"url\":\"https:\\\/\\\/allasorias.hu\\\/hirek\\\/szukseg-van-a-tartalek-munkaerore\\\/\",\"name\":\"Sz\\u00fcks\\u00e9g van a tartal\\u00e9k munkaer\\u0151re | AllasOrias.hu | H\\u00edrek-lapszemle\",\"description\":\"A munkaer\\u0151 tartal\\u00e9k aktiviz\\u00e1l\\u00e1s\\u00e1nak fontoss\\u00e1g\\u00e1r\\u00f3l besz\\u00e9lt a P\\u00e9nz\\u00fcgyminiszt\\u00e9rium foglalkoztat\\u00e1spolitik\\u00e1\\u00e9rt \\u00e9s v\\u00e1llalati kapcsolatok\\u00e9rt felel\\u0151s \\u00e1llamtitk\\u00e1ra a g\\u00f6d\\u00f6ll\\u0151i foglalkoztat\\u00e1spolitikai konferenci\\u00e1n. Bod\\u00f3 S\\u00e1ndor kifejtette: az \\u00e1ll\\u00e1skeres\\u0151k\\u00f6n k\\u00edv\\u00fcl a munkaer\\u0151-tartal\\u00e9k r\\u00e9sz\\u00e9t k\\u00e9pezik a kisgyermeket nevel\\u0151 sz\\u00fcl\\u0151k, akik gyermek\\u00fcket b\\u00f6lcs\\u0151d\\u00e9be j\\u00e1rathatj\\u00e1k, \\u00e9s azok, akik r\\u00e9szmunkaid\\u0151s foglalkoztat\\u00e1st tudn\\u00e1nak v\\u00e1llalni, ha nagyobb lenne a k\\u00edn\\u00e1lat. Jelent\\u0151s a sz\\u00e1muk azoknak is, akik nem\",\"inLanguage\":\"hu-HU\",\"isPartOf\":{\"@id\":\"https:\\\/\\\/allasorias.hu\\\/hirek\\\/#website\"},\"breadcrumb\":{\"@id\":\"https:\\\/\\\/allasorias.hu\\\/hirek\\\/szukseg-van-a-tartalek-munkaerore\\\/#breadcrumblist\"},\"author\":{\"@id\":\"https:\\\/\\\/allasorias.hu\\\/hirek\\\/author\\\/admin-allasorias\\\/#author\"},\"creator\":{\"@id\":\"https:\\\/\\\/allasorias.hu\\\/hirek\\\/author\\\/admin-allasorias\\\/#author\"},\"image\":{\"@type\":\"ImageObject\",\"url\":\"https:\\\/\\\/allasorias.hu\\\/hirek\\\/wp-content\\\/uploads\\\/2018\\\/11\\\/lead_560w-1.jpg\",\"@id\":\"https:\\\/\\\/allasorias.hu\\\/hirek\\\/szukseg-van-a-tartalek-munkaerore\\\/#mainImage\",\"width\":560,\"height\":420},\"primaryImageOfPage\":{\"@id\":\"https:\\\/\\\/allasorias.hu\\\/hirek\\\/szukseg-van-a-tartalek-munkaerore\\\/#mainImage\"},\"datePublished\":\"2019-10-24T08:09:10+02:00\",\"dateModified\":\"2019-10-24T08:09:52+02:00\"},{\"@type\":\"WebSite\",\"@id\":\"https:\\\/\\\/allasorias.hu\\\/hirek\\\/#website\",\"url\":\"https:\\\/\\\/allasorias.hu\\\/hirek\\\/\",\"name\":\"AllasOrias.hu | H\\u00edrek-lapszemle\",\"description\":\"\\u00dczleti h\\u00edrek az \\u00e1ll\\u00e1s \\u00e9s a munka vil\\u00e1g\\u00e1b\\u00f3l\",\"inLanguage\":\"hu-HU\",\"publisher\":{\"@id\":\"https:\\\/\\\/allasorias.hu\\\/hirek\\\/#organization\"}}]}\n\t\t<\/script>\n\t\t<!-- All in One SEO -->\n\n","aioseo_head_json":{"title":"Sz\u00fcks\u00e9g van a tartal\u00e9k munkaer\u0151re | AllasOrias.hu | H\u00edrek-lapszemle","description":"A munkaer\u0151 tartal\u00e9k aktiviz\u00e1l\u00e1s\u00e1nak fontoss\u00e1g\u00e1r\u00f3l besz\u00e9lt a P\u00e9nz\u00fcgyminiszt\u00e9rium foglalkoztat\u00e1spolitik\u00e1\u00e9rt \u00e9s v\u00e1llalati kapcsolatok\u00e9rt felel\u0151s \u00e1llamtitk\u00e1ra a g\u00f6d\u00f6ll\u0151i foglalkoztat\u00e1spolitikai konferenci\u00e1n. Bod\u00f3 S\u00e1ndor kifejtette: az \u00e1ll\u00e1skeres\u0151k\u00f6n k\u00edv\u00fcl a munkaer\u0151-tartal\u00e9k r\u00e9sz\u00e9t k\u00e9pezik a kisgyermeket nevel\u0151 sz\u00fcl\u0151k, akik gyermek\u00fcket b\u00f6lcs\u0151d\u00e9be j\u00e1rathatj\u00e1k, \u00e9s azok, akik r\u00e9szmunkaid\u0151s foglalkoztat\u00e1st tudn\u00e1nak v\u00e1llalni, ha nagyobb lenne a k\u00edn\u00e1lat. Jelent\u0151s a sz\u00e1muk azoknak is, akik nem","canonical_url":"https:\/\/allasorias.hu\/hirek\/szukseg-van-a-tartalek-munkaerore\/","robots":"max-image-preview:large","keywords":"","webmasterTools":{"miscellaneous":""},"schema":{"@context":"https:\/\/schema.org","@graph":[{"@type":"Article","@id":"https:\/\/allasorias.hu\/hirek\/szukseg-van-a-tartalek-munkaerore\/#article","name":"Sz\u00fcks\u00e9g van a tartal\u00e9k munkaer\u0151re | AllasOrias.hu | H\u00edrek-lapszemle","headline":"Sz\u00fcks\u00e9g van a tartal\u00e9k munkaer\u0151re","author":{"@id":"https:\/\/allasorias.hu\/hirek\/author\/admin-allasorias\/#author"},"publisher":{"@id":"https:\/\/allasorias.hu\/hirek\/#organization"},"image":{"@type":"ImageObject","url":"https:\/\/allasorias.hu\/hirek\/wp-content\/uploads\/2018\/11\/lead_560w-1.jpg","width":560,"height":420},"datePublished":"2019-10-24T08:09:10+02:00","dateModified":"2019-10-24T08:09:52+02:00","inLanguage":"hu-HU","mainEntityOfPage":{"@id":"https:\/\/allasorias.hu\/hirek\/szukseg-van-a-tartalek-munkaerore\/#webpage"},"isPartOf":{"@id":"https:\/\/allasorias.hu\/hirek\/szukseg-van-a-tartalek-munkaerore\/#webpage"},"articleSection":"\u00c1ll\u00e1skeres\u00e9s, Munkaer\u0151piac"},{"@type":"BreadcrumbList","@id":"https:\/\/allasorias.hu\/hirek\/szukseg-van-a-tartalek-munkaerore\/#breadcrumblist","itemListElement":[{"@type":"ListItem","@id":"https:\/\/allasorias.hu\/hirek#listItem","position":1,"name":"Home","item":"https:\/\/allasorias.hu\/hirek","nextItem":{"@type":"ListItem","@id":"https:\/\/allasorias.hu\/hirek\/temak\/allaskereses\/#listItem","name":"\u00c1ll\u00e1skeres\u00e9s"}},{"@type":"ListItem","@id":"https:\/\/allasorias.hu\/hirek\/temak\/allaskereses\/#listItem","position":2,"name":"\u00c1ll\u00e1skeres\u00e9s","item":"https:\/\/allasorias.hu\/hirek\/temak\/allaskereses\/","nextItem":{"@type":"ListItem","@id":"https:\/\/allasorias.hu\/hirek\/szukseg-van-a-tartalek-munkaerore\/#listItem","name":"Sz\u00fcks\u00e9g van a tartal\u00e9k munkaer\u0151re"},"previousItem":{"@type":"ListItem","@id":"https:\/\/allasorias.hu\/hirek#listItem","name":"Home"}},{"@type":"ListItem","@id":"https:\/\/allasorias.hu\/hirek\/szukseg-van-a-tartalek-munkaerore\/#listItem","position":3,"name":"Sz\u00fcks\u00e9g van a tartal\u00e9k munkaer\u0151re","previousItem":{"@type":"ListItem","@id":"https:\/\/allasorias.hu\/hirek\/temak\/allaskereses\/#listItem","name":"\u00c1ll\u00e1skeres\u00e9s"}}]},{"@type":"Organization","@id":"https:\/\/allasorias.hu\/hirek\/#organization","name":"AllasOrias.hu | H\u00edrek-lapszemle","description":"\u00dczleti h\u00edrek az \u00e1ll\u00e1s \u00e9s a munka vil\u00e1g\u00e1b\u00f3l","url":"https:\/\/allasorias.hu\/hirek\/","logo":{"@type":"ImageObject","url":"https:\/\/allasorias.hu\/hirek\/wp-content\/uploads\/2022\/10\/allasorias_site_facebok_logo.png","@id":"https:\/\/allasorias.hu\/hirek\/szukseg-van-a-tartalek-munkaerore\/#organizationLogo"},"image":{"@id":"https:\/\/allasorias.hu\/hirek\/szukseg-van-a-tartalek-munkaerore\/#organizationLogo"},"sameAs":["https:\/\/www.facebook.com\/allasorias","https:\/\/www.linkedin.com\/company\/allasorias"]},{"@type":"Person","@id":"https:\/\/allasorias.hu\/hirek\/author\/admin-allasorias\/#author","url":"https:\/\/allasorias.hu\/hirek\/author\/admin-allasorias\/","name":"Juh\u00e1sz P\u00e9ter","image":{"@type":"ImageObject","@id":"https:\/\/allasorias.hu\/hirek\/szukseg-van-a-tartalek-munkaerore\/#authorImage","url":"https:\/\/secure.gravatar.com\/avatar\/36e6bcb83148978b992977cb0f54d22feb0cce8a0a849a9410532bb2623ba4c6?s=96&d=mm&r=g","width":96,"height":96,"caption":"Juh\u00e1sz P\u00e9ter"}},{"@type":"WebPage","@id":"https:\/\/allasorias.hu\/hirek\/szukseg-van-a-tartalek-munkaerore\/#webpage","url":"https:\/\/allasorias.hu\/hirek\/szukseg-van-a-tartalek-munkaerore\/","name":"Sz\u00fcks\u00e9g van a tartal\u00e9k munkaer\u0151re | AllasOrias.hu | H\u00edrek-lapszemle","description":"A munkaer\u0151 tartal\u00e9k aktiviz\u00e1l\u00e1s\u00e1nak fontoss\u00e1g\u00e1r\u00f3l besz\u00e9lt a P\u00e9nz\u00fcgyminiszt\u00e9rium foglalkoztat\u00e1spolitik\u00e1\u00e9rt \u00e9s v\u00e1llalati kapcsolatok\u00e9rt felel\u0151s \u00e1llamtitk\u00e1ra a g\u00f6d\u00f6ll\u0151i foglalkoztat\u00e1spolitikai konferenci\u00e1n. Bod\u00f3 S\u00e1ndor kifejtette: az \u00e1ll\u00e1skeres\u0151k\u00f6n k\u00edv\u00fcl a munkaer\u0151-tartal\u00e9k r\u00e9sz\u00e9t k\u00e9pezik a kisgyermeket nevel\u0151 sz\u00fcl\u0151k, akik gyermek\u00fcket b\u00f6lcs\u0151d\u00e9be j\u00e1rathatj\u00e1k, \u00e9s azok, akik r\u00e9szmunkaid\u0151s foglalkoztat\u00e1st tudn\u00e1nak v\u00e1llalni, ha nagyobb lenne a k\u00edn\u00e1lat. Jelent\u0151s a sz\u00e1muk azoknak is, akik nem","inLanguage":"hu-HU","isPartOf":{"@id":"https:\/\/allasorias.hu\/hirek\/#website"},"breadcrumb":{"@id":"https:\/\/allasorias.hu\/hirek\/szukseg-van-a-tartalek-munkaerore\/#breadcrumblist"},"author":{"@id":"https:\/\/allasorias.hu\/hirek\/author\/admin-allasorias\/#author"},"creator":{"@id":"https:\/\/allasorias.hu\/hirek\/author\/admin-allasorias\/#author"},"image":{"@type":"ImageObject","url":"https:\/\/allasorias.hu\/hirek\/wp-content\/uploads\/2018\/11\/lead_560w-1.jpg","@id":"https:\/\/allasorias.hu\/hirek\/szukseg-van-a-tartalek-munkaerore\/#mainImage","width":560,"height":420},"primaryImageOfPage":{"@id":"https:\/\/allasorias.hu\/hirek\/szukseg-van-a-tartalek-munkaerore\/#mainImage"},"datePublished":"2019-10-24T08:09:10+02:00","dateModified":"2019-10-24T08:09:52+02:00"},{"@type":"WebSite","@id":"https:\/\/allasorias.hu\/hirek\/#website","url":"https:\/\/allasorias.hu\/hirek\/","name":"AllasOrias.hu | H\u00edrek-lapszemle","description":"\u00dczleti h\u00edrek az \u00e1ll\u00e1s \u00e9s a munka vil\u00e1g\u00e1b\u00f3l","inLanguage":"hu-HU","publisher":{"@id":"https:\/\/allasorias.hu\/hirek\/#organization"}}]},"og:locale":"hu_HU","og:site_name":"AllasOrias.hu | H\u00edrek-lapszemle | \u00dczleti h\u00edrek az \u00e1ll\u00e1s \u00e9s a munka vil\u00e1g\u00e1b\u00f3l","og:type":"article","og:title":"Sz\u00fcks\u00e9g van a tartal\u00e9k munkaer\u0151re | AllasOrias.hu | H\u00edrek-lapszemle","og:description":"A munkaer\u0151 tartal\u00e9k aktiviz\u00e1l\u00e1s\u00e1nak fontoss\u00e1g\u00e1r\u00f3l besz\u00e9lt a P\u00e9nz\u00fcgyminiszt\u00e9rium foglalkoztat\u00e1spolitik\u00e1\u00e9rt \u00e9s v\u00e1llalati kapcsolatok\u00e9rt felel\u0151s \u00e1llamtitk\u00e1ra a g\u00f6d\u00f6ll\u0151i foglalkoztat\u00e1spolitikai konferenci\u00e1n. Bod\u00f3 S\u00e1ndor kifejtette: az \u00e1ll\u00e1skeres\u0151k\u00f6n k\u00edv\u00fcl a munkaer\u0151-tartal\u00e9k r\u00e9sz\u00e9t k\u00e9pezik a kisgyermeket nevel\u0151 sz\u00fcl\u0151k, akik gyermek\u00fcket b\u00f6lcs\u0151d\u00e9be j\u00e1rathatj\u00e1k, \u00e9s azok, akik r\u00e9szmunkaid\u0151s foglalkoztat\u00e1st tudn\u00e1nak v\u00e1llalni, ha nagyobb lenne a k\u00edn\u00e1lat. Jelent\u0151s a sz\u00e1muk azoknak is, akik nem","og:url":"https:\/\/allasorias.hu\/hirek\/szukseg-van-a-tartalek-munkaerore\/","og:image":"https:\/\/allasorias.hu\/hirek\/wp-content\/uploads\/2018\/11\/lead_560w-1.jpg","og:image:secure_url":"https:\/\/allasorias.hu\/hirek\/wp-content\/uploads\/2018\/11\/lead_560w-1.jpg","og:image:width":560,"og:image:height":420,"article:published_time":"2019-10-24T08:09:10+00:00","article:modified_time":"2019-10-24T08:09:52+00:00","article:publisher":"https:\/\/www.facebook.com\/allasorias","twitter:card":"summary_large_image","twitter:title":"Sz\u00fcks\u00e9g van a tartal\u00e9k munkaer\u0151re | AllasOrias.hu | H\u00edrek-lapszemle","twitter:description":"A munkaer\u0151 tartal\u00e9k aktiviz\u00e1l\u00e1s\u00e1nak fontoss\u00e1g\u00e1r\u00f3l besz\u00e9lt a P\u00e9nz\u00fcgyminiszt\u00e9rium foglalkoztat\u00e1spolitik\u00e1\u00e9rt \u00e9s v\u00e1llalati kapcsolatok\u00e9rt felel\u0151s \u00e1llamtitk\u00e1ra a g\u00f6d\u00f6ll\u0151i foglalkoztat\u00e1spolitikai konferenci\u00e1n. Bod\u00f3 S\u00e1ndor kifejtette: az \u00e1ll\u00e1skeres\u0151k\u00f6n k\u00edv\u00fcl a munkaer\u0151-tartal\u00e9k r\u00e9sz\u00e9t k\u00e9pezik a kisgyermeket nevel\u0151 sz\u00fcl\u0151k, akik gyermek\u00fcket b\u00f6lcs\u0151d\u00e9be j\u00e1rathatj\u00e1k, \u00e9s azok, akik r\u00e9szmunkaid\u0151s foglalkoztat\u00e1st tudn\u00e1nak v\u00e1llalni, ha nagyobb lenne a k\u00edn\u00e1lat. Jelent\u0151s a sz\u00e1muk azoknak is, akik nem","twitter:image":"https:\/\/allasorias.hu\/hirek\/wp-content\/uploads\/2018\/11\/lead_560w-1.jpg","twitter:label1":"Written by","twitter:data1":"Juh\u00e1sz P\u00e9ter","twitter:label2":"Est. reading time","twitter:data2":"2 minutes"},"aioseo_meta_data":{"post_id":"3419","title":null,"description":null,"keywords":null,"keyphrases":null,"primary_term":null,"canonical_url":null,"og_title":null,"og_description":null,"og_object_type":"default","og_image_type":"default","og_image_url":null,"og_image_width":null,"og_image_height":null,"og_image_custom_url":null,"og_image_custom_fields":null,"og_video":null,"og_custom_url":null,"og_article_section":null,"og_article_tags":null,"twitter_use_og":false,"twitter_card":"default","twitter_image_type":"default","twitter_image_url":null,"twitter_image_custom_url":null,"twitter_image_custom_fields":null,"twitter_title":null,"twitter_description":null,"schema":{"blockGraphs":[],"customGraphs":[],"default":{"data":{"Article":[],"Course":[],"Dataset":[],"FAQPage":[],"Movie":[],"Person":[],"Product":[],"ProductReview":[],"Car":[],"Recipe":[],"Service":[],"SoftwareApplication":[],"WebPage":[]},"graphName":"","isEnabled":true},"graphs":[],"defaultGraph":"","defaultPostTypeGraph":""},"schema_type":null,"schema_type_options":null,"pillar_content":false,"robots_default":true,"robots_noindex":false,"robots_noarchive":false,"robots_nosnippet":false,"robots_nofollow":false,"robots_noimageindex":false,"robots_noodp":false,"robots_notranslate":false,"robots_max_snippet":null,"robots_max_videopreview":null,"robots_max_imagepreview":"large","priority":null,"frequency":null,"location":null,"local_seo":null,"breadcrumb_settings":null,"limit_modified_date":false,"ai":null,"created":"2021-02-01 22:56:23","updated":"2025-10-02 12:05:38","seo_analyzer_scan_date":null,"focus_keyword":null,"additional_keywords":null,"truseo_locale":null},"aioseo_breadcrumb":"<div class=\"aioseo-breadcrumbs\"><span class=\"aioseo-breadcrumb\">\n\t\t\t<a href=\"https:\/\/allasorias.hu\/hirek\" title=\"Home\">Home<\/a>\n\t\t<\/span><span class=\"aioseo-breadcrumb-separator\">&raquo;<\/span><span class=\"aioseo-breadcrumb\">\n\t\t\t<a href=\"https:\/\/allasorias.hu\/hirek\/temak\/allaskereses\/\" title=\"\u00c1ll\u00e1skeres\u00e9s\">\u00c1ll\u00e1skeres\u00e9s<\/a>\n\t\t<\/span><span class=\"aioseo-breadcrumb-separator\">&raquo;<\/span><span class=\"aioseo-breadcrumb\">\n\t\t\tSz\u00fcks\u00e9g van a tartal\u00e9k munkaer\u0151re\n\t\t<\/span><\/div>","aioseo_breadcrumb_json":[{"label":"Home","link":"https:\/\/allasorias.hu\/hirek"},{"label":"\u00c1ll\u00e1skeres\u00e9s","link":"https:\/\/allasorias.hu\/hirek\/temak\/allaskereses\/"},{"label":"Sz\u00fcks\u00e9g van a tartal\u00e9k munkaer\u0151re","link":"https:\/\/allasorias.hu\/hirek\/szukseg-van-a-tartalek-munkaerore\/"}],"_links":{"self":[{"href":"https:\/\/allasorias.hu\/hirek\/wp-json\/wp\/v2\/posts\/3419","targetHints":{"allow":["GET"]}}],"collection":[{"href":"https:\/\/allasorias.hu\/hirek\/wp-json\/wp\/v2\/posts"}],"about":[{"href":"https:\/\/allasorias.hu\/hirek\/wp-json\/wp\/v2\/types\/post"}],"author":[{"embeddable":true,"href":"https:\/\/allasorias.hu\/hirek\/wp-json\/wp\/v2\/users\/1"}],"replies":[{"embeddable":true,"href":"https:\/\/allasorias.hu\/hirek\/wp-json\/wp\/v2\/comments?post=3419"}],"version-history":[{"count":1,"href":"https:\/\/allasorias.hu\/hirek\/wp-json\/wp\/v2\/posts\/3419\/revisions"}],"predecessor-version":[{"id":3420,"href":"https:\/\/allasorias.hu\/hirek\/wp-json\/wp\/v2\/posts\/3419\/revisions\/3420"}],"wp:featuredmedia":[{"embeddable":true,"href":"https:\/\/allasorias.hu\/hirek\/wp-json\/wp\/v2\/media\/2248"}],"wp:attachment":[{"href":"https:\/\/allasorias.hu\/hirek\/wp-json\/wp\/v2\/media?parent=3419"}],"wp:term":[{"taxonomy":"category","embeddable":true,"href":"https:\/\/allasorias.hu\/hirek\/wp-json\/wp\/v2\/categories?post=3419"},{"taxonomy":"post_tag","embeddable":true,"href":"https:\/\/allasorias.hu\/hirek\/wp-json\/wp\/v2\/tags?post=3419"}],"curies":[{"name":"wp","href":"https:\/\/api.w.org\/{rel}","templated":true}]}}