{"id":3408,"date":"2019-10-21T07:36:34","date_gmt":"2019-10-21T07:36:34","guid":{"rendered":"https:\/\/allasorias.hu\/hirek\/?p=3408"},"modified":"2019-10-21T07:36:34","modified_gmt":"2019-10-21T07:36:34","slug":"uj-kiadvany-a-szakmakrol","status":"publish","type":"post","link":"https:\/\/allasorias.hu\/hirek\/uj-kiadvany-a-szakmakrol\/","title":{"rendered":"\u00daj kiadv\u00e1ny a szakm\u00e1kr\u00f3l"},"content":{"rendered":"<p><strong>Alapszakm\u00e1kat bemutat\u00f3 kiadv\u00e1nnyal seg\u00edti a p\u00e1lyav\u00e1laszt\u00e1s el\u0151tt \u00e1ll\u00f3kat az Innov\u00e1ci\u00f3s \u00e9s Technol\u00f3giai Miniszt\u00e9rium, valamint a Magyar Kereskedelmi \u00e9s Iparkamara. A t\u00e1rca parlamenti \u00e1llamtitk\u00e1ra k\u00f6z\u00f6lte, hogy a t\u00e1j\u00e9koztat\u00f3 f\u00fczetet t\u00f6bb mint 100 ezer p\u00e9ld\u00e1nyban juttatj\u00e1k el a szakk\u00e9pz\u00e9si centrumokhoz, a tanker\u00fcleti k\u00f6zpontok \u00e1ltal m\u0171k\u00f6dtetett \u00e1ltal\u00e1nos iskol\u00e1khoz, \u00e9s m\u00e9g okt\u00f3berben megkapj\u00e1k a miniszt\u00e9riumok, fels\u0151oktat\u00e1si int\u00e9zm\u00e9nyek, illetve az egyh\u00e1zak \u00e1ltal fenntartott iskol\u00e1k is.<\/strong><\/p>\n<p>Schanda Tam\u00e1s hozz\u00e1tette, hogy a 2020 szeptember\u00e9t\u0151l iskolarendszerben oktathat\u00f3 174 alapszakma list\u00e1j\u00e1t a munkaer\u0151piaci elv\u00e1r\u00e1sok \u00e9s a k\u00fclf\u00f6ldi tapasztalatok alapj\u00e1n, az \u00e1gazati k\u00e9szs\u00e9gtan\u00e1csok seg\u00edts\u00e9g\u00e9vel alak\u00edtott\u00e1k ki. Az \u00faj rendszer akkor \u00e9ri el a c\u00e9lj\u00e1t, ha a lehet\u0151s\u00e9gekr\u0151l a di\u00e1kok \u00e9s sz\u00fcleik, illetve a pedag\u00f3gusok is \u00e9rtes\u00fclnek &#8211; indokolta a T\u00e1j\u00e9koztat\u00f3 f\u00fczet az alapszakm\u00e1kr\u00f3l c\u00edm\u0171 kiadv\u00e1ny megjelentet\u00e9s\u00e9t. Az \u00e1llamtitk\u00e1r hangs\u00falyozta, hogy a negyedik ipari forradalom \u00e1talak\u00edtja a munka vil\u00e1g\u00e1t, megv\u00e1ltoztatja a munkav\u00e1llal\u00f3kkal szembeni k\u00f6vetelm\u00e9nyeket, er\u0151s\u00edti az \u00f6sszetettebb feladatok ir\u00e1nti ig\u00e9nyt. \u00daj szakm\u00e1k jelennek meg, a munkak\u00f6r\u00f6k \u00e1talakulnak, egyre keresettebb a j\u00f3l k\u00e9pzett munkaer\u0151, \u00edgy a j\u00f3 szakmav\u00e1laszt\u00e1s, az alapok megtanul\u00e1sa \u00e9s gyakorlati elsaj\u00e1t\u00edt\u00e1s a legjobb bel\u00e9p\u0151 a munkaer\u0151piacra. Schanda Tam\u00e1s szerint a csal\u00e1doknak \u00e9s az orsz\u00e1gnak egyar\u00e1nt \u00e9rdeke, hogy a fiatalok versenyk\u00e9pes szaktud\u00e1ssal gyorsan \u00f6n\u00e1ll\u00f3 egzisztenci\u00e1t teremtsenek, a korm\u00e1ny ez\u00e9rt &#8211; mint fogalmazott &#8211; \u00e1tl\u00e1that\u00f3, a munkaer\u0151piachoz alkalmazkod\u00f3 rendszer kialak\u00edt\u00e1s\u00e1ra t\u00f6rekszik. A Magyar Kereskedelmi \u00e9s Iparkamara eln\u00f6ke (MKIK) \u00fcdv\u00f6z\u00f6lte, hogy a korm\u00e1ny a keresletvez\u00e9relt szakk\u00e9pz\u00e9s mellett k\u00f6telezte el mag\u00e1t. Parragh L\u00e1szl\u00f3 szerint a munkaer\u0151piac folyamatosan v\u00e1ltozik, de &#8211; tette hozz\u00e1 &#8211; a jelenlegi elv\u00e1r\u00e1sokat az alapszakm\u00e1k jegyz\u00e9ke j\u00f3l t\u00fckr\u00f6zi, hiszen csaknem 300 c\u00e9g visszajelz\u00e9sein alapul. A t\u00e1j\u00e9koztat\u00f3 f\u00fczet az ITM megb\u00edz\u00e1s\u00e1b\u00f3l k\u00e9sz\u00fclt el az MKIK kiad\u00e1s\u00e1ban. A k\u00f6tet online kiad\u00e1sban is megtekinthet\u0151 az Innovat\u00edv K\u00e9pz\u00e9st\u00e1mogat\u00f3 K\u00f6zpont honlapj\u00e1n.<\/p>\n<p>Forr\u00e1s: ma.hu<\/p>\n","protected":false},"excerpt":{"rendered":"<p>Alapszakm\u00e1kat bemutat\u00f3 kiadv\u00e1nnyal seg\u00edti a p\u00e1lyav\u00e1laszt\u00e1s el\u0151tt \u00e1ll\u00f3kat az Innov\u00e1ci\u00f3s \u00e9s Technol\u00f3giai Miniszt\u00e9rium, valamint a Magyar Kereskedelmi \u00e9s Iparkamara. A t\u00e1rca parlamenti \u00e1llamtitk\u00e1ra k\u00f6z\u00f6lte, hogy a t\u00e1j\u00e9koztat\u00f3 f\u00fczetet t\u00f6bb mint 100 ezer p\u00e9ld\u00e1nyban juttatj\u00e1k el a szakk\u00e9pz\u00e9si centrumokhoz, a tanker\u00fcleti k\u00f6zpontok \u00e1ltal m\u0171k\u00f6dtetett \u00e1ltal\u00e1nos iskol\u00e1khoz, \u00e9s m\u00e9g okt\u00f3berben megkapj\u00e1k a miniszt\u00e9riumok, fels\u0151oktat\u00e1si int\u00e9zm\u00e9nyek, illetve az [&hellip;]<\/p>\n","protected":false},"author":1,"featured_media":2819,"comment_status":"open","ping_status":"open","sticky":false,"template":"","format":"standard","meta":{"_monsterinsights_skip_tracking":false,"footnotes":""},"categories":[198],"tags":[],"class_list":["post-3408","post","type-post","status-publish","format-standard","has-post-thumbnail","hentry","category-gazdasag"],"aioseo_notices":[],"aioseo_head":"\n\t\t<!-- All in One SEO 5.0.0.1 - aioseo.com -->\n\t<meta name=\"description\" content=\"Alapszakm\u00e1kat bemutat\u00f3 kiadv\u00e1nnyal seg\u00edti a p\u00e1lyav\u00e1laszt\u00e1s el\u0151tt \u00e1ll\u00f3kat az Innov\u00e1ci\u00f3s \u00e9s Technol\u00f3giai Miniszt\u00e9rium, valamint a Magyar Kereskedelmi \u00e9s Iparkamara. A t\u00e1rca parlamenti \u00e1llamtitk\u00e1ra k\u00f6z\u00f6lte, hogy a t\u00e1j\u00e9koztat\u00f3 f\u00fczetet t\u00f6bb mint 100 ezer p\u00e9ld\u00e1nyban juttatj\u00e1k el a szakk\u00e9pz\u00e9si centrumokhoz, a tanker\u00fcleti k\u00f6zpontok \u00e1ltal m\u0171k\u00f6dtetett \u00e1ltal\u00e1nos iskol\u00e1khoz, \u00e9s m\u00e9g okt\u00f3berben megkapj\u00e1k a miniszt\u00e9riumok, fels\u0151oktat\u00e1si int\u00e9zm\u00e9nyek, illetve az\" \/>\n\t<meta name=\"robots\" content=\"max-image-preview:large\" \/>\n\t<meta name=\"author\" content=\"Juh\u00e1sz P\u00e9ter\"\/>\n\t<link rel=\"canonical\" href=\"https:\/\/allasorias.hu\/hirek\/uj-kiadvany-a-szakmakrol\/\" \/>\n\t<meta name=\"generator\" content=\"All in One SEO (AIOSEO) 5.0.0.1\" \/>\n\t\t<meta property=\"og:locale\" content=\"hu_HU\" \/>\n\t\t<meta property=\"og:site_name\" content=\"AllasOrias.hu | H\u00edrek-lapszemle | \u00dczleti h\u00edrek az \u00e1ll\u00e1s \u00e9s a munka vil\u00e1g\u00e1b\u00f3l\" \/>\n\t\t<meta property=\"og:type\" content=\"article\" \/>\n\t\t<meta property=\"og:title\" content=\"\u00daj kiadv\u00e1ny a szakm\u00e1kr\u00f3l | AllasOrias.hu | H\u00edrek-lapszemle\" \/>\n\t\t<meta property=\"og:description\" content=\"Alapszakm\u00e1kat bemutat\u00f3 kiadv\u00e1nnyal seg\u00edti a p\u00e1lyav\u00e1laszt\u00e1s el\u0151tt \u00e1ll\u00f3kat az Innov\u00e1ci\u00f3s \u00e9s Technol\u00f3giai Miniszt\u00e9rium, valamint a Magyar Kereskedelmi \u00e9s Iparkamara. A t\u00e1rca parlamenti \u00e1llamtitk\u00e1ra k\u00f6z\u00f6lte, hogy a t\u00e1j\u00e9koztat\u00f3 f\u00fczetet t\u00f6bb mint 100 ezer p\u00e9ld\u00e1nyban juttatj\u00e1k el a szakk\u00e9pz\u00e9si centrumokhoz, a tanker\u00fcleti k\u00f6zpontok \u00e1ltal m\u0171k\u00f6dtetett \u00e1ltal\u00e1nos iskol\u00e1khoz, \u00e9s m\u00e9g okt\u00f3berben megkapj\u00e1k a miniszt\u00e9riumok, fels\u0151oktat\u00e1si int\u00e9zm\u00e9nyek, illetve az\" \/>\n\t\t<meta property=\"og:url\" content=\"https:\/\/allasorias.hu\/hirek\/uj-kiadvany-a-szakmakrol\/\" \/>\n\t\t<meta property=\"og:image\" content=\"https:\/\/allasorias.hu\/hirek\/wp-content\/uploads\/2019\/04\/tools-498202_640.jpg\" \/>\n\t\t<meta property=\"og:image:secure_url\" content=\"https:\/\/allasorias.hu\/hirek\/wp-content\/uploads\/2019\/04\/tools-498202_640.jpg\" \/>\n\t\t<meta property=\"og:image:width\" content=\"640\" \/>\n\t\t<meta property=\"og:image:height\" content=\"519\" \/>\n\t\t<meta property=\"article:published_time\" content=\"2019-10-21T07:36:34+00:00\" \/>\n\t\t<meta property=\"article:modified_time\" content=\"2019-10-21T07:36:34+00:00\" \/>\n\t\t<meta property=\"article:publisher\" content=\"https:\/\/www.facebook.com\/allasorias\" \/>\n\t\t<meta name=\"twitter:card\" content=\"summary_large_image\" \/>\n\t\t<meta name=\"twitter:title\" content=\"\u00daj kiadv\u00e1ny a szakm\u00e1kr\u00f3l | AllasOrias.hu | H\u00edrek-lapszemle\" \/>\n\t\t<meta name=\"twitter:description\" content=\"Alapszakm\u00e1kat bemutat\u00f3 kiadv\u00e1nnyal seg\u00edti a p\u00e1lyav\u00e1laszt\u00e1s el\u0151tt \u00e1ll\u00f3kat az Innov\u00e1ci\u00f3s \u00e9s Technol\u00f3giai Miniszt\u00e9rium, valamint a Magyar Kereskedelmi \u00e9s Iparkamara. A t\u00e1rca parlamenti \u00e1llamtitk\u00e1ra k\u00f6z\u00f6lte, hogy a t\u00e1j\u00e9koztat\u00f3 f\u00fczetet t\u00f6bb mint 100 ezer p\u00e9ld\u00e1nyban juttatj\u00e1k el a szakk\u00e9pz\u00e9si centrumokhoz, a tanker\u00fcleti k\u00f6zpontok \u00e1ltal m\u0171k\u00f6dtetett \u00e1ltal\u00e1nos iskol\u00e1khoz, \u00e9s m\u00e9g okt\u00f3berben megkapj\u00e1k a miniszt\u00e9riumok, fels\u0151oktat\u00e1si int\u00e9zm\u00e9nyek, illetve az\" \/>\n\t\t<meta name=\"twitter:image\" content=\"https:\/\/allasorias.hu\/hirek\/wp-content\/uploads\/2019\/04\/tools-498202_640.jpg\" \/>\n\t\t<meta name=\"twitter:label1\" content=\"Written by\" \/>\n\t\t<meta name=\"twitter:data1\" content=\"Juh\u00e1sz P\u00e9ter\" \/>\n\t\t<meta name=\"twitter:label2\" content=\"Est. reading time\" \/>\n\t\t<meta name=\"twitter:data2\" content=\"2 minutes\" \/>\n\t\t<script type=\"application\/ld+json\" class=\"aioseo-schema\">\n\t\t\t{\"@context\":\"https:\\\/\\\/schema.org\",\"@graph\":[{\"@type\":\"Article\",\"@id\":\"https:\\\/\\\/allasorias.hu\\\/hirek\\\/uj-kiadvany-a-szakmakrol\\\/#article\",\"name\":\"\\u00daj kiadv\\u00e1ny a szakm\\u00e1kr\\u00f3l | AllasOrias.hu | H\\u00edrek-lapszemle\",\"headline\":\"\\u00daj kiadv\\u00e1ny a szakm\\u00e1kr\\u00f3l\",\"author\":{\"@id\":\"https:\\\/\\\/allasorias.hu\\\/hirek\\\/author\\\/admin-allasorias\\\/#author\"},\"publisher\":{\"@id\":\"https:\\\/\\\/allasorias.hu\\\/hirek\\\/#organization\"},\"image\":{\"@type\":\"ImageObject\",\"url\":\"https:\\\/\\\/allasorias.hu\\\/hirek\\\/wp-content\\\/uploads\\\/2019\\\/04\\\/tools-498202_640.jpg\",\"width\":640,\"height\":519},\"datePublished\":\"2019-10-21T07:36:34+02:00\",\"dateModified\":\"2019-10-21T07:36:34+02:00\",\"inLanguage\":\"hu-HU\",\"mainEntityOfPage\":{\"@id\":\"https:\\\/\\\/allasorias.hu\\\/hirek\\\/uj-kiadvany-a-szakmakrol\\\/#webpage\"},\"isPartOf\":{\"@id\":\"https:\\\/\\\/allasorias.hu\\\/hirek\\\/uj-kiadvany-a-szakmakrol\\\/#webpage\"},\"articleSection\":\"Gazdas\\u00e1g\"},{\"@type\":\"BreadcrumbList\",\"@id\":\"https:\\\/\\\/allasorias.hu\\\/hirek\\\/uj-kiadvany-a-szakmakrol\\\/#breadcrumblist\",\"itemListElement\":[{\"@type\":\"ListItem\",\"@id\":\"https:\\\/\\\/allasorias.hu\\\/hirek#listItem\",\"position\":1,\"name\":\"Home\",\"item\":\"https:\\\/\\\/allasorias.hu\\\/hirek\",\"nextItem\":{\"@type\":\"ListItem\",\"@id\":\"https:\\\/\\\/allasorias.hu\\\/hirek\\\/temak\\\/gazdasag\\\/#listItem\",\"name\":\"Gazdas\\u00e1g\"}},{\"@type\":\"ListItem\",\"@id\":\"https:\\\/\\\/allasorias.hu\\\/hirek\\\/temak\\\/gazdasag\\\/#listItem\",\"position\":2,\"name\":\"Gazdas\\u00e1g\",\"item\":\"https:\\\/\\\/allasorias.hu\\\/hirek\\\/temak\\\/gazdasag\\\/\",\"nextItem\":{\"@type\":\"ListItem\",\"@id\":\"https:\\\/\\\/allasorias.hu\\\/hirek\\\/uj-kiadvany-a-szakmakrol\\\/#listItem\",\"name\":\"\\u00daj kiadv\\u00e1ny a szakm\\u00e1kr\\u00f3l\"},\"previousItem\":{\"@type\":\"ListItem\",\"@id\":\"https:\\\/\\\/allasorias.hu\\\/hirek#listItem\",\"name\":\"Home\"}},{\"@type\":\"ListItem\",\"@id\":\"https:\\\/\\\/allasorias.hu\\\/hirek\\\/uj-kiadvany-a-szakmakrol\\\/#listItem\",\"position\":3,\"name\":\"\\u00daj kiadv\\u00e1ny a szakm\\u00e1kr\\u00f3l\",\"previousItem\":{\"@type\":\"ListItem\",\"@id\":\"https:\\\/\\\/allasorias.hu\\\/hirek\\\/temak\\\/gazdasag\\\/#listItem\",\"name\":\"Gazdas\\u00e1g\"}}]},{\"@type\":\"Organization\",\"@id\":\"https:\\\/\\\/allasorias.hu\\\/hirek\\\/#organization\",\"name\":\"AllasOrias.hu | H\\u00edrek-lapszemle\",\"description\":\"\\u00dczleti h\\u00edrek az \\u00e1ll\\u00e1s \\u00e9s a munka vil\\u00e1g\\u00e1b\\u00f3l\",\"url\":\"https:\\\/\\\/allasorias.hu\\\/hirek\\\/\",\"logo\":{\"@type\":\"ImageObject\",\"url\":\"https:\\\/\\\/allasorias.hu\\\/hirek\\\/wp-content\\\/uploads\\\/2022\\\/10\\\/allasorias_site_facebok_logo.png\",\"@id\":\"https:\\\/\\\/allasorias.hu\\\/hirek\\\/uj-kiadvany-a-szakmakrol\\\/#organizationLogo\"},\"image\":{\"@id\":\"https:\\\/\\\/allasorias.hu\\\/hirek\\\/uj-kiadvany-a-szakmakrol\\\/#organizationLogo\"},\"sameAs\":[\"https:\\\/\\\/www.facebook.com\\\/allasorias\",\"https:\\\/\\\/www.linkedin.com\\\/company\\\/allasorias\"]},{\"@type\":\"Person\",\"@id\":\"https:\\\/\\\/allasorias.hu\\\/hirek\\\/author\\\/admin-allasorias\\\/#author\",\"url\":\"https:\\\/\\\/allasorias.hu\\\/hirek\\\/author\\\/admin-allasorias\\\/\",\"name\":\"Juh\\u00e1sz P\\u00e9ter\",\"image\":{\"@type\":\"ImageObject\",\"@id\":\"https:\\\/\\\/allasorias.hu\\\/hirek\\\/uj-kiadvany-a-szakmakrol\\\/#authorImage\",\"url\":\"https:\\\/\\\/secure.gravatar.com\\\/avatar\\\/36e6bcb83148978b992977cb0f54d22feb0cce8a0a849a9410532bb2623ba4c6?s=96&d=mm&r=g\",\"width\":96,\"height\":96,\"caption\":\"Juh\\u00e1sz P\\u00e9ter\"}},{\"@type\":\"WebPage\",\"@id\":\"https:\\\/\\\/allasorias.hu\\\/hirek\\\/uj-kiadvany-a-szakmakrol\\\/#webpage\",\"url\":\"https:\\\/\\\/allasorias.hu\\\/hirek\\\/uj-kiadvany-a-szakmakrol\\\/\",\"name\":\"\\u00daj kiadv\\u00e1ny a szakm\\u00e1kr\\u00f3l | AllasOrias.hu | H\\u00edrek-lapszemle\",\"description\":\"Alapszakm\\u00e1kat bemutat\\u00f3 kiadv\\u00e1nnyal seg\\u00edti a p\\u00e1lyav\\u00e1laszt\\u00e1s el\\u0151tt \\u00e1ll\\u00f3kat az Innov\\u00e1ci\\u00f3s \\u00e9s Technol\\u00f3giai Miniszt\\u00e9rium, valamint a Magyar Kereskedelmi \\u00e9s Iparkamara. A t\\u00e1rca parlamenti \\u00e1llamtitk\\u00e1ra k\\u00f6z\\u00f6lte, hogy a t\\u00e1j\\u00e9koztat\\u00f3 f\\u00fczetet t\\u00f6bb mint 100 ezer p\\u00e9ld\\u00e1nyban juttatj\\u00e1k el a szakk\\u00e9pz\\u00e9si centrumokhoz, a tanker\\u00fcleti k\\u00f6zpontok \\u00e1ltal m\\u0171k\\u00f6dtetett \\u00e1ltal\\u00e1nos iskol\\u00e1khoz, \\u00e9s m\\u00e9g okt\\u00f3berben megkapj\\u00e1k a miniszt\\u00e9riumok, fels\\u0151oktat\\u00e1si int\\u00e9zm\\u00e9nyek, illetve az\",\"inLanguage\":\"hu-HU\",\"isPartOf\":{\"@id\":\"https:\\\/\\\/allasorias.hu\\\/hirek\\\/#website\"},\"breadcrumb\":{\"@id\":\"https:\\\/\\\/allasorias.hu\\\/hirek\\\/uj-kiadvany-a-szakmakrol\\\/#breadcrumblist\"},\"author\":{\"@id\":\"https:\\\/\\\/allasorias.hu\\\/hirek\\\/author\\\/admin-allasorias\\\/#author\"},\"creator\":{\"@id\":\"https:\\\/\\\/allasorias.hu\\\/hirek\\\/author\\\/admin-allasorias\\\/#author\"},\"image\":{\"@type\":\"ImageObject\",\"url\":\"https:\\\/\\\/allasorias.hu\\\/hirek\\\/wp-content\\\/uploads\\\/2019\\\/04\\\/tools-498202_640.jpg\",\"@id\":\"https:\\\/\\\/allasorias.hu\\\/hirek\\\/uj-kiadvany-a-szakmakrol\\\/#mainImage\",\"width\":640,\"height\":519},\"primaryImageOfPage\":{\"@id\":\"https:\\\/\\\/allasorias.hu\\\/hirek\\\/uj-kiadvany-a-szakmakrol\\\/#mainImage\"},\"datePublished\":\"2019-10-21T07:36:34+02:00\",\"dateModified\":\"2019-10-21T07:36:34+02:00\"},{\"@type\":\"WebSite\",\"@id\":\"https:\\\/\\\/allasorias.hu\\\/hirek\\\/#website\",\"url\":\"https:\\\/\\\/allasorias.hu\\\/hirek\\\/\",\"name\":\"AllasOrias.hu | H\\u00edrek-lapszemle\",\"description\":\"\\u00dczleti h\\u00edrek az \\u00e1ll\\u00e1s \\u00e9s a munka vil\\u00e1g\\u00e1b\\u00f3l\",\"inLanguage\":\"hu-HU\",\"publisher\":{\"@id\":\"https:\\\/\\\/allasorias.hu\\\/hirek\\\/#organization\"}}]}\n\t\t<\/script>\n\t\t<!-- All in One SEO -->\n\n","aioseo_head_json":{"title":"\u00daj kiadv\u00e1ny a szakm\u00e1kr\u00f3l | AllasOrias.hu | H\u00edrek-lapszemle","description":"Alapszakm\u00e1kat bemutat\u00f3 kiadv\u00e1nnyal seg\u00edti a p\u00e1lyav\u00e1laszt\u00e1s el\u0151tt \u00e1ll\u00f3kat az Innov\u00e1ci\u00f3s \u00e9s Technol\u00f3giai Miniszt\u00e9rium, valamint a Magyar Kereskedelmi \u00e9s Iparkamara. A t\u00e1rca parlamenti \u00e1llamtitk\u00e1ra k\u00f6z\u00f6lte, hogy a t\u00e1j\u00e9koztat\u00f3 f\u00fczetet t\u00f6bb mint 100 ezer p\u00e9ld\u00e1nyban juttatj\u00e1k el a szakk\u00e9pz\u00e9si centrumokhoz, a tanker\u00fcleti k\u00f6zpontok \u00e1ltal m\u0171k\u00f6dtetett \u00e1ltal\u00e1nos iskol\u00e1khoz, \u00e9s m\u00e9g okt\u00f3berben megkapj\u00e1k a miniszt\u00e9riumok, fels\u0151oktat\u00e1si int\u00e9zm\u00e9nyek, illetve az","canonical_url":"https:\/\/allasorias.hu\/hirek\/uj-kiadvany-a-szakmakrol\/","robots":"max-image-preview:large","keywords":"","webmasterTools":{"miscellaneous":""},"schema":{"@context":"https:\/\/schema.org","@graph":[{"@type":"Article","@id":"https:\/\/allasorias.hu\/hirek\/uj-kiadvany-a-szakmakrol\/#article","name":"\u00daj kiadv\u00e1ny a szakm\u00e1kr\u00f3l | AllasOrias.hu | H\u00edrek-lapszemle","headline":"\u00daj kiadv\u00e1ny a szakm\u00e1kr\u00f3l","author":{"@id":"https:\/\/allasorias.hu\/hirek\/author\/admin-allasorias\/#author"},"publisher":{"@id":"https:\/\/allasorias.hu\/hirek\/#organization"},"image":{"@type":"ImageObject","url":"https:\/\/allasorias.hu\/hirek\/wp-content\/uploads\/2019\/04\/tools-498202_640.jpg","width":640,"height":519},"datePublished":"2019-10-21T07:36:34+02:00","dateModified":"2019-10-21T07:36:34+02:00","inLanguage":"hu-HU","mainEntityOfPage":{"@id":"https:\/\/allasorias.hu\/hirek\/uj-kiadvany-a-szakmakrol\/#webpage"},"isPartOf":{"@id":"https:\/\/allasorias.hu\/hirek\/uj-kiadvany-a-szakmakrol\/#webpage"},"articleSection":"Gazdas\u00e1g"},{"@type":"BreadcrumbList","@id":"https:\/\/allasorias.hu\/hirek\/uj-kiadvany-a-szakmakrol\/#breadcrumblist","itemListElement":[{"@type":"ListItem","@id":"https:\/\/allasorias.hu\/hirek#listItem","position":1,"name":"Home","item":"https:\/\/allasorias.hu\/hirek","nextItem":{"@type":"ListItem","@id":"https:\/\/allasorias.hu\/hirek\/temak\/gazdasag\/#listItem","name":"Gazdas\u00e1g"}},{"@type":"ListItem","@id":"https:\/\/allasorias.hu\/hirek\/temak\/gazdasag\/#listItem","position":2,"name":"Gazdas\u00e1g","item":"https:\/\/allasorias.hu\/hirek\/temak\/gazdasag\/","nextItem":{"@type":"ListItem","@id":"https:\/\/allasorias.hu\/hirek\/uj-kiadvany-a-szakmakrol\/#listItem","name":"\u00daj kiadv\u00e1ny a szakm\u00e1kr\u00f3l"},"previousItem":{"@type":"ListItem","@id":"https:\/\/allasorias.hu\/hirek#listItem","name":"Home"}},{"@type":"ListItem","@id":"https:\/\/allasorias.hu\/hirek\/uj-kiadvany-a-szakmakrol\/#listItem","position":3,"name":"\u00daj kiadv\u00e1ny a szakm\u00e1kr\u00f3l","previousItem":{"@type":"ListItem","@id":"https:\/\/allasorias.hu\/hirek\/temak\/gazdasag\/#listItem","name":"Gazdas\u00e1g"}}]},{"@type":"Organization","@id":"https:\/\/allasorias.hu\/hirek\/#organization","name":"AllasOrias.hu | H\u00edrek-lapszemle","description":"\u00dczleti h\u00edrek az \u00e1ll\u00e1s \u00e9s a munka vil\u00e1g\u00e1b\u00f3l","url":"https:\/\/allasorias.hu\/hirek\/","logo":{"@type":"ImageObject","url":"https:\/\/allasorias.hu\/hirek\/wp-content\/uploads\/2022\/10\/allasorias_site_facebok_logo.png","@id":"https:\/\/allasorias.hu\/hirek\/uj-kiadvany-a-szakmakrol\/#organizationLogo"},"image":{"@id":"https:\/\/allasorias.hu\/hirek\/uj-kiadvany-a-szakmakrol\/#organizationLogo"},"sameAs":["https:\/\/www.facebook.com\/allasorias","https:\/\/www.linkedin.com\/company\/allasorias"]},{"@type":"Person","@id":"https:\/\/allasorias.hu\/hirek\/author\/admin-allasorias\/#author","url":"https:\/\/allasorias.hu\/hirek\/author\/admin-allasorias\/","name":"Juh\u00e1sz P\u00e9ter","image":{"@type":"ImageObject","@id":"https:\/\/allasorias.hu\/hirek\/uj-kiadvany-a-szakmakrol\/#authorImage","url":"https:\/\/secure.gravatar.com\/avatar\/36e6bcb83148978b992977cb0f54d22feb0cce8a0a849a9410532bb2623ba4c6?s=96&d=mm&r=g","width":96,"height":96,"caption":"Juh\u00e1sz P\u00e9ter"}},{"@type":"WebPage","@id":"https:\/\/allasorias.hu\/hirek\/uj-kiadvany-a-szakmakrol\/#webpage","url":"https:\/\/allasorias.hu\/hirek\/uj-kiadvany-a-szakmakrol\/","name":"\u00daj kiadv\u00e1ny a szakm\u00e1kr\u00f3l | AllasOrias.hu | H\u00edrek-lapszemle","description":"Alapszakm\u00e1kat bemutat\u00f3 kiadv\u00e1nnyal seg\u00edti a p\u00e1lyav\u00e1laszt\u00e1s el\u0151tt \u00e1ll\u00f3kat az Innov\u00e1ci\u00f3s \u00e9s Technol\u00f3giai Miniszt\u00e9rium, valamint a Magyar Kereskedelmi \u00e9s Iparkamara. A t\u00e1rca parlamenti \u00e1llamtitk\u00e1ra k\u00f6z\u00f6lte, hogy a t\u00e1j\u00e9koztat\u00f3 f\u00fczetet t\u00f6bb mint 100 ezer p\u00e9ld\u00e1nyban juttatj\u00e1k el a szakk\u00e9pz\u00e9si centrumokhoz, a tanker\u00fcleti k\u00f6zpontok \u00e1ltal m\u0171k\u00f6dtetett \u00e1ltal\u00e1nos iskol\u00e1khoz, \u00e9s m\u00e9g okt\u00f3berben megkapj\u00e1k a miniszt\u00e9riumok, fels\u0151oktat\u00e1si int\u00e9zm\u00e9nyek, illetve az","inLanguage":"hu-HU","isPartOf":{"@id":"https:\/\/allasorias.hu\/hirek\/#website"},"breadcrumb":{"@id":"https:\/\/allasorias.hu\/hirek\/uj-kiadvany-a-szakmakrol\/#breadcrumblist"},"author":{"@id":"https:\/\/allasorias.hu\/hirek\/author\/admin-allasorias\/#author"},"creator":{"@id":"https:\/\/allasorias.hu\/hirek\/author\/admin-allasorias\/#author"},"image":{"@type":"ImageObject","url":"https:\/\/allasorias.hu\/hirek\/wp-content\/uploads\/2019\/04\/tools-498202_640.jpg","@id":"https:\/\/allasorias.hu\/hirek\/uj-kiadvany-a-szakmakrol\/#mainImage","width":640,"height":519},"primaryImageOfPage":{"@id":"https:\/\/allasorias.hu\/hirek\/uj-kiadvany-a-szakmakrol\/#mainImage"},"datePublished":"2019-10-21T07:36:34+02:00","dateModified":"2019-10-21T07:36:34+02:00"},{"@type":"WebSite","@id":"https:\/\/allasorias.hu\/hirek\/#website","url":"https:\/\/allasorias.hu\/hirek\/","name":"AllasOrias.hu | H\u00edrek-lapszemle","description":"\u00dczleti h\u00edrek az \u00e1ll\u00e1s \u00e9s a munka vil\u00e1g\u00e1b\u00f3l","inLanguage":"hu-HU","publisher":{"@id":"https:\/\/allasorias.hu\/hirek\/#organization"}}]},"og:locale":"hu_HU","og:site_name":"AllasOrias.hu | H\u00edrek-lapszemle | \u00dczleti h\u00edrek az \u00e1ll\u00e1s \u00e9s a munka vil\u00e1g\u00e1b\u00f3l","og:type":"article","og:title":"\u00daj kiadv\u00e1ny a szakm\u00e1kr\u00f3l | AllasOrias.hu | H\u00edrek-lapszemle","og:description":"Alapszakm\u00e1kat bemutat\u00f3 kiadv\u00e1nnyal seg\u00edti a p\u00e1lyav\u00e1laszt\u00e1s el\u0151tt \u00e1ll\u00f3kat az Innov\u00e1ci\u00f3s \u00e9s Technol\u00f3giai Miniszt\u00e9rium, valamint a Magyar Kereskedelmi \u00e9s Iparkamara. A t\u00e1rca parlamenti \u00e1llamtitk\u00e1ra k\u00f6z\u00f6lte, hogy a t\u00e1j\u00e9koztat\u00f3 f\u00fczetet t\u00f6bb mint 100 ezer p\u00e9ld\u00e1nyban juttatj\u00e1k el a szakk\u00e9pz\u00e9si centrumokhoz, a tanker\u00fcleti k\u00f6zpontok \u00e1ltal m\u0171k\u00f6dtetett \u00e1ltal\u00e1nos iskol\u00e1khoz, \u00e9s m\u00e9g okt\u00f3berben megkapj\u00e1k a miniszt\u00e9riumok, fels\u0151oktat\u00e1si int\u00e9zm\u00e9nyek, illetve az","og:url":"https:\/\/allasorias.hu\/hirek\/uj-kiadvany-a-szakmakrol\/","og:image":"https:\/\/allasorias.hu\/hirek\/wp-content\/uploads\/2019\/04\/tools-498202_640.jpg","og:image:secure_url":"https:\/\/allasorias.hu\/hirek\/wp-content\/uploads\/2019\/04\/tools-498202_640.jpg","og:image:width":640,"og:image:height":519,"article:published_time":"2019-10-21T07:36:34+00:00","article:modified_time":"2019-10-21T07:36:34+00:00","article:publisher":"https:\/\/www.facebook.com\/allasorias","twitter:card":"summary_large_image","twitter:title":"\u00daj kiadv\u00e1ny a szakm\u00e1kr\u00f3l | AllasOrias.hu | H\u00edrek-lapszemle","twitter:description":"Alapszakm\u00e1kat bemutat\u00f3 kiadv\u00e1nnyal seg\u00edti a p\u00e1lyav\u00e1laszt\u00e1s el\u0151tt \u00e1ll\u00f3kat az Innov\u00e1ci\u00f3s \u00e9s Technol\u00f3giai Miniszt\u00e9rium, valamint a Magyar Kereskedelmi \u00e9s Iparkamara. A t\u00e1rca parlamenti \u00e1llamtitk\u00e1ra k\u00f6z\u00f6lte, hogy a t\u00e1j\u00e9koztat\u00f3 f\u00fczetet t\u00f6bb mint 100 ezer p\u00e9ld\u00e1nyban juttatj\u00e1k el a szakk\u00e9pz\u00e9si centrumokhoz, a tanker\u00fcleti k\u00f6zpontok \u00e1ltal m\u0171k\u00f6dtetett \u00e1ltal\u00e1nos iskol\u00e1khoz, \u00e9s m\u00e9g okt\u00f3berben megkapj\u00e1k a miniszt\u00e9riumok, fels\u0151oktat\u00e1si int\u00e9zm\u00e9nyek, illetve az","twitter:image":"https:\/\/allasorias.hu\/hirek\/wp-content\/uploads\/2019\/04\/tools-498202_640.jpg","twitter:label1":"Written by","twitter:data1":"Juh\u00e1sz P\u00e9ter","twitter:label2":"Est. reading time","twitter:data2":"2 minutes"},"aioseo_meta_data":{"post_id":"3408","title":null,"description":null,"keywords":null,"keyphrases":null,"primary_term":null,"canonical_url":null,"og_title":null,"og_description":null,"og_object_type":"default","og_image_type":"default","og_image_url":null,"og_image_width":null,"og_image_height":null,"og_image_custom_url":null,"og_image_custom_fields":null,"og_video":null,"og_custom_url":null,"og_article_section":null,"og_article_tags":null,"twitter_use_og":false,"twitter_card":"default","twitter_image_type":"default","twitter_image_url":null,"twitter_image_custom_url":null,"twitter_image_custom_fields":null,"twitter_title":null,"twitter_description":null,"schema":{"blockGraphs":[],"customGraphs":[],"default":{"data":{"Article":[],"Course":[],"Dataset":[],"FAQPage":[],"Movie":[],"Person":[],"Product":[],"ProductReview":[],"Car":[],"Recipe":[],"Service":[],"SoftwareApplication":[],"WebPage":[]},"graphName":"","isEnabled":true},"graphs":[],"defaultGraph":"","defaultPostTypeGraph":""},"schema_type":null,"schema_type_options":null,"pillar_content":false,"robots_default":true,"robots_noindex":false,"robots_noarchive":false,"robots_nosnippet":false,"robots_nofollow":false,"robots_noimageindex":false,"robots_noodp":false,"robots_notranslate":false,"robots_max_snippet":null,"robots_max_videopreview":null,"robots_max_imagepreview":"large","priority":null,"frequency":null,"location":null,"local_seo":null,"breadcrumb_settings":null,"limit_modified_date":false,"ai":null,"created":"2021-02-01 22:56:23","updated":"2025-10-02 12:05:38","seo_analyzer_scan_date":null,"focus_keyword":null,"additional_keywords":null,"truseo_locale":null},"aioseo_breadcrumb":"<div class=\"aioseo-breadcrumbs\"><span class=\"aioseo-breadcrumb\">\n\t\t\t<a href=\"https:\/\/allasorias.hu\/hirek\" title=\"Home\">Home<\/a>\n\t\t<\/span><span class=\"aioseo-breadcrumb-separator\">&raquo;<\/span><span class=\"aioseo-breadcrumb\">\n\t\t\t<a href=\"https:\/\/allasorias.hu\/hirek\/temak\/gazdasag\/\" title=\"Gazdas\u00e1g\">Gazdas\u00e1g<\/a>\n\t\t<\/span><span class=\"aioseo-breadcrumb-separator\">&raquo;<\/span><span class=\"aioseo-breadcrumb\">\n\t\t\t\u00daj kiadv\u00e1ny a szakm\u00e1kr\u00f3l\n\t\t<\/span><\/div>","aioseo_breadcrumb_json":[{"label":"Home","link":"https:\/\/allasorias.hu\/hirek"},{"label":"Gazdas\u00e1g","link":"https:\/\/allasorias.hu\/hirek\/temak\/gazdasag\/"},{"label":"\u00daj kiadv\u00e1ny a szakm\u00e1kr\u00f3l","link":"https:\/\/allasorias.hu\/hirek\/uj-kiadvany-a-szakmakrol\/"}],"_links":{"self":[{"href":"https:\/\/allasorias.hu\/hirek\/wp-json\/wp\/v2\/posts\/3408","targetHints":{"allow":["GET"]}}],"collection":[{"href":"https:\/\/allasorias.hu\/hirek\/wp-json\/wp\/v2\/posts"}],"about":[{"href":"https:\/\/allasorias.hu\/hirek\/wp-json\/wp\/v2\/types\/post"}],"author":[{"embeddable":true,"href":"https:\/\/allasorias.hu\/hirek\/wp-json\/wp\/v2\/users\/1"}],"replies":[{"embeddable":true,"href":"https:\/\/allasorias.hu\/hirek\/wp-json\/wp\/v2\/comments?post=3408"}],"version-history":[{"count":1,"href":"https:\/\/allasorias.hu\/hirek\/wp-json\/wp\/v2\/posts\/3408\/revisions"}],"predecessor-version":[{"id":3409,"href":"https:\/\/allasorias.hu\/hirek\/wp-json\/wp\/v2\/posts\/3408\/revisions\/3409"}],"wp:featuredmedia":[{"embeddable":true,"href":"https:\/\/allasorias.hu\/hirek\/wp-json\/wp\/v2\/media\/2819"}],"wp:attachment":[{"href":"https:\/\/allasorias.hu\/hirek\/wp-json\/wp\/v2\/media?parent=3408"}],"wp:term":[{"taxonomy":"category","embeddable":true,"href":"https:\/\/allasorias.hu\/hirek\/wp-json\/wp\/v2\/categories?post=3408"},{"taxonomy":"post_tag","embeddable":true,"href":"https:\/\/allasorias.hu\/hirek\/wp-json\/wp\/v2\/tags?post=3408"}],"curies":[{"name":"wp","href":"https:\/\/api.w.org\/{rel}","templated":true}]}}