{"id":3406,"date":"2019-10-18T08:18:18","date_gmt":"2019-10-18T08:18:18","guid":{"rendered":"https:\/\/allasorias.hu\/hirek\/?p=3406"},"modified":"2019-10-18T08:18:18","modified_gmt":"2019-10-18T08:18:18","slug":"nehezen-talalnak-munkat-az-allaskeresok","status":"publish","type":"post","link":"https:\/\/allasorias.hu\/hirek\/nehezen-talalnak-munkat-az-allaskeresok\/","title":{"rendered":"Nehezen tal\u00e1lnak munk\u00e1t az \u00e1ll\u00e1skeres\u0151k"},"content":{"rendered":"<p><strong>A munkaer\u0151hi\u00e1ny tov\u00e1bbra sem cs\u00f6kken, t\u00f6bb szektorban is b\u0151v\u00fcl\u00e9s tapasztalhat\u00f3 az \u00e1ll\u00e1skeres\u00e9sekben. A banki poz\u00edci\u00f3k eset\u00e9ben 27, a vend\u00e9gl\u00e1t\u00e1sban 14, az \u00e9p\u00edt\u0151iparban 5 sz\u00e1zal\u00e9kos a n\u00f6veked\u00e9s a tavalyi adatokhoz k\u00e9pest egy friss jelent\u00e9s szerint. &#8222;Az eml\u00edtett szektorokban tov\u00e1bbra is sz\u00fcks\u00e9g van munkaer\u0151re, nem \u00e9rezz\u00fck a hi\u00e1ny enyh\u00fcl\u00e9s\u00e9t&#8221; &#8211; mondta el Juh\u00e1sz Csongor, a Prohuman \u00fcgyvezet\u0151 igazgat\u00f3ja.<\/strong><\/p>\n<p>Az orsz\u00e1g legnagyobb HR-szolg\u00e1ltat\u00f3j\u00e1nak vezet\u0151je szerint ugyanolyan neh\u00e9z k\u00e9pzett szakmunk\u00e1st tal\u00e1lni vend\u00e9gl\u00e1t\u00f3s \u00e9s sz\u00e1llodai poz\u00edci\u00f3kra, mint kor\u00e1bban, az \u00e9p\u00edt\u0151iparban pedig az aktu\u00e1lis beruh\u00e1z\u00e1sok miatt kell tov\u00e1bbra is sok munkav\u00e1llal\u00f3 &#8211; \u00edrja a Vil\u00e1ggazdas\u00e1g. Az aut\u00f3iparban viszont a szakember szerint elindult egyfajta javul\u00e1s, b\u00e1r nem mindenhol azonos m\u00e9rt\u00e9kben, az elektromos aut\u00f3k alkatr\u00e9szeit besz\u00e1ll\u00edt\u00f3 c\u00e9gekn\u00e9l pedig egy\u00e1ltal\u00e1n nem. Rossz a helyzet a kereskedelemben is, amelyb\u0151l legink\u00e1bb \u00e1rufelt\u00f6lt\u0151k \u00e9s elad\u00f3k hi\u00e1nyoznak, de gy\u00e1rt\u00f3sori seg\u00e9dmunk\u00e1sb\u00f3l is egyre kevesebb van. Az \u00e9p\u00fcletlakatosok \u00e9s a g\u00e9plakatosok sem tolonganak a piacon, \u00e9s a technol\u00f3giai ter\u00fcleteken is tart\u00f3s a hi\u00e1ny. Val\u00f3s\u00e1gos k\u00fczdelem folyik ezenfel\u00fcl a m\u00e9rn\u00f6ki piacon \u00e9s a p\u00e9nz\u00fcgyi ter\u00fcleten, az ut\u00f3bbi eset\u00e9ben k\u00f6nyvel\u0151kre, kontrollerekre \u00e9s p\u00e9nz\u00fcgyi szak\u00e9rt\u0151kre lenne sz\u00fcks\u00e9g.<\/p>\n<p>Forr\u00e1s: penzcentrum<\/p>\n","protected":false},"excerpt":{"rendered":"<p>A munkaer\u0151hi\u00e1ny tov\u00e1bbra sem cs\u00f6kken, t\u00f6bb szektorban is b\u0151v\u00fcl\u00e9s tapasztalhat\u00f3 az \u00e1ll\u00e1skeres\u00e9sekben. A banki poz\u00edci\u00f3k eset\u00e9ben 27, a vend\u00e9gl\u00e1t\u00e1sban 14, az \u00e9p\u00edt\u0151iparban 5 sz\u00e1zal\u00e9kos a n\u00f6veked\u00e9s a tavalyi adatokhoz k\u00e9pest egy friss jelent\u00e9s szerint. &#8222;Az eml\u00edtett szektorokban tov\u00e1bbra is sz\u00fcks\u00e9g van munkaer\u0151re, nem \u00e9rezz\u00fck a hi\u00e1ny enyh\u00fcl\u00e9s\u00e9t&#8221; &#8211; mondta el Juh\u00e1sz Csongor, a Prohuman \u00fcgyvezet\u0151 [&hellip;]<\/p>\n","protected":false},"author":1,"featured_media":0,"comment_status":"open","ping_status":"open","sticky":false,"template":"","format":"standard","meta":{"_monsterinsights_skip_tracking":false,"footnotes":""},"categories":[1,200],"tags":[],"class_list":["post-3406","post","type-post","status-publish","format-standard","hentry","category-allaskereses","category-munkaeropiac"],"aioseo_notices":[],"aioseo_head":"\n\t\t<!-- All in One SEO 5.0.0.1 - aioseo.com -->\n\t<meta name=\"description\" content=\"A munkaer\u0151hi\u00e1ny tov\u00e1bbra sem cs\u00f6kken, t\u00f6bb szektorban is b\u0151v\u00fcl\u00e9s tapasztalhat\u00f3 az \u00e1ll\u00e1skeres\u00e9sekben. A banki poz\u00edci\u00f3k eset\u00e9ben 27, a vend\u00e9gl\u00e1t\u00e1sban 14, az \u00e9p\u00edt\u0151iparban 5 sz\u00e1zal\u00e9kos a n\u00f6veked\u00e9s a tavalyi adatokhoz k\u00e9pest egy friss jelent\u00e9s szerint. &quot;Az eml\u00edtett szektorokban tov\u00e1bbra is sz\u00fcks\u00e9g van munkaer\u0151re, nem \u00e9rezz\u00fck a hi\u00e1ny enyh\u00fcl\u00e9s\u00e9t&quot; - mondta el Juh\u00e1sz Csongor, a Prohuman \u00fcgyvezet\u0151\" \/>\n\t<meta name=\"robots\" content=\"max-image-preview:large\" \/>\n\t<meta name=\"author\" content=\"Juh\u00e1sz P\u00e9ter\"\/>\n\t<link rel=\"canonical\" href=\"https:\/\/allasorias.hu\/hirek\/nehezen-talalnak-munkat-az-allaskeresok\/\" \/>\n\t<meta name=\"generator\" content=\"All in One SEO (AIOSEO) 5.0.0.1\" \/>\n\t\t<meta property=\"og:locale\" content=\"hu_HU\" \/>\n\t\t<meta property=\"og:site_name\" content=\"AllasOrias.hu | H\u00edrek-lapszemle | \u00dczleti h\u00edrek az \u00e1ll\u00e1s \u00e9s a munka vil\u00e1g\u00e1b\u00f3l\" \/>\n\t\t<meta property=\"og:type\" content=\"article\" \/>\n\t\t<meta property=\"og:title\" content=\"Nehezen tal\u00e1lnak munk\u00e1t az \u00e1ll\u00e1skeres\u0151k | AllasOrias.hu | H\u00edrek-lapszemle\" \/>\n\t\t<meta property=\"og:description\" content=\"A munkaer\u0151hi\u00e1ny tov\u00e1bbra sem cs\u00f6kken, t\u00f6bb szektorban is b\u0151v\u00fcl\u00e9s tapasztalhat\u00f3 az \u00e1ll\u00e1skeres\u00e9sekben. A banki poz\u00edci\u00f3k eset\u00e9ben 27, a vend\u00e9gl\u00e1t\u00e1sban 14, az \u00e9p\u00edt\u0151iparban 5 sz\u00e1zal\u00e9kos a n\u00f6veked\u00e9s a tavalyi adatokhoz k\u00e9pest egy friss jelent\u00e9s szerint. &quot;Az eml\u00edtett szektorokban tov\u00e1bbra is sz\u00fcks\u00e9g van munkaer\u0151re, nem \u00e9rezz\u00fck a hi\u00e1ny enyh\u00fcl\u00e9s\u00e9t&quot; - mondta el Juh\u00e1sz Csongor, a Prohuman \u00fcgyvezet\u0151\" \/>\n\t\t<meta property=\"og:url\" content=\"https:\/\/allasorias.hu\/hirek\/nehezen-talalnak-munkat-az-allaskeresok\/\" \/>\n\t\t<meta property=\"og:image\" content=\"https:\/\/allasorias.hu\/hirek\/wp-content\/uploads\/2022\/10\/allasorias-fb-logo.png\" \/>\n\t\t<meta property=\"og:image:secure_url\" content=\"https:\/\/allasorias.hu\/hirek\/wp-content\/uploads\/2022\/10\/allasorias-fb-logo.png\" \/>\n\t\t<meta property=\"og:image:width\" content=\"437\" \/>\n\t\t<meta property=\"og:image:height\" content=\"200\" \/>\n\t\t<meta property=\"article:published_time\" content=\"2019-10-18T08:18:18+00:00\" \/>\n\t\t<meta property=\"article:modified_time\" content=\"2019-10-18T08:18:18+00:00\" \/>\n\t\t<meta property=\"article:publisher\" content=\"https:\/\/www.facebook.com\/allasorias\" \/>\n\t\t<meta name=\"twitter:card\" content=\"summary_large_image\" \/>\n\t\t<meta name=\"twitter:title\" content=\"Nehezen tal\u00e1lnak munk\u00e1t az \u00e1ll\u00e1skeres\u0151k | AllasOrias.hu | H\u00edrek-lapszemle\" \/>\n\t\t<meta name=\"twitter:description\" content=\"A munkaer\u0151hi\u00e1ny tov\u00e1bbra sem cs\u00f6kken, t\u00f6bb szektorban is b\u0151v\u00fcl\u00e9s tapasztalhat\u00f3 az \u00e1ll\u00e1skeres\u00e9sekben. A banki poz\u00edci\u00f3k eset\u00e9ben 27, a vend\u00e9gl\u00e1t\u00e1sban 14, az \u00e9p\u00edt\u0151iparban 5 sz\u00e1zal\u00e9kos a n\u00f6veked\u00e9s a tavalyi adatokhoz k\u00e9pest egy friss jelent\u00e9s szerint. &quot;Az eml\u00edtett szektorokban tov\u00e1bbra is sz\u00fcks\u00e9g van munkaer\u0151re, nem \u00e9rezz\u00fck a hi\u00e1ny enyh\u00fcl\u00e9s\u00e9t&quot; - mondta el Juh\u00e1sz Csongor, a Prohuman \u00fcgyvezet\u0151\" \/>\n\t\t<meta name=\"twitter:image\" content=\"https:\/\/allasorias.hu\/hirek\/wp-content\/uploads\/2022\/10\/allasorias-fb-logo.png\" \/>\n\t\t<meta name=\"twitter:label1\" content=\"Written by\" \/>\n\t\t<meta name=\"twitter:data1\" content=\"Juh\u00e1sz P\u00e9ter\" \/>\n\t\t<meta name=\"twitter:label2\" content=\"Est. reading time\" \/>\n\t\t<meta name=\"twitter:data2\" content=\"1 minute\" \/>\n\t\t<script type=\"application\/ld+json\" class=\"aioseo-schema\">\n\t\t\t{\"@context\":\"https:\\\/\\\/schema.org\",\"@graph\":[{\"@type\":\"Article\",\"@id\":\"https:\\\/\\\/allasorias.hu\\\/hirek\\\/nehezen-talalnak-munkat-az-allaskeresok\\\/#article\",\"name\":\"Nehezen tal\\u00e1lnak munk\\u00e1t az \\u00e1ll\\u00e1skeres\\u0151k | AllasOrias.hu | H\\u00edrek-lapszemle\",\"headline\":\"Nehezen tal\\u00e1lnak munk\\u00e1t az \\u00e1ll\\u00e1skeres\\u0151k\",\"author\":{\"@id\":\"https:\\\/\\\/allasorias.hu\\\/hirek\\\/author\\\/admin-allasorias\\\/#author\"},\"publisher\":{\"@id\":\"https:\\\/\\\/allasorias.hu\\\/hirek\\\/#organization\"},\"image\":{\"@type\":\"ImageObject\",\"url\":\"https:\\\/\\\/allasorias.hu\\\/hirek\\\/wp-content\\\/uploads\\\/2022\\\/10\\\/allasorias_site_facebok_logo.png\",\"@id\":\"https:\\\/\\\/allasorias.hu\\\/hirek\\\/#articleImage\"},\"datePublished\":\"2019-10-18T08:18:18+02:00\",\"dateModified\":\"2019-10-18T08:18:18+02:00\",\"inLanguage\":\"hu-HU\",\"mainEntityOfPage\":{\"@id\":\"https:\\\/\\\/allasorias.hu\\\/hirek\\\/nehezen-talalnak-munkat-az-allaskeresok\\\/#webpage\"},\"isPartOf\":{\"@id\":\"https:\\\/\\\/allasorias.hu\\\/hirek\\\/nehezen-talalnak-munkat-az-allaskeresok\\\/#webpage\"},\"articleSection\":\"\\u00c1ll\\u00e1skeres\\u00e9s, Munkaer\\u0151piac\"},{\"@type\":\"BreadcrumbList\",\"@id\":\"https:\\\/\\\/allasorias.hu\\\/hirek\\\/nehezen-talalnak-munkat-az-allaskeresok\\\/#breadcrumblist\",\"itemListElement\":[{\"@type\":\"ListItem\",\"@id\":\"https:\\\/\\\/allasorias.hu\\\/hirek#listItem\",\"position\":1,\"name\":\"Home\",\"item\":\"https:\\\/\\\/allasorias.hu\\\/hirek\",\"nextItem\":{\"@type\":\"ListItem\",\"@id\":\"https:\\\/\\\/allasorias.hu\\\/hirek\\\/temak\\\/allaskereses\\\/#listItem\",\"name\":\"\\u00c1ll\\u00e1skeres\\u00e9s\"}},{\"@type\":\"ListItem\",\"@id\":\"https:\\\/\\\/allasorias.hu\\\/hirek\\\/temak\\\/allaskereses\\\/#listItem\",\"position\":2,\"name\":\"\\u00c1ll\\u00e1skeres\\u00e9s\",\"item\":\"https:\\\/\\\/allasorias.hu\\\/hirek\\\/temak\\\/allaskereses\\\/\",\"nextItem\":{\"@type\":\"ListItem\",\"@id\":\"https:\\\/\\\/allasorias.hu\\\/hirek\\\/nehezen-talalnak-munkat-az-allaskeresok\\\/#listItem\",\"name\":\"Nehezen tal\\u00e1lnak munk\\u00e1t az \\u00e1ll\\u00e1skeres\\u0151k\"},\"previousItem\":{\"@type\":\"ListItem\",\"@id\":\"https:\\\/\\\/allasorias.hu\\\/hirek#listItem\",\"name\":\"Home\"}},{\"@type\":\"ListItem\",\"@id\":\"https:\\\/\\\/allasorias.hu\\\/hirek\\\/nehezen-talalnak-munkat-az-allaskeresok\\\/#listItem\",\"position\":3,\"name\":\"Nehezen tal\\u00e1lnak munk\\u00e1t az \\u00e1ll\\u00e1skeres\\u0151k\",\"previousItem\":{\"@type\":\"ListItem\",\"@id\":\"https:\\\/\\\/allasorias.hu\\\/hirek\\\/temak\\\/allaskereses\\\/#listItem\",\"name\":\"\\u00c1ll\\u00e1skeres\\u00e9s\"}}]},{\"@type\":\"Organization\",\"@id\":\"https:\\\/\\\/allasorias.hu\\\/hirek\\\/#organization\",\"name\":\"AllasOrias.hu | H\\u00edrek-lapszemle\",\"description\":\"\\u00dczleti h\\u00edrek az \\u00e1ll\\u00e1s \\u00e9s a munka vil\\u00e1g\\u00e1b\\u00f3l\",\"url\":\"https:\\\/\\\/allasorias.hu\\\/hirek\\\/\",\"logo\":{\"@type\":\"ImageObject\",\"url\":\"https:\\\/\\\/allasorias.hu\\\/hirek\\\/wp-content\\\/uploads\\\/2022\\\/10\\\/allasorias_site_facebok_logo.png\",\"@id\":\"https:\\\/\\\/allasorias.hu\\\/hirek\\\/nehezen-talalnak-munkat-az-allaskeresok\\\/#organizationLogo\"},\"image\":{\"@id\":\"https:\\\/\\\/allasorias.hu\\\/hirek\\\/nehezen-talalnak-munkat-az-allaskeresok\\\/#organizationLogo\"},\"sameAs\":[\"https:\\\/\\\/www.facebook.com\\\/allasorias\",\"https:\\\/\\\/www.linkedin.com\\\/company\\\/allasorias\"]},{\"@type\":\"Person\",\"@id\":\"https:\\\/\\\/allasorias.hu\\\/hirek\\\/author\\\/admin-allasorias\\\/#author\",\"url\":\"https:\\\/\\\/allasorias.hu\\\/hirek\\\/author\\\/admin-allasorias\\\/\",\"name\":\"Juh\\u00e1sz P\\u00e9ter\",\"image\":{\"@type\":\"ImageObject\",\"@id\":\"https:\\\/\\\/allasorias.hu\\\/hirek\\\/nehezen-talalnak-munkat-az-allaskeresok\\\/#authorImage\",\"url\":\"https:\\\/\\\/secure.gravatar.com\\\/avatar\\\/36e6bcb83148978b992977cb0f54d22feb0cce8a0a849a9410532bb2623ba4c6?s=96&d=mm&r=g\",\"width\":96,\"height\":96,\"caption\":\"Juh\\u00e1sz P\\u00e9ter\"}},{\"@type\":\"WebPage\",\"@id\":\"https:\\\/\\\/allasorias.hu\\\/hirek\\\/nehezen-talalnak-munkat-az-allaskeresok\\\/#webpage\",\"url\":\"https:\\\/\\\/allasorias.hu\\\/hirek\\\/nehezen-talalnak-munkat-az-allaskeresok\\\/\",\"name\":\"Nehezen tal\\u00e1lnak munk\\u00e1t az \\u00e1ll\\u00e1skeres\\u0151k | AllasOrias.hu | H\\u00edrek-lapszemle\",\"description\":\"A munkaer\\u0151hi\\u00e1ny tov\\u00e1bbra sem cs\\u00f6kken, t\\u00f6bb szektorban is b\\u0151v\\u00fcl\\u00e9s tapasztalhat\\u00f3 az \\u00e1ll\\u00e1skeres\\u00e9sekben. A banki poz\\u00edci\\u00f3k eset\\u00e9ben 27, a vend\\u00e9gl\\u00e1t\\u00e1sban 14, az \\u00e9p\\u00edt\\u0151iparban 5 sz\\u00e1zal\\u00e9kos a n\\u00f6veked\\u00e9s a tavalyi adatokhoz k\\u00e9pest egy friss jelent\\u00e9s szerint. \\\"Az eml\\u00edtett szektorokban tov\\u00e1bbra is sz\\u00fcks\\u00e9g van munkaer\\u0151re, nem \\u00e9rezz\\u00fck a hi\\u00e1ny enyh\\u00fcl\\u00e9s\\u00e9t\\\" - mondta el Juh\\u00e1sz Csongor, a Prohuman \\u00fcgyvezet\\u0151\",\"inLanguage\":\"hu-HU\",\"isPartOf\":{\"@id\":\"https:\\\/\\\/allasorias.hu\\\/hirek\\\/#website\"},\"breadcrumb\":{\"@id\":\"https:\\\/\\\/allasorias.hu\\\/hirek\\\/nehezen-talalnak-munkat-az-allaskeresok\\\/#breadcrumblist\"},\"author\":{\"@id\":\"https:\\\/\\\/allasorias.hu\\\/hirek\\\/author\\\/admin-allasorias\\\/#author\"},\"creator\":{\"@id\":\"https:\\\/\\\/allasorias.hu\\\/hirek\\\/author\\\/admin-allasorias\\\/#author\"},\"datePublished\":\"2019-10-18T08:18:18+02:00\",\"dateModified\":\"2019-10-18T08:18:18+02:00\"},{\"@type\":\"WebSite\",\"@id\":\"https:\\\/\\\/allasorias.hu\\\/hirek\\\/#website\",\"url\":\"https:\\\/\\\/allasorias.hu\\\/hirek\\\/\",\"name\":\"AllasOrias.hu | H\\u00edrek-lapszemle\",\"description\":\"\\u00dczleti h\\u00edrek az \\u00e1ll\\u00e1s \\u00e9s a munka vil\\u00e1g\\u00e1b\\u00f3l\",\"inLanguage\":\"hu-HU\",\"publisher\":{\"@id\":\"https:\\\/\\\/allasorias.hu\\\/hirek\\\/#organization\"}}]}\n\t\t<\/script>\n\t\t<!-- All in One SEO -->\n\n","aioseo_head_json":{"title":"Nehezen tal\u00e1lnak munk\u00e1t az \u00e1ll\u00e1skeres\u0151k | AllasOrias.hu | H\u00edrek-lapszemle","description":"A munkaer\u0151hi\u00e1ny tov\u00e1bbra sem cs\u00f6kken, t\u00f6bb szektorban is b\u0151v\u00fcl\u00e9s tapasztalhat\u00f3 az \u00e1ll\u00e1skeres\u00e9sekben. A banki poz\u00edci\u00f3k eset\u00e9ben 27, a vend\u00e9gl\u00e1t\u00e1sban 14, az \u00e9p\u00edt\u0151iparban 5 sz\u00e1zal\u00e9kos a n\u00f6veked\u00e9s a tavalyi adatokhoz k\u00e9pest egy friss jelent\u00e9s szerint. \"Az eml\u00edtett szektorokban tov\u00e1bbra is sz\u00fcks\u00e9g van munkaer\u0151re, nem \u00e9rezz\u00fck a hi\u00e1ny enyh\u00fcl\u00e9s\u00e9t\" - mondta el Juh\u00e1sz Csongor, a Prohuman \u00fcgyvezet\u0151","canonical_url":"https:\/\/allasorias.hu\/hirek\/nehezen-talalnak-munkat-az-allaskeresok\/","robots":"max-image-preview:large","keywords":"","webmasterTools":{"miscellaneous":""},"schema":{"@context":"https:\/\/schema.org","@graph":[{"@type":"Article","@id":"https:\/\/allasorias.hu\/hirek\/nehezen-talalnak-munkat-az-allaskeresok\/#article","name":"Nehezen tal\u00e1lnak munk\u00e1t az \u00e1ll\u00e1skeres\u0151k | AllasOrias.hu | H\u00edrek-lapszemle","headline":"Nehezen tal\u00e1lnak munk\u00e1t az \u00e1ll\u00e1skeres\u0151k","author":{"@id":"https:\/\/allasorias.hu\/hirek\/author\/admin-allasorias\/#author"},"publisher":{"@id":"https:\/\/allasorias.hu\/hirek\/#organization"},"image":{"@type":"ImageObject","url":"https:\/\/allasorias.hu\/hirek\/wp-content\/uploads\/2022\/10\/allasorias_site_facebok_logo.png","@id":"https:\/\/allasorias.hu\/hirek\/#articleImage"},"datePublished":"2019-10-18T08:18:18+02:00","dateModified":"2019-10-18T08:18:18+02:00","inLanguage":"hu-HU","mainEntityOfPage":{"@id":"https:\/\/allasorias.hu\/hirek\/nehezen-talalnak-munkat-az-allaskeresok\/#webpage"},"isPartOf":{"@id":"https:\/\/allasorias.hu\/hirek\/nehezen-talalnak-munkat-az-allaskeresok\/#webpage"},"articleSection":"\u00c1ll\u00e1skeres\u00e9s, Munkaer\u0151piac"},{"@type":"BreadcrumbList","@id":"https:\/\/allasorias.hu\/hirek\/nehezen-talalnak-munkat-az-allaskeresok\/#breadcrumblist","itemListElement":[{"@type":"ListItem","@id":"https:\/\/allasorias.hu\/hirek#listItem","position":1,"name":"Home","item":"https:\/\/allasorias.hu\/hirek","nextItem":{"@type":"ListItem","@id":"https:\/\/allasorias.hu\/hirek\/temak\/allaskereses\/#listItem","name":"\u00c1ll\u00e1skeres\u00e9s"}},{"@type":"ListItem","@id":"https:\/\/allasorias.hu\/hirek\/temak\/allaskereses\/#listItem","position":2,"name":"\u00c1ll\u00e1skeres\u00e9s","item":"https:\/\/allasorias.hu\/hirek\/temak\/allaskereses\/","nextItem":{"@type":"ListItem","@id":"https:\/\/allasorias.hu\/hirek\/nehezen-talalnak-munkat-az-allaskeresok\/#listItem","name":"Nehezen tal\u00e1lnak munk\u00e1t az \u00e1ll\u00e1skeres\u0151k"},"previousItem":{"@type":"ListItem","@id":"https:\/\/allasorias.hu\/hirek#listItem","name":"Home"}},{"@type":"ListItem","@id":"https:\/\/allasorias.hu\/hirek\/nehezen-talalnak-munkat-az-allaskeresok\/#listItem","position":3,"name":"Nehezen tal\u00e1lnak munk\u00e1t az \u00e1ll\u00e1skeres\u0151k","previousItem":{"@type":"ListItem","@id":"https:\/\/allasorias.hu\/hirek\/temak\/allaskereses\/#listItem","name":"\u00c1ll\u00e1skeres\u00e9s"}}]},{"@type":"Organization","@id":"https:\/\/allasorias.hu\/hirek\/#organization","name":"AllasOrias.hu | H\u00edrek-lapszemle","description":"\u00dczleti h\u00edrek az \u00e1ll\u00e1s \u00e9s a munka vil\u00e1g\u00e1b\u00f3l","url":"https:\/\/allasorias.hu\/hirek\/","logo":{"@type":"ImageObject","url":"https:\/\/allasorias.hu\/hirek\/wp-content\/uploads\/2022\/10\/allasorias_site_facebok_logo.png","@id":"https:\/\/allasorias.hu\/hirek\/nehezen-talalnak-munkat-az-allaskeresok\/#organizationLogo"},"image":{"@id":"https:\/\/allasorias.hu\/hirek\/nehezen-talalnak-munkat-az-allaskeresok\/#organizationLogo"},"sameAs":["https:\/\/www.facebook.com\/allasorias","https:\/\/www.linkedin.com\/company\/allasorias"]},{"@type":"Person","@id":"https:\/\/allasorias.hu\/hirek\/author\/admin-allasorias\/#author","url":"https:\/\/allasorias.hu\/hirek\/author\/admin-allasorias\/","name":"Juh\u00e1sz P\u00e9ter","image":{"@type":"ImageObject","@id":"https:\/\/allasorias.hu\/hirek\/nehezen-talalnak-munkat-az-allaskeresok\/#authorImage","url":"https:\/\/secure.gravatar.com\/avatar\/36e6bcb83148978b992977cb0f54d22feb0cce8a0a849a9410532bb2623ba4c6?s=96&d=mm&r=g","width":96,"height":96,"caption":"Juh\u00e1sz P\u00e9ter"}},{"@type":"WebPage","@id":"https:\/\/allasorias.hu\/hirek\/nehezen-talalnak-munkat-az-allaskeresok\/#webpage","url":"https:\/\/allasorias.hu\/hirek\/nehezen-talalnak-munkat-az-allaskeresok\/","name":"Nehezen tal\u00e1lnak munk\u00e1t az \u00e1ll\u00e1skeres\u0151k | AllasOrias.hu | H\u00edrek-lapszemle","description":"A munkaer\u0151hi\u00e1ny tov\u00e1bbra sem cs\u00f6kken, t\u00f6bb szektorban is b\u0151v\u00fcl\u00e9s tapasztalhat\u00f3 az \u00e1ll\u00e1skeres\u00e9sekben. A banki poz\u00edci\u00f3k eset\u00e9ben 27, a vend\u00e9gl\u00e1t\u00e1sban 14, az \u00e9p\u00edt\u0151iparban 5 sz\u00e1zal\u00e9kos a n\u00f6veked\u00e9s a tavalyi adatokhoz k\u00e9pest egy friss jelent\u00e9s szerint. \"Az eml\u00edtett szektorokban tov\u00e1bbra is sz\u00fcks\u00e9g van munkaer\u0151re, nem \u00e9rezz\u00fck a hi\u00e1ny enyh\u00fcl\u00e9s\u00e9t\" - mondta el Juh\u00e1sz Csongor, a Prohuman \u00fcgyvezet\u0151","inLanguage":"hu-HU","isPartOf":{"@id":"https:\/\/allasorias.hu\/hirek\/#website"},"breadcrumb":{"@id":"https:\/\/allasorias.hu\/hirek\/nehezen-talalnak-munkat-az-allaskeresok\/#breadcrumblist"},"author":{"@id":"https:\/\/allasorias.hu\/hirek\/author\/admin-allasorias\/#author"},"creator":{"@id":"https:\/\/allasorias.hu\/hirek\/author\/admin-allasorias\/#author"},"datePublished":"2019-10-18T08:18:18+02:00","dateModified":"2019-10-18T08:18:18+02:00"},{"@type":"WebSite","@id":"https:\/\/allasorias.hu\/hirek\/#website","url":"https:\/\/allasorias.hu\/hirek\/","name":"AllasOrias.hu | H\u00edrek-lapszemle","description":"\u00dczleti h\u00edrek az \u00e1ll\u00e1s \u00e9s a munka vil\u00e1g\u00e1b\u00f3l","inLanguage":"hu-HU","publisher":{"@id":"https:\/\/allasorias.hu\/hirek\/#organization"}}]},"og:locale":"hu_HU","og:site_name":"AllasOrias.hu | H\u00edrek-lapszemle | \u00dczleti h\u00edrek az \u00e1ll\u00e1s \u00e9s a munka vil\u00e1g\u00e1b\u00f3l","og:type":"article","og:title":"Nehezen tal\u00e1lnak munk\u00e1t az \u00e1ll\u00e1skeres\u0151k | AllasOrias.hu | H\u00edrek-lapszemle","og:description":"A munkaer\u0151hi\u00e1ny tov\u00e1bbra sem cs\u00f6kken, t\u00f6bb szektorban is b\u0151v\u00fcl\u00e9s tapasztalhat\u00f3 az \u00e1ll\u00e1skeres\u00e9sekben. A banki poz\u00edci\u00f3k eset\u00e9ben 27, a vend\u00e9gl\u00e1t\u00e1sban 14, az \u00e9p\u00edt\u0151iparban 5 sz\u00e1zal\u00e9kos a n\u00f6veked\u00e9s a tavalyi adatokhoz k\u00e9pest egy friss jelent\u00e9s szerint. &quot;Az eml\u00edtett szektorokban tov\u00e1bbra is sz\u00fcks\u00e9g van munkaer\u0151re, nem \u00e9rezz\u00fck a hi\u00e1ny enyh\u00fcl\u00e9s\u00e9t&quot; - mondta el Juh\u00e1sz Csongor, a Prohuman \u00fcgyvezet\u0151","og:url":"https:\/\/allasorias.hu\/hirek\/nehezen-talalnak-munkat-az-allaskeresok\/","og:image":"https:\/\/allasorias.hu\/hirek\/wp-content\/uploads\/2022\/10\/allasorias-fb-logo.png","og:image:secure_url":"https:\/\/allasorias.hu\/hirek\/wp-content\/uploads\/2022\/10\/allasorias-fb-logo.png","og:image:width":437,"og:image:height":200,"article:published_time":"2019-10-18T08:18:18+00:00","article:modified_time":"2019-10-18T08:18:18+00:00","article:publisher":"https:\/\/www.facebook.com\/allasorias","twitter:card":"summary_large_image","twitter:title":"Nehezen tal\u00e1lnak munk\u00e1t az \u00e1ll\u00e1skeres\u0151k | AllasOrias.hu | H\u00edrek-lapszemle","twitter:description":"A munkaer\u0151hi\u00e1ny tov\u00e1bbra sem cs\u00f6kken, t\u00f6bb szektorban is b\u0151v\u00fcl\u00e9s tapasztalhat\u00f3 az \u00e1ll\u00e1skeres\u00e9sekben. A banki poz\u00edci\u00f3k eset\u00e9ben 27, a vend\u00e9gl\u00e1t\u00e1sban 14, az \u00e9p\u00edt\u0151iparban 5 sz\u00e1zal\u00e9kos a n\u00f6veked\u00e9s a tavalyi adatokhoz k\u00e9pest egy friss jelent\u00e9s szerint. &quot;Az eml\u00edtett szektorokban tov\u00e1bbra is sz\u00fcks\u00e9g van munkaer\u0151re, nem \u00e9rezz\u00fck a hi\u00e1ny enyh\u00fcl\u00e9s\u00e9t&quot; - mondta el Juh\u00e1sz Csongor, a Prohuman \u00fcgyvezet\u0151","twitter:image":"https:\/\/allasorias.hu\/hirek\/wp-content\/uploads\/2022\/10\/allasorias-fb-logo.png","twitter:label1":"Written by","twitter:data1":"Juh\u00e1sz P\u00e9ter","twitter:label2":"Est. reading time","twitter:data2":"1 minute"},"aioseo_meta_data":{"post_id":"3406","title":null,"description":null,"keywords":null,"keyphrases":null,"primary_term":null,"canonical_url":null,"og_title":null,"og_description":null,"og_object_type":"default","og_image_type":"default","og_image_url":null,"og_image_width":null,"og_image_height":null,"og_image_custom_url":null,"og_image_custom_fields":null,"og_video":null,"og_custom_url":null,"og_article_section":null,"og_article_tags":null,"twitter_use_og":false,"twitter_card":"default","twitter_image_type":"default","twitter_image_url":null,"twitter_image_custom_url":null,"twitter_image_custom_fields":null,"twitter_title":null,"twitter_description":null,"schema":{"blockGraphs":[],"customGraphs":[],"default":{"data":{"Article":[],"Course":[],"Dataset":[],"FAQPage":[],"Movie":[],"Person":[],"Product":[],"ProductReview":[],"Car":[],"Recipe":[],"Service":[],"SoftwareApplication":[],"WebPage":[]},"graphName":"","isEnabled":true},"graphs":[],"defaultGraph":"","defaultPostTypeGraph":""},"schema_type":null,"schema_type_options":null,"pillar_content":false,"robots_default":true,"robots_noindex":false,"robots_noarchive":false,"robots_nosnippet":false,"robots_nofollow":false,"robots_noimageindex":false,"robots_noodp":false,"robots_notranslate":false,"robots_max_snippet":null,"robots_max_videopreview":null,"robots_max_imagepreview":"large","priority":null,"frequency":null,"location":null,"local_seo":null,"breadcrumb_settings":null,"limit_modified_date":false,"ai":null,"created":"2021-02-01 22:56:23","updated":"2025-10-02 12:04:37","seo_analyzer_scan_date":null,"focus_keyword":null,"additional_keywords":null,"truseo_locale":null},"aioseo_breadcrumb":"<div class=\"aioseo-breadcrumbs\"><span class=\"aioseo-breadcrumb\">\n\t\t\t<a href=\"https:\/\/allasorias.hu\/hirek\" title=\"Home\">Home<\/a>\n\t\t<\/span><span class=\"aioseo-breadcrumb-separator\">&raquo;<\/span><span class=\"aioseo-breadcrumb\">\n\t\t\t<a href=\"https:\/\/allasorias.hu\/hirek\/temak\/allaskereses\/\" title=\"\u00c1ll\u00e1skeres\u00e9s\">\u00c1ll\u00e1skeres\u00e9s<\/a>\n\t\t<\/span><span class=\"aioseo-breadcrumb-separator\">&raquo;<\/span><span class=\"aioseo-breadcrumb\">\n\t\t\tNehezen tal\u00e1lnak munk\u00e1t az \u00e1ll\u00e1skeres\u0151k\n\t\t<\/span><\/div>","aioseo_breadcrumb_json":[{"label":"Home","link":"https:\/\/allasorias.hu\/hirek"},{"label":"\u00c1ll\u00e1skeres\u00e9s","link":"https:\/\/allasorias.hu\/hirek\/temak\/allaskereses\/"},{"label":"Nehezen tal\u00e1lnak munk\u00e1t az \u00e1ll\u00e1skeres\u0151k","link":"https:\/\/allasorias.hu\/hirek\/nehezen-talalnak-munkat-az-allaskeresok\/"}],"_links":{"self":[{"href":"https:\/\/allasorias.hu\/hirek\/wp-json\/wp\/v2\/posts\/3406","targetHints":{"allow":["GET"]}}],"collection":[{"href":"https:\/\/allasorias.hu\/hirek\/wp-json\/wp\/v2\/posts"}],"about":[{"href":"https:\/\/allasorias.hu\/hirek\/wp-json\/wp\/v2\/types\/post"}],"author":[{"embeddable":true,"href":"https:\/\/allasorias.hu\/hirek\/wp-json\/wp\/v2\/users\/1"}],"replies":[{"embeddable":true,"href":"https:\/\/allasorias.hu\/hirek\/wp-json\/wp\/v2\/comments?post=3406"}],"version-history":[{"count":1,"href":"https:\/\/allasorias.hu\/hirek\/wp-json\/wp\/v2\/posts\/3406\/revisions"}],"predecessor-version":[{"id":3407,"href":"https:\/\/allasorias.hu\/hirek\/wp-json\/wp\/v2\/posts\/3406\/revisions\/3407"}],"wp:attachment":[{"href":"https:\/\/allasorias.hu\/hirek\/wp-json\/wp\/v2\/media?parent=3406"}],"wp:term":[{"taxonomy":"category","embeddable":true,"href":"https:\/\/allasorias.hu\/hirek\/wp-json\/wp\/v2\/categories?post=3406"},{"taxonomy":"post_tag","embeddable":true,"href":"https:\/\/allasorias.hu\/hirek\/wp-json\/wp\/v2\/tags?post=3406"}],"curies":[{"name":"wp","href":"https:\/\/api.w.org\/{rel}","templated":true}]}}