{"id":3404,"date":"2019-10-18T08:12:20","date_gmt":"2019-10-18T08:12:20","guid":{"rendered":"https:\/\/allasorias.hu\/hirek\/?p=3404"},"modified":"2019-10-18T08:12:20","modified_gmt":"2019-10-18T08:12:20","slug":"a-magyarok-szerint-milyen-a-jo-munkahely","status":"publish","type":"post","link":"https:\/\/allasorias.hu\/hirek\/a-magyarok-szerint-milyen-a-jo-munkahely\/","title":{"rendered":"A magyarok szerint milyen a j\u00f3 munkahely?"},"content":{"rendered":"<p><strong>A munkahellyel kapcsolatos elv\u00e1r\u00e1sokat sokszor ink\u00e1bb a munkav\u00e1llal\u00f3k \u00e9lethelyzete hat\u00e1rozza meg, semmint a gener\u00e1ci\u00f3s k\u00fcl\u00f6nbs\u00e9gek. Ezek szerint az Y vagy a Z gener\u00e1ci\u00f3 gyakran hangoztatott \u00fajfajta szeml\u00e9lete kor\u00e1ntsem egyed\u00fcl meghat\u00e1roz\u00f3 a munka vil\u00e1g\u00e1ban, sokszor a n\u0151i \u00e9s f\u00e9rfi k\u00fcl\u00f6nbs\u00e9gek, vagy a csal\u00e1di \u00e1llapot jobban befoly\u00e1solj\u00e1k azt, hogy milyen ig\u00e9nyeket t\u00e1masztanak a dolgoz\u00f3k a munk\u00e1ltat\u00f3kkal szemben.<\/strong><\/p>\n<p>A KSH adatai szerint a munkan\u00e9lk\u00fclis\u00e9g 2019 m\u00e1sodik negyed\u00e9v\u00e9re rekord alacsony, 3,3 sz\u00e1zal\u00e9kos szintet \u00e9rt el. Ugyanakkor ez kor\u00e1ntsem jelenti azt, hogy a munkahelyek tel\u00edt\u0151dnek. A foglalkoztat\u00e1s b\u0151v\u00fcl\u00e9se ellen\u00e9re az elm\u00falt id\u0151szakban fokozatosan n\u0151tt a bet\u00f6ltend\u0151 \u00e1ll\u00e1shelyek sz\u00e1ma \u00e9s az \u00fcres \u00e1ll\u00e1shelyek ar\u00e1nya is emelkedett. Ezeknek az \u00fcres \u00e1ll\u00e1soknak a 72 sz\u00e1zal\u00e9ka a versenyszf\u00e9r\u00e1ban tal\u00e1lhat\u00f3. A munkaer\u0151 bevonz\u00e1sa \u00e9rdek\u00e9ben a c\u00e9gek sz\u00e1mos m\u00f3dszert vetnek be, p\u00e9ld\u00e1ul a munkab\u00e9rek emel\u00e9s\u00e9t: KSH adatok alapj\u00e1n nemcsak a foglalkoztatotts\u00e1g, de az \u00e1tlagkereset is n\u0151tt 2019-re, 9,8 sz\u00e1zal\u00e9kkal. A c\u00e9gek munkaer\u0151 probl\u00e9m\u00e1ira azonban ez nem felt\u00e9tlen\u00fcl megold\u00e1s. Ezt a Groupama Biztos\u00edt\u00f3 ezer f\u0151s, reprezentat\u00edv felm\u00e9r\u00e9se \u2013 amit a Marketingkutat\u00f3 \u00e9s Tan\u00e1csad\u00f3 Kft. k\u00e9sz\u00edtett 2019 augusztus\u00e1ban \u2013 is al\u00e1t\u00e1masztja. \u00d6nmag\u00e1ban att\u00f3l ugyanis, hogy valahol magasabbak a fizet\u00e9sek, mint m\u00e1s c\u00e9gn\u00e9l, m\u00e9g nem v\u00e1lik egy munkahely vonz\u00f3v\u00e1. Enn\u00e9l j\u00f3val l\u00e9nyegesebb szempont a munkav\u00e1llal\u00f3k szem\u00e9ben a stabilit\u00e1s, a p\u00e9nzbeli \u00e9s egy\u00e9b juttat\u00e1sok megl\u00e9te, de m\u00e9g az is, hogy a munkahely k\u00f6zel legyen az otthonhoz. Ha pedig k\u00e9t, egy\u00e9bk\u00e9nt f\u0151bb jellemz\u0151it tekintve (fizet\u00e9s, otthont\u00f3l val\u00f3 t\u00e1vols\u00e1g, munkak\u00f6r, stb.) azonos munkahely k\u00f6z\u00fcl kell v\u00e1lasztani, a munkahely k\u00edn\u00e1lta lehet\u0151s\u00e9gek fontoss\u00e1g\u00e1t az \u00e9lethelyzethez k\u00f6thet\u0151 k\u00f6r\u00fclm\u00e9nyek nagyon er\u0151sen befoly\u00e1solj\u00e1k. A munka-mag\u00e1n\u00e9let egyens\u00faly\u00e1t t\u00e1mogat\u00f3 lehet\u0151s\u00e9geket gyakran tulajdon\u00edtj\u00e1k a fiatalabb gener\u00e1ci\u00f3k egyedi sz\u00fcks\u00e9glet\u00e9nek. Ugyanakkor kider\u00fclt, hogy e lehet\u0151s\u00e9gekre az ig\u00e9nyt az \u00e9lethelyzet legal\u00e1bb annyira megteremti, mint a kor. A rugalmas munkaid\u0151 \u00e9s a r\u00e9szmunkaid\u0151s foglalkoztat\u00e1s lehet\u0151s\u00e9ge a k\u00e9t legfontosabb szempont a gyermeket nevel\u0151k sz\u00e1m\u00e1ra a munkahelyen a mindennapokat seg\u00edt\u0151 int\u00e9zked\u00e9sek k\u00f6z\u00fcl. A falvakban \u00e9l\u0151 munkav\u00e1llal\u00f3k a biztons\u00e1gos, eg\u00e9szs\u00e9gmeg\u0151rz\u00e9st biztos\u00edt\u00f3 munkak\u00f6r\u00fclm\u00e9nyeket sorolj\u00e1k az \u00e1tlagn\u00e1l el\u0151r\u00e9bb, az 50-59 \u00e9ves koroszt\u00e1ly sz\u00e1m\u00e1ra a nyugd\u00edjbiztos\u00edt\u00e1s is az abszol\u00fat favoritok k\u00f6z\u00f6tt van. A munk\u00e1ltat\u00f3knak teh\u00e1t rendk\u00edv\u00fcl v\u00e1ltozatos munkav\u00e1llal\u00f3i ig\u00e9nyeket kell kiel\u00e9g\u00edteni\u00fck, ha munkav\u00e1llal\u00f3ik szempontjait figyelembe szeretn\u00e9k venni.<\/p>\n<p>Forr\u00e1s: origo.hu<\/p>\n","protected":false},"excerpt":{"rendered":"<p>A munkahellyel kapcsolatos elv\u00e1r\u00e1sokat sokszor ink\u00e1bb a munkav\u00e1llal\u00f3k \u00e9lethelyzete hat\u00e1rozza meg, semmint a gener\u00e1ci\u00f3s k\u00fcl\u00f6nbs\u00e9gek. Ezek szerint az Y vagy a Z gener\u00e1ci\u00f3 gyakran hangoztatott \u00fajfajta szeml\u00e9lete kor\u00e1ntsem egyed\u00fcl meghat\u00e1roz\u00f3 a munka vil\u00e1g\u00e1ban, sokszor a n\u0151i \u00e9s f\u00e9rfi k\u00fcl\u00f6nbs\u00e9gek, vagy a csal\u00e1di \u00e1llapot jobban befoly\u00e1solj\u00e1k azt, hogy milyen ig\u00e9nyeket t\u00e1masztanak a dolgoz\u00f3k a munk\u00e1ltat\u00f3kkal szemben. [&hellip;]<\/p>\n","protected":false},"author":1,"featured_media":2815,"comment_status":"open","ping_status":"open","sticky":false,"template":"","format":"standard","meta":{"_monsterinsights_skip_tracking":false,"footnotes":""},"categories":[1],"tags":[],"class_list":["post-3404","post","type-post","status-publish","format-standard","has-post-thumbnail","hentry","category-allaskereses"],"aioseo_notices":[],"aioseo_head":"\n\t\t<!-- All in One SEO 5.0.0.1 - aioseo.com -->\n\t<meta name=\"description\" content=\"A munkahellyel kapcsolatos elv\u00e1r\u00e1sokat sokszor ink\u00e1bb a munkav\u00e1llal\u00f3k \u00e9lethelyzete hat\u00e1rozza meg, semmint a gener\u00e1ci\u00f3s k\u00fcl\u00f6nbs\u00e9gek. Ezek szerint az Y vagy a Z gener\u00e1ci\u00f3 gyakran hangoztatott \u00fajfajta szeml\u00e9lete kor\u00e1ntsem egyed\u00fcl meghat\u00e1roz\u00f3 a munka vil\u00e1g\u00e1ban, sokszor a n\u0151i \u00e9s f\u00e9rfi k\u00fcl\u00f6nbs\u00e9gek, vagy a csal\u00e1di \u00e1llapot jobban befoly\u00e1solj\u00e1k azt, hogy milyen ig\u00e9nyeket t\u00e1masztanak a dolgoz\u00f3k a munk\u00e1ltat\u00f3kkal szemben.\" \/>\n\t<meta name=\"robots\" content=\"max-image-preview:large\" \/>\n\t<meta name=\"author\" content=\"Juh\u00e1sz P\u00e9ter\"\/>\n\t<link rel=\"canonical\" href=\"https:\/\/allasorias.hu\/hirek\/a-magyarok-szerint-milyen-a-jo-munkahely\/\" \/>\n\t<meta name=\"generator\" content=\"All in One SEO (AIOSEO) 5.0.0.1\" \/>\n\t\t<meta property=\"og:locale\" content=\"hu_HU\" \/>\n\t\t<meta property=\"og:site_name\" content=\"AllasOrias.hu | H\u00edrek-lapszemle | \u00dczleti h\u00edrek az \u00e1ll\u00e1s \u00e9s a munka vil\u00e1g\u00e1b\u00f3l\" \/>\n\t\t<meta property=\"og:type\" content=\"article\" \/>\n\t\t<meta property=\"og:title\" content=\"A magyarok szerint milyen a j\u00f3 munkahely? | AllasOrias.hu | H\u00edrek-lapszemle\" \/>\n\t\t<meta property=\"og:description\" content=\"A munkahellyel kapcsolatos elv\u00e1r\u00e1sokat sokszor ink\u00e1bb a munkav\u00e1llal\u00f3k \u00e9lethelyzete hat\u00e1rozza meg, semmint a gener\u00e1ci\u00f3s k\u00fcl\u00f6nbs\u00e9gek. Ezek szerint az Y vagy a Z gener\u00e1ci\u00f3 gyakran hangoztatott \u00fajfajta szeml\u00e9lete kor\u00e1ntsem egyed\u00fcl meghat\u00e1roz\u00f3 a munka vil\u00e1g\u00e1ban, sokszor a n\u0151i \u00e9s f\u00e9rfi k\u00fcl\u00f6nbs\u00e9gek, vagy a csal\u00e1di \u00e1llapot jobban befoly\u00e1solj\u00e1k azt, hogy milyen ig\u00e9nyeket t\u00e1masztanak a dolgoz\u00f3k a munk\u00e1ltat\u00f3kkal szemben.\" \/>\n\t\t<meta property=\"og:url\" content=\"https:\/\/allasorias.hu\/hirek\/a-magyarok-szerint-milyen-a-jo-munkahely\/\" \/>\n\t\t<meta property=\"og:image\" content=\"https:\/\/allasorias.hu\/hirek\/wp-content\/uploads\/2019\/04\/opposites-3808487_640.jpg\" \/>\n\t\t<meta property=\"og:image:secure_url\" content=\"https:\/\/allasorias.hu\/hirek\/wp-content\/uploads\/2019\/04\/opposites-3808487_640.jpg\" \/>\n\t\t<meta property=\"og:image:width\" content=\"640\" \/>\n\t\t<meta property=\"og:image:height\" content=\"417\" \/>\n\t\t<meta property=\"article:published_time\" content=\"2019-10-18T08:12:20+00:00\" \/>\n\t\t<meta property=\"article:modified_time\" content=\"2019-10-18T08:12:20+00:00\" \/>\n\t\t<meta property=\"article:publisher\" content=\"https:\/\/www.facebook.com\/allasorias\" \/>\n\t\t<meta name=\"twitter:card\" content=\"summary_large_image\" \/>\n\t\t<meta name=\"twitter:title\" content=\"A magyarok szerint milyen a j\u00f3 munkahely? | AllasOrias.hu | H\u00edrek-lapszemle\" \/>\n\t\t<meta name=\"twitter:description\" content=\"A munkahellyel kapcsolatos elv\u00e1r\u00e1sokat sokszor ink\u00e1bb a munkav\u00e1llal\u00f3k \u00e9lethelyzete hat\u00e1rozza meg, semmint a gener\u00e1ci\u00f3s k\u00fcl\u00f6nbs\u00e9gek. Ezek szerint az Y vagy a Z gener\u00e1ci\u00f3 gyakran hangoztatott \u00fajfajta szeml\u00e9lete kor\u00e1ntsem egyed\u00fcl meghat\u00e1roz\u00f3 a munka vil\u00e1g\u00e1ban, sokszor a n\u0151i \u00e9s f\u00e9rfi k\u00fcl\u00f6nbs\u00e9gek, vagy a csal\u00e1di \u00e1llapot jobban befoly\u00e1solj\u00e1k azt, hogy milyen ig\u00e9nyeket t\u00e1masztanak a dolgoz\u00f3k a munk\u00e1ltat\u00f3kkal szemben.\" \/>\n\t\t<meta name=\"twitter:image\" content=\"https:\/\/allasorias.hu\/hirek\/wp-content\/uploads\/2019\/04\/opposites-3808487_640.jpg\" \/>\n\t\t<meta name=\"twitter:label1\" content=\"Written by\" \/>\n\t\t<meta name=\"twitter:data1\" content=\"Juh\u00e1sz P\u00e9ter\" \/>\n\t\t<meta name=\"twitter:label2\" content=\"Est. reading time\" \/>\n\t\t<meta name=\"twitter:data2\" content=\"3 minutes\" \/>\n\t\t<script type=\"application\/ld+json\" class=\"aioseo-schema\">\n\t\t\t{\"@context\":\"https:\\\/\\\/schema.org\",\"@graph\":[{\"@type\":\"Article\",\"@id\":\"https:\\\/\\\/allasorias.hu\\\/hirek\\\/a-magyarok-szerint-milyen-a-jo-munkahely\\\/#article\",\"name\":\"A magyarok szerint milyen a j\\u00f3 munkahely? | AllasOrias.hu | H\\u00edrek-lapszemle\",\"headline\":\"A magyarok szerint milyen a j\\u00f3 munkahely?\",\"author\":{\"@id\":\"https:\\\/\\\/allasorias.hu\\\/hirek\\\/author\\\/admin-allasorias\\\/#author\"},\"publisher\":{\"@id\":\"https:\\\/\\\/allasorias.hu\\\/hirek\\\/#organization\"},\"image\":{\"@type\":\"ImageObject\",\"url\":\"https:\\\/\\\/allasorias.hu\\\/hirek\\\/wp-content\\\/uploads\\\/2019\\\/04\\\/opposites-3808487_640.jpg\",\"width\":640,\"height\":417},\"datePublished\":\"2019-10-18T08:12:20+02:00\",\"dateModified\":\"2019-10-18T08:12:20+02:00\",\"inLanguage\":\"hu-HU\",\"mainEntityOfPage\":{\"@id\":\"https:\\\/\\\/allasorias.hu\\\/hirek\\\/a-magyarok-szerint-milyen-a-jo-munkahely\\\/#webpage\"},\"isPartOf\":{\"@id\":\"https:\\\/\\\/allasorias.hu\\\/hirek\\\/a-magyarok-szerint-milyen-a-jo-munkahely\\\/#webpage\"},\"articleSection\":\"\\u00c1ll\\u00e1skeres\\u00e9s\"},{\"@type\":\"BreadcrumbList\",\"@id\":\"https:\\\/\\\/allasorias.hu\\\/hirek\\\/a-magyarok-szerint-milyen-a-jo-munkahely\\\/#breadcrumblist\",\"itemListElement\":[{\"@type\":\"ListItem\",\"@id\":\"https:\\\/\\\/allasorias.hu\\\/hirek#listItem\",\"position\":1,\"name\":\"Home\",\"item\":\"https:\\\/\\\/allasorias.hu\\\/hirek\",\"nextItem\":{\"@type\":\"ListItem\",\"@id\":\"https:\\\/\\\/allasorias.hu\\\/hirek\\\/temak\\\/allaskereses\\\/#listItem\",\"name\":\"\\u00c1ll\\u00e1skeres\\u00e9s\"}},{\"@type\":\"ListItem\",\"@id\":\"https:\\\/\\\/allasorias.hu\\\/hirek\\\/temak\\\/allaskereses\\\/#listItem\",\"position\":2,\"name\":\"\\u00c1ll\\u00e1skeres\\u00e9s\",\"item\":\"https:\\\/\\\/allasorias.hu\\\/hirek\\\/temak\\\/allaskereses\\\/\",\"nextItem\":{\"@type\":\"ListItem\",\"@id\":\"https:\\\/\\\/allasorias.hu\\\/hirek\\\/a-magyarok-szerint-milyen-a-jo-munkahely\\\/#listItem\",\"name\":\"A magyarok szerint milyen a j\\u00f3 munkahely?\"},\"previousItem\":{\"@type\":\"ListItem\",\"@id\":\"https:\\\/\\\/allasorias.hu\\\/hirek#listItem\",\"name\":\"Home\"}},{\"@type\":\"ListItem\",\"@id\":\"https:\\\/\\\/allasorias.hu\\\/hirek\\\/a-magyarok-szerint-milyen-a-jo-munkahely\\\/#listItem\",\"position\":3,\"name\":\"A magyarok szerint milyen a j\\u00f3 munkahely?\",\"previousItem\":{\"@type\":\"ListItem\",\"@id\":\"https:\\\/\\\/allasorias.hu\\\/hirek\\\/temak\\\/allaskereses\\\/#listItem\",\"name\":\"\\u00c1ll\\u00e1skeres\\u00e9s\"}}]},{\"@type\":\"Organization\",\"@id\":\"https:\\\/\\\/allasorias.hu\\\/hirek\\\/#organization\",\"name\":\"AllasOrias.hu | H\\u00edrek-lapszemle\",\"description\":\"\\u00dczleti h\\u00edrek az \\u00e1ll\\u00e1s \\u00e9s a munka vil\\u00e1g\\u00e1b\\u00f3l\",\"url\":\"https:\\\/\\\/allasorias.hu\\\/hirek\\\/\",\"logo\":{\"@type\":\"ImageObject\",\"url\":\"https:\\\/\\\/allasorias.hu\\\/hirek\\\/wp-content\\\/uploads\\\/2022\\\/10\\\/allasorias_site_facebok_logo.png\",\"@id\":\"https:\\\/\\\/allasorias.hu\\\/hirek\\\/a-magyarok-szerint-milyen-a-jo-munkahely\\\/#organizationLogo\"},\"image\":{\"@id\":\"https:\\\/\\\/allasorias.hu\\\/hirek\\\/a-magyarok-szerint-milyen-a-jo-munkahely\\\/#organizationLogo\"},\"sameAs\":[\"https:\\\/\\\/www.facebook.com\\\/allasorias\",\"https:\\\/\\\/www.linkedin.com\\\/company\\\/allasorias\"]},{\"@type\":\"Person\",\"@id\":\"https:\\\/\\\/allasorias.hu\\\/hirek\\\/author\\\/admin-allasorias\\\/#author\",\"url\":\"https:\\\/\\\/allasorias.hu\\\/hirek\\\/author\\\/admin-allasorias\\\/\",\"name\":\"Juh\\u00e1sz P\\u00e9ter\",\"image\":{\"@type\":\"ImageObject\",\"@id\":\"https:\\\/\\\/allasorias.hu\\\/hirek\\\/a-magyarok-szerint-milyen-a-jo-munkahely\\\/#authorImage\",\"url\":\"https:\\\/\\\/secure.gravatar.com\\\/avatar\\\/36e6bcb83148978b992977cb0f54d22feb0cce8a0a849a9410532bb2623ba4c6?s=96&d=mm&r=g\",\"width\":96,\"height\":96,\"caption\":\"Juh\\u00e1sz P\\u00e9ter\"}},{\"@type\":\"WebPage\",\"@id\":\"https:\\\/\\\/allasorias.hu\\\/hirek\\\/a-magyarok-szerint-milyen-a-jo-munkahely\\\/#webpage\",\"url\":\"https:\\\/\\\/allasorias.hu\\\/hirek\\\/a-magyarok-szerint-milyen-a-jo-munkahely\\\/\",\"name\":\"A magyarok szerint milyen a j\\u00f3 munkahely? | AllasOrias.hu | H\\u00edrek-lapszemle\",\"description\":\"A munkahellyel kapcsolatos elv\\u00e1r\\u00e1sokat sokszor ink\\u00e1bb a munkav\\u00e1llal\\u00f3k \\u00e9lethelyzete hat\\u00e1rozza meg, semmint a gener\\u00e1ci\\u00f3s k\\u00fcl\\u00f6nbs\\u00e9gek. Ezek szerint az Y vagy a Z gener\\u00e1ci\\u00f3 gyakran hangoztatott \\u00fajfajta szeml\\u00e9lete kor\\u00e1ntsem egyed\\u00fcl meghat\\u00e1roz\\u00f3 a munka vil\\u00e1g\\u00e1ban, sokszor a n\\u0151i \\u00e9s f\\u00e9rfi k\\u00fcl\\u00f6nbs\\u00e9gek, vagy a csal\\u00e1di \\u00e1llapot jobban befoly\\u00e1solj\\u00e1k azt, hogy milyen ig\\u00e9nyeket t\\u00e1masztanak a dolgoz\\u00f3k a munk\\u00e1ltat\\u00f3kkal szemben.\",\"inLanguage\":\"hu-HU\",\"isPartOf\":{\"@id\":\"https:\\\/\\\/allasorias.hu\\\/hirek\\\/#website\"},\"breadcrumb\":{\"@id\":\"https:\\\/\\\/allasorias.hu\\\/hirek\\\/a-magyarok-szerint-milyen-a-jo-munkahely\\\/#breadcrumblist\"},\"author\":{\"@id\":\"https:\\\/\\\/allasorias.hu\\\/hirek\\\/author\\\/admin-allasorias\\\/#author\"},\"creator\":{\"@id\":\"https:\\\/\\\/allasorias.hu\\\/hirek\\\/author\\\/admin-allasorias\\\/#author\"},\"image\":{\"@type\":\"ImageObject\",\"url\":\"https:\\\/\\\/allasorias.hu\\\/hirek\\\/wp-content\\\/uploads\\\/2019\\\/04\\\/opposites-3808487_640.jpg\",\"@id\":\"https:\\\/\\\/allasorias.hu\\\/hirek\\\/a-magyarok-szerint-milyen-a-jo-munkahely\\\/#mainImage\",\"width\":640,\"height\":417},\"primaryImageOfPage\":{\"@id\":\"https:\\\/\\\/allasorias.hu\\\/hirek\\\/a-magyarok-szerint-milyen-a-jo-munkahely\\\/#mainImage\"},\"datePublished\":\"2019-10-18T08:12:20+02:00\",\"dateModified\":\"2019-10-18T08:12:20+02:00\"},{\"@type\":\"WebSite\",\"@id\":\"https:\\\/\\\/allasorias.hu\\\/hirek\\\/#website\",\"url\":\"https:\\\/\\\/allasorias.hu\\\/hirek\\\/\",\"name\":\"AllasOrias.hu | H\\u00edrek-lapszemle\",\"description\":\"\\u00dczleti h\\u00edrek az \\u00e1ll\\u00e1s \\u00e9s a munka vil\\u00e1g\\u00e1b\\u00f3l\",\"inLanguage\":\"hu-HU\",\"publisher\":{\"@id\":\"https:\\\/\\\/allasorias.hu\\\/hirek\\\/#organization\"}}]}\n\t\t<\/script>\n\t\t<!-- All in One SEO -->\n\n","aioseo_head_json":{"title":"A magyarok szerint milyen a j\u00f3 munkahely? | AllasOrias.hu | H\u00edrek-lapszemle","description":"A munkahellyel kapcsolatos elv\u00e1r\u00e1sokat sokszor ink\u00e1bb a munkav\u00e1llal\u00f3k \u00e9lethelyzete hat\u00e1rozza meg, semmint a gener\u00e1ci\u00f3s k\u00fcl\u00f6nbs\u00e9gek. Ezek szerint az Y vagy a Z gener\u00e1ci\u00f3 gyakran hangoztatott \u00fajfajta szeml\u00e9lete kor\u00e1ntsem egyed\u00fcl meghat\u00e1roz\u00f3 a munka vil\u00e1g\u00e1ban, sokszor a n\u0151i \u00e9s f\u00e9rfi k\u00fcl\u00f6nbs\u00e9gek, vagy a csal\u00e1di \u00e1llapot jobban befoly\u00e1solj\u00e1k azt, hogy milyen ig\u00e9nyeket t\u00e1masztanak a dolgoz\u00f3k a munk\u00e1ltat\u00f3kkal szemben.","canonical_url":"https:\/\/allasorias.hu\/hirek\/a-magyarok-szerint-milyen-a-jo-munkahely\/","robots":"max-image-preview:large","keywords":"","webmasterTools":{"miscellaneous":""},"schema":{"@context":"https:\/\/schema.org","@graph":[{"@type":"Article","@id":"https:\/\/allasorias.hu\/hirek\/a-magyarok-szerint-milyen-a-jo-munkahely\/#article","name":"A magyarok szerint milyen a j\u00f3 munkahely? | AllasOrias.hu | H\u00edrek-lapszemle","headline":"A magyarok szerint milyen a j\u00f3 munkahely?","author":{"@id":"https:\/\/allasorias.hu\/hirek\/author\/admin-allasorias\/#author"},"publisher":{"@id":"https:\/\/allasorias.hu\/hirek\/#organization"},"image":{"@type":"ImageObject","url":"https:\/\/allasorias.hu\/hirek\/wp-content\/uploads\/2019\/04\/opposites-3808487_640.jpg","width":640,"height":417},"datePublished":"2019-10-18T08:12:20+02:00","dateModified":"2019-10-18T08:12:20+02:00","inLanguage":"hu-HU","mainEntityOfPage":{"@id":"https:\/\/allasorias.hu\/hirek\/a-magyarok-szerint-milyen-a-jo-munkahely\/#webpage"},"isPartOf":{"@id":"https:\/\/allasorias.hu\/hirek\/a-magyarok-szerint-milyen-a-jo-munkahely\/#webpage"},"articleSection":"\u00c1ll\u00e1skeres\u00e9s"},{"@type":"BreadcrumbList","@id":"https:\/\/allasorias.hu\/hirek\/a-magyarok-szerint-milyen-a-jo-munkahely\/#breadcrumblist","itemListElement":[{"@type":"ListItem","@id":"https:\/\/allasorias.hu\/hirek#listItem","position":1,"name":"Home","item":"https:\/\/allasorias.hu\/hirek","nextItem":{"@type":"ListItem","@id":"https:\/\/allasorias.hu\/hirek\/temak\/allaskereses\/#listItem","name":"\u00c1ll\u00e1skeres\u00e9s"}},{"@type":"ListItem","@id":"https:\/\/allasorias.hu\/hirek\/temak\/allaskereses\/#listItem","position":2,"name":"\u00c1ll\u00e1skeres\u00e9s","item":"https:\/\/allasorias.hu\/hirek\/temak\/allaskereses\/","nextItem":{"@type":"ListItem","@id":"https:\/\/allasorias.hu\/hirek\/a-magyarok-szerint-milyen-a-jo-munkahely\/#listItem","name":"A magyarok szerint milyen a j\u00f3 munkahely?"},"previousItem":{"@type":"ListItem","@id":"https:\/\/allasorias.hu\/hirek#listItem","name":"Home"}},{"@type":"ListItem","@id":"https:\/\/allasorias.hu\/hirek\/a-magyarok-szerint-milyen-a-jo-munkahely\/#listItem","position":3,"name":"A magyarok szerint milyen a j\u00f3 munkahely?","previousItem":{"@type":"ListItem","@id":"https:\/\/allasorias.hu\/hirek\/temak\/allaskereses\/#listItem","name":"\u00c1ll\u00e1skeres\u00e9s"}}]},{"@type":"Organization","@id":"https:\/\/allasorias.hu\/hirek\/#organization","name":"AllasOrias.hu | H\u00edrek-lapszemle","description":"\u00dczleti h\u00edrek az \u00e1ll\u00e1s \u00e9s a munka vil\u00e1g\u00e1b\u00f3l","url":"https:\/\/allasorias.hu\/hirek\/","logo":{"@type":"ImageObject","url":"https:\/\/allasorias.hu\/hirek\/wp-content\/uploads\/2022\/10\/allasorias_site_facebok_logo.png","@id":"https:\/\/allasorias.hu\/hirek\/a-magyarok-szerint-milyen-a-jo-munkahely\/#organizationLogo"},"image":{"@id":"https:\/\/allasorias.hu\/hirek\/a-magyarok-szerint-milyen-a-jo-munkahely\/#organizationLogo"},"sameAs":["https:\/\/www.facebook.com\/allasorias","https:\/\/www.linkedin.com\/company\/allasorias"]},{"@type":"Person","@id":"https:\/\/allasorias.hu\/hirek\/author\/admin-allasorias\/#author","url":"https:\/\/allasorias.hu\/hirek\/author\/admin-allasorias\/","name":"Juh\u00e1sz P\u00e9ter","image":{"@type":"ImageObject","@id":"https:\/\/allasorias.hu\/hirek\/a-magyarok-szerint-milyen-a-jo-munkahely\/#authorImage","url":"https:\/\/secure.gravatar.com\/avatar\/36e6bcb83148978b992977cb0f54d22feb0cce8a0a849a9410532bb2623ba4c6?s=96&d=mm&r=g","width":96,"height":96,"caption":"Juh\u00e1sz P\u00e9ter"}},{"@type":"WebPage","@id":"https:\/\/allasorias.hu\/hirek\/a-magyarok-szerint-milyen-a-jo-munkahely\/#webpage","url":"https:\/\/allasorias.hu\/hirek\/a-magyarok-szerint-milyen-a-jo-munkahely\/","name":"A magyarok szerint milyen a j\u00f3 munkahely? | AllasOrias.hu | H\u00edrek-lapszemle","description":"A munkahellyel kapcsolatos elv\u00e1r\u00e1sokat sokszor ink\u00e1bb a munkav\u00e1llal\u00f3k \u00e9lethelyzete hat\u00e1rozza meg, semmint a gener\u00e1ci\u00f3s k\u00fcl\u00f6nbs\u00e9gek. Ezek szerint az Y vagy a Z gener\u00e1ci\u00f3 gyakran hangoztatott \u00fajfajta szeml\u00e9lete kor\u00e1ntsem egyed\u00fcl meghat\u00e1roz\u00f3 a munka vil\u00e1g\u00e1ban, sokszor a n\u0151i \u00e9s f\u00e9rfi k\u00fcl\u00f6nbs\u00e9gek, vagy a csal\u00e1di \u00e1llapot jobban befoly\u00e1solj\u00e1k azt, hogy milyen ig\u00e9nyeket t\u00e1masztanak a dolgoz\u00f3k a munk\u00e1ltat\u00f3kkal szemben.","inLanguage":"hu-HU","isPartOf":{"@id":"https:\/\/allasorias.hu\/hirek\/#website"},"breadcrumb":{"@id":"https:\/\/allasorias.hu\/hirek\/a-magyarok-szerint-milyen-a-jo-munkahely\/#breadcrumblist"},"author":{"@id":"https:\/\/allasorias.hu\/hirek\/author\/admin-allasorias\/#author"},"creator":{"@id":"https:\/\/allasorias.hu\/hirek\/author\/admin-allasorias\/#author"},"image":{"@type":"ImageObject","url":"https:\/\/allasorias.hu\/hirek\/wp-content\/uploads\/2019\/04\/opposites-3808487_640.jpg","@id":"https:\/\/allasorias.hu\/hirek\/a-magyarok-szerint-milyen-a-jo-munkahely\/#mainImage","width":640,"height":417},"primaryImageOfPage":{"@id":"https:\/\/allasorias.hu\/hirek\/a-magyarok-szerint-milyen-a-jo-munkahely\/#mainImage"},"datePublished":"2019-10-18T08:12:20+02:00","dateModified":"2019-10-18T08:12:20+02:00"},{"@type":"WebSite","@id":"https:\/\/allasorias.hu\/hirek\/#website","url":"https:\/\/allasorias.hu\/hirek\/","name":"AllasOrias.hu | H\u00edrek-lapszemle","description":"\u00dczleti h\u00edrek az \u00e1ll\u00e1s \u00e9s a munka vil\u00e1g\u00e1b\u00f3l","inLanguage":"hu-HU","publisher":{"@id":"https:\/\/allasorias.hu\/hirek\/#organization"}}]},"og:locale":"hu_HU","og:site_name":"AllasOrias.hu | H\u00edrek-lapszemle | \u00dczleti h\u00edrek az \u00e1ll\u00e1s \u00e9s a munka vil\u00e1g\u00e1b\u00f3l","og:type":"article","og:title":"A magyarok szerint milyen a j\u00f3 munkahely? | AllasOrias.hu | H\u00edrek-lapszemle","og:description":"A munkahellyel kapcsolatos elv\u00e1r\u00e1sokat sokszor ink\u00e1bb a munkav\u00e1llal\u00f3k \u00e9lethelyzete hat\u00e1rozza meg, semmint a gener\u00e1ci\u00f3s k\u00fcl\u00f6nbs\u00e9gek. Ezek szerint az Y vagy a Z gener\u00e1ci\u00f3 gyakran hangoztatott \u00fajfajta szeml\u00e9lete kor\u00e1ntsem egyed\u00fcl meghat\u00e1roz\u00f3 a munka vil\u00e1g\u00e1ban, sokszor a n\u0151i \u00e9s f\u00e9rfi k\u00fcl\u00f6nbs\u00e9gek, vagy a csal\u00e1di \u00e1llapot jobban befoly\u00e1solj\u00e1k azt, hogy milyen ig\u00e9nyeket t\u00e1masztanak a dolgoz\u00f3k a munk\u00e1ltat\u00f3kkal szemben.","og:url":"https:\/\/allasorias.hu\/hirek\/a-magyarok-szerint-milyen-a-jo-munkahely\/","og:image":"https:\/\/allasorias.hu\/hirek\/wp-content\/uploads\/2019\/04\/opposites-3808487_640.jpg","og:image:secure_url":"https:\/\/allasorias.hu\/hirek\/wp-content\/uploads\/2019\/04\/opposites-3808487_640.jpg","og:image:width":640,"og:image:height":417,"article:published_time":"2019-10-18T08:12:20+00:00","article:modified_time":"2019-10-18T08:12:20+00:00","article:publisher":"https:\/\/www.facebook.com\/allasorias","twitter:card":"summary_large_image","twitter:title":"A magyarok szerint milyen a j\u00f3 munkahely? | AllasOrias.hu | H\u00edrek-lapszemle","twitter:description":"A munkahellyel kapcsolatos elv\u00e1r\u00e1sokat sokszor ink\u00e1bb a munkav\u00e1llal\u00f3k \u00e9lethelyzete hat\u00e1rozza meg, semmint a gener\u00e1ci\u00f3s k\u00fcl\u00f6nbs\u00e9gek. Ezek szerint az Y vagy a Z gener\u00e1ci\u00f3 gyakran hangoztatott \u00fajfajta szeml\u00e9lete kor\u00e1ntsem egyed\u00fcl meghat\u00e1roz\u00f3 a munka vil\u00e1g\u00e1ban, sokszor a n\u0151i \u00e9s f\u00e9rfi k\u00fcl\u00f6nbs\u00e9gek, vagy a csal\u00e1di \u00e1llapot jobban befoly\u00e1solj\u00e1k azt, hogy milyen ig\u00e9nyeket t\u00e1masztanak a dolgoz\u00f3k a munk\u00e1ltat\u00f3kkal szemben.","twitter:image":"https:\/\/allasorias.hu\/hirek\/wp-content\/uploads\/2019\/04\/opposites-3808487_640.jpg","twitter:label1":"Written by","twitter:data1":"Juh\u00e1sz P\u00e9ter","twitter:label2":"Est. reading time","twitter:data2":"3 minutes"},"aioseo_meta_data":{"post_id":"3404","title":null,"description":null,"keywords":null,"keyphrases":null,"primary_term":null,"canonical_url":null,"og_title":null,"og_description":null,"og_object_type":"default","og_image_type":"default","og_image_url":null,"og_image_width":null,"og_image_height":null,"og_image_custom_url":null,"og_image_custom_fields":null,"og_video":null,"og_custom_url":null,"og_article_section":null,"og_article_tags":null,"twitter_use_og":false,"twitter_card":"default","twitter_image_type":"default","twitter_image_url":null,"twitter_image_custom_url":null,"twitter_image_custom_fields":null,"twitter_title":null,"twitter_description":null,"schema":{"blockGraphs":[],"customGraphs":[],"default":{"data":{"Article":[],"Course":[],"Dataset":[],"FAQPage":[],"Movie":[],"Person":[],"Product":[],"ProductReview":[],"Car":[],"Recipe":[],"Service":[],"SoftwareApplication":[],"WebPage":[]},"graphName":"","isEnabled":true},"graphs":[],"defaultGraph":"","defaultPostTypeGraph":""},"schema_type":null,"schema_type_options":null,"pillar_content":false,"robots_default":true,"robots_noindex":false,"robots_noarchive":false,"robots_nosnippet":false,"robots_nofollow":false,"robots_noimageindex":false,"robots_noodp":false,"robots_notranslate":false,"robots_max_snippet":null,"robots_max_videopreview":null,"robots_max_imagepreview":"large","priority":null,"frequency":null,"location":null,"local_seo":null,"breadcrumb_settings":null,"limit_modified_date":false,"ai":null,"created":"2021-02-01 22:56:23","updated":"2025-10-02 12:04:37","seo_analyzer_scan_date":null,"focus_keyword":null,"additional_keywords":null,"truseo_locale":null},"aioseo_breadcrumb":"<div class=\"aioseo-breadcrumbs\"><span class=\"aioseo-breadcrumb\">\n\t\t\t<a href=\"https:\/\/allasorias.hu\/hirek\" title=\"Home\">Home<\/a>\n\t\t<\/span><span class=\"aioseo-breadcrumb-separator\">&raquo;<\/span><span class=\"aioseo-breadcrumb\">\n\t\t\t<a href=\"https:\/\/allasorias.hu\/hirek\/temak\/allaskereses\/\" title=\"\u00c1ll\u00e1skeres\u00e9s\">\u00c1ll\u00e1skeres\u00e9s<\/a>\n\t\t<\/span><span class=\"aioseo-breadcrumb-separator\">&raquo;<\/span><span class=\"aioseo-breadcrumb\">\n\t\t\tA magyarok szerint milyen a j\u00f3 munkahely?\n\t\t<\/span><\/div>","aioseo_breadcrumb_json":[{"label":"Home","link":"https:\/\/allasorias.hu\/hirek"},{"label":"\u00c1ll\u00e1skeres\u00e9s","link":"https:\/\/allasorias.hu\/hirek\/temak\/allaskereses\/"},{"label":"A magyarok szerint milyen a j\u00f3 munkahely?","link":"https:\/\/allasorias.hu\/hirek\/a-magyarok-szerint-milyen-a-jo-munkahely\/"}],"_links":{"self":[{"href":"https:\/\/allasorias.hu\/hirek\/wp-json\/wp\/v2\/posts\/3404","targetHints":{"allow":["GET"]}}],"collection":[{"href":"https:\/\/allasorias.hu\/hirek\/wp-json\/wp\/v2\/posts"}],"about":[{"href":"https:\/\/allasorias.hu\/hirek\/wp-json\/wp\/v2\/types\/post"}],"author":[{"embeddable":true,"href":"https:\/\/allasorias.hu\/hirek\/wp-json\/wp\/v2\/users\/1"}],"replies":[{"embeddable":true,"href":"https:\/\/allasorias.hu\/hirek\/wp-json\/wp\/v2\/comments?post=3404"}],"version-history":[{"count":1,"href":"https:\/\/allasorias.hu\/hirek\/wp-json\/wp\/v2\/posts\/3404\/revisions"}],"predecessor-version":[{"id":3405,"href":"https:\/\/allasorias.hu\/hirek\/wp-json\/wp\/v2\/posts\/3404\/revisions\/3405"}],"wp:featuredmedia":[{"embeddable":true,"href":"https:\/\/allasorias.hu\/hirek\/wp-json\/wp\/v2\/media\/2815"}],"wp:attachment":[{"href":"https:\/\/allasorias.hu\/hirek\/wp-json\/wp\/v2\/media?parent=3404"}],"wp:term":[{"taxonomy":"category","embeddable":true,"href":"https:\/\/allasorias.hu\/hirek\/wp-json\/wp\/v2\/categories?post=3404"},{"taxonomy":"post_tag","embeddable":true,"href":"https:\/\/allasorias.hu\/hirek\/wp-json\/wp\/v2\/tags?post=3404"}],"curies":[{"name":"wp","href":"https:\/\/api.w.org\/{rel}","templated":true}]}}