{"id":3398,"date":"2019-10-17T07:58:36","date_gmt":"2019-10-17T07:58:36","guid":{"rendered":"https:\/\/allasorias.hu\/hirek\/?p=3398"},"modified":"2019-12-20T10:47:46","modified_gmt":"2019-12-20T10:47:46","slug":"informatikaval-a-fogyatekkal-elo-emberek-foglalkoztatasaert","status":"publish","type":"post","link":"https:\/\/allasorias.hu\/hirek\/informatikaval-a-fogyatekkal-elo-emberek-foglalkoztatasaert\/","title":{"rendered":"Informatik\u00e1val a fogyat\u00e9kkal \u00e9l\u0151 emberek foglalkoztat\u00e1s\u00e1\u00e9rt"},"content":{"rendered":"<p><strong>A fogyat\u00e9kkal \u00e9l\u0151 emberek munk\u00e1ba \u00e1ll\u00e1s\u00e1t olyan innovat\u00edv informatikai fejleszt\u00e9sekkel is \u00e9rdemes t\u00e1mogatni, mint a hall\u00e1ss\u00e9r\u00fclteket seg\u00edt\u0151 Kontakt tolm\u00e1csszolg\u00e1lat vagy a l\u00e1t\u00e1ss\u00e9r\u00fclteket seg\u00edt\u0151 T\u00e1vszem szolg\u00e1ltat\u00e1s &#8211; mondta F\u00fcl\u00f6p Attila szoci\u00e1lis \u00fcgyek\u00e9rt felel\u0151s \u00e1llamtitk\u00e1r szerdai budapesti sajt\u00f3t\u00e1j\u00e9koztat\u00f3j\u00e1n. <\/strong><\/p>\n<p>Az \u00e1llamtitk\u00e1r K\u00f3sa \u00c1d\u00e1m eur\u00f3pai parlamenti k\u00e9pvisel\u0151vel, a Siketek \u00e9s Nagyothall\u00f3k Orsz\u00e1gos Sz\u00f6vets\u00e9ge eln\u00f6k\u00e9vel a k\u00e9t \u00e9ve indult \u00e9s decemberben z\u00e1rul\u00f3, csaknem 1,4 milli\u00e1rd forintos uni\u00f3s projekt ismertet\u0151j\u00e9n vett r\u00e9szt. F\u00fcl\u00f6p Attila hangs\u00falyozta, a korm\u00e1ny olyan fejleszt\u00e9sekben gondolkodik, amelyekkel mind az akad\u00e1lymentes\u00edt\u00e9st, mind pedig a munk\u00e1ba \u00e1ll\u00e1st seg\u00edteni tudja. Az informatika a legnagyobb \u00e9s a legjobb seg\u00edts\u00e9g lehet a 21. sz\u00e1zadban a fogyat\u00e9kkal \u00e9l\u0151 emberek sz\u00e1m\u00e1ra &#8211; mondta. Ismertet\u00e9se szerint Magyarorsz\u00e1gon 500 ezren \u00e9lnek valamilyen fogyat\u00e9koss\u00e1ggal, \u00e9s csal\u00e1dtagjaikat is besz\u00e1m\u00edtva milli\u00f3s nagys\u00e1grendben vannak az \u00e9rintettek. K\u00f3sa \u00c1d\u00e1m elmondta, hogy az uni\u00f3s projektben a SINOSZ mellett a Magyar Vakok \u00e9s Gyeng\u00e9nl\u00e1t\u00f3k Orsz\u00e1gos Sz\u00f6vets\u00e9ge, valamint az MTA Nyelvtudom\u00e1nyi Int\u00e9zete vesz r\u00e9szt, ut\u00f3bbi jelnyelvi sz\u00f3t\u00e1rt k\u00e9sz\u00edtett. R\u00e1mutatott arra is, hogy az infokommunik\u00e1ci\u00f3s akad\u00e1lymentes\u00edt\u00e9s n\u00e9lk\u00fcl sem a siket \u00e9s nagyothall\u00f3, sem pedig a l\u00e1t\u00e1ss\u00e9r\u00fclt emberek nem tudnak integr\u00e1l\u00f3dni a t\u00e1rsadalomba \u00e9s nem tudj\u00e1k \u00f6n\u00e1ll\u00f3 \u00e9let\u00fcket fejleszteni. \u00d6r\u00f6m\u00e9t fejezte ki, hogy a mostani projekttel a szolg\u00e1ltat\u00e1st meg tudt\u00e1k nyitni a l\u00e1t\u00e1ss\u00e9r\u00fcltek sz\u00e1m\u00e1ra, tov\u00e1bb\u00e1 a hall\u00e1ss\u00e9r\u00fclteknek m\u00e1r a munkaer\u0151piacon is tudnak seg\u00edteni a kommunik\u00e1ci\u00f3s akad\u00e1lymentes\u00edt\u00e9ssel. K\u00f3sa \u00c1d\u00e1m fontosnak mondta az akad\u00e1lymentes munkahelyek kialak\u00edt\u00e1s\u00e1t, szerinte ebben egy &#8222;v\u00e1llalhat\u00f3 re\u00e1lis megold\u00e1s&#8221; lehet a Kontakt szolg\u00e1ltat\u00e1s ak\u00e1r egy c\u00e9ges megbesz\u00e9l\u00e9sn\u00e9l is. A siket \u00e9s nagyothall\u00f3 emberek kiv\u00e1l\u00f3 munkaer\u0151k \u00e9s ezt a munkaad\u00f3k is kezdik felismerni, egyre t\u00f6bb helyen biztos\u00edtj\u00e1k az akad\u00e1lymentes\u00edt\u00e9st. P\u00e9ldak\u00e9nt eml\u00edtett t\u00f6bb c\u00e9get, amelyek csatlakoztak a programjukhoz: a Decathlont, az Auchant, a Szerencsej\u00e1t\u00e9k Zrt.-t, az OTP Bankot, az Aegon Biztos\u00edt\u00f3t, a Magyar Nemzeti Bankot \u00e9s a korm\u00e1nyablakokat. A Kontakt szolg\u00e1ltat\u00e1s l\u00e9nyege: egy alkalmaz\u00e1s seg\u00edts\u00e9g\u00e9vel siket, siketvak nagyothall\u00f3, hall\u00f3 \u00fcgyfelek jelnyelvi tolm\u00e1cs seg\u00edts\u00e9g\u00e9t k\u00e9rhetik munkanapokon 8-20 \u00f3ra k\u00f6z\u00f6tt, ehhez mind\u00f6ssze egy tabletre \u00e9s internet-kapcsolatra van sz\u00fcks\u00e9g.<\/p>\n<p>Forr\u00e1s: szakszervezetek.hu<\/p>\n","protected":false},"excerpt":{"rendered":"<p>A fogyat\u00e9kkal \u00e9l\u0151 emberek munk\u00e1ba \u00e1ll\u00e1s\u00e1t olyan innovat\u00edv informatikai fejleszt\u00e9sekkel is \u00e9rdemes t\u00e1mogatni, mint a hall\u00e1ss\u00e9r\u00fclteket seg\u00edt\u0151 Kontakt tolm\u00e1csszolg\u00e1lat vagy a l\u00e1t\u00e1ss\u00e9r\u00fclteket seg\u00edt\u0151 T\u00e1vszem szolg\u00e1ltat\u00e1s &#8211; mondta F\u00fcl\u00f6p Attila szoci\u00e1lis \u00fcgyek\u00e9rt felel\u0151s \u00e1llamtitk\u00e1r szerdai budapesti sajt\u00f3t\u00e1j\u00e9koztat\u00f3j\u00e1n. Az \u00e1llamtitk\u00e1r K\u00f3sa \u00c1d\u00e1m eur\u00f3pai parlamenti k\u00e9pvisel\u0151vel, a Siketek \u00e9s Nagyothall\u00f3k Orsz\u00e1gos Sz\u00f6vets\u00e9ge eln\u00f6k\u00e9vel a k\u00e9t \u00e9ve indult \u00e9s [&hellip;]<\/p>\n","protected":false},"author":1,"featured_media":3399,"comment_status":"open","ping_status":"open","sticky":false,"template":"","format":"standard","meta":{"_monsterinsights_skip_tracking":false,"footnotes":""},"categories":[200],"tags":[],"class_list":["post-3398","post","type-post","status-publish","format-standard","has-post-thumbnail","hentry","category-munkaeropiac"],"aioseo_notices":[],"aioseo_head":"\n\t\t<!-- All in One SEO 5.0.0.1 - aioseo.com -->\n\t<meta name=\"description\" content=\"A fogyat\u00e9kkal \u00e9l\u0151 emberek munk\u00e1ba \u00e1ll\u00e1s\u00e1t olyan innovat\u00edv informatikai fejleszt\u00e9sekkel is \u00e9rdemes t\u00e1mogatni, mint a hall\u00e1ss\u00e9r\u00fclteket seg\u00edt\u0151 Kontakt tolm\u00e1csszolg\u00e1lat vagy a l\u00e1t\u00e1ss\u00e9r\u00fclteket seg\u00edt\u0151 T\u00e1vszem szolg\u00e1ltat\u00e1s - mondta F\u00fcl\u00f6p Attila szoci\u00e1lis \u00fcgyek\u00e9rt felel\u0151s \u00e1llamtitk\u00e1r szerdai budapesti sajt\u00f3t\u00e1j\u00e9koztat\u00f3j\u00e1n. Az \u00e1llamtitk\u00e1r K\u00f3sa \u00c1d\u00e1m eur\u00f3pai parlamenti k\u00e9pvisel\u0151vel, a Siketek \u00e9s Nagyothall\u00f3k Orsz\u00e1gos Sz\u00f6vets\u00e9ge eln\u00f6k\u00e9vel a k\u00e9t \u00e9ve indult \u00e9s\" \/>\n\t<meta name=\"robots\" content=\"max-image-preview:large\" \/>\n\t<meta name=\"author\" content=\"Juh\u00e1sz P\u00e9ter\"\/>\n\t<link rel=\"canonical\" href=\"https:\/\/allasorias.hu\/hirek\/informatikaval-a-fogyatekkal-elo-emberek-foglalkoztatasaert\/\" \/>\n\t<meta name=\"generator\" content=\"All in One SEO (AIOSEO) 5.0.0.1\" \/>\n\t\t<meta property=\"og:locale\" content=\"hu_HU\" \/>\n\t\t<meta property=\"og:site_name\" content=\"AllasOrias.hu | H\u00edrek-lapszemle | \u00dczleti h\u00edrek az \u00e1ll\u00e1s \u00e9s a munka vil\u00e1g\u00e1b\u00f3l\" \/>\n\t\t<meta property=\"og:type\" content=\"article\" \/>\n\t\t<meta property=\"og:title\" content=\"Informatik\u00e1val a fogyat\u00e9kkal \u00e9l\u0151 emberek foglalkoztat\u00e1s\u00e1\u00e9rt | AllasOrias.hu | H\u00edrek-lapszemle\" \/>\n\t\t<meta property=\"og:description\" content=\"A fogyat\u00e9kkal \u00e9l\u0151 emberek munk\u00e1ba \u00e1ll\u00e1s\u00e1t olyan innovat\u00edv informatikai fejleszt\u00e9sekkel is \u00e9rdemes t\u00e1mogatni, mint a hall\u00e1ss\u00e9r\u00fclteket seg\u00edt\u0151 Kontakt tolm\u00e1csszolg\u00e1lat vagy a l\u00e1t\u00e1ss\u00e9r\u00fclteket seg\u00edt\u0151 T\u00e1vszem szolg\u00e1ltat\u00e1s - mondta F\u00fcl\u00f6p Attila szoci\u00e1lis \u00fcgyek\u00e9rt felel\u0151s \u00e1llamtitk\u00e1r szerdai budapesti sajt\u00f3t\u00e1j\u00e9koztat\u00f3j\u00e1n. Az \u00e1llamtitk\u00e1r K\u00f3sa \u00c1d\u00e1m eur\u00f3pai parlamenti k\u00e9pvisel\u0151vel, a Siketek \u00e9s Nagyothall\u00f3k Orsz\u00e1gos Sz\u00f6vets\u00e9ge eln\u00f6k\u00e9vel a k\u00e9t \u00e9ve indult \u00e9s\" \/>\n\t\t<meta property=\"og:url\" content=\"https:\/\/allasorias.hu\/hirek\/informatikaval-a-fogyatekkal-elo-emberek-foglalkoztatasaert\/\" \/>\n\t\t<meta property=\"og:image\" content=\"https:\/\/allasorias.hu\/hirek\/wp-content\/uploads\/2019\/10\/kontakt-21.png\" \/>\n\t\t<meta property=\"og:image:secure_url\" content=\"https:\/\/allasorias.hu\/hirek\/wp-content\/uploads\/2019\/10\/kontakt-21.png\" \/>\n\t\t<meta property=\"og:image:width\" content=\"960\" \/>\n\t\t<meta property=\"og:image:height\" content=\"516\" \/>\n\t\t<meta property=\"article:published_time\" content=\"2019-10-17T07:58:36+00:00\" \/>\n\t\t<meta property=\"article:modified_time\" content=\"2019-12-20T10:47:46+00:00\" \/>\n\t\t<meta property=\"article:publisher\" content=\"https:\/\/www.facebook.com\/allasorias\" \/>\n\t\t<meta name=\"twitter:card\" content=\"summary_large_image\" \/>\n\t\t<meta name=\"twitter:title\" content=\"Informatik\u00e1val a fogyat\u00e9kkal \u00e9l\u0151 emberek foglalkoztat\u00e1s\u00e1\u00e9rt | AllasOrias.hu | H\u00edrek-lapszemle\" \/>\n\t\t<meta name=\"twitter:description\" content=\"A fogyat\u00e9kkal \u00e9l\u0151 emberek munk\u00e1ba \u00e1ll\u00e1s\u00e1t olyan innovat\u00edv informatikai fejleszt\u00e9sekkel is \u00e9rdemes t\u00e1mogatni, mint a hall\u00e1ss\u00e9r\u00fclteket seg\u00edt\u0151 Kontakt tolm\u00e1csszolg\u00e1lat vagy a l\u00e1t\u00e1ss\u00e9r\u00fclteket seg\u00edt\u0151 T\u00e1vszem szolg\u00e1ltat\u00e1s - mondta F\u00fcl\u00f6p Attila szoci\u00e1lis \u00fcgyek\u00e9rt felel\u0151s \u00e1llamtitk\u00e1r szerdai budapesti sajt\u00f3t\u00e1j\u00e9koztat\u00f3j\u00e1n. Az \u00e1llamtitk\u00e1r K\u00f3sa \u00c1d\u00e1m eur\u00f3pai parlamenti k\u00e9pvisel\u0151vel, a Siketek \u00e9s Nagyothall\u00f3k Orsz\u00e1gos Sz\u00f6vets\u00e9ge eln\u00f6k\u00e9vel a k\u00e9t \u00e9ve indult \u00e9s\" \/>\n\t\t<meta name=\"twitter:image\" content=\"https:\/\/allasorias.hu\/hirek\/wp-content\/uploads\/2019\/10\/kontakt-21.png\" \/>\n\t\t<meta name=\"twitter:label1\" content=\"Written by\" \/>\n\t\t<meta name=\"twitter:data1\" content=\"Juh\u00e1sz P\u00e9ter\" \/>\n\t\t<meta name=\"twitter:label2\" content=\"Est. reading time\" \/>\n\t\t<meta name=\"twitter:data2\" content=\"2 minutes\" \/>\n\t\t<script type=\"application\/ld+json\" class=\"aioseo-schema\">\n\t\t\t{\"@context\":\"https:\\\/\\\/schema.org\",\"@graph\":[{\"@type\":\"Article\",\"@id\":\"https:\\\/\\\/allasorias.hu\\\/hirek\\\/informatikaval-a-fogyatekkal-elo-emberek-foglalkoztatasaert\\\/#article\",\"name\":\"Informatik\\u00e1val a fogyat\\u00e9kkal \\u00e9l\\u0151 emberek foglalkoztat\\u00e1s\\u00e1\\u00e9rt | AllasOrias.hu | H\\u00edrek-lapszemle\",\"headline\":\"Informatik\\u00e1val a fogyat\\u00e9kkal \\u00e9l\\u0151 emberek foglalkoztat\\u00e1s\\u00e1\\u00e9rt\",\"author\":{\"@id\":\"https:\\\/\\\/allasorias.hu\\\/hirek\\\/author\\\/admin-allasorias\\\/#author\"},\"publisher\":{\"@id\":\"https:\\\/\\\/allasorias.hu\\\/hirek\\\/#organization\"},\"image\":{\"@type\":\"ImageObject\",\"url\":\"https:\\\/\\\/allasorias.hu\\\/hirek\\\/wp-content\\\/uploads\\\/2019\\\/10\\\/kontakt-21.png\",\"width\":960,\"height\":516},\"datePublished\":\"2019-10-17T07:58:36+02:00\",\"dateModified\":\"2019-12-20T10:47:46+02:00\",\"inLanguage\":\"hu-HU\",\"mainEntityOfPage\":{\"@id\":\"https:\\\/\\\/allasorias.hu\\\/hirek\\\/informatikaval-a-fogyatekkal-elo-emberek-foglalkoztatasaert\\\/#webpage\"},\"isPartOf\":{\"@id\":\"https:\\\/\\\/allasorias.hu\\\/hirek\\\/informatikaval-a-fogyatekkal-elo-emberek-foglalkoztatasaert\\\/#webpage\"},\"articleSection\":\"Munkaer\\u0151piac\"},{\"@type\":\"BreadcrumbList\",\"@id\":\"https:\\\/\\\/allasorias.hu\\\/hirek\\\/informatikaval-a-fogyatekkal-elo-emberek-foglalkoztatasaert\\\/#breadcrumblist\",\"itemListElement\":[{\"@type\":\"ListItem\",\"@id\":\"https:\\\/\\\/allasorias.hu\\\/hirek#listItem\",\"position\":1,\"name\":\"Home\",\"item\":\"https:\\\/\\\/allasorias.hu\\\/hirek\",\"nextItem\":{\"@type\":\"ListItem\",\"@id\":\"https:\\\/\\\/allasorias.hu\\\/hirek\\\/temak\\\/munkaeropiac\\\/#listItem\",\"name\":\"Munkaer\\u0151piac\"}},{\"@type\":\"ListItem\",\"@id\":\"https:\\\/\\\/allasorias.hu\\\/hirek\\\/temak\\\/munkaeropiac\\\/#listItem\",\"position\":2,\"name\":\"Munkaer\\u0151piac\",\"item\":\"https:\\\/\\\/allasorias.hu\\\/hirek\\\/temak\\\/munkaeropiac\\\/\",\"nextItem\":{\"@type\":\"ListItem\",\"@id\":\"https:\\\/\\\/allasorias.hu\\\/hirek\\\/informatikaval-a-fogyatekkal-elo-emberek-foglalkoztatasaert\\\/#listItem\",\"name\":\"Informatik\\u00e1val a fogyat\\u00e9kkal \\u00e9l\\u0151 emberek foglalkoztat\\u00e1s\\u00e1\\u00e9rt\"},\"previousItem\":{\"@type\":\"ListItem\",\"@id\":\"https:\\\/\\\/allasorias.hu\\\/hirek#listItem\",\"name\":\"Home\"}},{\"@type\":\"ListItem\",\"@id\":\"https:\\\/\\\/allasorias.hu\\\/hirek\\\/informatikaval-a-fogyatekkal-elo-emberek-foglalkoztatasaert\\\/#listItem\",\"position\":3,\"name\":\"Informatik\\u00e1val a fogyat\\u00e9kkal \\u00e9l\\u0151 emberek foglalkoztat\\u00e1s\\u00e1\\u00e9rt\",\"previousItem\":{\"@type\":\"ListItem\",\"@id\":\"https:\\\/\\\/allasorias.hu\\\/hirek\\\/temak\\\/munkaeropiac\\\/#listItem\",\"name\":\"Munkaer\\u0151piac\"}}]},{\"@type\":\"Organization\",\"@id\":\"https:\\\/\\\/allasorias.hu\\\/hirek\\\/#organization\",\"name\":\"AllasOrias.hu | H\\u00edrek-lapszemle\",\"description\":\"\\u00dczleti h\\u00edrek az \\u00e1ll\\u00e1s \\u00e9s a munka vil\\u00e1g\\u00e1b\\u00f3l\",\"url\":\"https:\\\/\\\/allasorias.hu\\\/hirek\\\/\",\"logo\":{\"@type\":\"ImageObject\",\"url\":\"https:\\\/\\\/allasorias.hu\\\/hirek\\\/wp-content\\\/uploads\\\/2022\\\/10\\\/allasorias_site_facebok_logo.png\",\"@id\":\"https:\\\/\\\/allasorias.hu\\\/hirek\\\/informatikaval-a-fogyatekkal-elo-emberek-foglalkoztatasaert\\\/#organizationLogo\"},\"image\":{\"@id\":\"https:\\\/\\\/allasorias.hu\\\/hirek\\\/informatikaval-a-fogyatekkal-elo-emberek-foglalkoztatasaert\\\/#organizationLogo\"},\"sameAs\":[\"https:\\\/\\\/www.facebook.com\\\/allasorias\",\"https:\\\/\\\/www.linkedin.com\\\/company\\\/allasorias\"]},{\"@type\":\"Person\",\"@id\":\"https:\\\/\\\/allasorias.hu\\\/hirek\\\/author\\\/admin-allasorias\\\/#author\",\"url\":\"https:\\\/\\\/allasorias.hu\\\/hirek\\\/author\\\/admin-allasorias\\\/\",\"name\":\"Juh\\u00e1sz P\\u00e9ter\",\"image\":{\"@type\":\"ImageObject\",\"@id\":\"https:\\\/\\\/allasorias.hu\\\/hirek\\\/informatikaval-a-fogyatekkal-elo-emberek-foglalkoztatasaert\\\/#authorImage\",\"url\":\"https:\\\/\\\/secure.gravatar.com\\\/avatar\\\/36e6bcb83148978b992977cb0f54d22feb0cce8a0a849a9410532bb2623ba4c6?s=96&d=mm&r=g\",\"width\":96,\"height\":96,\"caption\":\"Juh\\u00e1sz P\\u00e9ter\"}},{\"@type\":\"WebPage\",\"@id\":\"https:\\\/\\\/allasorias.hu\\\/hirek\\\/informatikaval-a-fogyatekkal-elo-emberek-foglalkoztatasaert\\\/#webpage\",\"url\":\"https:\\\/\\\/allasorias.hu\\\/hirek\\\/informatikaval-a-fogyatekkal-elo-emberek-foglalkoztatasaert\\\/\",\"name\":\"Informatik\\u00e1val a fogyat\\u00e9kkal \\u00e9l\\u0151 emberek foglalkoztat\\u00e1s\\u00e1\\u00e9rt | AllasOrias.hu | H\\u00edrek-lapszemle\",\"description\":\"A fogyat\\u00e9kkal \\u00e9l\\u0151 emberek munk\\u00e1ba \\u00e1ll\\u00e1s\\u00e1t olyan innovat\\u00edv informatikai fejleszt\\u00e9sekkel is \\u00e9rdemes t\\u00e1mogatni, mint a hall\\u00e1ss\\u00e9r\\u00fclteket seg\\u00edt\\u0151 Kontakt tolm\\u00e1csszolg\\u00e1lat vagy a l\\u00e1t\\u00e1ss\\u00e9r\\u00fclteket seg\\u00edt\\u0151 T\\u00e1vszem szolg\\u00e1ltat\\u00e1s - mondta F\\u00fcl\\u00f6p Attila szoci\\u00e1lis \\u00fcgyek\\u00e9rt felel\\u0151s \\u00e1llamtitk\\u00e1r szerdai budapesti sajt\\u00f3t\\u00e1j\\u00e9koztat\\u00f3j\\u00e1n. Az \\u00e1llamtitk\\u00e1r K\\u00f3sa \\u00c1d\\u00e1m eur\\u00f3pai parlamenti k\\u00e9pvisel\\u0151vel, a Siketek \\u00e9s Nagyothall\\u00f3k Orsz\\u00e1gos Sz\\u00f6vets\\u00e9ge eln\\u00f6k\\u00e9vel a k\\u00e9t \\u00e9ve indult \\u00e9s\",\"inLanguage\":\"hu-HU\",\"isPartOf\":{\"@id\":\"https:\\\/\\\/allasorias.hu\\\/hirek\\\/#website\"},\"breadcrumb\":{\"@id\":\"https:\\\/\\\/allasorias.hu\\\/hirek\\\/informatikaval-a-fogyatekkal-elo-emberek-foglalkoztatasaert\\\/#breadcrumblist\"},\"author\":{\"@id\":\"https:\\\/\\\/allasorias.hu\\\/hirek\\\/author\\\/admin-allasorias\\\/#author\"},\"creator\":{\"@id\":\"https:\\\/\\\/allasorias.hu\\\/hirek\\\/author\\\/admin-allasorias\\\/#author\"},\"image\":{\"@type\":\"ImageObject\",\"url\":\"https:\\\/\\\/allasorias.hu\\\/hirek\\\/wp-content\\\/uploads\\\/2019\\\/10\\\/kontakt-21.png\",\"@id\":\"https:\\\/\\\/allasorias.hu\\\/hirek\\\/informatikaval-a-fogyatekkal-elo-emberek-foglalkoztatasaert\\\/#mainImage\",\"width\":960,\"height\":516},\"primaryImageOfPage\":{\"@id\":\"https:\\\/\\\/allasorias.hu\\\/hirek\\\/informatikaval-a-fogyatekkal-elo-emberek-foglalkoztatasaert\\\/#mainImage\"},\"datePublished\":\"2019-10-17T07:58:36+02:00\",\"dateModified\":\"2019-12-20T10:47:46+02:00\"},{\"@type\":\"WebSite\",\"@id\":\"https:\\\/\\\/allasorias.hu\\\/hirek\\\/#website\",\"url\":\"https:\\\/\\\/allasorias.hu\\\/hirek\\\/\",\"name\":\"AllasOrias.hu | H\\u00edrek-lapszemle\",\"description\":\"\\u00dczleti h\\u00edrek az \\u00e1ll\\u00e1s \\u00e9s a munka vil\\u00e1g\\u00e1b\\u00f3l\",\"inLanguage\":\"hu-HU\",\"publisher\":{\"@id\":\"https:\\\/\\\/allasorias.hu\\\/hirek\\\/#organization\"}}]}\n\t\t<\/script>\n\t\t<!-- All in One SEO -->\n\n","aioseo_head_json":{"title":"Informatik\u00e1val a fogyat\u00e9kkal \u00e9l\u0151 emberek foglalkoztat\u00e1s\u00e1\u00e9rt | AllasOrias.hu | H\u00edrek-lapszemle","description":"A fogyat\u00e9kkal \u00e9l\u0151 emberek munk\u00e1ba \u00e1ll\u00e1s\u00e1t olyan innovat\u00edv informatikai fejleszt\u00e9sekkel is \u00e9rdemes t\u00e1mogatni, mint a hall\u00e1ss\u00e9r\u00fclteket seg\u00edt\u0151 Kontakt tolm\u00e1csszolg\u00e1lat vagy a l\u00e1t\u00e1ss\u00e9r\u00fclteket seg\u00edt\u0151 T\u00e1vszem szolg\u00e1ltat\u00e1s - mondta F\u00fcl\u00f6p Attila szoci\u00e1lis \u00fcgyek\u00e9rt felel\u0151s \u00e1llamtitk\u00e1r szerdai budapesti sajt\u00f3t\u00e1j\u00e9koztat\u00f3j\u00e1n. Az \u00e1llamtitk\u00e1r K\u00f3sa \u00c1d\u00e1m eur\u00f3pai parlamenti k\u00e9pvisel\u0151vel, a Siketek \u00e9s Nagyothall\u00f3k Orsz\u00e1gos Sz\u00f6vets\u00e9ge eln\u00f6k\u00e9vel a k\u00e9t \u00e9ve indult \u00e9s","canonical_url":"https:\/\/allasorias.hu\/hirek\/informatikaval-a-fogyatekkal-elo-emberek-foglalkoztatasaert\/","robots":"max-image-preview:large","keywords":"","webmasterTools":{"miscellaneous":""},"schema":{"@context":"https:\/\/schema.org","@graph":[{"@type":"Article","@id":"https:\/\/allasorias.hu\/hirek\/informatikaval-a-fogyatekkal-elo-emberek-foglalkoztatasaert\/#article","name":"Informatik\u00e1val a fogyat\u00e9kkal \u00e9l\u0151 emberek foglalkoztat\u00e1s\u00e1\u00e9rt | AllasOrias.hu | H\u00edrek-lapszemle","headline":"Informatik\u00e1val a fogyat\u00e9kkal \u00e9l\u0151 emberek foglalkoztat\u00e1s\u00e1\u00e9rt","author":{"@id":"https:\/\/allasorias.hu\/hirek\/author\/admin-allasorias\/#author"},"publisher":{"@id":"https:\/\/allasorias.hu\/hirek\/#organization"},"image":{"@type":"ImageObject","url":"https:\/\/allasorias.hu\/hirek\/wp-content\/uploads\/2019\/10\/kontakt-21.png","width":960,"height":516},"datePublished":"2019-10-17T07:58:36+02:00","dateModified":"2019-12-20T10:47:46+02:00","inLanguage":"hu-HU","mainEntityOfPage":{"@id":"https:\/\/allasorias.hu\/hirek\/informatikaval-a-fogyatekkal-elo-emberek-foglalkoztatasaert\/#webpage"},"isPartOf":{"@id":"https:\/\/allasorias.hu\/hirek\/informatikaval-a-fogyatekkal-elo-emberek-foglalkoztatasaert\/#webpage"},"articleSection":"Munkaer\u0151piac"},{"@type":"BreadcrumbList","@id":"https:\/\/allasorias.hu\/hirek\/informatikaval-a-fogyatekkal-elo-emberek-foglalkoztatasaert\/#breadcrumblist","itemListElement":[{"@type":"ListItem","@id":"https:\/\/allasorias.hu\/hirek#listItem","position":1,"name":"Home","item":"https:\/\/allasorias.hu\/hirek","nextItem":{"@type":"ListItem","@id":"https:\/\/allasorias.hu\/hirek\/temak\/munkaeropiac\/#listItem","name":"Munkaer\u0151piac"}},{"@type":"ListItem","@id":"https:\/\/allasorias.hu\/hirek\/temak\/munkaeropiac\/#listItem","position":2,"name":"Munkaer\u0151piac","item":"https:\/\/allasorias.hu\/hirek\/temak\/munkaeropiac\/","nextItem":{"@type":"ListItem","@id":"https:\/\/allasorias.hu\/hirek\/informatikaval-a-fogyatekkal-elo-emberek-foglalkoztatasaert\/#listItem","name":"Informatik\u00e1val a fogyat\u00e9kkal \u00e9l\u0151 emberek foglalkoztat\u00e1s\u00e1\u00e9rt"},"previousItem":{"@type":"ListItem","@id":"https:\/\/allasorias.hu\/hirek#listItem","name":"Home"}},{"@type":"ListItem","@id":"https:\/\/allasorias.hu\/hirek\/informatikaval-a-fogyatekkal-elo-emberek-foglalkoztatasaert\/#listItem","position":3,"name":"Informatik\u00e1val a fogyat\u00e9kkal \u00e9l\u0151 emberek foglalkoztat\u00e1s\u00e1\u00e9rt","previousItem":{"@type":"ListItem","@id":"https:\/\/allasorias.hu\/hirek\/temak\/munkaeropiac\/#listItem","name":"Munkaer\u0151piac"}}]},{"@type":"Organization","@id":"https:\/\/allasorias.hu\/hirek\/#organization","name":"AllasOrias.hu | H\u00edrek-lapszemle","description":"\u00dczleti h\u00edrek az \u00e1ll\u00e1s \u00e9s a munka vil\u00e1g\u00e1b\u00f3l","url":"https:\/\/allasorias.hu\/hirek\/","logo":{"@type":"ImageObject","url":"https:\/\/allasorias.hu\/hirek\/wp-content\/uploads\/2022\/10\/allasorias_site_facebok_logo.png","@id":"https:\/\/allasorias.hu\/hirek\/informatikaval-a-fogyatekkal-elo-emberek-foglalkoztatasaert\/#organizationLogo"},"image":{"@id":"https:\/\/allasorias.hu\/hirek\/informatikaval-a-fogyatekkal-elo-emberek-foglalkoztatasaert\/#organizationLogo"},"sameAs":["https:\/\/www.facebook.com\/allasorias","https:\/\/www.linkedin.com\/company\/allasorias"]},{"@type":"Person","@id":"https:\/\/allasorias.hu\/hirek\/author\/admin-allasorias\/#author","url":"https:\/\/allasorias.hu\/hirek\/author\/admin-allasorias\/","name":"Juh\u00e1sz P\u00e9ter","image":{"@type":"ImageObject","@id":"https:\/\/allasorias.hu\/hirek\/informatikaval-a-fogyatekkal-elo-emberek-foglalkoztatasaert\/#authorImage","url":"https:\/\/secure.gravatar.com\/avatar\/36e6bcb83148978b992977cb0f54d22feb0cce8a0a849a9410532bb2623ba4c6?s=96&d=mm&r=g","width":96,"height":96,"caption":"Juh\u00e1sz P\u00e9ter"}},{"@type":"WebPage","@id":"https:\/\/allasorias.hu\/hirek\/informatikaval-a-fogyatekkal-elo-emberek-foglalkoztatasaert\/#webpage","url":"https:\/\/allasorias.hu\/hirek\/informatikaval-a-fogyatekkal-elo-emberek-foglalkoztatasaert\/","name":"Informatik\u00e1val a fogyat\u00e9kkal \u00e9l\u0151 emberek foglalkoztat\u00e1s\u00e1\u00e9rt | AllasOrias.hu | H\u00edrek-lapszemle","description":"A fogyat\u00e9kkal \u00e9l\u0151 emberek munk\u00e1ba \u00e1ll\u00e1s\u00e1t olyan innovat\u00edv informatikai fejleszt\u00e9sekkel is \u00e9rdemes t\u00e1mogatni, mint a hall\u00e1ss\u00e9r\u00fclteket seg\u00edt\u0151 Kontakt tolm\u00e1csszolg\u00e1lat vagy a l\u00e1t\u00e1ss\u00e9r\u00fclteket seg\u00edt\u0151 T\u00e1vszem szolg\u00e1ltat\u00e1s - mondta F\u00fcl\u00f6p Attila szoci\u00e1lis \u00fcgyek\u00e9rt felel\u0151s \u00e1llamtitk\u00e1r szerdai budapesti sajt\u00f3t\u00e1j\u00e9koztat\u00f3j\u00e1n. Az \u00e1llamtitk\u00e1r K\u00f3sa \u00c1d\u00e1m eur\u00f3pai parlamenti k\u00e9pvisel\u0151vel, a Siketek \u00e9s Nagyothall\u00f3k Orsz\u00e1gos Sz\u00f6vets\u00e9ge eln\u00f6k\u00e9vel a k\u00e9t \u00e9ve indult \u00e9s","inLanguage":"hu-HU","isPartOf":{"@id":"https:\/\/allasorias.hu\/hirek\/#website"},"breadcrumb":{"@id":"https:\/\/allasorias.hu\/hirek\/informatikaval-a-fogyatekkal-elo-emberek-foglalkoztatasaert\/#breadcrumblist"},"author":{"@id":"https:\/\/allasorias.hu\/hirek\/author\/admin-allasorias\/#author"},"creator":{"@id":"https:\/\/allasorias.hu\/hirek\/author\/admin-allasorias\/#author"},"image":{"@type":"ImageObject","url":"https:\/\/allasorias.hu\/hirek\/wp-content\/uploads\/2019\/10\/kontakt-21.png","@id":"https:\/\/allasorias.hu\/hirek\/informatikaval-a-fogyatekkal-elo-emberek-foglalkoztatasaert\/#mainImage","width":960,"height":516},"primaryImageOfPage":{"@id":"https:\/\/allasorias.hu\/hirek\/informatikaval-a-fogyatekkal-elo-emberek-foglalkoztatasaert\/#mainImage"},"datePublished":"2019-10-17T07:58:36+02:00","dateModified":"2019-12-20T10:47:46+02:00"},{"@type":"WebSite","@id":"https:\/\/allasorias.hu\/hirek\/#website","url":"https:\/\/allasorias.hu\/hirek\/","name":"AllasOrias.hu | H\u00edrek-lapszemle","description":"\u00dczleti h\u00edrek az \u00e1ll\u00e1s \u00e9s a munka vil\u00e1g\u00e1b\u00f3l","inLanguage":"hu-HU","publisher":{"@id":"https:\/\/allasorias.hu\/hirek\/#organization"}}]},"og:locale":"hu_HU","og:site_name":"AllasOrias.hu | H\u00edrek-lapszemle | \u00dczleti h\u00edrek az \u00e1ll\u00e1s \u00e9s a munka vil\u00e1g\u00e1b\u00f3l","og:type":"article","og:title":"Informatik\u00e1val a fogyat\u00e9kkal \u00e9l\u0151 emberek foglalkoztat\u00e1s\u00e1\u00e9rt | AllasOrias.hu | H\u00edrek-lapszemle","og:description":"A fogyat\u00e9kkal \u00e9l\u0151 emberek munk\u00e1ba \u00e1ll\u00e1s\u00e1t olyan innovat\u00edv informatikai fejleszt\u00e9sekkel is \u00e9rdemes t\u00e1mogatni, mint a hall\u00e1ss\u00e9r\u00fclteket seg\u00edt\u0151 Kontakt tolm\u00e1csszolg\u00e1lat vagy a l\u00e1t\u00e1ss\u00e9r\u00fclteket seg\u00edt\u0151 T\u00e1vszem szolg\u00e1ltat\u00e1s - mondta F\u00fcl\u00f6p Attila szoci\u00e1lis \u00fcgyek\u00e9rt felel\u0151s \u00e1llamtitk\u00e1r szerdai budapesti sajt\u00f3t\u00e1j\u00e9koztat\u00f3j\u00e1n. Az \u00e1llamtitk\u00e1r K\u00f3sa \u00c1d\u00e1m eur\u00f3pai parlamenti k\u00e9pvisel\u0151vel, a Siketek \u00e9s Nagyothall\u00f3k Orsz\u00e1gos Sz\u00f6vets\u00e9ge eln\u00f6k\u00e9vel a k\u00e9t \u00e9ve indult \u00e9s","og:url":"https:\/\/allasorias.hu\/hirek\/informatikaval-a-fogyatekkal-elo-emberek-foglalkoztatasaert\/","og:image":"https:\/\/allasorias.hu\/hirek\/wp-content\/uploads\/2019\/10\/kontakt-21.png","og:image:secure_url":"https:\/\/allasorias.hu\/hirek\/wp-content\/uploads\/2019\/10\/kontakt-21.png","og:image:width":960,"og:image:height":516,"article:published_time":"2019-10-17T07:58:36+00:00","article:modified_time":"2019-12-20T10:47:46+00:00","article:publisher":"https:\/\/www.facebook.com\/allasorias","twitter:card":"summary_large_image","twitter:title":"Informatik\u00e1val a fogyat\u00e9kkal \u00e9l\u0151 emberek foglalkoztat\u00e1s\u00e1\u00e9rt | AllasOrias.hu | H\u00edrek-lapszemle","twitter:description":"A fogyat\u00e9kkal \u00e9l\u0151 emberek munk\u00e1ba \u00e1ll\u00e1s\u00e1t olyan innovat\u00edv informatikai fejleszt\u00e9sekkel is \u00e9rdemes t\u00e1mogatni, mint a hall\u00e1ss\u00e9r\u00fclteket seg\u00edt\u0151 Kontakt tolm\u00e1csszolg\u00e1lat vagy a l\u00e1t\u00e1ss\u00e9r\u00fclteket seg\u00edt\u0151 T\u00e1vszem szolg\u00e1ltat\u00e1s - mondta F\u00fcl\u00f6p Attila szoci\u00e1lis \u00fcgyek\u00e9rt felel\u0151s \u00e1llamtitk\u00e1r szerdai budapesti sajt\u00f3t\u00e1j\u00e9koztat\u00f3j\u00e1n. Az \u00e1llamtitk\u00e1r K\u00f3sa \u00c1d\u00e1m eur\u00f3pai parlamenti k\u00e9pvisel\u0151vel, a Siketek \u00e9s Nagyothall\u00f3k Orsz\u00e1gos Sz\u00f6vets\u00e9ge eln\u00f6k\u00e9vel a k\u00e9t \u00e9ve indult \u00e9s","twitter:image":"https:\/\/allasorias.hu\/hirek\/wp-content\/uploads\/2019\/10\/kontakt-21.png","twitter:label1":"Written by","twitter:data1":"Juh\u00e1sz P\u00e9ter","twitter:label2":"Est. reading time","twitter:data2":"2 minutes"},"aioseo_meta_data":{"post_id":"3398","title":null,"description":null,"keywords":null,"keyphrases":null,"primary_term":null,"canonical_url":null,"og_title":null,"og_description":null,"og_object_type":"default","og_image_type":"default","og_image_url":null,"og_image_width":null,"og_image_height":null,"og_image_custom_url":null,"og_image_custom_fields":null,"og_video":null,"og_custom_url":null,"og_article_section":null,"og_article_tags":null,"twitter_use_og":false,"twitter_card":"default","twitter_image_type":"default","twitter_image_url":null,"twitter_image_custom_url":null,"twitter_image_custom_fields":null,"twitter_title":null,"twitter_description":null,"schema":{"blockGraphs":[],"customGraphs":[],"default":{"data":{"Article":[],"Course":[],"Dataset":[],"FAQPage":[],"Movie":[],"Person":[],"Product":[],"ProductReview":[],"Car":[],"Recipe":[],"Service":[],"SoftwareApplication":[],"WebPage":[]},"graphName":"","isEnabled":true},"graphs":[],"defaultGraph":"","defaultPostTypeGraph":""},"schema_type":null,"schema_type_options":null,"pillar_content":false,"robots_default":true,"robots_noindex":false,"robots_noarchive":false,"robots_nosnippet":false,"robots_nofollow":false,"robots_noimageindex":false,"robots_noodp":false,"robots_notranslate":false,"robots_max_snippet":null,"robots_max_videopreview":null,"robots_max_imagepreview":"large","priority":null,"frequency":null,"location":null,"local_seo":null,"breadcrumb_settings":null,"limit_modified_date":false,"ai":null,"created":"2021-02-01 22:56:23","updated":"2025-10-02 12:04:37","seo_analyzer_scan_date":null,"focus_keyword":null,"additional_keywords":null,"truseo_locale":null},"aioseo_breadcrumb":"<div class=\"aioseo-breadcrumbs\"><span class=\"aioseo-breadcrumb\">\n\t\t\t<a href=\"https:\/\/allasorias.hu\/hirek\" title=\"Home\">Home<\/a>\n\t\t<\/span><span class=\"aioseo-breadcrumb-separator\">&raquo;<\/span><span class=\"aioseo-breadcrumb\">\n\t\t\t<a href=\"https:\/\/allasorias.hu\/hirek\/temak\/munkaeropiac\/\" title=\"Munkaer\u0151piac\">Munkaer\u0151piac<\/a>\n\t\t<\/span><span class=\"aioseo-breadcrumb-separator\">&raquo;<\/span><span class=\"aioseo-breadcrumb\">\n\t\t\tInformatik\u00e1val a fogyat\u00e9kkal \u00e9l\u0151 emberek foglalkoztat\u00e1s\u00e1\u00e9rt\n\t\t<\/span><\/div>","aioseo_breadcrumb_json":[{"label":"Home","link":"https:\/\/allasorias.hu\/hirek"},{"label":"Munkaer\u0151piac","link":"https:\/\/allasorias.hu\/hirek\/temak\/munkaeropiac\/"},{"label":"Informatik\u00e1val a fogyat\u00e9kkal \u00e9l\u0151 emberek foglalkoztat\u00e1s\u00e1\u00e9rt","link":"https:\/\/allasorias.hu\/hirek\/informatikaval-a-fogyatekkal-elo-emberek-foglalkoztatasaert\/"}],"_links":{"self":[{"href":"https:\/\/allasorias.hu\/hirek\/wp-json\/wp\/v2\/posts\/3398","targetHints":{"allow":["GET"]}}],"collection":[{"href":"https:\/\/allasorias.hu\/hirek\/wp-json\/wp\/v2\/posts"}],"about":[{"href":"https:\/\/allasorias.hu\/hirek\/wp-json\/wp\/v2\/types\/post"}],"author":[{"embeddable":true,"href":"https:\/\/allasorias.hu\/hirek\/wp-json\/wp\/v2\/users\/1"}],"replies":[{"embeddable":true,"href":"https:\/\/allasorias.hu\/hirek\/wp-json\/wp\/v2\/comments?post=3398"}],"version-history":[{"count":3,"href":"https:\/\/allasorias.hu\/hirek\/wp-json\/wp\/v2\/posts\/3398\/revisions"}],"predecessor-version":[{"id":3625,"href":"https:\/\/allasorias.hu\/hirek\/wp-json\/wp\/v2\/posts\/3398\/revisions\/3625"}],"wp:featuredmedia":[{"embeddable":true,"href":"https:\/\/allasorias.hu\/hirek\/wp-json\/wp\/v2\/media\/3399"}],"wp:attachment":[{"href":"https:\/\/allasorias.hu\/hirek\/wp-json\/wp\/v2\/media?parent=3398"}],"wp:term":[{"taxonomy":"category","embeddable":true,"href":"https:\/\/allasorias.hu\/hirek\/wp-json\/wp\/v2\/categories?post=3398"},{"taxonomy":"post_tag","embeddable":true,"href":"https:\/\/allasorias.hu\/hirek\/wp-json\/wp\/v2\/tags?post=3398"}],"curies":[{"name":"wp","href":"https:\/\/api.w.org\/{rel}","templated":true}]}}