{"id":3381,"date":"2019-10-11T07:29:39","date_gmt":"2019-10-11T07:29:39","guid":{"rendered":"https:\/\/allasorias.hu\/hirek\/?p=3381"},"modified":"2019-10-11T07:29:39","modified_gmt":"2019-10-11T07:29:39","slug":"kellenenek-a-nok-a-muszaki-teruleteken","status":"publish","type":"post","link":"https:\/\/allasorias.hu\/hirek\/kellenenek-a-nok-a-muszaki-teruleteken\/","title":{"rendered":"Kellen\u00e9nek a n\u0151k a m\u0171szaki ter\u00fcleteken"},"content":{"rendered":"<p><strong>A j\u00f6v\u0151 t\u00e1rsadalma \u00e9s munkaer\u0151piaci helyzete a technol\u00f3gi\u00e1r\u00f3l fog sz\u00f3lni, ez\u00e9rt fontos, hogy a n\u0151k is jelent\u0151sebb sz\u00e1mban k\u00e9pviseltess\u00e9k magukat a m\u0171szaki k\u00e9pz\u00e9seken, a m\u0171szaki p\u00e1ly\u00e1n &#8211; jelentette ki a P\u00e9nz\u00fcgyminiszt\u00e9rium eur\u00f3pai uni\u00f3s forr\u00e1sok felhaszn\u00e1l\u00e1s\u00e1\u00e9rt felel\u0151s \u00e1llamtitk\u00e1ra cs\u00fct\u00f6rt\u00f6k\u00f6n, P\u00e9csen. <\/strong><\/p>\n<p>R\u00e1kossy Bal\u00e1zs a m\u0171szaki k\u00e9pz\u00e9seket \u00e9s p\u00e1ly\u00e1t n\u00e9pszer\u0171s\u00edt\u0151 TechCsajok c\u00edm\u0171 rendezv\u00e9nysorozat p\u00e9csi \u00e1llom\u00e1s\u00e1nak megnyit\u00f3j\u00e1n azt mondta, a jelenlegi tendenci\u00e1kat figyelembe v\u00e9ve kijelenthet\u0151: a m\u0171szaki, technol\u00f3giai eszk\u00f6z\u00f6k, azok fejl\u0151d\u00e9se hat\u00e1rozza majd meg a j\u00f6v\u0151 t\u00e1rsadalm\u00e1t az \u00e9let minden ter\u00fclet\u00e9n. Mindezek alapj\u00e1t, tette hozz\u00e1, a term\u00e9szettudom\u00e1nyok \u00e9s a m\u0171szaki tudom\u00e1nyok jelentik. Mint mondta, a m\u0171szaki ter\u00fcleten egyre nagyobb sz\u00fcks\u00e9g lesz j\u00f3l k\u00e9pzett szakemberekre, ma Magyarorsz\u00e1gon pedig a n\u0151k \u00e9s f\u00e9rfiak k\u00f6z\u00f6tt egyenl\u0151s\u00e9g \u00e1ll fenn, ami a p\u00e1lyav\u00e1laszt\u00e1sra is vonatkozik. Ez\u00e9rt, tette hozz\u00e1, hatalmas lehet\u0151s\u00e9g k\u00edn\u00e1lkozik azon fiatal h\u00f6lgyek sz\u00e1m\u00e1ra, akik most v\u00e1lasztanak p\u00e1ly\u00e1t, s a ter\u00fcleten venn\u00e9nek r\u00e9szt fels\u0151oktat\u00e1si k\u00e9pz\u00e9sekben, illetve \u00e1tk\u00e9pz\u00e9seken. Az \u00e1llamtitk\u00e1r az MTI \u00e9rdekl\u0151d\u00e9s\u00e9re elmondta, a korm\u00e1nyzat sz\u00e1mos l\u00e9p\u00e9st tett a m\u0171szaki k\u00e9pz\u00e9sek t\u00e1mogat\u00e1sa \u00e9rdek\u00e9ben, \u00edgy a t\u00f6bbi k\u00f6z\u00f6tt fejleszt\u00e9si forr\u00e1sokkal seg\u00edti a karok infrastruktur\u00e1lis fejleszt\u00e9s\u00e9t \u00e9s a szakk\u00e9pz\u00e9seket t\u00e1mogatja. Ezzel egy\u00fctt, mondta, a kabinet a gyermeket v\u00e1llal\u00f3 n\u0151k miel\u0151bbi munk\u00e1ba \u00e1ll\u00e1s\u00e1t, r\u00e9szmunkaid\u0151s alkalmaz\u00e1s\u00e1t is seg\u00edti t\u00e1rsadalompolitikai int\u00e9zked\u00e9sekkel.<\/p>\n<p>Forr\u00e1s: kormany.hu<\/p>\n","protected":false},"excerpt":{"rendered":"<p>A j\u00f6v\u0151 t\u00e1rsadalma \u00e9s munkaer\u0151piaci helyzete a technol\u00f3gi\u00e1r\u00f3l fog sz\u00f3lni, ez\u00e9rt fontos, hogy a n\u0151k is jelent\u0151sebb sz\u00e1mban k\u00e9pviseltess\u00e9k magukat a m\u0171szaki k\u00e9pz\u00e9seken, a m\u0171szaki p\u00e1ly\u00e1n &#8211; jelentette ki a P\u00e9nz\u00fcgyminiszt\u00e9rium eur\u00f3pai uni\u00f3s forr\u00e1sok felhaszn\u00e1l\u00e1s\u00e1\u00e9rt felel\u0151s \u00e1llamtitk\u00e1ra cs\u00fct\u00f6rt\u00f6k\u00f6n, P\u00e9csen. R\u00e1kossy Bal\u00e1zs a m\u0171szaki k\u00e9pz\u00e9seket \u00e9s p\u00e1ly\u00e1t n\u00e9pszer\u0171s\u00edt\u0151 TechCsajok c\u00edm\u0171 rendezv\u00e9nysorozat p\u00e9csi \u00e1llom\u00e1s\u00e1nak megnyit\u00f3j\u00e1n azt mondta, [&hellip;]<\/p>\n","protected":false},"author":1,"featured_media":2069,"comment_status":"open","ping_status":"open","sticky":false,"template":"","format":"standard","meta":{"_monsterinsights_skip_tracking":false,"footnotes":""},"categories":[200],"tags":[],"class_list":["post-3381","post","type-post","status-publish","format-standard","has-post-thumbnail","hentry","category-munkaeropiac"],"aioseo_notices":[],"aioseo_head":"\n\t\t<!-- All in One SEO 5.0.0.1 - aioseo.com -->\n\t<meta name=\"description\" content=\"A j\u00f6v\u0151 t\u00e1rsadalma \u00e9s munkaer\u0151piaci helyzete a technol\u00f3gi\u00e1r\u00f3l fog sz\u00f3lni, ez\u00e9rt fontos, hogy a n\u0151k is jelent\u0151sebb sz\u00e1mban k\u00e9pviseltess\u00e9k magukat a m\u0171szaki k\u00e9pz\u00e9seken, a m\u0171szaki p\u00e1ly\u00e1n - jelentette ki a P\u00e9nz\u00fcgyminiszt\u00e9rium eur\u00f3pai uni\u00f3s forr\u00e1sok felhaszn\u00e1l\u00e1s\u00e1\u00e9rt felel\u0151s \u00e1llamtitk\u00e1ra cs\u00fct\u00f6rt\u00f6k\u00f6n, P\u00e9csen. R\u00e1kossy Bal\u00e1zs a m\u0171szaki k\u00e9pz\u00e9seket \u00e9s p\u00e1ly\u00e1t n\u00e9pszer\u0171s\u00edt\u0151 TechCsajok c\u00edm\u0171 rendezv\u00e9nysorozat p\u00e9csi \u00e1llom\u00e1s\u00e1nak megnyit\u00f3j\u00e1n azt mondta,\" \/>\n\t<meta name=\"robots\" content=\"max-image-preview:large\" \/>\n\t<meta name=\"author\" content=\"Juh\u00e1sz P\u00e9ter\"\/>\n\t<link rel=\"canonical\" href=\"https:\/\/allasorias.hu\/hirek\/kellenenek-a-nok-a-muszaki-teruleteken\/\" \/>\n\t<meta name=\"generator\" content=\"All in One SEO (AIOSEO) 5.0.0.1\" \/>\n\t\t<meta property=\"og:locale\" content=\"hu_HU\" \/>\n\t\t<meta property=\"og:site_name\" content=\"AllasOrias.hu | H\u00edrek-lapszemle | \u00dczleti h\u00edrek az \u00e1ll\u00e1s \u00e9s a munka vil\u00e1g\u00e1b\u00f3l\" \/>\n\t\t<meta property=\"og:type\" content=\"article\" \/>\n\t\t<meta property=\"og:title\" content=\"Kellen\u00e9nek a n\u0151k a m\u0171szaki ter\u00fcleteken | AllasOrias.hu | H\u00edrek-lapszemle\" \/>\n\t\t<meta property=\"og:description\" content=\"A j\u00f6v\u0151 t\u00e1rsadalma \u00e9s munkaer\u0151piaci helyzete a technol\u00f3gi\u00e1r\u00f3l fog sz\u00f3lni, ez\u00e9rt fontos, hogy a n\u0151k is jelent\u0151sebb sz\u00e1mban k\u00e9pviseltess\u00e9k magukat a m\u0171szaki k\u00e9pz\u00e9seken, a m\u0171szaki p\u00e1ly\u00e1n - jelentette ki a P\u00e9nz\u00fcgyminiszt\u00e9rium eur\u00f3pai uni\u00f3s forr\u00e1sok felhaszn\u00e1l\u00e1s\u00e1\u00e9rt felel\u0151s \u00e1llamtitk\u00e1ra cs\u00fct\u00f6rt\u00f6k\u00f6n, P\u00e9csen. R\u00e1kossy Bal\u00e1zs a m\u0171szaki k\u00e9pz\u00e9seket \u00e9s p\u00e1ly\u00e1t n\u00e9pszer\u0171s\u00edt\u0151 TechCsajok c\u00edm\u0171 rendezv\u00e9nysorozat p\u00e9csi \u00e1llom\u00e1s\u00e1nak megnyit\u00f3j\u00e1n azt mondta,\" \/>\n\t\t<meta property=\"og:url\" content=\"https:\/\/allasorias.hu\/hirek\/kellenenek-a-nok-a-muszaki-teruleteken\/\" \/>\n\t\t<meta property=\"og:image\" content=\"https:\/\/allasorias.hu\/hirek\/wp-content\/uploads\/2018\/11\/robot-507811_640.jpg\" \/>\n\t\t<meta property=\"og:image:secure_url\" content=\"https:\/\/allasorias.hu\/hirek\/wp-content\/uploads\/2018\/11\/robot-507811_640.jpg\" \/>\n\t\t<meta property=\"og:image:width\" content=\"640\" \/>\n\t\t<meta property=\"og:image:height\" content=\"452\" \/>\n\t\t<meta property=\"article:published_time\" content=\"2019-10-11T07:29:39+00:00\" \/>\n\t\t<meta property=\"article:modified_time\" content=\"2019-10-11T07:29:39+00:00\" \/>\n\t\t<meta property=\"article:publisher\" content=\"https:\/\/www.facebook.com\/allasorias\" \/>\n\t\t<meta name=\"twitter:card\" content=\"summary_large_image\" \/>\n\t\t<meta name=\"twitter:title\" content=\"Kellen\u00e9nek a n\u0151k a m\u0171szaki ter\u00fcleteken | AllasOrias.hu | H\u00edrek-lapszemle\" \/>\n\t\t<meta name=\"twitter:description\" content=\"A j\u00f6v\u0151 t\u00e1rsadalma \u00e9s munkaer\u0151piaci helyzete a technol\u00f3gi\u00e1r\u00f3l fog sz\u00f3lni, ez\u00e9rt fontos, hogy a n\u0151k is jelent\u0151sebb sz\u00e1mban k\u00e9pviseltess\u00e9k magukat a m\u0171szaki k\u00e9pz\u00e9seken, a m\u0171szaki p\u00e1ly\u00e1n - jelentette ki a P\u00e9nz\u00fcgyminiszt\u00e9rium eur\u00f3pai uni\u00f3s forr\u00e1sok felhaszn\u00e1l\u00e1s\u00e1\u00e9rt felel\u0151s \u00e1llamtitk\u00e1ra cs\u00fct\u00f6rt\u00f6k\u00f6n, P\u00e9csen. R\u00e1kossy Bal\u00e1zs a m\u0171szaki k\u00e9pz\u00e9seket \u00e9s p\u00e1ly\u00e1t n\u00e9pszer\u0171s\u00edt\u0151 TechCsajok c\u00edm\u0171 rendezv\u00e9nysorozat p\u00e9csi \u00e1llom\u00e1s\u00e1nak megnyit\u00f3j\u00e1n azt mondta,\" \/>\n\t\t<meta name=\"twitter:image\" content=\"https:\/\/allasorias.hu\/hirek\/wp-content\/uploads\/2018\/11\/robot-507811_640.jpg\" \/>\n\t\t<meta name=\"twitter:label1\" content=\"Written by\" \/>\n\t\t<meta name=\"twitter:data1\" content=\"Juh\u00e1sz P\u00e9ter\" \/>\n\t\t<meta name=\"twitter:label2\" content=\"Est. reading time\" \/>\n\t\t<meta name=\"twitter:data2\" content=\"2 minutes\" \/>\n\t\t<script type=\"application\/ld+json\" class=\"aioseo-schema\">\n\t\t\t{\"@context\":\"https:\\\/\\\/schema.org\",\"@graph\":[{\"@type\":\"Article\",\"@id\":\"https:\\\/\\\/allasorias.hu\\\/hirek\\\/kellenenek-a-nok-a-muszaki-teruleteken\\\/#article\",\"name\":\"Kellen\\u00e9nek a n\\u0151k a m\\u0171szaki ter\\u00fcleteken | AllasOrias.hu | H\\u00edrek-lapszemle\",\"headline\":\"Kellen\\u00e9nek a n\\u0151k a m\\u0171szaki ter\\u00fcleteken\",\"author\":{\"@id\":\"https:\\\/\\\/allasorias.hu\\\/hirek\\\/author\\\/admin-allasorias\\\/#author\"},\"publisher\":{\"@id\":\"https:\\\/\\\/allasorias.hu\\\/hirek\\\/#organization\"},\"image\":{\"@type\":\"ImageObject\",\"url\":\"https:\\\/\\\/allasorias.hu\\\/hirek\\\/wp-content\\\/uploads\\\/2018\\\/11\\\/robot-507811_640.jpg\",\"width\":640,\"height\":452},\"datePublished\":\"2019-10-11T07:29:39+02:00\",\"dateModified\":\"2019-10-11T07:29:39+02:00\",\"inLanguage\":\"hu-HU\",\"mainEntityOfPage\":{\"@id\":\"https:\\\/\\\/allasorias.hu\\\/hirek\\\/kellenenek-a-nok-a-muszaki-teruleteken\\\/#webpage\"},\"isPartOf\":{\"@id\":\"https:\\\/\\\/allasorias.hu\\\/hirek\\\/kellenenek-a-nok-a-muszaki-teruleteken\\\/#webpage\"},\"articleSection\":\"Munkaer\\u0151piac\"},{\"@type\":\"BreadcrumbList\",\"@id\":\"https:\\\/\\\/allasorias.hu\\\/hirek\\\/kellenenek-a-nok-a-muszaki-teruleteken\\\/#breadcrumblist\",\"itemListElement\":[{\"@type\":\"ListItem\",\"@id\":\"https:\\\/\\\/allasorias.hu\\\/hirek#listItem\",\"position\":1,\"name\":\"Home\",\"item\":\"https:\\\/\\\/allasorias.hu\\\/hirek\",\"nextItem\":{\"@type\":\"ListItem\",\"@id\":\"https:\\\/\\\/allasorias.hu\\\/hirek\\\/temak\\\/munkaeropiac\\\/#listItem\",\"name\":\"Munkaer\\u0151piac\"}},{\"@type\":\"ListItem\",\"@id\":\"https:\\\/\\\/allasorias.hu\\\/hirek\\\/temak\\\/munkaeropiac\\\/#listItem\",\"position\":2,\"name\":\"Munkaer\\u0151piac\",\"item\":\"https:\\\/\\\/allasorias.hu\\\/hirek\\\/temak\\\/munkaeropiac\\\/\",\"nextItem\":{\"@type\":\"ListItem\",\"@id\":\"https:\\\/\\\/allasorias.hu\\\/hirek\\\/kellenenek-a-nok-a-muszaki-teruleteken\\\/#listItem\",\"name\":\"Kellen\\u00e9nek a n\\u0151k a m\\u0171szaki ter\\u00fcleteken\"},\"previousItem\":{\"@type\":\"ListItem\",\"@id\":\"https:\\\/\\\/allasorias.hu\\\/hirek#listItem\",\"name\":\"Home\"}},{\"@type\":\"ListItem\",\"@id\":\"https:\\\/\\\/allasorias.hu\\\/hirek\\\/kellenenek-a-nok-a-muszaki-teruleteken\\\/#listItem\",\"position\":3,\"name\":\"Kellen\\u00e9nek a n\\u0151k a m\\u0171szaki ter\\u00fcleteken\",\"previousItem\":{\"@type\":\"ListItem\",\"@id\":\"https:\\\/\\\/allasorias.hu\\\/hirek\\\/temak\\\/munkaeropiac\\\/#listItem\",\"name\":\"Munkaer\\u0151piac\"}}]},{\"@type\":\"Organization\",\"@id\":\"https:\\\/\\\/allasorias.hu\\\/hirek\\\/#organization\",\"name\":\"AllasOrias.hu | H\\u00edrek-lapszemle\",\"description\":\"\\u00dczleti h\\u00edrek az \\u00e1ll\\u00e1s \\u00e9s a munka vil\\u00e1g\\u00e1b\\u00f3l\",\"url\":\"https:\\\/\\\/allasorias.hu\\\/hirek\\\/\",\"logo\":{\"@type\":\"ImageObject\",\"url\":\"https:\\\/\\\/allasorias.hu\\\/hirek\\\/wp-content\\\/uploads\\\/2022\\\/10\\\/allasorias_site_facebok_logo.png\",\"@id\":\"https:\\\/\\\/allasorias.hu\\\/hirek\\\/kellenenek-a-nok-a-muszaki-teruleteken\\\/#organizationLogo\"},\"image\":{\"@id\":\"https:\\\/\\\/allasorias.hu\\\/hirek\\\/kellenenek-a-nok-a-muszaki-teruleteken\\\/#organizationLogo\"},\"sameAs\":[\"https:\\\/\\\/www.facebook.com\\\/allasorias\",\"https:\\\/\\\/www.linkedin.com\\\/company\\\/allasorias\"]},{\"@type\":\"Person\",\"@id\":\"https:\\\/\\\/allasorias.hu\\\/hirek\\\/author\\\/admin-allasorias\\\/#author\",\"url\":\"https:\\\/\\\/allasorias.hu\\\/hirek\\\/author\\\/admin-allasorias\\\/\",\"name\":\"Juh\\u00e1sz P\\u00e9ter\",\"image\":{\"@type\":\"ImageObject\",\"@id\":\"https:\\\/\\\/allasorias.hu\\\/hirek\\\/kellenenek-a-nok-a-muszaki-teruleteken\\\/#authorImage\",\"url\":\"https:\\\/\\\/secure.gravatar.com\\\/avatar\\\/36e6bcb83148978b992977cb0f54d22feb0cce8a0a849a9410532bb2623ba4c6?s=96&d=mm&r=g\",\"width\":96,\"height\":96,\"caption\":\"Juh\\u00e1sz P\\u00e9ter\"}},{\"@type\":\"WebPage\",\"@id\":\"https:\\\/\\\/allasorias.hu\\\/hirek\\\/kellenenek-a-nok-a-muszaki-teruleteken\\\/#webpage\",\"url\":\"https:\\\/\\\/allasorias.hu\\\/hirek\\\/kellenenek-a-nok-a-muszaki-teruleteken\\\/\",\"name\":\"Kellen\\u00e9nek a n\\u0151k a m\\u0171szaki ter\\u00fcleteken | AllasOrias.hu | H\\u00edrek-lapszemle\",\"description\":\"A j\\u00f6v\\u0151 t\\u00e1rsadalma \\u00e9s munkaer\\u0151piaci helyzete a technol\\u00f3gi\\u00e1r\\u00f3l fog sz\\u00f3lni, ez\\u00e9rt fontos, hogy a n\\u0151k is jelent\\u0151sebb sz\\u00e1mban k\\u00e9pviseltess\\u00e9k magukat a m\\u0171szaki k\\u00e9pz\\u00e9seken, a m\\u0171szaki p\\u00e1ly\\u00e1n - jelentette ki a P\\u00e9nz\\u00fcgyminiszt\\u00e9rium eur\\u00f3pai uni\\u00f3s forr\\u00e1sok felhaszn\\u00e1l\\u00e1s\\u00e1\\u00e9rt felel\\u0151s \\u00e1llamtitk\\u00e1ra cs\\u00fct\\u00f6rt\\u00f6k\\u00f6n, P\\u00e9csen. R\\u00e1kossy Bal\\u00e1zs a m\\u0171szaki k\\u00e9pz\\u00e9seket \\u00e9s p\\u00e1ly\\u00e1t n\\u00e9pszer\\u0171s\\u00edt\\u0151 TechCsajok c\\u00edm\\u0171 rendezv\\u00e9nysorozat p\\u00e9csi \\u00e1llom\\u00e1s\\u00e1nak megnyit\\u00f3j\\u00e1n azt mondta,\",\"inLanguage\":\"hu-HU\",\"isPartOf\":{\"@id\":\"https:\\\/\\\/allasorias.hu\\\/hirek\\\/#website\"},\"breadcrumb\":{\"@id\":\"https:\\\/\\\/allasorias.hu\\\/hirek\\\/kellenenek-a-nok-a-muszaki-teruleteken\\\/#breadcrumblist\"},\"author\":{\"@id\":\"https:\\\/\\\/allasorias.hu\\\/hirek\\\/author\\\/admin-allasorias\\\/#author\"},\"creator\":{\"@id\":\"https:\\\/\\\/allasorias.hu\\\/hirek\\\/author\\\/admin-allasorias\\\/#author\"},\"image\":{\"@type\":\"ImageObject\",\"url\":\"https:\\\/\\\/allasorias.hu\\\/hirek\\\/wp-content\\\/uploads\\\/2018\\\/11\\\/robot-507811_640.jpg\",\"@id\":\"https:\\\/\\\/allasorias.hu\\\/hirek\\\/kellenenek-a-nok-a-muszaki-teruleteken\\\/#mainImage\",\"width\":640,\"height\":452},\"primaryImageOfPage\":{\"@id\":\"https:\\\/\\\/allasorias.hu\\\/hirek\\\/kellenenek-a-nok-a-muszaki-teruleteken\\\/#mainImage\"},\"datePublished\":\"2019-10-11T07:29:39+02:00\",\"dateModified\":\"2019-10-11T07:29:39+02:00\"},{\"@type\":\"WebSite\",\"@id\":\"https:\\\/\\\/allasorias.hu\\\/hirek\\\/#website\",\"url\":\"https:\\\/\\\/allasorias.hu\\\/hirek\\\/\",\"name\":\"AllasOrias.hu | H\\u00edrek-lapszemle\",\"description\":\"\\u00dczleti h\\u00edrek az \\u00e1ll\\u00e1s \\u00e9s a munka vil\\u00e1g\\u00e1b\\u00f3l\",\"inLanguage\":\"hu-HU\",\"publisher\":{\"@id\":\"https:\\\/\\\/allasorias.hu\\\/hirek\\\/#organization\"}}]}\n\t\t<\/script>\n\t\t<!-- All in One SEO -->\n\n","aioseo_head_json":{"title":"Kellen\u00e9nek a n\u0151k a m\u0171szaki ter\u00fcleteken | AllasOrias.hu | H\u00edrek-lapszemle","description":"A j\u00f6v\u0151 t\u00e1rsadalma \u00e9s munkaer\u0151piaci helyzete a technol\u00f3gi\u00e1r\u00f3l fog sz\u00f3lni, ez\u00e9rt fontos, hogy a n\u0151k is jelent\u0151sebb sz\u00e1mban k\u00e9pviseltess\u00e9k magukat a m\u0171szaki k\u00e9pz\u00e9seken, a m\u0171szaki p\u00e1ly\u00e1n - jelentette ki a P\u00e9nz\u00fcgyminiszt\u00e9rium eur\u00f3pai uni\u00f3s forr\u00e1sok felhaszn\u00e1l\u00e1s\u00e1\u00e9rt felel\u0151s \u00e1llamtitk\u00e1ra cs\u00fct\u00f6rt\u00f6k\u00f6n, P\u00e9csen. R\u00e1kossy Bal\u00e1zs a m\u0171szaki k\u00e9pz\u00e9seket \u00e9s p\u00e1ly\u00e1t n\u00e9pszer\u0171s\u00edt\u0151 TechCsajok c\u00edm\u0171 rendezv\u00e9nysorozat p\u00e9csi \u00e1llom\u00e1s\u00e1nak megnyit\u00f3j\u00e1n azt mondta,","canonical_url":"https:\/\/allasorias.hu\/hirek\/kellenenek-a-nok-a-muszaki-teruleteken\/","robots":"max-image-preview:large","keywords":"","webmasterTools":{"miscellaneous":""},"schema":{"@context":"https:\/\/schema.org","@graph":[{"@type":"Article","@id":"https:\/\/allasorias.hu\/hirek\/kellenenek-a-nok-a-muszaki-teruleteken\/#article","name":"Kellen\u00e9nek a n\u0151k a m\u0171szaki ter\u00fcleteken | AllasOrias.hu | H\u00edrek-lapszemle","headline":"Kellen\u00e9nek a n\u0151k a m\u0171szaki ter\u00fcleteken","author":{"@id":"https:\/\/allasorias.hu\/hirek\/author\/admin-allasorias\/#author"},"publisher":{"@id":"https:\/\/allasorias.hu\/hirek\/#organization"},"image":{"@type":"ImageObject","url":"https:\/\/allasorias.hu\/hirek\/wp-content\/uploads\/2018\/11\/robot-507811_640.jpg","width":640,"height":452},"datePublished":"2019-10-11T07:29:39+02:00","dateModified":"2019-10-11T07:29:39+02:00","inLanguage":"hu-HU","mainEntityOfPage":{"@id":"https:\/\/allasorias.hu\/hirek\/kellenenek-a-nok-a-muszaki-teruleteken\/#webpage"},"isPartOf":{"@id":"https:\/\/allasorias.hu\/hirek\/kellenenek-a-nok-a-muszaki-teruleteken\/#webpage"},"articleSection":"Munkaer\u0151piac"},{"@type":"BreadcrumbList","@id":"https:\/\/allasorias.hu\/hirek\/kellenenek-a-nok-a-muszaki-teruleteken\/#breadcrumblist","itemListElement":[{"@type":"ListItem","@id":"https:\/\/allasorias.hu\/hirek#listItem","position":1,"name":"Home","item":"https:\/\/allasorias.hu\/hirek","nextItem":{"@type":"ListItem","@id":"https:\/\/allasorias.hu\/hirek\/temak\/munkaeropiac\/#listItem","name":"Munkaer\u0151piac"}},{"@type":"ListItem","@id":"https:\/\/allasorias.hu\/hirek\/temak\/munkaeropiac\/#listItem","position":2,"name":"Munkaer\u0151piac","item":"https:\/\/allasorias.hu\/hirek\/temak\/munkaeropiac\/","nextItem":{"@type":"ListItem","@id":"https:\/\/allasorias.hu\/hirek\/kellenenek-a-nok-a-muszaki-teruleteken\/#listItem","name":"Kellen\u00e9nek a n\u0151k a m\u0171szaki ter\u00fcleteken"},"previousItem":{"@type":"ListItem","@id":"https:\/\/allasorias.hu\/hirek#listItem","name":"Home"}},{"@type":"ListItem","@id":"https:\/\/allasorias.hu\/hirek\/kellenenek-a-nok-a-muszaki-teruleteken\/#listItem","position":3,"name":"Kellen\u00e9nek a n\u0151k a m\u0171szaki ter\u00fcleteken","previousItem":{"@type":"ListItem","@id":"https:\/\/allasorias.hu\/hirek\/temak\/munkaeropiac\/#listItem","name":"Munkaer\u0151piac"}}]},{"@type":"Organization","@id":"https:\/\/allasorias.hu\/hirek\/#organization","name":"AllasOrias.hu | H\u00edrek-lapszemle","description":"\u00dczleti h\u00edrek az \u00e1ll\u00e1s \u00e9s a munka vil\u00e1g\u00e1b\u00f3l","url":"https:\/\/allasorias.hu\/hirek\/","logo":{"@type":"ImageObject","url":"https:\/\/allasorias.hu\/hirek\/wp-content\/uploads\/2022\/10\/allasorias_site_facebok_logo.png","@id":"https:\/\/allasorias.hu\/hirek\/kellenenek-a-nok-a-muszaki-teruleteken\/#organizationLogo"},"image":{"@id":"https:\/\/allasorias.hu\/hirek\/kellenenek-a-nok-a-muszaki-teruleteken\/#organizationLogo"},"sameAs":["https:\/\/www.facebook.com\/allasorias","https:\/\/www.linkedin.com\/company\/allasorias"]},{"@type":"Person","@id":"https:\/\/allasorias.hu\/hirek\/author\/admin-allasorias\/#author","url":"https:\/\/allasorias.hu\/hirek\/author\/admin-allasorias\/","name":"Juh\u00e1sz P\u00e9ter","image":{"@type":"ImageObject","@id":"https:\/\/allasorias.hu\/hirek\/kellenenek-a-nok-a-muszaki-teruleteken\/#authorImage","url":"https:\/\/secure.gravatar.com\/avatar\/36e6bcb83148978b992977cb0f54d22feb0cce8a0a849a9410532bb2623ba4c6?s=96&d=mm&r=g","width":96,"height":96,"caption":"Juh\u00e1sz P\u00e9ter"}},{"@type":"WebPage","@id":"https:\/\/allasorias.hu\/hirek\/kellenenek-a-nok-a-muszaki-teruleteken\/#webpage","url":"https:\/\/allasorias.hu\/hirek\/kellenenek-a-nok-a-muszaki-teruleteken\/","name":"Kellen\u00e9nek a n\u0151k a m\u0171szaki ter\u00fcleteken | AllasOrias.hu | H\u00edrek-lapszemle","description":"A j\u00f6v\u0151 t\u00e1rsadalma \u00e9s munkaer\u0151piaci helyzete a technol\u00f3gi\u00e1r\u00f3l fog sz\u00f3lni, ez\u00e9rt fontos, hogy a n\u0151k is jelent\u0151sebb sz\u00e1mban k\u00e9pviseltess\u00e9k magukat a m\u0171szaki k\u00e9pz\u00e9seken, a m\u0171szaki p\u00e1ly\u00e1n - jelentette ki a P\u00e9nz\u00fcgyminiszt\u00e9rium eur\u00f3pai uni\u00f3s forr\u00e1sok felhaszn\u00e1l\u00e1s\u00e1\u00e9rt felel\u0151s \u00e1llamtitk\u00e1ra cs\u00fct\u00f6rt\u00f6k\u00f6n, P\u00e9csen. R\u00e1kossy Bal\u00e1zs a m\u0171szaki k\u00e9pz\u00e9seket \u00e9s p\u00e1ly\u00e1t n\u00e9pszer\u0171s\u00edt\u0151 TechCsajok c\u00edm\u0171 rendezv\u00e9nysorozat p\u00e9csi \u00e1llom\u00e1s\u00e1nak megnyit\u00f3j\u00e1n azt mondta,","inLanguage":"hu-HU","isPartOf":{"@id":"https:\/\/allasorias.hu\/hirek\/#website"},"breadcrumb":{"@id":"https:\/\/allasorias.hu\/hirek\/kellenenek-a-nok-a-muszaki-teruleteken\/#breadcrumblist"},"author":{"@id":"https:\/\/allasorias.hu\/hirek\/author\/admin-allasorias\/#author"},"creator":{"@id":"https:\/\/allasorias.hu\/hirek\/author\/admin-allasorias\/#author"},"image":{"@type":"ImageObject","url":"https:\/\/allasorias.hu\/hirek\/wp-content\/uploads\/2018\/11\/robot-507811_640.jpg","@id":"https:\/\/allasorias.hu\/hirek\/kellenenek-a-nok-a-muszaki-teruleteken\/#mainImage","width":640,"height":452},"primaryImageOfPage":{"@id":"https:\/\/allasorias.hu\/hirek\/kellenenek-a-nok-a-muszaki-teruleteken\/#mainImage"},"datePublished":"2019-10-11T07:29:39+02:00","dateModified":"2019-10-11T07:29:39+02:00"},{"@type":"WebSite","@id":"https:\/\/allasorias.hu\/hirek\/#website","url":"https:\/\/allasorias.hu\/hirek\/","name":"AllasOrias.hu | H\u00edrek-lapszemle","description":"\u00dczleti h\u00edrek az \u00e1ll\u00e1s \u00e9s a munka vil\u00e1g\u00e1b\u00f3l","inLanguage":"hu-HU","publisher":{"@id":"https:\/\/allasorias.hu\/hirek\/#organization"}}]},"og:locale":"hu_HU","og:site_name":"AllasOrias.hu | H\u00edrek-lapszemle | \u00dczleti h\u00edrek az \u00e1ll\u00e1s \u00e9s a munka vil\u00e1g\u00e1b\u00f3l","og:type":"article","og:title":"Kellen\u00e9nek a n\u0151k a m\u0171szaki ter\u00fcleteken | AllasOrias.hu | H\u00edrek-lapszemle","og:description":"A j\u00f6v\u0151 t\u00e1rsadalma \u00e9s munkaer\u0151piaci helyzete a technol\u00f3gi\u00e1r\u00f3l fog sz\u00f3lni, ez\u00e9rt fontos, hogy a n\u0151k is jelent\u0151sebb sz\u00e1mban k\u00e9pviseltess\u00e9k magukat a m\u0171szaki k\u00e9pz\u00e9seken, a m\u0171szaki p\u00e1ly\u00e1n - jelentette ki a P\u00e9nz\u00fcgyminiszt\u00e9rium eur\u00f3pai uni\u00f3s forr\u00e1sok felhaszn\u00e1l\u00e1s\u00e1\u00e9rt felel\u0151s \u00e1llamtitk\u00e1ra cs\u00fct\u00f6rt\u00f6k\u00f6n, P\u00e9csen. R\u00e1kossy Bal\u00e1zs a m\u0171szaki k\u00e9pz\u00e9seket \u00e9s p\u00e1ly\u00e1t n\u00e9pszer\u0171s\u00edt\u0151 TechCsajok c\u00edm\u0171 rendezv\u00e9nysorozat p\u00e9csi \u00e1llom\u00e1s\u00e1nak megnyit\u00f3j\u00e1n azt mondta,","og:url":"https:\/\/allasorias.hu\/hirek\/kellenenek-a-nok-a-muszaki-teruleteken\/","og:image":"https:\/\/allasorias.hu\/hirek\/wp-content\/uploads\/2018\/11\/robot-507811_640.jpg","og:image:secure_url":"https:\/\/allasorias.hu\/hirek\/wp-content\/uploads\/2018\/11\/robot-507811_640.jpg","og:image:width":640,"og:image:height":452,"article:published_time":"2019-10-11T07:29:39+00:00","article:modified_time":"2019-10-11T07:29:39+00:00","article:publisher":"https:\/\/www.facebook.com\/allasorias","twitter:card":"summary_large_image","twitter:title":"Kellen\u00e9nek a n\u0151k a m\u0171szaki ter\u00fcleteken | AllasOrias.hu | H\u00edrek-lapszemle","twitter:description":"A j\u00f6v\u0151 t\u00e1rsadalma \u00e9s munkaer\u0151piaci helyzete a technol\u00f3gi\u00e1r\u00f3l fog sz\u00f3lni, ez\u00e9rt fontos, hogy a n\u0151k is jelent\u0151sebb sz\u00e1mban k\u00e9pviseltess\u00e9k magukat a m\u0171szaki k\u00e9pz\u00e9seken, a m\u0171szaki p\u00e1ly\u00e1n - jelentette ki a P\u00e9nz\u00fcgyminiszt\u00e9rium eur\u00f3pai uni\u00f3s forr\u00e1sok felhaszn\u00e1l\u00e1s\u00e1\u00e9rt felel\u0151s \u00e1llamtitk\u00e1ra cs\u00fct\u00f6rt\u00f6k\u00f6n, P\u00e9csen. R\u00e1kossy Bal\u00e1zs a m\u0171szaki k\u00e9pz\u00e9seket \u00e9s p\u00e1ly\u00e1t n\u00e9pszer\u0171s\u00edt\u0151 TechCsajok c\u00edm\u0171 rendezv\u00e9nysorozat p\u00e9csi \u00e1llom\u00e1s\u00e1nak megnyit\u00f3j\u00e1n azt mondta,","twitter:image":"https:\/\/allasorias.hu\/hirek\/wp-content\/uploads\/2018\/11\/robot-507811_640.jpg","twitter:label1":"Written by","twitter:data1":"Juh\u00e1sz P\u00e9ter","twitter:label2":"Est. reading time","twitter:data2":"2 minutes"},"aioseo_meta_data":{"post_id":"3381","title":null,"description":null,"keywords":null,"keyphrases":null,"primary_term":null,"canonical_url":null,"og_title":null,"og_description":null,"og_object_type":"default","og_image_type":"default","og_image_url":null,"og_image_width":null,"og_image_height":null,"og_image_custom_url":null,"og_image_custom_fields":null,"og_video":null,"og_custom_url":null,"og_article_section":null,"og_article_tags":null,"twitter_use_og":false,"twitter_card":"default","twitter_image_type":"default","twitter_image_url":null,"twitter_image_custom_url":null,"twitter_image_custom_fields":null,"twitter_title":null,"twitter_description":null,"schema":{"blockGraphs":[],"customGraphs":[],"default":{"data":{"Article":[],"Course":[],"Dataset":[],"FAQPage":[],"Movie":[],"Person":[],"Product":[],"ProductReview":[],"Car":[],"Recipe":[],"Service":[],"SoftwareApplication":[],"WebPage":[]},"graphName":"","isEnabled":true},"graphs":[]},"schema_type":null,"schema_type_options":null,"pillar_content":false,"robots_default":true,"robots_noindex":false,"robots_noarchive":false,"robots_nosnippet":false,"robots_nofollow":false,"robots_noimageindex":false,"robots_noodp":false,"robots_notranslate":false,"robots_max_snippet":null,"robots_max_videopreview":null,"robots_max_imagepreview":"large","priority":null,"frequency":null,"location":null,"local_seo":null,"breadcrumb_settings":null,"limit_modified_date":false,"ai":null,"created":"2021-02-01 22:54:08","updated":"2025-10-02 12:03:47","seo_analyzer_scan_date":null,"focus_keyword":null,"additional_keywords":null,"truseo_locale":null},"aioseo_breadcrumb":"<div class=\"aioseo-breadcrumbs\"><span class=\"aioseo-breadcrumb\">\n\t\t\t<a href=\"https:\/\/allasorias.hu\/hirek\" title=\"Home\">Home<\/a>\n\t\t<\/span><span class=\"aioseo-breadcrumb-separator\">&raquo;<\/span><span class=\"aioseo-breadcrumb\">\n\t\t\t<a href=\"https:\/\/allasorias.hu\/hirek\/temak\/munkaeropiac\/\" title=\"Munkaer\u0151piac\">Munkaer\u0151piac<\/a>\n\t\t<\/span><span class=\"aioseo-breadcrumb-separator\">&raquo;<\/span><span class=\"aioseo-breadcrumb\">\n\t\t\tKellen\u00e9nek a n\u0151k a m\u0171szaki ter\u00fcleteken\n\t\t<\/span><\/div>","aioseo_breadcrumb_json":[{"label":"Home","link":"https:\/\/allasorias.hu\/hirek"},{"label":"Munkaer\u0151piac","link":"https:\/\/allasorias.hu\/hirek\/temak\/munkaeropiac\/"},{"label":"Kellen\u00e9nek a n\u0151k a m\u0171szaki ter\u00fcleteken","link":"https:\/\/allasorias.hu\/hirek\/kellenenek-a-nok-a-muszaki-teruleteken\/"}],"_links":{"self":[{"href":"https:\/\/allasorias.hu\/hirek\/wp-json\/wp\/v2\/posts\/3381","targetHints":{"allow":["GET"]}}],"collection":[{"href":"https:\/\/allasorias.hu\/hirek\/wp-json\/wp\/v2\/posts"}],"about":[{"href":"https:\/\/allasorias.hu\/hirek\/wp-json\/wp\/v2\/types\/post"}],"author":[{"embeddable":true,"href":"https:\/\/allasorias.hu\/hirek\/wp-json\/wp\/v2\/users\/1"}],"replies":[{"embeddable":true,"href":"https:\/\/allasorias.hu\/hirek\/wp-json\/wp\/v2\/comments?post=3381"}],"version-history":[{"count":1,"href":"https:\/\/allasorias.hu\/hirek\/wp-json\/wp\/v2\/posts\/3381\/revisions"}],"predecessor-version":[{"id":3382,"href":"https:\/\/allasorias.hu\/hirek\/wp-json\/wp\/v2\/posts\/3381\/revisions\/3382"}],"wp:featuredmedia":[{"embeddable":true,"href":"https:\/\/allasorias.hu\/hirek\/wp-json\/wp\/v2\/media\/2069"}],"wp:attachment":[{"href":"https:\/\/allasorias.hu\/hirek\/wp-json\/wp\/v2\/media?parent=3381"}],"wp:term":[{"taxonomy":"category","embeddable":true,"href":"https:\/\/allasorias.hu\/hirek\/wp-json\/wp\/v2\/categories?post=3381"},{"taxonomy":"post_tag","embeddable":true,"href":"https:\/\/allasorias.hu\/hirek\/wp-json\/wp\/v2\/tags?post=3381"}],"curies":[{"name":"wp","href":"https:\/\/api.w.org\/{rel}","templated":true}]}}