{"id":3374,"date":"2019-10-09T08:42:43","date_gmt":"2019-10-09T08:42:43","guid":{"rendered":"https:\/\/allasorias.hu\/hirek\/?p=3374"},"modified":"2019-10-09T08:42:43","modified_gmt":"2019-10-09T08:42:43","slug":"nemetorszagban-csokken-a-munkaido","status":"publish","type":"post","link":"https:\/\/allasorias.hu\/hirek\/nemetorszagban-csokken-a-munkaido\/","title":{"rendered":"N\u00e9metorsz\u00e1gban cs\u00f6kken a munkaid\u0151"},"content":{"rendered":"<p><strong>Egyre t\u00f6bb n\u00e9metorsz\u00e1gi gy\u00e1rban dolgoznak cs\u00f6kkentett munkaid\u0151ben az alkalmazottak, ami azt jelzi, hogy a feldolgoz\u00f3ipar recesszi\u00f3ja n\u00f6veli a nyom\u00e1st a munkaer\u0151piacra \u2013 ez der\u00fclt ki a m\u00fcncheni ifo gazdas\u00e1gkutat\u00f3 int\u00e9zet felm\u00e9r\u00e9s\u00e9b\u0151l. Az ifo kutat\u00e1s\u00e1ban r\u00e9szt vev\u0151 gy\u00e1rak mintegy 5,8 sz\u00e1zal\u00e9ka k\u00f6z\u00f6lte, hogy szeptemberben cs\u00f6kkentette a munkaid\u0151t annak \u00e9rdek\u00e9ben, hogy elker\u00fclje a csoportos l\u00e9tsz\u00e1mle\u00e9p\u00edt\u00e9seket.<\/strong><\/p>\n<p>A szeptemberihez hasonl\u00f3 \u00e9rt\u00e9ket legut\u00f3bb 2012-13-ban, a p\u00e9nz\u00fcgyi v\u00e1ls\u00e1g ut\u00e1n m\u00e9rtek, amikor sz\u00e1zezer munk\u00e1s dolgozott a gy\u00e1rakban r\u00f6vid\u00edtett munkaid\u0151ben.\u00a0\u00a0\u00a0 A megk\u00e9rdezett v\u00e1llalatok 12,4 sz\u00e1zal\u00e9ka jelezte, hogy a k\u00f6vetkez\u0151 h\u00e1rom h\u00f3napban sz\u00e1nd\u00e9k\u00e1ban \u00e1ll alkalmazni ezt a munkaszervez\u00e9si eszk\u00f6zt. J\u00faniusban 8,5 sz\u00e1zal\u00e9k volt ez az ar\u00e1ny. A n\u00e9met gazdas\u00e1g 0,1 sz\u00e1zal\u00e9kkal zsugorodott \u00e1prilis-j\u00faniusban az el\u0151z\u0151 negyed\u00e9vhez k\u00e9pest, \u00e9s f\u00e9l\u0151, hogy a harmadik negyed\u00e9vben is cs\u00f6kkent a gazdas\u00e1g teljes\u00edtm\u00e9nye.\u00a0\u00a0\u00a0 T\u00falnyom\u00f3r\u00e9szt az exportf\u00fcgg\u0151 feldolgoz\u00f3ipari v\u00e1llalatok ker\u00fcltek bajba a vil\u00e1ggazdas\u00e1gi n\u00f6veked\u00e9s lassul\u00e1sa miatt. A kereskedelmi h\u00e1bor\u00fak \u00e9s a Nagy-Britannia eur\u00f3pai uni\u00f3s tags\u00e1g\u00e1g\u00e1nak megsz\u0171n\u00e9s\u00e9vel (Brexit) kapcsolatos bizonytalans\u00e1gok mind kedvez\u0151tlen\u00fcl hatnak a n\u00e9met kivitelre. A feldolgoz\u00f3ipari v\u00e1llalatok a cs\u00f6kkentett munkaid\u0151 alkalmaz\u00e1s\u00e1nak r\u00e9v\u00e9n ker\u00fclik el, hogy le kelljen \u00e9p\u00edteni\u00fck munkav\u00e1llal\u00f3kat a kapacit\u00e1sok alacsony kihaszn\u00e1lts\u00e1ga miatt. A korm\u00e1ny r\u00e9szben kifizeti a munkav\u00e1llal\u00f3knak a munkaid\u0151 cs\u00f6kken\u00e9se miatt kies\u0151 b\u00e9rj\u00f6vedelm\u00fcket. Augusztusban emelkedett a munkan\u00e9lk\u00fclis\u00e9g N\u00e9metorsz\u00e1gban, er\u0151s\u00edtve azokat a f\u00e9lelmeket, hogy a feldolgoz\u00f3ipar m\u00e9ly\u00fcl\u0151 recesszi\u00f3ja \u00e1tgy\u0171r\u0171zik a szolg\u00e1ltat\u00f3 szektorba. Az Angela Merkel vezette jobbk\u00f6z\u00e9p korm\u00e1ny mindeddig ellen\u00e1llt azoknak a felsz\u00f3l\u00edt\u00e1soknak, hogy adja fel fegyelmezett k\u00f6lts\u00e9gvet\u00e9si politik\u00e1j\u00e1t \u00e9s fisk\u00e1lis stimulusokkal t\u00e1mogassa a gazdas\u00e1g n\u00f6veked\u00e9s\u00e9t.<\/p>\n<p>Forr\u00e1s: jarmuipar.hu<\/p>\n","protected":false},"excerpt":{"rendered":"<p>Egyre t\u00f6bb n\u00e9metorsz\u00e1gi gy\u00e1rban dolgoznak cs\u00f6kkentett munkaid\u0151ben az alkalmazottak, ami azt jelzi, hogy a feldolgoz\u00f3ipar recesszi\u00f3ja n\u00f6veli a nyom\u00e1st a munkaer\u0151piacra \u2013 ez der\u00fclt ki a m\u00fcncheni ifo gazdas\u00e1gkutat\u00f3 int\u00e9zet felm\u00e9r\u00e9s\u00e9b\u0151l. Az ifo kutat\u00e1s\u00e1ban r\u00e9szt vev\u0151 gy\u00e1rak mintegy 5,8 sz\u00e1zal\u00e9ka k\u00f6z\u00f6lte, hogy szeptemberben cs\u00f6kkentette a munkaid\u0151t annak \u00e9rdek\u00e9ben, hogy elker\u00fclje a csoportos l\u00e9tsz\u00e1mle\u00e9p\u00edt\u00e9seket. A szeptemberihez [&hellip;]<\/p>\n","protected":false},"author":1,"featured_media":2304,"comment_status":"open","ping_status":"open","sticky":false,"template":"","format":"standard","meta":{"_monsterinsights_skip_tracking":false,"footnotes":""},"categories":[201,200],"tags":[],"class_list":["post-3374","post","type-post","status-publish","format-standard","has-post-thumbnail","hentry","category-kulfold","category-munkaeropiac"],"aioseo_notices":[],"aioseo_head":"\n\t\t<!-- All in One SEO 5.0.0.1 - aioseo.com -->\n\t<meta name=\"description\" content=\"Egyre t\u00f6bb n\u00e9metorsz\u00e1gi gy\u00e1rban dolgoznak cs\u00f6kkentett munkaid\u0151ben az alkalmazottak, ami azt jelzi, hogy a feldolgoz\u00f3ipar recesszi\u00f3ja n\u00f6veli a nyom\u00e1st a munkaer\u0151piacra \u2013 ez der\u00fclt ki a m\u00fcncheni ifo gazdas\u00e1gkutat\u00f3 int\u00e9zet felm\u00e9r\u00e9s\u00e9b\u0151l. Az ifo kutat\u00e1s\u00e1ban r\u00e9szt vev\u0151 gy\u00e1rak mintegy 5,8 sz\u00e1zal\u00e9ka k\u00f6z\u00f6lte, hogy szeptemberben cs\u00f6kkentette a munkaid\u0151t annak \u00e9rdek\u00e9ben, hogy elker\u00fclje a csoportos l\u00e9tsz\u00e1mle\u00e9p\u00edt\u00e9seket. A szeptemberihez\" \/>\n\t<meta name=\"robots\" content=\"max-image-preview:large\" \/>\n\t<meta name=\"author\" content=\"Juh\u00e1sz P\u00e9ter\"\/>\n\t<link rel=\"canonical\" href=\"https:\/\/allasorias.hu\/hirek\/nemetorszagban-csokken-a-munkaido\/\" \/>\n\t<meta name=\"generator\" content=\"All in One SEO (AIOSEO) 5.0.0.1\" \/>\n\t\t<meta property=\"og:locale\" content=\"hu_HU\" \/>\n\t\t<meta property=\"og:site_name\" content=\"AllasOrias.hu | H\u00edrek-lapszemle | \u00dczleti h\u00edrek az \u00e1ll\u00e1s \u00e9s a munka vil\u00e1g\u00e1b\u00f3l\" \/>\n\t\t<meta property=\"og:type\" content=\"article\" \/>\n\t\t<meta property=\"og:title\" content=\"N\u00e9metorsz\u00e1gban cs\u00f6kken a munkaid\u0151 | AllasOrias.hu | H\u00edrek-lapszemle\" \/>\n\t\t<meta property=\"og:description\" content=\"Egyre t\u00f6bb n\u00e9metorsz\u00e1gi gy\u00e1rban dolgoznak cs\u00f6kkentett munkaid\u0151ben az alkalmazottak, ami azt jelzi, hogy a feldolgoz\u00f3ipar recesszi\u00f3ja n\u00f6veli a nyom\u00e1st a munkaer\u0151piacra \u2013 ez der\u00fclt ki a m\u00fcncheni ifo gazdas\u00e1gkutat\u00f3 int\u00e9zet felm\u00e9r\u00e9s\u00e9b\u0151l. Az ifo kutat\u00e1s\u00e1ban r\u00e9szt vev\u0151 gy\u00e1rak mintegy 5,8 sz\u00e1zal\u00e9ka k\u00f6z\u00f6lte, hogy szeptemberben cs\u00f6kkentette a munkaid\u0151t annak \u00e9rdek\u00e9ben, hogy elker\u00fclje a csoportos l\u00e9tsz\u00e1mle\u00e9p\u00edt\u00e9seket. A szeptemberihez\" \/>\n\t\t<meta property=\"og:url\" content=\"https:\/\/allasorias.hu\/hirek\/nemetorszagban-csokken-a-munkaido\/\" \/>\n\t\t<meta property=\"og:image\" content=\"https:\/\/allasorias.hu\/hirek\/wp-content\/uploads\/2018\/12\/hackyourself-tulora-928-600-jpg.jpg\" \/>\n\t\t<meta property=\"og:image:secure_url\" content=\"https:\/\/allasorias.hu\/hirek\/wp-content\/uploads\/2018\/12\/hackyourself-tulora-928-600-jpg.jpg\" \/>\n\t\t<meta property=\"og:image:width\" content=\"928\" \/>\n\t\t<meta property=\"og:image:height\" content=\"600\" \/>\n\t\t<meta property=\"article:published_time\" content=\"2019-10-09T08:42:43+00:00\" \/>\n\t\t<meta property=\"article:modified_time\" content=\"2019-10-09T08:42:43+00:00\" \/>\n\t\t<meta property=\"article:publisher\" content=\"https:\/\/www.facebook.com\/allasorias\" \/>\n\t\t<meta name=\"twitter:card\" content=\"summary_large_image\" \/>\n\t\t<meta name=\"twitter:title\" content=\"N\u00e9metorsz\u00e1gban cs\u00f6kken a munkaid\u0151 | AllasOrias.hu | H\u00edrek-lapszemle\" \/>\n\t\t<meta name=\"twitter:description\" content=\"Egyre t\u00f6bb n\u00e9metorsz\u00e1gi gy\u00e1rban dolgoznak cs\u00f6kkentett munkaid\u0151ben az alkalmazottak, ami azt jelzi, hogy a feldolgoz\u00f3ipar recesszi\u00f3ja n\u00f6veli a nyom\u00e1st a munkaer\u0151piacra \u2013 ez der\u00fclt ki a m\u00fcncheni ifo gazdas\u00e1gkutat\u00f3 int\u00e9zet felm\u00e9r\u00e9s\u00e9b\u0151l. Az ifo kutat\u00e1s\u00e1ban r\u00e9szt vev\u0151 gy\u00e1rak mintegy 5,8 sz\u00e1zal\u00e9ka k\u00f6z\u00f6lte, hogy szeptemberben cs\u00f6kkentette a munkaid\u0151t annak \u00e9rdek\u00e9ben, hogy elker\u00fclje a csoportos l\u00e9tsz\u00e1mle\u00e9p\u00edt\u00e9seket. A szeptemberihez\" \/>\n\t\t<meta name=\"twitter:image\" content=\"https:\/\/allasorias.hu\/hirek\/wp-content\/uploads\/2018\/12\/hackyourself-tulora-928-600-jpg.jpg\" \/>\n\t\t<meta name=\"twitter:label1\" content=\"Written by\" \/>\n\t\t<meta name=\"twitter:data1\" content=\"Juh\u00e1sz P\u00e9ter\" \/>\n\t\t<meta name=\"twitter:label2\" content=\"Est. reading time\" \/>\n\t\t<meta name=\"twitter:data2\" content=\"2 minutes\" \/>\n\t\t<script type=\"application\/ld+json\" class=\"aioseo-schema\">\n\t\t\t{\"@context\":\"https:\\\/\\\/schema.org\",\"@graph\":[{\"@type\":\"Article\",\"@id\":\"https:\\\/\\\/allasorias.hu\\\/hirek\\\/nemetorszagban-csokken-a-munkaido\\\/#article\",\"name\":\"N\\u00e9metorsz\\u00e1gban cs\\u00f6kken a munkaid\\u0151 | AllasOrias.hu | H\\u00edrek-lapszemle\",\"headline\":\"N\\u00e9metorsz\\u00e1gban cs\\u00f6kken a munkaid\\u0151\",\"author\":{\"@id\":\"https:\\\/\\\/allasorias.hu\\\/hirek\\\/author\\\/admin-allasorias\\\/#author\"},\"publisher\":{\"@id\":\"https:\\\/\\\/allasorias.hu\\\/hirek\\\/#organization\"},\"image\":{\"@type\":\"ImageObject\",\"url\":\"https:\\\/\\\/allasorias.hu\\\/hirek\\\/wp-content\\\/uploads\\\/2018\\\/12\\\/hackyourself-tulora-928-600-jpg.jpg\",\"width\":928,\"height\":600},\"datePublished\":\"2019-10-09T08:42:43+02:00\",\"dateModified\":\"2019-10-09T08:42:43+02:00\",\"inLanguage\":\"hu-HU\",\"mainEntityOfPage\":{\"@id\":\"https:\\\/\\\/allasorias.hu\\\/hirek\\\/nemetorszagban-csokken-a-munkaido\\\/#webpage\"},\"isPartOf\":{\"@id\":\"https:\\\/\\\/allasorias.hu\\\/hirek\\\/nemetorszagban-csokken-a-munkaido\\\/#webpage\"},\"articleSection\":\"K\\u00fclf\\u00f6ld, Munkaer\\u0151piac\"},{\"@type\":\"BreadcrumbList\",\"@id\":\"https:\\\/\\\/allasorias.hu\\\/hirek\\\/nemetorszagban-csokken-a-munkaido\\\/#breadcrumblist\",\"itemListElement\":[{\"@type\":\"ListItem\",\"@id\":\"https:\\\/\\\/allasorias.hu\\\/hirek#listItem\",\"position\":1,\"name\":\"Home\",\"item\":\"https:\\\/\\\/allasorias.hu\\\/hirek\",\"nextItem\":{\"@type\":\"ListItem\",\"@id\":\"https:\\\/\\\/allasorias.hu\\\/hirek\\\/temak\\\/munkaeropiac\\\/#listItem\",\"name\":\"Munkaer\\u0151piac\"}},{\"@type\":\"ListItem\",\"@id\":\"https:\\\/\\\/allasorias.hu\\\/hirek\\\/temak\\\/munkaeropiac\\\/#listItem\",\"position\":2,\"name\":\"Munkaer\\u0151piac\",\"item\":\"https:\\\/\\\/allasorias.hu\\\/hirek\\\/temak\\\/munkaeropiac\\\/\",\"nextItem\":{\"@type\":\"ListItem\",\"@id\":\"https:\\\/\\\/allasorias.hu\\\/hirek\\\/nemetorszagban-csokken-a-munkaido\\\/#listItem\",\"name\":\"N\\u00e9metorsz\\u00e1gban cs\\u00f6kken a munkaid\\u0151\"},\"previousItem\":{\"@type\":\"ListItem\",\"@id\":\"https:\\\/\\\/allasorias.hu\\\/hirek#listItem\",\"name\":\"Home\"}},{\"@type\":\"ListItem\",\"@id\":\"https:\\\/\\\/allasorias.hu\\\/hirek\\\/nemetorszagban-csokken-a-munkaido\\\/#listItem\",\"position\":3,\"name\":\"N\\u00e9metorsz\\u00e1gban cs\\u00f6kken a munkaid\\u0151\",\"previousItem\":{\"@type\":\"ListItem\",\"@id\":\"https:\\\/\\\/allasorias.hu\\\/hirek\\\/temak\\\/munkaeropiac\\\/#listItem\",\"name\":\"Munkaer\\u0151piac\"}}]},{\"@type\":\"Organization\",\"@id\":\"https:\\\/\\\/allasorias.hu\\\/hirek\\\/#organization\",\"name\":\"AllasOrias.hu | H\\u00edrek-lapszemle\",\"description\":\"\\u00dczleti h\\u00edrek az \\u00e1ll\\u00e1s \\u00e9s a munka vil\\u00e1g\\u00e1b\\u00f3l\",\"url\":\"https:\\\/\\\/allasorias.hu\\\/hirek\\\/\",\"logo\":{\"@type\":\"ImageObject\",\"url\":\"https:\\\/\\\/allasorias.hu\\\/hirek\\\/wp-content\\\/uploads\\\/2022\\\/10\\\/allasorias_site_facebok_logo.png\",\"@id\":\"https:\\\/\\\/allasorias.hu\\\/hirek\\\/nemetorszagban-csokken-a-munkaido\\\/#organizationLogo\"},\"image\":{\"@id\":\"https:\\\/\\\/allasorias.hu\\\/hirek\\\/nemetorszagban-csokken-a-munkaido\\\/#organizationLogo\"},\"sameAs\":[\"https:\\\/\\\/www.facebook.com\\\/allasorias\",\"https:\\\/\\\/www.linkedin.com\\\/company\\\/allasorias\"]},{\"@type\":\"Person\",\"@id\":\"https:\\\/\\\/allasorias.hu\\\/hirek\\\/author\\\/admin-allasorias\\\/#author\",\"url\":\"https:\\\/\\\/allasorias.hu\\\/hirek\\\/author\\\/admin-allasorias\\\/\",\"name\":\"Juh\\u00e1sz P\\u00e9ter\",\"image\":{\"@type\":\"ImageObject\",\"@id\":\"https:\\\/\\\/allasorias.hu\\\/hirek\\\/nemetorszagban-csokken-a-munkaido\\\/#authorImage\",\"url\":\"https:\\\/\\\/secure.gravatar.com\\\/avatar\\\/36e6bcb83148978b992977cb0f54d22feb0cce8a0a849a9410532bb2623ba4c6?s=96&d=mm&r=g\",\"width\":96,\"height\":96,\"caption\":\"Juh\\u00e1sz P\\u00e9ter\"}},{\"@type\":\"WebPage\",\"@id\":\"https:\\\/\\\/allasorias.hu\\\/hirek\\\/nemetorszagban-csokken-a-munkaido\\\/#webpage\",\"url\":\"https:\\\/\\\/allasorias.hu\\\/hirek\\\/nemetorszagban-csokken-a-munkaido\\\/\",\"name\":\"N\\u00e9metorsz\\u00e1gban cs\\u00f6kken a munkaid\\u0151 | AllasOrias.hu | H\\u00edrek-lapszemle\",\"description\":\"Egyre t\\u00f6bb n\\u00e9metorsz\\u00e1gi gy\\u00e1rban dolgoznak cs\\u00f6kkentett munkaid\\u0151ben az alkalmazottak, ami azt jelzi, hogy a feldolgoz\\u00f3ipar recesszi\\u00f3ja n\\u00f6veli a nyom\\u00e1st a munkaer\\u0151piacra \\u2013 ez der\\u00fclt ki a m\\u00fcncheni ifo gazdas\\u00e1gkutat\\u00f3 int\\u00e9zet felm\\u00e9r\\u00e9s\\u00e9b\\u0151l. Az ifo kutat\\u00e1s\\u00e1ban r\\u00e9szt vev\\u0151 gy\\u00e1rak mintegy 5,8 sz\\u00e1zal\\u00e9ka k\\u00f6z\\u00f6lte, hogy szeptemberben cs\\u00f6kkentette a munkaid\\u0151t annak \\u00e9rdek\\u00e9ben, hogy elker\\u00fclje a csoportos l\\u00e9tsz\\u00e1mle\\u00e9p\\u00edt\\u00e9seket. A szeptemberihez\",\"inLanguage\":\"hu-HU\",\"isPartOf\":{\"@id\":\"https:\\\/\\\/allasorias.hu\\\/hirek\\\/#website\"},\"breadcrumb\":{\"@id\":\"https:\\\/\\\/allasorias.hu\\\/hirek\\\/nemetorszagban-csokken-a-munkaido\\\/#breadcrumblist\"},\"author\":{\"@id\":\"https:\\\/\\\/allasorias.hu\\\/hirek\\\/author\\\/admin-allasorias\\\/#author\"},\"creator\":{\"@id\":\"https:\\\/\\\/allasorias.hu\\\/hirek\\\/author\\\/admin-allasorias\\\/#author\"},\"image\":{\"@type\":\"ImageObject\",\"url\":\"https:\\\/\\\/allasorias.hu\\\/hirek\\\/wp-content\\\/uploads\\\/2018\\\/12\\\/hackyourself-tulora-928-600-jpg.jpg\",\"@id\":\"https:\\\/\\\/allasorias.hu\\\/hirek\\\/nemetorszagban-csokken-a-munkaido\\\/#mainImage\",\"width\":928,\"height\":600},\"primaryImageOfPage\":{\"@id\":\"https:\\\/\\\/allasorias.hu\\\/hirek\\\/nemetorszagban-csokken-a-munkaido\\\/#mainImage\"},\"datePublished\":\"2019-10-09T08:42:43+02:00\",\"dateModified\":\"2019-10-09T08:42:43+02:00\"},{\"@type\":\"WebSite\",\"@id\":\"https:\\\/\\\/allasorias.hu\\\/hirek\\\/#website\",\"url\":\"https:\\\/\\\/allasorias.hu\\\/hirek\\\/\",\"name\":\"AllasOrias.hu | H\\u00edrek-lapszemle\",\"description\":\"\\u00dczleti h\\u00edrek az \\u00e1ll\\u00e1s \\u00e9s a munka vil\\u00e1g\\u00e1b\\u00f3l\",\"inLanguage\":\"hu-HU\",\"publisher\":{\"@id\":\"https:\\\/\\\/allasorias.hu\\\/hirek\\\/#organization\"}}]}\n\t\t<\/script>\n\t\t<!-- All in One SEO -->\n\n","aioseo_head_json":{"title":"N\u00e9metorsz\u00e1gban cs\u00f6kken a munkaid\u0151 | AllasOrias.hu | H\u00edrek-lapszemle","description":"Egyre t\u00f6bb n\u00e9metorsz\u00e1gi gy\u00e1rban dolgoznak cs\u00f6kkentett munkaid\u0151ben az alkalmazottak, ami azt jelzi, hogy a feldolgoz\u00f3ipar recesszi\u00f3ja n\u00f6veli a nyom\u00e1st a munkaer\u0151piacra \u2013 ez der\u00fclt ki a m\u00fcncheni ifo gazdas\u00e1gkutat\u00f3 int\u00e9zet felm\u00e9r\u00e9s\u00e9b\u0151l. Az ifo kutat\u00e1s\u00e1ban r\u00e9szt vev\u0151 gy\u00e1rak mintegy 5,8 sz\u00e1zal\u00e9ka k\u00f6z\u00f6lte, hogy szeptemberben cs\u00f6kkentette a munkaid\u0151t annak \u00e9rdek\u00e9ben, hogy elker\u00fclje a csoportos l\u00e9tsz\u00e1mle\u00e9p\u00edt\u00e9seket. A szeptemberihez","canonical_url":"https:\/\/allasorias.hu\/hirek\/nemetorszagban-csokken-a-munkaido\/","robots":"max-image-preview:large","keywords":"","webmasterTools":{"miscellaneous":""},"schema":{"@context":"https:\/\/schema.org","@graph":[{"@type":"Article","@id":"https:\/\/allasorias.hu\/hirek\/nemetorszagban-csokken-a-munkaido\/#article","name":"N\u00e9metorsz\u00e1gban cs\u00f6kken a munkaid\u0151 | AllasOrias.hu | H\u00edrek-lapszemle","headline":"N\u00e9metorsz\u00e1gban cs\u00f6kken a munkaid\u0151","author":{"@id":"https:\/\/allasorias.hu\/hirek\/author\/admin-allasorias\/#author"},"publisher":{"@id":"https:\/\/allasorias.hu\/hirek\/#organization"},"image":{"@type":"ImageObject","url":"https:\/\/allasorias.hu\/hirek\/wp-content\/uploads\/2018\/12\/hackyourself-tulora-928-600-jpg.jpg","width":928,"height":600},"datePublished":"2019-10-09T08:42:43+02:00","dateModified":"2019-10-09T08:42:43+02:00","inLanguage":"hu-HU","mainEntityOfPage":{"@id":"https:\/\/allasorias.hu\/hirek\/nemetorszagban-csokken-a-munkaido\/#webpage"},"isPartOf":{"@id":"https:\/\/allasorias.hu\/hirek\/nemetorszagban-csokken-a-munkaido\/#webpage"},"articleSection":"K\u00fclf\u00f6ld, Munkaer\u0151piac"},{"@type":"BreadcrumbList","@id":"https:\/\/allasorias.hu\/hirek\/nemetorszagban-csokken-a-munkaido\/#breadcrumblist","itemListElement":[{"@type":"ListItem","@id":"https:\/\/allasorias.hu\/hirek#listItem","position":1,"name":"Home","item":"https:\/\/allasorias.hu\/hirek","nextItem":{"@type":"ListItem","@id":"https:\/\/allasorias.hu\/hirek\/temak\/munkaeropiac\/#listItem","name":"Munkaer\u0151piac"}},{"@type":"ListItem","@id":"https:\/\/allasorias.hu\/hirek\/temak\/munkaeropiac\/#listItem","position":2,"name":"Munkaer\u0151piac","item":"https:\/\/allasorias.hu\/hirek\/temak\/munkaeropiac\/","nextItem":{"@type":"ListItem","@id":"https:\/\/allasorias.hu\/hirek\/nemetorszagban-csokken-a-munkaido\/#listItem","name":"N\u00e9metorsz\u00e1gban cs\u00f6kken a munkaid\u0151"},"previousItem":{"@type":"ListItem","@id":"https:\/\/allasorias.hu\/hirek#listItem","name":"Home"}},{"@type":"ListItem","@id":"https:\/\/allasorias.hu\/hirek\/nemetorszagban-csokken-a-munkaido\/#listItem","position":3,"name":"N\u00e9metorsz\u00e1gban cs\u00f6kken a munkaid\u0151","previousItem":{"@type":"ListItem","@id":"https:\/\/allasorias.hu\/hirek\/temak\/munkaeropiac\/#listItem","name":"Munkaer\u0151piac"}}]},{"@type":"Organization","@id":"https:\/\/allasorias.hu\/hirek\/#organization","name":"AllasOrias.hu | H\u00edrek-lapszemle","description":"\u00dczleti h\u00edrek az \u00e1ll\u00e1s \u00e9s a munka vil\u00e1g\u00e1b\u00f3l","url":"https:\/\/allasorias.hu\/hirek\/","logo":{"@type":"ImageObject","url":"https:\/\/allasorias.hu\/hirek\/wp-content\/uploads\/2022\/10\/allasorias_site_facebok_logo.png","@id":"https:\/\/allasorias.hu\/hirek\/nemetorszagban-csokken-a-munkaido\/#organizationLogo"},"image":{"@id":"https:\/\/allasorias.hu\/hirek\/nemetorszagban-csokken-a-munkaido\/#organizationLogo"},"sameAs":["https:\/\/www.facebook.com\/allasorias","https:\/\/www.linkedin.com\/company\/allasorias"]},{"@type":"Person","@id":"https:\/\/allasorias.hu\/hirek\/author\/admin-allasorias\/#author","url":"https:\/\/allasorias.hu\/hirek\/author\/admin-allasorias\/","name":"Juh\u00e1sz P\u00e9ter","image":{"@type":"ImageObject","@id":"https:\/\/allasorias.hu\/hirek\/nemetorszagban-csokken-a-munkaido\/#authorImage","url":"https:\/\/secure.gravatar.com\/avatar\/36e6bcb83148978b992977cb0f54d22feb0cce8a0a849a9410532bb2623ba4c6?s=96&d=mm&r=g","width":96,"height":96,"caption":"Juh\u00e1sz P\u00e9ter"}},{"@type":"WebPage","@id":"https:\/\/allasorias.hu\/hirek\/nemetorszagban-csokken-a-munkaido\/#webpage","url":"https:\/\/allasorias.hu\/hirek\/nemetorszagban-csokken-a-munkaido\/","name":"N\u00e9metorsz\u00e1gban cs\u00f6kken a munkaid\u0151 | AllasOrias.hu | H\u00edrek-lapszemle","description":"Egyre t\u00f6bb n\u00e9metorsz\u00e1gi gy\u00e1rban dolgoznak cs\u00f6kkentett munkaid\u0151ben az alkalmazottak, ami azt jelzi, hogy a feldolgoz\u00f3ipar recesszi\u00f3ja n\u00f6veli a nyom\u00e1st a munkaer\u0151piacra \u2013 ez der\u00fclt ki a m\u00fcncheni ifo gazdas\u00e1gkutat\u00f3 int\u00e9zet felm\u00e9r\u00e9s\u00e9b\u0151l. Az ifo kutat\u00e1s\u00e1ban r\u00e9szt vev\u0151 gy\u00e1rak mintegy 5,8 sz\u00e1zal\u00e9ka k\u00f6z\u00f6lte, hogy szeptemberben cs\u00f6kkentette a munkaid\u0151t annak \u00e9rdek\u00e9ben, hogy elker\u00fclje a csoportos l\u00e9tsz\u00e1mle\u00e9p\u00edt\u00e9seket. A szeptemberihez","inLanguage":"hu-HU","isPartOf":{"@id":"https:\/\/allasorias.hu\/hirek\/#website"},"breadcrumb":{"@id":"https:\/\/allasorias.hu\/hirek\/nemetorszagban-csokken-a-munkaido\/#breadcrumblist"},"author":{"@id":"https:\/\/allasorias.hu\/hirek\/author\/admin-allasorias\/#author"},"creator":{"@id":"https:\/\/allasorias.hu\/hirek\/author\/admin-allasorias\/#author"},"image":{"@type":"ImageObject","url":"https:\/\/allasorias.hu\/hirek\/wp-content\/uploads\/2018\/12\/hackyourself-tulora-928-600-jpg.jpg","@id":"https:\/\/allasorias.hu\/hirek\/nemetorszagban-csokken-a-munkaido\/#mainImage","width":928,"height":600},"primaryImageOfPage":{"@id":"https:\/\/allasorias.hu\/hirek\/nemetorszagban-csokken-a-munkaido\/#mainImage"},"datePublished":"2019-10-09T08:42:43+02:00","dateModified":"2019-10-09T08:42:43+02:00"},{"@type":"WebSite","@id":"https:\/\/allasorias.hu\/hirek\/#website","url":"https:\/\/allasorias.hu\/hirek\/","name":"AllasOrias.hu | H\u00edrek-lapszemle","description":"\u00dczleti h\u00edrek az \u00e1ll\u00e1s \u00e9s a munka vil\u00e1g\u00e1b\u00f3l","inLanguage":"hu-HU","publisher":{"@id":"https:\/\/allasorias.hu\/hirek\/#organization"}}]},"og:locale":"hu_HU","og:site_name":"AllasOrias.hu | H\u00edrek-lapszemle | \u00dczleti h\u00edrek az \u00e1ll\u00e1s \u00e9s a munka vil\u00e1g\u00e1b\u00f3l","og:type":"article","og:title":"N\u00e9metorsz\u00e1gban cs\u00f6kken a munkaid\u0151 | AllasOrias.hu | H\u00edrek-lapszemle","og:description":"Egyre t\u00f6bb n\u00e9metorsz\u00e1gi gy\u00e1rban dolgoznak cs\u00f6kkentett munkaid\u0151ben az alkalmazottak, ami azt jelzi, hogy a feldolgoz\u00f3ipar recesszi\u00f3ja n\u00f6veli a nyom\u00e1st a munkaer\u0151piacra \u2013 ez der\u00fclt ki a m\u00fcncheni ifo gazdas\u00e1gkutat\u00f3 int\u00e9zet felm\u00e9r\u00e9s\u00e9b\u0151l. Az ifo kutat\u00e1s\u00e1ban r\u00e9szt vev\u0151 gy\u00e1rak mintegy 5,8 sz\u00e1zal\u00e9ka k\u00f6z\u00f6lte, hogy szeptemberben cs\u00f6kkentette a munkaid\u0151t annak \u00e9rdek\u00e9ben, hogy elker\u00fclje a csoportos l\u00e9tsz\u00e1mle\u00e9p\u00edt\u00e9seket. A szeptemberihez","og:url":"https:\/\/allasorias.hu\/hirek\/nemetorszagban-csokken-a-munkaido\/","og:image":"https:\/\/allasorias.hu\/hirek\/wp-content\/uploads\/2018\/12\/hackyourself-tulora-928-600-jpg.jpg","og:image:secure_url":"https:\/\/allasorias.hu\/hirek\/wp-content\/uploads\/2018\/12\/hackyourself-tulora-928-600-jpg.jpg","og:image:width":928,"og:image:height":600,"article:published_time":"2019-10-09T08:42:43+00:00","article:modified_time":"2019-10-09T08:42:43+00:00","article:publisher":"https:\/\/www.facebook.com\/allasorias","twitter:card":"summary_large_image","twitter:title":"N\u00e9metorsz\u00e1gban cs\u00f6kken a munkaid\u0151 | AllasOrias.hu | H\u00edrek-lapszemle","twitter:description":"Egyre t\u00f6bb n\u00e9metorsz\u00e1gi gy\u00e1rban dolgoznak cs\u00f6kkentett munkaid\u0151ben az alkalmazottak, ami azt jelzi, hogy a feldolgoz\u00f3ipar recesszi\u00f3ja n\u00f6veli a nyom\u00e1st a munkaer\u0151piacra \u2013 ez der\u00fclt ki a m\u00fcncheni ifo gazdas\u00e1gkutat\u00f3 int\u00e9zet felm\u00e9r\u00e9s\u00e9b\u0151l. Az ifo kutat\u00e1s\u00e1ban r\u00e9szt vev\u0151 gy\u00e1rak mintegy 5,8 sz\u00e1zal\u00e9ka k\u00f6z\u00f6lte, hogy szeptemberben cs\u00f6kkentette a munkaid\u0151t annak \u00e9rdek\u00e9ben, hogy elker\u00fclje a csoportos l\u00e9tsz\u00e1mle\u00e9p\u00edt\u00e9seket. A szeptemberihez","twitter:image":"https:\/\/allasorias.hu\/hirek\/wp-content\/uploads\/2018\/12\/hackyourself-tulora-928-600-jpg.jpg","twitter:label1":"Written by","twitter:data1":"Juh\u00e1sz P\u00e9ter","twitter:label2":"Est. reading time","twitter:data2":"2 minutes"},"aioseo_meta_data":{"post_id":"3374","title":null,"description":null,"keywords":null,"keyphrases":null,"primary_term":null,"canonical_url":null,"og_title":null,"og_description":null,"og_object_type":"default","og_image_type":"default","og_image_url":null,"og_image_width":null,"og_image_height":null,"og_image_custom_url":null,"og_image_custom_fields":null,"og_video":null,"og_custom_url":null,"og_article_section":null,"og_article_tags":null,"twitter_use_og":false,"twitter_card":"default","twitter_image_type":"default","twitter_image_url":null,"twitter_image_custom_url":null,"twitter_image_custom_fields":null,"twitter_title":null,"twitter_description":null,"schema":{"blockGraphs":[],"customGraphs":[],"default":{"data":{"Article":[],"Course":[],"Dataset":[],"FAQPage":[],"Movie":[],"Person":[],"Product":[],"ProductReview":[],"Car":[],"Recipe":[],"Service":[],"SoftwareApplication":[],"WebPage":[]},"graphName":"","isEnabled":true},"graphs":[],"defaultGraph":"","defaultPostTypeGraph":""},"schema_type":null,"schema_type_options":null,"pillar_content":false,"robots_default":true,"robots_noindex":false,"robots_noarchive":false,"robots_nosnippet":false,"robots_nofollow":false,"robots_noimageindex":false,"robots_noodp":false,"robots_notranslate":false,"robots_max_snippet":null,"robots_max_videopreview":null,"robots_max_imagepreview":"large","priority":null,"frequency":null,"location":null,"local_seo":null,"breadcrumb_settings":null,"limit_modified_date":false,"ai":null,"created":"2021-02-01 22:54:08","updated":"2025-10-02 12:03:47","seo_analyzer_scan_date":null,"focus_keyword":null,"additional_keywords":null,"truseo_locale":null},"aioseo_breadcrumb":"<div class=\"aioseo-breadcrumbs\"><span class=\"aioseo-breadcrumb\">\n\t\t\t<a href=\"https:\/\/allasorias.hu\/hirek\" title=\"Home\">Home<\/a>\n\t\t<\/span><span class=\"aioseo-breadcrumb-separator\">&raquo;<\/span><span class=\"aioseo-breadcrumb\">\n\t\t\t<a href=\"https:\/\/allasorias.hu\/hirek\/temak\/munkaeropiac\/\" title=\"Munkaer\u0151piac\">Munkaer\u0151piac<\/a>\n\t\t<\/span><span class=\"aioseo-breadcrumb-separator\">&raquo;<\/span><span class=\"aioseo-breadcrumb\">\n\t\t\tN\u00e9metorsz\u00e1gban cs\u00f6kken a munkaid\u0151\n\t\t<\/span><\/div>","aioseo_breadcrumb_json":[{"label":"Home","link":"https:\/\/allasorias.hu\/hirek"},{"label":"Munkaer\u0151piac","link":"https:\/\/allasorias.hu\/hirek\/temak\/munkaeropiac\/"},{"label":"N\u00e9metorsz\u00e1gban cs\u00f6kken a munkaid\u0151","link":"https:\/\/allasorias.hu\/hirek\/nemetorszagban-csokken-a-munkaido\/"}],"_links":{"self":[{"href":"https:\/\/allasorias.hu\/hirek\/wp-json\/wp\/v2\/posts\/3374","targetHints":{"allow":["GET"]}}],"collection":[{"href":"https:\/\/allasorias.hu\/hirek\/wp-json\/wp\/v2\/posts"}],"about":[{"href":"https:\/\/allasorias.hu\/hirek\/wp-json\/wp\/v2\/types\/post"}],"author":[{"embeddable":true,"href":"https:\/\/allasorias.hu\/hirek\/wp-json\/wp\/v2\/users\/1"}],"replies":[{"embeddable":true,"href":"https:\/\/allasorias.hu\/hirek\/wp-json\/wp\/v2\/comments?post=3374"}],"version-history":[{"count":1,"href":"https:\/\/allasorias.hu\/hirek\/wp-json\/wp\/v2\/posts\/3374\/revisions"}],"predecessor-version":[{"id":3375,"href":"https:\/\/allasorias.hu\/hirek\/wp-json\/wp\/v2\/posts\/3374\/revisions\/3375"}],"wp:featuredmedia":[{"embeddable":true,"href":"https:\/\/allasorias.hu\/hirek\/wp-json\/wp\/v2\/media\/2304"}],"wp:attachment":[{"href":"https:\/\/allasorias.hu\/hirek\/wp-json\/wp\/v2\/media?parent=3374"}],"wp:term":[{"taxonomy":"category","embeddable":true,"href":"https:\/\/allasorias.hu\/hirek\/wp-json\/wp\/v2\/categories?post=3374"},{"taxonomy":"post_tag","embeddable":true,"href":"https:\/\/allasorias.hu\/hirek\/wp-json\/wp\/v2\/tags?post=3374"}],"curies":[{"name":"wp","href":"https:\/\/api.w.org\/{rel}","templated":true}]}}