{"id":3372,"date":"2019-10-09T08:39:58","date_gmt":"2019-10-09T08:39:58","guid":{"rendered":"https:\/\/allasorias.hu\/hirek\/?p=3372"},"modified":"2019-10-09T08:39:58","modified_gmt":"2019-10-09T08:39:58","slug":"tobb-mint-200-ezren-hianyoznak-a-munkaeropiacrol","status":"publish","type":"post","link":"https:\/\/allasorias.hu\/hirek\/tobb-mint-200-ezren-hianyoznak-a-munkaeropiacrol\/","title":{"rendered":"T\u00f6bb mint 200-ezren hi\u00e1nyoznak a munkaer\u0151piacr\u00f3l"},"content":{"rendered":"<p>Rolek Ferenc, a Munkaad\u00f3k \u00e9s Gy\u00e1riparosok Orsz\u00e1gos Sz\u00f6vets\u00e9g\u00e9nek (MGYOSZ) eln\u00f6ke szerint 200-250 ezer ember hi\u00e1nyzik a munkaer\u0151piacr\u00f3l, legal\u00e1bbis ennyit \u00e9rz\u00e9kelnek a tagszervezeteken, tagv\u00e1llalatokon kereszt\u00fcl. A Vil\u00e1ggazdas\u00e1gnak adott interj\u00faj\u00e1ban azt mondta, pontosabb adatokra nem is lehet t\u00e1maszkodni, mert a K\u00f6zponti Statisztikai Hivatal csak az \u00fcres \u00e1ll\u00e1shelyeket gy\u0171jti, amiket \u201ea munkaad\u00f3k vagy bejelentenek, vagy nem\u201d.<\/p>\n<p>Enn\u00e9l azonban fontosabbnak tartja, hogy a hi\u00e1ny miatt milyen fejleszt\u00e9sek nem val\u00f3sulnak meg a c\u00e9gekn\u00e9l. Egyre t\u00f6bben gondolkodnak \u00fagy, hogy beruh\u00e1zn\u00e1nak, piaci ig\u00e9ny is lenne r\u00e1, de v\u00e9g\u00fcl elhalasztj\u00e1k, mert a fejleszt\u00e9ssel l\u00e9trej\u00f6v\u0151 poz\u00edci\u00f3kat nem tudj\u00e1k kivel felt\u00f6lteni. Ett\u0151l f\u00fcggetlen\u00fcl a magyar gazdas\u00e1g j\u00f3l teljes\u00edt, de ett\u0151l csak jobban n\u00f6vekszik a munkaer\u0151ig\u00e9ny. A munkaer\u0151 hazai k\u00edn\u00e1lata viszont sz\u0171k\u00fcl \u2013 f\u0151leg demogr\u00e1fiai okokb\u00f3l \u2013, amivel p\u00e1rhuzamosan n\u0151 a munkaer\u0151hi\u00e1ny is. Ez sajnos a magyar t\u00e1rsadalomba van k\u00f3dolva a k\u00f6vetkez\u0151 h\u00fasz-huszon\u00f6t \u00e9vre, \u00e9s ha a gazdas\u00e1g fejl\u0151d\u00e9s\u00e9ben nem lesz nagy t\u00f6r\u00e9s, \u00fagy egy\u00fctt kell \u00e9ln\u00fcnk vele. Szerinte \u00fagy lehetne m\u00e9gis jav\u00edtani a helyzeten, ha a korm\u00e1ny differenci\u00e1ltabb beruh\u00e1z\u00e1st\u00e1mogat\u00e1si politik\u00e1t folytatna, \u00e9s \u00faj munkahelyek teremt\u00e9se helyett ink\u00e1bb a hat\u00e9konys\u00e1g n\u00f6vel\u00e9s\u00e9re koncentr\u00e1lna. \u201eBe kell l\u00e1tni, hogy t\u00f6bb munkahelyre m\u00e1r nem igaz\u00e1n van sz\u00fcks\u00e9g, \u00fagysincs kivel bet\u00f6lteni. \u00daj munkahelyek l\u00e9trehoz\u00e1s\u00e1t csak a nagy hozz\u00e1adott \u00e9rt\u00e9ket el\u0151\u00e1ll\u00edt\u00f3, relat\u00edve kisebb l\u00e9tsz\u00e1mig\u00e9ny\u0171 \u00e1gazatokban kellene \u00e1llami \u00e9s uni\u00f3s forr\u00e1sokb\u00f3l seg\u00edteni. Ez persze nem azt jelenti, hogy amelyik \u00e1gazatban nagy a munkaer\u0151ig\u00e9ny, ott nincs helye a t\u00e1mogat\u00e1snak, csak nem az \u00faj kapacit\u00e1sok megteremt\u00e9s\u00e9re, hanem a hat\u00e9konys\u00e1g n\u00f6vel\u00e9s\u00e9re kellene koncentr\u00e1lni.\u201d<\/p>\n<p>Forr\u00e1s: 444.hu<\/p>\n","protected":false},"excerpt":{"rendered":"<p>Rolek Ferenc, a Munkaad\u00f3k \u00e9s Gy\u00e1riparosok Orsz\u00e1gos Sz\u00f6vets\u00e9g\u00e9nek (MGYOSZ) eln\u00f6ke szerint 200-250 ezer ember hi\u00e1nyzik a munkaer\u0151piacr\u00f3l, legal\u00e1bbis ennyit \u00e9rz\u00e9kelnek a tagszervezeteken, tagv\u00e1llalatokon kereszt\u00fcl. A Vil\u00e1ggazdas\u00e1gnak adott interj\u00faj\u00e1ban azt mondta, pontosabb adatokra nem is lehet t\u00e1maszkodni, mert a K\u00f6zponti Statisztikai Hivatal csak az \u00fcres \u00e1ll\u00e1shelyeket gy\u0171jti, amiket \u201ea munkaad\u00f3k vagy bejelentenek, vagy nem\u201d. Enn\u00e9l azonban [&hellip;]<\/p>\n","protected":false},"author":1,"featured_media":2248,"comment_status":"open","ping_status":"open","sticky":false,"template":"","format":"standard","meta":{"_monsterinsights_skip_tracking":false,"footnotes":""},"categories":[200],"tags":[],"class_list":["post-3372","post","type-post","status-publish","format-standard","has-post-thumbnail","hentry","category-munkaeropiac"],"aioseo_notices":[],"aioseo_head":"\n\t\t<!-- All in One SEO 5.0.0.1 - aioseo.com -->\n\t<meta name=\"description\" content=\"Rolek Ferenc, a Munkaad\u00f3k \u00e9s Gy\u00e1riparosok Orsz\u00e1gos Sz\u00f6vets\u00e9g\u00e9nek (MGYOSZ) eln\u00f6ke szerint 200-250 ezer ember hi\u00e1nyzik a munkaer\u0151piacr\u00f3l, legal\u00e1bbis ennyit \u00e9rz\u00e9kelnek a tagszervezeteken, tagv\u00e1llalatokon kereszt\u00fcl. A Vil\u00e1ggazdas\u00e1gnak adott interj\u00faj\u00e1ban azt mondta, pontosabb adatokra nem is lehet t\u00e1maszkodni, mert a K\u00f6zponti Statisztikai Hivatal csak az \u00fcres \u00e1ll\u00e1shelyeket gy\u0171jti, amiket \u201ea munkaad\u00f3k vagy bejelentenek, vagy nem\u201d. Enn\u00e9l azonban\" \/>\n\t<meta name=\"robots\" content=\"max-image-preview:large\" \/>\n\t<meta name=\"author\" content=\"Juh\u00e1sz P\u00e9ter\"\/>\n\t<link rel=\"canonical\" href=\"https:\/\/allasorias.hu\/hirek\/tobb-mint-200-ezren-hianyoznak-a-munkaeropiacrol\/\" \/>\n\t<meta name=\"generator\" content=\"All in One SEO (AIOSEO) 5.0.0.1\" \/>\n\t\t<meta property=\"og:locale\" content=\"hu_HU\" \/>\n\t\t<meta property=\"og:site_name\" content=\"AllasOrias.hu | H\u00edrek-lapszemle | \u00dczleti h\u00edrek az \u00e1ll\u00e1s \u00e9s a munka vil\u00e1g\u00e1b\u00f3l\" \/>\n\t\t<meta property=\"og:type\" content=\"article\" \/>\n\t\t<meta property=\"og:title\" content=\"T\u00f6bb mint 200-ezren hi\u00e1nyoznak a munkaer\u0151piacr\u00f3l | AllasOrias.hu | H\u00edrek-lapszemle\" \/>\n\t\t<meta property=\"og:description\" content=\"Rolek Ferenc, a Munkaad\u00f3k \u00e9s Gy\u00e1riparosok Orsz\u00e1gos Sz\u00f6vets\u00e9g\u00e9nek (MGYOSZ) eln\u00f6ke szerint 200-250 ezer ember hi\u00e1nyzik a munkaer\u0151piacr\u00f3l, legal\u00e1bbis ennyit \u00e9rz\u00e9kelnek a tagszervezeteken, tagv\u00e1llalatokon kereszt\u00fcl. A Vil\u00e1ggazdas\u00e1gnak adott interj\u00faj\u00e1ban azt mondta, pontosabb adatokra nem is lehet t\u00e1maszkodni, mert a K\u00f6zponti Statisztikai Hivatal csak az \u00fcres \u00e1ll\u00e1shelyeket gy\u0171jti, amiket \u201ea munkaad\u00f3k vagy bejelentenek, vagy nem\u201d. Enn\u00e9l azonban\" \/>\n\t\t<meta property=\"og:url\" content=\"https:\/\/allasorias.hu\/hirek\/tobb-mint-200-ezren-hianyoznak-a-munkaeropiacrol\/\" \/>\n\t\t<meta property=\"og:image\" content=\"https:\/\/allasorias.hu\/hirek\/wp-content\/uploads\/2018\/11\/lead_560w-1.jpg\" \/>\n\t\t<meta property=\"og:image:secure_url\" content=\"https:\/\/allasorias.hu\/hirek\/wp-content\/uploads\/2018\/11\/lead_560w-1.jpg\" \/>\n\t\t<meta property=\"og:image:width\" content=\"560\" \/>\n\t\t<meta property=\"og:image:height\" content=\"420\" \/>\n\t\t<meta property=\"article:published_time\" content=\"2019-10-09T08:39:58+00:00\" \/>\n\t\t<meta property=\"article:modified_time\" content=\"2019-10-09T08:39:58+00:00\" \/>\n\t\t<meta property=\"article:publisher\" content=\"https:\/\/www.facebook.com\/allasorias\" \/>\n\t\t<meta name=\"twitter:card\" content=\"summary_large_image\" \/>\n\t\t<meta name=\"twitter:title\" content=\"T\u00f6bb mint 200-ezren hi\u00e1nyoznak a munkaer\u0151piacr\u00f3l | AllasOrias.hu | H\u00edrek-lapszemle\" \/>\n\t\t<meta name=\"twitter:description\" content=\"Rolek Ferenc, a Munkaad\u00f3k \u00e9s Gy\u00e1riparosok Orsz\u00e1gos Sz\u00f6vets\u00e9g\u00e9nek (MGYOSZ) eln\u00f6ke szerint 200-250 ezer ember hi\u00e1nyzik a munkaer\u0151piacr\u00f3l, legal\u00e1bbis ennyit \u00e9rz\u00e9kelnek a tagszervezeteken, tagv\u00e1llalatokon kereszt\u00fcl. A Vil\u00e1ggazdas\u00e1gnak adott interj\u00faj\u00e1ban azt mondta, pontosabb adatokra nem is lehet t\u00e1maszkodni, mert a K\u00f6zponti Statisztikai Hivatal csak az \u00fcres \u00e1ll\u00e1shelyeket gy\u0171jti, amiket \u201ea munkaad\u00f3k vagy bejelentenek, vagy nem\u201d. Enn\u00e9l azonban\" \/>\n\t\t<meta name=\"twitter:image\" content=\"https:\/\/allasorias.hu\/hirek\/wp-content\/uploads\/2018\/11\/lead_560w-1.jpg\" \/>\n\t\t<meta name=\"twitter:label1\" content=\"Written by\" \/>\n\t\t<meta name=\"twitter:data1\" content=\"Juh\u00e1sz P\u00e9ter\" \/>\n\t\t<meta name=\"twitter:label2\" content=\"Est. reading time\" \/>\n\t\t<meta name=\"twitter:data2\" content=\"2 minutes\" \/>\n\t\t<script type=\"application\/ld+json\" class=\"aioseo-schema\">\n\t\t\t{\"@context\":\"https:\\\/\\\/schema.org\",\"@graph\":[{\"@type\":\"Article\",\"@id\":\"https:\\\/\\\/allasorias.hu\\\/hirek\\\/tobb-mint-200-ezren-hianyoznak-a-munkaeropiacrol\\\/#article\",\"name\":\"T\\u00f6bb mint 200-ezren hi\\u00e1nyoznak a munkaer\\u0151piacr\\u00f3l | AllasOrias.hu | H\\u00edrek-lapszemle\",\"headline\":\"T\\u00f6bb mint 200-ezren hi\\u00e1nyoznak a munkaer\\u0151piacr\\u00f3l\",\"author\":{\"@id\":\"https:\\\/\\\/allasorias.hu\\\/hirek\\\/author\\\/admin-allasorias\\\/#author\"},\"publisher\":{\"@id\":\"https:\\\/\\\/allasorias.hu\\\/hirek\\\/#organization\"},\"image\":{\"@type\":\"ImageObject\",\"url\":\"https:\\\/\\\/allasorias.hu\\\/hirek\\\/wp-content\\\/uploads\\\/2018\\\/11\\\/lead_560w-1.jpg\",\"width\":560,\"height\":420},\"datePublished\":\"2019-10-09T08:39:58+02:00\",\"dateModified\":\"2019-10-09T08:39:58+02:00\",\"inLanguage\":\"hu-HU\",\"mainEntityOfPage\":{\"@id\":\"https:\\\/\\\/allasorias.hu\\\/hirek\\\/tobb-mint-200-ezren-hianyoznak-a-munkaeropiacrol\\\/#webpage\"},\"isPartOf\":{\"@id\":\"https:\\\/\\\/allasorias.hu\\\/hirek\\\/tobb-mint-200-ezren-hianyoznak-a-munkaeropiacrol\\\/#webpage\"},\"articleSection\":\"Munkaer\\u0151piac\"},{\"@type\":\"BreadcrumbList\",\"@id\":\"https:\\\/\\\/allasorias.hu\\\/hirek\\\/tobb-mint-200-ezren-hianyoznak-a-munkaeropiacrol\\\/#breadcrumblist\",\"itemListElement\":[{\"@type\":\"ListItem\",\"@id\":\"https:\\\/\\\/allasorias.hu\\\/hirek#listItem\",\"position\":1,\"name\":\"Home\",\"item\":\"https:\\\/\\\/allasorias.hu\\\/hirek\",\"nextItem\":{\"@type\":\"ListItem\",\"@id\":\"https:\\\/\\\/allasorias.hu\\\/hirek\\\/temak\\\/munkaeropiac\\\/#listItem\",\"name\":\"Munkaer\\u0151piac\"}},{\"@type\":\"ListItem\",\"@id\":\"https:\\\/\\\/allasorias.hu\\\/hirek\\\/temak\\\/munkaeropiac\\\/#listItem\",\"position\":2,\"name\":\"Munkaer\\u0151piac\",\"item\":\"https:\\\/\\\/allasorias.hu\\\/hirek\\\/temak\\\/munkaeropiac\\\/\",\"nextItem\":{\"@type\":\"ListItem\",\"@id\":\"https:\\\/\\\/allasorias.hu\\\/hirek\\\/tobb-mint-200-ezren-hianyoznak-a-munkaeropiacrol\\\/#listItem\",\"name\":\"T\\u00f6bb mint 200-ezren hi\\u00e1nyoznak a munkaer\\u0151piacr\\u00f3l\"},\"previousItem\":{\"@type\":\"ListItem\",\"@id\":\"https:\\\/\\\/allasorias.hu\\\/hirek#listItem\",\"name\":\"Home\"}},{\"@type\":\"ListItem\",\"@id\":\"https:\\\/\\\/allasorias.hu\\\/hirek\\\/tobb-mint-200-ezren-hianyoznak-a-munkaeropiacrol\\\/#listItem\",\"position\":3,\"name\":\"T\\u00f6bb mint 200-ezren hi\\u00e1nyoznak a munkaer\\u0151piacr\\u00f3l\",\"previousItem\":{\"@type\":\"ListItem\",\"@id\":\"https:\\\/\\\/allasorias.hu\\\/hirek\\\/temak\\\/munkaeropiac\\\/#listItem\",\"name\":\"Munkaer\\u0151piac\"}}]},{\"@type\":\"Organization\",\"@id\":\"https:\\\/\\\/allasorias.hu\\\/hirek\\\/#organization\",\"name\":\"AllasOrias.hu | H\\u00edrek-lapszemle\",\"description\":\"\\u00dczleti h\\u00edrek az \\u00e1ll\\u00e1s \\u00e9s a munka vil\\u00e1g\\u00e1b\\u00f3l\",\"url\":\"https:\\\/\\\/allasorias.hu\\\/hirek\\\/\",\"logo\":{\"@type\":\"ImageObject\",\"url\":\"https:\\\/\\\/allasorias.hu\\\/hirek\\\/wp-content\\\/uploads\\\/2022\\\/10\\\/allasorias_site_facebok_logo.png\",\"@id\":\"https:\\\/\\\/allasorias.hu\\\/hirek\\\/tobb-mint-200-ezren-hianyoznak-a-munkaeropiacrol\\\/#organizationLogo\"},\"image\":{\"@id\":\"https:\\\/\\\/allasorias.hu\\\/hirek\\\/tobb-mint-200-ezren-hianyoznak-a-munkaeropiacrol\\\/#organizationLogo\"},\"sameAs\":[\"https:\\\/\\\/www.facebook.com\\\/allasorias\",\"https:\\\/\\\/www.linkedin.com\\\/company\\\/allasorias\"]},{\"@type\":\"Person\",\"@id\":\"https:\\\/\\\/allasorias.hu\\\/hirek\\\/author\\\/admin-allasorias\\\/#author\",\"url\":\"https:\\\/\\\/allasorias.hu\\\/hirek\\\/author\\\/admin-allasorias\\\/\",\"name\":\"Juh\\u00e1sz P\\u00e9ter\",\"image\":{\"@type\":\"ImageObject\",\"@id\":\"https:\\\/\\\/allasorias.hu\\\/hirek\\\/tobb-mint-200-ezren-hianyoznak-a-munkaeropiacrol\\\/#authorImage\",\"url\":\"https:\\\/\\\/secure.gravatar.com\\\/avatar\\\/36e6bcb83148978b992977cb0f54d22feb0cce8a0a849a9410532bb2623ba4c6?s=96&d=mm&r=g\",\"width\":96,\"height\":96,\"caption\":\"Juh\\u00e1sz P\\u00e9ter\"}},{\"@type\":\"WebPage\",\"@id\":\"https:\\\/\\\/allasorias.hu\\\/hirek\\\/tobb-mint-200-ezren-hianyoznak-a-munkaeropiacrol\\\/#webpage\",\"url\":\"https:\\\/\\\/allasorias.hu\\\/hirek\\\/tobb-mint-200-ezren-hianyoznak-a-munkaeropiacrol\\\/\",\"name\":\"T\\u00f6bb mint 200-ezren hi\\u00e1nyoznak a munkaer\\u0151piacr\\u00f3l | AllasOrias.hu | H\\u00edrek-lapszemle\",\"description\":\"Rolek Ferenc, a Munkaad\\u00f3k \\u00e9s Gy\\u00e1riparosok Orsz\\u00e1gos Sz\\u00f6vets\\u00e9g\\u00e9nek (MGYOSZ) eln\\u00f6ke szerint 200-250 ezer ember hi\\u00e1nyzik a munkaer\\u0151piacr\\u00f3l, legal\\u00e1bbis ennyit \\u00e9rz\\u00e9kelnek a tagszervezeteken, tagv\\u00e1llalatokon kereszt\\u00fcl. A Vil\\u00e1ggazdas\\u00e1gnak adott interj\\u00faj\\u00e1ban azt mondta, pontosabb adatokra nem is lehet t\\u00e1maszkodni, mert a K\\u00f6zponti Statisztikai Hivatal csak az \\u00fcres \\u00e1ll\\u00e1shelyeket gy\\u0171jti, amiket \\u201ea munkaad\\u00f3k vagy bejelentenek, vagy nem\\u201d. Enn\\u00e9l azonban\",\"inLanguage\":\"hu-HU\",\"isPartOf\":{\"@id\":\"https:\\\/\\\/allasorias.hu\\\/hirek\\\/#website\"},\"breadcrumb\":{\"@id\":\"https:\\\/\\\/allasorias.hu\\\/hirek\\\/tobb-mint-200-ezren-hianyoznak-a-munkaeropiacrol\\\/#breadcrumblist\"},\"author\":{\"@id\":\"https:\\\/\\\/allasorias.hu\\\/hirek\\\/author\\\/admin-allasorias\\\/#author\"},\"creator\":{\"@id\":\"https:\\\/\\\/allasorias.hu\\\/hirek\\\/author\\\/admin-allasorias\\\/#author\"},\"image\":{\"@type\":\"ImageObject\",\"url\":\"https:\\\/\\\/allasorias.hu\\\/hirek\\\/wp-content\\\/uploads\\\/2018\\\/11\\\/lead_560w-1.jpg\",\"@id\":\"https:\\\/\\\/allasorias.hu\\\/hirek\\\/tobb-mint-200-ezren-hianyoznak-a-munkaeropiacrol\\\/#mainImage\",\"width\":560,\"height\":420},\"primaryImageOfPage\":{\"@id\":\"https:\\\/\\\/allasorias.hu\\\/hirek\\\/tobb-mint-200-ezren-hianyoznak-a-munkaeropiacrol\\\/#mainImage\"},\"datePublished\":\"2019-10-09T08:39:58+02:00\",\"dateModified\":\"2019-10-09T08:39:58+02:00\"},{\"@type\":\"WebSite\",\"@id\":\"https:\\\/\\\/allasorias.hu\\\/hirek\\\/#website\",\"url\":\"https:\\\/\\\/allasorias.hu\\\/hirek\\\/\",\"name\":\"AllasOrias.hu | H\\u00edrek-lapszemle\",\"description\":\"\\u00dczleti h\\u00edrek az \\u00e1ll\\u00e1s \\u00e9s a munka vil\\u00e1g\\u00e1b\\u00f3l\",\"inLanguage\":\"hu-HU\",\"publisher\":{\"@id\":\"https:\\\/\\\/allasorias.hu\\\/hirek\\\/#organization\"}}]}\n\t\t<\/script>\n\t\t<!-- All in One SEO -->\n\n","aioseo_head_json":{"title":"T\u00f6bb mint 200-ezren hi\u00e1nyoznak a munkaer\u0151piacr\u00f3l | AllasOrias.hu | H\u00edrek-lapszemle","description":"Rolek Ferenc, a Munkaad\u00f3k \u00e9s Gy\u00e1riparosok Orsz\u00e1gos Sz\u00f6vets\u00e9g\u00e9nek (MGYOSZ) eln\u00f6ke szerint 200-250 ezer ember hi\u00e1nyzik a munkaer\u0151piacr\u00f3l, legal\u00e1bbis ennyit \u00e9rz\u00e9kelnek a tagszervezeteken, tagv\u00e1llalatokon kereszt\u00fcl. A Vil\u00e1ggazdas\u00e1gnak adott interj\u00faj\u00e1ban azt mondta, pontosabb adatokra nem is lehet t\u00e1maszkodni, mert a K\u00f6zponti Statisztikai Hivatal csak az \u00fcres \u00e1ll\u00e1shelyeket gy\u0171jti, amiket \u201ea munkaad\u00f3k vagy bejelentenek, vagy nem\u201d. Enn\u00e9l azonban","canonical_url":"https:\/\/allasorias.hu\/hirek\/tobb-mint-200-ezren-hianyoznak-a-munkaeropiacrol\/","robots":"max-image-preview:large","keywords":"","webmasterTools":{"miscellaneous":""},"schema":{"@context":"https:\/\/schema.org","@graph":[{"@type":"Article","@id":"https:\/\/allasorias.hu\/hirek\/tobb-mint-200-ezren-hianyoznak-a-munkaeropiacrol\/#article","name":"T\u00f6bb mint 200-ezren hi\u00e1nyoznak a munkaer\u0151piacr\u00f3l | AllasOrias.hu | H\u00edrek-lapszemle","headline":"T\u00f6bb mint 200-ezren hi\u00e1nyoznak a munkaer\u0151piacr\u00f3l","author":{"@id":"https:\/\/allasorias.hu\/hirek\/author\/admin-allasorias\/#author"},"publisher":{"@id":"https:\/\/allasorias.hu\/hirek\/#organization"},"image":{"@type":"ImageObject","url":"https:\/\/allasorias.hu\/hirek\/wp-content\/uploads\/2018\/11\/lead_560w-1.jpg","width":560,"height":420},"datePublished":"2019-10-09T08:39:58+02:00","dateModified":"2019-10-09T08:39:58+02:00","inLanguage":"hu-HU","mainEntityOfPage":{"@id":"https:\/\/allasorias.hu\/hirek\/tobb-mint-200-ezren-hianyoznak-a-munkaeropiacrol\/#webpage"},"isPartOf":{"@id":"https:\/\/allasorias.hu\/hirek\/tobb-mint-200-ezren-hianyoznak-a-munkaeropiacrol\/#webpage"},"articleSection":"Munkaer\u0151piac"},{"@type":"BreadcrumbList","@id":"https:\/\/allasorias.hu\/hirek\/tobb-mint-200-ezren-hianyoznak-a-munkaeropiacrol\/#breadcrumblist","itemListElement":[{"@type":"ListItem","@id":"https:\/\/allasorias.hu\/hirek#listItem","position":1,"name":"Home","item":"https:\/\/allasorias.hu\/hirek","nextItem":{"@type":"ListItem","@id":"https:\/\/allasorias.hu\/hirek\/temak\/munkaeropiac\/#listItem","name":"Munkaer\u0151piac"}},{"@type":"ListItem","@id":"https:\/\/allasorias.hu\/hirek\/temak\/munkaeropiac\/#listItem","position":2,"name":"Munkaer\u0151piac","item":"https:\/\/allasorias.hu\/hirek\/temak\/munkaeropiac\/","nextItem":{"@type":"ListItem","@id":"https:\/\/allasorias.hu\/hirek\/tobb-mint-200-ezren-hianyoznak-a-munkaeropiacrol\/#listItem","name":"T\u00f6bb mint 200-ezren hi\u00e1nyoznak a munkaer\u0151piacr\u00f3l"},"previousItem":{"@type":"ListItem","@id":"https:\/\/allasorias.hu\/hirek#listItem","name":"Home"}},{"@type":"ListItem","@id":"https:\/\/allasorias.hu\/hirek\/tobb-mint-200-ezren-hianyoznak-a-munkaeropiacrol\/#listItem","position":3,"name":"T\u00f6bb mint 200-ezren hi\u00e1nyoznak a munkaer\u0151piacr\u00f3l","previousItem":{"@type":"ListItem","@id":"https:\/\/allasorias.hu\/hirek\/temak\/munkaeropiac\/#listItem","name":"Munkaer\u0151piac"}}]},{"@type":"Organization","@id":"https:\/\/allasorias.hu\/hirek\/#organization","name":"AllasOrias.hu | H\u00edrek-lapszemle","description":"\u00dczleti h\u00edrek az \u00e1ll\u00e1s \u00e9s a munka vil\u00e1g\u00e1b\u00f3l","url":"https:\/\/allasorias.hu\/hirek\/","logo":{"@type":"ImageObject","url":"https:\/\/allasorias.hu\/hirek\/wp-content\/uploads\/2022\/10\/allasorias_site_facebok_logo.png","@id":"https:\/\/allasorias.hu\/hirek\/tobb-mint-200-ezren-hianyoznak-a-munkaeropiacrol\/#organizationLogo"},"image":{"@id":"https:\/\/allasorias.hu\/hirek\/tobb-mint-200-ezren-hianyoznak-a-munkaeropiacrol\/#organizationLogo"},"sameAs":["https:\/\/www.facebook.com\/allasorias","https:\/\/www.linkedin.com\/company\/allasorias"]},{"@type":"Person","@id":"https:\/\/allasorias.hu\/hirek\/author\/admin-allasorias\/#author","url":"https:\/\/allasorias.hu\/hirek\/author\/admin-allasorias\/","name":"Juh\u00e1sz P\u00e9ter","image":{"@type":"ImageObject","@id":"https:\/\/allasorias.hu\/hirek\/tobb-mint-200-ezren-hianyoznak-a-munkaeropiacrol\/#authorImage","url":"https:\/\/secure.gravatar.com\/avatar\/36e6bcb83148978b992977cb0f54d22feb0cce8a0a849a9410532bb2623ba4c6?s=96&d=mm&r=g","width":96,"height":96,"caption":"Juh\u00e1sz P\u00e9ter"}},{"@type":"WebPage","@id":"https:\/\/allasorias.hu\/hirek\/tobb-mint-200-ezren-hianyoznak-a-munkaeropiacrol\/#webpage","url":"https:\/\/allasorias.hu\/hirek\/tobb-mint-200-ezren-hianyoznak-a-munkaeropiacrol\/","name":"T\u00f6bb mint 200-ezren hi\u00e1nyoznak a munkaer\u0151piacr\u00f3l | AllasOrias.hu | H\u00edrek-lapszemle","description":"Rolek Ferenc, a Munkaad\u00f3k \u00e9s Gy\u00e1riparosok Orsz\u00e1gos Sz\u00f6vets\u00e9g\u00e9nek (MGYOSZ) eln\u00f6ke szerint 200-250 ezer ember hi\u00e1nyzik a munkaer\u0151piacr\u00f3l, legal\u00e1bbis ennyit \u00e9rz\u00e9kelnek a tagszervezeteken, tagv\u00e1llalatokon kereszt\u00fcl. A Vil\u00e1ggazdas\u00e1gnak adott interj\u00faj\u00e1ban azt mondta, pontosabb adatokra nem is lehet t\u00e1maszkodni, mert a K\u00f6zponti Statisztikai Hivatal csak az \u00fcres \u00e1ll\u00e1shelyeket gy\u0171jti, amiket \u201ea munkaad\u00f3k vagy bejelentenek, vagy nem\u201d. Enn\u00e9l azonban","inLanguage":"hu-HU","isPartOf":{"@id":"https:\/\/allasorias.hu\/hirek\/#website"},"breadcrumb":{"@id":"https:\/\/allasorias.hu\/hirek\/tobb-mint-200-ezren-hianyoznak-a-munkaeropiacrol\/#breadcrumblist"},"author":{"@id":"https:\/\/allasorias.hu\/hirek\/author\/admin-allasorias\/#author"},"creator":{"@id":"https:\/\/allasorias.hu\/hirek\/author\/admin-allasorias\/#author"},"image":{"@type":"ImageObject","url":"https:\/\/allasorias.hu\/hirek\/wp-content\/uploads\/2018\/11\/lead_560w-1.jpg","@id":"https:\/\/allasorias.hu\/hirek\/tobb-mint-200-ezren-hianyoznak-a-munkaeropiacrol\/#mainImage","width":560,"height":420},"primaryImageOfPage":{"@id":"https:\/\/allasorias.hu\/hirek\/tobb-mint-200-ezren-hianyoznak-a-munkaeropiacrol\/#mainImage"},"datePublished":"2019-10-09T08:39:58+02:00","dateModified":"2019-10-09T08:39:58+02:00"},{"@type":"WebSite","@id":"https:\/\/allasorias.hu\/hirek\/#website","url":"https:\/\/allasorias.hu\/hirek\/","name":"AllasOrias.hu | H\u00edrek-lapszemle","description":"\u00dczleti h\u00edrek az \u00e1ll\u00e1s \u00e9s a munka vil\u00e1g\u00e1b\u00f3l","inLanguage":"hu-HU","publisher":{"@id":"https:\/\/allasorias.hu\/hirek\/#organization"}}]},"og:locale":"hu_HU","og:site_name":"AllasOrias.hu | H\u00edrek-lapszemle | \u00dczleti h\u00edrek az \u00e1ll\u00e1s \u00e9s a munka vil\u00e1g\u00e1b\u00f3l","og:type":"article","og:title":"T\u00f6bb mint 200-ezren hi\u00e1nyoznak a munkaer\u0151piacr\u00f3l | AllasOrias.hu | H\u00edrek-lapszemle","og:description":"Rolek Ferenc, a Munkaad\u00f3k \u00e9s Gy\u00e1riparosok Orsz\u00e1gos Sz\u00f6vets\u00e9g\u00e9nek (MGYOSZ) eln\u00f6ke szerint 200-250 ezer ember hi\u00e1nyzik a munkaer\u0151piacr\u00f3l, legal\u00e1bbis ennyit \u00e9rz\u00e9kelnek a tagszervezeteken, tagv\u00e1llalatokon kereszt\u00fcl. A Vil\u00e1ggazdas\u00e1gnak adott interj\u00faj\u00e1ban azt mondta, pontosabb adatokra nem is lehet t\u00e1maszkodni, mert a K\u00f6zponti Statisztikai Hivatal csak az \u00fcres \u00e1ll\u00e1shelyeket gy\u0171jti, amiket \u201ea munkaad\u00f3k vagy bejelentenek, vagy nem\u201d. Enn\u00e9l azonban","og:url":"https:\/\/allasorias.hu\/hirek\/tobb-mint-200-ezren-hianyoznak-a-munkaeropiacrol\/","og:image":"https:\/\/allasorias.hu\/hirek\/wp-content\/uploads\/2018\/11\/lead_560w-1.jpg","og:image:secure_url":"https:\/\/allasorias.hu\/hirek\/wp-content\/uploads\/2018\/11\/lead_560w-1.jpg","og:image:width":560,"og:image:height":420,"article:published_time":"2019-10-09T08:39:58+00:00","article:modified_time":"2019-10-09T08:39:58+00:00","article:publisher":"https:\/\/www.facebook.com\/allasorias","twitter:card":"summary_large_image","twitter:title":"T\u00f6bb mint 200-ezren hi\u00e1nyoznak a munkaer\u0151piacr\u00f3l | AllasOrias.hu | H\u00edrek-lapszemle","twitter:description":"Rolek Ferenc, a Munkaad\u00f3k \u00e9s Gy\u00e1riparosok Orsz\u00e1gos Sz\u00f6vets\u00e9g\u00e9nek (MGYOSZ) eln\u00f6ke szerint 200-250 ezer ember hi\u00e1nyzik a munkaer\u0151piacr\u00f3l, legal\u00e1bbis ennyit \u00e9rz\u00e9kelnek a tagszervezeteken, tagv\u00e1llalatokon kereszt\u00fcl. A Vil\u00e1ggazdas\u00e1gnak adott interj\u00faj\u00e1ban azt mondta, pontosabb adatokra nem is lehet t\u00e1maszkodni, mert a K\u00f6zponti Statisztikai Hivatal csak az \u00fcres \u00e1ll\u00e1shelyeket gy\u0171jti, amiket \u201ea munkaad\u00f3k vagy bejelentenek, vagy nem\u201d. Enn\u00e9l azonban","twitter:image":"https:\/\/allasorias.hu\/hirek\/wp-content\/uploads\/2018\/11\/lead_560w-1.jpg","twitter:label1":"Written by","twitter:data1":"Juh\u00e1sz P\u00e9ter","twitter:label2":"Est. reading time","twitter:data2":"2 minutes"},"aioseo_meta_data":{"post_id":"3372","title":null,"description":null,"keywords":null,"keyphrases":null,"primary_term":null,"canonical_url":null,"og_title":null,"og_description":null,"og_object_type":"default","og_image_type":"default","og_image_url":null,"og_image_width":null,"og_image_height":null,"og_image_custom_url":null,"og_image_custom_fields":null,"og_video":null,"og_custom_url":null,"og_article_section":null,"og_article_tags":null,"twitter_use_og":false,"twitter_card":"default","twitter_image_type":"default","twitter_image_url":null,"twitter_image_custom_url":null,"twitter_image_custom_fields":null,"twitter_title":null,"twitter_description":null,"schema":{"blockGraphs":[],"customGraphs":[],"default":{"data":{"Article":[],"Course":[],"Dataset":[],"FAQPage":[],"Movie":[],"Person":[],"Product":[],"ProductReview":[],"Car":[],"Recipe":[],"Service":[],"SoftwareApplication":[],"WebPage":[]},"graphName":"","isEnabled":true},"graphs":[],"defaultGraph":"","defaultPostTypeGraph":""},"schema_type":null,"schema_type_options":null,"pillar_content":false,"robots_default":true,"robots_noindex":false,"robots_noarchive":false,"robots_nosnippet":false,"robots_nofollow":false,"robots_noimageindex":false,"robots_noodp":false,"robots_notranslate":false,"robots_max_snippet":null,"robots_max_videopreview":null,"robots_max_imagepreview":"large","priority":null,"frequency":null,"location":null,"local_seo":null,"breadcrumb_settings":null,"limit_modified_date":false,"ai":null,"created":"2021-02-01 22:54:08","updated":"2025-10-02 12:03:47","seo_analyzer_scan_date":null,"focus_keyword":null,"additional_keywords":null,"truseo_locale":null},"aioseo_breadcrumb":"<div class=\"aioseo-breadcrumbs\"><span class=\"aioseo-breadcrumb\">\n\t\t\t<a href=\"https:\/\/allasorias.hu\/hirek\" title=\"Home\">Home<\/a>\n\t\t<\/span><span class=\"aioseo-breadcrumb-separator\">&raquo;<\/span><span class=\"aioseo-breadcrumb\">\n\t\t\t<a href=\"https:\/\/allasorias.hu\/hirek\/temak\/munkaeropiac\/\" title=\"Munkaer\u0151piac\">Munkaer\u0151piac<\/a>\n\t\t<\/span><span class=\"aioseo-breadcrumb-separator\">&raquo;<\/span><span class=\"aioseo-breadcrumb\">\n\t\t\tT\u00f6bb mint 200-ezren hi\u00e1nyoznak a munkaer\u0151piacr\u00f3l\n\t\t<\/span><\/div>","aioseo_breadcrumb_json":[{"label":"Home","link":"https:\/\/allasorias.hu\/hirek"},{"label":"Munkaer\u0151piac","link":"https:\/\/allasorias.hu\/hirek\/temak\/munkaeropiac\/"},{"label":"T\u00f6bb mint 200-ezren hi\u00e1nyoznak a munkaer\u0151piacr\u00f3l","link":"https:\/\/allasorias.hu\/hirek\/tobb-mint-200-ezren-hianyoznak-a-munkaeropiacrol\/"}],"_links":{"self":[{"href":"https:\/\/allasorias.hu\/hirek\/wp-json\/wp\/v2\/posts\/3372","targetHints":{"allow":["GET"]}}],"collection":[{"href":"https:\/\/allasorias.hu\/hirek\/wp-json\/wp\/v2\/posts"}],"about":[{"href":"https:\/\/allasorias.hu\/hirek\/wp-json\/wp\/v2\/types\/post"}],"author":[{"embeddable":true,"href":"https:\/\/allasorias.hu\/hirek\/wp-json\/wp\/v2\/users\/1"}],"replies":[{"embeddable":true,"href":"https:\/\/allasorias.hu\/hirek\/wp-json\/wp\/v2\/comments?post=3372"}],"version-history":[{"count":1,"href":"https:\/\/allasorias.hu\/hirek\/wp-json\/wp\/v2\/posts\/3372\/revisions"}],"predecessor-version":[{"id":3373,"href":"https:\/\/allasorias.hu\/hirek\/wp-json\/wp\/v2\/posts\/3372\/revisions\/3373"}],"wp:featuredmedia":[{"embeddable":true,"href":"https:\/\/allasorias.hu\/hirek\/wp-json\/wp\/v2\/media\/2248"}],"wp:attachment":[{"href":"https:\/\/allasorias.hu\/hirek\/wp-json\/wp\/v2\/media?parent=3372"}],"wp:term":[{"taxonomy":"category","embeddable":true,"href":"https:\/\/allasorias.hu\/hirek\/wp-json\/wp\/v2\/categories?post=3372"},{"taxonomy":"post_tag","embeddable":true,"href":"https:\/\/allasorias.hu\/hirek\/wp-json\/wp\/v2\/tags?post=3372"}],"curies":[{"name":"wp","href":"https:\/\/api.w.org\/{rel}","templated":true}]}}