{"id":3365,"date":"2019-10-07T12:30:31","date_gmt":"2019-10-07T12:30:31","guid":{"rendered":"https:\/\/allasorias.hu\/hirek\/?p=3365"},"modified":"2019-10-07T12:30:31","modified_gmt":"2019-10-07T12:30:31","slug":"megvaltozott-munkakepesseg-valtozatlan-teljesitmeny","status":"publish","type":"post","link":"https:\/\/allasorias.hu\/hirek\/megvaltozott-munkakepesseg-valtozatlan-teljesitmeny\/","title":{"rendered":"Megv\u00e1ltozott munkak\u00e9pess\u00e9g \u2013 v\u00e1ltozatlan teljes\u00edtm\u00e9ny"},"content":{"rendered":"<p><strong>A nyugd\u00edjasok \u00e9s a di\u00e1kok mellett a megv\u00e1ltozott munkak\u00e9pess\u00e9g\u0171 emberek foglalkoztat\u00e1sa is orvosolhatja a legt\u00f6bb ter\u00fcleten a munkaer\u0151hi\u00e1nyt, \u00e1m a v\u00e1llalatok jelent\u0151s r\u00e9sze tart az alkalmaz\u00e1sukt\u00f3l \u2013 der\u00fcl ki a Prohuman HR-szolg\u00e1ltat\u00f3 k\u00f6zlem\u00e9ny\u00e9b\u0151l.<\/strong><\/p>\n<p>A c\u00e9gek t\u00e1vols\u00e1gtart\u00e1s\u00e1t ugyanakkor nem a megv\u00e1ltozott munkak\u00e9pess\u00e9g\u0171ek v\u00e1rhat\u00f3 teljes\u00edtm\u00e9nye okozza, hanem jellemz\u0151en a munkak\u00f6ri \u00e9s v\u00e1llalati integr\u00e1ci\u00f3val kapcsolatos tan\u00e1cstalans\u00e1g. El\u0151fordulhat p\u00e9ld\u00e1ul, hogy az adott munkak\u00f6rt \u00e1t kell szervezni a megv\u00e1ltozott munkak\u00e9pess\u00e9g\u0171 dolgoz\u00f3 speci\u00e1lis ig\u00e9nyei miatt, ennek ellen\u00e9re kedvez\u0151k a tapasztalatok. Ezt igazolja, hogy \u00e9vr\u0151l \u00e9vre egyre t\u00f6bb megv\u00e1ltozott munkak\u00e9pess\u00e9g\u0171 \u00e1ll ism\u00e9t munk\u00e1ba, ami az \u00e9letmin\u0151s\u00e9g\u00e9re \u00e9s a csapatmunk\u00e1ra is kedvez\u0151en hat. Az eg\u00e9szs\u00e9gk\u00e1rosod\u00e1st, a fogyat\u00e9koss\u00e1got hat\u00f3s\u00e1gi elj\u00e1r\u00e1sban \u00e1llap\u00edtj\u00e1k meg, a munkaer\u0151piaci szempontok figyelembev\u00e9tel\u00e9vel. Sz\u00e1mos ok hozz\u00e1j\u00e1rulhat a megv\u00e1ltozott munkak\u00e9pess\u00e9ghez, bele\u00e9rtve a sz\u00edv- \u00e9s \u00e9rrendszeri, em\u00e9szt\u0151rendszeri, l\u00e9gz\u0151- \u00e9s mozg\u00e1sszervi, pszichi\u00e1triai betegs\u00e9geket, de egy s\u00falyosan asztm\u00e1s is beletartozhat ebbe a k\u00f6rbe. A megv\u00e1ltozott munkak\u00e9pess\u00e9g\u0171eknek \u00e9vente \u00f6t nap p\u00f3tszabads\u00e1g j\u00e1r. Foglalkoztat\u00e1suk ut\u00e1n sz\u00e1mos ad\u00f3- \u00e9s j\u00e1rul\u00e9kkedvezm\u00e9nyt vehet ig\u00e9nybe a munk\u00e1ltat\u00f3, emellett uni\u00f3s t\u00e1mogat\u00e1sokra is p\u00e1ly\u00e1zhat. A dolgoz\u00f3t ugyanakkor csak olyan munk\u00e1ra lehet alkalmazni, ami nem j\u00e1rhat h\u00e1tr\u00e1nyos k\u00f6vetkezm\u00e9nyekkel az eg\u00e9szs\u00e9gi \u00e1llapot\u00e1ra.<\/p>\n<p>Forr\u00e1s: magyarnemzet.hu<\/p>\n","protected":false},"excerpt":{"rendered":"<p>A nyugd\u00edjasok \u00e9s a di\u00e1kok mellett a megv\u00e1ltozott munkak\u00e9pess\u00e9g\u0171 emberek foglalkoztat\u00e1sa is orvosolhatja a legt\u00f6bb ter\u00fcleten a munkaer\u0151hi\u00e1nyt, \u00e1m a v\u00e1llalatok jelent\u0151s r\u00e9sze tart az alkalmaz\u00e1sukt\u00f3l \u2013 der\u00fcl ki a Prohuman HR-szolg\u00e1ltat\u00f3 k\u00f6zlem\u00e9ny\u00e9b\u0151l. A c\u00e9gek t\u00e1vols\u00e1gtart\u00e1s\u00e1t ugyanakkor nem a megv\u00e1ltozott munkak\u00e9pess\u00e9g\u0171ek v\u00e1rhat\u00f3 teljes\u00edtm\u00e9nye okozza, hanem jellemz\u0151en a munkak\u00f6ri \u00e9s v\u00e1llalati integr\u00e1ci\u00f3val kapcsolatos tan\u00e1cstalans\u00e1g. El\u0151fordulhat p\u00e9ld\u00e1ul, [&hellip;]<\/p>\n","protected":false},"author":1,"featured_media":2263,"comment_status":"open","ping_status":"open","sticky":false,"template":"","format":"standard","meta":{"_monsterinsights_skip_tracking":false,"footnotes":""},"categories":[200],"tags":[],"class_list":["post-3365","post","type-post","status-publish","format-standard","has-post-thumbnail","hentry","category-munkaeropiac"],"aioseo_notices":[],"aioseo_head":"\n\t\t<!-- All in One SEO 5.0.0.1 - aioseo.com -->\n\t<meta name=\"description\" content=\"A nyugd\u00edjasok \u00e9s a di\u00e1kok mellett a megv\u00e1ltozott munkak\u00e9pess\u00e9g\u0171 emberek foglalkoztat\u00e1sa is orvosolhatja a legt\u00f6bb ter\u00fcleten a munkaer\u0151hi\u00e1nyt, \u00e1m a v\u00e1llalatok jelent\u0151s r\u00e9sze tart az alkalmaz\u00e1sukt\u00f3l \u2013 der\u00fcl ki a Prohuman HR-szolg\u00e1ltat\u00f3 k\u00f6zlem\u00e9ny\u00e9b\u0151l. A c\u00e9gek t\u00e1vols\u00e1gtart\u00e1s\u00e1t ugyanakkor nem a megv\u00e1ltozott munkak\u00e9pess\u00e9g\u0171ek v\u00e1rhat\u00f3 teljes\u00edtm\u00e9nye okozza, hanem jellemz\u0151en a munkak\u00f6ri \u00e9s v\u00e1llalati integr\u00e1ci\u00f3val kapcsolatos tan\u00e1cstalans\u00e1g. El\u0151fordulhat p\u00e9ld\u00e1ul,\" \/>\n\t<meta name=\"robots\" content=\"max-image-preview:large\" \/>\n\t<meta name=\"author\" content=\"Juh\u00e1sz P\u00e9ter\"\/>\n\t<link rel=\"canonical\" href=\"https:\/\/allasorias.hu\/hirek\/megvaltozott-munkakepesseg-valtozatlan-teljesitmeny\/\" \/>\n\t<meta name=\"generator\" content=\"All in One SEO (AIOSEO) 5.0.0.1\" \/>\n\t\t<meta property=\"og:locale\" content=\"hu_HU\" \/>\n\t\t<meta property=\"og:site_name\" content=\"AllasOrias.hu | H\u00edrek-lapszemle | \u00dczleti h\u00edrek az \u00e1ll\u00e1s \u00e9s a munka vil\u00e1g\u00e1b\u00f3l\" \/>\n\t\t<meta property=\"og:type\" content=\"article\" \/>\n\t\t<meta property=\"og:title\" content=\"Megv\u00e1ltozott munkak\u00e9pess\u00e9g \u2013 v\u00e1ltozatlan teljes\u00edtm\u00e9ny | AllasOrias.hu | H\u00edrek-lapszemle\" \/>\n\t\t<meta property=\"og:description\" content=\"A nyugd\u00edjasok \u00e9s a di\u00e1kok mellett a megv\u00e1ltozott munkak\u00e9pess\u00e9g\u0171 emberek foglalkoztat\u00e1sa is orvosolhatja a legt\u00f6bb ter\u00fcleten a munkaer\u0151hi\u00e1nyt, \u00e1m a v\u00e1llalatok jelent\u0151s r\u00e9sze tart az alkalmaz\u00e1sukt\u00f3l \u2013 der\u00fcl ki a Prohuman HR-szolg\u00e1ltat\u00f3 k\u00f6zlem\u00e9ny\u00e9b\u0151l. A c\u00e9gek t\u00e1vols\u00e1gtart\u00e1s\u00e1t ugyanakkor nem a megv\u00e1ltozott munkak\u00e9pess\u00e9g\u0171ek v\u00e1rhat\u00f3 teljes\u00edtm\u00e9nye okozza, hanem jellemz\u0151en a munkak\u00f6ri \u00e9s v\u00e1llalati integr\u00e1ci\u00f3val kapcsolatos tan\u00e1cstalans\u00e1g. El\u0151fordulhat p\u00e9ld\u00e1ul,\" \/>\n\t\t<meta property=\"og:url\" content=\"https:\/\/allasorias.hu\/hirek\/megvaltozott-munkakepesseg-valtozatlan-teljesitmeny\/\" \/>\n\t\t<meta property=\"og:image\" content=\"https:\/\/allasorias.hu\/hirek\/wp-content\/uploads\/2018\/12\/disabled-2199122_640.jpg\" \/>\n\t\t<meta property=\"og:image:secure_url\" content=\"https:\/\/allasorias.hu\/hirek\/wp-content\/uploads\/2018\/12\/disabled-2199122_640.jpg\" \/>\n\t\t<meta property=\"og:image:width\" content=\"640\" \/>\n\t\t<meta property=\"og:image:height\" content=\"425\" \/>\n\t\t<meta property=\"article:published_time\" content=\"2019-10-07T12:30:31+00:00\" \/>\n\t\t<meta property=\"article:modified_time\" content=\"2019-10-07T12:30:31+00:00\" \/>\n\t\t<meta property=\"article:publisher\" content=\"https:\/\/www.facebook.com\/allasorias\" \/>\n\t\t<meta name=\"twitter:card\" content=\"summary_large_image\" \/>\n\t\t<meta name=\"twitter:title\" content=\"Megv\u00e1ltozott munkak\u00e9pess\u00e9g \u2013 v\u00e1ltozatlan teljes\u00edtm\u00e9ny | AllasOrias.hu | H\u00edrek-lapszemle\" \/>\n\t\t<meta name=\"twitter:description\" content=\"A nyugd\u00edjasok \u00e9s a di\u00e1kok mellett a megv\u00e1ltozott munkak\u00e9pess\u00e9g\u0171 emberek foglalkoztat\u00e1sa is orvosolhatja a legt\u00f6bb ter\u00fcleten a munkaer\u0151hi\u00e1nyt, \u00e1m a v\u00e1llalatok jelent\u0151s r\u00e9sze tart az alkalmaz\u00e1sukt\u00f3l \u2013 der\u00fcl ki a Prohuman HR-szolg\u00e1ltat\u00f3 k\u00f6zlem\u00e9ny\u00e9b\u0151l. A c\u00e9gek t\u00e1vols\u00e1gtart\u00e1s\u00e1t ugyanakkor nem a megv\u00e1ltozott munkak\u00e9pess\u00e9g\u0171ek v\u00e1rhat\u00f3 teljes\u00edtm\u00e9nye okozza, hanem jellemz\u0151en a munkak\u00f6ri \u00e9s v\u00e1llalati integr\u00e1ci\u00f3val kapcsolatos tan\u00e1cstalans\u00e1g. El\u0151fordulhat p\u00e9ld\u00e1ul,\" \/>\n\t\t<meta name=\"twitter:image\" content=\"https:\/\/allasorias.hu\/hirek\/wp-content\/uploads\/2018\/12\/disabled-2199122_640.jpg\" \/>\n\t\t<meta name=\"twitter:label1\" content=\"Written by\" \/>\n\t\t<meta name=\"twitter:data1\" content=\"Juh\u00e1sz P\u00e9ter\" \/>\n\t\t<meta name=\"twitter:label2\" content=\"Est. reading time\" \/>\n\t\t<meta name=\"twitter:data2\" content=\"2 minutes\" \/>\n\t\t<script type=\"application\/ld+json\" class=\"aioseo-schema\">\n\t\t\t{\"@context\":\"https:\\\/\\\/schema.org\",\"@graph\":[{\"@type\":\"Article\",\"@id\":\"https:\\\/\\\/allasorias.hu\\\/hirek\\\/megvaltozott-munkakepesseg-valtozatlan-teljesitmeny\\\/#article\",\"name\":\"Megv\\u00e1ltozott munkak\\u00e9pess\\u00e9g \\u2013 v\\u00e1ltozatlan teljes\\u00edtm\\u00e9ny | AllasOrias.hu | H\\u00edrek-lapszemle\",\"headline\":\"Megv\\u00e1ltozott munkak\\u00e9pess\\u00e9g \\u2013 v\\u00e1ltozatlan teljes\\u00edtm\\u00e9ny\",\"author\":{\"@id\":\"https:\\\/\\\/allasorias.hu\\\/hirek\\\/author\\\/admin-allasorias\\\/#author\"},\"publisher\":{\"@id\":\"https:\\\/\\\/allasorias.hu\\\/hirek\\\/#organization\"},\"image\":{\"@type\":\"ImageObject\",\"url\":\"https:\\\/\\\/allasorias.hu\\\/hirek\\\/wp-content\\\/uploads\\\/2018\\\/12\\\/disabled-2199122_640.jpg\",\"width\":640,\"height\":425},\"datePublished\":\"2019-10-07T12:30:31+02:00\",\"dateModified\":\"2019-10-07T12:30:31+02:00\",\"inLanguage\":\"hu-HU\",\"mainEntityOfPage\":{\"@id\":\"https:\\\/\\\/allasorias.hu\\\/hirek\\\/megvaltozott-munkakepesseg-valtozatlan-teljesitmeny\\\/#webpage\"},\"isPartOf\":{\"@id\":\"https:\\\/\\\/allasorias.hu\\\/hirek\\\/megvaltozott-munkakepesseg-valtozatlan-teljesitmeny\\\/#webpage\"},\"articleSection\":\"Munkaer\\u0151piac\"},{\"@type\":\"BreadcrumbList\",\"@id\":\"https:\\\/\\\/allasorias.hu\\\/hirek\\\/megvaltozott-munkakepesseg-valtozatlan-teljesitmeny\\\/#breadcrumblist\",\"itemListElement\":[{\"@type\":\"ListItem\",\"@id\":\"https:\\\/\\\/allasorias.hu\\\/hirek#listItem\",\"position\":1,\"name\":\"Home\",\"item\":\"https:\\\/\\\/allasorias.hu\\\/hirek\",\"nextItem\":{\"@type\":\"ListItem\",\"@id\":\"https:\\\/\\\/allasorias.hu\\\/hirek\\\/temak\\\/munkaeropiac\\\/#listItem\",\"name\":\"Munkaer\\u0151piac\"}},{\"@type\":\"ListItem\",\"@id\":\"https:\\\/\\\/allasorias.hu\\\/hirek\\\/temak\\\/munkaeropiac\\\/#listItem\",\"position\":2,\"name\":\"Munkaer\\u0151piac\",\"item\":\"https:\\\/\\\/allasorias.hu\\\/hirek\\\/temak\\\/munkaeropiac\\\/\",\"nextItem\":{\"@type\":\"ListItem\",\"@id\":\"https:\\\/\\\/allasorias.hu\\\/hirek\\\/megvaltozott-munkakepesseg-valtozatlan-teljesitmeny\\\/#listItem\",\"name\":\"Megv\\u00e1ltozott munkak\\u00e9pess\\u00e9g \\u2013 v\\u00e1ltozatlan teljes\\u00edtm\\u00e9ny\"},\"previousItem\":{\"@type\":\"ListItem\",\"@id\":\"https:\\\/\\\/allasorias.hu\\\/hirek#listItem\",\"name\":\"Home\"}},{\"@type\":\"ListItem\",\"@id\":\"https:\\\/\\\/allasorias.hu\\\/hirek\\\/megvaltozott-munkakepesseg-valtozatlan-teljesitmeny\\\/#listItem\",\"position\":3,\"name\":\"Megv\\u00e1ltozott munkak\\u00e9pess\\u00e9g \\u2013 v\\u00e1ltozatlan teljes\\u00edtm\\u00e9ny\",\"previousItem\":{\"@type\":\"ListItem\",\"@id\":\"https:\\\/\\\/allasorias.hu\\\/hirek\\\/temak\\\/munkaeropiac\\\/#listItem\",\"name\":\"Munkaer\\u0151piac\"}}]},{\"@type\":\"Organization\",\"@id\":\"https:\\\/\\\/allasorias.hu\\\/hirek\\\/#organization\",\"name\":\"AllasOrias.hu | H\\u00edrek-lapszemle\",\"description\":\"\\u00dczleti h\\u00edrek az \\u00e1ll\\u00e1s \\u00e9s a munka vil\\u00e1g\\u00e1b\\u00f3l\",\"url\":\"https:\\\/\\\/allasorias.hu\\\/hirek\\\/\",\"logo\":{\"@type\":\"ImageObject\",\"url\":\"https:\\\/\\\/allasorias.hu\\\/hirek\\\/wp-content\\\/uploads\\\/2022\\\/10\\\/allasorias_site_facebok_logo.png\",\"@id\":\"https:\\\/\\\/allasorias.hu\\\/hirek\\\/megvaltozott-munkakepesseg-valtozatlan-teljesitmeny\\\/#organizationLogo\"},\"image\":{\"@id\":\"https:\\\/\\\/allasorias.hu\\\/hirek\\\/megvaltozott-munkakepesseg-valtozatlan-teljesitmeny\\\/#organizationLogo\"},\"sameAs\":[\"https:\\\/\\\/www.facebook.com\\\/allasorias\",\"https:\\\/\\\/www.linkedin.com\\\/company\\\/allasorias\"]},{\"@type\":\"Person\",\"@id\":\"https:\\\/\\\/allasorias.hu\\\/hirek\\\/author\\\/admin-allasorias\\\/#author\",\"url\":\"https:\\\/\\\/allasorias.hu\\\/hirek\\\/author\\\/admin-allasorias\\\/\",\"name\":\"Juh\\u00e1sz P\\u00e9ter\",\"image\":{\"@type\":\"ImageObject\",\"@id\":\"https:\\\/\\\/allasorias.hu\\\/hirek\\\/megvaltozott-munkakepesseg-valtozatlan-teljesitmeny\\\/#authorImage\",\"url\":\"https:\\\/\\\/secure.gravatar.com\\\/avatar\\\/36e6bcb83148978b992977cb0f54d22feb0cce8a0a849a9410532bb2623ba4c6?s=96&d=mm&r=g\",\"width\":96,\"height\":96,\"caption\":\"Juh\\u00e1sz P\\u00e9ter\"}},{\"@type\":\"WebPage\",\"@id\":\"https:\\\/\\\/allasorias.hu\\\/hirek\\\/megvaltozott-munkakepesseg-valtozatlan-teljesitmeny\\\/#webpage\",\"url\":\"https:\\\/\\\/allasorias.hu\\\/hirek\\\/megvaltozott-munkakepesseg-valtozatlan-teljesitmeny\\\/\",\"name\":\"Megv\\u00e1ltozott munkak\\u00e9pess\\u00e9g \\u2013 v\\u00e1ltozatlan teljes\\u00edtm\\u00e9ny | AllasOrias.hu | H\\u00edrek-lapszemle\",\"description\":\"A nyugd\\u00edjasok \\u00e9s a di\\u00e1kok mellett a megv\\u00e1ltozott munkak\\u00e9pess\\u00e9g\\u0171 emberek foglalkoztat\\u00e1sa is orvosolhatja a legt\\u00f6bb ter\\u00fcleten a munkaer\\u0151hi\\u00e1nyt, \\u00e1m a v\\u00e1llalatok jelent\\u0151s r\\u00e9sze tart az alkalmaz\\u00e1sukt\\u00f3l \\u2013 der\\u00fcl ki a Prohuman HR-szolg\\u00e1ltat\\u00f3 k\\u00f6zlem\\u00e9ny\\u00e9b\\u0151l. A c\\u00e9gek t\\u00e1vols\\u00e1gtart\\u00e1s\\u00e1t ugyanakkor nem a megv\\u00e1ltozott munkak\\u00e9pess\\u00e9g\\u0171ek v\\u00e1rhat\\u00f3 teljes\\u00edtm\\u00e9nye okozza, hanem jellemz\\u0151en a munkak\\u00f6ri \\u00e9s v\\u00e1llalati integr\\u00e1ci\\u00f3val kapcsolatos tan\\u00e1cstalans\\u00e1g. El\\u0151fordulhat p\\u00e9ld\\u00e1ul,\",\"inLanguage\":\"hu-HU\",\"isPartOf\":{\"@id\":\"https:\\\/\\\/allasorias.hu\\\/hirek\\\/#website\"},\"breadcrumb\":{\"@id\":\"https:\\\/\\\/allasorias.hu\\\/hirek\\\/megvaltozott-munkakepesseg-valtozatlan-teljesitmeny\\\/#breadcrumblist\"},\"author\":{\"@id\":\"https:\\\/\\\/allasorias.hu\\\/hirek\\\/author\\\/admin-allasorias\\\/#author\"},\"creator\":{\"@id\":\"https:\\\/\\\/allasorias.hu\\\/hirek\\\/author\\\/admin-allasorias\\\/#author\"},\"image\":{\"@type\":\"ImageObject\",\"url\":\"https:\\\/\\\/allasorias.hu\\\/hirek\\\/wp-content\\\/uploads\\\/2018\\\/12\\\/disabled-2199122_640.jpg\",\"@id\":\"https:\\\/\\\/allasorias.hu\\\/hirek\\\/megvaltozott-munkakepesseg-valtozatlan-teljesitmeny\\\/#mainImage\",\"width\":640,\"height\":425},\"primaryImageOfPage\":{\"@id\":\"https:\\\/\\\/allasorias.hu\\\/hirek\\\/megvaltozott-munkakepesseg-valtozatlan-teljesitmeny\\\/#mainImage\"},\"datePublished\":\"2019-10-07T12:30:31+02:00\",\"dateModified\":\"2019-10-07T12:30:31+02:00\"},{\"@type\":\"WebSite\",\"@id\":\"https:\\\/\\\/allasorias.hu\\\/hirek\\\/#website\",\"url\":\"https:\\\/\\\/allasorias.hu\\\/hirek\\\/\",\"name\":\"AllasOrias.hu | H\\u00edrek-lapszemle\",\"description\":\"\\u00dczleti h\\u00edrek az \\u00e1ll\\u00e1s \\u00e9s a munka vil\\u00e1g\\u00e1b\\u00f3l\",\"inLanguage\":\"hu-HU\",\"publisher\":{\"@id\":\"https:\\\/\\\/allasorias.hu\\\/hirek\\\/#organization\"}}]}\n\t\t<\/script>\n\t\t<!-- All in One SEO -->\n\n","aioseo_head_json":{"title":"Megv\u00e1ltozott munkak\u00e9pess\u00e9g \u2013 v\u00e1ltozatlan teljes\u00edtm\u00e9ny | AllasOrias.hu | H\u00edrek-lapszemle","description":"A nyugd\u00edjasok \u00e9s a di\u00e1kok mellett a megv\u00e1ltozott munkak\u00e9pess\u00e9g\u0171 emberek foglalkoztat\u00e1sa is orvosolhatja a legt\u00f6bb ter\u00fcleten a munkaer\u0151hi\u00e1nyt, \u00e1m a v\u00e1llalatok jelent\u0151s r\u00e9sze tart az alkalmaz\u00e1sukt\u00f3l \u2013 der\u00fcl ki a Prohuman HR-szolg\u00e1ltat\u00f3 k\u00f6zlem\u00e9ny\u00e9b\u0151l. A c\u00e9gek t\u00e1vols\u00e1gtart\u00e1s\u00e1t ugyanakkor nem a megv\u00e1ltozott munkak\u00e9pess\u00e9g\u0171ek v\u00e1rhat\u00f3 teljes\u00edtm\u00e9nye okozza, hanem jellemz\u0151en a munkak\u00f6ri \u00e9s v\u00e1llalati integr\u00e1ci\u00f3val kapcsolatos tan\u00e1cstalans\u00e1g. El\u0151fordulhat p\u00e9ld\u00e1ul,","canonical_url":"https:\/\/allasorias.hu\/hirek\/megvaltozott-munkakepesseg-valtozatlan-teljesitmeny\/","robots":"max-image-preview:large","keywords":"","webmasterTools":{"miscellaneous":""},"schema":{"@context":"https:\/\/schema.org","@graph":[{"@type":"Article","@id":"https:\/\/allasorias.hu\/hirek\/megvaltozott-munkakepesseg-valtozatlan-teljesitmeny\/#article","name":"Megv\u00e1ltozott munkak\u00e9pess\u00e9g \u2013 v\u00e1ltozatlan teljes\u00edtm\u00e9ny | AllasOrias.hu | H\u00edrek-lapszemle","headline":"Megv\u00e1ltozott munkak\u00e9pess\u00e9g \u2013 v\u00e1ltozatlan teljes\u00edtm\u00e9ny","author":{"@id":"https:\/\/allasorias.hu\/hirek\/author\/admin-allasorias\/#author"},"publisher":{"@id":"https:\/\/allasorias.hu\/hirek\/#organization"},"image":{"@type":"ImageObject","url":"https:\/\/allasorias.hu\/hirek\/wp-content\/uploads\/2018\/12\/disabled-2199122_640.jpg","width":640,"height":425},"datePublished":"2019-10-07T12:30:31+02:00","dateModified":"2019-10-07T12:30:31+02:00","inLanguage":"hu-HU","mainEntityOfPage":{"@id":"https:\/\/allasorias.hu\/hirek\/megvaltozott-munkakepesseg-valtozatlan-teljesitmeny\/#webpage"},"isPartOf":{"@id":"https:\/\/allasorias.hu\/hirek\/megvaltozott-munkakepesseg-valtozatlan-teljesitmeny\/#webpage"},"articleSection":"Munkaer\u0151piac"},{"@type":"BreadcrumbList","@id":"https:\/\/allasorias.hu\/hirek\/megvaltozott-munkakepesseg-valtozatlan-teljesitmeny\/#breadcrumblist","itemListElement":[{"@type":"ListItem","@id":"https:\/\/allasorias.hu\/hirek#listItem","position":1,"name":"Home","item":"https:\/\/allasorias.hu\/hirek","nextItem":{"@type":"ListItem","@id":"https:\/\/allasorias.hu\/hirek\/temak\/munkaeropiac\/#listItem","name":"Munkaer\u0151piac"}},{"@type":"ListItem","@id":"https:\/\/allasorias.hu\/hirek\/temak\/munkaeropiac\/#listItem","position":2,"name":"Munkaer\u0151piac","item":"https:\/\/allasorias.hu\/hirek\/temak\/munkaeropiac\/","nextItem":{"@type":"ListItem","@id":"https:\/\/allasorias.hu\/hirek\/megvaltozott-munkakepesseg-valtozatlan-teljesitmeny\/#listItem","name":"Megv\u00e1ltozott munkak\u00e9pess\u00e9g \u2013 v\u00e1ltozatlan teljes\u00edtm\u00e9ny"},"previousItem":{"@type":"ListItem","@id":"https:\/\/allasorias.hu\/hirek#listItem","name":"Home"}},{"@type":"ListItem","@id":"https:\/\/allasorias.hu\/hirek\/megvaltozott-munkakepesseg-valtozatlan-teljesitmeny\/#listItem","position":3,"name":"Megv\u00e1ltozott munkak\u00e9pess\u00e9g \u2013 v\u00e1ltozatlan teljes\u00edtm\u00e9ny","previousItem":{"@type":"ListItem","@id":"https:\/\/allasorias.hu\/hirek\/temak\/munkaeropiac\/#listItem","name":"Munkaer\u0151piac"}}]},{"@type":"Organization","@id":"https:\/\/allasorias.hu\/hirek\/#organization","name":"AllasOrias.hu | H\u00edrek-lapszemle","description":"\u00dczleti h\u00edrek az \u00e1ll\u00e1s \u00e9s a munka vil\u00e1g\u00e1b\u00f3l","url":"https:\/\/allasorias.hu\/hirek\/","logo":{"@type":"ImageObject","url":"https:\/\/allasorias.hu\/hirek\/wp-content\/uploads\/2022\/10\/allasorias_site_facebok_logo.png","@id":"https:\/\/allasorias.hu\/hirek\/megvaltozott-munkakepesseg-valtozatlan-teljesitmeny\/#organizationLogo"},"image":{"@id":"https:\/\/allasorias.hu\/hirek\/megvaltozott-munkakepesseg-valtozatlan-teljesitmeny\/#organizationLogo"},"sameAs":["https:\/\/www.facebook.com\/allasorias","https:\/\/www.linkedin.com\/company\/allasorias"]},{"@type":"Person","@id":"https:\/\/allasorias.hu\/hirek\/author\/admin-allasorias\/#author","url":"https:\/\/allasorias.hu\/hirek\/author\/admin-allasorias\/","name":"Juh\u00e1sz P\u00e9ter","image":{"@type":"ImageObject","@id":"https:\/\/allasorias.hu\/hirek\/megvaltozott-munkakepesseg-valtozatlan-teljesitmeny\/#authorImage","url":"https:\/\/secure.gravatar.com\/avatar\/36e6bcb83148978b992977cb0f54d22feb0cce8a0a849a9410532bb2623ba4c6?s=96&d=mm&r=g","width":96,"height":96,"caption":"Juh\u00e1sz P\u00e9ter"}},{"@type":"WebPage","@id":"https:\/\/allasorias.hu\/hirek\/megvaltozott-munkakepesseg-valtozatlan-teljesitmeny\/#webpage","url":"https:\/\/allasorias.hu\/hirek\/megvaltozott-munkakepesseg-valtozatlan-teljesitmeny\/","name":"Megv\u00e1ltozott munkak\u00e9pess\u00e9g \u2013 v\u00e1ltozatlan teljes\u00edtm\u00e9ny | AllasOrias.hu | H\u00edrek-lapszemle","description":"A nyugd\u00edjasok \u00e9s a di\u00e1kok mellett a megv\u00e1ltozott munkak\u00e9pess\u00e9g\u0171 emberek foglalkoztat\u00e1sa is orvosolhatja a legt\u00f6bb ter\u00fcleten a munkaer\u0151hi\u00e1nyt, \u00e1m a v\u00e1llalatok jelent\u0151s r\u00e9sze tart az alkalmaz\u00e1sukt\u00f3l \u2013 der\u00fcl ki a Prohuman HR-szolg\u00e1ltat\u00f3 k\u00f6zlem\u00e9ny\u00e9b\u0151l. A c\u00e9gek t\u00e1vols\u00e1gtart\u00e1s\u00e1t ugyanakkor nem a megv\u00e1ltozott munkak\u00e9pess\u00e9g\u0171ek v\u00e1rhat\u00f3 teljes\u00edtm\u00e9nye okozza, hanem jellemz\u0151en a munkak\u00f6ri \u00e9s v\u00e1llalati integr\u00e1ci\u00f3val kapcsolatos tan\u00e1cstalans\u00e1g. El\u0151fordulhat p\u00e9ld\u00e1ul,","inLanguage":"hu-HU","isPartOf":{"@id":"https:\/\/allasorias.hu\/hirek\/#website"},"breadcrumb":{"@id":"https:\/\/allasorias.hu\/hirek\/megvaltozott-munkakepesseg-valtozatlan-teljesitmeny\/#breadcrumblist"},"author":{"@id":"https:\/\/allasorias.hu\/hirek\/author\/admin-allasorias\/#author"},"creator":{"@id":"https:\/\/allasorias.hu\/hirek\/author\/admin-allasorias\/#author"},"image":{"@type":"ImageObject","url":"https:\/\/allasorias.hu\/hirek\/wp-content\/uploads\/2018\/12\/disabled-2199122_640.jpg","@id":"https:\/\/allasorias.hu\/hirek\/megvaltozott-munkakepesseg-valtozatlan-teljesitmeny\/#mainImage","width":640,"height":425},"primaryImageOfPage":{"@id":"https:\/\/allasorias.hu\/hirek\/megvaltozott-munkakepesseg-valtozatlan-teljesitmeny\/#mainImage"},"datePublished":"2019-10-07T12:30:31+02:00","dateModified":"2019-10-07T12:30:31+02:00"},{"@type":"WebSite","@id":"https:\/\/allasorias.hu\/hirek\/#website","url":"https:\/\/allasorias.hu\/hirek\/","name":"AllasOrias.hu | H\u00edrek-lapszemle","description":"\u00dczleti h\u00edrek az \u00e1ll\u00e1s \u00e9s a munka vil\u00e1g\u00e1b\u00f3l","inLanguage":"hu-HU","publisher":{"@id":"https:\/\/allasorias.hu\/hirek\/#organization"}}]},"og:locale":"hu_HU","og:site_name":"AllasOrias.hu | H\u00edrek-lapszemle | \u00dczleti h\u00edrek az \u00e1ll\u00e1s \u00e9s a munka vil\u00e1g\u00e1b\u00f3l","og:type":"article","og:title":"Megv\u00e1ltozott munkak\u00e9pess\u00e9g \u2013 v\u00e1ltozatlan teljes\u00edtm\u00e9ny | AllasOrias.hu | H\u00edrek-lapszemle","og:description":"A nyugd\u00edjasok \u00e9s a di\u00e1kok mellett a megv\u00e1ltozott munkak\u00e9pess\u00e9g\u0171 emberek foglalkoztat\u00e1sa is orvosolhatja a legt\u00f6bb ter\u00fcleten a munkaer\u0151hi\u00e1nyt, \u00e1m a v\u00e1llalatok jelent\u0151s r\u00e9sze tart az alkalmaz\u00e1sukt\u00f3l \u2013 der\u00fcl ki a Prohuman HR-szolg\u00e1ltat\u00f3 k\u00f6zlem\u00e9ny\u00e9b\u0151l. A c\u00e9gek t\u00e1vols\u00e1gtart\u00e1s\u00e1t ugyanakkor nem a megv\u00e1ltozott munkak\u00e9pess\u00e9g\u0171ek v\u00e1rhat\u00f3 teljes\u00edtm\u00e9nye okozza, hanem jellemz\u0151en a munkak\u00f6ri \u00e9s v\u00e1llalati integr\u00e1ci\u00f3val kapcsolatos tan\u00e1cstalans\u00e1g. El\u0151fordulhat p\u00e9ld\u00e1ul,","og:url":"https:\/\/allasorias.hu\/hirek\/megvaltozott-munkakepesseg-valtozatlan-teljesitmeny\/","og:image":"https:\/\/allasorias.hu\/hirek\/wp-content\/uploads\/2018\/12\/disabled-2199122_640.jpg","og:image:secure_url":"https:\/\/allasorias.hu\/hirek\/wp-content\/uploads\/2018\/12\/disabled-2199122_640.jpg","og:image:width":640,"og:image:height":425,"article:published_time":"2019-10-07T12:30:31+00:00","article:modified_time":"2019-10-07T12:30:31+00:00","article:publisher":"https:\/\/www.facebook.com\/allasorias","twitter:card":"summary_large_image","twitter:title":"Megv\u00e1ltozott munkak\u00e9pess\u00e9g \u2013 v\u00e1ltozatlan teljes\u00edtm\u00e9ny | AllasOrias.hu | H\u00edrek-lapszemle","twitter:description":"A nyugd\u00edjasok \u00e9s a di\u00e1kok mellett a megv\u00e1ltozott munkak\u00e9pess\u00e9g\u0171 emberek foglalkoztat\u00e1sa is orvosolhatja a legt\u00f6bb ter\u00fcleten a munkaer\u0151hi\u00e1nyt, \u00e1m a v\u00e1llalatok jelent\u0151s r\u00e9sze tart az alkalmaz\u00e1sukt\u00f3l \u2013 der\u00fcl ki a Prohuman HR-szolg\u00e1ltat\u00f3 k\u00f6zlem\u00e9ny\u00e9b\u0151l. A c\u00e9gek t\u00e1vols\u00e1gtart\u00e1s\u00e1t ugyanakkor nem a megv\u00e1ltozott munkak\u00e9pess\u00e9g\u0171ek v\u00e1rhat\u00f3 teljes\u00edtm\u00e9nye okozza, hanem jellemz\u0151en a munkak\u00f6ri \u00e9s v\u00e1llalati integr\u00e1ci\u00f3val kapcsolatos tan\u00e1cstalans\u00e1g. El\u0151fordulhat p\u00e9ld\u00e1ul,","twitter:image":"https:\/\/allasorias.hu\/hirek\/wp-content\/uploads\/2018\/12\/disabled-2199122_640.jpg","twitter:label1":"Written by","twitter:data1":"Juh\u00e1sz P\u00e9ter","twitter:label2":"Est. reading time","twitter:data2":"2 minutes"},"aioseo_meta_data":{"post_id":"3365","title":null,"description":null,"keywords":null,"keyphrases":null,"primary_term":null,"canonical_url":null,"og_title":null,"og_description":null,"og_object_type":"default","og_image_type":"default","og_image_url":null,"og_image_width":null,"og_image_height":null,"og_image_custom_url":null,"og_image_custom_fields":null,"og_video":null,"og_custom_url":null,"og_article_section":null,"og_article_tags":null,"twitter_use_og":false,"twitter_card":"default","twitter_image_type":"default","twitter_image_url":null,"twitter_image_custom_url":null,"twitter_image_custom_fields":null,"twitter_title":null,"twitter_description":null,"schema":{"blockGraphs":[],"customGraphs":[],"default":{"data":{"Article":[],"Course":[],"Dataset":[],"FAQPage":[],"Movie":[],"Person":[],"Product":[],"ProductReview":[],"Car":[],"Recipe":[],"Service":[],"SoftwareApplication":[],"WebPage":[]},"graphName":"","isEnabled":true},"graphs":[]},"schema_type":null,"schema_type_options":null,"pillar_content":false,"robots_default":true,"robots_noindex":false,"robots_noarchive":false,"robots_nosnippet":false,"robots_nofollow":false,"robots_noimageindex":false,"robots_noodp":false,"robots_notranslate":false,"robots_max_snippet":null,"robots_max_videopreview":null,"robots_max_imagepreview":"large","priority":null,"frequency":null,"location":null,"local_seo":null,"breadcrumb_settings":null,"limit_modified_date":false,"ai":null,"created":"2021-02-01 22:54:08","updated":"2025-10-02 11:52:53","seo_analyzer_scan_date":null,"focus_keyword":null,"additional_keywords":null,"truseo_locale":null},"aioseo_breadcrumb":"<div class=\"aioseo-breadcrumbs\"><span class=\"aioseo-breadcrumb\">\n\t\t\t<a href=\"https:\/\/allasorias.hu\/hirek\" title=\"Home\">Home<\/a>\n\t\t<\/span><span class=\"aioseo-breadcrumb-separator\">&raquo;<\/span><span class=\"aioseo-breadcrumb\">\n\t\t\t<a href=\"https:\/\/allasorias.hu\/hirek\/temak\/munkaeropiac\/\" title=\"Munkaer\u0151piac\">Munkaer\u0151piac<\/a>\n\t\t<\/span><span class=\"aioseo-breadcrumb-separator\">&raquo;<\/span><span class=\"aioseo-breadcrumb\">\n\t\t\tMegv\u00e1ltozott munkak\u00e9pess\u00e9g \u2013 v\u00e1ltozatlan teljes\u00edtm\u00e9ny\n\t\t<\/span><\/div>","aioseo_breadcrumb_json":[{"label":"Home","link":"https:\/\/allasorias.hu\/hirek"},{"label":"Munkaer\u0151piac","link":"https:\/\/allasorias.hu\/hirek\/temak\/munkaeropiac\/"},{"label":"Megv\u00e1ltozott munkak\u00e9pess\u00e9g \u2013 v\u00e1ltozatlan teljes\u00edtm\u00e9ny","link":"https:\/\/allasorias.hu\/hirek\/megvaltozott-munkakepesseg-valtozatlan-teljesitmeny\/"}],"_links":{"self":[{"href":"https:\/\/allasorias.hu\/hirek\/wp-json\/wp\/v2\/posts\/3365","targetHints":{"allow":["GET"]}}],"collection":[{"href":"https:\/\/allasorias.hu\/hirek\/wp-json\/wp\/v2\/posts"}],"about":[{"href":"https:\/\/allasorias.hu\/hirek\/wp-json\/wp\/v2\/types\/post"}],"author":[{"embeddable":true,"href":"https:\/\/allasorias.hu\/hirek\/wp-json\/wp\/v2\/users\/1"}],"replies":[{"embeddable":true,"href":"https:\/\/allasorias.hu\/hirek\/wp-json\/wp\/v2\/comments?post=3365"}],"version-history":[{"count":1,"href":"https:\/\/allasorias.hu\/hirek\/wp-json\/wp\/v2\/posts\/3365\/revisions"}],"predecessor-version":[{"id":3366,"href":"https:\/\/allasorias.hu\/hirek\/wp-json\/wp\/v2\/posts\/3365\/revisions\/3366"}],"wp:featuredmedia":[{"embeddable":true,"href":"https:\/\/allasorias.hu\/hirek\/wp-json\/wp\/v2\/media\/2263"}],"wp:attachment":[{"href":"https:\/\/allasorias.hu\/hirek\/wp-json\/wp\/v2\/media?parent=3365"}],"wp:term":[{"taxonomy":"category","embeddable":true,"href":"https:\/\/allasorias.hu\/hirek\/wp-json\/wp\/v2\/categories?post=3365"},{"taxonomy":"post_tag","embeddable":true,"href":"https:\/\/allasorias.hu\/hirek\/wp-json\/wp\/v2\/tags?post=3365"}],"curies":[{"name":"wp","href":"https:\/\/api.w.org\/{rel}","templated":true}]}}