{"id":3355,"date":"2019-10-03T08:08:48","date_gmt":"2019-10-03T08:08:48","guid":{"rendered":"https:\/\/allasorias.hu\/hirek\/?p=3355"},"modified":"2019-10-03T08:08:48","modified_gmt":"2019-10-03T08:08:48","slug":"uj-eszkoz-a-munkaero-megtartasara","status":"publish","type":"post","link":"https:\/\/allasorias.hu\/hirek\/uj-eszkoz-a-munkaero-megtartasara\/","title":{"rendered":"\u00daj eszk\u00f6z a munkaer\u0151 megtart\u00e1s\u00e1ra"},"content":{"rendered":"<p><strong>A mesters\u00e9ges intelligencia seg\u00edthet megtartani az \u00e9rt\u00e9kes k\u00e9pzett munkaer\u0151t, nem kell teh\u00e1t f\u00e9lni, \u00a0hogy a robotok majd rengeteg ember munk\u00e1j\u00e1t veszik el a k\u00f6zelj\u00f6v\u0151ben, s\u0151t komplett szakm\u00e1k fognak elt\u0171nni a robotiz\u00e1ci\u00f3, illetve automatiz\u00e1ci\u00f3 miatt. A hasonl\u00f3 j\u00f3slatok pontoss\u00e1ga \u00e9s helyt\u00e1ll\u00f3s\u00e1ga egyel\u0151re k\u00e9rd\u00e9ses. <\/strong><\/p>\n<p>Munkaer\u0151piaci szempontb\u00f3l a c\u00e9gek, v\u00e1llalatok manaps\u00e1g v\u00e9rzivataros id\u0151ket \u00e9lnek, hiszen Magyarorsz\u00e1gon is egyre t\u00f6bb ipar\u00e1gat s\u00fajt a munkaer\u0151hi\u00e1ny. \u00c9ppen ez\u00e9rt a v\u00e1llalkoz\u00e1sok sikeres m\u0171k\u00f6d\u00e9se szempontj\u00e1b\u00f3l kulcsfontoss\u00e1g\u00fa, hogy egyr\u00e9szt cs\u00f6kkents\u00e9k a fluktu\u00e1ci\u00f3t, m\u00e1sr\u00e9szt hossz\u00fa t\u00e1von meg tudj\u00e1k tartani a tehets\u00e9ges, szakk\u00e9pzett munkav\u00e1llal\u00f3ikat. A fentiek miatt a c\u00e9geknek egyre nagyobb hangs\u00falyt kell fektetnie arra, hogy a k\u00ednkeservesen megtal\u00e1lt \u00e9s magukhoz \u00e9desgetett tehets\u00e9gek sz\u00e1m\u00e1ra hossz\u00fa t\u00e1von vonz\u00f3 perspekt\u00edv\u00e1t, illetve munkahelyi k\u00f6r\u00fclm\u00e9nyeket teremtsenek. Ebben jelenthet nagy seg\u00edts\u00e9get a leg\u00fajabb technol\u00f3gia, azon bel\u00fcl is a mesters\u00e9ges intelligencia, mely kiv\u00e1l\u00f3 eszk\u00f6z lehet a munkav\u00e1llal\u00f3i \u00e9lm\u00e9ny fejleszt\u00e9s\u00e9re. \u201eFriss magyarorsz\u00e1gi munkaer\u0151piaci kutat\u00e1sokb\u00f3l kider\u00fcl, hogy a megk\u00e9rdezetteknek mind\u00f6ssze alig k\u00e9t \u00f6t\u00f6de gondolja \u00fagy, hogy jelenlegi munkaad\u00f3ja megfelel\u0151en felk\u00e9sz\u00fclt a munkav\u00e1llal\u00f3i \u00e9lm\u00e9ny fejleszt\u00e9s\u00e9re. Mivel ez f\u0151leg a magasan kvalifik\u00e1lt, fiatal munkav\u00e1llal\u00f3k sz\u00e1m\u00e1ra egyre fontosabb t\u00e9nyez\u0151, azok a v\u00e1llalatok hamar bajba ker\u00fclhetnek, melyek nem tudnak megfelel\u0151en reag\u00e1lni az id\u0151k szav\u00e1ra. Ma m\u00e1r azonban l\u00e9teznek olyan mesters\u00e9ges intelligenci\u00e1n alapul\u00f3 technol\u00f3giai megold\u00e1sok, amelyek seg\u00edthetnek n\u00f6velni a munkav\u00e1llal\u00f3k motiv\u00e1ci\u00f3j\u00e1t, komfort\u00e9rzet\u00e9t \u00e9s elk\u00f6telezetts\u00e9g\u00e9t\u201d \u2013 fogalmazott Laczk\u00f3 G\u00e1bor Stlyers Group c\u00e9gcsoporthoz tartoz\u00f3 Braining Hub IT oktat\u00e1si k\u00f6zpont alap\u00edt\u00f3-tulajdonosa az Internet Hungary konferenci\u00e1n. Ahhoz, hogy egy munkav\u00e1llal\u00f3 megfelel\u0151en motiv\u00e1lt legyen \u00e9s j\u00f3l \u00e9rezze mag\u00e1t a b\u0151r\u00e9ben egy munkahelyen, elengedhetetlen, hogy folyamatos visszajelz\u00e9st kapjon \u00e9s \u0151 maga is folyamatos visszajelz\u00e9st tudjon adni a c\u00e9gn\u00e9l foly\u00f3 munka kapcs\u00e1n. Statisztik\u00e1k szerint a munkav\u00e1llal\u00f3k k\u00f6zel k\u00e9tharmada ig\u00e9nyelne t\u00f6bb visszajelz\u00e9st a munkahely\u00e9n.<\/p>\n<p>Forr\u00e1s: mmonline.hu<\/p>\n","protected":false},"excerpt":{"rendered":"<p>A mesters\u00e9ges intelligencia seg\u00edthet megtartani az \u00e9rt\u00e9kes k\u00e9pzett munkaer\u0151t, nem kell teh\u00e1t f\u00e9lni, \u00a0hogy a robotok majd rengeteg ember munk\u00e1j\u00e1t veszik el a k\u00f6zelj\u00f6v\u0151ben, s\u0151t komplett szakm\u00e1k fognak elt\u0171nni a robotiz\u00e1ci\u00f3, illetve automatiz\u00e1ci\u00f3 miatt. A hasonl\u00f3 j\u00f3slatok pontoss\u00e1ga \u00e9s helyt\u00e1ll\u00f3s\u00e1ga egyel\u0151re k\u00e9rd\u00e9ses. Munkaer\u0151piaci szempontb\u00f3l a c\u00e9gek, v\u00e1llalatok manaps\u00e1g v\u00e9rzivataros id\u0151ket \u00e9lnek, hiszen Magyarorsz\u00e1gon is egyre [&hellip;]<\/p>\n","protected":false},"author":1,"featured_media":2069,"comment_status":"open","ping_status":"open","sticky":false,"template":"","format":"standard","meta":{"_monsterinsights_skip_tracking":false,"footnotes":""},"categories":[200],"tags":[],"class_list":["post-3355","post","type-post","status-publish","format-standard","has-post-thumbnail","hentry","category-munkaeropiac"],"aioseo_notices":[],"aioseo_head":"\n\t\t<!-- All in One SEO 5.0.0.1 - aioseo.com -->\n\t<meta name=\"description\" content=\"A mesters\u00e9ges intelligencia seg\u00edthet megtartani az \u00e9rt\u00e9kes k\u00e9pzett munkaer\u0151t, nem kell teh\u00e1t f\u00e9lni, hogy a robotok majd rengeteg ember munk\u00e1j\u00e1t veszik el a k\u00f6zelj\u00f6v\u0151ben, s\u0151t komplett szakm\u00e1k fognak elt\u0171nni a robotiz\u00e1ci\u00f3, illetve automatiz\u00e1ci\u00f3 miatt. A hasonl\u00f3 j\u00f3slatok pontoss\u00e1ga \u00e9s helyt\u00e1ll\u00f3s\u00e1ga egyel\u0151re k\u00e9rd\u00e9ses. Munkaer\u0151piaci szempontb\u00f3l a c\u00e9gek, v\u00e1llalatok manaps\u00e1g v\u00e9rzivataros id\u0151ket \u00e9lnek, hiszen Magyarorsz\u00e1gon is egyre\" \/>\n\t<meta name=\"robots\" content=\"max-image-preview:large\" \/>\n\t<meta name=\"author\" content=\"Juh\u00e1sz P\u00e9ter\"\/>\n\t<link rel=\"canonical\" href=\"https:\/\/allasorias.hu\/hirek\/uj-eszkoz-a-munkaero-megtartasara\/\" \/>\n\t<meta name=\"generator\" content=\"All in One SEO (AIOSEO) 5.0.0.1\" \/>\n\t\t<meta property=\"og:locale\" content=\"hu_HU\" \/>\n\t\t<meta property=\"og:site_name\" content=\"AllasOrias.hu | H\u00edrek-lapszemle | \u00dczleti h\u00edrek az \u00e1ll\u00e1s \u00e9s a munka vil\u00e1g\u00e1b\u00f3l\" \/>\n\t\t<meta property=\"og:type\" content=\"article\" \/>\n\t\t<meta property=\"og:title\" content=\"\u00daj eszk\u00f6z a munkaer\u0151 megtart\u00e1s\u00e1ra | AllasOrias.hu | H\u00edrek-lapszemle\" \/>\n\t\t<meta property=\"og:description\" content=\"A mesters\u00e9ges intelligencia seg\u00edthet megtartani az \u00e9rt\u00e9kes k\u00e9pzett munkaer\u0151t, nem kell teh\u00e1t f\u00e9lni, hogy a robotok majd rengeteg ember munk\u00e1j\u00e1t veszik el a k\u00f6zelj\u00f6v\u0151ben, s\u0151t komplett szakm\u00e1k fognak elt\u0171nni a robotiz\u00e1ci\u00f3, illetve automatiz\u00e1ci\u00f3 miatt. A hasonl\u00f3 j\u00f3slatok pontoss\u00e1ga \u00e9s helyt\u00e1ll\u00f3s\u00e1ga egyel\u0151re k\u00e9rd\u00e9ses. Munkaer\u0151piaci szempontb\u00f3l a c\u00e9gek, v\u00e1llalatok manaps\u00e1g v\u00e9rzivataros id\u0151ket \u00e9lnek, hiszen Magyarorsz\u00e1gon is egyre\" \/>\n\t\t<meta property=\"og:url\" content=\"https:\/\/allasorias.hu\/hirek\/uj-eszkoz-a-munkaero-megtartasara\/\" \/>\n\t\t<meta property=\"og:image\" content=\"https:\/\/allasorias.hu\/hirek\/wp-content\/uploads\/2018\/11\/robot-507811_640.jpg\" \/>\n\t\t<meta property=\"og:image:secure_url\" content=\"https:\/\/allasorias.hu\/hirek\/wp-content\/uploads\/2018\/11\/robot-507811_640.jpg\" \/>\n\t\t<meta property=\"og:image:width\" content=\"640\" \/>\n\t\t<meta property=\"og:image:height\" content=\"452\" \/>\n\t\t<meta property=\"article:published_time\" content=\"2019-10-03T08:08:48+00:00\" \/>\n\t\t<meta property=\"article:modified_time\" content=\"2019-10-03T08:08:48+00:00\" \/>\n\t\t<meta property=\"article:publisher\" content=\"https:\/\/www.facebook.com\/allasorias\" \/>\n\t\t<meta name=\"twitter:card\" content=\"summary_large_image\" \/>\n\t\t<meta name=\"twitter:title\" content=\"\u00daj eszk\u00f6z a munkaer\u0151 megtart\u00e1s\u00e1ra | AllasOrias.hu | H\u00edrek-lapszemle\" \/>\n\t\t<meta name=\"twitter:description\" content=\"A mesters\u00e9ges intelligencia seg\u00edthet megtartani az \u00e9rt\u00e9kes k\u00e9pzett munkaer\u0151t, nem kell teh\u00e1t f\u00e9lni, hogy a robotok majd rengeteg ember munk\u00e1j\u00e1t veszik el a k\u00f6zelj\u00f6v\u0151ben, s\u0151t komplett szakm\u00e1k fognak elt\u0171nni a robotiz\u00e1ci\u00f3, illetve automatiz\u00e1ci\u00f3 miatt. A hasonl\u00f3 j\u00f3slatok pontoss\u00e1ga \u00e9s helyt\u00e1ll\u00f3s\u00e1ga egyel\u0151re k\u00e9rd\u00e9ses. Munkaer\u0151piaci szempontb\u00f3l a c\u00e9gek, v\u00e1llalatok manaps\u00e1g v\u00e9rzivataros id\u0151ket \u00e9lnek, hiszen Magyarorsz\u00e1gon is egyre\" \/>\n\t\t<meta name=\"twitter:image\" content=\"https:\/\/allasorias.hu\/hirek\/wp-content\/uploads\/2018\/11\/robot-507811_640.jpg\" \/>\n\t\t<meta name=\"twitter:label1\" content=\"Written by\" \/>\n\t\t<meta name=\"twitter:data1\" content=\"Juh\u00e1sz P\u00e9ter\" \/>\n\t\t<meta name=\"twitter:label2\" content=\"Est. reading time\" \/>\n\t\t<meta name=\"twitter:data2\" content=\"2 minutes\" \/>\n\t\t<script type=\"application\/ld+json\" class=\"aioseo-schema\">\n\t\t\t{\"@context\":\"https:\\\/\\\/schema.org\",\"@graph\":[{\"@type\":\"Article\",\"@id\":\"https:\\\/\\\/allasorias.hu\\\/hirek\\\/uj-eszkoz-a-munkaero-megtartasara\\\/#article\",\"name\":\"\\u00daj eszk\\u00f6z a munkaer\\u0151 megtart\\u00e1s\\u00e1ra | AllasOrias.hu | H\\u00edrek-lapszemle\",\"headline\":\"\\u00daj eszk\\u00f6z a munkaer\\u0151 megtart\\u00e1s\\u00e1ra\",\"author\":{\"@id\":\"https:\\\/\\\/allasorias.hu\\\/hirek\\\/author\\\/admin-allasorias\\\/#author\"},\"publisher\":{\"@id\":\"https:\\\/\\\/allasorias.hu\\\/hirek\\\/#organization\"},\"image\":{\"@type\":\"ImageObject\",\"url\":\"https:\\\/\\\/allasorias.hu\\\/hirek\\\/wp-content\\\/uploads\\\/2018\\\/11\\\/robot-507811_640.jpg\",\"width\":640,\"height\":452},\"datePublished\":\"2019-10-03T08:08:48+02:00\",\"dateModified\":\"2019-10-03T08:08:48+02:00\",\"inLanguage\":\"hu-HU\",\"mainEntityOfPage\":{\"@id\":\"https:\\\/\\\/allasorias.hu\\\/hirek\\\/uj-eszkoz-a-munkaero-megtartasara\\\/#webpage\"},\"isPartOf\":{\"@id\":\"https:\\\/\\\/allasorias.hu\\\/hirek\\\/uj-eszkoz-a-munkaero-megtartasara\\\/#webpage\"},\"articleSection\":\"Munkaer\\u0151piac\"},{\"@type\":\"BreadcrumbList\",\"@id\":\"https:\\\/\\\/allasorias.hu\\\/hirek\\\/uj-eszkoz-a-munkaero-megtartasara\\\/#breadcrumblist\",\"itemListElement\":[{\"@type\":\"ListItem\",\"@id\":\"https:\\\/\\\/allasorias.hu\\\/hirek#listItem\",\"position\":1,\"name\":\"Home\",\"item\":\"https:\\\/\\\/allasorias.hu\\\/hirek\",\"nextItem\":{\"@type\":\"ListItem\",\"@id\":\"https:\\\/\\\/allasorias.hu\\\/hirek\\\/temak\\\/munkaeropiac\\\/#listItem\",\"name\":\"Munkaer\\u0151piac\"}},{\"@type\":\"ListItem\",\"@id\":\"https:\\\/\\\/allasorias.hu\\\/hirek\\\/temak\\\/munkaeropiac\\\/#listItem\",\"position\":2,\"name\":\"Munkaer\\u0151piac\",\"item\":\"https:\\\/\\\/allasorias.hu\\\/hirek\\\/temak\\\/munkaeropiac\\\/\",\"nextItem\":{\"@type\":\"ListItem\",\"@id\":\"https:\\\/\\\/allasorias.hu\\\/hirek\\\/uj-eszkoz-a-munkaero-megtartasara\\\/#listItem\",\"name\":\"\\u00daj eszk\\u00f6z a munkaer\\u0151 megtart\\u00e1s\\u00e1ra\"},\"previousItem\":{\"@type\":\"ListItem\",\"@id\":\"https:\\\/\\\/allasorias.hu\\\/hirek#listItem\",\"name\":\"Home\"}},{\"@type\":\"ListItem\",\"@id\":\"https:\\\/\\\/allasorias.hu\\\/hirek\\\/uj-eszkoz-a-munkaero-megtartasara\\\/#listItem\",\"position\":3,\"name\":\"\\u00daj eszk\\u00f6z a munkaer\\u0151 megtart\\u00e1s\\u00e1ra\",\"previousItem\":{\"@type\":\"ListItem\",\"@id\":\"https:\\\/\\\/allasorias.hu\\\/hirek\\\/temak\\\/munkaeropiac\\\/#listItem\",\"name\":\"Munkaer\\u0151piac\"}}]},{\"@type\":\"Organization\",\"@id\":\"https:\\\/\\\/allasorias.hu\\\/hirek\\\/#organization\",\"name\":\"AllasOrias.hu | H\\u00edrek-lapszemle\",\"description\":\"\\u00dczleti h\\u00edrek az \\u00e1ll\\u00e1s \\u00e9s a munka vil\\u00e1g\\u00e1b\\u00f3l\",\"url\":\"https:\\\/\\\/allasorias.hu\\\/hirek\\\/\",\"logo\":{\"@type\":\"ImageObject\",\"url\":\"https:\\\/\\\/allasorias.hu\\\/hirek\\\/wp-content\\\/uploads\\\/2022\\\/10\\\/allasorias_site_facebok_logo.png\",\"@id\":\"https:\\\/\\\/allasorias.hu\\\/hirek\\\/uj-eszkoz-a-munkaero-megtartasara\\\/#organizationLogo\"},\"image\":{\"@id\":\"https:\\\/\\\/allasorias.hu\\\/hirek\\\/uj-eszkoz-a-munkaero-megtartasara\\\/#organizationLogo\"},\"sameAs\":[\"https:\\\/\\\/www.facebook.com\\\/allasorias\",\"https:\\\/\\\/www.linkedin.com\\\/company\\\/allasorias\"]},{\"@type\":\"Person\",\"@id\":\"https:\\\/\\\/allasorias.hu\\\/hirek\\\/author\\\/admin-allasorias\\\/#author\",\"url\":\"https:\\\/\\\/allasorias.hu\\\/hirek\\\/author\\\/admin-allasorias\\\/\",\"name\":\"Juh\\u00e1sz P\\u00e9ter\",\"image\":{\"@type\":\"ImageObject\",\"@id\":\"https:\\\/\\\/allasorias.hu\\\/hirek\\\/uj-eszkoz-a-munkaero-megtartasara\\\/#authorImage\",\"url\":\"https:\\\/\\\/secure.gravatar.com\\\/avatar\\\/36e6bcb83148978b992977cb0f54d22feb0cce8a0a849a9410532bb2623ba4c6?s=96&d=mm&r=g\",\"width\":96,\"height\":96,\"caption\":\"Juh\\u00e1sz P\\u00e9ter\"}},{\"@type\":\"WebPage\",\"@id\":\"https:\\\/\\\/allasorias.hu\\\/hirek\\\/uj-eszkoz-a-munkaero-megtartasara\\\/#webpage\",\"url\":\"https:\\\/\\\/allasorias.hu\\\/hirek\\\/uj-eszkoz-a-munkaero-megtartasara\\\/\",\"name\":\"\\u00daj eszk\\u00f6z a munkaer\\u0151 megtart\\u00e1s\\u00e1ra | AllasOrias.hu | H\\u00edrek-lapszemle\",\"description\":\"A mesters\\u00e9ges intelligencia seg\\u00edthet megtartani az \\u00e9rt\\u00e9kes k\\u00e9pzett munkaer\\u0151t, nem kell teh\\u00e1t f\\u00e9lni, hogy a robotok majd rengeteg ember munk\\u00e1j\\u00e1t veszik el a k\\u00f6zelj\\u00f6v\\u0151ben, s\\u0151t komplett szakm\\u00e1k fognak elt\\u0171nni a robotiz\\u00e1ci\\u00f3, illetve automatiz\\u00e1ci\\u00f3 miatt. A hasonl\\u00f3 j\\u00f3slatok pontoss\\u00e1ga \\u00e9s helyt\\u00e1ll\\u00f3s\\u00e1ga egyel\\u0151re k\\u00e9rd\\u00e9ses. Munkaer\\u0151piaci szempontb\\u00f3l a c\\u00e9gek, v\\u00e1llalatok manaps\\u00e1g v\\u00e9rzivataros id\\u0151ket \\u00e9lnek, hiszen Magyarorsz\\u00e1gon is egyre\",\"inLanguage\":\"hu-HU\",\"isPartOf\":{\"@id\":\"https:\\\/\\\/allasorias.hu\\\/hirek\\\/#website\"},\"breadcrumb\":{\"@id\":\"https:\\\/\\\/allasorias.hu\\\/hirek\\\/uj-eszkoz-a-munkaero-megtartasara\\\/#breadcrumblist\"},\"author\":{\"@id\":\"https:\\\/\\\/allasorias.hu\\\/hirek\\\/author\\\/admin-allasorias\\\/#author\"},\"creator\":{\"@id\":\"https:\\\/\\\/allasorias.hu\\\/hirek\\\/author\\\/admin-allasorias\\\/#author\"},\"image\":{\"@type\":\"ImageObject\",\"url\":\"https:\\\/\\\/allasorias.hu\\\/hirek\\\/wp-content\\\/uploads\\\/2018\\\/11\\\/robot-507811_640.jpg\",\"@id\":\"https:\\\/\\\/allasorias.hu\\\/hirek\\\/uj-eszkoz-a-munkaero-megtartasara\\\/#mainImage\",\"width\":640,\"height\":452},\"primaryImageOfPage\":{\"@id\":\"https:\\\/\\\/allasorias.hu\\\/hirek\\\/uj-eszkoz-a-munkaero-megtartasara\\\/#mainImage\"},\"datePublished\":\"2019-10-03T08:08:48+02:00\",\"dateModified\":\"2019-10-03T08:08:48+02:00\"},{\"@type\":\"WebSite\",\"@id\":\"https:\\\/\\\/allasorias.hu\\\/hirek\\\/#website\",\"url\":\"https:\\\/\\\/allasorias.hu\\\/hirek\\\/\",\"name\":\"AllasOrias.hu | H\\u00edrek-lapszemle\",\"description\":\"\\u00dczleti h\\u00edrek az \\u00e1ll\\u00e1s \\u00e9s a munka vil\\u00e1g\\u00e1b\\u00f3l\",\"inLanguage\":\"hu-HU\",\"publisher\":{\"@id\":\"https:\\\/\\\/allasorias.hu\\\/hirek\\\/#organization\"}}]}\n\t\t<\/script>\n\t\t<!-- All in One SEO -->\n\n","aioseo_head_json":{"title":"\u00daj eszk\u00f6z a munkaer\u0151 megtart\u00e1s\u00e1ra | AllasOrias.hu | H\u00edrek-lapszemle","description":"A mesters\u00e9ges intelligencia seg\u00edthet megtartani az \u00e9rt\u00e9kes k\u00e9pzett munkaer\u0151t, nem kell teh\u00e1t f\u00e9lni, hogy a robotok majd rengeteg ember munk\u00e1j\u00e1t veszik el a k\u00f6zelj\u00f6v\u0151ben, s\u0151t komplett szakm\u00e1k fognak elt\u0171nni a robotiz\u00e1ci\u00f3, illetve automatiz\u00e1ci\u00f3 miatt. A hasonl\u00f3 j\u00f3slatok pontoss\u00e1ga \u00e9s helyt\u00e1ll\u00f3s\u00e1ga egyel\u0151re k\u00e9rd\u00e9ses. Munkaer\u0151piaci szempontb\u00f3l a c\u00e9gek, v\u00e1llalatok manaps\u00e1g v\u00e9rzivataros id\u0151ket \u00e9lnek, hiszen Magyarorsz\u00e1gon is egyre","canonical_url":"https:\/\/allasorias.hu\/hirek\/uj-eszkoz-a-munkaero-megtartasara\/","robots":"max-image-preview:large","keywords":"","webmasterTools":{"miscellaneous":""},"schema":{"@context":"https:\/\/schema.org","@graph":[{"@type":"Article","@id":"https:\/\/allasorias.hu\/hirek\/uj-eszkoz-a-munkaero-megtartasara\/#article","name":"\u00daj eszk\u00f6z a munkaer\u0151 megtart\u00e1s\u00e1ra | AllasOrias.hu | H\u00edrek-lapszemle","headline":"\u00daj eszk\u00f6z a munkaer\u0151 megtart\u00e1s\u00e1ra","author":{"@id":"https:\/\/allasorias.hu\/hirek\/author\/admin-allasorias\/#author"},"publisher":{"@id":"https:\/\/allasorias.hu\/hirek\/#organization"},"image":{"@type":"ImageObject","url":"https:\/\/allasorias.hu\/hirek\/wp-content\/uploads\/2018\/11\/robot-507811_640.jpg","width":640,"height":452},"datePublished":"2019-10-03T08:08:48+02:00","dateModified":"2019-10-03T08:08:48+02:00","inLanguage":"hu-HU","mainEntityOfPage":{"@id":"https:\/\/allasorias.hu\/hirek\/uj-eszkoz-a-munkaero-megtartasara\/#webpage"},"isPartOf":{"@id":"https:\/\/allasorias.hu\/hirek\/uj-eszkoz-a-munkaero-megtartasara\/#webpage"},"articleSection":"Munkaer\u0151piac"},{"@type":"BreadcrumbList","@id":"https:\/\/allasorias.hu\/hirek\/uj-eszkoz-a-munkaero-megtartasara\/#breadcrumblist","itemListElement":[{"@type":"ListItem","@id":"https:\/\/allasorias.hu\/hirek#listItem","position":1,"name":"Home","item":"https:\/\/allasorias.hu\/hirek","nextItem":{"@type":"ListItem","@id":"https:\/\/allasorias.hu\/hirek\/temak\/munkaeropiac\/#listItem","name":"Munkaer\u0151piac"}},{"@type":"ListItem","@id":"https:\/\/allasorias.hu\/hirek\/temak\/munkaeropiac\/#listItem","position":2,"name":"Munkaer\u0151piac","item":"https:\/\/allasorias.hu\/hirek\/temak\/munkaeropiac\/","nextItem":{"@type":"ListItem","@id":"https:\/\/allasorias.hu\/hirek\/uj-eszkoz-a-munkaero-megtartasara\/#listItem","name":"\u00daj eszk\u00f6z a munkaer\u0151 megtart\u00e1s\u00e1ra"},"previousItem":{"@type":"ListItem","@id":"https:\/\/allasorias.hu\/hirek#listItem","name":"Home"}},{"@type":"ListItem","@id":"https:\/\/allasorias.hu\/hirek\/uj-eszkoz-a-munkaero-megtartasara\/#listItem","position":3,"name":"\u00daj eszk\u00f6z a munkaer\u0151 megtart\u00e1s\u00e1ra","previousItem":{"@type":"ListItem","@id":"https:\/\/allasorias.hu\/hirek\/temak\/munkaeropiac\/#listItem","name":"Munkaer\u0151piac"}}]},{"@type":"Organization","@id":"https:\/\/allasorias.hu\/hirek\/#organization","name":"AllasOrias.hu | H\u00edrek-lapszemle","description":"\u00dczleti h\u00edrek az \u00e1ll\u00e1s \u00e9s a munka vil\u00e1g\u00e1b\u00f3l","url":"https:\/\/allasorias.hu\/hirek\/","logo":{"@type":"ImageObject","url":"https:\/\/allasorias.hu\/hirek\/wp-content\/uploads\/2022\/10\/allasorias_site_facebok_logo.png","@id":"https:\/\/allasorias.hu\/hirek\/uj-eszkoz-a-munkaero-megtartasara\/#organizationLogo"},"image":{"@id":"https:\/\/allasorias.hu\/hirek\/uj-eszkoz-a-munkaero-megtartasara\/#organizationLogo"},"sameAs":["https:\/\/www.facebook.com\/allasorias","https:\/\/www.linkedin.com\/company\/allasorias"]},{"@type":"Person","@id":"https:\/\/allasorias.hu\/hirek\/author\/admin-allasorias\/#author","url":"https:\/\/allasorias.hu\/hirek\/author\/admin-allasorias\/","name":"Juh\u00e1sz P\u00e9ter","image":{"@type":"ImageObject","@id":"https:\/\/allasorias.hu\/hirek\/uj-eszkoz-a-munkaero-megtartasara\/#authorImage","url":"https:\/\/secure.gravatar.com\/avatar\/36e6bcb83148978b992977cb0f54d22feb0cce8a0a849a9410532bb2623ba4c6?s=96&d=mm&r=g","width":96,"height":96,"caption":"Juh\u00e1sz P\u00e9ter"}},{"@type":"WebPage","@id":"https:\/\/allasorias.hu\/hirek\/uj-eszkoz-a-munkaero-megtartasara\/#webpage","url":"https:\/\/allasorias.hu\/hirek\/uj-eszkoz-a-munkaero-megtartasara\/","name":"\u00daj eszk\u00f6z a munkaer\u0151 megtart\u00e1s\u00e1ra | AllasOrias.hu | H\u00edrek-lapszemle","description":"A mesters\u00e9ges intelligencia seg\u00edthet megtartani az \u00e9rt\u00e9kes k\u00e9pzett munkaer\u0151t, nem kell teh\u00e1t f\u00e9lni, hogy a robotok majd rengeteg ember munk\u00e1j\u00e1t veszik el a k\u00f6zelj\u00f6v\u0151ben, s\u0151t komplett szakm\u00e1k fognak elt\u0171nni a robotiz\u00e1ci\u00f3, illetve automatiz\u00e1ci\u00f3 miatt. A hasonl\u00f3 j\u00f3slatok pontoss\u00e1ga \u00e9s helyt\u00e1ll\u00f3s\u00e1ga egyel\u0151re k\u00e9rd\u00e9ses. Munkaer\u0151piaci szempontb\u00f3l a c\u00e9gek, v\u00e1llalatok manaps\u00e1g v\u00e9rzivataros id\u0151ket \u00e9lnek, hiszen Magyarorsz\u00e1gon is egyre","inLanguage":"hu-HU","isPartOf":{"@id":"https:\/\/allasorias.hu\/hirek\/#website"},"breadcrumb":{"@id":"https:\/\/allasorias.hu\/hirek\/uj-eszkoz-a-munkaero-megtartasara\/#breadcrumblist"},"author":{"@id":"https:\/\/allasorias.hu\/hirek\/author\/admin-allasorias\/#author"},"creator":{"@id":"https:\/\/allasorias.hu\/hirek\/author\/admin-allasorias\/#author"},"image":{"@type":"ImageObject","url":"https:\/\/allasorias.hu\/hirek\/wp-content\/uploads\/2018\/11\/robot-507811_640.jpg","@id":"https:\/\/allasorias.hu\/hirek\/uj-eszkoz-a-munkaero-megtartasara\/#mainImage","width":640,"height":452},"primaryImageOfPage":{"@id":"https:\/\/allasorias.hu\/hirek\/uj-eszkoz-a-munkaero-megtartasara\/#mainImage"},"datePublished":"2019-10-03T08:08:48+02:00","dateModified":"2019-10-03T08:08:48+02:00"},{"@type":"WebSite","@id":"https:\/\/allasorias.hu\/hirek\/#website","url":"https:\/\/allasorias.hu\/hirek\/","name":"AllasOrias.hu | H\u00edrek-lapszemle","description":"\u00dczleti h\u00edrek az \u00e1ll\u00e1s \u00e9s a munka vil\u00e1g\u00e1b\u00f3l","inLanguage":"hu-HU","publisher":{"@id":"https:\/\/allasorias.hu\/hirek\/#organization"}}]},"og:locale":"hu_HU","og:site_name":"AllasOrias.hu | H\u00edrek-lapszemle | \u00dczleti h\u00edrek az \u00e1ll\u00e1s \u00e9s a munka vil\u00e1g\u00e1b\u00f3l","og:type":"article","og:title":"\u00daj eszk\u00f6z a munkaer\u0151 megtart\u00e1s\u00e1ra | AllasOrias.hu | H\u00edrek-lapszemle","og:description":"A mesters\u00e9ges intelligencia seg\u00edthet megtartani az \u00e9rt\u00e9kes k\u00e9pzett munkaer\u0151t, nem kell teh\u00e1t f\u00e9lni, hogy a robotok majd rengeteg ember munk\u00e1j\u00e1t veszik el a k\u00f6zelj\u00f6v\u0151ben, s\u0151t komplett szakm\u00e1k fognak elt\u0171nni a robotiz\u00e1ci\u00f3, illetve automatiz\u00e1ci\u00f3 miatt. A hasonl\u00f3 j\u00f3slatok pontoss\u00e1ga \u00e9s helyt\u00e1ll\u00f3s\u00e1ga egyel\u0151re k\u00e9rd\u00e9ses. Munkaer\u0151piaci szempontb\u00f3l a c\u00e9gek, v\u00e1llalatok manaps\u00e1g v\u00e9rzivataros id\u0151ket \u00e9lnek, hiszen Magyarorsz\u00e1gon is egyre","og:url":"https:\/\/allasorias.hu\/hirek\/uj-eszkoz-a-munkaero-megtartasara\/","og:image":"https:\/\/allasorias.hu\/hirek\/wp-content\/uploads\/2018\/11\/robot-507811_640.jpg","og:image:secure_url":"https:\/\/allasorias.hu\/hirek\/wp-content\/uploads\/2018\/11\/robot-507811_640.jpg","og:image:width":640,"og:image:height":452,"article:published_time":"2019-10-03T08:08:48+00:00","article:modified_time":"2019-10-03T08:08:48+00:00","article:publisher":"https:\/\/www.facebook.com\/allasorias","twitter:card":"summary_large_image","twitter:title":"\u00daj eszk\u00f6z a munkaer\u0151 megtart\u00e1s\u00e1ra | AllasOrias.hu | H\u00edrek-lapszemle","twitter:description":"A mesters\u00e9ges intelligencia seg\u00edthet megtartani az \u00e9rt\u00e9kes k\u00e9pzett munkaer\u0151t, nem kell teh\u00e1t f\u00e9lni, hogy a robotok majd rengeteg ember munk\u00e1j\u00e1t veszik el a k\u00f6zelj\u00f6v\u0151ben, s\u0151t komplett szakm\u00e1k fognak elt\u0171nni a robotiz\u00e1ci\u00f3, illetve automatiz\u00e1ci\u00f3 miatt. A hasonl\u00f3 j\u00f3slatok pontoss\u00e1ga \u00e9s helyt\u00e1ll\u00f3s\u00e1ga egyel\u0151re k\u00e9rd\u00e9ses. Munkaer\u0151piaci szempontb\u00f3l a c\u00e9gek, v\u00e1llalatok manaps\u00e1g v\u00e9rzivataros id\u0151ket \u00e9lnek, hiszen Magyarorsz\u00e1gon is egyre","twitter:image":"https:\/\/allasorias.hu\/hirek\/wp-content\/uploads\/2018\/11\/robot-507811_640.jpg","twitter:label1":"Written by","twitter:data1":"Juh\u00e1sz P\u00e9ter","twitter:label2":"Est. reading time","twitter:data2":"2 minutes"},"aioseo_meta_data":{"post_id":"3355","title":null,"description":null,"keywords":null,"keyphrases":null,"primary_term":null,"canonical_url":null,"og_title":null,"og_description":null,"og_object_type":"default","og_image_type":"default","og_image_url":null,"og_image_width":null,"og_image_height":null,"og_image_custom_url":null,"og_image_custom_fields":null,"og_video":null,"og_custom_url":null,"og_article_section":null,"og_article_tags":null,"twitter_use_og":false,"twitter_card":"default","twitter_image_type":"default","twitter_image_url":null,"twitter_image_custom_url":null,"twitter_image_custom_fields":null,"twitter_title":null,"twitter_description":null,"schema":{"blockGraphs":[],"customGraphs":[],"default":{"data":{"Article":[],"Course":[],"Dataset":[],"FAQPage":[],"Movie":[],"Person":[],"Product":[],"ProductReview":[],"Car":[],"Recipe":[],"Service":[],"SoftwareApplication":[],"WebPage":[]},"graphName":"","isEnabled":true},"graphs":[],"defaultGraph":"","defaultPostTypeGraph":""},"schema_type":null,"schema_type_options":null,"pillar_content":false,"robots_default":true,"robots_noindex":false,"robots_noarchive":false,"robots_nosnippet":false,"robots_nofollow":false,"robots_noimageindex":false,"robots_noodp":false,"robots_notranslate":false,"robots_max_snippet":null,"robots_max_videopreview":null,"robots_max_imagepreview":"large","priority":null,"frequency":null,"location":null,"local_seo":null,"breadcrumb_settings":null,"limit_modified_date":false,"ai":null,"created":"2021-02-01 22:54:08","updated":"2025-10-02 11:52:53","seo_analyzer_scan_date":null,"focus_keyword":null,"additional_keywords":null,"truseo_locale":null},"aioseo_breadcrumb":"<div class=\"aioseo-breadcrumbs\"><span class=\"aioseo-breadcrumb\">\n\t\t\t<a href=\"https:\/\/allasorias.hu\/hirek\" title=\"Home\">Home<\/a>\n\t\t<\/span><span class=\"aioseo-breadcrumb-separator\">&raquo;<\/span><span class=\"aioseo-breadcrumb\">\n\t\t\t<a href=\"https:\/\/allasorias.hu\/hirek\/temak\/munkaeropiac\/\" title=\"Munkaer\u0151piac\">Munkaer\u0151piac<\/a>\n\t\t<\/span><span class=\"aioseo-breadcrumb-separator\">&raquo;<\/span><span class=\"aioseo-breadcrumb\">\n\t\t\t\u00daj eszk\u00f6z a munkaer\u0151 megtart\u00e1s\u00e1ra\n\t\t<\/span><\/div>","aioseo_breadcrumb_json":[{"label":"Home","link":"https:\/\/allasorias.hu\/hirek"},{"label":"Munkaer\u0151piac","link":"https:\/\/allasorias.hu\/hirek\/temak\/munkaeropiac\/"},{"label":"\u00daj eszk\u00f6z a munkaer\u0151 megtart\u00e1s\u00e1ra","link":"https:\/\/allasorias.hu\/hirek\/uj-eszkoz-a-munkaero-megtartasara\/"}],"_links":{"self":[{"href":"https:\/\/allasorias.hu\/hirek\/wp-json\/wp\/v2\/posts\/3355","targetHints":{"allow":["GET"]}}],"collection":[{"href":"https:\/\/allasorias.hu\/hirek\/wp-json\/wp\/v2\/posts"}],"about":[{"href":"https:\/\/allasorias.hu\/hirek\/wp-json\/wp\/v2\/types\/post"}],"author":[{"embeddable":true,"href":"https:\/\/allasorias.hu\/hirek\/wp-json\/wp\/v2\/users\/1"}],"replies":[{"embeddable":true,"href":"https:\/\/allasorias.hu\/hirek\/wp-json\/wp\/v2\/comments?post=3355"}],"version-history":[{"count":1,"href":"https:\/\/allasorias.hu\/hirek\/wp-json\/wp\/v2\/posts\/3355\/revisions"}],"predecessor-version":[{"id":3356,"href":"https:\/\/allasorias.hu\/hirek\/wp-json\/wp\/v2\/posts\/3355\/revisions\/3356"}],"wp:featuredmedia":[{"embeddable":true,"href":"https:\/\/allasorias.hu\/hirek\/wp-json\/wp\/v2\/media\/2069"}],"wp:attachment":[{"href":"https:\/\/allasorias.hu\/hirek\/wp-json\/wp\/v2\/media?parent=3355"}],"wp:term":[{"taxonomy":"category","embeddable":true,"href":"https:\/\/allasorias.hu\/hirek\/wp-json\/wp\/v2\/categories?post=3355"},{"taxonomy":"post_tag","embeddable":true,"href":"https:\/\/allasorias.hu\/hirek\/wp-json\/wp\/v2\/tags?post=3355"}],"curies":[{"name":"wp","href":"https:\/\/api.w.org\/{rel}","templated":true}]}}