{"id":3352,"date":"2019-10-03T08:04:56","date_gmt":"2019-10-03T08:04:56","guid":{"rendered":"https:\/\/allasorias.hu\/hirek\/?p=3352"},"modified":"2019-10-03T08:04:56","modified_gmt":"2019-10-03T08:04:56","slug":"milyen-vezeto-a-z-generacios","status":"publish","type":"post","link":"https:\/\/allasorias.hu\/hirek\/milyen-vezeto-a-z-generacios\/","title":{"rendered":"Milyen vezet\u0151 a Z gener\u00e1ci\u00f3s ?"},"content":{"rendered":"<p><strong>A \u00a0Z gener\u00e1ci\u00f3 azt vallja, kiv\u00e1l\u00f3 c\u00e9gvezet\u0151, mert tanul\u00e9kony, j\u00f3 alkalmazkod\u00f3k\u00e9pess\u00e9ge van, \u00a0kreat\u00edv, \u00e9s k\u00edv\u00e1ncsi. A j\u00f6v\u0151 vezet\u0151i szerint 2050-ben diploma helyett a vizsg\u00e1val nem megszerezhet\u0151 szoci\u00e1lis k\u00e9szs\u00e9geken lesz a hangs\u00faly, \u00e9s a vezet\u0151i k\u00e9pess\u00e9geket nem felt\u00e9tlen\u00fcl az iskolapadban, hanem a munkahelyi rangl\u00e9tr\u00e1t v\u00e9gig j\u00e1rva fogj\u00e1k megszerezni \u2013 der\u00fcl ki az Adecco Csoport #CtheFuture Z gener\u00e1ci\u00f3s felm\u00e9r\u00e9s\u00e9b\u0151l.<\/strong><\/p>\n<p>A munkaer\u0151piacon jelenleg m\u00e9g az X gener\u00e1ci\u00f3 van t\u00f6bbs\u00e9gben \u2013 hazai \u00e9s nemzetk\u00f6zi szinten egyar\u00e1nt, 5 \u00e9ven bel\u00fcl viszont a fiatalok \u00e1tvehetik az uralmat. Becsl\u00e9sek szerint ugyanis 2025-re a munkav\u00e1llal\u00f3k 75%-a az Y \u00e9s Z gener\u00e1ci\u00f3b\u00f3l fog kiker\u00fclni. A HR-specialista Adecco csoport #CtheFuture nemzetk\u00f6zi kutat\u00e1s\u00e1ban 5000 ambici\u00f3zus Z gener\u00e1ci\u00f3st k\u00e9rdezett meg arr\u00f3l, hogy milyen k\u00e9pess\u00e9gek \u00e9s tulajdons\u00e1gok fogj\u00e1k jellemezni a j\u00f6v\u0151 c\u00e9gvezet\u0151it. \u201eJelenleg a munkaer\u0151piacon gener\u00e1ci\u00f3v\u00e1lt\u00e1s zajlik. Mivel azonban a Z gener\u00e1ci\u00f3 tagjai m\u00e1sk\u00e9nt gondolkoznak, mint az id\u0151sebbek, a munkaer\u0151 kicser\u00e9l\u0151d\u00e9se a mai c\u00e9gek fel\u00e9p\u00edt\u00e9s\u00e9nek, szeml\u00e9letm\u00f3dj\u00e1nak \u00e9s kult\u00far\u00e1j\u00e1nak v\u00e1ltoz\u00e1s\u00e1t is eredm\u00e9nyezheti\u201d \u2013 mondta el Karvalics M\u00e1ria, a magyarorsz\u00e1gi Adecco Kft. HR menedzsere.\u00a0 V\u00e9lem\u00e9ny\u00fck szerint rendk\u00edv\u00fcli vezet\u0151k \u00e9s \u00fcgyes kommunik\u00e1torok lesznek, mivel a tanul\u00e9konys\u00e1g, az alkalmazkod\u00f3k\u00e9pess\u00e9g, a kreativit\u00e1s \u00e9s a k\u00edv\u00e1ncsis\u00e1g a leger\u0151sebb k\u00e9szs\u00e9geik\u201d \u2013 ismertette a kutat\u00e1st Karvalics M\u00e1ria. A v\u00e1laszokb\u00f3l az is kider\u00fcl, hogy a fiatalok \u00fagy \u00e9rzik, a jelenlegi oktat\u00e1si rendszer nem k\u00e9sz\u00edti fel \u0151ket megfelel\u0151en a vezet\u0151i d\u00f6nt\u00e9sekre. \u00cdgy 30 \u00e9v m\u00falva j\u00f3 es\u00e9llyel tal\u00e1lkozhatunk olyan c\u00e9gvezet\u0151kkel \u00e9s vezet\u0151 beoszt\u00e1sban dolgoz\u00f3kkal, akiknek nem felt\u00e9tlen\u00fcl lesz diplom\u00e1juk (51%), \u00e9s a kell\u0151 tud\u00e1st nem az iskol\u00e1ban, hanem a munkahelyi rangl\u00e9tra minden egyes l\u00e9pcs\u0151fok\u00e1t megj\u00e1rva fogj\u00e1k megszerezni. T\u00f6bb mint fel\u00fck (55%) szerint ugyanis a szakmai gyakorlat \u00e9s a tapasztalati tud\u00e1s a legjobb m\u00f3dja a j\u00f6v\u0151beli vezet\u0151k fel\u00e9p\u00edt\u00e9s\u00e9nek. Mindezek k\u00f6vetkezt\u00e9ben nem meglep\u0151, hogy a fiatalok t\u00f6bbs\u00e9ge (70%) szerint 30 \u00e9v m\u00falva a k\u00e9szs\u00e9gek (soft skill) fontosabbak lesznek, mint a k\u00e9pess\u00e9gek.<\/p>\n<p>Forr\u00e1s: profitline.hu<\/p>\n","protected":false},"excerpt":{"rendered":"<p>A \u00a0Z gener\u00e1ci\u00f3 azt vallja, kiv\u00e1l\u00f3 c\u00e9gvezet\u0151, mert tanul\u00e9kony, j\u00f3 alkalmazkod\u00f3k\u00e9pess\u00e9ge van, \u00a0kreat\u00edv, \u00e9s k\u00edv\u00e1ncsi. A j\u00f6v\u0151 vezet\u0151i szerint 2050-ben diploma helyett a vizsg\u00e1val nem megszerezhet\u0151 szoci\u00e1lis k\u00e9szs\u00e9geken lesz a hangs\u00faly, \u00e9s a vezet\u0151i k\u00e9pess\u00e9geket nem felt\u00e9tlen\u00fcl az iskolapadban, hanem a munkahelyi rangl\u00e9tr\u00e1t v\u00e9gig j\u00e1rva fogj\u00e1k megszerezni \u2013 der\u00fcl ki az Adecco Csoport #CtheFuture Z [&hellip;]<\/p>\n","protected":false},"author":1,"featured_media":3353,"comment_status":"open","ping_status":"open","sticky":false,"template":"","format":"standard","meta":{"_monsterinsights_skip_tracking":false,"footnotes":""},"categories":[198],"tags":[],"class_list":["post-3352","post","type-post","status-publish","format-standard","has-post-thumbnail","hentry","category-gazdasag"],"aioseo_notices":[],"aioseo_head":"\n\t\t<!-- All in One SEO 5.0.0.1 - aioseo.com -->\n\t<meta name=\"description\" content=\"A Z gener\u00e1ci\u00f3 azt vallja, kiv\u00e1l\u00f3 c\u00e9gvezet\u0151, mert tanul\u00e9kony, j\u00f3 alkalmazkod\u00f3k\u00e9pess\u00e9ge van, kreat\u00edv, \u00e9s k\u00edv\u00e1ncsi. A j\u00f6v\u0151 vezet\u0151i szerint 2050-ben diploma helyett a vizsg\u00e1val nem megszerezhet\u0151 szoci\u00e1lis k\u00e9szs\u00e9geken lesz a hangs\u00faly, \u00e9s a vezet\u0151i k\u00e9pess\u00e9geket nem felt\u00e9tlen\u00fcl az iskolapadban, hanem a munkahelyi rangl\u00e9tr\u00e1t v\u00e9gig j\u00e1rva fogj\u00e1k megszerezni \u2013 der\u00fcl ki az Adecco Csoport #CtheFuture Z\" \/>\n\t<meta name=\"robots\" content=\"max-image-preview:large\" \/>\n\t<meta name=\"author\" content=\"Juh\u00e1sz P\u00e9ter\"\/>\n\t<link rel=\"canonical\" href=\"https:\/\/allasorias.hu\/hirek\/milyen-vezeto-a-z-generacios\/\" \/>\n\t<meta name=\"generator\" content=\"All in One SEO (AIOSEO) 5.0.0.1\" \/>\n\t\t<meta property=\"og:locale\" content=\"hu_HU\" \/>\n\t\t<meta property=\"og:site_name\" content=\"AllasOrias.hu | H\u00edrek-lapszemle | \u00dczleti h\u00edrek az \u00e1ll\u00e1s \u00e9s a munka vil\u00e1g\u00e1b\u00f3l\" \/>\n\t\t<meta property=\"og:type\" content=\"article\" \/>\n\t\t<meta property=\"og:title\" content=\"Milyen vezet\u0151 a Z gener\u00e1ci\u00f3s ? | AllasOrias.hu | H\u00edrek-lapszemle\" \/>\n\t\t<meta property=\"og:description\" content=\"A Z gener\u00e1ci\u00f3 azt vallja, kiv\u00e1l\u00f3 c\u00e9gvezet\u0151, mert tanul\u00e9kony, j\u00f3 alkalmazkod\u00f3k\u00e9pess\u00e9ge van, kreat\u00edv, \u00e9s k\u00edv\u00e1ncsi. A j\u00f6v\u0151 vezet\u0151i szerint 2050-ben diploma helyett a vizsg\u00e1val nem megszerezhet\u0151 szoci\u00e1lis k\u00e9szs\u00e9geken lesz a hangs\u00faly, \u00e9s a vezet\u0151i k\u00e9pess\u00e9geket nem felt\u00e9tlen\u00fcl az iskolapadban, hanem a munkahelyi rangl\u00e9tr\u00e1t v\u00e9gig j\u00e1rva fogj\u00e1k megszerezni \u2013 der\u00fcl ki az Adecco Csoport #CtheFuture Z\" \/>\n\t\t<meta property=\"og:url\" content=\"https:\/\/allasorias.hu\/hirek\/milyen-vezeto-a-z-generacios\/\" \/>\n\t\t<meta property=\"og:image\" content=\"https:\/\/allasorias.hu\/hirek\/wp-content\/uploads\/2019\/10\/lead_800x450.jpg\" \/>\n\t\t<meta property=\"og:image:secure_url\" content=\"https:\/\/allasorias.hu\/hirek\/wp-content\/uploads\/2019\/10\/lead_800x450.jpg\" \/>\n\t\t<meta property=\"og:image:width\" content=\"800\" \/>\n\t\t<meta property=\"og:image:height\" content=\"449\" \/>\n\t\t<meta property=\"article:published_time\" content=\"2019-10-03T08:04:56+00:00\" \/>\n\t\t<meta property=\"article:modified_time\" content=\"2019-10-03T08:04:56+00:00\" \/>\n\t\t<meta property=\"article:publisher\" content=\"https:\/\/www.facebook.com\/allasorias\" \/>\n\t\t<meta name=\"twitter:card\" content=\"summary_large_image\" \/>\n\t\t<meta name=\"twitter:title\" content=\"Milyen vezet\u0151 a Z gener\u00e1ci\u00f3s ? | AllasOrias.hu | H\u00edrek-lapszemle\" \/>\n\t\t<meta name=\"twitter:description\" content=\"A Z gener\u00e1ci\u00f3 azt vallja, kiv\u00e1l\u00f3 c\u00e9gvezet\u0151, mert tanul\u00e9kony, j\u00f3 alkalmazkod\u00f3k\u00e9pess\u00e9ge van, kreat\u00edv, \u00e9s k\u00edv\u00e1ncsi. A j\u00f6v\u0151 vezet\u0151i szerint 2050-ben diploma helyett a vizsg\u00e1val nem megszerezhet\u0151 szoci\u00e1lis k\u00e9szs\u00e9geken lesz a hangs\u00faly, \u00e9s a vezet\u0151i k\u00e9pess\u00e9geket nem felt\u00e9tlen\u00fcl az iskolapadban, hanem a munkahelyi rangl\u00e9tr\u00e1t v\u00e9gig j\u00e1rva fogj\u00e1k megszerezni \u2013 der\u00fcl ki az Adecco Csoport #CtheFuture Z\" \/>\n\t\t<meta name=\"twitter:image\" content=\"https:\/\/allasorias.hu\/hirek\/wp-content\/uploads\/2019\/10\/lead_800x450.jpg\" \/>\n\t\t<meta name=\"twitter:label1\" content=\"Written by\" \/>\n\t\t<meta name=\"twitter:data1\" content=\"Juh\u00e1sz P\u00e9ter\" \/>\n\t\t<meta name=\"twitter:label2\" content=\"Est. reading time\" \/>\n\t\t<meta name=\"twitter:data2\" content=\"2 minutes\" \/>\n\t\t<script type=\"application\/ld+json\" class=\"aioseo-schema\">\n\t\t\t{\"@context\":\"https:\\\/\\\/schema.org\",\"@graph\":[{\"@type\":\"Article\",\"@id\":\"https:\\\/\\\/allasorias.hu\\\/hirek\\\/milyen-vezeto-a-z-generacios\\\/#article\",\"name\":\"Milyen vezet\\u0151 a Z gener\\u00e1ci\\u00f3s ? | AllasOrias.hu | H\\u00edrek-lapszemle\",\"headline\":\"Milyen vezet\\u0151 a Z gener\\u00e1ci\\u00f3s ?\",\"author\":{\"@id\":\"https:\\\/\\\/allasorias.hu\\\/hirek\\\/author\\\/admin-allasorias\\\/#author\"},\"publisher\":{\"@id\":\"https:\\\/\\\/allasorias.hu\\\/hirek\\\/#organization\"},\"image\":{\"@type\":\"ImageObject\",\"url\":\"https:\\\/\\\/allasorias.hu\\\/hirek\\\/wp-content\\\/uploads\\\/2019\\\/10\\\/lead_800x450.jpg\",\"width\":800,\"height\":449},\"datePublished\":\"2019-10-03T08:04:56+02:00\",\"dateModified\":\"2019-10-03T08:04:56+02:00\",\"inLanguage\":\"hu-HU\",\"mainEntityOfPage\":{\"@id\":\"https:\\\/\\\/allasorias.hu\\\/hirek\\\/milyen-vezeto-a-z-generacios\\\/#webpage\"},\"isPartOf\":{\"@id\":\"https:\\\/\\\/allasorias.hu\\\/hirek\\\/milyen-vezeto-a-z-generacios\\\/#webpage\"},\"articleSection\":\"Gazdas\\u00e1g\"},{\"@type\":\"BreadcrumbList\",\"@id\":\"https:\\\/\\\/allasorias.hu\\\/hirek\\\/milyen-vezeto-a-z-generacios\\\/#breadcrumblist\",\"itemListElement\":[{\"@type\":\"ListItem\",\"@id\":\"https:\\\/\\\/allasorias.hu\\\/hirek#listItem\",\"position\":1,\"name\":\"Home\",\"item\":\"https:\\\/\\\/allasorias.hu\\\/hirek\",\"nextItem\":{\"@type\":\"ListItem\",\"@id\":\"https:\\\/\\\/allasorias.hu\\\/hirek\\\/temak\\\/gazdasag\\\/#listItem\",\"name\":\"Gazdas\\u00e1g\"}},{\"@type\":\"ListItem\",\"@id\":\"https:\\\/\\\/allasorias.hu\\\/hirek\\\/temak\\\/gazdasag\\\/#listItem\",\"position\":2,\"name\":\"Gazdas\\u00e1g\",\"item\":\"https:\\\/\\\/allasorias.hu\\\/hirek\\\/temak\\\/gazdasag\\\/\",\"nextItem\":{\"@type\":\"ListItem\",\"@id\":\"https:\\\/\\\/allasorias.hu\\\/hirek\\\/milyen-vezeto-a-z-generacios\\\/#listItem\",\"name\":\"Milyen vezet\\u0151 a Z gener\\u00e1ci\\u00f3s ?\"},\"previousItem\":{\"@type\":\"ListItem\",\"@id\":\"https:\\\/\\\/allasorias.hu\\\/hirek#listItem\",\"name\":\"Home\"}},{\"@type\":\"ListItem\",\"@id\":\"https:\\\/\\\/allasorias.hu\\\/hirek\\\/milyen-vezeto-a-z-generacios\\\/#listItem\",\"position\":3,\"name\":\"Milyen vezet\\u0151 a Z gener\\u00e1ci\\u00f3s ?\",\"previousItem\":{\"@type\":\"ListItem\",\"@id\":\"https:\\\/\\\/allasorias.hu\\\/hirek\\\/temak\\\/gazdasag\\\/#listItem\",\"name\":\"Gazdas\\u00e1g\"}}]},{\"@type\":\"Organization\",\"@id\":\"https:\\\/\\\/allasorias.hu\\\/hirek\\\/#organization\",\"name\":\"AllasOrias.hu | H\\u00edrek-lapszemle\",\"description\":\"\\u00dczleti h\\u00edrek az \\u00e1ll\\u00e1s \\u00e9s a munka vil\\u00e1g\\u00e1b\\u00f3l\",\"url\":\"https:\\\/\\\/allasorias.hu\\\/hirek\\\/\",\"logo\":{\"@type\":\"ImageObject\",\"url\":\"https:\\\/\\\/allasorias.hu\\\/hirek\\\/wp-content\\\/uploads\\\/2022\\\/10\\\/allasorias_site_facebok_logo.png\",\"@id\":\"https:\\\/\\\/allasorias.hu\\\/hirek\\\/milyen-vezeto-a-z-generacios\\\/#organizationLogo\"},\"image\":{\"@id\":\"https:\\\/\\\/allasorias.hu\\\/hirek\\\/milyen-vezeto-a-z-generacios\\\/#organizationLogo\"},\"sameAs\":[\"https:\\\/\\\/www.facebook.com\\\/allasorias\",\"https:\\\/\\\/www.linkedin.com\\\/company\\\/allasorias\"]},{\"@type\":\"Person\",\"@id\":\"https:\\\/\\\/allasorias.hu\\\/hirek\\\/author\\\/admin-allasorias\\\/#author\",\"url\":\"https:\\\/\\\/allasorias.hu\\\/hirek\\\/author\\\/admin-allasorias\\\/\",\"name\":\"Juh\\u00e1sz P\\u00e9ter\",\"image\":{\"@type\":\"ImageObject\",\"@id\":\"https:\\\/\\\/allasorias.hu\\\/hirek\\\/milyen-vezeto-a-z-generacios\\\/#authorImage\",\"url\":\"https:\\\/\\\/secure.gravatar.com\\\/avatar\\\/36e6bcb83148978b992977cb0f54d22feb0cce8a0a849a9410532bb2623ba4c6?s=96&d=mm&r=g\",\"width\":96,\"height\":96,\"caption\":\"Juh\\u00e1sz P\\u00e9ter\"}},{\"@type\":\"WebPage\",\"@id\":\"https:\\\/\\\/allasorias.hu\\\/hirek\\\/milyen-vezeto-a-z-generacios\\\/#webpage\",\"url\":\"https:\\\/\\\/allasorias.hu\\\/hirek\\\/milyen-vezeto-a-z-generacios\\\/\",\"name\":\"Milyen vezet\\u0151 a Z gener\\u00e1ci\\u00f3s ? | AllasOrias.hu | H\\u00edrek-lapszemle\",\"description\":\"A Z gener\\u00e1ci\\u00f3 azt vallja, kiv\\u00e1l\\u00f3 c\\u00e9gvezet\\u0151, mert tanul\\u00e9kony, j\\u00f3 alkalmazkod\\u00f3k\\u00e9pess\\u00e9ge van, kreat\\u00edv, \\u00e9s k\\u00edv\\u00e1ncsi. A j\\u00f6v\\u0151 vezet\\u0151i szerint 2050-ben diploma helyett a vizsg\\u00e1val nem megszerezhet\\u0151 szoci\\u00e1lis k\\u00e9szs\\u00e9geken lesz a hangs\\u00faly, \\u00e9s a vezet\\u0151i k\\u00e9pess\\u00e9geket nem felt\\u00e9tlen\\u00fcl az iskolapadban, hanem a munkahelyi rangl\\u00e9tr\\u00e1t v\\u00e9gig j\\u00e1rva fogj\\u00e1k megszerezni \\u2013 der\\u00fcl ki az Adecco Csoport #CtheFuture Z\",\"inLanguage\":\"hu-HU\",\"isPartOf\":{\"@id\":\"https:\\\/\\\/allasorias.hu\\\/hirek\\\/#website\"},\"breadcrumb\":{\"@id\":\"https:\\\/\\\/allasorias.hu\\\/hirek\\\/milyen-vezeto-a-z-generacios\\\/#breadcrumblist\"},\"author\":{\"@id\":\"https:\\\/\\\/allasorias.hu\\\/hirek\\\/author\\\/admin-allasorias\\\/#author\"},\"creator\":{\"@id\":\"https:\\\/\\\/allasorias.hu\\\/hirek\\\/author\\\/admin-allasorias\\\/#author\"},\"image\":{\"@type\":\"ImageObject\",\"url\":\"https:\\\/\\\/allasorias.hu\\\/hirek\\\/wp-content\\\/uploads\\\/2019\\\/10\\\/lead_800x450.jpg\",\"@id\":\"https:\\\/\\\/allasorias.hu\\\/hirek\\\/milyen-vezeto-a-z-generacios\\\/#mainImage\",\"width\":800,\"height\":449},\"primaryImageOfPage\":{\"@id\":\"https:\\\/\\\/allasorias.hu\\\/hirek\\\/milyen-vezeto-a-z-generacios\\\/#mainImage\"},\"datePublished\":\"2019-10-03T08:04:56+02:00\",\"dateModified\":\"2019-10-03T08:04:56+02:00\"},{\"@type\":\"WebSite\",\"@id\":\"https:\\\/\\\/allasorias.hu\\\/hirek\\\/#website\",\"url\":\"https:\\\/\\\/allasorias.hu\\\/hirek\\\/\",\"name\":\"AllasOrias.hu | H\\u00edrek-lapszemle\",\"description\":\"\\u00dczleti h\\u00edrek az \\u00e1ll\\u00e1s \\u00e9s a munka vil\\u00e1g\\u00e1b\\u00f3l\",\"inLanguage\":\"hu-HU\",\"publisher\":{\"@id\":\"https:\\\/\\\/allasorias.hu\\\/hirek\\\/#organization\"}}]}\n\t\t<\/script>\n\t\t<!-- All in One SEO -->\n\n","aioseo_head_json":{"title":"Milyen vezet\u0151 a Z gener\u00e1ci\u00f3s ? | AllasOrias.hu | H\u00edrek-lapszemle","description":"A Z gener\u00e1ci\u00f3 azt vallja, kiv\u00e1l\u00f3 c\u00e9gvezet\u0151, mert tanul\u00e9kony, j\u00f3 alkalmazkod\u00f3k\u00e9pess\u00e9ge van, kreat\u00edv, \u00e9s k\u00edv\u00e1ncsi. A j\u00f6v\u0151 vezet\u0151i szerint 2050-ben diploma helyett a vizsg\u00e1val nem megszerezhet\u0151 szoci\u00e1lis k\u00e9szs\u00e9geken lesz a hangs\u00faly, \u00e9s a vezet\u0151i k\u00e9pess\u00e9geket nem felt\u00e9tlen\u00fcl az iskolapadban, hanem a munkahelyi rangl\u00e9tr\u00e1t v\u00e9gig j\u00e1rva fogj\u00e1k megszerezni \u2013 der\u00fcl ki az Adecco Csoport #CtheFuture Z","canonical_url":"https:\/\/allasorias.hu\/hirek\/milyen-vezeto-a-z-generacios\/","robots":"max-image-preview:large","keywords":"","webmasterTools":{"miscellaneous":""},"schema":{"@context":"https:\/\/schema.org","@graph":[{"@type":"Article","@id":"https:\/\/allasorias.hu\/hirek\/milyen-vezeto-a-z-generacios\/#article","name":"Milyen vezet\u0151 a Z gener\u00e1ci\u00f3s ? | AllasOrias.hu | H\u00edrek-lapszemle","headline":"Milyen vezet\u0151 a Z gener\u00e1ci\u00f3s ?","author":{"@id":"https:\/\/allasorias.hu\/hirek\/author\/admin-allasorias\/#author"},"publisher":{"@id":"https:\/\/allasorias.hu\/hirek\/#organization"},"image":{"@type":"ImageObject","url":"https:\/\/allasorias.hu\/hirek\/wp-content\/uploads\/2019\/10\/lead_800x450.jpg","width":800,"height":449},"datePublished":"2019-10-03T08:04:56+02:00","dateModified":"2019-10-03T08:04:56+02:00","inLanguage":"hu-HU","mainEntityOfPage":{"@id":"https:\/\/allasorias.hu\/hirek\/milyen-vezeto-a-z-generacios\/#webpage"},"isPartOf":{"@id":"https:\/\/allasorias.hu\/hirek\/milyen-vezeto-a-z-generacios\/#webpage"},"articleSection":"Gazdas\u00e1g"},{"@type":"BreadcrumbList","@id":"https:\/\/allasorias.hu\/hirek\/milyen-vezeto-a-z-generacios\/#breadcrumblist","itemListElement":[{"@type":"ListItem","@id":"https:\/\/allasorias.hu\/hirek#listItem","position":1,"name":"Home","item":"https:\/\/allasorias.hu\/hirek","nextItem":{"@type":"ListItem","@id":"https:\/\/allasorias.hu\/hirek\/temak\/gazdasag\/#listItem","name":"Gazdas\u00e1g"}},{"@type":"ListItem","@id":"https:\/\/allasorias.hu\/hirek\/temak\/gazdasag\/#listItem","position":2,"name":"Gazdas\u00e1g","item":"https:\/\/allasorias.hu\/hirek\/temak\/gazdasag\/","nextItem":{"@type":"ListItem","@id":"https:\/\/allasorias.hu\/hirek\/milyen-vezeto-a-z-generacios\/#listItem","name":"Milyen vezet\u0151 a Z gener\u00e1ci\u00f3s ?"},"previousItem":{"@type":"ListItem","@id":"https:\/\/allasorias.hu\/hirek#listItem","name":"Home"}},{"@type":"ListItem","@id":"https:\/\/allasorias.hu\/hirek\/milyen-vezeto-a-z-generacios\/#listItem","position":3,"name":"Milyen vezet\u0151 a Z gener\u00e1ci\u00f3s ?","previousItem":{"@type":"ListItem","@id":"https:\/\/allasorias.hu\/hirek\/temak\/gazdasag\/#listItem","name":"Gazdas\u00e1g"}}]},{"@type":"Organization","@id":"https:\/\/allasorias.hu\/hirek\/#organization","name":"AllasOrias.hu | H\u00edrek-lapszemle","description":"\u00dczleti h\u00edrek az \u00e1ll\u00e1s \u00e9s a munka vil\u00e1g\u00e1b\u00f3l","url":"https:\/\/allasorias.hu\/hirek\/","logo":{"@type":"ImageObject","url":"https:\/\/allasorias.hu\/hirek\/wp-content\/uploads\/2022\/10\/allasorias_site_facebok_logo.png","@id":"https:\/\/allasorias.hu\/hirek\/milyen-vezeto-a-z-generacios\/#organizationLogo"},"image":{"@id":"https:\/\/allasorias.hu\/hirek\/milyen-vezeto-a-z-generacios\/#organizationLogo"},"sameAs":["https:\/\/www.facebook.com\/allasorias","https:\/\/www.linkedin.com\/company\/allasorias"]},{"@type":"Person","@id":"https:\/\/allasorias.hu\/hirek\/author\/admin-allasorias\/#author","url":"https:\/\/allasorias.hu\/hirek\/author\/admin-allasorias\/","name":"Juh\u00e1sz P\u00e9ter","image":{"@type":"ImageObject","@id":"https:\/\/allasorias.hu\/hirek\/milyen-vezeto-a-z-generacios\/#authorImage","url":"https:\/\/secure.gravatar.com\/avatar\/36e6bcb83148978b992977cb0f54d22feb0cce8a0a849a9410532bb2623ba4c6?s=96&d=mm&r=g","width":96,"height":96,"caption":"Juh\u00e1sz P\u00e9ter"}},{"@type":"WebPage","@id":"https:\/\/allasorias.hu\/hirek\/milyen-vezeto-a-z-generacios\/#webpage","url":"https:\/\/allasorias.hu\/hirek\/milyen-vezeto-a-z-generacios\/","name":"Milyen vezet\u0151 a Z gener\u00e1ci\u00f3s ? | AllasOrias.hu | H\u00edrek-lapszemle","description":"A Z gener\u00e1ci\u00f3 azt vallja, kiv\u00e1l\u00f3 c\u00e9gvezet\u0151, mert tanul\u00e9kony, j\u00f3 alkalmazkod\u00f3k\u00e9pess\u00e9ge van, kreat\u00edv, \u00e9s k\u00edv\u00e1ncsi. A j\u00f6v\u0151 vezet\u0151i szerint 2050-ben diploma helyett a vizsg\u00e1val nem megszerezhet\u0151 szoci\u00e1lis k\u00e9szs\u00e9geken lesz a hangs\u00faly, \u00e9s a vezet\u0151i k\u00e9pess\u00e9geket nem felt\u00e9tlen\u00fcl az iskolapadban, hanem a munkahelyi rangl\u00e9tr\u00e1t v\u00e9gig j\u00e1rva fogj\u00e1k megszerezni \u2013 der\u00fcl ki az Adecco Csoport #CtheFuture Z","inLanguage":"hu-HU","isPartOf":{"@id":"https:\/\/allasorias.hu\/hirek\/#website"},"breadcrumb":{"@id":"https:\/\/allasorias.hu\/hirek\/milyen-vezeto-a-z-generacios\/#breadcrumblist"},"author":{"@id":"https:\/\/allasorias.hu\/hirek\/author\/admin-allasorias\/#author"},"creator":{"@id":"https:\/\/allasorias.hu\/hirek\/author\/admin-allasorias\/#author"},"image":{"@type":"ImageObject","url":"https:\/\/allasorias.hu\/hirek\/wp-content\/uploads\/2019\/10\/lead_800x450.jpg","@id":"https:\/\/allasorias.hu\/hirek\/milyen-vezeto-a-z-generacios\/#mainImage","width":800,"height":449},"primaryImageOfPage":{"@id":"https:\/\/allasorias.hu\/hirek\/milyen-vezeto-a-z-generacios\/#mainImage"},"datePublished":"2019-10-03T08:04:56+02:00","dateModified":"2019-10-03T08:04:56+02:00"},{"@type":"WebSite","@id":"https:\/\/allasorias.hu\/hirek\/#website","url":"https:\/\/allasorias.hu\/hirek\/","name":"AllasOrias.hu | H\u00edrek-lapszemle","description":"\u00dczleti h\u00edrek az \u00e1ll\u00e1s \u00e9s a munka vil\u00e1g\u00e1b\u00f3l","inLanguage":"hu-HU","publisher":{"@id":"https:\/\/allasorias.hu\/hirek\/#organization"}}]},"og:locale":"hu_HU","og:site_name":"AllasOrias.hu | H\u00edrek-lapszemle | \u00dczleti h\u00edrek az \u00e1ll\u00e1s \u00e9s a munka vil\u00e1g\u00e1b\u00f3l","og:type":"article","og:title":"Milyen vezet\u0151 a Z gener\u00e1ci\u00f3s ? | AllasOrias.hu | H\u00edrek-lapszemle","og:description":"A Z gener\u00e1ci\u00f3 azt vallja, kiv\u00e1l\u00f3 c\u00e9gvezet\u0151, mert tanul\u00e9kony, j\u00f3 alkalmazkod\u00f3k\u00e9pess\u00e9ge van, kreat\u00edv, \u00e9s k\u00edv\u00e1ncsi. A j\u00f6v\u0151 vezet\u0151i szerint 2050-ben diploma helyett a vizsg\u00e1val nem megszerezhet\u0151 szoci\u00e1lis k\u00e9szs\u00e9geken lesz a hangs\u00faly, \u00e9s a vezet\u0151i k\u00e9pess\u00e9geket nem felt\u00e9tlen\u00fcl az iskolapadban, hanem a munkahelyi rangl\u00e9tr\u00e1t v\u00e9gig j\u00e1rva fogj\u00e1k megszerezni \u2013 der\u00fcl ki az Adecco Csoport #CtheFuture Z","og:url":"https:\/\/allasorias.hu\/hirek\/milyen-vezeto-a-z-generacios\/","og:image":"https:\/\/allasorias.hu\/hirek\/wp-content\/uploads\/2019\/10\/lead_800x450.jpg","og:image:secure_url":"https:\/\/allasorias.hu\/hirek\/wp-content\/uploads\/2019\/10\/lead_800x450.jpg","og:image:width":800,"og:image:height":449,"article:published_time":"2019-10-03T08:04:56+00:00","article:modified_time":"2019-10-03T08:04:56+00:00","article:publisher":"https:\/\/www.facebook.com\/allasorias","twitter:card":"summary_large_image","twitter:title":"Milyen vezet\u0151 a Z gener\u00e1ci\u00f3s ? | AllasOrias.hu | H\u00edrek-lapszemle","twitter:description":"A Z gener\u00e1ci\u00f3 azt vallja, kiv\u00e1l\u00f3 c\u00e9gvezet\u0151, mert tanul\u00e9kony, j\u00f3 alkalmazkod\u00f3k\u00e9pess\u00e9ge van, kreat\u00edv, \u00e9s k\u00edv\u00e1ncsi. A j\u00f6v\u0151 vezet\u0151i szerint 2050-ben diploma helyett a vizsg\u00e1val nem megszerezhet\u0151 szoci\u00e1lis k\u00e9szs\u00e9geken lesz a hangs\u00faly, \u00e9s a vezet\u0151i k\u00e9pess\u00e9geket nem felt\u00e9tlen\u00fcl az iskolapadban, hanem a munkahelyi rangl\u00e9tr\u00e1t v\u00e9gig j\u00e1rva fogj\u00e1k megszerezni \u2013 der\u00fcl ki az Adecco Csoport #CtheFuture Z","twitter:image":"https:\/\/allasorias.hu\/hirek\/wp-content\/uploads\/2019\/10\/lead_800x450.jpg","twitter:label1":"Written by","twitter:data1":"Juh\u00e1sz P\u00e9ter","twitter:label2":"Est. reading time","twitter:data2":"2 minutes"},"aioseo_meta_data":{"post_id":"3352","title":null,"description":null,"keywords":null,"keyphrases":null,"primary_term":null,"canonical_url":null,"og_title":null,"og_description":null,"og_object_type":"default","og_image_type":"default","og_image_url":null,"og_image_width":null,"og_image_height":null,"og_image_custom_url":null,"og_image_custom_fields":null,"og_video":null,"og_custom_url":null,"og_article_section":null,"og_article_tags":null,"twitter_use_og":false,"twitter_card":"default","twitter_image_type":"default","twitter_image_url":null,"twitter_image_custom_url":null,"twitter_image_custom_fields":null,"twitter_title":null,"twitter_description":null,"schema":{"blockGraphs":[],"customGraphs":[],"default":{"data":{"Article":[],"Course":[],"Dataset":[],"FAQPage":[],"Movie":[],"Person":[],"Product":[],"ProductReview":[],"Car":[],"Recipe":[],"Service":[],"SoftwareApplication":[],"WebPage":[]},"graphName":"","isEnabled":true},"graphs":[],"defaultGraph":"","defaultPostTypeGraph":""},"schema_type":null,"schema_type_options":null,"pillar_content":false,"robots_default":true,"robots_noindex":false,"robots_noarchive":false,"robots_nosnippet":false,"robots_nofollow":false,"robots_noimageindex":false,"robots_noodp":false,"robots_notranslate":false,"robots_max_snippet":null,"robots_max_videopreview":null,"robots_max_imagepreview":"large","priority":null,"frequency":null,"location":null,"local_seo":null,"breadcrumb_settings":null,"limit_modified_date":false,"ai":null,"created":"2021-02-01 22:54:08","updated":"2025-10-02 11:52:53","seo_analyzer_scan_date":null,"focus_keyword":null,"additional_keywords":null,"truseo_locale":null},"aioseo_breadcrumb":"<div class=\"aioseo-breadcrumbs\"><span class=\"aioseo-breadcrumb\">\n\t\t\t<a href=\"https:\/\/allasorias.hu\/hirek\" title=\"Home\">Home<\/a>\n\t\t<\/span><span class=\"aioseo-breadcrumb-separator\">&raquo;<\/span><span class=\"aioseo-breadcrumb\">\n\t\t\t<a href=\"https:\/\/allasorias.hu\/hirek\/temak\/gazdasag\/\" title=\"Gazdas\u00e1g\">Gazdas\u00e1g<\/a>\n\t\t<\/span><span class=\"aioseo-breadcrumb-separator\">&raquo;<\/span><span class=\"aioseo-breadcrumb\">\n\t\t\tMilyen vezet\u0151 a Z gener\u00e1ci\u00f3s ?\n\t\t<\/span><\/div>","aioseo_breadcrumb_json":[{"label":"Home","link":"https:\/\/allasorias.hu\/hirek"},{"label":"Gazdas\u00e1g","link":"https:\/\/allasorias.hu\/hirek\/temak\/gazdasag\/"},{"label":"Milyen vezet\u0151 a Z gener\u00e1ci\u00f3s ?","link":"https:\/\/allasorias.hu\/hirek\/milyen-vezeto-a-z-generacios\/"}],"_links":{"self":[{"href":"https:\/\/allasorias.hu\/hirek\/wp-json\/wp\/v2\/posts\/3352","targetHints":{"allow":["GET"]}}],"collection":[{"href":"https:\/\/allasorias.hu\/hirek\/wp-json\/wp\/v2\/posts"}],"about":[{"href":"https:\/\/allasorias.hu\/hirek\/wp-json\/wp\/v2\/types\/post"}],"author":[{"embeddable":true,"href":"https:\/\/allasorias.hu\/hirek\/wp-json\/wp\/v2\/users\/1"}],"replies":[{"embeddable":true,"href":"https:\/\/allasorias.hu\/hirek\/wp-json\/wp\/v2\/comments?post=3352"}],"version-history":[{"count":1,"href":"https:\/\/allasorias.hu\/hirek\/wp-json\/wp\/v2\/posts\/3352\/revisions"}],"predecessor-version":[{"id":3354,"href":"https:\/\/allasorias.hu\/hirek\/wp-json\/wp\/v2\/posts\/3352\/revisions\/3354"}],"wp:featuredmedia":[{"embeddable":true,"href":"https:\/\/allasorias.hu\/hirek\/wp-json\/wp\/v2\/media\/3353"}],"wp:attachment":[{"href":"https:\/\/allasorias.hu\/hirek\/wp-json\/wp\/v2\/media?parent=3352"}],"wp:term":[{"taxonomy":"category","embeddable":true,"href":"https:\/\/allasorias.hu\/hirek\/wp-json\/wp\/v2\/categories?post=3352"},{"taxonomy":"post_tag","embeddable":true,"href":"https:\/\/allasorias.hu\/hirek\/wp-json\/wp\/v2\/tags?post=3352"}],"curies":[{"name":"wp","href":"https:\/\/api.w.org\/{rel}","templated":true}]}}