{"id":3349,"date":"2019-10-02T08:45:55","date_gmt":"2019-10-02T08:45:55","guid":{"rendered":"https:\/\/allasorias.hu\/hirek\/?p=3349"},"modified":"2019-10-02T08:45:55","modified_gmt":"2019-10-02T08:45:55","slug":"a-parlament-ele-vittek-a-nyugdijemelest-80-ezer-lesz-a-minimum","status":"publish","type":"post","link":"https:\/\/allasorias.hu\/hirek\/a-parlament-ele-vittek-a-nyugdijemelest-80-ezer-lesz-a-minimum\/","title":{"rendered":"A Parlament el\u00e9 vitt\u00e9k a nyugd\u00edjemel\u00e9st \u2013 80 ezer lesz a minimum ?"},"content":{"rendered":"<p><strong>A nyugd\u00edjak \u00e9venk\u00e9nti rendszeres emel\u00e9s\u00e9n\u00e9l a b\u00e9rn\u00f6veked\u00e9st is figyelembe vev\u0151, a nyugd\u00edjminimumot 80 ezer forintra emel\u0151, a rokkants\u00e1gi ell\u00e1t\u00e1st kap\u00f3k k\u00e1rp\u00f3tl\u00e1s\u00e1t el\u0151\u00edr\u00f3 javaslatot terjesztettek az Orsz\u00e1ggy\u0171l\u00e9s el\u00e9 &#8211; \u00edrja a Napi.hu.<\/strong><\/p>\n<p>A lap szerint az \u00faj javaslat sok ponton alak\u00edtan\u00e1 \u00e1t a jelenlegi nyugd\u00edjrendszert, k\u00f6zt\u00fck megv\u00e1ltoztatn\u00e1 a nyugd\u00edjemel\u00e9s sz\u00e1m\u00edt\u00e1si m\u00f3dj\u00e1t, a nyugd\u00edjminimum \u00f6sszeg\u00e9t,\u00a0 a nyugd\u00edjpr\u00e9mium fizet\u00e9s\u00e9t, valamint vissza\u00e1ll\u00edtan\u00e1 a nyugd\u00edjj\u00e1rul\u00e9k-plafon rendszer\u00e9t. A legfontosabb m\u00f3dos\u00edt\u00e1s p\u00e9ld\u00e1ul az lenne, hogy a 2019. novemberi kieg\u00e9sz\u00edt\u0151 nyugd\u00edjemel\u00e9s m\u00e9rt\u00e9k\u00e9t legal\u00e1bb egy sz\u00e1zal\u00e9kban hat\u00e1rozza meg a javaslat, m\u00edg a nyugd\u00edjak \u00e9venk\u00e9nti rendszeres emel\u00e9s\u00e9n\u00e9l a b\u00e9rn\u00f6veked\u00e9st is belesz\u00e1m\u00edtan\u00e1k a n\u00f6vel\u00e9sbe, \u00edgy a 2020-as emel\u00e9s legal\u00e1bb 5,6 sz\u00e1zal\u00e9k lenne. A meg\u00e9lhet\u00e9st jav\u00edthatn\u00e1 sokakn\u00e1l, hogy a jelenleg sem t\u00fal szigor\u00fa munkav\u00e1llal\u00e1si korl\u00e1toz\u00e1sokat teljesen elt\u00f6r\u00f6ln\u00e9k &#8211; der\u00fclt ki az MSZP-frakci\u00f3 el\u0151terjeszt\u00e9s\u00e9b\u0151l. A sz\u00e1m\u00edt\u00e1sban a k\u00f6lts\u00e9gvet\u00e9sben tervezett adatokat vett\u00e9k alapul: az \u00e1rak 2,8 sz\u00e1zal\u00e9kkal \u00e9s a b\u00e9rek 8,3 sz\u00e1zal\u00e9kkal n\u0151hetnek, \u00edgy j\u00f6n ki az 5,6 sz\u00e1zal\u00e9kos index\u00e1lt emel\u00e9s &#8211; \u00edrja a lap. \u00c9rdekes v\u00e1ltoztat\u00e1s m\u00e9g az is, hogy a jelenlegi rezsiutalv\u00e1ny-oszt\u00e1shoz hasonl\u00f3k elt\u00f6rl\u00e9s\u00e9t javasolj\u00e1k, de helyette a t\u00e1mogat\u00e1sok \u00f6sszeg\u00e9t k\u00e9szp\u00e9nzben bocs\u00e1tan\u00e1k az id\u0151sek rendelkez\u00e9s\u00e9re. Emellett azt is javasolj\u00e1k, hogy a parlament azonnal emelje fel 80 ezer forintra a nyugd\u00edjminimumot \u00e9s az az alatti nyugell\u00e1t\u00e1sokat. A jogszab\u00e1lytervezet r\u00e9sze m\u00e9g az is, hogy az Alkotm\u00e1nyb\u00edr\u00f3s\u00e1g hat\u00e1rozat\u00e1nak megfelel\u0151en hozzanak olyan d\u00f6nt\u00e9st, amellyel k\u00e1rp\u00f3tolj\u00e1k a kor\u00e1bban rokkants\u00e1gi nyugd\u00edjban r\u00e9szes\u00fcl\u0151ket, valamint hogy vizsg\u00e1lj\u00e1k fel\u00fcl a megv\u00e1ltozott munkak\u00e9pess\u00e9g\u0171 szem\u00e9lyek ell\u00e1t\u00e1sair\u00f3l sz\u00f3l\u00f3 szab\u00e1lyoz\u00e1st, A nyugd\u00edjpr\u00e9mium rendszer\u00e9t pedig \u00fagy szabn\u00e1k \u00e1t, hogy az alacsonyabb nyugd\u00edjban r\u00e9szes\u00fcl\u0151k ne kaphassanak kisebb juttat\u00e1st, mint a magasabb ell\u00e1t\u00e1sban r\u00e9szes\u00fcl\u0151k. Azt is javasolj\u00e1k, hogy ink\u00e1bb a kisebb nyugd\u00edjat kap\u00f3knak j\u00e1rjon a magasabb pr\u00e9mium\u00f6sszeg &#8211; \u00e9rtes\u00fclt a port\u00e1l.<\/p>\n<p>Forr\u00e1s: penzcentrum.hu<\/p>\n<p>&nbsp;<\/p>\n","protected":false},"excerpt":{"rendered":"<p>A nyugd\u00edjak \u00e9venk\u00e9nti rendszeres emel\u00e9s\u00e9n\u00e9l a b\u00e9rn\u00f6veked\u00e9st is figyelembe vev\u0151, a nyugd\u00edjminimumot 80 ezer forintra emel\u0151, a rokkants\u00e1gi ell\u00e1t\u00e1st kap\u00f3k k\u00e1rp\u00f3tl\u00e1s\u00e1t el\u0151\u00edr\u00f3 javaslatot terjesztettek az Orsz\u00e1ggy\u0171l\u00e9s el\u00e9 &#8211; \u00edrja a Napi.hu. A lap szerint az \u00faj javaslat sok ponton alak\u00edtan\u00e1 \u00e1t a jelenlegi nyugd\u00edjrendszert, k\u00f6zt\u00fck megv\u00e1ltoztatn\u00e1 a nyugd\u00edjemel\u00e9s sz\u00e1m\u00edt\u00e1si m\u00f3dj\u00e1t, a nyugd\u00edjminimum \u00f6sszeg\u00e9t,\u00a0 a nyugd\u00edjpr\u00e9mium [&hellip;]<\/p>\n","protected":false},"author":1,"featured_media":3350,"comment_status":"open","ping_status":"open","sticky":false,"template":"","format":"standard","meta":{"_monsterinsights_skip_tracking":false,"footnotes":""},"categories":[198],"tags":[],"class_list":["post-3349","post","type-post","status-publish","format-standard","has-post-thumbnail","hentry","category-gazdasag"],"aioseo_notices":[],"aioseo_head":"\n\t\t<!-- All in One SEO 5.0.0.1 - aioseo.com -->\n\t<meta name=\"description\" content=\"A nyugd\u00edjak \u00e9venk\u00e9nti rendszeres emel\u00e9s\u00e9n\u00e9l a b\u00e9rn\u00f6veked\u00e9st is figyelembe vev\u0151, a nyugd\u00edjminimumot 80 ezer forintra emel\u0151, a rokkants\u00e1gi ell\u00e1t\u00e1st kap\u00f3k k\u00e1rp\u00f3tl\u00e1s\u00e1t el\u0151\u00edr\u00f3 javaslatot terjesztettek az Orsz\u00e1ggy\u0171l\u00e9s el\u00e9 - \u00edrja a Napi.hu. A lap szerint az \u00faj javaslat sok ponton alak\u00edtan\u00e1 \u00e1t a jelenlegi nyugd\u00edjrendszert, k\u00f6zt\u00fck megv\u00e1ltoztatn\u00e1 a nyugd\u00edjemel\u00e9s sz\u00e1m\u00edt\u00e1si m\u00f3dj\u00e1t, a nyugd\u00edjminimum \u00f6sszeg\u00e9t, a nyugd\u00edjpr\u00e9mium\" \/>\n\t<meta name=\"robots\" content=\"max-image-preview:large\" \/>\n\t<meta name=\"author\" content=\"Juh\u00e1sz P\u00e9ter\"\/>\n\t<link rel=\"canonical\" href=\"https:\/\/allasorias.hu\/hirek\/a-parlament-ele-vittek-a-nyugdijemelest-80-ezer-lesz-a-minimum\/\" \/>\n\t<meta name=\"generator\" content=\"All in One SEO (AIOSEO) 5.0.0.1\" \/>\n\t\t<meta property=\"og:locale\" content=\"hu_HU\" \/>\n\t\t<meta property=\"og:site_name\" content=\"AllasOrias.hu | H\u00edrek-lapszemle | \u00dczleti h\u00edrek az \u00e1ll\u00e1s \u00e9s a munka vil\u00e1g\u00e1b\u00f3l\" \/>\n\t\t<meta property=\"og:type\" content=\"article\" \/>\n\t\t<meta property=\"og:title\" content=\"A Parlament el\u00e9 vitt\u00e9k a nyugd\u00edjemel\u00e9st \u2013 80 ezer lesz a minimum ? | AllasOrias.hu | H\u00edrek-lapszemle\" \/>\n\t\t<meta property=\"og:description\" content=\"A nyugd\u00edjak \u00e9venk\u00e9nti rendszeres emel\u00e9s\u00e9n\u00e9l a b\u00e9rn\u00f6veked\u00e9st is figyelembe vev\u0151, a nyugd\u00edjminimumot 80 ezer forintra emel\u0151, a rokkants\u00e1gi ell\u00e1t\u00e1st kap\u00f3k k\u00e1rp\u00f3tl\u00e1s\u00e1t el\u0151\u00edr\u00f3 javaslatot terjesztettek az Orsz\u00e1ggy\u0171l\u00e9s el\u00e9 - \u00edrja a Napi.hu. A lap szerint az \u00faj javaslat sok ponton alak\u00edtan\u00e1 \u00e1t a jelenlegi nyugd\u00edjrendszert, k\u00f6zt\u00fck megv\u00e1ltoztatn\u00e1 a nyugd\u00edjemel\u00e9s sz\u00e1m\u00edt\u00e1si m\u00f3dj\u00e1t, a nyugd\u00edjminimum \u00f6sszeg\u00e9t, a nyugd\u00edjpr\u00e9mium\" \/>\n\t\t<meta property=\"og:url\" content=\"https:\/\/allasorias.hu\/hirek\/a-parlament-ele-vittek-a-nyugdijemelest-80-ezer-lesz-a-minimum\/\" \/>\n\t\t<meta property=\"og:image\" content=\"https:\/\/allasorias.hu\/hirek\/wp-content\/uploads\/2019\/10\/hands-981400_640-1.jpg\" \/>\n\t\t<meta property=\"og:image:secure_url\" content=\"https:\/\/allasorias.hu\/hirek\/wp-content\/uploads\/2019\/10\/hands-981400_640-1.jpg\" \/>\n\t\t<meta property=\"og:image:width\" content=\"640\" \/>\n\t\t<meta property=\"og:image:height\" content=\"426\" \/>\n\t\t<meta property=\"article:published_time\" content=\"2019-10-02T08:45:55+00:00\" \/>\n\t\t<meta property=\"article:modified_time\" content=\"2019-10-02T08:45:55+00:00\" \/>\n\t\t<meta property=\"article:publisher\" content=\"https:\/\/www.facebook.com\/allasorias\" \/>\n\t\t<meta name=\"twitter:card\" content=\"summary_large_image\" \/>\n\t\t<meta name=\"twitter:title\" content=\"A Parlament el\u00e9 vitt\u00e9k a nyugd\u00edjemel\u00e9st \u2013 80 ezer lesz a minimum ? | AllasOrias.hu | H\u00edrek-lapszemle\" \/>\n\t\t<meta name=\"twitter:description\" content=\"A nyugd\u00edjak \u00e9venk\u00e9nti rendszeres emel\u00e9s\u00e9n\u00e9l a b\u00e9rn\u00f6veked\u00e9st is figyelembe vev\u0151, a nyugd\u00edjminimumot 80 ezer forintra emel\u0151, a rokkants\u00e1gi ell\u00e1t\u00e1st kap\u00f3k k\u00e1rp\u00f3tl\u00e1s\u00e1t el\u0151\u00edr\u00f3 javaslatot terjesztettek az Orsz\u00e1ggy\u0171l\u00e9s el\u00e9 - \u00edrja a Napi.hu. A lap szerint az \u00faj javaslat sok ponton alak\u00edtan\u00e1 \u00e1t a jelenlegi nyugd\u00edjrendszert, k\u00f6zt\u00fck megv\u00e1ltoztatn\u00e1 a nyugd\u00edjemel\u00e9s sz\u00e1m\u00edt\u00e1si m\u00f3dj\u00e1t, a nyugd\u00edjminimum \u00f6sszeg\u00e9t, a nyugd\u00edjpr\u00e9mium\" \/>\n\t\t<meta name=\"twitter:image\" content=\"https:\/\/allasorias.hu\/hirek\/wp-content\/uploads\/2019\/10\/hands-981400_640-1.jpg\" \/>\n\t\t<meta name=\"twitter:label1\" content=\"Written by\" \/>\n\t\t<meta name=\"twitter:data1\" content=\"Juh\u00e1sz P\u00e9ter\" \/>\n\t\t<meta name=\"twitter:label2\" content=\"Est. reading time\" \/>\n\t\t<meta name=\"twitter:data2\" content=\"2 minutes\" \/>\n\t\t<script type=\"application\/ld+json\" class=\"aioseo-schema\">\n\t\t\t{\"@context\":\"https:\\\/\\\/schema.org\",\"@graph\":[{\"@type\":\"Article\",\"@id\":\"https:\\\/\\\/allasorias.hu\\\/hirek\\\/a-parlament-ele-vittek-a-nyugdijemelest-80-ezer-lesz-a-minimum\\\/#article\",\"name\":\"A Parlament el\\u00e9 vitt\\u00e9k a nyugd\\u00edjemel\\u00e9st \\u2013 80 ezer lesz a minimum ? | AllasOrias.hu | H\\u00edrek-lapszemle\",\"headline\":\"A Parlament el\\u00e9 vitt\\u00e9k a nyugd\\u00edjemel\\u00e9st \\u2013 80 ezer lesz a minimum ?\",\"author\":{\"@id\":\"https:\\\/\\\/allasorias.hu\\\/hirek\\\/author\\\/admin-allasorias\\\/#author\"},\"publisher\":{\"@id\":\"https:\\\/\\\/allasorias.hu\\\/hirek\\\/#organization\"},\"image\":{\"@type\":\"ImageObject\",\"url\":\"https:\\\/\\\/allasorias.hu\\\/hirek\\\/wp-content\\\/uploads\\\/2019\\\/10\\\/hands-981400_640-1.jpg\",\"width\":640,\"height\":426},\"datePublished\":\"2019-10-02T08:45:55+02:00\",\"dateModified\":\"2019-10-02T08:45:55+02:00\",\"inLanguage\":\"hu-HU\",\"mainEntityOfPage\":{\"@id\":\"https:\\\/\\\/allasorias.hu\\\/hirek\\\/a-parlament-ele-vittek-a-nyugdijemelest-80-ezer-lesz-a-minimum\\\/#webpage\"},\"isPartOf\":{\"@id\":\"https:\\\/\\\/allasorias.hu\\\/hirek\\\/a-parlament-ele-vittek-a-nyugdijemelest-80-ezer-lesz-a-minimum\\\/#webpage\"},\"articleSection\":\"Gazdas\\u00e1g\"},{\"@type\":\"BreadcrumbList\",\"@id\":\"https:\\\/\\\/allasorias.hu\\\/hirek\\\/a-parlament-ele-vittek-a-nyugdijemelest-80-ezer-lesz-a-minimum\\\/#breadcrumblist\",\"itemListElement\":[{\"@type\":\"ListItem\",\"@id\":\"https:\\\/\\\/allasorias.hu\\\/hirek#listItem\",\"position\":1,\"name\":\"Home\",\"item\":\"https:\\\/\\\/allasorias.hu\\\/hirek\",\"nextItem\":{\"@type\":\"ListItem\",\"@id\":\"https:\\\/\\\/allasorias.hu\\\/hirek\\\/temak\\\/gazdasag\\\/#listItem\",\"name\":\"Gazdas\\u00e1g\"}},{\"@type\":\"ListItem\",\"@id\":\"https:\\\/\\\/allasorias.hu\\\/hirek\\\/temak\\\/gazdasag\\\/#listItem\",\"position\":2,\"name\":\"Gazdas\\u00e1g\",\"item\":\"https:\\\/\\\/allasorias.hu\\\/hirek\\\/temak\\\/gazdasag\\\/\",\"nextItem\":{\"@type\":\"ListItem\",\"@id\":\"https:\\\/\\\/allasorias.hu\\\/hirek\\\/a-parlament-ele-vittek-a-nyugdijemelest-80-ezer-lesz-a-minimum\\\/#listItem\",\"name\":\"A Parlament el\\u00e9 vitt\\u00e9k a nyugd\\u00edjemel\\u00e9st \\u2013 80 ezer lesz a minimum ?\"},\"previousItem\":{\"@type\":\"ListItem\",\"@id\":\"https:\\\/\\\/allasorias.hu\\\/hirek#listItem\",\"name\":\"Home\"}},{\"@type\":\"ListItem\",\"@id\":\"https:\\\/\\\/allasorias.hu\\\/hirek\\\/a-parlament-ele-vittek-a-nyugdijemelest-80-ezer-lesz-a-minimum\\\/#listItem\",\"position\":3,\"name\":\"A Parlament el\\u00e9 vitt\\u00e9k a nyugd\\u00edjemel\\u00e9st \\u2013 80 ezer lesz a minimum ?\",\"previousItem\":{\"@type\":\"ListItem\",\"@id\":\"https:\\\/\\\/allasorias.hu\\\/hirek\\\/temak\\\/gazdasag\\\/#listItem\",\"name\":\"Gazdas\\u00e1g\"}}]},{\"@type\":\"Organization\",\"@id\":\"https:\\\/\\\/allasorias.hu\\\/hirek\\\/#organization\",\"name\":\"AllasOrias.hu | H\\u00edrek-lapszemle\",\"description\":\"\\u00dczleti h\\u00edrek az \\u00e1ll\\u00e1s \\u00e9s a munka vil\\u00e1g\\u00e1b\\u00f3l\",\"url\":\"https:\\\/\\\/allasorias.hu\\\/hirek\\\/\",\"logo\":{\"@type\":\"ImageObject\",\"url\":\"https:\\\/\\\/allasorias.hu\\\/hirek\\\/wp-content\\\/uploads\\\/2022\\\/10\\\/allasorias_site_facebok_logo.png\",\"@id\":\"https:\\\/\\\/allasorias.hu\\\/hirek\\\/a-parlament-ele-vittek-a-nyugdijemelest-80-ezer-lesz-a-minimum\\\/#organizationLogo\"},\"image\":{\"@id\":\"https:\\\/\\\/allasorias.hu\\\/hirek\\\/a-parlament-ele-vittek-a-nyugdijemelest-80-ezer-lesz-a-minimum\\\/#organizationLogo\"},\"sameAs\":[\"https:\\\/\\\/www.facebook.com\\\/allasorias\",\"https:\\\/\\\/www.linkedin.com\\\/company\\\/allasorias\"]},{\"@type\":\"Person\",\"@id\":\"https:\\\/\\\/allasorias.hu\\\/hirek\\\/author\\\/admin-allasorias\\\/#author\",\"url\":\"https:\\\/\\\/allasorias.hu\\\/hirek\\\/author\\\/admin-allasorias\\\/\",\"name\":\"Juh\\u00e1sz P\\u00e9ter\",\"image\":{\"@type\":\"ImageObject\",\"@id\":\"https:\\\/\\\/allasorias.hu\\\/hirek\\\/a-parlament-ele-vittek-a-nyugdijemelest-80-ezer-lesz-a-minimum\\\/#authorImage\",\"url\":\"https:\\\/\\\/secure.gravatar.com\\\/avatar\\\/36e6bcb83148978b992977cb0f54d22feb0cce8a0a849a9410532bb2623ba4c6?s=96&d=mm&r=g\",\"width\":96,\"height\":96,\"caption\":\"Juh\\u00e1sz P\\u00e9ter\"}},{\"@type\":\"WebPage\",\"@id\":\"https:\\\/\\\/allasorias.hu\\\/hirek\\\/a-parlament-ele-vittek-a-nyugdijemelest-80-ezer-lesz-a-minimum\\\/#webpage\",\"url\":\"https:\\\/\\\/allasorias.hu\\\/hirek\\\/a-parlament-ele-vittek-a-nyugdijemelest-80-ezer-lesz-a-minimum\\\/\",\"name\":\"A Parlament el\\u00e9 vitt\\u00e9k a nyugd\\u00edjemel\\u00e9st \\u2013 80 ezer lesz a minimum ? | AllasOrias.hu | H\\u00edrek-lapszemle\",\"description\":\"A nyugd\\u00edjak \\u00e9venk\\u00e9nti rendszeres emel\\u00e9s\\u00e9n\\u00e9l a b\\u00e9rn\\u00f6veked\\u00e9st is figyelembe vev\\u0151, a nyugd\\u00edjminimumot 80 ezer forintra emel\\u0151, a rokkants\\u00e1gi ell\\u00e1t\\u00e1st kap\\u00f3k k\\u00e1rp\\u00f3tl\\u00e1s\\u00e1t el\\u0151\\u00edr\\u00f3 javaslatot terjesztettek az Orsz\\u00e1ggy\\u0171l\\u00e9s el\\u00e9 - \\u00edrja a Napi.hu. A lap szerint az \\u00faj javaslat sok ponton alak\\u00edtan\\u00e1 \\u00e1t a jelenlegi nyugd\\u00edjrendszert, k\\u00f6zt\\u00fck megv\\u00e1ltoztatn\\u00e1 a nyugd\\u00edjemel\\u00e9s sz\\u00e1m\\u00edt\\u00e1si m\\u00f3dj\\u00e1t, a nyugd\\u00edjminimum \\u00f6sszeg\\u00e9t, a nyugd\\u00edjpr\\u00e9mium\",\"inLanguage\":\"hu-HU\",\"isPartOf\":{\"@id\":\"https:\\\/\\\/allasorias.hu\\\/hirek\\\/#website\"},\"breadcrumb\":{\"@id\":\"https:\\\/\\\/allasorias.hu\\\/hirek\\\/a-parlament-ele-vittek-a-nyugdijemelest-80-ezer-lesz-a-minimum\\\/#breadcrumblist\"},\"author\":{\"@id\":\"https:\\\/\\\/allasorias.hu\\\/hirek\\\/author\\\/admin-allasorias\\\/#author\"},\"creator\":{\"@id\":\"https:\\\/\\\/allasorias.hu\\\/hirek\\\/author\\\/admin-allasorias\\\/#author\"},\"image\":{\"@type\":\"ImageObject\",\"url\":\"https:\\\/\\\/allasorias.hu\\\/hirek\\\/wp-content\\\/uploads\\\/2019\\\/10\\\/hands-981400_640-1.jpg\",\"@id\":\"https:\\\/\\\/allasorias.hu\\\/hirek\\\/a-parlament-ele-vittek-a-nyugdijemelest-80-ezer-lesz-a-minimum\\\/#mainImage\",\"width\":640,\"height\":426},\"primaryImageOfPage\":{\"@id\":\"https:\\\/\\\/allasorias.hu\\\/hirek\\\/a-parlament-ele-vittek-a-nyugdijemelest-80-ezer-lesz-a-minimum\\\/#mainImage\"},\"datePublished\":\"2019-10-02T08:45:55+02:00\",\"dateModified\":\"2019-10-02T08:45:55+02:00\"},{\"@type\":\"WebSite\",\"@id\":\"https:\\\/\\\/allasorias.hu\\\/hirek\\\/#website\",\"url\":\"https:\\\/\\\/allasorias.hu\\\/hirek\\\/\",\"name\":\"AllasOrias.hu | H\\u00edrek-lapszemle\",\"description\":\"\\u00dczleti h\\u00edrek az \\u00e1ll\\u00e1s \\u00e9s a munka vil\\u00e1g\\u00e1b\\u00f3l\",\"inLanguage\":\"hu-HU\",\"publisher\":{\"@id\":\"https:\\\/\\\/allasorias.hu\\\/hirek\\\/#organization\"}}]}\n\t\t<\/script>\n\t\t<!-- All in One SEO -->\n\n","aioseo_head_json":{"title":"A Parlament el\u00e9 vitt\u00e9k a nyugd\u00edjemel\u00e9st \u2013 80 ezer lesz a minimum ? | AllasOrias.hu | H\u00edrek-lapszemle","description":"A nyugd\u00edjak \u00e9venk\u00e9nti rendszeres emel\u00e9s\u00e9n\u00e9l a b\u00e9rn\u00f6veked\u00e9st is figyelembe vev\u0151, a nyugd\u00edjminimumot 80 ezer forintra emel\u0151, a rokkants\u00e1gi ell\u00e1t\u00e1st kap\u00f3k k\u00e1rp\u00f3tl\u00e1s\u00e1t el\u0151\u00edr\u00f3 javaslatot terjesztettek az Orsz\u00e1ggy\u0171l\u00e9s el\u00e9 - \u00edrja a Napi.hu. A lap szerint az \u00faj javaslat sok ponton alak\u00edtan\u00e1 \u00e1t a jelenlegi nyugd\u00edjrendszert, k\u00f6zt\u00fck megv\u00e1ltoztatn\u00e1 a nyugd\u00edjemel\u00e9s sz\u00e1m\u00edt\u00e1si m\u00f3dj\u00e1t, a nyugd\u00edjminimum \u00f6sszeg\u00e9t, a nyugd\u00edjpr\u00e9mium","canonical_url":"https:\/\/allasorias.hu\/hirek\/a-parlament-ele-vittek-a-nyugdijemelest-80-ezer-lesz-a-minimum\/","robots":"max-image-preview:large","keywords":"","webmasterTools":{"miscellaneous":""},"schema":{"@context":"https:\/\/schema.org","@graph":[{"@type":"Article","@id":"https:\/\/allasorias.hu\/hirek\/a-parlament-ele-vittek-a-nyugdijemelest-80-ezer-lesz-a-minimum\/#article","name":"A Parlament el\u00e9 vitt\u00e9k a nyugd\u00edjemel\u00e9st \u2013 80 ezer lesz a minimum ? | AllasOrias.hu | H\u00edrek-lapszemle","headline":"A Parlament el\u00e9 vitt\u00e9k a nyugd\u00edjemel\u00e9st \u2013 80 ezer lesz a minimum ?","author":{"@id":"https:\/\/allasorias.hu\/hirek\/author\/admin-allasorias\/#author"},"publisher":{"@id":"https:\/\/allasorias.hu\/hirek\/#organization"},"image":{"@type":"ImageObject","url":"https:\/\/allasorias.hu\/hirek\/wp-content\/uploads\/2019\/10\/hands-981400_640-1.jpg","width":640,"height":426},"datePublished":"2019-10-02T08:45:55+02:00","dateModified":"2019-10-02T08:45:55+02:00","inLanguage":"hu-HU","mainEntityOfPage":{"@id":"https:\/\/allasorias.hu\/hirek\/a-parlament-ele-vittek-a-nyugdijemelest-80-ezer-lesz-a-minimum\/#webpage"},"isPartOf":{"@id":"https:\/\/allasorias.hu\/hirek\/a-parlament-ele-vittek-a-nyugdijemelest-80-ezer-lesz-a-minimum\/#webpage"},"articleSection":"Gazdas\u00e1g"},{"@type":"BreadcrumbList","@id":"https:\/\/allasorias.hu\/hirek\/a-parlament-ele-vittek-a-nyugdijemelest-80-ezer-lesz-a-minimum\/#breadcrumblist","itemListElement":[{"@type":"ListItem","@id":"https:\/\/allasorias.hu\/hirek#listItem","position":1,"name":"Home","item":"https:\/\/allasorias.hu\/hirek","nextItem":{"@type":"ListItem","@id":"https:\/\/allasorias.hu\/hirek\/temak\/gazdasag\/#listItem","name":"Gazdas\u00e1g"}},{"@type":"ListItem","@id":"https:\/\/allasorias.hu\/hirek\/temak\/gazdasag\/#listItem","position":2,"name":"Gazdas\u00e1g","item":"https:\/\/allasorias.hu\/hirek\/temak\/gazdasag\/","nextItem":{"@type":"ListItem","@id":"https:\/\/allasorias.hu\/hirek\/a-parlament-ele-vittek-a-nyugdijemelest-80-ezer-lesz-a-minimum\/#listItem","name":"A Parlament el\u00e9 vitt\u00e9k a nyugd\u00edjemel\u00e9st \u2013 80 ezer lesz a minimum ?"},"previousItem":{"@type":"ListItem","@id":"https:\/\/allasorias.hu\/hirek#listItem","name":"Home"}},{"@type":"ListItem","@id":"https:\/\/allasorias.hu\/hirek\/a-parlament-ele-vittek-a-nyugdijemelest-80-ezer-lesz-a-minimum\/#listItem","position":3,"name":"A Parlament el\u00e9 vitt\u00e9k a nyugd\u00edjemel\u00e9st \u2013 80 ezer lesz a minimum ?","previousItem":{"@type":"ListItem","@id":"https:\/\/allasorias.hu\/hirek\/temak\/gazdasag\/#listItem","name":"Gazdas\u00e1g"}}]},{"@type":"Organization","@id":"https:\/\/allasorias.hu\/hirek\/#organization","name":"AllasOrias.hu | H\u00edrek-lapszemle","description":"\u00dczleti h\u00edrek az \u00e1ll\u00e1s \u00e9s a munka vil\u00e1g\u00e1b\u00f3l","url":"https:\/\/allasorias.hu\/hirek\/","logo":{"@type":"ImageObject","url":"https:\/\/allasorias.hu\/hirek\/wp-content\/uploads\/2022\/10\/allasorias_site_facebok_logo.png","@id":"https:\/\/allasorias.hu\/hirek\/a-parlament-ele-vittek-a-nyugdijemelest-80-ezer-lesz-a-minimum\/#organizationLogo"},"image":{"@id":"https:\/\/allasorias.hu\/hirek\/a-parlament-ele-vittek-a-nyugdijemelest-80-ezer-lesz-a-minimum\/#organizationLogo"},"sameAs":["https:\/\/www.facebook.com\/allasorias","https:\/\/www.linkedin.com\/company\/allasorias"]},{"@type":"Person","@id":"https:\/\/allasorias.hu\/hirek\/author\/admin-allasorias\/#author","url":"https:\/\/allasorias.hu\/hirek\/author\/admin-allasorias\/","name":"Juh\u00e1sz P\u00e9ter","image":{"@type":"ImageObject","@id":"https:\/\/allasorias.hu\/hirek\/a-parlament-ele-vittek-a-nyugdijemelest-80-ezer-lesz-a-minimum\/#authorImage","url":"https:\/\/secure.gravatar.com\/avatar\/36e6bcb83148978b992977cb0f54d22feb0cce8a0a849a9410532bb2623ba4c6?s=96&d=mm&r=g","width":96,"height":96,"caption":"Juh\u00e1sz P\u00e9ter"}},{"@type":"WebPage","@id":"https:\/\/allasorias.hu\/hirek\/a-parlament-ele-vittek-a-nyugdijemelest-80-ezer-lesz-a-minimum\/#webpage","url":"https:\/\/allasorias.hu\/hirek\/a-parlament-ele-vittek-a-nyugdijemelest-80-ezer-lesz-a-minimum\/","name":"A Parlament el\u00e9 vitt\u00e9k a nyugd\u00edjemel\u00e9st \u2013 80 ezer lesz a minimum ? | AllasOrias.hu | H\u00edrek-lapszemle","description":"A nyugd\u00edjak \u00e9venk\u00e9nti rendszeres emel\u00e9s\u00e9n\u00e9l a b\u00e9rn\u00f6veked\u00e9st is figyelembe vev\u0151, a nyugd\u00edjminimumot 80 ezer forintra emel\u0151, a rokkants\u00e1gi ell\u00e1t\u00e1st kap\u00f3k k\u00e1rp\u00f3tl\u00e1s\u00e1t el\u0151\u00edr\u00f3 javaslatot terjesztettek az Orsz\u00e1ggy\u0171l\u00e9s el\u00e9 - \u00edrja a Napi.hu. A lap szerint az \u00faj javaslat sok ponton alak\u00edtan\u00e1 \u00e1t a jelenlegi nyugd\u00edjrendszert, k\u00f6zt\u00fck megv\u00e1ltoztatn\u00e1 a nyugd\u00edjemel\u00e9s sz\u00e1m\u00edt\u00e1si m\u00f3dj\u00e1t, a nyugd\u00edjminimum \u00f6sszeg\u00e9t, a nyugd\u00edjpr\u00e9mium","inLanguage":"hu-HU","isPartOf":{"@id":"https:\/\/allasorias.hu\/hirek\/#website"},"breadcrumb":{"@id":"https:\/\/allasorias.hu\/hirek\/a-parlament-ele-vittek-a-nyugdijemelest-80-ezer-lesz-a-minimum\/#breadcrumblist"},"author":{"@id":"https:\/\/allasorias.hu\/hirek\/author\/admin-allasorias\/#author"},"creator":{"@id":"https:\/\/allasorias.hu\/hirek\/author\/admin-allasorias\/#author"},"image":{"@type":"ImageObject","url":"https:\/\/allasorias.hu\/hirek\/wp-content\/uploads\/2019\/10\/hands-981400_640-1.jpg","@id":"https:\/\/allasorias.hu\/hirek\/a-parlament-ele-vittek-a-nyugdijemelest-80-ezer-lesz-a-minimum\/#mainImage","width":640,"height":426},"primaryImageOfPage":{"@id":"https:\/\/allasorias.hu\/hirek\/a-parlament-ele-vittek-a-nyugdijemelest-80-ezer-lesz-a-minimum\/#mainImage"},"datePublished":"2019-10-02T08:45:55+02:00","dateModified":"2019-10-02T08:45:55+02:00"},{"@type":"WebSite","@id":"https:\/\/allasorias.hu\/hirek\/#website","url":"https:\/\/allasorias.hu\/hirek\/","name":"AllasOrias.hu | H\u00edrek-lapszemle","description":"\u00dczleti h\u00edrek az \u00e1ll\u00e1s \u00e9s a munka vil\u00e1g\u00e1b\u00f3l","inLanguage":"hu-HU","publisher":{"@id":"https:\/\/allasorias.hu\/hirek\/#organization"}}]},"og:locale":"hu_HU","og:site_name":"AllasOrias.hu | H\u00edrek-lapszemle | \u00dczleti h\u00edrek az \u00e1ll\u00e1s \u00e9s a munka vil\u00e1g\u00e1b\u00f3l","og:type":"article","og:title":"A Parlament el\u00e9 vitt\u00e9k a nyugd\u00edjemel\u00e9st \u2013 80 ezer lesz a minimum ? | AllasOrias.hu | H\u00edrek-lapszemle","og:description":"A nyugd\u00edjak \u00e9venk\u00e9nti rendszeres emel\u00e9s\u00e9n\u00e9l a b\u00e9rn\u00f6veked\u00e9st is figyelembe vev\u0151, a nyugd\u00edjminimumot 80 ezer forintra emel\u0151, a rokkants\u00e1gi ell\u00e1t\u00e1st kap\u00f3k k\u00e1rp\u00f3tl\u00e1s\u00e1t el\u0151\u00edr\u00f3 javaslatot terjesztettek az Orsz\u00e1ggy\u0171l\u00e9s el\u00e9 - \u00edrja a Napi.hu. A lap szerint az \u00faj javaslat sok ponton alak\u00edtan\u00e1 \u00e1t a jelenlegi nyugd\u00edjrendszert, k\u00f6zt\u00fck megv\u00e1ltoztatn\u00e1 a nyugd\u00edjemel\u00e9s sz\u00e1m\u00edt\u00e1si m\u00f3dj\u00e1t, a nyugd\u00edjminimum \u00f6sszeg\u00e9t, a nyugd\u00edjpr\u00e9mium","og:url":"https:\/\/allasorias.hu\/hirek\/a-parlament-ele-vittek-a-nyugdijemelest-80-ezer-lesz-a-minimum\/","og:image":"https:\/\/allasorias.hu\/hirek\/wp-content\/uploads\/2019\/10\/hands-981400_640-1.jpg","og:image:secure_url":"https:\/\/allasorias.hu\/hirek\/wp-content\/uploads\/2019\/10\/hands-981400_640-1.jpg","og:image:width":640,"og:image:height":426,"article:published_time":"2019-10-02T08:45:55+00:00","article:modified_time":"2019-10-02T08:45:55+00:00","article:publisher":"https:\/\/www.facebook.com\/allasorias","twitter:card":"summary_large_image","twitter:title":"A Parlament el\u00e9 vitt\u00e9k a nyugd\u00edjemel\u00e9st \u2013 80 ezer lesz a minimum ? | AllasOrias.hu | H\u00edrek-lapszemle","twitter:description":"A nyugd\u00edjak \u00e9venk\u00e9nti rendszeres emel\u00e9s\u00e9n\u00e9l a b\u00e9rn\u00f6veked\u00e9st is figyelembe vev\u0151, a nyugd\u00edjminimumot 80 ezer forintra emel\u0151, a rokkants\u00e1gi ell\u00e1t\u00e1st kap\u00f3k k\u00e1rp\u00f3tl\u00e1s\u00e1t el\u0151\u00edr\u00f3 javaslatot terjesztettek az Orsz\u00e1ggy\u0171l\u00e9s el\u00e9 - \u00edrja a Napi.hu. A lap szerint az \u00faj javaslat sok ponton alak\u00edtan\u00e1 \u00e1t a jelenlegi nyugd\u00edjrendszert, k\u00f6zt\u00fck megv\u00e1ltoztatn\u00e1 a nyugd\u00edjemel\u00e9s sz\u00e1m\u00edt\u00e1si m\u00f3dj\u00e1t, a nyugd\u00edjminimum \u00f6sszeg\u00e9t, a nyugd\u00edjpr\u00e9mium","twitter:image":"https:\/\/allasorias.hu\/hirek\/wp-content\/uploads\/2019\/10\/hands-981400_640-1.jpg","twitter:label1":"Written by","twitter:data1":"Juh\u00e1sz P\u00e9ter","twitter:label2":"Est. reading time","twitter:data2":"2 minutes"},"aioseo_meta_data":{"post_id":"3349","title":null,"description":null,"keywords":null,"keyphrases":null,"primary_term":null,"canonical_url":null,"og_title":null,"og_description":null,"og_object_type":"default","og_image_type":"default","og_image_url":null,"og_image_width":null,"og_image_height":null,"og_image_custom_url":null,"og_image_custom_fields":null,"og_video":null,"og_custom_url":null,"og_article_section":null,"og_article_tags":null,"twitter_use_og":false,"twitter_card":"default","twitter_image_type":"default","twitter_image_url":null,"twitter_image_custom_url":null,"twitter_image_custom_fields":null,"twitter_title":null,"twitter_description":null,"schema":{"blockGraphs":[],"customGraphs":[],"default":{"data":{"Article":[],"Course":[],"Dataset":[],"FAQPage":[],"Movie":[],"Person":[],"Product":[],"ProductReview":[],"Car":[],"Recipe":[],"Service":[],"SoftwareApplication":[],"WebPage":[]},"graphName":"","isEnabled":true},"graphs":[],"defaultGraph":"","defaultPostTypeGraph":""},"schema_type":null,"schema_type_options":null,"pillar_content":false,"robots_default":true,"robots_noindex":false,"robots_noarchive":false,"robots_nosnippet":false,"robots_nofollow":false,"robots_noimageindex":false,"robots_noodp":false,"robots_notranslate":false,"robots_max_snippet":null,"robots_max_videopreview":null,"robots_max_imagepreview":"large","priority":null,"frequency":null,"location":null,"local_seo":null,"breadcrumb_settings":null,"limit_modified_date":false,"ai":null,"created":"2021-02-01 22:54:08","updated":"2025-10-02 11:51:48","seo_analyzer_scan_date":null,"focus_keyword":null,"additional_keywords":null,"truseo_locale":null},"aioseo_breadcrumb":"<div class=\"aioseo-breadcrumbs\"><span class=\"aioseo-breadcrumb\">\n\t\t\t<a href=\"https:\/\/allasorias.hu\/hirek\" title=\"Home\">Home<\/a>\n\t\t<\/span><span class=\"aioseo-breadcrumb-separator\">&raquo;<\/span><span class=\"aioseo-breadcrumb\">\n\t\t\t<a href=\"https:\/\/allasorias.hu\/hirek\/temak\/gazdasag\/\" title=\"Gazdas\u00e1g\">Gazdas\u00e1g<\/a>\n\t\t<\/span><span class=\"aioseo-breadcrumb-separator\">&raquo;<\/span><span class=\"aioseo-breadcrumb\">\n\t\t\tA Parlament el\u00e9 vitt\u00e9k a nyugd\u00edjemel\u00e9st \u2013 80 ezer lesz a minimum ?\n\t\t<\/span><\/div>","aioseo_breadcrumb_json":[{"label":"Home","link":"https:\/\/allasorias.hu\/hirek"},{"label":"Gazdas\u00e1g","link":"https:\/\/allasorias.hu\/hirek\/temak\/gazdasag\/"},{"label":"A Parlament el\u00e9 vitt\u00e9k a nyugd\u00edjemel\u00e9st \u2013 80 ezer lesz a minimum ?","link":"https:\/\/allasorias.hu\/hirek\/a-parlament-ele-vittek-a-nyugdijemelest-80-ezer-lesz-a-minimum\/"}],"_links":{"self":[{"href":"https:\/\/allasorias.hu\/hirek\/wp-json\/wp\/v2\/posts\/3349","targetHints":{"allow":["GET"]}}],"collection":[{"href":"https:\/\/allasorias.hu\/hirek\/wp-json\/wp\/v2\/posts"}],"about":[{"href":"https:\/\/allasorias.hu\/hirek\/wp-json\/wp\/v2\/types\/post"}],"author":[{"embeddable":true,"href":"https:\/\/allasorias.hu\/hirek\/wp-json\/wp\/v2\/users\/1"}],"replies":[{"embeddable":true,"href":"https:\/\/allasorias.hu\/hirek\/wp-json\/wp\/v2\/comments?post=3349"}],"version-history":[{"count":1,"href":"https:\/\/allasorias.hu\/hirek\/wp-json\/wp\/v2\/posts\/3349\/revisions"}],"predecessor-version":[{"id":3351,"href":"https:\/\/allasorias.hu\/hirek\/wp-json\/wp\/v2\/posts\/3349\/revisions\/3351"}],"wp:featuredmedia":[{"embeddable":true,"href":"https:\/\/allasorias.hu\/hirek\/wp-json\/wp\/v2\/media\/3350"}],"wp:attachment":[{"href":"https:\/\/allasorias.hu\/hirek\/wp-json\/wp\/v2\/media?parent=3349"}],"wp:term":[{"taxonomy":"category","embeddable":true,"href":"https:\/\/allasorias.hu\/hirek\/wp-json\/wp\/v2\/categories?post=3349"},{"taxonomy":"post_tag","embeddable":true,"href":"https:\/\/allasorias.hu\/hirek\/wp-json\/wp\/v2\/tags?post=3349"}],"curies":[{"name":"wp","href":"https:\/\/api.w.org\/{rel}","templated":true}]}}