{"id":3316,"date":"2019-09-23T09:11:40","date_gmt":"2019-09-23T09:11:40","guid":{"rendered":"https:\/\/allasorias.hu\/hirek\/?p=3316"},"modified":"2019-09-23T09:11:40","modified_gmt":"2019-09-23T09:11:40","slug":"kevesebb-adonem-lesz","status":"publish","type":"post","link":"https:\/\/allasorias.hu\/hirek\/kevesebb-adonem-lesz\/","title":{"rendered":"Kevesebb ad\u00f3nem lesz"},"content":{"rendered":"<p><strong>\u00d6sszeolvad a nyugd\u00edjj\u00e1rul\u00e9k, a term\u00e9szetbeni \u00e9s a p\u00e9nzbeli eg\u00e9szs\u00e9gbiztos\u00edt\u00e1si j\u00e1rul\u00e9k, valamint a munkaer\u0151piaci j\u00e1rul\u00e9k. Harmad\u00e1val cs\u00f6kken 2022-ig az ad\u00f3k sz\u00e1ma, j\u00f6v\u0151re n\u00e9gy ad\u00f3fajt\u00e1val lesz kevesebb, egyebek k\u00f6z\u00f6tt megsz\u0171nik az egyszer\u0171s\u00edtett v\u00e1llalkoz\u00f3i ad\u00f3 (eva) is. <\/strong><\/p>\n<p>A P\u00e9nz\u00fcgyminiszt\u00e9rium mintegy 17 ezer \u00e9rintett v\u00e1llalkoz\u00e1snak seg\u00edt a lehet\u0151 legkedvez\u0151bb ad\u00f3z\u00e1si m\u00f3d kiv\u00e1laszt\u00e1s\u00e1ban, az ev\u00e1sok t\u00e1j\u00e9koztat\u00e1sa a j\u00f6v\u0151 h\u00e9ten indul &#8211; t\u00e1j\u00e9koztatta Izer Norbert ad\u00f3\u00fcgyek\u00e9rt felel\u0151s \u00e1llamtitk\u00e1r az MTI-t. A Gazdas\u00e1gv\u00e9delmi Akci\u00f3terv egyik sarkalatos pontja az ad\u00f3k sz\u00e1m\u00e1nak cs\u00f6kkent\u00e9se, amely a v\u00e1llalkoz\u00e1sok b\u00fcrokratikus terheit \u00e9rdemben m\u00e9rs\u00e9kli. A c\u00e9l az, hogy a 2022-ig tart\u00f3 korm\u00e1nyzati ciklus v\u00e9g\u00e9n harmad\u00e1val kevesebb ad\u00f3t\u00edpus legyen, mint amennyi a ciklus elej\u00e9n volt &#8211; hangs\u00falyozta az \u00e1llamtitk\u00e1r. Eml\u00e9keztetett arra, hogy tavaly decemberben m\u00e9g mintegy hatvan k\u00f6zteherfajta volt, amelyb\u0151l az id\u00e9n m\u00e1r \u00f6t\u00f6t kivezetett a korm\u00e1nyzat. A munka folytat\u00f3dik &#8211; mondta Izer Norbert, hozz\u00e1t\u00e9ve, hogy j\u00f6v\u0151re tov\u00e1bbi n\u00e9gy ad\u00f3nem sz\u0171nik meg. Egy teherr\u00e9 olvad \u00f6ssze a nyugd\u00edjj\u00e1rul\u00e9k, a term\u00e9szetbeni \u00e9s a p\u00e9nzbeli eg\u00e9szs\u00e9gbiztos\u00edt\u00e1si j\u00e1rul\u00e9k, valamint a munkaer\u0151piaci j\u00e1rul\u00e9k, a negyedik megsz\u0171n\u0151 tehert\u00edpus pedig az egyszer\u0171s\u00edtett v\u00e1llalkoz\u00f3i ad\u00f3 lesz. Felid\u00e9zte, hogy az eva kor\u00e1bban n\u00e9pszer\u0171 volt, a rekord\u00e9vben, 2006-ban p\u00e9ld\u00e1ul t\u00f6bb mint 99 ezer ev\u00e1st tartott nyilv\u00e1n az ad\u00f3hivatal. \u00c1m ahogy a 2013-ban bevezetett kedvez\u0151 ad\u00f3fajt\u00e1kat egyre t\u00f6bben v\u00e1lasztott\u00e1k, \u00fagy zsugorodott az ev\u00e1sok t\u00e1bora. Az ad\u00f3hivatal legfrissebb &#8211; szeptember 13-i &#8211; nyilv\u00e1ntart\u00e1s\u00e1ban mind\u00f6ssze 17 467 ev\u00e1s szerepel, ek\u00f6zben t\u00f6bb mint 350 ezren v\u00e1lasztott\u00e1k a kisad\u00f3z\u00f3 v\u00e1llalkoz\u00e1sok t\u00e9teles ad\u00f3j\u00e1t (kata), \u00e9s 41 ezren a kisv\u00e1llalati ad\u00f3t (kiva) &#8211; r\u00e9szletezte az \u00e1llamtitk\u00e1r. Izer Norbert kiemelte, hogy a P\u00e9nz\u00fcgyminiszt\u00e9rium seg\u00edti az \u00e9rintetteket a lehet\u0151 legkedvez\u0151bb ad\u00f3z\u00e1si m\u00f3d kiv\u00e1laszt\u00e1s\u00e1ban. A j\u00f6v\u0151 h\u00e9ten indul az ev\u00e1sok\u00a0 t\u00e1j\u00e9koztat\u00e1sa, amely k\u00e9t l\u00e9nyeges r\u00e9szb\u0151l \u00e1ll. Egyr\u00e9szt felker\u00fcl a honlapra egy eva-kalkul\u00e1tor \u00e9s d\u00f6nt\u00e9si seg\u00e9dlet, amelynek seg\u00edts\u00e9g\u00e9vel minden \u00e9rintett v\u00e9gig gondolhatja, kisz\u00e1m\u00edthatja, hogy j\u00f6v\u0151re melyik ad\u00f3z\u00e1si form\u00e1t \u00e9rdemes v\u00e1lasztania.<\/p>\n<p>Forr\u00e1s: dehir.hu<\/p>\n","protected":false},"excerpt":{"rendered":"<p>\u00d6sszeolvad a nyugd\u00edjj\u00e1rul\u00e9k, a term\u00e9szetbeni \u00e9s a p\u00e9nzbeli eg\u00e9szs\u00e9gbiztos\u00edt\u00e1si j\u00e1rul\u00e9k, valamint a munkaer\u0151piaci j\u00e1rul\u00e9k. Harmad\u00e1val cs\u00f6kken 2022-ig az ad\u00f3k sz\u00e1ma, j\u00f6v\u0151re n\u00e9gy ad\u00f3fajt\u00e1val lesz kevesebb, egyebek k\u00f6z\u00f6tt megsz\u0171nik az egyszer\u0171s\u00edtett v\u00e1llalkoz\u00f3i ad\u00f3 (eva) is. A P\u00e9nz\u00fcgyminiszt\u00e9rium mintegy 17 ezer \u00e9rintett v\u00e1llalkoz\u00e1snak seg\u00edt a lehet\u0151 legkedvez\u0151bb ad\u00f3z\u00e1si m\u00f3d kiv\u00e1laszt\u00e1s\u00e1ban, az ev\u00e1sok t\u00e1j\u00e9koztat\u00e1sa a j\u00f6v\u0151 h\u00e9ten indul [&hellip;]<\/p>\n","protected":false},"author":1,"featured_media":2639,"comment_status":"open","ping_status":"open","sticky":false,"template":"","format":"standard","meta":{"_monsterinsights_skip_tracking":false,"footnotes":""},"categories":[198],"tags":[],"class_list":["post-3316","post","type-post","status-publish","format-standard","has-post-thumbnail","hentry","category-gazdasag"],"aioseo_notices":[],"aioseo_head":"\n\t\t<!-- All in One SEO 5.0.0.1 - aioseo.com -->\n\t<meta name=\"description\" content=\"\u00d6sszeolvad a nyugd\u00edjj\u00e1rul\u00e9k, a term\u00e9szetbeni \u00e9s a p\u00e9nzbeli eg\u00e9szs\u00e9gbiztos\u00edt\u00e1si j\u00e1rul\u00e9k, valamint a munkaer\u0151piaci j\u00e1rul\u00e9k. Harmad\u00e1val cs\u00f6kken 2022-ig az ad\u00f3k sz\u00e1ma, j\u00f6v\u0151re n\u00e9gy ad\u00f3fajt\u00e1val lesz kevesebb, egyebek k\u00f6z\u00f6tt megsz\u0171nik az egyszer\u0171s\u00edtett v\u00e1llalkoz\u00f3i ad\u00f3 (eva) is. A P\u00e9nz\u00fcgyminiszt\u00e9rium mintegy 17 ezer \u00e9rintett v\u00e1llalkoz\u00e1snak seg\u00edt a lehet\u0151 legkedvez\u0151bb ad\u00f3z\u00e1si m\u00f3d kiv\u00e1laszt\u00e1s\u00e1ban, az ev\u00e1sok t\u00e1j\u00e9koztat\u00e1sa a j\u00f6v\u0151 h\u00e9ten indul\" \/>\n\t<meta name=\"robots\" content=\"max-image-preview:large\" \/>\n\t<meta name=\"author\" content=\"Juh\u00e1sz P\u00e9ter\"\/>\n\t<link rel=\"canonical\" href=\"https:\/\/allasorias.hu\/hirek\/kevesebb-adonem-lesz\/\" \/>\n\t<meta name=\"generator\" content=\"All in One SEO (AIOSEO) 5.0.0.1\" \/>\n\t\t<meta property=\"og:locale\" content=\"hu_HU\" \/>\n\t\t<meta property=\"og:site_name\" content=\"AllasOrias.hu | H\u00edrek-lapszemle | \u00dczleti h\u00edrek az \u00e1ll\u00e1s \u00e9s a munka vil\u00e1g\u00e1b\u00f3l\" \/>\n\t\t<meta property=\"og:type\" content=\"article\" \/>\n\t\t<meta property=\"og:title\" content=\"Kevesebb ad\u00f3nem lesz | AllasOrias.hu | H\u00edrek-lapszemle\" \/>\n\t\t<meta property=\"og:description\" content=\"\u00d6sszeolvad a nyugd\u00edjj\u00e1rul\u00e9k, a term\u00e9szetbeni \u00e9s a p\u00e9nzbeli eg\u00e9szs\u00e9gbiztos\u00edt\u00e1si j\u00e1rul\u00e9k, valamint a munkaer\u0151piaci j\u00e1rul\u00e9k. Harmad\u00e1val cs\u00f6kken 2022-ig az ad\u00f3k sz\u00e1ma, j\u00f6v\u0151re n\u00e9gy ad\u00f3fajt\u00e1val lesz kevesebb, egyebek k\u00f6z\u00f6tt megsz\u0171nik az egyszer\u0171s\u00edtett v\u00e1llalkoz\u00f3i ad\u00f3 (eva) is. A P\u00e9nz\u00fcgyminiszt\u00e9rium mintegy 17 ezer \u00e9rintett v\u00e1llalkoz\u00e1snak seg\u00edt a lehet\u0151 legkedvez\u0151bb ad\u00f3z\u00e1si m\u00f3d kiv\u00e1laszt\u00e1s\u00e1ban, az ev\u00e1sok t\u00e1j\u00e9koztat\u00e1sa a j\u00f6v\u0151 h\u00e9ten indul\" \/>\n\t\t<meta property=\"og:url\" content=\"https:\/\/allasorias.hu\/hirek\/kevesebb-adonem-lesz\/\" \/>\n\t\t<meta property=\"og:image\" content=\"https:\/\/allasorias.hu\/hirek\/wp-content\/uploads\/2019\/03\/pexels-photo-209224-1.jpeg\" \/>\n\t\t<meta property=\"og:image:secure_url\" content=\"https:\/\/allasorias.hu\/hirek\/wp-content\/uploads\/2019\/03\/pexels-photo-209224-1.jpeg\" \/>\n\t\t<meta property=\"og:image:width\" content=\"640\" \/>\n\t\t<meta property=\"og:image:height\" content=\"426\" \/>\n\t\t<meta property=\"article:published_time\" content=\"2019-09-23T09:11:40+00:00\" \/>\n\t\t<meta property=\"article:modified_time\" content=\"2019-09-23T09:11:40+00:00\" \/>\n\t\t<meta property=\"article:publisher\" content=\"https:\/\/www.facebook.com\/allasorias\" \/>\n\t\t<meta name=\"twitter:card\" content=\"summary_large_image\" \/>\n\t\t<meta name=\"twitter:title\" content=\"Kevesebb ad\u00f3nem lesz | AllasOrias.hu | H\u00edrek-lapszemle\" \/>\n\t\t<meta name=\"twitter:description\" content=\"\u00d6sszeolvad a nyugd\u00edjj\u00e1rul\u00e9k, a term\u00e9szetbeni \u00e9s a p\u00e9nzbeli eg\u00e9szs\u00e9gbiztos\u00edt\u00e1si j\u00e1rul\u00e9k, valamint a munkaer\u0151piaci j\u00e1rul\u00e9k. Harmad\u00e1val cs\u00f6kken 2022-ig az ad\u00f3k sz\u00e1ma, j\u00f6v\u0151re n\u00e9gy ad\u00f3fajt\u00e1val lesz kevesebb, egyebek k\u00f6z\u00f6tt megsz\u0171nik az egyszer\u0171s\u00edtett v\u00e1llalkoz\u00f3i ad\u00f3 (eva) is. A P\u00e9nz\u00fcgyminiszt\u00e9rium mintegy 17 ezer \u00e9rintett v\u00e1llalkoz\u00e1snak seg\u00edt a lehet\u0151 legkedvez\u0151bb ad\u00f3z\u00e1si m\u00f3d kiv\u00e1laszt\u00e1s\u00e1ban, az ev\u00e1sok t\u00e1j\u00e9koztat\u00e1sa a j\u00f6v\u0151 h\u00e9ten indul\" \/>\n\t\t<meta name=\"twitter:image\" content=\"https:\/\/allasorias.hu\/hirek\/wp-content\/uploads\/2019\/03\/pexels-photo-209224-1.jpeg\" \/>\n\t\t<meta name=\"twitter:label1\" content=\"Written by\" \/>\n\t\t<meta name=\"twitter:data1\" content=\"Juh\u00e1sz P\u00e9ter\" \/>\n\t\t<meta name=\"twitter:label2\" content=\"Est. reading time\" \/>\n\t\t<meta name=\"twitter:data2\" content=\"2 minutes\" \/>\n\t\t<script type=\"application\/ld+json\" class=\"aioseo-schema\">\n\t\t\t{\"@context\":\"https:\\\/\\\/schema.org\",\"@graph\":[{\"@type\":\"Article\",\"@id\":\"https:\\\/\\\/allasorias.hu\\\/hirek\\\/kevesebb-adonem-lesz\\\/#article\",\"name\":\"Kevesebb ad\\u00f3nem lesz | AllasOrias.hu | H\\u00edrek-lapszemle\",\"headline\":\"Kevesebb ad\\u00f3nem lesz\",\"author\":{\"@id\":\"https:\\\/\\\/allasorias.hu\\\/hirek\\\/author\\\/admin-allasorias\\\/#author\"},\"publisher\":{\"@id\":\"https:\\\/\\\/allasorias.hu\\\/hirek\\\/#organization\"},\"image\":{\"@type\":\"ImageObject\",\"url\":\"https:\\\/\\\/allasorias.hu\\\/hirek\\\/wp-content\\\/uploads\\\/2019\\\/03\\\/pexels-photo-209224-1.jpeg\",\"width\":640,\"height\":426},\"datePublished\":\"2019-09-23T09:11:40+02:00\",\"dateModified\":\"2019-09-23T09:11:40+02:00\",\"inLanguage\":\"hu-HU\",\"mainEntityOfPage\":{\"@id\":\"https:\\\/\\\/allasorias.hu\\\/hirek\\\/kevesebb-adonem-lesz\\\/#webpage\"},\"isPartOf\":{\"@id\":\"https:\\\/\\\/allasorias.hu\\\/hirek\\\/kevesebb-adonem-lesz\\\/#webpage\"},\"articleSection\":\"Gazdas\\u00e1g\"},{\"@type\":\"BreadcrumbList\",\"@id\":\"https:\\\/\\\/allasorias.hu\\\/hirek\\\/kevesebb-adonem-lesz\\\/#breadcrumblist\",\"itemListElement\":[{\"@type\":\"ListItem\",\"@id\":\"https:\\\/\\\/allasorias.hu\\\/hirek#listItem\",\"position\":1,\"name\":\"Home\",\"item\":\"https:\\\/\\\/allasorias.hu\\\/hirek\",\"nextItem\":{\"@type\":\"ListItem\",\"@id\":\"https:\\\/\\\/allasorias.hu\\\/hirek\\\/temak\\\/gazdasag\\\/#listItem\",\"name\":\"Gazdas\\u00e1g\"}},{\"@type\":\"ListItem\",\"@id\":\"https:\\\/\\\/allasorias.hu\\\/hirek\\\/temak\\\/gazdasag\\\/#listItem\",\"position\":2,\"name\":\"Gazdas\\u00e1g\",\"item\":\"https:\\\/\\\/allasorias.hu\\\/hirek\\\/temak\\\/gazdasag\\\/\",\"nextItem\":{\"@type\":\"ListItem\",\"@id\":\"https:\\\/\\\/allasorias.hu\\\/hirek\\\/kevesebb-adonem-lesz\\\/#listItem\",\"name\":\"Kevesebb ad\\u00f3nem lesz\"},\"previousItem\":{\"@type\":\"ListItem\",\"@id\":\"https:\\\/\\\/allasorias.hu\\\/hirek#listItem\",\"name\":\"Home\"}},{\"@type\":\"ListItem\",\"@id\":\"https:\\\/\\\/allasorias.hu\\\/hirek\\\/kevesebb-adonem-lesz\\\/#listItem\",\"position\":3,\"name\":\"Kevesebb ad\\u00f3nem lesz\",\"previousItem\":{\"@type\":\"ListItem\",\"@id\":\"https:\\\/\\\/allasorias.hu\\\/hirek\\\/temak\\\/gazdasag\\\/#listItem\",\"name\":\"Gazdas\\u00e1g\"}}]},{\"@type\":\"Organization\",\"@id\":\"https:\\\/\\\/allasorias.hu\\\/hirek\\\/#organization\",\"name\":\"AllasOrias.hu | H\\u00edrek-lapszemle\",\"description\":\"\\u00dczleti h\\u00edrek az \\u00e1ll\\u00e1s \\u00e9s a munka vil\\u00e1g\\u00e1b\\u00f3l\",\"url\":\"https:\\\/\\\/allasorias.hu\\\/hirek\\\/\",\"logo\":{\"@type\":\"ImageObject\",\"url\":\"https:\\\/\\\/allasorias.hu\\\/hirek\\\/wp-content\\\/uploads\\\/2022\\\/10\\\/allasorias_site_facebok_logo.png\",\"@id\":\"https:\\\/\\\/allasorias.hu\\\/hirek\\\/kevesebb-adonem-lesz\\\/#organizationLogo\"},\"image\":{\"@id\":\"https:\\\/\\\/allasorias.hu\\\/hirek\\\/kevesebb-adonem-lesz\\\/#organizationLogo\"},\"sameAs\":[\"https:\\\/\\\/www.facebook.com\\\/allasorias\",\"https:\\\/\\\/www.linkedin.com\\\/company\\\/allasorias\"]},{\"@type\":\"Person\",\"@id\":\"https:\\\/\\\/allasorias.hu\\\/hirek\\\/author\\\/admin-allasorias\\\/#author\",\"url\":\"https:\\\/\\\/allasorias.hu\\\/hirek\\\/author\\\/admin-allasorias\\\/\",\"name\":\"Juh\\u00e1sz P\\u00e9ter\",\"image\":{\"@type\":\"ImageObject\",\"@id\":\"https:\\\/\\\/allasorias.hu\\\/hirek\\\/kevesebb-adonem-lesz\\\/#authorImage\",\"url\":\"https:\\\/\\\/secure.gravatar.com\\\/avatar\\\/36e6bcb83148978b992977cb0f54d22feb0cce8a0a849a9410532bb2623ba4c6?s=96&d=mm&r=g\",\"width\":96,\"height\":96,\"caption\":\"Juh\\u00e1sz P\\u00e9ter\"}},{\"@type\":\"WebPage\",\"@id\":\"https:\\\/\\\/allasorias.hu\\\/hirek\\\/kevesebb-adonem-lesz\\\/#webpage\",\"url\":\"https:\\\/\\\/allasorias.hu\\\/hirek\\\/kevesebb-adonem-lesz\\\/\",\"name\":\"Kevesebb ad\\u00f3nem lesz | AllasOrias.hu | H\\u00edrek-lapszemle\",\"description\":\"\\u00d6sszeolvad a nyugd\\u00edjj\\u00e1rul\\u00e9k, a term\\u00e9szetbeni \\u00e9s a p\\u00e9nzbeli eg\\u00e9szs\\u00e9gbiztos\\u00edt\\u00e1si j\\u00e1rul\\u00e9k, valamint a munkaer\\u0151piaci j\\u00e1rul\\u00e9k. Harmad\\u00e1val cs\\u00f6kken 2022-ig az ad\\u00f3k sz\\u00e1ma, j\\u00f6v\\u0151re n\\u00e9gy ad\\u00f3fajt\\u00e1val lesz kevesebb, egyebek k\\u00f6z\\u00f6tt megsz\\u0171nik az egyszer\\u0171s\\u00edtett v\\u00e1llalkoz\\u00f3i ad\\u00f3 (eva) is. A P\\u00e9nz\\u00fcgyminiszt\\u00e9rium mintegy 17 ezer \\u00e9rintett v\\u00e1llalkoz\\u00e1snak seg\\u00edt a lehet\\u0151 legkedvez\\u0151bb ad\\u00f3z\\u00e1si m\\u00f3d kiv\\u00e1laszt\\u00e1s\\u00e1ban, az ev\\u00e1sok t\\u00e1j\\u00e9koztat\\u00e1sa a j\\u00f6v\\u0151 h\\u00e9ten indul\",\"inLanguage\":\"hu-HU\",\"isPartOf\":{\"@id\":\"https:\\\/\\\/allasorias.hu\\\/hirek\\\/#website\"},\"breadcrumb\":{\"@id\":\"https:\\\/\\\/allasorias.hu\\\/hirek\\\/kevesebb-adonem-lesz\\\/#breadcrumblist\"},\"author\":{\"@id\":\"https:\\\/\\\/allasorias.hu\\\/hirek\\\/author\\\/admin-allasorias\\\/#author\"},\"creator\":{\"@id\":\"https:\\\/\\\/allasorias.hu\\\/hirek\\\/author\\\/admin-allasorias\\\/#author\"},\"image\":{\"@type\":\"ImageObject\",\"url\":\"https:\\\/\\\/allasorias.hu\\\/hirek\\\/wp-content\\\/uploads\\\/2019\\\/03\\\/pexels-photo-209224-1.jpeg\",\"@id\":\"https:\\\/\\\/allasorias.hu\\\/hirek\\\/kevesebb-adonem-lesz\\\/#mainImage\",\"width\":640,\"height\":426},\"primaryImageOfPage\":{\"@id\":\"https:\\\/\\\/allasorias.hu\\\/hirek\\\/kevesebb-adonem-lesz\\\/#mainImage\"},\"datePublished\":\"2019-09-23T09:11:40+02:00\",\"dateModified\":\"2019-09-23T09:11:40+02:00\"},{\"@type\":\"WebSite\",\"@id\":\"https:\\\/\\\/allasorias.hu\\\/hirek\\\/#website\",\"url\":\"https:\\\/\\\/allasorias.hu\\\/hirek\\\/\",\"name\":\"AllasOrias.hu | H\\u00edrek-lapszemle\",\"description\":\"\\u00dczleti h\\u00edrek az \\u00e1ll\\u00e1s \\u00e9s a munka vil\\u00e1g\\u00e1b\\u00f3l\",\"inLanguage\":\"hu-HU\",\"publisher\":{\"@id\":\"https:\\\/\\\/allasorias.hu\\\/hirek\\\/#organization\"}}]}\n\t\t<\/script>\n\t\t<!-- All in One SEO -->\n\n","aioseo_head_json":{"title":"Kevesebb ad\u00f3nem lesz | AllasOrias.hu | H\u00edrek-lapszemle","description":"\u00d6sszeolvad a nyugd\u00edjj\u00e1rul\u00e9k, a term\u00e9szetbeni \u00e9s a p\u00e9nzbeli eg\u00e9szs\u00e9gbiztos\u00edt\u00e1si j\u00e1rul\u00e9k, valamint a munkaer\u0151piaci j\u00e1rul\u00e9k. Harmad\u00e1val cs\u00f6kken 2022-ig az ad\u00f3k sz\u00e1ma, j\u00f6v\u0151re n\u00e9gy ad\u00f3fajt\u00e1val lesz kevesebb, egyebek k\u00f6z\u00f6tt megsz\u0171nik az egyszer\u0171s\u00edtett v\u00e1llalkoz\u00f3i ad\u00f3 (eva) is. A P\u00e9nz\u00fcgyminiszt\u00e9rium mintegy 17 ezer \u00e9rintett v\u00e1llalkoz\u00e1snak seg\u00edt a lehet\u0151 legkedvez\u0151bb ad\u00f3z\u00e1si m\u00f3d kiv\u00e1laszt\u00e1s\u00e1ban, az ev\u00e1sok t\u00e1j\u00e9koztat\u00e1sa a j\u00f6v\u0151 h\u00e9ten indul","canonical_url":"https:\/\/allasorias.hu\/hirek\/kevesebb-adonem-lesz\/","robots":"max-image-preview:large","keywords":"","webmasterTools":{"miscellaneous":""},"schema":{"@context":"https:\/\/schema.org","@graph":[{"@type":"Article","@id":"https:\/\/allasorias.hu\/hirek\/kevesebb-adonem-lesz\/#article","name":"Kevesebb ad\u00f3nem lesz | AllasOrias.hu | H\u00edrek-lapszemle","headline":"Kevesebb ad\u00f3nem lesz","author":{"@id":"https:\/\/allasorias.hu\/hirek\/author\/admin-allasorias\/#author"},"publisher":{"@id":"https:\/\/allasorias.hu\/hirek\/#organization"},"image":{"@type":"ImageObject","url":"https:\/\/allasorias.hu\/hirek\/wp-content\/uploads\/2019\/03\/pexels-photo-209224-1.jpeg","width":640,"height":426},"datePublished":"2019-09-23T09:11:40+02:00","dateModified":"2019-09-23T09:11:40+02:00","inLanguage":"hu-HU","mainEntityOfPage":{"@id":"https:\/\/allasorias.hu\/hirek\/kevesebb-adonem-lesz\/#webpage"},"isPartOf":{"@id":"https:\/\/allasorias.hu\/hirek\/kevesebb-adonem-lesz\/#webpage"},"articleSection":"Gazdas\u00e1g"},{"@type":"BreadcrumbList","@id":"https:\/\/allasorias.hu\/hirek\/kevesebb-adonem-lesz\/#breadcrumblist","itemListElement":[{"@type":"ListItem","@id":"https:\/\/allasorias.hu\/hirek#listItem","position":1,"name":"Home","item":"https:\/\/allasorias.hu\/hirek","nextItem":{"@type":"ListItem","@id":"https:\/\/allasorias.hu\/hirek\/temak\/gazdasag\/#listItem","name":"Gazdas\u00e1g"}},{"@type":"ListItem","@id":"https:\/\/allasorias.hu\/hirek\/temak\/gazdasag\/#listItem","position":2,"name":"Gazdas\u00e1g","item":"https:\/\/allasorias.hu\/hirek\/temak\/gazdasag\/","nextItem":{"@type":"ListItem","@id":"https:\/\/allasorias.hu\/hirek\/kevesebb-adonem-lesz\/#listItem","name":"Kevesebb ad\u00f3nem lesz"},"previousItem":{"@type":"ListItem","@id":"https:\/\/allasorias.hu\/hirek#listItem","name":"Home"}},{"@type":"ListItem","@id":"https:\/\/allasorias.hu\/hirek\/kevesebb-adonem-lesz\/#listItem","position":3,"name":"Kevesebb ad\u00f3nem lesz","previousItem":{"@type":"ListItem","@id":"https:\/\/allasorias.hu\/hirek\/temak\/gazdasag\/#listItem","name":"Gazdas\u00e1g"}}]},{"@type":"Organization","@id":"https:\/\/allasorias.hu\/hirek\/#organization","name":"AllasOrias.hu | H\u00edrek-lapszemle","description":"\u00dczleti h\u00edrek az \u00e1ll\u00e1s \u00e9s a munka vil\u00e1g\u00e1b\u00f3l","url":"https:\/\/allasorias.hu\/hirek\/","logo":{"@type":"ImageObject","url":"https:\/\/allasorias.hu\/hirek\/wp-content\/uploads\/2022\/10\/allasorias_site_facebok_logo.png","@id":"https:\/\/allasorias.hu\/hirek\/kevesebb-adonem-lesz\/#organizationLogo"},"image":{"@id":"https:\/\/allasorias.hu\/hirek\/kevesebb-adonem-lesz\/#organizationLogo"},"sameAs":["https:\/\/www.facebook.com\/allasorias","https:\/\/www.linkedin.com\/company\/allasorias"]},{"@type":"Person","@id":"https:\/\/allasorias.hu\/hirek\/author\/admin-allasorias\/#author","url":"https:\/\/allasorias.hu\/hirek\/author\/admin-allasorias\/","name":"Juh\u00e1sz P\u00e9ter","image":{"@type":"ImageObject","@id":"https:\/\/allasorias.hu\/hirek\/kevesebb-adonem-lesz\/#authorImage","url":"https:\/\/secure.gravatar.com\/avatar\/36e6bcb83148978b992977cb0f54d22feb0cce8a0a849a9410532bb2623ba4c6?s=96&d=mm&r=g","width":96,"height":96,"caption":"Juh\u00e1sz P\u00e9ter"}},{"@type":"WebPage","@id":"https:\/\/allasorias.hu\/hirek\/kevesebb-adonem-lesz\/#webpage","url":"https:\/\/allasorias.hu\/hirek\/kevesebb-adonem-lesz\/","name":"Kevesebb ad\u00f3nem lesz | AllasOrias.hu | H\u00edrek-lapszemle","description":"\u00d6sszeolvad a nyugd\u00edjj\u00e1rul\u00e9k, a term\u00e9szetbeni \u00e9s a p\u00e9nzbeli eg\u00e9szs\u00e9gbiztos\u00edt\u00e1si j\u00e1rul\u00e9k, valamint a munkaer\u0151piaci j\u00e1rul\u00e9k. Harmad\u00e1val cs\u00f6kken 2022-ig az ad\u00f3k sz\u00e1ma, j\u00f6v\u0151re n\u00e9gy ad\u00f3fajt\u00e1val lesz kevesebb, egyebek k\u00f6z\u00f6tt megsz\u0171nik az egyszer\u0171s\u00edtett v\u00e1llalkoz\u00f3i ad\u00f3 (eva) is. A P\u00e9nz\u00fcgyminiszt\u00e9rium mintegy 17 ezer \u00e9rintett v\u00e1llalkoz\u00e1snak seg\u00edt a lehet\u0151 legkedvez\u0151bb ad\u00f3z\u00e1si m\u00f3d kiv\u00e1laszt\u00e1s\u00e1ban, az ev\u00e1sok t\u00e1j\u00e9koztat\u00e1sa a j\u00f6v\u0151 h\u00e9ten indul","inLanguage":"hu-HU","isPartOf":{"@id":"https:\/\/allasorias.hu\/hirek\/#website"},"breadcrumb":{"@id":"https:\/\/allasorias.hu\/hirek\/kevesebb-adonem-lesz\/#breadcrumblist"},"author":{"@id":"https:\/\/allasorias.hu\/hirek\/author\/admin-allasorias\/#author"},"creator":{"@id":"https:\/\/allasorias.hu\/hirek\/author\/admin-allasorias\/#author"},"image":{"@type":"ImageObject","url":"https:\/\/allasorias.hu\/hirek\/wp-content\/uploads\/2019\/03\/pexels-photo-209224-1.jpeg","@id":"https:\/\/allasorias.hu\/hirek\/kevesebb-adonem-lesz\/#mainImage","width":640,"height":426},"primaryImageOfPage":{"@id":"https:\/\/allasorias.hu\/hirek\/kevesebb-adonem-lesz\/#mainImage"},"datePublished":"2019-09-23T09:11:40+02:00","dateModified":"2019-09-23T09:11:40+02:00"},{"@type":"WebSite","@id":"https:\/\/allasorias.hu\/hirek\/#website","url":"https:\/\/allasorias.hu\/hirek\/","name":"AllasOrias.hu | H\u00edrek-lapszemle","description":"\u00dczleti h\u00edrek az \u00e1ll\u00e1s \u00e9s a munka vil\u00e1g\u00e1b\u00f3l","inLanguage":"hu-HU","publisher":{"@id":"https:\/\/allasorias.hu\/hirek\/#organization"}}]},"og:locale":"hu_HU","og:site_name":"AllasOrias.hu | H\u00edrek-lapszemle | \u00dczleti h\u00edrek az \u00e1ll\u00e1s \u00e9s a munka vil\u00e1g\u00e1b\u00f3l","og:type":"article","og:title":"Kevesebb ad\u00f3nem lesz | AllasOrias.hu | H\u00edrek-lapszemle","og:description":"\u00d6sszeolvad a nyugd\u00edjj\u00e1rul\u00e9k, a term\u00e9szetbeni \u00e9s a p\u00e9nzbeli eg\u00e9szs\u00e9gbiztos\u00edt\u00e1si j\u00e1rul\u00e9k, valamint a munkaer\u0151piaci j\u00e1rul\u00e9k. Harmad\u00e1val cs\u00f6kken 2022-ig az ad\u00f3k sz\u00e1ma, j\u00f6v\u0151re n\u00e9gy ad\u00f3fajt\u00e1val lesz kevesebb, egyebek k\u00f6z\u00f6tt megsz\u0171nik az egyszer\u0171s\u00edtett v\u00e1llalkoz\u00f3i ad\u00f3 (eva) is. A P\u00e9nz\u00fcgyminiszt\u00e9rium mintegy 17 ezer \u00e9rintett v\u00e1llalkoz\u00e1snak seg\u00edt a lehet\u0151 legkedvez\u0151bb ad\u00f3z\u00e1si m\u00f3d kiv\u00e1laszt\u00e1s\u00e1ban, az ev\u00e1sok t\u00e1j\u00e9koztat\u00e1sa a j\u00f6v\u0151 h\u00e9ten indul","og:url":"https:\/\/allasorias.hu\/hirek\/kevesebb-adonem-lesz\/","og:image":"https:\/\/allasorias.hu\/hirek\/wp-content\/uploads\/2019\/03\/pexels-photo-209224-1.jpeg","og:image:secure_url":"https:\/\/allasorias.hu\/hirek\/wp-content\/uploads\/2019\/03\/pexels-photo-209224-1.jpeg","og:image:width":640,"og:image:height":426,"article:published_time":"2019-09-23T09:11:40+00:00","article:modified_time":"2019-09-23T09:11:40+00:00","article:publisher":"https:\/\/www.facebook.com\/allasorias","twitter:card":"summary_large_image","twitter:title":"Kevesebb ad\u00f3nem lesz | AllasOrias.hu | H\u00edrek-lapszemle","twitter:description":"\u00d6sszeolvad a nyugd\u00edjj\u00e1rul\u00e9k, a term\u00e9szetbeni \u00e9s a p\u00e9nzbeli eg\u00e9szs\u00e9gbiztos\u00edt\u00e1si j\u00e1rul\u00e9k, valamint a munkaer\u0151piaci j\u00e1rul\u00e9k. Harmad\u00e1val cs\u00f6kken 2022-ig az ad\u00f3k sz\u00e1ma, j\u00f6v\u0151re n\u00e9gy ad\u00f3fajt\u00e1val lesz kevesebb, egyebek k\u00f6z\u00f6tt megsz\u0171nik az egyszer\u0171s\u00edtett v\u00e1llalkoz\u00f3i ad\u00f3 (eva) is. A P\u00e9nz\u00fcgyminiszt\u00e9rium mintegy 17 ezer \u00e9rintett v\u00e1llalkoz\u00e1snak seg\u00edt a lehet\u0151 legkedvez\u0151bb ad\u00f3z\u00e1si m\u00f3d kiv\u00e1laszt\u00e1s\u00e1ban, az ev\u00e1sok t\u00e1j\u00e9koztat\u00e1sa a j\u00f6v\u0151 h\u00e9ten indul","twitter:image":"https:\/\/allasorias.hu\/hirek\/wp-content\/uploads\/2019\/03\/pexels-photo-209224-1.jpeg","twitter:label1":"Written by","twitter:data1":"Juh\u00e1sz P\u00e9ter","twitter:label2":"Est. reading time","twitter:data2":"2 minutes"},"aioseo_meta_data":{"post_id":"3316","title":null,"description":null,"keywords":null,"keyphrases":null,"primary_term":null,"canonical_url":null,"og_title":null,"og_description":null,"og_object_type":"default","og_image_type":"default","og_image_url":null,"og_image_width":null,"og_image_height":null,"og_image_custom_url":null,"og_image_custom_fields":null,"og_video":null,"og_custom_url":null,"og_article_section":null,"og_article_tags":null,"twitter_use_og":false,"twitter_card":"default","twitter_image_type":"default","twitter_image_url":null,"twitter_image_custom_url":null,"twitter_image_custom_fields":null,"twitter_title":null,"twitter_description":null,"schema":{"blockGraphs":[],"customGraphs":[],"default":{"data":{"Article":[],"Course":[],"Dataset":[],"FAQPage":[],"Movie":[],"Person":[],"Product":[],"ProductReview":[],"Car":[],"Recipe":[],"Service":[],"SoftwareApplication":[],"WebPage":[]},"graphName":"","isEnabled":true},"graphs":[],"defaultGraph":"","defaultPostTypeGraph":""},"schema_type":null,"schema_type_options":null,"pillar_content":false,"robots_default":true,"robots_noindex":false,"robots_noarchive":false,"robots_nosnippet":false,"robots_nofollow":false,"robots_noimageindex":false,"robots_noodp":false,"robots_notranslate":false,"robots_max_snippet":null,"robots_max_videopreview":null,"robots_max_imagepreview":"large","priority":null,"frequency":null,"location":null,"local_seo":null,"breadcrumb_settings":null,"limit_modified_date":false,"ai":null,"created":"2021-02-01 22:54:08","updated":"2025-10-02 11:51:04","seo_analyzer_scan_date":null,"focus_keyword":null,"additional_keywords":null,"truseo_locale":null},"aioseo_breadcrumb":"<div class=\"aioseo-breadcrumbs\"><span class=\"aioseo-breadcrumb\">\n\t\t\t<a href=\"https:\/\/allasorias.hu\/hirek\" title=\"Home\">Home<\/a>\n\t\t<\/span><span class=\"aioseo-breadcrumb-separator\">&raquo;<\/span><span class=\"aioseo-breadcrumb\">\n\t\t\t<a href=\"https:\/\/allasorias.hu\/hirek\/temak\/gazdasag\/\" title=\"Gazdas\u00e1g\">Gazdas\u00e1g<\/a>\n\t\t<\/span><span class=\"aioseo-breadcrumb-separator\">&raquo;<\/span><span class=\"aioseo-breadcrumb\">\n\t\t\tKevesebb ad\u00f3nem lesz\n\t\t<\/span><\/div>","aioseo_breadcrumb_json":[{"label":"Home","link":"https:\/\/allasorias.hu\/hirek"},{"label":"Gazdas\u00e1g","link":"https:\/\/allasorias.hu\/hirek\/temak\/gazdasag\/"},{"label":"Kevesebb ad\u00f3nem lesz","link":"https:\/\/allasorias.hu\/hirek\/kevesebb-adonem-lesz\/"}],"_links":{"self":[{"href":"https:\/\/allasorias.hu\/hirek\/wp-json\/wp\/v2\/posts\/3316","targetHints":{"allow":["GET"]}}],"collection":[{"href":"https:\/\/allasorias.hu\/hirek\/wp-json\/wp\/v2\/posts"}],"about":[{"href":"https:\/\/allasorias.hu\/hirek\/wp-json\/wp\/v2\/types\/post"}],"author":[{"embeddable":true,"href":"https:\/\/allasorias.hu\/hirek\/wp-json\/wp\/v2\/users\/1"}],"replies":[{"embeddable":true,"href":"https:\/\/allasorias.hu\/hirek\/wp-json\/wp\/v2\/comments?post=3316"}],"version-history":[{"count":1,"href":"https:\/\/allasorias.hu\/hirek\/wp-json\/wp\/v2\/posts\/3316\/revisions"}],"predecessor-version":[{"id":3317,"href":"https:\/\/allasorias.hu\/hirek\/wp-json\/wp\/v2\/posts\/3316\/revisions\/3317"}],"wp:featuredmedia":[{"embeddable":true,"href":"https:\/\/allasorias.hu\/hirek\/wp-json\/wp\/v2\/media\/2639"}],"wp:attachment":[{"href":"https:\/\/allasorias.hu\/hirek\/wp-json\/wp\/v2\/media?parent=3316"}],"wp:term":[{"taxonomy":"category","embeddable":true,"href":"https:\/\/allasorias.hu\/hirek\/wp-json\/wp\/v2\/categories?post=3316"},{"taxonomy":"post_tag","embeddable":true,"href":"https:\/\/allasorias.hu\/hirek\/wp-json\/wp\/v2\/tags?post=3316"}],"curies":[{"name":"wp","href":"https:\/\/api.w.org\/{rel}","templated":true}]}}