{"id":3310,"date":"2019-09-20T08:49:13","date_gmt":"2019-09-20T08:49:13","guid":{"rendered":"https:\/\/allasorias.hu\/hirek\/?p=3310"},"modified":"2019-09-20T08:49:13","modified_gmt":"2019-09-20T08:49:13","slug":"a-munka-mellett-a-maganelet-is-fontos","status":"publish","type":"post","link":"https:\/\/allasorias.hu\/hirek\/a-munka-mellett-a-maganelet-is-fontos\/","title":{"rendered":"A munka mellett a mag\u00e1n\u00e9let is fontos"},"content":{"rendered":"<p><strong>A munka \u00e9s a mag\u00e1n\u00e9let egyens\u00falya fontosabb az anyagiakn\u00e1l a munkahelyv\u00e1lt\u00e1s sor\u00e1n \u2013 t\u00f6bbek k\u00f6z\u00f6tt ez der\u00fclt ki a Karrier-\u00fajratervez\u00e9s workshop \u00e9s el\u0151ad\u00e1s szervez\u0151inek online felm\u00e9r\u00e9s\u00e9b\u0151l. Mai felgyorsult digit\u00e1lis vil\u00e1gunkban sok m\u00e1s ter\u00fclethez hasonl\u00f3an a munkaer\u0151piac is folyamatosan \u00e1talakul\u00f3ban van. Mindezekhez a folyamatokhoz neh\u00e9z munkav\u00e1llal\u00f3k\u00e9nt alkalmazkodni, f\u0151k\u00e9nt egy olyan kultur\u00e1lis k\u00f6rnyezetben, ahol a munkav\u00e1llal\u00f3k nagy r\u00e9sze m\u00e9g mindig b\u00e1tortalan abban, hogy munkahelyet vagy m\u00e9g ink\u00e1bb karriert v\u00e1ltson. <\/strong><\/p>\n<p>Az online felm\u00e9r\u00e9s alapj\u00e1n jellemz\u0151en a n\u0151k azok, akik k\u00fcls\u0151 seg\u00edts\u00e9get vesznek ig\u00e9nybe azokban az \u00e9lethelyzetekben, ahol komoly v\u00e1ltoz\u00e1si kih\u00edv\u00e1sokkal kell, hogy szemben\u00e9zzenek \u201eTapasztalataim szerint Magyarorsz\u00e1gon a n\u0151k koroszt\u00e1lyt\u00f3l \u00e9s beoszt\u00e1st\u00f3l f\u00fcggetlen\u00fcl b\u00e1trabban fordulnak tan\u00e1csad\u00f3hoz k\u00fcl\u00f6nb\u00f6z\u0151 karrierhelyzetekben, m\u00edg a f\u00e9rfiakn\u00e1l ez az ig\u00e9ny jellemz\u0151en ink\u00e1bb multinacion\u00e1lis nagyv\u00e1llalatok fels\u0151vezet\u0151in\u00e9l mer\u00fcl fel, ahol coaching m\u00e1r a v\u00e1llalati kult\u00fara szerves r\u00e9sze. Nagyon fontos lenne, hogy a f\u00e9rfiak is tudatosan tervezzenek \u00e9s v\u00e1ltsanak, hiszen az \u0151 eset\u00fckben szint\u00e9n igaz, hogy 2-3 szakm\u00e1t is el kell saj\u00e1t\u00edtaniuk a k\u00f6zel 50 \u00e9v munk\u00e1val t\u00f6lt\u00f6tt id\u0151szak alatt.\u201d \u2013 emelte ki Kert\u00e9sz Andr\u00e1s, coach, a Karrier-\u00fajratervez\u00e9s workshop el\u0151ad\u00f3ja. A jelenlegi munkaer\u0151hi\u00e1nyos gazdas\u00e1gban, ahol hatalmas verseny folyik a j\u00f3l k\u00e9pzett, t\u00e1j\u00e9kozott munkav\u00e1llal\u00f3k\u00e9rt, a munk\u00e1ltat\u00f3knak figyelembe kell venni\u00fck a k\u00fcl\u00f6nb\u00f6z\u0151 gener\u00e1ci\u00f3k (baby boomerek, X, Y \u00e9s Z gener\u00e1ci\u00f3k) elt\u00e9r\u0151 ig\u00e9nyeit \u00e9s elv\u00e1r\u00e1sait. A mostani felm\u00e9r\u00e9s \u00e9rdekes tanuls\u00e1ga p\u00e9ld\u00e1ul, hogy az Y gener\u00e1ci\u00f3 tagjainak m\u00e1r term\u00e9szetes, hogy 2 \u00e9vente munkahelyet v\u00e1ltanak. \u201eAz 50+ \u00e9vesek koroszt\u00e1lya csek\u00e9ly, 2,3%-os ar\u00e1nyban vett r\u00e9szt a kutat\u00e1sban, ami j\u00f3l mutatja, hogy nem ismerik igaz\u00e1n a munkaer\u0151piac trendjeit vagy nem akarnak tudom\u00e1st venni ezekr\u0151l. Az \u00e1lomkarrier el\u00e9r\u00e9s\u00e9hez a munka-mag\u00e1n\u00e9let egyens\u00faly volt legfontosabb szempont a felm\u00e9r\u00e9s kit\u00f6lt\u0151i k\u00f6r\u00e9ben, ezt k\u00f6veti csak az ,,\u00e9n legyek a saj\u00e1tmagam f\u0151n\u00f6ke\u201d aspektus, de szint\u00e9n megtal\u00e1lhat\u00f3 a d\u00f6nt\u0151 okok k\u00f6z\u00f6tt, hogy sokan nem tal\u00e1lt\u00e1k m\u00e9g meg a hivat\u00e1sukat vagy ki\u00e9gtek az aktu\u00e1lis poz\u00edci\u00f3ikban. Csak mindezek ut\u00e1n j\u00f6nnek a piszkos anyagiak. Sokan azonban az anyagi biztons\u00e1got is hajland\u00f3ak be\u00e1ldozni, hogy olyanba foghassanak, amit igaz\u00e1n szeretnek csin\u00e1lni. A t\u00e1j\u00e9koz\u00f3d\u00e1s szempontj\u00e1b\u00f3l a v\u00e1laszad\u00f3k 70,8%-a cikkekb\u0151l \u00e9s k\u00f6nyvekb\u0151l olvasva jut hozz\u00e1 a karrierv\u00e1lt\u00e1ssal kapcsolatos hasznos inform\u00e1ci\u00f3khoz, a bar\u00e1ti tan\u00e1cs pedig a m\u00e1sodik leggyakoribb forr\u00e1s, ahov\u00e1 az emberek fordulnak, ha seg\u00edts\u00e9gre van sz\u00fcks\u00e9g\u00fck.<\/p>\n<p>Forr\u00e1s: mmonline.hu<\/p>\n","protected":false},"excerpt":{"rendered":"<p>A munka \u00e9s a mag\u00e1n\u00e9let egyens\u00falya fontosabb az anyagiakn\u00e1l a munkahelyv\u00e1lt\u00e1s sor\u00e1n \u2013 t\u00f6bbek k\u00f6z\u00f6tt ez der\u00fclt ki a Karrier-\u00fajratervez\u00e9s workshop \u00e9s el\u0151ad\u00e1s szervez\u0151inek online felm\u00e9r\u00e9s\u00e9b\u0151l. Mai felgyorsult digit\u00e1lis vil\u00e1gunkban sok m\u00e1s ter\u00fclethez hasonl\u00f3an a munkaer\u0151piac is folyamatosan \u00e1talakul\u00f3ban van. Mindezekhez a folyamatokhoz neh\u00e9z munkav\u00e1llal\u00f3k\u00e9nt alkalmazkodni, f\u0151k\u00e9nt egy olyan kultur\u00e1lis k\u00f6rnyezetben, ahol a munkav\u00e1llal\u00f3k nagy [&hellip;]<\/p>\n","protected":false},"author":1,"featured_media":3311,"comment_status":"open","ping_status":"open","sticky":false,"template":"","format":"standard","meta":{"_monsterinsights_skip_tracking":false,"footnotes":""},"categories":[199],"tags":[],"class_list":["post-3310","post","type-post","status-publish","format-standard","has-post-thumbnail","hentry","category-karrier"],"aioseo_notices":[],"aioseo_head":"\n\t\t<!-- All in One SEO 5.0.0.1 - aioseo.com -->\n\t<meta name=\"description\" content=\"A munka \u00e9s a mag\u00e1n\u00e9let egyens\u00falya fontosabb az anyagiakn\u00e1l a munkahelyv\u00e1lt\u00e1s sor\u00e1n \u2013 t\u00f6bbek k\u00f6z\u00f6tt ez der\u00fclt ki a Karrier-\u00fajratervez\u00e9s workshop \u00e9s el\u0151ad\u00e1s szervez\u0151inek online felm\u00e9r\u00e9s\u00e9b\u0151l. Mai felgyorsult digit\u00e1lis vil\u00e1gunkban sok m\u00e1s ter\u00fclethez hasonl\u00f3an a munkaer\u0151piac is folyamatosan \u00e1talakul\u00f3ban van. Mindezekhez a folyamatokhoz neh\u00e9z munkav\u00e1llal\u00f3k\u00e9nt alkalmazkodni, f\u0151k\u00e9nt egy olyan kultur\u00e1lis k\u00f6rnyezetben, ahol a munkav\u00e1llal\u00f3k nagy\" \/>\n\t<meta name=\"robots\" content=\"max-image-preview:large\" \/>\n\t<meta name=\"author\" content=\"Juh\u00e1sz P\u00e9ter\"\/>\n\t<link rel=\"canonical\" href=\"https:\/\/allasorias.hu\/hirek\/a-munka-mellett-a-maganelet-is-fontos\/\" \/>\n\t<meta name=\"generator\" content=\"All in One SEO (AIOSEO) 5.0.0.1\" \/>\n\t\t<meta property=\"og:locale\" content=\"hu_HU\" \/>\n\t\t<meta property=\"og:site_name\" content=\"AllasOrias.hu | H\u00edrek-lapszemle | \u00dczleti h\u00edrek az \u00e1ll\u00e1s \u00e9s a munka vil\u00e1g\u00e1b\u00f3l\" \/>\n\t\t<meta property=\"og:type\" content=\"article\" \/>\n\t\t<meta property=\"og:title\" content=\"A munka mellett a mag\u00e1n\u00e9let is fontos | AllasOrias.hu | H\u00edrek-lapszemle\" \/>\n\t\t<meta property=\"og:description\" content=\"A munka \u00e9s a mag\u00e1n\u00e9let egyens\u00falya fontosabb az anyagiakn\u00e1l a munkahelyv\u00e1lt\u00e1s sor\u00e1n \u2013 t\u00f6bbek k\u00f6z\u00f6tt ez der\u00fclt ki a Karrier-\u00fajratervez\u00e9s workshop \u00e9s el\u0151ad\u00e1s szervez\u0151inek online felm\u00e9r\u00e9s\u00e9b\u0151l. Mai felgyorsult digit\u00e1lis vil\u00e1gunkban sok m\u00e1s ter\u00fclethez hasonl\u00f3an a munkaer\u0151piac is folyamatosan \u00e1talakul\u00f3ban van. Mindezekhez a folyamatokhoz neh\u00e9z munkav\u00e1llal\u00f3k\u00e9nt alkalmazkodni, f\u0151k\u00e9nt egy olyan kultur\u00e1lis k\u00f6rnyezetben, ahol a munkav\u00e1llal\u00f3k nagy\" \/>\n\t\t<meta property=\"og:url\" content=\"https:\/\/allasorias.hu\/hirek\/a-munka-mellett-a-maganelet-is-fontos\/\" \/>\n\t\t<meta property=\"og:image\" content=\"https:\/\/allasorias.hu\/hirek\/wp-content\/uploads\/2019\/09\/freelance-2906725_960_720.png\" \/>\n\t\t<meta property=\"og:image:secure_url\" content=\"https:\/\/allasorias.hu\/hirek\/wp-content\/uploads\/2019\/09\/freelance-2906725_960_720.png\" \/>\n\t\t<meta property=\"og:image:width\" content=\"720\" \/>\n\t\t<meta property=\"og:image:height\" content=\"720\" \/>\n\t\t<meta property=\"article:published_time\" content=\"2019-09-20T08:49:13+00:00\" \/>\n\t\t<meta property=\"article:modified_time\" content=\"2019-09-20T08:49:13+00:00\" \/>\n\t\t<meta property=\"article:publisher\" content=\"https:\/\/www.facebook.com\/allasorias\" \/>\n\t\t<meta name=\"twitter:card\" content=\"summary_large_image\" \/>\n\t\t<meta name=\"twitter:title\" content=\"A munka mellett a mag\u00e1n\u00e9let is fontos | AllasOrias.hu | H\u00edrek-lapszemle\" \/>\n\t\t<meta name=\"twitter:description\" content=\"A munka \u00e9s a mag\u00e1n\u00e9let egyens\u00falya fontosabb az anyagiakn\u00e1l a munkahelyv\u00e1lt\u00e1s sor\u00e1n \u2013 t\u00f6bbek k\u00f6z\u00f6tt ez der\u00fclt ki a Karrier-\u00fajratervez\u00e9s workshop \u00e9s el\u0151ad\u00e1s szervez\u0151inek online felm\u00e9r\u00e9s\u00e9b\u0151l. Mai felgyorsult digit\u00e1lis vil\u00e1gunkban sok m\u00e1s ter\u00fclethez hasonl\u00f3an a munkaer\u0151piac is folyamatosan \u00e1talakul\u00f3ban van. Mindezekhez a folyamatokhoz neh\u00e9z munkav\u00e1llal\u00f3k\u00e9nt alkalmazkodni, f\u0151k\u00e9nt egy olyan kultur\u00e1lis k\u00f6rnyezetben, ahol a munkav\u00e1llal\u00f3k nagy\" \/>\n\t\t<meta name=\"twitter:image\" content=\"https:\/\/allasorias.hu\/hirek\/wp-content\/uploads\/2019\/09\/freelance-2906725_960_720.png\" \/>\n\t\t<meta name=\"twitter:label1\" content=\"Written by\" \/>\n\t\t<meta name=\"twitter:data1\" content=\"Juh\u00e1sz P\u00e9ter\" \/>\n\t\t<meta name=\"twitter:label2\" content=\"Est. reading time\" \/>\n\t\t<meta name=\"twitter:data2\" content=\"3 minutes\" \/>\n\t\t<script type=\"application\/ld+json\" class=\"aioseo-schema\">\n\t\t\t{\"@context\":\"https:\\\/\\\/schema.org\",\"@graph\":[{\"@type\":\"Article\",\"@id\":\"https:\\\/\\\/allasorias.hu\\\/hirek\\\/a-munka-mellett-a-maganelet-is-fontos\\\/#article\",\"name\":\"A munka mellett a mag\\u00e1n\\u00e9let is fontos | AllasOrias.hu | H\\u00edrek-lapszemle\",\"headline\":\"A munka mellett a mag\\u00e1n\\u00e9let is fontos\",\"author\":{\"@id\":\"https:\\\/\\\/allasorias.hu\\\/hirek\\\/author\\\/admin-allasorias\\\/#author\"},\"publisher\":{\"@id\":\"https:\\\/\\\/allasorias.hu\\\/hirek\\\/#organization\"},\"image\":{\"@type\":\"ImageObject\",\"url\":\"https:\\\/\\\/allasorias.hu\\\/hirek\\\/wp-content\\\/uploads\\\/2019\\\/09\\\/freelance-2906725_960_720.png\",\"width\":720,\"height\":720},\"datePublished\":\"2019-09-20T08:49:13+02:00\",\"dateModified\":\"2019-09-20T08:49:13+02:00\",\"inLanguage\":\"hu-HU\",\"mainEntityOfPage\":{\"@id\":\"https:\\\/\\\/allasorias.hu\\\/hirek\\\/a-munka-mellett-a-maganelet-is-fontos\\\/#webpage\"},\"isPartOf\":{\"@id\":\"https:\\\/\\\/allasorias.hu\\\/hirek\\\/a-munka-mellett-a-maganelet-is-fontos\\\/#webpage\"},\"articleSection\":\"Karrier\"},{\"@type\":\"BreadcrumbList\",\"@id\":\"https:\\\/\\\/allasorias.hu\\\/hirek\\\/a-munka-mellett-a-maganelet-is-fontos\\\/#breadcrumblist\",\"itemListElement\":[{\"@type\":\"ListItem\",\"@id\":\"https:\\\/\\\/allasorias.hu\\\/hirek#listItem\",\"position\":1,\"name\":\"Home\",\"item\":\"https:\\\/\\\/allasorias.hu\\\/hirek\",\"nextItem\":{\"@type\":\"ListItem\",\"@id\":\"https:\\\/\\\/allasorias.hu\\\/hirek\\\/temak\\\/karrier\\\/#listItem\",\"name\":\"Karrier\"}},{\"@type\":\"ListItem\",\"@id\":\"https:\\\/\\\/allasorias.hu\\\/hirek\\\/temak\\\/karrier\\\/#listItem\",\"position\":2,\"name\":\"Karrier\",\"item\":\"https:\\\/\\\/allasorias.hu\\\/hirek\\\/temak\\\/karrier\\\/\",\"nextItem\":{\"@type\":\"ListItem\",\"@id\":\"https:\\\/\\\/allasorias.hu\\\/hirek\\\/a-munka-mellett-a-maganelet-is-fontos\\\/#listItem\",\"name\":\"A munka mellett a mag\\u00e1n\\u00e9let is fontos\"},\"previousItem\":{\"@type\":\"ListItem\",\"@id\":\"https:\\\/\\\/allasorias.hu\\\/hirek#listItem\",\"name\":\"Home\"}},{\"@type\":\"ListItem\",\"@id\":\"https:\\\/\\\/allasorias.hu\\\/hirek\\\/a-munka-mellett-a-maganelet-is-fontos\\\/#listItem\",\"position\":3,\"name\":\"A munka mellett a mag\\u00e1n\\u00e9let is fontos\",\"previousItem\":{\"@type\":\"ListItem\",\"@id\":\"https:\\\/\\\/allasorias.hu\\\/hirek\\\/temak\\\/karrier\\\/#listItem\",\"name\":\"Karrier\"}}]},{\"@type\":\"Organization\",\"@id\":\"https:\\\/\\\/allasorias.hu\\\/hirek\\\/#organization\",\"name\":\"AllasOrias.hu | H\\u00edrek-lapszemle\",\"description\":\"\\u00dczleti h\\u00edrek az \\u00e1ll\\u00e1s \\u00e9s a munka vil\\u00e1g\\u00e1b\\u00f3l\",\"url\":\"https:\\\/\\\/allasorias.hu\\\/hirek\\\/\",\"logo\":{\"@type\":\"ImageObject\",\"url\":\"https:\\\/\\\/allasorias.hu\\\/hirek\\\/wp-content\\\/uploads\\\/2022\\\/10\\\/allasorias_site_facebok_logo.png\",\"@id\":\"https:\\\/\\\/allasorias.hu\\\/hirek\\\/a-munka-mellett-a-maganelet-is-fontos\\\/#organizationLogo\"},\"image\":{\"@id\":\"https:\\\/\\\/allasorias.hu\\\/hirek\\\/a-munka-mellett-a-maganelet-is-fontos\\\/#organizationLogo\"},\"sameAs\":[\"https:\\\/\\\/www.facebook.com\\\/allasorias\",\"https:\\\/\\\/www.linkedin.com\\\/company\\\/allasorias\"]},{\"@type\":\"Person\",\"@id\":\"https:\\\/\\\/allasorias.hu\\\/hirek\\\/author\\\/admin-allasorias\\\/#author\",\"url\":\"https:\\\/\\\/allasorias.hu\\\/hirek\\\/author\\\/admin-allasorias\\\/\",\"name\":\"Juh\\u00e1sz P\\u00e9ter\",\"image\":{\"@type\":\"ImageObject\",\"@id\":\"https:\\\/\\\/allasorias.hu\\\/hirek\\\/a-munka-mellett-a-maganelet-is-fontos\\\/#authorImage\",\"url\":\"https:\\\/\\\/secure.gravatar.com\\\/avatar\\\/36e6bcb83148978b992977cb0f54d22feb0cce8a0a849a9410532bb2623ba4c6?s=96&d=mm&r=g\",\"width\":96,\"height\":96,\"caption\":\"Juh\\u00e1sz P\\u00e9ter\"}},{\"@type\":\"WebPage\",\"@id\":\"https:\\\/\\\/allasorias.hu\\\/hirek\\\/a-munka-mellett-a-maganelet-is-fontos\\\/#webpage\",\"url\":\"https:\\\/\\\/allasorias.hu\\\/hirek\\\/a-munka-mellett-a-maganelet-is-fontos\\\/\",\"name\":\"A munka mellett a mag\\u00e1n\\u00e9let is fontos | AllasOrias.hu | H\\u00edrek-lapszemle\",\"description\":\"A munka \\u00e9s a mag\\u00e1n\\u00e9let egyens\\u00falya fontosabb az anyagiakn\\u00e1l a munkahelyv\\u00e1lt\\u00e1s sor\\u00e1n \\u2013 t\\u00f6bbek k\\u00f6z\\u00f6tt ez der\\u00fclt ki a Karrier-\\u00fajratervez\\u00e9s workshop \\u00e9s el\\u0151ad\\u00e1s szervez\\u0151inek online felm\\u00e9r\\u00e9s\\u00e9b\\u0151l. Mai felgyorsult digit\\u00e1lis vil\\u00e1gunkban sok m\\u00e1s ter\\u00fclethez hasonl\\u00f3an a munkaer\\u0151piac is folyamatosan \\u00e1talakul\\u00f3ban van. Mindezekhez a folyamatokhoz neh\\u00e9z munkav\\u00e1llal\\u00f3k\\u00e9nt alkalmazkodni, f\\u0151k\\u00e9nt egy olyan kultur\\u00e1lis k\\u00f6rnyezetben, ahol a munkav\\u00e1llal\\u00f3k nagy\",\"inLanguage\":\"hu-HU\",\"isPartOf\":{\"@id\":\"https:\\\/\\\/allasorias.hu\\\/hirek\\\/#website\"},\"breadcrumb\":{\"@id\":\"https:\\\/\\\/allasorias.hu\\\/hirek\\\/a-munka-mellett-a-maganelet-is-fontos\\\/#breadcrumblist\"},\"author\":{\"@id\":\"https:\\\/\\\/allasorias.hu\\\/hirek\\\/author\\\/admin-allasorias\\\/#author\"},\"creator\":{\"@id\":\"https:\\\/\\\/allasorias.hu\\\/hirek\\\/author\\\/admin-allasorias\\\/#author\"},\"image\":{\"@type\":\"ImageObject\",\"url\":\"https:\\\/\\\/allasorias.hu\\\/hirek\\\/wp-content\\\/uploads\\\/2019\\\/09\\\/freelance-2906725_960_720.png\",\"@id\":\"https:\\\/\\\/allasorias.hu\\\/hirek\\\/a-munka-mellett-a-maganelet-is-fontos\\\/#mainImage\",\"width\":720,\"height\":720},\"primaryImageOfPage\":{\"@id\":\"https:\\\/\\\/allasorias.hu\\\/hirek\\\/a-munka-mellett-a-maganelet-is-fontos\\\/#mainImage\"},\"datePublished\":\"2019-09-20T08:49:13+02:00\",\"dateModified\":\"2019-09-20T08:49:13+02:00\"},{\"@type\":\"WebSite\",\"@id\":\"https:\\\/\\\/allasorias.hu\\\/hirek\\\/#website\",\"url\":\"https:\\\/\\\/allasorias.hu\\\/hirek\\\/\",\"name\":\"AllasOrias.hu | H\\u00edrek-lapszemle\",\"description\":\"\\u00dczleti h\\u00edrek az \\u00e1ll\\u00e1s \\u00e9s a munka vil\\u00e1g\\u00e1b\\u00f3l\",\"inLanguage\":\"hu-HU\",\"publisher\":{\"@id\":\"https:\\\/\\\/allasorias.hu\\\/hirek\\\/#organization\"}}]}\n\t\t<\/script>\n\t\t<!-- All in One SEO -->\n\n","aioseo_head_json":{"title":"A munka mellett a mag\u00e1n\u00e9let is fontos | AllasOrias.hu | H\u00edrek-lapszemle","description":"A munka \u00e9s a mag\u00e1n\u00e9let egyens\u00falya fontosabb az anyagiakn\u00e1l a munkahelyv\u00e1lt\u00e1s sor\u00e1n \u2013 t\u00f6bbek k\u00f6z\u00f6tt ez der\u00fclt ki a Karrier-\u00fajratervez\u00e9s workshop \u00e9s el\u0151ad\u00e1s szervez\u0151inek online felm\u00e9r\u00e9s\u00e9b\u0151l. Mai felgyorsult digit\u00e1lis vil\u00e1gunkban sok m\u00e1s ter\u00fclethez hasonl\u00f3an a munkaer\u0151piac is folyamatosan \u00e1talakul\u00f3ban van. Mindezekhez a folyamatokhoz neh\u00e9z munkav\u00e1llal\u00f3k\u00e9nt alkalmazkodni, f\u0151k\u00e9nt egy olyan kultur\u00e1lis k\u00f6rnyezetben, ahol a munkav\u00e1llal\u00f3k nagy","canonical_url":"https:\/\/allasorias.hu\/hirek\/a-munka-mellett-a-maganelet-is-fontos\/","robots":"max-image-preview:large","keywords":"","webmasterTools":{"miscellaneous":""},"schema":{"@context":"https:\/\/schema.org","@graph":[{"@type":"Article","@id":"https:\/\/allasorias.hu\/hirek\/a-munka-mellett-a-maganelet-is-fontos\/#article","name":"A munka mellett a mag\u00e1n\u00e9let is fontos | AllasOrias.hu | H\u00edrek-lapszemle","headline":"A munka mellett a mag\u00e1n\u00e9let is fontos","author":{"@id":"https:\/\/allasorias.hu\/hirek\/author\/admin-allasorias\/#author"},"publisher":{"@id":"https:\/\/allasorias.hu\/hirek\/#organization"},"image":{"@type":"ImageObject","url":"https:\/\/allasorias.hu\/hirek\/wp-content\/uploads\/2019\/09\/freelance-2906725_960_720.png","width":720,"height":720},"datePublished":"2019-09-20T08:49:13+02:00","dateModified":"2019-09-20T08:49:13+02:00","inLanguage":"hu-HU","mainEntityOfPage":{"@id":"https:\/\/allasorias.hu\/hirek\/a-munka-mellett-a-maganelet-is-fontos\/#webpage"},"isPartOf":{"@id":"https:\/\/allasorias.hu\/hirek\/a-munka-mellett-a-maganelet-is-fontos\/#webpage"},"articleSection":"Karrier"},{"@type":"BreadcrumbList","@id":"https:\/\/allasorias.hu\/hirek\/a-munka-mellett-a-maganelet-is-fontos\/#breadcrumblist","itemListElement":[{"@type":"ListItem","@id":"https:\/\/allasorias.hu\/hirek#listItem","position":1,"name":"Home","item":"https:\/\/allasorias.hu\/hirek","nextItem":{"@type":"ListItem","@id":"https:\/\/allasorias.hu\/hirek\/temak\/karrier\/#listItem","name":"Karrier"}},{"@type":"ListItem","@id":"https:\/\/allasorias.hu\/hirek\/temak\/karrier\/#listItem","position":2,"name":"Karrier","item":"https:\/\/allasorias.hu\/hirek\/temak\/karrier\/","nextItem":{"@type":"ListItem","@id":"https:\/\/allasorias.hu\/hirek\/a-munka-mellett-a-maganelet-is-fontos\/#listItem","name":"A munka mellett a mag\u00e1n\u00e9let is fontos"},"previousItem":{"@type":"ListItem","@id":"https:\/\/allasorias.hu\/hirek#listItem","name":"Home"}},{"@type":"ListItem","@id":"https:\/\/allasorias.hu\/hirek\/a-munka-mellett-a-maganelet-is-fontos\/#listItem","position":3,"name":"A munka mellett a mag\u00e1n\u00e9let is fontos","previousItem":{"@type":"ListItem","@id":"https:\/\/allasorias.hu\/hirek\/temak\/karrier\/#listItem","name":"Karrier"}}]},{"@type":"Organization","@id":"https:\/\/allasorias.hu\/hirek\/#organization","name":"AllasOrias.hu | H\u00edrek-lapszemle","description":"\u00dczleti h\u00edrek az \u00e1ll\u00e1s \u00e9s a munka vil\u00e1g\u00e1b\u00f3l","url":"https:\/\/allasorias.hu\/hirek\/","logo":{"@type":"ImageObject","url":"https:\/\/allasorias.hu\/hirek\/wp-content\/uploads\/2022\/10\/allasorias_site_facebok_logo.png","@id":"https:\/\/allasorias.hu\/hirek\/a-munka-mellett-a-maganelet-is-fontos\/#organizationLogo"},"image":{"@id":"https:\/\/allasorias.hu\/hirek\/a-munka-mellett-a-maganelet-is-fontos\/#organizationLogo"},"sameAs":["https:\/\/www.facebook.com\/allasorias","https:\/\/www.linkedin.com\/company\/allasorias"]},{"@type":"Person","@id":"https:\/\/allasorias.hu\/hirek\/author\/admin-allasorias\/#author","url":"https:\/\/allasorias.hu\/hirek\/author\/admin-allasorias\/","name":"Juh\u00e1sz P\u00e9ter","image":{"@type":"ImageObject","@id":"https:\/\/allasorias.hu\/hirek\/a-munka-mellett-a-maganelet-is-fontos\/#authorImage","url":"https:\/\/secure.gravatar.com\/avatar\/36e6bcb83148978b992977cb0f54d22feb0cce8a0a849a9410532bb2623ba4c6?s=96&d=mm&r=g","width":96,"height":96,"caption":"Juh\u00e1sz P\u00e9ter"}},{"@type":"WebPage","@id":"https:\/\/allasorias.hu\/hirek\/a-munka-mellett-a-maganelet-is-fontos\/#webpage","url":"https:\/\/allasorias.hu\/hirek\/a-munka-mellett-a-maganelet-is-fontos\/","name":"A munka mellett a mag\u00e1n\u00e9let is fontos | AllasOrias.hu | H\u00edrek-lapszemle","description":"A munka \u00e9s a mag\u00e1n\u00e9let egyens\u00falya fontosabb az anyagiakn\u00e1l a munkahelyv\u00e1lt\u00e1s sor\u00e1n \u2013 t\u00f6bbek k\u00f6z\u00f6tt ez der\u00fclt ki a Karrier-\u00fajratervez\u00e9s workshop \u00e9s el\u0151ad\u00e1s szervez\u0151inek online felm\u00e9r\u00e9s\u00e9b\u0151l. Mai felgyorsult digit\u00e1lis vil\u00e1gunkban sok m\u00e1s ter\u00fclethez hasonl\u00f3an a munkaer\u0151piac is folyamatosan \u00e1talakul\u00f3ban van. Mindezekhez a folyamatokhoz neh\u00e9z munkav\u00e1llal\u00f3k\u00e9nt alkalmazkodni, f\u0151k\u00e9nt egy olyan kultur\u00e1lis k\u00f6rnyezetben, ahol a munkav\u00e1llal\u00f3k nagy","inLanguage":"hu-HU","isPartOf":{"@id":"https:\/\/allasorias.hu\/hirek\/#website"},"breadcrumb":{"@id":"https:\/\/allasorias.hu\/hirek\/a-munka-mellett-a-maganelet-is-fontos\/#breadcrumblist"},"author":{"@id":"https:\/\/allasorias.hu\/hirek\/author\/admin-allasorias\/#author"},"creator":{"@id":"https:\/\/allasorias.hu\/hirek\/author\/admin-allasorias\/#author"},"image":{"@type":"ImageObject","url":"https:\/\/allasorias.hu\/hirek\/wp-content\/uploads\/2019\/09\/freelance-2906725_960_720.png","@id":"https:\/\/allasorias.hu\/hirek\/a-munka-mellett-a-maganelet-is-fontos\/#mainImage","width":720,"height":720},"primaryImageOfPage":{"@id":"https:\/\/allasorias.hu\/hirek\/a-munka-mellett-a-maganelet-is-fontos\/#mainImage"},"datePublished":"2019-09-20T08:49:13+02:00","dateModified":"2019-09-20T08:49:13+02:00"},{"@type":"WebSite","@id":"https:\/\/allasorias.hu\/hirek\/#website","url":"https:\/\/allasorias.hu\/hirek\/","name":"AllasOrias.hu | H\u00edrek-lapszemle","description":"\u00dczleti h\u00edrek az \u00e1ll\u00e1s \u00e9s a munka vil\u00e1g\u00e1b\u00f3l","inLanguage":"hu-HU","publisher":{"@id":"https:\/\/allasorias.hu\/hirek\/#organization"}}]},"og:locale":"hu_HU","og:site_name":"AllasOrias.hu | H\u00edrek-lapszemle | \u00dczleti h\u00edrek az \u00e1ll\u00e1s \u00e9s a munka vil\u00e1g\u00e1b\u00f3l","og:type":"article","og:title":"A munka mellett a mag\u00e1n\u00e9let is fontos | AllasOrias.hu | H\u00edrek-lapszemle","og:description":"A munka \u00e9s a mag\u00e1n\u00e9let egyens\u00falya fontosabb az anyagiakn\u00e1l a munkahelyv\u00e1lt\u00e1s sor\u00e1n \u2013 t\u00f6bbek k\u00f6z\u00f6tt ez der\u00fclt ki a Karrier-\u00fajratervez\u00e9s workshop \u00e9s el\u0151ad\u00e1s szervez\u0151inek online felm\u00e9r\u00e9s\u00e9b\u0151l. Mai felgyorsult digit\u00e1lis vil\u00e1gunkban sok m\u00e1s ter\u00fclethez hasonl\u00f3an a munkaer\u0151piac is folyamatosan \u00e1talakul\u00f3ban van. Mindezekhez a folyamatokhoz neh\u00e9z munkav\u00e1llal\u00f3k\u00e9nt alkalmazkodni, f\u0151k\u00e9nt egy olyan kultur\u00e1lis k\u00f6rnyezetben, ahol a munkav\u00e1llal\u00f3k nagy","og:url":"https:\/\/allasorias.hu\/hirek\/a-munka-mellett-a-maganelet-is-fontos\/","og:image":"https:\/\/allasorias.hu\/hirek\/wp-content\/uploads\/2019\/09\/freelance-2906725_960_720.png","og:image:secure_url":"https:\/\/allasorias.hu\/hirek\/wp-content\/uploads\/2019\/09\/freelance-2906725_960_720.png","og:image:width":720,"og:image:height":720,"article:published_time":"2019-09-20T08:49:13+00:00","article:modified_time":"2019-09-20T08:49:13+00:00","article:publisher":"https:\/\/www.facebook.com\/allasorias","twitter:card":"summary_large_image","twitter:title":"A munka mellett a mag\u00e1n\u00e9let is fontos | AllasOrias.hu | H\u00edrek-lapszemle","twitter:description":"A munka \u00e9s a mag\u00e1n\u00e9let egyens\u00falya fontosabb az anyagiakn\u00e1l a munkahelyv\u00e1lt\u00e1s sor\u00e1n \u2013 t\u00f6bbek k\u00f6z\u00f6tt ez der\u00fclt ki a Karrier-\u00fajratervez\u00e9s workshop \u00e9s el\u0151ad\u00e1s szervez\u0151inek online felm\u00e9r\u00e9s\u00e9b\u0151l. Mai felgyorsult digit\u00e1lis vil\u00e1gunkban sok m\u00e1s ter\u00fclethez hasonl\u00f3an a munkaer\u0151piac is folyamatosan \u00e1talakul\u00f3ban van. Mindezekhez a folyamatokhoz neh\u00e9z munkav\u00e1llal\u00f3k\u00e9nt alkalmazkodni, f\u0151k\u00e9nt egy olyan kultur\u00e1lis k\u00f6rnyezetben, ahol a munkav\u00e1llal\u00f3k nagy","twitter:image":"https:\/\/allasorias.hu\/hirek\/wp-content\/uploads\/2019\/09\/freelance-2906725_960_720.png","twitter:label1":"Written by","twitter:data1":"Juh\u00e1sz P\u00e9ter","twitter:label2":"Est. reading time","twitter:data2":"3 minutes"},"aioseo_meta_data":{"post_id":"3310","title":null,"description":null,"keywords":null,"keyphrases":null,"primary_term":null,"canonical_url":null,"og_title":null,"og_description":null,"og_object_type":"default","og_image_type":"default","og_image_url":null,"og_image_width":null,"og_image_height":null,"og_image_custom_url":null,"og_image_custom_fields":null,"og_video":null,"og_custom_url":null,"og_article_section":null,"og_article_tags":null,"twitter_use_og":false,"twitter_card":"default","twitter_image_type":"default","twitter_image_url":null,"twitter_image_custom_url":null,"twitter_image_custom_fields":null,"twitter_title":null,"twitter_description":null,"schema":{"blockGraphs":[],"customGraphs":[],"default":{"data":{"Article":[],"Course":[],"Dataset":[],"FAQPage":[],"Movie":[],"Person":[],"Product":[],"ProductReview":[],"Car":[],"Recipe":[],"Service":[],"SoftwareApplication":[],"WebPage":[]},"graphName":"","isEnabled":true},"graphs":[],"defaultGraph":"","defaultPostTypeGraph":""},"schema_type":null,"schema_type_options":null,"pillar_content":false,"robots_default":true,"robots_noindex":false,"robots_noarchive":false,"robots_nosnippet":false,"robots_nofollow":false,"robots_noimageindex":false,"robots_noodp":false,"robots_notranslate":false,"robots_max_snippet":null,"robots_max_videopreview":null,"robots_max_imagepreview":"large","priority":null,"frequency":null,"location":null,"local_seo":null,"breadcrumb_settings":null,"limit_modified_date":false,"ai":null,"created":"2021-02-01 22:54:08","updated":"2025-10-02 11:48:20","seo_analyzer_scan_date":null,"focus_keyword":null,"additional_keywords":null,"truseo_locale":null},"aioseo_breadcrumb":"<div class=\"aioseo-breadcrumbs\"><span class=\"aioseo-breadcrumb\">\n\t\t\t<a href=\"https:\/\/allasorias.hu\/hirek\" title=\"Home\">Home<\/a>\n\t\t<\/span><span class=\"aioseo-breadcrumb-separator\">&raquo;<\/span><span class=\"aioseo-breadcrumb\">\n\t\t\t<a href=\"https:\/\/allasorias.hu\/hirek\/temak\/karrier\/\" title=\"Karrier\">Karrier<\/a>\n\t\t<\/span><span class=\"aioseo-breadcrumb-separator\">&raquo;<\/span><span class=\"aioseo-breadcrumb\">\n\t\t\tA munka mellett a mag\u00e1n\u00e9let is fontos\n\t\t<\/span><\/div>","aioseo_breadcrumb_json":[{"label":"Home","link":"https:\/\/allasorias.hu\/hirek"},{"label":"Karrier","link":"https:\/\/allasorias.hu\/hirek\/temak\/karrier\/"},{"label":"A munka mellett a mag\u00e1n\u00e9let is fontos","link":"https:\/\/allasorias.hu\/hirek\/a-munka-mellett-a-maganelet-is-fontos\/"}],"_links":{"self":[{"href":"https:\/\/allasorias.hu\/hirek\/wp-json\/wp\/v2\/posts\/3310","targetHints":{"allow":["GET"]}}],"collection":[{"href":"https:\/\/allasorias.hu\/hirek\/wp-json\/wp\/v2\/posts"}],"about":[{"href":"https:\/\/allasorias.hu\/hirek\/wp-json\/wp\/v2\/types\/post"}],"author":[{"embeddable":true,"href":"https:\/\/allasorias.hu\/hirek\/wp-json\/wp\/v2\/users\/1"}],"replies":[{"embeddable":true,"href":"https:\/\/allasorias.hu\/hirek\/wp-json\/wp\/v2\/comments?post=3310"}],"version-history":[{"count":1,"href":"https:\/\/allasorias.hu\/hirek\/wp-json\/wp\/v2\/posts\/3310\/revisions"}],"predecessor-version":[{"id":3312,"href":"https:\/\/allasorias.hu\/hirek\/wp-json\/wp\/v2\/posts\/3310\/revisions\/3312"}],"wp:featuredmedia":[{"embeddable":true,"href":"https:\/\/allasorias.hu\/hirek\/wp-json\/wp\/v2\/media\/3311"}],"wp:attachment":[{"href":"https:\/\/allasorias.hu\/hirek\/wp-json\/wp\/v2\/media?parent=3310"}],"wp:term":[{"taxonomy":"category","embeddable":true,"href":"https:\/\/allasorias.hu\/hirek\/wp-json\/wp\/v2\/categories?post=3310"},{"taxonomy":"post_tag","embeddable":true,"href":"https:\/\/allasorias.hu\/hirek\/wp-json\/wp\/v2\/tags?post=3310"}],"curies":[{"name":"wp","href":"https:\/\/api.w.org\/{rel}","templated":true}]}}