{"id":3304,"date":"2019-09-19T07:48:53","date_gmt":"2019-09-19T07:48:53","guid":{"rendered":"https:\/\/allasorias.hu\/hirek\/?p=3304"},"modified":"2019-09-19T07:48:53","modified_gmt":"2019-09-19T07:48:53","slug":"valojaban-nem-tudni-hogy-mennyi-tanar-hianyzik-az-oktatasbol","status":"publish","type":"post","link":"https:\/\/allasorias.hu\/hirek\/valojaban-nem-tudni-hogy-mennyi-tanar-hianyzik-az-oktatasbol\/","title":{"rendered":"Val\u00f3j\u00e1ban nem tudni, hogy mennyi tan\u00e1r hi\u00e1nyzik az oktat\u00e1sb\u00f3l"},"content":{"rendered":"<p><strong>A Pedag\u00f3gusok Demokratikus Szakszervezete szerint el\u00e9g rossz a helyzet a tan\u00e1ri \u00e1ll\u00e1sokat tekintve. B\u00e1r pr\u00f3b\u00e1lt\u00e1k megtudni R\u00e9tv\u00e1ri Bence Emmi-\u00e1llamtitk\u00e1rt\u00f3l, \u0151 nem v\u00e1laszolt, v\u00e9g\u00fcl a KSH a 24.hu-val k\u00f6z\u00f6lte, hogy 2019. m\u00e1sodik negyed\u00e9v\u00e9ben 4543 \u00fcres \u00e1ll\u00e1shely volt az oktat\u00e1sban. <\/strong><\/p>\n<p>Sz\u0171cs Tam\u00e1s, a Pedag\u00f3gusok Demokratikus Szakszervezet\u00e9nek eln\u00f6ke az Esti gyorsban jelezte: ez pontos adat, de mivel a m\u00e1sodik negyed\u00e9vr\u0151l sz\u00f3l, azt a mozg\u00e1st nem mutatja, hogy nyaranta milyen sokan mondanak fel, mennek nyugd\u00edjba. Az eml\u00edtett sz\u00e1mn\u00e1l nagyobb lehet a hi\u00e1ny m\u00e1r most, \u00e9s \u00e9vek \u00f3ta n\u0151. 2147 ember, csaknem fel\u00fck a k\u00f6z\u00e9pfok\u00fa oktat\u00e1sb\u00f3l hi\u00e1nyzik. A szakoktat\u00f3k, szaktan\u00e1rok hi\u00e1nya nagyon jelent\u0151s, elk\u00e9peszt\u0151en rossz a korfa, \u00edgy ha elhagyj\u00e1k a p\u00e1ly\u00e1t (mert a versenyszf\u00e9r\u00e1ban el tudnak helyezkedni), nagyon neh\u00e9z \u0151ket p\u00f3tolni. Az \u00f3vodapedag\u00f3gusokr\u00f3l is k\u00fcl\u00f6n kell sz\u00f3lni, mert \u0151ket m\u00e1r el\u00e9rte a 40 \u00e9ves korai nyugd\u00edjaz\u00e1s, n\u00e1luk 10 v\u00e9gzett emberb\u0151l ha 2 marad a p\u00e1ly\u00e1n. Sz\u0171cs Tam\u00e1s szerint lesz m\u00e9g rosszabb is a helyzet, ez a most k\u00f6z\u00f6lt adat csak a j\u00e9ghegy cs\u00facsa. \u00dagy v\u00e9li, van egy l\u00e1tens hi\u00e1ny, amelyet a fenntart\u00f3k \u00e9s a korm\u00e1ny elfed plusz- \u00e9s ingyenmunk\u00e1kkal, ez a PDSZ szerint a 30 ezret is el\u00e9rheti.<\/p>\n<p>Forr\u00e1s.klubradio.hu<\/p>\n","protected":false},"excerpt":{"rendered":"<p>A Pedag\u00f3gusok Demokratikus Szakszervezete szerint el\u00e9g rossz a helyzet a tan\u00e1ri \u00e1ll\u00e1sokat tekintve. B\u00e1r pr\u00f3b\u00e1lt\u00e1k megtudni R\u00e9tv\u00e1ri Bence Emmi-\u00e1llamtitk\u00e1rt\u00f3l, \u0151 nem v\u00e1laszolt, v\u00e9g\u00fcl a KSH a 24.hu-val k\u00f6z\u00f6lte, hogy 2019. m\u00e1sodik negyed\u00e9v\u00e9ben 4543 \u00fcres \u00e1ll\u00e1shely volt az oktat\u00e1sban. Sz\u0171cs Tam\u00e1s, a Pedag\u00f3gusok Demokratikus Szakszervezet\u00e9nek eln\u00f6ke az Esti gyorsban jelezte: ez pontos adat, de mivel a [&hellip;]<\/p>\n","protected":false},"author":1,"featured_media":2562,"comment_status":"open","ping_status":"open","sticky":false,"template":"","format":"standard","meta":{"_monsterinsights_skip_tracking":false,"footnotes":""},"categories":[203,200],"tags":[],"class_list":["post-3304","post","type-post","status-publish","format-standard","has-post-thumbnail","hentry","category-hianyszakmak","category-munkaeropiac"],"aioseo_notices":[],"aioseo_head":"\n\t\t<!-- All in One SEO 5.0.0.1 - aioseo.com -->\n\t<meta name=\"description\" content=\"A Pedag\u00f3gusok Demokratikus Szakszervezete szerint el\u00e9g rossz a helyzet a tan\u00e1ri \u00e1ll\u00e1sokat tekintve. B\u00e1r pr\u00f3b\u00e1lt\u00e1k megtudni R\u00e9tv\u00e1ri Bence Emmi-\u00e1llamtitk\u00e1rt\u00f3l, \u0151 nem v\u00e1laszolt, v\u00e9g\u00fcl a KSH a 24.hu-val k\u00f6z\u00f6lte, hogy 2019. m\u00e1sodik negyed\u00e9v\u00e9ben 4543 \u00fcres \u00e1ll\u00e1shely volt az oktat\u00e1sban. Sz\u0171cs Tam\u00e1s, a Pedag\u00f3gusok Demokratikus Szakszervezet\u00e9nek eln\u00f6ke az Esti gyorsban jelezte: ez pontos adat, de mivel a\" \/>\n\t<meta name=\"robots\" content=\"max-image-preview:large\" \/>\n\t<meta name=\"author\" content=\"Juh\u00e1sz P\u00e9ter\"\/>\n\t<link rel=\"canonical\" href=\"https:\/\/allasorias.hu\/hirek\/valojaban-nem-tudni-hogy-mennyi-tanar-hianyzik-az-oktatasbol\/\" \/>\n\t<meta name=\"generator\" content=\"All in One SEO (AIOSEO) 5.0.0.1\" \/>\n\t\t<meta property=\"og:locale\" content=\"hu_HU\" \/>\n\t\t<meta property=\"og:site_name\" content=\"AllasOrias.hu | H\u00edrek-lapszemle | \u00dczleti h\u00edrek az \u00e1ll\u00e1s \u00e9s a munka vil\u00e1g\u00e1b\u00f3l\" \/>\n\t\t<meta property=\"og:type\" content=\"article\" \/>\n\t\t<meta property=\"og:title\" content=\"Val\u00f3j\u00e1ban nem tudni, hogy mennyi tan\u00e1r hi\u00e1nyzik az oktat\u00e1sb\u00f3l | AllasOrias.hu | H\u00edrek-lapszemle\" \/>\n\t\t<meta property=\"og:description\" content=\"A Pedag\u00f3gusok Demokratikus Szakszervezete szerint el\u00e9g rossz a helyzet a tan\u00e1ri \u00e1ll\u00e1sokat tekintve. B\u00e1r pr\u00f3b\u00e1lt\u00e1k megtudni R\u00e9tv\u00e1ri Bence Emmi-\u00e1llamtitk\u00e1rt\u00f3l, \u0151 nem v\u00e1laszolt, v\u00e9g\u00fcl a KSH a 24.hu-val k\u00f6z\u00f6lte, hogy 2019. m\u00e1sodik negyed\u00e9v\u00e9ben 4543 \u00fcres \u00e1ll\u00e1shely volt az oktat\u00e1sban. Sz\u0171cs Tam\u00e1s, a Pedag\u00f3gusok Demokratikus Szakszervezet\u00e9nek eln\u00f6ke az Esti gyorsban jelezte: ez pontos adat, de mivel a\" \/>\n\t\t<meta property=\"og:url\" content=\"https:\/\/allasorias.hu\/hirek\/valojaban-nem-tudni-hogy-mennyi-tanar-hianyzik-az-oktatasbol\/\" \/>\n\t\t<meta property=\"og:image\" content=\"https:\/\/allasorias.hu\/hirek\/wp-content\/uploads\/2019\/02\/student-2052868_640-1.jpg\" \/>\n\t\t<meta property=\"og:image:secure_url\" content=\"https:\/\/allasorias.hu\/hirek\/wp-content\/uploads\/2019\/02\/student-2052868_640-1.jpg\" \/>\n\t\t<meta property=\"og:image:width\" content=\"640\" \/>\n\t\t<meta property=\"og:image:height\" content=\"421\" \/>\n\t\t<meta property=\"article:published_time\" content=\"2019-09-19T07:48:53+00:00\" \/>\n\t\t<meta property=\"article:modified_time\" content=\"2019-09-19T07:48:53+00:00\" \/>\n\t\t<meta property=\"article:publisher\" content=\"https:\/\/www.facebook.com\/allasorias\" \/>\n\t\t<meta name=\"twitter:card\" content=\"summary_large_image\" \/>\n\t\t<meta name=\"twitter:title\" content=\"Val\u00f3j\u00e1ban nem tudni, hogy mennyi tan\u00e1r hi\u00e1nyzik az oktat\u00e1sb\u00f3l | AllasOrias.hu | H\u00edrek-lapszemle\" \/>\n\t\t<meta name=\"twitter:description\" content=\"A Pedag\u00f3gusok Demokratikus Szakszervezete szerint el\u00e9g rossz a helyzet a tan\u00e1ri \u00e1ll\u00e1sokat tekintve. B\u00e1r pr\u00f3b\u00e1lt\u00e1k megtudni R\u00e9tv\u00e1ri Bence Emmi-\u00e1llamtitk\u00e1rt\u00f3l, \u0151 nem v\u00e1laszolt, v\u00e9g\u00fcl a KSH a 24.hu-val k\u00f6z\u00f6lte, hogy 2019. m\u00e1sodik negyed\u00e9v\u00e9ben 4543 \u00fcres \u00e1ll\u00e1shely volt az oktat\u00e1sban. Sz\u0171cs Tam\u00e1s, a Pedag\u00f3gusok Demokratikus Szakszervezet\u00e9nek eln\u00f6ke az Esti gyorsban jelezte: ez pontos adat, de mivel a\" \/>\n\t\t<meta name=\"twitter:image\" content=\"https:\/\/allasorias.hu\/hirek\/wp-content\/uploads\/2019\/02\/student-2052868_640-1.jpg\" \/>\n\t\t<meta name=\"twitter:label1\" content=\"Written by\" \/>\n\t\t<meta name=\"twitter:data1\" content=\"Juh\u00e1sz P\u00e9ter\" \/>\n\t\t<meta name=\"twitter:label2\" content=\"Est. reading time\" \/>\n\t\t<meta name=\"twitter:data2\" content=\"1 minute\" \/>\n\t\t<script type=\"application\/ld+json\" class=\"aioseo-schema\">\n\t\t\t{\"@context\":\"https:\\\/\\\/schema.org\",\"@graph\":[{\"@type\":\"Article\",\"@id\":\"https:\\\/\\\/allasorias.hu\\\/hirek\\\/valojaban-nem-tudni-hogy-mennyi-tanar-hianyzik-az-oktatasbol\\\/#article\",\"name\":\"Val\\u00f3j\\u00e1ban nem tudni, hogy mennyi tan\\u00e1r hi\\u00e1nyzik az oktat\\u00e1sb\\u00f3l | AllasOrias.hu | H\\u00edrek-lapszemle\",\"headline\":\"Val\\u00f3j\\u00e1ban nem tudni, hogy mennyi tan\\u00e1r hi\\u00e1nyzik az oktat\\u00e1sb\\u00f3l\",\"author\":{\"@id\":\"https:\\\/\\\/allasorias.hu\\\/hirek\\\/author\\\/admin-allasorias\\\/#author\"},\"publisher\":{\"@id\":\"https:\\\/\\\/allasorias.hu\\\/hirek\\\/#organization\"},\"image\":{\"@type\":\"ImageObject\",\"url\":\"https:\\\/\\\/allasorias.hu\\\/hirek\\\/wp-content\\\/uploads\\\/2019\\\/02\\\/student-2052868_640-1.jpg\",\"width\":640,\"height\":421},\"datePublished\":\"2019-09-19T07:48:53+02:00\",\"dateModified\":\"2019-09-19T07:48:53+02:00\",\"inLanguage\":\"hu-HU\",\"commentCount\":1,\"mainEntityOfPage\":{\"@id\":\"https:\\\/\\\/allasorias.hu\\\/hirek\\\/valojaban-nem-tudni-hogy-mennyi-tanar-hianyzik-az-oktatasbol\\\/#webpage\"},\"isPartOf\":{\"@id\":\"https:\\\/\\\/allasorias.hu\\\/hirek\\\/valojaban-nem-tudni-hogy-mennyi-tanar-hianyzik-az-oktatasbol\\\/#webpage\"},\"articleSection\":\"Hi\\u00e1nyszakm\\u00e1k, Munkaer\\u0151piac\"},{\"@type\":\"BreadcrumbList\",\"@id\":\"https:\\\/\\\/allasorias.hu\\\/hirek\\\/valojaban-nem-tudni-hogy-mennyi-tanar-hianyzik-az-oktatasbol\\\/#breadcrumblist\",\"itemListElement\":[{\"@type\":\"ListItem\",\"@id\":\"https:\\\/\\\/allasorias.hu\\\/hirek#listItem\",\"position\":1,\"name\":\"Home\",\"item\":\"https:\\\/\\\/allasorias.hu\\\/hirek\",\"nextItem\":{\"@type\":\"ListItem\",\"@id\":\"https:\\\/\\\/allasorias.hu\\\/hirek\\\/temak\\\/munkaeropiac\\\/#listItem\",\"name\":\"Munkaer\\u0151piac\"}},{\"@type\":\"ListItem\",\"@id\":\"https:\\\/\\\/allasorias.hu\\\/hirek\\\/temak\\\/munkaeropiac\\\/#listItem\",\"position\":2,\"name\":\"Munkaer\\u0151piac\",\"item\":\"https:\\\/\\\/allasorias.hu\\\/hirek\\\/temak\\\/munkaeropiac\\\/\",\"nextItem\":{\"@type\":\"ListItem\",\"@id\":\"https:\\\/\\\/allasorias.hu\\\/hirek\\\/valojaban-nem-tudni-hogy-mennyi-tanar-hianyzik-az-oktatasbol\\\/#listItem\",\"name\":\"Val\\u00f3j\\u00e1ban nem tudni, hogy mennyi tan\\u00e1r hi\\u00e1nyzik az oktat\\u00e1sb\\u00f3l\"},\"previousItem\":{\"@type\":\"ListItem\",\"@id\":\"https:\\\/\\\/allasorias.hu\\\/hirek#listItem\",\"name\":\"Home\"}},{\"@type\":\"ListItem\",\"@id\":\"https:\\\/\\\/allasorias.hu\\\/hirek\\\/valojaban-nem-tudni-hogy-mennyi-tanar-hianyzik-az-oktatasbol\\\/#listItem\",\"position\":3,\"name\":\"Val\\u00f3j\\u00e1ban nem tudni, hogy mennyi tan\\u00e1r hi\\u00e1nyzik az oktat\\u00e1sb\\u00f3l\",\"previousItem\":{\"@type\":\"ListItem\",\"@id\":\"https:\\\/\\\/allasorias.hu\\\/hirek\\\/temak\\\/munkaeropiac\\\/#listItem\",\"name\":\"Munkaer\\u0151piac\"}}]},{\"@type\":\"Organization\",\"@id\":\"https:\\\/\\\/allasorias.hu\\\/hirek\\\/#organization\",\"name\":\"AllasOrias.hu | H\\u00edrek-lapszemle\",\"description\":\"\\u00dczleti h\\u00edrek az \\u00e1ll\\u00e1s \\u00e9s a munka vil\\u00e1g\\u00e1b\\u00f3l\",\"url\":\"https:\\\/\\\/allasorias.hu\\\/hirek\\\/\",\"logo\":{\"@type\":\"ImageObject\",\"url\":\"https:\\\/\\\/allasorias.hu\\\/hirek\\\/wp-content\\\/uploads\\\/2022\\\/10\\\/allasorias_site_facebok_logo.png\",\"@id\":\"https:\\\/\\\/allasorias.hu\\\/hirek\\\/valojaban-nem-tudni-hogy-mennyi-tanar-hianyzik-az-oktatasbol\\\/#organizationLogo\"},\"image\":{\"@id\":\"https:\\\/\\\/allasorias.hu\\\/hirek\\\/valojaban-nem-tudni-hogy-mennyi-tanar-hianyzik-az-oktatasbol\\\/#organizationLogo\"},\"sameAs\":[\"https:\\\/\\\/www.facebook.com\\\/allasorias\",\"https:\\\/\\\/www.linkedin.com\\\/company\\\/allasorias\"]},{\"@type\":\"Person\",\"@id\":\"https:\\\/\\\/allasorias.hu\\\/hirek\\\/author\\\/admin-allasorias\\\/#author\",\"url\":\"https:\\\/\\\/allasorias.hu\\\/hirek\\\/author\\\/admin-allasorias\\\/\",\"name\":\"Juh\\u00e1sz P\\u00e9ter\",\"image\":{\"@type\":\"ImageObject\",\"@id\":\"https:\\\/\\\/allasorias.hu\\\/hirek\\\/valojaban-nem-tudni-hogy-mennyi-tanar-hianyzik-az-oktatasbol\\\/#authorImage\",\"url\":\"https:\\\/\\\/secure.gravatar.com\\\/avatar\\\/36e6bcb83148978b992977cb0f54d22feb0cce8a0a849a9410532bb2623ba4c6?s=96&d=mm&r=g\",\"width\":96,\"height\":96,\"caption\":\"Juh\\u00e1sz P\\u00e9ter\"}},{\"@type\":\"WebPage\",\"@id\":\"https:\\\/\\\/allasorias.hu\\\/hirek\\\/valojaban-nem-tudni-hogy-mennyi-tanar-hianyzik-az-oktatasbol\\\/#webpage\",\"url\":\"https:\\\/\\\/allasorias.hu\\\/hirek\\\/valojaban-nem-tudni-hogy-mennyi-tanar-hianyzik-az-oktatasbol\\\/\",\"name\":\"Val\\u00f3j\\u00e1ban nem tudni, hogy mennyi tan\\u00e1r hi\\u00e1nyzik az oktat\\u00e1sb\\u00f3l | AllasOrias.hu | H\\u00edrek-lapszemle\",\"description\":\"A Pedag\\u00f3gusok Demokratikus Szakszervezete szerint el\\u00e9g rossz a helyzet a tan\\u00e1ri \\u00e1ll\\u00e1sokat tekintve. B\\u00e1r pr\\u00f3b\\u00e1lt\\u00e1k megtudni R\\u00e9tv\\u00e1ri Bence Emmi-\\u00e1llamtitk\\u00e1rt\\u00f3l, \\u0151 nem v\\u00e1laszolt, v\\u00e9g\\u00fcl a KSH a 24.hu-val k\\u00f6z\\u00f6lte, hogy 2019. m\\u00e1sodik negyed\\u00e9v\\u00e9ben 4543 \\u00fcres \\u00e1ll\\u00e1shely volt az oktat\\u00e1sban. Sz\\u0171cs Tam\\u00e1s, a Pedag\\u00f3gusok Demokratikus Szakszervezet\\u00e9nek eln\\u00f6ke az Esti gyorsban jelezte: ez pontos adat, de mivel a\",\"inLanguage\":\"hu-HU\",\"isPartOf\":{\"@id\":\"https:\\\/\\\/allasorias.hu\\\/hirek\\\/#website\"},\"breadcrumb\":{\"@id\":\"https:\\\/\\\/allasorias.hu\\\/hirek\\\/valojaban-nem-tudni-hogy-mennyi-tanar-hianyzik-az-oktatasbol\\\/#breadcrumblist\"},\"author\":{\"@id\":\"https:\\\/\\\/allasorias.hu\\\/hirek\\\/author\\\/admin-allasorias\\\/#author\"},\"creator\":{\"@id\":\"https:\\\/\\\/allasorias.hu\\\/hirek\\\/author\\\/admin-allasorias\\\/#author\"},\"image\":{\"@type\":\"ImageObject\",\"url\":\"https:\\\/\\\/allasorias.hu\\\/hirek\\\/wp-content\\\/uploads\\\/2019\\\/02\\\/student-2052868_640-1.jpg\",\"@id\":\"https:\\\/\\\/allasorias.hu\\\/hirek\\\/valojaban-nem-tudni-hogy-mennyi-tanar-hianyzik-az-oktatasbol\\\/#mainImage\",\"width\":640,\"height\":421},\"primaryImageOfPage\":{\"@id\":\"https:\\\/\\\/allasorias.hu\\\/hirek\\\/valojaban-nem-tudni-hogy-mennyi-tanar-hianyzik-az-oktatasbol\\\/#mainImage\"},\"datePublished\":\"2019-09-19T07:48:53+02:00\",\"dateModified\":\"2019-09-19T07:48:53+02:00\"},{\"@type\":\"WebSite\",\"@id\":\"https:\\\/\\\/allasorias.hu\\\/hirek\\\/#website\",\"url\":\"https:\\\/\\\/allasorias.hu\\\/hirek\\\/\",\"name\":\"AllasOrias.hu | H\\u00edrek-lapszemle\",\"description\":\"\\u00dczleti h\\u00edrek az \\u00e1ll\\u00e1s \\u00e9s a munka vil\\u00e1g\\u00e1b\\u00f3l\",\"inLanguage\":\"hu-HU\",\"publisher\":{\"@id\":\"https:\\\/\\\/allasorias.hu\\\/hirek\\\/#organization\"}}]}\n\t\t<\/script>\n\t\t<!-- All in One SEO -->\n\n","aioseo_head_json":{"title":"Val\u00f3j\u00e1ban nem tudni, hogy mennyi tan\u00e1r hi\u00e1nyzik az oktat\u00e1sb\u00f3l | AllasOrias.hu | H\u00edrek-lapszemle","description":"A Pedag\u00f3gusok Demokratikus Szakszervezete szerint el\u00e9g rossz a helyzet a tan\u00e1ri \u00e1ll\u00e1sokat tekintve. B\u00e1r pr\u00f3b\u00e1lt\u00e1k megtudni R\u00e9tv\u00e1ri Bence Emmi-\u00e1llamtitk\u00e1rt\u00f3l, \u0151 nem v\u00e1laszolt, v\u00e9g\u00fcl a KSH a 24.hu-val k\u00f6z\u00f6lte, hogy 2019. m\u00e1sodik negyed\u00e9v\u00e9ben 4543 \u00fcres \u00e1ll\u00e1shely volt az oktat\u00e1sban. Sz\u0171cs Tam\u00e1s, a Pedag\u00f3gusok Demokratikus Szakszervezet\u00e9nek eln\u00f6ke az Esti gyorsban jelezte: ez pontos adat, de mivel a","canonical_url":"https:\/\/allasorias.hu\/hirek\/valojaban-nem-tudni-hogy-mennyi-tanar-hianyzik-az-oktatasbol\/","robots":"max-image-preview:large","keywords":"","webmasterTools":{"miscellaneous":""},"schema":{"@context":"https:\/\/schema.org","@graph":[{"@type":"Article","@id":"https:\/\/allasorias.hu\/hirek\/valojaban-nem-tudni-hogy-mennyi-tanar-hianyzik-az-oktatasbol\/#article","name":"Val\u00f3j\u00e1ban nem tudni, hogy mennyi tan\u00e1r hi\u00e1nyzik az oktat\u00e1sb\u00f3l | AllasOrias.hu | H\u00edrek-lapszemle","headline":"Val\u00f3j\u00e1ban nem tudni, hogy mennyi tan\u00e1r hi\u00e1nyzik az oktat\u00e1sb\u00f3l","author":{"@id":"https:\/\/allasorias.hu\/hirek\/author\/admin-allasorias\/#author"},"publisher":{"@id":"https:\/\/allasorias.hu\/hirek\/#organization"},"image":{"@type":"ImageObject","url":"https:\/\/allasorias.hu\/hirek\/wp-content\/uploads\/2019\/02\/student-2052868_640-1.jpg","width":640,"height":421},"datePublished":"2019-09-19T07:48:53+02:00","dateModified":"2019-09-19T07:48:53+02:00","inLanguage":"hu-HU","commentCount":1,"mainEntityOfPage":{"@id":"https:\/\/allasorias.hu\/hirek\/valojaban-nem-tudni-hogy-mennyi-tanar-hianyzik-az-oktatasbol\/#webpage"},"isPartOf":{"@id":"https:\/\/allasorias.hu\/hirek\/valojaban-nem-tudni-hogy-mennyi-tanar-hianyzik-az-oktatasbol\/#webpage"},"articleSection":"Hi\u00e1nyszakm\u00e1k, Munkaer\u0151piac"},{"@type":"BreadcrumbList","@id":"https:\/\/allasorias.hu\/hirek\/valojaban-nem-tudni-hogy-mennyi-tanar-hianyzik-az-oktatasbol\/#breadcrumblist","itemListElement":[{"@type":"ListItem","@id":"https:\/\/allasorias.hu\/hirek#listItem","position":1,"name":"Home","item":"https:\/\/allasorias.hu\/hirek","nextItem":{"@type":"ListItem","@id":"https:\/\/allasorias.hu\/hirek\/temak\/munkaeropiac\/#listItem","name":"Munkaer\u0151piac"}},{"@type":"ListItem","@id":"https:\/\/allasorias.hu\/hirek\/temak\/munkaeropiac\/#listItem","position":2,"name":"Munkaer\u0151piac","item":"https:\/\/allasorias.hu\/hirek\/temak\/munkaeropiac\/","nextItem":{"@type":"ListItem","@id":"https:\/\/allasorias.hu\/hirek\/valojaban-nem-tudni-hogy-mennyi-tanar-hianyzik-az-oktatasbol\/#listItem","name":"Val\u00f3j\u00e1ban nem tudni, hogy mennyi tan\u00e1r hi\u00e1nyzik az oktat\u00e1sb\u00f3l"},"previousItem":{"@type":"ListItem","@id":"https:\/\/allasorias.hu\/hirek#listItem","name":"Home"}},{"@type":"ListItem","@id":"https:\/\/allasorias.hu\/hirek\/valojaban-nem-tudni-hogy-mennyi-tanar-hianyzik-az-oktatasbol\/#listItem","position":3,"name":"Val\u00f3j\u00e1ban nem tudni, hogy mennyi tan\u00e1r hi\u00e1nyzik az oktat\u00e1sb\u00f3l","previousItem":{"@type":"ListItem","@id":"https:\/\/allasorias.hu\/hirek\/temak\/munkaeropiac\/#listItem","name":"Munkaer\u0151piac"}}]},{"@type":"Organization","@id":"https:\/\/allasorias.hu\/hirek\/#organization","name":"AllasOrias.hu | H\u00edrek-lapszemle","description":"\u00dczleti h\u00edrek az \u00e1ll\u00e1s \u00e9s a munka vil\u00e1g\u00e1b\u00f3l","url":"https:\/\/allasorias.hu\/hirek\/","logo":{"@type":"ImageObject","url":"https:\/\/allasorias.hu\/hirek\/wp-content\/uploads\/2022\/10\/allasorias_site_facebok_logo.png","@id":"https:\/\/allasorias.hu\/hirek\/valojaban-nem-tudni-hogy-mennyi-tanar-hianyzik-az-oktatasbol\/#organizationLogo"},"image":{"@id":"https:\/\/allasorias.hu\/hirek\/valojaban-nem-tudni-hogy-mennyi-tanar-hianyzik-az-oktatasbol\/#organizationLogo"},"sameAs":["https:\/\/www.facebook.com\/allasorias","https:\/\/www.linkedin.com\/company\/allasorias"]},{"@type":"Person","@id":"https:\/\/allasorias.hu\/hirek\/author\/admin-allasorias\/#author","url":"https:\/\/allasorias.hu\/hirek\/author\/admin-allasorias\/","name":"Juh\u00e1sz P\u00e9ter","image":{"@type":"ImageObject","@id":"https:\/\/allasorias.hu\/hirek\/valojaban-nem-tudni-hogy-mennyi-tanar-hianyzik-az-oktatasbol\/#authorImage","url":"https:\/\/secure.gravatar.com\/avatar\/36e6bcb83148978b992977cb0f54d22feb0cce8a0a849a9410532bb2623ba4c6?s=96&d=mm&r=g","width":96,"height":96,"caption":"Juh\u00e1sz P\u00e9ter"}},{"@type":"WebPage","@id":"https:\/\/allasorias.hu\/hirek\/valojaban-nem-tudni-hogy-mennyi-tanar-hianyzik-az-oktatasbol\/#webpage","url":"https:\/\/allasorias.hu\/hirek\/valojaban-nem-tudni-hogy-mennyi-tanar-hianyzik-az-oktatasbol\/","name":"Val\u00f3j\u00e1ban nem tudni, hogy mennyi tan\u00e1r hi\u00e1nyzik az oktat\u00e1sb\u00f3l | AllasOrias.hu | H\u00edrek-lapszemle","description":"A Pedag\u00f3gusok Demokratikus Szakszervezete szerint el\u00e9g rossz a helyzet a tan\u00e1ri \u00e1ll\u00e1sokat tekintve. B\u00e1r pr\u00f3b\u00e1lt\u00e1k megtudni R\u00e9tv\u00e1ri Bence Emmi-\u00e1llamtitk\u00e1rt\u00f3l, \u0151 nem v\u00e1laszolt, v\u00e9g\u00fcl a KSH a 24.hu-val k\u00f6z\u00f6lte, hogy 2019. m\u00e1sodik negyed\u00e9v\u00e9ben 4543 \u00fcres \u00e1ll\u00e1shely volt az oktat\u00e1sban. Sz\u0171cs Tam\u00e1s, a Pedag\u00f3gusok Demokratikus Szakszervezet\u00e9nek eln\u00f6ke az Esti gyorsban jelezte: ez pontos adat, de mivel a","inLanguage":"hu-HU","isPartOf":{"@id":"https:\/\/allasorias.hu\/hirek\/#website"},"breadcrumb":{"@id":"https:\/\/allasorias.hu\/hirek\/valojaban-nem-tudni-hogy-mennyi-tanar-hianyzik-az-oktatasbol\/#breadcrumblist"},"author":{"@id":"https:\/\/allasorias.hu\/hirek\/author\/admin-allasorias\/#author"},"creator":{"@id":"https:\/\/allasorias.hu\/hirek\/author\/admin-allasorias\/#author"},"image":{"@type":"ImageObject","url":"https:\/\/allasorias.hu\/hirek\/wp-content\/uploads\/2019\/02\/student-2052868_640-1.jpg","@id":"https:\/\/allasorias.hu\/hirek\/valojaban-nem-tudni-hogy-mennyi-tanar-hianyzik-az-oktatasbol\/#mainImage","width":640,"height":421},"primaryImageOfPage":{"@id":"https:\/\/allasorias.hu\/hirek\/valojaban-nem-tudni-hogy-mennyi-tanar-hianyzik-az-oktatasbol\/#mainImage"},"datePublished":"2019-09-19T07:48:53+02:00","dateModified":"2019-09-19T07:48:53+02:00"},{"@type":"WebSite","@id":"https:\/\/allasorias.hu\/hirek\/#website","url":"https:\/\/allasorias.hu\/hirek\/","name":"AllasOrias.hu | H\u00edrek-lapszemle","description":"\u00dczleti h\u00edrek az \u00e1ll\u00e1s \u00e9s a munka vil\u00e1g\u00e1b\u00f3l","inLanguage":"hu-HU","publisher":{"@id":"https:\/\/allasorias.hu\/hirek\/#organization"}}]},"og:locale":"hu_HU","og:site_name":"AllasOrias.hu | H\u00edrek-lapszemle | \u00dczleti h\u00edrek az \u00e1ll\u00e1s \u00e9s a munka vil\u00e1g\u00e1b\u00f3l","og:type":"article","og:title":"Val\u00f3j\u00e1ban nem tudni, hogy mennyi tan\u00e1r hi\u00e1nyzik az oktat\u00e1sb\u00f3l | AllasOrias.hu | H\u00edrek-lapszemle","og:description":"A Pedag\u00f3gusok Demokratikus Szakszervezete szerint el\u00e9g rossz a helyzet a tan\u00e1ri \u00e1ll\u00e1sokat tekintve. B\u00e1r pr\u00f3b\u00e1lt\u00e1k megtudni R\u00e9tv\u00e1ri Bence Emmi-\u00e1llamtitk\u00e1rt\u00f3l, \u0151 nem v\u00e1laszolt, v\u00e9g\u00fcl a KSH a 24.hu-val k\u00f6z\u00f6lte, hogy 2019. m\u00e1sodik negyed\u00e9v\u00e9ben 4543 \u00fcres \u00e1ll\u00e1shely volt az oktat\u00e1sban. Sz\u0171cs Tam\u00e1s, a Pedag\u00f3gusok Demokratikus Szakszervezet\u00e9nek eln\u00f6ke az Esti gyorsban jelezte: ez pontos adat, de mivel a","og:url":"https:\/\/allasorias.hu\/hirek\/valojaban-nem-tudni-hogy-mennyi-tanar-hianyzik-az-oktatasbol\/","og:image":"https:\/\/allasorias.hu\/hirek\/wp-content\/uploads\/2019\/02\/student-2052868_640-1.jpg","og:image:secure_url":"https:\/\/allasorias.hu\/hirek\/wp-content\/uploads\/2019\/02\/student-2052868_640-1.jpg","og:image:width":640,"og:image:height":421,"article:published_time":"2019-09-19T07:48:53+00:00","article:modified_time":"2019-09-19T07:48:53+00:00","article:publisher":"https:\/\/www.facebook.com\/allasorias","twitter:card":"summary_large_image","twitter:title":"Val\u00f3j\u00e1ban nem tudni, hogy mennyi tan\u00e1r hi\u00e1nyzik az oktat\u00e1sb\u00f3l | AllasOrias.hu | H\u00edrek-lapszemle","twitter:description":"A Pedag\u00f3gusok Demokratikus Szakszervezete szerint el\u00e9g rossz a helyzet a tan\u00e1ri \u00e1ll\u00e1sokat tekintve. B\u00e1r pr\u00f3b\u00e1lt\u00e1k megtudni R\u00e9tv\u00e1ri Bence Emmi-\u00e1llamtitk\u00e1rt\u00f3l, \u0151 nem v\u00e1laszolt, v\u00e9g\u00fcl a KSH a 24.hu-val k\u00f6z\u00f6lte, hogy 2019. m\u00e1sodik negyed\u00e9v\u00e9ben 4543 \u00fcres \u00e1ll\u00e1shely volt az oktat\u00e1sban. Sz\u0171cs Tam\u00e1s, a Pedag\u00f3gusok Demokratikus Szakszervezet\u00e9nek eln\u00f6ke az Esti gyorsban jelezte: ez pontos adat, de mivel a","twitter:image":"https:\/\/allasorias.hu\/hirek\/wp-content\/uploads\/2019\/02\/student-2052868_640-1.jpg","twitter:label1":"Written by","twitter:data1":"Juh\u00e1sz P\u00e9ter","twitter:label2":"Est. reading time","twitter:data2":"1 minute"},"aioseo_meta_data":{"post_id":"3304","title":null,"description":null,"keywords":null,"keyphrases":null,"primary_term":null,"canonical_url":null,"og_title":null,"og_description":null,"og_object_type":"default","og_image_type":"default","og_image_url":null,"og_image_width":null,"og_image_height":null,"og_image_custom_url":null,"og_image_custom_fields":null,"og_video":null,"og_custom_url":null,"og_article_section":null,"og_article_tags":null,"twitter_use_og":false,"twitter_card":"default","twitter_image_type":"default","twitter_image_url":null,"twitter_image_custom_url":null,"twitter_image_custom_fields":null,"twitter_title":null,"twitter_description":null,"schema":{"blockGraphs":[],"customGraphs":[],"default":{"data":{"Article":[],"Course":[],"Dataset":[],"FAQPage":[],"Movie":[],"Person":[],"Product":[],"ProductReview":[],"Car":[],"Recipe":[],"Service":[],"SoftwareApplication":[],"WebPage":[]},"graphName":"","isEnabled":true},"graphs":[],"defaultGraph":"","defaultPostTypeGraph":""},"schema_type":null,"schema_type_options":null,"pillar_content":false,"robots_default":true,"robots_noindex":false,"robots_noarchive":false,"robots_nosnippet":false,"robots_nofollow":false,"robots_noimageindex":false,"robots_noodp":false,"robots_notranslate":false,"robots_max_snippet":null,"robots_max_videopreview":null,"robots_max_imagepreview":"large","priority":null,"frequency":null,"location":null,"local_seo":null,"breadcrumb_settings":null,"limit_modified_date":false,"ai":null,"created":"2021-02-01 22:54:08","updated":"2025-10-02 11:48:20","seo_analyzer_scan_date":null,"focus_keyword":null,"additional_keywords":null,"truseo_locale":null},"aioseo_breadcrumb":"<div class=\"aioseo-breadcrumbs\"><span class=\"aioseo-breadcrumb\">\n\t\t\t<a href=\"https:\/\/allasorias.hu\/hirek\" title=\"Home\">Home<\/a>\n\t\t<\/span><span class=\"aioseo-breadcrumb-separator\">&raquo;<\/span><span class=\"aioseo-breadcrumb\">\n\t\t\t<a href=\"https:\/\/allasorias.hu\/hirek\/temak\/munkaeropiac\/\" title=\"Munkaer\u0151piac\">Munkaer\u0151piac<\/a>\n\t\t<\/span><span class=\"aioseo-breadcrumb-separator\">&raquo;<\/span><span class=\"aioseo-breadcrumb\">\n\t\t\tVal\u00f3j\u00e1ban nem tudni, hogy mennyi tan\u00e1r hi\u00e1nyzik az oktat\u00e1sb\u00f3l\n\t\t<\/span><\/div>","aioseo_breadcrumb_json":[{"label":"Home","link":"https:\/\/allasorias.hu\/hirek"},{"label":"Munkaer\u0151piac","link":"https:\/\/allasorias.hu\/hirek\/temak\/munkaeropiac\/"},{"label":"Val\u00f3j\u00e1ban nem tudni, hogy mennyi tan\u00e1r hi\u00e1nyzik az oktat\u00e1sb\u00f3l","link":"https:\/\/allasorias.hu\/hirek\/valojaban-nem-tudni-hogy-mennyi-tanar-hianyzik-az-oktatasbol\/"}],"_links":{"self":[{"href":"https:\/\/allasorias.hu\/hirek\/wp-json\/wp\/v2\/posts\/3304","targetHints":{"allow":["GET"]}}],"collection":[{"href":"https:\/\/allasorias.hu\/hirek\/wp-json\/wp\/v2\/posts"}],"about":[{"href":"https:\/\/allasorias.hu\/hirek\/wp-json\/wp\/v2\/types\/post"}],"author":[{"embeddable":true,"href":"https:\/\/allasorias.hu\/hirek\/wp-json\/wp\/v2\/users\/1"}],"replies":[{"embeddable":true,"href":"https:\/\/allasorias.hu\/hirek\/wp-json\/wp\/v2\/comments?post=3304"}],"version-history":[{"count":1,"href":"https:\/\/allasorias.hu\/hirek\/wp-json\/wp\/v2\/posts\/3304\/revisions"}],"predecessor-version":[{"id":3305,"href":"https:\/\/allasorias.hu\/hirek\/wp-json\/wp\/v2\/posts\/3304\/revisions\/3305"}],"wp:featuredmedia":[{"embeddable":true,"href":"https:\/\/allasorias.hu\/hirek\/wp-json\/wp\/v2\/media\/2562"}],"wp:attachment":[{"href":"https:\/\/allasorias.hu\/hirek\/wp-json\/wp\/v2\/media?parent=3304"}],"wp:term":[{"taxonomy":"category","embeddable":true,"href":"https:\/\/allasorias.hu\/hirek\/wp-json\/wp\/v2\/categories?post=3304"},{"taxonomy":"post_tag","embeddable":true,"href":"https:\/\/allasorias.hu\/hirek\/wp-json\/wp\/v2\/tags?post=3304"}],"curies":[{"name":"wp","href":"https:\/\/api.w.org\/{rel}","templated":true}]}}