{"id":3302,"date":"2019-09-18T07:49:04","date_gmt":"2019-09-18T07:49:04","guid":{"rendered":"https:\/\/allasorias.hu\/hirek\/?p=3302"},"modified":"2019-09-18T07:49:04","modified_gmt":"2019-09-18T07:49:04","slug":"segitik-a-fiatalok-vallalkozova-valasat","status":"publish","type":"post","link":"https:\/\/allasorias.hu\/hirek\/segitik-a-fiatalok-vallalkozova-valasat\/","title":{"rendered":"Seg\u00edtik a fiatalok  v\u00e1llalkoz\u00f3v\u00e1 v\u00e1l\u00e1s\u00e1t"},"content":{"rendered":"<p><strong>A Nyugat-Dun\u00e1nt\u00falon mintegy 633 milli\u00f3 forintos uni\u00f3s t\u00e1mogat\u00e1sb\u00f3l \u00e1ll\u00e1skeres\u0151k \u00e9s fiatalok v\u00e1llalkoz\u00f3v\u00e1 v\u00e1l\u00e1s\u00e1t seg\u00edtik, c\u00e9l, hogy a v\u00e1llalkoz\u00e1s ind\u00edt\u00e1s\u00e1t tervez\u0151, alkalmas szeml\u00e9lettel rendelkez\u0151 \u00e1ll\u00e1skeres\u0151ket \u00e9s fiatalokat felk\u00e9sz\u00edts\u00e9k saj\u00e1t v\u00e1llalkoz\u00e1suk ind\u00edt\u00e1s\u00e1ra \u2013 t\u00e1j\u00e9koztatta a Kisalf\u00f6ldi V\u00e1llalkoz\u00e1sfejleszt\u00e9si Alap\u00edtv\u00e1ny\u00a0 az MTI-t.<\/strong><\/p>\n<p>A programban r\u00e9sztvev\u0151knek olyan ismereteket ny\u00fajtanak, amelyek seg\u00edtik \u0151ket elk\u00e9pzel\u00e9s\u00fck kidolgoz\u00e1s\u00e1ban \u00e9s \u00fczleti terv\u00fck elk\u00e9sz\u00edt\u00e9s\u00e9ben. A k\u00e9pz\u00e9si programokat eredm\u00e9nyesen elv\u00e9gz\u0151, j\u00f3v\u00e1hagyott \u00fczleti tervvel rendelkez\u0151, v\u00e1llalkoz\u00e1st alap\u00edt\u00f3k, 4,5 milli\u00f3 forint vissza nem t\u00e9r\u00edtend\u0151 t\u00e1mogat\u00e1st kaphatnak. A programmal olyan mikrov\u00e1llalkoz\u00e1sok j\u00f6hetnek majd l\u00e9tre, amelyek vezet\u0151i megfelel\u0151 tud\u00e1ssal rendelkeznek a v\u00e1llalkoz\u00e1sok fenntarthat\u00f3, ad\u00f3tudatos, hat\u00e9kony \u00e9s szab\u00e1lyszer\u0171 m\u0171k\u00f6dtet\u00e9s\u00e9hez. A programot a Kisalf\u00f6ldi V\u00e1llalkoz\u00e1sfejleszt\u00e9si Alap\u00edtv\u00e1ny, Vas Megye \u00e9s Szombathely V\u00e1ros Region\u00e1lis V\u00e1llalkoz\u00e1sfejleszt\u00e9si Alap\u00edtv\u00e1nya, a Zala Megyei V\u00e1llalkoz\u00e1sfejleszt\u00e9si Alap\u00edtv\u00e1ny \u00e9s a Tolna Megyei V\u00e1llalkoz\u00e1sfejleszt\u00e9si Alap\u00edtv\u00e1ny konzorciuma val\u00f3s\u00edtja meg. A c\u00e9lcsoportban a harminc \u00e9v alatti fiatalok, a harmincadik \u00e9v\u00fcket m\u00e1r bet\u00f6lt\u00f6tt \u00e1ll\u00e1skeres\u0151k, valamint a szint\u00e9n harmincadik \u00e9let\u00e9v\u00fcket bet\u00f6lt\u00f6tt, a Nemzeti Foglalkoztat\u00e1si Szolg\u00e1latn\u00e1l nyilv\u00e1ntart\u00e1sba vett megv\u00e1ltozott munkak\u00e9pess\u00e9g\u0171ek szerepelnek.<\/p>\n<p>Forr\u00e1s: hirado.hu<\/p>\n","protected":false},"excerpt":{"rendered":"<p>A Nyugat-Dun\u00e1nt\u00falon mintegy 633 milli\u00f3 forintos uni\u00f3s t\u00e1mogat\u00e1sb\u00f3l \u00e1ll\u00e1skeres\u0151k \u00e9s fiatalok v\u00e1llalkoz\u00f3v\u00e1 v\u00e1l\u00e1s\u00e1t seg\u00edtik, c\u00e9l, hogy a v\u00e1llalkoz\u00e1s ind\u00edt\u00e1s\u00e1t tervez\u0151, alkalmas szeml\u00e9lettel rendelkez\u0151 \u00e1ll\u00e1skeres\u0151ket \u00e9s fiatalokat felk\u00e9sz\u00edts\u00e9k saj\u00e1t v\u00e1llalkoz\u00e1suk ind\u00edt\u00e1s\u00e1ra \u2013 t\u00e1j\u00e9koztatta a Kisalf\u00f6ldi V\u00e1llalkoz\u00e1sfejleszt\u00e9si Alap\u00edtv\u00e1ny\u00a0 az MTI-t. A programban r\u00e9sztvev\u0151knek olyan ismereteket ny\u00fajtanak, amelyek seg\u00edtik \u0151ket elk\u00e9pzel\u00e9s\u00fck kidolgoz\u00e1s\u00e1ban \u00e9s \u00fczleti terv\u00fck elk\u00e9sz\u00edt\u00e9s\u00e9ben. A k\u00e9pz\u00e9si [&hellip;]<\/p>\n","protected":false},"author":1,"featured_media":2894,"comment_status":"open","ping_status":"open","sticky":false,"template":"","format":"standard","meta":{"_monsterinsights_skip_tracking":false,"footnotes":""},"categories":[1,200],"tags":[],"class_list":["post-3302","post","type-post","status-publish","format-standard","has-post-thumbnail","hentry","category-allaskereses","category-munkaeropiac"],"aioseo_notices":[],"aioseo_head":"\n\t\t<!-- All in One SEO 5.0.0.1 - aioseo.com -->\n\t<meta name=\"description\" content=\"A Nyugat-Dun\u00e1nt\u00falon mintegy 633 milli\u00f3 forintos uni\u00f3s t\u00e1mogat\u00e1sb\u00f3l \u00e1ll\u00e1skeres\u0151k \u00e9s fiatalok v\u00e1llalkoz\u00f3v\u00e1 v\u00e1l\u00e1s\u00e1t seg\u00edtik, c\u00e9l, hogy a v\u00e1llalkoz\u00e1s ind\u00edt\u00e1s\u00e1t tervez\u0151, alkalmas szeml\u00e9lettel rendelkez\u0151 \u00e1ll\u00e1skeres\u0151ket \u00e9s fiatalokat felk\u00e9sz\u00edts\u00e9k saj\u00e1t v\u00e1llalkoz\u00e1suk ind\u00edt\u00e1s\u00e1ra \u2013 t\u00e1j\u00e9koztatta a Kisalf\u00f6ldi V\u00e1llalkoz\u00e1sfejleszt\u00e9si Alap\u00edtv\u00e1ny az MTI-t. A programban r\u00e9sztvev\u0151knek olyan ismereteket ny\u00fajtanak, amelyek seg\u00edtik \u0151ket elk\u00e9pzel\u00e9s\u00fck kidolgoz\u00e1s\u00e1ban \u00e9s \u00fczleti terv\u00fck elk\u00e9sz\u00edt\u00e9s\u00e9ben. A k\u00e9pz\u00e9si\" \/>\n\t<meta name=\"robots\" content=\"max-image-preview:large\" \/>\n\t<meta name=\"author\" content=\"Juh\u00e1sz P\u00e9ter\"\/>\n\t<link rel=\"canonical\" href=\"https:\/\/allasorias.hu\/hirek\/segitik-a-fiatalok-vallalkozova-valasat\/\" \/>\n\t<meta name=\"generator\" content=\"All in One SEO (AIOSEO) 5.0.0.1\" \/>\n\t\t<meta property=\"og:locale\" content=\"hu_HU\" \/>\n\t\t<meta property=\"og:site_name\" content=\"AllasOrias.hu | H\u00edrek-lapszemle | \u00dczleti h\u00edrek az \u00e1ll\u00e1s \u00e9s a munka vil\u00e1g\u00e1b\u00f3l\" \/>\n\t\t<meta property=\"og:type\" content=\"article\" \/>\n\t\t<meta property=\"og:title\" content=\"Seg\u00edtik a fiatalok v\u00e1llalkoz\u00f3v\u00e1 v\u00e1l\u00e1s\u00e1t | AllasOrias.hu | H\u00edrek-lapszemle\" \/>\n\t\t<meta property=\"og:description\" content=\"A Nyugat-Dun\u00e1nt\u00falon mintegy 633 milli\u00f3 forintos uni\u00f3s t\u00e1mogat\u00e1sb\u00f3l \u00e1ll\u00e1skeres\u0151k \u00e9s fiatalok v\u00e1llalkoz\u00f3v\u00e1 v\u00e1l\u00e1s\u00e1t seg\u00edtik, c\u00e9l, hogy a v\u00e1llalkoz\u00e1s ind\u00edt\u00e1s\u00e1t tervez\u0151, alkalmas szeml\u00e9lettel rendelkez\u0151 \u00e1ll\u00e1skeres\u0151ket \u00e9s fiatalokat felk\u00e9sz\u00edts\u00e9k saj\u00e1t v\u00e1llalkoz\u00e1suk ind\u00edt\u00e1s\u00e1ra \u2013 t\u00e1j\u00e9koztatta a Kisalf\u00f6ldi V\u00e1llalkoz\u00e1sfejleszt\u00e9si Alap\u00edtv\u00e1ny az MTI-t. A programban r\u00e9sztvev\u0151knek olyan ismereteket ny\u00fajtanak, amelyek seg\u00edtik \u0151ket elk\u00e9pzel\u00e9s\u00fck kidolgoz\u00e1s\u00e1ban \u00e9s \u00fczleti terv\u00fck elk\u00e9sz\u00edt\u00e9s\u00e9ben. A k\u00e9pz\u00e9si\" \/>\n\t\t<meta property=\"og:url\" content=\"https:\/\/allasorias.hu\/hirek\/segitik-a-fiatalok-vallalkozova-valasat\/\" \/>\n\t\t<meta property=\"og:image\" content=\"https:\/\/allasorias.hu\/hirek\/wp-content\/uploads\/2019\/05\/beautiful-blur-casual-935756.jpg\" \/>\n\t\t<meta property=\"og:image:secure_url\" content=\"https:\/\/allasorias.hu\/hirek\/wp-content\/uploads\/2019\/05\/beautiful-blur-casual-935756.jpg\" \/>\n\t\t<meta property=\"og:image:width\" content=\"640\" \/>\n\t\t<meta property=\"og:image:height\" content=\"426\" \/>\n\t\t<meta property=\"article:published_time\" content=\"2019-09-18T07:49:04+00:00\" \/>\n\t\t<meta property=\"article:modified_time\" content=\"2019-09-18T07:49:04+00:00\" \/>\n\t\t<meta property=\"article:publisher\" content=\"https:\/\/www.facebook.com\/allasorias\" \/>\n\t\t<meta name=\"twitter:card\" content=\"summary_large_image\" \/>\n\t\t<meta name=\"twitter:title\" content=\"Seg\u00edtik a fiatalok v\u00e1llalkoz\u00f3v\u00e1 v\u00e1l\u00e1s\u00e1t | AllasOrias.hu | H\u00edrek-lapszemle\" \/>\n\t\t<meta name=\"twitter:description\" content=\"A Nyugat-Dun\u00e1nt\u00falon mintegy 633 milli\u00f3 forintos uni\u00f3s t\u00e1mogat\u00e1sb\u00f3l \u00e1ll\u00e1skeres\u0151k \u00e9s fiatalok v\u00e1llalkoz\u00f3v\u00e1 v\u00e1l\u00e1s\u00e1t seg\u00edtik, c\u00e9l, hogy a v\u00e1llalkoz\u00e1s ind\u00edt\u00e1s\u00e1t tervez\u0151, alkalmas szeml\u00e9lettel rendelkez\u0151 \u00e1ll\u00e1skeres\u0151ket \u00e9s fiatalokat felk\u00e9sz\u00edts\u00e9k saj\u00e1t v\u00e1llalkoz\u00e1suk ind\u00edt\u00e1s\u00e1ra \u2013 t\u00e1j\u00e9koztatta a Kisalf\u00f6ldi V\u00e1llalkoz\u00e1sfejleszt\u00e9si Alap\u00edtv\u00e1ny az MTI-t. A programban r\u00e9sztvev\u0151knek olyan ismereteket ny\u00fajtanak, amelyek seg\u00edtik \u0151ket elk\u00e9pzel\u00e9s\u00fck kidolgoz\u00e1s\u00e1ban \u00e9s \u00fczleti terv\u00fck elk\u00e9sz\u00edt\u00e9s\u00e9ben. A k\u00e9pz\u00e9si\" \/>\n\t\t<meta name=\"twitter:image\" content=\"https:\/\/allasorias.hu\/hirek\/wp-content\/uploads\/2019\/05\/beautiful-blur-casual-935756.jpg\" \/>\n\t\t<meta name=\"twitter:label1\" content=\"Written by\" \/>\n\t\t<meta name=\"twitter:data1\" content=\"Juh\u00e1sz P\u00e9ter\" \/>\n\t\t<meta name=\"twitter:label2\" content=\"Est. reading time\" \/>\n\t\t<meta name=\"twitter:data2\" content=\"1 minute\" \/>\n\t\t<script type=\"application\/ld+json\" class=\"aioseo-schema\">\n\t\t\t{\"@context\":\"https:\\\/\\\/schema.org\",\"@graph\":[{\"@type\":\"Article\",\"@id\":\"https:\\\/\\\/allasorias.hu\\\/hirek\\\/segitik-a-fiatalok-vallalkozova-valasat\\\/#article\",\"name\":\"Seg\\u00edtik a fiatalok v\\u00e1llalkoz\\u00f3v\\u00e1 v\\u00e1l\\u00e1s\\u00e1t | AllasOrias.hu | H\\u00edrek-lapszemle\",\"headline\":\"Seg\\u00edtik a fiatalok  v\\u00e1llalkoz\\u00f3v\\u00e1 v\\u00e1l\\u00e1s\\u00e1t\",\"author\":{\"@id\":\"https:\\\/\\\/allasorias.hu\\\/hirek\\\/author\\\/admin-allasorias\\\/#author\"},\"publisher\":{\"@id\":\"https:\\\/\\\/allasorias.hu\\\/hirek\\\/#organization\"},\"image\":{\"@type\":\"ImageObject\",\"url\":\"https:\\\/\\\/allasorias.hu\\\/hirek\\\/wp-content\\\/uploads\\\/2019\\\/05\\\/beautiful-blur-casual-935756.jpg\",\"width\":640,\"height\":426},\"datePublished\":\"2019-09-18T07:49:04+02:00\",\"dateModified\":\"2019-09-18T07:49:04+02:00\",\"inLanguage\":\"hu-HU\",\"mainEntityOfPage\":{\"@id\":\"https:\\\/\\\/allasorias.hu\\\/hirek\\\/segitik-a-fiatalok-vallalkozova-valasat\\\/#webpage\"},\"isPartOf\":{\"@id\":\"https:\\\/\\\/allasorias.hu\\\/hirek\\\/segitik-a-fiatalok-vallalkozova-valasat\\\/#webpage\"},\"articleSection\":\"\\u00c1ll\\u00e1skeres\\u00e9s, Munkaer\\u0151piac\"},{\"@type\":\"BreadcrumbList\",\"@id\":\"https:\\\/\\\/allasorias.hu\\\/hirek\\\/segitik-a-fiatalok-vallalkozova-valasat\\\/#breadcrumblist\",\"itemListElement\":[{\"@type\":\"ListItem\",\"@id\":\"https:\\\/\\\/allasorias.hu\\\/hirek#listItem\",\"position\":1,\"name\":\"Home\",\"item\":\"https:\\\/\\\/allasorias.hu\\\/hirek\",\"nextItem\":{\"@type\":\"ListItem\",\"@id\":\"https:\\\/\\\/allasorias.hu\\\/hirek\\\/temak\\\/allaskereses\\\/#listItem\",\"name\":\"\\u00c1ll\\u00e1skeres\\u00e9s\"}},{\"@type\":\"ListItem\",\"@id\":\"https:\\\/\\\/allasorias.hu\\\/hirek\\\/temak\\\/allaskereses\\\/#listItem\",\"position\":2,\"name\":\"\\u00c1ll\\u00e1skeres\\u00e9s\",\"item\":\"https:\\\/\\\/allasorias.hu\\\/hirek\\\/temak\\\/allaskereses\\\/\",\"nextItem\":{\"@type\":\"ListItem\",\"@id\":\"https:\\\/\\\/allasorias.hu\\\/hirek\\\/segitik-a-fiatalok-vallalkozova-valasat\\\/#listItem\",\"name\":\"Seg\\u00edtik a fiatalok  v\\u00e1llalkoz\\u00f3v\\u00e1 v\\u00e1l\\u00e1s\\u00e1t\"},\"previousItem\":{\"@type\":\"ListItem\",\"@id\":\"https:\\\/\\\/allasorias.hu\\\/hirek#listItem\",\"name\":\"Home\"}},{\"@type\":\"ListItem\",\"@id\":\"https:\\\/\\\/allasorias.hu\\\/hirek\\\/segitik-a-fiatalok-vallalkozova-valasat\\\/#listItem\",\"position\":3,\"name\":\"Seg\\u00edtik a fiatalok  v\\u00e1llalkoz\\u00f3v\\u00e1 v\\u00e1l\\u00e1s\\u00e1t\",\"previousItem\":{\"@type\":\"ListItem\",\"@id\":\"https:\\\/\\\/allasorias.hu\\\/hirek\\\/temak\\\/allaskereses\\\/#listItem\",\"name\":\"\\u00c1ll\\u00e1skeres\\u00e9s\"}}]},{\"@type\":\"Organization\",\"@id\":\"https:\\\/\\\/allasorias.hu\\\/hirek\\\/#organization\",\"name\":\"AllasOrias.hu | H\\u00edrek-lapszemle\",\"description\":\"\\u00dczleti h\\u00edrek az \\u00e1ll\\u00e1s \\u00e9s a munka vil\\u00e1g\\u00e1b\\u00f3l\",\"url\":\"https:\\\/\\\/allasorias.hu\\\/hirek\\\/\",\"logo\":{\"@type\":\"ImageObject\",\"url\":\"https:\\\/\\\/allasorias.hu\\\/hirek\\\/wp-content\\\/uploads\\\/2022\\\/10\\\/allasorias_site_facebok_logo.png\",\"@id\":\"https:\\\/\\\/allasorias.hu\\\/hirek\\\/segitik-a-fiatalok-vallalkozova-valasat\\\/#organizationLogo\"},\"image\":{\"@id\":\"https:\\\/\\\/allasorias.hu\\\/hirek\\\/segitik-a-fiatalok-vallalkozova-valasat\\\/#organizationLogo\"},\"sameAs\":[\"https:\\\/\\\/www.facebook.com\\\/allasorias\",\"https:\\\/\\\/www.linkedin.com\\\/company\\\/allasorias\"]},{\"@type\":\"Person\",\"@id\":\"https:\\\/\\\/allasorias.hu\\\/hirek\\\/author\\\/admin-allasorias\\\/#author\",\"url\":\"https:\\\/\\\/allasorias.hu\\\/hirek\\\/author\\\/admin-allasorias\\\/\",\"name\":\"Juh\\u00e1sz P\\u00e9ter\",\"image\":{\"@type\":\"ImageObject\",\"@id\":\"https:\\\/\\\/allasorias.hu\\\/hirek\\\/segitik-a-fiatalok-vallalkozova-valasat\\\/#authorImage\",\"url\":\"https:\\\/\\\/secure.gravatar.com\\\/avatar\\\/36e6bcb83148978b992977cb0f54d22feb0cce8a0a849a9410532bb2623ba4c6?s=96&d=mm&r=g\",\"width\":96,\"height\":96,\"caption\":\"Juh\\u00e1sz P\\u00e9ter\"}},{\"@type\":\"WebPage\",\"@id\":\"https:\\\/\\\/allasorias.hu\\\/hirek\\\/segitik-a-fiatalok-vallalkozova-valasat\\\/#webpage\",\"url\":\"https:\\\/\\\/allasorias.hu\\\/hirek\\\/segitik-a-fiatalok-vallalkozova-valasat\\\/\",\"name\":\"Seg\\u00edtik a fiatalok v\\u00e1llalkoz\\u00f3v\\u00e1 v\\u00e1l\\u00e1s\\u00e1t | AllasOrias.hu | H\\u00edrek-lapszemle\",\"description\":\"A Nyugat-Dun\\u00e1nt\\u00falon mintegy 633 milli\\u00f3 forintos uni\\u00f3s t\\u00e1mogat\\u00e1sb\\u00f3l \\u00e1ll\\u00e1skeres\\u0151k \\u00e9s fiatalok v\\u00e1llalkoz\\u00f3v\\u00e1 v\\u00e1l\\u00e1s\\u00e1t seg\\u00edtik, c\\u00e9l, hogy a v\\u00e1llalkoz\\u00e1s ind\\u00edt\\u00e1s\\u00e1t tervez\\u0151, alkalmas szeml\\u00e9lettel rendelkez\\u0151 \\u00e1ll\\u00e1skeres\\u0151ket \\u00e9s fiatalokat felk\\u00e9sz\\u00edts\\u00e9k saj\\u00e1t v\\u00e1llalkoz\\u00e1suk ind\\u00edt\\u00e1s\\u00e1ra \\u2013 t\\u00e1j\\u00e9koztatta a Kisalf\\u00f6ldi V\\u00e1llalkoz\\u00e1sfejleszt\\u00e9si Alap\\u00edtv\\u00e1ny az MTI-t. A programban r\\u00e9sztvev\\u0151knek olyan ismereteket ny\\u00fajtanak, amelyek seg\\u00edtik \\u0151ket elk\\u00e9pzel\\u00e9s\\u00fck kidolgoz\\u00e1s\\u00e1ban \\u00e9s \\u00fczleti terv\\u00fck elk\\u00e9sz\\u00edt\\u00e9s\\u00e9ben. A k\\u00e9pz\\u00e9si\",\"inLanguage\":\"hu-HU\",\"isPartOf\":{\"@id\":\"https:\\\/\\\/allasorias.hu\\\/hirek\\\/#website\"},\"breadcrumb\":{\"@id\":\"https:\\\/\\\/allasorias.hu\\\/hirek\\\/segitik-a-fiatalok-vallalkozova-valasat\\\/#breadcrumblist\"},\"author\":{\"@id\":\"https:\\\/\\\/allasorias.hu\\\/hirek\\\/author\\\/admin-allasorias\\\/#author\"},\"creator\":{\"@id\":\"https:\\\/\\\/allasorias.hu\\\/hirek\\\/author\\\/admin-allasorias\\\/#author\"},\"image\":{\"@type\":\"ImageObject\",\"url\":\"https:\\\/\\\/allasorias.hu\\\/hirek\\\/wp-content\\\/uploads\\\/2019\\\/05\\\/beautiful-blur-casual-935756.jpg\",\"@id\":\"https:\\\/\\\/allasorias.hu\\\/hirek\\\/segitik-a-fiatalok-vallalkozova-valasat\\\/#mainImage\",\"width\":640,\"height\":426},\"primaryImageOfPage\":{\"@id\":\"https:\\\/\\\/allasorias.hu\\\/hirek\\\/segitik-a-fiatalok-vallalkozova-valasat\\\/#mainImage\"},\"datePublished\":\"2019-09-18T07:49:04+02:00\",\"dateModified\":\"2019-09-18T07:49:04+02:00\"},{\"@type\":\"WebSite\",\"@id\":\"https:\\\/\\\/allasorias.hu\\\/hirek\\\/#website\",\"url\":\"https:\\\/\\\/allasorias.hu\\\/hirek\\\/\",\"name\":\"AllasOrias.hu | H\\u00edrek-lapszemle\",\"description\":\"\\u00dczleti h\\u00edrek az \\u00e1ll\\u00e1s \\u00e9s a munka vil\\u00e1g\\u00e1b\\u00f3l\",\"inLanguage\":\"hu-HU\",\"publisher\":{\"@id\":\"https:\\\/\\\/allasorias.hu\\\/hirek\\\/#organization\"}}]}\n\t\t<\/script>\n\t\t<!-- All in One SEO -->\n\n","aioseo_head_json":{"title":"Seg\u00edtik a fiatalok v\u00e1llalkoz\u00f3v\u00e1 v\u00e1l\u00e1s\u00e1t | AllasOrias.hu | H\u00edrek-lapszemle","description":"A Nyugat-Dun\u00e1nt\u00falon mintegy 633 milli\u00f3 forintos uni\u00f3s t\u00e1mogat\u00e1sb\u00f3l \u00e1ll\u00e1skeres\u0151k \u00e9s fiatalok v\u00e1llalkoz\u00f3v\u00e1 v\u00e1l\u00e1s\u00e1t seg\u00edtik, c\u00e9l, hogy a v\u00e1llalkoz\u00e1s ind\u00edt\u00e1s\u00e1t tervez\u0151, alkalmas szeml\u00e9lettel rendelkez\u0151 \u00e1ll\u00e1skeres\u0151ket \u00e9s fiatalokat felk\u00e9sz\u00edts\u00e9k saj\u00e1t v\u00e1llalkoz\u00e1suk ind\u00edt\u00e1s\u00e1ra \u2013 t\u00e1j\u00e9koztatta a Kisalf\u00f6ldi V\u00e1llalkoz\u00e1sfejleszt\u00e9si Alap\u00edtv\u00e1ny az MTI-t. A programban r\u00e9sztvev\u0151knek olyan ismereteket ny\u00fajtanak, amelyek seg\u00edtik \u0151ket elk\u00e9pzel\u00e9s\u00fck kidolgoz\u00e1s\u00e1ban \u00e9s \u00fczleti terv\u00fck elk\u00e9sz\u00edt\u00e9s\u00e9ben. A k\u00e9pz\u00e9si","canonical_url":"https:\/\/allasorias.hu\/hirek\/segitik-a-fiatalok-vallalkozova-valasat\/","robots":"max-image-preview:large","keywords":"","webmasterTools":{"miscellaneous":""},"schema":{"@context":"https:\/\/schema.org","@graph":[{"@type":"Article","@id":"https:\/\/allasorias.hu\/hirek\/segitik-a-fiatalok-vallalkozova-valasat\/#article","name":"Seg\u00edtik a fiatalok v\u00e1llalkoz\u00f3v\u00e1 v\u00e1l\u00e1s\u00e1t | AllasOrias.hu | H\u00edrek-lapszemle","headline":"Seg\u00edtik a fiatalok  v\u00e1llalkoz\u00f3v\u00e1 v\u00e1l\u00e1s\u00e1t","author":{"@id":"https:\/\/allasorias.hu\/hirek\/author\/admin-allasorias\/#author"},"publisher":{"@id":"https:\/\/allasorias.hu\/hirek\/#organization"},"image":{"@type":"ImageObject","url":"https:\/\/allasorias.hu\/hirek\/wp-content\/uploads\/2019\/05\/beautiful-blur-casual-935756.jpg","width":640,"height":426},"datePublished":"2019-09-18T07:49:04+02:00","dateModified":"2019-09-18T07:49:04+02:00","inLanguage":"hu-HU","mainEntityOfPage":{"@id":"https:\/\/allasorias.hu\/hirek\/segitik-a-fiatalok-vallalkozova-valasat\/#webpage"},"isPartOf":{"@id":"https:\/\/allasorias.hu\/hirek\/segitik-a-fiatalok-vallalkozova-valasat\/#webpage"},"articleSection":"\u00c1ll\u00e1skeres\u00e9s, Munkaer\u0151piac"},{"@type":"BreadcrumbList","@id":"https:\/\/allasorias.hu\/hirek\/segitik-a-fiatalok-vallalkozova-valasat\/#breadcrumblist","itemListElement":[{"@type":"ListItem","@id":"https:\/\/allasorias.hu\/hirek#listItem","position":1,"name":"Home","item":"https:\/\/allasorias.hu\/hirek","nextItem":{"@type":"ListItem","@id":"https:\/\/allasorias.hu\/hirek\/temak\/allaskereses\/#listItem","name":"\u00c1ll\u00e1skeres\u00e9s"}},{"@type":"ListItem","@id":"https:\/\/allasorias.hu\/hirek\/temak\/allaskereses\/#listItem","position":2,"name":"\u00c1ll\u00e1skeres\u00e9s","item":"https:\/\/allasorias.hu\/hirek\/temak\/allaskereses\/","nextItem":{"@type":"ListItem","@id":"https:\/\/allasorias.hu\/hirek\/segitik-a-fiatalok-vallalkozova-valasat\/#listItem","name":"Seg\u00edtik a fiatalok  v\u00e1llalkoz\u00f3v\u00e1 v\u00e1l\u00e1s\u00e1t"},"previousItem":{"@type":"ListItem","@id":"https:\/\/allasorias.hu\/hirek#listItem","name":"Home"}},{"@type":"ListItem","@id":"https:\/\/allasorias.hu\/hirek\/segitik-a-fiatalok-vallalkozova-valasat\/#listItem","position":3,"name":"Seg\u00edtik a fiatalok  v\u00e1llalkoz\u00f3v\u00e1 v\u00e1l\u00e1s\u00e1t","previousItem":{"@type":"ListItem","@id":"https:\/\/allasorias.hu\/hirek\/temak\/allaskereses\/#listItem","name":"\u00c1ll\u00e1skeres\u00e9s"}}]},{"@type":"Organization","@id":"https:\/\/allasorias.hu\/hirek\/#organization","name":"AllasOrias.hu | H\u00edrek-lapszemle","description":"\u00dczleti h\u00edrek az \u00e1ll\u00e1s \u00e9s a munka vil\u00e1g\u00e1b\u00f3l","url":"https:\/\/allasorias.hu\/hirek\/","logo":{"@type":"ImageObject","url":"https:\/\/allasorias.hu\/hirek\/wp-content\/uploads\/2022\/10\/allasorias_site_facebok_logo.png","@id":"https:\/\/allasorias.hu\/hirek\/segitik-a-fiatalok-vallalkozova-valasat\/#organizationLogo"},"image":{"@id":"https:\/\/allasorias.hu\/hirek\/segitik-a-fiatalok-vallalkozova-valasat\/#organizationLogo"},"sameAs":["https:\/\/www.facebook.com\/allasorias","https:\/\/www.linkedin.com\/company\/allasorias"]},{"@type":"Person","@id":"https:\/\/allasorias.hu\/hirek\/author\/admin-allasorias\/#author","url":"https:\/\/allasorias.hu\/hirek\/author\/admin-allasorias\/","name":"Juh\u00e1sz P\u00e9ter","image":{"@type":"ImageObject","@id":"https:\/\/allasorias.hu\/hirek\/segitik-a-fiatalok-vallalkozova-valasat\/#authorImage","url":"https:\/\/secure.gravatar.com\/avatar\/36e6bcb83148978b992977cb0f54d22feb0cce8a0a849a9410532bb2623ba4c6?s=96&d=mm&r=g","width":96,"height":96,"caption":"Juh\u00e1sz P\u00e9ter"}},{"@type":"WebPage","@id":"https:\/\/allasorias.hu\/hirek\/segitik-a-fiatalok-vallalkozova-valasat\/#webpage","url":"https:\/\/allasorias.hu\/hirek\/segitik-a-fiatalok-vallalkozova-valasat\/","name":"Seg\u00edtik a fiatalok v\u00e1llalkoz\u00f3v\u00e1 v\u00e1l\u00e1s\u00e1t | AllasOrias.hu | H\u00edrek-lapszemle","description":"A Nyugat-Dun\u00e1nt\u00falon mintegy 633 milli\u00f3 forintos uni\u00f3s t\u00e1mogat\u00e1sb\u00f3l \u00e1ll\u00e1skeres\u0151k \u00e9s fiatalok v\u00e1llalkoz\u00f3v\u00e1 v\u00e1l\u00e1s\u00e1t seg\u00edtik, c\u00e9l, hogy a v\u00e1llalkoz\u00e1s ind\u00edt\u00e1s\u00e1t tervez\u0151, alkalmas szeml\u00e9lettel rendelkez\u0151 \u00e1ll\u00e1skeres\u0151ket \u00e9s fiatalokat felk\u00e9sz\u00edts\u00e9k saj\u00e1t v\u00e1llalkoz\u00e1suk ind\u00edt\u00e1s\u00e1ra \u2013 t\u00e1j\u00e9koztatta a Kisalf\u00f6ldi V\u00e1llalkoz\u00e1sfejleszt\u00e9si Alap\u00edtv\u00e1ny az MTI-t. A programban r\u00e9sztvev\u0151knek olyan ismereteket ny\u00fajtanak, amelyek seg\u00edtik \u0151ket elk\u00e9pzel\u00e9s\u00fck kidolgoz\u00e1s\u00e1ban \u00e9s \u00fczleti terv\u00fck elk\u00e9sz\u00edt\u00e9s\u00e9ben. A k\u00e9pz\u00e9si","inLanguage":"hu-HU","isPartOf":{"@id":"https:\/\/allasorias.hu\/hirek\/#website"},"breadcrumb":{"@id":"https:\/\/allasorias.hu\/hirek\/segitik-a-fiatalok-vallalkozova-valasat\/#breadcrumblist"},"author":{"@id":"https:\/\/allasorias.hu\/hirek\/author\/admin-allasorias\/#author"},"creator":{"@id":"https:\/\/allasorias.hu\/hirek\/author\/admin-allasorias\/#author"},"image":{"@type":"ImageObject","url":"https:\/\/allasorias.hu\/hirek\/wp-content\/uploads\/2019\/05\/beautiful-blur-casual-935756.jpg","@id":"https:\/\/allasorias.hu\/hirek\/segitik-a-fiatalok-vallalkozova-valasat\/#mainImage","width":640,"height":426},"primaryImageOfPage":{"@id":"https:\/\/allasorias.hu\/hirek\/segitik-a-fiatalok-vallalkozova-valasat\/#mainImage"},"datePublished":"2019-09-18T07:49:04+02:00","dateModified":"2019-09-18T07:49:04+02:00"},{"@type":"WebSite","@id":"https:\/\/allasorias.hu\/hirek\/#website","url":"https:\/\/allasorias.hu\/hirek\/","name":"AllasOrias.hu | H\u00edrek-lapszemle","description":"\u00dczleti h\u00edrek az \u00e1ll\u00e1s \u00e9s a munka vil\u00e1g\u00e1b\u00f3l","inLanguage":"hu-HU","publisher":{"@id":"https:\/\/allasorias.hu\/hirek\/#organization"}}]},"og:locale":"hu_HU","og:site_name":"AllasOrias.hu | H\u00edrek-lapszemle | \u00dczleti h\u00edrek az \u00e1ll\u00e1s \u00e9s a munka vil\u00e1g\u00e1b\u00f3l","og:type":"article","og:title":"Seg\u00edtik a fiatalok v\u00e1llalkoz\u00f3v\u00e1 v\u00e1l\u00e1s\u00e1t | AllasOrias.hu | H\u00edrek-lapszemle","og:description":"A Nyugat-Dun\u00e1nt\u00falon mintegy 633 milli\u00f3 forintos uni\u00f3s t\u00e1mogat\u00e1sb\u00f3l \u00e1ll\u00e1skeres\u0151k \u00e9s fiatalok v\u00e1llalkoz\u00f3v\u00e1 v\u00e1l\u00e1s\u00e1t seg\u00edtik, c\u00e9l, hogy a v\u00e1llalkoz\u00e1s ind\u00edt\u00e1s\u00e1t tervez\u0151, alkalmas szeml\u00e9lettel rendelkez\u0151 \u00e1ll\u00e1skeres\u0151ket \u00e9s fiatalokat felk\u00e9sz\u00edts\u00e9k saj\u00e1t v\u00e1llalkoz\u00e1suk ind\u00edt\u00e1s\u00e1ra \u2013 t\u00e1j\u00e9koztatta a Kisalf\u00f6ldi V\u00e1llalkoz\u00e1sfejleszt\u00e9si Alap\u00edtv\u00e1ny az MTI-t. A programban r\u00e9sztvev\u0151knek olyan ismereteket ny\u00fajtanak, amelyek seg\u00edtik \u0151ket elk\u00e9pzel\u00e9s\u00fck kidolgoz\u00e1s\u00e1ban \u00e9s \u00fczleti terv\u00fck elk\u00e9sz\u00edt\u00e9s\u00e9ben. A k\u00e9pz\u00e9si","og:url":"https:\/\/allasorias.hu\/hirek\/segitik-a-fiatalok-vallalkozova-valasat\/","og:image":"https:\/\/allasorias.hu\/hirek\/wp-content\/uploads\/2019\/05\/beautiful-blur-casual-935756.jpg","og:image:secure_url":"https:\/\/allasorias.hu\/hirek\/wp-content\/uploads\/2019\/05\/beautiful-blur-casual-935756.jpg","og:image:width":640,"og:image:height":426,"article:published_time":"2019-09-18T07:49:04+00:00","article:modified_time":"2019-09-18T07:49:04+00:00","article:publisher":"https:\/\/www.facebook.com\/allasorias","twitter:card":"summary_large_image","twitter:title":"Seg\u00edtik a fiatalok v\u00e1llalkoz\u00f3v\u00e1 v\u00e1l\u00e1s\u00e1t | AllasOrias.hu | H\u00edrek-lapszemle","twitter:description":"A Nyugat-Dun\u00e1nt\u00falon mintegy 633 milli\u00f3 forintos uni\u00f3s t\u00e1mogat\u00e1sb\u00f3l \u00e1ll\u00e1skeres\u0151k \u00e9s fiatalok v\u00e1llalkoz\u00f3v\u00e1 v\u00e1l\u00e1s\u00e1t seg\u00edtik, c\u00e9l, hogy a v\u00e1llalkoz\u00e1s ind\u00edt\u00e1s\u00e1t tervez\u0151, alkalmas szeml\u00e9lettel rendelkez\u0151 \u00e1ll\u00e1skeres\u0151ket \u00e9s fiatalokat felk\u00e9sz\u00edts\u00e9k saj\u00e1t v\u00e1llalkoz\u00e1suk ind\u00edt\u00e1s\u00e1ra \u2013 t\u00e1j\u00e9koztatta a Kisalf\u00f6ldi V\u00e1llalkoz\u00e1sfejleszt\u00e9si Alap\u00edtv\u00e1ny az MTI-t. A programban r\u00e9sztvev\u0151knek olyan ismereteket ny\u00fajtanak, amelyek seg\u00edtik \u0151ket elk\u00e9pzel\u00e9s\u00fck kidolgoz\u00e1s\u00e1ban \u00e9s \u00fczleti terv\u00fck elk\u00e9sz\u00edt\u00e9s\u00e9ben. A k\u00e9pz\u00e9si","twitter:image":"https:\/\/allasorias.hu\/hirek\/wp-content\/uploads\/2019\/05\/beautiful-blur-casual-935756.jpg","twitter:label1":"Written by","twitter:data1":"Juh\u00e1sz P\u00e9ter","twitter:label2":"Est. reading time","twitter:data2":"1 minute"},"aioseo_meta_data":{"post_id":"3302","title":null,"description":null,"keywords":null,"keyphrases":null,"primary_term":null,"canonical_url":null,"og_title":null,"og_description":null,"og_object_type":"default","og_image_type":"default","og_image_url":null,"og_image_width":null,"og_image_height":null,"og_image_custom_url":null,"og_image_custom_fields":null,"og_video":null,"og_custom_url":null,"og_article_section":null,"og_article_tags":null,"twitter_use_og":false,"twitter_card":"default","twitter_image_type":"default","twitter_image_url":null,"twitter_image_custom_url":null,"twitter_image_custom_fields":null,"twitter_title":null,"twitter_description":null,"schema":{"blockGraphs":[],"customGraphs":[],"default":{"data":{"Article":[],"Course":[],"Dataset":[],"FAQPage":[],"Movie":[],"Person":[],"Product":[],"ProductReview":[],"Car":[],"Recipe":[],"Service":[],"SoftwareApplication":[],"WebPage":[]},"graphName":"","isEnabled":true},"graphs":[],"defaultGraph":"","defaultPostTypeGraph":""},"schema_type":null,"schema_type_options":null,"pillar_content":false,"robots_default":true,"robots_noindex":false,"robots_noarchive":false,"robots_nosnippet":false,"robots_nofollow":false,"robots_noimageindex":false,"robots_noodp":false,"robots_notranslate":false,"robots_max_snippet":null,"robots_max_videopreview":null,"robots_max_imagepreview":"large","priority":null,"frequency":null,"location":null,"local_seo":null,"breadcrumb_settings":null,"limit_modified_date":false,"ai":null,"created":"2021-02-01 22:54:08","updated":"2025-10-02 11:48:20","seo_analyzer_scan_date":null,"focus_keyword":null,"additional_keywords":null,"truseo_locale":null},"aioseo_breadcrumb":"<div class=\"aioseo-breadcrumbs\"><span class=\"aioseo-breadcrumb\">\n\t\t\t<a href=\"https:\/\/allasorias.hu\/hirek\" title=\"Home\">Home<\/a>\n\t\t<\/span><span class=\"aioseo-breadcrumb-separator\">&raquo;<\/span><span class=\"aioseo-breadcrumb\">\n\t\t\t<a href=\"https:\/\/allasorias.hu\/hirek\/temak\/allaskereses\/\" title=\"\u00c1ll\u00e1skeres\u00e9s\">\u00c1ll\u00e1skeres\u00e9s<\/a>\n\t\t<\/span><span class=\"aioseo-breadcrumb-separator\">&raquo;<\/span><span class=\"aioseo-breadcrumb\">\n\t\t\tSeg\u00edtik a fiatalok  v\u00e1llalkoz\u00f3v\u00e1 v\u00e1l\u00e1s\u00e1t\n\t\t<\/span><\/div>","aioseo_breadcrumb_json":[{"label":"Home","link":"https:\/\/allasorias.hu\/hirek"},{"label":"\u00c1ll\u00e1skeres\u00e9s","link":"https:\/\/allasorias.hu\/hirek\/temak\/allaskereses\/"},{"label":"Seg\u00edtik a fiatalok  v\u00e1llalkoz\u00f3v\u00e1 v\u00e1l\u00e1s\u00e1t","link":"https:\/\/allasorias.hu\/hirek\/segitik-a-fiatalok-vallalkozova-valasat\/"}],"_links":{"self":[{"href":"https:\/\/allasorias.hu\/hirek\/wp-json\/wp\/v2\/posts\/3302","targetHints":{"allow":["GET"]}}],"collection":[{"href":"https:\/\/allasorias.hu\/hirek\/wp-json\/wp\/v2\/posts"}],"about":[{"href":"https:\/\/allasorias.hu\/hirek\/wp-json\/wp\/v2\/types\/post"}],"author":[{"embeddable":true,"href":"https:\/\/allasorias.hu\/hirek\/wp-json\/wp\/v2\/users\/1"}],"replies":[{"embeddable":true,"href":"https:\/\/allasorias.hu\/hirek\/wp-json\/wp\/v2\/comments?post=3302"}],"version-history":[{"count":1,"href":"https:\/\/allasorias.hu\/hirek\/wp-json\/wp\/v2\/posts\/3302\/revisions"}],"predecessor-version":[{"id":3303,"href":"https:\/\/allasorias.hu\/hirek\/wp-json\/wp\/v2\/posts\/3302\/revisions\/3303"}],"wp:featuredmedia":[{"embeddable":true,"href":"https:\/\/allasorias.hu\/hirek\/wp-json\/wp\/v2\/media\/2894"}],"wp:attachment":[{"href":"https:\/\/allasorias.hu\/hirek\/wp-json\/wp\/v2\/media?parent=3302"}],"wp:term":[{"taxonomy":"category","embeddable":true,"href":"https:\/\/allasorias.hu\/hirek\/wp-json\/wp\/v2\/categories?post=3302"},{"taxonomy":"post_tag","embeddable":true,"href":"https:\/\/allasorias.hu\/hirek\/wp-json\/wp\/v2\/tags?post=3302"}],"curies":[{"name":"wp","href":"https:\/\/api.w.org\/{rel}","templated":true}]}}