{"id":3299,"date":"2019-09-18T07:47:36","date_gmt":"2019-09-18T07:47:36","guid":{"rendered":"https:\/\/allasorias.hu\/hirek\/?p=3299"},"modified":"2019-09-18T07:47:49","modified_gmt":"2019-09-18T07:47:49","slug":"a-hajlektalanokat-szeretnek-visszavezetni-a-munka-vilagaba","status":"publish","type":"post","link":"https:\/\/allasorias.hu\/hirek\/a-hajlektalanokat-szeretnek-visszavezetni-a-munka-vilagaba\/","title":{"rendered":"A hajl\u00e9ktalanokat szeretn\u00e9k visszavezetni a munka vil\u00e1g\u00e1ba"},"content":{"rendered":"<p><strong>A hajl\u00e9ktalanok k\u00f6zfoglalkoztat\u00e1s\u00e1t c\u00e9lz\u00f3 korm\u00e1nyprogram mintegy 4000 embert \u00e9r el. A szoci\u00e1lis \u00fcgyek\u00e9rt felel\u0151s \u00e1llamtitk\u00e1r elmondta: a kezdem\u00e9nyez\u00e9s c\u00e9lja, hogy ezeket az embereket a munka seg\u00edts\u00e9g\u00e9vel visszavezess\u00e9k a munkaer\u0151piacra.<\/strong><\/p>\n<p>Munkaruh\u00e1juk \u00e1tv\u00e9tel\u00e9vel kezdt\u00e9k az \u00e9rintettek a Budapest Es\u00e9ly Nonprofitn\u00e1l. A hajl\u00e9ktalanok k\u00f6zfoglalkoztat\u00e1si programj\u00e1nak c\u00e9lja, hogy a h\u00e1tr\u00e1nyos helyzetben \u00e9l\u0151k visszaker\u00fclhessenek a munka vil\u00e1g\u00e1ba. A 8. ker\u00fcleti \u00f6nkorm\u00e1nyzat \u00e1ltal ind\u00edtott Budapest Es\u00e9ly seg\u00edts\u00e9g\u00e9vel az elm\u00falt 3 \u00e9vben mintegy ezerk\u00e9tsz\u00e1z fed\u00e9l n\u00e9lk\u00fcli tal\u00e1lhatott mag\u00e1nak munk\u00e1t. &#8222;Ezek k\u00f6z\u00fcl a hajl\u00e9ktalanok k\u00f6z\u00fcl olyan 20-22 sz\u00e1zal\u00e9k az az ar\u00e1ny, akik az els\u0151dleges munkaer\u0151piacon tal\u00e1ltak munk\u00e1t, ez, ugye ismerve a bel\u00fcgyminiszt\u00e9rium orsz\u00e1gos sz\u00e1mait, ez nagyj\u00e1b\u00f3l k\u00e9tszerese az orsz\u00e1gos \u00e1tlagnak&#8221;- mondta Pilisi K\u00e1roly, a Budapest Es\u00e9ly Nonprofit Kft. \u00fcgyvezet\u0151 igazgat\u00f3ja. A hajl\u00e9ktalanok ell\u00e1t\u00e1sa \u00e9s a munkaer\u0151piacra visszavezet\u00e9se egy rendk\u00edv\u00fcl neh\u00e9z m\u0171faj &#8211; \u00edgy komment\u00e1lta az el\u00e9rt eredm\u00e9nyeket a szoci\u00e1lis \u00fcgyek\u00e9rt felel\u0151s \u00e1llamtitk\u00e1r. F\u00fcl\u00f6p Attila lesz\u00f6gezte: a c\u00e9l azonban az, hogy ezek az emberek ne ragadjanak meg az ell\u00e1t\u00f3rendszerben. &#8222;A bel\u00fcgyminiszt\u00e9rium \u00e1ltal a hajl\u00e9ktalanok sz\u00e1m\u00e1ra kital\u00e1lt k\u00f6zfoglalkoztat\u00e1si program az elm\u00falt \u00f6t \u00e9vben mintegy 4 ezer embert \u00e9rt el , \u00e9s majdnem 7 milli\u00e1rd forintot k\u00f6lt\u00f6tt erre a magyar korm\u00e1ny \u00e9s pontosan az volt a c\u00e9lja, hogy azokat az alapokat megteremts\u00fck, akik \u00e1tmenetileg a hajl\u00e9kukat vesztett\u00e9k, vissza tudjanak kapaszkodni az \u00e9letbe&#8221;- fogalmazott F\u00fcl\u00f6p Attila, az EMMI szoci\u00e1lis \u00fcgyek\u00e9rt felel\u0151s \u00e1llamtitk\u00e1ra. F\u00fcl\u00f6p Attila hozz\u00e1tette: a korm\u00e1ny a 2020-as \u00e9vre is biztos\u00edtja k\u00f6lts\u00e9gvet\u00e9s\u00e9ben a hajl\u00e9ktalanok k\u00f6zfoglalkoztat\u00e1s\u00e1t c\u00e9lz\u00f3 program m\u0171k\u00f6d\u00e9s\u00e9t.<\/p>\n<p>Forr\u00e1s: hirtv.hu<\/p>\n","protected":false},"excerpt":{"rendered":"<p>A hajl\u00e9ktalanok k\u00f6zfoglalkoztat\u00e1s\u00e1t c\u00e9lz\u00f3 korm\u00e1nyprogram mintegy 4000 embert \u00e9r el. A szoci\u00e1lis \u00fcgyek\u00e9rt felel\u0151s \u00e1llamtitk\u00e1r elmondta: a kezdem\u00e9nyez\u00e9s c\u00e9lja, hogy ezeket az embereket a munka seg\u00edts\u00e9g\u00e9vel visszavezess\u00e9k a munkaer\u0151piacra. Munkaruh\u00e1juk \u00e1tv\u00e9tel\u00e9vel kezdt\u00e9k az \u00e9rintettek a Budapest Es\u00e9ly Nonprofitn\u00e1l. A hajl\u00e9ktalanok k\u00f6zfoglalkoztat\u00e1si programj\u00e1nak c\u00e9lja, hogy a h\u00e1tr\u00e1nyos helyzetben \u00e9l\u0151k visszaker\u00fclhessenek a munka vil\u00e1g\u00e1ba. A 8. ker\u00fcleti [&hellip;]<\/p>\n","protected":false},"author":1,"featured_media":3300,"comment_status":"open","ping_status":"open","sticky":false,"template":"","format":"standard","meta":{"_monsterinsights_skip_tracking":false,"footnotes":""},"categories":[200],"tags":[],"class_list":["post-3299","post","type-post","status-publish","format-standard","has-post-thumbnail","hentry","category-munkaeropiac"],"aioseo_notices":[],"aioseo_head":"\n\t\t<!-- All in One SEO 5.0.0.1 - aioseo.com -->\n\t<meta name=\"description\" content=\"A hajl\u00e9ktalanok k\u00f6zfoglalkoztat\u00e1s\u00e1t c\u00e9lz\u00f3 korm\u00e1nyprogram mintegy 4000 embert \u00e9r el. A szoci\u00e1lis \u00fcgyek\u00e9rt felel\u0151s \u00e1llamtitk\u00e1r elmondta: a kezdem\u00e9nyez\u00e9s c\u00e9lja, hogy ezeket az embereket a munka seg\u00edts\u00e9g\u00e9vel visszavezess\u00e9k a munkaer\u0151piacra. Munkaruh\u00e1juk \u00e1tv\u00e9tel\u00e9vel kezdt\u00e9k az \u00e9rintettek a Budapest Es\u00e9ly Nonprofitn\u00e1l. A hajl\u00e9ktalanok k\u00f6zfoglalkoztat\u00e1si programj\u00e1nak c\u00e9lja, hogy a h\u00e1tr\u00e1nyos helyzetben \u00e9l\u0151k visszaker\u00fclhessenek a munka vil\u00e1g\u00e1ba. A 8. ker\u00fcleti\" \/>\n\t<meta name=\"robots\" content=\"max-image-preview:large\" \/>\n\t<meta name=\"author\" content=\"Juh\u00e1sz P\u00e9ter\"\/>\n\t<link rel=\"canonical\" href=\"https:\/\/allasorias.hu\/hirek\/a-hajlektalanokat-szeretnek-visszavezetni-a-munka-vilagaba\/\" \/>\n\t<meta name=\"generator\" content=\"All in One SEO (AIOSEO) 5.0.0.1\" \/>\n\t\t<meta property=\"og:locale\" content=\"hu_HU\" \/>\n\t\t<meta property=\"og:site_name\" content=\"AllasOrias.hu | H\u00edrek-lapszemle | \u00dczleti h\u00edrek az \u00e1ll\u00e1s \u00e9s a munka vil\u00e1g\u00e1b\u00f3l\" \/>\n\t\t<meta property=\"og:type\" content=\"article\" \/>\n\t\t<meta property=\"og:title\" content=\"A hajl\u00e9ktalanokat szeretn\u00e9k visszavezetni a munka vil\u00e1g\u00e1ba | AllasOrias.hu | H\u00edrek-lapszemle\" \/>\n\t\t<meta property=\"og:description\" content=\"A hajl\u00e9ktalanok k\u00f6zfoglalkoztat\u00e1s\u00e1t c\u00e9lz\u00f3 korm\u00e1nyprogram mintegy 4000 embert \u00e9r el. A szoci\u00e1lis \u00fcgyek\u00e9rt felel\u0151s \u00e1llamtitk\u00e1r elmondta: a kezdem\u00e9nyez\u00e9s c\u00e9lja, hogy ezeket az embereket a munka seg\u00edts\u00e9g\u00e9vel visszavezess\u00e9k a munkaer\u0151piacra. Munkaruh\u00e1juk \u00e1tv\u00e9tel\u00e9vel kezdt\u00e9k az \u00e9rintettek a Budapest Es\u00e9ly Nonprofitn\u00e1l. A hajl\u00e9ktalanok k\u00f6zfoglalkoztat\u00e1si programj\u00e1nak c\u00e9lja, hogy a h\u00e1tr\u00e1nyos helyzetben \u00e9l\u0151k visszaker\u00fclhessenek a munka vil\u00e1g\u00e1ba. A 8. ker\u00fcleti\" \/>\n\t\t<meta property=\"og:url\" content=\"https:\/\/allasorias.hu\/hirek\/a-hajlektalanokat-szeretnek-visszavezetni-a-munka-vilagaba\/\" \/>\n\t\t<meta property=\"og:image\" content=\"https:\/\/allasorias.hu\/hirek\/wp-content\/uploads\/2019\/09\/inequality-4074203_640.jpg\" \/>\n\t\t<meta property=\"og:image:secure_url\" content=\"https:\/\/allasorias.hu\/hirek\/wp-content\/uploads\/2019\/09\/inequality-4074203_640.jpg\" \/>\n\t\t<meta property=\"og:image:width\" content=\"640\" \/>\n\t\t<meta property=\"og:image:height\" content=\"426\" \/>\n\t\t<meta property=\"article:published_time\" content=\"2019-09-18T07:47:36+00:00\" \/>\n\t\t<meta property=\"article:modified_time\" content=\"2019-09-18T07:47:49+00:00\" \/>\n\t\t<meta property=\"article:publisher\" content=\"https:\/\/www.facebook.com\/allasorias\" \/>\n\t\t<meta name=\"twitter:card\" content=\"summary_large_image\" \/>\n\t\t<meta name=\"twitter:title\" content=\"A hajl\u00e9ktalanokat szeretn\u00e9k visszavezetni a munka vil\u00e1g\u00e1ba | AllasOrias.hu | H\u00edrek-lapszemle\" \/>\n\t\t<meta name=\"twitter:description\" content=\"A hajl\u00e9ktalanok k\u00f6zfoglalkoztat\u00e1s\u00e1t c\u00e9lz\u00f3 korm\u00e1nyprogram mintegy 4000 embert \u00e9r el. A szoci\u00e1lis \u00fcgyek\u00e9rt felel\u0151s \u00e1llamtitk\u00e1r elmondta: a kezdem\u00e9nyez\u00e9s c\u00e9lja, hogy ezeket az embereket a munka seg\u00edts\u00e9g\u00e9vel visszavezess\u00e9k a munkaer\u0151piacra. Munkaruh\u00e1juk \u00e1tv\u00e9tel\u00e9vel kezdt\u00e9k az \u00e9rintettek a Budapest Es\u00e9ly Nonprofitn\u00e1l. A hajl\u00e9ktalanok k\u00f6zfoglalkoztat\u00e1si programj\u00e1nak c\u00e9lja, hogy a h\u00e1tr\u00e1nyos helyzetben \u00e9l\u0151k visszaker\u00fclhessenek a munka vil\u00e1g\u00e1ba. A 8. ker\u00fcleti\" \/>\n\t\t<meta name=\"twitter:image\" content=\"https:\/\/allasorias.hu\/hirek\/wp-content\/uploads\/2019\/09\/inequality-4074203_640.jpg\" \/>\n\t\t<meta name=\"twitter:label1\" content=\"Written by\" \/>\n\t\t<meta name=\"twitter:data1\" content=\"Juh\u00e1sz P\u00e9ter\" \/>\n\t\t<meta name=\"twitter:label2\" content=\"Est. reading time\" \/>\n\t\t<meta name=\"twitter:data2\" content=\"2 minutes\" \/>\n\t\t<script type=\"application\/ld+json\" class=\"aioseo-schema\">\n\t\t\t{\"@context\":\"https:\\\/\\\/schema.org\",\"@graph\":[{\"@type\":\"Article\",\"@id\":\"https:\\\/\\\/allasorias.hu\\\/hirek\\\/a-hajlektalanokat-szeretnek-visszavezetni-a-munka-vilagaba\\\/#article\",\"name\":\"A hajl\\u00e9ktalanokat szeretn\\u00e9k visszavezetni a munka vil\\u00e1g\\u00e1ba | AllasOrias.hu | H\\u00edrek-lapszemle\",\"headline\":\"A hajl\\u00e9ktalanokat szeretn\\u00e9k visszavezetni a munka vil\\u00e1g\\u00e1ba\",\"author\":{\"@id\":\"https:\\\/\\\/allasorias.hu\\\/hirek\\\/author\\\/admin-allasorias\\\/#author\"},\"publisher\":{\"@id\":\"https:\\\/\\\/allasorias.hu\\\/hirek\\\/#organization\"},\"image\":{\"@type\":\"ImageObject\",\"url\":\"https:\\\/\\\/allasorias.hu\\\/hirek\\\/wp-content\\\/uploads\\\/2019\\\/09\\\/inequality-4074203_640.jpg\",\"width\":640,\"height\":426},\"datePublished\":\"2019-09-18T07:47:36+02:00\",\"dateModified\":\"2019-09-18T07:47:49+02:00\",\"inLanguage\":\"hu-HU\",\"mainEntityOfPage\":{\"@id\":\"https:\\\/\\\/allasorias.hu\\\/hirek\\\/a-hajlektalanokat-szeretnek-visszavezetni-a-munka-vilagaba\\\/#webpage\"},\"isPartOf\":{\"@id\":\"https:\\\/\\\/allasorias.hu\\\/hirek\\\/a-hajlektalanokat-szeretnek-visszavezetni-a-munka-vilagaba\\\/#webpage\"},\"articleSection\":\"Munkaer\\u0151piac\"},{\"@type\":\"BreadcrumbList\",\"@id\":\"https:\\\/\\\/allasorias.hu\\\/hirek\\\/a-hajlektalanokat-szeretnek-visszavezetni-a-munka-vilagaba\\\/#breadcrumblist\",\"itemListElement\":[{\"@type\":\"ListItem\",\"@id\":\"https:\\\/\\\/allasorias.hu\\\/hirek#listItem\",\"position\":1,\"name\":\"Home\",\"item\":\"https:\\\/\\\/allasorias.hu\\\/hirek\",\"nextItem\":{\"@type\":\"ListItem\",\"@id\":\"https:\\\/\\\/allasorias.hu\\\/hirek\\\/temak\\\/munkaeropiac\\\/#listItem\",\"name\":\"Munkaer\\u0151piac\"}},{\"@type\":\"ListItem\",\"@id\":\"https:\\\/\\\/allasorias.hu\\\/hirek\\\/temak\\\/munkaeropiac\\\/#listItem\",\"position\":2,\"name\":\"Munkaer\\u0151piac\",\"item\":\"https:\\\/\\\/allasorias.hu\\\/hirek\\\/temak\\\/munkaeropiac\\\/\",\"nextItem\":{\"@type\":\"ListItem\",\"@id\":\"https:\\\/\\\/allasorias.hu\\\/hirek\\\/a-hajlektalanokat-szeretnek-visszavezetni-a-munka-vilagaba\\\/#listItem\",\"name\":\"A hajl\\u00e9ktalanokat szeretn\\u00e9k visszavezetni a munka vil\\u00e1g\\u00e1ba\"},\"previousItem\":{\"@type\":\"ListItem\",\"@id\":\"https:\\\/\\\/allasorias.hu\\\/hirek#listItem\",\"name\":\"Home\"}},{\"@type\":\"ListItem\",\"@id\":\"https:\\\/\\\/allasorias.hu\\\/hirek\\\/a-hajlektalanokat-szeretnek-visszavezetni-a-munka-vilagaba\\\/#listItem\",\"position\":3,\"name\":\"A hajl\\u00e9ktalanokat szeretn\\u00e9k visszavezetni a munka vil\\u00e1g\\u00e1ba\",\"previousItem\":{\"@type\":\"ListItem\",\"@id\":\"https:\\\/\\\/allasorias.hu\\\/hirek\\\/temak\\\/munkaeropiac\\\/#listItem\",\"name\":\"Munkaer\\u0151piac\"}}]},{\"@type\":\"Organization\",\"@id\":\"https:\\\/\\\/allasorias.hu\\\/hirek\\\/#organization\",\"name\":\"AllasOrias.hu | H\\u00edrek-lapszemle\",\"description\":\"\\u00dczleti h\\u00edrek az \\u00e1ll\\u00e1s \\u00e9s a munka vil\\u00e1g\\u00e1b\\u00f3l\",\"url\":\"https:\\\/\\\/allasorias.hu\\\/hirek\\\/\",\"logo\":{\"@type\":\"ImageObject\",\"url\":\"https:\\\/\\\/allasorias.hu\\\/hirek\\\/wp-content\\\/uploads\\\/2022\\\/10\\\/allasorias_site_facebok_logo.png\",\"@id\":\"https:\\\/\\\/allasorias.hu\\\/hirek\\\/a-hajlektalanokat-szeretnek-visszavezetni-a-munka-vilagaba\\\/#organizationLogo\"},\"image\":{\"@id\":\"https:\\\/\\\/allasorias.hu\\\/hirek\\\/a-hajlektalanokat-szeretnek-visszavezetni-a-munka-vilagaba\\\/#organizationLogo\"},\"sameAs\":[\"https:\\\/\\\/www.facebook.com\\\/allasorias\",\"https:\\\/\\\/www.linkedin.com\\\/company\\\/allasorias\"]},{\"@type\":\"Person\",\"@id\":\"https:\\\/\\\/allasorias.hu\\\/hirek\\\/author\\\/admin-allasorias\\\/#author\",\"url\":\"https:\\\/\\\/allasorias.hu\\\/hirek\\\/author\\\/admin-allasorias\\\/\",\"name\":\"Juh\\u00e1sz P\\u00e9ter\",\"image\":{\"@type\":\"ImageObject\",\"@id\":\"https:\\\/\\\/allasorias.hu\\\/hirek\\\/a-hajlektalanokat-szeretnek-visszavezetni-a-munka-vilagaba\\\/#authorImage\",\"url\":\"https:\\\/\\\/secure.gravatar.com\\\/avatar\\\/36e6bcb83148978b992977cb0f54d22feb0cce8a0a849a9410532bb2623ba4c6?s=96&d=mm&r=g\",\"width\":96,\"height\":96,\"caption\":\"Juh\\u00e1sz P\\u00e9ter\"}},{\"@type\":\"WebPage\",\"@id\":\"https:\\\/\\\/allasorias.hu\\\/hirek\\\/a-hajlektalanokat-szeretnek-visszavezetni-a-munka-vilagaba\\\/#webpage\",\"url\":\"https:\\\/\\\/allasorias.hu\\\/hirek\\\/a-hajlektalanokat-szeretnek-visszavezetni-a-munka-vilagaba\\\/\",\"name\":\"A hajl\\u00e9ktalanokat szeretn\\u00e9k visszavezetni a munka vil\\u00e1g\\u00e1ba | AllasOrias.hu | H\\u00edrek-lapszemle\",\"description\":\"A hajl\\u00e9ktalanok k\\u00f6zfoglalkoztat\\u00e1s\\u00e1t c\\u00e9lz\\u00f3 korm\\u00e1nyprogram mintegy 4000 embert \\u00e9r el. A szoci\\u00e1lis \\u00fcgyek\\u00e9rt felel\\u0151s \\u00e1llamtitk\\u00e1r elmondta: a kezdem\\u00e9nyez\\u00e9s c\\u00e9lja, hogy ezeket az embereket a munka seg\\u00edts\\u00e9g\\u00e9vel visszavezess\\u00e9k a munkaer\\u0151piacra. Munkaruh\\u00e1juk \\u00e1tv\\u00e9tel\\u00e9vel kezdt\\u00e9k az \\u00e9rintettek a Budapest Es\\u00e9ly Nonprofitn\\u00e1l. A hajl\\u00e9ktalanok k\\u00f6zfoglalkoztat\\u00e1si programj\\u00e1nak c\\u00e9lja, hogy a h\\u00e1tr\\u00e1nyos helyzetben \\u00e9l\\u0151k visszaker\\u00fclhessenek a munka vil\\u00e1g\\u00e1ba. A 8. ker\\u00fcleti\",\"inLanguage\":\"hu-HU\",\"isPartOf\":{\"@id\":\"https:\\\/\\\/allasorias.hu\\\/hirek\\\/#website\"},\"breadcrumb\":{\"@id\":\"https:\\\/\\\/allasorias.hu\\\/hirek\\\/a-hajlektalanokat-szeretnek-visszavezetni-a-munka-vilagaba\\\/#breadcrumblist\"},\"author\":{\"@id\":\"https:\\\/\\\/allasorias.hu\\\/hirek\\\/author\\\/admin-allasorias\\\/#author\"},\"creator\":{\"@id\":\"https:\\\/\\\/allasorias.hu\\\/hirek\\\/author\\\/admin-allasorias\\\/#author\"},\"image\":{\"@type\":\"ImageObject\",\"url\":\"https:\\\/\\\/allasorias.hu\\\/hirek\\\/wp-content\\\/uploads\\\/2019\\\/09\\\/inequality-4074203_640.jpg\",\"@id\":\"https:\\\/\\\/allasorias.hu\\\/hirek\\\/a-hajlektalanokat-szeretnek-visszavezetni-a-munka-vilagaba\\\/#mainImage\",\"width\":640,\"height\":426},\"primaryImageOfPage\":{\"@id\":\"https:\\\/\\\/allasorias.hu\\\/hirek\\\/a-hajlektalanokat-szeretnek-visszavezetni-a-munka-vilagaba\\\/#mainImage\"},\"datePublished\":\"2019-09-18T07:47:36+02:00\",\"dateModified\":\"2019-09-18T07:47:49+02:00\"},{\"@type\":\"WebSite\",\"@id\":\"https:\\\/\\\/allasorias.hu\\\/hirek\\\/#website\",\"url\":\"https:\\\/\\\/allasorias.hu\\\/hirek\\\/\",\"name\":\"AllasOrias.hu | H\\u00edrek-lapszemle\",\"description\":\"\\u00dczleti h\\u00edrek az \\u00e1ll\\u00e1s \\u00e9s a munka vil\\u00e1g\\u00e1b\\u00f3l\",\"inLanguage\":\"hu-HU\",\"publisher\":{\"@id\":\"https:\\\/\\\/allasorias.hu\\\/hirek\\\/#organization\"}}]}\n\t\t<\/script>\n\t\t<!-- All in One SEO -->\n\n","aioseo_head_json":{"title":"A hajl\u00e9ktalanokat szeretn\u00e9k visszavezetni a munka vil\u00e1g\u00e1ba | AllasOrias.hu | H\u00edrek-lapszemle","description":"A hajl\u00e9ktalanok k\u00f6zfoglalkoztat\u00e1s\u00e1t c\u00e9lz\u00f3 korm\u00e1nyprogram mintegy 4000 embert \u00e9r el. A szoci\u00e1lis \u00fcgyek\u00e9rt felel\u0151s \u00e1llamtitk\u00e1r elmondta: a kezdem\u00e9nyez\u00e9s c\u00e9lja, hogy ezeket az embereket a munka seg\u00edts\u00e9g\u00e9vel visszavezess\u00e9k a munkaer\u0151piacra. Munkaruh\u00e1juk \u00e1tv\u00e9tel\u00e9vel kezdt\u00e9k az \u00e9rintettek a Budapest Es\u00e9ly Nonprofitn\u00e1l. A hajl\u00e9ktalanok k\u00f6zfoglalkoztat\u00e1si programj\u00e1nak c\u00e9lja, hogy a h\u00e1tr\u00e1nyos helyzetben \u00e9l\u0151k visszaker\u00fclhessenek a munka vil\u00e1g\u00e1ba. A 8. ker\u00fcleti","canonical_url":"https:\/\/allasorias.hu\/hirek\/a-hajlektalanokat-szeretnek-visszavezetni-a-munka-vilagaba\/","robots":"max-image-preview:large","keywords":"","webmasterTools":{"miscellaneous":""},"schema":{"@context":"https:\/\/schema.org","@graph":[{"@type":"Article","@id":"https:\/\/allasorias.hu\/hirek\/a-hajlektalanokat-szeretnek-visszavezetni-a-munka-vilagaba\/#article","name":"A hajl\u00e9ktalanokat szeretn\u00e9k visszavezetni a munka vil\u00e1g\u00e1ba | AllasOrias.hu | H\u00edrek-lapszemle","headline":"A hajl\u00e9ktalanokat szeretn\u00e9k visszavezetni a munka vil\u00e1g\u00e1ba","author":{"@id":"https:\/\/allasorias.hu\/hirek\/author\/admin-allasorias\/#author"},"publisher":{"@id":"https:\/\/allasorias.hu\/hirek\/#organization"},"image":{"@type":"ImageObject","url":"https:\/\/allasorias.hu\/hirek\/wp-content\/uploads\/2019\/09\/inequality-4074203_640.jpg","width":640,"height":426},"datePublished":"2019-09-18T07:47:36+02:00","dateModified":"2019-09-18T07:47:49+02:00","inLanguage":"hu-HU","mainEntityOfPage":{"@id":"https:\/\/allasorias.hu\/hirek\/a-hajlektalanokat-szeretnek-visszavezetni-a-munka-vilagaba\/#webpage"},"isPartOf":{"@id":"https:\/\/allasorias.hu\/hirek\/a-hajlektalanokat-szeretnek-visszavezetni-a-munka-vilagaba\/#webpage"},"articleSection":"Munkaer\u0151piac"},{"@type":"BreadcrumbList","@id":"https:\/\/allasorias.hu\/hirek\/a-hajlektalanokat-szeretnek-visszavezetni-a-munka-vilagaba\/#breadcrumblist","itemListElement":[{"@type":"ListItem","@id":"https:\/\/allasorias.hu\/hirek#listItem","position":1,"name":"Home","item":"https:\/\/allasorias.hu\/hirek","nextItem":{"@type":"ListItem","@id":"https:\/\/allasorias.hu\/hirek\/temak\/munkaeropiac\/#listItem","name":"Munkaer\u0151piac"}},{"@type":"ListItem","@id":"https:\/\/allasorias.hu\/hirek\/temak\/munkaeropiac\/#listItem","position":2,"name":"Munkaer\u0151piac","item":"https:\/\/allasorias.hu\/hirek\/temak\/munkaeropiac\/","nextItem":{"@type":"ListItem","@id":"https:\/\/allasorias.hu\/hirek\/a-hajlektalanokat-szeretnek-visszavezetni-a-munka-vilagaba\/#listItem","name":"A hajl\u00e9ktalanokat szeretn\u00e9k visszavezetni a munka vil\u00e1g\u00e1ba"},"previousItem":{"@type":"ListItem","@id":"https:\/\/allasorias.hu\/hirek#listItem","name":"Home"}},{"@type":"ListItem","@id":"https:\/\/allasorias.hu\/hirek\/a-hajlektalanokat-szeretnek-visszavezetni-a-munka-vilagaba\/#listItem","position":3,"name":"A hajl\u00e9ktalanokat szeretn\u00e9k visszavezetni a munka vil\u00e1g\u00e1ba","previousItem":{"@type":"ListItem","@id":"https:\/\/allasorias.hu\/hirek\/temak\/munkaeropiac\/#listItem","name":"Munkaer\u0151piac"}}]},{"@type":"Organization","@id":"https:\/\/allasorias.hu\/hirek\/#organization","name":"AllasOrias.hu | H\u00edrek-lapszemle","description":"\u00dczleti h\u00edrek az \u00e1ll\u00e1s \u00e9s a munka vil\u00e1g\u00e1b\u00f3l","url":"https:\/\/allasorias.hu\/hirek\/","logo":{"@type":"ImageObject","url":"https:\/\/allasorias.hu\/hirek\/wp-content\/uploads\/2022\/10\/allasorias_site_facebok_logo.png","@id":"https:\/\/allasorias.hu\/hirek\/a-hajlektalanokat-szeretnek-visszavezetni-a-munka-vilagaba\/#organizationLogo"},"image":{"@id":"https:\/\/allasorias.hu\/hirek\/a-hajlektalanokat-szeretnek-visszavezetni-a-munka-vilagaba\/#organizationLogo"},"sameAs":["https:\/\/www.facebook.com\/allasorias","https:\/\/www.linkedin.com\/company\/allasorias"]},{"@type":"Person","@id":"https:\/\/allasorias.hu\/hirek\/author\/admin-allasorias\/#author","url":"https:\/\/allasorias.hu\/hirek\/author\/admin-allasorias\/","name":"Juh\u00e1sz P\u00e9ter","image":{"@type":"ImageObject","@id":"https:\/\/allasorias.hu\/hirek\/a-hajlektalanokat-szeretnek-visszavezetni-a-munka-vilagaba\/#authorImage","url":"https:\/\/secure.gravatar.com\/avatar\/36e6bcb83148978b992977cb0f54d22feb0cce8a0a849a9410532bb2623ba4c6?s=96&d=mm&r=g","width":96,"height":96,"caption":"Juh\u00e1sz P\u00e9ter"}},{"@type":"WebPage","@id":"https:\/\/allasorias.hu\/hirek\/a-hajlektalanokat-szeretnek-visszavezetni-a-munka-vilagaba\/#webpage","url":"https:\/\/allasorias.hu\/hirek\/a-hajlektalanokat-szeretnek-visszavezetni-a-munka-vilagaba\/","name":"A hajl\u00e9ktalanokat szeretn\u00e9k visszavezetni a munka vil\u00e1g\u00e1ba | AllasOrias.hu | H\u00edrek-lapszemle","description":"A hajl\u00e9ktalanok k\u00f6zfoglalkoztat\u00e1s\u00e1t c\u00e9lz\u00f3 korm\u00e1nyprogram mintegy 4000 embert \u00e9r el. A szoci\u00e1lis \u00fcgyek\u00e9rt felel\u0151s \u00e1llamtitk\u00e1r elmondta: a kezdem\u00e9nyez\u00e9s c\u00e9lja, hogy ezeket az embereket a munka seg\u00edts\u00e9g\u00e9vel visszavezess\u00e9k a munkaer\u0151piacra. Munkaruh\u00e1juk \u00e1tv\u00e9tel\u00e9vel kezdt\u00e9k az \u00e9rintettek a Budapest Es\u00e9ly Nonprofitn\u00e1l. A hajl\u00e9ktalanok k\u00f6zfoglalkoztat\u00e1si programj\u00e1nak c\u00e9lja, hogy a h\u00e1tr\u00e1nyos helyzetben \u00e9l\u0151k visszaker\u00fclhessenek a munka vil\u00e1g\u00e1ba. A 8. ker\u00fcleti","inLanguage":"hu-HU","isPartOf":{"@id":"https:\/\/allasorias.hu\/hirek\/#website"},"breadcrumb":{"@id":"https:\/\/allasorias.hu\/hirek\/a-hajlektalanokat-szeretnek-visszavezetni-a-munka-vilagaba\/#breadcrumblist"},"author":{"@id":"https:\/\/allasorias.hu\/hirek\/author\/admin-allasorias\/#author"},"creator":{"@id":"https:\/\/allasorias.hu\/hirek\/author\/admin-allasorias\/#author"},"image":{"@type":"ImageObject","url":"https:\/\/allasorias.hu\/hirek\/wp-content\/uploads\/2019\/09\/inequality-4074203_640.jpg","@id":"https:\/\/allasorias.hu\/hirek\/a-hajlektalanokat-szeretnek-visszavezetni-a-munka-vilagaba\/#mainImage","width":640,"height":426},"primaryImageOfPage":{"@id":"https:\/\/allasorias.hu\/hirek\/a-hajlektalanokat-szeretnek-visszavezetni-a-munka-vilagaba\/#mainImage"},"datePublished":"2019-09-18T07:47:36+02:00","dateModified":"2019-09-18T07:47:49+02:00"},{"@type":"WebSite","@id":"https:\/\/allasorias.hu\/hirek\/#website","url":"https:\/\/allasorias.hu\/hirek\/","name":"AllasOrias.hu | H\u00edrek-lapszemle","description":"\u00dczleti h\u00edrek az \u00e1ll\u00e1s \u00e9s a munka vil\u00e1g\u00e1b\u00f3l","inLanguage":"hu-HU","publisher":{"@id":"https:\/\/allasorias.hu\/hirek\/#organization"}}]},"og:locale":"hu_HU","og:site_name":"AllasOrias.hu | H\u00edrek-lapszemle | \u00dczleti h\u00edrek az \u00e1ll\u00e1s \u00e9s a munka vil\u00e1g\u00e1b\u00f3l","og:type":"article","og:title":"A hajl\u00e9ktalanokat szeretn\u00e9k visszavezetni a munka vil\u00e1g\u00e1ba | AllasOrias.hu | H\u00edrek-lapszemle","og:description":"A hajl\u00e9ktalanok k\u00f6zfoglalkoztat\u00e1s\u00e1t c\u00e9lz\u00f3 korm\u00e1nyprogram mintegy 4000 embert \u00e9r el. A szoci\u00e1lis \u00fcgyek\u00e9rt felel\u0151s \u00e1llamtitk\u00e1r elmondta: a kezdem\u00e9nyez\u00e9s c\u00e9lja, hogy ezeket az embereket a munka seg\u00edts\u00e9g\u00e9vel visszavezess\u00e9k a munkaer\u0151piacra. Munkaruh\u00e1juk \u00e1tv\u00e9tel\u00e9vel kezdt\u00e9k az \u00e9rintettek a Budapest Es\u00e9ly Nonprofitn\u00e1l. A hajl\u00e9ktalanok k\u00f6zfoglalkoztat\u00e1si programj\u00e1nak c\u00e9lja, hogy a h\u00e1tr\u00e1nyos helyzetben \u00e9l\u0151k visszaker\u00fclhessenek a munka vil\u00e1g\u00e1ba. A 8. ker\u00fcleti","og:url":"https:\/\/allasorias.hu\/hirek\/a-hajlektalanokat-szeretnek-visszavezetni-a-munka-vilagaba\/","og:image":"https:\/\/allasorias.hu\/hirek\/wp-content\/uploads\/2019\/09\/inequality-4074203_640.jpg","og:image:secure_url":"https:\/\/allasorias.hu\/hirek\/wp-content\/uploads\/2019\/09\/inequality-4074203_640.jpg","og:image:width":640,"og:image:height":426,"article:published_time":"2019-09-18T07:47:36+00:00","article:modified_time":"2019-09-18T07:47:49+00:00","article:publisher":"https:\/\/www.facebook.com\/allasorias","twitter:card":"summary_large_image","twitter:title":"A hajl\u00e9ktalanokat szeretn\u00e9k visszavezetni a munka vil\u00e1g\u00e1ba | AllasOrias.hu | H\u00edrek-lapszemle","twitter:description":"A hajl\u00e9ktalanok k\u00f6zfoglalkoztat\u00e1s\u00e1t c\u00e9lz\u00f3 korm\u00e1nyprogram mintegy 4000 embert \u00e9r el. A szoci\u00e1lis \u00fcgyek\u00e9rt felel\u0151s \u00e1llamtitk\u00e1r elmondta: a kezdem\u00e9nyez\u00e9s c\u00e9lja, hogy ezeket az embereket a munka seg\u00edts\u00e9g\u00e9vel visszavezess\u00e9k a munkaer\u0151piacra. Munkaruh\u00e1juk \u00e1tv\u00e9tel\u00e9vel kezdt\u00e9k az \u00e9rintettek a Budapest Es\u00e9ly Nonprofitn\u00e1l. A hajl\u00e9ktalanok k\u00f6zfoglalkoztat\u00e1si programj\u00e1nak c\u00e9lja, hogy a h\u00e1tr\u00e1nyos helyzetben \u00e9l\u0151k visszaker\u00fclhessenek a munka vil\u00e1g\u00e1ba. A 8. ker\u00fcleti","twitter:image":"https:\/\/allasorias.hu\/hirek\/wp-content\/uploads\/2019\/09\/inequality-4074203_640.jpg","twitter:label1":"Written by","twitter:data1":"Juh\u00e1sz P\u00e9ter","twitter:label2":"Est. reading time","twitter:data2":"2 minutes"},"aioseo_meta_data":{"post_id":"3299","title":null,"description":null,"keywords":null,"keyphrases":null,"primary_term":null,"canonical_url":null,"og_title":null,"og_description":null,"og_object_type":"default","og_image_type":"default","og_image_url":null,"og_image_width":null,"og_image_height":null,"og_image_custom_url":null,"og_image_custom_fields":null,"og_video":null,"og_custom_url":null,"og_article_section":null,"og_article_tags":null,"twitter_use_og":false,"twitter_card":"default","twitter_image_type":"default","twitter_image_url":null,"twitter_image_custom_url":null,"twitter_image_custom_fields":null,"twitter_title":null,"twitter_description":null,"schema":{"blockGraphs":[],"customGraphs":[],"default":{"data":{"Article":[],"Course":[],"Dataset":[],"FAQPage":[],"Movie":[],"Person":[],"Product":[],"ProductReview":[],"Car":[],"Recipe":[],"Service":[],"SoftwareApplication":[],"WebPage":[]},"graphName":"","isEnabled":true},"graphs":[],"defaultGraph":"","defaultPostTypeGraph":""},"schema_type":null,"schema_type_options":null,"pillar_content":false,"robots_default":true,"robots_noindex":false,"robots_noarchive":false,"robots_nosnippet":false,"robots_nofollow":false,"robots_noimageindex":false,"robots_noodp":false,"robots_notranslate":false,"robots_max_snippet":null,"robots_max_videopreview":null,"robots_max_imagepreview":"large","priority":null,"frequency":null,"location":null,"local_seo":null,"breadcrumb_settings":null,"limit_modified_date":false,"ai":null,"created":"2021-02-01 22:54:08","updated":"2025-10-02 11:48:20","seo_analyzer_scan_date":null,"focus_keyword":null,"additional_keywords":null,"truseo_locale":null},"aioseo_breadcrumb":"<div class=\"aioseo-breadcrumbs\"><span class=\"aioseo-breadcrumb\">\n\t\t\t<a href=\"https:\/\/allasorias.hu\/hirek\" title=\"Home\">Home<\/a>\n\t\t<\/span><span class=\"aioseo-breadcrumb-separator\">&raquo;<\/span><span class=\"aioseo-breadcrumb\">\n\t\t\t<a href=\"https:\/\/allasorias.hu\/hirek\/temak\/munkaeropiac\/\" title=\"Munkaer\u0151piac\">Munkaer\u0151piac<\/a>\n\t\t<\/span><span class=\"aioseo-breadcrumb-separator\">&raquo;<\/span><span class=\"aioseo-breadcrumb\">\n\t\t\tA hajl\u00e9ktalanokat szeretn\u00e9k visszavezetni a munka vil\u00e1g\u00e1ba\n\t\t<\/span><\/div>","aioseo_breadcrumb_json":[{"label":"Home","link":"https:\/\/allasorias.hu\/hirek"},{"label":"Munkaer\u0151piac","link":"https:\/\/allasorias.hu\/hirek\/temak\/munkaeropiac\/"},{"label":"A hajl\u00e9ktalanokat szeretn\u00e9k visszavezetni a munka vil\u00e1g\u00e1ba","link":"https:\/\/allasorias.hu\/hirek\/a-hajlektalanokat-szeretnek-visszavezetni-a-munka-vilagaba\/"}],"_links":{"self":[{"href":"https:\/\/allasorias.hu\/hirek\/wp-json\/wp\/v2\/posts\/3299","targetHints":{"allow":["GET"]}}],"collection":[{"href":"https:\/\/allasorias.hu\/hirek\/wp-json\/wp\/v2\/posts"}],"about":[{"href":"https:\/\/allasorias.hu\/hirek\/wp-json\/wp\/v2\/types\/post"}],"author":[{"embeddable":true,"href":"https:\/\/allasorias.hu\/hirek\/wp-json\/wp\/v2\/users\/1"}],"replies":[{"embeddable":true,"href":"https:\/\/allasorias.hu\/hirek\/wp-json\/wp\/v2\/comments?post=3299"}],"version-history":[{"count":1,"href":"https:\/\/allasorias.hu\/hirek\/wp-json\/wp\/v2\/posts\/3299\/revisions"}],"predecessor-version":[{"id":3301,"href":"https:\/\/allasorias.hu\/hirek\/wp-json\/wp\/v2\/posts\/3299\/revisions\/3301"}],"wp:featuredmedia":[{"embeddable":true,"href":"https:\/\/allasorias.hu\/hirek\/wp-json\/wp\/v2\/media\/3300"}],"wp:attachment":[{"href":"https:\/\/allasorias.hu\/hirek\/wp-json\/wp\/v2\/media?parent=3299"}],"wp:term":[{"taxonomy":"category","embeddable":true,"href":"https:\/\/allasorias.hu\/hirek\/wp-json\/wp\/v2\/categories?post=3299"},{"taxonomy":"post_tag","embeddable":true,"href":"https:\/\/allasorias.hu\/hirek\/wp-json\/wp\/v2\/tags?post=3299"}],"curies":[{"name":"wp","href":"https:\/\/api.w.org\/{rel}","templated":true}]}}