{"id":3290,"date":"2019-09-16T06:56:35","date_gmt":"2019-09-16T06:56:35","guid":{"rendered":"https:\/\/allasorias.hu\/hirek\/?p=3290"},"modified":"2019-09-16T06:56:35","modified_gmt":"2019-09-16T06:56:35","slug":"visszaterhetnek-a-munka-vilagaba-a-kozfoglalkoztatottak","status":"publish","type":"post","link":"https:\/\/allasorias.hu\/hirek\/visszaterhetnek-a-munka-vilagaba-a-kozfoglalkoztatottak\/","title":{"rendered":"Visszat\u00e9rhetnek a munka vil\u00e1g\u00e1ba a k\u00f6zfoglalkoztatottak"},"content":{"rendered":"<p><strong>T\u00edz megy\u00e9ben zajlik a k\u00f6zfoglalkoztatottak munkaer\u0151piacra visszat\u00e9r\u00e9s\u00e9t seg\u00edt\u0151 program, amely eredm\u00e9nyesnek mutatkozik, \u00a0Szabolcs-Szatm\u00e1r-Bereg megy\u00e9ben p\u00e9ld\u00e1ul t\u00f6bb mint t\u00edzezer ember munk\u00e1hoz jut\u00e1s\u00e1t t\u00e1mogatta \u2013 hangzott el a projekt munk\u00e1ltat\u00f3i f\u00f3rum\u00e1n p\u00e9nteken Ny\u00edregyh\u00e1z\u00e1n. <\/strong><\/p>\n<p>Az OFA Orsz\u00e1gos Foglalkoztat\u00e1si K\u00f6zhaszn\u00fa Nonprofit Kft. \u00e1ltal elind\u00edtott programr\u00f3l sz\u00f3lva Bod\u00f3 S\u00e1ndor, a P\u00e9nz\u00fcgyminiszt\u00e9rium foglalkoztat\u00e1spolitik\u00e1\u00e9rt \u00e9s v\u00e1llalati kapcsolatok\u00e9rt felel\u0151s \u00e1llamtitk\u00e1ra elmondta, a jelenleg t\u00edz megy\u00e9ben zajl\u00f3 programot tov\u00e1bbi \u00f6t megy\u00e9re terjesztik ki a k\u00f6vetkez\u0151 id\u0151szakban. Szavai szerint csak Szabolcs-Szatm\u00e1r-Bereg megy\u00e9ben 10 500 \u00e1ll\u00e1stalan munk\u00e1hoz jut\u00e1s\u00e1t seg\u00edtette a program, amelyben a munka\u00fcgyi hivatalok foglalkoztat\u00e1si oszt\u00e1lyainak hat\u00e9konys\u00e1g\u00e1t is fejlesztett\u00e9k. A f\u00f3rumon elhangzott, a pilot-programk\u00e9nt els\u0151k\u00e9nt Szabolcs-Szatm\u00e1r-Bereg \u00e9s Hajd\u00fa-Bihar megy\u00e9kben elind\u00edtott, k\u00e9s\u0151bb csaknem az eg\u00e9sz orsz\u00e1gra kiterjesztett projekt seg\u00edts\u00e9g\u00e9vel elemezt\u00e9k a megyei munka\u00fcgyi foglalkoztat\u00e1si oszt\u00e1lyok m\u0171k\u00f6d\u00e9s\u00e9t, valamint kidolgozt\u00e1k a munkaer\u0151-k\u00edn\u00e1latot \u00e9s -keresletet t\u00e1mogat\u00f3 rendszereket. A munka\u00fcgyi hivatalokhoz fordul\u00f3k k\u00e9pess\u00e9geit \u00fajfajta m\u00f3dszertannal m\u00e9rt\u00e9k fel, \u00edgy az \u00e1ll\u00e1skeres\u0151k kompetenci\u00e1jukhoz m\u00e9rten kaptak lehet\u0151s\u00e9get az elhelyezked\u00e9sre.<\/p>\n<p>Forr\u00e1s: magyarnemzet.hu<\/p>\n","protected":false},"excerpt":{"rendered":"<p>T\u00edz megy\u00e9ben zajlik a k\u00f6zfoglalkoztatottak munkaer\u0151piacra visszat\u00e9r\u00e9s\u00e9t seg\u00edt\u0151 program, amely eredm\u00e9nyesnek mutatkozik, \u00a0Szabolcs-Szatm\u00e1r-Bereg megy\u00e9ben p\u00e9ld\u00e1ul t\u00f6bb mint t\u00edzezer ember munk\u00e1hoz jut\u00e1s\u00e1t t\u00e1mogatta \u2013 hangzott el a projekt munk\u00e1ltat\u00f3i f\u00f3rum\u00e1n p\u00e9nteken Ny\u00edregyh\u00e1z\u00e1n. Az OFA Orsz\u00e1gos Foglalkoztat\u00e1si K\u00f6zhaszn\u00fa Nonprofit Kft. \u00e1ltal elind\u00edtott programr\u00f3l sz\u00f3lva Bod\u00f3 S\u00e1ndor, a P\u00e9nz\u00fcgyminiszt\u00e9rium foglalkoztat\u00e1spolitik\u00e1\u00e9rt \u00e9s v\u00e1llalati kapcsolatok\u00e9rt felel\u0151s \u00e1llamtitk\u00e1ra elmondta, a jelenleg [&hellip;]<\/p>\n","protected":false},"author":1,"featured_media":2016,"comment_status":"open","ping_status":"open","sticky":false,"template":"","format":"standard","meta":{"_monsterinsights_skip_tracking":false,"footnotes":""},"categories":[200],"tags":[],"class_list":["post-3290","post","type-post","status-publish","format-standard","has-post-thumbnail","hentry","category-munkaeropiac"],"aioseo_notices":[],"aioseo_head":"\n\t\t<!-- All in One SEO 5.0.0.1 - aioseo.com -->\n\t<meta name=\"description\" content=\"T\u00edz megy\u00e9ben zajlik a k\u00f6zfoglalkoztatottak munkaer\u0151piacra visszat\u00e9r\u00e9s\u00e9t seg\u00edt\u0151 program, amely eredm\u00e9nyesnek mutatkozik, Szabolcs-Szatm\u00e1r-Bereg megy\u00e9ben p\u00e9ld\u00e1ul t\u00f6bb mint t\u00edzezer ember munk\u00e1hoz jut\u00e1s\u00e1t t\u00e1mogatta \u2013 hangzott el a projekt munk\u00e1ltat\u00f3i f\u00f3rum\u00e1n p\u00e9nteken Ny\u00edregyh\u00e1z\u00e1n. Az OFA Orsz\u00e1gos Foglalkoztat\u00e1si K\u00f6zhaszn\u00fa Nonprofit Kft. \u00e1ltal elind\u00edtott programr\u00f3l sz\u00f3lva Bod\u00f3 S\u00e1ndor, a P\u00e9nz\u00fcgyminiszt\u00e9rium foglalkoztat\u00e1spolitik\u00e1\u00e9rt \u00e9s v\u00e1llalati kapcsolatok\u00e9rt felel\u0151s \u00e1llamtitk\u00e1ra elmondta, a jelenleg\" \/>\n\t<meta name=\"robots\" content=\"max-image-preview:large\" \/>\n\t<meta name=\"author\" content=\"Juh\u00e1sz P\u00e9ter\"\/>\n\t<link rel=\"canonical\" href=\"https:\/\/allasorias.hu\/hirek\/visszaterhetnek-a-munka-vilagaba-a-kozfoglalkoztatottak\/\" \/>\n\t<meta name=\"generator\" content=\"All in One SEO (AIOSEO) 5.0.0.1\" \/>\n\t\t<meta property=\"og:locale\" content=\"hu_HU\" \/>\n\t\t<meta property=\"og:site_name\" content=\"AllasOrias.hu | H\u00edrek-lapszemle | \u00dczleti h\u00edrek az \u00e1ll\u00e1s \u00e9s a munka vil\u00e1g\u00e1b\u00f3l\" \/>\n\t\t<meta property=\"og:type\" content=\"article\" \/>\n\t\t<meta property=\"og:title\" content=\"Visszat\u00e9rhetnek a munka vil\u00e1g\u00e1ba a k\u00f6zfoglalkoztatottak | AllasOrias.hu | H\u00edrek-lapszemle\" \/>\n\t\t<meta property=\"og:description\" content=\"T\u00edz megy\u00e9ben zajlik a k\u00f6zfoglalkoztatottak munkaer\u0151piacra visszat\u00e9r\u00e9s\u00e9t seg\u00edt\u0151 program, amely eredm\u00e9nyesnek mutatkozik, Szabolcs-Szatm\u00e1r-Bereg megy\u00e9ben p\u00e9ld\u00e1ul t\u00f6bb mint t\u00edzezer ember munk\u00e1hoz jut\u00e1s\u00e1t t\u00e1mogatta \u2013 hangzott el a projekt munk\u00e1ltat\u00f3i f\u00f3rum\u00e1n p\u00e9nteken Ny\u00edregyh\u00e1z\u00e1n. Az OFA Orsz\u00e1gos Foglalkoztat\u00e1si K\u00f6zhaszn\u00fa Nonprofit Kft. \u00e1ltal elind\u00edtott programr\u00f3l sz\u00f3lva Bod\u00f3 S\u00e1ndor, a P\u00e9nz\u00fcgyminiszt\u00e9rium foglalkoztat\u00e1spolitik\u00e1\u00e9rt \u00e9s v\u00e1llalati kapcsolatok\u00e9rt felel\u0151s \u00e1llamtitk\u00e1ra elmondta, a jelenleg\" \/>\n\t\t<meta property=\"og:url\" content=\"https:\/\/allasorias.hu\/hirek\/visszaterhetnek-a-munka-vilagaba-a-kozfoglalkoztatottak\/\" \/>\n\t\t<meta property=\"og:image\" content=\"https:\/\/allasorias.hu\/hirek\/wp-content\/uploads\/2018\/10\/palyakezdo.jpg\" \/>\n\t\t<meta property=\"og:image:secure_url\" content=\"https:\/\/allasorias.hu\/hirek\/wp-content\/uploads\/2018\/10\/palyakezdo.jpg\" \/>\n\t\t<meta property=\"og:image:width\" content=\"600\" \/>\n\t\t<meta property=\"og:image:height\" content=\"371\" \/>\n\t\t<meta property=\"article:published_time\" content=\"2019-09-16T06:56:35+00:00\" \/>\n\t\t<meta property=\"article:modified_time\" content=\"2019-09-16T06:56:35+00:00\" \/>\n\t\t<meta property=\"article:publisher\" content=\"https:\/\/www.facebook.com\/allasorias\" \/>\n\t\t<meta name=\"twitter:card\" content=\"summary_large_image\" \/>\n\t\t<meta name=\"twitter:title\" content=\"Visszat\u00e9rhetnek a munka vil\u00e1g\u00e1ba a k\u00f6zfoglalkoztatottak | AllasOrias.hu | H\u00edrek-lapszemle\" \/>\n\t\t<meta name=\"twitter:description\" content=\"T\u00edz megy\u00e9ben zajlik a k\u00f6zfoglalkoztatottak munkaer\u0151piacra visszat\u00e9r\u00e9s\u00e9t seg\u00edt\u0151 program, amely eredm\u00e9nyesnek mutatkozik, Szabolcs-Szatm\u00e1r-Bereg megy\u00e9ben p\u00e9ld\u00e1ul t\u00f6bb mint t\u00edzezer ember munk\u00e1hoz jut\u00e1s\u00e1t t\u00e1mogatta \u2013 hangzott el a projekt munk\u00e1ltat\u00f3i f\u00f3rum\u00e1n p\u00e9nteken Ny\u00edregyh\u00e1z\u00e1n. Az OFA Orsz\u00e1gos Foglalkoztat\u00e1si K\u00f6zhaszn\u00fa Nonprofit Kft. \u00e1ltal elind\u00edtott programr\u00f3l sz\u00f3lva Bod\u00f3 S\u00e1ndor, a P\u00e9nz\u00fcgyminiszt\u00e9rium foglalkoztat\u00e1spolitik\u00e1\u00e9rt \u00e9s v\u00e1llalati kapcsolatok\u00e9rt felel\u0151s \u00e1llamtitk\u00e1ra elmondta, a jelenleg\" \/>\n\t\t<meta name=\"twitter:image\" content=\"https:\/\/allasorias.hu\/hirek\/wp-content\/uploads\/2018\/10\/palyakezdo.jpg\" \/>\n\t\t<meta name=\"twitter:label1\" content=\"Written by\" \/>\n\t\t<meta name=\"twitter:data1\" content=\"Juh\u00e1sz P\u00e9ter\" \/>\n\t\t<meta name=\"twitter:label2\" content=\"Est. reading time\" \/>\n\t\t<meta name=\"twitter:data2\" content=\"1 minute\" \/>\n\t\t<script type=\"application\/ld+json\" class=\"aioseo-schema\">\n\t\t\t{\"@context\":\"https:\\\/\\\/schema.org\",\"@graph\":[{\"@type\":\"Article\",\"@id\":\"https:\\\/\\\/allasorias.hu\\\/hirek\\\/visszaterhetnek-a-munka-vilagaba-a-kozfoglalkoztatottak\\\/#article\",\"name\":\"Visszat\\u00e9rhetnek a munka vil\\u00e1g\\u00e1ba a k\\u00f6zfoglalkoztatottak | AllasOrias.hu | H\\u00edrek-lapszemle\",\"headline\":\"Visszat\\u00e9rhetnek a munka vil\\u00e1g\\u00e1ba a k\\u00f6zfoglalkoztatottak\",\"author\":{\"@id\":\"https:\\\/\\\/allasorias.hu\\\/hirek\\\/author\\\/admin-allasorias\\\/#author\"},\"publisher\":{\"@id\":\"https:\\\/\\\/allasorias.hu\\\/hirek\\\/#organization\"},\"image\":{\"@type\":\"ImageObject\",\"url\":\"https:\\\/\\\/allasorias.hu\\\/hirek\\\/wp-content\\\/uploads\\\/2018\\\/10\\\/palyakezdo.jpg\",\"width\":600,\"height\":371},\"datePublished\":\"2019-09-16T06:56:35+02:00\",\"dateModified\":\"2019-09-16T06:56:35+02:00\",\"inLanguage\":\"hu-HU\",\"mainEntityOfPage\":{\"@id\":\"https:\\\/\\\/allasorias.hu\\\/hirek\\\/visszaterhetnek-a-munka-vilagaba-a-kozfoglalkoztatottak\\\/#webpage\"},\"isPartOf\":{\"@id\":\"https:\\\/\\\/allasorias.hu\\\/hirek\\\/visszaterhetnek-a-munka-vilagaba-a-kozfoglalkoztatottak\\\/#webpage\"},\"articleSection\":\"Munkaer\\u0151piac\"},{\"@type\":\"BreadcrumbList\",\"@id\":\"https:\\\/\\\/allasorias.hu\\\/hirek\\\/visszaterhetnek-a-munka-vilagaba-a-kozfoglalkoztatottak\\\/#breadcrumblist\",\"itemListElement\":[{\"@type\":\"ListItem\",\"@id\":\"https:\\\/\\\/allasorias.hu\\\/hirek#listItem\",\"position\":1,\"name\":\"Home\",\"item\":\"https:\\\/\\\/allasorias.hu\\\/hirek\",\"nextItem\":{\"@type\":\"ListItem\",\"@id\":\"https:\\\/\\\/allasorias.hu\\\/hirek\\\/temak\\\/munkaeropiac\\\/#listItem\",\"name\":\"Munkaer\\u0151piac\"}},{\"@type\":\"ListItem\",\"@id\":\"https:\\\/\\\/allasorias.hu\\\/hirek\\\/temak\\\/munkaeropiac\\\/#listItem\",\"position\":2,\"name\":\"Munkaer\\u0151piac\",\"item\":\"https:\\\/\\\/allasorias.hu\\\/hirek\\\/temak\\\/munkaeropiac\\\/\",\"nextItem\":{\"@type\":\"ListItem\",\"@id\":\"https:\\\/\\\/allasorias.hu\\\/hirek\\\/visszaterhetnek-a-munka-vilagaba-a-kozfoglalkoztatottak\\\/#listItem\",\"name\":\"Visszat\\u00e9rhetnek a munka vil\\u00e1g\\u00e1ba a k\\u00f6zfoglalkoztatottak\"},\"previousItem\":{\"@type\":\"ListItem\",\"@id\":\"https:\\\/\\\/allasorias.hu\\\/hirek#listItem\",\"name\":\"Home\"}},{\"@type\":\"ListItem\",\"@id\":\"https:\\\/\\\/allasorias.hu\\\/hirek\\\/visszaterhetnek-a-munka-vilagaba-a-kozfoglalkoztatottak\\\/#listItem\",\"position\":3,\"name\":\"Visszat\\u00e9rhetnek a munka vil\\u00e1g\\u00e1ba a k\\u00f6zfoglalkoztatottak\",\"previousItem\":{\"@type\":\"ListItem\",\"@id\":\"https:\\\/\\\/allasorias.hu\\\/hirek\\\/temak\\\/munkaeropiac\\\/#listItem\",\"name\":\"Munkaer\\u0151piac\"}}]},{\"@type\":\"Organization\",\"@id\":\"https:\\\/\\\/allasorias.hu\\\/hirek\\\/#organization\",\"name\":\"AllasOrias.hu | H\\u00edrek-lapszemle\",\"description\":\"\\u00dczleti h\\u00edrek az \\u00e1ll\\u00e1s \\u00e9s a munka vil\\u00e1g\\u00e1b\\u00f3l\",\"url\":\"https:\\\/\\\/allasorias.hu\\\/hirek\\\/\",\"logo\":{\"@type\":\"ImageObject\",\"url\":\"https:\\\/\\\/allasorias.hu\\\/hirek\\\/wp-content\\\/uploads\\\/2022\\\/10\\\/allasorias_site_facebok_logo.png\",\"@id\":\"https:\\\/\\\/allasorias.hu\\\/hirek\\\/visszaterhetnek-a-munka-vilagaba-a-kozfoglalkoztatottak\\\/#organizationLogo\"},\"image\":{\"@id\":\"https:\\\/\\\/allasorias.hu\\\/hirek\\\/visszaterhetnek-a-munka-vilagaba-a-kozfoglalkoztatottak\\\/#organizationLogo\"},\"sameAs\":[\"https:\\\/\\\/www.facebook.com\\\/allasorias\",\"https:\\\/\\\/www.linkedin.com\\\/company\\\/allasorias\"]},{\"@type\":\"Person\",\"@id\":\"https:\\\/\\\/allasorias.hu\\\/hirek\\\/author\\\/admin-allasorias\\\/#author\",\"url\":\"https:\\\/\\\/allasorias.hu\\\/hirek\\\/author\\\/admin-allasorias\\\/\",\"name\":\"Juh\\u00e1sz P\\u00e9ter\",\"image\":{\"@type\":\"ImageObject\",\"@id\":\"https:\\\/\\\/allasorias.hu\\\/hirek\\\/visszaterhetnek-a-munka-vilagaba-a-kozfoglalkoztatottak\\\/#authorImage\",\"url\":\"https:\\\/\\\/secure.gravatar.com\\\/avatar\\\/36e6bcb83148978b992977cb0f54d22feb0cce8a0a849a9410532bb2623ba4c6?s=96&d=mm&r=g\",\"width\":96,\"height\":96,\"caption\":\"Juh\\u00e1sz P\\u00e9ter\"}},{\"@type\":\"WebPage\",\"@id\":\"https:\\\/\\\/allasorias.hu\\\/hirek\\\/visszaterhetnek-a-munka-vilagaba-a-kozfoglalkoztatottak\\\/#webpage\",\"url\":\"https:\\\/\\\/allasorias.hu\\\/hirek\\\/visszaterhetnek-a-munka-vilagaba-a-kozfoglalkoztatottak\\\/\",\"name\":\"Visszat\\u00e9rhetnek a munka vil\\u00e1g\\u00e1ba a k\\u00f6zfoglalkoztatottak | AllasOrias.hu | H\\u00edrek-lapszemle\",\"description\":\"T\\u00edz megy\\u00e9ben zajlik a k\\u00f6zfoglalkoztatottak munkaer\\u0151piacra visszat\\u00e9r\\u00e9s\\u00e9t seg\\u00edt\\u0151 program, amely eredm\\u00e9nyesnek mutatkozik, Szabolcs-Szatm\\u00e1r-Bereg megy\\u00e9ben p\\u00e9ld\\u00e1ul t\\u00f6bb mint t\\u00edzezer ember munk\\u00e1hoz jut\\u00e1s\\u00e1t t\\u00e1mogatta \\u2013 hangzott el a projekt munk\\u00e1ltat\\u00f3i f\\u00f3rum\\u00e1n p\\u00e9nteken Ny\\u00edregyh\\u00e1z\\u00e1n. Az OFA Orsz\\u00e1gos Foglalkoztat\\u00e1si K\\u00f6zhaszn\\u00fa Nonprofit Kft. \\u00e1ltal elind\\u00edtott programr\\u00f3l sz\\u00f3lva Bod\\u00f3 S\\u00e1ndor, a P\\u00e9nz\\u00fcgyminiszt\\u00e9rium foglalkoztat\\u00e1spolitik\\u00e1\\u00e9rt \\u00e9s v\\u00e1llalati kapcsolatok\\u00e9rt felel\\u0151s \\u00e1llamtitk\\u00e1ra elmondta, a jelenleg\",\"inLanguage\":\"hu-HU\",\"isPartOf\":{\"@id\":\"https:\\\/\\\/allasorias.hu\\\/hirek\\\/#website\"},\"breadcrumb\":{\"@id\":\"https:\\\/\\\/allasorias.hu\\\/hirek\\\/visszaterhetnek-a-munka-vilagaba-a-kozfoglalkoztatottak\\\/#breadcrumblist\"},\"author\":{\"@id\":\"https:\\\/\\\/allasorias.hu\\\/hirek\\\/author\\\/admin-allasorias\\\/#author\"},\"creator\":{\"@id\":\"https:\\\/\\\/allasorias.hu\\\/hirek\\\/author\\\/admin-allasorias\\\/#author\"},\"image\":{\"@type\":\"ImageObject\",\"url\":\"https:\\\/\\\/allasorias.hu\\\/hirek\\\/wp-content\\\/uploads\\\/2018\\\/10\\\/palyakezdo.jpg\",\"@id\":\"https:\\\/\\\/allasorias.hu\\\/hirek\\\/visszaterhetnek-a-munka-vilagaba-a-kozfoglalkoztatottak\\\/#mainImage\",\"width\":600,\"height\":371},\"primaryImageOfPage\":{\"@id\":\"https:\\\/\\\/allasorias.hu\\\/hirek\\\/visszaterhetnek-a-munka-vilagaba-a-kozfoglalkoztatottak\\\/#mainImage\"},\"datePublished\":\"2019-09-16T06:56:35+02:00\",\"dateModified\":\"2019-09-16T06:56:35+02:00\"},{\"@type\":\"WebSite\",\"@id\":\"https:\\\/\\\/allasorias.hu\\\/hirek\\\/#website\",\"url\":\"https:\\\/\\\/allasorias.hu\\\/hirek\\\/\",\"name\":\"AllasOrias.hu | H\\u00edrek-lapszemle\",\"description\":\"\\u00dczleti h\\u00edrek az \\u00e1ll\\u00e1s \\u00e9s a munka vil\\u00e1g\\u00e1b\\u00f3l\",\"inLanguage\":\"hu-HU\",\"publisher\":{\"@id\":\"https:\\\/\\\/allasorias.hu\\\/hirek\\\/#organization\"}}]}\n\t\t<\/script>\n\t\t<!-- All in One SEO -->\n\n","aioseo_head_json":{"title":"Visszat\u00e9rhetnek a munka vil\u00e1g\u00e1ba a k\u00f6zfoglalkoztatottak | AllasOrias.hu | H\u00edrek-lapszemle","description":"T\u00edz megy\u00e9ben zajlik a k\u00f6zfoglalkoztatottak munkaer\u0151piacra visszat\u00e9r\u00e9s\u00e9t seg\u00edt\u0151 program, amely eredm\u00e9nyesnek mutatkozik, Szabolcs-Szatm\u00e1r-Bereg megy\u00e9ben p\u00e9ld\u00e1ul t\u00f6bb mint t\u00edzezer ember munk\u00e1hoz jut\u00e1s\u00e1t t\u00e1mogatta \u2013 hangzott el a projekt munk\u00e1ltat\u00f3i f\u00f3rum\u00e1n p\u00e9nteken Ny\u00edregyh\u00e1z\u00e1n. Az OFA Orsz\u00e1gos Foglalkoztat\u00e1si K\u00f6zhaszn\u00fa Nonprofit Kft. \u00e1ltal elind\u00edtott programr\u00f3l sz\u00f3lva Bod\u00f3 S\u00e1ndor, a P\u00e9nz\u00fcgyminiszt\u00e9rium foglalkoztat\u00e1spolitik\u00e1\u00e9rt \u00e9s v\u00e1llalati kapcsolatok\u00e9rt felel\u0151s \u00e1llamtitk\u00e1ra elmondta, a jelenleg","canonical_url":"https:\/\/allasorias.hu\/hirek\/visszaterhetnek-a-munka-vilagaba-a-kozfoglalkoztatottak\/","robots":"max-image-preview:large","keywords":"","webmasterTools":{"miscellaneous":""},"schema":{"@context":"https:\/\/schema.org","@graph":[{"@type":"Article","@id":"https:\/\/allasorias.hu\/hirek\/visszaterhetnek-a-munka-vilagaba-a-kozfoglalkoztatottak\/#article","name":"Visszat\u00e9rhetnek a munka vil\u00e1g\u00e1ba a k\u00f6zfoglalkoztatottak | AllasOrias.hu | H\u00edrek-lapszemle","headline":"Visszat\u00e9rhetnek a munka vil\u00e1g\u00e1ba a k\u00f6zfoglalkoztatottak","author":{"@id":"https:\/\/allasorias.hu\/hirek\/author\/admin-allasorias\/#author"},"publisher":{"@id":"https:\/\/allasorias.hu\/hirek\/#organization"},"image":{"@type":"ImageObject","url":"https:\/\/allasorias.hu\/hirek\/wp-content\/uploads\/2018\/10\/palyakezdo.jpg","width":600,"height":371},"datePublished":"2019-09-16T06:56:35+02:00","dateModified":"2019-09-16T06:56:35+02:00","inLanguage":"hu-HU","mainEntityOfPage":{"@id":"https:\/\/allasorias.hu\/hirek\/visszaterhetnek-a-munka-vilagaba-a-kozfoglalkoztatottak\/#webpage"},"isPartOf":{"@id":"https:\/\/allasorias.hu\/hirek\/visszaterhetnek-a-munka-vilagaba-a-kozfoglalkoztatottak\/#webpage"},"articleSection":"Munkaer\u0151piac"},{"@type":"BreadcrumbList","@id":"https:\/\/allasorias.hu\/hirek\/visszaterhetnek-a-munka-vilagaba-a-kozfoglalkoztatottak\/#breadcrumblist","itemListElement":[{"@type":"ListItem","@id":"https:\/\/allasorias.hu\/hirek#listItem","position":1,"name":"Home","item":"https:\/\/allasorias.hu\/hirek","nextItem":{"@type":"ListItem","@id":"https:\/\/allasorias.hu\/hirek\/temak\/munkaeropiac\/#listItem","name":"Munkaer\u0151piac"}},{"@type":"ListItem","@id":"https:\/\/allasorias.hu\/hirek\/temak\/munkaeropiac\/#listItem","position":2,"name":"Munkaer\u0151piac","item":"https:\/\/allasorias.hu\/hirek\/temak\/munkaeropiac\/","nextItem":{"@type":"ListItem","@id":"https:\/\/allasorias.hu\/hirek\/visszaterhetnek-a-munka-vilagaba-a-kozfoglalkoztatottak\/#listItem","name":"Visszat\u00e9rhetnek a munka vil\u00e1g\u00e1ba a k\u00f6zfoglalkoztatottak"},"previousItem":{"@type":"ListItem","@id":"https:\/\/allasorias.hu\/hirek#listItem","name":"Home"}},{"@type":"ListItem","@id":"https:\/\/allasorias.hu\/hirek\/visszaterhetnek-a-munka-vilagaba-a-kozfoglalkoztatottak\/#listItem","position":3,"name":"Visszat\u00e9rhetnek a munka vil\u00e1g\u00e1ba a k\u00f6zfoglalkoztatottak","previousItem":{"@type":"ListItem","@id":"https:\/\/allasorias.hu\/hirek\/temak\/munkaeropiac\/#listItem","name":"Munkaer\u0151piac"}}]},{"@type":"Organization","@id":"https:\/\/allasorias.hu\/hirek\/#organization","name":"AllasOrias.hu | H\u00edrek-lapszemle","description":"\u00dczleti h\u00edrek az \u00e1ll\u00e1s \u00e9s a munka vil\u00e1g\u00e1b\u00f3l","url":"https:\/\/allasorias.hu\/hirek\/","logo":{"@type":"ImageObject","url":"https:\/\/allasorias.hu\/hirek\/wp-content\/uploads\/2022\/10\/allasorias_site_facebok_logo.png","@id":"https:\/\/allasorias.hu\/hirek\/visszaterhetnek-a-munka-vilagaba-a-kozfoglalkoztatottak\/#organizationLogo"},"image":{"@id":"https:\/\/allasorias.hu\/hirek\/visszaterhetnek-a-munka-vilagaba-a-kozfoglalkoztatottak\/#organizationLogo"},"sameAs":["https:\/\/www.facebook.com\/allasorias","https:\/\/www.linkedin.com\/company\/allasorias"]},{"@type":"Person","@id":"https:\/\/allasorias.hu\/hirek\/author\/admin-allasorias\/#author","url":"https:\/\/allasorias.hu\/hirek\/author\/admin-allasorias\/","name":"Juh\u00e1sz P\u00e9ter","image":{"@type":"ImageObject","@id":"https:\/\/allasorias.hu\/hirek\/visszaterhetnek-a-munka-vilagaba-a-kozfoglalkoztatottak\/#authorImage","url":"https:\/\/secure.gravatar.com\/avatar\/36e6bcb83148978b992977cb0f54d22feb0cce8a0a849a9410532bb2623ba4c6?s=96&d=mm&r=g","width":96,"height":96,"caption":"Juh\u00e1sz P\u00e9ter"}},{"@type":"WebPage","@id":"https:\/\/allasorias.hu\/hirek\/visszaterhetnek-a-munka-vilagaba-a-kozfoglalkoztatottak\/#webpage","url":"https:\/\/allasorias.hu\/hirek\/visszaterhetnek-a-munka-vilagaba-a-kozfoglalkoztatottak\/","name":"Visszat\u00e9rhetnek a munka vil\u00e1g\u00e1ba a k\u00f6zfoglalkoztatottak | AllasOrias.hu | H\u00edrek-lapszemle","description":"T\u00edz megy\u00e9ben zajlik a k\u00f6zfoglalkoztatottak munkaer\u0151piacra visszat\u00e9r\u00e9s\u00e9t seg\u00edt\u0151 program, amely eredm\u00e9nyesnek mutatkozik, Szabolcs-Szatm\u00e1r-Bereg megy\u00e9ben p\u00e9ld\u00e1ul t\u00f6bb mint t\u00edzezer ember munk\u00e1hoz jut\u00e1s\u00e1t t\u00e1mogatta \u2013 hangzott el a projekt munk\u00e1ltat\u00f3i f\u00f3rum\u00e1n p\u00e9nteken Ny\u00edregyh\u00e1z\u00e1n. Az OFA Orsz\u00e1gos Foglalkoztat\u00e1si K\u00f6zhaszn\u00fa Nonprofit Kft. \u00e1ltal elind\u00edtott programr\u00f3l sz\u00f3lva Bod\u00f3 S\u00e1ndor, a P\u00e9nz\u00fcgyminiszt\u00e9rium foglalkoztat\u00e1spolitik\u00e1\u00e9rt \u00e9s v\u00e1llalati kapcsolatok\u00e9rt felel\u0151s \u00e1llamtitk\u00e1ra elmondta, a jelenleg","inLanguage":"hu-HU","isPartOf":{"@id":"https:\/\/allasorias.hu\/hirek\/#website"},"breadcrumb":{"@id":"https:\/\/allasorias.hu\/hirek\/visszaterhetnek-a-munka-vilagaba-a-kozfoglalkoztatottak\/#breadcrumblist"},"author":{"@id":"https:\/\/allasorias.hu\/hirek\/author\/admin-allasorias\/#author"},"creator":{"@id":"https:\/\/allasorias.hu\/hirek\/author\/admin-allasorias\/#author"},"image":{"@type":"ImageObject","url":"https:\/\/allasorias.hu\/hirek\/wp-content\/uploads\/2018\/10\/palyakezdo.jpg","@id":"https:\/\/allasorias.hu\/hirek\/visszaterhetnek-a-munka-vilagaba-a-kozfoglalkoztatottak\/#mainImage","width":600,"height":371},"primaryImageOfPage":{"@id":"https:\/\/allasorias.hu\/hirek\/visszaterhetnek-a-munka-vilagaba-a-kozfoglalkoztatottak\/#mainImage"},"datePublished":"2019-09-16T06:56:35+02:00","dateModified":"2019-09-16T06:56:35+02:00"},{"@type":"WebSite","@id":"https:\/\/allasorias.hu\/hirek\/#website","url":"https:\/\/allasorias.hu\/hirek\/","name":"AllasOrias.hu | H\u00edrek-lapszemle","description":"\u00dczleti h\u00edrek az \u00e1ll\u00e1s \u00e9s a munka vil\u00e1g\u00e1b\u00f3l","inLanguage":"hu-HU","publisher":{"@id":"https:\/\/allasorias.hu\/hirek\/#organization"}}]},"og:locale":"hu_HU","og:site_name":"AllasOrias.hu | H\u00edrek-lapszemle | \u00dczleti h\u00edrek az \u00e1ll\u00e1s \u00e9s a munka vil\u00e1g\u00e1b\u00f3l","og:type":"article","og:title":"Visszat\u00e9rhetnek a munka vil\u00e1g\u00e1ba a k\u00f6zfoglalkoztatottak | AllasOrias.hu | H\u00edrek-lapszemle","og:description":"T\u00edz megy\u00e9ben zajlik a k\u00f6zfoglalkoztatottak munkaer\u0151piacra visszat\u00e9r\u00e9s\u00e9t seg\u00edt\u0151 program, amely eredm\u00e9nyesnek mutatkozik, Szabolcs-Szatm\u00e1r-Bereg megy\u00e9ben p\u00e9ld\u00e1ul t\u00f6bb mint t\u00edzezer ember munk\u00e1hoz jut\u00e1s\u00e1t t\u00e1mogatta \u2013 hangzott el a projekt munk\u00e1ltat\u00f3i f\u00f3rum\u00e1n p\u00e9nteken Ny\u00edregyh\u00e1z\u00e1n. Az OFA Orsz\u00e1gos Foglalkoztat\u00e1si K\u00f6zhaszn\u00fa Nonprofit Kft. \u00e1ltal elind\u00edtott programr\u00f3l sz\u00f3lva Bod\u00f3 S\u00e1ndor, a P\u00e9nz\u00fcgyminiszt\u00e9rium foglalkoztat\u00e1spolitik\u00e1\u00e9rt \u00e9s v\u00e1llalati kapcsolatok\u00e9rt felel\u0151s \u00e1llamtitk\u00e1ra elmondta, a jelenleg","og:url":"https:\/\/allasorias.hu\/hirek\/visszaterhetnek-a-munka-vilagaba-a-kozfoglalkoztatottak\/","og:image":"https:\/\/allasorias.hu\/hirek\/wp-content\/uploads\/2018\/10\/palyakezdo.jpg","og:image:secure_url":"https:\/\/allasorias.hu\/hirek\/wp-content\/uploads\/2018\/10\/palyakezdo.jpg","og:image:width":600,"og:image:height":371,"article:published_time":"2019-09-16T06:56:35+00:00","article:modified_time":"2019-09-16T06:56:35+00:00","article:publisher":"https:\/\/www.facebook.com\/allasorias","twitter:card":"summary_large_image","twitter:title":"Visszat\u00e9rhetnek a munka vil\u00e1g\u00e1ba a k\u00f6zfoglalkoztatottak | AllasOrias.hu | H\u00edrek-lapszemle","twitter:description":"T\u00edz megy\u00e9ben zajlik a k\u00f6zfoglalkoztatottak munkaer\u0151piacra visszat\u00e9r\u00e9s\u00e9t seg\u00edt\u0151 program, amely eredm\u00e9nyesnek mutatkozik, Szabolcs-Szatm\u00e1r-Bereg megy\u00e9ben p\u00e9ld\u00e1ul t\u00f6bb mint t\u00edzezer ember munk\u00e1hoz jut\u00e1s\u00e1t t\u00e1mogatta \u2013 hangzott el a projekt munk\u00e1ltat\u00f3i f\u00f3rum\u00e1n p\u00e9nteken Ny\u00edregyh\u00e1z\u00e1n. Az OFA Orsz\u00e1gos Foglalkoztat\u00e1si K\u00f6zhaszn\u00fa Nonprofit Kft. \u00e1ltal elind\u00edtott programr\u00f3l sz\u00f3lva Bod\u00f3 S\u00e1ndor, a P\u00e9nz\u00fcgyminiszt\u00e9rium foglalkoztat\u00e1spolitik\u00e1\u00e9rt \u00e9s v\u00e1llalati kapcsolatok\u00e9rt felel\u0151s \u00e1llamtitk\u00e1ra elmondta, a jelenleg","twitter:image":"https:\/\/allasorias.hu\/hirek\/wp-content\/uploads\/2018\/10\/palyakezdo.jpg","twitter:label1":"Written by","twitter:data1":"Juh\u00e1sz P\u00e9ter","twitter:label2":"Est. reading time","twitter:data2":"1 minute"},"aioseo_meta_data":{"post_id":"3290","title":null,"description":null,"keywords":null,"keyphrases":null,"primary_term":null,"canonical_url":null,"og_title":null,"og_description":null,"og_object_type":"default","og_image_type":"default","og_image_url":null,"og_image_width":null,"og_image_height":null,"og_image_custom_url":null,"og_image_custom_fields":null,"og_video":null,"og_custom_url":null,"og_article_section":null,"og_article_tags":null,"twitter_use_og":false,"twitter_card":"default","twitter_image_type":"default","twitter_image_url":null,"twitter_image_custom_url":null,"twitter_image_custom_fields":null,"twitter_title":null,"twitter_description":null,"schema":{"blockGraphs":[],"customGraphs":[],"default":{"data":{"Article":[],"Course":[],"Dataset":[],"FAQPage":[],"Movie":[],"Person":[],"Product":[],"ProductReview":[],"Car":[],"Recipe":[],"Service":[],"SoftwareApplication":[],"WebPage":[]},"graphName":"","isEnabled":true},"graphs":[],"defaultGraph":"","defaultPostTypeGraph":""},"schema_type":null,"schema_type_options":null,"pillar_content":false,"robots_default":true,"robots_noindex":false,"robots_noarchive":false,"robots_nosnippet":false,"robots_nofollow":false,"robots_noimageindex":false,"robots_noodp":false,"robots_notranslate":false,"robots_max_snippet":null,"robots_max_videopreview":null,"robots_max_imagepreview":"large","priority":null,"frequency":null,"location":null,"local_seo":null,"breadcrumb_settings":null,"limit_modified_date":false,"ai":null,"created":"2021-02-01 22:54:08","updated":"2025-10-02 11:46:35","seo_analyzer_scan_date":null,"focus_keyword":null,"additional_keywords":null,"truseo_locale":null},"aioseo_breadcrumb":"<div class=\"aioseo-breadcrumbs\"><span class=\"aioseo-breadcrumb\">\n\t\t\t<a href=\"https:\/\/allasorias.hu\/hirek\" title=\"Home\">Home<\/a>\n\t\t<\/span><span class=\"aioseo-breadcrumb-separator\">&raquo;<\/span><span class=\"aioseo-breadcrumb\">\n\t\t\t<a href=\"https:\/\/allasorias.hu\/hirek\/temak\/munkaeropiac\/\" title=\"Munkaer\u0151piac\">Munkaer\u0151piac<\/a>\n\t\t<\/span><span class=\"aioseo-breadcrumb-separator\">&raquo;<\/span><span class=\"aioseo-breadcrumb\">\n\t\t\tVisszat\u00e9rhetnek a munka vil\u00e1g\u00e1ba a k\u00f6zfoglalkoztatottak\n\t\t<\/span><\/div>","aioseo_breadcrumb_json":[{"label":"Home","link":"https:\/\/allasorias.hu\/hirek"},{"label":"Munkaer\u0151piac","link":"https:\/\/allasorias.hu\/hirek\/temak\/munkaeropiac\/"},{"label":"Visszat\u00e9rhetnek a munka vil\u00e1g\u00e1ba a k\u00f6zfoglalkoztatottak","link":"https:\/\/allasorias.hu\/hirek\/visszaterhetnek-a-munka-vilagaba-a-kozfoglalkoztatottak\/"}],"_links":{"self":[{"href":"https:\/\/allasorias.hu\/hirek\/wp-json\/wp\/v2\/posts\/3290","targetHints":{"allow":["GET"]}}],"collection":[{"href":"https:\/\/allasorias.hu\/hirek\/wp-json\/wp\/v2\/posts"}],"about":[{"href":"https:\/\/allasorias.hu\/hirek\/wp-json\/wp\/v2\/types\/post"}],"author":[{"embeddable":true,"href":"https:\/\/allasorias.hu\/hirek\/wp-json\/wp\/v2\/users\/1"}],"replies":[{"embeddable":true,"href":"https:\/\/allasorias.hu\/hirek\/wp-json\/wp\/v2\/comments?post=3290"}],"version-history":[{"count":1,"href":"https:\/\/allasorias.hu\/hirek\/wp-json\/wp\/v2\/posts\/3290\/revisions"}],"predecessor-version":[{"id":3291,"href":"https:\/\/allasorias.hu\/hirek\/wp-json\/wp\/v2\/posts\/3290\/revisions\/3291"}],"wp:featuredmedia":[{"embeddable":true,"href":"https:\/\/allasorias.hu\/hirek\/wp-json\/wp\/v2\/media\/2016"}],"wp:attachment":[{"href":"https:\/\/allasorias.hu\/hirek\/wp-json\/wp\/v2\/media?parent=3290"}],"wp:term":[{"taxonomy":"category","embeddable":true,"href":"https:\/\/allasorias.hu\/hirek\/wp-json\/wp\/v2\/categories?post=3290"},{"taxonomy":"post_tag","embeddable":true,"href":"https:\/\/allasorias.hu\/hirek\/wp-json\/wp\/v2\/tags?post=3290"}],"curies":[{"name":"wp","href":"https:\/\/api.w.org\/{rel}","templated":true}]}}