{"id":3285,"date":"2019-09-13T09:24:19","date_gmt":"2019-09-13T09:24:19","guid":{"rendered":"https:\/\/allasorias.hu\/hirek\/?p=3285"},"modified":"2019-09-13T09:24:19","modified_gmt":"2019-09-13T09:24:19","slug":"segitik-a-megvaltozott-munkakepessegu-kepessegueket-a-munkaeropiacon","status":"publish","type":"post","link":"https:\/\/allasorias.hu\/hirek\/segitik-a-megvaltozott-munkakepessegu-kepessegueket-a-munkaeropiacon\/","title":{"rendered":"Seg\u00edtik a megv\u00e1ltozott munkak\u00e9pess\u00e9g\u0171 k\u00e9pess\u00e9g\u0171eket a munkaer\u0151piacon"},"content":{"rendered":"<p><strong>Tartal\u00e9kot jelentenek a megv\u00e1ltozott munkak\u00e9pess\u00e9g\u0171 emberek a munkaer\u0151piacon \u2013 jelentette ki F\u00fcl\u00f6p Attila, az Emberi Er\u0151forr\u00e1sok Miniszt\u00e9riuma szoci\u00e1lis \u00fcgyek\u00e9rt felel\u0151s \u00e1llamtitk\u00e1ra. A korm\u00e1ny azt szeretn\u00e9 el\u00e9rni, hogy min\u00e9l t\u00f6bb megv\u00e1ltozott munkak\u00e9pess\u00e9g\u0171 ember vegyen r\u00e9szt a foglalkoztat\u00e1sban, ez\u00e9rt az idei 42 milli\u00e1rd forint ut\u00e1n j\u00f6v\u0151re 43,5 milli\u00e1rd forint \u00e1ll rendelkez\u00e9sre a k\u00f6lts\u00e9gvet\u00e9sben a fogyat\u00e9koss\u00e1ggal \u00e9l\u0151 embereket foglalkoztat\u00f3 akkredit\u00e1lt c\u00e9gek t\u00e1mogat\u00e1s\u00e1ra.<\/strong><\/p>\n<p>Az \u00e1llamtitk\u00e1r elmondta: az orsz\u00e1gban mintegy 300 c\u00e9gn\u00e9l nagyj\u00e1b\u00f3l 30 ezer ember dolgozik ilyen munkahelyeken. Emellett a piaci c\u00e9gek szoci\u00e1lis hozz\u00e1j\u00e1rul\u00e1si ad\u00f3kedvezm\u00e9nyben r\u00e9szes\u00fclnek, ha megv\u00e1ltozott munkak\u00e9pess\u00e9g\u0171eket alkalmaznak. Kiemelte: a Fidesz-KDNP korm\u00e1nyz\u00e1sa alatt az elm\u00falt \u00e9vekben k\u00e9t \u00e9s f\u00e9lszeres\u00e9re emelkedett azoknak a megv\u00e1ltozott munkak\u00e9pess\u00e9g\u0171 embereknek a sz\u00e1ma, akik r\u00e9szt vesznek a foglalkoztat\u00e1sban; 2010-ben csak 18 sz\u00e1zal\u00e9kuk dolgozott, jelenleg pedig m\u00e1r 42 sz\u00e1zal\u00e9kuknak van munk\u00e1ja. A \u00a0megv\u00e1ltozott munkak\u00e9pess\u00e9g\u0171 emberek a munkaer\u0151piac egyik tartal\u00e9k\u00e1t jelentik, \u00e9s gazdas\u00e1g strat\u00e9giailag is fontos, hogy min\u00e9l nagyobb sz\u00e1mban elhelyezkedjenek. F\u00fcl\u00f6p Attila a Man at Work Kft.-n\u00e9l tartott sajt\u00f3t\u00e1j\u00e9koztat\u00f3n azt is megfogalmazta, hogy a fogyat\u00e9koss\u00e1ggal \u00e9l\u0151k sz\u00e1m\u00e1ra az \u00f6n\u00e1ll\u00f3 \u00e9let el\u0151seg\u00edt\u00e9se a legfontosabb, ennek pedig felt\u00e9tele az \u00f6n\u00e1ll\u00f3 j\u00f6vedelem.<\/p>\n<p>Forr\u00e1s:hrportal.hu<\/p>\n","protected":false},"excerpt":{"rendered":"<p>Tartal\u00e9kot jelentenek a megv\u00e1ltozott munkak\u00e9pess\u00e9g\u0171 emberek a munkaer\u0151piacon \u2013 jelentette ki F\u00fcl\u00f6p Attila, az Emberi Er\u0151forr\u00e1sok Miniszt\u00e9riuma szoci\u00e1lis \u00fcgyek\u00e9rt felel\u0151s \u00e1llamtitk\u00e1ra. A korm\u00e1ny azt szeretn\u00e9 el\u00e9rni, hogy min\u00e9l t\u00f6bb megv\u00e1ltozott munkak\u00e9pess\u00e9g\u0171 ember vegyen r\u00e9szt a foglalkoztat\u00e1sban, ez\u00e9rt az idei 42 milli\u00e1rd forint ut\u00e1n j\u00f6v\u0151re 43,5 milli\u00e1rd forint \u00e1ll rendelkez\u00e9sre a k\u00f6lts\u00e9gvet\u00e9sben a fogyat\u00e9koss\u00e1ggal \u00e9l\u0151 embereket [&hellip;]<\/p>\n","protected":false},"author":1,"featured_media":2263,"comment_status":"open","ping_status":"open","sticky":false,"template":"","format":"standard","meta":{"_monsterinsights_skip_tracking":false,"footnotes":""},"categories":[200],"tags":[],"class_list":["post-3285","post","type-post","status-publish","format-standard","has-post-thumbnail","hentry","category-munkaeropiac"],"aioseo_notices":[],"aioseo_head":"\n\t\t<!-- All in One SEO 5.0.0.1 - aioseo.com -->\n\t<meta name=\"description\" content=\"Tartal\u00e9kot jelentenek a megv\u00e1ltozott munkak\u00e9pess\u00e9g\u0171 emberek a munkaer\u0151piacon \u2013 jelentette ki F\u00fcl\u00f6p Attila, az Emberi Er\u0151forr\u00e1sok Miniszt\u00e9riuma szoci\u00e1lis \u00fcgyek\u00e9rt felel\u0151s \u00e1llamtitk\u00e1ra. A korm\u00e1ny azt szeretn\u00e9 el\u00e9rni, hogy min\u00e9l t\u00f6bb megv\u00e1ltozott munkak\u00e9pess\u00e9g\u0171 ember vegyen r\u00e9szt a foglalkoztat\u00e1sban, ez\u00e9rt az idei 42 milli\u00e1rd forint ut\u00e1n j\u00f6v\u0151re 43,5 milli\u00e1rd forint \u00e1ll rendelkez\u00e9sre a k\u00f6lts\u00e9gvet\u00e9sben a fogyat\u00e9koss\u00e1ggal \u00e9l\u0151 embereket\" \/>\n\t<meta name=\"robots\" content=\"max-image-preview:large\" \/>\n\t<meta name=\"author\" content=\"Juh\u00e1sz P\u00e9ter\"\/>\n\t<link rel=\"canonical\" href=\"https:\/\/allasorias.hu\/hirek\/segitik-a-megvaltozott-munkakepessegu-kepessegueket-a-munkaeropiacon\/\" \/>\n\t<meta name=\"generator\" content=\"All in One SEO (AIOSEO) 5.0.0.1\" \/>\n\t\t<meta property=\"og:locale\" content=\"hu_HU\" \/>\n\t\t<meta property=\"og:site_name\" content=\"AllasOrias.hu | H\u00edrek-lapszemle | \u00dczleti h\u00edrek az \u00e1ll\u00e1s \u00e9s a munka vil\u00e1g\u00e1b\u00f3l\" \/>\n\t\t<meta property=\"og:type\" content=\"article\" \/>\n\t\t<meta property=\"og:title\" content=\"Seg\u00edtik a megv\u00e1ltozott munkak\u00e9pess\u00e9g\u0171 k\u00e9pess\u00e9g\u0171eket a munkaer\u0151piacon | AllasOrias.hu | H\u00edrek-lapszemle\" \/>\n\t\t<meta property=\"og:description\" content=\"Tartal\u00e9kot jelentenek a megv\u00e1ltozott munkak\u00e9pess\u00e9g\u0171 emberek a munkaer\u0151piacon \u2013 jelentette ki F\u00fcl\u00f6p Attila, az Emberi Er\u0151forr\u00e1sok Miniszt\u00e9riuma szoci\u00e1lis \u00fcgyek\u00e9rt felel\u0151s \u00e1llamtitk\u00e1ra. A korm\u00e1ny azt szeretn\u00e9 el\u00e9rni, hogy min\u00e9l t\u00f6bb megv\u00e1ltozott munkak\u00e9pess\u00e9g\u0171 ember vegyen r\u00e9szt a foglalkoztat\u00e1sban, ez\u00e9rt az idei 42 milli\u00e1rd forint ut\u00e1n j\u00f6v\u0151re 43,5 milli\u00e1rd forint \u00e1ll rendelkez\u00e9sre a k\u00f6lts\u00e9gvet\u00e9sben a fogyat\u00e9koss\u00e1ggal \u00e9l\u0151 embereket\" \/>\n\t\t<meta property=\"og:url\" content=\"https:\/\/allasorias.hu\/hirek\/segitik-a-megvaltozott-munkakepessegu-kepessegueket-a-munkaeropiacon\/\" \/>\n\t\t<meta property=\"og:image\" content=\"https:\/\/allasorias.hu\/hirek\/wp-content\/uploads\/2018\/12\/disabled-2199122_640.jpg\" \/>\n\t\t<meta property=\"og:image:secure_url\" content=\"https:\/\/allasorias.hu\/hirek\/wp-content\/uploads\/2018\/12\/disabled-2199122_640.jpg\" \/>\n\t\t<meta property=\"og:image:width\" content=\"640\" \/>\n\t\t<meta property=\"og:image:height\" content=\"425\" \/>\n\t\t<meta property=\"article:published_time\" content=\"2019-09-13T09:24:19+00:00\" \/>\n\t\t<meta property=\"article:modified_time\" content=\"2019-09-13T09:24:19+00:00\" \/>\n\t\t<meta property=\"article:publisher\" content=\"https:\/\/www.facebook.com\/allasorias\" \/>\n\t\t<meta name=\"twitter:card\" content=\"summary_large_image\" \/>\n\t\t<meta name=\"twitter:title\" content=\"Seg\u00edtik a megv\u00e1ltozott munkak\u00e9pess\u00e9g\u0171 k\u00e9pess\u00e9g\u0171eket a munkaer\u0151piacon | AllasOrias.hu | H\u00edrek-lapszemle\" \/>\n\t\t<meta name=\"twitter:description\" content=\"Tartal\u00e9kot jelentenek a megv\u00e1ltozott munkak\u00e9pess\u00e9g\u0171 emberek a munkaer\u0151piacon \u2013 jelentette ki F\u00fcl\u00f6p Attila, az Emberi Er\u0151forr\u00e1sok Miniszt\u00e9riuma szoci\u00e1lis \u00fcgyek\u00e9rt felel\u0151s \u00e1llamtitk\u00e1ra. A korm\u00e1ny azt szeretn\u00e9 el\u00e9rni, hogy min\u00e9l t\u00f6bb megv\u00e1ltozott munkak\u00e9pess\u00e9g\u0171 ember vegyen r\u00e9szt a foglalkoztat\u00e1sban, ez\u00e9rt az idei 42 milli\u00e1rd forint ut\u00e1n j\u00f6v\u0151re 43,5 milli\u00e1rd forint \u00e1ll rendelkez\u00e9sre a k\u00f6lts\u00e9gvet\u00e9sben a fogyat\u00e9koss\u00e1ggal \u00e9l\u0151 embereket\" \/>\n\t\t<meta name=\"twitter:image\" content=\"https:\/\/allasorias.hu\/hirek\/wp-content\/uploads\/2018\/12\/disabled-2199122_640.jpg\" \/>\n\t\t<meta name=\"twitter:label1\" content=\"Written by\" \/>\n\t\t<meta name=\"twitter:data1\" content=\"Juh\u00e1sz P\u00e9ter\" \/>\n\t\t<meta name=\"twitter:label2\" content=\"Est. reading time\" \/>\n\t\t<meta name=\"twitter:data2\" content=\"1 minute\" \/>\n\t\t<script type=\"application\/ld+json\" class=\"aioseo-schema\">\n\t\t\t{\"@context\":\"https:\\\/\\\/schema.org\",\"@graph\":[{\"@type\":\"Article\",\"@id\":\"https:\\\/\\\/allasorias.hu\\\/hirek\\\/segitik-a-megvaltozott-munkakepessegu-kepessegueket-a-munkaeropiacon\\\/#article\",\"name\":\"Seg\\u00edtik a megv\\u00e1ltozott munkak\\u00e9pess\\u00e9g\\u0171 k\\u00e9pess\\u00e9g\\u0171eket a munkaer\\u0151piacon | AllasOrias.hu | H\\u00edrek-lapszemle\",\"headline\":\"Seg\\u00edtik a megv\\u00e1ltozott munkak\\u00e9pess\\u00e9g\\u0171 k\\u00e9pess\\u00e9g\\u0171eket a munkaer\\u0151piacon\",\"author\":{\"@id\":\"https:\\\/\\\/allasorias.hu\\\/hirek\\\/author\\\/admin-allasorias\\\/#author\"},\"publisher\":{\"@id\":\"https:\\\/\\\/allasorias.hu\\\/hirek\\\/#organization\"},\"image\":{\"@type\":\"ImageObject\",\"url\":\"https:\\\/\\\/allasorias.hu\\\/hirek\\\/wp-content\\\/uploads\\\/2018\\\/12\\\/disabled-2199122_640.jpg\",\"width\":640,\"height\":425},\"datePublished\":\"2019-09-13T09:24:19+02:00\",\"dateModified\":\"2019-09-13T09:24:19+02:00\",\"inLanguage\":\"hu-HU\",\"mainEntityOfPage\":{\"@id\":\"https:\\\/\\\/allasorias.hu\\\/hirek\\\/segitik-a-megvaltozott-munkakepessegu-kepessegueket-a-munkaeropiacon\\\/#webpage\"},\"isPartOf\":{\"@id\":\"https:\\\/\\\/allasorias.hu\\\/hirek\\\/segitik-a-megvaltozott-munkakepessegu-kepessegueket-a-munkaeropiacon\\\/#webpage\"},\"articleSection\":\"Munkaer\\u0151piac\"},{\"@type\":\"BreadcrumbList\",\"@id\":\"https:\\\/\\\/allasorias.hu\\\/hirek\\\/segitik-a-megvaltozott-munkakepessegu-kepessegueket-a-munkaeropiacon\\\/#breadcrumblist\",\"itemListElement\":[{\"@type\":\"ListItem\",\"@id\":\"https:\\\/\\\/allasorias.hu\\\/hirek#listItem\",\"position\":1,\"name\":\"Home\",\"item\":\"https:\\\/\\\/allasorias.hu\\\/hirek\",\"nextItem\":{\"@type\":\"ListItem\",\"@id\":\"https:\\\/\\\/allasorias.hu\\\/hirek\\\/temak\\\/munkaeropiac\\\/#listItem\",\"name\":\"Munkaer\\u0151piac\"}},{\"@type\":\"ListItem\",\"@id\":\"https:\\\/\\\/allasorias.hu\\\/hirek\\\/temak\\\/munkaeropiac\\\/#listItem\",\"position\":2,\"name\":\"Munkaer\\u0151piac\",\"item\":\"https:\\\/\\\/allasorias.hu\\\/hirek\\\/temak\\\/munkaeropiac\\\/\",\"nextItem\":{\"@type\":\"ListItem\",\"@id\":\"https:\\\/\\\/allasorias.hu\\\/hirek\\\/segitik-a-megvaltozott-munkakepessegu-kepessegueket-a-munkaeropiacon\\\/#listItem\",\"name\":\"Seg\\u00edtik a megv\\u00e1ltozott munkak\\u00e9pess\\u00e9g\\u0171 k\\u00e9pess\\u00e9g\\u0171eket a munkaer\\u0151piacon\"},\"previousItem\":{\"@type\":\"ListItem\",\"@id\":\"https:\\\/\\\/allasorias.hu\\\/hirek#listItem\",\"name\":\"Home\"}},{\"@type\":\"ListItem\",\"@id\":\"https:\\\/\\\/allasorias.hu\\\/hirek\\\/segitik-a-megvaltozott-munkakepessegu-kepessegueket-a-munkaeropiacon\\\/#listItem\",\"position\":3,\"name\":\"Seg\\u00edtik a megv\\u00e1ltozott munkak\\u00e9pess\\u00e9g\\u0171 k\\u00e9pess\\u00e9g\\u0171eket a munkaer\\u0151piacon\",\"previousItem\":{\"@type\":\"ListItem\",\"@id\":\"https:\\\/\\\/allasorias.hu\\\/hirek\\\/temak\\\/munkaeropiac\\\/#listItem\",\"name\":\"Munkaer\\u0151piac\"}}]},{\"@type\":\"Organization\",\"@id\":\"https:\\\/\\\/allasorias.hu\\\/hirek\\\/#organization\",\"name\":\"AllasOrias.hu | H\\u00edrek-lapszemle\",\"description\":\"\\u00dczleti h\\u00edrek az \\u00e1ll\\u00e1s \\u00e9s a munka vil\\u00e1g\\u00e1b\\u00f3l\",\"url\":\"https:\\\/\\\/allasorias.hu\\\/hirek\\\/\",\"logo\":{\"@type\":\"ImageObject\",\"url\":\"https:\\\/\\\/allasorias.hu\\\/hirek\\\/wp-content\\\/uploads\\\/2022\\\/10\\\/allasorias_site_facebok_logo.png\",\"@id\":\"https:\\\/\\\/allasorias.hu\\\/hirek\\\/segitik-a-megvaltozott-munkakepessegu-kepessegueket-a-munkaeropiacon\\\/#organizationLogo\"},\"image\":{\"@id\":\"https:\\\/\\\/allasorias.hu\\\/hirek\\\/segitik-a-megvaltozott-munkakepessegu-kepessegueket-a-munkaeropiacon\\\/#organizationLogo\"},\"sameAs\":[\"https:\\\/\\\/www.facebook.com\\\/allasorias\",\"https:\\\/\\\/www.linkedin.com\\\/company\\\/allasorias\"]},{\"@type\":\"Person\",\"@id\":\"https:\\\/\\\/allasorias.hu\\\/hirek\\\/author\\\/admin-allasorias\\\/#author\",\"url\":\"https:\\\/\\\/allasorias.hu\\\/hirek\\\/author\\\/admin-allasorias\\\/\",\"name\":\"Juh\\u00e1sz P\\u00e9ter\",\"image\":{\"@type\":\"ImageObject\",\"@id\":\"https:\\\/\\\/allasorias.hu\\\/hirek\\\/segitik-a-megvaltozott-munkakepessegu-kepessegueket-a-munkaeropiacon\\\/#authorImage\",\"url\":\"https:\\\/\\\/secure.gravatar.com\\\/avatar\\\/36e6bcb83148978b992977cb0f54d22feb0cce8a0a849a9410532bb2623ba4c6?s=96&d=mm&r=g\",\"width\":96,\"height\":96,\"caption\":\"Juh\\u00e1sz P\\u00e9ter\"}},{\"@type\":\"WebPage\",\"@id\":\"https:\\\/\\\/allasorias.hu\\\/hirek\\\/segitik-a-megvaltozott-munkakepessegu-kepessegueket-a-munkaeropiacon\\\/#webpage\",\"url\":\"https:\\\/\\\/allasorias.hu\\\/hirek\\\/segitik-a-megvaltozott-munkakepessegu-kepessegueket-a-munkaeropiacon\\\/\",\"name\":\"Seg\\u00edtik a megv\\u00e1ltozott munkak\\u00e9pess\\u00e9g\\u0171 k\\u00e9pess\\u00e9g\\u0171eket a munkaer\\u0151piacon | AllasOrias.hu | H\\u00edrek-lapszemle\",\"description\":\"Tartal\\u00e9kot jelentenek a megv\\u00e1ltozott munkak\\u00e9pess\\u00e9g\\u0171 emberek a munkaer\\u0151piacon \\u2013 jelentette ki F\\u00fcl\\u00f6p Attila, az Emberi Er\\u0151forr\\u00e1sok Miniszt\\u00e9riuma szoci\\u00e1lis \\u00fcgyek\\u00e9rt felel\\u0151s \\u00e1llamtitk\\u00e1ra. A korm\\u00e1ny azt szeretn\\u00e9 el\\u00e9rni, hogy min\\u00e9l t\\u00f6bb megv\\u00e1ltozott munkak\\u00e9pess\\u00e9g\\u0171 ember vegyen r\\u00e9szt a foglalkoztat\\u00e1sban, ez\\u00e9rt az idei 42 milli\\u00e1rd forint ut\\u00e1n j\\u00f6v\\u0151re 43,5 milli\\u00e1rd forint \\u00e1ll rendelkez\\u00e9sre a k\\u00f6lts\\u00e9gvet\\u00e9sben a fogyat\\u00e9koss\\u00e1ggal \\u00e9l\\u0151 embereket\",\"inLanguage\":\"hu-HU\",\"isPartOf\":{\"@id\":\"https:\\\/\\\/allasorias.hu\\\/hirek\\\/#website\"},\"breadcrumb\":{\"@id\":\"https:\\\/\\\/allasorias.hu\\\/hirek\\\/segitik-a-megvaltozott-munkakepessegu-kepessegueket-a-munkaeropiacon\\\/#breadcrumblist\"},\"author\":{\"@id\":\"https:\\\/\\\/allasorias.hu\\\/hirek\\\/author\\\/admin-allasorias\\\/#author\"},\"creator\":{\"@id\":\"https:\\\/\\\/allasorias.hu\\\/hirek\\\/author\\\/admin-allasorias\\\/#author\"},\"image\":{\"@type\":\"ImageObject\",\"url\":\"https:\\\/\\\/allasorias.hu\\\/hirek\\\/wp-content\\\/uploads\\\/2018\\\/12\\\/disabled-2199122_640.jpg\",\"@id\":\"https:\\\/\\\/allasorias.hu\\\/hirek\\\/segitik-a-megvaltozott-munkakepessegu-kepessegueket-a-munkaeropiacon\\\/#mainImage\",\"width\":640,\"height\":425},\"primaryImageOfPage\":{\"@id\":\"https:\\\/\\\/allasorias.hu\\\/hirek\\\/segitik-a-megvaltozott-munkakepessegu-kepessegueket-a-munkaeropiacon\\\/#mainImage\"},\"datePublished\":\"2019-09-13T09:24:19+02:00\",\"dateModified\":\"2019-09-13T09:24:19+02:00\"},{\"@type\":\"WebSite\",\"@id\":\"https:\\\/\\\/allasorias.hu\\\/hirek\\\/#website\",\"url\":\"https:\\\/\\\/allasorias.hu\\\/hirek\\\/\",\"name\":\"AllasOrias.hu | H\\u00edrek-lapszemle\",\"description\":\"\\u00dczleti h\\u00edrek az \\u00e1ll\\u00e1s \\u00e9s a munka vil\\u00e1g\\u00e1b\\u00f3l\",\"inLanguage\":\"hu-HU\",\"publisher\":{\"@id\":\"https:\\\/\\\/allasorias.hu\\\/hirek\\\/#organization\"}}]}\n\t\t<\/script>\n\t\t<!-- All in One SEO -->\n\n","aioseo_head_json":{"title":"Seg\u00edtik a megv\u00e1ltozott munkak\u00e9pess\u00e9g\u0171 k\u00e9pess\u00e9g\u0171eket a munkaer\u0151piacon | AllasOrias.hu | H\u00edrek-lapszemle","description":"Tartal\u00e9kot jelentenek a megv\u00e1ltozott munkak\u00e9pess\u00e9g\u0171 emberek a munkaer\u0151piacon \u2013 jelentette ki F\u00fcl\u00f6p Attila, az Emberi Er\u0151forr\u00e1sok Miniszt\u00e9riuma szoci\u00e1lis \u00fcgyek\u00e9rt felel\u0151s \u00e1llamtitk\u00e1ra. A korm\u00e1ny azt szeretn\u00e9 el\u00e9rni, hogy min\u00e9l t\u00f6bb megv\u00e1ltozott munkak\u00e9pess\u00e9g\u0171 ember vegyen r\u00e9szt a foglalkoztat\u00e1sban, ez\u00e9rt az idei 42 milli\u00e1rd forint ut\u00e1n j\u00f6v\u0151re 43,5 milli\u00e1rd forint \u00e1ll rendelkez\u00e9sre a k\u00f6lts\u00e9gvet\u00e9sben a fogyat\u00e9koss\u00e1ggal \u00e9l\u0151 embereket","canonical_url":"https:\/\/allasorias.hu\/hirek\/segitik-a-megvaltozott-munkakepessegu-kepessegueket-a-munkaeropiacon\/","robots":"max-image-preview:large","keywords":"","webmasterTools":{"miscellaneous":""},"schema":{"@context":"https:\/\/schema.org","@graph":[{"@type":"Article","@id":"https:\/\/allasorias.hu\/hirek\/segitik-a-megvaltozott-munkakepessegu-kepessegueket-a-munkaeropiacon\/#article","name":"Seg\u00edtik a megv\u00e1ltozott munkak\u00e9pess\u00e9g\u0171 k\u00e9pess\u00e9g\u0171eket a munkaer\u0151piacon | AllasOrias.hu | H\u00edrek-lapszemle","headline":"Seg\u00edtik a megv\u00e1ltozott munkak\u00e9pess\u00e9g\u0171 k\u00e9pess\u00e9g\u0171eket a munkaer\u0151piacon","author":{"@id":"https:\/\/allasorias.hu\/hirek\/author\/admin-allasorias\/#author"},"publisher":{"@id":"https:\/\/allasorias.hu\/hirek\/#organization"},"image":{"@type":"ImageObject","url":"https:\/\/allasorias.hu\/hirek\/wp-content\/uploads\/2018\/12\/disabled-2199122_640.jpg","width":640,"height":425},"datePublished":"2019-09-13T09:24:19+02:00","dateModified":"2019-09-13T09:24:19+02:00","inLanguage":"hu-HU","mainEntityOfPage":{"@id":"https:\/\/allasorias.hu\/hirek\/segitik-a-megvaltozott-munkakepessegu-kepessegueket-a-munkaeropiacon\/#webpage"},"isPartOf":{"@id":"https:\/\/allasorias.hu\/hirek\/segitik-a-megvaltozott-munkakepessegu-kepessegueket-a-munkaeropiacon\/#webpage"},"articleSection":"Munkaer\u0151piac"},{"@type":"BreadcrumbList","@id":"https:\/\/allasorias.hu\/hirek\/segitik-a-megvaltozott-munkakepessegu-kepessegueket-a-munkaeropiacon\/#breadcrumblist","itemListElement":[{"@type":"ListItem","@id":"https:\/\/allasorias.hu\/hirek#listItem","position":1,"name":"Home","item":"https:\/\/allasorias.hu\/hirek","nextItem":{"@type":"ListItem","@id":"https:\/\/allasorias.hu\/hirek\/temak\/munkaeropiac\/#listItem","name":"Munkaer\u0151piac"}},{"@type":"ListItem","@id":"https:\/\/allasorias.hu\/hirek\/temak\/munkaeropiac\/#listItem","position":2,"name":"Munkaer\u0151piac","item":"https:\/\/allasorias.hu\/hirek\/temak\/munkaeropiac\/","nextItem":{"@type":"ListItem","@id":"https:\/\/allasorias.hu\/hirek\/segitik-a-megvaltozott-munkakepessegu-kepessegueket-a-munkaeropiacon\/#listItem","name":"Seg\u00edtik a megv\u00e1ltozott munkak\u00e9pess\u00e9g\u0171 k\u00e9pess\u00e9g\u0171eket a munkaer\u0151piacon"},"previousItem":{"@type":"ListItem","@id":"https:\/\/allasorias.hu\/hirek#listItem","name":"Home"}},{"@type":"ListItem","@id":"https:\/\/allasorias.hu\/hirek\/segitik-a-megvaltozott-munkakepessegu-kepessegueket-a-munkaeropiacon\/#listItem","position":3,"name":"Seg\u00edtik a megv\u00e1ltozott munkak\u00e9pess\u00e9g\u0171 k\u00e9pess\u00e9g\u0171eket a munkaer\u0151piacon","previousItem":{"@type":"ListItem","@id":"https:\/\/allasorias.hu\/hirek\/temak\/munkaeropiac\/#listItem","name":"Munkaer\u0151piac"}}]},{"@type":"Organization","@id":"https:\/\/allasorias.hu\/hirek\/#organization","name":"AllasOrias.hu | H\u00edrek-lapszemle","description":"\u00dczleti h\u00edrek az \u00e1ll\u00e1s \u00e9s a munka vil\u00e1g\u00e1b\u00f3l","url":"https:\/\/allasorias.hu\/hirek\/","logo":{"@type":"ImageObject","url":"https:\/\/allasorias.hu\/hirek\/wp-content\/uploads\/2022\/10\/allasorias_site_facebok_logo.png","@id":"https:\/\/allasorias.hu\/hirek\/segitik-a-megvaltozott-munkakepessegu-kepessegueket-a-munkaeropiacon\/#organizationLogo"},"image":{"@id":"https:\/\/allasorias.hu\/hirek\/segitik-a-megvaltozott-munkakepessegu-kepessegueket-a-munkaeropiacon\/#organizationLogo"},"sameAs":["https:\/\/www.facebook.com\/allasorias","https:\/\/www.linkedin.com\/company\/allasorias"]},{"@type":"Person","@id":"https:\/\/allasorias.hu\/hirek\/author\/admin-allasorias\/#author","url":"https:\/\/allasorias.hu\/hirek\/author\/admin-allasorias\/","name":"Juh\u00e1sz P\u00e9ter","image":{"@type":"ImageObject","@id":"https:\/\/allasorias.hu\/hirek\/segitik-a-megvaltozott-munkakepessegu-kepessegueket-a-munkaeropiacon\/#authorImage","url":"https:\/\/secure.gravatar.com\/avatar\/36e6bcb83148978b992977cb0f54d22feb0cce8a0a849a9410532bb2623ba4c6?s=96&d=mm&r=g","width":96,"height":96,"caption":"Juh\u00e1sz P\u00e9ter"}},{"@type":"WebPage","@id":"https:\/\/allasorias.hu\/hirek\/segitik-a-megvaltozott-munkakepessegu-kepessegueket-a-munkaeropiacon\/#webpage","url":"https:\/\/allasorias.hu\/hirek\/segitik-a-megvaltozott-munkakepessegu-kepessegueket-a-munkaeropiacon\/","name":"Seg\u00edtik a megv\u00e1ltozott munkak\u00e9pess\u00e9g\u0171 k\u00e9pess\u00e9g\u0171eket a munkaer\u0151piacon | AllasOrias.hu | H\u00edrek-lapszemle","description":"Tartal\u00e9kot jelentenek a megv\u00e1ltozott munkak\u00e9pess\u00e9g\u0171 emberek a munkaer\u0151piacon \u2013 jelentette ki F\u00fcl\u00f6p Attila, az Emberi Er\u0151forr\u00e1sok Miniszt\u00e9riuma szoci\u00e1lis \u00fcgyek\u00e9rt felel\u0151s \u00e1llamtitk\u00e1ra. A korm\u00e1ny azt szeretn\u00e9 el\u00e9rni, hogy min\u00e9l t\u00f6bb megv\u00e1ltozott munkak\u00e9pess\u00e9g\u0171 ember vegyen r\u00e9szt a foglalkoztat\u00e1sban, ez\u00e9rt az idei 42 milli\u00e1rd forint ut\u00e1n j\u00f6v\u0151re 43,5 milli\u00e1rd forint \u00e1ll rendelkez\u00e9sre a k\u00f6lts\u00e9gvet\u00e9sben a fogyat\u00e9koss\u00e1ggal \u00e9l\u0151 embereket","inLanguage":"hu-HU","isPartOf":{"@id":"https:\/\/allasorias.hu\/hirek\/#website"},"breadcrumb":{"@id":"https:\/\/allasorias.hu\/hirek\/segitik-a-megvaltozott-munkakepessegu-kepessegueket-a-munkaeropiacon\/#breadcrumblist"},"author":{"@id":"https:\/\/allasorias.hu\/hirek\/author\/admin-allasorias\/#author"},"creator":{"@id":"https:\/\/allasorias.hu\/hirek\/author\/admin-allasorias\/#author"},"image":{"@type":"ImageObject","url":"https:\/\/allasorias.hu\/hirek\/wp-content\/uploads\/2018\/12\/disabled-2199122_640.jpg","@id":"https:\/\/allasorias.hu\/hirek\/segitik-a-megvaltozott-munkakepessegu-kepessegueket-a-munkaeropiacon\/#mainImage","width":640,"height":425},"primaryImageOfPage":{"@id":"https:\/\/allasorias.hu\/hirek\/segitik-a-megvaltozott-munkakepessegu-kepessegueket-a-munkaeropiacon\/#mainImage"},"datePublished":"2019-09-13T09:24:19+02:00","dateModified":"2019-09-13T09:24:19+02:00"},{"@type":"WebSite","@id":"https:\/\/allasorias.hu\/hirek\/#website","url":"https:\/\/allasorias.hu\/hirek\/","name":"AllasOrias.hu | H\u00edrek-lapszemle","description":"\u00dczleti h\u00edrek az \u00e1ll\u00e1s \u00e9s a munka vil\u00e1g\u00e1b\u00f3l","inLanguage":"hu-HU","publisher":{"@id":"https:\/\/allasorias.hu\/hirek\/#organization"}}]},"og:locale":"hu_HU","og:site_name":"AllasOrias.hu | H\u00edrek-lapszemle | \u00dczleti h\u00edrek az \u00e1ll\u00e1s \u00e9s a munka vil\u00e1g\u00e1b\u00f3l","og:type":"article","og:title":"Seg\u00edtik a megv\u00e1ltozott munkak\u00e9pess\u00e9g\u0171 k\u00e9pess\u00e9g\u0171eket a munkaer\u0151piacon | AllasOrias.hu | H\u00edrek-lapszemle","og:description":"Tartal\u00e9kot jelentenek a megv\u00e1ltozott munkak\u00e9pess\u00e9g\u0171 emberek a munkaer\u0151piacon \u2013 jelentette ki F\u00fcl\u00f6p Attila, az Emberi Er\u0151forr\u00e1sok Miniszt\u00e9riuma szoci\u00e1lis \u00fcgyek\u00e9rt felel\u0151s \u00e1llamtitk\u00e1ra. A korm\u00e1ny azt szeretn\u00e9 el\u00e9rni, hogy min\u00e9l t\u00f6bb megv\u00e1ltozott munkak\u00e9pess\u00e9g\u0171 ember vegyen r\u00e9szt a foglalkoztat\u00e1sban, ez\u00e9rt az idei 42 milli\u00e1rd forint ut\u00e1n j\u00f6v\u0151re 43,5 milli\u00e1rd forint \u00e1ll rendelkez\u00e9sre a k\u00f6lts\u00e9gvet\u00e9sben a fogyat\u00e9koss\u00e1ggal \u00e9l\u0151 embereket","og:url":"https:\/\/allasorias.hu\/hirek\/segitik-a-megvaltozott-munkakepessegu-kepessegueket-a-munkaeropiacon\/","og:image":"https:\/\/allasorias.hu\/hirek\/wp-content\/uploads\/2018\/12\/disabled-2199122_640.jpg","og:image:secure_url":"https:\/\/allasorias.hu\/hirek\/wp-content\/uploads\/2018\/12\/disabled-2199122_640.jpg","og:image:width":640,"og:image:height":425,"article:published_time":"2019-09-13T09:24:19+00:00","article:modified_time":"2019-09-13T09:24:19+00:00","article:publisher":"https:\/\/www.facebook.com\/allasorias","twitter:card":"summary_large_image","twitter:title":"Seg\u00edtik a megv\u00e1ltozott munkak\u00e9pess\u00e9g\u0171 k\u00e9pess\u00e9g\u0171eket a munkaer\u0151piacon | AllasOrias.hu | H\u00edrek-lapszemle","twitter:description":"Tartal\u00e9kot jelentenek a megv\u00e1ltozott munkak\u00e9pess\u00e9g\u0171 emberek a munkaer\u0151piacon \u2013 jelentette ki F\u00fcl\u00f6p Attila, az Emberi Er\u0151forr\u00e1sok Miniszt\u00e9riuma szoci\u00e1lis \u00fcgyek\u00e9rt felel\u0151s \u00e1llamtitk\u00e1ra. A korm\u00e1ny azt szeretn\u00e9 el\u00e9rni, hogy min\u00e9l t\u00f6bb megv\u00e1ltozott munkak\u00e9pess\u00e9g\u0171 ember vegyen r\u00e9szt a foglalkoztat\u00e1sban, ez\u00e9rt az idei 42 milli\u00e1rd forint ut\u00e1n j\u00f6v\u0151re 43,5 milli\u00e1rd forint \u00e1ll rendelkez\u00e9sre a k\u00f6lts\u00e9gvet\u00e9sben a fogyat\u00e9koss\u00e1ggal \u00e9l\u0151 embereket","twitter:image":"https:\/\/allasorias.hu\/hirek\/wp-content\/uploads\/2018\/12\/disabled-2199122_640.jpg","twitter:label1":"Written by","twitter:data1":"Juh\u00e1sz P\u00e9ter","twitter:label2":"Est. reading time","twitter:data2":"1 minute"},"aioseo_meta_data":{"post_id":"3285","title":null,"description":null,"keywords":null,"keyphrases":null,"primary_term":null,"canonical_url":null,"og_title":null,"og_description":null,"og_object_type":"default","og_image_type":"default","og_image_url":null,"og_image_width":null,"og_image_height":null,"og_image_custom_url":null,"og_image_custom_fields":null,"og_video":null,"og_custom_url":null,"og_article_section":null,"og_article_tags":null,"twitter_use_og":false,"twitter_card":"default","twitter_image_type":"default","twitter_image_url":null,"twitter_image_custom_url":null,"twitter_image_custom_fields":null,"twitter_title":null,"twitter_description":null,"schema":{"blockGraphs":[],"customGraphs":[],"default":{"data":{"Article":[],"Course":[],"Dataset":[],"FAQPage":[],"Movie":[],"Person":[],"Product":[],"ProductReview":[],"Car":[],"Recipe":[],"Service":[],"SoftwareApplication":[],"WebPage":[]},"graphName":"","isEnabled":true},"graphs":[],"defaultGraph":"","defaultPostTypeGraph":""},"schema_type":null,"schema_type_options":null,"pillar_content":false,"robots_default":true,"robots_noindex":false,"robots_noarchive":false,"robots_nosnippet":false,"robots_nofollow":false,"robots_noimageindex":false,"robots_noodp":false,"robots_notranslate":false,"robots_max_snippet":null,"robots_max_videopreview":null,"robots_max_imagepreview":"large","priority":null,"frequency":null,"location":null,"local_seo":null,"breadcrumb_settings":null,"limit_modified_date":false,"ai":null,"created":"2021-02-01 22:54:08","updated":"2025-10-02 11:46:35","seo_analyzer_scan_date":null,"focus_keyword":null,"additional_keywords":null,"truseo_locale":null},"aioseo_breadcrumb":"<div class=\"aioseo-breadcrumbs\"><span class=\"aioseo-breadcrumb\">\n\t\t\t<a href=\"https:\/\/allasorias.hu\/hirek\" title=\"Home\">Home<\/a>\n\t\t<\/span><span class=\"aioseo-breadcrumb-separator\">&raquo;<\/span><span class=\"aioseo-breadcrumb\">\n\t\t\t<a href=\"https:\/\/allasorias.hu\/hirek\/temak\/munkaeropiac\/\" title=\"Munkaer\u0151piac\">Munkaer\u0151piac<\/a>\n\t\t<\/span><span class=\"aioseo-breadcrumb-separator\">&raquo;<\/span><span class=\"aioseo-breadcrumb\">\n\t\t\tSeg\u00edtik a megv\u00e1ltozott munkak\u00e9pess\u00e9g\u0171 k\u00e9pess\u00e9g\u0171eket a munkaer\u0151piacon\n\t\t<\/span><\/div>","aioseo_breadcrumb_json":[{"label":"Home","link":"https:\/\/allasorias.hu\/hirek"},{"label":"Munkaer\u0151piac","link":"https:\/\/allasorias.hu\/hirek\/temak\/munkaeropiac\/"},{"label":"Seg\u00edtik a megv\u00e1ltozott munkak\u00e9pess\u00e9g\u0171 k\u00e9pess\u00e9g\u0171eket a munkaer\u0151piacon","link":"https:\/\/allasorias.hu\/hirek\/segitik-a-megvaltozott-munkakepessegu-kepessegueket-a-munkaeropiacon\/"}],"_links":{"self":[{"href":"https:\/\/allasorias.hu\/hirek\/wp-json\/wp\/v2\/posts\/3285","targetHints":{"allow":["GET"]}}],"collection":[{"href":"https:\/\/allasorias.hu\/hirek\/wp-json\/wp\/v2\/posts"}],"about":[{"href":"https:\/\/allasorias.hu\/hirek\/wp-json\/wp\/v2\/types\/post"}],"author":[{"embeddable":true,"href":"https:\/\/allasorias.hu\/hirek\/wp-json\/wp\/v2\/users\/1"}],"replies":[{"embeddable":true,"href":"https:\/\/allasorias.hu\/hirek\/wp-json\/wp\/v2\/comments?post=3285"}],"version-history":[{"count":1,"href":"https:\/\/allasorias.hu\/hirek\/wp-json\/wp\/v2\/posts\/3285\/revisions"}],"predecessor-version":[{"id":3286,"href":"https:\/\/allasorias.hu\/hirek\/wp-json\/wp\/v2\/posts\/3285\/revisions\/3286"}],"wp:featuredmedia":[{"embeddable":true,"href":"https:\/\/allasorias.hu\/hirek\/wp-json\/wp\/v2\/media\/2263"}],"wp:attachment":[{"href":"https:\/\/allasorias.hu\/hirek\/wp-json\/wp\/v2\/media?parent=3285"}],"wp:term":[{"taxonomy":"category","embeddable":true,"href":"https:\/\/allasorias.hu\/hirek\/wp-json\/wp\/v2\/categories?post=3285"},{"taxonomy":"post_tag","embeddable":true,"href":"https:\/\/allasorias.hu\/hirek\/wp-json\/wp\/v2\/tags?post=3285"}],"curies":[{"name":"wp","href":"https:\/\/api.w.org\/{rel}","templated":true}]}}