{"id":3283,"date":"2019-09-12T07:37:23","date_gmt":"2019-09-12T07:37:23","guid":{"rendered":"https:\/\/allasorias.hu\/hirek\/?p=3283"},"modified":"2019-09-12T07:37:23","modified_gmt":"2019-09-12T07:37:23","slug":"segit-a-kormany-az-elbocsatott-dolgozokon","status":"publish","type":"post","link":"https:\/\/allasorias.hu\/hirek\/segit-a-kormany-az-elbocsatott-dolgozokon\/","title":{"rendered":"Seg\u00edt a korm\u00e1ny az elbocs\u00e1tott dolgoz\u00f3kon"},"content":{"rendered":"<p><strong>Le\u00e9p\u00edti j\u00e1szber\u00e9nyi porsz\u00edv\u00f3gy\u00e1rt\u00e1s\u00e1t \u00e9s h\u0171t\u0151gy\u00e1rt\u00e1s\u00e1nak nagy r\u00e9sz\u00e9t az Electrolux, a d\u00f6nt\u00e9s mintegy 800 dolgoz\u00f3t \u00e9rint.<\/strong> <strong>A korm\u00e1ny sz\u00e1nd\u00e9ka, hogy valamennyi, az Electroluxt\u00f3l \u00a0elbocs\u00e1tott munkav\u00e1llal\u00f3 miel\u0151bb biztos \u00e1ll\u00e1shoz jusson. A korm\u00e1ny kiemelten kezeli a j\u00e1szber\u00e9nyi Electrolux gy\u00e1r k\u00f6r\u00fcl kialakult helyzetet, azonnali seg\u00edts\u00e9get ny\u00fajt az elbocs\u00e1tott dolgoz\u00f3knak, ezt Varga Mih\u00e1ly jelentette ki a Palkovics L\u00e1szl\u00f3val tartott sajt\u00f3t\u00e1j\u00e9koztat\u00f3j\u00e1n J\u00e1szber\u00e9nyben.<\/strong><\/p>\n<p>A p\u00e9nz\u00fcgyminiszter elmondta, hogy a korm\u00e1ny munkaer\u0151-k\u00f6zvet\u00edt\u00e9ssel, \u00e1tk\u00e9pz\u00e9ssel, az \u00f6nkorm\u00e1nyzattal egy\u00fcttm\u0171k\u00f6dve gyors \u00e9s hat\u00e9kony seg\u00edts\u00e9get k\u00edv\u00e1n ny\u00fajtani az embereknek. A k\u00e9t miniszter a korm\u00e1ny\u00fcl\u00e9st k\u00f6vet\u0151en Szab\u00f3 Tam\u00e1s j\u00e1szber\u00e9nyi polg\u00e1rmesterrel \u00e9s G\u00f6nczi S\u00e1ndorral, az Electrolux vez\u00e9rigazgat\u00f3j\u00e1val egyeztetett az elbocs\u00e1tand\u00f3 dolgoz\u00f3k helyzet\u00e9r\u0151l. Varga Mih\u00e1ly elmondta, a korm\u00e1ny sz\u00e1nd\u00e9ka, hogy valamennyi elbocs\u00e1tott munkav\u00e1llal\u00f3 miel\u0151bb biztos munkahelyhez jusson, ez\u00e9rt minden rendelkez\u00e9sre \u00e1ll\u00f3 munkaer\u0151-piaci t\u00e1mogat\u00e1st biztos\u00edtani fog. Mint mondta: a munka\u00fcgyi hivatal m\u00e1r felm\u00e9rte a helyi v\u00e1llalatok l\u00e9tsz\u00e1mig\u00e9ny\u00e9t \u00e9s lesz lehet\u0151s\u00e9g az elbocs\u00e1tott dolgoz\u00f3k elhelyez\u00e9s\u00e9re.<\/p>\n<p>&nbsp;<\/p>\n<p>Forr\u00e1s: hvg.hu<\/p>\n","protected":false},"excerpt":{"rendered":"<p>Le\u00e9p\u00edti j\u00e1szber\u00e9nyi porsz\u00edv\u00f3gy\u00e1rt\u00e1s\u00e1t \u00e9s h\u0171t\u0151gy\u00e1rt\u00e1s\u00e1nak nagy r\u00e9sz\u00e9t az Electrolux, a d\u00f6nt\u00e9s mintegy 800 dolgoz\u00f3t \u00e9rint. A korm\u00e1ny sz\u00e1nd\u00e9ka, hogy valamennyi, az Electroluxt\u00f3l \u00a0elbocs\u00e1tott munkav\u00e1llal\u00f3 miel\u0151bb biztos \u00e1ll\u00e1shoz jusson. A korm\u00e1ny kiemelten kezeli a j\u00e1szber\u00e9nyi Electrolux gy\u00e1r k\u00f6r\u00fcl kialakult helyzetet, azonnali seg\u00edts\u00e9get ny\u00fajt az elbocs\u00e1tott dolgoz\u00f3knak, ezt Varga Mih\u00e1ly jelentette ki a Palkovics L\u00e1szl\u00f3val tartott sajt\u00f3t\u00e1j\u00e9koztat\u00f3j\u00e1n [&hellip;]<\/p>\n","protected":false},"author":1,"featured_media":3066,"comment_status":"open","ping_status":"open","sticky":false,"template":"","format":"standard","meta":{"_monsterinsights_skip_tracking":false,"footnotes":""},"categories":[1,200],"tags":[],"class_list":["post-3283","post","type-post","status-publish","format-standard","has-post-thumbnail","hentry","category-allaskereses","category-munkaeropiac"],"aioseo_notices":[],"aioseo_head":"\n\t\t<!-- All in One SEO 5.0.0.1 - aioseo.com -->\n\t<meta name=\"description\" content=\"Le\u00e9p\u00edti j\u00e1szber\u00e9nyi porsz\u00edv\u00f3gy\u00e1rt\u00e1s\u00e1t \u00e9s h\u0171t\u0151gy\u00e1rt\u00e1s\u00e1nak nagy r\u00e9sz\u00e9t az Electrolux, a d\u00f6nt\u00e9s mintegy 800 dolgoz\u00f3t \u00e9rint. A korm\u00e1ny sz\u00e1nd\u00e9ka, hogy valamennyi, az Electroluxt\u00f3l elbocs\u00e1tott munkav\u00e1llal\u00f3 miel\u0151bb biztos \u00e1ll\u00e1shoz jusson. A korm\u00e1ny kiemelten kezeli a j\u00e1szber\u00e9nyi Electrolux gy\u00e1r k\u00f6r\u00fcl kialakult helyzetet, azonnali seg\u00edts\u00e9get ny\u00fajt az elbocs\u00e1tott dolgoz\u00f3knak, ezt Varga Mih\u00e1ly jelentette ki a Palkovics L\u00e1szl\u00f3val tartott sajt\u00f3t\u00e1j\u00e9koztat\u00f3j\u00e1n\" \/>\n\t<meta name=\"robots\" content=\"max-image-preview:large\" \/>\n\t<meta name=\"author\" content=\"Juh\u00e1sz P\u00e9ter\"\/>\n\t<link rel=\"canonical\" href=\"https:\/\/allasorias.hu\/hirek\/segit-a-kormany-az-elbocsatott-dolgozokon\/\" \/>\n\t<meta name=\"generator\" content=\"All in One SEO (AIOSEO) 5.0.0.1\" \/>\n\t\t<meta property=\"og:locale\" content=\"hu_HU\" \/>\n\t\t<meta property=\"og:site_name\" content=\"AllasOrias.hu | H\u00edrek-lapszemle | \u00dczleti h\u00edrek az \u00e1ll\u00e1s \u00e9s a munka vil\u00e1g\u00e1b\u00f3l\" \/>\n\t\t<meta property=\"og:type\" content=\"article\" \/>\n\t\t<meta property=\"og:title\" content=\"Seg\u00edt a korm\u00e1ny az elbocs\u00e1tott dolgoz\u00f3kon | AllasOrias.hu | H\u00edrek-lapszemle\" \/>\n\t\t<meta property=\"og:description\" content=\"Le\u00e9p\u00edti j\u00e1szber\u00e9nyi porsz\u00edv\u00f3gy\u00e1rt\u00e1s\u00e1t \u00e9s h\u0171t\u0151gy\u00e1rt\u00e1s\u00e1nak nagy r\u00e9sz\u00e9t az Electrolux, a d\u00f6nt\u00e9s mintegy 800 dolgoz\u00f3t \u00e9rint. A korm\u00e1ny sz\u00e1nd\u00e9ka, hogy valamennyi, az Electroluxt\u00f3l elbocs\u00e1tott munkav\u00e1llal\u00f3 miel\u0151bb biztos \u00e1ll\u00e1shoz jusson. A korm\u00e1ny kiemelten kezeli a j\u00e1szber\u00e9nyi Electrolux gy\u00e1r k\u00f6r\u00fcl kialakult helyzetet, azonnali seg\u00edts\u00e9get ny\u00fajt az elbocs\u00e1tott dolgoz\u00f3knak, ezt Varga Mih\u00e1ly jelentette ki a Palkovics L\u00e1szl\u00f3val tartott sajt\u00f3t\u00e1j\u00e9koztat\u00f3j\u00e1n\" \/>\n\t\t<meta property=\"og:url\" content=\"https:\/\/allasorias.hu\/hirek\/segit-a-kormany-az-elbocsatott-dolgozokon\/\" \/>\n\t\t<meta property=\"og:image\" content=\"https:\/\/allasorias.hu\/hirek\/wp-content\/uploads\/2019\/07\/about-us-collaboration-community-872955.jpg\" \/>\n\t\t<meta property=\"og:image:secure_url\" content=\"https:\/\/allasorias.hu\/hirek\/wp-content\/uploads\/2019\/07\/about-us-collaboration-community-872955.jpg\" \/>\n\t\t<meta property=\"og:image:width\" content=\"640\" \/>\n\t\t<meta property=\"og:image:height\" content=\"427\" \/>\n\t\t<meta property=\"article:published_time\" content=\"2019-09-12T07:37:23+00:00\" \/>\n\t\t<meta property=\"article:modified_time\" content=\"2019-09-12T07:37:23+00:00\" \/>\n\t\t<meta property=\"article:publisher\" content=\"https:\/\/www.facebook.com\/allasorias\" \/>\n\t\t<meta name=\"twitter:card\" content=\"summary_large_image\" \/>\n\t\t<meta name=\"twitter:title\" content=\"Seg\u00edt a korm\u00e1ny az elbocs\u00e1tott dolgoz\u00f3kon | AllasOrias.hu | H\u00edrek-lapszemle\" \/>\n\t\t<meta name=\"twitter:description\" content=\"Le\u00e9p\u00edti j\u00e1szber\u00e9nyi porsz\u00edv\u00f3gy\u00e1rt\u00e1s\u00e1t \u00e9s h\u0171t\u0151gy\u00e1rt\u00e1s\u00e1nak nagy r\u00e9sz\u00e9t az Electrolux, a d\u00f6nt\u00e9s mintegy 800 dolgoz\u00f3t \u00e9rint. A korm\u00e1ny sz\u00e1nd\u00e9ka, hogy valamennyi, az Electroluxt\u00f3l elbocs\u00e1tott munkav\u00e1llal\u00f3 miel\u0151bb biztos \u00e1ll\u00e1shoz jusson. A korm\u00e1ny kiemelten kezeli a j\u00e1szber\u00e9nyi Electrolux gy\u00e1r k\u00f6r\u00fcl kialakult helyzetet, azonnali seg\u00edts\u00e9get ny\u00fajt az elbocs\u00e1tott dolgoz\u00f3knak, ezt Varga Mih\u00e1ly jelentette ki a Palkovics L\u00e1szl\u00f3val tartott sajt\u00f3t\u00e1j\u00e9koztat\u00f3j\u00e1n\" \/>\n\t\t<meta name=\"twitter:image\" content=\"https:\/\/allasorias.hu\/hirek\/wp-content\/uploads\/2019\/07\/about-us-collaboration-community-872955.jpg\" \/>\n\t\t<meta name=\"twitter:label1\" content=\"Written by\" \/>\n\t\t<meta name=\"twitter:data1\" content=\"Juh\u00e1sz P\u00e9ter\" \/>\n\t\t<meta name=\"twitter:label2\" content=\"Est. reading time\" \/>\n\t\t<meta name=\"twitter:data2\" content=\"1 minute\" \/>\n\t\t<script type=\"application\/ld+json\" class=\"aioseo-schema\">\n\t\t\t{\"@context\":\"https:\\\/\\\/schema.org\",\"@graph\":[{\"@type\":\"Article\",\"@id\":\"https:\\\/\\\/allasorias.hu\\\/hirek\\\/segit-a-kormany-az-elbocsatott-dolgozokon\\\/#article\",\"name\":\"Seg\\u00edt a korm\\u00e1ny az elbocs\\u00e1tott dolgoz\\u00f3kon | AllasOrias.hu | H\\u00edrek-lapszemle\",\"headline\":\"Seg\\u00edt a korm\\u00e1ny az elbocs\\u00e1tott dolgoz\\u00f3kon\",\"author\":{\"@id\":\"https:\\\/\\\/allasorias.hu\\\/hirek\\\/author\\\/admin-allasorias\\\/#author\"},\"publisher\":{\"@id\":\"https:\\\/\\\/allasorias.hu\\\/hirek\\\/#organization\"},\"image\":{\"@type\":\"ImageObject\",\"url\":\"https:\\\/\\\/allasorias.hu\\\/hirek\\\/wp-content\\\/uploads\\\/2019\\\/07\\\/about-us-collaboration-community-872955.jpg\",\"width\":640,\"height\":427},\"datePublished\":\"2019-09-12T07:37:23+02:00\",\"dateModified\":\"2019-09-12T07:37:23+02:00\",\"inLanguage\":\"hu-HU\",\"mainEntityOfPage\":{\"@id\":\"https:\\\/\\\/allasorias.hu\\\/hirek\\\/segit-a-kormany-az-elbocsatott-dolgozokon\\\/#webpage\"},\"isPartOf\":{\"@id\":\"https:\\\/\\\/allasorias.hu\\\/hirek\\\/segit-a-kormany-az-elbocsatott-dolgozokon\\\/#webpage\"},\"articleSection\":\"\\u00c1ll\\u00e1skeres\\u00e9s, Munkaer\\u0151piac\"},{\"@type\":\"BreadcrumbList\",\"@id\":\"https:\\\/\\\/allasorias.hu\\\/hirek\\\/segit-a-kormany-az-elbocsatott-dolgozokon\\\/#breadcrumblist\",\"itemListElement\":[{\"@type\":\"ListItem\",\"@id\":\"https:\\\/\\\/allasorias.hu\\\/hirek#listItem\",\"position\":1,\"name\":\"Home\",\"item\":\"https:\\\/\\\/allasorias.hu\\\/hirek\",\"nextItem\":{\"@type\":\"ListItem\",\"@id\":\"https:\\\/\\\/allasorias.hu\\\/hirek\\\/temak\\\/allaskereses\\\/#listItem\",\"name\":\"\\u00c1ll\\u00e1skeres\\u00e9s\"}},{\"@type\":\"ListItem\",\"@id\":\"https:\\\/\\\/allasorias.hu\\\/hirek\\\/temak\\\/allaskereses\\\/#listItem\",\"position\":2,\"name\":\"\\u00c1ll\\u00e1skeres\\u00e9s\",\"item\":\"https:\\\/\\\/allasorias.hu\\\/hirek\\\/temak\\\/allaskereses\\\/\",\"nextItem\":{\"@type\":\"ListItem\",\"@id\":\"https:\\\/\\\/allasorias.hu\\\/hirek\\\/segit-a-kormany-az-elbocsatott-dolgozokon\\\/#listItem\",\"name\":\"Seg\\u00edt a korm\\u00e1ny az elbocs\\u00e1tott dolgoz\\u00f3kon\"},\"previousItem\":{\"@type\":\"ListItem\",\"@id\":\"https:\\\/\\\/allasorias.hu\\\/hirek#listItem\",\"name\":\"Home\"}},{\"@type\":\"ListItem\",\"@id\":\"https:\\\/\\\/allasorias.hu\\\/hirek\\\/segit-a-kormany-az-elbocsatott-dolgozokon\\\/#listItem\",\"position\":3,\"name\":\"Seg\\u00edt a korm\\u00e1ny az elbocs\\u00e1tott dolgoz\\u00f3kon\",\"previousItem\":{\"@type\":\"ListItem\",\"@id\":\"https:\\\/\\\/allasorias.hu\\\/hirek\\\/temak\\\/allaskereses\\\/#listItem\",\"name\":\"\\u00c1ll\\u00e1skeres\\u00e9s\"}}]},{\"@type\":\"Organization\",\"@id\":\"https:\\\/\\\/allasorias.hu\\\/hirek\\\/#organization\",\"name\":\"AllasOrias.hu | H\\u00edrek-lapszemle\",\"description\":\"\\u00dczleti h\\u00edrek az \\u00e1ll\\u00e1s \\u00e9s a munka vil\\u00e1g\\u00e1b\\u00f3l\",\"url\":\"https:\\\/\\\/allasorias.hu\\\/hirek\\\/\",\"logo\":{\"@type\":\"ImageObject\",\"url\":\"https:\\\/\\\/allasorias.hu\\\/hirek\\\/wp-content\\\/uploads\\\/2022\\\/10\\\/allasorias_site_facebok_logo.png\",\"@id\":\"https:\\\/\\\/allasorias.hu\\\/hirek\\\/segit-a-kormany-az-elbocsatott-dolgozokon\\\/#organizationLogo\"},\"image\":{\"@id\":\"https:\\\/\\\/allasorias.hu\\\/hirek\\\/segit-a-kormany-az-elbocsatott-dolgozokon\\\/#organizationLogo\"},\"sameAs\":[\"https:\\\/\\\/www.facebook.com\\\/allasorias\",\"https:\\\/\\\/www.linkedin.com\\\/company\\\/allasorias\"]},{\"@type\":\"Person\",\"@id\":\"https:\\\/\\\/allasorias.hu\\\/hirek\\\/author\\\/admin-allasorias\\\/#author\",\"url\":\"https:\\\/\\\/allasorias.hu\\\/hirek\\\/author\\\/admin-allasorias\\\/\",\"name\":\"Juh\\u00e1sz P\\u00e9ter\",\"image\":{\"@type\":\"ImageObject\",\"@id\":\"https:\\\/\\\/allasorias.hu\\\/hirek\\\/segit-a-kormany-az-elbocsatott-dolgozokon\\\/#authorImage\",\"url\":\"https:\\\/\\\/secure.gravatar.com\\\/avatar\\\/36e6bcb83148978b992977cb0f54d22feb0cce8a0a849a9410532bb2623ba4c6?s=96&d=mm&r=g\",\"width\":96,\"height\":96,\"caption\":\"Juh\\u00e1sz P\\u00e9ter\"}},{\"@type\":\"WebPage\",\"@id\":\"https:\\\/\\\/allasorias.hu\\\/hirek\\\/segit-a-kormany-az-elbocsatott-dolgozokon\\\/#webpage\",\"url\":\"https:\\\/\\\/allasorias.hu\\\/hirek\\\/segit-a-kormany-az-elbocsatott-dolgozokon\\\/\",\"name\":\"Seg\\u00edt a korm\\u00e1ny az elbocs\\u00e1tott dolgoz\\u00f3kon | AllasOrias.hu | H\\u00edrek-lapszemle\",\"description\":\"Le\\u00e9p\\u00edti j\\u00e1szber\\u00e9nyi porsz\\u00edv\\u00f3gy\\u00e1rt\\u00e1s\\u00e1t \\u00e9s h\\u0171t\\u0151gy\\u00e1rt\\u00e1s\\u00e1nak nagy r\\u00e9sz\\u00e9t az Electrolux, a d\\u00f6nt\\u00e9s mintegy 800 dolgoz\\u00f3t \\u00e9rint. A korm\\u00e1ny sz\\u00e1nd\\u00e9ka, hogy valamennyi, az Electroluxt\\u00f3l elbocs\\u00e1tott munkav\\u00e1llal\\u00f3 miel\\u0151bb biztos \\u00e1ll\\u00e1shoz jusson. A korm\\u00e1ny kiemelten kezeli a j\\u00e1szber\\u00e9nyi Electrolux gy\\u00e1r k\\u00f6r\\u00fcl kialakult helyzetet, azonnali seg\\u00edts\\u00e9get ny\\u00fajt az elbocs\\u00e1tott dolgoz\\u00f3knak, ezt Varga Mih\\u00e1ly jelentette ki a Palkovics L\\u00e1szl\\u00f3val tartott sajt\\u00f3t\\u00e1j\\u00e9koztat\\u00f3j\\u00e1n\",\"inLanguage\":\"hu-HU\",\"isPartOf\":{\"@id\":\"https:\\\/\\\/allasorias.hu\\\/hirek\\\/#website\"},\"breadcrumb\":{\"@id\":\"https:\\\/\\\/allasorias.hu\\\/hirek\\\/segit-a-kormany-az-elbocsatott-dolgozokon\\\/#breadcrumblist\"},\"author\":{\"@id\":\"https:\\\/\\\/allasorias.hu\\\/hirek\\\/author\\\/admin-allasorias\\\/#author\"},\"creator\":{\"@id\":\"https:\\\/\\\/allasorias.hu\\\/hirek\\\/author\\\/admin-allasorias\\\/#author\"},\"image\":{\"@type\":\"ImageObject\",\"url\":\"https:\\\/\\\/allasorias.hu\\\/hirek\\\/wp-content\\\/uploads\\\/2019\\\/07\\\/about-us-collaboration-community-872955.jpg\",\"@id\":\"https:\\\/\\\/allasorias.hu\\\/hirek\\\/segit-a-kormany-az-elbocsatott-dolgozokon\\\/#mainImage\",\"width\":640,\"height\":427},\"primaryImageOfPage\":{\"@id\":\"https:\\\/\\\/allasorias.hu\\\/hirek\\\/segit-a-kormany-az-elbocsatott-dolgozokon\\\/#mainImage\"},\"datePublished\":\"2019-09-12T07:37:23+02:00\",\"dateModified\":\"2019-09-12T07:37:23+02:00\"},{\"@type\":\"WebSite\",\"@id\":\"https:\\\/\\\/allasorias.hu\\\/hirek\\\/#website\",\"url\":\"https:\\\/\\\/allasorias.hu\\\/hirek\\\/\",\"name\":\"AllasOrias.hu | H\\u00edrek-lapszemle\",\"description\":\"\\u00dczleti h\\u00edrek az \\u00e1ll\\u00e1s \\u00e9s a munka vil\\u00e1g\\u00e1b\\u00f3l\",\"inLanguage\":\"hu-HU\",\"publisher\":{\"@id\":\"https:\\\/\\\/allasorias.hu\\\/hirek\\\/#organization\"}}]}\n\t\t<\/script>\n\t\t<!-- All in One SEO -->\n\n","aioseo_head_json":{"title":"Seg\u00edt a korm\u00e1ny az elbocs\u00e1tott dolgoz\u00f3kon | AllasOrias.hu | H\u00edrek-lapszemle","description":"Le\u00e9p\u00edti j\u00e1szber\u00e9nyi porsz\u00edv\u00f3gy\u00e1rt\u00e1s\u00e1t \u00e9s h\u0171t\u0151gy\u00e1rt\u00e1s\u00e1nak nagy r\u00e9sz\u00e9t az Electrolux, a d\u00f6nt\u00e9s mintegy 800 dolgoz\u00f3t \u00e9rint. A korm\u00e1ny sz\u00e1nd\u00e9ka, hogy valamennyi, az Electroluxt\u00f3l elbocs\u00e1tott munkav\u00e1llal\u00f3 miel\u0151bb biztos \u00e1ll\u00e1shoz jusson. A korm\u00e1ny kiemelten kezeli a j\u00e1szber\u00e9nyi Electrolux gy\u00e1r k\u00f6r\u00fcl kialakult helyzetet, azonnali seg\u00edts\u00e9get ny\u00fajt az elbocs\u00e1tott dolgoz\u00f3knak, ezt Varga Mih\u00e1ly jelentette ki a Palkovics L\u00e1szl\u00f3val tartott sajt\u00f3t\u00e1j\u00e9koztat\u00f3j\u00e1n","canonical_url":"https:\/\/allasorias.hu\/hirek\/segit-a-kormany-az-elbocsatott-dolgozokon\/","robots":"max-image-preview:large","keywords":"","webmasterTools":{"miscellaneous":""},"schema":{"@context":"https:\/\/schema.org","@graph":[{"@type":"Article","@id":"https:\/\/allasorias.hu\/hirek\/segit-a-kormany-az-elbocsatott-dolgozokon\/#article","name":"Seg\u00edt a korm\u00e1ny az elbocs\u00e1tott dolgoz\u00f3kon | AllasOrias.hu | H\u00edrek-lapszemle","headline":"Seg\u00edt a korm\u00e1ny az elbocs\u00e1tott dolgoz\u00f3kon","author":{"@id":"https:\/\/allasorias.hu\/hirek\/author\/admin-allasorias\/#author"},"publisher":{"@id":"https:\/\/allasorias.hu\/hirek\/#organization"},"image":{"@type":"ImageObject","url":"https:\/\/allasorias.hu\/hirek\/wp-content\/uploads\/2019\/07\/about-us-collaboration-community-872955.jpg","width":640,"height":427},"datePublished":"2019-09-12T07:37:23+02:00","dateModified":"2019-09-12T07:37:23+02:00","inLanguage":"hu-HU","mainEntityOfPage":{"@id":"https:\/\/allasorias.hu\/hirek\/segit-a-kormany-az-elbocsatott-dolgozokon\/#webpage"},"isPartOf":{"@id":"https:\/\/allasorias.hu\/hirek\/segit-a-kormany-az-elbocsatott-dolgozokon\/#webpage"},"articleSection":"\u00c1ll\u00e1skeres\u00e9s, Munkaer\u0151piac"},{"@type":"BreadcrumbList","@id":"https:\/\/allasorias.hu\/hirek\/segit-a-kormany-az-elbocsatott-dolgozokon\/#breadcrumblist","itemListElement":[{"@type":"ListItem","@id":"https:\/\/allasorias.hu\/hirek#listItem","position":1,"name":"Home","item":"https:\/\/allasorias.hu\/hirek","nextItem":{"@type":"ListItem","@id":"https:\/\/allasorias.hu\/hirek\/temak\/allaskereses\/#listItem","name":"\u00c1ll\u00e1skeres\u00e9s"}},{"@type":"ListItem","@id":"https:\/\/allasorias.hu\/hirek\/temak\/allaskereses\/#listItem","position":2,"name":"\u00c1ll\u00e1skeres\u00e9s","item":"https:\/\/allasorias.hu\/hirek\/temak\/allaskereses\/","nextItem":{"@type":"ListItem","@id":"https:\/\/allasorias.hu\/hirek\/segit-a-kormany-az-elbocsatott-dolgozokon\/#listItem","name":"Seg\u00edt a korm\u00e1ny az elbocs\u00e1tott dolgoz\u00f3kon"},"previousItem":{"@type":"ListItem","@id":"https:\/\/allasorias.hu\/hirek#listItem","name":"Home"}},{"@type":"ListItem","@id":"https:\/\/allasorias.hu\/hirek\/segit-a-kormany-az-elbocsatott-dolgozokon\/#listItem","position":3,"name":"Seg\u00edt a korm\u00e1ny az elbocs\u00e1tott dolgoz\u00f3kon","previousItem":{"@type":"ListItem","@id":"https:\/\/allasorias.hu\/hirek\/temak\/allaskereses\/#listItem","name":"\u00c1ll\u00e1skeres\u00e9s"}}]},{"@type":"Organization","@id":"https:\/\/allasorias.hu\/hirek\/#organization","name":"AllasOrias.hu | H\u00edrek-lapszemle","description":"\u00dczleti h\u00edrek az \u00e1ll\u00e1s \u00e9s a munka vil\u00e1g\u00e1b\u00f3l","url":"https:\/\/allasorias.hu\/hirek\/","logo":{"@type":"ImageObject","url":"https:\/\/allasorias.hu\/hirek\/wp-content\/uploads\/2022\/10\/allasorias_site_facebok_logo.png","@id":"https:\/\/allasorias.hu\/hirek\/segit-a-kormany-az-elbocsatott-dolgozokon\/#organizationLogo"},"image":{"@id":"https:\/\/allasorias.hu\/hirek\/segit-a-kormany-az-elbocsatott-dolgozokon\/#organizationLogo"},"sameAs":["https:\/\/www.facebook.com\/allasorias","https:\/\/www.linkedin.com\/company\/allasorias"]},{"@type":"Person","@id":"https:\/\/allasorias.hu\/hirek\/author\/admin-allasorias\/#author","url":"https:\/\/allasorias.hu\/hirek\/author\/admin-allasorias\/","name":"Juh\u00e1sz P\u00e9ter","image":{"@type":"ImageObject","@id":"https:\/\/allasorias.hu\/hirek\/segit-a-kormany-az-elbocsatott-dolgozokon\/#authorImage","url":"https:\/\/secure.gravatar.com\/avatar\/36e6bcb83148978b992977cb0f54d22feb0cce8a0a849a9410532bb2623ba4c6?s=96&d=mm&r=g","width":96,"height":96,"caption":"Juh\u00e1sz P\u00e9ter"}},{"@type":"WebPage","@id":"https:\/\/allasorias.hu\/hirek\/segit-a-kormany-az-elbocsatott-dolgozokon\/#webpage","url":"https:\/\/allasorias.hu\/hirek\/segit-a-kormany-az-elbocsatott-dolgozokon\/","name":"Seg\u00edt a korm\u00e1ny az elbocs\u00e1tott dolgoz\u00f3kon | AllasOrias.hu | H\u00edrek-lapszemle","description":"Le\u00e9p\u00edti j\u00e1szber\u00e9nyi porsz\u00edv\u00f3gy\u00e1rt\u00e1s\u00e1t \u00e9s h\u0171t\u0151gy\u00e1rt\u00e1s\u00e1nak nagy r\u00e9sz\u00e9t az Electrolux, a d\u00f6nt\u00e9s mintegy 800 dolgoz\u00f3t \u00e9rint. A korm\u00e1ny sz\u00e1nd\u00e9ka, hogy valamennyi, az Electroluxt\u00f3l elbocs\u00e1tott munkav\u00e1llal\u00f3 miel\u0151bb biztos \u00e1ll\u00e1shoz jusson. A korm\u00e1ny kiemelten kezeli a j\u00e1szber\u00e9nyi Electrolux gy\u00e1r k\u00f6r\u00fcl kialakult helyzetet, azonnali seg\u00edts\u00e9get ny\u00fajt az elbocs\u00e1tott dolgoz\u00f3knak, ezt Varga Mih\u00e1ly jelentette ki a Palkovics L\u00e1szl\u00f3val tartott sajt\u00f3t\u00e1j\u00e9koztat\u00f3j\u00e1n","inLanguage":"hu-HU","isPartOf":{"@id":"https:\/\/allasorias.hu\/hirek\/#website"},"breadcrumb":{"@id":"https:\/\/allasorias.hu\/hirek\/segit-a-kormany-az-elbocsatott-dolgozokon\/#breadcrumblist"},"author":{"@id":"https:\/\/allasorias.hu\/hirek\/author\/admin-allasorias\/#author"},"creator":{"@id":"https:\/\/allasorias.hu\/hirek\/author\/admin-allasorias\/#author"},"image":{"@type":"ImageObject","url":"https:\/\/allasorias.hu\/hirek\/wp-content\/uploads\/2019\/07\/about-us-collaboration-community-872955.jpg","@id":"https:\/\/allasorias.hu\/hirek\/segit-a-kormany-az-elbocsatott-dolgozokon\/#mainImage","width":640,"height":427},"primaryImageOfPage":{"@id":"https:\/\/allasorias.hu\/hirek\/segit-a-kormany-az-elbocsatott-dolgozokon\/#mainImage"},"datePublished":"2019-09-12T07:37:23+02:00","dateModified":"2019-09-12T07:37:23+02:00"},{"@type":"WebSite","@id":"https:\/\/allasorias.hu\/hirek\/#website","url":"https:\/\/allasorias.hu\/hirek\/","name":"AllasOrias.hu | H\u00edrek-lapszemle","description":"\u00dczleti h\u00edrek az \u00e1ll\u00e1s \u00e9s a munka vil\u00e1g\u00e1b\u00f3l","inLanguage":"hu-HU","publisher":{"@id":"https:\/\/allasorias.hu\/hirek\/#organization"}}]},"og:locale":"hu_HU","og:site_name":"AllasOrias.hu | H\u00edrek-lapszemle | \u00dczleti h\u00edrek az \u00e1ll\u00e1s \u00e9s a munka vil\u00e1g\u00e1b\u00f3l","og:type":"article","og:title":"Seg\u00edt a korm\u00e1ny az elbocs\u00e1tott dolgoz\u00f3kon | AllasOrias.hu | H\u00edrek-lapszemle","og:description":"Le\u00e9p\u00edti j\u00e1szber\u00e9nyi porsz\u00edv\u00f3gy\u00e1rt\u00e1s\u00e1t \u00e9s h\u0171t\u0151gy\u00e1rt\u00e1s\u00e1nak nagy r\u00e9sz\u00e9t az Electrolux, a d\u00f6nt\u00e9s mintegy 800 dolgoz\u00f3t \u00e9rint. A korm\u00e1ny sz\u00e1nd\u00e9ka, hogy valamennyi, az Electroluxt\u00f3l elbocs\u00e1tott munkav\u00e1llal\u00f3 miel\u0151bb biztos \u00e1ll\u00e1shoz jusson. A korm\u00e1ny kiemelten kezeli a j\u00e1szber\u00e9nyi Electrolux gy\u00e1r k\u00f6r\u00fcl kialakult helyzetet, azonnali seg\u00edts\u00e9get ny\u00fajt az elbocs\u00e1tott dolgoz\u00f3knak, ezt Varga Mih\u00e1ly jelentette ki a Palkovics L\u00e1szl\u00f3val tartott sajt\u00f3t\u00e1j\u00e9koztat\u00f3j\u00e1n","og:url":"https:\/\/allasorias.hu\/hirek\/segit-a-kormany-az-elbocsatott-dolgozokon\/","og:image":"https:\/\/allasorias.hu\/hirek\/wp-content\/uploads\/2019\/07\/about-us-collaboration-community-872955.jpg","og:image:secure_url":"https:\/\/allasorias.hu\/hirek\/wp-content\/uploads\/2019\/07\/about-us-collaboration-community-872955.jpg","og:image:width":640,"og:image:height":427,"article:published_time":"2019-09-12T07:37:23+00:00","article:modified_time":"2019-09-12T07:37:23+00:00","article:publisher":"https:\/\/www.facebook.com\/allasorias","twitter:card":"summary_large_image","twitter:title":"Seg\u00edt a korm\u00e1ny az elbocs\u00e1tott dolgoz\u00f3kon | AllasOrias.hu | H\u00edrek-lapszemle","twitter:description":"Le\u00e9p\u00edti j\u00e1szber\u00e9nyi porsz\u00edv\u00f3gy\u00e1rt\u00e1s\u00e1t \u00e9s h\u0171t\u0151gy\u00e1rt\u00e1s\u00e1nak nagy r\u00e9sz\u00e9t az Electrolux, a d\u00f6nt\u00e9s mintegy 800 dolgoz\u00f3t \u00e9rint. A korm\u00e1ny sz\u00e1nd\u00e9ka, hogy valamennyi, az Electroluxt\u00f3l elbocs\u00e1tott munkav\u00e1llal\u00f3 miel\u0151bb biztos \u00e1ll\u00e1shoz jusson. A korm\u00e1ny kiemelten kezeli a j\u00e1szber\u00e9nyi Electrolux gy\u00e1r k\u00f6r\u00fcl kialakult helyzetet, azonnali seg\u00edts\u00e9get ny\u00fajt az elbocs\u00e1tott dolgoz\u00f3knak, ezt Varga Mih\u00e1ly jelentette ki a Palkovics L\u00e1szl\u00f3val tartott sajt\u00f3t\u00e1j\u00e9koztat\u00f3j\u00e1n","twitter:image":"https:\/\/allasorias.hu\/hirek\/wp-content\/uploads\/2019\/07\/about-us-collaboration-community-872955.jpg","twitter:label1":"Written by","twitter:data1":"Juh\u00e1sz P\u00e9ter","twitter:label2":"Est. reading time","twitter:data2":"1 minute"},"aioseo_meta_data":{"post_id":"3283","title":null,"description":null,"keywords":null,"keyphrases":null,"primary_term":null,"canonical_url":null,"og_title":null,"og_description":null,"og_object_type":"default","og_image_type":"default","og_image_url":null,"og_image_width":null,"og_image_height":null,"og_image_custom_url":null,"og_image_custom_fields":null,"og_video":null,"og_custom_url":null,"og_article_section":null,"og_article_tags":null,"twitter_use_og":false,"twitter_card":"default","twitter_image_type":"default","twitter_image_url":null,"twitter_image_custom_url":null,"twitter_image_custom_fields":null,"twitter_title":null,"twitter_description":null,"schema":{"blockGraphs":[],"customGraphs":[],"default":{"data":{"Article":[],"Course":[],"Dataset":[],"FAQPage":[],"Movie":[],"Person":[],"Product":[],"ProductReview":[],"Car":[],"Recipe":[],"Service":[],"SoftwareApplication":[],"WebPage":[]},"graphName":"","isEnabled":true},"graphs":[],"defaultGraph":"","defaultPostTypeGraph":""},"schema_type":null,"schema_type_options":null,"pillar_content":false,"robots_default":true,"robots_noindex":false,"robots_noarchive":false,"robots_nosnippet":false,"robots_nofollow":false,"robots_noimageindex":false,"robots_noodp":false,"robots_notranslate":false,"robots_max_snippet":null,"robots_max_videopreview":null,"robots_max_imagepreview":"large","priority":null,"frequency":null,"location":null,"local_seo":null,"breadcrumb_settings":null,"limit_modified_date":false,"ai":null,"created":"2021-02-01 22:54:08","updated":"2025-10-02 11:46:35","seo_analyzer_scan_date":null,"focus_keyword":null,"additional_keywords":null,"truseo_locale":null},"aioseo_breadcrumb":"<div class=\"aioseo-breadcrumbs\"><span class=\"aioseo-breadcrumb\">\n\t\t\t<a href=\"https:\/\/allasorias.hu\/hirek\" title=\"Home\">Home<\/a>\n\t\t<\/span><span class=\"aioseo-breadcrumb-separator\">&raquo;<\/span><span class=\"aioseo-breadcrumb\">\n\t\t\t<a href=\"https:\/\/allasorias.hu\/hirek\/temak\/allaskereses\/\" title=\"\u00c1ll\u00e1skeres\u00e9s\">\u00c1ll\u00e1skeres\u00e9s<\/a>\n\t\t<\/span><span class=\"aioseo-breadcrumb-separator\">&raquo;<\/span><span class=\"aioseo-breadcrumb\">\n\t\t\tSeg\u00edt a korm\u00e1ny az elbocs\u00e1tott dolgoz\u00f3kon\n\t\t<\/span><\/div>","aioseo_breadcrumb_json":[{"label":"Home","link":"https:\/\/allasorias.hu\/hirek"},{"label":"\u00c1ll\u00e1skeres\u00e9s","link":"https:\/\/allasorias.hu\/hirek\/temak\/allaskereses\/"},{"label":"Seg\u00edt a korm\u00e1ny az elbocs\u00e1tott dolgoz\u00f3kon","link":"https:\/\/allasorias.hu\/hirek\/segit-a-kormany-az-elbocsatott-dolgozokon\/"}],"_links":{"self":[{"href":"https:\/\/allasorias.hu\/hirek\/wp-json\/wp\/v2\/posts\/3283","targetHints":{"allow":["GET"]}}],"collection":[{"href":"https:\/\/allasorias.hu\/hirek\/wp-json\/wp\/v2\/posts"}],"about":[{"href":"https:\/\/allasorias.hu\/hirek\/wp-json\/wp\/v2\/types\/post"}],"author":[{"embeddable":true,"href":"https:\/\/allasorias.hu\/hirek\/wp-json\/wp\/v2\/users\/1"}],"replies":[{"embeddable":true,"href":"https:\/\/allasorias.hu\/hirek\/wp-json\/wp\/v2\/comments?post=3283"}],"version-history":[{"count":1,"href":"https:\/\/allasorias.hu\/hirek\/wp-json\/wp\/v2\/posts\/3283\/revisions"}],"predecessor-version":[{"id":3284,"href":"https:\/\/allasorias.hu\/hirek\/wp-json\/wp\/v2\/posts\/3283\/revisions\/3284"}],"wp:featuredmedia":[{"embeddable":true,"href":"https:\/\/allasorias.hu\/hirek\/wp-json\/wp\/v2\/media\/3066"}],"wp:attachment":[{"href":"https:\/\/allasorias.hu\/hirek\/wp-json\/wp\/v2\/media?parent=3283"}],"wp:term":[{"taxonomy":"category","embeddable":true,"href":"https:\/\/allasorias.hu\/hirek\/wp-json\/wp\/v2\/categories?post=3283"},{"taxonomy":"post_tag","embeddable":true,"href":"https:\/\/allasorias.hu\/hirek\/wp-json\/wp\/v2\/tags?post=3283"}],"curies":[{"name":"wp","href":"https:\/\/api.w.org\/{rel}","templated":true}]}}