{"id":3276,"date":"2019-09-11T09:15:46","date_gmt":"2019-09-11T09:15:46","guid":{"rendered":"https:\/\/allasorias.hu\/hirek\/?p=3276"},"modified":"2019-09-11T09:15:46","modified_gmt":"2019-09-11T09:15:46","slug":"aki-dolgozni-akar-dolgozhasson","status":"publish","type":"post","link":"https:\/\/allasorias.hu\/hirek\/aki-dolgozni-akar-dolgozhasson\/","title":{"rendered":"Aki dolgozni akar, dolgozhasson"},"content":{"rendered":"<p><strong>A magyar korm\u00e1ny munkalehet\u0151s\u00e9get szeretne biztos\u00edtani mindenkinek, aki dolgozni akar \u2013 haz\u00e1nk \u00a0ereje a munk\u00e1t v\u00e1llal\u00f3k teljes\u00edtm\u00e9ny\u00e9t\u0151l f\u00fcgg &#8211; jelentette ki a F\u0151v\u00e1rosi Korm\u00e1nyhivatal keddi \u00e1ll\u00e1sb\u00f6rz\u00e9j\u00e9n a Minisztereln\u00f6ks\u00e9g k\u00f6zszolg\u00e1lat\u00e9rt felel\u0151s \u00e1llamtitk\u00e1ra. Tuzson Bence a foglalkoztatotts\u00e1g tov\u00e1bbi b\u0151v\u00edt\u00e9se \u00e9rdek\u00e9ben a munka megbecs\u00fcl\u00e9s\u00e9t, illetve a munk\u00e1t keres\u0151k \u00e9s k\u00edn\u00e1l\u00f3k hat\u00e9kony \u00f6sszek\u00f6t\u00e9s\u00e9t s\u00fcrgette. <\/strong><\/p>\n<p>Budapesten 2,2 sz\u00e1zal\u00e9k a munkan\u00e9lk\u00fclis\u00e9g, mik\u00f6zben 8 ezer bet\u00f6ltetlen \u00e1ll\u00e1shelyet tartanak nyilv\u00e1n a f\u0151v\u00e1rosban. Az orsz\u00e1g akkor lesz a leger\u0151sebb, ha mindenki munk\u00e1hoz jutott, megtal\u00e1lva a sz\u00e1m\u00e1ra legmegfelel\u0151bb \u00e1ll\u00e1shelyet &#8211; mondta az \u00e1llamtitk\u00e1r.Bod\u00f3 S\u00e1ndor, a P\u00e9nz\u00fcgyminiszt\u00e9rium foglalkoztat\u00e1spolitik\u00e1\u00e9rt \u00e9s v\u00e1llalati kapcsolatok\u00e9rt felel\u0151s \u00e1llamtitk\u00e1ra szerint a rekordszint\u0171 foglalkoztat\u00e1ssal p\u00e1rhuzamosan a szabad munkaer\u0151-tartal\u00e9k fellel\u00e9se v\u00e1lt a legnagyobb kih\u00edv\u00e1ss\u00e1. Hozz\u00e1tette, hogy a munkav\u00e1llal\u00f3k elhelyezked\u00e9s\u00e9t k\u00e9pess\u00e9geik felm\u00e9r\u00e9s\u00e9vel \u00e9s k\u00e9pz\u00e9si aj\u00e1nlatokkal t\u00e1mogatn\u00e1k, a munkaad\u00f3k ig\u00e9nyeit pedig a v\u00e1llalati kapcsolattart\u00f3k seg\u00edts\u00e9g\u00e9vel m\u00e9rn\u00e9k f\u00f6l. A foglalkoztat\u00e1s sz\u00e1mai m\u00f6g\u00f6tt emberek \u00e9s csal\u00e1dok \u00e1llnak, a foglalkoztat\u00e1spolitika int\u00e9zked\u00e9sei az \u0151 mindennapjaikat \u00e9s j\u00f6v\u0151j\u00fcket hat\u00e1rozz\u00e1k meg &#8211; hangs\u00falyozta. A budapesti korm\u00e1nyhivatal m\u00falt heti k\u00f6zlem\u00e9nye szerint a f\u0151v\u00e1ros 14,4 ezer \u00e1ll\u00e1skeres\u0151t tart nyilv\u00e1n. A bet\u00f6ltetlen helyek jelent\u0151s r\u00e9sz\u00e9t az \u00e9p\u00edt\u0151ipar, a kereskedelem, a szolg\u00e1ltat\u00e1sok \u00e9s a vend\u00e9gl\u00e1t\u00f3ipar adja, de sokan keresnek j\u00e1rm\u0171vezet\u0151ket \u00e9s g\u00e9pkezel\u0151ket is.<\/p>\n<p>&nbsp;<\/p>\n<p>Forr\u00e1s: kormany.hu,MTI<\/p>\n","protected":false},"excerpt":{"rendered":"<p>A magyar korm\u00e1ny munkalehet\u0151s\u00e9get szeretne biztos\u00edtani mindenkinek, aki dolgozni akar \u2013 haz\u00e1nk \u00a0ereje a munk\u00e1t v\u00e1llal\u00f3k teljes\u00edtm\u00e9ny\u00e9t\u0151l f\u00fcgg &#8211; jelentette ki a F\u0151v\u00e1rosi Korm\u00e1nyhivatal keddi \u00e1ll\u00e1sb\u00f6rz\u00e9j\u00e9n a Minisztereln\u00f6ks\u00e9g k\u00f6zszolg\u00e1lat\u00e9rt felel\u0151s \u00e1llamtitk\u00e1ra. Tuzson Bence a foglalkoztatotts\u00e1g tov\u00e1bbi b\u0151v\u00edt\u00e9se \u00e9rdek\u00e9ben a munka megbecs\u00fcl\u00e9s\u00e9t, illetve a munk\u00e1t keres\u0151k \u00e9s k\u00edn\u00e1l\u00f3k hat\u00e9kony \u00f6sszek\u00f6t\u00e9s\u00e9t s\u00fcrgette. Budapesten 2,2 sz\u00e1zal\u00e9k a munkan\u00e9lk\u00fclis\u00e9g, [&hellip;]<\/p>\n","protected":false},"author":1,"featured_media":2812,"comment_status":"open","ping_status":"open","sticky":false,"template":"","format":"standard","meta":{"_monsterinsights_skip_tracking":false,"footnotes":""},"categories":[198,200],"tags":[],"class_list":["post-3276","post","type-post","status-publish","format-standard","has-post-thumbnail","hentry","category-gazdasag","category-munkaeropiac"],"aioseo_notices":[],"aioseo_head":"\n\t\t<!-- All in One SEO 5.0.0.1 - aioseo.com -->\n\t<meta name=\"description\" content=\"A magyar korm\u00e1ny munkalehet\u0151s\u00e9get szeretne biztos\u00edtani mindenkinek, aki dolgozni akar \u2013 haz\u00e1nk ereje a munk\u00e1t v\u00e1llal\u00f3k teljes\u00edtm\u00e9ny\u00e9t\u0151l f\u00fcgg - jelentette ki a F\u0151v\u00e1rosi Korm\u00e1nyhivatal keddi \u00e1ll\u00e1sb\u00f6rz\u00e9j\u00e9n a Minisztereln\u00f6ks\u00e9g k\u00f6zszolg\u00e1lat\u00e9rt felel\u0151s \u00e1llamtitk\u00e1ra. Tuzson Bence a foglalkoztatotts\u00e1g tov\u00e1bbi b\u0151v\u00edt\u00e9se \u00e9rdek\u00e9ben a munka megbecs\u00fcl\u00e9s\u00e9t, illetve a munk\u00e1t keres\u0151k \u00e9s k\u00edn\u00e1l\u00f3k hat\u00e9kony \u00f6sszek\u00f6t\u00e9s\u00e9t s\u00fcrgette. Budapesten 2,2 sz\u00e1zal\u00e9k a munkan\u00e9lk\u00fclis\u00e9g,\" \/>\n\t<meta name=\"robots\" content=\"max-image-preview:large\" \/>\n\t<meta name=\"author\" content=\"Juh\u00e1sz P\u00e9ter\"\/>\n\t<link rel=\"canonical\" href=\"https:\/\/allasorias.hu\/hirek\/aki-dolgozni-akar-dolgozhasson\/\" \/>\n\t<meta name=\"generator\" content=\"All in One SEO (AIOSEO) 5.0.0.1\" \/>\n\t\t<meta property=\"og:locale\" content=\"hu_HU\" \/>\n\t\t<meta property=\"og:site_name\" content=\"AllasOrias.hu | H\u00edrek-lapszemle | \u00dczleti h\u00edrek az \u00e1ll\u00e1s \u00e9s a munka vil\u00e1g\u00e1b\u00f3l\" \/>\n\t\t<meta property=\"og:type\" content=\"article\" \/>\n\t\t<meta property=\"og:title\" content=\"Aki dolgozni akar, dolgozhasson | AllasOrias.hu | H\u00edrek-lapszemle\" \/>\n\t\t<meta property=\"og:description\" content=\"A magyar korm\u00e1ny munkalehet\u0151s\u00e9get szeretne biztos\u00edtani mindenkinek, aki dolgozni akar \u2013 haz\u00e1nk ereje a munk\u00e1t v\u00e1llal\u00f3k teljes\u00edtm\u00e9ny\u00e9t\u0151l f\u00fcgg - jelentette ki a F\u0151v\u00e1rosi Korm\u00e1nyhivatal keddi \u00e1ll\u00e1sb\u00f6rz\u00e9j\u00e9n a Minisztereln\u00f6ks\u00e9g k\u00f6zszolg\u00e1lat\u00e9rt felel\u0151s \u00e1llamtitk\u00e1ra. Tuzson Bence a foglalkoztatotts\u00e1g tov\u00e1bbi b\u0151v\u00edt\u00e9se \u00e9rdek\u00e9ben a munka megbecs\u00fcl\u00e9s\u00e9t, illetve a munk\u00e1t keres\u0151k \u00e9s k\u00edn\u00e1l\u00f3k hat\u00e9kony \u00f6sszek\u00f6t\u00e9s\u00e9t s\u00fcrgette. Budapesten 2,2 sz\u00e1zal\u00e9k a munkan\u00e9lk\u00fclis\u00e9g,\" \/>\n\t\t<meta property=\"og:url\" content=\"https:\/\/allasorias.hu\/hirek\/aki-dolgozni-akar-dolgozhasson\/\" \/>\n\t\t<meta property=\"og:image\" content=\"https:\/\/allasorias.hu\/hirek\/wp-content\/uploads\/2019\/04\/adult-agent-banking-684387.jpg\" \/>\n\t\t<meta property=\"og:image:secure_url\" content=\"https:\/\/allasorias.hu\/hirek\/wp-content\/uploads\/2019\/04\/adult-agent-banking-684387.jpg\" \/>\n\t\t<meta property=\"og:image:width\" content=\"640\" \/>\n\t\t<meta property=\"og:image:height\" content=\"423\" \/>\n\t\t<meta property=\"article:published_time\" content=\"2019-09-11T09:15:46+00:00\" \/>\n\t\t<meta property=\"article:modified_time\" content=\"2019-09-11T09:15:46+00:00\" \/>\n\t\t<meta property=\"article:publisher\" content=\"https:\/\/www.facebook.com\/allasorias\" \/>\n\t\t<meta name=\"twitter:card\" content=\"summary_large_image\" \/>\n\t\t<meta name=\"twitter:title\" content=\"Aki dolgozni akar, dolgozhasson | AllasOrias.hu | H\u00edrek-lapszemle\" \/>\n\t\t<meta name=\"twitter:description\" content=\"A magyar korm\u00e1ny munkalehet\u0151s\u00e9get szeretne biztos\u00edtani mindenkinek, aki dolgozni akar \u2013 haz\u00e1nk ereje a munk\u00e1t v\u00e1llal\u00f3k teljes\u00edtm\u00e9ny\u00e9t\u0151l f\u00fcgg - jelentette ki a F\u0151v\u00e1rosi Korm\u00e1nyhivatal keddi \u00e1ll\u00e1sb\u00f6rz\u00e9j\u00e9n a Minisztereln\u00f6ks\u00e9g k\u00f6zszolg\u00e1lat\u00e9rt felel\u0151s \u00e1llamtitk\u00e1ra. Tuzson Bence a foglalkoztatotts\u00e1g tov\u00e1bbi b\u0151v\u00edt\u00e9se \u00e9rdek\u00e9ben a munka megbecs\u00fcl\u00e9s\u00e9t, illetve a munk\u00e1t keres\u0151k \u00e9s k\u00edn\u00e1l\u00f3k hat\u00e9kony \u00f6sszek\u00f6t\u00e9s\u00e9t s\u00fcrgette. Budapesten 2,2 sz\u00e1zal\u00e9k a munkan\u00e9lk\u00fclis\u00e9g,\" \/>\n\t\t<meta name=\"twitter:image\" content=\"https:\/\/allasorias.hu\/hirek\/wp-content\/uploads\/2019\/04\/adult-agent-banking-684387.jpg\" \/>\n\t\t<meta name=\"twitter:label1\" content=\"Written by\" \/>\n\t\t<meta name=\"twitter:data1\" content=\"Juh\u00e1sz P\u00e9ter\" \/>\n\t\t<meta name=\"twitter:label2\" content=\"Est. reading time\" \/>\n\t\t<meta name=\"twitter:data2\" content=\"2 minutes\" \/>\n\t\t<script type=\"application\/ld+json\" class=\"aioseo-schema\">\n\t\t\t{\"@context\":\"https:\\\/\\\/schema.org\",\"@graph\":[{\"@type\":\"Article\",\"@id\":\"https:\\\/\\\/allasorias.hu\\\/hirek\\\/aki-dolgozni-akar-dolgozhasson\\\/#article\",\"name\":\"Aki dolgozni akar, dolgozhasson | AllasOrias.hu | H\\u00edrek-lapszemle\",\"headline\":\"Aki dolgozni akar, dolgozhasson\",\"author\":{\"@id\":\"https:\\\/\\\/allasorias.hu\\\/hirek\\\/author\\\/admin-allasorias\\\/#author\"},\"publisher\":{\"@id\":\"https:\\\/\\\/allasorias.hu\\\/hirek\\\/#organization\"},\"image\":{\"@type\":\"ImageObject\",\"url\":\"https:\\\/\\\/allasorias.hu\\\/hirek\\\/wp-content\\\/uploads\\\/2019\\\/04\\\/adult-agent-banking-684387.jpg\",\"width\":640,\"height\":423},\"datePublished\":\"2019-09-11T09:15:46+02:00\",\"dateModified\":\"2019-09-11T09:15:46+02:00\",\"inLanguage\":\"hu-HU\",\"mainEntityOfPage\":{\"@id\":\"https:\\\/\\\/allasorias.hu\\\/hirek\\\/aki-dolgozni-akar-dolgozhasson\\\/#webpage\"},\"isPartOf\":{\"@id\":\"https:\\\/\\\/allasorias.hu\\\/hirek\\\/aki-dolgozni-akar-dolgozhasson\\\/#webpage\"},\"articleSection\":\"Gazdas\\u00e1g, Munkaer\\u0151piac\"},{\"@type\":\"BreadcrumbList\",\"@id\":\"https:\\\/\\\/allasorias.hu\\\/hirek\\\/aki-dolgozni-akar-dolgozhasson\\\/#breadcrumblist\",\"itemListElement\":[{\"@type\":\"ListItem\",\"@id\":\"https:\\\/\\\/allasorias.hu\\\/hirek#listItem\",\"position\":1,\"name\":\"Home\",\"item\":\"https:\\\/\\\/allasorias.hu\\\/hirek\",\"nextItem\":{\"@type\":\"ListItem\",\"@id\":\"https:\\\/\\\/allasorias.hu\\\/hirek\\\/temak\\\/gazdasag\\\/#listItem\",\"name\":\"Gazdas\\u00e1g\"}},{\"@type\":\"ListItem\",\"@id\":\"https:\\\/\\\/allasorias.hu\\\/hirek\\\/temak\\\/gazdasag\\\/#listItem\",\"position\":2,\"name\":\"Gazdas\\u00e1g\",\"item\":\"https:\\\/\\\/allasorias.hu\\\/hirek\\\/temak\\\/gazdasag\\\/\",\"nextItem\":{\"@type\":\"ListItem\",\"@id\":\"https:\\\/\\\/allasorias.hu\\\/hirek\\\/aki-dolgozni-akar-dolgozhasson\\\/#listItem\",\"name\":\"Aki dolgozni akar, dolgozhasson\"},\"previousItem\":{\"@type\":\"ListItem\",\"@id\":\"https:\\\/\\\/allasorias.hu\\\/hirek#listItem\",\"name\":\"Home\"}},{\"@type\":\"ListItem\",\"@id\":\"https:\\\/\\\/allasorias.hu\\\/hirek\\\/aki-dolgozni-akar-dolgozhasson\\\/#listItem\",\"position\":3,\"name\":\"Aki dolgozni akar, dolgozhasson\",\"previousItem\":{\"@type\":\"ListItem\",\"@id\":\"https:\\\/\\\/allasorias.hu\\\/hirek\\\/temak\\\/gazdasag\\\/#listItem\",\"name\":\"Gazdas\\u00e1g\"}}]},{\"@type\":\"Organization\",\"@id\":\"https:\\\/\\\/allasorias.hu\\\/hirek\\\/#organization\",\"name\":\"AllasOrias.hu | H\\u00edrek-lapszemle\",\"description\":\"\\u00dczleti h\\u00edrek az \\u00e1ll\\u00e1s \\u00e9s a munka vil\\u00e1g\\u00e1b\\u00f3l\",\"url\":\"https:\\\/\\\/allasorias.hu\\\/hirek\\\/\",\"logo\":{\"@type\":\"ImageObject\",\"url\":\"https:\\\/\\\/allasorias.hu\\\/hirek\\\/wp-content\\\/uploads\\\/2022\\\/10\\\/allasorias_site_facebok_logo.png\",\"@id\":\"https:\\\/\\\/allasorias.hu\\\/hirek\\\/aki-dolgozni-akar-dolgozhasson\\\/#organizationLogo\"},\"image\":{\"@id\":\"https:\\\/\\\/allasorias.hu\\\/hirek\\\/aki-dolgozni-akar-dolgozhasson\\\/#organizationLogo\"},\"sameAs\":[\"https:\\\/\\\/www.facebook.com\\\/allasorias\",\"https:\\\/\\\/www.linkedin.com\\\/company\\\/allasorias\"]},{\"@type\":\"Person\",\"@id\":\"https:\\\/\\\/allasorias.hu\\\/hirek\\\/author\\\/admin-allasorias\\\/#author\",\"url\":\"https:\\\/\\\/allasorias.hu\\\/hirek\\\/author\\\/admin-allasorias\\\/\",\"name\":\"Juh\\u00e1sz P\\u00e9ter\",\"image\":{\"@type\":\"ImageObject\",\"@id\":\"https:\\\/\\\/allasorias.hu\\\/hirek\\\/aki-dolgozni-akar-dolgozhasson\\\/#authorImage\",\"url\":\"https:\\\/\\\/secure.gravatar.com\\\/avatar\\\/36e6bcb83148978b992977cb0f54d22feb0cce8a0a849a9410532bb2623ba4c6?s=96&d=mm&r=g\",\"width\":96,\"height\":96,\"caption\":\"Juh\\u00e1sz P\\u00e9ter\"}},{\"@type\":\"WebPage\",\"@id\":\"https:\\\/\\\/allasorias.hu\\\/hirek\\\/aki-dolgozni-akar-dolgozhasson\\\/#webpage\",\"url\":\"https:\\\/\\\/allasorias.hu\\\/hirek\\\/aki-dolgozni-akar-dolgozhasson\\\/\",\"name\":\"Aki dolgozni akar, dolgozhasson | AllasOrias.hu | H\\u00edrek-lapszemle\",\"description\":\"A magyar korm\\u00e1ny munkalehet\\u0151s\\u00e9get szeretne biztos\\u00edtani mindenkinek, aki dolgozni akar \\u2013 haz\\u00e1nk ereje a munk\\u00e1t v\\u00e1llal\\u00f3k teljes\\u00edtm\\u00e9ny\\u00e9t\\u0151l f\\u00fcgg - jelentette ki a F\\u0151v\\u00e1rosi Korm\\u00e1nyhivatal keddi \\u00e1ll\\u00e1sb\\u00f6rz\\u00e9j\\u00e9n a Minisztereln\\u00f6ks\\u00e9g k\\u00f6zszolg\\u00e1lat\\u00e9rt felel\\u0151s \\u00e1llamtitk\\u00e1ra. Tuzson Bence a foglalkoztatotts\\u00e1g tov\\u00e1bbi b\\u0151v\\u00edt\\u00e9se \\u00e9rdek\\u00e9ben a munka megbecs\\u00fcl\\u00e9s\\u00e9t, illetve a munk\\u00e1t keres\\u0151k \\u00e9s k\\u00edn\\u00e1l\\u00f3k hat\\u00e9kony \\u00f6sszek\\u00f6t\\u00e9s\\u00e9t s\\u00fcrgette. Budapesten 2,2 sz\\u00e1zal\\u00e9k a munkan\\u00e9lk\\u00fclis\\u00e9g,\",\"inLanguage\":\"hu-HU\",\"isPartOf\":{\"@id\":\"https:\\\/\\\/allasorias.hu\\\/hirek\\\/#website\"},\"breadcrumb\":{\"@id\":\"https:\\\/\\\/allasorias.hu\\\/hirek\\\/aki-dolgozni-akar-dolgozhasson\\\/#breadcrumblist\"},\"author\":{\"@id\":\"https:\\\/\\\/allasorias.hu\\\/hirek\\\/author\\\/admin-allasorias\\\/#author\"},\"creator\":{\"@id\":\"https:\\\/\\\/allasorias.hu\\\/hirek\\\/author\\\/admin-allasorias\\\/#author\"},\"image\":{\"@type\":\"ImageObject\",\"url\":\"https:\\\/\\\/allasorias.hu\\\/hirek\\\/wp-content\\\/uploads\\\/2019\\\/04\\\/adult-agent-banking-684387.jpg\",\"@id\":\"https:\\\/\\\/allasorias.hu\\\/hirek\\\/aki-dolgozni-akar-dolgozhasson\\\/#mainImage\",\"width\":640,\"height\":423},\"primaryImageOfPage\":{\"@id\":\"https:\\\/\\\/allasorias.hu\\\/hirek\\\/aki-dolgozni-akar-dolgozhasson\\\/#mainImage\"},\"datePublished\":\"2019-09-11T09:15:46+02:00\",\"dateModified\":\"2019-09-11T09:15:46+02:00\"},{\"@type\":\"WebSite\",\"@id\":\"https:\\\/\\\/allasorias.hu\\\/hirek\\\/#website\",\"url\":\"https:\\\/\\\/allasorias.hu\\\/hirek\\\/\",\"name\":\"AllasOrias.hu | H\\u00edrek-lapszemle\",\"description\":\"\\u00dczleti h\\u00edrek az \\u00e1ll\\u00e1s \\u00e9s a munka vil\\u00e1g\\u00e1b\\u00f3l\",\"inLanguage\":\"hu-HU\",\"publisher\":{\"@id\":\"https:\\\/\\\/allasorias.hu\\\/hirek\\\/#organization\"}}]}\n\t\t<\/script>\n\t\t<!-- All in One SEO -->\n\n","aioseo_head_json":{"title":"Aki dolgozni akar, dolgozhasson | AllasOrias.hu | H\u00edrek-lapszemle","description":"A magyar korm\u00e1ny munkalehet\u0151s\u00e9get szeretne biztos\u00edtani mindenkinek, aki dolgozni akar \u2013 haz\u00e1nk ereje a munk\u00e1t v\u00e1llal\u00f3k teljes\u00edtm\u00e9ny\u00e9t\u0151l f\u00fcgg - jelentette ki a F\u0151v\u00e1rosi Korm\u00e1nyhivatal keddi \u00e1ll\u00e1sb\u00f6rz\u00e9j\u00e9n a Minisztereln\u00f6ks\u00e9g k\u00f6zszolg\u00e1lat\u00e9rt felel\u0151s \u00e1llamtitk\u00e1ra. Tuzson Bence a foglalkoztatotts\u00e1g tov\u00e1bbi b\u0151v\u00edt\u00e9se \u00e9rdek\u00e9ben a munka megbecs\u00fcl\u00e9s\u00e9t, illetve a munk\u00e1t keres\u0151k \u00e9s k\u00edn\u00e1l\u00f3k hat\u00e9kony \u00f6sszek\u00f6t\u00e9s\u00e9t s\u00fcrgette. Budapesten 2,2 sz\u00e1zal\u00e9k a munkan\u00e9lk\u00fclis\u00e9g,","canonical_url":"https:\/\/allasorias.hu\/hirek\/aki-dolgozni-akar-dolgozhasson\/","robots":"max-image-preview:large","keywords":"","webmasterTools":{"miscellaneous":""},"schema":{"@context":"https:\/\/schema.org","@graph":[{"@type":"Article","@id":"https:\/\/allasorias.hu\/hirek\/aki-dolgozni-akar-dolgozhasson\/#article","name":"Aki dolgozni akar, dolgozhasson | AllasOrias.hu | H\u00edrek-lapszemle","headline":"Aki dolgozni akar, dolgozhasson","author":{"@id":"https:\/\/allasorias.hu\/hirek\/author\/admin-allasorias\/#author"},"publisher":{"@id":"https:\/\/allasorias.hu\/hirek\/#organization"},"image":{"@type":"ImageObject","url":"https:\/\/allasorias.hu\/hirek\/wp-content\/uploads\/2019\/04\/adult-agent-banking-684387.jpg","width":640,"height":423},"datePublished":"2019-09-11T09:15:46+02:00","dateModified":"2019-09-11T09:15:46+02:00","inLanguage":"hu-HU","mainEntityOfPage":{"@id":"https:\/\/allasorias.hu\/hirek\/aki-dolgozni-akar-dolgozhasson\/#webpage"},"isPartOf":{"@id":"https:\/\/allasorias.hu\/hirek\/aki-dolgozni-akar-dolgozhasson\/#webpage"},"articleSection":"Gazdas\u00e1g, Munkaer\u0151piac"},{"@type":"BreadcrumbList","@id":"https:\/\/allasorias.hu\/hirek\/aki-dolgozni-akar-dolgozhasson\/#breadcrumblist","itemListElement":[{"@type":"ListItem","@id":"https:\/\/allasorias.hu\/hirek#listItem","position":1,"name":"Home","item":"https:\/\/allasorias.hu\/hirek","nextItem":{"@type":"ListItem","@id":"https:\/\/allasorias.hu\/hirek\/temak\/gazdasag\/#listItem","name":"Gazdas\u00e1g"}},{"@type":"ListItem","@id":"https:\/\/allasorias.hu\/hirek\/temak\/gazdasag\/#listItem","position":2,"name":"Gazdas\u00e1g","item":"https:\/\/allasorias.hu\/hirek\/temak\/gazdasag\/","nextItem":{"@type":"ListItem","@id":"https:\/\/allasorias.hu\/hirek\/aki-dolgozni-akar-dolgozhasson\/#listItem","name":"Aki dolgozni akar, dolgozhasson"},"previousItem":{"@type":"ListItem","@id":"https:\/\/allasorias.hu\/hirek#listItem","name":"Home"}},{"@type":"ListItem","@id":"https:\/\/allasorias.hu\/hirek\/aki-dolgozni-akar-dolgozhasson\/#listItem","position":3,"name":"Aki dolgozni akar, dolgozhasson","previousItem":{"@type":"ListItem","@id":"https:\/\/allasorias.hu\/hirek\/temak\/gazdasag\/#listItem","name":"Gazdas\u00e1g"}}]},{"@type":"Organization","@id":"https:\/\/allasorias.hu\/hirek\/#organization","name":"AllasOrias.hu | H\u00edrek-lapszemle","description":"\u00dczleti h\u00edrek az \u00e1ll\u00e1s \u00e9s a munka vil\u00e1g\u00e1b\u00f3l","url":"https:\/\/allasorias.hu\/hirek\/","logo":{"@type":"ImageObject","url":"https:\/\/allasorias.hu\/hirek\/wp-content\/uploads\/2022\/10\/allasorias_site_facebok_logo.png","@id":"https:\/\/allasorias.hu\/hirek\/aki-dolgozni-akar-dolgozhasson\/#organizationLogo"},"image":{"@id":"https:\/\/allasorias.hu\/hirek\/aki-dolgozni-akar-dolgozhasson\/#organizationLogo"},"sameAs":["https:\/\/www.facebook.com\/allasorias","https:\/\/www.linkedin.com\/company\/allasorias"]},{"@type":"Person","@id":"https:\/\/allasorias.hu\/hirek\/author\/admin-allasorias\/#author","url":"https:\/\/allasorias.hu\/hirek\/author\/admin-allasorias\/","name":"Juh\u00e1sz P\u00e9ter","image":{"@type":"ImageObject","@id":"https:\/\/allasorias.hu\/hirek\/aki-dolgozni-akar-dolgozhasson\/#authorImage","url":"https:\/\/secure.gravatar.com\/avatar\/36e6bcb83148978b992977cb0f54d22feb0cce8a0a849a9410532bb2623ba4c6?s=96&d=mm&r=g","width":96,"height":96,"caption":"Juh\u00e1sz P\u00e9ter"}},{"@type":"WebPage","@id":"https:\/\/allasorias.hu\/hirek\/aki-dolgozni-akar-dolgozhasson\/#webpage","url":"https:\/\/allasorias.hu\/hirek\/aki-dolgozni-akar-dolgozhasson\/","name":"Aki dolgozni akar, dolgozhasson | AllasOrias.hu | H\u00edrek-lapszemle","description":"A magyar korm\u00e1ny munkalehet\u0151s\u00e9get szeretne biztos\u00edtani mindenkinek, aki dolgozni akar \u2013 haz\u00e1nk ereje a munk\u00e1t v\u00e1llal\u00f3k teljes\u00edtm\u00e9ny\u00e9t\u0151l f\u00fcgg - jelentette ki a F\u0151v\u00e1rosi Korm\u00e1nyhivatal keddi \u00e1ll\u00e1sb\u00f6rz\u00e9j\u00e9n a Minisztereln\u00f6ks\u00e9g k\u00f6zszolg\u00e1lat\u00e9rt felel\u0151s \u00e1llamtitk\u00e1ra. Tuzson Bence a foglalkoztatotts\u00e1g tov\u00e1bbi b\u0151v\u00edt\u00e9se \u00e9rdek\u00e9ben a munka megbecs\u00fcl\u00e9s\u00e9t, illetve a munk\u00e1t keres\u0151k \u00e9s k\u00edn\u00e1l\u00f3k hat\u00e9kony \u00f6sszek\u00f6t\u00e9s\u00e9t s\u00fcrgette. Budapesten 2,2 sz\u00e1zal\u00e9k a munkan\u00e9lk\u00fclis\u00e9g,","inLanguage":"hu-HU","isPartOf":{"@id":"https:\/\/allasorias.hu\/hirek\/#website"},"breadcrumb":{"@id":"https:\/\/allasorias.hu\/hirek\/aki-dolgozni-akar-dolgozhasson\/#breadcrumblist"},"author":{"@id":"https:\/\/allasorias.hu\/hirek\/author\/admin-allasorias\/#author"},"creator":{"@id":"https:\/\/allasorias.hu\/hirek\/author\/admin-allasorias\/#author"},"image":{"@type":"ImageObject","url":"https:\/\/allasorias.hu\/hirek\/wp-content\/uploads\/2019\/04\/adult-agent-banking-684387.jpg","@id":"https:\/\/allasorias.hu\/hirek\/aki-dolgozni-akar-dolgozhasson\/#mainImage","width":640,"height":423},"primaryImageOfPage":{"@id":"https:\/\/allasorias.hu\/hirek\/aki-dolgozni-akar-dolgozhasson\/#mainImage"},"datePublished":"2019-09-11T09:15:46+02:00","dateModified":"2019-09-11T09:15:46+02:00"},{"@type":"WebSite","@id":"https:\/\/allasorias.hu\/hirek\/#website","url":"https:\/\/allasorias.hu\/hirek\/","name":"AllasOrias.hu | H\u00edrek-lapszemle","description":"\u00dczleti h\u00edrek az \u00e1ll\u00e1s \u00e9s a munka vil\u00e1g\u00e1b\u00f3l","inLanguage":"hu-HU","publisher":{"@id":"https:\/\/allasorias.hu\/hirek\/#organization"}}]},"og:locale":"hu_HU","og:site_name":"AllasOrias.hu | H\u00edrek-lapszemle | \u00dczleti h\u00edrek az \u00e1ll\u00e1s \u00e9s a munka vil\u00e1g\u00e1b\u00f3l","og:type":"article","og:title":"Aki dolgozni akar, dolgozhasson | AllasOrias.hu | H\u00edrek-lapszemle","og:description":"A magyar korm\u00e1ny munkalehet\u0151s\u00e9get szeretne biztos\u00edtani mindenkinek, aki dolgozni akar \u2013 haz\u00e1nk ereje a munk\u00e1t v\u00e1llal\u00f3k teljes\u00edtm\u00e9ny\u00e9t\u0151l f\u00fcgg - jelentette ki a F\u0151v\u00e1rosi Korm\u00e1nyhivatal keddi \u00e1ll\u00e1sb\u00f6rz\u00e9j\u00e9n a Minisztereln\u00f6ks\u00e9g k\u00f6zszolg\u00e1lat\u00e9rt felel\u0151s \u00e1llamtitk\u00e1ra. Tuzson Bence a foglalkoztatotts\u00e1g tov\u00e1bbi b\u0151v\u00edt\u00e9se \u00e9rdek\u00e9ben a munka megbecs\u00fcl\u00e9s\u00e9t, illetve a munk\u00e1t keres\u0151k \u00e9s k\u00edn\u00e1l\u00f3k hat\u00e9kony \u00f6sszek\u00f6t\u00e9s\u00e9t s\u00fcrgette. Budapesten 2,2 sz\u00e1zal\u00e9k a munkan\u00e9lk\u00fclis\u00e9g,","og:url":"https:\/\/allasorias.hu\/hirek\/aki-dolgozni-akar-dolgozhasson\/","og:image":"https:\/\/allasorias.hu\/hirek\/wp-content\/uploads\/2019\/04\/adult-agent-banking-684387.jpg","og:image:secure_url":"https:\/\/allasorias.hu\/hirek\/wp-content\/uploads\/2019\/04\/adult-agent-banking-684387.jpg","og:image:width":640,"og:image:height":423,"article:published_time":"2019-09-11T09:15:46+00:00","article:modified_time":"2019-09-11T09:15:46+00:00","article:publisher":"https:\/\/www.facebook.com\/allasorias","twitter:card":"summary_large_image","twitter:title":"Aki dolgozni akar, dolgozhasson | AllasOrias.hu | H\u00edrek-lapszemle","twitter:description":"A magyar korm\u00e1ny munkalehet\u0151s\u00e9get szeretne biztos\u00edtani mindenkinek, aki dolgozni akar \u2013 haz\u00e1nk ereje a munk\u00e1t v\u00e1llal\u00f3k teljes\u00edtm\u00e9ny\u00e9t\u0151l f\u00fcgg - jelentette ki a F\u0151v\u00e1rosi Korm\u00e1nyhivatal keddi \u00e1ll\u00e1sb\u00f6rz\u00e9j\u00e9n a Minisztereln\u00f6ks\u00e9g k\u00f6zszolg\u00e1lat\u00e9rt felel\u0151s \u00e1llamtitk\u00e1ra. Tuzson Bence a foglalkoztatotts\u00e1g tov\u00e1bbi b\u0151v\u00edt\u00e9se \u00e9rdek\u00e9ben a munka megbecs\u00fcl\u00e9s\u00e9t, illetve a munk\u00e1t keres\u0151k \u00e9s k\u00edn\u00e1l\u00f3k hat\u00e9kony \u00f6sszek\u00f6t\u00e9s\u00e9t s\u00fcrgette. Budapesten 2,2 sz\u00e1zal\u00e9k a munkan\u00e9lk\u00fclis\u00e9g,","twitter:image":"https:\/\/allasorias.hu\/hirek\/wp-content\/uploads\/2019\/04\/adult-agent-banking-684387.jpg","twitter:label1":"Written by","twitter:data1":"Juh\u00e1sz P\u00e9ter","twitter:label2":"Est. reading time","twitter:data2":"2 minutes"},"aioseo_meta_data":{"post_id":"3276","title":null,"description":null,"keywords":null,"keyphrases":null,"primary_term":null,"canonical_url":null,"og_title":null,"og_description":null,"og_object_type":"default","og_image_type":"default","og_image_url":null,"og_image_width":null,"og_image_height":null,"og_image_custom_url":null,"og_image_custom_fields":null,"og_video":null,"og_custom_url":null,"og_article_section":null,"og_article_tags":null,"twitter_use_og":false,"twitter_card":"default","twitter_image_type":"default","twitter_image_url":null,"twitter_image_custom_url":null,"twitter_image_custom_fields":null,"twitter_title":null,"twitter_description":null,"schema":{"blockGraphs":[],"customGraphs":[],"default":{"data":{"Article":[],"Course":[],"Dataset":[],"FAQPage":[],"Movie":[],"Person":[],"Product":[],"ProductReview":[],"Car":[],"Recipe":[],"Service":[],"SoftwareApplication":[],"WebPage":[]},"graphName":"","isEnabled":true},"graphs":[],"defaultGraph":"","defaultPostTypeGraph":""},"schema_type":null,"schema_type_options":null,"pillar_content":false,"robots_default":true,"robots_noindex":false,"robots_noarchive":false,"robots_nosnippet":false,"robots_nofollow":false,"robots_noimageindex":false,"robots_noodp":false,"robots_notranslate":false,"robots_max_snippet":null,"robots_max_videopreview":null,"robots_max_imagepreview":"large","priority":null,"frequency":null,"location":null,"local_seo":null,"breadcrumb_settings":null,"limit_modified_date":false,"ai":null,"created":"2021-02-01 22:54:08","updated":"2025-10-02 11:46:35","seo_analyzer_scan_date":null,"focus_keyword":null,"additional_keywords":null,"truseo_locale":null},"aioseo_breadcrumb":"<div class=\"aioseo-breadcrumbs\"><span class=\"aioseo-breadcrumb\">\n\t\t\t<a href=\"https:\/\/allasorias.hu\/hirek\" title=\"Home\">Home<\/a>\n\t\t<\/span><span class=\"aioseo-breadcrumb-separator\">&raquo;<\/span><span class=\"aioseo-breadcrumb\">\n\t\t\t<a href=\"https:\/\/allasorias.hu\/hirek\/temak\/gazdasag\/\" title=\"Gazdas\u00e1g\">Gazdas\u00e1g<\/a>\n\t\t<\/span><span class=\"aioseo-breadcrumb-separator\">&raquo;<\/span><span class=\"aioseo-breadcrumb\">\n\t\t\tAki dolgozni akar, dolgozhasson\n\t\t<\/span><\/div>","aioseo_breadcrumb_json":[{"label":"Home","link":"https:\/\/allasorias.hu\/hirek"},{"label":"Gazdas\u00e1g","link":"https:\/\/allasorias.hu\/hirek\/temak\/gazdasag\/"},{"label":"Aki dolgozni akar, dolgozhasson","link":"https:\/\/allasorias.hu\/hirek\/aki-dolgozni-akar-dolgozhasson\/"}],"_links":{"self":[{"href":"https:\/\/allasorias.hu\/hirek\/wp-json\/wp\/v2\/posts\/3276","targetHints":{"allow":["GET"]}}],"collection":[{"href":"https:\/\/allasorias.hu\/hirek\/wp-json\/wp\/v2\/posts"}],"about":[{"href":"https:\/\/allasorias.hu\/hirek\/wp-json\/wp\/v2\/types\/post"}],"author":[{"embeddable":true,"href":"https:\/\/allasorias.hu\/hirek\/wp-json\/wp\/v2\/users\/1"}],"replies":[{"embeddable":true,"href":"https:\/\/allasorias.hu\/hirek\/wp-json\/wp\/v2\/comments?post=3276"}],"version-history":[{"count":1,"href":"https:\/\/allasorias.hu\/hirek\/wp-json\/wp\/v2\/posts\/3276\/revisions"}],"predecessor-version":[{"id":3277,"href":"https:\/\/allasorias.hu\/hirek\/wp-json\/wp\/v2\/posts\/3276\/revisions\/3277"}],"wp:featuredmedia":[{"embeddable":true,"href":"https:\/\/allasorias.hu\/hirek\/wp-json\/wp\/v2\/media\/2812"}],"wp:attachment":[{"href":"https:\/\/allasorias.hu\/hirek\/wp-json\/wp\/v2\/media?parent=3276"}],"wp:term":[{"taxonomy":"category","embeddable":true,"href":"https:\/\/allasorias.hu\/hirek\/wp-json\/wp\/v2\/categories?post=3276"},{"taxonomy":"post_tag","embeddable":true,"href":"https:\/\/allasorias.hu\/hirek\/wp-json\/wp\/v2\/tags?post=3276"}],"curies":[{"name":"wp","href":"https:\/\/api.w.org\/{rel}","templated":true}]}}