{"id":3268,"date":"2019-09-09T08:41:16","date_gmt":"2019-09-09T08:41:16","guid":{"rendered":"https:\/\/allasorias.hu\/hirek\/?p=3268"},"modified":"2019-09-09T08:41:16","modified_gmt":"2019-09-09T08:41:16","slug":"kellene-az-uj-munkaero","status":"publish","type":"post","link":"https:\/\/allasorias.hu\/hirek\/kellene-az-uj-munkaero\/","title":{"rendered":"Kellene az \u00faj munkaer\u0151"},"content":{"rendered":"<p><strong>Egyre nehezebb friss munkaer\u0151t tal\u00e1lni, mondhatni be\u00e1llt a piac, magas a foglalkoztatotts\u00e1g, alacsony a munkan\u00e9lk\u00fclis\u00e9g. A K\u00f6zponti Statisztikai Hivatal legfrissebb adataira reag\u00e1lva Reg\u0151s G\u00e1bor, a Sz\u00e1zadv\u00e9g Gazdas\u00e1gkutat\u00f3 makrogazdas\u00e1gi \u00fczlet\u00e1g\u00e1nak vezet\u0151je elmondta: \u00a0a foglalkoztatottak sz\u00e1ma m\u00e1r harmadik h\u00f3napja meghaladja a 4,5 milli\u00f3t, teh\u00e1t historikusan is magas szinten \u00e1ll, 2010 azonos id\u0151szak\u00e1hoz viszony\u00edtva a foglalkoztatottak sz\u00e1ma 776 ezerrel n\u0151tt.<\/strong><\/p>\n<p>Az adatokb\u00f3l ugyanakkor az is l\u00e1tszik, hogy egyre nehezebb feladat az \u00faj munkaer\u0151 bevonz\u00e1sa. A foglalkoztat\u00e1si szint tov\u00e1bbi n\u00f6vel\u00e9s\u00e9ben seg\u00edts\u00e9get jelenthet egyebek k\u00f6zt a n\u0151k \u00e9s az 55 \u00e9ven fel\u00fcliek foglalkoztat\u00e1s\u00e1nak n\u00f6vel\u00e9se, akiknek munkaer\u0151piaci aktivit\u00e1sa az \u00e1tlagosn\u00e1l alacsonyabb. A folyamatot lass\u00edthatja ugyanakkor az Eur\u00f3pai Uni\u00f3 nagyobb gazdas\u00e1gainak gyeng\u00e9lked\u00e9se, amely a k\u00fcls\u0151 keresletre \u00e9s \u00edgy k\u00fcl\u00f6n\u00f6sen a nagyv\u00e1llalatokra gyakorolhat negat\u00edv hat\u00e1st. Virov\u00e1cz P\u00e9ter, az ING Bank vezet\u0151 elemz\u0151je az MTI-hez\u00a0 eljuttatott komment\u00e1rj\u00e1ban azt emelte ki, hogy rekord er\u0151s szinten l\u00e1tszik stabiliz\u00e1l\u00f3dni a magyar munkaer\u0151piac. A foglalkoztatottak sz\u00e1ma egy \u00e9v alatt m\u00e1r csup\u00e1n 0,3 sz\u00e1zal\u00e9kkal n\u0151tt, az aktivit\u00e1s pedig 0,1 sz\u00e1zal\u00e9kkal, ennek ered\u0151jek\u00e9nt tudott m\u00e9rs\u00e9kl\u0151dni az \u00e1ll\u00e1stalanok ar\u00e1nya. A magyar munkaer\u0151piac legf\u0151bb tartal\u00e9ka tov\u00e1bbra is a n\u0151k alacsony foglalkoztat\u00e1sa. Ezt jelzi az is, hogy m\u00edg a n\u0151k munkan\u00e9lk\u00fclis\u00e9gi mutat\u00f3i javulni tudtak, a f\u00e9rfiak\u00e9 nem v\u00e1ltozott. A v\u00e1llalatok tov\u00e1bbra is neh\u00e9z helyzetben vannak a friss munkaer\u0151 bevon\u00e1s\u00e1t illet\u0151en. A 158 ezres munkan\u00e9lk\u00fcli csoport t\u00f6bb mint 37 sz\u00e1zal\u00e9ka tart\u00f3san munkan\u00e9lk\u00fcli, vagyis nehezen foglalkoztathat\u00f3nak min\u0151s\u00fcl. Egyre komolyabb feladat h\u00e1rul az \u00e1llamra, hogy munkaer\u0151piaci eszk\u00f6z\u00f6k seg\u00edts\u00e9g\u00e9vel \u00fajabb embereket tudjon visszah\u00edvni a munkaer\u0151piacra, vagyis hogy aktiviz\u00e1lja a passz\u00edv r\u00e9tegeket \u00e9s a nehezen foglalkoztathat\u00f3kat seg\u00edtse az elhelyezked\u00e9sben. A m\u00e1sik oldalr\u00f3l viszont tal\u00e1n egyre kevesebb is lesz az ig\u00e9ny az \u00faj munkaer\u0151re. Ahogyan lassul a glob\u00e1lis gazdas\u00e1gi n\u00f6veked\u00e9s \u00e9s romlanak a kil\u00e1t\u00e1sok, \u00fagy a v\u00e1llalatok is el\u0151bb-ut\u00f3bb m\u00e9rs\u00e9klik a munkaer\u0151 ir\u00e1nti ig\u00e9ny\u00fcket. Ennek f\u00e9ny\u00e9ben Virov\u00e1cz P\u00e9ter 2019 h\u00e1tral\u00e9v\u0151 r\u00e9sz\u00e9ben \u00e9s j\u00f6v\u0151re nem sz\u00e1m\u00edt \u00e9rdemi v\u00e1ltoz\u00e1sra a munkaer\u0151piacon, tov\u00e1bbra is 3,4 sz\u00e1zal\u00e9k k\u00f6r\u00fcl ingadozhat a munkan\u00e9lk\u00fclis\u00e9gi r\u00e1ta. Forr\u00e1s: jarmuipar.hu<\/p>\n","protected":false},"excerpt":{"rendered":"<p>Egyre nehezebb friss munkaer\u0151t tal\u00e1lni, mondhatni be\u00e1llt a piac, magas a foglalkoztatotts\u00e1g, alacsony a munkan\u00e9lk\u00fclis\u00e9g. A K\u00f6zponti Statisztikai Hivatal legfrissebb adataira reag\u00e1lva Reg\u0151s G\u00e1bor, a Sz\u00e1zadv\u00e9g Gazdas\u00e1gkutat\u00f3 makrogazdas\u00e1gi \u00fczlet\u00e1g\u00e1nak vezet\u0151je elmondta: \u00a0a foglalkoztatottak sz\u00e1ma m\u00e1r harmadik h\u00f3napja meghaladja a 4,5 milli\u00f3t, teh\u00e1t historikusan is magas szinten \u00e1ll, 2010 azonos id\u0151szak\u00e1hoz viszony\u00edtva a foglalkoztatottak sz\u00e1ma 776 [&hellip;]<\/p>\n","protected":false},"author":1,"featured_media":2248,"comment_status":"open","ping_status":"open","sticky":false,"template":"","format":"standard","meta":{"_monsterinsights_skip_tracking":false,"footnotes":""},"categories":[1,200],"tags":[],"class_list":["post-3268","post","type-post","status-publish","format-standard","has-post-thumbnail","hentry","category-allaskereses","category-munkaeropiac"],"aioseo_notices":[],"aioseo_head":"\n\t\t<!-- All in One SEO 5.0.0.1 - aioseo.com -->\n\t<meta name=\"description\" content=\"Egyre nehezebb friss munkaer\u0151t tal\u00e1lni, mondhatni be\u00e1llt a piac, magas a foglalkoztatotts\u00e1g, alacsony a munkan\u00e9lk\u00fclis\u00e9g. A K\u00f6zponti Statisztikai Hivatal legfrissebb adataira reag\u00e1lva Reg\u0151s G\u00e1bor, a Sz\u00e1zadv\u00e9g Gazdas\u00e1gkutat\u00f3 makrogazdas\u00e1gi \u00fczlet\u00e1g\u00e1nak vezet\u0151je elmondta: a foglalkoztatottak sz\u00e1ma m\u00e1r harmadik h\u00f3napja meghaladja a 4,5 milli\u00f3t, teh\u00e1t historikusan is magas szinten \u00e1ll, 2010 azonos id\u0151szak\u00e1hoz viszony\u00edtva a foglalkoztatottak sz\u00e1ma 776\" \/>\n\t<meta name=\"robots\" content=\"max-image-preview:large\" \/>\n\t<meta name=\"author\" content=\"Juh\u00e1sz P\u00e9ter\"\/>\n\t<link rel=\"canonical\" href=\"https:\/\/allasorias.hu\/hirek\/kellene-az-uj-munkaero\/\" \/>\n\t<meta name=\"generator\" content=\"All in One SEO (AIOSEO) 5.0.0.1\" \/>\n\t\t<meta property=\"og:locale\" content=\"hu_HU\" \/>\n\t\t<meta property=\"og:site_name\" content=\"AllasOrias.hu | H\u00edrek-lapszemle | \u00dczleti h\u00edrek az \u00e1ll\u00e1s \u00e9s a munka vil\u00e1g\u00e1b\u00f3l\" \/>\n\t\t<meta property=\"og:type\" content=\"article\" \/>\n\t\t<meta property=\"og:title\" content=\"Kellene az \u00faj munkaer\u0151 | AllasOrias.hu | H\u00edrek-lapszemle\" \/>\n\t\t<meta property=\"og:description\" content=\"Egyre nehezebb friss munkaer\u0151t tal\u00e1lni, mondhatni be\u00e1llt a piac, magas a foglalkoztatotts\u00e1g, alacsony a munkan\u00e9lk\u00fclis\u00e9g. A K\u00f6zponti Statisztikai Hivatal legfrissebb adataira reag\u00e1lva Reg\u0151s G\u00e1bor, a Sz\u00e1zadv\u00e9g Gazdas\u00e1gkutat\u00f3 makrogazdas\u00e1gi \u00fczlet\u00e1g\u00e1nak vezet\u0151je elmondta: a foglalkoztatottak sz\u00e1ma m\u00e1r harmadik h\u00f3napja meghaladja a 4,5 milli\u00f3t, teh\u00e1t historikusan is magas szinten \u00e1ll, 2010 azonos id\u0151szak\u00e1hoz viszony\u00edtva a foglalkoztatottak sz\u00e1ma 776\" \/>\n\t\t<meta property=\"og:url\" content=\"https:\/\/allasorias.hu\/hirek\/kellene-az-uj-munkaero\/\" \/>\n\t\t<meta property=\"og:image\" content=\"https:\/\/allasorias.hu\/hirek\/wp-content\/uploads\/2018\/11\/lead_560w-1.jpg\" \/>\n\t\t<meta property=\"og:image:secure_url\" content=\"https:\/\/allasorias.hu\/hirek\/wp-content\/uploads\/2018\/11\/lead_560w-1.jpg\" \/>\n\t\t<meta property=\"og:image:width\" content=\"560\" \/>\n\t\t<meta property=\"og:image:height\" content=\"420\" \/>\n\t\t<meta property=\"article:published_time\" content=\"2019-09-09T08:41:16+00:00\" \/>\n\t\t<meta property=\"article:modified_time\" content=\"2019-09-09T08:41:16+00:00\" \/>\n\t\t<meta property=\"article:publisher\" content=\"https:\/\/www.facebook.com\/allasorias\" \/>\n\t\t<meta name=\"twitter:card\" content=\"summary_large_image\" \/>\n\t\t<meta name=\"twitter:title\" content=\"Kellene az \u00faj munkaer\u0151 | AllasOrias.hu | H\u00edrek-lapszemle\" \/>\n\t\t<meta name=\"twitter:description\" content=\"Egyre nehezebb friss munkaer\u0151t tal\u00e1lni, mondhatni be\u00e1llt a piac, magas a foglalkoztatotts\u00e1g, alacsony a munkan\u00e9lk\u00fclis\u00e9g. A K\u00f6zponti Statisztikai Hivatal legfrissebb adataira reag\u00e1lva Reg\u0151s G\u00e1bor, a Sz\u00e1zadv\u00e9g Gazdas\u00e1gkutat\u00f3 makrogazdas\u00e1gi \u00fczlet\u00e1g\u00e1nak vezet\u0151je elmondta: a foglalkoztatottak sz\u00e1ma m\u00e1r harmadik h\u00f3napja meghaladja a 4,5 milli\u00f3t, teh\u00e1t historikusan is magas szinten \u00e1ll, 2010 azonos id\u0151szak\u00e1hoz viszony\u00edtva a foglalkoztatottak sz\u00e1ma 776\" \/>\n\t\t<meta name=\"twitter:image\" content=\"https:\/\/allasorias.hu\/hirek\/wp-content\/uploads\/2018\/11\/lead_560w-1.jpg\" \/>\n\t\t<meta name=\"twitter:label1\" content=\"Written by\" \/>\n\t\t<meta name=\"twitter:data1\" content=\"Juh\u00e1sz P\u00e9ter\" \/>\n\t\t<meta name=\"twitter:label2\" content=\"Est. reading time\" \/>\n\t\t<meta name=\"twitter:data2\" content=\"2 minutes\" \/>\n\t\t<script type=\"application\/ld+json\" class=\"aioseo-schema\">\n\t\t\t{\"@context\":\"https:\\\/\\\/schema.org\",\"@graph\":[{\"@type\":\"Article\",\"@id\":\"https:\\\/\\\/allasorias.hu\\\/hirek\\\/kellene-az-uj-munkaero\\\/#article\",\"name\":\"Kellene az \\u00faj munkaer\\u0151 | AllasOrias.hu | H\\u00edrek-lapszemle\",\"headline\":\"Kellene az \\u00faj munkaer\\u0151\",\"author\":{\"@id\":\"https:\\\/\\\/allasorias.hu\\\/hirek\\\/author\\\/admin-allasorias\\\/#author\"},\"publisher\":{\"@id\":\"https:\\\/\\\/allasorias.hu\\\/hirek\\\/#organization\"},\"image\":{\"@type\":\"ImageObject\",\"url\":\"https:\\\/\\\/allasorias.hu\\\/hirek\\\/wp-content\\\/uploads\\\/2018\\\/11\\\/lead_560w-1.jpg\",\"width\":560,\"height\":420},\"datePublished\":\"2019-09-09T08:41:16+02:00\",\"dateModified\":\"2019-09-09T08:41:16+02:00\",\"inLanguage\":\"hu-HU\",\"commentCount\":2,\"mainEntityOfPage\":{\"@id\":\"https:\\\/\\\/allasorias.hu\\\/hirek\\\/kellene-az-uj-munkaero\\\/#webpage\"},\"isPartOf\":{\"@id\":\"https:\\\/\\\/allasorias.hu\\\/hirek\\\/kellene-az-uj-munkaero\\\/#webpage\"},\"articleSection\":\"\\u00c1ll\\u00e1skeres\\u00e9s, Munkaer\\u0151piac\"},{\"@type\":\"BreadcrumbList\",\"@id\":\"https:\\\/\\\/allasorias.hu\\\/hirek\\\/kellene-az-uj-munkaero\\\/#breadcrumblist\",\"itemListElement\":[{\"@type\":\"ListItem\",\"@id\":\"https:\\\/\\\/allasorias.hu\\\/hirek#listItem\",\"position\":1,\"name\":\"Home\",\"item\":\"https:\\\/\\\/allasorias.hu\\\/hirek\",\"nextItem\":{\"@type\":\"ListItem\",\"@id\":\"https:\\\/\\\/allasorias.hu\\\/hirek\\\/temak\\\/allaskereses\\\/#listItem\",\"name\":\"\\u00c1ll\\u00e1skeres\\u00e9s\"}},{\"@type\":\"ListItem\",\"@id\":\"https:\\\/\\\/allasorias.hu\\\/hirek\\\/temak\\\/allaskereses\\\/#listItem\",\"position\":2,\"name\":\"\\u00c1ll\\u00e1skeres\\u00e9s\",\"item\":\"https:\\\/\\\/allasorias.hu\\\/hirek\\\/temak\\\/allaskereses\\\/\",\"nextItem\":{\"@type\":\"ListItem\",\"@id\":\"https:\\\/\\\/allasorias.hu\\\/hirek\\\/kellene-az-uj-munkaero\\\/#listItem\",\"name\":\"Kellene az \\u00faj munkaer\\u0151\"},\"previousItem\":{\"@type\":\"ListItem\",\"@id\":\"https:\\\/\\\/allasorias.hu\\\/hirek#listItem\",\"name\":\"Home\"}},{\"@type\":\"ListItem\",\"@id\":\"https:\\\/\\\/allasorias.hu\\\/hirek\\\/kellene-az-uj-munkaero\\\/#listItem\",\"position\":3,\"name\":\"Kellene az \\u00faj munkaer\\u0151\",\"previousItem\":{\"@type\":\"ListItem\",\"@id\":\"https:\\\/\\\/allasorias.hu\\\/hirek\\\/temak\\\/allaskereses\\\/#listItem\",\"name\":\"\\u00c1ll\\u00e1skeres\\u00e9s\"}}]},{\"@type\":\"Organization\",\"@id\":\"https:\\\/\\\/allasorias.hu\\\/hirek\\\/#organization\",\"name\":\"AllasOrias.hu | H\\u00edrek-lapszemle\",\"description\":\"\\u00dczleti h\\u00edrek az \\u00e1ll\\u00e1s \\u00e9s a munka vil\\u00e1g\\u00e1b\\u00f3l\",\"url\":\"https:\\\/\\\/allasorias.hu\\\/hirek\\\/\",\"logo\":{\"@type\":\"ImageObject\",\"url\":\"https:\\\/\\\/allasorias.hu\\\/hirek\\\/wp-content\\\/uploads\\\/2022\\\/10\\\/allasorias_site_facebok_logo.png\",\"@id\":\"https:\\\/\\\/allasorias.hu\\\/hirek\\\/kellene-az-uj-munkaero\\\/#organizationLogo\"},\"image\":{\"@id\":\"https:\\\/\\\/allasorias.hu\\\/hirek\\\/kellene-az-uj-munkaero\\\/#organizationLogo\"},\"sameAs\":[\"https:\\\/\\\/www.facebook.com\\\/allasorias\",\"https:\\\/\\\/www.linkedin.com\\\/company\\\/allasorias\"]},{\"@type\":\"Person\",\"@id\":\"https:\\\/\\\/allasorias.hu\\\/hirek\\\/author\\\/admin-allasorias\\\/#author\",\"url\":\"https:\\\/\\\/allasorias.hu\\\/hirek\\\/author\\\/admin-allasorias\\\/\",\"name\":\"Juh\\u00e1sz P\\u00e9ter\",\"image\":{\"@type\":\"ImageObject\",\"@id\":\"https:\\\/\\\/allasorias.hu\\\/hirek\\\/kellene-az-uj-munkaero\\\/#authorImage\",\"url\":\"https:\\\/\\\/secure.gravatar.com\\\/avatar\\\/36e6bcb83148978b992977cb0f54d22feb0cce8a0a849a9410532bb2623ba4c6?s=96&d=mm&r=g\",\"width\":96,\"height\":96,\"caption\":\"Juh\\u00e1sz P\\u00e9ter\"}},{\"@type\":\"WebPage\",\"@id\":\"https:\\\/\\\/allasorias.hu\\\/hirek\\\/kellene-az-uj-munkaero\\\/#webpage\",\"url\":\"https:\\\/\\\/allasorias.hu\\\/hirek\\\/kellene-az-uj-munkaero\\\/\",\"name\":\"Kellene az \\u00faj munkaer\\u0151 | AllasOrias.hu | H\\u00edrek-lapszemle\",\"description\":\"Egyre nehezebb friss munkaer\\u0151t tal\\u00e1lni, mondhatni be\\u00e1llt a piac, magas a foglalkoztatotts\\u00e1g, alacsony a munkan\\u00e9lk\\u00fclis\\u00e9g. A K\\u00f6zponti Statisztikai Hivatal legfrissebb adataira reag\\u00e1lva Reg\\u0151s G\\u00e1bor, a Sz\\u00e1zadv\\u00e9g Gazdas\\u00e1gkutat\\u00f3 makrogazdas\\u00e1gi \\u00fczlet\\u00e1g\\u00e1nak vezet\\u0151je elmondta: a foglalkoztatottak sz\\u00e1ma m\\u00e1r harmadik h\\u00f3napja meghaladja a 4,5 milli\\u00f3t, teh\\u00e1t historikusan is magas szinten \\u00e1ll, 2010 azonos id\\u0151szak\\u00e1hoz viszony\\u00edtva a foglalkoztatottak sz\\u00e1ma 776\",\"inLanguage\":\"hu-HU\",\"isPartOf\":{\"@id\":\"https:\\\/\\\/allasorias.hu\\\/hirek\\\/#website\"},\"breadcrumb\":{\"@id\":\"https:\\\/\\\/allasorias.hu\\\/hirek\\\/kellene-az-uj-munkaero\\\/#breadcrumblist\"},\"author\":{\"@id\":\"https:\\\/\\\/allasorias.hu\\\/hirek\\\/author\\\/admin-allasorias\\\/#author\"},\"creator\":{\"@id\":\"https:\\\/\\\/allasorias.hu\\\/hirek\\\/author\\\/admin-allasorias\\\/#author\"},\"image\":{\"@type\":\"ImageObject\",\"url\":\"https:\\\/\\\/allasorias.hu\\\/hirek\\\/wp-content\\\/uploads\\\/2018\\\/11\\\/lead_560w-1.jpg\",\"@id\":\"https:\\\/\\\/allasorias.hu\\\/hirek\\\/kellene-az-uj-munkaero\\\/#mainImage\",\"width\":560,\"height\":420},\"primaryImageOfPage\":{\"@id\":\"https:\\\/\\\/allasorias.hu\\\/hirek\\\/kellene-az-uj-munkaero\\\/#mainImage\"},\"datePublished\":\"2019-09-09T08:41:16+02:00\",\"dateModified\":\"2019-09-09T08:41:16+02:00\"},{\"@type\":\"WebSite\",\"@id\":\"https:\\\/\\\/allasorias.hu\\\/hirek\\\/#website\",\"url\":\"https:\\\/\\\/allasorias.hu\\\/hirek\\\/\",\"name\":\"AllasOrias.hu | H\\u00edrek-lapszemle\",\"description\":\"\\u00dczleti h\\u00edrek az \\u00e1ll\\u00e1s \\u00e9s a munka vil\\u00e1g\\u00e1b\\u00f3l\",\"inLanguage\":\"hu-HU\",\"publisher\":{\"@id\":\"https:\\\/\\\/allasorias.hu\\\/hirek\\\/#organization\"}}]}\n\t\t<\/script>\n\t\t<!-- All in One SEO -->\n\n","aioseo_head_json":{"title":"Kellene az \u00faj munkaer\u0151 | AllasOrias.hu | H\u00edrek-lapszemle","description":"Egyre nehezebb friss munkaer\u0151t tal\u00e1lni, mondhatni be\u00e1llt a piac, magas a foglalkoztatotts\u00e1g, alacsony a munkan\u00e9lk\u00fclis\u00e9g. A K\u00f6zponti Statisztikai Hivatal legfrissebb adataira reag\u00e1lva Reg\u0151s G\u00e1bor, a Sz\u00e1zadv\u00e9g Gazdas\u00e1gkutat\u00f3 makrogazdas\u00e1gi \u00fczlet\u00e1g\u00e1nak vezet\u0151je elmondta: a foglalkoztatottak sz\u00e1ma m\u00e1r harmadik h\u00f3napja meghaladja a 4,5 milli\u00f3t, teh\u00e1t historikusan is magas szinten \u00e1ll, 2010 azonos id\u0151szak\u00e1hoz viszony\u00edtva a foglalkoztatottak sz\u00e1ma 776","canonical_url":"https:\/\/allasorias.hu\/hirek\/kellene-az-uj-munkaero\/","robots":"max-image-preview:large","keywords":"","webmasterTools":{"miscellaneous":""},"schema":{"@context":"https:\/\/schema.org","@graph":[{"@type":"Article","@id":"https:\/\/allasorias.hu\/hirek\/kellene-az-uj-munkaero\/#article","name":"Kellene az \u00faj munkaer\u0151 | AllasOrias.hu | H\u00edrek-lapszemle","headline":"Kellene az \u00faj munkaer\u0151","author":{"@id":"https:\/\/allasorias.hu\/hirek\/author\/admin-allasorias\/#author"},"publisher":{"@id":"https:\/\/allasorias.hu\/hirek\/#organization"},"image":{"@type":"ImageObject","url":"https:\/\/allasorias.hu\/hirek\/wp-content\/uploads\/2018\/11\/lead_560w-1.jpg","width":560,"height":420},"datePublished":"2019-09-09T08:41:16+02:00","dateModified":"2019-09-09T08:41:16+02:00","inLanguage":"hu-HU","commentCount":2,"mainEntityOfPage":{"@id":"https:\/\/allasorias.hu\/hirek\/kellene-az-uj-munkaero\/#webpage"},"isPartOf":{"@id":"https:\/\/allasorias.hu\/hirek\/kellene-az-uj-munkaero\/#webpage"},"articleSection":"\u00c1ll\u00e1skeres\u00e9s, Munkaer\u0151piac"},{"@type":"BreadcrumbList","@id":"https:\/\/allasorias.hu\/hirek\/kellene-az-uj-munkaero\/#breadcrumblist","itemListElement":[{"@type":"ListItem","@id":"https:\/\/allasorias.hu\/hirek#listItem","position":1,"name":"Home","item":"https:\/\/allasorias.hu\/hirek","nextItem":{"@type":"ListItem","@id":"https:\/\/allasorias.hu\/hirek\/temak\/allaskereses\/#listItem","name":"\u00c1ll\u00e1skeres\u00e9s"}},{"@type":"ListItem","@id":"https:\/\/allasorias.hu\/hirek\/temak\/allaskereses\/#listItem","position":2,"name":"\u00c1ll\u00e1skeres\u00e9s","item":"https:\/\/allasorias.hu\/hirek\/temak\/allaskereses\/","nextItem":{"@type":"ListItem","@id":"https:\/\/allasorias.hu\/hirek\/kellene-az-uj-munkaero\/#listItem","name":"Kellene az \u00faj munkaer\u0151"},"previousItem":{"@type":"ListItem","@id":"https:\/\/allasorias.hu\/hirek#listItem","name":"Home"}},{"@type":"ListItem","@id":"https:\/\/allasorias.hu\/hirek\/kellene-az-uj-munkaero\/#listItem","position":3,"name":"Kellene az \u00faj munkaer\u0151","previousItem":{"@type":"ListItem","@id":"https:\/\/allasorias.hu\/hirek\/temak\/allaskereses\/#listItem","name":"\u00c1ll\u00e1skeres\u00e9s"}}]},{"@type":"Organization","@id":"https:\/\/allasorias.hu\/hirek\/#organization","name":"AllasOrias.hu | H\u00edrek-lapszemle","description":"\u00dczleti h\u00edrek az \u00e1ll\u00e1s \u00e9s a munka vil\u00e1g\u00e1b\u00f3l","url":"https:\/\/allasorias.hu\/hirek\/","logo":{"@type":"ImageObject","url":"https:\/\/allasorias.hu\/hirek\/wp-content\/uploads\/2022\/10\/allasorias_site_facebok_logo.png","@id":"https:\/\/allasorias.hu\/hirek\/kellene-az-uj-munkaero\/#organizationLogo"},"image":{"@id":"https:\/\/allasorias.hu\/hirek\/kellene-az-uj-munkaero\/#organizationLogo"},"sameAs":["https:\/\/www.facebook.com\/allasorias","https:\/\/www.linkedin.com\/company\/allasorias"]},{"@type":"Person","@id":"https:\/\/allasorias.hu\/hirek\/author\/admin-allasorias\/#author","url":"https:\/\/allasorias.hu\/hirek\/author\/admin-allasorias\/","name":"Juh\u00e1sz P\u00e9ter","image":{"@type":"ImageObject","@id":"https:\/\/allasorias.hu\/hirek\/kellene-az-uj-munkaero\/#authorImage","url":"https:\/\/secure.gravatar.com\/avatar\/36e6bcb83148978b992977cb0f54d22feb0cce8a0a849a9410532bb2623ba4c6?s=96&d=mm&r=g","width":96,"height":96,"caption":"Juh\u00e1sz P\u00e9ter"}},{"@type":"WebPage","@id":"https:\/\/allasorias.hu\/hirek\/kellene-az-uj-munkaero\/#webpage","url":"https:\/\/allasorias.hu\/hirek\/kellene-az-uj-munkaero\/","name":"Kellene az \u00faj munkaer\u0151 | AllasOrias.hu | H\u00edrek-lapszemle","description":"Egyre nehezebb friss munkaer\u0151t tal\u00e1lni, mondhatni be\u00e1llt a piac, magas a foglalkoztatotts\u00e1g, alacsony a munkan\u00e9lk\u00fclis\u00e9g. A K\u00f6zponti Statisztikai Hivatal legfrissebb adataira reag\u00e1lva Reg\u0151s G\u00e1bor, a Sz\u00e1zadv\u00e9g Gazdas\u00e1gkutat\u00f3 makrogazdas\u00e1gi \u00fczlet\u00e1g\u00e1nak vezet\u0151je elmondta: a foglalkoztatottak sz\u00e1ma m\u00e1r harmadik h\u00f3napja meghaladja a 4,5 milli\u00f3t, teh\u00e1t historikusan is magas szinten \u00e1ll, 2010 azonos id\u0151szak\u00e1hoz viszony\u00edtva a foglalkoztatottak sz\u00e1ma 776","inLanguage":"hu-HU","isPartOf":{"@id":"https:\/\/allasorias.hu\/hirek\/#website"},"breadcrumb":{"@id":"https:\/\/allasorias.hu\/hirek\/kellene-az-uj-munkaero\/#breadcrumblist"},"author":{"@id":"https:\/\/allasorias.hu\/hirek\/author\/admin-allasorias\/#author"},"creator":{"@id":"https:\/\/allasorias.hu\/hirek\/author\/admin-allasorias\/#author"},"image":{"@type":"ImageObject","url":"https:\/\/allasorias.hu\/hirek\/wp-content\/uploads\/2018\/11\/lead_560w-1.jpg","@id":"https:\/\/allasorias.hu\/hirek\/kellene-az-uj-munkaero\/#mainImage","width":560,"height":420},"primaryImageOfPage":{"@id":"https:\/\/allasorias.hu\/hirek\/kellene-az-uj-munkaero\/#mainImage"},"datePublished":"2019-09-09T08:41:16+02:00","dateModified":"2019-09-09T08:41:16+02:00"},{"@type":"WebSite","@id":"https:\/\/allasorias.hu\/hirek\/#website","url":"https:\/\/allasorias.hu\/hirek\/","name":"AllasOrias.hu | H\u00edrek-lapszemle","description":"\u00dczleti h\u00edrek az \u00e1ll\u00e1s \u00e9s a munka vil\u00e1g\u00e1b\u00f3l","inLanguage":"hu-HU","publisher":{"@id":"https:\/\/allasorias.hu\/hirek\/#organization"}}]},"og:locale":"hu_HU","og:site_name":"AllasOrias.hu | H\u00edrek-lapszemle | \u00dczleti h\u00edrek az \u00e1ll\u00e1s \u00e9s a munka vil\u00e1g\u00e1b\u00f3l","og:type":"article","og:title":"Kellene az \u00faj munkaer\u0151 | AllasOrias.hu | H\u00edrek-lapszemle","og:description":"Egyre nehezebb friss munkaer\u0151t tal\u00e1lni, mondhatni be\u00e1llt a piac, magas a foglalkoztatotts\u00e1g, alacsony a munkan\u00e9lk\u00fclis\u00e9g. A K\u00f6zponti Statisztikai Hivatal legfrissebb adataira reag\u00e1lva Reg\u0151s G\u00e1bor, a Sz\u00e1zadv\u00e9g Gazdas\u00e1gkutat\u00f3 makrogazdas\u00e1gi \u00fczlet\u00e1g\u00e1nak vezet\u0151je elmondta: a foglalkoztatottak sz\u00e1ma m\u00e1r harmadik h\u00f3napja meghaladja a 4,5 milli\u00f3t, teh\u00e1t historikusan is magas szinten \u00e1ll, 2010 azonos id\u0151szak\u00e1hoz viszony\u00edtva a foglalkoztatottak sz\u00e1ma 776","og:url":"https:\/\/allasorias.hu\/hirek\/kellene-az-uj-munkaero\/","og:image":"https:\/\/allasorias.hu\/hirek\/wp-content\/uploads\/2018\/11\/lead_560w-1.jpg","og:image:secure_url":"https:\/\/allasorias.hu\/hirek\/wp-content\/uploads\/2018\/11\/lead_560w-1.jpg","og:image:width":560,"og:image:height":420,"article:published_time":"2019-09-09T08:41:16+00:00","article:modified_time":"2019-09-09T08:41:16+00:00","article:publisher":"https:\/\/www.facebook.com\/allasorias","twitter:card":"summary_large_image","twitter:title":"Kellene az \u00faj munkaer\u0151 | AllasOrias.hu | H\u00edrek-lapszemle","twitter:description":"Egyre nehezebb friss munkaer\u0151t tal\u00e1lni, mondhatni be\u00e1llt a piac, magas a foglalkoztatotts\u00e1g, alacsony a munkan\u00e9lk\u00fclis\u00e9g. A K\u00f6zponti Statisztikai Hivatal legfrissebb adataira reag\u00e1lva Reg\u0151s G\u00e1bor, a Sz\u00e1zadv\u00e9g Gazdas\u00e1gkutat\u00f3 makrogazdas\u00e1gi \u00fczlet\u00e1g\u00e1nak vezet\u0151je elmondta: a foglalkoztatottak sz\u00e1ma m\u00e1r harmadik h\u00f3napja meghaladja a 4,5 milli\u00f3t, teh\u00e1t historikusan is magas szinten \u00e1ll, 2010 azonos id\u0151szak\u00e1hoz viszony\u00edtva a foglalkoztatottak sz\u00e1ma 776","twitter:image":"https:\/\/allasorias.hu\/hirek\/wp-content\/uploads\/2018\/11\/lead_560w-1.jpg","twitter:label1":"Written by","twitter:data1":"Juh\u00e1sz P\u00e9ter","twitter:label2":"Est. reading time","twitter:data2":"2 minutes"},"aioseo_meta_data":{"post_id":"3268","title":null,"description":null,"keywords":null,"keyphrases":null,"primary_term":null,"canonical_url":null,"og_title":null,"og_description":null,"og_object_type":"default","og_image_type":"default","og_image_url":null,"og_image_width":null,"og_image_height":null,"og_image_custom_url":null,"og_image_custom_fields":null,"og_video":null,"og_custom_url":null,"og_article_section":null,"og_article_tags":null,"twitter_use_og":false,"twitter_card":"default","twitter_image_type":"default","twitter_image_url":null,"twitter_image_custom_url":null,"twitter_image_custom_fields":null,"twitter_title":null,"twitter_description":null,"schema":{"blockGraphs":[],"customGraphs":[],"default":{"data":{"Article":[],"Course":[],"Dataset":[],"FAQPage":[],"Movie":[],"Person":[],"Product":[],"ProductReview":[],"Car":[],"Recipe":[],"Service":[],"SoftwareApplication":[],"WebPage":[]},"graphName":"","isEnabled":true},"graphs":[]},"schema_type":null,"schema_type_options":null,"pillar_content":false,"robots_default":true,"robots_noindex":false,"robots_noarchive":false,"robots_nosnippet":false,"robots_nofollow":false,"robots_noimageindex":false,"robots_noodp":false,"robots_notranslate":false,"robots_max_snippet":null,"robots_max_videopreview":null,"robots_max_imagepreview":"large","priority":null,"frequency":null,"location":null,"local_seo":null,"breadcrumb_settings":null,"limit_modified_date":false,"ai":null,"created":"2021-02-01 21:57:19","updated":"2025-10-02 11:45:42","seo_analyzer_scan_date":null,"focus_keyword":null,"additional_keywords":null,"truseo_locale":null},"aioseo_breadcrumb":"<div class=\"aioseo-breadcrumbs\"><span class=\"aioseo-breadcrumb\">\n\t\t\t<a href=\"https:\/\/allasorias.hu\/hirek\" title=\"Home\">Home<\/a>\n\t\t<\/span><span class=\"aioseo-breadcrumb-separator\">&raquo;<\/span><span class=\"aioseo-breadcrumb\">\n\t\t\t<a href=\"https:\/\/allasorias.hu\/hirek\/temak\/allaskereses\/\" title=\"\u00c1ll\u00e1skeres\u00e9s\">\u00c1ll\u00e1skeres\u00e9s<\/a>\n\t\t<\/span><span class=\"aioseo-breadcrumb-separator\">&raquo;<\/span><span class=\"aioseo-breadcrumb\">\n\t\t\tKellene az \u00faj munkaer\u0151\n\t\t<\/span><\/div>","aioseo_breadcrumb_json":[{"label":"Home","link":"https:\/\/allasorias.hu\/hirek"},{"label":"\u00c1ll\u00e1skeres\u00e9s","link":"https:\/\/allasorias.hu\/hirek\/temak\/allaskereses\/"},{"label":"Kellene az \u00faj munkaer\u0151","link":"https:\/\/allasorias.hu\/hirek\/kellene-az-uj-munkaero\/"}],"_links":{"self":[{"href":"https:\/\/allasorias.hu\/hirek\/wp-json\/wp\/v2\/posts\/3268","targetHints":{"allow":["GET"]}}],"collection":[{"href":"https:\/\/allasorias.hu\/hirek\/wp-json\/wp\/v2\/posts"}],"about":[{"href":"https:\/\/allasorias.hu\/hirek\/wp-json\/wp\/v2\/types\/post"}],"author":[{"embeddable":true,"href":"https:\/\/allasorias.hu\/hirek\/wp-json\/wp\/v2\/users\/1"}],"replies":[{"embeddable":true,"href":"https:\/\/allasorias.hu\/hirek\/wp-json\/wp\/v2\/comments?post=3268"}],"version-history":[{"count":1,"href":"https:\/\/allasorias.hu\/hirek\/wp-json\/wp\/v2\/posts\/3268\/revisions"}],"predecessor-version":[{"id":3269,"href":"https:\/\/allasorias.hu\/hirek\/wp-json\/wp\/v2\/posts\/3268\/revisions\/3269"}],"wp:featuredmedia":[{"embeddable":true,"href":"https:\/\/allasorias.hu\/hirek\/wp-json\/wp\/v2\/media\/2248"}],"wp:attachment":[{"href":"https:\/\/allasorias.hu\/hirek\/wp-json\/wp\/v2\/media?parent=3268"}],"wp:term":[{"taxonomy":"category","embeddable":true,"href":"https:\/\/allasorias.hu\/hirek\/wp-json\/wp\/v2\/categories?post=3268"},{"taxonomy":"post_tag","embeddable":true,"href":"https:\/\/allasorias.hu\/hirek\/wp-json\/wp\/v2\/tags?post=3268"}],"curies":[{"name":"wp","href":"https:\/\/api.w.org\/{rel}","templated":true}]}}