{"id":3266,"date":"2019-09-06T08:17:00","date_gmt":"2019-09-06T08:17:00","guid":{"rendered":"https:\/\/allasorias.hu\/hirek\/?p=3266"},"modified":"2019-09-06T08:17:00","modified_gmt":"2019-09-06T08:17:00","slug":"a-nyugdijasok-tobb-mint-ot-szazaleka-dolgozik","status":"publish","type":"post","link":"https:\/\/allasorias.hu\/hirek\/a-nyugdijasok-tobb-mint-ot-szazaleka-dolgozik\/","title":{"rendered":"A nyugd\u00edjasok t\u00f6bb mint \u00f6t sz\u00e1zal\u00e9ka dolgozik"},"content":{"rendered":"<p><strong>T\u00f6bb mint h\u00faszezer f\u0151t foglalkoztatnak a nyugd\u00edjas sz\u00f6vetkezetek, a budapesti r\u00e9gi\u00f3ban a legt\u00f6bben jutnak \u00edgy munk\u00e1hoz. A kereskedelmi \u00e9s takar\u00edt\u00f3 feladatokat ell\u00e1t\u00f3 c\u00e9gek \u2013 saj\u00e1tos id\u0151beoszt\u00e1suk \u00e9s magas munkaer\u0151ig\u00e9ny\u00fck miatt \u2013 el\u0151szeretettel v\u00e1lasztj\u00e1k ezt az atipikus foglakoztat\u00e1si form\u00e1t.<\/strong><\/p>\n<p>Dolgos Attila, a K\u00f6z\u00e9rdek\u0171 Nyugd\u00edjas Sz\u00f6vetkezetek Orsz\u00e1gos \u00c9rdekv\u00e9delmi Sz\u00f6vets\u00e9ge aleln\u00f6ke t\u00e1j\u00e9koztat\u00e1sa szerint a sz\u00f6vets\u00e9gnek jelenleg 18 tagja van, a k\u00f6tel\u00e9k\u00fckbe tartoz\u00f3 sz\u00f6vetkezetek l\u00e9tsz\u00e1ma meghaladja a 10 ezer f\u0151t, s a t\u00f6bbi nyugd\u00edjas sz\u00f6vetkezet is legal\u00e1bb ennyi tagot t\u00f6m\u00f6r\u00edt. A nyugd\u00edjasok 5,5 sz\u00e1zal\u00e9ka dolgozik A KSH 2018-as adatai alapj\u00e1n 2,6 milli\u00f3 f\u0151 r\u00e9szes\u00fclt nyugd\u00edjban \u00e9s egy\u00e9b ell\u00e1t\u00e1sban, 5,5 sz\u00e1zal\u00e9kuk, mintegy 130 ezer f\u0151 van jelen akt\u00edvan a munkaer\u0151piacon. A tavalyi volt az els\u0151 teljes \u00e9v a sz\u00f6vetkezetek \u00e9let\u00e9ben, teh\u00e1t garant\u00e1lt ennek az adatnak a n\u00f6veked\u00e9se \u2013 mondta Dolgos Attila. Term\u00e9szetesen vannak olyan sz\u00f6vetkezetek, amelyek eg\u00e9szen kicsik, s vannak, amelyek region\u00e1lisak, ahogy orsz\u00e1gos lefedetts\u00e9ggel rendelkez\u0151k is. Az ut\u00f3bbiak l\u00e9tsz\u00e1ma a legnagyobb, ezek a Proakt\u00edv, a Szomsz\u00e9dok \u00e9s a Nyugd\u00edj-kieg\u00e9sz\u00edt\u00e9s KNYSZ. K\u00f6z\u00e9rdek\u0171 nyugd\u00edjas sz\u00f6vetkezetet a Polg\u00e1ri T\u00f6rv\u00e9nyk\u00f6nyv szerint legal\u00e1bb h\u00e9t, \u00f6regs\u00e9gi nyugd\u00edjban r\u00e9szes\u00fcl\u0151 szem\u00e9ly hozhat l\u00e9tre a sz\u00f6vetkezet alapszab\u00e1ly\u00e1nak elfogad\u00e1s\u00e1val. Az \u00e1ltal\u00e1nos sz\u00f6vetkezeti szab\u00e1lyokt\u00f3l elt\u00e9r\u0151en a k\u00f6z\u00e9rdek\u0171 nyugd\u00edjas sz\u00f6vetkezet tagja csak term\u00e9szetes szem\u00e9ly lehet, aki v\u00e1llalja a szem\u00e9lyes k\u00f6zrem\u0171k\u00f6d\u00e9st. A tagok legal\u00e1bb 90 sz\u00e1zal\u00e9k\u00e1nak \u00f6regs\u00e9gi nyugd\u00edjban r\u00e9szes\u00fcl\u0151nek kell lennie. Sz\u00f6vetkezeten kereszt\u00fcl jobban meg\u00e9ri a munka. Az ad\u00f3szab\u00e1lyok \u00e9v eleji v\u00e1ltoz\u00e1sa \u00e9rtelm\u00e9ben mindegy, hogy egy nyugd\u00edjas munkaviszonyban vagy sz\u00f6vetkezeti jogviszonyban v\u00e1llal munk\u00e1t, m\u00e1r csak 15 sz\u00e1zal\u00e9kos szem\u00e9lyi j\u00f6vedelemad\u00f3 terheli. A sz\u00f6vetkezeti tagok nem munkab\u00e9rt kapnak, hanem sz\u00f6vetkezeti tagi j\u00f6vedelmet, hiszen nem munkaviszonyban foglalkoztatj\u00e1k \u0151ket a sz\u00f6vetkezetek.<\/p>\n<p>&nbsp;<\/p>\n<p>Forr\u00e1s: privatbankar.hu<\/p>\n","protected":false},"excerpt":{"rendered":"<p>T\u00f6bb mint h\u00faszezer f\u0151t foglalkoztatnak a nyugd\u00edjas sz\u00f6vetkezetek, a budapesti r\u00e9gi\u00f3ban a legt\u00f6bben jutnak \u00edgy munk\u00e1hoz. A kereskedelmi \u00e9s takar\u00edt\u00f3 feladatokat ell\u00e1t\u00f3 c\u00e9gek \u2013 saj\u00e1tos id\u0151beoszt\u00e1suk \u00e9s magas munkaer\u0151ig\u00e9ny\u00fck miatt \u2013 el\u0151szeretettel v\u00e1lasztj\u00e1k ezt az atipikus foglakoztat\u00e1si form\u00e1t. Dolgos Attila, a K\u00f6z\u00e9rdek\u0171 Nyugd\u00edjas Sz\u00f6vetkezetek Orsz\u00e1gos \u00c9rdekv\u00e9delmi Sz\u00f6vets\u00e9ge aleln\u00f6ke t\u00e1j\u00e9koztat\u00e1sa szerint a sz\u00f6vets\u00e9gnek jelenleg 18 tagja [&hellip;]<\/p>\n","protected":false},"author":1,"featured_media":2856,"comment_status":"open","ping_status":"open","sticky":false,"template":"","format":"standard","meta":{"_monsterinsights_skip_tracking":false,"footnotes":""},"categories":[200],"tags":[],"class_list":["post-3266","post","type-post","status-publish","format-standard","has-post-thumbnail","hentry","category-munkaeropiac"],"aioseo_notices":[],"aioseo_head":"\n\t\t<!-- All in One SEO 5.0.0.1 - aioseo.com -->\n\t<meta name=\"description\" content=\"T\u00f6bb mint h\u00faszezer f\u0151t foglalkoztatnak a nyugd\u00edjas sz\u00f6vetkezetek, a budapesti r\u00e9gi\u00f3ban a legt\u00f6bben jutnak \u00edgy munk\u00e1hoz. A kereskedelmi \u00e9s takar\u00edt\u00f3 feladatokat ell\u00e1t\u00f3 c\u00e9gek \u2013 saj\u00e1tos id\u0151beoszt\u00e1suk \u00e9s magas munkaer\u0151ig\u00e9ny\u00fck miatt \u2013 el\u0151szeretettel v\u00e1lasztj\u00e1k ezt az atipikus foglakoztat\u00e1si form\u00e1t. Dolgos Attila, a K\u00f6z\u00e9rdek\u0171 Nyugd\u00edjas Sz\u00f6vetkezetek Orsz\u00e1gos \u00c9rdekv\u00e9delmi Sz\u00f6vets\u00e9ge aleln\u00f6ke t\u00e1j\u00e9koztat\u00e1sa szerint a sz\u00f6vets\u00e9gnek jelenleg 18 tagja\" \/>\n\t<meta name=\"robots\" content=\"max-image-preview:large\" \/>\n\t<meta name=\"author\" content=\"Juh\u00e1sz P\u00e9ter\"\/>\n\t<link rel=\"canonical\" href=\"https:\/\/allasorias.hu\/hirek\/a-nyugdijasok-tobb-mint-ot-szazaleka-dolgozik\/\" \/>\n\t<meta name=\"generator\" content=\"All in One SEO (AIOSEO) 5.0.0.1\" \/>\n\t\t<meta property=\"og:locale\" content=\"hu_HU\" \/>\n\t\t<meta property=\"og:site_name\" content=\"AllasOrias.hu | H\u00edrek-lapszemle | \u00dczleti h\u00edrek az \u00e1ll\u00e1s \u00e9s a munka vil\u00e1g\u00e1b\u00f3l\" \/>\n\t\t<meta property=\"og:type\" content=\"article\" \/>\n\t\t<meta property=\"og:title\" content=\"A nyugd\u00edjasok t\u00f6bb mint \u00f6t sz\u00e1zal\u00e9ka dolgozik | AllasOrias.hu | H\u00edrek-lapszemle\" \/>\n\t\t<meta property=\"og:description\" content=\"T\u00f6bb mint h\u00faszezer f\u0151t foglalkoztatnak a nyugd\u00edjas sz\u00f6vetkezetek, a budapesti r\u00e9gi\u00f3ban a legt\u00f6bben jutnak \u00edgy munk\u00e1hoz. A kereskedelmi \u00e9s takar\u00edt\u00f3 feladatokat ell\u00e1t\u00f3 c\u00e9gek \u2013 saj\u00e1tos id\u0151beoszt\u00e1suk \u00e9s magas munkaer\u0151ig\u00e9ny\u00fck miatt \u2013 el\u0151szeretettel v\u00e1lasztj\u00e1k ezt az atipikus foglakoztat\u00e1si form\u00e1t. Dolgos Attila, a K\u00f6z\u00e9rdek\u0171 Nyugd\u00edjas Sz\u00f6vetkezetek Orsz\u00e1gos \u00c9rdekv\u00e9delmi Sz\u00f6vets\u00e9ge aleln\u00f6ke t\u00e1j\u00e9koztat\u00e1sa szerint a sz\u00f6vets\u00e9gnek jelenleg 18 tagja\" \/>\n\t\t<meta property=\"og:url\" content=\"https:\/\/allasorias.hu\/hirek\/a-nyugdijasok-tobb-mint-ot-szazaleka-dolgozik\/\" \/>\n\t\t<meta property=\"og:image\" content=\"https:\/\/allasorias.hu\/hirek\/wp-content\/uploads\/2019\/05\/adult-blur-daytime-834863.jpg\" \/>\n\t\t<meta property=\"og:image:secure_url\" content=\"https:\/\/allasorias.hu\/hirek\/wp-content\/uploads\/2019\/05\/adult-blur-daytime-834863.jpg\" \/>\n\t\t<meta property=\"og:image:width\" content=\"640\" \/>\n\t\t<meta property=\"og:image:height\" content=\"426\" \/>\n\t\t<meta property=\"article:published_time\" content=\"2019-09-06T08:17:00+00:00\" \/>\n\t\t<meta property=\"article:modified_time\" content=\"2019-09-06T08:17:00+00:00\" \/>\n\t\t<meta property=\"article:publisher\" content=\"https:\/\/www.facebook.com\/allasorias\" \/>\n\t\t<meta name=\"twitter:card\" content=\"summary_large_image\" \/>\n\t\t<meta name=\"twitter:title\" content=\"A nyugd\u00edjasok t\u00f6bb mint \u00f6t sz\u00e1zal\u00e9ka dolgozik | AllasOrias.hu | H\u00edrek-lapszemle\" \/>\n\t\t<meta name=\"twitter:description\" content=\"T\u00f6bb mint h\u00faszezer f\u0151t foglalkoztatnak a nyugd\u00edjas sz\u00f6vetkezetek, a budapesti r\u00e9gi\u00f3ban a legt\u00f6bben jutnak \u00edgy munk\u00e1hoz. A kereskedelmi \u00e9s takar\u00edt\u00f3 feladatokat ell\u00e1t\u00f3 c\u00e9gek \u2013 saj\u00e1tos id\u0151beoszt\u00e1suk \u00e9s magas munkaer\u0151ig\u00e9ny\u00fck miatt \u2013 el\u0151szeretettel v\u00e1lasztj\u00e1k ezt az atipikus foglakoztat\u00e1si form\u00e1t. Dolgos Attila, a K\u00f6z\u00e9rdek\u0171 Nyugd\u00edjas Sz\u00f6vetkezetek Orsz\u00e1gos \u00c9rdekv\u00e9delmi Sz\u00f6vets\u00e9ge aleln\u00f6ke t\u00e1j\u00e9koztat\u00e1sa szerint a sz\u00f6vets\u00e9gnek jelenleg 18 tagja\" \/>\n\t\t<meta name=\"twitter:image\" content=\"https:\/\/allasorias.hu\/hirek\/wp-content\/uploads\/2019\/05\/adult-blur-daytime-834863.jpg\" \/>\n\t\t<meta name=\"twitter:label1\" content=\"Written by\" \/>\n\t\t<meta name=\"twitter:data1\" content=\"Juh\u00e1sz P\u00e9ter\" \/>\n\t\t<meta name=\"twitter:label2\" content=\"Est. reading time\" \/>\n\t\t<meta name=\"twitter:data2\" content=\"2 minutes\" \/>\n\t\t<script type=\"application\/ld+json\" class=\"aioseo-schema\">\n\t\t\t{\"@context\":\"https:\\\/\\\/schema.org\",\"@graph\":[{\"@type\":\"Article\",\"@id\":\"https:\\\/\\\/allasorias.hu\\\/hirek\\\/a-nyugdijasok-tobb-mint-ot-szazaleka-dolgozik\\\/#article\",\"name\":\"A nyugd\\u00edjasok t\\u00f6bb mint \\u00f6t sz\\u00e1zal\\u00e9ka dolgozik | AllasOrias.hu | H\\u00edrek-lapszemle\",\"headline\":\"A nyugd\\u00edjasok t\\u00f6bb mint \\u00f6t sz\\u00e1zal\\u00e9ka dolgozik\",\"author\":{\"@id\":\"https:\\\/\\\/allasorias.hu\\\/hirek\\\/author\\\/admin-allasorias\\\/#author\"},\"publisher\":{\"@id\":\"https:\\\/\\\/allasorias.hu\\\/hirek\\\/#organization\"},\"image\":{\"@type\":\"ImageObject\",\"url\":\"https:\\\/\\\/allasorias.hu\\\/hirek\\\/wp-content\\\/uploads\\\/2019\\\/05\\\/adult-blur-daytime-834863.jpg\",\"width\":640,\"height\":426},\"datePublished\":\"2019-09-06T08:17:00+02:00\",\"dateModified\":\"2019-09-06T08:17:00+02:00\",\"inLanguage\":\"hu-HU\",\"mainEntityOfPage\":{\"@id\":\"https:\\\/\\\/allasorias.hu\\\/hirek\\\/a-nyugdijasok-tobb-mint-ot-szazaleka-dolgozik\\\/#webpage\"},\"isPartOf\":{\"@id\":\"https:\\\/\\\/allasorias.hu\\\/hirek\\\/a-nyugdijasok-tobb-mint-ot-szazaleka-dolgozik\\\/#webpage\"},\"articleSection\":\"Munkaer\\u0151piac\"},{\"@type\":\"BreadcrumbList\",\"@id\":\"https:\\\/\\\/allasorias.hu\\\/hirek\\\/a-nyugdijasok-tobb-mint-ot-szazaleka-dolgozik\\\/#breadcrumblist\",\"itemListElement\":[{\"@type\":\"ListItem\",\"@id\":\"https:\\\/\\\/allasorias.hu\\\/hirek#listItem\",\"position\":1,\"name\":\"Home\",\"item\":\"https:\\\/\\\/allasorias.hu\\\/hirek\",\"nextItem\":{\"@type\":\"ListItem\",\"@id\":\"https:\\\/\\\/allasorias.hu\\\/hirek\\\/temak\\\/munkaeropiac\\\/#listItem\",\"name\":\"Munkaer\\u0151piac\"}},{\"@type\":\"ListItem\",\"@id\":\"https:\\\/\\\/allasorias.hu\\\/hirek\\\/temak\\\/munkaeropiac\\\/#listItem\",\"position\":2,\"name\":\"Munkaer\\u0151piac\",\"item\":\"https:\\\/\\\/allasorias.hu\\\/hirek\\\/temak\\\/munkaeropiac\\\/\",\"nextItem\":{\"@type\":\"ListItem\",\"@id\":\"https:\\\/\\\/allasorias.hu\\\/hirek\\\/a-nyugdijasok-tobb-mint-ot-szazaleka-dolgozik\\\/#listItem\",\"name\":\"A nyugd\\u00edjasok t\\u00f6bb mint \\u00f6t sz\\u00e1zal\\u00e9ka dolgozik\"},\"previousItem\":{\"@type\":\"ListItem\",\"@id\":\"https:\\\/\\\/allasorias.hu\\\/hirek#listItem\",\"name\":\"Home\"}},{\"@type\":\"ListItem\",\"@id\":\"https:\\\/\\\/allasorias.hu\\\/hirek\\\/a-nyugdijasok-tobb-mint-ot-szazaleka-dolgozik\\\/#listItem\",\"position\":3,\"name\":\"A nyugd\\u00edjasok t\\u00f6bb mint \\u00f6t sz\\u00e1zal\\u00e9ka dolgozik\",\"previousItem\":{\"@type\":\"ListItem\",\"@id\":\"https:\\\/\\\/allasorias.hu\\\/hirek\\\/temak\\\/munkaeropiac\\\/#listItem\",\"name\":\"Munkaer\\u0151piac\"}}]},{\"@type\":\"Organization\",\"@id\":\"https:\\\/\\\/allasorias.hu\\\/hirek\\\/#organization\",\"name\":\"AllasOrias.hu | H\\u00edrek-lapszemle\",\"description\":\"\\u00dczleti h\\u00edrek az \\u00e1ll\\u00e1s \\u00e9s a munka vil\\u00e1g\\u00e1b\\u00f3l\",\"url\":\"https:\\\/\\\/allasorias.hu\\\/hirek\\\/\",\"logo\":{\"@type\":\"ImageObject\",\"url\":\"https:\\\/\\\/allasorias.hu\\\/hirek\\\/wp-content\\\/uploads\\\/2022\\\/10\\\/allasorias_site_facebok_logo.png\",\"@id\":\"https:\\\/\\\/allasorias.hu\\\/hirek\\\/a-nyugdijasok-tobb-mint-ot-szazaleka-dolgozik\\\/#organizationLogo\"},\"image\":{\"@id\":\"https:\\\/\\\/allasorias.hu\\\/hirek\\\/a-nyugdijasok-tobb-mint-ot-szazaleka-dolgozik\\\/#organizationLogo\"},\"sameAs\":[\"https:\\\/\\\/www.facebook.com\\\/allasorias\",\"https:\\\/\\\/www.linkedin.com\\\/company\\\/allasorias\"]},{\"@type\":\"Person\",\"@id\":\"https:\\\/\\\/allasorias.hu\\\/hirek\\\/author\\\/admin-allasorias\\\/#author\",\"url\":\"https:\\\/\\\/allasorias.hu\\\/hirek\\\/author\\\/admin-allasorias\\\/\",\"name\":\"Juh\\u00e1sz P\\u00e9ter\",\"image\":{\"@type\":\"ImageObject\",\"@id\":\"https:\\\/\\\/allasorias.hu\\\/hirek\\\/a-nyugdijasok-tobb-mint-ot-szazaleka-dolgozik\\\/#authorImage\",\"url\":\"https:\\\/\\\/secure.gravatar.com\\\/avatar\\\/36e6bcb83148978b992977cb0f54d22feb0cce8a0a849a9410532bb2623ba4c6?s=96&d=mm&r=g\",\"width\":96,\"height\":96,\"caption\":\"Juh\\u00e1sz P\\u00e9ter\"}},{\"@type\":\"WebPage\",\"@id\":\"https:\\\/\\\/allasorias.hu\\\/hirek\\\/a-nyugdijasok-tobb-mint-ot-szazaleka-dolgozik\\\/#webpage\",\"url\":\"https:\\\/\\\/allasorias.hu\\\/hirek\\\/a-nyugdijasok-tobb-mint-ot-szazaleka-dolgozik\\\/\",\"name\":\"A nyugd\\u00edjasok t\\u00f6bb mint \\u00f6t sz\\u00e1zal\\u00e9ka dolgozik | AllasOrias.hu | H\\u00edrek-lapszemle\",\"description\":\"T\\u00f6bb mint h\\u00faszezer f\\u0151t foglalkoztatnak a nyugd\\u00edjas sz\\u00f6vetkezetek, a budapesti r\\u00e9gi\\u00f3ban a legt\\u00f6bben jutnak \\u00edgy munk\\u00e1hoz. A kereskedelmi \\u00e9s takar\\u00edt\\u00f3 feladatokat ell\\u00e1t\\u00f3 c\\u00e9gek \\u2013 saj\\u00e1tos id\\u0151beoszt\\u00e1suk \\u00e9s magas munkaer\\u0151ig\\u00e9ny\\u00fck miatt \\u2013 el\\u0151szeretettel v\\u00e1lasztj\\u00e1k ezt az atipikus foglakoztat\\u00e1si form\\u00e1t. Dolgos Attila, a K\\u00f6z\\u00e9rdek\\u0171 Nyugd\\u00edjas Sz\\u00f6vetkezetek Orsz\\u00e1gos \\u00c9rdekv\\u00e9delmi Sz\\u00f6vets\\u00e9ge aleln\\u00f6ke t\\u00e1j\\u00e9koztat\\u00e1sa szerint a sz\\u00f6vets\\u00e9gnek jelenleg 18 tagja\",\"inLanguage\":\"hu-HU\",\"isPartOf\":{\"@id\":\"https:\\\/\\\/allasorias.hu\\\/hirek\\\/#website\"},\"breadcrumb\":{\"@id\":\"https:\\\/\\\/allasorias.hu\\\/hirek\\\/a-nyugdijasok-tobb-mint-ot-szazaleka-dolgozik\\\/#breadcrumblist\"},\"author\":{\"@id\":\"https:\\\/\\\/allasorias.hu\\\/hirek\\\/author\\\/admin-allasorias\\\/#author\"},\"creator\":{\"@id\":\"https:\\\/\\\/allasorias.hu\\\/hirek\\\/author\\\/admin-allasorias\\\/#author\"},\"image\":{\"@type\":\"ImageObject\",\"url\":\"https:\\\/\\\/allasorias.hu\\\/hirek\\\/wp-content\\\/uploads\\\/2019\\\/05\\\/adult-blur-daytime-834863.jpg\",\"@id\":\"https:\\\/\\\/allasorias.hu\\\/hirek\\\/a-nyugdijasok-tobb-mint-ot-szazaleka-dolgozik\\\/#mainImage\",\"width\":640,\"height\":426},\"primaryImageOfPage\":{\"@id\":\"https:\\\/\\\/allasorias.hu\\\/hirek\\\/a-nyugdijasok-tobb-mint-ot-szazaleka-dolgozik\\\/#mainImage\"},\"datePublished\":\"2019-09-06T08:17:00+02:00\",\"dateModified\":\"2019-09-06T08:17:00+02:00\"},{\"@type\":\"WebSite\",\"@id\":\"https:\\\/\\\/allasorias.hu\\\/hirek\\\/#website\",\"url\":\"https:\\\/\\\/allasorias.hu\\\/hirek\\\/\",\"name\":\"AllasOrias.hu | H\\u00edrek-lapszemle\",\"description\":\"\\u00dczleti h\\u00edrek az \\u00e1ll\\u00e1s \\u00e9s a munka vil\\u00e1g\\u00e1b\\u00f3l\",\"inLanguage\":\"hu-HU\",\"publisher\":{\"@id\":\"https:\\\/\\\/allasorias.hu\\\/hirek\\\/#organization\"}}]}\n\t\t<\/script>\n\t\t<!-- All in One SEO -->\n\n","aioseo_head_json":{"title":"A nyugd\u00edjasok t\u00f6bb mint \u00f6t sz\u00e1zal\u00e9ka dolgozik | AllasOrias.hu | H\u00edrek-lapszemle","description":"T\u00f6bb mint h\u00faszezer f\u0151t foglalkoztatnak a nyugd\u00edjas sz\u00f6vetkezetek, a budapesti r\u00e9gi\u00f3ban a legt\u00f6bben jutnak \u00edgy munk\u00e1hoz. A kereskedelmi \u00e9s takar\u00edt\u00f3 feladatokat ell\u00e1t\u00f3 c\u00e9gek \u2013 saj\u00e1tos id\u0151beoszt\u00e1suk \u00e9s magas munkaer\u0151ig\u00e9ny\u00fck miatt \u2013 el\u0151szeretettel v\u00e1lasztj\u00e1k ezt az atipikus foglakoztat\u00e1si form\u00e1t. Dolgos Attila, a K\u00f6z\u00e9rdek\u0171 Nyugd\u00edjas Sz\u00f6vetkezetek Orsz\u00e1gos \u00c9rdekv\u00e9delmi Sz\u00f6vets\u00e9ge aleln\u00f6ke t\u00e1j\u00e9koztat\u00e1sa szerint a sz\u00f6vets\u00e9gnek jelenleg 18 tagja","canonical_url":"https:\/\/allasorias.hu\/hirek\/a-nyugdijasok-tobb-mint-ot-szazaleka-dolgozik\/","robots":"max-image-preview:large","keywords":"","webmasterTools":{"miscellaneous":""},"schema":{"@context":"https:\/\/schema.org","@graph":[{"@type":"Article","@id":"https:\/\/allasorias.hu\/hirek\/a-nyugdijasok-tobb-mint-ot-szazaleka-dolgozik\/#article","name":"A nyugd\u00edjasok t\u00f6bb mint \u00f6t sz\u00e1zal\u00e9ka dolgozik | AllasOrias.hu | H\u00edrek-lapszemle","headline":"A nyugd\u00edjasok t\u00f6bb mint \u00f6t sz\u00e1zal\u00e9ka dolgozik","author":{"@id":"https:\/\/allasorias.hu\/hirek\/author\/admin-allasorias\/#author"},"publisher":{"@id":"https:\/\/allasorias.hu\/hirek\/#organization"},"image":{"@type":"ImageObject","url":"https:\/\/allasorias.hu\/hirek\/wp-content\/uploads\/2019\/05\/adult-blur-daytime-834863.jpg","width":640,"height":426},"datePublished":"2019-09-06T08:17:00+02:00","dateModified":"2019-09-06T08:17:00+02:00","inLanguage":"hu-HU","mainEntityOfPage":{"@id":"https:\/\/allasorias.hu\/hirek\/a-nyugdijasok-tobb-mint-ot-szazaleka-dolgozik\/#webpage"},"isPartOf":{"@id":"https:\/\/allasorias.hu\/hirek\/a-nyugdijasok-tobb-mint-ot-szazaleka-dolgozik\/#webpage"},"articleSection":"Munkaer\u0151piac"},{"@type":"BreadcrumbList","@id":"https:\/\/allasorias.hu\/hirek\/a-nyugdijasok-tobb-mint-ot-szazaleka-dolgozik\/#breadcrumblist","itemListElement":[{"@type":"ListItem","@id":"https:\/\/allasorias.hu\/hirek#listItem","position":1,"name":"Home","item":"https:\/\/allasorias.hu\/hirek","nextItem":{"@type":"ListItem","@id":"https:\/\/allasorias.hu\/hirek\/temak\/munkaeropiac\/#listItem","name":"Munkaer\u0151piac"}},{"@type":"ListItem","@id":"https:\/\/allasorias.hu\/hirek\/temak\/munkaeropiac\/#listItem","position":2,"name":"Munkaer\u0151piac","item":"https:\/\/allasorias.hu\/hirek\/temak\/munkaeropiac\/","nextItem":{"@type":"ListItem","@id":"https:\/\/allasorias.hu\/hirek\/a-nyugdijasok-tobb-mint-ot-szazaleka-dolgozik\/#listItem","name":"A nyugd\u00edjasok t\u00f6bb mint \u00f6t sz\u00e1zal\u00e9ka dolgozik"},"previousItem":{"@type":"ListItem","@id":"https:\/\/allasorias.hu\/hirek#listItem","name":"Home"}},{"@type":"ListItem","@id":"https:\/\/allasorias.hu\/hirek\/a-nyugdijasok-tobb-mint-ot-szazaleka-dolgozik\/#listItem","position":3,"name":"A nyugd\u00edjasok t\u00f6bb mint \u00f6t sz\u00e1zal\u00e9ka dolgozik","previousItem":{"@type":"ListItem","@id":"https:\/\/allasorias.hu\/hirek\/temak\/munkaeropiac\/#listItem","name":"Munkaer\u0151piac"}}]},{"@type":"Organization","@id":"https:\/\/allasorias.hu\/hirek\/#organization","name":"AllasOrias.hu | H\u00edrek-lapszemle","description":"\u00dczleti h\u00edrek az \u00e1ll\u00e1s \u00e9s a munka vil\u00e1g\u00e1b\u00f3l","url":"https:\/\/allasorias.hu\/hirek\/","logo":{"@type":"ImageObject","url":"https:\/\/allasorias.hu\/hirek\/wp-content\/uploads\/2022\/10\/allasorias_site_facebok_logo.png","@id":"https:\/\/allasorias.hu\/hirek\/a-nyugdijasok-tobb-mint-ot-szazaleka-dolgozik\/#organizationLogo"},"image":{"@id":"https:\/\/allasorias.hu\/hirek\/a-nyugdijasok-tobb-mint-ot-szazaleka-dolgozik\/#organizationLogo"},"sameAs":["https:\/\/www.facebook.com\/allasorias","https:\/\/www.linkedin.com\/company\/allasorias"]},{"@type":"Person","@id":"https:\/\/allasorias.hu\/hirek\/author\/admin-allasorias\/#author","url":"https:\/\/allasorias.hu\/hirek\/author\/admin-allasorias\/","name":"Juh\u00e1sz P\u00e9ter","image":{"@type":"ImageObject","@id":"https:\/\/allasorias.hu\/hirek\/a-nyugdijasok-tobb-mint-ot-szazaleka-dolgozik\/#authorImage","url":"https:\/\/secure.gravatar.com\/avatar\/36e6bcb83148978b992977cb0f54d22feb0cce8a0a849a9410532bb2623ba4c6?s=96&d=mm&r=g","width":96,"height":96,"caption":"Juh\u00e1sz P\u00e9ter"}},{"@type":"WebPage","@id":"https:\/\/allasorias.hu\/hirek\/a-nyugdijasok-tobb-mint-ot-szazaleka-dolgozik\/#webpage","url":"https:\/\/allasorias.hu\/hirek\/a-nyugdijasok-tobb-mint-ot-szazaleka-dolgozik\/","name":"A nyugd\u00edjasok t\u00f6bb mint \u00f6t sz\u00e1zal\u00e9ka dolgozik | AllasOrias.hu | H\u00edrek-lapszemle","description":"T\u00f6bb mint h\u00faszezer f\u0151t foglalkoztatnak a nyugd\u00edjas sz\u00f6vetkezetek, a budapesti r\u00e9gi\u00f3ban a legt\u00f6bben jutnak \u00edgy munk\u00e1hoz. A kereskedelmi \u00e9s takar\u00edt\u00f3 feladatokat ell\u00e1t\u00f3 c\u00e9gek \u2013 saj\u00e1tos id\u0151beoszt\u00e1suk \u00e9s magas munkaer\u0151ig\u00e9ny\u00fck miatt \u2013 el\u0151szeretettel v\u00e1lasztj\u00e1k ezt az atipikus foglakoztat\u00e1si form\u00e1t. Dolgos Attila, a K\u00f6z\u00e9rdek\u0171 Nyugd\u00edjas Sz\u00f6vetkezetek Orsz\u00e1gos \u00c9rdekv\u00e9delmi Sz\u00f6vets\u00e9ge aleln\u00f6ke t\u00e1j\u00e9koztat\u00e1sa szerint a sz\u00f6vets\u00e9gnek jelenleg 18 tagja","inLanguage":"hu-HU","isPartOf":{"@id":"https:\/\/allasorias.hu\/hirek\/#website"},"breadcrumb":{"@id":"https:\/\/allasorias.hu\/hirek\/a-nyugdijasok-tobb-mint-ot-szazaleka-dolgozik\/#breadcrumblist"},"author":{"@id":"https:\/\/allasorias.hu\/hirek\/author\/admin-allasorias\/#author"},"creator":{"@id":"https:\/\/allasorias.hu\/hirek\/author\/admin-allasorias\/#author"},"image":{"@type":"ImageObject","url":"https:\/\/allasorias.hu\/hirek\/wp-content\/uploads\/2019\/05\/adult-blur-daytime-834863.jpg","@id":"https:\/\/allasorias.hu\/hirek\/a-nyugdijasok-tobb-mint-ot-szazaleka-dolgozik\/#mainImage","width":640,"height":426},"primaryImageOfPage":{"@id":"https:\/\/allasorias.hu\/hirek\/a-nyugdijasok-tobb-mint-ot-szazaleka-dolgozik\/#mainImage"},"datePublished":"2019-09-06T08:17:00+02:00","dateModified":"2019-09-06T08:17:00+02:00"},{"@type":"WebSite","@id":"https:\/\/allasorias.hu\/hirek\/#website","url":"https:\/\/allasorias.hu\/hirek\/","name":"AllasOrias.hu | H\u00edrek-lapszemle","description":"\u00dczleti h\u00edrek az \u00e1ll\u00e1s \u00e9s a munka vil\u00e1g\u00e1b\u00f3l","inLanguage":"hu-HU","publisher":{"@id":"https:\/\/allasorias.hu\/hirek\/#organization"}}]},"og:locale":"hu_HU","og:site_name":"AllasOrias.hu | H\u00edrek-lapszemle | \u00dczleti h\u00edrek az \u00e1ll\u00e1s \u00e9s a munka vil\u00e1g\u00e1b\u00f3l","og:type":"article","og:title":"A nyugd\u00edjasok t\u00f6bb mint \u00f6t sz\u00e1zal\u00e9ka dolgozik | AllasOrias.hu | H\u00edrek-lapszemle","og:description":"T\u00f6bb mint h\u00faszezer f\u0151t foglalkoztatnak a nyugd\u00edjas sz\u00f6vetkezetek, a budapesti r\u00e9gi\u00f3ban a legt\u00f6bben jutnak \u00edgy munk\u00e1hoz. A kereskedelmi \u00e9s takar\u00edt\u00f3 feladatokat ell\u00e1t\u00f3 c\u00e9gek \u2013 saj\u00e1tos id\u0151beoszt\u00e1suk \u00e9s magas munkaer\u0151ig\u00e9ny\u00fck miatt \u2013 el\u0151szeretettel v\u00e1lasztj\u00e1k ezt az atipikus foglakoztat\u00e1si form\u00e1t. Dolgos Attila, a K\u00f6z\u00e9rdek\u0171 Nyugd\u00edjas Sz\u00f6vetkezetek Orsz\u00e1gos \u00c9rdekv\u00e9delmi Sz\u00f6vets\u00e9ge aleln\u00f6ke t\u00e1j\u00e9koztat\u00e1sa szerint a sz\u00f6vets\u00e9gnek jelenleg 18 tagja","og:url":"https:\/\/allasorias.hu\/hirek\/a-nyugdijasok-tobb-mint-ot-szazaleka-dolgozik\/","og:image":"https:\/\/allasorias.hu\/hirek\/wp-content\/uploads\/2019\/05\/adult-blur-daytime-834863.jpg","og:image:secure_url":"https:\/\/allasorias.hu\/hirek\/wp-content\/uploads\/2019\/05\/adult-blur-daytime-834863.jpg","og:image:width":640,"og:image:height":426,"article:published_time":"2019-09-06T08:17:00+00:00","article:modified_time":"2019-09-06T08:17:00+00:00","article:publisher":"https:\/\/www.facebook.com\/allasorias","twitter:card":"summary_large_image","twitter:title":"A nyugd\u00edjasok t\u00f6bb mint \u00f6t sz\u00e1zal\u00e9ka dolgozik | AllasOrias.hu | H\u00edrek-lapszemle","twitter:description":"T\u00f6bb mint h\u00faszezer f\u0151t foglalkoztatnak a nyugd\u00edjas sz\u00f6vetkezetek, a budapesti r\u00e9gi\u00f3ban a legt\u00f6bben jutnak \u00edgy munk\u00e1hoz. A kereskedelmi \u00e9s takar\u00edt\u00f3 feladatokat ell\u00e1t\u00f3 c\u00e9gek \u2013 saj\u00e1tos id\u0151beoszt\u00e1suk \u00e9s magas munkaer\u0151ig\u00e9ny\u00fck miatt \u2013 el\u0151szeretettel v\u00e1lasztj\u00e1k ezt az atipikus foglakoztat\u00e1si form\u00e1t. Dolgos Attila, a K\u00f6z\u00e9rdek\u0171 Nyugd\u00edjas Sz\u00f6vetkezetek Orsz\u00e1gos \u00c9rdekv\u00e9delmi Sz\u00f6vets\u00e9ge aleln\u00f6ke t\u00e1j\u00e9koztat\u00e1sa szerint a sz\u00f6vets\u00e9gnek jelenleg 18 tagja","twitter:image":"https:\/\/allasorias.hu\/hirek\/wp-content\/uploads\/2019\/05\/adult-blur-daytime-834863.jpg","twitter:label1":"Written by","twitter:data1":"Juh\u00e1sz P\u00e9ter","twitter:label2":"Est. reading time","twitter:data2":"2 minutes"},"aioseo_meta_data":{"post_id":"3266","title":null,"description":null,"keywords":null,"keyphrases":null,"primary_term":null,"canonical_url":null,"og_title":null,"og_description":null,"og_object_type":"default","og_image_type":"default","og_image_url":null,"og_image_width":null,"og_image_height":null,"og_image_custom_url":null,"og_image_custom_fields":null,"og_video":null,"og_custom_url":null,"og_article_section":null,"og_article_tags":null,"twitter_use_og":false,"twitter_card":"default","twitter_image_type":"default","twitter_image_url":null,"twitter_image_custom_url":null,"twitter_image_custom_fields":null,"twitter_title":null,"twitter_description":null,"schema":{"blockGraphs":[],"customGraphs":[],"default":{"data":{"Article":[],"Course":[],"Dataset":[],"FAQPage":[],"Movie":[],"Person":[],"Product":[],"ProductReview":[],"Car":[],"Recipe":[],"Service":[],"SoftwareApplication":[],"WebPage":[]},"graphName":"","isEnabled":true},"graphs":[]},"schema_type":null,"schema_type_options":null,"pillar_content":false,"robots_default":true,"robots_noindex":false,"robots_noarchive":false,"robots_nosnippet":false,"robots_nofollow":false,"robots_noimageindex":false,"robots_noodp":false,"robots_notranslate":false,"robots_max_snippet":null,"robots_max_videopreview":null,"robots_max_imagepreview":"large","priority":null,"frequency":null,"location":null,"local_seo":null,"breadcrumb_settings":null,"limit_modified_date":false,"ai":null,"created":"2021-02-01 21:57:19","updated":"2025-10-02 11:45:42","seo_analyzer_scan_date":null,"focus_keyword":null,"additional_keywords":null,"truseo_locale":null},"aioseo_breadcrumb":"<div class=\"aioseo-breadcrumbs\"><span class=\"aioseo-breadcrumb\">\n\t\t\t<a href=\"https:\/\/allasorias.hu\/hirek\" title=\"Home\">Home<\/a>\n\t\t<\/span><span class=\"aioseo-breadcrumb-separator\">&raquo;<\/span><span class=\"aioseo-breadcrumb\">\n\t\t\t<a href=\"https:\/\/allasorias.hu\/hirek\/temak\/munkaeropiac\/\" title=\"Munkaer\u0151piac\">Munkaer\u0151piac<\/a>\n\t\t<\/span><span class=\"aioseo-breadcrumb-separator\">&raquo;<\/span><span class=\"aioseo-breadcrumb\">\n\t\t\tA nyugd\u00edjasok t\u00f6bb mint \u00f6t sz\u00e1zal\u00e9ka dolgozik\n\t\t<\/span><\/div>","aioseo_breadcrumb_json":[{"label":"Home","link":"https:\/\/allasorias.hu\/hirek"},{"label":"Munkaer\u0151piac","link":"https:\/\/allasorias.hu\/hirek\/temak\/munkaeropiac\/"},{"label":"A nyugd\u00edjasok t\u00f6bb mint \u00f6t sz\u00e1zal\u00e9ka dolgozik","link":"https:\/\/allasorias.hu\/hirek\/a-nyugdijasok-tobb-mint-ot-szazaleka-dolgozik\/"}],"_links":{"self":[{"href":"https:\/\/allasorias.hu\/hirek\/wp-json\/wp\/v2\/posts\/3266","targetHints":{"allow":["GET"]}}],"collection":[{"href":"https:\/\/allasorias.hu\/hirek\/wp-json\/wp\/v2\/posts"}],"about":[{"href":"https:\/\/allasorias.hu\/hirek\/wp-json\/wp\/v2\/types\/post"}],"author":[{"embeddable":true,"href":"https:\/\/allasorias.hu\/hirek\/wp-json\/wp\/v2\/users\/1"}],"replies":[{"embeddable":true,"href":"https:\/\/allasorias.hu\/hirek\/wp-json\/wp\/v2\/comments?post=3266"}],"version-history":[{"count":1,"href":"https:\/\/allasorias.hu\/hirek\/wp-json\/wp\/v2\/posts\/3266\/revisions"}],"predecessor-version":[{"id":3267,"href":"https:\/\/allasorias.hu\/hirek\/wp-json\/wp\/v2\/posts\/3266\/revisions\/3267"}],"wp:featuredmedia":[{"embeddable":true,"href":"https:\/\/allasorias.hu\/hirek\/wp-json\/wp\/v2\/media\/2856"}],"wp:attachment":[{"href":"https:\/\/allasorias.hu\/hirek\/wp-json\/wp\/v2\/media?parent=3266"}],"wp:term":[{"taxonomy":"category","embeddable":true,"href":"https:\/\/allasorias.hu\/hirek\/wp-json\/wp\/v2\/categories?post=3266"},{"taxonomy":"post_tag","embeddable":true,"href":"https:\/\/allasorias.hu\/hirek\/wp-json\/wp\/v2\/tags?post=3266"}],"curies":[{"name":"wp","href":"https:\/\/api.w.org\/{rel}","templated":true}]}}