{"id":3253,"date":"2019-09-04T07:25:41","date_gmt":"2019-09-04T07:25:41","guid":{"rendered":"https:\/\/allasorias.hu\/hirek\/?p=3253"},"modified":"2019-09-04T07:25:41","modified_gmt":"2019-09-04T07:25:41","slug":"enyhiteni-szukseges-a-gazdasagi-teruleti-egyenlotlensegeket","status":"publish","type":"post","link":"https:\/\/allasorias.hu\/hirek\/enyhiteni-szukseges-a-gazdasagi-teruleti-egyenlotlensegeket\/","title":{"rendered":"Enyh\u00edteni sz\u00fcks\u00e9ges a gazdas\u00e1gi ter\u00fcleti egyenl\u0151tlens\u00e9geket"},"content":{"rendered":"<p><strong>Ter\u00fcleti gazdas\u00e1gi egyenl\u0151tlens\u00e9geket cs\u00f6kkent\u0151 programot jelentett be Pint\u00e9r S\u00e1ndor bel\u00fcgyminiszter. T\u00e1j\u00e9koztatta a Magyarorsz\u00e1g egyes ter\u00fcletei k\u00f6z\u00f6tti gazdas\u00e1gi egyenl\u0151tlens\u00e9g cs\u00f6kkent\u00e9se \u00e9rdek\u00e9ben sz\u00fcks\u00e9ges fejleszt\u00e9si programr\u00f3l az annak els\u0151 \u00fctem\u00e9ben r\u00e9szt vev\u0151 50 telep\u00fcl\u00e9s vezet\u0151it a Bel\u00fcgyminiszt\u00e9riumban.<\/strong><\/p>\n<p>Kiemelt cselekv\u00e9si pontk\u00e9nt jel\u00f6lte meg a miniszter a &#8222;teljes telep\u00fcl\u00e9si foglalkoztatotts\u00e1g&#8221; el\u00e9r\u00e9s\u00e9t. A program c\u00e9lkit\u0171z\u00e9se olyan gazdas\u00e1g\u00e9l\u00e9nk\u00edt\u0151 programcsomag ind\u00edt\u00e1sa, amely hat\u00e9konyan j\u00e1rul hozz\u00e1 a kedvezm\u00e9nyezett t\u00e9rs\u00e9gek gazdas\u00e1gi, munkaer\u0151piaci h\u00e1tr\u00e1nyainak cs\u00f6kkent\u00e9s\u00e9hez, a helyi foglalkoztat\u00e1s b\u0151v\u00edt\u00e9s\u00e9hez, a vid\u00e9k lakoss\u00e1gmegtart\u00f3 k\u00e9pess\u00e9g\u00e9nek n\u00f6vel\u00e9s\u00e9hez. Pint\u00e9r S\u00e1ndor hangs\u00falyozta: a kedvezm\u00e9nyezett telep\u00fcl\u00e9sek gazdas\u00e1gi fejleszt\u00e9se nemzeti k\u00f6zpolitikai, t\u00e1rsadalmi, gazdas\u00e1gi \u00e9rdek. Versenyk\u00e9pess\u00e9g\u00fck n\u00f6vel\u00e9se hozz\u00e1j\u00e1rulhat a magyar gazdas\u00e1g tov\u00e1bbi er\u0151s\u00f6d\u00e9s\u00e9hez, az ott \u00e9l\u0151 lakosok \u00e9letsz\u00ednvonal\u00e1nak n\u00f6veked\u00e9s\u00e9hez, az orsz\u00e1g termel\u00e9kenys\u00e9g\u00e9nek emelked\u00e9s\u00e9hez &#8211; tette hozz\u00e1. Kiemelt cselekv\u00e9si pontk\u00e9nt jel\u00f6lte meg a miniszter a &#8222;teljes telep\u00fcl\u00e9si foglalkoztatotts\u00e1g&#8221; el\u00e9r\u00e9s\u00e9t, a &#8222;Start szoci\u00e1lis sz\u00f6vetkezetek&#8221; l\u00e9trehoz\u00e1s\u00e1t, valamint a piac ig\u00e9nyeit figyelembe vev\u0151, azt kiszolg\u00e1l\u00f3 k\u00e9pz\u00e9sek ind\u00edt\u00e1s\u00e1t. R\u00e1mutatott: a kit\u0171z\u00f6tt c\u00e9lok akkor \u00e9rhet\u0151ek el, ha a telep\u00fcl\u00e9sek vezet\u0151i, polg\u00e1rai maguk is akt\u00edv, kezdem\u00e9nyez\u0151, elk\u00f6telezett szerepl\u0151i lesznek a programnak, hiszen \u0151k azok, akik ismerik a helyi saj\u00e1toss\u00e1gokat, adotts\u00e1gokat \u00e9s lehet\u0151s\u00e9geket. \u00dagy fogalmazott, a siker kulcsa &#8222;az \u00f6n\u00f6k kez\u00e9ben van&#8221;. Hoffmann Imre, a Bel\u00fcgyminiszt\u00e9rium k\u00f6zfoglalkoztat\u00e1si \u00e9s v\u00edz\u00fcgyi helyettes \u00e1llamtitk\u00e1ra a rendezv\u00e9nyen a k\u00f6zfoglalkoztat\u00e1s j\u00f3 gyakorlataira h\u00edvta fel a figyelmet. Kit\u00e9rt arra is, hogy a k\u00f6zfoglalkoztat\u00e1s alapjain l\u00e9trej\u00f6tt szoci\u00e1lis sz\u00f6vetkezetek el\u0151seg\u00edthetik a h\u00e1tr\u00e1nyos helyzet\u0171 telep\u00fcl\u00e9seken \u00e9l\u0151k k\u00f6z\u00f6ss\u00e9gi integr\u00e1ci\u00f3j\u00e1t, az er\u0151s helyi k\u00f6z\u00f6ss\u00e9gek pedig hozz\u00e1j\u00e1rulhatnak a vid\u00e9ki n\u00e9pess\u00e9g elv\u00e1ndorl\u00e1s\u00e1nak m\u00e9rs\u00e9kl\u00e9s\u00e9hez, a demogr\u00e1fiai mutat\u00f3k kedvez\u0151 alakul\u00e1s\u00e1hoz.<\/p>\n","protected":false},"excerpt":{"rendered":"<p>Ter\u00fcleti gazdas\u00e1gi egyenl\u0151tlens\u00e9geket cs\u00f6kkent\u0151 programot jelentett be Pint\u00e9r S\u00e1ndor bel\u00fcgyminiszter. T\u00e1j\u00e9koztatta a Magyarorsz\u00e1g egyes ter\u00fcletei k\u00f6z\u00f6tti gazdas\u00e1gi egyenl\u0151tlens\u00e9g cs\u00f6kkent\u00e9se \u00e9rdek\u00e9ben sz\u00fcks\u00e9ges fejleszt\u00e9si programr\u00f3l az annak els\u0151 \u00fctem\u00e9ben r\u00e9szt vev\u0151 50 telep\u00fcl\u00e9s vezet\u0151it a Bel\u00fcgyminiszt\u00e9riumban. Kiemelt cselekv\u00e9si pontk\u00e9nt jel\u00f6lte meg a miniszter a &#8222;teljes telep\u00fcl\u00e9si foglalkoztatotts\u00e1g&#8221; el\u00e9r\u00e9s\u00e9t. A program c\u00e9lkit\u0171z\u00e9se olyan gazdas\u00e1g\u00e9l\u00e9nk\u00edt\u0151 programcsomag ind\u00edt\u00e1sa, amely hat\u00e9konyan [&hellip;]<\/p>\n","protected":false},"author":1,"featured_media":2402,"comment_status":"open","ping_status":"open","sticky":false,"template":"","format":"standard","meta":{"_monsterinsights_skip_tracking":false,"footnotes":""},"categories":[198],"tags":[],"class_list":["post-3253","post","type-post","status-publish","format-standard","has-post-thumbnail","hentry","category-gazdasag"],"aioseo_notices":[],"aioseo_head":"\n\t\t<!-- All in One SEO 5.0.0.1 - aioseo.com -->\n\t<meta name=\"description\" content=\"Ter\u00fcleti gazdas\u00e1gi egyenl\u0151tlens\u00e9geket cs\u00f6kkent\u0151 programot jelentett be Pint\u00e9r S\u00e1ndor bel\u00fcgyminiszter. T\u00e1j\u00e9koztatta a Magyarorsz\u00e1g egyes ter\u00fcletei k\u00f6z\u00f6tti gazdas\u00e1gi egyenl\u0151tlens\u00e9g cs\u00f6kkent\u00e9se \u00e9rdek\u00e9ben sz\u00fcks\u00e9ges fejleszt\u00e9si programr\u00f3l az annak els\u0151 \u00fctem\u00e9ben r\u00e9szt vev\u0151 50 telep\u00fcl\u00e9s vezet\u0151it a Bel\u00fcgyminiszt\u00e9riumban. Kiemelt cselekv\u00e9si pontk\u00e9nt jel\u00f6lte meg a miniszter a &quot;teljes telep\u00fcl\u00e9si foglalkoztatotts\u00e1g&quot; el\u00e9r\u00e9s\u00e9t. A program c\u00e9lkit\u0171z\u00e9se olyan gazdas\u00e1g\u00e9l\u00e9nk\u00edt\u0151 programcsomag ind\u00edt\u00e1sa, amely hat\u00e9konyan\" \/>\n\t<meta name=\"robots\" content=\"max-image-preview:large\" \/>\n\t<meta name=\"author\" content=\"Juh\u00e1sz P\u00e9ter\"\/>\n\t<link rel=\"canonical\" href=\"https:\/\/allasorias.hu\/hirek\/enyhiteni-szukseges-a-gazdasagi-teruleti-egyenlotlensegeket\/\" \/>\n\t<meta name=\"generator\" content=\"All in One SEO (AIOSEO) 5.0.0.1\" \/>\n\t\t<meta property=\"og:locale\" content=\"hu_HU\" \/>\n\t\t<meta property=\"og:site_name\" content=\"AllasOrias.hu | H\u00edrek-lapszemle | \u00dczleti h\u00edrek az \u00e1ll\u00e1s \u00e9s a munka vil\u00e1g\u00e1b\u00f3l\" \/>\n\t\t<meta property=\"og:type\" content=\"article\" \/>\n\t\t<meta property=\"og:title\" content=\"Enyh\u00edteni sz\u00fcks\u00e9ges a gazdas\u00e1gi ter\u00fcleti egyenl\u0151tlens\u00e9geket | AllasOrias.hu | H\u00edrek-lapszemle\" \/>\n\t\t<meta property=\"og:description\" content=\"Ter\u00fcleti gazdas\u00e1gi egyenl\u0151tlens\u00e9geket cs\u00f6kkent\u0151 programot jelentett be Pint\u00e9r S\u00e1ndor bel\u00fcgyminiszter. T\u00e1j\u00e9koztatta a Magyarorsz\u00e1g egyes ter\u00fcletei k\u00f6z\u00f6tti gazdas\u00e1gi egyenl\u0151tlens\u00e9g cs\u00f6kkent\u00e9se \u00e9rdek\u00e9ben sz\u00fcks\u00e9ges fejleszt\u00e9si programr\u00f3l az annak els\u0151 \u00fctem\u00e9ben r\u00e9szt vev\u0151 50 telep\u00fcl\u00e9s vezet\u0151it a Bel\u00fcgyminiszt\u00e9riumban. Kiemelt cselekv\u00e9si pontk\u00e9nt jel\u00f6lte meg a miniszter a &quot;teljes telep\u00fcl\u00e9si foglalkoztatotts\u00e1g&quot; el\u00e9r\u00e9s\u00e9t. A program c\u00e9lkit\u0171z\u00e9se olyan gazdas\u00e1g\u00e9l\u00e9nk\u00edt\u0151 programcsomag ind\u00edt\u00e1sa, amely hat\u00e9konyan\" \/>\n\t\t<meta property=\"og:url\" content=\"https:\/\/allasorias.hu\/hirek\/enyhiteni-szukseges-a-gazdasagi-teruleti-egyenlotlensegeket\/\" \/>\n\t\t<meta property=\"og:image\" content=\"https:\/\/allasorias.hu\/hirek\/wp-content\/uploads\/2019\/01\/savings-2789112_640.jpg\" \/>\n\t\t<meta property=\"og:image:secure_url\" content=\"https:\/\/allasorias.hu\/hirek\/wp-content\/uploads\/2019\/01\/savings-2789112_640.jpg\" \/>\n\t\t<meta property=\"og:image:width\" content=\"640\" \/>\n\t\t<meta property=\"og:image:height\" content=\"426\" \/>\n\t\t<meta property=\"article:published_time\" content=\"2019-09-04T07:25:41+00:00\" \/>\n\t\t<meta property=\"article:modified_time\" content=\"2019-09-04T07:25:41+00:00\" \/>\n\t\t<meta property=\"article:publisher\" content=\"https:\/\/www.facebook.com\/allasorias\" \/>\n\t\t<meta name=\"twitter:card\" content=\"summary_large_image\" \/>\n\t\t<meta name=\"twitter:title\" content=\"Enyh\u00edteni sz\u00fcks\u00e9ges a gazdas\u00e1gi ter\u00fcleti egyenl\u0151tlens\u00e9geket | AllasOrias.hu | H\u00edrek-lapszemle\" \/>\n\t\t<meta name=\"twitter:description\" content=\"Ter\u00fcleti gazdas\u00e1gi egyenl\u0151tlens\u00e9geket cs\u00f6kkent\u0151 programot jelentett be Pint\u00e9r S\u00e1ndor bel\u00fcgyminiszter. T\u00e1j\u00e9koztatta a Magyarorsz\u00e1g egyes ter\u00fcletei k\u00f6z\u00f6tti gazdas\u00e1gi egyenl\u0151tlens\u00e9g cs\u00f6kkent\u00e9se \u00e9rdek\u00e9ben sz\u00fcks\u00e9ges fejleszt\u00e9si programr\u00f3l az annak els\u0151 \u00fctem\u00e9ben r\u00e9szt vev\u0151 50 telep\u00fcl\u00e9s vezet\u0151it a Bel\u00fcgyminiszt\u00e9riumban. Kiemelt cselekv\u00e9si pontk\u00e9nt jel\u00f6lte meg a miniszter a &quot;teljes telep\u00fcl\u00e9si foglalkoztatotts\u00e1g&quot; el\u00e9r\u00e9s\u00e9t. A program c\u00e9lkit\u0171z\u00e9se olyan gazdas\u00e1g\u00e9l\u00e9nk\u00edt\u0151 programcsomag ind\u00edt\u00e1sa, amely hat\u00e9konyan\" \/>\n\t\t<meta name=\"twitter:image\" content=\"https:\/\/allasorias.hu\/hirek\/wp-content\/uploads\/2019\/01\/savings-2789112_640.jpg\" \/>\n\t\t<meta name=\"twitter:label1\" content=\"Written by\" \/>\n\t\t<meta name=\"twitter:data1\" content=\"Juh\u00e1sz P\u00e9ter\" \/>\n\t\t<meta name=\"twitter:label2\" content=\"Est. reading time\" \/>\n\t\t<meta name=\"twitter:data2\" content=\"2 minutes\" \/>\n\t\t<script type=\"application\/ld+json\" class=\"aioseo-schema\">\n\t\t\t{\"@context\":\"https:\\\/\\\/schema.org\",\"@graph\":[{\"@type\":\"Article\",\"@id\":\"https:\\\/\\\/allasorias.hu\\\/hirek\\\/enyhiteni-szukseges-a-gazdasagi-teruleti-egyenlotlensegeket\\\/#article\",\"name\":\"Enyh\\u00edteni sz\\u00fcks\\u00e9ges a gazdas\\u00e1gi ter\\u00fcleti egyenl\\u0151tlens\\u00e9geket | AllasOrias.hu | H\\u00edrek-lapszemle\",\"headline\":\"Enyh\\u00edteni sz\\u00fcks\\u00e9ges a gazdas\\u00e1gi ter\\u00fcleti egyenl\\u0151tlens\\u00e9geket\",\"author\":{\"@id\":\"https:\\\/\\\/allasorias.hu\\\/hirek\\\/author\\\/admin-allasorias\\\/#author\"},\"publisher\":{\"@id\":\"https:\\\/\\\/allasorias.hu\\\/hirek\\\/#organization\"},\"image\":{\"@type\":\"ImageObject\",\"url\":\"https:\\\/\\\/allasorias.hu\\\/hirek\\\/wp-content\\\/uploads\\\/2019\\\/01\\\/savings-2789112_640.jpg\",\"width\":640,\"height\":426},\"datePublished\":\"2019-09-04T07:25:41+02:00\",\"dateModified\":\"2019-09-04T07:25:41+02:00\",\"inLanguage\":\"hu-HU\",\"mainEntityOfPage\":{\"@id\":\"https:\\\/\\\/allasorias.hu\\\/hirek\\\/enyhiteni-szukseges-a-gazdasagi-teruleti-egyenlotlensegeket\\\/#webpage\"},\"isPartOf\":{\"@id\":\"https:\\\/\\\/allasorias.hu\\\/hirek\\\/enyhiteni-szukseges-a-gazdasagi-teruleti-egyenlotlensegeket\\\/#webpage\"},\"articleSection\":\"Gazdas\\u00e1g\"},{\"@type\":\"BreadcrumbList\",\"@id\":\"https:\\\/\\\/allasorias.hu\\\/hirek\\\/enyhiteni-szukseges-a-gazdasagi-teruleti-egyenlotlensegeket\\\/#breadcrumblist\",\"itemListElement\":[{\"@type\":\"ListItem\",\"@id\":\"https:\\\/\\\/allasorias.hu\\\/hirek#listItem\",\"position\":1,\"name\":\"Home\",\"item\":\"https:\\\/\\\/allasorias.hu\\\/hirek\",\"nextItem\":{\"@type\":\"ListItem\",\"@id\":\"https:\\\/\\\/allasorias.hu\\\/hirek\\\/temak\\\/gazdasag\\\/#listItem\",\"name\":\"Gazdas\\u00e1g\"}},{\"@type\":\"ListItem\",\"@id\":\"https:\\\/\\\/allasorias.hu\\\/hirek\\\/temak\\\/gazdasag\\\/#listItem\",\"position\":2,\"name\":\"Gazdas\\u00e1g\",\"item\":\"https:\\\/\\\/allasorias.hu\\\/hirek\\\/temak\\\/gazdasag\\\/\",\"nextItem\":{\"@type\":\"ListItem\",\"@id\":\"https:\\\/\\\/allasorias.hu\\\/hirek\\\/enyhiteni-szukseges-a-gazdasagi-teruleti-egyenlotlensegeket\\\/#listItem\",\"name\":\"Enyh\\u00edteni sz\\u00fcks\\u00e9ges a gazdas\\u00e1gi ter\\u00fcleti egyenl\\u0151tlens\\u00e9geket\"},\"previousItem\":{\"@type\":\"ListItem\",\"@id\":\"https:\\\/\\\/allasorias.hu\\\/hirek#listItem\",\"name\":\"Home\"}},{\"@type\":\"ListItem\",\"@id\":\"https:\\\/\\\/allasorias.hu\\\/hirek\\\/enyhiteni-szukseges-a-gazdasagi-teruleti-egyenlotlensegeket\\\/#listItem\",\"position\":3,\"name\":\"Enyh\\u00edteni sz\\u00fcks\\u00e9ges a gazdas\\u00e1gi ter\\u00fcleti egyenl\\u0151tlens\\u00e9geket\",\"previousItem\":{\"@type\":\"ListItem\",\"@id\":\"https:\\\/\\\/allasorias.hu\\\/hirek\\\/temak\\\/gazdasag\\\/#listItem\",\"name\":\"Gazdas\\u00e1g\"}}]},{\"@type\":\"Organization\",\"@id\":\"https:\\\/\\\/allasorias.hu\\\/hirek\\\/#organization\",\"name\":\"AllasOrias.hu | H\\u00edrek-lapszemle\",\"description\":\"\\u00dczleti h\\u00edrek az \\u00e1ll\\u00e1s \\u00e9s a munka vil\\u00e1g\\u00e1b\\u00f3l\",\"url\":\"https:\\\/\\\/allasorias.hu\\\/hirek\\\/\",\"logo\":{\"@type\":\"ImageObject\",\"url\":\"https:\\\/\\\/allasorias.hu\\\/hirek\\\/wp-content\\\/uploads\\\/2022\\\/10\\\/allasorias_site_facebok_logo.png\",\"@id\":\"https:\\\/\\\/allasorias.hu\\\/hirek\\\/enyhiteni-szukseges-a-gazdasagi-teruleti-egyenlotlensegeket\\\/#organizationLogo\"},\"image\":{\"@id\":\"https:\\\/\\\/allasorias.hu\\\/hirek\\\/enyhiteni-szukseges-a-gazdasagi-teruleti-egyenlotlensegeket\\\/#organizationLogo\"},\"sameAs\":[\"https:\\\/\\\/www.facebook.com\\\/allasorias\",\"https:\\\/\\\/www.linkedin.com\\\/company\\\/allasorias\"]},{\"@type\":\"Person\",\"@id\":\"https:\\\/\\\/allasorias.hu\\\/hirek\\\/author\\\/admin-allasorias\\\/#author\",\"url\":\"https:\\\/\\\/allasorias.hu\\\/hirek\\\/author\\\/admin-allasorias\\\/\",\"name\":\"Juh\\u00e1sz P\\u00e9ter\",\"image\":{\"@type\":\"ImageObject\",\"@id\":\"https:\\\/\\\/allasorias.hu\\\/hirek\\\/enyhiteni-szukseges-a-gazdasagi-teruleti-egyenlotlensegeket\\\/#authorImage\",\"url\":\"https:\\\/\\\/secure.gravatar.com\\\/avatar\\\/36e6bcb83148978b992977cb0f54d22feb0cce8a0a849a9410532bb2623ba4c6?s=96&d=mm&r=g\",\"width\":96,\"height\":96,\"caption\":\"Juh\\u00e1sz P\\u00e9ter\"}},{\"@type\":\"WebPage\",\"@id\":\"https:\\\/\\\/allasorias.hu\\\/hirek\\\/enyhiteni-szukseges-a-gazdasagi-teruleti-egyenlotlensegeket\\\/#webpage\",\"url\":\"https:\\\/\\\/allasorias.hu\\\/hirek\\\/enyhiteni-szukseges-a-gazdasagi-teruleti-egyenlotlensegeket\\\/\",\"name\":\"Enyh\\u00edteni sz\\u00fcks\\u00e9ges a gazdas\\u00e1gi ter\\u00fcleti egyenl\\u0151tlens\\u00e9geket | AllasOrias.hu | H\\u00edrek-lapszemle\",\"description\":\"Ter\\u00fcleti gazdas\\u00e1gi egyenl\\u0151tlens\\u00e9geket cs\\u00f6kkent\\u0151 programot jelentett be Pint\\u00e9r S\\u00e1ndor bel\\u00fcgyminiszter. T\\u00e1j\\u00e9koztatta a Magyarorsz\\u00e1g egyes ter\\u00fcletei k\\u00f6z\\u00f6tti gazdas\\u00e1gi egyenl\\u0151tlens\\u00e9g cs\\u00f6kkent\\u00e9se \\u00e9rdek\\u00e9ben sz\\u00fcks\\u00e9ges fejleszt\\u00e9si programr\\u00f3l az annak els\\u0151 \\u00fctem\\u00e9ben r\\u00e9szt vev\\u0151 50 telep\\u00fcl\\u00e9s vezet\\u0151it a Bel\\u00fcgyminiszt\\u00e9riumban. Kiemelt cselekv\\u00e9si pontk\\u00e9nt jel\\u00f6lte meg a miniszter a \\\"teljes telep\\u00fcl\\u00e9si foglalkoztatotts\\u00e1g\\\" el\\u00e9r\\u00e9s\\u00e9t. A program c\\u00e9lkit\\u0171z\\u00e9se olyan gazdas\\u00e1g\\u00e9l\\u00e9nk\\u00edt\\u0151 programcsomag ind\\u00edt\\u00e1sa, amely hat\\u00e9konyan\",\"inLanguage\":\"hu-HU\",\"isPartOf\":{\"@id\":\"https:\\\/\\\/allasorias.hu\\\/hirek\\\/#website\"},\"breadcrumb\":{\"@id\":\"https:\\\/\\\/allasorias.hu\\\/hirek\\\/enyhiteni-szukseges-a-gazdasagi-teruleti-egyenlotlensegeket\\\/#breadcrumblist\"},\"author\":{\"@id\":\"https:\\\/\\\/allasorias.hu\\\/hirek\\\/author\\\/admin-allasorias\\\/#author\"},\"creator\":{\"@id\":\"https:\\\/\\\/allasorias.hu\\\/hirek\\\/author\\\/admin-allasorias\\\/#author\"},\"image\":{\"@type\":\"ImageObject\",\"url\":\"https:\\\/\\\/allasorias.hu\\\/hirek\\\/wp-content\\\/uploads\\\/2019\\\/01\\\/savings-2789112_640.jpg\",\"@id\":\"https:\\\/\\\/allasorias.hu\\\/hirek\\\/enyhiteni-szukseges-a-gazdasagi-teruleti-egyenlotlensegeket\\\/#mainImage\",\"width\":640,\"height\":426},\"primaryImageOfPage\":{\"@id\":\"https:\\\/\\\/allasorias.hu\\\/hirek\\\/enyhiteni-szukseges-a-gazdasagi-teruleti-egyenlotlensegeket\\\/#mainImage\"},\"datePublished\":\"2019-09-04T07:25:41+02:00\",\"dateModified\":\"2019-09-04T07:25:41+02:00\"},{\"@type\":\"WebSite\",\"@id\":\"https:\\\/\\\/allasorias.hu\\\/hirek\\\/#website\",\"url\":\"https:\\\/\\\/allasorias.hu\\\/hirek\\\/\",\"name\":\"AllasOrias.hu | H\\u00edrek-lapszemle\",\"description\":\"\\u00dczleti h\\u00edrek az \\u00e1ll\\u00e1s \\u00e9s a munka vil\\u00e1g\\u00e1b\\u00f3l\",\"inLanguage\":\"hu-HU\",\"publisher\":{\"@id\":\"https:\\\/\\\/allasorias.hu\\\/hirek\\\/#organization\"}}]}\n\t\t<\/script>\n\t\t<!-- All in One SEO -->\n\n","aioseo_head_json":{"title":"Enyh\u00edteni sz\u00fcks\u00e9ges a gazdas\u00e1gi ter\u00fcleti egyenl\u0151tlens\u00e9geket | AllasOrias.hu | H\u00edrek-lapszemle","description":"Ter\u00fcleti gazdas\u00e1gi egyenl\u0151tlens\u00e9geket cs\u00f6kkent\u0151 programot jelentett be Pint\u00e9r S\u00e1ndor bel\u00fcgyminiszter. T\u00e1j\u00e9koztatta a Magyarorsz\u00e1g egyes ter\u00fcletei k\u00f6z\u00f6tti gazdas\u00e1gi egyenl\u0151tlens\u00e9g cs\u00f6kkent\u00e9se \u00e9rdek\u00e9ben sz\u00fcks\u00e9ges fejleszt\u00e9si programr\u00f3l az annak els\u0151 \u00fctem\u00e9ben r\u00e9szt vev\u0151 50 telep\u00fcl\u00e9s vezet\u0151it a Bel\u00fcgyminiszt\u00e9riumban. Kiemelt cselekv\u00e9si pontk\u00e9nt jel\u00f6lte meg a miniszter a \"teljes telep\u00fcl\u00e9si foglalkoztatotts\u00e1g\" el\u00e9r\u00e9s\u00e9t. A program c\u00e9lkit\u0171z\u00e9se olyan gazdas\u00e1g\u00e9l\u00e9nk\u00edt\u0151 programcsomag ind\u00edt\u00e1sa, amely hat\u00e9konyan","canonical_url":"https:\/\/allasorias.hu\/hirek\/enyhiteni-szukseges-a-gazdasagi-teruleti-egyenlotlensegeket\/","robots":"max-image-preview:large","keywords":"","webmasterTools":{"miscellaneous":""},"schema":{"@context":"https:\/\/schema.org","@graph":[{"@type":"Article","@id":"https:\/\/allasorias.hu\/hirek\/enyhiteni-szukseges-a-gazdasagi-teruleti-egyenlotlensegeket\/#article","name":"Enyh\u00edteni sz\u00fcks\u00e9ges a gazdas\u00e1gi ter\u00fcleti egyenl\u0151tlens\u00e9geket | AllasOrias.hu | H\u00edrek-lapszemle","headline":"Enyh\u00edteni sz\u00fcks\u00e9ges a gazdas\u00e1gi ter\u00fcleti egyenl\u0151tlens\u00e9geket","author":{"@id":"https:\/\/allasorias.hu\/hirek\/author\/admin-allasorias\/#author"},"publisher":{"@id":"https:\/\/allasorias.hu\/hirek\/#organization"},"image":{"@type":"ImageObject","url":"https:\/\/allasorias.hu\/hirek\/wp-content\/uploads\/2019\/01\/savings-2789112_640.jpg","width":640,"height":426},"datePublished":"2019-09-04T07:25:41+02:00","dateModified":"2019-09-04T07:25:41+02:00","inLanguage":"hu-HU","mainEntityOfPage":{"@id":"https:\/\/allasorias.hu\/hirek\/enyhiteni-szukseges-a-gazdasagi-teruleti-egyenlotlensegeket\/#webpage"},"isPartOf":{"@id":"https:\/\/allasorias.hu\/hirek\/enyhiteni-szukseges-a-gazdasagi-teruleti-egyenlotlensegeket\/#webpage"},"articleSection":"Gazdas\u00e1g"},{"@type":"BreadcrumbList","@id":"https:\/\/allasorias.hu\/hirek\/enyhiteni-szukseges-a-gazdasagi-teruleti-egyenlotlensegeket\/#breadcrumblist","itemListElement":[{"@type":"ListItem","@id":"https:\/\/allasorias.hu\/hirek#listItem","position":1,"name":"Home","item":"https:\/\/allasorias.hu\/hirek","nextItem":{"@type":"ListItem","@id":"https:\/\/allasorias.hu\/hirek\/temak\/gazdasag\/#listItem","name":"Gazdas\u00e1g"}},{"@type":"ListItem","@id":"https:\/\/allasorias.hu\/hirek\/temak\/gazdasag\/#listItem","position":2,"name":"Gazdas\u00e1g","item":"https:\/\/allasorias.hu\/hirek\/temak\/gazdasag\/","nextItem":{"@type":"ListItem","@id":"https:\/\/allasorias.hu\/hirek\/enyhiteni-szukseges-a-gazdasagi-teruleti-egyenlotlensegeket\/#listItem","name":"Enyh\u00edteni sz\u00fcks\u00e9ges a gazdas\u00e1gi ter\u00fcleti egyenl\u0151tlens\u00e9geket"},"previousItem":{"@type":"ListItem","@id":"https:\/\/allasorias.hu\/hirek#listItem","name":"Home"}},{"@type":"ListItem","@id":"https:\/\/allasorias.hu\/hirek\/enyhiteni-szukseges-a-gazdasagi-teruleti-egyenlotlensegeket\/#listItem","position":3,"name":"Enyh\u00edteni sz\u00fcks\u00e9ges a gazdas\u00e1gi ter\u00fcleti egyenl\u0151tlens\u00e9geket","previousItem":{"@type":"ListItem","@id":"https:\/\/allasorias.hu\/hirek\/temak\/gazdasag\/#listItem","name":"Gazdas\u00e1g"}}]},{"@type":"Organization","@id":"https:\/\/allasorias.hu\/hirek\/#organization","name":"AllasOrias.hu | H\u00edrek-lapszemle","description":"\u00dczleti h\u00edrek az \u00e1ll\u00e1s \u00e9s a munka vil\u00e1g\u00e1b\u00f3l","url":"https:\/\/allasorias.hu\/hirek\/","logo":{"@type":"ImageObject","url":"https:\/\/allasorias.hu\/hirek\/wp-content\/uploads\/2022\/10\/allasorias_site_facebok_logo.png","@id":"https:\/\/allasorias.hu\/hirek\/enyhiteni-szukseges-a-gazdasagi-teruleti-egyenlotlensegeket\/#organizationLogo"},"image":{"@id":"https:\/\/allasorias.hu\/hirek\/enyhiteni-szukseges-a-gazdasagi-teruleti-egyenlotlensegeket\/#organizationLogo"},"sameAs":["https:\/\/www.facebook.com\/allasorias","https:\/\/www.linkedin.com\/company\/allasorias"]},{"@type":"Person","@id":"https:\/\/allasorias.hu\/hirek\/author\/admin-allasorias\/#author","url":"https:\/\/allasorias.hu\/hirek\/author\/admin-allasorias\/","name":"Juh\u00e1sz P\u00e9ter","image":{"@type":"ImageObject","@id":"https:\/\/allasorias.hu\/hirek\/enyhiteni-szukseges-a-gazdasagi-teruleti-egyenlotlensegeket\/#authorImage","url":"https:\/\/secure.gravatar.com\/avatar\/36e6bcb83148978b992977cb0f54d22feb0cce8a0a849a9410532bb2623ba4c6?s=96&d=mm&r=g","width":96,"height":96,"caption":"Juh\u00e1sz P\u00e9ter"}},{"@type":"WebPage","@id":"https:\/\/allasorias.hu\/hirek\/enyhiteni-szukseges-a-gazdasagi-teruleti-egyenlotlensegeket\/#webpage","url":"https:\/\/allasorias.hu\/hirek\/enyhiteni-szukseges-a-gazdasagi-teruleti-egyenlotlensegeket\/","name":"Enyh\u00edteni sz\u00fcks\u00e9ges a gazdas\u00e1gi ter\u00fcleti egyenl\u0151tlens\u00e9geket | AllasOrias.hu | H\u00edrek-lapszemle","description":"Ter\u00fcleti gazdas\u00e1gi egyenl\u0151tlens\u00e9geket cs\u00f6kkent\u0151 programot jelentett be Pint\u00e9r S\u00e1ndor bel\u00fcgyminiszter. T\u00e1j\u00e9koztatta a Magyarorsz\u00e1g egyes ter\u00fcletei k\u00f6z\u00f6tti gazdas\u00e1gi egyenl\u0151tlens\u00e9g cs\u00f6kkent\u00e9se \u00e9rdek\u00e9ben sz\u00fcks\u00e9ges fejleszt\u00e9si programr\u00f3l az annak els\u0151 \u00fctem\u00e9ben r\u00e9szt vev\u0151 50 telep\u00fcl\u00e9s vezet\u0151it a Bel\u00fcgyminiszt\u00e9riumban. Kiemelt cselekv\u00e9si pontk\u00e9nt jel\u00f6lte meg a miniszter a \"teljes telep\u00fcl\u00e9si foglalkoztatotts\u00e1g\" el\u00e9r\u00e9s\u00e9t. A program c\u00e9lkit\u0171z\u00e9se olyan gazdas\u00e1g\u00e9l\u00e9nk\u00edt\u0151 programcsomag ind\u00edt\u00e1sa, amely hat\u00e9konyan","inLanguage":"hu-HU","isPartOf":{"@id":"https:\/\/allasorias.hu\/hirek\/#website"},"breadcrumb":{"@id":"https:\/\/allasorias.hu\/hirek\/enyhiteni-szukseges-a-gazdasagi-teruleti-egyenlotlensegeket\/#breadcrumblist"},"author":{"@id":"https:\/\/allasorias.hu\/hirek\/author\/admin-allasorias\/#author"},"creator":{"@id":"https:\/\/allasorias.hu\/hirek\/author\/admin-allasorias\/#author"},"image":{"@type":"ImageObject","url":"https:\/\/allasorias.hu\/hirek\/wp-content\/uploads\/2019\/01\/savings-2789112_640.jpg","@id":"https:\/\/allasorias.hu\/hirek\/enyhiteni-szukseges-a-gazdasagi-teruleti-egyenlotlensegeket\/#mainImage","width":640,"height":426},"primaryImageOfPage":{"@id":"https:\/\/allasorias.hu\/hirek\/enyhiteni-szukseges-a-gazdasagi-teruleti-egyenlotlensegeket\/#mainImage"},"datePublished":"2019-09-04T07:25:41+02:00","dateModified":"2019-09-04T07:25:41+02:00"},{"@type":"WebSite","@id":"https:\/\/allasorias.hu\/hirek\/#website","url":"https:\/\/allasorias.hu\/hirek\/","name":"AllasOrias.hu | H\u00edrek-lapszemle","description":"\u00dczleti h\u00edrek az \u00e1ll\u00e1s \u00e9s a munka vil\u00e1g\u00e1b\u00f3l","inLanguage":"hu-HU","publisher":{"@id":"https:\/\/allasorias.hu\/hirek\/#organization"}}]},"og:locale":"hu_HU","og:site_name":"AllasOrias.hu | H\u00edrek-lapszemle | \u00dczleti h\u00edrek az \u00e1ll\u00e1s \u00e9s a munka vil\u00e1g\u00e1b\u00f3l","og:type":"article","og:title":"Enyh\u00edteni sz\u00fcks\u00e9ges a gazdas\u00e1gi ter\u00fcleti egyenl\u0151tlens\u00e9geket | AllasOrias.hu | H\u00edrek-lapszemle","og:description":"Ter\u00fcleti gazdas\u00e1gi egyenl\u0151tlens\u00e9geket cs\u00f6kkent\u0151 programot jelentett be Pint\u00e9r S\u00e1ndor bel\u00fcgyminiszter. T\u00e1j\u00e9koztatta a Magyarorsz\u00e1g egyes ter\u00fcletei k\u00f6z\u00f6tti gazdas\u00e1gi egyenl\u0151tlens\u00e9g cs\u00f6kkent\u00e9se \u00e9rdek\u00e9ben sz\u00fcks\u00e9ges fejleszt\u00e9si programr\u00f3l az annak els\u0151 \u00fctem\u00e9ben r\u00e9szt vev\u0151 50 telep\u00fcl\u00e9s vezet\u0151it a Bel\u00fcgyminiszt\u00e9riumban. Kiemelt cselekv\u00e9si pontk\u00e9nt jel\u00f6lte meg a miniszter a &quot;teljes telep\u00fcl\u00e9si foglalkoztatotts\u00e1g&quot; el\u00e9r\u00e9s\u00e9t. A program c\u00e9lkit\u0171z\u00e9se olyan gazdas\u00e1g\u00e9l\u00e9nk\u00edt\u0151 programcsomag ind\u00edt\u00e1sa, amely hat\u00e9konyan","og:url":"https:\/\/allasorias.hu\/hirek\/enyhiteni-szukseges-a-gazdasagi-teruleti-egyenlotlensegeket\/","og:image":"https:\/\/allasorias.hu\/hirek\/wp-content\/uploads\/2019\/01\/savings-2789112_640.jpg","og:image:secure_url":"https:\/\/allasorias.hu\/hirek\/wp-content\/uploads\/2019\/01\/savings-2789112_640.jpg","og:image:width":640,"og:image:height":426,"article:published_time":"2019-09-04T07:25:41+00:00","article:modified_time":"2019-09-04T07:25:41+00:00","article:publisher":"https:\/\/www.facebook.com\/allasorias","twitter:card":"summary_large_image","twitter:title":"Enyh\u00edteni sz\u00fcks\u00e9ges a gazdas\u00e1gi ter\u00fcleti egyenl\u0151tlens\u00e9geket | AllasOrias.hu | H\u00edrek-lapszemle","twitter:description":"Ter\u00fcleti gazdas\u00e1gi egyenl\u0151tlens\u00e9geket cs\u00f6kkent\u0151 programot jelentett be Pint\u00e9r S\u00e1ndor bel\u00fcgyminiszter. T\u00e1j\u00e9koztatta a Magyarorsz\u00e1g egyes ter\u00fcletei k\u00f6z\u00f6tti gazdas\u00e1gi egyenl\u0151tlens\u00e9g cs\u00f6kkent\u00e9se \u00e9rdek\u00e9ben sz\u00fcks\u00e9ges fejleszt\u00e9si programr\u00f3l az annak els\u0151 \u00fctem\u00e9ben r\u00e9szt vev\u0151 50 telep\u00fcl\u00e9s vezet\u0151it a Bel\u00fcgyminiszt\u00e9riumban. Kiemelt cselekv\u00e9si pontk\u00e9nt jel\u00f6lte meg a miniszter a &quot;teljes telep\u00fcl\u00e9si foglalkoztatotts\u00e1g&quot; el\u00e9r\u00e9s\u00e9t. A program c\u00e9lkit\u0171z\u00e9se olyan gazdas\u00e1g\u00e9l\u00e9nk\u00edt\u0151 programcsomag ind\u00edt\u00e1sa, amely hat\u00e9konyan","twitter:image":"https:\/\/allasorias.hu\/hirek\/wp-content\/uploads\/2019\/01\/savings-2789112_640.jpg","twitter:label1":"Written by","twitter:data1":"Juh\u00e1sz P\u00e9ter","twitter:label2":"Est. reading time","twitter:data2":"2 minutes"},"aioseo_meta_data":{"post_id":"3253","title":null,"description":null,"keywords":null,"keyphrases":null,"primary_term":null,"canonical_url":null,"og_title":null,"og_description":null,"og_object_type":"default","og_image_type":"default","og_image_url":null,"og_image_width":null,"og_image_height":null,"og_image_custom_url":null,"og_image_custom_fields":null,"og_video":null,"og_custom_url":null,"og_article_section":null,"og_article_tags":null,"twitter_use_og":false,"twitter_card":"default","twitter_image_type":"default","twitter_image_url":null,"twitter_image_custom_url":null,"twitter_image_custom_fields":null,"twitter_title":null,"twitter_description":null,"schema":{"blockGraphs":[],"customGraphs":[],"default":{"data":{"Article":[],"Course":[],"Dataset":[],"FAQPage":[],"Movie":[],"Person":[],"Product":[],"ProductReview":[],"Car":[],"Recipe":[],"Service":[],"SoftwareApplication":[],"WebPage":[]},"graphName":"","isEnabled":true},"graphs":[],"defaultGraph":"","defaultPostTypeGraph":""},"schema_type":null,"schema_type_options":null,"pillar_content":false,"robots_default":true,"robots_noindex":false,"robots_noarchive":false,"robots_nosnippet":false,"robots_nofollow":false,"robots_noimageindex":false,"robots_noodp":false,"robots_notranslate":false,"robots_max_snippet":null,"robots_max_videopreview":null,"robots_max_imagepreview":"large","priority":null,"frequency":null,"location":null,"local_seo":null,"breadcrumb_settings":null,"limit_modified_date":false,"ai":null,"created":"2021-02-01 21:57:19","updated":"2025-10-02 11:44:24","seo_analyzer_scan_date":null,"focus_keyword":null,"additional_keywords":null,"truseo_locale":null},"aioseo_breadcrumb":"<div class=\"aioseo-breadcrumbs\"><span class=\"aioseo-breadcrumb\">\n\t\t\t<a href=\"https:\/\/allasorias.hu\/hirek\" title=\"Home\">Home<\/a>\n\t\t<\/span><span class=\"aioseo-breadcrumb-separator\">&raquo;<\/span><span class=\"aioseo-breadcrumb\">\n\t\t\t<a href=\"https:\/\/allasorias.hu\/hirek\/temak\/gazdasag\/\" title=\"Gazdas\u00e1g\">Gazdas\u00e1g<\/a>\n\t\t<\/span><span class=\"aioseo-breadcrumb-separator\">&raquo;<\/span><span class=\"aioseo-breadcrumb\">\n\t\t\tEnyh\u00edteni sz\u00fcks\u00e9ges a gazdas\u00e1gi ter\u00fcleti egyenl\u0151tlens\u00e9geket\n\t\t<\/span><\/div>","aioseo_breadcrumb_json":[{"label":"Home","link":"https:\/\/allasorias.hu\/hirek"},{"label":"Gazdas\u00e1g","link":"https:\/\/allasorias.hu\/hirek\/temak\/gazdasag\/"},{"label":"Enyh\u00edteni sz\u00fcks\u00e9ges a gazdas\u00e1gi ter\u00fcleti egyenl\u0151tlens\u00e9geket","link":"https:\/\/allasorias.hu\/hirek\/enyhiteni-szukseges-a-gazdasagi-teruleti-egyenlotlensegeket\/"}],"_links":{"self":[{"href":"https:\/\/allasorias.hu\/hirek\/wp-json\/wp\/v2\/posts\/3253","targetHints":{"allow":["GET"]}}],"collection":[{"href":"https:\/\/allasorias.hu\/hirek\/wp-json\/wp\/v2\/posts"}],"about":[{"href":"https:\/\/allasorias.hu\/hirek\/wp-json\/wp\/v2\/types\/post"}],"author":[{"embeddable":true,"href":"https:\/\/allasorias.hu\/hirek\/wp-json\/wp\/v2\/users\/1"}],"replies":[{"embeddable":true,"href":"https:\/\/allasorias.hu\/hirek\/wp-json\/wp\/v2\/comments?post=3253"}],"version-history":[{"count":1,"href":"https:\/\/allasorias.hu\/hirek\/wp-json\/wp\/v2\/posts\/3253\/revisions"}],"predecessor-version":[{"id":3254,"href":"https:\/\/allasorias.hu\/hirek\/wp-json\/wp\/v2\/posts\/3253\/revisions\/3254"}],"wp:featuredmedia":[{"embeddable":true,"href":"https:\/\/allasorias.hu\/hirek\/wp-json\/wp\/v2\/media\/2402"}],"wp:attachment":[{"href":"https:\/\/allasorias.hu\/hirek\/wp-json\/wp\/v2\/media?parent=3253"}],"wp:term":[{"taxonomy":"category","embeddable":true,"href":"https:\/\/allasorias.hu\/hirek\/wp-json\/wp\/v2\/categories?post=3253"},{"taxonomy":"post_tag","embeddable":true,"href":"https:\/\/allasorias.hu\/hirek\/wp-json\/wp\/v2\/tags?post=3253"}],"curies":[{"name":"wp","href":"https:\/\/api.w.org\/{rel}","templated":true}]}}