{"id":3251,"date":"2019-09-03T09:56:05","date_gmt":"2019-09-03T09:56:05","guid":{"rendered":"https:\/\/allasorias.hu\/hirek\/?p=3251"},"modified":"2019-09-02T09:56:43","modified_gmt":"2019-09-02T09:56:43","slug":"az-autoipar-huzza-a-gazdasagot","status":"publish","type":"post","link":"https:\/\/allasorias.hu\/hirek\/az-autoipar-huzza-a-gazdasagot\/","title":{"rendered":"Az aut\u00f3ipar h\u00fazza a gazdas\u00e1got"},"content":{"rendered":"<p><strong>Magyarorsz\u00e1gon minden nyolcadik magyar az aut\u00f3ipari szektorban dolgozik, s ez is jelzi, milyen \u00a0kulcsfontoss\u00e1g\u00fa az aut\u00f3ipar haz\u00e1nk \u00e9let\u00e9ben. Az aut\u00f3- \u00e9s aut\u00f3alkatr\u00e9sz-gy\u00e1rt\u00e1s fontoss\u00e1ga olyannyira, hogy az EU erre vonatkoz\u00f3 toplist\u00e1j\u00e1ra is felker\u00fclt Magyarorsz\u00e1g. Ha csak a k\u00f6zvetlen sz\u00e1mokat n\u00e9zz\u00fck, Magyarorsz\u00e1gon nem foglalkoztat kiemelked\u0151en sok embert ez a szektor, viszont ha m\u00e1sfel\u0151l k\u00f6zel\u00edtj\u00fck meg a k\u00e9rd\u00e9st, a k\u00e9p m\u00e1ris v\u00e1ltozik \u2013 a lakoss\u00e1g sz\u00e1m\u00e1val ar\u00e1nyosan Magyarorsz\u00e1g m\u00e1r az \u00f6t\u00f6dik azon orsz\u00e1gok k\u00f6z\u00f6tt, ahol a legt\u00f6bben dolgoznak ebben a szektorban.<\/strong><\/p>\n<p>Az Eur\u00f3pai Aut\u00f3gy\u00e1rt\u00f3k Sz\u00f6vets\u00e9ge \u00e1ltal rendelkez\u00e9s\u00fcnkre bocs\u00e1tott adatok 2017-b\u0151l sz\u00e1rmaznak, az ekkori \u00e9v v\u00e9g\u00e9n a KSH adatai szerint 4,447 milli\u00f3 ember dolgozott Magyarorsz\u00e1gon, azaz minden hatodik magyart az aut\u00f3iparban foglalkoztatt\u00e1k. Folyamatos beruh\u00e1z\u00e1sok Nem kell messzire visszamenn\u00fcnk az id\u0151ben ahhoz, hogy l\u00e1ssuk ez a tendencia egyel\u0151re biztosan nem fog v\u00e1ltozni, hiszen az aut\u00f3gy\u00e1rt\u00f3k \u00e9s besz\u00e1ll\u00edt\u00f3ik folyamatosan hozz\u00e1k a beruh\u00e1z\u00e1sokat az orsz\u00e1gba, illetve fejlesztenek a m\u00e1r megl\u00e9v\u0151 \u00fczemekben. Ahogy arr\u00f3l kor\u00e1bban is \u00edrtunk, k\u00e9t d\u00e9l-koreai illet\u0151s\u00e9g\u0171, elektromos aut\u00f3k akkumul\u00e1torait gy\u00e1rt\u00f3 v\u00e1llalat is \u00e9rkezik Magyarorsz\u00e1gra hamarosan, Salg\u00f3tarj\u00e1nban a Bumchun Precision, m\u00edg Kom\u00e1romban az Inchi Controls \u00e9p\u00edti \u00faj gy\u00e1r\u00e1t, de megl\u00e9v\u0151 aut\u00f3alkatr\u00e9sz-gy\u00e1rt\u00f3 \u00fczemet is b\u0151v\u00edtettek m\u00e1r id\u00e9n. \u00dagy t\u0171nik az, hogy az aut\u00f3ipar \u00e1ltal kre\u00e1lt munkahelyek ar\u00e1nya ilyen jelent\u0151s, egy\u00e1ltal\u00e1n nincsen a magyar korm\u00e1ny ellen\u00e9re, hiszen a beruh\u00e1z\u00e1si t\u00e1mogat\u00e1sokat kap\u00f3 c\u00e9gek k\u00f6zt er\u0151sen t\u00fals\u00falyban vannak a szektor szerepl\u0151i. \u00d6sszess\u00e9g\u00e9ben az l\u00e1tszik, hogy a hazai mindennapokat \u00e1tsz\u00f6vik az aut\u00f3gy\u00e1rak \u00e9s az aut\u00f3alkatr\u00e9sz-gy\u00e1rt\u00f3k, \u00e9s szinte nem telik el h\u00f3nap an\u00e9lk\u00fcl, hogy ne jelenten\u00e9nek be egy \u00fajabb beruh\u00e1z\u00e1st a szektor valamely szerepl\u0151j\u00e9t\u0151l, \u00e9s egyre t\u00f6bb hazai egyetemen \u00e9s f\u0151iskol\u00e1n indulnak k\u00e9pz\u00e9sek c\u00e9lir\u00e1nyosan erre a ter\u00fcletre. Az persze megint m\u00e1s k\u00e9rd\u00e9s, hogy az, hogy az orsz\u00e1g ennyire a k\u00fclf\u00f6ldi c\u00e9gek \u00e1ltal idehozott \u00e1ll\u00e1sokra t\u00e1maszkodik hossz\u00fat\u00e1von mennyiben j\u00f3 dolog, hiszen Magyarorsz\u00e1g az eg\u00e9sz Eur\u00f3pai Uni\u00f3t tekintve a m\u00e1sodik helyen \u00e1ll a multiknak legink\u00e1bb kiszolg\u00e1ltatott orsz\u00e1gok k\u00f6z\u00f6tt.<\/p>\n<p>Forr\u00e1s: privatbankar.hu<\/p>\n","protected":false},"excerpt":{"rendered":"<p>Magyarorsz\u00e1gon minden nyolcadik magyar az aut\u00f3ipari szektorban dolgozik, s ez is jelzi, milyen \u00a0kulcsfontoss\u00e1g\u00fa az aut\u00f3ipar haz\u00e1nk \u00e9let\u00e9ben. Az aut\u00f3- \u00e9s aut\u00f3alkatr\u00e9sz-gy\u00e1rt\u00e1s fontoss\u00e1ga olyannyira, hogy az EU erre vonatkoz\u00f3 toplist\u00e1j\u00e1ra is felker\u00fclt Magyarorsz\u00e1g. Ha csak a k\u00f6zvetlen sz\u00e1mokat n\u00e9zz\u00fck, Magyarorsz\u00e1gon nem foglalkoztat kiemelked\u0151en sok embert ez a szektor, viszont ha m\u00e1sfel\u0151l k\u00f6zel\u00edtj\u00fck meg a k\u00e9rd\u00e9st, [&hellip;]<\/p>\n","protected":false},"author":1,"featured_media":2923,"comment_status":"open","ping_status":"open","sticky":false,"template":"","format":"standard","meta":{"_monsterinsights_skip_tracking":false,"footnotes":""},"categories":[198,199,200],"tags":[],"class_list":["post-3251","post","type-post","status-publish","format-standard","has-post-thumbnail","hentry","category-gazdasag","category-karrier","category-munkaeropiac"],"aioseo_notices":[],"aioseo_head":"\n\t\t<!-- All in One SEO 5.0.0.1 - aioseo.com -->\n\t<meta name=\"description\" content=\"Magyarorsz\u00e1gon minden nyolcadik magyar az aut\u00f3ipari szektorban dolgozik, s ez is jelzi, milyen kulcsfontoss\u00e1g\u00fa az aut\u00f3ipar haz\u00e1nk \u00e9let\u00e9ben. Az aut\u00f3- \u00e9s aut\u00f3alkatr\u00e9sz-gy\u00e1rt\u00e1s fontoss\u00e1ga olyannyira, hogy az EU erre vonatkoz\u00f3 toplist\u00e1j\u00e1ra is felker\u00fclt Magyarorsz\u00e1g. Ha csak a k\u00f6zvetlen sz\u00e1mokat n\u00e9zz\u00fck, Magyarorsz\u00e1gon nem foglalkoztat kiemelked\u0151en sok embert ez a szektor, viszont ha m\u00e1sfel\u0151l k\u00f6zel\u00edtj\u00fck meg a k\u00e9rd\u00e9st,\" \/>\n\t<meta name=\"robots\" content=\"max-image-preview:large\" \/>\n\t<meta name=\"author\" content=\"Juh\u00e1sz P\u00e9ter\"\/>\n\t<link rel=\"canonical\" href=\"https:\/\/allasorias.hu\/hirek\/az-autoipar-huzza-a-gazdasagot\/\" \/>\n\t<meta name=\"generator\" content=\"All in One SEO (AIOSEO) 5.0.0.1\" \/>\n\t\t<meta property=\"og:locale\" content=\"hu_HU\" \/>\n\t\t<meta property=\"og:site_name\" content=\"AllasOrias.hu | H\u00edrek-lapszemle | \u00dczleti h\u00edrek az \u00e1ll\u00e1s \u00e9s a munka vil\u00e1g\u00e1b\u00f3l\" \/>\n\t\t<meta property=\"og:type\" content=\"article\" \/>\n\t\t<meta property=\"og:title\" content=\"Az aut\u00f3ipar h\u00fazza a gazdas\u00e1got | AllasOrias.hu | H\u00edrek-lapszemle\" \/>\n\t\t<meta property=\"og:description\" content=\"Magyarorsz\u00e1gon minden nyolcadik magyar az aut\u00f3ipari szektorban dolgozik, s ez is jelzi, milyen kulcsfontoss\u00e1g\u00fa az aut\u00f3ipar haz\u00e1nk \u00e9let\u00e9ben. Az aut\u00f3- \u00e9s aut\u00f3alkatr\u00e9sz-gy\u00e1rt\u00e1s fontoss\u00e1ga olyannyira, hogy az EU erre vonatkoz\u00f3 toplist\u00e1j\u00e1ra is felker\u00fclt Magyarorsz\u00e1g. Ha csak a k\u00f6zvetlen sz\u00e1mokat n\u00e9zz\u00fck, Magyarorsz\u00e1gon nem foglalkoztat kiemelked\u0151en sok embert ez a szektor, viszont ha m\u00e1sfel\u0151l k\u00f6zel\u00edtj\u00fck meg a k\u00e9rd\u00e9st,\" \/>\n\t\t<meta property=\"og:url\" content=\"https:\/\/allasorias.hu\/hirek\/az-autoipar-huzza-a-gazdasagot\/\" \/>\n\t\t<meta property=\"og:image\" content=\"https:\/\/allasorias.hu\/hirek\/wp-content\/uploads\/2019\/05\/architecture-automobile-cars-63294.jpg\" \/>\n\t\t<meta property=\"og:image:secure_url\" content=\"https:\/\/allasorias.hu\/hirek\/wp-content\/uploads\/2019\/05\/architecture-automobile-cars-63294.jpg\" \/>\n\t\t<meta property=\"og:image:width\" content=\"640\" \/>\n\t\t<meta property=\"og:image:height\" content=\"480\" \/>\n\t\t<meta property=\"article:published_time\" content=\"2019-09-03T09:56:05+00:00\" \/>\n\t\t<meta property=\"article:modified_time\" content=\"2019-09-02T09:56:43+00:00\" \/>\n\t\t<meta property=\"article:publisher\" content=\"https:\/\/www.facebook.com\/allasorias\" \/>\n\t\t<meta name=\"twitter:card\" content=\"summary_large_image\" \/>\n\t\t<meta name=\"twitter:title\" content=\"Az aut\u00f3ipar h\u00fazza a gazdas\u00e1got | AllasOrias.hu | H\u00edrek-lapszemle\" \/>\n\t\t<meta name=\"twitter:description\" content=\"Magyarorsz\u00e1gon minden nyolcadik magyar az aut\u00f3ipari szektorban dolgozik, s ez is jelzi, milyen kulcsfontoss\u00e1g\u00fa az aut\u00f3ipar haz\u00e1nk \u00e9let\u00e9ben. Az aut\u00f3- \u00e9s aut\u00f3alkatr\u00e9sz-gy\u00e1rt\u00e1s fontoss\u00e1ga olyannyira, hogy az EU erre vonatkoz\u00f3 toplist\u00e1j\u00e1ra is felker\u00fclt Magyarorsz\u00e1g. Ha csak a k\u00f6zvetlen sz\u00e1mokat n\u00e9zz\u00fck, Magyarorsz\u00e1gon nem foglalkoztat kiemelked\u0151en sok embert ez a szektor, viszont ha m\u00e1sfel\u0151l k\u00f6zel\u00edtj\u00fck meg a k\u00e9rd\u00e9st,\" \/>\n\t\t<meta name=\"twitter:image\" content=\"https:\/\/allasorias.hu\/hirek\/wp-content\/uploads\/2019\/05\/architecture-automobile-cars-63294.jpg\" \/>\n\t\t<meta name=\"twitter:label1\" content=\"Written by\" \/>\n\t\t<meta name=\"twitter:data1\" content=\"Juh\u00e1sz P\u00e9ter\" \/>\n\t\t<meta name=\"twitter:label2\" content=\"Est. reading time\" \/>\n\t\t<meta name=\"twitter:data2\" content=\"2 minutes\" \/>\n\t\t<script type=\"application\/ld+json\" class=\"aioseo-schema\">\n\t\t\t{\"@context\":\"https:\\\/\\\/schema.org\",\"@graph\":[{\"@type\":\"Article\",\"@id\":\"https:\\\/\\\/allasorias.hu\\\/hirek\\\/az-autoipar-huzza-a-gazdasagot\\\/#article\",\"name\":\"Az aut\\u00f3ipar h\\u00fazza a gazdas\\u00e1got | AllasOrias.hu | H\\u00edrek-lapszemle\",\"headline\":\"Az aut\\u00f3ipar h\\u00fazza a gazdas\\u00e1got\",\"author\":{\"@id\":\"https:\\\/\\\/allasorias.hu\\\/hirek\\\/author\\\/admin-allasorias\\\/#author\"},\"publisher\":{\"@id\":\"https:\\\/\\\/allasorias.hu\\\/hirek\\\/#organization\"},\"image\":{\"@type\":\"ImageObject\",\"url\":\"https:\\\/\\\/allasorias.hu\\\/hirek\\\/wp-content\\\/uploads\\\/2019\\\/05\\\/architecture-automobile-cars-63294.jpg\",\"width\":640,\"height\":480},\"datePublished\":\"2019-09-03T09:56:05+02:00\",\"dateModified\":\"2019-09-02T09:56:43+02:00\",\"inLanguage\":\"hu-HU\",\"mainEntityOfPage\":{\"@id\":\"https:\\\/\\\/allasorias.hu\\\/hirek\\\/az-autoipar-huzza-a-gazdasagot\\\/#webpage\"},\"isPartOf\":{\"@id\":\"https:\\\/\\\/allasorias.hu\\\/hirek\\\/az-autoipar-huzza-a-gazdasagot\\\/#webpage\"},\"articleSection\":\"Gazdas\\u00e1g, Karrier, Munkaer\\u0151piac\"},{\"@type\":\"BreadcrumbList\",\"@id\":\"https:\\\/\\\/allasorias.hu\\\/hirek\\\/az-autoipar-huzza-a-gazdasagot\\\/#breadcrumblist\",\"itemListElement\":[{\"@type\":\"ListItem\",\"@id\":\"https:\\\/\\\/allasorias.hu\\\/hirek#listItem\",\"position\":1,\"name\":\"Home\",\"item\":\"https:\\\/\\\/allasorias.hu\\\/hirek\",\"nextItem\":{\"@type\":\"ListItem\",\"@id\":\"https:\\\/\\\/allasorias.hu\\\/hirek\\\/temak\\\/gazdasag\\\/#listItem\",\"name\":\"Gazdas\\u00e1g\"}},{\"@type\":\"ListItem\",\"@id\":\"https:\\\/\\\/allasorias.hu\\\/hirek\\\/temak\\\/gazdasag\\\/#listItem\",\"position\":2,\"name\":\"Gazdas\\u00e1g\",\"item\":\"https:\\\/\\\/allasorias.hu\\\/hirek\\\/temak\\\/gazdasag\\\/\",\"nextItem\":{\"@type\":\"ListItem\",\"@id\":\"https:\\\/\\\/allasorias.hu\\\/hirek\\\/az-autoipar-huzza-a-gazdasagot\\\/#listItem\",\"name\":\"Az aut\\u00f3ipar h\\u00fazza a gazdas\\u00e1got\"},\"previousItem\":{\"@type\":\"ListItem\",\"@id\":\"https:\\\/\\\/allasorias.hu\\\/hirek#listItem\",\"name\":\"Home\"}},{\"@type\":\"ListItem\",\"@id\":\"https:\\\/\\\/allasorias.hu\\\/hirek\\\/az-autoipar-huzza-a-gazdasagot\\\/#listItem\",\"position\":3,\"name\":\"Az aut\\u00f3ipar h\\u00fazza a gazdas\\u00e1got\",\"previousItem\":{\"@type\":\"ListItem\",\"@id\":\"https:\\\/\\\/allasorias.hu\\\/hirek\\\/temak\\\/gazdasag\\\/#listItem\",\"name\":\"Gazdas\\u00e1g\"}}]},{\"@type\":\"Organization\",\"@id\":\"https:\\\/\\\/allasorias.hu\\\/hirek\\\/#organization\",\"name\":\"AllasOrias.hu | H\\u00edrek-lapszemle\",\"description\":\"\\u00dczleti h\\u00edrek az \\u00e1ll\\u00e1s \\u00e9s a munka vil\\u00e1g\\u00e1b\\u00f3l\",\"url\":\"https:\\\/\\\/allasorias.hu\\\/hirek\\\/\",\"logo\":{\"@type\":\"ImageObject\",\"url\":\"https:\\\/\\\/allasorias.hu\\\/hirek\\\/wp-content\\\/uploads\\\/2022\\\/10\\\/allasorias_site_facebok_logo.png\",\"@id\":\"https:\\\/\\\/allasorias.hu\\\/hirek\\\/az-autoipar-huzza-a-gazdasagot\\\/#organizationLogo\"},\"image\":{\"@id\":\"https:\\\/\\\/allasorias.hu\\\/hirek\\\/az-autoipar-huzza-a-gazdasagot\\\/#organizationLogo\"},\"sameAs\":[\"https:\\\/\\\/www.facebook.com\\\/allasorias\",\"https:\\\/\\\/www.linkedin.com\\\/company\\\/allasorias\"]},{\"@type\":\"Person\",\"@id\":\"https:\\\/\\\/allasorias.hu\\\/hirek\\\/author\\\/admin-allasorias\\\/#author\",\"url\":\"https:\\\/\\\/allasorias.hu\\\/hirek\\\/author\\\/admin-allasorias\\\/\",\"name\":\"Juh\\u00e1sz P\\u00e9ter\",\"image\":{\"@type\":\"ImageObject\",\"@id\":\"https:\\\/\\\/allasorias.hu\\\/hirek\\\/az-autoipar-huzza-a-gazdasagot\\\/#authorImage\",\"url\":\"https:\\\/\\\/secure.gravatar.com\\\/avatar\\\/36e6bcb83148978b992977cb0f54d22feb0cce8a0a849a9410532bb2623ba4c6?s=96&d=mm&r=g\",\"width\":96,\"height\":96,\"caption\":\"Juh\\u00e1sz P\\u00e9ter\"}},{\"@type\":\"WebPage\",\"@id\":\"https:\\\/\\\/allasorias.hu\\\/hirek\\\/az-autoipar-huzza-a-gazdasagot\\\/#webpage\",\"url\":\"https:\\\/\\\/allasorias.hu\\\/hirek\\\/az-autoipar-huzza-a-gazdasagot\\\/\",\"name\":\"Az aut\\u00f3ipar h\\u00fazza a gazdas\\u00e1got | AllasOrias.hu | H\\u00edrek-lapszemle\",\"description\":\"Magyarorsz\\u00e1gon minden nyolcadik magyar az aut\\u00f3ipari szektorban dolgozik, s ez is jelzi, milyen kulcsfontoss\\u00e1g\\u00fa az aut\\u00f3ipar haz\\u00e1nk \\u00e9let\\u00e9ben. Az aut\\u00f3- \\u00e9s aut\\u00f3alkatr\\u00e9sz-gy\\u00e1rt\\u00e1s fontoss\\u00e1ga olyannyira, hogy az EU erre vonatkoz\\u00f3 toplist\\u00e1j\\u00e1ra is felker\\u00fclt Magyarorsz\\u00e1g. Ha csak a k\\u00f6zvetlen sz\\u00e1mokat n\\u00e9zz\\u00fck, Magyarorsz\\u00e1gon nem foglalkoztat kiemelked\\u0151en sok embert ez a szektor, viszont ha m\\u00e1sfel\\u0151l k\\u00f6zel\\u00edtj\\u00fck meg a k\\u00e9rd\\u00e9st,\",\"inLanguage\":\"hu-HU\",\"isPartOf\":{\"@id\":\"https:\\\/\\\/allasorias.hu\\\/hirek\\\/#website\"},\"breadcrumb\":{\"@id\":\"https:\\\/\\\/allasorias.hu\\\/hirek\\\/az-autoipar-huzza-a-gazdasagot\\\/#breadcrumblist\"},\"author\":{\"@id\":\"https:\\\/\\\/allasorias.hu\\\/hirek\\\/author\\\/admin-allasorias\\\/#author\"},\"creator\":{\"@id\":\"https:\\\/\\\/allasorias.hu\\\/hirek\\\/author\\\/admin-allasorias\\\/#author\"},\"image\":{\"@type\":\"ImageObject\",\"url\":\"https:\\\/\\\/allasorias.hu\\\/hirek\\\/wp-content\\\/uploads\\\/2019\\\/05\\\/architecture-automobile-cars-63294.jpg\",\"@id\":\"https:\\\/\\\/allasorias.hu\\\/hirek\\\/az-autoipar-huzza-a-gazdasagot\\\/#mainImage\",\"width\":640,\"height\":480},\"primaryImageOfPage\":{\"@id\":\"https:\\\/\\\/allasorias.hu\\\/hirek\\\/az-autoipar-huzza-a-gazdasagot\\\/#mainImage\"},\"datePublished\":\"2019-09-03T09:56:05+02:00\",\"dateModified\":\"2019-09-02T09:56:43+02:00\"},{\"@type\":\"WebSite\",\"@id\":\"https:\\\/\\\/allasorias.hu\\\/hirek\\\/#website\",\"url\":\"https:\\\/\\\/allasorias.hu\\\/hirek\\\/\",\"name\":\"AllasOrias.hu | H\\u00edrek-lapszemle\",\"description\":\"\\u00dczleti h\\u00edrek az \\u00e1ll\\u00e1s \\u00e9s a munka vil\\u00e1g\\u00e1b\\u00f3l\",\"inLanguage\":\"hu-HU\",\"publisher\":{\"@id\":\"https:\\\/\\\/allasorias.hu\\\/hirek\\\/#organization\"}}]}\n\t\t<\/script>\n\t\t<!-- All in One SEO -->\n\n","aioseo_head_json":{"title":"Az aut\u00f3ipar h\u00fazza a gazdas\u00e1got | AllasOrias.hu | H\u00edrek-lapszemle","description":"Magyarorsz\u00e1gon minden nyolcadik magyar az aut\u00f3ipari szektorban dolgozik, s ez is jelzi, milyen kulcsfontoss\u00e1g\u00fa az aut\u00f3ipar haz\u00e1nk \u00e9let\u00e9ben. Az aut\u00f3- \u00e9s aut\u00f3alkatr\u00e9sz-gy\u00e1rt\u00e1s fontoss\u00e1ga olyannyira, hogy az EU erre vonatkoz\u00f3 toplist\u00e1j\u00e1ra is felker\u00fclt Magyarorsz\u00e1g. Ha csak a k\u00f6zvetlen sz\u00e1mokat n\u00e9zz\u00fck, Magyarorsz\u00e1gon nem foglalkoztat kiemelked\u0151en sok embert ez a szektor, viszont ha m\u00e1sfel\u0151l k\u00f6zel\u00edtj\u00fck meg a k\u00e9rd\u00e9st,","canonical_url":"https:\/\/allasorias.hu\/hirek\/az-autoipar-huzza-a-gazdasagot\/","robots":"max-image-preview:large","keywords":"","webmasterTools":{"miscellaneous":""},"schema":{"@context":"https:\/\/schema.org","@graph":[{"@type":"Article","@id":"https:\/\/allasorias.hu\/hirek\/az-autoipar-huzza-a-gazdasagot\/#article","name":"Az aut\u00f3ipar h\u00fazza a gazdas\u00e1got | AllasOrias.hu | H\u00edrek-lapszemle","headline":"Az aut\u00f3ipar h\u00fazza a gazdas\u00e1got","author":{"@id":"https:\/\/allasorias.hu\/hirek\/author\/admin-allasorias\/#author"},"publisher":{"@id":"https:\/\/allasorias.hu\/hirek\/#organization"},"image":{"@type":"ImageObject","url":"https:\/\/allasorias.hu\/hirek\/wp-content\/uploads\/2019\/05\/architecture-automobile-cars-63294.jpg","width":640,"height":480},"datePublished":"2019-09-03T09:56:05+02:00","dateModified":"2019-09-02T09:56:43+02:00","inLanguage":"hu-HU","mainEntityOfPage":{"@id":"https:\/\/allasorias.hu\/hirek\/az-autoipar-huzza-a-gazdasagot\/#webpage"},"isPartOf":{"@id":"https:\/\/allasorias.hu\/hirek\/az-autoipar-huzza-a-gazdasagot\/#webpage"},"articleSection":"Gazdas\u00e1g, Karrier, Munkaer\u0151piac"},{"@type":"BreadcrumbList","@id":"https:\/\/allasorias.hu\/hirek\/az-autoipar-huzza-a-gazdasagot\/#breadcrumblist","itemListElement":[{"@type":"ListItem","@id":"https:\/\/allasorias.hu\/hirek#listItem","position":1,"name":"Home","item":"https:\/\/allasorias.hu\/hirek","nextItem":{"@type":"ListItem","@id":"https:\/\/allasorias.hu\/hirek\/temak\/gazdasag\/#listItem","name":"Gazdas\u00e1g"}},{"@type":"ListItem","@id":"https:\/\/allasorias.hu\/hirek\/temak\/gazdasag\/#listItem","position":2,"name":"Gazdas\u00e1g","item":"https:\/\/allasorias.hu\/hirek\/temak\/gazdasag\/","nextItem":{"@type":"ListItem","@id":"https:\/\/allasorias.hu\/hirek\/az-autoipar-huzza-a-gazdasagot\/#listItem","name":"Az aut\u00f3ipar h\u00fazza a gazdas\u00e1got"},"previousItem":{"@type":"ListItem","@id":"https:\/\/allasorias.hu\/hirek#listItem","name":"Home"}},{"@type":"ListItem","@id":"https:\/\/allasorias.hu\/hirek\/az-autoipar-huzza-a-gazdasagot\/#listItem","position":3,"name":"Az aut\u00f3ipar h\u00fazza a gazdas\u00e1got","previousItem":{"@type":"ListItem","@id":"https:\/\/allasorias.hu\/hirek\/temak\/gazdasag\/#listItem","name":"Gazdas\u00e1g"}}]},{"@type":"Organization","@id":"https:\/\/allasorias.hu\/hirek\/#organization","name":"AllasOrias.hu | H\u00edrek-lapszemle","description":"\u00dczleti h\u00edrek az \u00e1ll\u00e1s \u00e9s a munka vil\u00e1g\u00e1b\u00f3l","url":"https:\/\/allasorias.hu\/hirek\/","logo":{"@type":"ImageObject","url":"https:\/\/allasorias.hu\/hirek\/wp-content\/uploads\/2022\/10\/allasorias_site_facebok_logo.png","@id":"https:\/\/allasorias.hu\/hirek\/az-autoipar-huzza-a-gazdasagot\/#organizationLogo"},"image":{"@id":"https:\/\/allasorias.hu\/hirek\/az-autoipar-huzza-a-gazdasagot\/#organizationLogo"},"sameAs":["https:\/\/www.facebook.com\/allasorias","https:\/\/www.linkedin.com\/company\/allasorias"]},{"@type":"Person","@id":"https:\/\/allasorias.hu\/hirek\/author\/admin-allasorias\/#author","url":"https:\/\/allasorias.hu\/hirek\/author\/admin-allasorias\/","name":"Juh\u00e1sz P\u00e9ter","image":{"@type":"ImageObject","@id":"https:\/\/allasorias.hu\/hirek\/az-autoipar-huzza-a-gazdasagot\/#authorImage","url":"https:\/\/secure.gravatar.com\/avatar\/36e6bcb83148978b992977cb0f54d22feb0cce8a0a849a9410532bb2623ba4c6?s=96&d=mm&r=g","width":96,"height":96,"caption":"Juh\u00e1sz P\u00e9ter"}},{"@type":"WebPage","@id":"https:\/\/allasorias.hu\/hirek\/az-autoipar-huzza-a-gazdasagot\/#webpage","url":"https:\/\/allasorias.hu\/hirek\/az-autoipar-huzza-a-gazdasagot\/","name":"Az aut\u00f3ipar h\u00fazza a gazdas\u00e1got | AllasOrias.hu | H\u00edrek-lapszemle","description":"Magyarorsz\u00e1gon minden nyolcadik magyar az aut\u00f3ipari szektorban dolgozik, s ez is jelzi, milyen kulcsfontoss\u00e1g\u00fa az aut\u00f3ipar haz\u00e1nk \u00e9let\u00e9ben. Az aut\u00f3- \u00e9s aut\u00f3alkatr\u00e9sz-gy\u00e1rt\u00e1s fontoss\u00e1ga olyannyira, hogy az EU erre vonatkoz\u00f3 toplist\u00e1j\u00e1ra is felker\u00fclt Magyarorsz\u00e1g. Ha csak a k\u00f6zvetlen sz\u00e1mokat n\u00e9zz\u00fck, Magyarorsz\u00e1gon nem foglalkoztat kiemelked\u0151en sok embert ez a szektor, viszont ha m\u00e1sfel\u0151l k\u00f6zel\u00edtj\u00fck meg a k\u00e9rd\u00e9st,","inLanguage":"hu-HU","isPartOf":{"@id":"https:\/\/allasorias.hu\/hirek\/#website"},"breadcrumb":{"@id":"https:\/\/allasorias.hu\/hirek\/az-autoipar-huzza-a-gazdasagot\/#breadcrumblist"},"author":{"@id":"https:\/\/allasorias.hu\/hirek\/author\/admin-allasorias\/#author"},"creator":{"@id":"https:\/\/allasorias.hu\/hirek\/author\/admin-allasorias\/#author"},"image":{"@type":"ImageObject","url":"https:\/\/allasorias.hu\/hirek\/wp-content\/uploads\/2019\/05\/architecture-automobile-cars-63294.jpg","@id":"https:\/\/allasorias.hu\/hirek\/az-autoipar-huzza-a-gazdasagot\/#mainImage","width":640,"height":480},"primaryImageOfPage":{"@id":"https:\/\/allasorias.hu\/hirek\/az-autoipar-huzza-a-gazdasagot\/#mainImage"},"datePublished":"2019-09-03T09:56:05+02:00","dateModified":"2019-09-02T09:56:43+02:00"},{"@type":"WebSite","@id":"https:\/\/allasorias.hu\/hirek\/#website","url":"https:\/\/allasorias.hu\/hirek\/","name":"AllasOrias.hu | H\u00edrek-lapszemle","description":"\u00dczleti h\u00edrek az \u00e1ll\u00e1s \u00e9s a munka vil\u00e1g\u00e1b\u00f3l","inLanguage":"hu-HU","publisher":{"@id":"https:\/\/allasorias.hu\/hirek\/#organization"}}]},"og:locale":"hu_HU","og:site_name":"AllasOrias.hu | H\u00edrek-lapszemle | \u00dczleti h\u00edrek az \u00e1ll\u00e1s \u00e9s a munka vil\u00e1g\u00e1b\u00f3l","og:type":"article","og:title":"Az aut\u00f3ipar h\u00fazza a gazdas\u00e1got | AllasOrias.hu | H\u00edrek-lapszemle","og:description":"Magyarorsz\u00e1gon minden nyolcadik magyar az aut\u00f3ipari szektorban dolgozik, s ez is jelzi, milyen kulcsfontoss\u00e1g\u00fa az aut\u00f3ipar haz\u00e1nk \u00e9let\u00e9ben. Az aut\u00f3- \u00e9s aut\u00f3alkatr\u00e9sz-gy\u00e1rt\u00e1s fontoss\u00e1ga olyannyira, hogy az EU erre vonatkoz\u00f3 toplist\u00e1j\u00e1ra is felker\u00fclt Magyarorsz\u00e1g. Ha csak a k\u00f6zvetlen sz\u00e1mokat n\u00e9zz\u00fck, Magyarorsz\u00e1gon nem foglalkoztat kiemelked\u0151en sok embert ez a szektor, viszont ha m\u00e1sfel\u0151l k\u00f6zel\u00edtj\u00fck meg a k\u00e9rd\u00e9st,","og:url":"https:\/\/allasorias.hu\/hirek\/az-autoipar-huzza-a-gazdasagot\/","og:image":"https:\/\/allasorias.hu\/hirek\/wp-content\/uploads\/2019\/05\/architecture-automobile-cars-63294.jpg","og:image:secure_url":"https:\/\/allasorias.hu\/hirek\/wp-content\/uploads\/2019\/05\/architecture-automobile-cars-63294.jpg","og:image:width":640,"og:image:height":480,"article:published_time":"2019-09-03T09:56:05+00:00","article:modified_time":"2019-09-02T09:56:43+00:00","article:publisher":"https:\/\/www.facebook.com\/allasorias","twitter:card":"summary_large_image","twitter:title":"Az aut\u00f3ipar h\u00fazza a gazdas\u00e1got | AllasOrias.hu | H\u00edrek-lapszemle","twitter:description":"Magyarorsz\u00e1gon minden nyolcadik magyar az aut\u00f3ipari szektorban dolgozik, s ez is jelzi, milyen kulcsfontoss\u00e1g\u00fa az aut\u00f3ipar haz\u00e1nk \u00e9let\u00e9ben. Az aut\u00f3- \u00e9s aut\u00f3alkatr\u00e9sz-gy\u00e1rt\u00e1s fontoss\u00e1ga olyannyira, hogy az EU erre vonatkoz\u00f3 toplist\u00e1j\u00e1ra is felker\u00fclt Magyarorsz\u00e1g. Ha csak a k\u00f6zvetlen sz\u00e1mokat n\u00e9zz\u00fck, Magyarorsz\u00e1gon nem foglalkoztat kiemelked\u0151en sok embert ez a szektor, viszont ha m\u00e1sfel\u0151l k\u00f6zel\u00edtj\u00fck meg a k\u00e9rd\u00e9st,","twitter:image":"https:\/\/allasorias.hu\/hirek\/wp-content\/uploads\/2019\/05\/architecture-automobile-cars-63294.jpg","twitter:label1":"Written by","twitter:data1":"Juh\u00e1sz P\u00e9ter","twitter:label2":"Est. reading time","twitter:data2":"2 minutes"},"aioseo_meta_data":{"post_id":"3251","title":null,"description":null,"keywords":null,"keyphrases":null,"primary_term":null,"canonical_url":null,"og_title":null,"og_description":null,"og_object_type":"default","og_image_type":"default","og_image_url":null,"og_image_width":null,"og_image_height":null,"og_image_custom_url":null,"og_image_custom_fields":null,"og_video":null,"og_custom_url":null,"og_article_section":null,"og_article_tags":null,"twitter_use_og":false,"twitter_card":"default","twitter_image_type":"default","twitter_image_url":null,"twitter_image_custom_url":null,"twitter_image_custom_fields":null,"twitter_title":null,"twitter_description":null,"schema":{"blockGraphs":[],"customGraphs":[],"default":{"data":{"Article":[],"Course":[],"Dataset":[],"FAQPage":[],"Movie":[],"Person":[],"Product":[],"ProductReview":[],"Car":[],"Recipe":[],"Service":[],"SoftwareApplication":[],"WebPage":[]},"graphName":"","isEnabled":true},"graphs":[],"defaultGraph":"","defaultPostTypeGraph":""},"schema_type":null,"schema_type_options":null,"pillar_content":false,"robots_default":true,"robots_noindex":false,"robots_noarchive":false,"robots_nosnippet":false,"robots_nofollow":false,"robots_noimageindex":false,"robots_noodp":false,"robots_notranslate":false,"robots_max_snippet":null,"robots_max_videopreview":null,"robots_max_imagepreview":"large","priority":null,"frequency":null,"location":null,"local_seo":null,"breadcrumb_settings":null,"limit_modified_date":false,"ai":null,"created":"2021-02-01 21:57:19","updated":"2025-10-02 11:44:24","seo_analyzer_scan_date":null,"focus_keyword":null,"additional_keywords":null,"truseo_locale":null},"aioseo_breadcrumb":"<div class=\"aioseo-breadcrumbs\"><span class=\"aioseo-breadcrumb\">\n\t\t\t<a href=\"https:\/\/allasorias.hu\/hirek\" title=\"Home\">Home<\/a>\n\t\t<\/span><span class=\"aioseo-breadcrumb-separator\">&raquo;<\/span><span class=\"aioseo-breadcrumb\">\n\t\t\t<a href=\"https:\/\/allasorias.hu\/hirek\/temak\/gazdasag\/\" title=\"Gazdas\u00e1g\">Gazdas\u00e1g<\/a>\n\t\t<\/span><span class=\"aioseo-breadcrumb-separator\">&raquo;<\/span><span class=\"aioseo-breadcrumb\">\n\t\t\tAz aut\u00f3ipar h\u00fazza a gazdas\u00e1got\n\t\t<\/span><\/div>","aioseo_breadcrumb_json":[{"label":"Home","link":"https:\/\/allasorias.hu\/hirek"},{"label":"Gazdas\u00e1g","link":"https:\/\/allasorias.hu\/hirek\/temak\/gazdasag\/"},{"label":"Az aut\u00f3ipar h\u00fazza a gazdas\u00e1got","link":"https:\/\/allasorias.hu\/hirek\/az-autoipar-huzza-a-gazdasagot\/"}],"_links":{"self":[{"href":"https:\/\/allasorias.hu\/hirek\/wp-json\/wp\/v2\/posts\/3251","targetHints":{"allow":["GET"]}}],"collection":[{"href":"https:\/\/allasorias.hu\/hirek\/wp-json\/wp\/v2\/posts"}],"about":[{"href":"https:\/\/allasorias.hu\/hirek\/wp-json\/wp\/v2\/types\/post"}],"author":[{"embeddable":true,"href":"https:\/\/allasorias.hu\/hirek\/wp-json\/wp\/v2\/users\/1"}],"replies":[{"embeddable":true,"href":"https:\/\/allasorias.hu\/hirek\/wp-json\/wp\/v2\/comments?post=3251"}],"version-history":[{"count":1,"href":"https:\/\/allasorias.hu\/hirek\/wp-json\/wp\/v2\/posts\/3251\/revisions"}],"predecessor-version":[{"id":3252,"href":"https:\/\/allasorias.hu\/hirek\/wp-json\/wp\/v2\/posts\/3251\/revisions\/3252"}],"wp:featuredmedia":[{"embeddable":true,"href":"https:\/\/allasorias.hu\/hirek\/wp-json\/wp\/v2\/media\/2923"}],"wp:attachment":[{"href":"https:\/\/allasorias.hu\/hirek\/wp-json\/wp\/v2\/media?parent=3251"}],"wp:term":[{"taxonomy":"category","embeddable":true,"href":"https:\/\/allasorias.hu\/hirek\/wp-json\/wp\/v2\/categories?post=3251"},{"taxonomy":"post_tag","embeddable":true,"href":"https:\/\/allasorias.hu\/hirek\/wp-json\/wp\/v2\/tags?post=3251"}],"curies":[{"name":"wp","href":"https:\/\/api.w.org\/{rel}","templated":true}]}}