{"id":3249,"date":"2019-09-03T09:51:15","date_gmt":"2019-09-03T09:51:15","guid":{"rendered":"https:\/\/allasorias.hu\/hirek\/?p=3249"},"modified":"2019-09-02T09:55:58","modified_gmt":"2019-09-02T09:55:58","slug":"mit-ne-tegyel-az-oneletrajzodban","status":"publish","type":"post","link":"https:\/\/allasorias.hu\/hirek\/mit-ne-tegyel-az-oneletrajzodban\/","title":{"rendered":"Mit ne tegy\u00e9l az \u00f6n\u00e9letrajzodban ?"},"content":{"rendered":"<p><strong>JobAngel a HR Blogon \u00edrt a t\u00e9m\u00e1r\u00f3l, hogy mit ne \u00edrjunk bele az \u00f6n\u00e9letrajzunkba, ha eredm\u00e9nyesek akarunk lenni. Az \u00f6njellemz\u00e9s kritikus pontja az \u00f6n\u00e9letrajznak, mert am\u00edg a t\u00e9nyek le\u00edr\u00e1s\u00e1hoz &#8211; mint el\u0151z\u0151 munkahelyek, feladatok, felel\u0151ss\u00e9gi k\u00f6r\u00f6k, tanulm\u00e1nyok &#8211; nem kell t\u00fal nagy b\u00e1tors\u00e1g, hiszen adottak, addig a k\u00e9szs\u00e9gek, az \u00f6njellemz\u00e9s, az a felfog\u00e1s, hogy olyan \u00f6n\u00e9letrajzot \u00edrjunk, amivel nek\u00fcnk tetsz\u0151 \u00e1ll\u00e1sokat tal\u00e1lunk majd meg, kiss\u00e9 neh\u00e9zkesebb.<\/strong><\/p>\n<p>Az \u00f6n\u00e9letrajzi mint\u00e1k \u00a0t\u00f6bbs\u00e9g\u00e9t val\u00f3ban HR-esek, munk\u00e1ltat\u00f3i szemmel \u00edrt\u00e1k meg, ez\u00e9rt szerepelnek benne olyan szempontok, amik a munkav\u00e1llal\u00f3knak nem j\u00f3k, de a munk\u00e1ltat\u00f3k szeretik l\u00e1tni &#8211; ezzel tudat alatt is olyan tulajdons\u00e1gokat k\u00f6veteltek meg az \u00e1ll\u00e1skeres\u0151kt\u0151l, amik sok probl\u00e9m\u00e1t vet\u00edtenek el\u0151re. JobAngel szerint az \u00f6n\u00e9letrajz az \u00e1ll\u00e1skeres\u0151 c\u00e9ljait kell, hogy szolg\u00e1lja &#8211; ha ezek tal\u00e1lkoznak a munk\u00e1ltat\u00f3 c\u00e9ljaival, akkor nyert \u00fcgye van mindk\u00e9t f\u00e9lnek. A szakmai elv\u00e1r\u00e1sok, szakmai m\u00falt valamilyen szinten m\u00e1r meghat\u00e1rozott, a szem\u00e9lyis\u00e9g, az egy\u00e9ni preferenci\u00e1k megfogalmaz\u00e1sa v\u00e1lik teh\u00e1t kritikuss\u00e1. \u00c9s itt szoktak nagyot hib\u00e1zni az \u00e1ll\u00e1skeres\u0151k, mikor a leggyakoribb l\u00f3zungokat veszik \u00e1t a mint\u00e1kb\u00f3l az \u00f6njellemz\u00e9sre, k\u00e9szs\u00e9geik le\u00edr\u00e1s\u00e1ra. \u00cdme egy r\u00f6vid tilt\u00f3lista (\u00edzl\u00e9s szerint b\u0151v\u00edthet\u0151). \u201eTerhelhet\u0151\u201d &#8211; \u00a0neked mi\u00e9rt j\u00f3, hogy terhelhet\u0151 vagy? Elhiszem, hogy a munk\u00e1ltat\u00f3 szereti ezt olvasni, de azt\u00e1n j\u00f6n a d\u00f6bbenet brut\u00e1lis t\u00fal\u00f3r\u00e1kkal, mindenf\u00e9le extra feladatokkal, \u00e9s bizony szinte b\u00e1rmely szakma k\u00e9pvisel\u0151ir\u0151l elmondhatjuk, hogy t\u00falterheltek. Biztos lehetsz benne, hogy akinek tetszik, hogy terhelhet\u0151 vagy, az terhelni is fog &#8211; am\u00edg csak b\u00edrod, ut\u00e1na pedig bele is kevered magad a leggyakoribb beosztotti hib\u00e1ba. (R\u00f6viden: amikor m\u00e1r r\u00e9gen nem b\u00edrod, er\u0151n fel\u00fcl fogsz dolgozni, a semmi\u00e9rt). Ha m\u00e1r terhekre v\u00e1gysz, akkor v\u00e1lassz olyan mag\u00e1n\u00e9leti tev\u00e9kenys\u00e9get, hobbit, ahol ez nemcsak terhel\u00e9s, de egyben rekre\u00e1ci\u00f3 is lesz.<\/p>\n<p>Forr\u00e1s: hrportal.hu<\/p>\n","protected":false},"excerpt":{"rendered":"<p>JobAngel a HR Blogon \u00edrt a t\u00e9m\u00e1r\u00f3l, hogy mit ne \u00edrjunk bele az \u00f6n\u00e9letrajzunkba, ha eredm\u00e9nyesek akarunk lenni. Az \u00f6njellemz\u00e9s kritikus pontja az \u00f6n\u00e9letrajznak, mert am\u00edg a t\u00e9nyek le\u00edr\u00e1s\u00e1hoz &#8211; mint el\u0151z\u0151 munkahelyek, feladatok, felel\u0151ss\u00e9gi k\u00f6r\u00f6k, tanulm\u00e1nyok &#8211; nem kell t\u00fal nagy b\u00e1tors\u00e1g, hiszen adottak, addig a k\u00e9szs\u00e9gek, az \u00f6njellemz\u00e9s, az a felfog\u00e1s, hogy olyan [&hellip;]<\/p>\n","protected":false},"author":1,"featured_media":2671,"comment_status":"open","ping_status":"open","sticky":false,"template":"","format":"standard","meta":{"_monsterinsights_skip_tracking":false,"footnotes":""},"categories":[1,200],"tags":[],"class_list":["post-3249","post","type-post","status-publish","format-standard","has-post-thumbnail","hentry","category-allaskereses","category-munkaeropiac"],"aioseo_notices":[],"aioseo_head":"\n\t\t<!-- All in One SEO 5.0.0.1 - aioseo.com -->\n\t<meta name=\"description\" content=\"JobAngel a HR Blogon \u00edrt a t\u00e9m\u00e1r\u00f3l, hogy mit ne \u00edrjunk bele az \u00f6n\u00e9letrajzunkba, ha eredm\u00e9nyesek akarunk lenni. Az \u00f6njellemz\u00e9s kritikus pontja az \u00f6n\u00e9letrajznak, mert am\u00edg a t\u00e9nyek le\u00edr\u00e1s\u00e1hoz - mint el\u0151z\u0151 munkahelyek, feladatok, felel\u0151ss\u00e9gi k\u00f6r\u00f6k, tanulm\u00e1nyok - nem kell t\u00fal nagy b\u00e1tors\u00e1g, hiszen adottak, addig a k\u00e9szs\u00e9gek, az \u00f6njellemz\u00e9s, az a felfog\u00e1s, hogy olyan\" \/>\n\t<meta name=\"robots\" content=\"max-image-preview:large\" \/>\n\t<meta name=\"author\" content=\"Juh\u00e1sz P\u00e9ter\"\/>\n\t<link rel=\"canonical\" href=\"https:\/\/allasorias.hu\/hirek\/mit-ne-tegyel-az-oneletrajzodban\/\" \/>\n\t<meta name=\"generator\" content=\"All in One SEO (AIOSEO) 5.0.0.1\" \/>\n\t\t<meta property=\"og:locale\" content=\"hu_HU\" \/>\n\t\t<meta property=\"og:site_name\" content=\"AllasOrias.hu | H\u00edrek-lapszemle | \u00dczleti h\u00edrek az \u00e1ll\u00e1s \u00e9s a munka vil\u00e1g\u00e1b\u00f3l\" \/>\n\t\t<meta property=\"og:type\" content=\"article\" \/>\n\t\t<meta property=\"og:title\" content=\"Mit ne tegy\u00e9l az \u00f6n\u00e9letrajzodban ? | AllasOrias.hu | H\u00edrek-lapszemle\" \/>\n\t\t<meta property=\"og:description\" content=\"JobAngel a HR Blogon \u00edrt a t\u00e9m\u00e1r\u00f3l, hogy mit ne \u00edrjunk bele az \u00f6n\u00e9letrajzunkba, ha eredm\u00e9nyesek akarunk lenni. Az \u00f6njellemz\u00e9s kritikus pontja az \u00f6n\u00e9letrajznak, mert am\u00edg a t\u00e9nyek le\u00edr\u00e1s\u00e1hoz - mint el\u0151z\u0151 munkahelyek, feladatok, felel\u0151ss\u00e9gi k\u00f6r\u00f6k, tanulm\u00e1nyok - nem kell t\u00fal nagy b\u00e1tors\u00e1g, hiszen adottak, addig a k\u00e9szs\u00e9gek, az \u00f6njellemz\u00e9s, az a felfog\u00e1s, hogy olyan\" \/>\n\t\t<meta property=\"og:url\" content=\"https:\/\/allasorias.hu\/hirek\/mit-ne-tegyel-az-oneletrajzodban\/\" \/>\n\t\t<meta property=\"og:image\" content=\"https:\/\/allasorias.hu\/hirek\/wp-content\/uploads\/2019\/03\/munkaerokolcsonzes.png\" \/>\n\t\t<meta property=\"og:image:secure_url\" content=\"https:\/\/allasorias.hu\/hirek\/wp-content\/uploads\/2019\/03\/munkaerokolcsonzes.png\" \/>\n\t\t<meta property=\"og:image:width\" content=\"594\" \/>\n\t\t<meta property=\"og:image:height\" content=\"282\" \/>\n\t\t<meta property=\"article:published_time\" content=\"2019-09-03T09:51:15+00:00\" \/>\n\t\t<meta property=\"article:modified_time\" content=\"2019-09-02T09:55:58+00:00\" \/>\n\t\t<meta property=\"article:publisher\" content=\"https:\/\/www.facebook.com\/allasorias\" \/>\n\t\t<meta name=\"twitter:card\" content=\"summary_large_image\" \/>\n\t\t<meta name=\"twitter:title\" content=\"Mit ne tegy\u00e9l az \u00f6n\u00e9letrajzodban ? | AllasOrias.hu | H\u00edrek-lapszemle\" \/>\n\t\t<meta name=\"twitter:description\" content=\"JobAngel a HR Blogon \u00edrt a t\u00e9m\u00e1r\u00f3l, hogy mit ne \u00edrjunk bele az \u00f6n\u00e9letrajzunkba, ha eredm\u00e9nyesek akarunk lenni. Az \u00f6njellemz\u00e9s kritikus pontja az \u00f6n\u00e9letrajznak, mert am\u00edg a t\u00e9nyek le\u00edr\u00e1s\u00e1hoz - mint el\u0151z\u0151 munkahelyek, feladatok, felel\u0151ss\u00e9gi k\u00f6r\u00f6k, tanulm\u00e1nyok - nem kell t\u00fal nagy b\u00e1tors\u00e1g, hiszen adottak, addig a k\u00e9szs\u00e9gek, az \u00f6njellemz\u00e9s, az a felfog\u00e1s, hogy olyan\" \/>\n\t\t<meta name=\"twitter:image\" content=\"https:\/\/allasorias.hu\/hirek\/wp-content\/uploads\/2019\/03\/munkaerokolcsonzes.png\" \/>\n\t\t<meta name=\"twitter:label1\" content=\"Written by\" \/>\n\t\t<meta name=\"twitter:data1\" content=\"Juh\u00e1sz P\u00e9ter\" \/>\n\t\t<meta name=\"twitter:label2\" content=\"Est. reading time\" \/>\n\t\t<meta name=\"twitter:data2\" content=\"2 minutes\" \/>\n\t\t<script type=\"application\/ld+json\" class=\"aioseo-schema\">\n\t\t\t{\"@context\":\"https:\\\/\\\/schema.org\",\"@graph\":[{\"@type\":\"Article\",\"@id\":\"https:\\\/\\\/allasorias.hu\\\/hirek\\\/mit-ne-tegyel-az-oneletrajzodban\\\/#article\",\"name\":\"Mit ne tegy\\u00e9l az \\u00f6n\\u00e9letrajzodban ? | AllasOrias.hu | H\\u00edrek-lapszemle\",\"headline\":\"Mit ne tegy\\u00e9l az \\u00f6n\\u00e9letrajzodban ?\",\"author\":{\"@id\":\"https:\\\/\\\/allasorias.hu\\\/hirek\\\/author\\\/admin-allasorias\\\/#author\"},\"publisher\":{\"@id\":\"https:\\\/\\\/allasorias.hu\\\/hirek\\\/#organization\"},\"image\":{\"@type\":\"ImageObject\",\"url\":\"https:\\\/\\\/allasorias.hu\\\/hirek\\\/wp-content\\\/uploads\\\/2019\\\/03\\\/munkaerokolcsonzes.png\",\"width\":594,\"height\":282},\"datePublished\":\"2019-09-03T09:51:15+02:00\",\"dateModified\":\"2019-09-02T09:55:58+02:00\",\"inLanguage\":\"hu-HU\",\"mainEntityOfPage\":{\"@id\":\"https:\\\/\\\/allasorias.hu\\\/hirek\\\/mit-ne-tegyel-az-oneletrajzodban\\\/#webpage\"},\"isPartOf\":{\"@id\":\"https:\\\/\\\/allasorias.hu\\\/hirek\\\/mit-ne-tegyel-az-oneletrajzodban\\\/#webpage\"},\"articleSection\":\"\\u00c1ll\\u00e1skeres\\u00e9s, Munkaer\\u0151piac\"},{\"@type\":\"BreadcrumbList\",\"@id\":\"https:\\\/\\\/allasorias.hu\\\/hirek\\\/mit-ne-tegyel-az-oneletrajzodban\\\/#breadcrumblist\",\"itemListElement\":[{\"@type\":\"ListItem\",\"@id\":\"https:\\\/\\\/allasorias.hu\\\/hirek#listItem\",\"position\":1,\"name\":\"Home\",\"item\":\"https:\\\/\\\/allasorias.hu\\\/hirek\",\"nextItem\":{\"@type\":\"ListItem\",\"@id\":\"https:\\\/\\\/allasorias.hu\\\/hirek\\\/temak\\\/allaskereses\\\/#listItem\",\"name\":\"\\u00c1ll\\u00e1skeres\\u00e9s\"}},{\"@type\":\"ListItem\",\"@id\":\"https:\\\/\\\/allasorias.hu\\\/hirek\\\/temak\\\/allaskereses\\\/#listItem\",\"position\":2,\"name\":\"\\u00c1ll\\u00e1skeres\\u00e9s\",\"item\":\"https:\\\/\\\/allasorias.hu\\\/hirek\\\/temak\\\/allaskereses\\\/\",\"nextItem\":{\"@type\":\"ListItem\",\"@id\":\"https:\\\/\\\/allasorias.hu\\\/hirek\\\/mit-ne-tegyel-az-oneletrajzodban\\\/#listItem\",\"name\":\"Mit ne tegy\\u00e9l az \\u00f6n\\u00e9letrajzodban ?\"},\"previousItem\":{\"@type\":\"ListItem\",\"@id\":\"https:\\\/\\\/allasorias.hu\\\/hirek#listItem\",\"name\":\"Home\"}},{\"@type\":\"ListItem\",\"@id\":\"https:\\\/\\\/allasorias.hu\\\/hirek\\\/mit-ne-tegyel-az-oneletrajzodban\\\/#listItem\",\"position\":3,\"name\":\"Mit ne tegy\\u00e9l az \\u00f6n\\u00e9letrajzodban ?\",\"previousItem\":{\"@type\":\"ListItem\",\"@id\":\"https:\\\/\\\/allasorias.hu\\\/hirek\\\/temak\\\/allaskereses\\\/#listItem\",\"name\":\"\\u00c1ll\\u00e1skeres\\u00e9s\"}}]},{\"@type\":\"Organization\",\"@id\":\"https:\\\/\\\/allasorias.hu\\\/hirek\\\/#organization\",\"name\":\"AllasOrias.hu | H\\u00edrek-lapszemle\",\"description\":\"\\u00dczleti h\\u00edrek az \\u00e1ll\\u00e1s \\u00e9s a munka vil\\u00e1g\\u00e1b\\u00f3l\",\"url\":\"https:\\\/\\\/allasorias.hu\\\/hirek\\\/\",\"logo\":{\"@type\":\"ImageObject\",\"url\":\"https:\\\/\\\/allasorias.hu\\\/hirek\\\/wp-content\\\/uploads\\\/2022\\\/10\\\/allasorias_site_facebok_logo.png\",\"@id\":\"https:\\\/\\\/allasorias.hu\\\/hirek\\\/mit-ne-tegyel-az-oneletrajzodban\\\/#organizationLogo\"},\"image\":{\"@id\":\"https:\\\/\\\/allasorias.hu\\\/hirek\\\/mit-ne-tegyel-az-oneletrajzodban\\\/#organizationLogo\"},\"sameAs\":[\"https:\\\/\\\/www.facebook.com\\\/allasorias\",\"https:\\\/\\\/www.linkedin.com\\\/company\\\/allasorias\"]},{\"@type\":\"Person\",\"@id\":\"https:\\\/\\\/allasorias.hu\\\/hirek\\\/author\\\/admin-allasorias\\\/#author\",\"url\":\"https:\\\/\\\/allasorias.hu\\\/hirek\\\/author\\\/admin-allasorias\\\/\",\"name\":\"Juh\\u00e1sz P\\u00e9ter\",\"image\":{\"@type\":\"ImageObject\",\"@id\":\"https:\\\/\\\/allasorias.hu\\\/hirek\\\/mit-ne-tegyel-az-oneletrajzodban\\\/#authorImage\",\"url\":\"https:\\\/\\\/secure.gravatar.com\\\/avatar\\\/36e6bcb83148978b992977cb0f54d22feb0cce8a0a849a9410532bb2623ba4c6?s=96&d=mm&r=g\",\"width\":96,\"height\":96,\"caption\":\"Juh\\u00e1sz P\\u00e9ter\"}},{\"@type\":\"WebPage\",\"@id\":\"https:\\\/\\\/allasorias.hu\\\/hirek\\\/mit-ne-tegyel-az-oneletrajzodban\\\/#webpage\",\"url\":\"https:\\\/\\\/allasorias.hu\\\/hirek\\\/mit-ne-tegyel-az-oneletrajzodban\\\/\",\"name\":\"Mit ne tegy\\u00e9l az \\u00f6n\\u00e9letrajzodban ? | AllasOrias.hu | H\\u00edrek-lapszemle\",\"description\":\"JobAngel a HR Blogon \\u00edrt a t\\u00e9m\\u00e1r\\u00f3l, hogy mit ne \\u00edrjunk bele az \\u00f6n\\u00e9letrajzunkba, ha eredm\\u00e9nyesek akarunk lenni. Az \\u00f6njellemz\\u00e9s kritikus pontja az \\u00f6n\\u00e9letrajznak, mert am\\u00edg a t\\u00e9nyek le\\u00edr\\u00e1s\\u00e1hoz - mint el\\u0151z\\u0151 munkahelyek, feladatok, felel\\u0151ss\\u00e9gi k\\u00f6r\\u00f6k, tanulm\\u00e1nyok - nem kell t\\u00fal nagy b\\u00e1tors\\u00e1g, hiszen adottak, addig a k\\u00e9szs\\u00e9gek, az \\u00f6njellemz\\u00e9s, az a felfog\\u00e1s, hogy olyan\",\"inLanguage\":\"hu-HU\",\"isPartOf\":{\"@id\":\"https:\\\/\\\/allasorias.hu\\\/hirek\\\/#website\"},\"breadcrumb\":{\"@id\":\"https:\\\/\\\/allasorias.hu\\\/hirek\\\/mit-ne-tegyel-az-oneletrajzodban\\\/#breadcrumblist\"},\"author\":{\"@id\":\"https:\\\/\\\/allasorias.hu\\\/hirek\\\/author\\\/admin-allasorias\\\/#author\"},\"creator\":{\"@id\":\"https:\\\/\\\/allasorias.hu\\\/hirek\\\/author\\\/admin-allasorias\\\/#author\"},\"image\":{\"@type\":\"ImageObject\",\"url\":\"https:\\\/\\\/allasorias.hu\\\/hirek\\\/wp-content\\\/uploads\\\/2019\\\/03\\\/munkaerokolcsonzes.png\",\"@id\":\"https:\\\/\\\/allasorias.hu\\\/hirek\\\/mit-ne-tegyel-az-oneletrajzodban\\\/#mainImage\",\"width\":594,\"height\":282},\"primaryImageOfPage\":{\"@id\":\"https:\\\/\\\/allasorias.hu\\\/hirek\\\/mit-ne-tegyel-az-oneletrajzodban\\\/#mainImage\"},\"datePublished\":\"2019-09-03T09:51:15+02:00\",\"dateModified\":\"2019-09-02T09:55:58+02:00\"},{\"@type\":\"WebSite\",\"@id\":\"https:\\\/\\\/allasorias.hu\\\/hirek\\\/#website\",\"url\":\"https:\\\/\\\/allasorias.hu\\\/hirek\\\/\",\"name\":\"AllasOrias.hu | H\\u00edrek-lapszemle\",\"description\":\"\\u00dczleti h\\u00edrek az \\u00e1ll\\u00e1s \\u00e9s a munka vil\\u00e1g\\u00e1b\\u00f3l\",\"inLanguage\":\"hu-HU\",\"publisher\":{\"@id\":\"https:\\\/\\\/allasorias.hu\\\/hirek\\\/#organization\"}}]}\n\t\t<\/script>\n\t\t<!-- All in One SEO -->\n\n","aioseo_head_json":{"title":"Mit ne tegy\u00e9l az \u00f6n\u00e9letrajzodban ? | AllasOrias.hu | H\u00edrek-lapszemle","description":"JobAngel a HR Blogon \u00edrt a t\u00e9m\u00e1r\u00f3l, hogy mit ne \u00edrjunk bele az \u00f6n\u00e9letrajzunkba, ha eredm\u00e9nyesek akarunk lenni. Az \u00f6njellemz\u00e9s kritikus pontja az \u00f6n\u00e9letrajznak, mert am\u00edg a t\u00e9nyek le\u00edr\u00e1s\u00e1hoz - mint el\u0151z\u0151 munkahelyek, feladatok, felel\u0151ss\u00e9gi k\u00f6r\u00f6k, tanulm\u00e1nyok - nem kell t\u00fal nagy b\u00e1tors\u00e1g, hiszen adottak, addig a k\u00e9szs\u00e9gek, az \u00f6njellemz\u00e9s, az a felfog\u00e1s, hogy olyan","canonical_url":"https:\/\/allasorias.hu\/hirek\/mit-ne-tegyel-az-oneletrajzodban\/","robots":"max-image-preview:large","keywords":"","webmasterTools":{"miscellaneous":""},"schema":{"@context":"https:\/\/schema.org","@graph":[{"@type":"Article","@id":"https:\/\/allasorias.hu\/hirek\/mit-ne-tegyel-az-oneletrajzodban\/#article","name":"Mit ne tegy\u00e9l az \u00f6n\u00e9letrajzodban ? | AllasOrias.hu | H\u00edrek-lapszemle","headline":"Mit ne tegy\u00e9l az \u00f6n\u00e9letrajzodban ?","author":{"@id":"https:\/\/allasorias.hu\/hirek\/author\/admin-allasorias\/#author"},"publisher":{"@id":"https:\/\/allasorias.hu\/hirek\/#organization"},"image":{"@type":"ImageObject","url":"https:\/\/allasorias.hu\/hirek\/wp-content\/uploads\/2019\/03\/munkaerokolcsonzes.png","width":594,"height":282},"datePublished":"2019-09-03T09:51:15+02:00","dateModified":"2019-09-02T09:55:58+02:00","inLanguage":"hu-HU","mainEntityOfPage":{"@id":"https:\/\/allasorias.hu\/hirek\/mit-ne-tegyel-az-oneletrajzodban\/#webpage"},"isPartOf":{"@id":"https:\/\/allasorias.hu\/hirek\/mit-ne-tegyel-az-oneletrajzodban\/#webpage"},"articleSection":"\u00c1ll\u00e1skeres\u00e9s, Munkaer\u0151piac"},{"@type":"BreadcrumbList","@id":"https:\/\/allasorias.hu\/hirek\/mit-ne-tegyel-az-oneletrajzodban\/#breadcrumblist","itemListElement":[{"@type":"ListItem","@id":"https:\/\/allasorias.hu\/hirek#listItem","position":1,"name":"Home","item":"https:\/\/allasorias.hu\/hirek","nextItem":{"@type":"ListItem","@id":"https:\/\/allasorias.hu\/hirek\/temak\/allaskereses\/#listItem","name":"\u00c1ll\u00e1skeres\u00e9s"}},{"@type":"ListItem","@id":"https:\/\/allasorias.hu\/hirek\/temak\/allaskereses\/#listItem","position":2,"name":"\u00c1ll\u00e1skeres\u00e9s","item":"https:\/\/allasorias.hu\/hirek\/temak\/allaskereses\/","nextItem":{"@type":"ListItem","@id":"https:\/\/allasorias.hu\/hirek\/mit-ne-tegyel-az-oneletrajzodban\/#listItem","name":"Mit ne tegy\u00e9l az \u00f6n\u00e9letrajzodban ?"},"previousItem":{"@type":"ListItem","@id":"https:\/\/allasorias.hu\/hirek#listItem","name":"Home"}},{"@type":"ListItem","@id":"https:\/\/allasorias.hu\/hirek\/mit-ne-tegyel-az-oneletrajzodban\/#listItem","position":3,"name":"Mit ne tegy\u00e9l az \u00f6n\u00e9letrajzodban ?","previousItem":{"@type":"ListItem","@id":"https:\/\/allasorias.hu\/hirek\/temak\/allaskereses\/#listItem","name":"\u00c1ll\u00e1skeres\u00e9s"}}]},{"@type":"Organization","@id":"https:\/\/allasorias.hu\/hirek\/#organization","name":"AllasOrias.hu | H\u00edrek-lapszemle","description":"\u00dczleti h\u00edrek az \u00e1ll\u00e1s \u00e9s a munka vil\u00e1g\u00e1b\u00f3l","url":"https:\/\/allasorias.hu\/hirek\/","logo":{"@type":"ImageObject","url":"https:\/\/allasorias.hu\/hirek\/wp-content\/uploads\/2022\/10\/allasorias_site_facebok_logo.png","@id":"https:\/\/allasorias.hu\/hirek\/mit-ne-tegyel-az-oneletrajzodban\/#organizationLogo"},"image":{"@id":"https:\/\/allasorias.hu\/hirek\/mit-ne-tegyel-az-oneletrajzodban\/#organizationLogo"},"sameAs":["https:\/\/www.facebook.com\/allasorias","https:\/\/www.linkedin.com\/company\/allasorias"]},{"@type":"Person","@id":"https:\/\/allasorias.hu\/hirek\/author\/admin-allasorias\/#author","url":"https:\/\/allasorias.hu\/hirek\/author\/admin-allasorias\/","name":"Juh\u00e1sz P\u00e9ter","image":{"@type":"ImageObject","@id":"https:\/\/allasorias.hu\/hirek\/mit-ne-tegyel-az-oneletrajzodban\/#authorImage","url":"https:\/\/secure.gravatar.com\/avatar\/36e6bcb83148978b992977cb0f54d22feb0cce8a0a849a9410532bb2623ba4c6?s=96&d=mm&r=g","width":96,"height":96,"caption":"Juh\u00e1sz P\u00e9ter"}},{"@type":"WebPage","@id":"https:\/\/allasorias.hu\/hirek\/mit-ne-tegyel-az-oneletrajzodban\/#webpage","url":"https:\/\/allasorias.hu\/hirek\/mit-ne-tegyel-az-oneletrajzodban\/","name":"Mit ne tegy\u00e9l az \u00f6n\u00e9letrajzodban ? | AllasOrias.hu | H\u00edrek-lapszemle","description":"JobAngel a HR Blogon \u00edrt a t\u00e9m\u00e1r\u00f3l, hogy mit ne \u00edrjunk bele az \u00f6n\u00e9letrajzunkba, ha eredm\u00e9nyesek akarunk lenni. Az \u00f6njellemz\u00e9s kritikus pontja az \u00f6n\u00e9letrajznak, mert am\u00edg a t\u00e9nyek le\u00edr\u00e1s\u00e1hoz - mint el\u0151z\u0151 munkahelyek, feladatok, felel\u0151ss\u00e9gi k\u00f6r\u00f6k, tanulm\u00e1nyok - nem kell t\u00fal nagy b\u00e1tors\u00e1g, hiszen adottak, addig a k\u00e9szs\u00e9gek, az \u00f6njellemz\u00e9s, az a felfog\u00e1s, hogy olyan","inLanguage":"hu-HU","isPartOf":{"@id":"https:\/\/allasorias.hu\/hirek\/#website"},"breadcrumb":{"@id":"https:\/\/allasorias.hu\/hirek\/mit-ne-tegyel-az-oneletrajzodban\/#breadcrumblist"},"author":{"@id":"https:\/\/allasorias.hu\/hirek\/author\/admin-allasorias\/#author"},"creator":{"@id":"https:\/\/allasorias.hu\/hirek\/author\/admin-allasorias\/#author"},"image":{"@type":"ImageObject","url":"https:\/\/allasorias.hu\/hirek\/wp-content\/uploads\/2019\/03\/munkaerokolcsonzes.png","@id":"https:\/\/allasorias.hu\/hirek\/mit-ne-tegyel-az-oneletrajzodban\/#mainImage","width":594,"height":282},"primaryImageOfPage":{"@id":"https:\/\/allasorias.hu\/hirek\/mit-ne-tegyel-az-oneletrajzodban\/#mainImage"},"datePublished":"2019-09-03T09:51:15+02:00","dateModified":"2019-09-02T09:55:58+02:00"},{"@type":"WebSite","@id":"https:\/\/allasorias.hu\/hirek\/#website","url":"https:\/\/allasorias.hu\/hirek\/","name":"AllasOrias.hu | H\u00edrek-lapszemle","description":"\u00dczleti h\u00edrek az \u00e1ll\u00e1s \u00e9s a munka vil\u00e1g\u00e1b\u00f3l","inLanguage":"hu-HU","publisher":{"@id":"https:\/\/allasorias.hu\/hirek\/#organization"}}]},"og:locale":"hu_HU","og:site_name":"AllasOrias.hu | H\u00edrek-lapszemle | \u00dczleti h\u00edrek az \u00e1ll\u00e1s \u00e9s a munka vil\u00e1g\u00e1b\u00f3l","og:type":"article","og:title":"Mit ne tegy\u00e9l az \u00f6n\u00e9letrajzodban ? | AllasOrias.hu | H\u00edrek-lapszemle","og:description":"JobAngel a HR Blogon \u00edrt a t\u00e9m\u00e1r\u00f3l, hogy mit ne \u00edrjunk bele az \u00f6n\u00e9letrajzunkba, ha eredm\u00e9nyesek akarunk lenni. Az \u00f6njellemz\u00e9s kritikus pontja az \u00f6n\u00e9letrajznak, mert am\u00edg a t\u00e9nyek le\u00edr\u00e1s\u00e1hoz - mint el\u0151z\u0151 munkahelyek, feladatok, felel\u0151ss\u00e9gi k\u00f6r\u00f6k, tanulm\u00e1nyok - nem kell t\u00fal nagy b\u00e1tors\u00e1g, hiszen adottak, addig a k\u00e9szs\u00e9gek, az \u00f6njellemz\u00e9s, az a felfog\u00e1s, hogy olyan","og:url":"https:\/\/allasorias.hu\/hirek\/mit-ne-tegyel-az-oneletrajzodban\/","og:image":"https:\/\/allasorias.hu\/hirek\/wp-content\/uploads\/2019\/03\/munkaerokolcsonzes.png","og:image:secure_url":"https:\/\/allasorias.hu\/hirek\/wp-content\/uploads\/2019\/03\/munkaerokolcsonzes.png","og:image:width":594,"og:image:height":282,"article:published_time":"2019-09-03T09:51:15+00:00","article:modified_time":"2019-09-02T09:55:58+00:00","article:publisher":"https:\/\/www.facebook.com\/allasorias","twitter:card":"summary_large_image","twitter:title":"Mit ne tegy\u00e9l az \u00f6n\u00e9letrajzodban ? | AllasOrias.hu | H\u00edrek-lapszemle","twitter:description":"JobAngel a HR Blogon \u00edrt a t\u00e9m\u00e1r\u00f3l, hogy mit ne \u00edrjunk bele az \u00f6n\u00e9letrajzunkba, ha eredm\u00e9nyesek akarunk lenni. Az \u00f6njellemz\u00e9s kritikus pontja az \u00f6n\u00e9letrajznak, mert am\u00edg a t\u00e9nyek le\u00edr\u00e1s\u00e1hoz - mint el\u0151z\u0151 munkahelyek, feladatok, felel\u0151ss\u00e9gi k\u00f6r\u00f6k, tanulm\u00e1nyok - nem kell t\u00fal nagy b\u00e1tors\u00e1g, hiszen adottak, addig a k\u00e9szs\u00e9gek, az \u00f6njellemz\u00e9s, az a felfog\u00e1s, hogy olyan","twitter:image":"https:\/\/allasorias.hu\/hirek\/wp-content\/uploads\/2019\/03\/munkaerokolcsonzes.png","twitter:label1":"Written by","twitter:data1":"Juh\u00e1sz P\u00e9ter","twitter:label2":"Est. reading time","twitter:data2":"2 minutes"},"aioseo_meta_data":{"post_id":"3249","title":null,"description":null,"keywords":null,"keyphrases":null,"primary_term":null,"canonical_url":null,"og_title":null,"og_description":null,"og_object_type":"default","og_image_type":"default","og_image_url":null,"og_image_width":null,"og_image_height":null,"og_image_custom_url":null,"og_image_custom_fields":null,"og_video":null,"og_custom_url":null,"og_article_section":null,"og_article_tags":null,"twitter_use_og":false,"twitter_card":"default","twitter_image_type":"default","twitter_image_url":null,"twitter_image_custom_url":null,"twitter_image_custom_fields":null,"twitter_title":null,"twitter_description":null,"schema":{"blockGraphs":[],"customGraphs":[],"default":{"data":{"Article":[],"Course":[],"Dataset":[],"FAQPage":[],"Movie":[],"Person":[],"Product":[],"ProductReview":[],"Car":[],"Recipe":[],"Service":[],"SoftwareApplication":[],"WebPage":[]},"graphName":"","isEnabled":true},"graphs":[],"defaultGraph":"","defaultPostTypeGraph":""},"schema_type":null,"schema_type_options":null,"pillar_content":false,"robots_default":true,"robots_noindex":false,"robots_noarchive":false,"robots_nosnippet":false,"robots_nofollow":false,"robots_noimageindex":false,"robots_noodp":false,"robots_notranslate":false,"robots_max_snippet":null,"robots_max_videopreview":null,"robots_max_imagepreview":"large","priority":null,"frequency":null,"location":null,"local_seo":null,"breadcrumb_settings":null,"limit_modified_date":false,"ai":null,"created":"2021-02-01 21:57:19","updated":"2025-10-02 11:44:24","seo_analyzer_scan_date":null,"focus_keyword":null,"additional_keywords":null,"truseo_locale":null},"aioseo_breadcrumb":"<div class=\"aioseo-breadcrumbs\"><span class=\"aioseo-breadcrumb\">\n\t\t\t<a href=\"https:\/\/allasorias.hu\/hirek\" title=\"Home\">Home<\/a>\n\t\t<\/span><span class=\"aioseo-breadcrumb-separator\">&raquo;<\/span><span class=\"aioseo-breadcrumb\">\n\t\t\t<a href=\"https:\/\/allasorias.hu\/hirek\/temak\/allaskereses\/\" title=\"\u00c1ll\u00e1skeres\u00e9s\">\u00c1ll\u00e1skeres\u00e9s<\/a>\n\t\t<\/span><span class=\"aioseo-breadcrumb-separator\">&raquo;<\/span><span class=\"aioseo-breadcrumb\">\n\t\t\tMit ne tegy\u00e9l az \u00f6n\u00e9letrajzodban ?\n\t\t<\/span><\/div>","aioseo_breadcrumb_json":[{"label":"Home","link":"https:\/\/allasorias.hu\/hirek"},{"label":"\u00c1ll\u00e1skeres\u00e9s","link":"https:\/\/allasorias.hu\/hirek\/temak\/allaskereses\/"},{"label":"Mit ne tegy\u00e9l az \u00f6n\u00e9letrajzodban ?","link":"https:\/\/allasorias.hu\/hirek\/mit-ne-tegyel-az-oneletrajzodban\/"}],"_links":{"self":[{"href":"https:\/\/allasorias.hu\/hirek\/wp-json\/wp\/v2\/posts\/3249","targetHints":{"allow":["GET"]}}],"collection":[{"href":"https:\/\/allasorias.hu\/hirek\/wp-json\/wp\/v2\/posts"}],"about":[{"href":"https:\/\/allasorias.hu\/hirek\/wp-json\/wp\/v2\/types\/post"}],"author":[{"embeddable":true,"href":"https:\/\/allasorias.hu\/hirek\/wp-json\/wp\/v2\/users\/1"}],"replies":[{"embeddable":true,"href":"https:\/\/allasorias.hu\/hirek\/wp-json\/wp\/v2\/comments?post=3249"}],"version-history":[{"count":1,"href":"https:\/\/allasorias.hu\/hirek\/wp-json\/wp\/v2\/posts\/3249\/revisions"}],"predecessor-version":[{"id":3250,"href":"https:\/\/allasorias.hu\/hirek\/wp-json\/wp\/v2\/posts\/3249\/revisions\/3250"}],"wp:featuredmedia":[{"embeddable":true,"href":"https:\/\/allasorias.hu\/hirek\/wp-json\/wp\/v2\/media\/2671"}],"wp:attachment":[{"href":"https:\/\/allasorias.hu\/hirek\/wp-json\/wp\/v2\/media?parent=3249"}],"wp:term":[{"taxonomy":"category","embeddable":true,"href":"https:\/\/allasorias.hu\/hirek\/wp-json\/wp\/v2\/categories?post=3249"},{"taxonomy":"post_tag","embeddable":true,"href":"https:\/\/allasorias.hu\/hirek\/wp-json\/wp\/v2\/tags?post=3249"}],"curies":[{"name":"wp","href":"https:\/\/api.w.org\/{rel}","templated":true}]}}