{"id":3247,"date":"2019-09-02T09:47:10","date_gmt":"2019-09-02T09:47:10","guid":{"rendered":"https:\/\/allasorias.hu\/hirek\/?p=3247"},"modified":"2019-09-02T09:47:10","modified_gmt":"2019-09-02T09:47:10","slug":"tobb-szaz-dolgozo-hianyzik-a-mav-nal","status":"publish","type":"post","link":"https:\/\/allasorias.hu\/hirek\/tobb-szaz-dolgozo-hianyzik-a-mav-nal\/","title":{"rendered":"T\u00f6bb sz\u00e1z dolgoz\u00f3 hi\u00e1nyzik a M\u00c1V-n\u00e1l"},"content":{"rendered":"<p><strong>A M\u00c1V-n\u00e1l \u00e1tlagosan 2,5 sz\u00e1zal\u00e9kos a l\u00e9tsz\u00e1mhi\u00e1ny. A c\u00e9g k\u00e9t \u00e9vvel ezel\u0151tt \u00e9s id\u00e9n is t\u00f6bb mint 38 ezer munkav\u00e1llal\u00f3t foglalkoztatott, illetve foglalkoztat. Bang\u00f3n\u00e9 Borb\u00e9ly Ildik\u00f3 err\u0151l sz\u00f3l\u00f3 \u00edr\u00e1sbeli k\u00e9rd\u00e9s\u00e9re F\u00f3nagy J\u00e1nos miniszterhelyettes elmondta: a vas\u00fatt\u00e1rsas\u00e1gn\u00e1l a l\u00e9tsz\u00e1mhi\u00e1ny \u00e1tlagosan nagyj\u00e1b\u00f3l 2,5 sz\u00e1zal\u00e9kos, ami els\u0151sorban a fels\u0151vezet\u00e9k-szerel\u0151i, elegyrendez\u0151i \u00e9s forgalmi szolg\u00e1lattev\u0151i munkak\u00f6r\u00f6kben jelentkezik. Ez azt jelenti, hogy a M\u00c1V k\u00f6r\u00fclbel\u00fcl 950 embert b\u00e1rmikor fel tudna venni.<\/strong><\/p>\n<p>F\u00f3nagy azt is \u00edrta, hogy az \u00e1ll\u00e1shelyeket toborz\u00e1ssal, k\u00e9pz\u00e9ssel, valamint a p\u00e1lyakezd\u0151 diplom\u00e1s program m\u0171k\u00f6dtet\u00e9s\u00e9vel folyamatosan bet\u00f6ltik. A vas\u00fatt\u00e1rsas\u00e1g a 2017 \u00e9s 2019 k\u00f6z\u00f6tti id\u0151szakra k\u00f6z\u00e9pt\u00e1v\u00fa b\u00e9rfelz\u00e1rk\u00f3ztat\u00e1si programot vezetett be, amely kisz\u00e1m\u00edthat\u00f3 \u00e9letp\u00e1lyamodellt biztos\u00edt a vasutasok sz\u00e1m\u00e1ra. A k\u00e9t \u00e9ve megk\u00f6t\u00f6tt h\u00e1rom\u00e9ves b\u00e9rmeg\u00e1llapod\u00e1snak k\u00f6sz\u00f6nhet\u0151en \u2013 amely \u00f6sszesen \u00e1tlagosan t\u00f6bb mint 30 sz\u00e1zal\u00e9kos b\u00e9rfejleszt\u00e9st jelentett \u2013 a munkaer\u0151piacon folyamatosan javul a c\u00e9g helyzete. Megjegyezte azt is, hogy a M\u00c1V t\u00e1rsas\u00e1gai a munkab\u00e9rt terhel\u0151 ad\u00f3k cs\u00f6kkent\u00e9s\u00e9b\u0151l megtakar\u00edtott b\u00e9rt\u00f6meget id\u00e9n augusztusban a k\u00f6zszolg\u00e1ltat\u00e1sban r\u00e9sztvev\u0151 koll\u00e9g\u00e1k c\u00e9lzott b\u00e9rrendez\u00e9s\u00e9re ford\u00edtott\u00e1k. \u00cdgy p\u00e9ld\u00e1ul az elegyrendez\u0151i munkak\u00f6rben foglalkoztatottak \u00e9vk\u00f6zi b\u00e9rfejleszt\u00e9se el\u00e9rhette a 10 sz\u00e1zal\u00e9kot. Zlati R\u00f3bertet, a Vasutasok Szakszervezet\u00e9nek aleln\u00f6ke kor\u00e1bban azt nyilatkozta, hogy az el\u00e9rhet\u0151 b\u00e9reket tov\u00e1bb kellene fejleszteni. A p\u00f3tl\u00e9kokkal egy\u00fctt p\u00e9ld\u00e1ul egy jegykezel\u0151 most brutt\u00f3 270 ezret keres, amihez hozz\u00e1j\u00f6n a jegyelad\u00e1sok \u00e9s b\u00fcntet\u00e9sek ut\u00e1n jutal\u00e9k. Zlati szerint fontos lenne, hogy az alkalmazottak legal\u00e1bb nett\u00f3 270-300 ezer forintot kereshessenek. A HVG emellett meg\u00edrta, hogy a l\u00e9tsz\u00e1mhi\u00e1ny csup\u00e1n a M\u00c1V probl\u00e9m\u00e1inak egyik oldala. A magyar vas\u00fat ugyanis szint\u00e9n hi\u00e1nyt szenved nemcsak a korszer\u0171 \u00faj j\u00e1rm\u0171vekben, de a hatvanas-hetvenes \u00e9vekben Dunakeszin gy\u00e1rtott \u2013 \u00e9s az ezredfordul\u00f3 ut\u00e1n r\u00e9szben fel\u00faj\u00edtott \u2013, hagyom\u00e1nyos M\u00c1V-k\u00e9k vagonokb\u00f3l sincs el\u00e9g hadra foghat\u00f3 darabja.<\/p>\n<p>Forr\u00e1s: hvg.hu<\/p>\n","protected":false},"excerpt":{"rendered":"<p>A M\u00c1V-n\u00e1l \u00e1tlagosan 2,5 sz\u00e1zal\u00e9kos a l\u00e9tsz\u00e1mhi\u00e1ny. A c\u00e9g k\u00e9t \u00e9vvel ezel\u0151tt \u00e9s id\u00e9n is t\u00f6bb mint 38 ezer munkav\u00e1llal\u00f3t foglalkoztatott, illetve foglalkoztat. Bang\u00f3n\u00e9 Borb\u00e9ly Ildik\u00f3 err\u0151l sz\u00f3l\u00f3 \u00edr\u00e1sbeli k\u00e9rd\u00e9s\u00e9re F\u00f3nagy J\u00e1nos miniszterhelyettes elmondta: a vas\u00fatt\u00e1rsas\u00e1gn\u00e1l a l\u00e9tsz\u00e1mhi\u00e1ny \u00e1tlagosan nagyj\u00e1b\u00f3l 2,5 sz\u00e1zal\u00e9kos, ami els\u0151sorban a fels\u0151vezet\u00e9k-szerel\u0151i, elegyrendez\u0151i \u00e9s forgalmi szolg\u00e1lattev\u0151i munkak\u00f6r\u00f6kben jelentkezik. Ez azt jelenti, [&hellip;]<\/p>\n","protected":false},"author":1,"featured_media":2196,"comment_status":"open","ping_status":"open","sticky":false,"template":"","format":"standard","meta":{"_monsterinsights_skip_tracking":false,"footnotes":""},"categories":[198,203,200],"tags":[],"class_list":["post-3247","post","type-post","status-publish","format-standard","has-post-thumbnail","hentry","category-gazdasag","category-hianyszakmak","category-munkaeropiac"],"aioseo_notices":[],"aioseo_head":"\n\t\t<!-- All in One SEO 5.0.0.1 - aioseo.com -->\n\t<meta name=\"description\" content=\"A M\u00c1V-n\u00e1l \u00e1tlagosan 2,5 sz\u00e1zal\u00e9kos a l\u00e9tsz\u00e1mhi\u00e1ny. A c\u00e9g k\u00e9t \u00e9vvel ezel\u0151tt \u00e9s id\u00e9n is t\u00f6bb mint 38 ezer munkav\u00e1llal\u00f3t foglalkoztatott, illetve foglalkoztat. Bang\u00f3n\u00e9 Borb\u00e9ly Ildik\u00f3 err\u0151l sz\u00f3l\u00f3 \u00edr\u00e1sbeli k\u00e9rd\u00e9s\u00e9re F\u00f3nagy J\u00e1nos miniszterhelyettes elmondta: a vas\u00fatt\u00e1rsas\u00e1gn\u00e1l a l\u00e9tsz\u00e1mhi\u00e1ny \u00e1tlagosan nagyj\u00e1b\u00f3l 2,5 sz\u00e1zal\u00e9kos, ami els\u0151sorban a fels\u0151vezet\u00e9k-szerel\u0151i, elegyrendez\u0151i \u00e9s forgalmi szolg\u00e1lattev\u0151i munkak\u00f6r\u00f6kben jelentkezik. Ez azt jelenti,\" \/>\n\t<meta name=\"robots\" content=\"max-image-preview:large\" \/>\n\t<meta name=\"author\" content=\"Juh\u00e1sz P\u00e9ter\"\/>\n\t<link rel=\"canonical\" href=\"https:\/\/allasorias.hu\/hirek\/tobb-szaz-dolgozo-hianyzik-a-mav-nal\/\" \/>\n\t<meta name=\"generator\" content=\"All in One SEO (AIOSEO) 5.0.0.1\" \/>\n\t\t<meta property=\"og:locale\" content=\"hu_HU\" \/>\n\t\t<meta property=\"og:site_name\" content=\"AllasOrias.hu | H\u00edrek-lapszemle | \u00dczleti h\u00edrek az \u00e1ll\u00e1s \u00e9s a munka vil\u00e1g\u00e1b\u00f3l\" \/>\n\t\t<meta property=\"og:type\" content=\"article\" \/>\n\t\t<meta property=\"og:title\" content=\"T\u00f6bb sz\u00e1z dolgoz\u00f3 hi\u00e1nyzik a M\u00c1V-n\u00e1l | AllasOrias.hu | H\u00edrek-lapszemle\" \/>\n\t\t<meta property=\"og:description\" content=\"A M\u00c1V-n\u00e1l \u00e1tlagosan 2,5 sz\u00e1zal\u00e9kos a l\u00e9tsz\u00e1mhi\u00e1ny. A c\u00e9g k\u00e9t \u00e9vvel ezel\u0151tt \u00e9s id\u00e9n is t\u00f6bb mint 38 ezer munkav\u00e1llal\u00f3t foglalkoztatott, illetve foglalkoztat. Bang\u00f3n\u00e9 Borb\u00e9ly Ildik\u00f3 err\u0151l sz\u00f3l\u00f3 \u00edr\u00e1sbeli k\u00e9rd\u00e9s\u00e9re F\u00f3nagy J\u00e1nos miniszterhelyettes elmondta: a vas\u00fatt\u00e1rsas\u00e1gn\u00e1l a l\u00e9tsz\u00e1mhi\u00e1ny \u00e1tlagosan nagyj\u00e1b\u00f3l 2,5 sz\u00e1zal\u00e9kos, ami els\u0151sorban a fels\u0151vezet\u00e9k-szerel\u0151i, elegyrendez\u0151i \u00e9s forgalmi szolg\u00e1lattev\u0151i munkak\u00f6r\u00f6kben jelentkezik. Ez azt jelenti,\" \/>\n\t\t<meta property=\"og:url\" content=\"https:\/\/allasorias.hu\/hirek\/tobb-szaz-dolgozo-hianyzik-a-mav-nal\/\" \/>\n\t\t<meta property=\"og:image\" content=\"https:\/\/allasorias.hu\/hirek\/wp-content\/uploads\/2018\/11\/kalauz.jpg\" \/>\n\t\t<meta property=\"og:image:secure_url\" content=\"https:\/\/allasorias.hu\/hirek\/wp-content\/uploads\/2018\/11\/kalauz.jpg\" \/>\n\t\t<meta property=\"og:image:width\" content=\"768\" \/>\n\t\t<meta property=\"og:image:height\" content=\"432\" \/>\n\t\t<meta property=\"article:published_time\" content=\"2019-09-02T09:47:10+00:00\" \/>\n\t\t<meta property=\"article:modified_time\" content=\"2019-09-02T09:47:10+00:00\" \/>\n\t\t<meta property=\"article:publisher\" content=\"https:\/\/www.facebook.com\/allasorias\" \/>\n\t\t<meta name=\"twitter:card\" content=\"summary_large_image\" \/>\n\t\t<meta name=\"twitter:title\" content=\"T\u00f6bb sz\u00e1z dolgoz\u00f3 hi\u00e1nyzik a M\u00c1V-n\u00e1l | AllasOrias.hu | H\u00edrek-lapszemle\" \/>\n\t\t<meta name=\"twitter:description\" content=\"A M\u00c1V-n\u00e1l \u00e1tlagosan 2,5 sz\u00e1zal\u00e9kos a l\u00e9tsz\u00e1mhi\u00e1ny. A c\u00e9g k\u00e9t \u00e9vvel ezel\u0151tt \u00e9s id\u00e9n is t\u00f6bb mint 38 ezer munkav\u00e1llal\u00f3t foglalkoztatott, illetve foglalkoztat. Bang\u00f3n\u00e9 Borb\u00e9ly Ildik\u00f3 err\u0151l sz\u00f3l\u00f3 \u00edr\u00e1sbeli k\u00e9rd\u00e9s\u00e9re F\u00f3nagy J\u00e1nos miniszterhelyettes elmondta: a vas\u00fatt\u00e1rsas\u00e1gn\u00e1l a l\u00e9tsz\u00e1mhi\u00e1ny \u00e1tlagosan nagyj\u00e1b\u00f3l 2,5 sz\u00e1zal\u00e9kos, ami els\u0151sorban a fels\u0151vezet\u00e9k-szerel\u0151i, elegyrendez\u0151i \u00e9s forgalmi szolg\u00e1lattev\u0151i munkak\u00f6r\u00f6kben jelentkezik. Ez azt jelenti,\" \/>\n\t\t<meta name=\"twitter:image\" content=\"https:\/\/allasorias.hu\/hirek\/wp-content\/uploads\/2018\/11\/kalauz.jpg\" \/>\n\t\t<meta name=\"twitter:label1\" content=\"Written by\" \/>\n\t\t<meta name=\"twitter:data1\" content=\"Juh\u00e1sz P\u00e9ter\" \/>\n\t\t<meta name=\"twitter:label2\" content=\"Est. reading time\" \/>\n\t\t<meta name=\"twitter:data2\" content=\"2 minutes\" \/>\n\t\t<script type=\"application\/ld+json\" class=\"aioseo-schema\">\n\t\t\t{\"@context\":\"https:\\\/\\\/schema.org\",\"@graph\":[{\"@type\":\"Article\",\"@id\":\"https:\\\/\\\/allasorias.hu\\\/hirek\\\/tobb-szaz-dolgozo-hianyzik-a-mav-nal\\\/#article\",\"name\":\"T\\u00f6bb sz\\u00e1z dolgoz\\u00f3 hi\\u00e1nyzik a M\\u00c1V-n\\u00e1l | AllasOrias.hu | H\\u00edrek-lapszemle\",\"headline\":\"T\\u00f6bb sz\\u00e1z dolgoz\\u00f3 hi\\u00e1nyzik a M\\u00c1V-n\\u00e1l\",\"author\":{\"@id\":\"https:\\\/\\\/allasorias.hu\\\/hirek\\\/author\\\/admin-allasorias\\\/#author\"},\"publisher\":{\"@id\":\"https:\\\/\\\/allasorias.hu\\\/hirek\\\/#organization\"},\"image\":{\"@type\":\"ImageObject\",\"url\":\"https:\\\/\\\/allasorias.hu\\\/hirek\\\/wp-content\\\/uploads\\\/2018\\\/11\\\/kalauz.jpg\",\"width\":768,\"height\":432},\"datePublished\":\"2019-09-02T09:47:10+02:00\",\"dateModified\":\"2019-09-02T09:47:10+02:00\",\"inLanguage\":\"hu-HU\",\"mainEntityOfPage\":{\"@id\":\"https:\\\/\\\/allasorias.hu\\\/hirek\\\/tobb-szaz-dolgozo-hianyzik-a-mav-nal\\\/#webpage\"},\"isPartOf\":{\"@id\":\"https:\\\/\\\/allasorias.hu\\\/hirek\\\/tobb-szaz-dolgozo-hianyzik-a-mav-nal\\\/#webpage\"},\"articleSection\":\"Gazdas\\u00e1g, Hi\\u00e1nyszakm\\u00e1k, Munkaer\\u0151piac\"},{\"@type\":\"BreadcrumbList\",\"@id\":\"https:\\\/\\\/allasorias.hu\\\/hirek\\\/tobb-szaz-dolgozo-hianyzik-a-mav-nal\\\/#breadcrumblist\",\"itemListElement\":[{\"@type\":\"ListItem\",\"@id\":\"https:\\\/\\\/allasorias.hu\\\/hirek#listItem\",\"position\":1,\"name\":\"Home\",\"item\":\"https:\\\/\\\/allasorias.hu\\\/hirek\",\"nextItem\":{\"@type\":\"ListItem\",\"@id\":\"https:\\\/\\\/allasorias.hu\\\/hirek\\\/temak\\\/gazdasag\\\/#listItem\",\"name\":\"Gazdas\\u00e1g\"}},{\"@type\":\"ListItem\",\"@id\":\"https:\\\/\\\/allasorias.hu\\\/hirek\\\/temak\\\/gazdasag\\\/#listItem\",\"position\":2,\"name\":\"Gazdas\\u00e1g\",\"item\":\"https:\\\/\\\/allasorias.hu\\\/hirek\\\/temak\\\/gazdasag\\\/\",\"nextItem\":{\"@type\":\"ListItem\",\"@id\":\"https:\\\/\\\/allasorias.hu\\\/hirek\\\/tobb-szaz-dolgozo-hianyzik-a-mav-nal\\\/#listItem\",\"name\":\"T\\u00f6bb sz\\u00e1z dolgoz\\u00f3 hi\\u00e1nyzik a M\\u00c1V-n\\u00e1l\"},\"previousItem\":{\"@type\":\"ListItem\",\"@id\":\"https:\\\/\\\/allasorias.hu\\\/hirek#listItem\",\"name\":\"Home\"}},{\"@type\":\"ListItem\",\"@id\":\"https:\\\/\\\/allasorias.hu\\\/hirek\\\/tobb-szaz-dolgozo-hianyzik-a-mav-nal\\\/#listItem\",\"position\":3,\"name\":\"T\\u00f6bb sz\\u00e1z dolgoz\\u00f3 hi\\u00e1nyzik a M\\u00c1V-n\\u00e1l\",\"previousItem\":{\"@type\":\"ListItem\",\"@id\":\"https:\\\/\\\/allasorias.hu\\\/hirek\\\/temak\\\/gazdasag\\\/#listItem\",\"name\":\"Gazdas\\u00e1g\"}}]},{\"@type\":\"Organization\",\"@id\":\"https:\\\/\\\/allasorias.hu\\\/hirek\\\/#organization\",\"name\":\"AllasOrias.hu | H\\u00edrek-lapszemle\",\"description\":\"\\u00dczleti h\\u00edrek az \\u00e1ll\\u00e1s \\u00e9s a munka vil\\u00e1g\\u00e1b\\u00f3l\",\"url\":\"https:\\\/\\\/allasorias.hu\\\/hirek\\\/\",\"logo\":{\"@type\":\"ImageObject\",\"url\":\"https:\\\/\\\/allasorias.hu\\\/hirek\\\/wp-content\\\/uploads\\\/2022\\\/10\\\/allasorias_site_facebok_logo.png\",\"@id\":\"https:\\\/\\\/allasorias.hu\\\/hirek\\\/tobb-szaz-dolgozo-hianyzik-a-mav-nal\\\/#organizationLogo\"},\"image\":{\"@id\":\"https:\\\/\\\/allasorias.hu\\\/hirek\\\/tobb-szaz-dolgozo-hianyzik-a-mav-nal\\\/#organizationLogo\"},\"sameAs\":[\"https:\\\/\\\/www.facebook.com\\\/allasorias\",\"https:\\\/\\\/www.linkedin.com\\\/company\\\/allasorias\"]},{\"@type\":\"Person\",\"@id\":\"https:\\\/\\\/allasorias.hu\\\/hirek\\\/author\\\/admin-allasorias\\\/#author\",\"url\":\"https:\\\/\\\/allasorias.hu\\\/hirek\\\/author\\\/admin-allasorias\\\/\",\"name\":\"Juh\\u00e1sz P\\u00e9ter\",\"image\":{\"@type\":\"ImageObject\",\"@id\":\"https:\\\/\\\/allasorias.hu\\\/hirek\\\/tobb-szaz-dolgozo-hianyzik-a-mav-nal\\\/#authorImage\",\"url\":\"https:\\\/\\\/secure.gravatar.com\\\/avatar\\\/36e6bcb83148978b992977cb0f54d22feb0cce8a0a849a9410532bb2623ba4c6?s=96&d=mm&r=g\",\"width\":96,\"height\":96,\"caption\":\"Juh\\u00e1sz P\\u00e9ter\"}},{\"@type\":\"WebPage\",\"@id\":\"https:\\\/\\\/allasorias.hu\\\/hirek\\\/tobb-szaz-dolgozo-hianyzik-a-mav-nal\\\/#webpage\",\"url\":\"https:\\\/\\\/allasorias.hu\\\/hirek\\\/tobb-szaz-dolgozo-hianyzik-a-mav-nal\\\/\",\"name\":\"T\\u00f6bb sz\\u00e1z dolgoz\\u00f3 hi\\u00e1nyzik a M\\u00c1V-n\\u00e1l | AllasOrias.hu | H\\u00edrek-lapszemle\",\"description\":\"A M\\u00c1V-n\\u00e1l \\u00e1tlagosan 2,5 sz\\u00e1zal\\u00e9kos a l\\u00e9tsz\\u00e1mhi\\u00e1ny. A c\\u00e9g k\\u00e9t \\u00e9vvel ezel\\u0151tt \\u00e9s id\\u00e9n is t\\u00f6bb mint 38 ezer munkav\\u00e1llal\\u00f3t foglalkoztatott, illetve foglalkoztat. Bang\\u00f3n\\u00e9 Borb\\u00e9ly Ildik\\u00f3 err\\u0151l sz\\u00f3l\\u00f3 \\u00edr\\u00e1sbeli k\\u00e9rd\\u00e9s\\u00e9re F\\u00f3nagy J\\u00e1nos miniszterhelyettes elmondta: a vas\\u00fatt\\u00e1rsas\\u00e1gn\\u00e1l a l\\u00e9tsz\\u00e1mhi\\u00e1ny \\u00e1tlagosan nagyj\\u00e1b\\u00f3l 2,5 sz\\u00e1zal\\u00e9kos, ami els\\u0151sorban a fels\\u0151vezet\\u00e9k-szerel\\u0151i, elegyrendez\\u0151i \\u00e9s forgalmi szolg\\u00e1lattev\\u0151i munkak\\u00f6r\\u00f6kben jelentkezik. Ez azt jelenti,\",\"inLanguage\":\"hu-HU\",\"isPartOf\":{\"@id\":\"https:\\\/\\\/allasorias.hu\\\/hirek\\\/#website\"},\"breadcrumb\":{\"@id\":\"https:\\\/\\\/allasorias.hu\\\/hirek\\\/tobb-szaz-dolgozo-hianyzik-a-mav-nal\\\/#breadcrumblist\"},\"author\":{\"@id\":\"https:\\\/\\\/allasorias.hu\\\/hirek\\\/author\\\/admin-allasorias\\\/#author\"},\"creator\":{\"@id\":\"https:\\\/\\\/allasorias.hu\\\/hirek\\\/author\\\/admin-allasorias\\\/#author\"},\"image\":{\"@type\":\"ImageObject\",\"url\":\"https:\\\/\\\/allasorias.hu\\\/hirek\\\/wp-content\\\/uploads\\\/2018\\\/11\\\/kalauz.jpg\",\"@id\":\"https:\\\/\\\/allasorias.hu\\\/hirek\\\/tobb-szaz-dolgozo-hianyzik-a-mav-nal\\\/#mainImage\",\"width\":768,\"height\":432},\"primaryImageOfPage\":{\"@id\":\"https:\\\/\\\/allasorias.hu\\\/hirek\\\/tobb-szaz-dolgozo-hianyzik-a-mav-nal\\\/#mainImage\"},\"datePublished\":\"2019-09-02T09:47:10+02:00\",\"dateModified\":\"2019-09-02T09:47:10+02:00\"},{\"@type\":\"WebSite\",\"@id\":\"https:\\\/\\\/allasorias.hu\\\/hirek\\\/#website\",\"url\":\"https:\\\/\\\/allasorias.hu\\\/hirek\\\/\",\"name\":\"AllasOrias.hu | H\\u00edrek-lapszemle\",\"description\":\"\\u00dczleti h\\u00edrek az \\u00e1ll\\u00e1s \\u00e9s a munka vil\\u00e1g\\u00e1b\\u00f3l\",\"inLanguage\":\"hu-HU\",\"publisher\":{\"@id\":\"https:\\\/\\\/allasorias.hu\\\/hirek\\\/#organization\"}}]}\n\t\t<\/script>\n\t\t<!-- All in One SEO -->\n\n","aioseo_head_json":{"title":"T\u00f6bb sz\u00e1z dolgoz\u00f3 hi\u00e1nyzik a M\u00c1V-n\u00e1l | AllasOrias.hu | H\u00edrek-lapszemle","description":"A M\u00c1V-n\u00e1l \u00e1tlagosan 2,5 sz\u00e1zal\u00e9kos a l\u00e9tsz\u00e1mhi\u00e1ny. A c\u00e9g k\u00e9t \u00e9vvel ezel\u0151tt \u00e9s id\u00e9n is t\u00f6bb mint 38 ezer munkav\u00e1llal\u00f3t foglalkoztatott, illetve foglalkoztat. Bang\u00f3n\u00e9 Borb\u00e9ly Ildik\u00f3 err\u0151l sz\u00f3l\u00f3 \u00edr\u00e1sbeli k\u00e9rd\u00e9s\u00e9re F\u00f3nagy J\u00e1nos miniszterhelyettes elmondta: a vas\u00fatt\u00e1rsas\u00e1gn\u00e1l a l\u00e9tsz\u00e1mhi\u00e1ny \u00e1tlagosan nagyj\u00e1b\u00f3l 2,5 sz\u00e1zal\u00e9kos, ami els\u0151sorban a fels\u0151vezet\u00e9k-szerel\u0151i, elegyrendez\u0151i \u00e9s forgalmi szolg\u00e1lattev\u0151i munkak\u00f6r\u00f6kben jelentkezik. Ez azt jelenti,","canonical_url":"https:\/\/allasorias.hu\/hirek\/tobb-szaz-dolgozo-hianyzik-a-mav-nal\/","robots":"max-image-preview:large","keywords":"","webmasterTools":{"miscellaneous":""},"schema":{"@context":"https:\/\/schema.org","@graph":[{"@type":"Article","@id":"https:\/\/allasorias.hu\/hirek\/tobb-szaz-dolgozo-hianyzik-a-mav-nal\/#article","name":"T\u00f6bb sz\u00e1z dolgoz\u00f3 hi\u00e1nyzik a M\u00c1V-n\u00e1l | AllasOrias.hu | H\u00edrek-lapszemle","headline":"T\u00f6bb sz\u00e1z dolgoz\u00f3 hi\u00e1nyzik a M\u00c1V-n\u00e1l","author":{"@id":"https:\/\/allasorias.hu\/hirek\/author\/admin-allasorias\/#author"},"publisher":{"@id":"https:\/\/allasorias.hu\/hirek\/#organization"},"image":{"@type":"ImageObject","url":"https:\/\/allasorias.hu\/hirek\/wp-content\/uploads\/2018\/11\/kalauz.jpg","width":768,"height":432},"datePublished":"2019-09-02T09:47:10+02:00","dateModified":"2019-09-02T09:47:10+02:00","inLanguage":"hu-HU","mainEntityOfPage":{"@id":"https:\/\/allasorias.hu\/hirek\/tobb-szaz-dolgozo-hianyzik-a-mav-nal\/#webpage"},"isPartOf":{"@id":"https:\/\/allasorias.hu\/hirek\/tobb-szaz-dolgozo-hianyzik-a-mav-nal\/#webpage"},"articleSection":"Gazdas\u00e1g, Hi\u00e1nyszakm\u00e1k, Munkaer\u0151piac"},{"@type":"BreadcrumbList","@id":"https:\/\/allasorias.hu\/hirek\/tobb-szaz-dolgozo-hianyzik-a-mav-nal\/#breadcrumblist","itemListElement":[{"@type":"ListItem","@id":"https:\/\/allasorias.hu\/hirek#listItem","position":1,"name":"Home","item":"https:\/\/allasorias.hu\/hirek","nextItem":{"@type":"ListItem","@id":"https:\/\/allasorias.hu\/hirek\/temak\/gazdasag\/#listItem","name":"Gazdas\u00e1g"}},{"@type":"ListItem","@id":"https:\/\/allasorias.hu\/hirek\/temak\/gazdasag\/#listItem","position":2,"name":"Gazdas\u00e1g","item":"https:\/\/allasorias.hu\/hirek\/temak\/gazdasag\/","nextItem":{"@type":"ListItem","@id":"https:\/\/allasorias.hu\/hirek\/tobb-szaz-dolgozo-hianyzik-a-mav-nal\/#listItem","name":"T\u00f6bb sz\u00e1z dolgoz\u00f3 hi\u00e1nyzik a M\u00c1V-n\u00e1l"},"previousItem":{"@type":"ListItem","@id":"https:\/\/allasorias.hu\/hirek#listItem","name":"Home"}},{"@type":"ListItem","@id":"https:\/\/allasorias.hu\/hirek\/tobb-szaz-dolgozo-hianyzik-a-mav-nal\/#listItem","position":3,"name":"T\u00f6bb sz\u00e1z dolgoz\u00f3 hi\u00e1nyzik a M\u00c1V-n\u00e1l","previousItem":{"@type":"ListItem","@id":"https:\/\/allasorias.hu\/hirek\/temak\/gazdasag\/#listItem","name":"Gazdas\u00e1g"}}]},{"@type":"Organization","@id":"https:\/\/allasorias.hu\/hirek\/#organization","name":"AllasOrias.hu | H\u00edrek-lapszemle","description":"\u00dczleti h\u00edrek az \u00e1ll\u00e1s \u00e9s a munka vil\u00e1g\u00e1b\u00f3l","url":"https:\/\/allasorias.hu\/hirek\/","logo":{"@type":"ImageObject","url":"https:\/\/allasorias.hu\/hirek\/wp-content\/uploads\/2022\/10\/allasorias_site_facebok_logo.png","@id":"https:\/\/allasorias.hu\/hirek\/tobb-szaz-dolgozo-hianyzik-a-mav-nal\/#organizationLogo"},"image":{"@id":"https:\/\/allasorias.hu\/hirek\/tobb-szaz-dolgozo-hianyzik-a-mav-nal\/#organizationLogo"},"sameAs":["https:\/\/www.facebook.com\/allasorias","https:\/\/www.linkedin.com\/company\/allasorias"]},{"@type":"Person","@id":"https:\/\/allasorias.hu\/hirek\/author\/admin-allasorias\/#author","url":"https:\/\/allasorias.hu\/hirek\/author\/admin-allasorias\/","name":"Juh\u00e1sz P\u00e9ter","image":{"@type":"ImageObject","@id":"https:\/\/allasorias.hu\/hirek\/tobb-szaz-dolgozo-hianyzik-a-mav-nal\/#authorImage","url":"https:\/\/secure.gravatar.com\/avatar\/36e6bcb83148978b992977cb0f54d22feb0cce8a0a849a9410532bb2623ba4c6?s=96&d=mm&r=g","width":96,"height":96,"caption":"Juh\u00e1sz P\u00e9ter"}},{"@type":"WebPage","@id":"https:\/\/allasorias.hu\/hirek\/tobb-szaz-dolgozo-hianyzik-a-mav-nal\/#webpage","url":"https:\/\/allasorias.hu\/hirek\/tobb-szaz-dolgozo-hianyzik-a-mav-nal\/","name":"T\u00f6bb sz\u00e1z dolgoz\u00f3 hi\u00e1nyzik a M\u00c1V-n\u00e1l | AllasOrias.hu | H\u00edrek-lapszemle","description":"A M\u00c1V-n\u00e1l \u00e1tlagosan 2,5 sz\u00e1zal\u00e9kos a l\u00e9tsz\u00e1mhi\u00e1ny. A c\u00e9g k\u00e9t \u00e9vvel ezel\u0151tt \u00e9s id\u00e9n is t\u00f6bb mint 38 ezer munkav\u00e1llal\u00f3t foglalkoztatott, illetve foglalkoztat. Bang\u00f3n\u00e9 Borb\u00e9ly Ildik\u00f3 err\u0151l sz\u00f3l\u00f3 \u00edr\u00e1sbeli k\u00e9rd\u00e9s\u00e9re F\u00f3nagy J\u00e1nos miniszterhelyettes elmondta: a vas\u00fatt\u00e1rsas\u00e1gn\u00e1l a l\u00e9tsz\u00e1mhi\u00e1ny \u00e1tlagosan nagyj\u00e1b\u00f3l 2,5 sz\u00e1zal\u00e9kos, ami els\u0151sorban a fels\u0151vezet\u00e9k-szerel\u0151i, elegyrendez\u0151i \u00e9s forgalmi szolg\u00e1lattev\u0151i munkak\u00f6r\u00f6kben jelentkezik. Ez azt jelenti,","inLanguage":"hu-HU","isPartOf":{"@id":"https:\/\/allasorias.hu\/hirek\/#website"},"breadcrumb":{"@id":"https:\/\/allasorias.hu\/hirek\/tobb-szaz-dolgozo-hianyzik-a-mav-nal\/#breadcrumblist"},"author":{"@id":"https:\/\/allasorias.hu\/hirek\/author\/admin-allasorias\/#author"},"creator":{"@id":"https:\/\/allasorias.hu\/hirek\/author\/admin-allasorias\/#author"},"image":{"@type":"ImageObject","url":"https:\/\/allasorias.hu\/hirek\/wp-content\/uploads\/2018\/11\/kalauz.jpg","@id":"https:\/\/allasorias.hu\/hirek\/tobb-szaz-dolgozo-hianyzik-a-mav-nal\/#mainImage","width":768,"height":432},"primaryImageOfPage":{"@id":"https:\/\/allasorias.hu\/hirek\/tobb-szaz-dolgozo-hianyzik-a-mav-nal\/#mainImage"},"datePublished":"2019-09-02T09:47:10+02:00","dateModified":"2019-09-02T09:47:10+02:00"},{"@type":"WebSite","@id":"https:\/\/allasorias.hu\/hirek\/#website","url":"https:\/\/allasorias.hu\/hirek\/","name":"AllasOrias.hu | H\u00edrek-lapszemle","description":"\u00dczleti h\u00edrek az \u00e1ll\u00e1s \u00e9s a munka vil\u00e1g\u00e1b\u00f3l","inLanguage":"hu-HU","publisher":{"@id":"https:\/\/allasorias.hu\/hirek\/#organization"}}]},"og:locale":"hu_HU","og:site_name":"AllasOrias.hu | H\u00edrek-lapszemle | \u00dczleti h\u00edrek az \u00e1ll\u00e1s \u00e9s a munka vil\u00e1g\u00e1b\u00f3l","og:type":"article","og:title":"T\u00f6bb sz\u00e1z dolgoz\u00f3 hi\u00e1nyzik a M\u00c1V-n\u00e1l | AllasOrias.hu | H\u00edrek-lapszemle","og:description":"A M\u00c1V-n\u00e1l \u00e1tlagosan 2,5 sz\u00e1zal\u00e9kos a l\u00e9tsz\u00e1mhi\u00e1ny. A c\u00e9g k\u00e9t \u00e9vvel ezel\u0151tt \u00e9s id\u00e9n is t\u00f6bb mint 38 ezer munkav\u00e1llal\u00f3t foglalkoztatott, illetve foglalkoztat. Bang\u00f3n\u00e9 Borb\u00e9ly Ildik\u00f3 err\u0151l sz\u00f3l\u00f3 \u00edr\u00e1sbeli k\u00e9rd\u00e9s\u00e9re F\u00f3nagy J\u00e1nos miniszterhelyettes elmondta: a vas\u00fatt\u00e1rsas\u00e1gn\u00e1l a l\u00e9tsz\u00e1mhi\u00e1ny \u00e1tlagosan nagyj\u00e1b\u00f3l 2,5 sz\u00e1zal\u00e9kos, ami els\u0151sorban a fels\u0151vezet\u00e9k-szerel\u0151i, elegyrendez\u0151i \u00e9s forgalmi szolg\u00e1lattev\u0151i munkak\u00f6r\u00f6kben jelentkezik. Ez azt jelenti,","og:url":"https:\/\/allasorias.hu\/hirek\/tobb-szaz-dolgozo-hianyzik-a-mav-nal\/","og:image":"https:\/\/allasorias.hu\/hirek\/wp-content\/uploads\/2018\/11\/kalauz.jpg","og:image:secure_url":"https:\/\/allasorias.hu\/hirek\/wp-content\/uploads\/2018\/11\/kalauz.jpg","og:image:width":768,"og:image:height":432,"article:published_time":"2019-09-02T09:47:10+00:00","article:modified_time":"2019-09-02T09:47:10+00:00","article:publisher":"https:\/\/www.facebook.com\/allasorias","twitter:card":"summary_large_image","twitter:title":"T\u00f6bb sz\u00e1z dolgoz\u00f3 hi\u00e1nyzik a M\u00c1V-n\u00e1l | AllasOrias.hu | H\u00edrek-lapszemle","twitter:description":"A M\u00c1V-n\u00e1l \u00e1tlagosan 2,5 sz\u00e1zal\u00e9kos a l\u00e9tsz\u00e1mhi\u00e1ny. A c\u00e9g k\u00e9t \u00e9vvel ezel\u0151tt \u00e9s id\u00e9n is t\u00f6bb mint 38 ezer munkav\u00e1llal\u00f3t foglalkoztatott, illetve foglalkoztat. Bang\u00f3n\u00e9 Borb\u00e9ly Ildik\u00f3 err\u0151l sz\u00f3l\u00f3 \u00edr\u00e1sbeli k\u00e9rd\u00e9s\u00e9re F\u00f3nagy J\u00e1nos miniszterhelyettes elmondta: a vas\u00fatt\u00e1rsas\u00e1gn\u00e1l a l\u00e9tsz\u00e1mhi\u00e1ny \u00e1tlagosan nagyj\u00e1b\u00f3l 2,5 sz\u00e1zal\u00e9kos, ami els\u0151sorban a fels\u0151vezet\u00e9k-szerel\u0151i, elegyrendez\u0151i \u00e9s forgalmi szolg\u00e1lattev\u0151i munkak\u00f6r\u00f6kben jelentkezik. Ez azt jelenti,","twitter:image":"https:\/\/allasorias.hu\/hirek\/wp-content\/uploads\/2018\/11\/kalauz.jpg","twitter:label1":"Written by","twitter:data1":"Juh\u00e1sz P\u00e9ter","twitter:label2":"Est. reading time","twitter:data2":"2 minutes"},"aioseo_meta_data":{"post_id":"3247","title":null,"description":null,"keywords":null,"keyphrases":null,"primary_term":null,"canonical_url":null,"og_title":null,"og_description":null,"og_object_type":"default","og_image_type":"default","og_image_url":null,"og_image_width":null,"og_image_height":null,"og_image_custom_url":null,"og_image_custom_fields":null,"og_video":null,"og_custom_url":null,"og_article_section":null,"og_article_tags":null,"twitter_use_og":false,"twitter_card":"default","twitter_image_type":"default","twitter_image_url":null,"twitter_image_custom_url":null,"twitter_image_custom_fields":null,"twitter_title":null,"twitter_description":null,"schema":{"blockGraphs":[],"customGraphs":[],"default":{"data":{"Article":[],"Course":[],"Dataset":[],"FAQPage":[],"Movie":[],"Person":[],"Product":[],"ProductReview":[],"Car":[],"Recipe":[],"Service":[],"SoftwareApplication":[],"WebPage":[]},"graphName":"","isEnabled":true},"graphs":[],"defaultGraph":"","defaultPostTypeGraph":""},"schema_type":null,"schema_type_options":null,"pillar_content":false,"robots_default":true,"robots_noindex":false,"robots_noarchive":false,"robots_nosnippet":false,"robots_nofollow":false,"robots_noimageindex":false,"robots_noodp":false,"robots_notranslate":false,"robots_max_snippet":null,"robots_max_videopreview":null,"robots_max_imagepreview":"large","priority":null,"frequency":null,"location":null,"local_seo":null,"breadcrumb_settings":null,"limit_modified_date":false,"ai":null,"created":"2021-02-01 21:57:19","updated":"2025-10-02 11:44:24","seo_analyzer_scan_date":null,"focus_keyword":null,"additional_keywords":null,"truseo_locale":null},"aioseo_breadcrumb":"<div class=\"aioseo-breadcrumbs\"><span class=\"aioseo-breadcrumb\">\n\t\t\t<a href=\"https:\/\/allasorias.hu\/hirek\" title=\"Home\">Home<\/a>\n\t\t<\/span><span class=\"aioseo-breadcrumb-separator\">&raquo;<\/span><span class=\"aioseo-breadcrumb\">\n\t\t\t<a href=\"https:\/\/allasorias.hu\/hirek\/temak\/gazdasag\/\" title=\"Gazdas\u00e1g\">Gazdas\u00e1g<\/a>\n\t\t<\/span><span class=\"aioseo-breadcrumb-separator\">&raquo;<\/span><span class=\"aioseo-breadcrumb\">\n\t\t\tT\u00f6bb sz\u00e1z dolgoz\u00f3 hi\u00e1nyzik a M\u00c1V-n\u00e1l\n\t\t<\/span><\/div>","aioseo_breadcrumb_json":[{"label":"Home","link":"https:\/\/allasorias.hu\/hirek"},{"label":"Gazdas\u00e1g","link":"https:\/\/allasorias.hu\/hirek\/temak\/gazdasag\/"},{"label":"T\u00f6bb sz\u00e1z dolgoz\u00f3 hi\u00e1nyzik a M\u00c1V-n\u00e1l","link":"https:\/\/allasorias.hu\/hirek\/tobb-szaz-dolgozo-hianyzik-a-mav-nal\/"}],"_links":{"self":[{"href":"https:\/\/allasorias.hu\/hirek\/wp-json\/wp\/v2\/posts\/3247","targetHints":{"allow":["GET"]}}],"collection":[{"href":"https:\/\/allasorias.hu\/hirek\/wp-json\/wp\/v2\/posts"}],"about":[{"href":"https:\/\/allasorias.hu\/hirek\/wp-json\/wp\/v2\/types\/post"}],"author":[{"embeddable":true,"href":"https:\/\/allasorias.hu\/hirek\/wp-json\/wp\/v2\/users\/1"}],"replies":[{"embeddable":true,"href":"https:\/\/allasorias.hu\/hirek\/wp-json\/wp\/v2\/comments?post=3247"}],"version-history":[{"count":1,"href":"https:\/\/allasorias.hu\/hirek\/wp-json\/wp\/v2\/posts\/3247\/revisions"}],"predecessor-version":[{"id":3248,"href":"https:\/\/allasorias.hu\/hirek\/wp-json\/wp\/v2\/posts\/3247\/revisions\/3248"}],"wp:featuredmedia":[{"embeddable":true,"href":"https:\/\/allasorias.hu\/hirek\/wp-json\/wp\/v2\/media\/2196"}],"wp:attachment":[{"href":"https:\/\/allasorias.hu\/hirek\/wp-json\/wp\/v2\/media?parent=3247"}],"wp:term":[{"taxonomy":"category","embeddable":true,"href":"https:\/\/allasorias.hu\/hirek\/wp-json\/wp\/v2\/categories?post=3247"},{"taxonomy":"post_tag","embeddable":true,"href":"https:\/\/allasorias.hu\/hirek\/wp-json\/wp\/v2\/tags?post=3247"}],"curies":[{"name":"wp","href":"https:\/\/api.w.org\/{rel}","templated":true}]}}