{"id":3221,"date":"2019-08-23T09:56:21","date_gmt":"2019-08-23T09:56:21","guid":{"rendered":"https:\/\/allasorias.hu\/hirek\/?p=3221"},"modified":"2019-08-23T09:56:21","modified_gmt":"2019-08-23T09:56:21","slug":"a-munkaero-kolcsonzes-a-megoldas","status":"publish","type":"post","link":"https:\/\/allasorias.hu\/hirek\/a-munkaero-kolcsonzes-a-megoldas\/","title":{"rendered":"A munkaer\u0151-k\u00f6lcs\u00f6nz\u00e9s a megold\u00e1s?"},"content":{"rendered":"<p><strong>A k\u00f6lcs\u00f6nz\u00f6tt munkav\u00e1llal\u00f3k ar\u00e1ny haz\u00e1nkban el\u00e9ri az \u00f6sszfoglalkoztatottak 4,2-4,4 sz\u00e1zal\u00e9k\u00e1t \u2013 k\u00f6z\u00f6lt\u00e9k a Vil\u00e1ggazdas\u00e1ggal munkaer\u0151piaci szak\u00e9rt\u0151k. Egyre t\u00f6bb hazai c\u00e9g kedveli meg e foglalkoztat\u00e1si form\u00e1t.<\/strong><\/p>\n<p>Juh\u00e1sz Csongor, a HR-szolg\u00e1ltat\u00e1sokat k\u00edn\u00e1l\u00f3 Prohuman \u00fcgyvezet\u0151je szerint a munkaer\u0151-k\u00f6lcs\u00f6nz\u00e9s els\u0151sorban a t\u00f6bb sz\u00e1z f\u0151s c\u00e9gek k\u00f6r\u00e9ben n\u00e9pszer\u0171, amelyeknek \u00e9vr\u0151l \u00e9vre magasabbak a dolgoz\u00f3k l\u00e9tsz\u00e1m\u00e1nak felt\u00f6lt\u00e9s\u00e9hez \u00e9s megtart\u00e1s\u00e1hoz sz\u00fcks\u00e9ges HR- \u00e9s adminisztr\u00e1ci\u00f3s k\u00f6lts\u00e9gei. Ez\u00e9rt egyre ink\u00e1bb meg\u00e9ri k\u00f6zvet\u00edt\u0151ket alkalmazniuk, ezzel komparat\u00edv k\u00f6lts\u00e9gel\u0151nyt \u00e9rhetnek el, hiszen a k\u00f6zvet\u00edt\u0151k nagy mennyis\u00e9gben, olcs\u00f3bban hirdethetnek. Emellett a helyi irod\u00e1ikban folyamatosan v\u00e1lasztj\u00e1k ki a munkav\u00e1llal\u00f3kat \u2013 adott esetben t\u00f6bb c\u00e9g sz\u00e1m\u00e1ra is \u2013, adatb\u00e1zisaik pedig l\u00e9nyegesen nagyobbak, mint az \u00fcgyfeleik\u00e9 mondta az \u00fcgyvezet\u0151. Jelenleg t\u00f6bb mint nyolcvanezer hazai \u00e1ll\u00e1shely bet\u00f6ltetlen a K\u00f6zponti Statisztikai Hivatal szerint, majdnem a dupl\u00e1ja a n\u00e9gy \u00e9vvel kor\u00e1bbinak. E sz\u00e1m folyamatosan n\u0151, a versenyszektorban 2,5\u20133 sz\u00e1zal\u00e9k k\u00f6z\u00f6tti az ar\u00e1ny. Azt mindenk\u00e9ppen ki kell emelni, hogy a munkaer\u0151hi\u00e1nyon a k\u00f6lcs\u00f6nz\u00e9s nem v\u00e1ltoztat, hiszen a c\u00e9gek adott r\u00e9gi\u00f3kban egym\u00e1st\u00f3l pr\u00f3b\u00e1lj\u00e1k \u00e1tcs\u00e1b\u00edtani a dolgoz\u00f3kat. Az is megszokott, hogy \u00f6tven-sz\u00e1z kilom\u00e9teres k\u00f6rzetben ak\u00e1r naponta vagy a h\u00e9t elej\u00e9n \u00e9s v\u00e9g\u00e9n utaztatj\u00e1k a munk\u00e1sokat, ez\u00e9rt megn\u0151tt a munk\u00e1ssz\u00e1ll\u00f3k ir\u00e1nti kereslet<\/p>\n<p>&nbsp;<\/p>\n<p>\u2013 ezt m\u00e1r Pelle D\u00e1vid, az MP Solutions Kft. \u00fcgyvezet\u0151je mondta a Vil\u00e1ggazdas\u00e1gnak. A szakember szerint a k\u00f6lcs\u00f6nz\u00e9s alapvet\u0151en az \u00e1tmeneti munkaer\u0151hi\u00e1nyra k\u00edn\u00e1l \u00e1thidal\u00f3 megold\u00e1st, de rengeteg c\u00e9g alkalmazza m\u00e1r hosszabb t\u00e1von is a m\u00f3dszert. A munkaer\u0151-k\u00f6lcs\u00f6nz\u00e9s glob\u00e1lisan, \u00edgy Eur\u00f3p\u00e1ban is elfogadott, s\u0151t folyamatosan fejl\u0151dik. \u201eA nemzetk\u00f6zi tendenci\u00e1k azt mutatj\u00e1k, hogy egyre n\u00e9pszer\u0171bb ez a foglalkoztat\u00e1si forma a rugalmass\u00e1g\u00e1b\u00f3l ad\u00f3d\u00f3 el\u0151ny\u00f6k miatt.<\/p>\n<p>Forr\u00e1s: Vil\u00e1ggazdas\u00e1g, szakszervezetek.hu<\/p>\n","protected":false},"excerpt":{"rendered":"<p>A k\u00f6lcs\u00f6nz\u00f6tt munkav\u00e1llal\u00f3k ar\u00e1ny haz\u00e1nkban el\u00e9ri az \u00f6sszfoglalkoztatottak 4,2-4,4 sz\u00e1zal\u00e9k\u00e1t \u2013 k\u00f6z\u00f6lt\u00e9k a Vil\u00e1ggazdas\u00e1ggal munkaer\u0151piaci szak\u00e9rt\u0151k. Egyre t\u00f6bb hazai c\u00e9g kedveli meg e foglalkoztat\u00e1si form\u00e1t. Juh\u00e1sz Csongor, a HR-szolg\u00e1ltat\u00e1sokat k\u00edn\u00e1l\u00f3 Prohuman \u00fcgyvezet\u0151je szerint a munkaer\u0151-k\u00f6lcs\u00f6nz\u00e9s els\u0151sorban a t\u00f6bb sz\u00e1z f\u0151s c\u00e9gek k\u00f6r\u00e9ben n\u00e9pszer\u0171, amelyeknek \u00e9vr\u0151l \u00e9vre magasabbak a dolgoz\u00f3k l\u00e9tsz\u00e1m\u00e1nak felt\u00f6lt\u00e9s\u00e9hez \u00e9s megtart\u00e1s\u00e1hoz sz\u00fcks\u00e9ges HR- [&hellip;]<\/p>\n","protected":false},"author":1,"featured_media":2490,"comment_status":"open","ping_status":"open","sticky":false,"template":"","format":"standard","meta":{"_monsterinsights_skip_tracking":false,"footnotes":""},"categories":[1,200],"tags":[],"class_list":["post-3221","post","type-post","status-publish","format-standard","has-post-thumbnail","hentry","category-allaskereses","category-munkaeropiac"],"aioseo_notices":[],"aioseo_head":"\n\t\t<!-- All in One SEO 5.0.0.1 - aioseo.com -->\n\t<meta name=\"description\" content=\"A k\u00f6lcs\u00f6nz\u00f6tt munkav\u00e1llal\u00f3k ar\u00e1ny haz\u00e1nkban el\u00e9ri az \u00f6sszfoglalkoztatottak 4,2-4,4 sz\u00e1zal\u00e9k\u00e1t \u2013 k\u00f6z\u00f6lt\u00e9k a Vil\u00e1ggazdas\u00e1ggal munkaer\u0151piaci szak\u00e9rt\u0151k. Egyre t\u00f6bb hazai c\u00e9g kedveli meg e foglalkoztat\u00e1si form\u00e1t. Juh\u00e1sz Csongor, a HR-szolg\u00e1ltat\u00e1sokat k\u00edn\u00e1l\u00f3 Prohuman \u00fcgyvezet\u0151je szerint a munkaer\u0151-k\u00f6lcs\u00f6nz\u00e9s els\u0151sorban a t\u00f6bb sz\u00e1z f\u0151s c\u00e9gek k\u00f6r\u00e9ben n\u00e9pszer\u0171, amelyeknek \u00e9vr\u0151l \u00e9vre magasabbak a dolgoz\u00f3k l\u00e9tsz\u00e1m\u00e1nak felt\u00f6lt\u00e9s\u00e9hez \u00e9s megtart\u00e1s\u00e1hoz sz\u00fcks\u00e9ges HR-\" \/>\n\t<meta name=\"robots\" content=\"max-image-preview:large\" \/>\n\t<meta name=\"author\" content=\"Juh\u00e1sz P\u00e9ter\"\/>\n\t<link rel=\"canonical\" href=\"https:\/\/allasorias.hu\/hirek\/a-munkaero-kolcsonzes-a-megoldas\/\" \/>\n\t<meta name=\"generator\" content=\"All in One SEO (AIOSEO) 5.0.0.1\" \/>\n\t\t<meta property=\"og:locale\" content=\"hu_HU\" \/>\n\t\t<meta property=\"og:site_name\" content=\"AllasOrias.hu | H\u00edrek-lapszemle | \u00dczleti h\u00edrek az \u00e1ll\u00e1s \u00e9s a munka vil\u00e1g\u00e1b\u00f3l\" \/>\n\t\t<meta property=\"og:type\" content=\"article\" \/>\n\t\t<meta property=\"og:title\" content=\"A munkaer\u0151-k\u00f6lcs\u00f6nz\u00e9s a megold\u00e1s? | AllasOrias.hu | H\u00edrek-lapszemle\" \/>\n\t\t<meta property=\"og:description\" content=\"A k\u00f6lcs\u00f6nz\u00f6tt munkav\u00e1llal\u00f3k ar\u00e1ny haz\u00e1nkban el\u00e9ri az \u00f6sszfoglalkoztatottak 4,2-4,4 sz\u00e1zal\u00e9k\u00e1t \u2013 k\u00f6z\u00f6lt\u00e9k a Vil\u00e1ggazdas\u00e1ggal munkaer\u0151piaci szak\u00e9rt\u0151k. Egyre t\u00f6bb hazai c\u00e9g kedveli meg e foglalkoztat\u00e1si form\u00e1t. Juh\u00e1sz Csongor, a HR-szolg\u00e1ltat\u00e1sokat k\u00edn\u00e1l\u00f3 Prohuman \u00fcgyvezet\u0151je szerint a munkaer\u0151-k\u00f6lcs\u00f6nz\u00e9s els\u0151sorban a t\u00f6bb sz\u00e1z f\u0151s c\u00e9gek k\u00f6r\u00e9ben n\u00e9pszer\u0171, amelyeknek \u00e9vr\u0151l \u00e9vre magasabbak a dolgoz\u00f3k l\u00e9tsz\u00e1m\u00e1nak felt\u00f6lt\u00e9s\u00e9hez \u00e9s megtart\u00e1s\u00e1hoz sz\u00fcks\u00e9ges HR-\" \/>\n\t\t<meta property=\"og:url\" content=\"https:\/\/allasorias.hu\/hirek\/a-munkaero-kolcsonzes-a-megoldas\/\" \/>\n\t\t<meta property=\"og:image\" content=\"https:\/\/allasorias.hu\/hirek\/wp-content\/uploads\/2019\/01\/pexels-photo-1020313.jpeg\" \/>\n\t\t<meta property=\"og:image:secure_url\" content=\"https:\/\/allasorias.hu\/hirek\/wp-content\/uploads\/2019\/01\/pexels-photo-1020313.jpeg\" \/>\n\t\t<meta property=\"og:image:width\" content=\"640\" \/>\n\t\t<meta property=\"og:image:height\" content=\"426\" \/>\n\t\t<meta property=\"article:published_time\" content=\"2019-08-23T09:56:21+00:00\" \/>\n\t\t<meta property=\"article:modified_time\" content=\"2019-08-23T09:56:21+00:00\" \/>\n\t\t<meta property=\"article:publisher\" content=\"https:\/\/www.facebook.com\/allasorias\" \/>\n\t\t<meta name=\"twitter:card\" content=\"summary_large_image\" \/>\n\t\t<meta name=\"twitter:title\" content=\"A munkaer\u0151-k\u00f6lcs\u00f6nz\u00e9s a megold\u00e1s? | AllasOrias.hu | H\u00edrek-lapszemle\" \/>\n\t\t<meta name=\"twitter:description\" content=\"A k\u00f6lcs\u00f6nz\u00f6tt munkav\u00e1llal\u00f3k ar\u00e1ny haz\u00e1nkban el\u00e9ri az \u00f6sszfoglalkoztatottak 4,2-4,4 sz\u00e1zal\u00e9k\u00e1t \u2013 k\u00f6z\u00f6lt\u00e9k a Vil\u00e1ggazdas\u00e1ggal munkaer\u0151piaci szak\u00e9rt\u0151k. Egyre t\u00f6bb hazai c\u00e9g kedveli meg e foglalkoztat\u00e1si form\u00e1t. Juh\u00e1sz Csongor, a HR-szolg\u00e1ltat\u00e1sokat k\u00edn\u00e1l\u00f3 Prohuman \u00fcgyvezet\u0151je szerint a munkaer\u0151-k\u00f6lcs\u00f6nz\u00e9s els\u0151sorban a t\u00f6bb sz\u00e1z f\u0151s c\u00e9gek k\u00f6r\u00e9ben n\u00e9pszer\u0171, amelyeknek \u00e9vr\u0151l \u00e9vre magasabbak a dolgoz\u00f3k l\u00e9tsz\u00e1m\u00e1nak felt\u00f6lt\u00e9s\u00e9hez \u00e9s megtart\u00e1s\u00e1hoz sz\u00fcks\u00e9ges HR-\" \/>\n\t\t<meta name=\"twitter:image\" content=\"https:\/\/allasorias.hu\/hirek\/wp-content\/uploads\/2019\/01\/pexels-photo-1020313.jpeg\" \/>\n\t\t<meta name=\"twitter:label1\" content=\"Written by\" \/>\n\t\t<meta name=\"twitter:data1\" content=\"Juh\u00e1sz P\u00e9ter\" \/>\n\t\t<meta name=\"twitter:label2\" content=\"Est. reading time\" \/>\n\t\t<meta name=\"twitter:data2\" content=\"2 minutes\" \/>\n\t\t<script type=\"application\/ld+json\" class=\"aioseo-schema\">\n\t\t\t{\"@context\":\"https:\\\/\\\/schema.org\",\"@graph\":[{\"@type\":\"Article\",\"@id\":\"https:\\\/\\\/allasorias.hu\\\/hirek\\\/a-munkaero-kolcsonzes-a-megoldas\\\/#article\",\"name\":\"A munkaer\\u0151-k\\u00f6lcs\\u00f6nz\\u00e9s a megold\\u00e1s? | AllasOrias.hu | H\\u00edrek-lapszemle\",\"headline\":\"A munkaer\\u0151-k\\u00f6lcs\\u00f6nz\\u00e9s a megold\\u00e1s?\",\"author\":{\"@id\":\"https:\\\/\\\/allasorias.hu\\\/hirek\\\/author\\\/admin-allasorias\\\/#author\"},\"publisher\":{\"@id\":\"https:\\\/\\\/allasorias.hu\\\/hirek\\\/#organization\"},\"image\":{\"@type\":\"ImageObject\",\"url\":\"https:\\\/\\\/allasorias.hu\\\/hirek\\\/wp-content\\\/uploads\\\/2019\\\/01\\\/pexels-photo-1020313.jpeg\",\"width\":640,\"height\":426},\"datePublished\":\"2019-08-23T09:56:21+02:00\",\"dateModified\":\"2019-08-23T09:56:21+02:00\",\"inLanguage\":\"hu-HU\",\"mainEntityOfPage\":{\"@id\":\"https:\\\/\\\/allasorias.hu\\\/hirek\\\/a-munkaero-kolcsonzes-a-megoldas\\\/#webpage\"},\"isPartOf\":{\"@id\":\"https:\\\/\\\/allasorias.hu\\\/hirek\\\/a-munkaero-kolcsonzes-a-megoldas\\\/#webpage\"},\"articleSection\":\"\\u00c1ll\\u00e1skeres\\u00e9s, Munkaer\\u0151piac\"},{\"@type\":\"BreadcrumbList\",\"@id\":\"https:\\\/\\\/allasorias.hu\\\/hirek\\\/a-munkaero-kolcsonzes-a-megoldas\\\/#breadcrumblist\",\"itemListElement\":[{\"@type\":\"ListItem\",\"@id\":\"https:\\\/\\\/allasorias.hu\\\/hirek#listItem\",\"position\":1,\"name\":\"Home\",\"item\":\"https:\\\/\\\/allasorias.hu\\\/hirek\",\"nextItem\":{\"@type\":\"ListItem\",\"@id\":\"https:\\\/\\\/allasorias.hu\\\/hirek\\\/temak\\\/allaskereses\\\/#listItem\",\"name\":\"\\u00c1ll\\u00e1skeres\\u00e9s\"}},{\"@type\":\"ListItem\",\"@id\":\"https:\\\/\\\/allasorias.hu\\\/hirek\\\/temak\\\/allaskereses\\\/#listItem\",\"position\":2,\"name\":\"\\u00c1ll\\u00e1skeres\\u00e9s\",\"item\":\"https:\\\/\\\/allasorias.hu\\\/hirek\\\/temak\\\/allaskereses\\\/\",\"nextItem\":{\"@type\":\"ListItem\",\"@id\":\"https:\\\/\\\/allasorias.hu\\\/hirek\\\/a-munkaero-kolcsonzes-a-megoldas\\\/#listItem\",\"name\":\"A munkaer\\u0151-k\\u00f6lcs\\u00f6nz\\u00e9s a megold\\u00e1s?\"},\"previousItem\":{\"@type\":\"ListItem\",\"@id\":\"https:\\\/\\\/allasorias.hu\\\/hirek#listItem\",\"name\":\"Home\"}},{\"@type\":\"ListItem\",\"@id\":\"https:\\\/\\\/allasorias.hu\\\/hirek\\\/a-munkaero-kolcsonzes-a-megoldas\\\/#listItem\",\"position\":3,\"name\":\"A munkaer\\u0151-k\\u00f6lcs\\u00f6nz\\u00e9s a megold\\u00e1s?\",\"previousItem\":{\"@type\":\"ListItem\",\"@id\":\"https:\\\/\\\/allasorias.hu\\\/hirek\\\/temak\\\/allaskereses\\\/#listItem\",\"name\":\"\\u00c1ll\\u00e1skeres\\u00e9s\"}}]},{\"@type\":\"Organization\",\"@id\":\"https:\\\/\\\/allasorias.hu\\\/hirek\\\/#organization\",\"name\":\"AllasOrias.hu | H\\u00edrek-lapszemle\",\"description\":\"\\u00dczleti h\\u00edrek az \\u00e1ll\\u00e1s \\u00e9s a munka vil\\u00e1g\\u00e1b\\u00f3l\",\"url\":\"https:\\\/\\\/allasorias.hu\\\/hirek\\\/\",\"logo\":{\"@type\":\"ImageObject\",\"url\":\"https:\\\/\\\/allasorias.hu\\\/hirek\\\/wp-content\\\/uploads\\\/2022\\\/10\\\/allasorias_site_facebok_logo.png\",\"@id\":\"https:\\\/\\\/allasorias.hu\\\/hirek\\\/a-munkaero-kolcsonzes-a-megoldas\\\/#organizationLogo\"},\"image\":{\"@id\":\"https:\\\/\\\/allasorias.hu\\\/hirek\\\/a-munkaero-kolcsonzes-a-megoldas\\\/#organizationLogo\"},\"sameAs\":[\"https:\\\/\\\/www.facebook.com\\\/allasorias\",\"https:\\\/\\\/www.linkedin.com\\\/company\\\/allasorias\"]},{\"@type\":\"Person\",\"@id\":\"https:\\\/\\\/allasorias.hu\\\/hirek\\\/author\\\/admin-allasorias\\\/#author\",\"url\":\"https:\\\/\\\/allasorias.hu\\\/hirek\\\/author\\\/admin-allasorias\\\/\",\"name\":\"Juh\\u00e1sz P\\u00e9ter\",\"image\":{\"@type\":\"ImageObject\",\"@id\":\"https:\\\/\\\/allasorias.hu\\\/hirek\\\/a-munkaero-kolcsonzes-a-megoldas\\\/#authorImage\",\"url\":\"https:\\\/\\\/secure.gravatar.com\\\/avatar\\\/36e6bcb83148978b992977cb0f54d22feb0cce8a0a849a9410532bb2623ba4c6?s=96&d=mm&r=g\",\"width\":96,\"height\":96,\"caption\":\"Juh\\u00e1sz P\\u00e9ter\"}},{\"@type\":\"WebPage\",\"@id\":\"https:\\\/\\\/allasorias.hu\\\/hirek\\\/a-munkaero-kolcsonzes-a-megoldas\\\/#webpage\",\"url\":\"https:\\\/\\\/allasorias.hu\\\/hirek\\\/a-munkaero-kolcsonzes-a-megoldas\\\/\",\"name\":\"A munkaer\\u0151-k\\u00f6lcs\\u00f6nz\\u00e9s a megold\\u00e1s? | AllasOrias.hu | H\\u00edrek-lapszemle\",\"description\":\"A k\\u00f6lcs\\u00f6nz\\u00f6tt munkav\\u00e1llal\\u00f3k ar\\u00e1ny haz\\u00e1nkban el\\u00e9ri az \\u00f6sszfoglalkoztatottak 4,2-4,4 sz\\u00e1zal\\u00e9k\\u00e1t \\u2013 k\\u00f6z\\u00f6lt\\u00e9k a Vil\\u00e1ggazdas\\u00e1ggal munkaer\\u0151piaci szak\\u00e9rt\\u0151k. Egyre t\\u00f6bb hazai c\\u00e9g kedveli meg e foglalkoztat\\u00e1si form\\u00e1t. Juh\\u00e1sz Csongor, a HR-szolg\\u00e1ltat\\u00e1sokat k\\u00edn\\u00e1l\\u00f3 Prohuman \\u00fcgyvezet\\u0151je szerint a munkaer\\u0151-k\\u00f6lcs\\u00f6nz\\u00e9s els\\u0151sorban a t\\u00f6bb sz\\u00e1z f\\u0151s c\\u00e9gek k\\u00f6r\\u00e9ben n\\u00e9pszer\\u0171, amelyeknek \\u00e9vr\\u0151l \\u00e9vre magasabbak a dolgoz\\u00f3k l\\u00e9tsz\\u00e1m\\u00e1nak felt\\u00f6lt\\u00e9s\\u00e9hez \\u00e9s megtart\\u00e1s\\u00e1hoz sz\\u00fcks\\u00e9ges HR-\",\"inLanguage\":\"hu-HU\",\"isPartOf\":{\"@id\":\"https:\\\/\\\/allasorias.hu\\\/hirek\\\/#website\"},\"breadcrumb\":{\"@id\":\"https:\\\/\\\/allasorias.hu\\\/hirek\\\/a-munkaero-kolcsonzes-a-megoldas\\\/#breadcrumblist\"},\"author\":{\"@id\":\"https:\\\/\\\/allasorias.hu\\\/hirek\\\/author\\\/admin-allasorias\\\/#author\"},\"creator\":{\"@id\":\"https:\\\/\\\/allasorias.hu\\\/hirek\\\/author\\\/admin-allasorias\\\/#author\"},\"image\":{\"@type\":\"ImageObject\",\"url\":\"https:\\\/\\\/allasorias.hu\\\/hirek\\\/wp-content\\\/uploads\\\/2019\\\/01\\\/pexels-photo-1020313.jpeg\",\"@id\":\"https:\\\/\\\/allasorias.hu\\\/hirek\\\/a-munkaero-kolcsonzes-a-megoldas\\\/#mainImage\",\"width\":640,\"height\":426},\"primaryImageOfPage\":{\"@id\":\"https:\\\/\\\/allasorias.hu\\\/hirek\\\/a-munkaero-kolcsonzes-a-megoldas\\\/#mainImage\"},\"datePublished\":\"2019-08-23T09:56:21+02:00\",\"dateModified\":\"2019-08-23T09:56:21+02:00\"},{\"@type\":\"WebSite\",\"@id\":\"https:\\\/\\\/allasorias.hu\\\/hirek\\\/#website\",\"url\":\"https:\\\/\\\/allasorias.hu\\\/hirek\\\/\",\"name\":\"AllasOrias.hu | H\\u00edrek-lapszemle\",\"description\":\"\\u00dczleti h\\u00edrek az \\u00e1ll\\u00e1s \\u00e9s a munka vil\\u00e1g\\u00e1b\\u00f3l\",\"inLanguage\":\"hu-HU\",\"publisher\":{\"@id\":\"https:\\\/\\\/allasorias.hu\\\/hirek\\\/#organization\"}}]}\n\t\t<\/script>\n\t\t<!-- All in One SEO -->\n\n","aioseo_head_json":{"title":"A munkaer\u0151-k\u00f6lcs\u00f6nz\u00e9s a megold\u00e1s? | AllasOrias.hu | H\u00edrek-lapszemle","description":"A k\u00f6lcs\u00f6nz\u00f6tt munkav\u00e1llal\u00f3k ar\u00e1ny haz\u00e1nkban el\u00e9ri az \u00f6sszfoglalkoztatottak 4,2-4,4 sz\u00e1zal\u00e9k\u00e1t \u2013 k\u00f6z\u00f6lt\u00e9k a Vil\u00e1ggazdas\u00e1ggal munkaer\u0151piaci szak\u00e9rt\u0151k. Egyre t\u00f6bb hazai c\u00e9g kedveli meg e foglalkoztat\u00e1si form\u00e1t. Juh\u00e1sz Csongor, a HR-szolg\u00e1ltat\u00e1sokat k\u00edn\u00e1l\u00f3 Prohuman \u00fcgyvezet\u0151je szerint a munkaer\u0151-k\u00f6lcs\u00f6nz\u00e9s els\u0151sorban a t\u00f6bb sz\u00e1z f\u0151s c\u00e9gek k\u00f6r\u00e9ben n\u00e9pszer\u0171, amelyeknek \u00e9vr\u0151l \u00e9vre magasabbak a dolgoz\u00f3k l\u00e9tsz\u00e1m\u00e1nak felt\u00f6lt\u00e9s\u00e9hez \u00e9s megtart\u00e1s\u00e1hoz sz\u00fcks\u00e9ges HR-","canonical_url":"https:\/\/allasorias.hu\/hirek\/a-munkaero-kolcsonzes-a-megoldas\/","robots":"max-image-preview:large","keywords":"","webmasterTools":{"miscellaneous":""},"schema":{"@context":"https:\/\/schema.org","@graph":[{"@type":"Article","@id":"https:\/\/allasorias.hu\/hirek\/a-munkaero-kolcsonzes-a-megoldas\/#article","name":"A munkaer\u0151-k\u00f6lcs\u00f6nz\u00e9s a megold\u00e1s? | AllasOrias.hu | H\u00edrek-lapszemle","headline":"A munkaer\u0151-k\u00f6lcs\u00f6nz\u00e9s a megold\u00e1s?","author":{"@id":"https:\/\/allasorias.hu\/hirek\/author\/admin-allasorias\/#author"},"publisher":{"@id":"https:\/\/allasorias.hu\/hirek\/#organization"},"image":{"@type":"ImageObject","url":"https:\/\/allasorias.hu\/hirek\/wp-content\/uploads\/2019\/01\/pexels-photo-1020313.jpeg","width":640,"height":426},"datePublished":"2019-08-23T09:56:21+02:00","dateModified":"2019-08-23T09:56:21+02:00","inLanguage":"hu-HU","mainEntityOfPage":{"@id":"https:\/\/allasorias.hu\/hirek\/a-munkaero-kolcsonzes-a-megoldas\/#webpage"},"isPartOf":{"@id":"https:\/\/allasorias.hu\/hirek\/a-munkaero-kolcsonzes-a-megoldas\/#webpage"},"articleSection":"\u00c1ll\u00e1skeres\u00e9s, Munkaer\u0151piac"},{"@type":"BreadcrumbList","@id":"https:\/\/allasorias.hu\/hirek\/a-munkaero-kolcsonzes-a-megoldas\/#breadcrumblist","itemListElement":[{"@type":"ListItem","@id":"https:\/\/allasorias.hu\/hirek#listItem","position":1,"name":"Home","item":"https:\/\/allasorias.hu\/hirek","nextItem":{"@type":"ListItem","@id":"https:\/\/allasorias.hu\/hirek\/temak\/allaskereses\/#listItem","name":"\u00c1ll\u00e1skeres\u00e9s"}},{"@type":"ListItem","@id":"https:\/\/allasorias.hu\/hirek\/temak\/allaskereses\/#listItem","position":2,"name":"\u00c1ll\u00e1skeres\u00e9s","item":"https:\/\/allasorias.hu\/hirek\/temak\/allaskereses\/","nextItem":{"@type":"ListItem","@id":"https:\/\/allasorias.hu\/hirek\/a-munkaero-kolcsonzes-a-megoldas\/#listItem","name":"A munkaer\u0151-k\u00f6lcs\u00f6nz\u00e9s a megold\u00e1s?"},"previousItem":{"@type":"ListItem","@id":"https:\/\/allasorias.hu\/hirek#listItem","name":"Home"}},{"@type":"ListItem","@id":"https:\/\/allasorias.hu\/hirek\/a-munkaero-kolcsonzes-a-megoldas\/#listItem","position":3,"name":"A munkaer\u0151-k\u00f6lcs\u00f6nz\u00e9s a megold\u00e1s?","previousItem":{"@type":"ListItem","@id":"https:\/\/allasorias.hu\/hirek\/temak\/allaskereses\/#listItem","name":"\u00c1ll\u00e1skeres\u00e9s"}}]},{"@type":"Organization","@id":"https:\/\/allasorias.hu\/hirek\/#organization","name":"AllasOrias.hu | H\u00edrek-lapszemle","description":"\u00dczleti h\u00edrek az \u00e1ll\u00e1s \u00e9s a munka vil\u00e1g\u00e1b\u00f3l","url":"https:\/\/allasorias.hu\/hirek\/","logo":{"@type":"ImageObject","url":"https:\/\/allasorias.hu\/hirek\/wp-content\/uploads\/2022\/10\/allasorias_site_facebok_logo.png","@id":"https:\/\/allasorias.hu\/hirek\/a-munkaero-kolcsonzes-a-megoldas\/#organizationLogo"},"image":{"@id":"https:\/\/allasorias.hu\/hirek\/a-munkaero-kolcsonzes-a-megoldas\/#organizationLogo"},"sameAs":["https:\/\/www.facebook.com\/allasorias","https:\/\/www.linkedin.com\/company\/allasorias"]},{"@type":"Person","@id":"https:\/\/allasorias.hu\/hirek\/author\/admin-allasorias\/#author","url":"https:\/\/allasorias.hu\/hirek\/author\/admin-allasorias\/","name":"Juh\u00e1sz P\u00e9ter","image":{"@type":"ImageObject","@id":"https:\/\/allasorias.hu\/hirek\/a-munkaero-kolcsonzes-a-megoldas\/#authorImage","url":"https:\/\/secure.gravatar.com\/avatar\/36e6bcb83148978b992977cb0f54d22feb0cce8a0a849a9410532bb2623ba4c6?s=96&d=mm&r=g","width":96,"height":96,"caption":"Juh\u00e1sz P\u00e9ter"}},{"@type":"WebPage","@id":"https:\/\/allasorias.hu\/hirek\/a-munkaero-kolcsonzes-a-megoldas\/#webpage","url":"https:\/\/allasorias.hu\/hirek\/a-munkaero-kolcsonzes-a-megoldas\/","name":"A munkaer\u0151-k\u00f6lcs\u00f6nz\u00e9s a megold\u00e1s? | AllasOrias.hu | H\u00edrek-lapszemle","description":"A k\u00f6lcs\u00f6nz\u00f6tt munkav\u00e1llal\u00f3k ar\u00e1ny haz\u00e1nkban el\u00e9ri az \u00f6sszfoglalkoztatottak 4,2-4,4 sz\u00e1zal\u00e9k\u00e1t \u2013 k\u00f6z\u00f6lt\u00e9k a Vil\u00e1ggazdas\u00e1ggal munkaer\u0151piaci szak\u00e9rt\u0151k. Egyre t\u00f6bb hazai c\u00e9g kedveli meg e foglalkoztat\u00e1si form\u00e1t. Juh\u00e1sz Csongor, a HR-szolg\u00e1ltat\u00e1sokat k\u00edn\u00e1l\u00f3 Prohuman \u00fcgyvezet\u0151je szerint a munkaer\u0151-k\u00f6lcs\u00f6nz\u00e9s els\u0151sorban a t\u00f6bb sz\u00e1z f\u0151s c\u00e9gek k\u00f6r\u00e9ben n\u00e9pszer\u0171, amelyeknek \u00e9vr\u0151l \u00e9vre magasabbak a dolgoz\u00f3k l\u00e9tsz\u00e1m\u00e1nak felt\u00f6lt\u00e9s\u00e9hez \u00e9s megtart\u00e1s\u00e1hoz sz\u00fcks\u00e9ges HR-","inLanguage":"hu-HU","isPartOf":{"@id":"https:\/\/allasorias.hu\/hirek\/#website"},"breadcrumb":{"@id":"https:\/\/allasorias.hu\/hirek\/a-munkaero-kolcsonzes-a-megoldas\/#breadcrumblist"},"author":{"@id":"https:\/\/allasorias.hu\/hirek\/author\/admin-allasorias\/#author"},"creator":{"@id":"https:\/\/allasorias.hu\/hirek\/author\/admin-allasorias\/#author"},"image":{"@type":"ImageObject","url":"https:\/\/allasorias.hu\/hirek\/wp-content\/uploads\/2019\/01\/pexels-photo-1020313.jpeg","@id":"https:\/\/allasorias.hu\/hirek\/a-munkaero-kolcsonzes-a-megoldas\/#mainImage","width":640,"height":426},"primaryImageOfPage":{"@id":"https:\/\/allasorias.hu\/hirek\/a-munkaero-kolcsonzes-a-megoldas\/#mainImage"},"datePublished":"2019-08-23T09:56:21+02:00","dateModified":"2019-08-23T09:56:21+02:00"},{"@type":"WebSite","@id":"https:\/\/allasorias.hu\/hirek\/#website","url":"https:\/\/allasorias.hu\/hirek\/","name":"AllasOrias.hu | H\u00edrek-lapszemle","description":"\u00dczleti h\u00edrek az \u00e1ll\u00e1s \u00e9s a munka vil\u00e1g\u00e1b\u00f3l","inLanguage":"hu-HU","publisher":{"@id":"https:\/\/allasorias.hu\/hirek\/#organization"}}]},"og:locale":"hu_HU","og:site_name":"AllasOrias.hu | H\u00edrek-lapszemle | \u00dczleti h\u00edrek az \u00e1ll\u00e1s \u00e9s a munka vil\u00e1g\u00e1b\u00f3l","og:type":"article","og:title":"A munkaer\u0151-k\u00f6lcs\u00f6nz\u00e9s a megold\u00e1s? | AllasOrias.hu | H\u00edrek-lapszemle","og:description":"A k\u00f6lcs\u00f6nz\u00f6tt munkav\u00e1llal\u00f3k ar\u00e1ny haz\u00e1nkban el\u00e9ri az \u00f6sszfoglalkoztatottak 4,2-4,4 sz\u00e1zal\u00e9k\u00e1t \u2013 k\u00f6z\u00f6lt\u00e9k a Vil\u00e1ggazdas\u00e1ggal munkaer\u0151piaci szak\u00e9rt\u0151k. Egyre t\u00f6bb hazai c\u00e9g kedveli meg e foglalkoztat\u00e1si form\u00e1t. Juh\u00e1sz Csongor, a HR-szolg\u00e1ltat\u00e1sokat k\u00edn\u00e1l\u00f3 Prohuman \u00fcgyvezet\u0151je szerint a munkaer\u0151-k\u00f6lcs\u00f6nz\u00e9s els\u0151sorban a t\u00f6bb sz\u00e1z f\u0151s c\u00e9gek k\u00f6r\u00e9ben n\u00e9pszer\u0171, amelyeknek \u00e9vr\u0151l \u00e9vre magasabbak a dolgoz\u00f3k l\u00e9tsz\u00e1m\u00e1nak felt\u00f6lt\u00e9s\u00e9hez \u00e9s megtart\u00e1s\u00e1hoz sz\u00fcks\u00e9ges HR-","og:url":"https:\/\/allasorias.hu\/hirek\/a-munkaero-kolcsonzes-a-megoldas\/","og:image":"https:\/\/allasorias.hu\/hirek\/wp-content\/uploads\/2019\/01\/pexels-photo-1020313.jpeg","og:image:secure_url":"https:\/\/allasorias.hu\/hirek\/wp-content\/uploads\/2019\/01\/pexels-photo-1020313.jpeg","og:image:width":640,"og:image:height":426,"article:published_time":"2019-08-23T09:56:21+00:00","article:modified_time":"2019-08-23T09:56:21+00:00","article:publisher":"https:\/\/www.facebook.com\/allasorias","twitter:card":"summary_large_image","twitter:title":"A munkaer\u0151-k\u00f6lcs\u00f6nz\u00e9s a megold\u00e1s? | AllasOrias.hu | H\u00edrek-lapszemle","twitter:description":"A k\u00f6lcs\u00f6nz\u00f6tt munkav\u00e1llal\u00f3k ar\u00e1ny haz\u00e1nkban el\u00e9ri az \u00f6sszfoglalkoztatottak 4,2-4,4 sz\u00e1zal\u00e9k\u00e1t \u2013 k\u00f6z\u00f6lt\u00e9k a Vil\u00e1ggazdas\u00e1ggal munkaer\u0151piaci szak\u00e9rt\u0151k. Egyre t\u00f6bb hazai c\u00e9g kedveli meg e foglalkoztat\u00e1si form\u00e1t. Juh\u00e1sz Csongor, a HR-szolg\u00e1ltat\u00e1sokat k\u00edn\u00e1l\u00f3 Prohuman \u00fcgyvezet\u0151je szerint a munkaer\u0151-k\u00f6lcs\u00f6nz\u00e9s els\u0151sorban a t\u00f6bb sz\u00e1z f\u0151s c\u00e9gek k\u00f6r\u00e9ben n\u00e9pszer\u0171, amelyeknek \u00e9vr\u0151l \u00e9vre magasabbak a dolgoz\u00f3k l\u00e9tsz\u00e1m\u00e1nak felt\u00f6lt\u00e9s\u00e9hez \u00e9s megtart\u00e1s\u00e1hoz sz\u00fcks\u00e9ges HR-","twitter:image":"https:\/\/allasorias.hu\/hirek\/wp-content\/uploads\/2019\/01\/pexels-photo-1020313.jpeg","twitter:label1":"Written by","twitter:data1":"Juh\u00e1sz P\u00e9ter","twitter:label2":"Est. reading time","twitter:data2":"2 minutes"},"aioseo_meta_data":{"post_id":"3221","title":null,"description":null,"keywords":null,"keyphrases":null,"primary_term":null,"canonical_url":null,"og_title":null,"og_description":null,"og_object_type":"default","og_image_type":"default","og_image_url":null,"og_image_width":null,"og_image_height":null,"og_image_custom_url":null,"og_image_custom_fields":null,"og_video":null,"og_custom_url":null,"og_article_section":null,"og_article_tags":null,"twitter_use_og":false,"twitter_card":"default","twitter_image_type":"default","twitter_image_url":null,"twitter_image_custom_url":null,"twitter_image_custom_fields":null,"twitter_title":null,"twitter_description":null,"schema":{"blockGraphs":[],"customGraphs":[],"default":{"data":{"Article":[],"Course":[],"Dataset":[],"FAQPage":[],"Movie":[],"Person":[],"Product":[],"ProductReview":[],"Car":[],"Recipe":[],"Service":[],"SoftwareApplication":[],"WebPage":[]},"graphName":"","isEnabled":true},"graphs":[],"defaultGraph":"","defaultPostTypeGraph":""},"schema_type":null,"schema_type_options":null,"pillar_content":false,"robots_default":true,"robots_noindex":false,"robots_noarchive":false,"robots_nosnippet":false,"robots_nofollow":false,"robots_noimageindex":false,"robots_noodp":false,"robots_notranslate":false,"robots_max_snippet":null,"robots_max_videopreview":null,"robots_max_imagepreview":"large","priority":null,"frequency":null,"location":null,"local_seo":null,"breadcrumb_settings":null,"limit_modified_date":false,"ai":null,"created":"2021-02-01 21:57:19","updated":"2025-10-02 11:42:55","seo_analyzer_scan_date":null,"focus_keyword":null,"additional_keywords":null,"truseo_locale":null},"aioseo_breadcrumb":"<div class=\"aioseo-breadcrumbs\"><span class=\"aioseo-breadcrumb\">\n\t\t\t<a href=\"https:\/\/allasorias.hu\/hirek\" title=\"Home\">Home<\/a>\n\t\t<\/span><span class=\"aioseo-breadcrumb-separator\">&raquo;<\/span><span class=\"aioseo-breadcrumb\">\n\t\t\t<a href=\"https:\/\/allasorias.hu\/hirek\/temak\/allaskereses\/\" title=\"\u00c1ll\u00e1skeres\u00e9s\">\u00c1ll\u00e1skeres\u00e9s<\/a>\n\t\t<\/span><span class=\"aioseo-breadcrumb-separator\">&raquo;<\/span><span class=\"aioseo-breadcrumb\">\n\t\t\tA munkaer\u0151-k\u00f6lcs\u00f6nz\u00e9s a megold\u00e1s?\n\t\t<\/span><\/div>","aioseo_breadcrumb_json":[{"label":"Home","link":"https:\/\/allasorias.hu\/hirek"},{"label":"\u00c1ll\u00e1skeres\u00e9s","link":"https:\/\/allasorias.hu\/hirek\/temak\/allaskereses\/"},{"label":"A munkaer\u0151-k\u00f6lcs\u00f6nz\u00e9s a megold\u00e1s?","link":"https:\/\/allasorias.hu\/hirek\/a-munkaero-kolcsonzes-a-megoldas\/"}],"_links":{"self":[{"href":"https:\/\/allasorias.hu\/hirek\/wp-json\/wp\/v2\/posts\/3221","targetHints":{"allow":["GET"]}}],"collection":[{"href":"https:\/\/allasorias.hu\/hirek\/wp-json\/wp\/v2\/posts"}],"about":[{"href":"https:\/\/allasorias.hu\/hirek\/wp-json\/wp\/v2\/types\/post"}],"author":[{"embeddable":true,"href":"https:\/\/allasorias.hu\/hirek\/wp-json\/wp\/v2\/users\/1"}],"replies":[{"embeddable":true,"href":"https:\/\/allasorias.hu\/hirek\/wp-json\/wp\/v2\/comments?post=3221"}],"version-history":[{"count":1,"href":"https:\/\/allasorias.hu\/hirek\/wp-json\/wp\/v2\/posts\/3221\/revisions"}],"predecessor-version":[{"id":3222,"href":"https:\/\/allasorias.hu\/hirek\/wp-json\/wp\/v2\/posts\/3221\/revisions\/3222"}],"wp:featuredmedia":[{"embeddable":true,"href":"https:\/\/allasorias.hu\/hirek\/wp-json\/wp\/v2\/media\/2490"}],"wp:attachment":[{"href":"https:\/\/allasorias.hu\/hirek\/wp-json\/wp\/v2\/media?parent=3221"}],"wp:term":[{"taxonomy":"category","embeddable":true,"href":"https:\/\/allasorias.hu\/hirek\/wp-json\/wp\/v2\/categories?post=3221"},{"taxonomy":"post_tag","embeddable":true,"href":"https:\/\/allasorias.hu\/hirek\/wp-json\/wp\/v2\/tags?post=3221"}],"curies":[{"name":"wp","href":"https:\/\/api.w.org\/{rel}","templated":true}]}}