{"id":3216,"date":"2019-08-22T07:35:56","date_gmt":"2019-08-22T07:35:56","guid":{"rendered":"https:\/\/allasorias.hu\/hirek\/?p=3216"},"modified":"2019-08-22T07:35:56","modified_gmt":"2019-08-22T07:35:56","slug":"nagymertekben-emelik-a-minimalbert-a-szomszedban","status":"publish","type":"post","link":"https:\/\/allasorias.hu\/hirek\/nagymertekben-emelik-a-minimalbert-a-szomszedban\/","title":{"rendered":"Nagym\u00e9rt\u00e9kben emelik a minim\u00e1lb\u00e9rt a szomsz\u00e9dban"},"content":{"rendered":"<p><strong>Szlov\u00e1ki\u00e1ban a h\u00edrek szerint nagyot emelkedik a minim\u00e1lb\u00e9r. A Smer-SD a parlament el\u00e9 terjeszti a minim\u00e1lb\u00e9r automatikus emel\u00e9s\u00e9r\u0151l sz\u00f3l\u00f3 t\u00f6rv\u00e9nyjavaslatot, \u00e9letbe l\u00e9p\u00e9se ut\u00e1n a minim\u00e1lb\u00e9r a mindenkori \u00e1tlagb\u00e9r 60 sz\u00e1zal\u00e9ka lenne. <\/strong><\/p>\n<p>A t\u00f6rv\u00e9ny janu\u00e1rban l\u00e9pne \u00e9letbe, \u00e9s el\u0151sz\u00f6r 2021-ben sz\u00e1m\u00edtan\u00e1k ki az \u00faj szab\u00e1ly szerint a minim\u00e1lb\u00e9r \u00f6sszeg\u00e9t \u2013 \u00edrja a Parameter.sk. Robert Fico, a Smer-SD eln\u00f6ke kijelentette, ha a t\u00f6rv\u00e9ny \u00e9letbe l\u00e9p, Szlov\u00e1kia az els\u0151 helyre ugrik az EU-ban az \u00e1tlagb\u00e9r \u00e9s a minim\u00e1lb\u00e9r ar\u00e1ny\u00e1t tekintve. A politikus szerint a c\u00e9geknek fel kell k\u00e9sz\u00fclni\u00fck arra, hogy a minim\u00e1lb\u00e9r 2021-ben meghaladja a 600 eur\u00f3t, de a v\u00e9gs\u0151 c\u00e9l a 700 eur\u00f3t meghalad\u00f3 minim\u00e1lb\u00e9r. A h\u00e9tf\u0151i\u00a0 tan\u00e1cskoz\u00e1son a szakszervezetek \u00e9s a munkaad\u00f3k k\u00e9pvisel\u0151i nem tudtak megegyezni a korm\u00e1nnyal az emel\u00e9s nagys\u00e1g\u00e1r\u00f3l. A szakszervezetek a jelenlegi 520 eur\u00f3 helyett 635-\u00f6t szeretn\u00e9nek, a munk\u00e1ltat\u00f3k 552 eur\u00f3 20 centet javasolnak. J\u00e1n Richter szoci\u00e1lis \u00fcgyi miniszter a tan\u00e1cskoz\u00e1s ut\u00e1n bejelentette, kompromisszumk\u00e9nt 580 eur\u00f3s minim\u00e1lb\u00e9rt terjeszt a korm\u00e1ny el\u00e9.<\/p>\n<p>Forr\u00e1s: privatbankar.hu<\/p>\n","protected":false},"excerpt":{"rendered":"<p>Szlov\u00e1ki\u00e1ban a h\u00edrek szerint nagyot emelkedik a minim\u00e1lb\u00e9r. A Smer-SD a parlament el\u00e9 terjeszti a minim\u00e1lb\u00e9r automatikus emel\u00e9s\u00e9r\u0151l sz\u00f3l\u00f3 t\u00f6rv\u00e9nyjavaslatot, \u00e9letbe l\u00e9p\u00e9se ut\u00e1n a minim\u00e1lb\u00e9r a mindenkori \u00e1tlagb\u00e9r 60 sz\u00e1zal\u00e9ka lenne. A t\u00f6rv\u00e9ny janu\u00e1rban l\u00e9pne \u00e9letbe, \u00e9s el\u0151sz\u00f6r 2021-ben sz\u00e1m\u00edtan\u00e1k ki az \u00faj szab\u00e1ly szerint a minim\u00e1lb\u00e9r \u00f6sszeg\u00e9t \u2013 \u00edrja a Parameter.sk. Robert Fico, a [&hellip;]<\/p>\n","protected":false},"author":1,"featured_media":3217,"comment_status":"open","ping_status":"open","sticky":false,"template":"","format":"standard","meta":{"_monsterinsights_skip_tracking":false,"footnotes":""},"categories":[201],"tags":[],"class_list":["post-3216","post","type-post","status-publish","format-standard","has-post-thumbnail","hentry","category-kulfold"],"aioseo_notices":[],"aioseo_head":"\n\t\t<!-- All in One SEO 5.0.0.1 - aioseo.com -->\n\t<meta name=\"description\" content=\"Szlov\u00e1ki\u00e1ban a h\u00edrek szerint nagyot emelkedik a minim\u00e1lb\u00e9r. A Smer-SD a parlament el\u00e9 terjeszti a minim\u00e1lb\u00e9r automatikus emel\u00e9s\u00e9r\u0151l sz\u00f3l\u00f3 t\u00f6rv\u00e9nyjavaslatot, \u00e9letbe l\u00e9p\u00e9se ut\u00e1n a minim\u00e1lb\u00e9r a mindenkori \u00e1tlagb\u00e9r 60 sz\u00e1zal\u00e9ka lenne. A t\u00f6rv\u00e9ny janu\u00e1rban l\u00e9pne \u00e9letbe, \u00e9s el\u0151sz\u00f6r 2021-ben sz\u00e1m\u00edtan\u00e1k ki az \u00faj szab\u00e1ly szerint a minim\u00e1lb\u00e9r \u00f6sszeg\u00e9t \u2013 \u00edrja a Parameter.sk. Robert Fico, a\" \/>\n\t<meta name=\"robots\" content=\"max-image-preview:large\" \/>\n\t<meta name=\"author\" content=\"Juh\u00e1sz P\u00e9ter\"\/>\n\t<link rel=\"canonical\" href=\"https:\/\/allasorias.hu\/hirek\/nagymertekben-emelik-a-minimalbert-a-szomszedban\/\" \/>\n\t<meta name=\"generator\" content=\"All in One SEO (AIOSEO) 5.0.0.1\" \/>\n\t\t<meta property=\"og:locale\" content=\"hu_HU\" \/>\n\t\t<meta property=\"og:site_name\" content=\"AllasOrias.hu | H\u00edrek-lapszemle | \u00dczleti h\u00edrek az \u00e1ll\u00e1s \u00e9s a munka vil\u00e1g\u00e1b\u00f3l\" \/>\n\t\t<meta property=\"og:type\" content=\"article\" \/>\n\t\t<meta property=\"og:title\" content=\"Nagym\u00e9rt\u00e9kben emelik a minim\u00e1lb\u00e9rt a szomsz\u00e9dban | AllasOrias.hu | H\u00edrek-lapszemle\" \/>\n\t\t<meta property=\"og:description\" content=\"Szlov\u00e1ki\u00e1ban a h\u00edrek szerint nagyot emelkedik a minim\u00e1lb\u00e9r. A Smer-SD a parlament el\u00e9 terjeszti a minim\u00e1lb\u00e9r automatikus emel\u00e9s\u00e9r\u0151l sz\u00f3l\u00f3 t\u00f6rv\u00e9nyjavaslatot, \u00e9letbe l\u00e9p\u00e9se ut\u00e1n a minim\u00e1lb\u00e9r a mindenkori \u00e1tlagb\u00e9r 60 sz\u00e1zal\u00e9ka lenne. A t\u00f6rv\u00e9ny janu\u00e1rban l\u00e9pne \u00e9letbe, \u00e9s el\u0151sz\u00f6r 2021-ben sz\u00e1m\u00edtan\u00e1k ki az \u00faj szab\u00e1ly szerint a minim\u00e1lb\u00e9r \u00f6sszeg\u00e9t \u2013 \u00edrja a Parameter.sk. Robert Fico, a\" \/>\n\t\t<meta property=\"og:url\" content=\"https:\/\/allasorias.hu\/hirek\/nagymertekben-emelik-a-minimalbert-a-szomszedban\/\" \/>\n\t\t<meta property=\"og:image\" content=\"https:\/\/allasorias.hu\/hirek\/wp-content\/uploads\/2019\/08\/slovakia-162421_1280.png\" \/>\n\t\t<meta property=\"og:image:secure_url\" content=\"https:\/\/allasorias.hu\/hirek\/wp-content\/uploads\/2019\/08\/slovakia-162421_1280.png\" \/>\n\t\t<meta property=\"og:image:width\" content=\"1280\" \/>\n\t\t<meta property=\"og:image:height\" content=\"853\" \/>\n\t\t<meta property=\"article:published_time\" content=\"2019-08-22T07:35:56+00:00\" \/>\n\t\t<meta property=\"article:modified_time\" content=\"2019-08-22T07:35:56+00:00\" \/>\n\t\t<meta property=\"article:publisher\" content=\"https:\/\/www.facebook.com\/allasorias\" \/>\n\t\t<meta name=\"twitter:card\" content=\"summary_large_image\" \/>\n\t\t<meta name=\"twitter:title\" content=\"Nagym\u00e9rt\u00e9kben emelik a minim\u00e1lb\u00e9rt a szomsz\u00e9dban | AllasOrias.hu | H\u00edrek-lapszemle\" \/>\n\t\t<meta name=\"twitter:description\" content=\"Szlov\u00e1ki\u00e1ban a h\u00edrek szerint nagyot emelkedik a minim\u00e1lb\u00e9r. A Smer-SD a parlament el\u00e9 terjeszti a minim\u00e1lb\u00e9r automatikus emel\u00e9s\u00e9r\u0151l sz\u00f3l\u00f3 t\u00f6rv\u00e9nyjavaslatot, \u00e9letbe l\u00e9p\u00e9se ut\u00e1n a minim\u00e1lb\u00e9r a mindenkori \u00e1tlagb\u00e9r 60 sz\u00e1zal\u00e9ka lenne. A t\u00f6rv\u00e9ny janu\u00e1rban l\u00e9pne \u00e9letbe, \u00e9s el\u0151sz\u00f6r 2021-ben sz\u00e1m\u00edtan\u00e1k ki az \u00faj szab\u00e1ly szerint a minim\u00e1lb\u00e9r \u00f6sszeg\u00e9t \u2013 \u00edrja a Parameter.sk. Robert Fico, a\" \/>\n\t\t<meta name=\"twitter:image\" content=\"https:\/\/allasorias.hu\/hirek\/wp-content\/uploads\/2019\/08\/slovakia-162421_1280.png\" \/>\n\t\t<meta name=\"twitter:label1\" content=\"Written by\" \/>\n\t\t<meta name=\"twitter:data1\" content=\"Juh\u00e1sz P\u00e9ter\" \/>\n\t\t<meta name=\"twitter:label2\" content=\"Est. reading time\" \/>\n\t\t<meta name=\"twitter:data2\" content=\"1 minute\" \/>\n\t\t<script type=\"application\/ld+json\" class=\"aioseo-schema\">\n\t\t\t{\"@context\":\"https:\\\/\\\/schema.org\",\"@graph\":[{\"@type\":\"Article\",\"@id\":\"https:\\\/\\\/allasorias.hu\\\/hirek\\\/nagymertekben-emelik-a-minimalbert-a-szomszedban\\\/#article\",\"name\":\"Nagym\\u00e9rt\\u00e9kben emelik a minim\\u00e1lb\\u00e9rt a szomsz\\u00e9dban | AllasOrias.hu | H\\u00edrek-lapszemle\",\"headline\":\"Nagym\\u00e9rt\\u00e9kben emelik a minim\\u00e1lb\\u00e9rt a szomsz\\u00e9dban\",\"author\":{\"@id\":\"https:\\\/\\\/allasorias.hu\\\/hirek\\\/author\\\/admin-allasorias\\\/#author\"},\"publisher\":{\"@id\":\"https:\\\/\\\/allasorias.hu\\\/hirek\\\/#organization\"},\"image\":{\"@type\":\"ImageObject\",\"url\":\"https:\\\/\\\/allasorias.hu\\\/hirek\\\/wp-content\\\/uploads\\\/2019\\\/08\\\/slovakia-162421_1280.png\",\"width\":1280,\"height\":853},\"datePublished\":\"2019-08-22T07:35:56+02:00\",\"dateModified\":\"2019-08-22T07:35:56+02:00\",\"inLanguage\":\"hu-HU\",\"mainEntityOfPage\":{\"@id\":\"https:\\\/\\\/allasorias.hu\\\/hirek\\\/nagymertekben-emelik-a-minimalbert-a-szomszedban\\\/#webpage\"},\"isPartOf\":{\"@id\":\"https:\\\/\\\/allasorias.hu\\\/hirek\\\/nagymertekben-emelik-a-minimalbert-a-szomszedban\\\/#webpage\"},\"articleSection\":\"K\\u00fclf\\u00f6ld\"},{\"@type\":\"BreadcrumbList\",\"@id\":\"https:\\\/\\\/allasorias.hu\\\/hirek\\\/nagymertekben-emelik-a-minimalbert-a-szomszedban\\\/#breadcrumblist\",\"itemListElement\":[{\"@type\":\"ListItem\",\"@id\":\"https:\\\/\\\/allasorias.hu\\\/hirek#listItem\",\"position\":1,\"name\":\"Home\",\"item\":\"https:\\\/\\\/allasorias.hu\\\/hirek\",\"nextItem\":{\"@type\":\"ListItem\",\"@id\":\"https:\\\/\\\/allasorias.hu\\\/hirek\\\/temak\\\/kulfold\\\/#listItem\",\"name\":\"K\\u00fclf\\u00f6ld\"}},{\"@type\":\"ListItem\",\"@id\":\"https:\\\/\\\/allasorias.hu\\\/hirek\\\/temak\\\/kulfold\\\/#listItem\",\"position\":2,\"name\":\"K\\u00fclf\\u00f6ld\",\"item\":\"https:\\\/\\\/allasorias.hu\\\/hirek\\\/temak\\\/kulfold\\\/\",\"nextItem\":{\"@type\":\"ListItem\",\"@id\":\"https:\\\/\\\/allasorias.hu\\\/hirek\\\/nagymertekben-emelik-a-minimalbert-a-szomszedban\\\/#listItem\",\"name\":\"Nagym\\u00e9rt\\u00e9kben emelik a minim\\u00e1lb\\u00e9rt a szomsz\\u00e9dban\"},\"previousItem\":{\"@type\":\"ListItem\",\"@id\":\"https:\\\/\\\/allasorias.hu\\\/hirek#listItem\",\"name\":\"Home\"}},{\"@type\":\"ListItem\",\"@id\":\"https:\\\/\\\/allasorias.hu\\\/hirek\\\/nagymertekben-emelik-a-minimalbert-a-szomszedban\\\/#listItem\",\"position\":3,\"name\":\"Nagym\\u00e9rt\\u00e9kben emelik a minim\\u00e1lb\\u00e9rt a szomsz\\u00e9dban\",\"previousItem\":{\"@type\":\"ListItem\",\"@id\":\"https:\\\/\\\/allasorias.hu\\\/hirek\\\/temak\\\/kulfold\\\/#listItem\",\"name\":\"K\\u00fclf\\u00f6ld\"}}]},{\"@type\":\"Organization\",\"@id\":\"https:\\\/\\\/allasorias.hu\\\/hirek\\\/#organization\",\"name\":\"AllasOrias.hu | H\\u00edrek-lapszemle\",\"description\":\"\\u00dczleti h\\u00edrek az \\u00e1ll\\u00e1s \\u00e9s a munka vil\\u00e1g\\u00e1b\\u00f3l\",\"url\":\"https:\\\/\\\/allasorias.hu\\\/hirek\\\/\",\"logo\":{\"@type\":\"ImageObject\",\"url\":\"https:\\\/\\\/allasorias.hu\\\/hirek\\\/wp-content\\\/uploads\\\/2022\\\/10\\\/allasorias_site_facebok_logo.png\",\"@id\":\"https:\\\/\\\/allasorias.hu\\\/hirek\\\/nagymertekben-emelik-a-minimalbert-a-szomszedban\\\/#organizationLogo\"},\"image\":{\"@id\":\"https:\\\/\\\/allasorias.hu\\\/hirek\\\/nagymertekben-emelik-a-minimalbert-a-szomszedban\\\/#organizationLogo\"},\"sameAs\":[\"https:\\\/\\\/www.facebook.com\\\/allasorias\",\"https:\\\/\\\/www.linkedin.com\\\/company\\\/allasorias\"]},{\"@type\":\"Person\",\"@id\":\"https:\\\/\\\/allasorias.hu\\\/hirek\\\/author\\\/admin-allasorias\\\/#author\",\"url\":\"https:\\\/\\\/allasorias.hu\\\/hirek\\\/author\\\/admin-allasorias\\\/\",\"name\":\"Juh\\u00e1sz P\\u00e9ter\",\"image\":{\"@type\":\"ImageObject\",\"@id\":\"https:\\\/\\\/allasorias.hu\\\/hirek\\\/nagymertekben-emelik-a-minimalbert-a-szomszedban\\\/#authorImage\",\"url\":\"https:\\\/\\\/secure.gravatar.com\\\/avatar\\\/36e6bcb83148978b992977cb0f54d22feb0cce8a0a849a9410532bb2623ba4c6?s=96&d=mm&r=g\",\"width\":96,\"height\":96,\"caption\":\"Juh\\u00e1sz P\\u00e9ter\"}},{\"@type\":\"WebPage\",\"@id\":\"https:\\\/\\\/allasorias.hu\\\/hirek\\\/nagymertekben-emelik-a-minimalbert-a-szomszedban\\\/#webpage\",\"url\":\"https:\\\/\\\/allasorias.hu\\\/hirek\\\/nagymertekben-emelik-a-minimalbert-a-szomszedban\\\/\",\"name\":\"Nagym\\u00e9rt\\u00e9kben emelik a minim\\u00e1lb\\u00e9rt a szomsz\\u00e9dban | AllasOrias.hu | H\\u00edrek-lapszemle\",\"description\":\"Szlov\\u00e1ki\\u00e1ban a h\\u00edrek szerint nagyot emelkedik a minim\\u00e1lb\\u00e9r. A Smer-SD a parlament el\\u00e9 terjeszti a minim\\u00e1lb\\u00e9r automatikus emel\\u00e9s\\u00e9r\\u0151l sz\\u00f3l\\u00f3 t\\u00f6rv\\u00e9nyjavaslatot, \\u00e9letbe l\\u00e9p\\u00e9se ut\\u00e1n a minim\\u00e1lb\\u00e9r a mindenkori \\u00e1tlagb\\u00e9r 60 sz\\u00e1zal\\u00e9ka lenne. A t\\u00f6rv\\u00e9ny janu\\u00e1rban l\\u00e9pne \\u00e9letbe, \\u00e9s el\\u0151sz\\u00f6r 2021-ben sz\\u00e1m\\u00edtan\\u00e1k ki az \\u00faj szab\\u00e1ly szerint a minim\\u00e1lb\\u00e9r \\u00f6sszeg\\u00e9t \\u2013 \\u00edrja a Parameter.sk. Robert Fico, a\",\"inLanguage\":\"hu-HU\",\"isPartOf\":{\"@id\":\"https:\\\/\\\/allasorias.hu\\\/hirek\\\/#website\"},\"breadcrumb\":{\"@id\":\"https:\\\/\\\/allasorias.hu\\\/hirek\\\/nagymertekben-emelik-a-minimalbert-a-szomszedban\\\/#breadcrumblist\"},\"author\":{\"@id\":\"https:\\\/\\\/allasorias.hu\\\/hirek\\\/author\\\/admin-allasorias\\\/#author\"},\"creator\":{\"@id\":\"https:\\\/\\\/allasorias.hu\\\/hirek\\\/author\\\/admin-allasorias\\\/#author\"},\"image\":{\"@type\":\"ImageObject\",\"url\":\"https:\\\/\\\/allasorias.hu\\\/hirek\\\/wp-content\\\/uploads\\\/2019\\\/08\\\/slovakia-162421_1280.png\",\"@id\":\"https:\\\/\\\/allasorias.hu\\\/hirek\\\/nagymertekben-emelik-a-minimalbert-a-szomszedban\\\/#mainImage\",\"width\":1280,\"height\":853},\"primaryImageOfPage\":{\"@id\":\"https:\\\/\\\/allasorias.hu\\\/hirek\\\/nagymertekben-emelik-a-minimalbert-a-szomszedban\\\/#mainImage\"},\"datePublished\":\"2019-08-22T07:35:56+02:00\",\"dateModified\":\"2019-08-22T07:35:56+02:00\"},{\"@type\":\"WebSite\",\"@id\":\"https:\\\/\\\/allasorias.hu\\\/hirek\\\/#website\",\"url\":\"https:\\\/\\\/allasorias.hu\\\/hirek\\\/\",\"name\":\"AllasOrias.hu | H\\u00edrek-lapszemle\",\"description\":\"\\u00dczleti h\\u00edrek az \\u00e1ll\\u00e1s \\u00e9s a munka vil\\u00e1g\\u00e1b\\u00f3l\",\"inLanguage\":\"hu-HU\",\"publisher\":{\"@id\":\"https:\\\/\\\/allasorias.hu\\\/hirek\\\/#organization\"}}]}\n\t\t<\/script>\n\t\t<!-- All in One SEO -->\n\n","aioseo_head_json":{"title":"Nagym\u00e9rt\u00e9kben emelik a minim\u00e1lb\u00e9rt a szomsz\u00e9dban | AllasOrias.hu | H\u00edrek-lapszemle","description":"Szlov\u00e1ki\u00e1ban a h\u00edrek szerint nagyot emelkedik a minim\u00e1lb\u00e9r. A Smer-SD a parlament el\u00e9 terjeszti a minim\u00e1lb\u00e9r automatikus emel\u00e9s\u00e9r\u0151l sz\u00f3l\u00f3 t\u00f6rv\u00e9nyjavaslatot, \u00e9letbe l\u00e9p\u00e9se ut\u00e1n a minim\u00e1lb\u00e9r a mindenkori \u00e1tlagb\u00e9r 60 sz\u00e1zal\u00e9ka lenne. A t\u00f6rv\u00e9ny janu\u00e1rban l\u00e9pne \u00e9letbe, \u00e9s el\u0151sz\u00f6r 2021-ben sz\u00e1m\u00edtan\u00e1k ki az \u00faj szab\u00e1ly szerint a minim\u00e1lb\u00e9r \u00f6sszeg\u00e9t \u2013 \u00edrja a Parameter.sk. Robert Fico, a","canonical_url":"https:\/\/allasorias.hu\/hirek\/nagymertekben-emelik-a-minimalbert-a-szomszedban\/","robots":"max-image-preview:large","keywords":"","webmasterTools":{"miscellaneous":""},"schema":{"@context":"https:\/\/schema.org","@graph":[{"@type":"Article","@id":"https:\/\/allasorias.hu\/hirek\/nagymertekben-emelik-a-minimalbert-a-szomszedban\/#article","name":"Nagym\u00e9rt\u00e9kben emelik a minim\u00e1lb\u00e9rt a szomsz\u00e9dban | AllasOrias.hu | H\u00edrek-lapszemle","headline":"Nagym\u00e9rt\u00e9kben emelik a minim\u00e1lb\u00e9rt a szomsz\u00e9dban","author":{"@id":"https:\/\/allasorias.hu\/hirek\/author\/admin-allasorias\/#author"},"publisher":{"@id":"https:\/\/allasorias.hu\/hirek\/#organization"},"image":{"@type":"ImageObject","url":"https:\/\/allasorias.hu\/hirek\/wp-content\/uploads\/2019\/08\/slovakia-162421_1280.png","width":1280,"height":853},"datePublished":"2019-08-22T07:35:56+02:00","dateModified":"2019-08-22T07:35:56+02:00","inLanguage":"hu-HU","mainEntityOfPage":{"@id":"https:\/\/allasorias.hu\/hirek\/nagymertekben-emelik-a-minimalbert-a-szomszedban\/#webpage"},"isPartOf":{"@id":"https:\/\/allasorias.hu\/hirek\/nagymertekben-emelik-a-minimalbert-a-szomszedban\/#webpage"},"articleSection":"K\u00fclf\u00f6ld"},{"@type":"BreadcrumbList","@id":"https:\/\/allasorias.hu\/hirek\/nagymertekben-emelik-a-minimalbert-a-szomszedban\/#breadcrumblist","itemListElement":[{"@type":"ListItem","@id":"https:\/\/allasorias.hu\/hirek#listItem","position":1,"name":"Home","item":"https:\/\/allasorias.hu\/hirek","nextItem":{"@type":"ListItem","@id":"https:\/\/allasorias.hu\/hirek\/temak\/kulfold\/#listItem","name":"K\u00fclf\u00f6ld"}},{"@type":"ListItem","@id":"https:\/\/allasorias.hu\/hirek\/temak\/kulfold\/#listItem","position":2,"name":"K\u00fclf\u00f6ld","item":"https:\/\/allasorias.hu\/hirek\/temak\/kulfold\/","nextItem":{"@type":"ListItem","@id":"https:\/\/allasorias.hu\/hirek\/nagymertekben-emelik-a-minimalbert-a-szomszedban\/#listItem","name":"Nagym\u00e9rt\u00e9kben emelik a minim\u00e1lb\u00e9rt a szomsz\u00e9dban"},"previousItem":{"@type":"ListItem","@id":"https:\/\/allasorias.hu\/hirek#listItem","name":"Home"}},{"@type":"ListItem","@id":"https:\/\/allasorias.hu\/hirek\/nagymertekben-emelik-a-minimalbert-a-szomszedban\/#listItem","position":3,"name":"Nagym\u00e9rt\u00e9kben emelik a minim\u00e1lb\u00e9rt a szomsz\u00e9dban","previousItem":{"@type":"ListItem","@id":"https:\/\/allasorias.hu\/hirek\/temak\/kulfold\/#listItem","name":"K\u00fclf\u00f6ld"}}]},{"@type":"Organization","@id":"https:\/\/allasorias.hu\/hirek\/#organization","name":"AllasOrias.hu | H\u00edrek-lapszemle","description":"\u00dczleti h\u00edrek az \u00e1ll\u00e1s \u00e9s a munka vil\u00e1g\u00e1b\u00f3l","url":"https:\/\/allasorias.hu\/hirek\/","logo":{"@type":"ImageObject","url":"https:\/\/allasorias.hu\/hirek\/wp-content\/uploads\/2022\/10\/allasorias_site_facebok_logo.png","@id":"https:\/\/allasorias.hu\/hirek\/nagymertekben-emelik-a-minimalbert-a-szomszedban\/#organizationLogo"},"image":{"@id":"https:\/\/allasorias.hu\/hirek\/nagymertekben-emelik-a-minimalbert-a-szomszedban\/#organizationLogo"},"sameAs":["https:\/\/www.facebook.com\/allasorias","https:\/\/www.linkedin.com\/company\/allasorias"]},{"@type":"Person","@id":"https:\/\/allasorias.hu\/hirek\/author\/admin-allasorias\/#author","url":"https:\/\/allasorias.hu\/hirek\/author\/admin-allasorias\/","name":"Juh\u00e1sz P\u00e9ter","image":{"@type":"ImageObject","@id":"https:\/\/allasorias.hu\/hirek\/nagymertekben-emelik-a-minimalbert-a-szomszedban\/#authorImage","url":"https:\/\/secure.gravatar.com\/avatar\/36e6bcb83148978b992977cb0f54d22feb0cce8a0a849a9410532bb2623ba4c6?s=96&d=mm&r=g","width":96,"height":96,"caption":"Juh\u00e1sz P\u00e9ter"}},{"@type":"WebPage","@id":"https:\/\/allasorias.hu\/hirek\/nagymertekben-emelik-a-minimalbert-a-szomszedban\/#webpage","url":"https:\/\/allasorias.hu\/hirek\/nagymertekben-emelik-a-minimalbert-a-szomszedban\/","name":"Nagym\u00e9rt\u00e9kben emelik a minim\u00e1lb\u00e9rt a szomsz\u00e9dban | AllasOrias.hu | H\u00edrek-lapszemle","description":"Szlov\u00e1ki\u00e1ban a h\u00edrek szerint nagyot emelkedik a minim\u00e1lb\u00e9r. A Smer-SD a parlament el\u00e9 terjeszti a minim\u00e1lb\u00e9r automatikus emel\u00e9s\u00e9r\u0151l sz\u00f3l\u00f3 t\u00f6rv\u00e9nyjavaslatot, \u00e9letbe l\u00e9p\u00e9se ut\u00e1n a minim\u00e1lb\u00e9r a mindenkori \u00e1tlagb\u00e9r 60 sz\u00e1zal\u00e9ka lenne. A t\u00f6rv\u00e9ny janu\u00e1rban l\u00e9pne \u00e9letbe, \u00e9s el\u0151sz\u00f6r 2021-ben sz\u00e1m\u00edtan\u00e1k ki az \u00faj szab\u00e1ly szerint a minim\u00e1lb\u00e9r \u00f6sszeg\u00e9t \u2013 \u00edrja a Parameter.sk. Robert Fico, a","inLanguage":"hu-HU","isPartOf":{"@id":"https:\/\/allasorias.hu\/hirek\/#website"},"breadcrumb":{"@id":"https:\/\/allasorias.hu\/hirek\/nagymertekben-emelik-a-minimalbert-a-szomszedban\/#breadcrumblist"},"author":{"@id":"https:\/\/allasorias.hu\/hirek\/author\/admin-allasorias\/#author"},"creator":{"@id":"https:\/\/allasorias.hu\/hirek\/author\/admin-allasorias\/#author"},"image":{"@type":"ImageObject","url":"https:\/\/allasorias.hu\/hirek\/wp-content\/uploads\/2019\/08\/slovakia-162421_1280.png","@id":"https:\/\/allasorias.hu\/hirek\/nagymertekben-emelik-a-minimalbert-a-szomszedban\/#mainImage","width":1280,"height":853},"primaryImageOfPage":{"@id":"https:\/\/allasorias.hu\/hirek\/nagymertekben-emelik-a-minimalbert-a-szomszedban\/#mainImage"},"datePublished":"2019-08-22T07:35:56+02:00","dateModified":"2019-08-22T07:35:56+02:00"},{"@type":"WebSite","@id":"https:\/\/allasorias.hu\/hirek\/#website","url":"https:\/\/allasorias.hu\/hirek\/","name":"AllasOrias.hu | H\u00edrek-lapszemle","description":"\u00dczleti h\u00edrek az \u00e1ll\u00e1s \u00e9s a munka vil\u00e1g\u00e1b\u00f3l","inLanguage":"hu-HU","publisher":{"@id":"https:\/\/allasorias.hu\/hirek\/#organization"}}]},"og:locale":"hu_HU","og:site_name":"AllasOrias.hu | H\u00edrek-lapszemle | \u00dczleti h\u00edrek az \u00e1ll\u00e1s \u00e9s a munka vil\u00e1g\u00e1b\u00f3l","og:type":"article","og:title":"Nagym\u00e9rt\u00e9kben emelik a minim\u00e1lb\u00e9rt a szomsz\u00e9dban | AllasOrias.hu | H\u00edrek-lapszemle","og:description":"Szlov\u00e1ki\u00e1ban a h\u00edrek szerint nagyot emelkedik a minim\u00e1lb\u00e9r. A Smer-SD a parlament el\u00e9 terjeszti a minim\u00e1lb\u00e9r automatikus emel\u00e9s\u00e9r\u0151l sz\u00f3l\u00f3 t\u00f6rv\u00e9nyjavaslatot, \u00e9letbe l\u00e9p\u00e9se ut\u00e1n a minim\u00e1lb\u00e9r a mindenkori \u00e1tlagb\u00e9r 60 sz\u00e1zal\u00e9ka lenne. A t\u00f6rv\u00e9ny janu\u00e1rban l\u00e9pne \u00e9letbe, \u00e9s el\u0151sz\u00f6r 2021-ben sz\u00e1m\u00edtan\u00e1k ki az \u00faj szab\u00e1ly szerint a minim\u00e1lb\u00e9r \u00f6sszeg\u00e9t \u2013 \u00edrja a Parameter.sk. Robert Fico, a","og:url":"https:\/\/allasorias.hu\/hirek\/nagymertekben-emelik-a-minimalbert-a-szomszedban\/","og:image":"https:\/\/allasorias.hu\/hirek\/wp-content\/uploads\/2019\/08\/slovakia-162421_1280.png","og:image:secure_url":"https:\/\/allasorias.hu\/hirek\/wp-content\/uploads\/2019\/08\/slovakia-162421_1280.png","og:image:width":1280,"og:image:height":853,"article:published_time":"2019-08-22T07:35:56+00:00","article:modified_time":"2019-08-22T07:35:56+00:00","article:publisher":"https:\/\/www.facebook.com\/allasorias","twitter:card":"summary_large_image","twitter:title":"Nagym\u00e9rt\u00e9kben emelik a minim\u00e1lb\u00e9rt a szomsz\u00e9dban | AllasOrias.hu | H\u00edrek-lapszemle","twitter:description":"Szlov\u00e1ki\u00e1ban a h\u00edrek szerint nagyot emelkedik a minim\u00e1lb\u00e9r. A Smer-SD a parlament el\u00e9 terjeszti a minim\u00e1lb\u00e9r automatikus emel\u00e9s\u00e9r\u0151l sz\u00f3l\u00f3 t\u00f6rv\u00e9nyjavaslatot, \u00e9letbe l\u00e9p\u00e9se ut\u00e1n a minim\u00e1lb\u00e9r a mindenkori \u00e1tlagb\u00e9r 60 sz\u00e1zal\u00e9ka lenne. A t\u00f6rv\u00e9ny janu\u00e1rban l\u00e9pne \u00e9letbe, \u00e9s el\u0151sz\u00f6r 2021-ben sz\u00e1m\u00edtan\u00e1k ki az \u00faj szab\u00e1ly szerint a minim\u00e1lb\u00e9r \u00f6sszeg\u00e9t \u2013 \u00edrja a Parameter.sk. Robert Fico, a","twitter:image":"https:\/\/allasorias.hu\/hirek\/wp-content\/uploads\/2019\/08\/slovakia-162421_1280.png","twitter:label1":"Written by","twitter:data1":"Juh\u00e1sz P\u00e9ter","twitter:label2":"Est. reading time","twitter:data2":"1 minute"},"aioseo_meta_data":{"post_id":"3216","title":null,"description":null,"keywords":null,"keyphrases":null,"primary_term":null,"canonical_url":null,"og_title":null,"og_description":null,"og_object_type":"default","og_image_type":"default","og_image_url":null,"og_image_width":null,"og_image_height":null,"og_image_custom_url":null,"og_image_custom_fields":null,"og_video":null,"og_custom_url":null,"og_article_section":null,"og_article_tags":null,"twitter_use_og":false,"twitter_card":"default","twitter_image_type":"default","twitter_image_url":null,"twitter_image_custom_url":null,"twitter_image_custom_fields":null,"twitter_title":null,"twitter_description":null,"schema":{"blockGraphs":[],"customGraphs":[],"default":{"data":{"Article":[],"Course":[],"Dataset":[],"FAQPage":[],"Movie":[],"Person":[],"Product":[],"ProductReview":[],"Car":[],"Recipe":[],"Service":[],"SoftwareApplication":[],"WebPage":[]},"graphName":"","isEnabled":true},"graphs":[],"defaultGraph":"","defaultPostTypeGraph":""},"schema_type":null,"schema_type_options":null,"pillar_content":false,"robots_default":true,"robots_noindex":false,"robots_noarchive":false,"robots_nosnippet":false,"robots_nofollow":false,"robots_noimageindex":false,"robots_noodp":false,"robots_notranslate":false,"robots_max_snippet":null,"robots_max_videopreview":null,"robots_max_imagepreview":"large","priority":null,"frequency":null,"location":null,"local_seo":null,"breadcrumb_settings":null,"limit_modified_date":false,"ai":null,"created":"2021-02-01 21:57:19","updated":"2025-10-02 11:42:55","seo_analyzer_scan_date":null,"focus_keyword":null,"additional_keywords":null,"truseo_locale":null},"aioseo_breadcrumb":"<div class=\"aioseo-breadcrumbs\"><span class=\"aioseo-breadcrumb\">\n\t\t\t<a href=\"https:\/\/allasorias.hu\/hirek\" title=\"Home\">Home<\/a>\n\t\t<\/span><span class=\"aioseo-breadcrumb-separator\">&raquo;<\/span><span class=\"aioseo-breadcrumb\">\n\t\t\t<a href=\"https:\/\/allasorias.hu\/hirek\/temak\/kulfold\/\" title=\"K\u00fclf\u00f6ld\">K\u00fclf\u00f6ld<\/a>\n\t\t<\/span><span class=\"aioseo-breadcrumb-separator\">&raquo;<\/span><span class=\"aioseo-breadcrumb\">\n\t\t\tNagym\u00e9rt\u00e9kben emelik a minim\u00e1lb\u00e9rt a szomsz\u00e9dban\n\t\t<\/span><\/div>","aioseo_breadcrumb_json":[{"label":"Home","link":"https:\/\/allasorias.hu\/hirek"},{"label":"K\u00fclf\u00f6ld","link":"https:\/\/allasorias.hu\/hirek\/temak\/kulfold\/"},{"label":"Nagym\u00e9rt\u00e9kben emelik a minim\u00e1lb\u00e9rt a szomsz\u00e9dban","link":"https:\/\/allasorias.hu\/hirek\/nagymertekben-emelik-a-minimalbert-a-szomszedban\/"}],"_links":{"self":[{"href":"https:\/\/allasorias.hu\/hirek\/wp-json\/wp\/v2\/posts\/3216","targetHints":{"allow":["GET"]}}],"collection":[{"href":"https:\/\/allasorias.hu\/hirek\/wp-json\/wp\/v2\/posts"}],"about":[{"href":"https:\/\/allasorias.hu\/hirek\/wp-json\/wp\/v2\/types\/post"}],"author":[{"embeddable":true,"href":"https:\/\/allasorias.hu\/hirek\/wp-json\/wp\/v2\/users\/1"}],"replies":[{"embeddable":true,"href":"https:\/\/allasorias.hu\/hirek\/wp-json\/wp\/v2\/comments?post=3216"}],"version-history":[{"count":1,"href":"https:\/\/allasorias.hu\/hirek\/wp-json\/wp\/v2\/posts\/3216\/revisions"}],"predecessor-version":[{"id":3218,"href":"https:\/\/allasorias.hu\/hirek\/wp-json\/wp\/v2\/posts\/3216\/revisions\/3218"}],"wp:featuredmedia":[{"embeddable":true,"href":"https:\/\/allasorias.hu\/hirek\/wp-json\/wp\/v2\/media\/3217"}],"wp:attachment":[{"href":"https:\/\/allasorias.hu\/hirek\/wp-json\/wp\/v2\/media?parent=3216"}],"wp:term":[{"taxonomy":"category","embeddable":true,"href":"https:\/\/allasorias.hu\/hirek\/wp-json\/wp\/v2\/categories?post=3216"},{"taxonomy":"post_tag","embeddable":true,"href":"https:\/\/allasorias.hu\/hirek\/wp-json\/wp\/v2\/tags?post=3216"}],"curies":[{"name":"wp","href":"https:\/\/api.w.org\/{rel}","templated":true}]}}