{"id":3195,"date":"2019-08-14T08:24:03","date_gmt":"2019-08-14T08:24:03","guid":{"rendered":"https:\/\/allasorias.hu\/hirek\/?p=3195"},"modified":"2019-08-14T08:24:03","modified_gmt":"2019-08-14T08:24:03","slug":"kurrens-munkaero-a-mernok-es-az-informatikus","status":"publish","type":"post","link":"https:\/\/allasorias.hu\/hirek\/kurrens-munkaero-a-mernok-es-az-informatikus\/","title":{"rendered":"Kurrens munkaer\u0151 a m\u00e9rn\u00f6k \u00e9s az informatikus"},"content":{"rendered":"<p><strong>A ny\u00e1ron sincs ez m\u00e1sk\u00e9ppen, a legjobban a m\u00e9rn\u00f6k\u00f6ket \u00e9s informatikusokat keresik a c\u00e9gek az \u00faj \u00e1ll\u00e1sokra. Az elm\u00falt \u00e9vekben ny\u00e1ron visszaesett az \u00e1ll\u00e1sk\u00edn\u00e1lat, id\u00e9n m\u00e1r a ny\u00e1ri h\u00f3napokban is folyamatosan keresik a jelentkez\u0151ket.<\/strong><\/p>\n<p>T\u00fczes Imre \u00fczletfejleszt\u00e9si vezet\u0151 szerint m\u00e9rn\u00f6k poz\u00edci\u00f3kra 1120, informatikus poz\u00edci\u00f3kra mintegy 2000 hirdet\u00e9st adtak fel a v\u00e1llalkoz\u00e1sok egy internetes port\u00e1lon. De m\u00e1s \u00e1ll\u00e1sokb\u00f3l is volt b\u0151ven kereslet, \u00f6sszesen t\u00f6bb mint 11 ezer \u00e1ll\u00e1shirdet\u00e9st tettek k\u00f6zz\u00e9 a c\u00e9gek. A szakember al\u00e1h\u00fazta: puszt\u00e1n a nyaral\u00e1s miatt ma m\u00e1r nem kell elhalasztani a munk\u00e1ba \u00e1ll\u00e1st. Kor\u00e1bban val\u00f3s f\u00e9lelem lehetett, hogy a ny\u00e1ri munk\u00e1ba \u00e1ll\u00e1ssal kezd\u0151d\u0151, jellemz\u0151en 3 h\u00f3napos pr\u00f3baid\u0151 kereszt\u00fclh\u00fazza a nyaral\u00e1si elk\u00e9pzel\u00e9seket, ma m\u00e1r azonban a tudatosabb c\u00e9gek a j\u00f3 munkaer\u0151 megszerz\u00e9se \u00e9rdek\u00e9ben rugalmasabbak e k\u00e9rd\u00e9sben \u2013 \u00e1ll\u00edtja a szak\u00e9rt\u0151. Id\u00e9n d\u00fcb\u00f6r\u00f6g a munkaer\u0151 felv\u00e9tel ny\u00e1ron is, nem t\u00e9tlenkednek a c\u00e9gek. Orsz\u00e1gszerte b\u0151 80 ezer poz\u00edci\u00f3 bet\u00f6ltetlen, ezek k\u00e9tharmada a versenyszf\u00e9r\u00e1ban tal\u00e1lhat\u00f3. A bet\u00f6ltetlen poz\u00edci\u00f3k sz\u00e1ma azonban folyamatosan emelkedett az elm\u00falt \u00e9vekben, n\u00e9gy \u00e9vvel ezel\u0151tt m\u00e9g csak mintegy 43 ezer poz\u00edci\u00f3ra kerestek munkaer\u0151t a c\u00e9gek. M\u00e1r t\u00falvagyunk a cs\u00facsponton, mely 2018 harmadik negyed\u00e9v\u00e9ben k\u00f6zel 88 ezer \u00fcres poz\u00edci\u00f3t jelentett. A KSH jelent\u00e9se szerint az idei \u00e9v els\u0151 h\u00e1rom h\u00f3napj\u00e1ban a legal\u00e1bb 5 f\u0151s v\u00e1llalkoz\u00e1sok k\u00f6r\u00e9ben 57 ezer, a k\u00f6lts\u00e9gvet\u00e9si szf\u00e9r\u00e1ban pedig 19 ezer \u00e1ll\u00e1shely volt bet\u00f6ltetlen. A hum\u00e1n, eg\u00e9szs\u00e9g\u00fcgyi \u00e9s szoci\u00e1lis ell\u00e1t\u00e1s kateg\u00f3ri\u00e1ban t\u00f6bb mint 9 ezer poz\u00edci\u00f3 volt bet\u00f6ltetlen, ez ezerrel t\u00f6bb, mint tavaly ugyanekkor. Ugyancsak t\u00f6bb mint ezerrel t\u00f6bb \u00f6sszesen 5600 poz\u00edci\u00f3 volt meg\u00fcresedve a sz\u00e1ll\u00edt\u00e1s, rakt\u00e1roz\u00e1s \u00e1gazatban is. Az iparban, azon bel\u00fcl is a feldolgoz\u00f3iparban viszont az idei \u00e9v elej\u00e9n m\u00e1r visszaes\u00e9s indult meg. A 2018-as \u00e9v elej\u00e9n m\u00e9g b\u0151 25 ezernyi meg\u00fcresedett \u00e1ll\u00e1s a 2019-es \u00e9v els\u0151 h\u00e1rom h\u00f3napj\u00e1ra 21 ezer k\u00f6zel\u00e9be cs\u00f6kkent az ipari \u00e1gazatokban. Ezen bel\u00fcl a feldolgoz\u00f3iparban 18 sz\u00e1zal\u00e9kkal kevesebb meg\u00fcresedett poz\u00edci\u00f3 volt, mint tavaly.<\/p>\n<p>Forr\u00e1s: origo.hu<\/p>\n","protected":false},"excerpt":{"rendered":"<p>A ny\u00e1ron sincs ez m\u00e1sk\u00e9ppen, a legjobban a m\u00e9rn\u00f6k\u00f6ket \u00e9s informatikusokat keresik a c\u00e9gek az \u00faj \u00e1ll\u00e1sokra. Az elm\u00falt \u00e9vekben ny\u00e1ron visszaesett az \u00e1ll\u00e1sk\u00edn\u00e1lat, id\u00e9n m\u00e1r a ny\u00e1ri h\u00f3napokban is folyamatosan keresik a jelentkez\u0151ket. T\u00fczes Imre \u00fczletfejleszt\u00e9si vezet\u0151 szerint m\u00e9rn\u00f6k poz\u00edci\u00f3kra 1120, informatikus poz\u00edci\u00f3kra mintegy 2000 hirdet\u00e9st adtak fel a v\u00e1llalkoz\u00e1sok egy internetes port\u00e1lon. De [&hellip;]<\/p>\n","protected":false},"author":1,"featured_media":2665,"comment_status":"open","ping_status":"open","sticky":false,"template":"","format":"standard","meta":{"_monsterinsights_skip_tracking":false,"footnotes":""},"categories":[203,200],"tags":[],"class_list":["post-3195","post","type-post","status-publish","format-standard","has-post-thumbnail","hentry","category-hianyszakmak","category-munkaeropiac"],"aioseo_notices":[],"aioseo_head":"\n\t\t<!-- All in One SEO 5.0.0.1 - aioseo.com -->\n\t<meta name=\"description\" content=\"A ny\u00e1ron sincs ez m\u00e1sk\u00e9ppen, a legjobban a m\u00e9rn\u00f6k\u00f6ket \u00e9s informatikusokat keresik a c\u00e9gek az \u00faj \u00e1ll\u00e1sokra. Az elm\u00falt \u00e9vekben ny\u00e1ron visszaesett az \u00e1ll\u00e1sk\u00edn\u00e1lat, id\u00e9n m\u00e1r a ny\u00e1ri h\u00f3napokban is folyamatosan keresik a jelentkez\u0151ket. T\u00fczes Imre \u00fczletfejleszt\u00e9si vezet\u0151 szerint m\u00e9rn\u00f6k poz\u00edci\u00f3kra 1120, informatikus poz\u00edci\u00f3kra mintegy 2000 hirdet\u00e9st adtak fel a v\u00e1llalkoz\u00e1sok egy internetes port\u00e1lon. De\" \/>\n\t<meta name=\"robots\" content=\"max-image-preview:large\" \/>\n\t<meta name=\"author\" content=\"Juh\u00e1sz P\u00e9ter\"\/>\n\t<link rel=\"canonical\" href=\"https:\/\/allasorias.hu\/hirek\/kurrens-munkaero-a-mernok-es-az-informatikus\/\" \/>\n\t<meta name=\"generator\" content=\"All in One SEO (AIOSEO) 5.0.0.1\" \/>\n\t\t<meta property=\"og:locale\" content=\"hu_HU\" \/>\n\t\t<meta property=\"og:site_name\" content=\"AllasOrias.hu | H\u00edrek-lapszemle | \u00dczleti h\u00edrek az \u00e1ll\u00e1s \u00e9s a munka vil\u00e1g\u00e1b\u00f3l\" \/>\n\t\t<meta property=\"og:type\" content=\"article\" \/>\n\t\t<meta property=\"og:title\" content=\"Kurrens munkaer\u0151 a m\u00e9rn\u00f6k \u00e9s az informatikus | AllasOrias.hu | H\u00edrek-lapszemle\" \/>\n\t\t<meta property=\"og:description\" content=\"A ny\u00e1ron sincs ez m\u00e1sk\u00e9ppen, a legjobban a m\u00e9rn\u00f6k\u00f6ket \u00e9s informatikusokat keresik a c\u00e9gek az \u00faj \u00e1ll\u00e1sokra. Az elm\u00falt \u00e9vekben ny\u00e1ron visszaesett az \u00e1ll\u00e1sk\u00edn\u00e1lat, id\u00e9n m\u00e1r a ny\u00e1ri h\u00f3napokban is folyamatosan keresik a jelentkez\u0151ket. T\u00fczes Imre \u00fczletfejleszt\u00e9si vezet\u0151 szerint m\u00e9rn\u00f6k poz\u00edci\u00f3kra 1120, informatikus poz\u00edci\u00f3kra mintegy 2000 hirdet\u00e9st adtak fel a v\u00e1llalkoz\u00e1sok egy internetes port\u00e1lon. De\" \/>\n\t\t<meta property=\"og:url\" content=\"https:\/\/allasorias.hu\/hirek\/kurrens-munkaero-a-mernok-es-az-informatikus\/\" \/>\n\t\t<meta property=\"og:image\" content=\"https:\/\/allasorias.hu\/hirek\/wp-content\/uploads\/2019\/03\/computer-connection-data-1181675.jpg\" \/>\n\t\t<meta property=\"og:image:secure_url\" content=\"https:\/\/allasorias.hu\/hirek\/wp-content\/uploads\/2019\/03\/computer-connection-data-1181675.jpg\" \/>\n\t\t<meta property=\"og:image:width\" content=\"640\" \/>\n\t\t<meta property=\"og:image:height\" content=\"427\" \/>\n\t\t<meta property=\"article:published_time\" content=\"2019-08-14T08:24:03+00:00\" \/>\n\t\t<meta property=\"article:modified_time\" content=\"2019-08-14T08:24:03+00:00\" \/>\n\t\t<meta property=\"article:publisher\" content=\"https:\/\/www.facebook.com\/allasorias\" \/>\n\t\t<meta name=\"twitter:card\" content=\"summary_large_image\" \/>\n\t\t<meta name=\"twitter:title\" content=\"Kurrens munkaer\u0151 a m\u00e9rn\u00f6k \u00e9s az informatikus | AllasOrias.hu | H\u00edrek-lapszemle\" \/>\n\t\t<meta name=\"twitter:description\" content=\"A ny\u00e1ron sincs ez m\u00e1sk\u00e9ppen, a legjobban a m\u00e9rn\u00f6k\u00f6ket \u00e9s informatikusokat keresik a c\u00e9gek az \u00faj \u00e1ll\u00e1sokra. Az elm\u00falt \u00e9vekben ny\u00e1ron visszaesett az \u00e1ll\u00e1sk\u00edn\u00e1lat, id\u00e9n m\u00e1r a ny\u00e1ri h\u00f3napokban is folyamatosan keresik a jelentkez\u0151ket. T\u00fczes Imre \u00fczletfejleszt\u00e9si vezet\u0151 szerint m\u00e9rn\u00f6k poz\u00edci\u00f3kra 1120, informatikus poz\u00edci\u00f3kra mintegy 2000 hirdet\u00e9st adtak fel a v\u00e1llalkoz\u00e1sok egy internetes port\u00e1lon. De\" \/>\n\t\t<meta name=\"twitter:image\" content=\"https:\/\/allasorias.hu\/hirek\/wp-content\/uploads\/2019\/03\/computer-connection-data-1181675.jpg\" \/>\n\t\t<meta name=\"twitter:label1\" content=\"Written by\" \/>\n\t\t<meta name=\"twitter:data1\" content=\"Juh\u00e1sz P\u00e9ter\" \/>\n\t\t<meta name=\"twitter:label2\" content=\"Est. reading time\" \/>\n\t\t<meta name=\"twitter:data2\" content=\"2 minutes\" \/>\n\t\t<script type=\"application\/ld+json\" class=\"aioseo-schema\">\n\t\t\t{\"@context\":\"https:\\\/\\\/schema.org\",\"@graph\":[{\"@type\":\"Article\",\"@id\":\"https:\\\/\\\/allasorias.hu\\\/hirek\\\/kurrens-munkaero-a-mernok-es-az-informatikus\\\/#article\",\"name\":\"Kurrens munkaer\\u0151 a m\\u00e9rn\\u00f6k \\u00e9s az informatikus | AllasOrias.hu | H\\u00edrek-lapszemle\",\"headline\":\"Kurrens munkaer\\u0151 a m\\u00e9rn\\u00f6k \\u00e9s az informatikus\",\"author\":{\"@id\":\"https:\\\/\\\/allasorias.hu\\\/hirek\\\/author\\\/admin-allasorias\\\/#author\"},\"publisher\":{\"@id\":\"https:\\\/\\\/allasorias.hu\\\/hirek\\\/#organization\"},\"image\":{\"@type\":\"ImageObject\",\"url\":\"https:\\\/\\\/allasorias.hu\\\/hirek\\\/wp-content\\\/uploads\\\/2019\\\/03\\\/computer-connection-data-1181675.jpg\",\"width\":640,\"height\":427},\"datePublished\":\"2019-08-14T08:24:03+02:00\",\"dateModified\":\"2019-08-14T08:24:03+02:00\",\"inLanguage\":\"hu-HU\",\"mainEntityOfPage\":{\"@id\":\"https:\\\/\\\/allasorias.hu\\\/hirek\\\/kurrens-munkaero-a-mernok-es-az-informatikus\\\/#webpage\"},\"isPartOf\":{\"@id\":\"https:\\\/\\\/allasorias.hu\\\/hirek\\\/kurrens-munkaero-a-mernok-es-az-informatikus\\\/#webpage\"},\"articleSection\":\"Hi\\u00e1nyszakm\\u00e1k, Munkaer\\u0151piac\"},{\"@type\":\"BreadcrumbList\",\"@id\":\"https:\\\/\\\/allasorias.hu\\\/hirek\\\/kurrens-munkaero-a-mernok-es-az-informatikus\\\/#breadcrumblist\",\"itemListElement\":[{\"@type\":\"ListItem\",\"@id\":\"https:\\\/\\\/allasorias.hu\\\/hirek#listItem\",\"position\":1,\"name\":\"Home\",\"item\":\"https:\\\/\\\/allasorias.hu\\\/hirek\",\"nextItem\":{\"@type\":\"ListItem\",\"@id\":\"https:\\\/\\\/allasorias.hu\\\/hirek\\\/temak\\\/munkaeropiac\\\/#listItem\",\"name\":\"Munkaer\\u0151piac\"}},{\"@type\":\"ListItem\",\"@id\":\"https:\\\/\\\/allasorias.hu\\\/hirek\\\/temak\\\/munkaeropiac\\\/#listItem\",\"position\":2,\"name\":\"Munkaer\\u0151piac\",\"item\":\"https:\\\/\\\/allasorias.hu\\\/hirek\\\/temak\\\/munkaeropiac\\\/\",\"nextItem\":{\"@type\":\"ListItem\",\"@id\":\"https:\\\/\\\/allasorias.hu\\\/hirek\\\/kurrens-munkaero-a-mernok-es-az-informatikus\\\/#listItem\",\"name\":\"Kurrens munkaer\\u0151 a m\\u00e9rn\\u00f6k \\u00e9s az informatikus\"},\"previousItem\":{\"@type\":\"ListItem\",\"@id\":\"https:\\\/\\\/allasorias.hu\\\/hirek#listItem\",\"name\":\"Home\"}},{\"@type\":\"ListItem\",\"@id\":\"https:\\\/\\\/allasorias.hu\\\/hirek\\\/kurrens-munkaero-a-mernok-es-az-informatikus\\\/#listItem\",\"position\":3,\"name\":\"Kurrens munkaer\\u0151 a m\\u00e9rn\\u00f6k \\u00e9s az informatikus\",\"previousItem\":{\"@type\":\"ListItem\",\"@id\":\"https:\\\/\\\/allasorias.hu\\\/hirek\\\/temak\\\/munkaeropiac\\\/#listItem\",\"name\":\"Munkaer\\u0151piac\"}}]},{\"@type\":\"Organization\",\"@id\":\"https:\\\/\\\/allasorias.hu\\\/hirek\\\/#organization\",\"name\":\"AllasOrias.hu | H\\u00edrek-lapszemle\",\"description\":\"\\u00dczleti h\\u00edrek az \\u00e1ll\\u00e1s \\u00e9s a munka vil\\u00e1g\\u00e1b\\u00f3l\",\"url\":\"https:\\\/\\\/allasorias.hu\\\/hirek\\\/\",\"logo\":{\"@type\":\"ImageObject\",\"url\":\"https:\\\/\\\/allasorias.hu\\\/hirek\\\/wp-content\\\/uploads\\\/2022\\\/10\\\/allasorias_site_facebok_logo.png\",\"@id\":\"https:\\\/\\\/allasorias.hu\\\/hirek\\\/kurrens-munkaero-a-mernok-es-az-informatikus\\\/#organizationLogo\"},\"image\":{\"@id\":\"https:\\\/\\\/allasorias.hu\\\/hirek\\\/kurrens-munkaero-a-mernok-es-az-informatikus\\\/#organizationLogo\"},\"sameAs\":[\"https:\\\/\\\/www.facebook.com\\\/allasorias\",\"https:\\\/\\\/www.linkedin.com\\\/company\\\/allasorias\"]},{\"@type\":\"Person\",\"@id\":\"https:\\\/\\\/allasorias.hu\\\/hirek\\\/author\\\/admin-allasorias\\\/#author\",\"url\":\"https:\\\/\\\/allasorias.hu\\\/hirek\\\/author\\\/admin-allasorias\\\/\",\"name\":\"Juh\\u00e1sz P\\u00e9ter\",\"image\":{\"@type\":\"ImageObject\",\"@id\":\"https:\\\/\\\/allasorias.hu\\\/hirek\\\/kurrens-munkaero-a-mernok-es-az-informatikus\\\/#authorImage\",\"url\":\"https:\\\/\\\/secure.gravatar.com\\\/avatar\\\/36e6bcb83148978b992977cb0f54d22feb0cce8a0a849a9410532bb2623ba4c6?s=96&d=mm&r=g\",\"width\":96,\"height\":96,\"caption\":\"Juh\\u00e1sz P\\u00e9ter\"}},{\"@type\":\"WebPage\",\"@id\":\"https:\\\/\\\/allasorias.hu\\\/hirek\\\/kurrens-munkaero-a-mernok-es-az-informatikus\\\/#webpage\",\"url\":\"https:\\\/\\\/allasorias.hu\\\/hirek\\\/kurrens-munkaero-a-mernok-es-az-informatikus\\\/\",\"name\":\"Kurrens munkaer\\u0151 a m\\u00e9rn\\u00f6k \\u00e9s az informatikus | AllasOrias.hu | H\\u00edrek-lapszemle\",\"description\":\"A ny\\u00e1ron sincs ez m\\u00e1sk\\u00e9ppen, a legjobban a m\\u00e9rn\\u00f6k\\u00f6ket \\u00e9s informatikusokat keresik a c\\u00e9gek az \\u00faj \\u00e1ll\\u00e1sokra. Az elm\\u00falt \\u00e9vekben ny\\u00e1ron visszaesett az \\u00e1ll\\u00e1sk\\u00edn\\u00e1lat, id\\u00e9n m\\u00e1r a ny\\u00e1ri h\\u00f3napokban is folyamatosan keresik a jelentkez\\u0151ket. T\\u00fczes Imre \\u00fczletfejleszt\\u00e9si vezet\\u0151 szerint m\\u00e9rn\\u00f6k poz\\u00edci\\u00f3kra 1120, informatikus poz\\u00edci\\u00f3kra mintegy 2000 hirdet\\u00e9st adtak fel a v\\u00e1llalkoz\\u00e1sok egy internetes port\\u00e1lon. De\",\"inLanguage\":\"hu-HU\",\"isPartOf\":{\"@id\":\"https:\\\/\\\/allasorias.hu\\\/hirek\\\/#website\"},\"breadcrumb\":{\"@id\":\"https:\\\/\\\/allasorias.hu\\\/hirek\\\/kurrens-munkaero-a-mernok-es-az-informatikus\\\/#breadcrumblist\"},\"author\":{\"@id\":\"https:\\\/\\\/allasorias.hu\\\/hirek\\\/author\\\/admin-allasorias\\\/#author\"},\"creator\":{\"@id\":\"https:\\\/\\\/allasorias.hu\\\/hirek\\\/author\\\/admin-allasorias\\\/#author\"},\"image\":{\"@type\":\"ImageObject\",\"url\":\"https:\\\/\\\/allasorias.hu\\\/hirek\\\/wp-content\\\/uploads\\\/2019\\\/03\\\/computer-connection-data-1181675.jpg\",\"@id\":\"https:\\\/\\\/allasorias.hu\\\/hirek\\\/kurrens-munkaero-a-mernok-es-az-informatikus\\\/#mainImage\",\"width\":640,\"height\":427},\"primaryImageOfPage\":{\"@id\":\"https:\\\/\\\/allasorias.hu\\\/hirek\\\/kurrens-munkaero-a-mernok-es-az-informatikus\\\/#mainImage\"},\"datePublished\":\"2019-08-14T08:24:03+02:00\",\"dateModified\":\"2019-08-14T08:24:03+02:00\"},{\"@type\":\"WebSite\",\"@id\":\"https:\\\/\\\/allasorias.hu\\\/hirek\\\/#website\",\"url\":\"https:\\\/\\\/allasorias.hu\\\/hirek\\\/\",\"name\":\"AllasOrias.hu | H\\u00edrek-lapszemle\",\"description\":\"\\u00dczleti h\\u00edrek az \\u00e1ll\\u00e1s \\u00e9s a munka vil\\u00e1g\\u00e1b\\u00f3l\",\"inLanguage\":\"hu-HU\",\"publisher\":{\"@id\":\"https:\\\/\\\/allasorias.hu\\\/hirek\\\/#organization\"}}]}\n\t\t<\/script>\n\t\t<!-- All in One SEO -->\n\n","aioseo_head_json":{"title":"Kurrens munkaer\u0151 a m\u00e9rn\u00f6k \u00e9s az informatikus | AllasOrias.hu | H\u00edrek-lapszemle","description":"A ny\u00e1ron sincs ez m\u00e1sk\u00e9ppen, a legjobban a m\u00e9rn\u00f6k\u00f6ket \u00e9s informatikusokat keresik a c\u00e9gek az \u00faj \u00e1ll\u00e1sokra. Az elm\u00falt \u00e9vekben ny\u00e1ron visszaesett az \u00e1ll\u00e1sk\u00edn\u00e1lat, id\u00e9n m\u00e1r a ny\u00e1ri h\u00f3napokban is folyamatosan keresik a jelentkez\u0151ket. T\u00fczes Imre \u00fczletfejleszt\u00e9si vezet\u0151 szerint m\u00e9rn\u00f6k poz\u00edci\u00f3kra 1120, informatikus poz\u00edci\u00f3kra mintegy 2000 hirdet\u00e9st adtak fel a v\u00e1llalkoz\u00e1sok egy internetes port\u00e1lon. De","canonical_url":"https:\/\/allasorias.hu\/hirek\/kurrens-munkaero-a-mernok-es-az-informatikus\/","robots":"max-image-preview:large","keywords":"","webmasterTools":{"miscellaneous":""},"schema":{"@context":"https:\/\/schema.org","@graph":[{"@type":"Article","@id":"https:\/\/allasorias.hu\/hirek\/kurrens-munkaero-a-mernok-es-az-informatikus\/#article","name":"Kurrens munkaer\u0151 a m\u00e9rn\u00f6k \u00e9s az informatikus | AllasOrias.hu | H\u00edrek-lapszemle","headline":"Kurrens munkaer\u0151 a m\u00e9rn\u00f6k \u00e9s az informatikus","author":{"@id":"https:\/\/allasorias.hu\/hirek\/author\/admin-allasorias\/#author"},"publisher":{"@id":"https:\/\/allasorias.hu\/hirek\/#organization"},"image":{"@type":"ImageObject","url":"https:\/\/allasorias.hu\/hirek\/wp-content\/uploads\/2019\/03\/computer-connection-data-1181675.jpg","width":640,"height":427},"datePublished":"2019-08-14T08:24:03+02:00","dateModified":"2019-08-14T08:24:03+02:00","inLanguage":"hu-HU","mainEntityOfPage":{"@id":"https:\/\/allasorias.hu\/hirek\/kurrens-munkaero-a-mernok-es-az-informatikus\/#webpage"},"isPartOf":{"@id":"https:\/\/allasorias.hu\/hirek\/kurrens-munkaero-a-mernok-es-az-informatikus\/#webpage"},"articleSection":"Hi\u00e1nyszakm\u00e1k, Munkaer\u0151piac"},{"@type":"BreadcrumbList","@id":"https:\/\/allasorias.hu\/hirek\/kurrens-munkaero-a-mernok-es-az-informatikus\/#breadcrumblist","itemListElement":[{"@type":"ListItem","@id":"https:\/\/allasorias.hu\/hirek#listItem","position":1,"name":"Home","item":"https:\/\/allasorias.hu\/hirek","nextItem":{"@type":"ListItem","@id":"https:\/\/allasorias.hu\/hirek\/temak\/munkaeropiac\/#listItem","name":"Munkaer\u0151piac"}},{"@type":"ListItem","@id":"https:\/\/allasorias.hu\/hirek\/temak\/munkaeropiac\/#listItem","position":2,"name":"Munkaer\u0151piac","item":"https:\/\/allasorias.hu\/hirek\/temak\/munkaeropiac\/","nextItem":{"@type":"ListItem","@id":"https:\/\/allasorias.hu\/hirek\/kurrens-munkaero-a-mernok-es-az-informatikus\/#listItem","name":"Kurrens munkaer\u0151 a m\u00e9rn\u00f6k \u00e9s az informatikus"},"previousItem":{"@type":"ListItem","@id":"https:\/\/allasorias.hu\/hirek#listItem","name":"Home"}},{"@type":"ListItem","@id":"https:\/\/allasorias.hu\/hirek\/kurrens-munkaero-a-mernok-es-az-informatikus\/#listItem","position":3,"name":"Kurrens munkaer\u0151 a m\u00e9rn\u00f6k \u00e9s az informatikus","previousItem":{"@type":"ListItem","@id":"https:\/\/allasorias.hu\/hirek\/temak\/munkaeropiac\/#listItem","name":"Munkaer\u0151piac"}}]},{"@type":"Organization","@id":"https:\/\/allasorias.hu\/hirek\/#organization","name":"AllasOrias.hu | H\u00edrek-lapszemle","description":"\u00dczleti h\u00edrek az \u00e1ll\u00e1s \u00e9s a munka vil\u00e1g\u00e1b\u00f3l","url":"https:\/\/allasorias.hu\/hirek\/","logo":{"@type":"ImageObject","url":"https:\/\/allasorias.hu\/hirek\/wp-content\/uploads\/2022\/10\/allasorias_site_facebok_logo.png","@id":"https:\/\/allasorias.hu\/hirek\/kurrens-munkaero-a-mernok-es-az-informatikus\/#organizationLogo"},"image":{"@id":"https:\/\/allasorias.hu\/hirek\/kurrens-munkaero-a-mernok-es-az-informatikus\/#organizationLogo"},"sameAs":["https:\/\/www.facebook.com\/allasorias","https:\/\/www.linkedin.com\/company\/allasorias"]},{"@type":"Person","@id":"https:\/\/allasorias.hu\/hirek\/author\/admin-allasorias\/#author","url":"https:\/\/allasorias.hu\/hirek\/author\/admin-allasorias\/","name":"Juh\u00e1sz P\u00e9ter","image":{"@type":"ImageObject","@id":"https:\/\/allasorias.hu\/hirek\/kurrens-munkaero-a-mernok-es-az-informatikus\/#authorImage","url":"https:\/\/secure.gravatar.com\/avatar\/36e6bcb83148978b992977cb0f54d22feb0cce8a0a849a9410532bb2623ba4c6?s=96&d=mm&r=g","width":96,"height":96,"caption":"Juh\u00e1sz P\u00e9ter"}},{"@type":"WebPage","@id":"https:\/\/allasorias.hu\/hirek\/kurrens-munkaero-a-mernok-es-az-informatikus\/#webpage","url":"https:\/\/allasorias.hu\/hirek\/kurrens-munkaero-a-mernok-es-az-informatikus\/","name":"Kurrens munkaer\u0151 a m\u00e9rn\u00f6k \u00e9s az informatikus | AllasOrias.hu | H\u00edrek-lapszemle","description":"A ny\u00e1ron sincs ez m\u00e1sk\u00e9ppen, a legjobban a m\u00e9rn\u00f6k\u00f6ket \u00e9s informatikusokat keresik a c\u00e9gek az \u00faj \u00e1ll\u00e1sokra. Az elm\u00falt \u00e9vekben ny\u00e1ron visszaesett az \u00e1ll\u00e1sk\u00edn\u00e1lat, id\u00e9n m\u00e1r a ny\u00e1ri h\u00f3napokban is folyamatosan keresik a jelentkez\u0151ket. T\u00fczes Imre \u00fczletfejleszt\u00e9si vezet\u0151 szerint m\u00e9rn\u00f6k poz\u00edci\u00f3kra 1120, informatikus poz\u00edci\u00f3kra mintegy 2000 hirdet\u00e9st adtak fel a v\u00e1llalkoz\u00e1sok egy internetes port\u00e1lon. De","inLanguage":"hu-HU","isPartOf":{"@id":"https:\/\/allasorias.hu\/hirek\/#website"},"breadcrumb":{"@id":"https:\/\/allasorias.hu\/hirek\/kurrens-munkaero-a-mernok-es-az-informatikus\/#breadcrumblist"},"author":{"@id":"https:\/\/allasorias.hu\/hirek\/author\/admin-allasorias\/#author"},"creator":{"@id":"https:\/\/allasorias.hu\/hirek\/author\/admin-allasorias\/#author"},"image":{"@type":"ImageObject","url":"https:\/\/allasorias.hu\/hirek\/wp-content\/uploads\/2019\/03\/computer-connection-data-1181675.jpg","@id":"https:\/\/allasorias.hu\/hirek\/kurrens-munkaero-a-mernok-es-az-informatikus\/#mainImage","width":640,"height":427},"primaryImageOfPage":{"@id":"https:\/\/allasorias.hu\/hirek\/kurrens-munkaero-a-mernok-es-az-informatikus\/#mainImage"},"datePublished":"2019-08-14T08:24:03+02:00","dateModified":"2019-08-14T08:24:03+02:00"},{"@type":"WebSite","@id":"https:\/\/allasorias.hu\/hirek\/#website","url":"https:\/\/allasorias.hu\/hirek\/","name":"AllasOrias.hu | H\u00edrek-lapszemle","description":"\u00dczleti h\u00edrek az \u00e1ll\u00e1s \u00e9s a munka vil\u00e1g\u00e1b\u00f3l","inLanguage":"hu-HU","publisher":{"@id":"https:\/\/allasorias.hu\/hirek\/#organization"}}]},"og:locale":"hu_HU","og:site_name":"AllasOrias.hu | H\u00edrek-lapszemle | \u00dczleti h\u00edrek az \u00e1ll\u00e1s \u00e9s a munka vil\u00e1g\u00e1b\u00f3l","og:type":"article","og:title":"Kurrens munkaer\u0151 a m\u00e9rn\u00f6k \u00e9s az informatikus | AllasOrias.hu | H\u00edrek-lapszemle","og:description":"A ny\u00e1ron sincs ez m\u00e1sk\u00e9ppen, a legjobban a m\u00e9rn\u00f6k\u00f6ket \u00e9s informatikusokat keresik a c\u00e9gek az \u00faj \u00e1ll\u00e1sokra. Az elm\u00falt \u00e9vekben ny\u00e1ron visszaesett az \u00e1ll\u00e1sk\u00edn\u00e1lat, id\u00e9n m\u00e1r a ny\u00e1ri h\u00f3napokban is folyamatosan keresik a jelentkez\u0151ket. T\u00fczes Imre \u00fczletfejleszt\u00e9si vezet\u0151 szerint m\u00e9rn\u00f6k poz\u00edci\u00f3kra 1120, informatikus poz\u00edci\u00f3kra mintegy 2000 hirdet\u00e9st adtak fel a v\u00e1llalkoz\u00e1sok egy internetes port\u00e1lon. De","og:url":"https:\/\/allasorias.hu\/hirek\/kurrens-munkaero-a-mernok-es-az-informatikus\/","og:image":"https:\/\/allasorias.hu\/hirek\/wp-content\/uploads\/2019\/03\/computer-connection-data-1181675.jpg","og:image:secure_url":"https:\/\/allasorias.hu\/hirek\/wp-content\/uploads\/2019\/03\/computer-connection-data-1181675.jpg","og:image:width":640,"og:image:height":427,"article:published_time":"2019-08-14T08:24:03+00:00","article:modified_time":"2019-08-14T08:24:03+00:00","article:publisher":"https:\/\/www.facebook.com\/allasorias","twitter:card":"summary_large_image","twitter:title":"Kurrens munkaer\u0151 a m\u00e9rn\u00f6k \u00e9s az informatikus | AllasOrias.hu | H\u00edrek-lapszemle","twitter:description":"A ny\u00e1ron sincs ez m\u00e1sk\u00e9ppen, a legjobban a m\u00e9rn\u00f6k\u00f6ket \u00e9s informatikusokat keresik a c\u00e9gek az \u00faj \u00e1ll\u00e1sokra. Az elm\u00falt \u00e9vekben ny\u00e1ron visszaesett az \u00e1ll\u00e1sk\u00edn\u00e1lat, id\u00e9n m\u00e1r a ny\u00e1ri h\u00f3napokban is folyamatosan keresik a jelentkez\u0151ket. T\u00fczes Imre \u00fczletfejleszt\u00e9si vezet\u0151 szerint m\u00e9rn\u00f6k poz\u00edci\u00f3kra 1120, informatikus poz\u00edci\u00f3kra mintegy 2000 hirdet\u00e9st adtak fel a v\u00e1llalkoz\u00e1sok egy internetes port\u00e1lon. De","twitter:image":"https:\/\/allasorias.hu\/hirek\/wp-content\/uploads\/2019\/03\/computer-connection-data-1181675.jpg","twitter:label1":"Written by","twitter:data1":"Juh\u00e1sz P\u00e9ter","twitter:label2":"Est. reading time","twitter:data2":"2 minutes"},"aioseo_meta_data":{"post_id":"3195","title":null,"description":null,"keywords":null,"keyphrases":null,"primary_term":null,"canonical_url":null,"og_title":null,"og_description":null,"og_object_type":"default","og_image_type":"default","og_image_url":null,"og_image_width":null,"og_image_height":null,"og_image_custom_url":null,"og_image_custom_fields":null,"og_video":null,"og_custom_url":null,"og_article_section":null,"og_article_tags":null,"twitter_use_og":false,"twitter_card":"default","twitter_image_type":"default","twitter_image_url":null,"twitter_image_custom_url":null,"twitter_image_custom_fields":null,"twitter_title":null,"twitter_description":null,"schema":{"blockGraphs":[],"customGraphs":[],"default":{"data":{"Article":[],"Course":[],"Dataset":[],"FAQPage":[],"Movie":[],"Person":[],"Product":[],"ProductReview":[],"Car":[],"Recipe":[],"Service":[],"SoftwareApplication":[],"WebPage":[]},"graphName":"","isEnabled":true},"graphs":[],"defaultGraph":"","defaultPostTypeGraph":""},"schema_type":null,"schema_type_options":null,"pillar_content":false,"robots_default":true,"robots_noindex":false,"robots_noarchive":false,"robots_nosnippet":false,"robots_nofollow":false,"robots_noimageindex":false,"robots_noodp":false,"robots_notranslate":false,"robots_max_snippet":null,"robots_max_videopreview":null,"robots_max_imagepreview":"large","priority":null,"frequency":null,"location":null,"local_seo":null,"breadcrumb_settings":null,"limit_modified_date":false,"ai":null,"created":"2021-02-01 21:57:19","updated":"2025-10-02 11:41:19","seo_analyzer_scan_date":null,"focus_keyword":null,"additional_keywords":null,"truseo_locale":null},"aioseo_breadcrumb":"<div class=\"aioseo-breadcrumbs\"><span class=\"aioseo-breadcrumb\">\n\t\t\t<a href=\"https:\/\/allasorias.hu\/hirek\" title=\"Home\">Home<\/a>\n\t\t<\/span><span class=\"aioseo-breadcrumb-separator\">&raquo;<\/span><span class=\"aioseo-breadcrumb\">\n\t\t\t<a href=\"https:\/\/allasorias.hu\/hirek\/temak\/munkaeropiac\/\" title=\"Munkaer\u0151piac\">Munkaer\u0151piac<\/a>\n\t\t<\/span><span class=\"aioseo-breadcrumb-separator\">&raquo;<\/span><span class=\"aioseo-breadcrumb\">\n\t\t\tKurrens munkaer\u0151 a m\u00e9rn\u00f6k \u00e9s az informatikus\n\t\t<\/span><\/div>","aioseo_breadcrumb_json":[{"label":"Home","link":"https:\/\/allasorias.hu\/hirek"},{"label":"Munkaer\u0151piac","link":"https:\/\/allasorias.hu\/hirek\/temak\/munkaeropiac\/"},{"label":"Kurrens munkaer\u0151 a m\u00e9rn\u00f6k \u00e9s az informatikus","link":"https:\/\/allasorias.hu\/hirek\/kurrens-munkaero-a-mernok-es-az-informatikus\/"}],"_links":{"self":[{"href":"https:\/\/allasorias.hu\/hirek\/wp-json\/wp\/v2\/posts\/3195","targetHints":{"allow":["GET"]}}],"collection":[{"href":"https:\/\/allasorias.hu\/hirek\/wp-json\/wp\/v2\/posts"}],"about":[{"href":"https:\/\/allasorias.hu\/hirek\/wp-json\/wp\/v2\/types\/post"}],"author":[{"embeddable":true,"href":"https:\/\/allasorias.hu\/hirek\/wp-json\/wp\/v2\/users\/1"}],"replies":[{"embeddable":true,"href":"https:\/\/allasorias.hu\/hirek\/wp-json\/wp\/v2\/comments?post=3195"}],"version-history":[{"count":1,"href":"https:\/\/allasorias.hu\/hirek\/wp-json\/wp\/v2\/posts\/3195\/revisions"}],"predecessor-version":[{"id":3196,"href":"https:\/\/allasorias.hu\/hirek\/wp-json\/wp\/v2\/posts\/3195\/revisions\/3196"}],"wp:featuredmedia":[{"embeddable":true,"href":"https:\/\/allasorias.hu\/hirek\/wp-json\/wp\/v2\/media\/2665"}],"wp:attachment":[{"href":"https:\/\/allasorias.hu\/hirek\/wp-json\/wp\/v2\/media?parent=3195"}],"wp:term":[{"taxonomy":"category","embeddable":true,"href":"https:\/\/allasorias.hu\/hirek\/wp-json\/wp\/v2\/categories?post=3195"},{"taxonomy":"post_tag","embeddable":true,"href":"https:\/\/allasorias.hu\/hirek\/wp-json\/wp\/v2\/tags?post=3195"}],"curies":[{"name":"wp","href":"https:\/\/api.w.org\/{rel}","templated":true}]}}