{"id":3183,"date":"2019-08-09T07:45:46","date_gmt":"2019-08-09T07:45:46","guid":{"rendered":"https:\/\/allasorias.hu\/hirek\/?p=3183"},"modified":"2019-08-09T07:54:06","modified_gmt":"2019-08-09T07:54:06","slug":"mi-lesz-a-bosch-dolgozoival-magyarorszagon","status":"publish","type":"post","link":"https:\/\/allasorias.hu\/hirek\/mi-lesz-a-bosch-dolgozoival-magyarorszagon\/","title":{"rendered":"Mi lesz a Bosch dolgoz\u00f3ival Magyarorsz\u00e1gon ?"},"content":{"rendered":"<p><strong>Az elk\u00e9pzel\u00e9sek szerint a Bosch magyarorsz\u00e1gi munk\u00e1sai sz\u00e1m\u00e1ra nem lesz nagyon neh\u00e9z a c\u00e9g tervezett elbocs\u00e1t\u00e1si hull\u00e1ma, mert ugyan glob\u00e1lisan elbocs\u00e1t\u00e1sokra k\u00e9sz\u00fcl a Bosch csoport, magyarorsz\u00e1gi egys\u00e9gei \u00e1tk\u00e9pz\u00e9ssel \u00e9s \u00e1tcsoportos\u00edt\u00e1ssal \u00e1tv\u00e9szelhetik a j\u00e1rm\u0171ipar lejtmenet\u00e9t<\/strong>.<\/p>\n<p>Mint arr\u00f3l a P\u00e9nzcentrum is besz\u00e1molt, a Bosch n\u00e9met anyav\u00e1llalata a h\u00e9ten jelentette be, hogy az aut\u00f3gy\u00e1rt\u00e1s v\u00e1rhat\u00f3 lassul\u00e1sa miatt le\u00e9p\u00edt\u00e9sekre k\u00e9sz\u00fcl. A magyarorsz\u00e1gi le\u00e1nyc\u00e9g most azt k\u00f6z\u00f6lte, hogy a piaci \u00e1talakul\u00e1st a munkat\u00e1rsak \u00e1t- \u00e9s tov\u00e1bbk\u00e9pz\u00e9s\u00e9vel seg\u00edtik, \u00e9s arra t\u00f6rekednek, hogy munkaer\u0151-\u00e1tcsoportos\u00edt\u00e1ssal hossz\u00fa t\u00e1von elker\u00fclhet\u0151 legyen a l\u00e9tsz\u00e1mcs\u00f6kkent\u00e9s Magyarorsz\u00e1gon. A gazdas\u00e1gi n\u00f6veked\u00e9s glob\u00e1lis lassul\u00e1sa a c\u00e9g legt\u00f6bb piaci szegmens\u00e9t \u00e9rinti, a visszaes\u00e9s k\u00fcl\u00f6n\u00f6sen a g\u00e9pj\u00e1rm\u0171iparban \u00e9szlelhet\u0151, a mobilit\u00e1s \u00e1talakul\u00e1sa pedig kih\u00edv\u00e1s \u00e9s egyben lehet\u0151s\u00e9g is a Bosch sz\u00e1m\u00e1ra. A c\u00e9gn\u00e9l egy\u00fattal elismert\u00e9k: egyel\u0151re nem lehet teljes bizonyoss\u00e1ggal el\u0151re jelezni, hogy e t\u00e9nyez\u0151knek milyen konkr\u00e9t hat\u00e1suk lesz a magyarorsz\u00e1gi telephelyekre. A v\u00e1llalat ugyanakkor eml\u00e9keztetett arra, hogy a Bosch Magyarorsz\u00e1gon tavaly 1200 munkahelyet teremtett, ezzel csaknem 14 800-ra n\u0151tt az alkalmazottaik sz\u00e1ma, tov\u00e1bb\u00e1 67 milli\u00e1rd forintnyi fejleszt\u00e9s folyik a v\u00e1llalatcsoportn\u00e1l, ami a Bosch valamennyi magyarorsz\u00e1gi telephely\u00e9t \u00e9rinti.<\/p>\n<p>Forr\u00e1s: penzcentrum.hu<\/p>\n","protected":false},"excerpt":{"rendered":"<p>Az elk\u00e9pzel\u00e9sek szerint a Bosch magyarorsz\u00e1gi munk\u00e1sai sz\u00e1m\u00e1ra nem lesz nagyon neh\u00e9z a c\u00e9g tervezett elbocs\u00e1t\u00e1si hull\u00e1ma, mert ugyan glob\u00e1lisan elbocs\u00e1t\u00e1sokra k\u00e9sz\u00fcl a Bosch csoport, magyarorsz\u00e1gi egys\u00e9gei \u00e1tk\u00e9pz\u00e9ssel \u00e9s \u00e1tcsoportos\u00edt\u00e1ssal \u00e1tv\u00e9szelhetik a j\u00e1rm\u0171ipar lejtmenet\u00e9t. Mint arr\u00f3l a P\u00e9nzcentrum is besz\u00e1molt, a Bosch n\u00e9met anyav\u00e1llalata a h\u00e9ten jelentette be, hogy az aut\u00f3gy\u00e1rt\u00e1s v\u00e1rhat\u00f3 lassul\u00e1sa miatt le\u00e9p\u00edt\u00e9sekre [&hellip;]<\/p>\n","protected":false},"author":1,"featured_media":3016,"comment_status":"open","ping_status":"open","sticky":false,"template":"","format":"standard","meta":{"_monsterinsights_skip_tracking":false,"footnotes":""},"categories":[198,200],"tags":[],"class_list":["post-3183","post","type-post","status-publish","format-standard","has-post-thumbnail","hentry","category-gazdasag","category-munkaeropiac"],"aioseo_notices":[],"aioseo_head":"\n\t\t<!-- All in One SEO 5.0.0.1 - aioseo.com -->\n\t<meta name=\"description\" content=\"Az elk\u00e9pzel\u00e9sek szerint a Bosch magyarorsz\u00e1gi munk\u00e1sai sz\u00e1m\u00e1ra nem lesz nagyon neh\u00e9z a c\u00e9g tervezett elbocs\u00e1t\u00e1si hull\u00e1ma, mert ugyan glob\u00e1lisan elbocs\u00e1t\u00e1sokra k\u00e9sz\u00fcl a Bosch csoport, magyarorsz\u00e1gi egys\u00e9gei \u00e1tk\u00e9pz\u00e9ssel \u00e9s \u00e1tcsoportos\u00edt\u00e1ssal \u00e1tv\u00e9szelhetik a j\u00e1rm\u0171ipar lejtmenet\u00e9t. Mint arr\u00f3l a P\u00e9nzcentrum is besz\u00e1molt, a Bosch n\u00e9met anyav\u00e1llalata a h\u00e9ten jelentette be, hogy az aut\u00f3gy\u00e1rt\u00e1s v\u00e1rhat\u00f3 lassul\u00e1sa miatt le\u00e9p\u00edt\u00e9sekre\" \/>\n\t<meta name=\"robots\" content=\"max-image-preview:large\" \/>\n\t<meta name=\"author\" content=\"Juh\u00e1sz P\u00e9ter\"\/>\n\t<link rel=\"canonical\" href=\"https:\/\/allasorias.hu\/hirek\/mi-lesz-a-bosch-dolgozoival-magyarorszagon\/\" \/>\n\t<meta name=\"generator\" content=\"All in One SEO (AIOSEO) 5.0.0.1\" \/>\n\t\t<meta property=\"og:locale\" content=\"hu_HU\" \/>\n\t\t<meta property=\"og:site_name\" content=\"AllasOrias.hu | H\u00edrek-lapszemle | \u00dczleti h\u00edrek az \u00e1ll\u00e1s \u00e9s a munka vil\u00e1g\u00e1b\u00f3l\" \/>\n\t\t<meta property=\"og:type\" content=\"article\" \/>\n\t\t<meta property=\"og:title\" content=\"Mi lesz a Bosch dolgoz\u00f3ival Magyarorsz\u00e1gon ? | AllasOrias.hu | H\u00edrek-lapszemle\" \/>\n\t\t<meta property=\"og:description\" content=\"Az elk\u00e9pzel\u00e9sek szerint a Bosch magyarorsz\u00e1gi munk\u00e1sai sz\u00e1m\u00e1ra nem lesz nagyon neh\u00e9z a c\u00e9g tervezett elbocs\u00e1t\u00e1si hull\u00e1ma, mert ugyan glob\u00e1lisan elbocs\u00e1t\u00e1sokra k\u00e9sz\u00fcl a Bosch csoport, magyarorsz\u00e1gi egys\u00e9gei \u00e1tk\u00e9pz\u00e9ssel \u00e9s \u00e1tcsoportos\u00edt\u00e1ssal \u00e1tv\u00e9szelhetik a j\u00e1rm\u0171ipar lejtmenet\u00e9t. Mint arr\u00f3l a P\u00e9nzcentrum is besz\u00e1molt, a Bosch n\u00e9met anyav\u00e1llalata a h\u00e9ten jelentette be, hogy az aut\u00f3gy\u00e1rt\u00e1s v\u00e1rhat\u00f3 lassul\u00e1sa miatt le\u00e9p\u00edt\u00e9sekre\" \/>\n\t\t<meta property=\"og:url\" content=\"https:\/\/allasorias.hu\/hirek\/mi-lesz-a-bosch-dolgozoival-magyarorszagon\/\" \/>\n\t\t<meta property=\"og:image\" content=\"https:\/\/allasorias.hu\/hirek\/wp-content\/uploads\/2019\/06\/Logo_Bosch_Sicherheitssysteme_GmbH.png\" \/>\n\t\t<meta property=\"og:image:secure_url\" content=\"https:\/\/allasorias.hu\/hirek\/wp-content\/uploads\/2019\/06\/Logo_Bosch_Sicherheitssysteme_GmbH.png\" \/>\n\t\t<meta property=\"og:image:width\" content=\"550\" \/>\n\t\t<meta property=\"og:image:height\" content=\"353\" \/>\n\t\t<meta property=\"article:published_time\" content=\"2019-08-09T07:45:46+00:00\" \/>\n\t\t<meta property=\"article:modified_time\" content=\"2019-08-09T07:54:06+00:00\" \/>\n\t\t<meta property=\"article:publisher\" content=\"https:\/\/www.facebook.com\/allasorias\" \/>\n\t\t<meta name=\"twitter:card\" content=\"summary_large_image\" \/>\n\t\t<meta name=\"twitter:title\" content=\"Mi lesz a Bosch dolgoz\u00f3ival Magyarorsz\u00e1gon ? | AllasOrias.hu | H\u00edrek-lapszemle\" \/>\n\t\t<meta name=\"twitter:description\" content=\"Az elk\u00e9pzel\u00e9sek szerint a Bosch magyarorsz\u00e1gi munk\u00e1sai sz\u00e1m\u00e1ra nem lesz nagyon neh\u00e9z a c\u00e9g tervezett elbocs\u00e1t\u00e1si hull\u00e1ma, mert ugyan glob\u00e1lisan elbocs\u00e1t\u00e1sokra k\u00e9sz\u00fcl a Bosch csoport, magyarorsz\u00e1gi egys\u00e9gei \u00e1tk\u00e9pz\u00e9ssel \u00e9s \u00e1tcsoportos\u00edt\u00e1ssal \u00e1tv\u00e9szelhetik a j\u00e1rm\u0171ipar lejtmenet\u00e9t. Mint arr\u00f3l a P\u00e9nzcentrum is besz\u00e1molt, a Bosch n\u00e9met anyav\u00e1llalata a h\u00e9ten jelentette be, hogy az aut\u00f3gy\u00e1rt\u00e1s v\u00e1rhat\u00f3 lassul\u00e1sa miatt le\u00e9p\u00edt\u00e9sekre\" \/>\n\t\t<meta name=\"twitter:image\" content=\"https:\/\/allasorias.hu\/hirek\/wp-content\/uploads\/2019\/06\/Logo_Bosch_Sicherheitssysteme_GmbH.png\" \/>\n\t\t<meta name=\"twitter:label1\" content=\"Written by\" \/>\n\t\t<meta name=\"twitter:data1\" content=\"Juh\u00e1sz P\u00e9ter\" \/>\n\t\t<meta name=\"twitter:label2\" content=\"Est. reading time\" \/>\n\t\t<meta name=\"twitter:data2\" content=\"1 minute\" \/>\n\t\t<script type=\"application\/ld+json\" class=\"aioseo-schema\">\n\t\t\t{\"@context\":\"https:\\\/\\\/schema.org\",\"@graph\":[{\"@type\":\"Article\",\"@id\":\"https:\\\/\\\/allasorias.hu\\\/hirek\\\/mi-lesz-a-bosch-dolgozoival-magyarorszagon\\\/#article\",\"name\":\"Mi lesz a Bosch dolgoz\\u00f3ival Magyarorsz\\u00e1gon ? | AllasOrias.hu | H\\u00edrek-lapszemle\",\"headline\":\"Mi lesz a Bosch dolgoz\\u00f3ival Magyarorsz\\u00e1gon ?\",\"author\":{\"@id\":\"https:\\\/\\\/allasorias.hu\\\/hirek\\\/author\\\/admin-allasorias\\\/#author\"},\"publisher\":{\"@id\":\"https:\\\/\\\/allasorias.hu\\\/hirek\\\/#organization\"},\"image\":{\"@type\":\"ImageObject\",\"url\":\"https:\\\/\\\/allasorias.hu\\\/hirek\\\/wp-content\\\/uploads\\\/2019\\\/06\\\/Logo_Bosch_Sicherheitssysteme_GmbH.png\",\"width\":550,\"height\":353},\"datePublished\":\"2019-08-09T07:45:46+02:00\",\"dateModified\":\"2019-08-09T07:54:06+02:00\",\"inLanguage\":\"hu-HU\",\"mainEntityOfPage\":{\"@id\":\"https:\\\/\\\/allasorias.hu\\\/hirek\\\/mi-lesz-a-bosch-dolgozoival-magyarorszagon\\\/#webpage\"},\"isPartOf\":{\"@id\":\"https:\\\/\\\/allasorias.hu\\\/hirek\\\/mi-lesz-a-bosch-dolgozoival-magyarorszagon\\\/#webpage\"},\"articleSection\":\"Gazdas\\u00e1g, Munkaer\\u0151piac\"},{\"@type\":\"BreadcrumbList\",\"@id\":\"https:\\\/\\\/allasorias.hu\\\/hirek\\\/mi-lesz-a-bosch-dolgozoival-magyarorszagon\\\/#breadcrumblist\",\"itemListElement\":[{\"@type\":\"ListItem\",\"@id\":\"https:\\\/\\\/allasorias.hu\\\/hirek#listItem\",\"position\":1,\"name\":\"Home\",\"item\":\"https:\\\/\\\/allasorias.hu\\\/hirek\",\"nextItem\":{\"@type\":\"ListItem\",\"@id\":\"https:\\\/\\\/allasorias.hu\\\/hirek\\\/temak\\\/gazdasag\\\/#listItem\",\"name\":\"Gazdas\\u00e1g\"}},{\"@type\":\"ListItem\",\"@id\":\"https:\\\/\\\/allasorias.hu\\\/hirek\\\/temak\\\/gazdasag\\\/#listItem\",\"position\":2,\"name\":\"Gazdas\\u00e1g\",\"item\":\"https:\\\/\\\/allasorias.hu\\\/hirek\\\/temak\\\/gazdasag\\\/\",\"nextItem\":{\"@type\":\"ListItem\",\"@id\":\"https:\\\/\\\/allasorias.hu\\\/hirek\\\/mi-lesz-a-bosch-dolgozoival-magyarorszagon\\\/#listItem\",\"name\":\"Mi lesz a Bosch dolgoz\\u00f3ival Magyarorsz\\u00e1gon ?\"},\"previousItem\":{\"@type\":\"ListItem\",\"@id\":\"https:\\\/\\\/allasorias.hu\\\/hirek#listItem\",\"name\":\"Home\"}},{\"@type\":\"ListItem\",\"@id\":\"https:\\\/\\\/allasorias.hu\\\/hirek\\\/mi-lesz-a-bosch-dolgozoival-magyarorszagon\\\/#listItem\",\"position\":3,\"name\":\"Mi lesz a Bosch dolgoz\\u00f3ival Magyarorsz\\u00e1gon ?\",\"previousItem\":{\"@type\":\"ListItem\",\"@id\":\"https:\\\/\\\/allasorias.hu\\\/hirek\\\/temak\\\/gazdasag\\\/#listItem\",\"name\":\"Gazdas\\u00e1g\"}}]},{\"@type\":\"Organization\",\"@id\":\"https:\\\/\\\/allasorias.hu\\\/hirek\\\/#organization\",\"name\":\"AllasOrias.hu | H\\u00edrek-lapszemle\",\"description\":\"\\u00dczleti h\\u00edrek az \\u00e1ll\\u00e1s \\u00e9s a munka vil\\u00e1g\\u00e1b\\u00f3l\",\"url\":\"https:\\\/\\\/allasorias.hu\\\/hirek\\\/\",\"logo\":{\"@type\":\"ImageObject\",\"url\":\"https:\\\/\\\/allasorias.hu\\\/hirek\\\/wp-content\\\/uploads\\\/2022\\\/10\\\/allasorias_site_facebok_logo.png\",\"@id\":\"https:\\\/\\\/allasorias.hu\\\/hirek\\\/mi-lesz-a-bosch-dolgozoival-magyarorszagon\\\/#organizationLogo\"},\"image\":{\"@id\":\"https:\\\/\\\/allasorias.hu\\\/hirek\\\/mi-lesz-a-bosch-dolgozoival-magyarorszagon\\\/#organizationLogo\"},\"sameAs\":[\"https:\\\/\\\/www.facebook.com\\\/allasorias\",\"https:\\\/\\\/www.linkedin.com\\\/company\\\/allasorias\"]},{\"@type\":\"Person\",\"@id\":\"https:\\\/\\\/allasorias.hu\\\/hirek\\\/author\\\/admin-allasorias\\\/#author\",\"url\":\"https:\\\/\\\/allasorias.hu\\\/hirek\\\/author\\\/admin-allasorias\\\/\",\"name\":\"Juh\\u00e1sz P\\u00e9ter\",\"image\":{\"@type\":\"ImageObject\",\"@id\":\"https:\\\/\\\/allasorias.hu\\\/hirek\\\/mi-lesz-a-bosch-dolgozoival-magyarorszagon\\\/#authorImage\",\"url\":\"https:\\\/\\\/secure.gravatar.com\\\/avatar\\\/36e6bcb83148978b992977cb0f54d22feb0cce8a0a849a9410532bb2623ba4c6?s=96&d=mm&r=g\",\"width\":96,\"height\":96,\"caption\":\"Juh\\u00e1sz P\\u00e9ter\"}},{\"@type\":\"WebPage\",\"@id\":\"https:\\\/\\\/allasorias.hu\\\/hirek\\\/mi-lesz-a-bosch-dolgozoival-magyarorszagon\\\/#webpage\",\"url\":\"https:\\\/\\\/allasorias.hu\\\/hirek\\\/mi-lesz-a-bosch-dolgozoival-magyarorszagon\\\/\",\"name\":\"Mi lesz a Bosch dolgoz\\u00f3ival Magyarorsz\\u00e1gon ? | AllasOrias.hu | H\\u00edrek-lapszemle\",\"description\":\"Az elk\\u00e9pzel\\u00e9sek szerint a Bosch magyarorsz\\u00e1gi munk\\u00e1sai sz\\u00e1m\\u00e1ra nem lesz nagyon neh\\u00e9z a c\\u00e9g tervezett elbocs\\u00e1t\\u00e1si hull\\u00e1ma, mert ugyan glob\\u00e1lisan elbocs\\u00e1t\\u00e1sokra k\\u00e9sz\\u00fcl a Bosch csoport, magyarorsz\\u00e1gi egys\\u00e9gei \\u00e1tk\\u00e9pz\\u00e9ssel \\u00e9s \\u00e1tcsoportos\\u00edt\\u00e1ssal \\u00e1tv\\u00e9szelhetik a j\\u00e1rm\\u0171ipar lejtmenet\\u00e9t. Mint arr\\u00f3l a P\\u00e9nzcentrum is besz\\u00e1molt, a Bosch n\\u00e9met anyav\\u00e1llalata a h\\u00e9ten jelentette be, hogy az aut\\u00f3gy\\u00e1rt\\u00e1s v\\u00e1rhat\\u00f3 lassul\\u00e1sa miatt le\\u00e9p\\u00edt\\u00e9sekre\",\"inLanguage\":\"hu-HU\",\"isPartOf\":{\"@id\":\"https:\\\/\\\/allasorias.hu\\\/hirek\\\/#website\"},\"breadcrumb\":{\"@id\":\"https:\\\/\\\/allasorias.hu\\\/hirek\\\/mi-lesz-a-bosch-dolgozoival-magyarorszagon\\\/#breadcrumblist\"},\"author\":{\"@id\":\"https:\\\/\\\/allasorias.hu\\\/hirek\\\/author\\\/admin-allasorias\\\/#author\"},\"creator\":{\"@id\":\"https:\\\/\\\/allasorias.hu\\\/hirek\\\/author\\\/admin-allasorias\\\/#author\"},\"image\":{\"@type\":\"ImageObject\",\"url\":\"https:\\\/\\\/allasorias.hu\\\/hirek\\\/wp-content\\\/uploads\\\/2019\\\/06\\\/Logo_Bosch_Sicherheitssysteme_GmbH.png\",\"@id\":\"https:\\\/\\\/allasorias.hu\\\/hirek\\\/mi-lesz-a-bosch-dolgozoival-magyarorszagon\\\/#mainImage\",\"width\":550,\"height\":353},\"primaryImageOfPage\":{\"@id\":\"https:\\\/\\\/allasorias.hu\\\/hirek\\\/mi-lesz-a-bosch-dolgozoival-magyarorszagon\\\/#mainImage\"},\"datePublished\":\"2019-08-09T07:45:46+02:00\",\"dateModified\":\"2019-08-09T07:54:06+02:00\"},{\"@type\":\"WebSite\",\"@id\":\"https:\\\/\\\/allasorias.hu\\\/hirek\\\/#website\",\"url\":\"https:\\\/\\\/allasorias.hu\\\/hirek\\\/\",\"name\":\"AllasOrias.hu | H\\u00edrek-lapszemle\",\"description\":\"\\u00dczleti h\\u00edrek az \\u00e1ll\\u00e1s \\u00e9s a munka vil\\u00e1g\\u00e1b\\u00f3l\",\"inLanguage\":\"hu-HU\",\"publisher\":{\"@id\":\"https:\\\/\\\/allasorias.hu\\\/hirek\\\/#organization\"}}]}\n\t\t<\/script>\n\t\t<!-- All in One SEO -->\n\n","aioseo_head_json":{"title":"Mi lesz a Bosch dolgoz\u00f3ival Magyarorsz\u00e1gon ? | AllasOrias.hu | H\u00edrek-lapszemle","description":"Az elk\u00e9pzel\u00e9sek szerint a Bosch magyarorsz\u00e1gi munk\u00e1sai sz\u00e1m\u00e1ra nem lesz nagyon neh\u00e9z a c\u00e9g tervezett elbocs\u00e1t\u00e1si hull\u00e1ma, mert ugyan glob\u00e1lisan elbocs\u00e1t\u00e1sokra k\u00e9sz\u00fcl a Bosch csoport, magyarorsz\u00e1gi egys\u00e9gei \u00e1tk\u00e9pz\u00e9ssel \u00e9s \u00e1tcsoportos\u00edt\u00e1ssal \u00e1tv\u00e9szelhetik a j\u00e1rm\u0171ipar lejtmenet\u00e9t. Mint arr\u00f3l a P\u00e9nzcentrum is besz\u00e1molt, a Bosch n\u00e9met anyav\u00e1llalata a h\u00e9ten jelentette be, hogy az aut\u00f3gy\u00e1rt\u00e1s v\u00e1rhat\u00f3 lassul\u00e1sa miatt le\u00e9p\u00edt\u00e9sekre","canonical_url":"https:\/\/allasorias.hu\/hirek\/mi-lesz-a-bosch-dolgozoival-magyarorszagon\/","robots":"max-image-preview:large","keywords":"","webmasterTools":{"miscellaneous":""},"schema":{"@context":"https:\/\/schema.org","@graph":[{"@type":"Article","@id":"https:\/\/allasorias.hu\/hirek\/mi-lesz-a-bosch-dolgozoival-magyarorszagon\/#article","name":"Mi lesz a Bosch dolgoz\u00f3ival Magyarorsz\u00e1gon ? | AllasOrias.hu | H\u00edrek-lapszemle","headline":"Mi lesz a Bosch dolgoz\u00f3ival Magyarorsz\u00e1gon ?","author":{"@id":"https:\/\/allasorias.hu\/hirek\/author\/admin-allasorias\/#author"},"publisher":{"@id":"https:\/\/allasorias.hu\/hirek\/#organization"},"image":{"@type":"ImageObject","url":"https:\/\/allasorias.hu\/hirek\/wp-content\/uploads\/2019\/06\/Logo_Bosch_Sicherheitssysteme_GmbH.png","width":550,"height":353},"datePublished":"2019-08-09T07:45:46+02:00","dateModified":"2019-08-09T07:54:06+02:00","inLanguage":"hu-HU","mainEntityOfPage":{"@id":"https:\/\/allasorias.hu\/hirek\/mi-lesz-a-bosch-dolgozoival-magyarorszagon\/#webpage"},"isPartOf":{"@id":"https:\/\/allasorias.hu\/hirek\/mi-lesz-a-bosch-dolgozoival-magyarorszagon\/#webpage"},"articleSection":"Gazdas\u00e1g, Munkaer\u0151piac"},{"@type":"BreadcrumbList","@id":"https:\/\/allasorias.hu\/hirek\/mi-lesz-a-bosch-dolgozoival-magyarorszagon\/#breadcrumblist","itemListElement":[{"@type":"ListItem","@id":"https:\/\/allasorias.hu\/hirek#listItem","position":1,"name":"Home","item":"https:\/\/allasorias.hu\/hirek","nextItem":{"@type":"ListItem","@id":"https:\/\/allasorias.hu\/hirek\/temak\/gazdasag\/#listItem","name":"Gazdas\u00e1g"}},{"@type":"ListItem","@id":"https:\/\/allasorias.hu\/hirek\/temak\/gazdasag\/#listItem","position":2,"name":"Gazdas\u00e1g","item":"https:\/\/allasorias.hu\/hirek\/temak\/gazdasag\/","nextItem":{"@type":"ListItem","@id":"https:\/\/allasorias.hu\/hirek\/mi-lesz-a-bosch-dolgozoival-magyarorszagon\/#listItem","name":"Mi lesz a Bosch dolgoz\u00f3ival Magyarorsz\u00e1gon ?"},"previousItem":{"@type":"ListItem","@id":"https:\/\/allasorias.hu\/hirek#listItem","name":"Home"}},{"@type":"ListItem","@id":"https:\/\/allasorias.hu\/hirek\/mi-lesz-a-bosch-dolgozoival-magyarorszagon\/#listItem","position":3,"name":"Mi lesz a Bosch dolgoz\u00f3ival Magyarorsz\u00e1gon ?","previousItem":{"@type":"ListItem","@id":"https:\/\/allasorias.hu\/hirek\/temak\/gazdasag\/#listItem","name":"Gazdas\u00e1g"}}]},{"@type":"Organization","@id":"https:\/\/allasorias.hu\/hirek\/#organization","name":"AllasOrias.hu | H\u00edrek-lapszemle","description":"\u00dczleti h\u00edrek az \u00e1ll\u00e1s \u00e9s a munka vil\u00e1g\u00e1b\u00f3l","url":"https:\/\/allasorias.hu\/hirek\/","logo":{"@type":"ImageObject","url":"https:\/\/allasorias.hu\/hirek\/wp-content\/uploads\/2022\/10\/allasorias_site_facebok_logo.png","@id":"https:\/\/allasorias.hu\/hirek\/mi-lesz-a-bosch-dolgozoival-magyarorszagon\/#organizationLogo"},"image":{"@id":"https:\/\/allasorias.hu\/hirek\/mi-lesz-a-bosch-dolgozoival-magyarorszagon\/#organizationLogo"},"sameAs":["https:\/\/www.facebook.com\/allasorias","https:\/\/www.linkedin.com\/company\/allasorias"]},{"@type":"Person","@id":"https:\/\/allasorias.hu\/hirek\/author\/admin-allasorias\/#author","url":"https:\/\/allasorias.hu\/hirek\/author\/admin-allasorias\/","name":"Juh\u00e1sz P\u00e9ter","image":{"@type":"ImageObject","@id":"https:\/\/allasorias.hu\/hirek\/mi-lesz-a-bosch-dolgozoival-magyarorszagon\/#authorImage","url":"https:\/\/secure.gravatar.com\/avatar\/36e6bcb83148978b992977cb0f54d22feb0cce8a0a849a9410532bb2623ba4c6?s=96&d=mm&r=g","width":96,"height":96,"caption":"Juh\u00e1sz P\u00e9ter"}},{"@type":"WebPage","@id":"https:\/\/allasorias.hu\/hirek\/mi-lesz-a-bosch-dolgozoival-magyarorszagon\/#webpage","url":"https:\/\/allasorias.hu\/hirek\/mi-lesz-a-bosch-dolgozoival-magyarorszagon\/","name":"Mi lesz a Bosch dolgoz\u00f3ival Magyarorsz\u00e1gon ? | AllasOrias.hu | H\u00edrek-lapszemle","description":"Az elk\u00e9pzel\u00e9sek szerint a Bosch magyarorsz\u00e1gi munk\u00e1sai sz\u00e1m\u00e1ra nem lesz nagyon neh\u00e9z a c\u00e9g tervezett elbocs\u00e1t\u00e1si hull\u00e1ma, mert ugyan glob\u00e1lisan elbocs\u00e1t\u00e1sokra k\u00e9sz\u00fcl a Bosch csoport, magyarorsz\u00e1gi egys\u00e9gei \u00e1tk\u00e9pz\u00e9ssel \u00e9s \u00e1tcsoportos\u00edt\u00e1ssal \u00e1tv\u00e9szelhetik a j\u00e1rm\u0171ipar lejtmenet\u00e9t. Mint arr\u00f3l a P\u00e9nzcentrum is besz\u00e1molt, a Bosch n\u00e9met anyav\u00e1llalata a h\u00e9ten jelentette be, hogy az aut\u00f3gy\u00e1rt\u00e1s v\u00e1rhat\u00f3 lassul\u00e1sa miatt le\u00e9p\u00edt\u00e9sekre","inLanguage":"hu-HU","isPartOf":{"@id":"https:\/\/allasorias.hu\/hirek\/#website"},"breadcrumb":{"@id":"https:\/\/allasorias.hu\/hirek\/mi-lesz-a-bosch-dolgozoival-magyarorszagon\/#breadcrumblist"},"author":{"@id":"https:\/\/allasorias.hu\/hirek\/author\/admin-allasorias\/#author"},"creator":{"@id":"https:\/\/allasorias.hu\/hirek\/author\/admin-allasorias\/#author"},"image":{"@type":"ImageObject","url":"https:\/\/allasorias.hu\/hirek\/wp-content\/uploads\/2019\/06\/Logo_Bosch_Sicherheitssysteme_GmbH.png","@id":"https:\/\/allasorias.hu\/hirek\/mi-lesz-a-bosch-dolgozoival-magyarorszagon\/#mainImage","width":550,"height":353},"primaryImageOfPage":{"@id":"https:\/\/allasorias.hu\/hirek\/mi-lesz-a-bosch-dolgozoival-magyarorszagon\/#mainImage"},"datePublished":"2019-08-09T07:45:46+02:00","dateModified":"2019-08-09T07:54:06+02:00"},{"@type":"WebSite","@id":"https:\/\/allasorias.hu\/hirek\/#website","url":"https:\/\/allasorias.hu\/hirek\/","name":"AllasOrias.hu | H\u00edrek-lapszemle","description":"\u00dczleti h\u00edrek az \u00e1ll\u00e1s \u00e9s a munka vil\u00e1g\u00e1b\u00f3l","inLanguage":"hu-HU","publisher":{"@id":"https:\/\/allasorias.hu\/hirek\/#organization"}}]},"og:locale":"hu_HU","og:site_name":"AllasOrias.hu | H\u00edrek-lapszemle | \u00dczleti h\u00edrek az \u00e1ll\u00e1s \u00e9s a munka vil\u00e1g\u00e1b\u00f3l","og:type":"article","og:title":"Mi lesz a Bosch dolgoz\u00f3ival Magyarorsz\u00e1gon ? | AllasOrias.hu | H\u00edrek-lapszemle","og:description":"Az elk\u00e9pzel\u00e9sek szerint a Bosch magyarorsz\u00e1gi munk\u00e1sai sz\u00e1m\u00e1ra nem lesz nagyon neh\u00e9z a c\u00e9g tervezett elbocs\u00e1t\u00e1si hull\u00e1ma, mert ugyan glob\u00e1lisan elbocs\u00e1t\u00e1sokra k\u00e9sz\u00fcl a Bosch csoport, magyarorsz\u00e1gi egys\u00e9gei \u00e1tk\u00e9pz\u00e9ssel \u00e9s \u00e1tcsoportos\u00edt\u00e1ssal \u00e1tv\u00e9szelhetik a j\u00e1rm\u0171ipar lejtmenet\u00e9t. Mint arr\u00f3l a P\u00e9nzcentrum is besz\u00e1molt, a Bosch n\u00e9met anyav\u00e1llalata a h\u00e9ten jelentette be, hogy az aut\u00f3gy\u00e1rt\u00e1s v\u00e1rhat\u00f3 lassul\u00e1sa miatt le\u00e9p\u00edt\u00e9sekre","og:url":"https:\/\/allasorias.hu\/hirek\/mi-lesz-a-bosch-dolgozoival-magyarorszagon\/","og:image":"https:\/\/allasorias.hu\/hirek\/wp-content\/uploads\/2019\/06\/Logo_Bosch_Sicherheitssysteme_GmbH.png","og:image:secure_url":"https:\/\/allasorias.hu\/hirek\/wp-content\/uploads\/2019\/06\/Logo_Bosch_Sicherheitssysteme_GmbH.png","og:image:width":550,"og:image:height":353,"article:published_time":"2019-08-09T07:45:46+00:00","article:modified_time":"2019-08-09T07:54:06+00:00","article:publisher":"https:\/\/www.facebook.com\/allasorias","twitter:card":"summary_large_image","twitter:title":"Mi lesz a Bosch dolgoz\u00f3ival Magyarorsz\u00e1gon ? | AllasOrias.hu | H\u00edrek-lapszemle","twitter:description":"Az elk\u00e9pzel\u00e9sek szerint a Bosch magyarorsz\u00e1gi munk\u00e1sai sz\u00e1m\u00e1ra nem lesz nagyon neh\u00e9z a c\u00e9g tervezett elbocs\u00e1t\u00e1si hull\u00e1ma, mert ugyan glob\u00e1lisan elbocs\u00e1t\u00e1sokra k\u00e9sz\u00fcl a Bosch csoport, magyarorsz\u00e1gi egys\u00e9gei \u00e1tk\u00e9pz\u00e9ssel \u00e9s \u00e1tcsoportos\u00edt\u00e1ssal \u00e1tv\u00e9szelhetik a j\u00e1rm\u0171ipar lejtmenet\u00e9t. Mint arr\u00f3l a P\u00e9nzcentrum is besz\u00e1molt, a Bosch n\u00e9met anyav\u00e1llalata a h\u00e9ten jelentette be, hogy az aut\u00f3gy\u00e1rt\u00e1s v\u00e1rhat\u00f3 lassul\u00e1sa miatt le\u00e9p\u00edt\u00e9sekre","twitter:image":"https:\/\/allasorias.hu\/hirek\/wp-content\/uploads\/2019\/06\/Logo_Bosch_Sicherheitssysteme_GmbH.png","twitter:label1":"Written by","twitter:data1":"Juh\u00e1sz P\u00e9ter","twitter:label2":"Est. reading time","twitter:data2":"1 minute"},"aioseo_meta_data":{"post_id":"3183","title":null,"description":null,"keywords":null,"keyphrases":null,"primary_term":null,"canonical_url":null,"og_title":null,"og_description":null,"og_object_type":"default","og_image_type":"default","og_image_url":null,"og_image_width":null,"og_image_height":null,"og_image_custom_url":null,"og_image_custom_fields":null,"og_video":null,"og_custom_url":null,"og_article_section":null,"og_article_tags":null,"twitter_use_og":false,"twitter_card":"default","twitter_image_type":"default","twitter_image_url":null,"twitter_image_custom_url":null,"twitter_image_custom_fields":null,"twitter_title":null,"twitter_description":null,"schema":{"blockGraphs":[],"customGraphs":[],"default":{"data":{"Article":[],"Course":[],"Dataset":[],"FAQPage":[],"Movie":[],"Person":[],"Product":[],"ProductReview":[],"Car":[],"Recipe":[],"Service":[],"SoftwareApplication":[],"WebPage":[]},"graphName":"","isEnabled":true},"graphs":[],"defaultGraph":"","defaultPostTypeGraph":""},"schema_type":null,"schema_type_options":null,"pillar_content":false,"robots_default":true,"robots_noindex":false,"robots_noarchive":false,"robots_nosnippet":false,"robots_nofollow":false,"robots_noimageindex":false,"robots_noodp":false,"robots_notranslate":false,"robots_max_snippet":null,"robots_max_videopreview":null,"robots_max_imagepreview":"large","priority":null,"frequency":null,"location":null,"local_seo":null,"breadcrumb_settings":null,"limit_modified_date":false,"ai":null,"created":"2021-02-01 21:57:19","updated":"2025-10-02 11:40:23","seo_analyzer_scan_date":null,"focus_keyword":null,"additional_keywords":null,"truseo_locale":null},"aioseo_breadcrumb":"<div class=\"aioseo-breadcrumbs\"><span class=\"aioseo-breadcrumb\">\n\t\t\t<a href=\"https:\/\/allasorias.hu\/hirek\" title=\"Home\">Home<\/a>\n\t\t<\/span><span class=\"aioseo-breadcrumb-separator\">&raquo;<\/span><span class=\"aioseo-breadcrumb\">\n\t\t\t<a href=\"https:\/\/allasorias.hu\/hirek\/temak\/gazdasag\/\" title=\"Gazdas\u00e1g\">Gazdas\u00e1g<\/a>\n\t\t<\/span><span class=\"aioseo-breadcrumb-separator\">&raquo;<\/span><span class=\"aioseo-breadcrumb\">\n\t\t\tMi lesz a Bosch dolgoz\u00f3ival Magyarorsz\u00e1gon ?\n\t\t<\/span><\/div>","aioseo_breadcrumb_json":[{"label":"Home","link":"https:\/\/allasorias.hu\/hirek"},{"label":"Gazdas\u00e1g","link":"https:\/\/allasorias.hu\/hirek\/temak\/gazdasag\/"},{"label":"Mi lesz a Bosch dolgoz\u00f3ival Magyarorsz\u00e1gon ?","link":"https:\/\/allasorias.hu\/hirek\/mi-lesz-a-bosch-dolgozoival-magyarorszagon\/"}],"_links":{"self":[{"href":"https:\/\/allasorias.hu\/hirek\/wp-json\/wp\/v2\/posts\/3183","targetHints":{"allow":["GET"]}}],"collection":[{"href":"https:\/\/allasorias.hu\/hirek\/wp-json\/wp\/v2\/posts"}],"about":[{"href":"https:\/\/allasorias.hu\/hirek\/wp-json\/wp\/v2\/types\/post"}],"author":[{"embeddable":true,"href":"https:\/\/allasorias.hu\/hirek\/wp-json\/wp\/v2\/users\/1"}],"replies":[{"embeddable":true,"href":"https:\/\/allasorias.hu\/hirek\/wp-json\/wp\/v2\/comments?post=3183"}],"version-history":[{"count":1,"href":"https:\/\/allasorias.hu\/hirek\/wp-json\/wp\/v2\/posts\/3183\/revisions"}],"predecessor-version":[{"id":3184,"href":"https:\/\/allasorias.hu\/hirek\/wp-json\/wp\/v2\/posts\/3183\/revisions\/3184"}],"wp:featuredmedia":[{"embeddable":true,"href":"https:\/\/allasorias.hu\/hirek\/wp-json\/wp\/v2\/media\/3016"}],"wp:attachment":[{"href":"https:\/\/allasorias.hu\/hirek\/wp-json\/wp\/v2\/media?parent=3183"}],"wp:term":[{"taxonomy":"category","embeddable":true,"href":"https:\/\/allasorias.hu\/hirek\/wp-json\/wp\/v2\/categories?post=3183"},{"taxonomy":"post_tag","embeddable":true,"href":"https:\/\/allasorias.hu\/hirek\/wp-json\/wp\/v2\/tags?post=3183"}],"curies":[{"name":"wp","href":"https:\/\/api.w.org\/{rel}","templated":true}]}}