{"id":3168,"date":"2019-08-06T09:15:11","date_gmt":"2019-08-06T09:15:11","guid":{"rendered":"https:\/\/allasorias.hu\/hirek\/?p=3168"},"modified":"2019-08-06T09:15:11","modified_gmt":"2019-08-06T09:15:11","slug":"keves-az-ovodapedagogus","status":"publish","type":"post","link":"https:\/\/allasorias.hu\/hirek\/keves-az-ovodapedagogus\/","title":{"rendered":"Kev\u00e9s az \u00f3vodapedag\u00f3gus"},"content":{"rendered":"<p><strong>A k\u00f6zszf\u00e9ra \u00e1ll\u00e1sport\u00e1lja szerint t\u00f6bb mint 790 \u00f3vodapedag\u00f3gust keresnek az orsz\u00e1gban. A Pedag\u00f3gusok Szakszervezet\u00e9nek v\u00e9lem\u00e9nye, hogy egyre nagyobb lesz a hi\u00e1ny, az Emberi Er\u0151forr\u00e1sok Miniszt\u00e9riuma viszont nem tartja kir\u00edv\u00f3an magasnak a meghirdetett \u00e1ll\u00e1sok sz\u00e1m\u00e1t.<\/strong><\/p>\n<p>T\u00e9ny viszont, hogy csaknem 800 \u00f3vodapedag\u00f3gusi, vagy nevel\u0151i \u00e1ll\u00e1st lehet tal\u00e1lni a k\u00f6zszf\u00e9ra \u00e1ll\u00e1sport\u00e1lja, a K\u00f6zig\u00e1ll\u00e1s oldal\u00e1n. A Pedag\u00f3gusok Szakszervezet\u00e9nek \u00f3vodatagozat\u00e1nak eln\u00f6ke az ATV-nek azt mondta, sok helyr\u0151l k\u00e9rdezt\u00e9k m\u00e1r a szervezetet, hogy 29 gyerekkel \u00e9s 1 \u00f3vodapedag\u00f3gussal el lehet-e kezdeni a tan\u00e9vet? Verba Attil\u00e1n\u00e9 kor\u00e1bban az InfoR\u00e1di\u00f3ban felh\u00edvta a figyelmet arra, hogy a helyzet hossz\u00fat\u00e1von m\u00e9g rosszabb lesz. &#8222;A statisztik\u00e1k szerint az elk\u00f6vetkezend\u0151 5 \u00e9vben a most p\u00e1ly\u00e1n l\u00e9v\u0151, akt\u00edv \u00f3vodapedag\u00f3gusok egyharmada fog elmenni nyugd\u00edjba, itt azt\u00e1n egy komoly l\u00e9tsz\u00e1mhi\u00e1ny fog jelentkezni, \u00e9s nincs annyi ut\u00e1np\u00f3tl\u00e1s, amennyi kellene&#8221; \u2013 fogalmazott. A p\u00e1lyakezd\u0151k eset\u00e9ben a leterhelts\u00e9get \u00e9s az alulfizetetts\u00e9get l\u00e1tja a legf\u0151bb gondnak a szakszervezet \u00f3vodatagozat\u00e1nak eln\u00f6ke. A hatalmas dokument\u00e1ci\u00f3-mennyis\u00e9g, amelyet meg kell \u00edrniuk, a portf\u00f3li\u00f3, a min\u0151s\u00edt\u00e9s, mind-mind olyan dolog, amely nem a p\u00e1ly\u00e1ra vonzza az \u00f3v\u00f3n\u0151ket, sorolta. A gyakornokok ehhez pedig 120 ezer forint nett\u00f3t visznek haza. Verba Attil\u00e1n\u00e9 hangs\u00falyozta, hogy az \u00f3v\u00f3n\u0151hi\u00e1nyra megold\u00e1st jelenthetne a b\u00e9remel\u00e9s, vagy az adminisztr\u00e1ci\u00f3 cs\u00f6kkent\u00e9se. Az Emberi Er\u0151forr\u00e1sok Miniszt\u00e9riuma az InfoR\u00e1di\u00f3 kor\u00e1bbi megkeres\u00e9s\u00e9re arra h\u00edvta fel a figyelmet, hogy\u00a0 ny\u00e1ron \u00e1ltal\u00e1ban megn\u0151 az iskolai \u00e9s \u00f3vodai \u00e1ll\u00e1shirdet\u00e9sek sz\u00e1ma, mivel ekkor k\u00f6sz\u00f6nnek el a nyugd\u00edjba vonul\u00f3 pedag\u00f3gusok. Sokan ilyenkor v\u00e1ltanak munkahelyet, a v\u00e9gzett egyetemist\u00e1k pedig ekkor kezdnek el p\u00e1ly\u00e1zni. A t\u00e1rca szerint \u00e9vente mintegy 6000 f\u0151 v\u00e9gez fels\u0151oktat\u00e1sban pedag\u00f3gusk\u00e9nt, k\u00f6z\u00fcl\u00fck 1300-1500 hallgat\u00f3 \u00f3vodapedag\u00f3giai szakon.<\/p>\n<p>Forr\u00e1s: infostart.hu<\/p>\n","protected":false},"excerpt":{"rendered":"<p>A k\u00f6zszf\u00e9ra \u00e1ll\u00e1sport\u00e1lja szerint t\u00f6bb mint 790 \u00f3vodapedag\u00f3gust keresnek az orsz\u00e1gban. A Pedag\u00f3gusok Szakszervezet\u00e9nek v\u00e9lem\u00e9nye, hogy egyre nagyobb lesz a hi\u00e1ny, az Emberi Er\u0151forr\u00e1sok Miniszt\u00e9riuma viszont nem tartja kir\u00edv\u00f3an magasnak a meghirdetett \u00e1ll\u00e1sok sz\u00e1m\u00e1t. T\u00e9ny viszont, hogy csaknem 800 \u00f3vodapedag\u00f3gusi, vagy nevel\u0151i \u00e1ll\u00e1st lehet tal\u00e1lni a k\u00f6zszf\u00e9ra \u00e1ll\u00e1sport\u00e1lja, a K\u00f6zig\u00e1ll\u00e1s oldal\u00e1n. A Pedag\u00f3gusok Szakszervezet\u00e9nek \u00f3vodatagozat\u00e1nak [&hellip;]<\/p>\n","protected":false},"author":1,"featured_media":3169,"comment_status":"open","ping_status":"open","sticky":false,"template":"","format":"standard","meta":{"_monsterinsights_skip_tracking":false,"footnotes":""},"categories":[1,203,200],"tags":[],"class_list":["post-3168","post","type-post","status-publish","format-standard","has-post-thumbnail","hentry","category-allaskereses","category-hianyszakmak","category-munkaeropiac"],"aioseo_notices":[],"aioseo_head":"\n\t\t<!-- All in One SEO 5.0.0.1 - aioseo.com -->\n\t<meta name=\"description\" content=\"A k\u00f6zszf\u00e9ra \u00e1ll\u00e1sport\u00e1lja szerint t\u00f6bb mint 790 \u00f3vodapedag\u00f3gust keresnek az orsz\u00e1gban. A Pedag\u00f3gusok Szakszervezet\u00e9nek v\u00e9lem\u00e9nye, hogy egyre nagyobb lesz a hi\u00e1ny, az Emberi Er\u0151forr\u00e1sok Miniszt\u00e9riuma viszont nem tartja kir\u00edv\u00f3an magasnak a meghirdetett \u00e1ll\u00e1sok sz\u00e1m\u00e1t. T\u00e9ny viszont, hogy csaknem 800 \u00f3vodapedag\u00f3gusi, vagy nevel\u0151i \u00e1ll\u00e1st lehet tal\u00e1lni a k\u00f6zszf\u00e9ra \u00e1ll\u00e1sport\u00e1lja, a K\u00f6zig\u00e1ll\u00e1s oldal\u00e1n. A Pedag\u00f3gusok Szakszervezet\u00e9nek \u00f3vodatagozat\u00e1nak\" \/>\n\t<meta name=\"robots\" content=\"max-image-preview:large\" \/>\n\t<meta name=\"author\" content=\"Juh\u00e1sz P\u00e9ter\"\/>\n\t<link rel=\"canonical\" href=\"https:\/\/allasorias.hu\/hirek\/keves-az-ovodapedagogus\/\" \/>\n\t<meta name=\"generator\" content=\"All in One SEO (AIOSEO) 5.0.0.1\" \/>\n\t\t<meta property=\"og:locale\" content=\"hu_HU\" \/>\n\t\t<meta property=\"og:site_name\" content=\"AllasOrias.hu | H\u00edrek-lapszemle | \u00dczleti h\u00edrek az \u00e1ll\u00e1s \u00e9s a munka vil\u00e1g\u00e1b\u00f3l\" \/>\n\t\t<meta property=\"og:type\" content=\"article\" \/>\n\t\t<meta property=\"og:title\" content=\"Kev\u00e9s az \u00f3vodapedag\u00f3gus | AllasOrias.hu | H\u00edrek-lapszemle\" \/>\n\t\t<meta property=\"og:description\" content=\"A k\u00f6zszf\u00e9ra \u00e1ll\u00e1sport\u00e1lja szerint t\u00f6bb mint 790 \u00f3vodapedag\u00f3gust keresnek az orsz\u00e1gban. A Pedag\u00f3gusok Szakszervezet\u00e9nek v\u00e9lem\u00e9nye, hogy egyre nagyobb lesz a hi\u00e1ny, az Emberi Er\u0151forr\u00e1sok Miniszt\u00e9riuma viszont nem tartja kir\u00edv\u00f3an magasnak a meghirdetett \u00e1ll\u00e1sok sz\u00e1m\u00e1t. T\u00e9ny viszont, hogy csaknem 800 \u00f3vodapedag\u00f3gusi, vagy nevel\u0151i \u00e1ll\u00e1st lehet tal\u00e1lni a k\u00f6zszf\u00e9ra \u00e1ll\u00e1sport\u00e1lja, a K\u00f6zig\u00e1ll\u00e1s oldal\u00e1n. A Pedag\u00f3gusok Szakszervezet\u00e9nek \u00f3vodatagozat\u00e1nak\" \/>\n\t\t<meta property=\"og:url\" content=\"https:\/\/allasorias.hu\/hirek\/keves-az-ovodapedagogus\/\" \/>\n\t\t<meta property=\"og:image\" content=\"https:\/\/allasorias.hu\/hirek\/wp-content\/uploads\/2019\/08\/baby-2128809_640.jpg\" \/>\n\t\t<meta property=\"og:image:secure_url\" content=\"https:\/\/allasorias.hu\/hirek\/wp-content\/uploads\/2019\/08\/baby-2128809_640.jpg\" \/>\n\t\t<meta property=\"og:image:width\" content=\"640\" \/>\n\t\t<meta property=\"og:image:height\" content=\"475\" \/>\n\t\t<meta property=\"article:published_time\" content=\"2019-08-06T09:15:11+00:00\" \/>\n\t\t<meta property=\"article:modified_time\" content=\"2019-08-06T09:15:11+00:00\" \/>\n\t\t<meta property=\"article:publisher\" content=\"https:\/\/www.facebook.com\/allasorias\" \/>\n\t\t<meta name=\"twitter:card\" content=\"summary_large_image\" \/>\n\t\t<meta name=\"twitter:title\" content=\"Kev\u00e9s az \u00f3vodapedag\u00f3gus | AllasOrias.hu | H\u00edrek-lapszemle\" \/>\n\t\t<meta name=\"twitter:description\" content=\"A k\u00f6zszf\u00e9ra \u00e1ll\u00e1sport\u00e1lja szerint t\u00f6bb mint 790 \u00f3vodapedag\u00f3gust keresnek az orsz\u00e1gban. A Pedag\u00f3gusok Szakszervezet\u00e9nek v\u00e9lem\u00e9nye, hogy egyre nagyobb lesz a hi\u00e1ny, az Emberi Er\u0151forr\u00e1sok Miniszt\u00e9riuma viszont nem tartja kir\u00edv\u00f3an magasnak a meghirdetett \u00e1ll\u00e1sok sz\u00e1m\u00e1t. T\u00e9ny viszont, hogy csaknem 800 \u00f3vodapedag\u00f3gusi, vagy nevel\u0151i \u00e1ll\u00e1st lehet tal\u00e1lni a k\u00f6zszf\u00e9ra \u00e1ll\u00e1sport\u00e1lja, a K\u00f6zig\u00e1ll\u00e1s oldal\u00e1n. A Pedag\u00f3gusok Szakszervezet\u00e9nek \u00f3vodatagozat\u00e1nak\" \/>\n\t\t<meta name=\"twitter:image\" content=\"https:\/\/allasorias.hu\/hirek\/wp-content\/uploads\/2019\/08\/baby-2128809_640.jpg\" \/>\n\t\t<meta name=\"twitter:label1\" content=\"Written by\" \/>\n\t\t<meta name=\"twitter:data1\" content=\"Juh\u00e1sz P\u00e9ter\" \/>\n\t\t<meta name=\"twitter:label2\" content=\"Est. reading time\" \/>\n\t\t<meta name=\"twitter:data2\" content=\"2 minutes\" \/>\n\t\t<script type=\"application\/ld+json\" class=\"aioseo-schema\">\n\t\t\t{\"@context\":\"https:\\\/\\\/schema.org\",\"@graph\":[{\"@type\":\"Article\",\"@id\":\"https:\\\/\\\/allasorias.hu\\\/hirek\\\/keves-az-ovodapedagogus\\\/#article\",\"name\":\"Kev\\u00e9s az \\u00f3vodapedag\\u00f3gus | AllasOrias.hu | H\\u00edrek-lapszemle\",\"headline\":\"Kev\\u00e9s az \\u00f3vodapedag\\u00f3gus\",\"author\":{\"@id\":\"https:\\\/\\\/allasorias.hu\\\/hirek\\\/author\\\/admin-allasorias\\\/#author\"},\"publisher\":{\"@id\":\"https:\\\/\\\/allasorias.hu\\\/hirek\\\/#organization\"},\"image\":{\"@type\":\"ImageObject\",\"url\":\"https:\\\/\\\/allasorias.hu\\\/hirek\\\/wp-content\\\/uploads\\\/2019\\\/08\\\/baby-2128809_640.jpg\",\"width\":640,\"height\":475},\"datePublished\":\"2019-08-06T09:15:11+02:00\",\"dateModified\":\"2019-08-06T09:15:11+02:00\",\"inLanguage\":\"hu-HU\",\"mainEntityOfPage\":{\"@id\":\"https:\\\/\\\/allasorias.hu\\\/hirek\\\/keves-az-ovodapedagogus\\\/#webpage\"},\"isPartOf\":{\"@id\":\"https:\\\/\\\/allasorias.hu\\\/hirek\\\/keves-az-ovodapedagogus\\\/#webpage\"},\"articleSection\":\"\\u00c1ll\\u00e1skeres\\u00e9s, Hi\\u00e1nyszakm\\u00e1k, Munkaer\\u0151piac\"},{\"@type\":\"BreadcrumbList\",\"@id\":\"https:\\\/\\\/allasorias.hu\\\/hirek\\\/keves-az-ovodapedagogus\\\/#breadcrumblist\",\"itemListElement\":[{\"@type\":\"ListItem\",\"@id\":\"https:\\\/\\\/allasorias.hu\\\/hirek#listItem\",\"position\":1,\"name\":\"Home\",\"item\":\"https:\\\/\\\/allasorias.hu\\\/hirek\",\"nextItem\":{\"@type\":\"ListItem\",\"@id\":\"https:\\\/\\\/allasorias.hu\\\/hirek\\\/temak\\\/allaskereses\\\/#listItem\",\"name\":\"\\u00c1ll\\u00e1skeres\\u00e9s\"}},{\"@type\":\"ListItem\",\"@id\":\"https:\\\/\\\/allasorias.hu\\\/hirek\\\/temak\\\/allaskereses\\\/#listItem\",\"position\":2,\"name\":\"\\u00c1ll\\u00e1skeres\\u00e9s\",\"item\":\"https:\\\/\\\/allasorias.hu\\\/hirek\\\/temak\\\/allaskereses\\\/\",\"nextItem\":{\"@type\":\"ListItem\",\"@id\":\"https:\\\/\\\/allasorias.hu\\\/hirek\\\/keves-az-ovodapedagogus\\\/#listItem\",\"name\":\"Kev\\u00e9s az \\u00f3vodapedag\\u00f3gus\"},\"previousItem\":{\"@type\":\"ListItem\",\"@id\":\"https:\\\/\\\/allasorias.hu\\\/hirek#listItem\",\"name\":\"Home\"}},{\"@type\":\"ListItem\",\"@id\":\"https:\\\/\\\/allasorias.hu\\\/hirek\\\/keves-az-ovodapedagogus\\\/#listItem\",\"position\":3,\"name\":\"Kev\\u00e9s az \\u00f3vodapedag\\u00f3gus\",\"previousItem\":{\"@type\":\"ListItem\",\"@id\":\"https:\\\/\\\/allasorias.hu\\\/hirek\\\/temak\\\/allaskereses\\\/#listItem\",\"name\":\"\\u00c1ll\\u00e1skeres\\u00e9s\"}}]},{\"@type\":\"Organization\",\"@id\":\"https:\\\/\\\/allasorias.hu\\\/hirek\\\/#organization\",\"name\":\"AllasOrias.hu | H\\u00edrek-lapszemle\",\"description\":\"\\u00dczleti h\\u00edrek az \\u00e1ll\\u00e1s \\u00e9s a munka vil\\u00e1g\\u00e1b\\u00f3l\",\"url\":\"https:\\\/\\\/allasorias.hu\\\/hirek\\\/\",\"logo\":{\"@type\":\"ImageObject\",\"url\":\"https:\\\/\\\/allasorias.hu\\\/hirek\\\/wp-content\\\/uploads\\\/2022\\\/10\\\/allasorias_site_facebok_logo.png\",\"@id\":\"https:\\\/\\\/allasorias.hu\\\/hirek\\\/keves-az-ovodapedagogus\\\/#organizationLogo\"},\"image\":{\"@id\":\"https:\\\/\\\/allasorias.hu\\\/hirek\\\/keves-az-ovodapedagogus\\\/#organizationLogo\"},\"sameAs\":[\"https:\\\/\\\/www.facebook.com\\\/allasorias\",\"https:\\\/\\\/www.linkedin.com\\\/company\\\/allasorias\"]},{\"@type\":\"Person\",\"@id\":\"https:\\\/\\\/allasorias.hu\\\/hirek\\\/author\\\/admin-allasorias\\\/#author\",\"url\":\"https:\\\/\\\/allasorias.hu\\\/hirek\\\/author\\\/admin-allasorias\\\/\",\"name\":\"Juh\\u00e1sz P\\u00e9ter\",\"image\":{\"@type\":\"ImageObject\",\"@id\":\"https:\\\/\\\/allasorias.hu\\\/hirek\\\/keves-az-ovodapedagogus\\\/#authorImage\",\"url\":\"https:\\\/\\\/secure.gravatar.com\\\/avatar\\\/36e6bcb83148978b992977cb0f54d22feb0cce8a0a849a9410532bb2623ba4c6?s=96&d=mm&r=g\",\"width\":96,\"height\":96,\"caption\":\"Juh\\u00e1sz P\\u00e9ter\"}},{\"@type\":\"WebPage\",\"@id\":\"https:\\\/\\\/allasorias.hu\\\/hirek\\\/keves-az-ovodapedagogus\\\/#webpage\",\"url\":\"https:\\\/\\\/allasorias.hu\\\/hirek\\\/keves-az-ovodapedagogus\\\/\",\"name\":\"Kev\\u00e9s az \\u00f3vodapedag\\u00f3gus | AllasOrias.hu | H\\u00edrek-lapszemle\",\"description\":\"A k\\u00f6zszf\\u00e9ra \\u00e1ll\\u00e1sport\\u00e1lja szerint t\\u00f6bb mint 790 \\u00f3vodapedag\\u00f3gust keresnek az orsz\\u00e1gban. A Pedag\\u00f3gusok Szakszervezet\\u00e9nek v\\u00e9lem\\u00e9nye, hogy egyre nagyobb lesz a hi\\u00e1ny, az Emberi Er\\u0151forr\\u00e1sok Miniszt\\u00e9riuma viszont nem tartja kir\\u00edv\\u00f3an magasnak a meghirdetett \\u00e1ll\\u00e1sok sz\\u00e1m\\u00e1t. T\\u00e9ny viszont, hogy csaknem 800 \\u00f3vodapedag\\u00f3gusi, vagy nevel\\u0151i \\u00e1ll\\u00e1st lehet tal\\u00e1lni a k\\u00f6zszf\\u00e9ra \\u00e1ll\\u00e1sport\\u00e1lja, a K\\u00f6zig\\u00e1ll\\u00e1s oldal\\u00e1n. A Pedag\\u00f3gusok Szakszervezet\\u00e9nek \\u00f3vodatagozat\\u00e1nak\",\"inLanguage\":\"hu-HU\",\"isPartOf\":{\"@id\":\"https:\\\/\\\/allasorias.hu\\\/hirek\\\/#website\"},\"breadcrumb\":{\"@id\":\"https:\\\/\\\/allasorias.hu\\\/hirek\\\/keves-az-ovodapedagogus\\\/#breadcrumblist\"},\"author\":{\"@id\":\"https:\\\/\\\/allasorias.hu\\\/hirek\\\/author\\\/admin-allasorias\\\/#author\"},\"creator\":{\"@id\":\"https:\\\/\\\/allasorias.hu\\\/hirek\\\/author\\\/admin-allasorias\\\/#author\"},\"image\":{\"@type\":\"ImageObject\",\"url\":\"https:\\\/\\\/allasorias.hu\\\/hirek\\\/wp-content\\\/uploads\\\/2019\\\/08\\\/baby-2128809_640.jpg\",\"@id\":\"https:\\\/\\\/allasorias.hu\\\/hirek\\\/keves-az-ovodapedagogus\\\/#mainImage\",\"width\":640,\"height\":475},\"primaryImageOfPage\":{\"@id\":\"https:\\\/\\\/allasorias.hu\\\/hirek\\\/keves-az-ovodapedagogus\\\/#mainImage\"},\"datePublished\":\"2019-08-06T09:15:11+02:00\",\"dateModified\":\"2019-08-06T09:15:11+02:00\"},{\"@type\":\"WebSite\",\"@id\":\"https:\\\/\\\/allasorias.hu\\\/hirek\\\/#website\",\"url\":\"https:\\\/\\\/allasorias.hu\\\/hirek\\\/\",\"name\":\"AllasOrias.hu | H\\u00edrek-lapszemle\",\"description\":\"\\u00dczleti h\\u00edrek az \\u00e1ll\\u00e1s \\u00e9s a munka vil\\u00e1g\\u00e1b\\u00f3l\",\"inLanguage\":\"hu-HU\",\"publisher\":{\"@id\":\"https:\\\/\\\/allasorias.hu\\\/hirek\\\/#organization\"}}]}\n\t\t<\/script>\n\t\t<!-- All in One SEO -->\n\n","aioseo_head_json":{"title":"Kev\u00e9s az \u00f3vodapedag\u00f3gus | AllasOrias.hu | H\u00edrek-lapszemle","description":"A k\u00f6zszf\u00e9ra \u00e1ll\u00e1sport\u00e1lja szerint t\u00f6bb mint 790 \u00f3vodapedag\u00f3gust keresnek az orsz\u00e1gban. A Pedag\u00f3gusok Szakszervezet\u00e9nek v\u00e9lem\u00e9nye, hogy egyre nagyobb lesz a hi\u00e1ny, az Emberi Er\u0151forr\u00e1sok Miniszt\u00e9riuma viszont nem tartja kir\u00edv\u00f3an magasnak a meghirdetett \u00e1ll\u00e1sok sz\u00e1m\u00e1t. T\u00e9ny viszont, hogy csaknem 800 \u00f3vodapedag\u00f3gusi, vagy nevel\u0151i \u00e1ll\u00e1st lehet tal\u00e1lni a k\u00f6zszf\u00e9ra \u00e1ll\u00e1sport\u00e1lja, a K\u00f6zig\u00e1ll\u00e1s oldal\u00e1n. A Pedag\u00f3gusok Szakszervezet\u00e9nek \u00f3vodatagozat\u00e1nak","canonical_url":"https:\/\/allasorias.hu\/hirek\/keves-az-ovodapedagogus\/","robots":"max-image-preview:large","keywords":"","webmasterTools":{"miscellaneous":""},"schema":{"@context":"https:\/\/schema.org","@graph":[{"@type":"Article","@id":"https:\/\/allasorias.hu\/hirek\/keves-az-ovodapedagogus\/#article","name":"Kev\u00e9s az \u00f3vodapedag\u00f3gus | AllasOrias.hu | H\u00edrek-lapszemle","headline":"Kev\u00e9s az \u00f3vodapedag\u00f3gus","author":{"@id":"https:\/\/allasorias.hu\/hirek\/author\/admin-allasorias\/#author"},"publisher":{"@id":"https:\/\/allasorias.hu\/hirek\/#organization"},"image":{"@type":"ImageObject","url":"https:\/\/allasorias.hu\/hirek\/wp-content\/uploads\/2019\/08\/baby-2128809_640.jpg","width":640,"height":475},"datePublished":"2019-08-06T09:15:11+02:00","dateModified":"2019-08-06T09:15:11+02:00","inLanguage":"hu-HU","mainEntityOfPage":{"@id":"https:\/\/allasorias.hu\/hirek\/keves-az-ovodapedagogus\/#webpage"},"isPartOf":{"@id":"https:\/\/allasorias.hu\/hirek\/keves-az-ovodapedagogus\/#webpage"},"articleSection":"\u00c1ll\u00e1skeres\u00e9s, Hi\u00e1nyszakm\u00e1k, Munkaer\u0151piac"},{"@type":"BreadcrumbList","@id":"https:\/\/allasorias.hu\/hirek\/keves-az-ovodapedagogus\/#breadcrumblist","itemListElement":[{"@type":"ListItem","@id":"https:\/\/allasorias.hu\/hirek#listItem","position":1,"name":"Home","item":"https:\/\/allasorias.hu\/hirek","nextItem":{"@type":"ListItem","@id":"https:\/\/allasorias.hu\/hirek\/temak\/allaskereses\/#listItem","name":"\u00c1ll\u00e1skeres\u00e9s"}},{"@type":"ListItem","@id":"https:\/\/allasorias.hu\/hirek\/temak\/allaskereses\/#listItem","position":2,"name":"\u00c1ll\u00e1skeres\u00e9s","item":"https:\/\/allasorias.hu\/hirek\/temak\/allaskereses\/","nextItem":{"@type":"ListItem","@id":"https:\/\/allasorias.hu\/hirek\/keves-az-ovodapedagogus\/#listItem","name":"Kev\u00e9s az \u00f3vodapedag\u00f3gus"},"previousItem":{"@type":"ListItem","@id":"https:\/\/allasorias.hu\/hirek#listItem","name":"Home"}},{"@type":"ListItem","@id":"https:\/\/allasorias.hu\/hirek\/keves-az-ovodapedagogus\/#listItem","position":3,"name":"Kev\u00e9s az \u00f3vodapedag\u00f3gus","previousItem":{"@type":"ListItem","@id":"https:\/\/allasorias.hu\/hirek\/temak\/allaskereses\/#listItem","name":"\u00c1ll\u00e1skeres\u00e9s"}}]},{"@type":"Organization","@id":"https:\/\/allasorias.hu\/hirek\/#organization","name":"AllasOrias.hu | H\u00edrek-lapszemle","description":"\u00dczleti h\u00edrek az \u00e1ll\u00e1s \u00e9s a munka vil\u00e1g\u00e1b\u00f3l","url":"https:\/\/allasorias.hu\/hirek\/","logo":{"@type":"ImageObject","url":"https:\/\/allasorias.hu\/hirek\/wp-content\/uploads\/2022\/10\/allasorias_site_facebok_logo.png","@id":"https:\/\/allasorias.hu\/hirek\/keves-az-ovodapedagogus\/#organizationLogo"},"image":{"@id":"https:\/\/allasorias.hu\/hirek\/keves-az-ovodapedagogus\/#organizationLogo"},"sameAs":["https:\/\/www.facebook.com\/allasorias","https:\/\/www.linkedin.com\/company\/allasorias"]},{"@type":"Person","@id":"https:\/\/allasorias.hu\/hirek\/author\/admin-allasorias\/#author","url":"https:\/\/allasorias.hu\/hirek\/author\/admin-allasorias\/","name":"Juh\u00e1sz P\u00e9ter","image":{"@type":"ImageObject","@id":"https:\/\/allasorias.hu\/hirek\/keves-az-ovodapedagogus\/#authorImage","url":"https:\/\/secure.gravatar.com\/avatar\/36e6bcb83148978b992977cb0f54d22feb0cce8a0a849a9410532bb2623ba4c6?s=96&d=mm&r=g","width":96,"height":96,"caption":"Juh\u00e1sz P\u00e9ter"}},{"@type":"WebPage","@id":"https:\/\/allasorias.hu\/hirek\/keves-az-ovodapedagogus\/#webpage","url":"https:\/\/allasorias.hu\/hirek\/keves-az-ovodapedagogus\/","name":"Kev\u00e9s az \u00f3vodapedag\u00f3gus | AllasOrias.hu | H\u00edrek-lapszemle","description":"A k\u00f6zszf\u00e9ra \u00e1ll\u00e1sport\u00e1lja szerint t\u00f6bb mint 790 \u00f3vodapedag\u00f3gust keresnek az orsz\u00e1gban. A Pedag\u00f3gusok Szakszervezet\u00e9nek v\u00e9lem\u00e9nye, hogy egyre nagyobb lesz a hi\u00e1ny, az Emberi Er\u0151forr\u00e1sok Miniszt\u00e9riuma viszont nem tartja kir\u00edv\u00f3an magasnak a meghirdetett \u00e1ll\u00e1sok sz\u00e1m\u00e1t. T\u00e9ny viszont, hogy csaknem 800 \u00f3vodapedag\u00f3gusi, vagy nevel\u0151i \u00e1ll\u00e1st lehet tal\u00e1lni a k\u00f6zszf\u00e9ra \u00e1ll\u00e1sport\u00e1lja, a K\u00f6zig\u00e1ll\u00e1s oldal\u00e1n. A Pedag\u00f3gusok Szakszervezet\u00e9nek \u00f3vodatagozat\u00e1nak","inLanguage":"hu-HU","isPartOf":{"@id":"https:\/\/allasorias.hu\/hirek\/#website"},"breadcrumb":{"@id":"https:\/\/allasorias.hu\/hirek\/keves-az-ovodapedagogus\/#breadcrumblist"},"author":{"@id":"https:\/\/allasorias.hu\/hirek\/author\/admin-allasorias\/#author"},"creator":{"@id":"https:\/\/allasorias.hu\/hirek\/author\/admin-allasorias\/#author"},"image":{"@type":"ImageObject","url":"https:\/\/allasorias.hu\/hirek\/wp-content\/uploads\/2019\/08\/baby-2128809_640.jpg","@id":"https:\/\/allasorias.hu\/hirek\/keves-az-ovodapedagogus\/#mainImage","width":640,"height":475},"primaryImageOfPage":{"@id":"https:\/\/allasorias.hu\/hirek\/keves-az-ovodapedagogus\/#mainImage"},"datePublished":"2019-08-06T09:15:11+02:00","dateModified":"2019-08-06T09:15:11+02:00"},{"@type":"WebSite","@id":"https:\/\/allasorias.hu\/hirek\/#website","url":"https:\/\/allasorias.hu\/hirek\/","name":"AllasOrias.hu | H\u00edrek-lapszemle","description":"\u00dczleti h\u00edrek az \u00e1ll\u00e1s \u00e9s a munka vil\u00e1g\u00e1b\u00f3l","inLanguage":"hu-HU","publisher":{"@id":"https:\/\/allasorias.hu\/hirek\/#organization"}}]},"og:locale":"hu_HU","og:site_name":"AllasOrias.hu | H\u00edrek-lapszemle | \u00dczleti h\u00edrek az \u00e1ll\u00e1s \u00e9s a munka vil\u00e1g\u00e1b\u00f3l","og:type":"article","og:title":"Kev\u00e9s az \u00f3vodapedag\u00f3gus | AllasOrias.hu | H\u00edrek-lapszemle","og:description":"A k\u00f6zszf\u00e9ra \u00e1ll\u00e1sport\u00e1lja szerint t\u00f6bb mint 790 \u00f3vodapedag\u00f3gust keresnek az orsz\u00e1gban. A Pedag\u00f3gusok Szakszervezet\u00e9nek v\u00e9lem\u00e9nye, hogy egyre nagyobb lesz a hi\u00e1ny, az Emberi Er\u0151forr\u00e1sok Miniszt\u00e9riuma viszont nem tartja kir\u00edv\u00f3an magasnak a meghirdetett \u00e1ll\u00e1sok sz\u00e1m\u00e1t. T\u00e9ny viszont, hogy csaknem 800 \u00f3vodapedag\u00f3gusi, vagy nevel\u0151i \u00e1ll\u00e1st lehet tal\u00e1lni a k\u00f6zszf\u00e9ra \u00e1ll\u00e1sport\u00e1lja, a K\u00f6zig\u00e1ll\u00e1s oldal\u00e1n. A Pedag\u00f3gusok Szakszervezet\u00e9nek \u00f3vodatagozat\u00e1nak","og:url":"https:\/\/allasorias.hu\/hirek\/keves-az-ovodapedagogus\/","og:image":"https:\/\/allasorias.hu\/hirek\/wp-content\/uploads\/2019\/08\/baby-2128809_640.jpg","og:image:secure_url":"https:\/\/allasorias.hu\/hirek\/wp-content\/uploads\/2019\/08\/baby-2128809_640.jpg","og:image:width":640,"og:image:height":475,"article:published_time":"2019-08-06T09:15:11+00:00","article:modified_time":"2019-08-06T09:15:11+00:00","article:publisher":"https:\/\/www.facebook.com\/allasorias","twitter:card":"summary_large_image","twitter:title":"Kev\u00e9s az \u00f3vodapedag\u00f3gus | AllasOrias.hu | H\u00edrek-lapszemle","twitter:description":"A k\u00f6zszf\u00e9ra \u00e1ll\u00e1sport\u00e1lja szerint t\u00f6bb mint 790 \u00f3vodapedag\u00f3gust keresnek az orsz\u00e1gban. A Pedag\u00f3gusok Szakszervezet\u00e9nek v\u00e9lem\u00e9nye, hogy egyre nagyobb lesz a hi\u00e1ny, az Emberi Er\u0151forr\u00e1sok Miniszt\u00e9riuma viszont nem tartja kir\u00edv\u00f3an magasnak a meghirdetett \u00e1ll\u00e1sok sz\u00e1m\u00e1t. T\u00e9ny viszont, hogy csaknem 800 \u00f3vodapedag\u00f3gusi, vagy nevel\u0151i \u00e1ll\u00e1st lehet tal\u00e1lni a k\u00f6zszf\u00e9ra \u00e1ll\u00e1sport\u00e1lja, a K\u00f6zig\u00e1ll\u00e1s oldal\u00e1n. A Pedag\u00f3gusok Szakszervezet\u00e9nek \u00f3vodatagozat\u00e1nak","twitter:image":"https:\/\/allasorias.hu\/hirek\/wp-content\/uploads\/2019\/08\/baby-2128809_640.jpg","twitter:label1":"Written by","twitter:data1":"Juh\u00e1sz P\u00e9ter","twitter:label2":"Est. reading time","twitter:data2":"2 minutes"},"aioseo_meta_data":{"post_id":"3168","title":null,"description":null,"keywords":null,"keyphrases":null,"primary_term":null,"canonical_url":null,"og_title":null,"og_description":null,"og_object_type":"default","og_image_type":"default","og_image_url":null,"og_image_width":null,"og_image_height":null,"og_image_custom_url":null,"og_image_custom_fields":null,"og_video":null,"og_custom_url":null,"og_article_section":null,"og_article_tags":null,"twitter_use_og":false,"twitter_card":"default","twitter_image_type":"default","twitter_image_url":null,"twitter_image_custom_url":null,"twitter_image_custom_fields":null,"twitter_title":null,"twitter_description":null,"schema":{"blockGraphs":[],"customGraphs":[],"default":{"data":{"Article":[],"Course":[],"Dataset":[],"FAQPage":[],"Movie":[],"Person":[],"Product":[],"ProductReview":[],"Car":[],"Recipe":[],"Service":[],"SoftwareApplication":[],"WebPage":[]},"graphName":"","isEnabled":true},"graphs":[],"defaultGraph":"","defaultPostTypeGraph":""},"schema_type":null,"schema_type_options":null,"pillar_content":false,"robots_default":true,"robots_noindex":false,"robots_noarchive":false,"robots_nosnippet":false,"robots_nofollow":false,"robots_noimageindex":false,"robots_noodp":false,"robots_notranslate":false,"robots_max_snippet":null,"robots_max_videopreview":null,"robots_max_imagepreview":"large","priority":null,"frequency":null,"location":null,"local_seo":null,"breadcrumb_settings":null,"limit_modified_date":false,"ai":null,"created":"2021-02-01 21:57:19","updated":"2025-10-02 11:39:22","seo_analyzer_scan_date":null,"focus_keyword":null,"additional_keywords":null,"truseo_locale":null},"aioseo_breadcrumb":"<div class=\"aioseo-breadcrumbs\"><span class=\"aioseo-breadcrumb\">\n\t\t\t<a href=\"https:\/\/allasorias.hu\/hirek\" title=\"Home\">Home<\/a>\n\t\t<\/span><span class=\"aioseo-breadcrumb-separator\">&raquo;<\/span><span class=\"aioseo-breadcrumb\">\n\t\t\t<a href=\"https:\/\/allasorias.hu\/hirek\/temak\/allaskereses\/\" title=\"\u00c1ll\u00e1skeres\u00e9s\">\u00c1ll\u00e1skeres\u00e9s<\/a>\n\t\t<\/span><span class=\"aioseo-breadcrumb-separator\">&raquo;<\/span><span class=\"aioseo-breadcrumb\">\n\t\t\tKev\u00e9s az \u00f3vodapedag\u00f3gus\n\t\t<\/span><\/div>","aioseo_breadcrumb_json":[{"label":"Home","link":"https:\/\/allasorias.hu\/hirek"},{"label":"\u00c1ll\u00e1skeres\u00e9s","link":"https:\/\/allasorias.hu\/hirek\/temak\/allaskereses\/"},{"label":"Kev\u00e9s az \u00f3vodapedag\u00f3gus","link":"https:\/\/allasorias.hu\/hirek\/keves-az-ovodapedagogus\/"}],"_links":{"self":[{"href":"https:\/\/allasorias.hu\/hirek\/wp-json\/wp\/v2\/posts\/3168","targetHints":{"allow":["GET"]}}],"collection":[{"href":"https:\/\/allasorias.hu\/hirek\/wp-json\/wp\/v2\/posts"}],"about":[{"href":"https:\/\/allasorias.hu\/hirek\/wp-json\/wp\/v2\/types\/post"}],"author":[{"embeddable":true,"href":"https:\/\/allasorias.hu\/hirek\/wp-json\/wp\/v2\/users\/1"}],"replies":[{"embeddable":true,"href":"https:\/\/allasorias.hu\/hirek\/wp-json\/wp\/v2\/comments?post=3168"}],"version-history":[{"count":1,"href":"https:\/\/allasorias.hu\/hirek\/wp-json\/wp\/v2\/posts\/3168\/revisions"}],"predecessor-version":[{"id":3170,"href":"https:\/\/allasorias.hu\/hirek\/wp-json\/wp\/v2\/posts\/3168\/revisions\/3170"}],"wp:featuredmedia":[{"embeddable":true,"href":"https:\/\/allasorias.hu\/hirek\/wp-json\/wp\/v2\/media\/3169"}],"wp:attachment":[{"href":"https:\/\/allasorias.hu\/hirek\/wp-json\/wp\/v2\/media?parent=3168"}],"wp:term":[{"taxonomy":"category","embeddable":true,"href":"https:\/\/allasorias.hu\/hirek\/wp-json\/wp\/v2\/categories?post=3168"},{"taxonomy":"post_tag","embeddable":true,"href":"https:\/\/allasorias.hu\/hirek\/wp-json\/wp\/v2\/tags?post=3168"}],"curies":[{"name":"wp","href":"https:\/\/api.w.org\/{rel}","templated":true}]}}