{"id":3163,"date":"2019-08-02T09:33:23","date_gmt":"2019-08-02T09:33:23","guid":{"rendered":"https:\/\/allasorias.hu\/hirek\/?p=3163"},"modified":"2019-08-02T09:33:23","modified_gmt":"2019-08-02T09:33:23","slug":"hol-szeretnenek-allampolgarok-lenni-a-magyarok","status":"publish","type":"post","link":"https:\/\/allasorias.hu\/hirek\/hol-szeretnenek-allampolgarok-lenni-a-magyarok\/","title":{"rendered":"Hol szeretn\u00e9nek \u00e1llampolg\u00e1rok lenni a magyarok ?"},"content":{"rendered":"<p><strong>Az Eurostat adatai szerint 2017-ben \u00f6sszesen mintegy 825 ezer \u00faj \u00e1llampolg\u00e1rs\u00e1got adtak ki az ig\u00e9nyl\u0151knek az uni\u00f3s tag\u00e1llamok. A legt\u00f6bben Olaszorsz\u00e1gban jutottak \u00e1llampolg\u00e1rs\u00e1ghoz, ezt az Egyes\u00fclt Kir\u00e1lys\u00e1g, N\u00e9metorsz\u00e1g, Franciaorsz\u00e1g, Sv\u00e9dorsz\u00e1g \u00e9s Spanyolorsz\u00e1g k\u00f6veti a list\u00e1n. A kiadott k\u00e9relmek 8 sz\u00e1zal\u00e9k\u00e1t eredetileg marokk\u00f3i \u00e1llampolg\u00e1rs\u00e1g\u00fa emberekt\u0151l fogadt\u00e1k el, \u0151ket az alb\u00e1nok k\u00f6vetik 7, \u00e9s a t\u00f6r\u00f6k\u00f6k, valamint az indiaiak 4-4 sz\u00e1zal\u00e9kkal.<\/strong><\/p>\n<p>Az az eltelt h\u00e9t \u00e9v alatt drasztikusan n\u0151tt a brit \u00e1llampolg\u00e1rs\u00e1got megkap\u00f3k sz\u00e1ma, m\u00edg N\u00e9metorsz\u00e1gban sokkal kisebb \u00fctem\u0171 volt az emelked\u00e9s. A h\u00e1rom legt\u00f6bbsz\u00f6r \u00e1llampolg\u00e1rs\u00e1got ad\u00f3 orsz\u00e1g \u00e9let\u00e9ben, ebb\u0151l a szempontb\u00f3l ezzel egy\u00fctt sem sz\u00e1mottev\u0151ek a magyar kiv\u00e1ndorl\u00f3k, hiszen p\u00e9ld\u00e1ul N\u00e9metorsz\u00e1gban a 2017-es \u00e9vben \u00f6sszesen t\u00f6bb mint 115 ezer k\u00e9relmet b\u00edr\u00e1ltak el pozit\u00edvan \u2013 a legnagyobb ar\u00e1nyban a t\u00f6r\u00f6k\u00f6k v\u00e1ltak teljes jog\u00fa polg\u00e1rokk\u00e1. 2010-ben gyakorlatilag eleny\u00e9sz\u0151 volt azon magyaroknak a sz\u00e1ma, akik hivatalosan is megszerezt\u00e9k az osztr\u00e1k \u00e1llampolg\u00e1rs\u00e1got (mind\u00f6ssze 68 a t\u00f6bb mint 6100 elfogadott k\u00e9relemb\u0151l). Ez a sz\u00e1m h\u00e9t \u00e9v alatt gyakorlatilag megn\u00e9gyszerez\u0151d\u00f6tt, hiszen 2017-ben m\u00e1r 227-en kapt\u00e1k meg a pap\u00edrt. Szint\u00e9n hasonl\u00f3 a helyzet \u00c9szak-\u00cdrorsz\u00e1gban is \u2013 m\u00edg 2010-ben csak kett\u0151 magyar kapta meg Belfastt\u00f3l az \u00e1llampolg\u00e1rs\u00e1got, 2017-ben m\u00e1r 163.\u00a0 Az Eur\u00f3pai Uni\u00f3 legt\u00f6bb tag\u00e1llam\u00e1ban a t\u00e9nyleges \u00e1llampolg\u00e1rs\u00e1g (nemcsak a tart\u00f3zkod\u00e1si \u00e9s munkav\u00e1llal\u00e1si enged\u00e9ly) megszerz\u00e9se komoly felt\u00e9telekhez van k\u00f6tve \u2013 p\u00e9ld\u00e1ul t\u00f6bb \u00e9vnyi igazolt kinti munkav\u00e1llal\u00e1shoz, \u00e9s bejelentett lakc\u00edmhez. Ezt szem el\u0151tt tartva felt\u00e9telezhetj\u00fck, hogy a 2015 \u00e9s 2017 k\u00f6zti id\u0151szakban \u00e1llampolg\u00e1rs\u00e1got szerz\u0151 magyarok kiv\u00e1ndorl\u00e1sa \u00f3ta hossz\u00fa id\u0151 telt el. A kiv\u00e1ndorolt magyarok mellett \u00e9rdemes megn\u00e9zni azt is, hogy mi a helyzet azokkal, akik magyar \u00e1llampolg\u00e1rs\u00e1g\u00e9rt folyamodnak. 2017-ben Magyarorsz\u00e1g 2787 \u00faj \u00e1llampolg\u00e1rs\u00e1got adott ki, ebb\u0151l 2415-\u00f6t eur\u00f3paiaknak. D\u00f6nt\u0151 t\u00f6bbs\u00e9gben a rom\u00e1n \u00e1llampolg\u00e1rs\u00e1ggal rendelkez\u0151k kapt\u00e1k meg a magyar pap\u00edrokat (1757 f\u0151) &#8211; ez egy\u00e1ltal\u00e1n nem meglep\u0151 a k\u00fclhoni magyaroknak ny\u00fajtott, a korm\u00e1ny \u00e1ltal er\u0151sen t\u00e1mogatott \u00e1llampolg\u00e1rs\u00e1g-szerz\u00e9si rendszer tekintet\u00e9ben. Szint\u00e9n a hat\u00e1ron t\u00fali magyars\u00e1gok ig\u00e9nyl\u00e9seinek tudhat\u00f3 be felt\u00e9telezhet\u0151en az, hogy Ukrajn\u00e1b\u00f3l 186-an, Szlov\u00e1ki\u00e1b\u00f3l 136-an, m\u00edg Szerbi\u00e1b\u00f3l 93-an jutottak \u00e1llampolg\u00e1rs\u00e1ghoz. A k\u00fclhoni magyarok mellett egy\u00e9bk\u00e9nt az afrikai orsz\u00e1gokb\u00f3l 301-en, az \u00e1zsiai orsz\u00e1gokb\u00f3l 181-en, m\u00edg Oroszorsz\u00e1gb\u00f3l 78-an kapt\u00e1k meg a magyar \u00e1llampolg\u00e1rs\u00e1got az \u00e9vben.<\/p>\n<p>Forr\u00e1s: privatbankar.hu<\/p>\n<p>&nbsp;<\/p>\n<p>&nbsp;<\/p>\n","protected":false},"excerpt":{"rendered":"<p>Az Eurostat adatai szerint 2017-ben \u00f6sszesen mintegy 825 ezer \u00faj \u00e1llampolg\u00e1rs\u00e1got adtak ki az ig\u00e9nyl\u0151knek az uni\u00f3s tag\u00e1llamok. A legt\u00f6bben Olaszorsz\u00e1gban jutottak \u00e1llampolg\u00e1rs\u00e1ghoz, ezt az Egyes\u00fclt Kir\u00e1lys\u00e1g, N\u00e9metorsz\u00e1g, Franciaorsz\u00e1g, Sv\u00e9dorsz\u00e1g \u00e9s Spanyolorsz\u00e1g k\u00f6veti a list\u00e1n. A kiadott k\u00e9relmek 8 sz\u00e1zal\u00e9k\u00e1t eredetileg marokk\u00f3i \u00e1llampolg\u00e1rs\u00e1g\u00fa emberekt\u0151l fogadt\u00e1k el, \u0151ket az alb\u00e1nok k\u00f6vetik 7, \u00e9s a t\u00f6r\u00f6k\u00f6k, valamint [&hellip;]<\/p>\n","protected":false},"author":1,"featured_media":3164,"comment_status":"open","ping_status":"open","sticky":false,"template":"","format":"standard","meta":{"_monsterinsights_skip_tracking":false,"footnotes":""},"categories":[198,201],"tags":[],"class_list":["post-3163","post","type-post","status-publish","format-standard","has-post-thumbnail","hentry","category-gazdasag","category-kulfold"],"aioseo_notices":[],"aioseo_head":"\n\t\t<!-- All in One SEO 5.0.0.1 - aioseo.com -->\n\t<meta name=\"description\" content=\"Az Eurostat adatai szerint 2017-ben \u00f6sszesen mintegy 825 ezer \u00faj \u00e1llampolg\u00e1rs\u00e1got adtak ki az ig\u00e9nyl\u0151knek az uni\u00f3s tag\u00e1llamok. A legt\u00f6bben Olaszorsz\u00e1gban jutottak \u00e1llampolg\u00e1rs\u00e1ghoz, ezt az Egyes\u00fclt Kir\u00e1lys\u00e1g, N\u00e9metorsz\u00e1g, Franciaorsz\u00e1g, Sv\u00e9dorsz\u00e1g \u00e9s Spanyolorsz\u00e1g k\u00f6veti a list\u00e1n. A kiadott k\u00e9relmek 8 sz\u00e1zal\u00e9k\u00e1t eredetileg marokk\u00f3i \u00e1llampolg\u00e1rs\u00e1g\u00fa emberekt\u0151l fogadt\u00e1k el, \u0151ket az alb\u00e1nok k\u00f6vetik 7, \u00e9s a t\u00f6r\u00f6k\u00f6k, valamint\" \/>\n\t<meta name=\"robots\" content=\"max-image-preview:large\" \/>\n\t<meta name=\"author\" content=\"Juh\u00e1sz P\u00e9ter\"\/>\n\t<link rel=\"canonical\" href=\"https:\/\/allasorias.hu\/hirek\/hol-szeretnenek-allampolgarok-lenni-a-magyarok\/\" \/>\n\t<meta name=\"generator\" content=\"All in One SEO (AIOSEO) 5.0.0.1\" \/>\n\t\t<meta property=\"og:locale\" content=\"hu_HU\" \/>\n\t\t<meta property=\"og:site_name\" content=\"AllasOrias.hu | H\u00edrek-lapszemle | \u00dczleti h\u00edrek az \u00e1ll\u00e1s \u00e9s a munka vil\u00e1g\u00e1b\u00f3l\" \/>\n\t\t<meta property=\"og:type\" content=\"article\" \/>\n\t\t<meta property=\"og:title\" content=\"Hol szeretn\u00e9nek \u00e1llampolg\u00e1rok lenni a magyarok ? | AllasOrias.hu | H\u00edrek-lapszemle\" \/>\n\t\t<meta property=\"og:description\" content=\"Az Eurostat adatai szerint 2017-ben \u00f6sszesen mintegy 825 ezer \u00faj \u00e1llampolg\u00e1rs\u00e1got adtak ki az ig\u00e9nyl\u0151knek az uni\u00f3s tag\u00e1llamok. A legt\u00f6bben Olaszorsz\u00e1gban jutottak \u00e1llampolg\u00e1rs\u00e1ghoz, ezt az Egyes\u00fclt Kir\u00e1lys\u00e1g, N\u00e9metorsz\u00e1g, Franciaorsz\u00e1g, Sv\u00e9dorsz\u00e1g \u00e9s Spanyolorsz\u00e1g k\u00f6veti a list\u00e1n. A kiadott k\u00e9relmek 8 sz\u00e1zal\u00e9k\u00e1t eredetileg marokk\u00f3i \u00e1llampolg\u00e1rs\u00e1g\u00fa emberekt\u0151l fogadt\u00e1k el, \u0151ket az alb\u00e1nok k\u00f6vetik 7, \u00e9s a t\u00f6r\u00f6k\u00f6k, valamint\" \/>\n\t\t<meta property=\"og:url\" content=\"https:\/\/allasorias.hu\/hirek\/hol-szeretnenek-allampolgarok-lenni-a-magyarok\/\" \/>\n\t\t<meta property=\"og:image\" content=\"https:\/\/allasorias.hu\/hirek\/wp-content\/uploads\/2019\/08\/hungarian-flag-1344048_640.jpg\" \/>\n\t\t<meta property=\"og:image:secure_url\" content=\"https:\/\/allasorias.hu\/hirek\/wp-content\/uploads\/2019\/08\/hungarian-flag-1344048_640.jpg\" \/>\n\t\t<meta property=\"og:image:width\" content=\"640\" \/>\n\t\t<meta property=\"og:image:height\" content=\"360\" \/>\n\t\t<meta property=\"article:published_time\" content=\"2019-08-02T09:33:23+00:00\" \/>\n\t\t<meta property=\"article:modified_time\" content=\"2019-08-02T09:33:23+00:00\" \/>\n\t\t<meta property=\"article:publisher\" content=\"https:\/\/www.facebook.com\/allasorias\" \/>\n\t\t<meta name=\"twitter:card\" content=\"summary_large_image\" \/>\n\t\t<meta name=\"twitter:title\" content=\"Hol szeretn\u00e9nek \u00e1llampolg\u00e1rok lenni a magyarok ? | AllasOrias.hu | H\u00edrek-lapszemle\" \/>\n\t\t<meta name=\"twitter:description\" content=\"Az Eurostat adatai szerint 2017-ben \u00f6sszesen mintegy 825 ezer \u00faj \u00e1llampolg\u00e1rs\u00e1got adtak ki az ig\u00e9nyl\u0151knek az uni\u00f3s tag\u00e1llamok. A legt\u00f6bben Olaszorsz\u00e1gban jutottak \u00e1llampolg\u00e1rs\u00e1ghoz, ezt az Egyes\u00fclt Kir\u00e1lys\u00e1g, N\u00e9metorsz\u00e1g, Franciaorsz\u00e1g, Sv\u00e9dorsz\u00e1g \u00e9s Spanyolorsz\u00e1g k\u00f6veti a list\u00e1n. A kiadott k\u00e9relmek 8 sz\u00e1zal\u00e9k\u00e1t eredetileg marokk\u00f3i \u00e1llampolg\u00e1rs\u00e1g\u00fa emberekt\u0151l fogadt\u00e1k el, \u0151ket az alb\u00e1nok k\u00f6vetik 7, \u00e9s a t\u00f6r\u00f6k\u00f6k, valamint\" \/>\n\t\t<meta name=\"twitter:image\" content=\"https:\/\/allasorias.hu\/hirek\/wp-content\/uploads\/2019\/08\/hungarian-flag-1344048_640.jpg\" \/>\n\t\t<meta name=\"twitter:label1\" content=\"Written by\" \/>\n\t\t<meta name=\"twitter:data1\" content=\"Juh\u00e1sz P\u00e9ter\" \/>\n\t\t<meta name=\"twitter:label2\" content=\"Est. reading time\" \/>\n\t\t<meta name=\"twitter:data2\" content=\"3 minutes\" \/>\n\t\t<script type=\"application\/ld+json\" class=\"aioseo-schema\">\n\t\t\t{\"@context\":\"https:\\\/\\\/schema.org\",\"@graph\":[{\"@type\":\"Article\",\"@id\":\"https:\\\/\\\/allasorias.hu\\\/hirek\\\/hol-szeretnenek-allampolgarok-lenni-a-magyarok\\\/#article\",\"name\":\"Hol szeretn\\u00e9nek \\u00e1llampolg\\u00e1rok lenni a magyarok ? | AllasOrias.hu | H\\u00edrek-lapszemle\",\"headline\":\"Hol szeretn\\u00e9nek \\u00e1llampolg\\u00e1rok lenni a magyarok ?\",\"author\":{\"@id\":\"https:\\\/\\\/allasorias.hu\\\/hirek\\\/author\\\/admin-allasorias\\\/#author\"},\"publisher\":{\"@id\":\"https:\\\/\\\/allasorias.hu\\\/hirek\\\/#organization\"},\"image\":{\"@type\":\"ImageObject\",\"url\":\"https:\\\/\\\/allasorias.hu\\\/hirek\\\/wp-content\\\/uploads\\\/2019\\\/08\\\/hungarian-flag-1344048_640.jpg\",\"width\":640,\"height\":360},\"datePublished\":\"2019-08-02T09:33:23+02:00\",\"dateModified\":\"2019-08-02T09:33:23+02:00\",\"inLanguage\":\"hu-HU\",\"mainEntityOfPage\":{\"@id\":\"https:\\\/\\\/allasorias.hu\\\/hirek\\\/hol-szeretnenek-allampolgarok-lenni-a-magyarok\\\/#webpage\"},\"isPartOf\":{\"@id\":\"https:\\\/\\\/allasorias.hu\\\/hirek\\\/hol-szeretnenek-allampolgarok-lenni-a-magyarok\\\/#webpage\"},\"articleSection\":\"Gazdas\\u00e1g, K\\u00fclf\\u00f6ld\"},{\"@type\":\"BreadcrumbList\",\"@id\":\"https:\\\/\\\/allasorias.hu\\\/hirek\\\/hol-szeretnenek-allampolgarok-lenni-a-magyarok\\\/#breadcrumblist\",\"itemListElement\":[{\"@type\":\"ListItem\",\"@id\":\"https:\\\/\\\/allasorias.hu\\\/hirek#listItem\",\"position\":1,\"name\":\"Home\",\"item\":\"https:\\\/\\\/allasorias.hu\\\/hirek\",\"nextItem\":{\"@type\":\"ListItem\",\"@id\":\"https:\\\/\\\/allasorias.hu\\\/hirek\\\/temak\\\/gazdasag\\\/#listItem\",\"name\":\"Gazdas\\u00e1g\"}},{\"@type\":\"ListItem\",\"@id\":\"https:\\\/\\\/allasorias.hu\\\/hirek\\\/temak\\\/gazdasag\\\/#listItem\",\"position\":2,\"name\":\"Gazdas\\u00e1g\",\"item\":\"https:\\\/\\\/allasorias.hu\\\/hirek\\\/temak\\\/gazdasag\\\/\",\"nextItem\":{\"@type\":\"ListItem\",\"@id\":\"https:\\\/\\\/allasorias.hu\\\/hirek\\\/hol-szeretnenek-allampolgarok-lenni-a-magyarok\\\/#listItem\",\"name\":\"Hol szeretn\\u00e9nek \\u00e1llampolg\\u00e1rok lenni a magyarok ?\"},\"previousItem\":{\"@type\":\"ListItem\",\"@id\":\"https:\\\/\\\/allasorias.hu\\\/hirek#listItem\",\"name\":\"Home\"}},{\"@type\":\"ListItem\",\"@id\":\"https:\\\/\\\/allasorias.hu\\\/hirek\\\/hol-szeretnenek-allampolgarok-lenni-a-magyarok\\\/#listItem\",\"position\":3,\"name\":\"Hol szeretn\\u00e9nek \\u00e1llampolg\\u00e1rok lenni a magyarok ?\",\"previousItem\":{\"@type\":\"ListItem\",\"@id\":\"https:\\\/\\\/allasorias.hu\\\/hirek\\\/temak\\\/gazdasag\\\/#listItem\",\"name\":\"Gazdas\\u00e1g\"}}]},{\"@type\":\"Organization\",\"@id\":\"https:\\\/\\\/allasorias.hu\\\/hirek\\\/#organization\",\"name\":\"AllasOrias.hu | H\\u00edrek-lapszemle\",\"description\":\"\\u00dczleti h\\u00edrek az \\u00e1ll\\u00e1s \\u00e9s a munka vil\\u00e1g\\u00e1b\\u00f3l\",\"url\":\"https:\\\/\\\/allasorias.hu\\\/hirek\\\/\",\"logo\":{\"@type\":\"ImageObject\",\"url\":\"https:\\\/\\\/allasorias.hu\\\/hirek\\\/wp-content\\\/uploads\\\/2022\\\/10\\\/allasorias_site_facebok_logo.png\",\"@id\":\"https:\\\/\\\/allasorias.hu\\\/hirek\\\/hol-szeretnenek-allampolgarok-lenni-a-magyarok\\\/#organizationLogo\"},\"image\":{\"@id\":\"https:\\\/\\\/allasorias.hu\\\/hirek\\\/hol-szeretnenek-allampolgarok-lenni-a-magyarok\\\/#organizationLogo\"},\"sameAs\":[\"https:\\\/\\\/www.facebook.com\\\/allasorias\",\"https:\\\/\\\/www.linkedin.com\\\/company\\\/allasorias\"]},{\"@type\":\"Person\",\"@id\":\"https:\\\/\\\/allasorias.hu\\\/hirek\\\/author\\\/admin-allasorias\\\/#author\",\"url\":\"https:\\\/\\\/allasorias.hu\\\/hirek\\\/author\\\/admin-allasorias\\\/\",\"name\":\"Juh\\u00e1sz P\\u00e9ter\",\"image\":{\"@type\":\"ImageObject\",\"@id\":\"https:\\\/\\\/allasorias.hu\\\/hirek\\\/hol-szeretnenek-allampolgarok-lenni-a-magyarok\\\/#authorImage\",\"url\":\"https:\\\/\\\/secure.gravatar.com\\\/avatar\\\/36e6bcb83148978b992977cb0f54d22feb0cce8a0a849a9410532bb2623ba4c6?s=96&d=mm&r=g\",\"width\":96,\"height\":96,\"caption\":\"Juh\\u00e1sz P\\u00e9ter\"}},{\"@type\":\"WebPage\",\"@id\":\"https:\\\/\\\/allasorias.hu\\\/hirek\\\/hol-szeretnenek-allampolgarok-lenni-a-magyarok\\\/#webpage\",\"url\":\"https:\\\/\\\/allasorias.hu\\\/hirek\\\/hol-szeretnenek-allampolgarok-lenni-a-magyarok\\\/\",\"name\":\"Hol szeretn\\u00e9nek \\u00e1llampolg\\u00e1rok lenni a magyarok ? | AllasOrias.hu | H\\u00edrek-lapszemle\",\"description\":\"Az Eurostat adatai szerint 2017-ben \\u00f6sszesen mintegy 825 ezer \\u00faj \\u00e1llampolg\\u00e1rs\\u00e1got adtak ki az ig\\u00e9nyl\\u0151knek az uni\\u00f3s tag\\u00e1llamok. A legt\\u00f6bben Olaszorsz\\u00e1gban jutottak \\u00e1llampolg\\u00e1rs\\u00e1ghoz, ezt az Egyes\\u00fclt Kir\\u00e1lys\\u00e1g, N\\u00e9metorsz\\u00e1g, Franciaorsz\\u00e1g, Sv\\u00e9dorsz\\u00e1g \\u00e9s Spanyolorsz\\u00e1g k\\u00f6veti a list\\u00e1n. A kiadott k\\u00e9relmek 8 sz\\u00e1zal\\u00e9k\\u00e1t eredetileg marokk\\u00f3i \\u00e1llampolg\\u00e1rs\\u00e1g\\u00fa emberekt\\u0151l fogadt\\u00e1k el, \\u0151ket az alb\\u00e1nok k\\u00f6vetik 7, \\u00e9s a t\\u00f6r\\u00f6k\\u00f6k, valamint\",\"inLanguage\":\"hu-HU\",\"isPartOf\":{\"@id\":\"https:\\\/\\\/allasorias.hu\\\/hirek\\\/#website\"},\"breadcrumb\":{\"@id\":\"https:\\\/\\\/allasorias.hu\\\/hirek\\\/hol-szeretnenek-allampolgarok-lenni-a-magyarok\\\/#breadcrumblist\"},\"author\":{\"@id\":\"https:\\\/\\\/allasorias.hu\\\/hirek\\\/author\\\/admin-allasorias\\\/#author\"},\"creator\":{\"@id\":\"https:\\\/\\\/allasorias.hu\\\/hirek\\\/author\\\/admin-allasorias\\\/#author\"},\"image\":{\"@type\":\"ImageObject\",\"url\":\"https:\\\/\\\/allasorias.hu\\\/hirek\\\/wp-content\\\/uploads\\\/2019\\\/08\\\/hungarian-flag-1344048_640.jpg\",\"@id\":\"https:\\\/\\\/allasorias.hu\\\/hirek\\\/hol-szeretnenek-allampolgarok-lenni-a-magyarok\\\/#mainImage\",\"width\":640,\"height\":360},\"primaryImageOfPage\":{\"@id\":\"https:\\\/\\\/allasorias.hu\\\/hirek\\\/hol-szeretnenek-allampolgarok-lenni-a-magyarok\\\/#mainImage\"},\"datePublished\":\"2019-08-02T09:33:23+02:00\",\"dateModified\":\"2019-08-02T09:33:23+02:00\"},{\"@type\":\"WebSite\",\"@id\":\"https:\\\/\\\/allasorias.hu\\\/hirek\\\/#website\",\"url\":\"https:\\\/\\\/allasorias.hu\\\/hirek\\\/\",\"name\":\"AllasOrias.hu | H\\u00edrek-lapszemle\",\"description\":\"\\u00dczleti h\\u00edrek az \\u00e1ll\\u00e1s \\u00e9s a munka vil\\u00e1g\\u00e1b\\u00f3l\",\"inLanguage\":\"hu-HU\",\"publisher\":{\"@id\":\"https:\\\/\\\/allasorias.hu\\\/hirek\\\/#organization\"}}]}\n\t\t<\/script>\n\t\t<!-- All in One SEO -->\n\n","aioseo_head_json":{"title":"Hol szeretn\u00e9nek \u00e1llampolg\u00e1rok lenni a magyarok ? | AllasOrias.hu | H\u00edrek-lapszemle","description":"Az Eurostat adatai szerint 2017-ben \u00f6sszesen mintegy 825 ezer \u00faj \u00e1llampolg\u00e1rs\u00e1got adtak ki az ig\u00e9nyl\u0151knek az uni\u00f3s tag\u00e1llamok. A legt\u00f6bben Olaszorsz\u00e1gban jutottak \u00e1llampolg\u00e1rs\u00e1ghoz, ezt az Egyes\u00fclt Kir\u00e1lys\u00e1g, N\u00e9metorsz\u00e1g, Franciaorsz\u00e1g, Sv\u00e9dorsz\u00e1g \u00e9s Spanyolorsz\u00e1g k\u00f6veti a list\u00e1n. A kiadott k\u00e9relmek 8 sz\u00e1zal\u00e9k\u00e1t eredetileg marokk\u00f3i \u00e1llampolg\u00e1rs\u00e1g\u00fa emberekt\u0151l fogadt\u00e1k el, \u0151ket az alb\u00e1nok k\u00f6vetik 7, \u00e9s a t\u00f6r\u00f6k\u00f6k, valamint","canonical_url":"https:\/\/allasorias.hu\/hirek\/hol-szeretnenek-allampolgarok-lenni-a-magyarok\/","robots":"max-image-preview:large","keywords":"","webmasterTools":{"miscellaneous":""},"schema":{"@context":"https:\/\/schema.org","@graph":[{"@type":"Article","@id":"https:\/\/allasorias.hu\/hirek\/hol-szeretnenek-allampolgarok-lenni-a-magyarok\/#article","name":"Hol szeretn\u00e9nek \u00e1llampolg\u00e1rok lenni a magyarok ? | AllasOrias.hu | H\u00edrek-lapszemle","headline":"Hol szeretn\u00e9nek \u00e1llampolg\u00e1rok lenni a magyarok ?","author":{"@id":"https:\/\/allasorias.hu\/hirek\/author\/admin-allasorias\/#author"},"publisher":{"@id":"https:\/\/allasorias.hu\/hirek\/#organization"},"image":{"@type":"ImageObject","url":"https:\/\/allasorias.hu\/hirek\/wp-content\/uploads\/2019\/08\/hungarian-flag-1344048_640.jpg","width":640,"height":360},"datePublished":"2019-08-02T09:33:23+02:00","dateModified":"2019-08-02T09:33:23+02:00","inLanguage":"hu-HU","mainEntityOfPage":{"@id":"https:\/\/allasorias.hu\/hirek\/hol-szeretnenek-allampolgarok-lenni-a-magyarok\/#webpage"},"isPartOf":{"@id":"https:\/\/allasorias.hu\/hirek\/hol-szeretnenek-allampolgarok-lenni-a-magyarok\/#webpage"},"articleSection":"Gazdas\u00e1g, K\u00fclf\u00f6ld"},{"@type":"BreadcrumbList","@id":"https:\/\/allasorias.hu\/hirek\/hol-szeretnenek-allampolgarok-lenni-a-magyarok\/#breadcrumblist","itemListElement":[{"@type":"ListItem","@id":"https:\/\/allasorias.hu\/hirek#listItem","position":1,"name":"Home","item":"https:\/\/allasorias.hu\/hirek","nextItem":{"@type":"ListItem","@id":"https:\/\/allasorias.hu\/hirek\/temak\/gazdasag\/#listItem","name":"Gazdas\u00e1g"}},{"@type":"ListItem","@id":"https:\/\/allasorias.hu\/hirek\/temak\/gazdasag\/#listItem","position":2,"name":"Gazdas\u00e1g","item":"https:\/\/allasorias.hu\/hirek\/temak\/gazdasag\/","nextItem":{"@type":"ListItem","@id":"https:\/\/allasorias.hu\/hirek\/hol-szeretnenek-allampolgarok-lenni-a-magyarok\/#listItem","name":"Hol szeretn\u00e9nek \u00e1llampolg\u00e1rok lenni a magyarok ?"},"previousItem":{"@type":"ListItem","@id":"https:\/\/allasorias.hu\/hirek#listItem","name":"Home"}},{"@type":"ListItem","@id":"https:\/\/allasorias.hu\/hirek\/hol-szeretnenek-allampolgarok-lenni-a-magyarok\/#listItem","position":3,"name":"Hol szeretn\u00e9nek \u00e1llampolg\u00e1rok lenni a magyarok ?","previousItem":{"@type":"ListItem","@id":"https:\/\/allasorias.hu\/hirek\/temak\/gazdasag\/#listItem","name":"Gazdas\u00e1g"}}]},{"@type":"Organization","@id":"https:\/\/allasorias.hu\/hirek\/#organization","name":"AllasOrias.hu | H\u00edrek-lapszemle","description":"\u00dczleti h\u00edrek az \u00e1ll\u00e1s \u00e9s a munka vil\u00e1g\u00e1b\u00f3l","url":"https:\/\/allasorias.hu\/hirek\/","logo":{"@type":"ImageObject","url":"https:\/\/allasorias.hu\/hirek\/wp-content\/uploads\/2022\/10\/allasorias_site_facebok_logo.png","@id":"https:\/\/allasorias.hu\/hirek\/hol-szeretnenek-allampolgarok-lenni-a-magyarok\/#organizationLogo"},"image":{"@id":"https:\/\/allasorias.hu\/hirek\/hol-szeretnenek-allampolgarok-lenni-a-magyarok\/#organizationLogo"},"sameAs":["https:\/\/www.facebook.com\/allasorias","https:\/\/www.linkedin.com\/company\/allasorias"]},{"@type":"Person","@id":"https:\/\/allasorias.hu\/hirek\/author\/admin-allasorias\/#author","url":"https:\/\/allasorias.hu\/hirek\/author\/admin-allasorias\/","name":"Juh\u00e1sz P\u00e9ter","image":{"@type":"ImageObject","@id":"https:\/\/allasorias.hu\/hirek\/hol-szeretnenek-allampolgarok-lenni-a-magyarok\/#authorImage","url":"https:\/\/secure.gravatar.com\/avatar\/36e6bcb83148978b992977cb0f54d22feb0cce8a0a849a9410532bb2623ba4c6?s=96&d=mm&r=g","width":96,"height":96,"caption":"Juh\u00e1sz P\u00e9ter"}},{"@type":"WebPage","@id":"https:\/\/allasorias.hu\/hirek\/hol-szeretnenek-allampolgarok-lenni-a-magyarok\/#webpage","url":"https:\/\/allasorias.hu\/hirek\/hol-szeretnenek-allampolgarok-lenni-a-magyarok\/","name":"Hol szeretn\u00e9nek \u00e1llampolg\u00e1rok lenni a magyarok ? | AllasOrias.hu | H\u00edrek-lapszemle","description":"Az Eurostat adatai szerint 2017-ben \u00f6sszesen mintegy 825 ezer \u00faj \u00e1llampolg\u00e1rs\u00e1got adtak ki az ig\u00e9nyl\u0151knek az uni\u00f3s tag\u00e1llamok. A legt\u00f6bben Olaszorsz\u00e1gban jutottak \u00e1llampolg\u00e1rs\u00e1ghoz, ezt az Egyes\u00fclt Kir\u00e1lys\u00e1g, N\u00e9metorsz\u00e1g, Franciaorsz\u00e1g, Sv\u00e9dorsz\u00e1g \u00e9s Spanyolorsz\u00e1g k\u00f6veti a list\u00e1n. A kiadott k\u00e9relmek 8 sz\u00e1zal\u00e9k\u00e1t eredetileg marokk\u00f3i \u00e1llampolg\u00e1rs\u00e1g\u00fa emberekt\u0151l fogadt\u00e1k el, \u0151ket az alb\u00e1nok k\u00f6vetik 7, \u00e9s a t\u00f6r\u00f6k\u00f6k, valamint","inLanguage":"hu-HU","isPartOf":{"@id":"https:\/\/allasorias.hu\/hirek\/#website"},"breadcrumb":{"@id":"https:\/\/allasorias.hu\/hirek\/hol-szeretnenek-allampolgarok-lenni-a-magyarok\/#breadcrumblist"},"author":{"@id":"https:\/\/allasorias.hu\/hirek\/author\/admin-allasorias\/#author"},"creator":{"@id":"https:\/\/allasorias.hu\/hirek\/author\/admin-allasorias\/#author"},"image":{"@type":"ImageObject","url":"https:\/\/allasorias.hu\/hirek\/wp-content\/uploads\/2019\/08\/hungarian-flag-1344048_640.jpg","@id":"https:\/\/allasorias.hu\/hirek\/hol-szeretnenek-allampolgarok-lenni-a-magyarok\/#mainImage","width":640,"height":360},"primaryImageOfPage":{"@id":"https:\/\/allasorias.hu\/hirek\/hol-szeretnenek-allampolgarok-lenni-a-magyarok\/#mainImage"},"datePublished":"2019-08-02T09:33:23+02:00","dateModified":"2019-08-02T09:33:23+02:00"},{"@type":"WebSite","@id":"https:\/\/allasorias.hu\/hirek\/#website","url":"https:\/\/allasorias.hu\/hirek\/","name":"AllasOrias.hu | H\u00edrek-lapszemle","description":"\u00dczleti h\u00edrek az \u00e1ll\u00e1s \u00e9s a munka vil\u00e1g\u00e1b\u00f3l","inLanguage":"hu-HU","publisher":{"@id":"https:\/\/allasorias.hu\/hirek\/#organization"}}]},"og:locale":"hu_HU","og:site_name":"AllasOrias.hu | H\u00edrek-lapszemle | \u00dczleti h\u00edrek az \u00e1ll\u00e1s \u00e9s a munka vil\u00e1g\u00e1b\u00f3l","og:type":"article","og:title":"Hol szeretn\u00e9nek \u00e1llampolg\u00e1rok lenni a magyarok ? | AllasOrias.hu | H\u00edrek-lapszemle","og:description":"Az Eurostat adatai szerint 2017-ben \u00f6sszesen mintegy 825 ezer \u00faj \u00e1llampolg\u00e1rs\u00e1got adtak ki az ig\u00e9nyl\u0151knek az uni\u00f3s tag\u00e1llamok. A legt\u00f6bben Olaszorsz\u00e1gban jutottak \u00e1llampolg\u00e1rs\u00e1ghoz, ezt az Egyes\u00fclt Kir\u00e1lys\u00e1g, N\u00e9metorsz\u00e1g, Franciaorsz\u00e1g, Sv\u00e9dorsz\u00e1g \u00e9s Spanyolorsz\u00e1g k\u00f6veti a list\u00e1n. A kiadott k\u00e9relmek 8 sz\u00e1zal\u00e9k\u00e1t eredetileg marokk\u00f3i \u00e1llampolg\u00e1rs\u00e1g\u00fa emberekt\u0151l fogadt\u00e1k el, \u0151ket az alb\u00e1nok k\u00f6vetik 7, \u00e9s a t\u00f6r\u00f6k\u00f6k, valamint","og:url":"https:\/\/allasorias.hu\/hirek\/hol-szeretnenek-allampolgarok-lenni-a-magyarok\/","og:image":"https:\/\/allasorias.hu\/hirek\/wp-content\/uploads\/2019\/08\/hungarian-flag-1344048_640.jpg","og:image:secure_url":"https:\/\/allasorias.hu\/hirek\/wp-content\/uploads\/2019\/08\/hungarian-flag-1344048_640.jpg","og:image:width":640,"og:image:height":360,"article:published_time":"2019-08-02T09:33:23+00:00","article:modified_time":"2019-08-02T09:33:23+00:00","article:publisher":"https:\/\/www.facebook.com\/allasorias","twitter:card":"summary_large_image","twitter:title":"Hol szeretn\u00e9nek \u00e1llampolg\u00e1rok lenni a magyarok ? | AllasOrias.hu | H\u00edrek-lapszemle","twitter:description":"Az Eurostat adatai szerint 2017-ben \u00f6sszesen mintegy 825 ezer \u00faj \u00e1llampolg\u00e1rs\u00e1got adtak ki az ig\u00e9nyl\u0151knek az uni\u00f3s tag\u00e1llamok. A legt\u00f6bben Olaszorsz\u00e1gban jutottak \u00e1llampolg\u00e1rs\u00e1ghoz, ezt az Egyes\u00fclt Kir\u00e1lys\u00e1g, N\u00e9metorsz\u00e1g, Franciaorsz\u00e1g, Sv\u00e9dorsz\u00e1g \u00e9s Spanyolorsz\u00e1g k\u00f6veti a list\u00e1n. A kiadott k\u00e9relmek 8 sz\u00e1zal\u00e9k\u00e1t eredetileg marokk\u00f3i \u00e1llampolg\u00e1rs\u00e1g\u00fa emberekt\u0151l fogadt\u00e1k el, \u0151ket az alb\u00e1nok k\u00f6vetik 7, \u00e9s a t\u00f6r\u00f6k\u00f6k, valamint","twitter:image":"https:\/\/allasorias.hu\/hirek\/wp-content\/uploads\/2019\/08\/hungarian-flag-1344048_640.jpg","twitter:label1":"Written by","twitter:data1":"Juh\u00e1sz P\u00e9ter","twitter:label2":"Est. reading time","twitter:data2":"3 minutes"},"aioseo_meta_data":{"post_id":"3163","title":null,"description":null,"keywords":null,"keyphrases":null,"primary_term":null,"canonical_url":null,"og_title":null,"og_description":null,"og_object_type":"default","og_image_type":"default","og_image_url":null,"og_image_width":null,"og_image_height":null,"og_image_custom_url":null,"og_image_custom_fields":null,"og_video":null,"og_custom_url":null,"og_article_section":null,"og_article_tags":null,"twitter_use_og":false,"twitter_card":"default","twitter_image_type":"default","twitter_image_url":null,"twitter_image_custom_url":null,"twitter_image_custom_fields":null,"twitter_title":null,"twitter_description":null,"schema":{"blockGraphs":[],"customGraphs":[],"default":{"data":{"Article":[],"Course":[],"Dataset":[],"FAQPage":[],"Movie":[],"Person":[],"Product":[],"ProductReview":[],"Car":[],"Recipe":[],"Service":[],"SoftwareApplication":[],"WebPage":[]},"graphName":"","isEnabled":true},"graphs":[],"defaultGraph":"","defaultPostTypeGraph":""},"schema_type":null,"schema_type_options":null,"pillar_content":false,"robots_default":true,"robots_noindex":false,"robots_noarchive":false,"robots_nosnippet":false,"robots_nofollow":false,"robots_noimageindex":false,"robots_noodp":false,"robots_notranslate":false,"robots_max_snippet":null,"robots_max_videopreview":null,"robots_max_imagepreview":"large","priority":null,"frequency":null,"location":null,"local_seo":null,"breadcrumb_settings":null,"limit_modified_date":false,"ai":null,"created":"2021-02-01 21:57:19","updated":"2025-10-02 11:39:22","seo_analyzer_scan_date":null,"focus_keyword":null,"additional_keywords":null,"truseo_locale":null},"aioseo_breadcrumb":"<div class=\"aioseo-breadcrumbs\"><span class=\"aioseo-breadcrumb\">\n\t\t\t<a href=\"https:\/\/allasorias.hu\/hirek\" title=\"Home\">Home<\/a>\n\t\t<\/span><span class=\"aioseo-breadcrumb-separator\">&raquo;<\/span><span class=\"aioseo-breadcrumb\">\n\t\t\t<a href=\"https:\/\/allasorias.hu\/hirek\/temak\/gazdasag\/\" title=\"Gazdas\u00e1g\">Gazdas\u00e1g<\/a>\n\t\t<\/span><span class=\"aioseo-breadcrumb-separator\">&raquo;<\/span><span class=\"aioseo-breadcrumb\">\n\t\t\tHol szeretn\u00e9nek \u00e1llampolg\u00e1rok lenni a magyarok ?\n\t\t<\/span><\/div>","aioseo_breadcrumb_json":[{"label":"Home","link":"https:\/\/allasorias.hu\/hirek"},{"label":"Gazdas\u00e1g","link":"https:\/\/allasorias.hu\/hirek\/temak\/gazdasag\/"},{"label":"Hol szeretn\u00e9nek \u00e1llampolg\u00e1rok lenni a magyarok ?","link":"https:\/\/allasorias.hu\/hirek\/hol-szeretnenek-allampolgarok-lenni-a-magyarok\/"}],"_links":{"self":[{"href":"https:\/\/allasorias.hu\/hirek\/wp-json\/wp\/v2\/posts\/3163","targetHints":{"allow":["GET"]}}],"collection":[{"href":"https:\/\/allasorias.hu\/hirek\/wp-json\/wp\/v2\/posts"}],"about":[{"href":"https:\/\/allasorias.hu\/hirek\/wp-json\/wp\/v2\/types\/post"}],"author":[{"embeddable":true,"href":"https:\/\/allasorias.hu\/hirek\/wp-json\/wp\/v2\/users\/1"}],"replies":[{"embeddable":true,"href":"https:\/\/allasorias.hu\/hirek\/wp-json\/wp\/v2\/comments?post=3163"}],"version-history":[{"count":1,"href":"https:\/\/allasorias.hu\/hirek\/wp-json\/wp\/v2\/posts\/3163\/revisions"}],"predecessor-version":[{"id":3165,"href":"https:\/\/allasorias.hu\/hirek\/wp-json\/wp\/v2\/posts\/3163\/revisions\/3165"}],"wp:featuredmedia":[{"embeddable":true,"href":"https:\/\/allasorias.hu\/hirek\/wp-json\/wp\/v2\/media\/3164"}],"wp:attachment":[{"href":"https:\/\/allasorias.hu\/hirek\/wp-json\/wp\/v2\/media?parent=3163"}],"wp:term":[{"taxonomy":"category","embeddable":true,"href":"https:\/\/allasorias.hu\/hirek\/wp-json\/wp\/v2\/categories?post=3163"},{"taxonomy":"post_tag","embeddable":true,"href":"https:\/\/allasorias.hu\/hirek\/wp-json\/wp\/v2\/tags?post=3163"}],"curies":[{"name":"wp","href":"https:\/\/api.w.org\/{rel}","templated":true}]}}