{"id":3161,"date":"2019-08-02T09:23:01","date_gmt":"2019-08-02T09:23:01","guid":{"rendered":"https:\/\/allasorias.hu\/hirek\/?p=3161"},"modified":"2019-08-02T09:23:01","modified_gmt":"2019-08-02T09:23:01","slug":"tobb-ezer-munkast-kuldtek-el-a-feldolgozoipar-teruleterol","status":"publish","type":"post","link":"https:\/\/allasorias.hu\/hirek\/tobb-ezer-munkast-kuldtek-el-a-feldolgozoipar-teruleterol\/","title":{"rendered":"T\u00f6bb ezer munk\u00e1st k\u00fcldtek el a feldolgoz\u00f3ipar ter\u00fclet\u00e9r\u0151l"},"content":{"rendered":"<p><strong>K\u00f6zel n\u00e9gyezer k\u00f6lcs\u00f6nz\u00f6tt dolgoz\u00f3nak sz\u0171nt meg az \u00e1ll\u00e1sa, olyanok\u00e9, akik nem k\u00f6zvetlen\u00fcl a c\u00e9ggel szerz\u0151dnek, hanem egy munkaer\u0151k\u00f6zvet\u00edt\u0151n kereszt\u00fcl dolgoznak \u2013 jelentette ki \u00a0a Vasas Szakszervezeti Sz\u00f6vets\u00e9g aleln\u00f6ke az ATV Start c\u00edm\u0171 m\u0171sorban. L\u00e1szl\u00f3 Zolt\u00e1n szerint, a hat\u00e1rozott idej\u0171 szerz\u0151d\u00e9seket nem hosszabb\u00edtj\u00e1k meg \u00e9s a fluktu\u00e1ci\u00f3 alapj\u00e1n meg\u00fcresedett poz\u00edci\u00f3kat sem t\u00f6ltik fel.<\/strong><\/p>\n<p>Ez azt jelenti, hogy azokn\u00e1l a c\u00e9gekn\u00e9l, ahol m\u00e9g vannak rendel\u00e9sek, ut\u00f3rendel\u00e9sek, ott sokkal t\u00f6bbet kell dolgozni azoknak, akik maradnak, hiszen kevesebben vannak ugyanarra a volumenre. A szakszervezet aleln\u00f6ke szerint egyre rosszabb a munkav\u00e1llal\u00f3k helyzete Magyarorsz\u00e1gon, mert egyre kiszolg\u00e1ltatottabbak. A m\u00e9di\u00e1ban rabszolgat\u00f6rv\u00e9nyk\u00e9nt elh\u00edres\u00fclt jogszab\u00e1ly alkalmaz\u00e1s\u00e1t ugyanakkor h\u00e1tt\u00e9rbe szor\u00edtj\u00e1k a munk\u00e1ltat\u00f3k, amit L\u00e1szl\u00f3 Zolt\u00e1n a m\u00falt \u00e9v v\u00e9g\u00e9n \u00e9s id\u00e9n janu\u00e1rban kirobbant tiltakoz\u00e1si hull\u00e1mhoz k\u00f6t. Kiemelte: szerinte az\u00e9rt ker\u00fclik, mert nem akarnak fesz\u00fclts\u00e9get a munkahelyen. Egyre t\u00f6bbet lehet olvasni arr\u00f3l is, hogy a gazdas\u00e1g lassul, az aleln\u00f6k szerint pedig ez m\u00e1r most \u00e9rz\u0151dik n\u00e1lunk is, mivel cs\u00f6kkennek a volumenek. Ett\u0151l f\u00fcggetlen\u00fcl m\u00e9g \u00edgy is keveset l\u00e1tnak az esem\u00e9nyekb\u0151l, ugyanis az \u00e9rt\u00e9kteremt\u00e9si l\u00e1nc alj\u00e1n l\u00e9v\u0151 kisv\u00e1llalkoz\u00e1sokr\u00f3l m\u00e9g ennyit sem lehet l\u00e1tni. Az is sokat sejtet\u0151, hogy a munk\u00e1ltat\u00f3k nem tudj\u00e1k megj\u00f3solni az el\u0151tt\u00fck \u00e1ll\u00f3 6-7 h\u00f3napot, ami az\u00e9rt is fura az aleln\u00f6k szerint, mert a v\u00e1ls\u00e1got lesz\u00e1m\u00edtva ak\u00e1r egy\u00e9ves \u00fctemben is el\u0151re l\u00e1tt\u00e1k azt, hogy mi v\u00e1rhat\u00f3. Azt is bizonytalans\u00e1g \u00f6vezi, hogy a technol\u00f3gia miatt egy\u00e1ltal\u00e1n merre kell fordulniuk. L\u00e1szl\u00f3 Zolt\u00e1n el\u0151rejelz\u00e9se szerint, ha N\u00e9metorsz\u00e1gban 10%-kal lassul a gazdas\u00e1g, akkor Magyarorsz\u00e1gon ennek a dupl\u00e1ja is elk\u00e9pzelhet\u0151.<\/p>\n<p>&nbsp;<\/p>\n<p>Forr\u00e1s: hirklikk.hu, atv.hu<\/p>\n","protected":false},"excerpt":{"rendered":"<p>K\u00f6zel n\u00e9gyezer k\u00f6lcs\u00f6nz\u00f6tt dolgoz\u00f3nak sz\u0171nt meg az \u00e1ll\u00e1sa, olyanok\u00e9, akik nem k\u00f6zvetlen\u00fcl a c\u00e9ggel szerz\u0151dnek, hanem egy munkaer\u0151k\u00f6zvet\u00edt\u0151n kereszt\u00fcl dolgoznak \u2013 jelentette ki \u00a0a Vasas Szakszervezeti Sz\u00f6vets\u00e9g aleln\u00f6ke az ATV Start c\u00edm\u0171 m\u0171sorban. L\u00e1szl\u00f3 Zolt\u00e1n szerint, a hat\u00e1rozott idej\u0171 szerz\u0151d\u00e9seket nem hosszabb\u00edtj\u00e1k meg \u00e9s a fluktu\u00e1ci\u00f3 alapj\u00e1n meg\u00fcresedett poz\u00edci\u00f3kat sem t\u00f6ltik fel. Ez azt jelenti, [&hellip;]<\/p>\n","protected":false},"author":1,"featured_media":2230,"comment_status":"open","ping_status":"open","sticky":false,"template":"","format":"standard","meta":{"_monsterinsights_skip_tracking":false,"footnotes":""},"categories":[198,200],"tags":[],"class_list":["post-3161","post","type-post","status-publish","format-standard","has-post-thumbnail","hentry","category-gazdasag","category-munkaeropiac"],"aioseo_notices":[],"aioseo_head":"\n\t\t<!-- All in One SEO 5.0.0.1 - aioseo.com -->\n\t<meta name=\"description\" content=\"K\u00f6zel n\u00e9gyezer k\u00f6lcs\u00f6nz\u00f6tt dolgoz\u00f3nak sz\u0171nt meg az \u00e1ll\u00e1sa, olyanok\u00e9, akik nem k\u00f6zvetlen\u00fcl a c\u00e9ggel szerz\u0151dnek, hanem egy munkaer\u0151k\u00f6zvet\u00edt\u0151n kereszt\u00fcl dolgoznak \u2013 jelentette ki a Vasas Szakszervezeti Sz\u00f6vets\u00e9g aleln\u00f6ke az ATV Start c\u00edm\u0171 m\u0171sorban. L\u00e1szl\u00f3 Zolt\u00e1n szerint, a hat\u00e1rozott idej\u0171 szerz\u0151d\u00e9seket nem hosszabb\u00edtj\u00e1k meg \u00e9s a fluktu\u00e1ci\u00f3 alapj\u00e1n meg\u00fcresedett poz\u00edci\u00f3kat sem t\u00f6ltik fel. Ez azt jelenti,\" \/>\n\t<meta name=\"robots\" content=\"max-image-preview:large\" \/>\n\t<meta name=\"author\" content=\"Juh\u00e1sz P\u00e9ter\"\/>\n\t<link rel=\"canonical\" href=\"https:\/\/allasorias.hu\/hirek\/tobb-ezer-munkast-kuldtek-el-a-feldolgozoipar-teruleterol\/\" \/>\n\t<meta name=\"generator\" content=\"All in One SEO (AIOSEO) 5.0.0.1\" \/>\n\t\t<meta property=\"og:locale\" content=\"hu_HU\" \/>\n\t\t<meta property=\"og:site_name\" content=\"AllasOrias.hu | H\u00edrek-lapszemle | \u00dczleti h\u00edrek az \u00e1ll\u00e1s \u00e9s a munka vil\u00e1g\u00e1b\u00f3l\" \/>\n\t\t<meta property=\"og:type\" content=\"article\" \/>\n\t\t<meta property=\"og:title\" content=\"T\u00f6bb ezer munk\u00e1st k\u00fcldtek el a feldolgoz\u00f3ipar ter\u00fclet\u00e9r\u0151l | AllasOrias.hu | H\u00edrek-lapszemle\" \/>\n\t\t<meta property=\"og:description\" content=\"K\u00f6zel n\u00e9gyezer k\u00f6lcs\u00f6nz\u00f6tt dolgoz\u00f3nak sz\u0171nt meg az \u00e1ll\u00e1sa, olyanok\u00e9, akik nem k\u00f6zvetlen\u00fcl a c\u00e9ggel szerz\u0151dnek, hanem egy munkaer\u0151k\u00f6zvet\u00edt\u0151n kereszt\u00fcl dolgoznak \u2013 jelentette ki a Vasas Szakszervezeti Sz\u00f6vets\u00e9g aleln\u00f6ke az ATV Start c\u00edm\u0171 m\u0171sorban. L\u00e1szl\u00f3 Zolt\u00e1n szerint, a hat\u00e1rozott idej\u0171 szerz\u0151d\u00e9seket nem hosszabb\u00edtj\u00e1k meg \u00e9s a fluktu\u00e1ci\u00f3 alapj\u00e1n meg\u00fcresedett poz\u00edci\u00f3kat sem t\u00f6ltik fel. Ez azt jelenti,\" \/>\n\t\t<meta property=\"og:url\" content=\"https:\/\/allasorias.hu\/hirek\/tobb-ezer-munkast-kuldtek-el-a-feldolgozoipar-teruleterol\/\" \/>\n\t\t<meta property=\"og:image\" content=\"https:\/\/allasorias.hu\/hirek\/wp-content\/uploads\/2018\/11\/t\u00f6meg.jpg\" \/>\n\t\t<meta property=\"og:image:secure_url\" content=\"https:\/\/allasorias.hu\/hirek\/wp-content\/uploads\/2018\/11\/t\u00f6meg.jpg\" \/>\n\t\t<meta property=\"og:image:width\" content=\"640\" \/>\n\t\t<meta property=\"og:image:height\" content=\"423\" \/>\n\t\t<meta property=\"article:published_time\" content=\"2019-08-02T09:23:01+00:00\" \/>\n\t\t<meta property=\"article:modified_time\" content=\"2019-08-02T09:23:01+00:00\" \/>\n\t\t<meta property=\"article:publisher\" content=\"https:\/\/www.facebook.com\/allasorias\" \/>\n\t\t<meta name=\"twitter:card\" content=\"summary_large_image\" \/>\n\t\t<meta name=\"twitter:title\" content=\"T\u00f6bb ezer munk\u00e1st k\u00fcldtek el a feldolgoz\u00f3ipar ter\u00fclet\u00e9r\u0151l | AllasOrias.hu | H\u00edrek-lapszemle\" \/>\n\t\t<meta name=\"twitter:description\" content=\"K\u00f6zel n\u00e9gyezer k\u00f6lcs\u00f6nz\u00f6tt dolgoz\u00f3nak sz\u0171nt meg az \u00e1ll\u00e1sa, olyanok\u00e9, akik nem k\u00f6zvetlen\u00fcl a c\u00e9ggel szerz\u0151dnek, hanem egy munkaer\u0151k\u00f6zvet\u00edt\u0151n kereszt\u00fcl dolgoznak \u2013 jelentette ki a Vasas Szakszervezeti Sz\u00f6vets\u00e9g aleln\u00f6ke az ATV Start c\u00edm\u0171 m\u0171sorban. L\u00e1szl\u00f3 Zolt\u00e1n szerint, a hat\u00e1rozott idej\u0171 szerz\u0151d\u00e9seket nem hosszabb\u00edtj\u00e1k meg \u00e9s a fluktu\u00e1ci\u00f3 alapj\u00e1n meg\u00fcresedett poz\u00edci\u00f3kat sem t\u00f6ltik fel. Ez azt jelenti,\" \/>\n\t\t<meta name=\"twitter:image\" content=\"https:\/\/allasorias.hu\/hirek\/wp-content\/uploads\/2018\/11\/t\u00f6meg.jpg\" \/>\n\t\t<meta name=\"twitter:label1\" content=\"Written by\" \/>\n\t\t<meta name=\"twitter:data1\" content=\"Juh\u00e1sz P\u00e9ter\" \/>\n\t\t<meta name=\"twitter:label2\" content=\"Est. reading time\" \/>\n\t\t<meta name=\"twitter:data2\" content=\"2 minutes\" \/>\n\t\t<script type=\"application\/ld+json\" class=\"aioseo-schema\">\n\t\t\t{\"@context\":\"https:\\\/\\\/schema.org\",\"@graph\":[{\"@type\":\"Article\",\"@id\":\"https:\\\/\\\/allasorias.hu\\\/hirek\\\/tobb-ezer-munkast-kuldtek-el-a-feldolgozoipar-teruleterol\\\/#article\",\"name\":\"T\\u00f6bb ezer munk\\u00e1st k\\u00fcldtek el a feldolgoz\\u00f3ipar ter\\u00fclet\\u00e9r\\u0151l | AllasOrias.hu | H\\u00edrek-lapszemle\",\"headline\":\"T\\u00f6bb ezer munk\\u00e1st k\\u00fcldtek el a feldolgoz\\u00f3ipar ter\\u00fclet\\u00e9r\\u0151l\",\"author\":{\"@id\":\"https:\\\/\\\/allasorias.hu\\\/hirek\\\/author\\\/admin-allasorias\\\/#author\"},\"publisher\":{\"@id\":\"https:\\\/\\\/allasorias.hu\\\/hirek\\\/#organization\"},\"image\":{\"@type\":\"ImageObject\",\"url\":\"https:\\\/\\\/allasorias.hu\\\/hirek\\\/wp-content\\\/uploads\\\/2018\\\/11\\\/t\\u00f6meg.jpg\",\"width\":640,\"height\":423},\"datePublished\":\"2019-08-02T09:23:01+02:00\",\"dateModified\":\"2019-08-02T09:23:01+02:00\",\"inLanguage\":\"hu-HU\",\"mainEntityOfPage\":{\"@id\":\"https:\\\/\\\/allasorias.hu\\\/hirek\\\/tobb-ezer-munkast-kuldtek-el-a-feldolgozoipar-teruleterol\\\/#webpage\"},\"isPartOf\":{\"@id\":\"https:\\\/\\\/allasorias.hu\\\/hirek\\\/tobb-ezer-munkast-kuldtek-el-a-feldolgozoipar-teruleterol\\\/#webpage\"},\"articleSection\":\"Gazdas\\u00e1g, Munkaer\\u0151piac\"},{\"@type\":\"BreadcrumbList\",\"@id\":\"https:\\\/\\\/allasorias.hu\\\/hirek\\\/tobb-ezer-munkast-kuldtek-el-a-feldolgozoipar-teruleterol\\\/#breadcrumblist\",\"itemListElement\":[{\"@type\":\"ListItem\",\"@id\":\"https:\\\/\\\/allasorias.hu\\\/hirek#listItem\",\"position\":1,\"name\":\"Home\",\"item\":\"https:\\\/\\\/allasorias.hu\\\/hirek\",\"nextItem\":{\"@type\":\"ListItem\",\"@id\":\"https:\\\/\\\/allasorias.hu\\\/hirek\\\/temak\\\/gazdasag\\\/#listItem\",\"name\":\"Gazdas\\u00e1g\"}},{\"@type\":\"ListItem\",\"@id\":\"https:\\\/\\\/allasorias.hu\\\/hirek\\\/temak\\\/gazdasag\\\/#listItem\",\"position\":2,\"name\":\"Gazdas\\u00e1g\",\"item\":\"https:\\\/\\\/allasorias.hu\\\/hirek\\\/temak\\\/gazdasag\\\/\",\"nextItem\":{\"@type\":\"ListItem\",\"@id\":\"https:\\\/\\\/allasorias.hu\\\/hirek\\\/tobb-ezer-munkast-kuldtek-el-a-feldolgozoipar-teruleterol\\\/#listItem\",\"name\":\"T\\u00f6bb ezer munk\\u00e1st k\\u00fcldtek el a feldolgoz\\u00f3ipar ter\\u00fclet\\u00e9r\\u0151l\"},\"previousItem\":{\"@type\":\"ListItem\",\"@id\":\"https:\\\/\\\/allasorias.hu\\\/hirek#listItem\",\"name\":\"Home\"}},{\"@type\":\"ListItem\",\"@id\":\"https:\\\/\\\/allasorias.hu\\\/hirek\\\/tobb-ezer-munkast-kuldtek-el-a-feldolgozoipar-teruleterol\\\/#listItem\",\"position\":3,\"name\":\"T\\u00f6bb ezer munk\\u00e1st k\\u00fcldtek el a feldolgoz\\u00f3ipar ter\\u00fclet\\u00e9r\\u0151l\",\"previousItem\":{\"@type\":\"ListItem\",\"@id\":\"https:\\\/\\\/allasorias.hu\\\/hirek\\\/temak\\\/gazdasag\\\/#listItem\",\"name\":\"Gazdas\\u00e1g\"}}]},{\"@type\":\"Organization\",\"@id\":\"https:\\\/\\\/allasorias.hu\\\/hirek\\\/#organization\",\"name\":\"AllasOrias.hu | H\\u00edrek-lapszemle\",\"description\":\"\\u00dczleti h\\u00edrek az \\u00e1ll\\u00e1s \\u00e9s a munka vil\\u00e1g\\u00e1b\\u00f3l\",\"url\":\"https:\\\/\\\/allasorias.hu\\\/hirek\\\/\",\"logo\":{\"@type\":\"ImageObject\",\"url\":\"https:\\\/\\\/allasorias.hu\\\/hirek\\\/wp-content\\\/uploads\\\/2022\\\/10\\\/allasorias_site_facebok_logo.png\",\"@id\":\"https:\\\/\\\/allasorias.hu\\\/hirek\\\/tobb-ezer-munkast-kuldtek-el-a-feldolgozoipar-teruleterol\\\/#organizationLogo\"},\"image\":{\"@id\":\"https:\\\/\\\/allasorias.hu\\\/hirek\\\/tobb-ezer-munkast-kuldtek-el-a-feldolgozoipar-teruleterol\\\/#organizationLogo\"},\"sameAs\":[\"https:\\\/\\\/www.facebook.com\\\/allasorias\",\"https:\\\/\\\/www.linkedin.com\\\/company\\\/allasorias\"]},{\"@type\":\"Person\",\"@id\":\"https:\\\/\\\/allasorias.hu\\\/hirek\\\/author\\\/admin-allasorias\\\/#author\",\"url\":\"https:\\\/\\\/allasorias.hu\\\/hirek\\\/author\\\/admin-allasorias\\\/\",\"name\":\"Juh\\u00e1sz P\\u00e9ter\",\"image\":{\"@type\":\"ImageObject\",\"@id\":\"https:\\\/\\\/allasorias.hu\\\/hirek\\\/tobb-ezer-munkast-kuldtek-el-a-feldolgozoipar-teruleterol\\\/#authorImage\",\"url\":\"https:\\\/\\\/secure.gravatar.com\\\/avatar\\\/36e6bcb83148978b992977cb0f54d22feb0cce8a0a849a9410532bb2623ba4c6?s=96&d=mm&r=g\",\"width\":96,\"height\":96,\"caption\":\"Juh\\u00e1sz P\\u00e9ter\"}},{\"@type\":\"WebPage\",\"@id\":\"https:\\\/\\\/allasorias.hu\\\/hirek\\\/tobb-ezer-munkast-kuldtek-el-a-feldolgozoipar-teruleterol\\\/#webpage\",\"url\":\"https:\\\/\\\/allasorias.hu\\\/hirek\\\/tobb-ezer-munkast-kuldtek-el-a-feldolgozoipar-teruleterol\\\/\",\"name\":\"T\\u00f6bb ezer munk\\u00e1st k\\u00fcldtek el a feldolgoz\\u00f3ipar ter\\u00fclet\\u00e9r\\u0151l | AllasOrias.hu | H\\u00edrek-lapszemle\",\"description\":\"K\\u00f6zel n\\u00e9gyezer k\\u00f6lcs\\u00f6nz\\u00f6tt dolgoz\\u00f3nak sz\\u0171nt meg az \\u00e1ll\\u00e1sa, olyanok\\u00e9, akik nem k\\u00f6zvetlen\\u00fcl a c\\u00e9ggel szerz\\u0151dnek, hanem egy munkaer\\u0151k\\u00f6zvet\\u00edt\\u0151n kereszt\\u00fcl dolgoznak \\u2013 jelentette ki a Vasas Szakszervezeti Sz\\u00f6vets\\u00e9g aleln\\u00f6ke az ATV Start c\\u00edm\\u0171 m\\u0171sorban. L\\u00e1szl\\u00f3 Zolt\\u00e1n szerint, a hat\\u00e1rozott idej\\u0171 szerz\\u0151d\\u00e9seket nem hosszabb\\u00edtj\\u00e1k meg \\u00e9s a fluktu\\u00e1ci\\u00f3 alapj\\u00e1n meg\\u00fcresedett poz\\u00edci\\u00f3kat sem t\\u00f6ltik fel. Ez azt jelenti,\",\"inLanguage\":\"hu-HU\",\"isPartOf\":{\"@id\":\"https:\\\/\\\/allasorias.hu\\\/hirek\\\/#website\"},\"breadcrumb\":{\"@id\":\"https:\\\/\\\/allasorias.hu\\\/hirek\\\/tobb-ezer-munkast-kuldtek-el-a-feldolgozoipar-teruleterol\\\/#breadcrumblist\"},\"author\":{\"@id\":\"https:\\\/\\\/allasorias.hu\\\/hirek\\\/author\\\/admin-allasorias\\\/#author\"},\"creator\":{\"@id\":\"https:\\\/\\\/allasorias.hu\\\/hirek\\\/author\\\/admin-allasorias\\\/#author\"},\"image\":{\"@type\":\"ImageObject\",\"url\":\"https:\\\/\\\/allasorias.hu\\\/hirek\\\/wp-content\\\/uploads\\\/2018\\\/11\\\/t\\u00f6meg.jpg\",\"@id\":\"https:\\\/\\\/allasorias.hu\\\/hirek\\\/tobb-ezer-munkast-kuldtek-el-a-feldolgozoipar-teruleterol\\\/#mainImage\",\"width\":640,\"height\":423},\"primaryImageOfPage\":{\"@id\":\"https:\\\/\\\/allasorias.hu\\\/hirek\\\/tobb-ezer-munkast-kuldtek-el-a-feldolgozoipar-teruleterol\\\/#mainImage\"},\"datePublished\":\"2019-08-02T09:23:01+02:00\",\"dateModified\":\"2019-08-02T09:23:01+02:00\"},{\"@type\":\"WebSite\",\"@id\":\"https:\\\/\\\/allasorias.hu\\\/hirek\\\/#website\",\"url\":\"https:\\\/\\\/allasorias.hu\\\/hirek\\\/\",\"name\":\"AllasOrias.hu | H\\u00edrek-lapszemle\",\"description\":\"\\u00dczleti h\\u00edrek az \\u00e1ll\\u00e1s \\u00e9s a munka vil\\u00e1g\\u00e1b\\u00f3l\",\"inLanguage\":\"hu-HU\",\"publisher\":{\"@id\":\"https:\\\/\\\/allasorias.hu\\\/hirek\\\/#organization\"}}]}\n\t\t<\/script>\n\t\t<!-- All in One SEO -->\n\n","aioseo_head_json":{"title":"T\u00f6bb ezer munk\u00e1st k\u00fcldtek el a feldolgoz\u00f3ipar ter\u00fclet\u00e9r\u0151l | AllasOrias.hu | H\u00edrek-lapszemle","description":"K\u00f6zel n\u00e9gyezer k\u00f6lcs\u00f6nz\u00f6tt dolgoz\u00f3nak sz\u0171nt meg az \u00e1ll\u00e1sa, olyanok\u00e9, akik nem k\u00f6zvetlen\u00fcl a c\u00e9ggel szerz\u0151dnek, hanem egy munkaer\u0151k\u00f6zvet\u00edt\u0151n kereszt\u00fcl dolgoznak \u2013 jelentette ki a Vasas Szakszervezeti Sz\u00f6vets\u00e9g aleln\u00f6ke az ATV Start c\u00edm\u0171 m\u0171sorban. L\u00e1szl\u00f3 Zolt\u00e1n szerint, a hat\u00e1rozott idej\u0171 szerz\u0151d\u00e9seket nem hosszabb\u00edtj\u00e1k meg \u00e9s a fluktu\u00e1ci\u00f3 alapj\u00e1n meg\u00fcresedett poz\u00edci\u00f3kat sem t\u00f6ltik fel. Ez azt jelenti,","canonical_url":"https:\/\/allasorias.hu\/hirek\/tobb-ezer-munkast-kuldtek-el-a-feldolgozoipar-teruleterol\/","robots":"max-image-preview:large","keywords":"","webmasterTools":{"miscellaneous":""},"schema":{"@context":"https:\/\/schema.org","@graph":[{"@type":"Article","@id":"https:\/\/allasorias.hu\/hirek\/tobb-ezer-munkast-kuldtek-el-a-feldolgozoipar-teruleterol\/#article","name":"T\u00f6bb ezer munk\u00e1st k\u00fcldtek el a feldolgoz\u00f3ipar ter\u00fclet\u00e9r\u0151l | AllasOrias.hu | H\u00edrek-lapszemle","headline":"T\u00f6bb ezer munk\u00e1st k\u00fcldtek el a feldolgoz\u00f3ipar ter\u00fclet\u00e9r\u0151l","author":{"@id":"https:\/\/allasorias.hu\/hirek\/author\/admin-allasorias\/#author"},"publisher":{"@id":"https:\/\/allasorias.hu\/hirek\/#organization"},"image":{"@type":"ImageObject","url":"https:\/\/allasorias.hu\/hirek\/wp-content\/uploads\/2018\/11\/t\u00f6meg.jpg","width":640,"height":423},"datePublished":"2019-08-02T09:23:01+02:00","dateModified":"2019-08-02T09:23:01+02:00","inLanguage":"hu-HU","mainEntityOfPage":{"@id":"https:\/\/allasorias.hu\/hirek\/tobb-ezer-munkast-kuldtek-el-a-feldolgozoipar-teruleterol\/#webpage"},"isPartOf":{"@id":"https:\/\/allasorias.hu\/hirek\/tobb-ezer-munkast-kuldtek-el-a-feldolgozoipar-teruleterol\/#webpage"},"articleSection":"Gazdas\u00e1g, Munkaer\u0151piac"},{"@type":"BreadcrumbList","@id":"https:\/\/allasorias.hu\/hirek\/tobb-ezer-munkast-kuldtek-el-a-feldolgozoipar-teruleterol\/#breadcrumblist","itemListElement":[{"@type":"ListItem","@id":"https:\/\/allasorias.hu\/hirek#listItem","position":1,"name":"Home","item":"https:\/\/allasorias.hu\/hirek","nextItem":{"@type":"ListItem","@id":"https:\/\/allasorias.hu\/hirek\/temak\/gazdasag\/#listItem","name":"Gazdas\u00e1g"}},{"@type":"ListItem","@id":"https:\/\/allasorias.hu\/hirek\/temak\/gazdasag\/#listItem","position":2,"name":"Gazdas\u00e1g","item":"https:\/\/allasorias.hu\/hirek\/temak\/gazdasag\/","nextItem":{"@type":"ListItem","@id":"https:\/\/allasorias.hu\/hirek\/tobb-ezer-munkast-kuldtek-el-a-feldolgozoipar-teruleterol\/#listItem","name":"T\u00f6bb ezer munk\u00e1st k\u00fcldtek el a feldolgoz\u00f3ipar ter\u00fclet\u00e9r\u0151l"},"previousItem":{"@type":"ListItem","@id":"https:\/\/allasorias.hu\/hirek#listItem","name":"Home"}},{"@type":"ListItem","@id":"https:\/\/allasorias.hu\/hirek\/tobb-ezer-munkast-kuldtek-el-a-feldolgozoipar-teruleterol\/#listItem","position":3,"name":"T\u00f6bb ezer munk\u00e1st k\u00fcldtek el a feldolgoz\u00f3ipar ter\u00fclet\u00e9r\u0151l","previousItem":{"@type":"ListItem","@id":"https:\/\/allasorias.hu\/hirek\/temak\/gazdasag\/#listItem","name":"Gazdas\u00e1g"}}]},{"@type":"Organization","@id":"https:\/\/allasorias.hu\/hirek\/#organization","name":"AllasOrias.hu | H\u00edrek-lapszemle","description":"\u00dczleti h\u00edrek az \u00e1ll\u00e1s \u00e9s a munka vil\u00e1g\u00e1b\u00f3l","url":"https:\/\/allasorias.hu\/hirek\/","logo":{"@type":"ImageObject","url":"https:\/\/allasorias.hu\/hirek\/wp-content\/uploads\/2022\/10\/allasorias_site_facebok_logo.png","@id":"https:\/\/allasorias.hu\/hirek\/tobb-ezer-munkast-kuldtek-el-a-feldolgozoipar-teruleterol\/#organizationLogo"},"image":{"@id":"https:\/\/allasorias.hu\/hirek\/tobb-ezer-munkast-kuldtek-el-a-feldolgozoipar-teruleterol\/#organizationLogo"},"sameAs":["https:\/\/www.facebook.com\/allasorias","https:\/\/www.linkedin.com\/company\/allasorias"]},{"@type":"Person","@id":"https:\/\/allasorias.hu\/hirek\/author\/admin-allasorias\/#author","url":"https:\/\/allasorias.hu\/hirek\/author\/admin-allasorias\/","name":"Juh\u00e1sz P\u00e9ter","image":{"@type":"ImageObject","@id":"https:\/\/allasorias.hu\/hirek\/tobb-ezer-munkast-kuldtek-el-a-feldolgozoipar-teruleterol\/#authorImage","url":"https:\/\/secure.gravatar.com\/avatar\/36e6bcb83148978b992977cb0f54d22feb0cce8a0a849a9410532bb2623ba4c6?s=96&d=mm&r=g","width":96,"height":96,"caption":"Juh\u00e1sz P\u00e9ter"}},{"@type":"WebPage","@id":"https:\/\/allasorias.hu\/hirek\/tobb-ezer-munkast-kuldtek-el-a-feldolgozoipar-teruleterol\/#webpage","url":"https:\/\/allasorias.hu\/hirek\/tobb-ezer-munkast-kuldtek-el-a-feldolgozoipar-teruleterol\/","name":"T\u00f6bb ezer munk\u00e1st k\u00fcldtek el a feldolgoz\u00f3ipar ter\u00fclet\u00e9r\u0151l | AllasOrias.hu | H\u00edrek-lapszemle","description":"K\u00f6zel n\u00e9gyezer k\u00f6lcs\u00f6nz\u00f6tt dolgoz\u00f3nak sz\u0171nt meg az \u00e1ll\u00e1sa, olyanok\u00e9, akik nem k\u00f6zvetlen\u00fcl a c\u00e9ggel szerz\u0151dnek, hanem egy munkaer\u0151k\u00f6zvet\u00edt\u0151n kereszt\u00fcl dolgoznak \u2013 jelentette ki a Vasas Szakszervezeti Sz\u00f6vets\u00e9g aleln\u00f6ke az ATV Start c\u00edm\u0171 m\u0171sorban. L\u00e1szl\u00f3 Zolt\u00e1n szerint, a hat\u00e1rozott idej\u0171 szerz\u0151d\u00e9seket nem hosszabb\u00edtj\u00e1k meg \u00e9s a fluktu\u00e1ci\u00f3 alapj\u00e1n meg\u00fcresedett poz\u00edci\u00f3kat sem t\u00f6ltik fel. Ez azt jelenti,","inLanguage":"hu-HU","isPartOf":{"@id":"https:\/\/allasorias.hu\/hirek\/#website"},"breadcrumb":{"@id":"https:\/\/allasorias.hu\/hirek\/tobb-ezer-munkast-kuldtek-el-a-feldolgozoipar-teruleterol\/#breadcrumblist"},"author":{"@id":"https:\/\/allasorias.hu\/hirek\/author\/admin-allasorias\/#author"},"creator":{"@id":"https:\/\/allasorias.hu\/hirek\/author\/admin-allasorias\/#author"},"image":{"@type":"ImageObject","url":"https:\/\/allasorias.hu\/hirek\/wp-content\/uploads\/2018\/11\/t\u00f6meg.jpg","@id":"https:\/\/allasorias.hu\/hirek\/tobb-ezer-munkast-kuldtek-el-a-feldolgozoipar-teruleterol\/#mainImage","width":640,"height":423},"primaryImageOfPage":{"@id":"https:\/\/allasorias.hu\/hirek\/tobb-ezer-munkast-kuldtek-el-a-feldolgozoipar-teruleterol\/#mainImage"},"datePublished":"2019-08-02T09:23:01+02:00","dateModified":"2019-08-02T09:23:01+02:00"},{"@type":"WebSite","@id":"https:\/\/allasorias.hu\/hirek\/#website","url":"https:\/\/allasorias.hu\/hirek\/","name":"AllasOrias.hu | H\u00edrek-lapszemle","description":"\u00dczleti h\u00edrek az \u00e1ll\u00e1s \u00e9s a munka vil\u00e1g\u00e1b\u00f3l","inLanguage":"hu-HU","publisher":{"@id":"https:\/\/allasorias.hu\/hirek\/#organization"}}]},"og:locale":"hu_HU","og:site_name":"AllasOrias.hu | H\u00edrek-lapszemle | \u00dczleti h\u00edrek az \u00e1ll\u00e1s \u00e9s a munka vil\u00e1g\u00e1b\u00f3l","og:type":"article","og:title":"T\u00f6bb ezer munk\u00e1st k\u00fcldtek el a feldolgoz\u00f3ipar ter\u00fclet\u00e9r\u0151l | AllasOrias.hu | H\u00edrek-lapszemle","og:description":"K\u00f6zel n\u00e9gyezer k\u00f6lcs\u00f6nz\u00f6tt dolgoz\u00f3nak sz\u0171nt meg az \u00e1ll\u00e1sa, olyanok\u00e9, akik nem k\u00f6zvetlen\u00fcl a c\u00e9ggel szerz\u0151dnek, hanem egy munkaer\u0151k\u00f6zvet\u00edt\u0151n kereszt\u00fcl dolgoznak \u2013 jelentette ki a Vasas Szakszervezeti Sz\u00f6vets\u00e9g aleln\u00f6ke az ATV Start c\u00edm\u0171 m\u0171sorban. L\u00e1szl\u00f3 Zolt\u00e1n szerint, a hat\u00e1rozott idej\u0171 szerz\u0151d\u00e9seket nem hosszabb\u00edtj\u00e1k meg \u00e9s a fluktu\u00e1ci\u00f3 alapj\u00e1n meg\u00fcresedett poz\u00edci\u00f3kat sem t\u00f6ltik fel. Ez azt jelenti,","og:url":"https:\/\/allasorias.hu\/hirek\/tobb-ezer-munkast-kuldtek-el-a-feldolgozoipar-teruleterol\/","og:image":"https:\/\/allasorias.hu\/hirek\/wp-content\/uploads\/2018\/11\/t\u00f6meg.jpg","og:image:secure_url":"https:\/\/allasorias.hu\/hirek\/wp-content\/uploads\/2018\/11\/t\u00f6meg.jpg","og:image:width":640,"og:image:height":423,"article:published_time":"2019-08-02T09:23:01+00:00","article:modified_time":"2019-08-02T09:23:01+00:00","article:publisher":"https:\/\/www.facebook.com\/allasorias","twitter:card":"summary_large_image","twitter:title":"T\u00f6bb ezer munk\u00e1st k\u00fcldtek el a feldolgoz\u00f3ipar ter\u00fclet\u00e9r\u0151l | AllasOrias.hu | H\u00edrek-lapszemle","twitter:description":"K\u00f6zel n\u00e9gyezer k\u00f6lcs\u00f6nz\u00f6tt dolgoz\u00f3nak sz\u0171nt meg az \u00e1ll\u00e1sa, olyanok\u00e9, akik nem k\u00f6zvetlen\u00fcl a c\u00e9ggel szerz\u0151dnek, hanem egy munkaer\u0151k\u00f6zvet\u00edt\u0151n kereszt\u00fcl dolgoznak \u2013 jelentette ki a Vasas Szakszervezeti Sz\u00f6vets\u00e9g aleln\u00f6ke az ATV Start c\u00edm\u0171 m\u0171sorban. L\u00e1szl\u00f3 Zolt\u00e1n szerint, a hat\u00e1rozott idej\u0171 szerz\u0151d\u00e9seket nem hosszabb\u00edtj\u00e1k meg \u00e9s a fluktu\u00e1ci\u00f3 alapj\u00e1n meg\u00fcresedett poz\u00edci\u00f3kat sem t\u00f6ltik fel. Ez azt jelenti,","twitter:image":"https:\/\/allasorias.hu\/hirek\/wp-content\/uploads\/2018\/11\/t\u00f6meg.jpg","twitter:label1":"Written by","twitter:data1":"Juh\u00e1sz P\u00e9ter","twitter:label2":"Est. reading time","twitter:data2":"2 minutes"},"aioseo_meta_data":{"post_id":"3161","title":null,"description":null,"keywords":null,"keyphrases":null,"primary_term":null,"canonical_url":null,"og_title":null,"og_description":null,"og_object_type":"default","og_image_type":"default","og_image_url":null,"og_image_width":null,"og_image_height":null,"og_image_custom_url":null,"og_image_custom_fields":null,"og_video":null,"og_custom_url":null,"og_article_section":null,"og_article_tags":null,"twitter_use_og":false,"twitter_card":"default","twitter_image_type":"default","twitter_image_url":null,"twitter_image_custom_url":null,"twitter_image_custom_fields":null,"twitter_title":null,"twitter_description":null,"schema":{"blockGraphs":[],"customGraphs":[],"default":{"data":{"Article":[],"Course":[],"Dataset":[],"FAQPage":[],"Movie":[],"Person":[],"Product":[],"ProductReview":[],"Car":[],"Recipe":[],"Service":[],"SoftwareApplication":[],"WebPage":[]},"graphName":"","isEnabled":true},"graphs":[]},"schema_type":null,"schema_type_options":null,"pillar_content":false,"robots_default":true,"robots_noindex":false,"robots_noarchive":false,"robots_nosnippet":false,"robots_nofollow":false,"robots_noimageindex":false,"robots_noodp":false,"robots_notranslate":false,"robots_max_snippet":null,"robots_max_videopreview":null,"robots_max_imagepreview":"large","priority":null,"frequency":null,"location":null,"local_seo":null,"breadcrumb_settings":null,"limit_modified_date":false,"ai":null,"created":"2021-02-01 21:57:19","updated":"2025-10-02 11:39:22","seo_analyzer_scan_date":null,"focus_keyword":null,"additional_keywords":null,"truseo_locale":null},"aioseo_breadcrumb":"<div class=\"aioseo-breadcrumbs\"><span class=\"aioseo-breadcrumb\">\n\t\t\t<a href=\"https:\/\/allasorias.hu\/hirek\" title=\"Home\">Home<\/a>\n\t\t<\/span><span class=\"aioseo-breadcrumb-separator\">&raquo;<\/span><span class=\"aioseo-breadcrumb\">\n\t\t\t<a href=\"https:\/\/allasorias.hu\/hirek\/temak\/gazdasag\/\" title=\"Gazdas\u00e1g\">Gazdas\u00e1g<\/a>\n\t\t<\/span><span class=\"aioseo-breadcrumb-separator\">&raquo;<\/span><span class=\"aioseo-breadcrumb\">\n\t\t\tT\u00f6bb ezer munk\u00e1st k\u00fcldtek el a feldolgoz\u00f3ipar ter\u00fclet\u00e9r\u0151l\n\t\t<\/span><\/div>","aioseo_breadcrumb_json":[{"label":"Home","link":"https:\/\/allasorias.hu\/hirek"},{"label":"Gazdas\u00e1g","link":"https:\/\/allasorias.hu\/hirek\/temak\/gazdasag\/"},{"label":"T\u00f6bb ezer munk\u00e1st k\u00fcldtek el a feldolgoz\u00f3ipar ter\u00fclet\u00e9r\u0151l","link":"https:\/\/allasorias.hu\/hirek\/tobb-ezer-munkast-kuldtek-el-a-feldolgozoipar-teruleterol\/"}],"_links":{"self":[{"href":"https:\/\/allasorias.hu\/hirek\/wp-json\/wp\/v2\/posts\/3161","targetHints":{"allow":["GET"]}}],"collection":[{"href":"https:\/\/allasorias.hu\/hirek\/wp-json\/wp\/v2\/posts"}],"about":[{"href":"https:\/\/allasorias.hu\/hirek\/wp-json\/wp\/v2\/types\/post"}],"author":[{"embeddable":true,"href":"https:\/\/allasorias.hu\/hirek\/wp-json\/wp\/v2\/users\/1"}],"replies":[{"embeddable":true,"href":"https:\/\/allasorias.hu\/hirek\/wp-json\/wp\/v2\/comments?post=3161"}],"version-history":[{"count":1,"href":"https:\/\/allasorias.hu\/hirek\/wp-json\/wp\/v2\/posts\/3161\/revisions"}],"predecessor-version":[{"id":3162,"href":"https:\/\/allasorias.hu\/hirek\/wp-json\/wp\/v2\/posts\/3161\/revisions\/3162"}],"wp:featuredmedia":[{"embeddable":true,"href":"https:\/\/allasorias.hu\/hirek\/wp-json\/wp\/v2\/media\/2230"}],"wp:attachment":[{"href":"https:\/\/allasorias.hu\/hirek\/wp-json\/wp\/v2\/media?parent=3161"}],"wp:term":[{"taxonomy":"category","embeddable":true,"href":"https:\/\/allasorias.hu\/hirek\/wp-json\/wp\/v2\/categories?post=3161"},{"taxonomy":"post_tag","embeddable":true,"href":"https:\/\/allasorias.hu\/hirek\/wp-json\/wp\/v2\/tags?post=3161"}],"curies":[{"name":"wp","href":"https:\/\/api.w.org\/{rel}","templated":true}]}}