{"id":3156,"date":"2019-08-01T08:04:16","date_gmt":"2019-08-01T08:04:16","guid":{"rendered":"https:\/\/allasorias.hu\/hirek\/?p=3156"},"modified":"2019-08-01T08:04:16","modified_gmt":"2019-08-01T08:04:16","slug":"harom-es-felmilliard-ujabb-munkahelyekre","status":"publish","type":"post","link":"https:\/\/allasorias.hu\/hirek\/harom-es-felmilliard-ujabb-munkahelyekre\/","title":{"rendered":"H\u00e1rom \u00e9s f\u00e9lmilli\u00e1rd \u00fajabb munkahelyekre"},"content":{"rendered":"<p><strong>Varga Mih\u00e1ly p\u00e9nz\u00fcgyminiszter bejelentette: h\u00e1rom \u00e9s f\u00e9lmilli\u00e1rd Ft munkahelyteremt\u0151 t\u00e1mogat\u00e1sra p\u00e1ly\u00e1zhatnak a mikro-, kis- \u00e9s k\u00f6z\u00e9pv\u00e1llalkoz\u00e1sok, a p\u00e9nzb\u0151l 1500 \u00faj \u00e1ll\u00e1shely is l\u00e9trej\u00f6het Magyarorsz\u00e1gon. <\/strong><\/p>\n<p>A munkahelyteremt\u0151 beruh\u00e1z\u00e1si t\u00e1mogat\u00e1s a m\u00e9g megl\u00e9v\u0151 munkaer\u0151-tartal\u00e9k aktiviz\u00e1l\u00e1sa mellett a h\u00e1tr\u00e1nyosabb helyzet\u0171 t\u00e9rs\u00e9gek felz\u00e1rk\u00f3ztat\u00e1s\u00e1t is el\u0151seg\u00edti. A vissza nem t\u00e9r\u00edtend\u0151 t\u00e1mogat\u00e1s egy munkahelyre jut\u00f3 legmagasabb \u00f6sszege &#8211; a kieg\u00e9sz\u00edt\u0151 t\u00e1mogat\u00e1st is figyelembe v\u00e9ve &#8211; 2019-ben m\u00e1r el\u00e9rheti a 3,6 milli\u00f3 forintot. A kkv-szektor versenyk\u00e9pess\u00e9ge ezzel \u00e9rdemben javulhat, hiszen egyebek mellett \u00faj eszk\u00f6z\u00f6k, g\u00e9pek beszerz\u00e9se, ingatlanv\u00e1s\u00e1rl\u00e1s, b\u00e9rleti d\u00edjak, vagy ak\u00e1r l\u00edzingk\u00f6lts\u00e9gek is elsz\u00e1molhat\u00f3k az \u00f6sszegb\u0151l.Varga Mih\u00e1ly eml\u00e9keztetett, a program idei els\u0151 ki\u00edr\u00e1s\u00e1ban 98 c\u00e9g nyert el t\u00e1mogat\u00e1st, amely t\u00f6bb mint 600 \u00faj munkahely l\u00e9tes\u00edt\u00e9s\u00e9hez, valamint csaknem 1100 \u00e1ll\u00e1shely meg\u0151rz\u00e9s\u00e9hez j\u00e1rult hozz\u00e1. Varga kifejtette, a kkv-k foglalkoztatj\u00e1k a magyar munkaer\u0151 k\u00e9tharmad\u00e1t, \u00edgy a korm\u00e1ny t\u00f6bb eszk\u00f6zzel t\u00e1mogatja a technol\u00f3giai fejleszt\u00e9seiket \u00e9s dolgoz\u00f3ik sz\u00e1m\u00e1nak n\u00f6vel\u00e9s\u00e9t. Az ut\u00f3bbi h\u00e9t \u00e9vben \u00f6sszesen t\u00f6bb mint 53 milli\u00e1rd forint t\u00e1mogat\u00e1st kaptak a kkv-k munkahelyteremt\u00e9se, ezzel 28 ezer \u00faj munkahely j\u00f6hetett l\u00e9tre Magyarorsz\u00e1gon.<\/p>\n<p>Forr\u00e1s: kamaraonline.hu<\/p>\n","protected":false},"excerpt":{"rendered":"<p>Varga Mih\u00e1ly p\u00e9nz\u00fcgyminiszter bejelentette: h\u00e1rom \u00e9s f\u00e9lmilli\u00e1rd Ft munkahelyteremt\u0151 t\u00e1mogat\u00e1sra p\u00e1ly\u00e1zhatnak a mikro-, kis- \u00e9s k\u00f6z\u00e9pv\u00e1llalkoz\u00e1sok, a p\u00e9nzb\u0151l 1500 \u00faj \u00e1ll\u00e1shely is l\u00e9trej\u00f6het Magyarorsz\u00e1gon. A munkahelyteremt\u0151 beruh\u00e1z\u00e1si t\u00e1mogat\u00e1s a m\u00e9g megl\u00e9v\u0151 munkaer\u0151-tartal\u00e9k aktiviz\u00e1l\u00e1sa mellett a h\u00e1tr\u00e1nyosabb helyzet\u0171 t\u00e9rs\u00e9gek felz\u00e1rk\u00f3ztat\u00e1s\u00e1t is el\u0151seg\u00edti. A vissza nem t\u00e9r\u00edtend\u0151 t\u00e1mogat\u00e1s egy munkahelyre jut\u00f3 legmagasabb \u00f6sszege &#8211; a kieg\u00e9sz\u00edt\u0151 t\u00e1mogat\u00e1st [&hellip;]<\/p>\n","protected":false},"author":1,"featured_media":1995,"comment_status":"open","ping_status":"open","sticky":false,"template":"","format":"standard","meta":{"_monsterinsights_skip_tracking":false,"footnotes":""},"categories":[198,200],"tags":[],"class_list":["post-3156","post","type-post","status-publish","format-standard","has-post-thumbnail","hentry","category-gazdasag","category-munkaeropiac"],"aioseo_notices":[],"aioseo_head":"\n\t\t<!-- All in One SEO 5.0.0.1 - aioseo.com -->\n\t<meta name=\"description\" content=\"Varga Mih\u00e1ly p\u00e9nz\u00fcgyminiszter bejelentette: h\u00e1rom \u00e9s f\u00e9lmilli\u00e1rd Ft munkahelyteremt\u0151 t\u00e1mogat\u00e1sra p\u00e1ly\u00e1zhatnak a mikro-, kis- \u00e9s k\u00f6z\u00e9pv\u00e1llalkoz\u00e1sok, a p\u00e9nzb\u0151l 1500 \u00faj \u00e1ll\u00e1shely is l\u00e9trej\u00f6het Magyarorsz\u00e1gon. A munkahelyteremt\u0151 beruh\u00e1z\u00e1si t\u00e1mogat\u00e1s a m\u00e9g megl\u00e9v\u0151 munkaer\u0151-tartal\u00e9k aktiviz\u00e1l\u00e1sa mellett a h\u00e1tr\u00e1nyosabb helyzet\u0171 t\u00e9rs\u00e9gek felz\u00e1rk\u00f3ztat\u00e1s\u00e1t is el\u0151seg\u00edti. A vissza nem t\u00e9r\u00edtend\u0151 t\u00e1mogat\u00e1s egy munkahelyre jut\u00f3 legmagasabb \u00f6sszege - a kieg\u00e9sz\u00edt\u0151 t\u00e1mogat\u00e1st\" \/>\n\t<meta name=\"robots\" content=\"max-image-preview:large\" \/>\n\t<meta name=\"author\" content=\"Juh\u00e1sz P\u00e9ter\"\/>\n\t<link rel=\"canonical\" href=\"https:\/\/allasorias.hu\/hirek\/harom-es-felmilliard-ujabb-munkahelyekre\/\" \/>\n\t<meta name=\"generator\" content=\"All in One SEO (AIOSEO) 5.0.0.1\" \/>\n\t\t<meta property=\"og:locale\" content=\"hu_HU\" \/>\n\t\t<meta property=\"og:site_name\" content=\"AllasOrias.hu | H\u00edrek-lapszemle | \u00dczleti h\u00edrek az \u00e1ll\u00e1s \u00e9s a munka vil\u00e1g\u00e1b\u00f3l\" \/>\n\t\t<meta property=\"og:type\" content=\"article\" \/>\n\t\t<meta property=\"og:title\" content=\"H\u00e1rom \u00e9s f\u00e9lmilli\u00e1rd \u00fajabb munkahelyekre | AllasOrias.hu | H\u00edrek-lapszemle\" \/>\n\t\t<meta property=\"og:description\" content=\"Varga Mih\u00e1ly p\u00e9nz\u00fcgyminiszter bejelentette: h\u00e1rom \u00e9s f\u00e9lmilli\u00e1rd Ft munkahelyteremt\u0151 t\u00e1mogat\u00e1sra p\u00e1ly\u00e1zhatnak a mikro-, kis- \u00e9s k\u00f6z\u00e9pv\u00e1llalkoz\u00e1sok, a p\u00e9nzb\u0151l 1500 \u00faj \u00e1ll\u00e1shely is l\u00e9trej\u00f6het Magyarorsz\u00e1gon. A munkahelyteremt\u0151 beruh\u00e1z\u00e1si t\u00e1mogat\u00e1s a m\u00e9g megl\u00e9v\u0151 munkaer\u0151-tartal\u00e9k aktiviz\u00e1l\u00e1sa mellett a h\u00e1tr\u00e1nyosabb helyzet\u0171 t\u00e9rs\u00e9gek felz\u00e1rk\u00f3ztat\u00e1s\u00e1t is el\u0151seg\u00edti. A vissza nem t\u00e9r\u00edtend\u0151 t\u00e1mogat\u00e1s egy munkahelyre jut\u00f3 legmagasabb \u00f6sszege - a kieg\u00e9sz\u00edt\u0151 t\u00e1mogat\u00e1st\" \/>\n\t\t<meta property=\"og:url\" content=\"https:\/\/allasorias.hu\/hirek\/harom-es-felmilliard-ujabb-munkahelyekre\/\" \/>\n\t\t<meta property=\"og:image\" content=\"https:\/\/allasorias.hu\/hirek\/wp-content\/uploads\/2018\/10\/15014436215161_67153252_db.jpg\" \/>\n\t\t<meta property=\"og:image:secure_url\" content=\"https:\/\/allasorias.hu\/hirek\/wp-content\/uploads\/2018\/10\/15014436215161_67153252_db.jpg\" \/>\n\t\t<meta property=\"og:image:width\" content=\"640\" \/>\n\t\t<meta property=\"og:image:height\" content=\"368\" \/>\n\t\t<meta property=\"article:published_time\" content=\"2019-08-01T08:04:16+00:00\" \/>\n\t\t<meta property=\"article:modified_time\" content=\"2019-08-01T08:04:16+00:00\" \/>\n\t\t<meta property=\"article:publisher\" content=\"https:\/\/www.facebook.com\/allasorias\" \/>\n\t\t<meta name=\"twitter:card\" content=\"summary_large_image\" \/>\n\t\t<meta name=\"twitter:title\" content=\"H\u00e1rom \u00e9s f\u00e9lmilli\u00e1rd \u00fajabb munkahelyekre | AllasOrias.hu | H\u00edrek-lapszemle\" \/>\n\t\t<meta name=\"twitter:description\" content=\"Varga Mih\u00e1ly p\u00e9nz\u00fcgyminiszter bejelentette: h\u00e1rom \u00e9s f\u00e9lmilli\u00e1rd Ft munkahelyteremt\u0151 t\u00e1mogat\u00e1sra p\u00e1ly\u00e1zhatnak a mikro-, kis- \u00e9s k\u00f6z\u00e9pv\u00e1llalkoz\u00e1sok, a p\u00e9nzb\u0151l 1500 \u00faj \u00e1ll\u00e1shely is l\u00e9trej\u00f6het Magyarorsz\u00e1gon. A munkahelyteremt\u0151 beruh\u00e1z\u00e1si t\u00e1mogat\u00e1s a m\u00e9g megl\u00e9v\u0151 munkaer\u0151-tartal\u00e9k aktiviz\u00e1l\u00e1sa mellett a h\u00e1tr\u00e1nyosabb helyzet\u0171 t\u00e9rs\u00e9gek felz\u00e1rk\u00f3ztat\u00e1s\u00e1t is el\u0151seg\u00edti. A vissza nem t\u00e9r\u00edtend\u0151 t\u00e1mogat\u00e1s egy munkahelyre jut\u00f3 legmagasabb \u00f6sszege - a kieg\u00e9sz\u00edt\u0151 t\u00e1mogat\u00e1st\" \/>\n\t\t<meta name=\"twitter:image\" content=\"https:\/\/allasorias.hu\/hirek\/wp-content\/uploads\/2018\/10\/15014436215161_67153252_db.jpg\" \/>\n\t\t<meta name=\"twitter:label1\" content=\"Written by\" \/>\n\t\t<meta name=\"twitter:data1\" content=\"Juh\u00e1sz P\u00e9ter\" \/>\n\t\t<meta name=\"twitter:label2\" content=\"Est. reading time\" \/>\n\t\t<meta name=\"twitter:data2\" content=\"1 minute\" \/>\n\t\t<script type=\"application\/ld+json\" class=\"aioseo-schema\">\n\t\t\t{\"@context\":\"https:\\\/\\\/schema.org\",\"@graph\":[{\"@type\":\"Article\",\"@id\":\"https:\\\/\\\/allasorias.hu\\\/hirek\\\/harom-es-felmilliard-ujabb-munkahelyekre\\\/#article\",\"name\":\"H\\u00e1rom \\u00e9s f\\u00e9lmilli\\u00e1rd \\u00fajabb munkahelyekre | AllasOrias.hu | H\\u00edrek-lapszemle\",\"headline\":\"H\\u00e1rom \\u00e9s f\\u00e9lmilli\\u00e1rd \\u00fajabb munkahelyekre\",\"author\":{\"@id\":\"https:\\\/\\\/allasorias.hu\\\/hirek\\\/author\\\/admin-allasorias\\\/#author\"},\"publisher\":{\"@id\":\"https:\\\/\\\/allasorias.hu\\\/hirek\\\/#organization\"},\"image\":{\"@type\":\"ImageObject\",\"url\":\"https:\\\/\\\/allasorias.hu\\\/hirek\\\/wp-content\\\/uploads\\\/2018\\\/10\\\/15014436215161_67153252_db.jpg\",\"width\":640,\"height\":368},\"datePublished\":\"2019-08-01T08:04:16+02:00\",\"dateModified\":\"2019-08-01T08:04:16+02:00\",\"inLanguage\":\"hu-HU\",\"mainEntityOfPage\":{\"@id\":\"https:\\\/\\\/allasorias.hu\\\/hirek\\\/harom-es-felmilliard-ujabb-munkahelyekre\\\/#webpage\"},\"isPartOf\":{\"@id\":\"https:\\\/\\\/allasorias.hu\\\/hirek\\\/harom-es-felmilliard-ujabb-munkahelyekre\\\/#webpage\"},\"articleSection\":\"Gazdas\\u00e1g, Munkaer\\u0151piac\"},{\"@type\":\"BreadcrumbList\",\"@id\":\"https:\\\/\\\/allasorias.hu\\\/hirek\\\/harom-es-felmilliard-ujabb-munkahelyekre\\\/#breadcrumblist\",\"itemListElement\":[{\"@type\":\"ListItem\",\"@id\":\"https:\\\/\\\/allasorias.hu\\\/hirek#listItem\",\"position\":1,\"name\":\"Home\",\"item\":\"https:\\\/\\\/allasorias.hu\\\/hirek\",\"nextItem\":{\"@type\":\"ListItem\",\"@id\":\"https:\\\/\\\/allasorias.hu\\\/hirek\\\/temak\\\/gazdasag\\\/#listItem\",\"name\":\"Gazdas\\u00e1g\"}},{\"@type\":\"ListItem\",\"@id\":\"https:\\\/\\\/allasorias.hu\\\/hirek\\\/temak\\\/gazdasag\\\/#listItem\",\"position\":2,\"name\":\"Gazdas\\u00e1g\",\"item\":\"https:\\\/\\\/allasorias.hu\\\/hirek\\\/temak\\\/gazdasag\\\/\",\"nextItem\":{\"@type\":\"ListItem\",\"@id\":\"https:\\\/\\\/allasorias.hu\\\/hirek\\\/harom-es-felmilliard-ujabb-munkahelyekre\\\/#listItem\",\"name\":\"H\\u00e1rom \\u00e9s f\\u00e9lmilli\\u00e1rd \\u00fajabb munkahelyekre\"},\"previousItem\":{\"@type\":\"ListItem\",\"@id\":\"https:\\\/\\\/allasorias.hu\\\/hirek#listItem\",\"name\":\"Home\"}},{\"@type\":\"ListItem\",\"@id\":\"https:\\\/\\\/allasorias.hu\\\/hirek\\\/harom-es-felmilliard-ujabb-munkahelyekre\\\/#listItem\",\"position\":3,\"name\":\"H\\u00e1rom \\u00e9s f\\u00e9lmilli\\u00e1rd \\u00fajabb munkahelyekre\",\"previousItem\":{\"@type\":\"ListItem\",\"@id\":\"https:\\\/\\\/allasorias.hu\\\/hirek\\\/temak\\\/gazdasag\\\/#listItem\",\"name\":\"Gazdas\\u00e1g\"}}]},{\"@type\":\"Organization\",\"@id\":\"https:\\\/\\\/allasorias.hu\\\/hirek\\\/#organization\",\"name\":\"AllasOrias.hu | H\\u00edrek-lapszemle\",\"description\":\"\\u00dczleti h\\u00edrek az \\u00e1ll\\u00e1s \\u00e9s a munka vil\\u00e1g\\u00e1b\\u00f3l\",\"url\":\"https:\\\/\\\/allasorias.hu\\\/hirek\\\/\",\"logo\":{\"@type\":\"ImageObject\",\"url\":\"https:\\\/\\\/allasorias.hu\\\/hirek\\\/wp-content\\\/uploads\\\/2022\\\/10\\\/allasorias_site_facebok_logo.png\",\"@id\":\"https:\\\/\\\/allasorias.hu\\\/hirek\\\/harom-es-felmilliard-ujabb-munkahelyekre\\\/#organizationLogo\"},\"image\":{\"@id\":\"https:\\\/\\\/allasorias.hu\\\/hirek\\\/harom-es-felmilliard-ujabb-munkahelyekre\\\/#organizationLogo\"},\"sameAs\":[\"https:\\\/\\\/www.facebook.com\\\/allasorias\",\"https:\\\/\\\/www.linkedin.com\\\/company\\\/allasorias\"]},{\"@type\":\"Person\",\"@id\":\"https:\\\/\\\/allasorias.hu\\\/hirek\\\/author\\\/admin-allasorias\\\/#author\",\"url\":\"https:\\\/\\\/allasorias.hu\\\/hirek\\\/author\\\/admin-allasorias\\\/\",\"name\":\"Juh\\u00e1sz P\\u00e9ter\",\"image\":{\"@type\":\"ImageObject\",\"@id\":\"https:\\\/\\\/allasorias.hu\\\/hirek\\\/harom-es-felmilliard-ujabb-munkahelyekre\\\/#authorImage\",\"url\":\"https:\\\/\\\/secure.gravatar.com\\\/avatar\\\/36e6bcb83148978b992977cb0f54d22feb0cce8a0a849a9410532bb2623ba4c6?s=96&d=mm&r=g\",\"width\":96,\"height\":96,\"caption\":\"Juh\\u00e1sz P\\u00e9ter\"}},{\"@type\":\"WebPage\",\"@id\":\"https:\\\/\\\/allasorias.hu\\\/hirek\\\/harom-es-felmilliard-ujabb-munkahelyekre\\\/#webpage\",\"url\":\"https:\\\/\\\/allasorias.hu\\\/hirek\\\/harom-es-felmilliard-ujabb-munkahelyekre\\\/\",\"name\":\"H\\u00e1rom \\u00e9s f\\u00e9lmilli\\u00e1rd \\u00fajabb munkahelyekre | AllasOrias.hu | H\\u00edrek-lapszemle\",\"description\":\"Varga Mih\\u00e1ly p\\u00e9nz\\u00fcgyminiszter bejelentette: h\\u00e1rom \\u00e9s f\\u00e9lmilli\\u00e1rd Ft munkahelyteremt\\u0151 t\\u00e1mogat\\u00e1sra p\\u00e1ly\\u00e1zhatnak a mikro-, kis- \\u00e9s k\\u00f6z\\u00e9pv\\u00e1llalkoz\\u00e1sok, a p\\u00e9nzb\\u0151l 1500 \\u00faj \\u00e1ll\\u00e1shely is l\\u00e9trej\\u00f6het Magyarorsz\\u00e1gon. A munkahelyteremt\\u0151 beruh\\u00e1z\\u00e1si t\\u00e1mogat\\u00e1s a m\\u00e9g megl\\u00e9v\\u0151 munkaer\\u0151-tartal\\u00e9k aktiviz\\u00e1l\\u00e1sa mellett a h\\u00e1tr\\u00e1nyosabb helyzet\\u0171 t\\u00e9rs\\u00e9gek felz\\u00e1rk\\u00f3ztat\\u00e1s\\u00e1t is el\\u0151seg\\u00edti. A vissza nem t\\u00e9r\\u00edtend\\u0151 t\\u00e1mogat\\u00e1s egy munkahelyre jut\\u00f3 legmagasabb \\u00f6sszege - a kieg\\u00e9sz\\u00edt\\u0151 t\\u00e1mogat\\u00e1st\",\"inLanguage\":\"hu-HU\",\"isPartOf\":{\"@id\":\"https:\\\/\\\/allasorias.hu\\\/hirek\\\/#website\"},\"breadcrumb\":{\"@id\":\"https:\\\/\\\/allasorias.hu\\\/hirek\\\/harom-es-felmilliard-ujabb-munkahelyekre\\\/#breadcrumblist\"},\"author\":{\"@id\":\"https:\\\/\\\/allasorias.hu\\\/hirek\\\/author\\\/admin-allasorias\\\/#author\"},\"creator\":{\"@id\":\"https:\\\/\\\/allasorias.hu\\\/hirek\\\/author\\\/admin-allasorias\\\/#author\"},\"image\":{\"@type\":\"ImageObject\",\"url\":\"https:\\\/\\\/allasorias.hu\\\/hirek\\\/wp-content\\\/uploads\\\/2018\\\/10\\\/15014436215161_67153252_db.jpg\",\"@id\":\"https:\\\/\\\/allasorias.hu\\\/hirek\\\/harom-es-felmilliard-ujabb-munkahelyekre\\\/#mainImage\",\"width\":640,\"height\":368},\"primaryImageOfPage\":{\"@id\":\"https:\\\/\\\/allasorias.hu\\\/hirek\\\/harom-es-felmilliard-ujabb-munkahelyekre\\\/#mainImage\"},\"datePublished\":\"2019-08-01T08:04:16+02:00\",\"dateModified\":\"2019-08-01T08:04:16+02:00\"},{\"@type\":\"WebSite\",\"@id\":\"https:\\\/\\\/allasorias.hu\\\/hirek\\\/#website\",\"url\":\"https:\\\/\\\/allasorias.hu\\\/hirek\\\/\",\"name\":\"AllasOrias.hu | H\\u00edrek-lapszemle\",\"description\":\"\\u00dczleti h\\u00edrek az \\u00e1ll\\u00e1s \\u00e9s a munka vil\\u00e1g\\u00e1b\\u00f3l\",\"inLanguage\":\"hu-HU\",\"publisher\":{\"@id\":\"https:\\\/\\\/allasorias.hu\\\/hirek\\\/#organization\"}}]}\n\t\t<\/script>\n\t\t<!-- All in One SEO -->\n\n","aioseo_head_json":{"title":"H\u00e1rom \u00e9s f\u00e9lmilli\u00e1rd \u00fajabb munkahelyekre | AllasOrias.hu | H\u00edrek-lapszemle","description":"Varga Mih\u00e1ly p\u00e9nz\u00fcgyminiszter bejelentette: h\u00e1rom \u00e9s f\u00e9lmilli\u00e1rd Ft munkahelyteremt\u0151 t\u00e1mogat\u00e1sra p\u00e1ly\u00e1zhatnak a mikro-, kis- \u00e9s k\u00f6z\u00e9pv\u00e1llalkoz\u00e1sok, a p\u00e9nzb\u0151l 1500 \u00faj \u00e1ll\u00e1shely is l\u00e9trej\u00f6het Magyarorsz\u00e1gon. A munkahelyteremt\u0151 beruh\u00e1z\u00e1si t\u00e1mogat\u00e1s a m\u00e9g megl\u00e9v\u0151 munkaer\u0151-tartal\u00e9k aktiviz\u00e1l\u00e1sa mellett a h\u00e1tr\u00e1nyosabb helyzet\u0171 t\u00e9rs\u00e9gek felz\u00e1rk\u00f3ztat\u00e1s\u00e1t is el\u0151seg\u00edti. A vissza nem t\u00e9r\u00edtend\u0151 t\u00e1mogat\u00e1s egy munkahelyre jut\u00f3 legmagasabb \u00f6sszege - a kieg\u00e9sz\u00edt\u0151 t\u00e1mogat\u00e1st","canonical_url":"https:\/\/allasorias.hu\/hirek\/harom-es-felmilliard-ujabb-munkahelyekre\/","robots":"max-image-preview:large","keywords":"","webmasterTools":{"miscellaneous":""},"schema":{"@context":"https:\/\/schema.org","@graph":[{"@type":"Article","@id":"https:\/\/allasorias.hu\/hirek\/harom-es-felmilliard-ujabb-munkahelyekre\/#article","name":"H\u00e1rom \u00e9s f\u00e9lmilli\u00e1rd \u00fajabb munkahelyekre | AllasOrias.hu | H\u00edrek-lapszemle","headline":"H\u00e1rom \u00e9s f\u00e9lmilli\u00e1rd \u00fajabb munkahelyekre","author":{"@id":"https:\/\/allasorias.hu\/hirek\/author\/admin-allasorias\/#author"},"publisher":{"@id":"https:\/\/allasorias.hu\/hirek\/#organization"},"image":{"@type":"ImageObject","url":"https:\/\/allasorias.hu\/hirek\/wp-content\/uploads\/2018\/10\/15014436215161_67153252_db.jpg","width":640,"height":368},"datePublished":"2019-08-01T08:04:16+02:00","dateModified":"2019-08-01T08:04:16+02:00","inLanguage":"hu-HU","mainEntityOfPage":{"@id":"https:\/\/allasorias.hu\/hirek\/harom-es-felmilliard-ujabb-munkahelyekre\/#webpage"},"isPartOf":{"@id":"https:\/\/allasorias.hu\/hirek\/harom-es-felmilliard-ujabb-munkahelyekre\/#webpage"},"articleSection":"Gazdas\u00e1g, Munkaer\u0151piac"},{"@type":"BreadcrumbList","@id":"https:\/\/allasorias.hu\/hirek\/harom-es-felmilliard-ujabb-munkahelyekre\/#breadcrumblist","itemListElement":[{"@type":"ListItem","@id":"https:\/\/allasorias.hu\/hirek#listItem","position":1,"name":"Home","item":"https:\/\/allasorias.hu\/hirek","nextItem":{"@type":"ListItem","@id":"https:\/\/allasorias.hu\/hirek\/temak\/gazdasag\/#listItem","name":"Gazdas\u00e1g"}},{"@type":"ListItem","@id":"https:\/\/allasorias.hu\/hirek\/temak\/gazdasag\/#listItem","position":2,"name":"Gazdas\u00e1g","item":"https:\/\/allasorias.hu\/hirek\/temak\/gazdasag\/","nextItem":{"@type":"ListItem","@id":"https:\/\/allasorias.hu\/hirek\/harom-es-felmilliard-ujabb-munkahelyekre\/#listItem","name":"H\u00e1rom \u00e9s f\u00e9lmilli\u00e1rd \u00fajabb munkahelyekre"},"previousItem":{"@type":"ListItem","@id":"https:\/\/allasorias.hu\/hirek#listItem","name":"Home"}},{"@type":"ListItem","@id":"https:\/\/allasorias.hu\/hirek\/harom-es-felmilliard-ujabb-munkahelyekre\/#listItem","position":3,"name":"H\u00e1rom \u00e9s f\u00e9lmilli\u00e1rd \u00fajabb munkahelyekre","previousItem":{"@type":"ListItem","@id":"https:\/\/allasorias.hu\/hirek\/temak\/gazdasag\/#listItem","name":"Gazdas\u00e1g"}}]},{"@type":"Organization","@id":"https:\/\/allasorias.hu\/hirek\/#organization","name":"AllasOrias.hu | H\u00edrek-lapszemle","description":"\u00dczleti h\u00edrek az \u00e1ll\u00e1s \u00e9s a munka vil\u00e1g\u00e1b\u00f3l","url":"https:\/\/allasorias.hu\/hirek\/","logo":{"@type":"ImageObject","url":"https:\/\/allasorias.hu\/hirek\/wp-content\/uploads\/2022\/10\/allasorias_site_facebok_logo.png","@id":"https:\/\/allasorias.hu\/hirek\/harom-es-felmilliard-ujabb-munkahelyekre\/#organizationLogo"},"image":{"@id":"https:\/\/allasorias.hu\/hirek\/harom-es-felmilliard-ujabb-munkahelyekre\/#organizationLogo"},"sameAs":["https:\/\/www.facebook.com\/allasorias","https:\/\/www.linkedin.com\/company\/allasorias"]},{"@type":"Person","@id":"https:\/\/allasorias.hu\/hirek\/author\/admin-allasorias\/#author","url":"https:\/\/allasorias.hu\/hirek\/author\/admin-allasorias\/","name":"Juh\u00e1sz P\u00e9ter","image":{"@type":"ImageObject","@id":"https:\/\/allasorias.hu\/hirek\/harom-es-felmilliard-ujabb-munkahelyekre\/#authorImage","url":"https:\/\/secure.gravatar.com\/avatar\/36e6bcb83148978b992977cb0f54d22feb0cce8a0a849a9410532bb2623ba4c6?s=96&d=mm&r=g","width":96,"height":96,"caption":"Juh\u00e1sz P\u00e9ter"}},{"@type":"WebPage","@id":"https:\/\/allasorias.hu\/hirek\/harom-es-felmilliard-ujabb-munkahelyekre\/#webpage","url":"https:\/\/allasorias.hu\/hirek\/harom-es-felmilliard-ujabb-munkahelyekre\/","name":"H\u00e1rom \u00e9s f\u00e9lmilli\u00e1rd \u00fajabb munkahelyekre | AllasOrias.hu | H\u00edrek-lapszemle","description":"Varga Mih\u00e1ly p\u00e9nz\u00fcgyminiszter bejelentette: h\u00e1rom \u00e9s f\u00e9lmilli\u00e1rd Ft munkahelyteremt\u0151 t\u00e1mogat\u00e1sra p\u00e1ly\u00e1zhatnak a mikro-, kis- \u00e9s k\u00f6z\u00e9pv\u00e1llalkoz\u00e1sok, a p\u00e9nzb\u0151l 1500 \u00faj \u00e1ll\u00e1shely is l\u00e9trej\u00f6het Magyarorsz\u00e1gon. A munkahelyteremt\u0151 beruh\u00e1z\u00e1si t\u00e1mogat\u00e1s a m\u00e9g megl\u00e9v\u0151 munkaer\u0151-tartal\u00e9k aktiviz\u00e1l\u00e1sa mellett a h\u00e1tr\u00e1nyosabb helyzet\u0171 t\u00e9rs\u00e9gek felz\u00e1rk\u00f3ztat\u00e1s\u00e1t is el\u0151seg\u00edti. A vissza nem t\u00e9r\u00edtend\u0151 t\u00e1mogat\u00e1s egy munkahelyre jut\u00f3 legmagasabb \u00f6sszege - a kieg\u00e9sz\u00edt\u0151 t\u00e1mogat\u00e1st","inLanguage":"hu-HU","isPartOf":{"@id":"https:\/\/allasorias.hu\/hirek\/#website"},"breadcrumb":{"@id":"https:\/\/allasorias.hu\/hirek\/harom-es-felmilliard-ujabb-munkahelyekre\/#breadcrumblist"},"author":{"@id":"https:\/\/allasorias.hu\/hirek\/author\/admin-allasorias\/#author"},"creator":{"@id":"https:\/\/allasorias.hu\/hirek\/author\/admin-allasorias\/#author"},"image":{"@type":"ImageObject","url":"https:\/\/allasorias.hu\/hirek\/wp-content\/uploads\/2018\/10\/15014436215161_67153252_db.jpg","@id":"https:\/\/allasorias.hu\/hirek\/harom-es-felmilliard-ujabb-munkahelyekre\/#mainImage","width":640,"height":368},"primaryImageOfPage":{"@id":"https:\/\/allasorias.hu\/hirek\/harom-es-felmilliard-ujabb-munkahelyekre\/#mainImage"},"datePublished":"2019-08-01T08:04:16+02:00","dateModified":"2019-08-01T08:04:16+02:00"},{"@type":"WebSite","@id":"https:\/\/allasorias.hu\/hirek\/#website","url":"https:\/\/allasorias.hu\/hirek\/","name":"AllasOrias.hu | H\u00edrek-lapszemle","description":"\u00dczleti h\u00edrek az \u00e1ll\u00e1s \u00e9s a munka vil\u00e1g\u00e1b\u00f3l","inLanguage":"hu-HU","publisher":{"@id":"https:\/\/allasorias.hu\/hirek\/#organization"}}]},"og:locale":"hu_HU","og:site_name":"AllasOrias.hu | H\u00edrek-lapszemle | \u00dczleti h\u00edrek az \u00e1ll\u00e1s \u00e9s a munka vil\u00e1g\u00e1b\u00f3l","og:type":"article","og:title":"H\u00e1rom \u00e9s f\u00e9lmilli\u00e1rd \u00fajabb munkahelyekre | AllasOrias.hu | H\u00edrek-lapszemle","og:description":"Varga Mih\u00e1ly p\u00e9nz\u00fcgyminiszter bejelentette: h\u00e1rom \u00e9s f\u00e9lmilli\u00e1rd Ft munkahelyteremt\u0151 t\u00e1mogat\u00e1sra p\u00e1ly\u00e1zhatnak a mikro-, kis- \u00e9s k\u00f6z\u00e9pv\u00e1llalkoz\u00e1sok, a p\u00e9nzb\u0151l 1500 \u00faj \u00e1ll\u00e1shely is l\u00e9trej\u00f6het Magyarorsz\u00e1gon. A munkahelyteremt\u0151 beruh\u00e1z\u00e1si t\u00e1mogat\u00e1s a m\u00e9g megl\u00e9v\u0151 munkaer\u0151-tartal\u00e9k aktiviz\u00e1l\u00e1sa mellett a h\u00e1tr\u00e1nyosabb helyzet\u0171 t\u00e9rs\u00e9gek felz\u00e1rk\u00f3ztat\u00e1s\u00e1t is el\u0151seg\u00edti. A vissza nem t\u00e9r\u00edtend\u0151 t\u00e1mogat\u00e1s egy munkahelyre jut\u00f3 legmagasabb \u00f6sszege - a kieg\u00e9sz\u00edt\u0151 t\u00e1mogat\u00e1st","og:url":"https:\/\/allasorias.hu\/hirek\/harom-es-felmilliard-ujabb-munkahelyekre\/","og:image":"https:\/\/allasorias.hu\/hirek\/wp-content\/uploads\/2018\/10\/15014436215161_67153252_db.jpg","og:image:secure_url":"https:\/\/allasorias.hu\/hirek\/wp-content\/uploads\/2018\/10\/15014436215161_67153252_db.jpg","og:image:width":640,"og:image:height":368,"article:published_time":"2019-08-01T08:04:16+00:00","article:modified_time":"2019-08-01T08:04:16+00:00","article:publisher":"https:\/\/www.facebook.com\/allasorias","twitter:card":"summary_large_image","twitter:title":"H\u00e1rom \u00e9s f\u00e9lmilli\u00e1rd \u00fajabb munkahelyekre | AllasOrias.hu | H\u00edrek-lapszemle","twitter:description":"Varga Mih\u00e1ly p\u00e9nz\u00fcgyminiszter bejelentette: h\u00e1rom \u00e9s f\u00e9lmilli\u00e1rd Ft munkahelyteremt\u0151 t\u00e1mogat\u00e1sra p\u00e1ly\u00e1zhatnak a mikro-, kis- \u00e9s k\u00f6z\u00e9pv\u00e1llalkoz\u00e1sok, a p\u00e9nzb\u0151l 1500 \u00faj \u00e1ll\u00e1shely is l\u00e9trej\u00f6het Magyarorsz\u00e1gon. A munkahelyteremt\u0151 beruh\u00e1z\u00e1si t\u00e1mogat\u00e1s a m\u00e9g megl\u00e9v\u0151 munkaer\u0151-tartal\u00e9k aktiviz\u00e1l\u00e1sa mellett a h\u00e1tr\u00e1nyosabb helyzet\u0171 t\u00e9rs\u00e9gek felz\u00e1rk\u00f3ztat\u00e1s\u00e1t is el\u0151seg\u00edti. A vissza nem t\u00e9r\u00edtend\u0151 t\u00e1mogat\u00e1s egy munkahelyre jut\u00f3 legmagasabb \u00f6sszege - a kieg\u00e9sz\u00edt\u0151 t\u00e1mogat\u00e1st","twitter:image":"https:\/\/allasorias.hu\/hirek\/wp-content\/uploads\/2018\/10\/15014436215161_67153252_db.jpg","twitter:label1":"Written by","twitter:data1":"Juh\u00e1sz P\u00e9ter","twitter:label2":"Est. reading time","twitter:data2":"1 minute"},"aioseo_meta_data":{"post_id":"3156","title":null,"description":null,"keywords":null,"keyphrases":null,"primary_term":null,"canonical_url":null,"og_title":null,"og_description":null,"og_object_type":"default","og_image_type":"default","og_image_url":null,"og_image_width":null,"og_image_height":null,"og_image_custom_url":null,"og_image_custom_fields":null,"og_video":null,"og_custom_url":null,"og_article_section":null,"og_article_tags":null,"twitter_use_og":false,"twitter_card":"default","twitter_image_type":"default","twitter_image_url":null,"twitter_image_custom_url":null,"twitter_image_custom_fields":null,"twitter_title":null,"twitter_description":null,"schema":{"blockGraphs":[],"customGraphs":[],"default":{"data":{"Article":[],"Course":[],"Dataset":[],"FAQPage":[],"Movie":[],"Person":[],"Product":[],"ProductReview":[],"Car":[],"Recipe":[],"Service":[],"SoftwareApplication":[],"WebPage":[]},"graphName":"","isEnabled":true},"graphs":[],"defaultGraph":"","defaultPostTypeGraph":""},"schema_type":null,"schema_type_options":null,"pillar_content":false,"robots_default":true,"robots_noindex":false,"robots_noarchive":false,"robots_nosnippet":false,"robots_nofollow":false,"robots_noimageindex":false,"robots_noodp":false,"robots_notranslate":false,"robots_max_snippet":null,"robots_max_videopreview":null,"robots_max_imagepreview":"large","priority":null,"frequency":null,"location":null,"local_seo":null,"breadcrumb_settings":null,"limit_modified_date":false,"ai":null,"created":"2021-02-01 21:57:19","updated":"2025-10-02 11:38:25","seo_analyzer_scan_date":null,"focus_keyword":null,"additional_keywords":null,"truseo_locale":null},"aioseo_breadcrumb":"<div class=\"aioseo-breadcrumbs\"><span class=\"aioseo-breadcrumb\">\n\t\t\t<a href=\"https:\/\/allasorias.hu\/hirek\" title=\"Home\">Home<\/a>\n\t\t<\/span><span class=\"aioseo-breadcrumb-separator\">&raquo;<\/span><span class=\"aioseo-breadcrumb\">\n\t\t\t<a href=\"https:\/\/allasorias.hu\/hirek\/temak\/gazdasag\/\" title=\"Gazdas\u00e1g\">Gazdas\u00e1g<\/a>\n\t\t<\/span><span class=\"aioseo-breadcrumb-separator\">&raquo;<\/span><span class=\"aioseo-breadcrumb\">\n\t\t\tH\u00e1rom \u00e9s f\u00e9lmilli\u00e1rd \u00fajabb munkahelyekre\n\t\t<\/span><\/div>","aioseo_breadcrumb_json":[{"label":"Home","link":"https:\/\/allasorias.hu\/hirek"},{"label":"Gazdas\u00e1g","link":"https:\/\/allasorias.hu\/hirek\/temak\/gazdasag\/"},{"label":"H\u00e1rom \u00e9s f\u00e9lmilli\u00e1rd \u00fajabb munkahelyekre","link":"https:\/\/allasorias.hu\/hirek\/harom-es-felmilliard-ujabb-munkahelyekre\/"}],"_links":{"self":[{"href":"https:\/\/allasorias.hu\/hirek\/wp-json\/wp\/v2\/posts\/3156","targetHints":{"allow":["GET"]}}],"collection":[{"href":"https:\/\/allasorias.hu\/hirek\/wp-json\/wp\/v2\/posts"}],"about":[{"href":"https:\/\/allasorias.hu\/hirek\/wp-json\/wp\/v2\/types\/post"}],"author":[{"embeddable":true,"href":"https:\/\/allasorias.hu\/hirek\/wp-json\/wp\/v2\/users\/1"}],"replies":[{"embeddable":true,"href":"https:\/\/allasorias.hu\/hirek\/wp-json\/wp\/v2\/comments?post=3156"}],"version-history":[{"count":1,"href":"https:\/\/allasorias.hu\/hirek\/wp-json\/wp\/v2\/posts\/3156\/revisions"}],"predecessor-version":[{"id":3157,"href":"https:\/\/allasorias.hu\/hirek\/wp-json\/wp\/v2\/posts\/3156\/revisions\/3157"}],"wp:featuredmedia":[{"embeddable":true,"href":"https:\/\/allasorias.hu\/hirek\/wp-json\/wp\/v2\/media\/1995"}],"wp:attachment":[{"href":"https:\/\/allasorias.hu\/hirek\/wp-json\/wp\/v2\/media?parent=3156"}],"wp:term":[{"taxonomy":"category","embeddable":true,"href":"https:\/\/allasorias.hu\/hirek\/wp-json\/wp\/v2\/categories?post=3156"},{"taxonomy":"post_tag","embeddable":true,"href":"https:\/\/allasorias.hu\/hirek\/wp-json\/wp\/v2\/tags?post=3156"}],"curies":[{"name":"wp","href":"https:\/\/api.w.org\/{rel}","templated":true}]}}