{"id":3130,"date":"2019-07-23T08:22:11","date_gmt":"2019-07-23T08:22:11","guid":{"rendered":"https:\/\/allasorias.hu\/hirek\/?p=3130"},"modified":"2019-07-23T08:22:11","modified_gmt":"2019-07-23T08:22:11","slug":"palyazati-segitseg-a-kisgyermekes-nok-munkaba-allasashoz","status":"publish","type":"post","link":"https:\/\/allasorias.hu\/hirek\/palyazati-segitseg-a-kisgyermekes-nok-munkaba-allasashoz\/","title":{"rendered":"P\u00e1ly\u00e1zati seg\u00edts\u00e9g a kisgyermekes n\u0151k munk\u00e1ba \u00e1ll\u00e1s\u00e1shoz"},"content":{"rendered":"<p><strong>T\u00e1mogat\u00e1st lehet ig\u00e9nyelni a kisgyermekek b\u00f6lcs\u0151dei elhelyez\u00e9s\u00e9hez azon any\u00e1knak, akik vissza szeretn\u00e9nek t\u00e9rni a munka vil\u00e1g\u00e1ba. Az \u00e1llami b\u00f6lcs\u0151dei hely kev\u00e9s, a mag\u00e1n- \u00e9s csal\u00e1di b\u00f6lcs\u0151d\u00e9ket pedig sokan nem engedhetik meg maguknak. Ilyen k\u00f6r\u00fclm\u00e9nyek k\u00f6z\u00f6tt azonban neh\u00e9z visszat\u00e9rnie a sz\u00fcl\u0151nek a munkaer\u0151piacra. A GINOP-5.3.11-18 \u2013 Kisgyermeket nevel\u0151k munkaer\u0151piaci visszat\u00e9r\u00e9s\u00e9nek t\u00e1mogat\u00e1sa c\u00edm\u0171 p\u00e1ly\u00e1zat erre a probl\u00e9m\u00e1ra k\u00edv\u00e1n seg\u00edts\u00e9get ny\u00fajtani.<\/strong><\/p>\n<p>A vissza nem t\u00e9r\u00edtend\u0151 t\u00e1mogat\u00e1s c\u00e9lja, hogy a kisgyermeket nevel\u0151 sz\u00fcl\u0151k min\u00e9l k\u00f6nnyebben visszat\u00e9rhessenek a munkaer\u0151piacra, ehhez pedig a kisgyermekek b\u00f6lcs\u0151dei ell\u00e1t\u00e1sban tudjanak r\u00e9szes\u00fclni. A t\u00e1mogat\u00e1st a Magyar \u00c1llamkincst\u00e1r ny\u00fajtja, \u00e9s az eg\u00e9sz orsz\u00e1gban el\u00e9rhet\u0151. A kev\u00e9sb\u00e9 fejlett r\u00e9gi\u00f3kban uni\u00f3s t\u00e1rsfinansz\u00edroz\u00e1s keret\u00e9ben tud megval\u00f3sulni a program, m\u00edg a k\u00f6z\u00e9p-magyarorsz\u00e1gi r\u00e9gi\u00f3ban a k\u00f6zponti k\u00f6lts\u00e9gvet\u00e9s fedezi a t\u00e1mogat\u00e1st. Jelenleg m\u00e9g az el\u0151zetes felh\u00edv\u00e1s \u00e9s felt\u00e9telek \u00e9rhet\u0151k el a Magyar \u00c1llamkincst\u00e1r oldal\u00e1n, amely r\u00e9szletesen bemutatja a jelentkez\u00e9si felt\u00e9teleket, az ig\u00e9nyl\u00e9s m\u00f3dj\u00e1t. A v\u00e9gleges felt\u00e9teleket a Magyar \u00c1llamkincst\u00e1r a tov\u00e1bbadott t\u00e1mogat\u00e1sokra ir\u00e1nyad\u00f3 jogi szab\u00e1lyoz\u00e1s \u00e9s a p\u00e1ly\u00e1zati felh\u00edv\u00e1s alapj\u00e1n k\u00f6zlem\u00e9nnyel kiadott p\u00e1ly\u00e1zati ki\u00edr\u00e1sban teszi k\u00f6zz\u00e9 2019. j\u00falius v\u00e9g\u00e9n, augusztus elej\u00e9n.A t\u00e1mogat\u00e1s maxim\u00e1lis \u00f6sszege havi 40 ezer forint lehet! Ha a b\u00f6lcs\u0151dei d\u00edj \u00f6sszege 40 ezer forintn\u00e1l kevesebb, \u00fagy a havi t\u00e1mogat\u00e1s \u00f6sszege a b\u00f6lcs\u0151d\u00e9ben fizetett havi \u00f6sszeg, ha pedig t\u00f6bbet fizet a sz\u00fcl\u0151 havonta, mint 40 ezer forint, akkor a kett\u0151 k\u00fcl\u00f6nb\u00f6zet\u00e9t a sz\u00fcl\u0151 egyenl\u00edti ki. A p\u00e1ly\u00e1z\u00f3k azok a gyermek\u00fck ut\u00e1n csal\u00e1dt\u00e1mogat\u00e1si ell\u00e1t\u00e1sban r\u00e9szes\u00fclt sz\u00fcl\u0151k lehetnek (ak\u00e1r v\u00e9r szerinti, nevel\u0151- vagy \u00f6r\u00f6kbefogad\u00f3 sz\u00fcl\u0151k), akik 20 hetesn\u00e9l id\u0151sebb gyermeket nevelnek, \u00e9s gyermek\u00fcket munkahelyi vagy csal\u00e1di b\u00f6lcs\u0151d\u00e9ben szeretn\u00e9k elhelyezni annak \u00e9rdek\u00e9ben, hogy a munkaer\u0151piacra visszat\u00e9rjenek. Fontos tudni, hogy mivel a t\u00e1mogat\u00e1s c\u00e9lja a munkaer\u0151piacra val\u00f3 visszat\u00e9r\u00e9s seg\u00edt\u00e9se, \u00edgy csak azok jelentkezhetnek, akik a t\u00e1mogat\u00e1si k\u00e9relem beny\u00fajt\u00e1sakor m\u00e9g nem rendelkeznek akt\u00edv munkaer\u0151piaci st\u00e1tusszal. Ide lehet \u00e9rteni a munkaviszonyt, de az egy\u00e9ni v\u00e1llalkoz\u00e1st is. Ezt tudni kell bizony\u00edtani az ig\u00e9nyl\u00e9skor egy munkaer\u0151piaci visszat\u00e9r\u00e9st tan\u00fas\u00edt\u00f3 munk\u00e1ltat\u00f3i igazol\u00e1s beny\u00fajt\u00e1s\u00e1val vagy pedig egy\u00e9ni v\u00e1llalkoz\u00f3i tev\u00e9kenys\u00e9g nyilv\u00e1ntart\u00e1sba v\u00e9tel\u00e9r\u0151l sz\u00f3l\u00f3 igazol\u00e1ssal. Mivel az ig\u00e9nyl\u0151 az a sz\u00fcl\u0151 lehet, aki gyermek\u00e9re tekintettel csecsem\u0151gondoz\u00e1si d\u00edjban, gyermekgondoz\u00e1si d\u00edjban r\u00e9szes\u00fclt, \u00edgy az arr\u00f3l sz\u00f3l\u00f3 hat\u00e1rozatot is csatolni kell majd az ig\u00e9nyl\u00e9skor. Ha a sz\u00fcl\u0151 gyermekgondoz\u00e1st seg\u00edt\u0151 ell\u00e1t\u00e1sban (gyes) vagy gyermeknevel\u00e9si t\u00e1mogat\u00e1sban (gyet) r\u00e9szes\u00fclt, az arr\u00f3l sz\u00f3l\u00f3 igazol\u00e1st a Magyar \u00c1llamkincst\u00e1r hivatalb\u00f3l ellen\u0151rzi, \u00edgy nem kell csatolni a hat\u00e1rozatot. Az el\u0151zetes felh\u00edv\u00e1s r\u00e9szletezi a tov\u00e1bbi felt\u00e9teleket \u00e9s teend\u0151ket. A vissza nem t\u00e9r\u00edtend\u0151 t\u00e1mogat\u00e1st a Magyar \u00c1llamkincst\u00e1ron kereszt\u00fcl lehet majd ig\u00e9nyelni, az el\u0151zetes t\u00e1j\u00e9koztat\u00f3 szerint j\u00falius 31-\u00e9t\u0151l annak felf\u00fcggeszt\u00e9s\u00e9ig, de \u2013 jelen \u00e1ll\u00e1s szerint \u2013 legk\u00e9s\u0151bb 2021. december 31-\u00e9ig. A t\u00e1mogat\u00e1s 2019. szeptember 1-j\u00e9t\u0151l vehet\u0151 majd ig\u00e9nybe \u2013 a mostani tervek szerint \u2013 legk\u00e9s\u0151bb 2022. j\u00fanius 30-\u00e1ig.<\/p>\n<p>Forr\u00e1s: szakszervezetek.hu<\/p>\n","protected":false},"excerpt":{"rendered":"<p>T\u00e1mogat\u00e1st lehet ig\u00e9nyelni a kisgyermekek b\u00f6lcs\u0151dei elhelyez\u00e9s\u00e9hez azon any\u00e1knak, akik vissza szeretn\u00e9nek t\u00e9rni a munka vil\u00e1g\u00e1ba. Az \u00e1llami b\u00f6lcs\u0151dei hely kev\u00e9s, a mag\u00e1n- \u00e9s csal\u00e1di b\u00f6lcs\u0151d\u00e9ket pedig sokan nem engedhetik meg maguknak. Ilyen k\u00f6r\u00fclm\u00e9nyek k\u00f6z\u00f6tt azonban neh\u00e9z visszat\u00e9rnie a sz\u00fcl\u0151nek a munkaer\u0151piacra. A GINOP-5.3.11-18 \u2013 Kisgyermeket nevel\u0151k munkaer\u0151piaci visszat\u00e9r\u00e9s\u00e9nek t\u00e1mogat\u00e1sa c\u00edm\u0171 p\u00e1ly\u00e1zat erre a probl\u00e9m\u00e1ra [&hellip;]<\/p>\n","protected":false},"author":1,"featured_media":2254,"comment_status":"open","ping_status":"open","sticky":false,"template":"","format":"standard","meta":{"_monsterinsights_skip_tracking":false,"footnotes":""},"categories":[200],"tags":[],"class_list":["post-3130","post","type-post","status-publish","format-standard","has-post-thumbnail","hentry","category-munkaeropiac"],"aioseo_notices":[],"aioseo_head":"\n\t\t<!-- All in One SEO 5.0.0.1 - aioseo.com -->\n\t<meta name=\"description\" content=\"T\u00e1mogat\u00e1st lehet ig\u00e9nyelni a kisgyermekek b\u00f6lcs\u0151dei elhelyez\u00e9s\u00e9hez azon any\u00e1knak, akik vissza szeretn\u00e9nek t\u00e9rni a munka vil\u00e1g\u00e1ba. Az \u00e1llami b\u00f6lcs\u0151dei hely kev\u00e9s, a mag\u00e1n- \u00e9s csal\u00e1di b\u00f6lcs\u0151d\u00e9ket pedig sokan nem engedhetik meg maguknak. Ilyen k\u00f6r\u00fclm\u00e9nyek k\u00f6z\u00f6tt azonban neh\u00e9z visszat\u00e9rnie a sz\u00fcl\u0151nek a munkaer\u0151piacra. A GINOP-5.3.11-18 \u2013 Kisgyermeket nevel\u0151k munkaer\u0151piaci visszat\u00e9r\u00e9s\u00e9nek t\u00e1mogat\u00e1sa c\u00edm\u0171 p\u00e1ly\u00e1zat erre a probl\u00e9m\u00e1ra\" \/>\n\t<meta name=\"robots\" content=\"max-image-preview:large\" \/>\n\t<meta name=\"author\" content=\"Juh\u00e1sz P\u00e9ter\"\/>\n\t<link rel=\"canonical\" href=\"https:\/\/allasorias.hu\/hirek\/palyazati-segitseg-a-kisgyermekes-nok-munkaba-allasashoz\/\" \/>\n\t<meta name=\"generator\" content=\"All in One SEO (AIOSEO) 5.0.0.1\" \/>\n\t\t<meta property=\"og:locale\" content=\"hu_HU\" \/>\n\t\t<meta property=\"og:site_name\" content=\"AllasOrias.hu | H\u00edrek-lapszemle | \u00dczleti h\u00edrek az \u00e1ll\u00e1s \u00e9s a munka vil\u00e1g\u00e1b\u00f3l\" \/>\n\t\t<meta property=\"og:type\" content=\"article\" \/>\n\t\t<meta property=\"og:title\" content=\"P\u00e1ly\u00e1zati seg\u00edts\u00e9g a kisgyermekes n\u0151k munk\u00e1ba \u00e1ll\u00e1s\u00e1shoz | AllasOrias.hu | H\u00edrek-lapszemle\" \/>\n\t\t<meta property=\"og:description\" content=\"T\u00e1mogat\u00e1st lehet ig\u00e9nyelni a kisgyermekek b\u00f6lcs\u0151dei elhelyez\u00e9s\u00e9hez azon any\u00e1knak, akik vissza szeretn\u00e9nek t\u00e9rni a munka vil\u00e1g\u00e1ba. Az \u00e1llami b\u00f6lcs\u0151dei hely kev\u00e9s, a mag\u00e1n- \u00e9s csal\u00e1di b\u00f6lcs\u0151d\u00e9ket pedig sokan nem engedhetik meg maguknak. Ilyen k\u00f6r\u00fclm\u00e9nyek k\u00f6z\u00f6tt azonban neh\u00e9z visszat\u00e9rnie a sz\u00fcl\u0151nek a munkaer\u0151piacra. A GINOP-5.3.11-18 \u2013 Kisgyermeket nevel\u0151k munkaer\u0151piaci visszat\u00e9r\u00e9s\u00e9nek t\u00e1mogat\u00e1sa c\u00edm\u0171 p\u00e1ly\u00e1zat erre a probl\u00e9m\u00e1ra\" \/>\n\t\t<meta property=\"og:url\" content=\"https:\/\/allasorias.hu\/hirek\/palyazati-segitseg-a-kisgyermekes-nok-munkaba-allasashoz\/\" \/>\n\t\t<meta property=\"og:image\" content=\"https:\/\/allasorias.hu\/hirek\/wp-content\/uploads\/2018\/12\/happiness-987394_640.jpg\" \/>\n\t\t<meta property=\"og:image:secure_url\" content=\"https:\/\/allasorias.hu\/hirek\/wp-content\/uploads\/2018\/12\/happiness-987394_640.jpg\" \/>\n\t\t<meta property=\"og:image:width\" content=\"640\" \/>\n\t\t<meta property=\"og:image:height\" content=\"426\" \/>\n\t\t<meta property=\"article:published_time\" content=\"2019-07-23T08:22:11+00:00\" \/>\n\t\t<meta property=\"article:modified_time\" content=\"2019-07-23T08:22:11+00:00\" \/>\n\t\t<meta property=\"article:publisher\" content=\"https:\/\/www.facebook.com\/allasorias\" \/>\n\t\t<meta name=\"twitter:card\" content=\"summary_large_image\" \/>\n\t\t<meta name=\"twitter:title\" content=\"P\u00e1ly\u00e1zati seg\u00edts\u00e9g a kisgyermekes n\u0151k munk\u00e1ba \u00e1ll\u00e1s\u00e1shoz | AllasOrias.hu | H\u00edrek-lapszemle\" \/>\n\t\t<meta name=\"twitter:description\" content=\"T\u00e1mogat\u00e1st lehet ig\u00e9nyelni a kisgyermekek b\u00f6lcs\u0151dei elhelyez\u00e9s\u00e9hez azon any\u00e1knak, akik vissza szeretn\u00e9nek t\u00e9rni a munka vil\u00e1g\u00e1ba. Az \u00e1llami b\u00f6lcs\u0151dei hely kev\u00e9s, a mag\u00e1n- \u00e9s csal\u00e1di b\u00f6lcs\u0151d\u00e9ket pedig sokan nem engedhetik meg maguknak. Ilyen k\u00f6r\u00fclm\u00e9nyek k\u00f6z\u00f6tt azonban neh\u00e9z visszat\u00e9rnie a sz\u00fcl\u0151nek a munkaer\u0151piacra. A GINOP-5.3.11-18 \u2013 Kisgyermeket nevel\u0151k munkaer\u0151piaci visszat\u00e9r\u00e9s\u00e9nek t\u00e1mogat\u00e1sa c\u00edm\u0171 p\u00e1ly\u00e1zat erre a probl\u00e9m\u00e1ra\" \/>\n\t\t<meta name=\"twitter:image\" content=\"https:\/\/allasorias.hu\/hirek\/wp-content\/uploads\/2018\/12\/happiness-987394_640.jpg\" \/>\n\t\t<meta name=\"twitter:label1\" content=\"Written by\" \/>\n\t\t<meta name=\"twitter:data1\" content=\"Juh\u00e1sz P\u00e9ter\" \/>\n\t\t<meta name=\"twitter:label2\" content=\"Est. reading time\" \/>\n\t\t<meta name=\"twitter:data2\" content=\"4 minutes\" \/>\n\t\t<script type=\"application\/ld+json\" class=\"aioseo-schema\">\n\t\t\t{\"@context\":\"https:\\\/\\\/schema.org\",\"@graph\":[{\"@type\":\"Article\",\"@id\":\"https:\\\/\\\/allasorias.hu\\\/hirek\\\/palyazati-segitseg-a-kisgyermekes-nok-munkaba-allasashoz\\\/#article\",\"name\":\"P\\u00e1ly\\u00e1zati seg\\u00edts\\u00e9g a kisgyermekes n\\u0151k munk\\u00e1ba \\u00e1ll\\u00e1s\\u00e1shoz | AllasOrias.hu | H\\u00edrek-lapszemle\",\"headline\":\"P\\u00e1ly\\u00e1zati seg\\u00edts\\u00e9g a kisgyermekes n\\u0151k munk\\u00e1ba \\u00e1ll\\u00e1s\\u00e1shoz\",\"author\":{\"@id\":\"https:\\\/\\\/allasorias.hu\\\/hirek\\\/author\\\/admin-allasorias\\\/#author\"},\"publisher\":{\"@id\":\"https:\\\/\\\/allasorias.hu\\\/hirek\\\/#organization\"},\"image\":{\"@type\":\"ImageObject\",\"url\":\"https:\\\/\\\/allasorias.hu\\\/hirek\\\/wp-content\\\/uploads\\\/2018\\\/12\\\/happiness-987394_640.jpg\",\"width\":640,\"height\":426},\"datePublished\":\"2019-07-23T08:22:11+02:00\",\"dateModified\":\"2019-07-23T08:22:11+02:00\",\"inLanguage\":\"hu-HU\",\"mainEntityOfPage\":{\"@id\":\"https:\\\/\\\/allasorias.hu\\\/hirek\\\/palyazati-segitseg-a-kisgyermekes-nok-munkaba-allasashoz\\\/#webpage\"},\"isPartOf\":{\"@id\":\"https:\\\/\\\/allasorias.hu\\\/hirek\\\/palyazati-segitseg-a-kisgyermekes-nok-munkaba-allasashoz\\\/#webpage\"},\"articleSection\":\"Munkaer\\u0151piac\"},{\"@type\":\"BreadcrumbList\",\"@id\":\"https:\\\/\\\/allasorias.hu\\\/hirek\\\/palyazati-segitseg-a-kisgyermekes-nok-munkaba-allasashoz\\\/#breadcrumblist\",\"itemListElement\":[{\"@type\":\"ListItem\",\"@id\":\"https:\\\/\\\/allasorias.hu\\\/hirek#listItem\",\"position\":1,\"name\":\"Home\",\"item\":\"https:\\\/\\\/allasorias.hu\\\/hirek\",\"nextItem\":{\"@type\":\"ListItem\",\"@id\":\"https:\\\/\\\/allasorias.hu\\\/hirek\\\/temak\\\/munkaeropiac\\\/#listItem\",\"name\":\"Munkaer\\u0151piac\"}},{\"@type\":\"ListItem\",\"@id\":\"https:\\\/\\\/allasorias.hu\\\/hirek\\\/temak\\\/munkaeropiac\\\/#listItem\",\"position\":2,\"name\":\"Munkaer\\u0151piac\",\"item\":\"https:\\\/\\\/allasorias.hu\\\/hirek\\\/temak\\\/munkaeropiac\\\/\",\"nextItem\":{\"@type\":\"ListItem\",\"@id\":\"https:\\\/\\\/allasorias.hu\\\/hirek\\\/palyazati-segitseg-a-kisgyermekes-nok-munkaba-allasashoz\\\/#listItem\",\"name\":\"P\\u00e1ly\\u00e1zati seg\\u00edts\\u00e9g a kisgyermekes n\\u0151k munk\\u00e1ba \\u00e1ll\\u00e1s\\u00e1shoz\"},\"previousItem\":{\"@type\":\"ListItem\",\"@id\":\"https:\\\/\\\/allasorias.hu\\\/hirek#listItem\",\"name\":\"Home\"}},{\"@type\":\"ListItem\",\"@id\":\"https:\\\/\\\/allasorias.hu\\\/hirek\\\/palyazati-segitseg-a-kisgyermekes-nok-munkaba-allasashoz\\\/#listItem\",\"position\":3,\"name\":\"P\\u00e1ly\\u00e1zati seg\\u00edts\\u00e9g a kisgyermekes n\\u0151k munk\\u00e1ba \\u00e1ll\\u00e1s\\u00e1shoz\",\"previousItem\":{\"@type\":\"ListItem\",\"@id\":\"https:\\\/\\\/allasorias.hu\\\/hirek\\\/temak\\\/munkaeropiac\\\/#listItem\",\"name\":\"Munkaer\\u0151piac\"}}]},{\"@type\":\"Organization\",\"@id\":\"https:\\\/\\\/allasorias.hu\\\/hirek\\\/#organization\",\"name\":\"AllasOrias.hu | H\\u00edrek-lapszemle\",\"description\":\"\\u00dczleti h\\u00edrek az \\u00e1ll\\u00e1s \\u00e9s a munka vil\\u00e1g\\u00e1b\\u00f3l\",\"url\":\"https:\\\/\\\/allasorias.hu\\\/hirek\\\/\",\"logo\":{\"@type\":\"ImageObject\",\"url\":\"https:\\\/\\\/allasorias.hu\\\/hirek\\\/wp-content\\\/uploads\\\/2022\\\/10\\\/allasorias_site_facebok_logo.png\",\"@id\":\"https:\\\/\\\/allasorias.hu\\\/hirek\\\/palyazati-segitseg-a-kisgyermekes-nok-munkaba-allasashoz\\\/#organizationLogo\"},\"image\":{\"@id\":\"https:\\\/\\\/allasorias.hu\\\/hirek\\\/palyazati-segitseg-a-kisgyermekes-nok-munkaba-allasashoz\\\/#organizationLogo\"},\"sameAs\":[\"https:\\\/\\\/www.facebook.com\\\/allasorias\",\"https:\\\/\\\/www.linkedin.com\\\/company\\\/allasorias\"]},{\"@type\":\"Person\",\"@id\":\"https:\\\/\\\/allasorias.hu\\\/hirek\\\/author\\\/admin-allasorias\\\/#author\",\"url\":\"https:\\\/\\\/allasorias.hu\\\/hirek\\\/author\\\/admin-allasorias\\\/\",\"name\":\"Juh\\u00e1sz P\\u00e9ter\",\"image\":{\"@type\":\"ImageObject\",\"@id\":\"https:\\\/\\\/allasorias.hu\\\/hirek\\\/palyazati-segitseg-a-kisgyermekes-nok-munkaba-allasashoz\\\/#authorImage\",\"url\":\"https:\\\/\\\/secure.gravatar.com\\\/avatar\\\/36e6bcb83148978b992977cb0f54d22feb0cce8a0a849a9410532bb2623ba4c6?s=96&d=mm&r=g\",\"width\":96,\"height\":96,\"caption\":\"Juh\\u00e1sz P\\u00e9ter\"}},{\"@type\":\"WebPage\",\"@id\":\"https:\\\/\\\/allasorias.hu\\\/hirek\\\/palyazati-segitseg-a-kisgyermekes-nok-munkaba-allasashoz\\\/#webpage\",\"url\":\"https:\\\/\\\/allasorias.hu\\\/hirek\\\/palyazati-segitseg-a-kisgyermekes-nok-munkaba-allasashoz\\\/\",\"name\":\"P\\u00e1ly\\u00e1zati seg\\u00edts\\u00e9g a kisgyermekes n\\u0151k munk\\u00e1ba \\u00e1ll\\u00e1s\\u00e1shoz | AllasOrias.hu | H\\u00edrek-lapszemle\",\"description\":\"T\\u00e1mogat\\u00e1st lehet ig\\u00e9nyelni a kisgyermekek b\\u00f6lcs\\u0151dei elhelyez\\u00e9s\\u00e9hez azon any\\u00e1knak, akik vissza szeretn\\u00e9nek t\\u00e9rni a munka vil\\u00e1g\\u00e1ba. Az \\u00e1llami b\\u00f6lcs\\u0151dei hely kev\\u00e9s, a mag\\u00e1n- \\u00e9s csal\\u00e1di b\\u00f6lcs\\u0151d\\u00e9ket pedig sokan nem engedhetik meg maguknak. Ilyen k\\u00f6r\\u00fclm\\u00e9nyek k\\u00f6z\\u00f6tt azonban neh\\u00e9z visszat\\u00e9rnie a sz\\u00fcl\\u0151nek a munkaer\\u0151piacra. A GINOP-5.3.11-18 \\u2013 Kisgyermeket nevel\\u0151k munkaer\\u0151piaci visszat\\u00e9r\\u00e9s\\u00e9nek t\\u00e1mogat\\u00e1sa c\\u00edm\\u0171 p\\u00e1ly\\u00e1zat erre a probl\\u00e9m\\u00e1ra\",\"inLanguage\":\"hu-HU\",\"isPartOf\":{\"@id\":\"https:\\\/\\\/allasorias.hu\\\/hirek\\\/#website\"},\"breadcrumb\":{\"@id\":\"https:\\\/\\\/allasorias.hu\\\/hirek\\\/palyazati-segitseg-a-kisgyermekes-nok-munkaba-allasashoz\\\/#breadcrumblist\"},\"author\":{\"@id\":\"https:\\\/\\\/allasorias.hu\\\/hirek\\\/author\\\/admin-allasorias\\\/#author\"},\"creator\":{\"@id\":\"https:\\\/\\\/allasorias.hu\\\/hirek\\\/author\\\/admin-allasorias\\\/#author\"},\"image\":{\"@type\":\"ImageObject\",\"url\":\"https:\\\/\\\/allasorias.hu\\\/hirek\\\/wp-content\\\/uploads\\\/2018\\\/12\\\/happiness-987394_640.jpg\",\"@id\":\"https:\\\/\\\/allasorias.hu\\\/hirek\\\/palyazati-segitseg-a-kisgyermekes-nok-munkaba-allasashoz\\\/#mainImage\",\"width\":640,\"height\":426},\"primaryImageOfPage\":{\"@id\":\"https:\\\/\\\/allasorias.hu\\\/hirek\\\/palyazati-segitseg-a-kisgyermekes-nok-munkaba-allasashoz\\\/#mainImage\"},\"datePublished\":\"2019-07-23T08:22:11+02:00\",\"dateModified\":\"2019-07-23T08:22:11+02:00\"},{\"@type\":\"WebSite\",\"@id\":\"https:\\\/\\\/allasorias.hu\\\/hirek\\\/#website\",\"url\":\"https:\\\/\\\/allasorias.hu\\\/hirek\\\/\",\"name\":\"AllasOrias.hu | H\\u00edrek-lapszemle\",\"description\":\"\\u00dczleti h\\u00edrek az \\u00e1ll\\u00e1s \\u00e9s a munka vil\\u00e1g\\u00e1b\\u00f3l\",\"inLanguage\":\"hu-HU\",\"publisher\":{\"@id\":\"https:\\\/\\\/allasorias.hu\\\/hirek\\\/#organization\"}}]}\n\t\t<\/script>\n\t\t<!-- All in One SEO -->\n\n","aioseo_head_json":{"title":"P\u00e1ly\u00e1zati seg\u00edts\u00e9g a kisgyermekes n\u0151k munk\u00e1ba \u00e1ll\u00e1s\u00e1shoz | AllasOrias.hu | H\u00edrek-lapszemle","description":"T\u00e1mogat\u00e1st lehet ig\u00e9nyelni a kisgyermekek b\u00f6lcs\u0151dei elhelyez\u00e9s\u00e9hez azon any\u00e1knak, akik vissza szeretn\u00e9nek t\u00e9rni a munka vil\u00e1g\u00e1ba. Az \u00e1llami b\u00f6lcs\u0151dei hely kev\u00e9s, a mag\u00e1n- \u00e9s csal\u00e1di b\u00f6lcs\u0151d\u00e9ket pedig sokan nem engedhetik meg maguknak. Ilyen k\u00f6r\u00fclm\u00e9nyek k\u00f6z\u00f6tt azonban neh\u00e9z visszat\u00e9rnie a sz\u00fcl\u0151nek a munkaer\u0151piacra. A GINOP-5.3.11-18 \u2013 Kisgyermeket nevel\u0151k munkaer\u0151piaci visszat\u00e9r\u00e9s\u00e9nek t\u00e1mogat\u00e1sa c\u00edm\u0171 p\u00e1ly\u00e1zat erre a probl\u00e9m\u00e1ra","canonical_url":"https:\/\/allasorias.hu\/hirek\/palyazati-segitseg-a-kisgyermekes-nok-munkaba-allasashoz\/","robots":"max-image-preview:large","keywords":"","webmasterTools":{"miscellaneous":""},"schema":{"@context":"https:\/\/schema.org","@graph":[{"@type":"Article","@id":"https:\/\/allasorias.hu\/hirek\/palyazati-segitseg-a-kisgyermekes-nok-munkaba-allasashoz\/#article","name":"P\u00e1ly\u00e1zati seg\u00edts\u00e9g a kisgyermekes n\u0151k munk\u00e1ba \u00e1ll\u00e1s\u00e1shoz | AllasOrias.hu | H\u00edrek-lapszemle","headline":"P\u00e1ly\u00e1zati seg\u00edts\u00e9g a kisgyermekes n\u0151k munk\u00e1ba \u00e1ll\u00e1s\u00e1shoz","author":{"@id":"https:\/\/allasorias.hu\/hirek\/author\/admin-allasorias\/#author"},"publisher":{"@id":"https:\/\/allasorias.hu\/hirek\/#organization"},"image":{"@type":"ImageObject","url":"https:\/\/allasorias.hu\/hirek\/wp-content\/uploads\/2018\/12\/happiness-987394_640.jpg","width":640,"height":426},"datePublished":"2019-07-23T08:22:11+02:00","dateModified":"2019-07-23T08:22:11+02:00","inLanguage":"hu-HU","mainEntityOfPage":{"@id":"https:\/\/allasorias.hu\/hirek\/palyazati-segitseg-a-kisgyermekes-nok-munkaba-allasashoz\/#webpage"},"isPartOf":{"@id":"https:\/\/allasorias.hu\/hirek\/palyazati-segitseg-a-kisgyermekes-nok-munkaba-allasashoz\/#webpage"},"articleSection":"Munkaer\u0151piac"},{"@type":"BreadcrumbList","@id":"https:\/\/allasorias.hu\/hirek\/palyazati-segitseg-a-kisgyermekes-nok-munkaba-allasashoz\/#breadcrumblist","itemListElement":[{"@type":"ListItem","@id":"https:\/\/allasorias.hu\/hirek#listItem","position":1,"name":"Home","item":"https:\/\/allasorias.hu\/hirek","nextItem":{"@type":"ListItem","@id":"https:\/\/allasorias.hu\/hirek\/temak\/munkaeropiac\/#listItem","name":"Munkaer\u0151piac"}},{"@type":"ListItem","@id":"https:\/\/allasorias.hu\/hirek\/temak\/munkaeropiac\/#listItem","position":2,"name":"Munkaer\u0151piac","item":"https:\/\/allasorias.hu\/hirek\/temak\/munkaeropiac\/","nextItem":{"@type":"ListItem","@id":"https:\/\/allasorias.hu\/hirek\/palyazati-segitseg-a-kisgyermekes-nok-munkaba-allasashoz\/#listItem","name":"P\u00e1ly\u00e1zati seg\u00edts\u00e9g a kisgyermekes n\u0151k munk\u00e1ba \u00e1ll\u00e1s\u00e1shoz"},"previousItem":{"@type":"ListItem","@id":"https:\/\/allasorias.hu\/hirek#listItem","name":"Home"}},{"@type":"ListItem","@id":"https:\/\/allasorias.hu\/hirek\/palyazati-segitseg-a-kisgyermekes-nok-munkaba-allasashoz\/#listItem","position":3,"name":"P\u00e1ly\u00e1zati seg\u00edts\u00e9g a kisgyermekes n\u0151k munk\u00e1ba \u00e1ll\u00e1s\u00e1shoz","previousItem":{"@type":"ListItem","@id":"https:\/\/allasorias.hu\/hirek\/temak\/munkaeropiac\/#listItem","name":"Munkaer\u0151piac"}}]},{"@type":"Organization","@id":"https:\/\/allasorias.hu\/hirek\/#organization","name":"AllasOrias.hu | H\u00edrek-lapszemle","description":"\u00dczleti h\u00edrek az \u00e1ll\u00e1s \u00e9s a munka vil\u00e1g\u00e1b\u00f3l","url":"https:\/\/allasorias.hu\/hirek\/","logo":{"@type":"ImageObject","url":"https:\/\/allasorias.hu\/hirek\/wp-content\/uploads\/2022\/10\/allasorias_site_facebok_logo.png","@id":"https:\/\/allasorias.hu\/hirek\/palyazati-segitseg-a-kisgyermekes-nok-munkaba-allasashoz\/#organizationLogo"},"image":{"@id":"https:\/\/allasorias.hu\/hirek\/palyazati-segitseg-a-kisgyermekes-nok-munkaba-allasashoz\/#organizationLogo"},"sameAs":["https:\/\/www.facebook.com\/allasorias","https:\/\/www.linkedin.com\/company\/allasorias"]},{"@type":"Person","@id":"https:\/\/allasorias.hu\/hirek\/author\/admin-allasorias\/#author","url":"https:\/\/allasorias.hu\/hirek\/author\/admin-allasorias\/","name":"Juh\u00e1sz P\u00e9ter","image":{"@type":"ImageObject","@id":"https:\/\/allasorias.hu\/hirek\/palyazati-segitseg-a-kisgyermekes-nok-munkaba-allasashoz\/#authorImage","url":"https:\/\/secure.gravatar.com\/avatar\/36e6bcb83148978b992977cb0f54d22feb0cce8a0a849a9410532bb2623ba4c6?s=96&d=mm&r=g","width":96,"height":96,"caption":"Juh\u00e1sz P\u00e9ter"}},{"@type":"WebPage","@id":"https:\/\/allasorias.hu\/hirek\/palyazati-segitseg-a-kisgyermekes-nok-munkaba-allasashoz\/#webpage","url":"https:\/\/allasorias.hu\/hirek\/palyazati-segitseg-a-kisgyermekes-nok-munkaba-allasashoz\/","name":"P\u00e1ly\u00e1zati seg\u00edts\u00e9g a kisgyermekes n\u0151k munk\u00e1ba \u00e1ll\u00e1s\u00e1shoz | AllasOrias.hu | H\u00edrek-lapszemle","description":"T\u00e1mogat\u00e1st lehet ig\u00e9nyelni a kisgyermekek b\u00f6lcs\u0151dei elhelyez\u00e9s\u00e9hez azon any\u00e1knak, akik vissza szeretn\u00e9nek t\u00e9rni a munka vil\u00e1g\u00e1ba. Az \u00e1llami b\u00f6lcs\u0151dei hely kev\u00e9s, a mag\u00e1n- \u00e9s csal\u00e1di b\u00f6lcs\u0151d\u00e9ket pedig sokan nem engedhetik meg maguknak. Ilyen k\u00f6r\u00fclm\u00e9nyek k\u00f6z\u00f6tt azonban neh\u00e9z visszat\u00e9rnie a sz\u00fcl\u0151nek a munkaer\u0151piacra. A GINOP-5.3.11-18 \u2013 Kisgyermeket nevel\u0151k munkaer\u0151piaci visszat\u00e9r\u00e9s\u00e9nek t\u00e1mogat\u00e1sa c\u00edm\u0171 p\u00e1ly\u00e1zat erre a probl\u00e9m\u00e1ra","inLanguage":"hu-HU","isPartOf":{"@id":"https:\/\/allasorias.hu\/hirek\/#website"},"breadcrumb":{"@id":"https:\/\/allasorias.hu\/hirek\/palyazati-segitseg-a-kisgyermekes-nok-munkaba-allasashoz\/#breadcrumblist"},"author":{"@id":"https:\/\/allasorias.hu\/hirek\/author\/admin-allasorias\/#author"},"creator":{"@id":"https:\/\/allasorias.hu\/hirek\/author\/admin-allasorias\/#author"},"image":{"@type":"ImageObject","url":"https:\/\/allasorias.hu\/hirek\/wp-content\/uploads\/2018\/12\/happiness-987394_640.jpg","@id":"https:\/\/allasorias.hu\/hirek\/palyazati-segitseg-a-kisgyermekes-nok-munkaba-allasashoz\/#mainImage","width":640,"height":426},"primaryImageOfPage":{"@id":"https:\/\/allasorias.hu\/hirek\/palyazati-segitseg-a-kisgyermekes-nok-munkaba-allasashoz\/#mainImage"},"datePublished":"2019-07-23T08:22:11+02:00","dateModified":"2019-07-23T08:22:11+02:00"},{"@type":"WebSite","@id":"https:\/\/allasorias.hu\/hirek\/#website","url":"https:\/\/allasorias.hu\/hirek\/","name":"AllasOrias.hu | H\u00edrek-lapszemle","description":"\u00dczleti h\u00edrek az \u00e1ll\u00e1s \u00e9s a munka vil\u00e1g\u00e1b\u00f3l","inLanguage":"hu-HU","publisher":{"@id":"https:\/\/allasorias.hu\/hirek\/#organization"}}]},"og:locale":"hu_HU","og:site_name":"AllasOrias.hu | H\u00edrek-lapszemle | \u00dczleti h\u00edrek az \u00e1ll\u00e1s \u00e9s a munka vil\u00e1g\u00e1b\u00f3l","og:type":"article","og:title":"P\u00e1ly\u00e1zati seg\u00edts\u00e9g a kisgyermekes n\u0151k munk\u00e1ba \u00e1ll\u00e1s\u00e1shoz | AllasOrias.hu | H\u00edrek-lapszemle","og:description":"T\u00e1mogat\u00e1st lehet ig\u00e9nyelni a kisgyermekek b\u00f6lcs\u0151dei elhelyez\u00e9s\u00e9hez azon any\u00e1knak, akik vissza szeretn\u00e9nek t\u00e9rni a munka vil\u00e1g\u00e1ba. Az \u00e1llami b\u00f6lcs\u0151dei hely kev\u00e9s, a mag\u00e1n- \u00e9s csal\u00e1di b\u00f6lcs\u0151d\u00e9ket pedig sokan nem engedhetik meg maguknak. Ilyen k\u00f6r\u00fclm\u00e9nyek k\u00f6z\u00f6tt azonban neh\u00e9z visszat\u00e9rnie a sz\u00fcl\u0151nek a munkaer\u0151piacra. A GINOP-5.3.11-18 \u2013 Kisgyermeket nevel\u0151k munkaer\u0151piaci visszat\u00e9r\u00e9s\u00e9nek t\u00e1mogat\u00e1sa c\u00edm\u0171 p\u00e1ly\u00e1zat erre a probl\u00e9m\u00e1ra","og:url":"https:\/\/allasorias.hu\/hirek\/palyazati-segitseg-a-kisgyermekes-nok-munkaba-allasashoz\/","og:image":"https:\/\/allasorias.hu\/hirek\/wp-content\/uploads\/2018\/12\/happiness-987394_640.jpg","og:image:secure_url":"https:\/\/allasorias.hu\/hirek\/wp-content\/uploads\/2018\/12\/happiness-987394_640.jpg","og:image:width":640,"og:image:height":426,"article:published_time":"2019-07-23T08:22:11+00:00","article:modified_time":"2019-07-23T08:22:11+00:00","article:publisher":"https:\/\/www.facebook.com\/allasorias","twitter:card":"summary_large_image","twitter:title":"P\u00e1ly\u00e1zati seg\u00edts\u00e9g a kisgyermekes n\u0151k munk\u00e1ba \u00e1ll\u00e1s\u00e1shoz | AllasOrias.hu | H\u00edrek-lapszemle","twitter:description":"T\u00e1mogat\u00e1st lehet ig\u00e9nyelni a kisgyermekek b\u00f6lcs\u0151dei elhelyez\u00e9s\u00e9hez azon any\u00e1knak, akik vissza szeretn\u00e9nek t\u00e9rni a munka vil\u00e1g\u00e1ba. Az \u00e1llami b\u00f6lcs\u0151dei hely kev\u00e9s, a mag\u00e1n- \u00e9s csal\u00e1di b\u00f6lcs\u0151d\u00e9ket pedig sokan nem engedhetik meg maguknak. Ilyen k\u00f6r\u00fclm\u00e9nyek k\u00f6z\u00f6tt azonban neh\u00e9z visszat\u00e9rnie a sz\u00fcl\u0151nek a munkaer\u0151piacra. A GINOP-5.3.11-18 \u2013 Kisgyermeket nevel\u0151k munkaer\u0151piaci visszat\u00e9r\u00e9s\u00e9nek t\u00e1mogat\u00e1sa c\u00edm\u0171 p\u00e1ly\u00e1zat erre a probl\u00e9m\u00e1ra","twitter:image":"https:\/\/allasorias.hu\/hirek\/wp-content\/uploads\/2018\/12\/happiness-987394_640.jpg","twitter:label1":"Written by","twitter:data1":"Juh\u00e1sz P\u00e9ter","twitter:label2":"Est. reading time","twitter:data2":"4 minutes"},"aioseo_meta_data":{"post_id":"3130","title":null,"description":null,"keywords":null,"keyphrases":null,"primary_term":null,"canonical_url":null,"og_title":null,"og_description":null,"og_object_type":"default","og_image_type":"default","og_image_url":null,"og_image_width":null,"og_image_height":null,"og_image_custom_url":null,"og_image_custom_fields":null,"og_video":null,"og_custom_url":null,"og_article_section":null,"og_article_tags":null,"twitter_use_og":false,"twitter_card":"default","twitter_image_type":"default","twitter_image_url":null,"twitter_image_custom_url":null,"twitter_image_custom_fields":null,"twitter_title":null,"twitter_description":null,"schema":{"blockGraphs":[],"customGraphs":[],"default":{"data":{"Article":[],"Course":[],"Dataset":[],"FAQPage":[],"Movie":[],"Person":[],"Product":[],"ProductReview":[],"Car":[],"Recipe":[],"Service":[],"SoftwareApplication":[],"WebPage":[]},"graphName":"","isEnabled":true},"graphs":[],"defaultGraph":"","defaultPostTypeGraph":""},"schema_type":null,"schema_type_options":null,"pillar_content":false,"robots_default":true,"robots_noindex":false,"robots_noarchive":false,"robots_nosnippet":false,"robots_nofollow":false,"robots_noimageindex":false,"robots_noodp":false,"robots_notranslate":false,"robots_max_snippet":null,"robots_max_videopreview":null,"robots_max_imagepreview":"large","priority":null,"frequency":null,"location":null,"local_seo":null,"breadcrumb_settings":null,"limit_modified_date":false,"ai":null,"created":"2021-02-01 21:31:47","updated":"2025-10-02 11:37:27","seo_analyzer_scan_date":null,"focus_keyword":null,"additional_keywords":null,"truseo_locale":null},"aioseo_breadcrumb":"<div class=\"aioseo-breadcrumbs\"><span class=\"aioseo-breadcrumb\">\n\t\t\t<a href=\"https:\/\/allasorias.hu\/hirek\" title=\"Home\">Home<\/a>\n\t\t<\/span><span class=\"aioseo-breadcrumb-separator\">&raquo;<\/span><span class=\"aioseo-breadcrumb\">\n\t\t\t<a href=\"https:\/\/allasorias.hu\/hirek\/temak\/munkaeropiac\/\" title=\"Munkaer\u0151piac\">Munkaer\u0151piac<\/a>\n\t\t<\/span><span class=\"aioseo-breadcrumb-separator\">&raquo;<\/span><span class=\"aioseo-breadcrumb\">\n\t\t\tP\u00e1ly\u00e1zati seg\u00edts\u00e9g a kisgyermekes n\u0151k munk\u00e1ba \u00e1ll\u00e1s\u00e1shoz\n\t\t<\/span><\/div>","aioseo_breadcrumb_json":[{"label":"Home","link":"https:\/\/allasorias.hu\/hirek"},{"label":"Munkaer\u0151piac","link":"https:\/\/allasorias.hu\/hirek\/temak\/munkaeropiac\/"},{"label":"P\u00e1ly\u00e1zati seg\u00edts\u00e9g a kisgyermekes n\u0151k munk\u00e1ba \u00e1ll\u00e1s\u00e1shoz","link":"https:\/\/allasorias.hu\/hirek\/palyazati-segitseg-a-kisgyermekes-nok-munkaba-allasashoz\/"}],"_links":{"self":[{"href":"https:\/\/allasorias.hu\/hirek\/wp-json\/wp\/v2\/posts\/3130","targetHints":{"allow":["GET"]}}],"collection":[{"href":"https:\/\/allasorias.hu\/hirek\/wp-json\/wp\/v2\/posts"}],"about":[{"href":"https:\/\/allasorias.hu\/hirek\/wp-json\/wp\/v2\/types\/post"}],"author":[{"embeddable":true,"href":"https:\/\/allasorias.hu\/hirek\/wp-json\/wp\/v2\/users\/1"}],"replies":[{"embeddable":true,"href":"https:\/\/allasorias.hu\/hirek\/wp-json\/wp\/v2\/comments?post=3130"}],"version-history":[{"count":1,"href":"https:\/\/allasorias.hu\/hirek\/wp-json\/wp\/v2\/posts\/3130\/revisions"}],"predecessor-version":[{"id":3131,"href":"https:\/\/allasorias.hu\/hirek\/wp-json\/wp\/v2\/posts\/3130\/revisions\/3131"}],"wp:featuredmedia":[{"embeddable":true,"href":"https:\/\/allasorias.hu\/hirek\/wp-json\/wp\/v2\/media\/2254"}],"wp:attachment":[{"href":"https:\/\/allasorias.hu\/hirek\/wp-json\/wp\/v2\/media?parent=3130"}],"wp:term":[{"taxonomy":"category","embeddable":true,"href":"https:\/\/allasorias.hu\/hirek\/wp-json\/wp\/v2\/categories?post=3130"},{"taxonomy":"post_tag","embeddable":true,"href":"https:\/\/allasorias.hu\/hirek\/wp-json\/wp\/v2\/tags?post=3130"}],"curies":[{"name":"wp","href":"https:\/\/api.w.org\/{rel}","templated":true}]}}